{"id":84544,"date":"2021-08-18T13:50:30","date_gmt":"2021-08-18T16:50:30","guid":{"rendered":"https:\/\/www.institutodeengenharia.org.br\/site\/?p=84544"},"modified":"2021-08-18T14:29:11","modified_gmt":"2021-08-18T17:29:11","slug":"lancamento-dos-novos-cadernos-de-drenagem-da-cidade-de-sao-paulo","status":"publish","type":"post","link":"https:\/\/www.institutodeengenharia.org.br\/site\/2021\/08\/18\/lancamento-dos-novos-cadernos-de-drenagem-da-cidade-de-sao-paulo\/","title":{"rendered":"Lan\u00e7amento dos Novos Cadernos de Drenagem da Cidade de S\u00e3o Paulo"},"content":{"rendered":"<p>&nbsp;<\/p>\n<p><strong>Assista abaixo \u00e0 grava\u00e7\u00e3o do evento:<\/strong><\/p>\n<p><iframe loading=\"lazy\" src=\"https:\/\/player.vimeo.com\/video\/588494252?h=df677c245f\" width=\"640\" height=\"360\" frameborder=\"0\" allowfullscreen=\"allowfullscreen\"><\/iframe><\/p>\n<p><strong>+ Informa\u00e7\u00f5e<\/strong>s:<\/p>\n<p>Os cadernos de Drenagem na Cidade de S\u00e3o Paulo comp\u00f5em um importante instrumento para a redu\u00e7\u00e3o dos riscos de inunda\u00e7\u00e3o das bacias hidrogr\u00e1ficas do Munic\u00edpio de S\u00e3o Paulo.<\/p>\n<p>Este estudo desenvolveu-se no \u00e2mbito do contrato SIURB-FCTH n\u00ba 008\/SIURB\/14, com o objetivo b\u00e1sico de fornecer subs\u00eddios para planejamento e gest\u00e3o do sistema de drenagem.<\/p>\n<p>O horizonte de planejamento considerado neste estudo \u00e9 o cen\u00e1rio de projeto para a ocupa\u00e7\u00e3o m\u00e1xima permitida pela Lei de Parcelamento, Uso e Ocupa\u00e7\u00e3o do Solo (LPUOS \u2013 Lei\u00a0 n\u00ba 16.402\/2016). O\u00a0 estudo do sistema de drenagem dever\u00e1 adotar como refer\u00eancia de risco hidrol\u00f3gico o per\u00edodo de retorno de 100 anos, por\u00e9m as obras e outras interven\u00e7\u00f5es na bacia hidrogr\u00e1fica ser\u00e3o escalonadas partindo-se de per\u00edodos de retorno de 25 anos.<\/p>\n<p><strong>Lan\u00e7amento dos Novos Cadernos de Drenagem da Cidade de S\u00e3o Paulo<\/strong><\/p>\n<p><em>C\u00f3rrego \u00c1gua Preta e Sumar\u00e9<\/em><\/p>\n<p><em>C\u00f3rrego Anhangabau<\/em><\/p>\n<p><em>C\u00f3rrego Piraju\u00e7ara<\/em><\/p>\n<p><em>C\u00f3rrego Uberaba<\/em><\/p>\n<p><em>C\u00f3rrego Verde Pinheiros<\/em><\/p>\n<p><em>Rio Aricanduva<\/em><\/p>\n<p><strong>P\u00fablico-alvo:<\/strong><\/p>\n<p>Projetistas, Construtoras, Escolas de Engenharia, Engenheiros, Arquitetos e Estudantes.<strong><em>\u00a0<\/em><\/strong><\/p>\n<p><strong>Programa\u00e7\u00e3o*<\/strong><\/p>\n<p><strong>Abertura:<\/strong><\/p>\n<p>Ricardo Nunes \u2013 Prefeito da Cidade de S\u00e3o Paulo<\/p>\n<p>Paulo Ferreira -Presidente do Instituto de Engenharia<\/p>\n<p>Marcos Monteiro \u2013 Secret\u00e1rio de Infraestrutura Urbana e Obras<\/p>\n<p>Ivan Metran Whately \u2013 Vice-presidente de Atividades T\u00e9cnicas Instituto de Engenharia<\/p>\n<p><strong>Apresentadores\/Mediadores:<\/strong><\/p>\n<p>Mauricio Canton Pladevall \u2013 Instituto de Engenharia<\/p>\n<p>Vinicius Caruso \u2013 Instituto de Engenharia<\/p>\n<p><strong>Palestrantes:<\/strong><\/p>\n<p>Pedro Luiz de Castro Algodoal \u2013 Secretaria Municipal de Infraestrutura Urbana e Obras<\/p>\n<p>Fl\u00e1vio Conde \u2013 Funda\u00e7\u00e3o Centro Tecnol\u00f3gico de Hidr\u00e1ulica<\/p>\n<p><strong>Mesa redonda:<\/strong><\/p>\n<p>Renato Mattos Zuccolo \u2013 Divis\u00e3o T\u00e9cnica \u00c1guas e Saneamento IE<\/p>\n<p>Jos\u00e9 Manoel de Oliveira Reis \u2013 Divis\u00e3o T\u00e9cnica Meio Ambiente e Sustentabilidade IE<\/p>\n<p>Divis\u00e3o T\u00e9cnica Urbaniza\u00e7\u00e3o IE<\/p>\n<p>Alberto Epifani \u2013 Convidado da Divis\u00e3o T\u00e9cnica de Urbanismo<\/p>\n<p><strong>Encerramento:\u00a0<\/strong><\/p>\n<p>Paulo Ferreira \u2013 Presidente do Instituto de Engenharia<\/p>\n<p>Marcos Monteiro \u2013 Secret\u00e1rio de Infraestrutura Urbana e Obras<\/p>\n<p>Ivan Metran Whately \u2013 Vice-presidente de Atividades T\u00e9cnicas IE<\/p>\n<p><em>*Programa\u00e7\u00e3o preliminar<\/em><\/p>\n<p><em><strong>Conhe\u00e7a os participantes:<\/strong><\/em><\/p>\n<p><img loading=\"lazy\" decoding=\"async\" class=\"wp-image-79180 alignleft td-animation-stack-type0-2\" src=\"https:\/\/www.institutodeengenharia.org.br\/site\/wp-content\/uploads\/2021\/03\/paulo_home.png\" alt=\"\" width=\"187\" height=\"166\" srcset=\"https:\/\/www.institutodeengenharia.org.br\/site\/wp-content\/uploads\/2021\/03\/paulo_home.png 578w, https:\/\/www.institutodeengenharia.org.br\/site\/wp-content\/uploads\/2021\/03\/paulo_home-300x267.png 300w, https:\/\/www.institutodeengenharia.org.br\/site\/wp-content\/uploads\/2021\/03\/paulo_home-472x420.png 472w\" sizes=\"auto, (max-width: 187px) 100vw, 187px\" \/><strong>Paulo Ferreira -Presidente do Instituto de Engenharia\u00a0<\/strong><\/p>\n<p>Engenheiro Civil pela Escola de Engenharia da Universidade Presbiteriana Mackenzie, mestre e doutor pela Escola Polit\u00e9cnica da Universidade de S\u00e3o Paulo (EPUSP). Engenheiro de Planejamento, coordenador de Projetos, superintendente de Projetos, diretor T\u00e9cnico e de Meio Ambiente da Sabesp; diretor de Controle de Polui\u00e7\u00e3o da Cetesb; professor adjunto da E.E. Mackenzie. \u00c9 conselheiro Consultivo e j\u00e1 foi vice-presidente de Atividades T\u00e9cnicas do Instituto de Engenharia, secret\u00e1rio adjunto de Meio Ambiente do Estado de S\u00e3o Paulo, secret\u00e1rio Nacional de Saneamento Ambiental do Minist\u00e9rio das Cidades, diretor Administrativo e Financeiro da Telebras do Minist\u00e9rio das Comunica\u00e7\u00f5es.<\/p>\n<p><img loading=\"lazy\" decoding=\"async\" class=\"wp-image-83239 alignright td-animation-stack-type0-2\" src=\"https:\/\/www.institutodeengenharia.org.br\/site\/wp-content\/uploads\/2021\/07\/secretariomarcos.jpg\" alt=\"\" width=\"166\" height=\"218\" srcset=\"https:\/\/www.institutodeengenharia.org.br\/site\/wp-content\/uploads\/2021\/07\/secretariomarcos.jpg 393w, https:\/\/www.institutodeengenharia.org.br\/site\/wp-content\/uploads\/2021\/07\/secretariomarcos-228x300.jpg 228w, https:\/\/www.institutodeengenharia.org.br\/site\/wp-content\/uploads\/2021\/07\/secretariomarcos-320x420.jpg 320w\" sizes=\"auto, (max-width: 166px) 100vw, 166px\" \/><\/p>\n<p><strong>Eng. Marcos Monteiro \u2013 Secret\u00e1rio Municipal de Infraestrutura Urbana e Obras de S\u00e3o Paulo<\/strong><\/p>\n<p>Eng. Marcos Monteiro, engenheiro civil pela Universidade Mackenzie (1988), obtendo pr\u00eamios concedidos pelo Instituto de Engenharia e Funda\u00e7\u00e3o Maria Lu\u00edza e Oscar Americano. P\u00f3s-gradua\u00e7\u00e3o em Engenharia de Estruturas pela Escola Polit\u00e9cnica da Universidade de S\u00e3o Paulo (1992). MBA pela Escola de Administra\u00e7\u00e3o Mau\u00e1 (1999). Professor de Estruturas de Concreto Armado e da P\u00f3s- Gradua\u00e7\u00e3o em Gerenciamento de Canteiros da Escola de Engenharia Mau\u00e1 e do Curso de P\u00f3s-Gradua\u00e7\u00e3o em Estruturas de Concreto Armado do Mackenzie. Presidente da ABECE \u2013 Associa\u00e7\u00e3o Brasileira de Engenharia e Consultoria Estrutural no Bi\u00eanio 2008-2010 e atual Conselheiro. Colaborador na elabora\u00e7\u00e3o de diversas normas da \u00e1rea de estruturas. Colunista do portal Buildin.<\/p>\n<p><strong><br \/>\n<img loading=\"lazy\" decoding=\"async\" class=\"wp-image-43623 td-animation-stack-type0-2 alignleft\" src=\"https:\/\/www.institutodeengenharia.org.br\/site\/wp-content\/uploads\/2019\/08\/IVAN_WHATELY-300x225.jpg\" alt=\"\" width=\"195\" height=\"146\" srcset=\"https:\/\/www.institutodeengenharia.org.br\/site\/wp-content\/uploads\/2019\/08\/IVAN_WHATELY-300x225.jpg 300w, https:\/\/www.institutodeengenharia.org.br\/site\/wp-content\/uploads\/2019\/08\/IVAN_WHATELY-768x576.jpg 768w, https:\/\/www.institutodeengenharia.org.br\/site\/wp-content\/uploads\/2019\/08\/IVAN_WHATELY-1024x768.jpg 1024w, https:\/\/www.institutodeengenharia.org.br\/site\/wp-content\/uploads\/2019\/08\/IVAN_WHATELY-80x60.jpg 80w, https:\/\/www.institutodeengenharia.org.br\/site\/wp-content\/uploads\/2019\/08\/IVAN_WHATELY-265x198.jpg 265w, https:\/\/www.institutodeengenharia.org.br\/site\/wp-content\/uploads\/2019\/08\/IVAN_WHATELY-696x522.jpg 696w, https:\/\/www.institutodeengenharia.org.br\/site\/wp-content\/uploads\/2019\/08\/IVAN_WHATELY-1068x801.jpg 1068w, https:\/\/www.institutodeengenharia.org.br\/site\/wp-content\/uploads\/2019\/08\/IVAN_WHATELY-560x420.jpg 560w, https:\/\/www.institutodeengenharia.org.br\/site\/wp-content\/uploads\/2019\/08\/IVAN_WHATELY.jpg 1280w\" sizes=\"auto, (max-width: 195px) 100vw, 195px\" \/><\/strong><strong>Ivan Metran Whately- Vice-Presidente de Atividades T\u00e9cnicas<\/strong><\/p>\n<p>No Instituto de Engenharia h\u00e1 40 anos, atuou como 1\u00ba Secret\u00e1rio da Diretoria Executiva nos \u00faltimos quatro anos. H\u00e1 seis anos \u00e9 diretor do Departamento de Mobilidade e Log\u00edstica e atuou por cinco anos como coordenador da Divis\u00e3o T\u00e9cnica de Transportes Metropolitanos. Por dois per\u00edodos de quatro anos fez parte do Conselho Deliberativo. Atualmente \u00e9 VP de Atividades T\u00e9cnicas e atua no Conselho Consultivo. Participa do Conselho Editorial e de Pauta da Revista Engenharia. Sempre desenvolveu atividades volunt\u00e1rias, e como confrade, participa das degusta\u00e7\u00f5es da SocIEt\u00e0 \u2013 grupo de associados amigos do vinho no Instituto de Engenharia. Formado em Engenharia Civil pela FAAP, em 1974; Arquitetura pela universidade Presbiteriana Mackenzie, em 1967; com cursos de extens\u00e3o e est\u00e1gios profissionais no Brasil e na Fran\u00e7a, nas especializa\u00e7\u00f5es de Engenharia de Tr\u00e1fego e Transporte e Planejamento de Transporte. Atuou em empresas privadas e p\u00fablicas. Atualmente \u00e9 consultor de Planejamento de Transporte, j\u00e1 foi foi assessor da Diretoria do Metr\u00f4-SP (2013-2019), foi assessor Especial do SMT (2010-2013), foi gerente de Projetos e Obras da EMTU (2007-2013), foi superintendente do DAEE (1995-1997) e foi diretor de Projetos e diretor-presidente da CPOS (1997-2005). Foi Presidente da Comiss\u00e3o Pr\u00f3-Centro e diretor do DTP da PMSP. Al\u00e9m disso, foi consultor da OEA no Uruguai; diretor de Projetos de Engenharia do FUNDUSP; dirigente da Assessoria T\u00e9cnica da Secretaria dos Neg\u00f3cios Metropolitanos; assessor T\u00e9cnico da Secretaria de Estado dos Transportes, diretor do Departamento de Projetos da SEEBLA \u2013 Servi\u00e7os de Engenharia, onde coordenou projetos em cidades brasileiras, Chile, Venezuela e Col\u00f4mbia.<\/p>\n<p><img loading=\"lazy\" decoding=\"async\" class=\"wp-image-83233 alignright td-animation-stack-type0-2\" src=\"https:\/\/www.institutodeengenharia.org.br\/site\/wp-content\/uploads\/2021\/07\/IMG-20210722-WA0051.jpg\" alt=\"\" width=\"175\" height=\"185\" srcset=\"https:\/\/www.institutodeengenharia.org.br\/site\/wp-content\/uploads\/2021\/07\/IMG-20210722-WA0051.jpg 967w, https:\/\/www.institutodeengenharia.org.br\/site\/wp-content\/uploads\/2021\/07\/IMG-20210722-WA0051-283x300.jpg 283w, https:\/\/www.institutodeengenharia.org.br\/site\/wp-content\/uploads\/2021\/07\/IMG-20210722-WA0051-768x813.jpg 768w, https:\/\/www.institutodeengenharia.org.br\/site\/wp-content\/uploads\/2021\/07\/IMG-20210722-WA0051-696x737.jpg 696w, https:\/\/www.institutodeengenharia.org.br\/site\/wp-content\/uploads\/2021\/07\/IMG-20210722-WA0051-397x420.jpg 397w, https:\/\/www.institutodeengenharia.org.br\/site\/wp-content\/uploads\/2021\/07\/IMG-20210722-WA0051-600x635.jpg 600w\" sizes=\"auto, (max-width: 175px) 100vw, 175px\" \/><strong>Mauricio Canton Pladevall \u2013 Instituto de Engenharia<\/strong><\/p>\n<p>Engenheiro Civil formado pelo Mackenzie (2016). MBA em Parceiras P\u00fablico-Privadas e Concess\u00f5es pela FESPSP (2019), com imers\u00e3o t\u00e9cnica na London School of Economics and Political Science (LSE). Desde estagi\u00e1rio, vem atuando em contratos de gerenciamento de empreendimentos de saneamento b\u00e1sico, tendo participado da gest\u00e3o e supervis\u00e3o da PPP do Sistema Produtor S\u00e3o Louren\u00e7o, da transposi\u00e7\u00e3o da Bacia do Rio Itapanha\u00fa para o Sistema Produtor Alto Tiet\u00ea e do Programa Pr\u00f3-Billings. \u00c9 s\u00f3cio do Instituto Brasileiro do Concreto, sendo membro do Comit\u00ea T\u00e9cnico de Aplica\u00e7\u00e3o do Concreto para Obras de Saneamento B\u00e1sico. No Instituto de Engenharia, foi assessor da Vice-Presid\u00eancia de Rela\u00e7\u00f5es Externas (2018).<\/p>\n<p><img loading=\"lazy\" decoding=\"async\" class=\"wp-image-83232 alignleft td-animation-stack-type0-2\" src=\"https:\/\/www.institutodeengenharia.org.br\/site\/wp-content\/uploads\/2021\/07\/IMG_3762_VC300-1-scaled.jpg\" alt=\"\" width=\"151\" height=\"202\" srcset=\"https:\/\/www.institutodeengenharia.org.br\/site\/wp-content\/uploads\/2021\/07\/IMG_3762_VC300-1-scaled.jpg 1920w, https:\/\/www.institutodeengenharia.org.br\/site\/wp-content\/uploads\/2021\/07\/IMG_3762_VC300-1-225x300.jpg 225w, https:\/\/www.institutodeengenharia.org.br\/site\/wp-content\/uploads\/2021\/07\/IMG_3762_VC300-1-768x1024.jpg 768w, https:\/\/www.institutodeengenharia.org.br\/site\/wp-content\/uploads\/2021\/07\/IMG_3762_VC300-1-1152x1536.jpg 1152w, https:\/\/www.institutodeengenharia.org.br\/site\/wp-content\/uploads\/2021\/07\/IMG_3762_VC300-1-1536x2048.jpg 1536w, https:\/\/www.institutodeengenharia.org.br\/site\/wp-content\/uploads\/2021\/07\/IMG_3762_VC300-1-696x928.jpg 696w, https:\/\/www.institutodeengenharia.org.br\/site\/wp-content\/uploads\/2021\/07\/IMG_3762_VC300-1-1068x1424.jpg 1068w, https:\/\/www.institutodeengenharia.org.br\/site\/wp-content\/uploads\/2021\/07\/IMG_3762_VC300-1-315x420.jpg 315w, https:\/\/www.institutodeengenharia.org.br\/site\/wp-content\/uploads\/2021\/07\/IMG_3762_VC300-1-600x800.jpg 600w\" sizes=\"auto, (max-width: 151px) 100vw, 151px\" \/><\/p>\n<p><strong>Vinicius Silva Caruso \u2013 Instituto de Engenharia<\/strong><\/p>\n<p>Engenheiro Civil formado pelo Mackenzie (2017). Mestrado em curso em Engenharia Civil, com \u00eanfase em recursos h\u00eddricos\/hidr\u00e1ulica (2020 -), na FEC-UNICAMP. Foi representante eleito dos alunos de p\u00f3s-gradua\u00e7\u00e3o na sua Congrega\u00e7\u00e3o (2020-2021). Atua na engenharia consultiva e de projetos aplicada \u00e0 infraestrutura, com \u00eanfase no saneamento b\u00e1sico (\u00e1gua, esgotos e drenagem urbana). Iniciou a carreira na constru\u00e7\u00e3o civil, participando das obras de duplica\u00e7\u00e3o da Rod. R\u00e9gis Bittencourt (BR-116) no trecho da Serra do Cafezal e da transposi\u00e7\u00e3o da Bacia do Rio Itapanha\u00fa para o Sistema Produtor Alto Tiet\u00ea. Associado ao Instituto Brasileiro do Concreto (IBRACON), coordenou o concurso t\u00e9cnico \u201cOusadia\u201d (2017-2019), foi um dos coordenadores do \u201cSemin\u00e1rio sobre o Ensino de Eng. Civil\u201d (2017 e 2019) e, atualmente, \u00e9 o coordenador do Comit\u00ea T\u00e9cnico (CT) IBRACON de Aplica\u00e7\u00f5es do Concreto para Obras de Saneamento B\u00e1sico. No Instituto de Engenharia (IE), foi assessor da Vice-Presid\u00eancia de Rela\u00e7\u00f5es Externas (2017-2018). \u00c9 membro das Divis\u00f5es T\u00e9cnicas de Estruturas, Ferrovias e Navega\u00e7\u00e3o Interior\/Portos, bem como representante da Casa no Comit\u00ea de Indicadores Econ\u00f4micos e Tecnol\u00f3gicos do Movimento \u201cBrasil Constru\u00e7\u00e3o 4.0\u201d, iniciativa conjunta do IE com a ABEMI, o SINICON e a Deloitte. Foi membro da delega\u00e7\u00e3o brasileira da \u201cThe Youth Assembly 2018 Winter\u201d, realizada na sede da Organiza\u00e7\u00e3o das Na\u00e7\u00f5es Unidas (ONU), em Nova York, EUA.<\/p>\n<p><strong><img loading=\"lazy\" decoding=\"async\" class=\"wp-image-83231 alignright td-animation-stack-type0-2\" src=\"https:\/\/www.institutodeengenharia.org.br\/site\/wp-content\/uploads\/2021\/07\/3x4-a.png\" alt=\"\" width=\"116\" height=\"140\" \/><\/strong><\/p>\n<p><strong>Pedro Luiz de Castro Algodoal \u2013 Secretaria Municipal de Infraestrutura Urbana e Obras\u00a0<\/strong><\/p>\n<p>Engenheiro concursado na Prefeitura de SP desde 1983, atuando na Secretaria de Infraestrutura Urbana da Prefeitura de S\u00e3o Paulo onde ocupou a Diretoria de Projetos de Drenagem, a Superintend\u00eancia de Projetos e a Diretoria de Projetos na SP Obras. Engenheiro civil pela Escola de Engenharia Mau\u00e1. Principais cursos: hidrologia na FATEC (1993); administra\u00e7\u00e3o p\u00fablica na FGV (1994); riscos relacionados \u00e0s cheias, da United Nations University (Alemanha, 2005), drenagem e modelagem de bacias na POLI\/USP (2006, 2007 e 2013. Coordena o Plano Diretor de Drenagem de SP \u2013 PMAPSP. Foi coordenador do N\u00facleo de Gest\u00e3o T\u00e9cnica do Comit\u00ea Gestor de Saneamento do Munic\u00edpio em 2017\/2018, atuou no Comit\u00ea da Bacia do Alto Tiet\u00ea, no Plano de Drenagem da Bacia do Alto Tiet\u00ea e no Conselho de Desenvolvimento Sustent\u00e1vel de S\u00e3o Paulo.<\/p>\n<p><img loading=\"lazy\" decoding=\"async\" class=\"alignnone wp-image-83965 alignleft td-animation-stack-type0-2\" src=\"https:\/\/www.institutodeengenharia.org.br\/site\/wp-content\/uploads\/2021\/07\/WhatsApp-Image-2021-08-10-at-16.15.08.jpeg\" alt=\"\" width=\"162\" height=\"244\" srcset=\"https:\/\/www.institutodeengenharia.org.br\/site\/wp-content\/uploads\/2021\/07\/WhatsApp-Image-2021-08-10-at-16.15.08.jpeg 850w, https:\/\/www.institutodeengenharia.org.br\/site\/wp-content\/uploads\/2021\/07\/WhatsApp-Image-2021-08-10-at-16.15.08-199x300.jpeg 199w, https:\/\/www.institutodeengenharia.org.br\/site\/wp-content\/uploads\/2021\/07\/WhatsApp-Image-2021-08-10-at-16.15.08-680x1024.jpeg 680w, https:\/\/www.institutodeengenharia.org.br\/site\/wp-content\/uploads\/2021\/07\/WhatsApp-Image-2021-08-10-at-16.15.08-768x1157.jpeg 768w, https:\/\/www.institutodeengenharia.org.br\/site\/wp-content\/uploads\/2021\/07\/WhatsApp-Image-2021-08-10-at-16.15.08-696x1048.jpeg 696w, https:\/\/www.institutodeengenharia.org.br\/site\/wp-content\/uploads\/2021\/07\/WhatsApp-Image-2021-08-10-at-16.15.08-279x420.jpeg 279w, https:\/\/www.institutodeengenharia.org.br\/site\/wp-content\/uploads\/2021\/07\/WhatsApp-Image-2021-08-10-at-16.15.08-600x904.jpeg 600w\" sizes=\"auto, (max-width: 162px) 100vw, 162px\" \/><strong>Renato Mattos Zuccolo \u2013 Instituto de Engenharia<\/strong><br \/>\nEngenheiro Civil, Mackenzie, e especialista em Gest\u00e3o Ambiental, USP. Experi\u00eancia no gerenciamento de implanta\u00e7\u00e3o de empreendimentos nas atividades de projeto, consultoria t\u00e9cnica, planejamento, controle, fiscaliza\u00e7\u00e3o e coordena\u00e7\u00e3o de obras de Engenharia de<br \/>\ntodos os portes e tipos. Atua at\u00e9 hoje na empresa Logos Engenharia, que foi integrada \u00e0 Arcadis. Trabalhou nas empresas Lubeca S. A. Administra\u00e7\u00e3o de Bens; Villares Ind\u00fastrias de Base S.A.; Engeral Engenharia e Obras; Roberto Rossi Zuccolo Engenharia Civil e Estrutural e na \u00c1lvaro Cunha e Jos\u00e9 Martiniano de Azevedo Netto. Possui est\u00e1gios em administra\u00e7\u00e3o Vi\u00e1ria da Calif\u00f3rnia (USA); Cogefar (Mil\u00e3o \u2013 It\u00e1lia), t\u00faneis e no Minist\u00e9rio dos Transportes da Alemanha, em pontes protendidas e met\u00e1licas. Foi professor titular das cadeiras de Constru\u00e7\u00e3o Pesada e Est\u00e1gio Supervisionado, do 5\u00ba ano do curso Civil, do Instituto de Ensino de Engenharia Paulista, e professor do curso de inicia\u00e7\u00e3o<br \/>\n\u00e0 Educa\u00e7\u00e3o Ambiental da Secretaria do Verde e Meio Ambiente do Munic\u00edpio de S\u00e3o Paulo. Participa\u00e7\u00e3o nos \u00f3rg\u00e3os do sistema de recursos h\u00eddricos e saneamento da Bacia Hidrogr\u00e1fica do Alto Tiet\u00ea, em consultoria t\u00e9cnica no Plano de Macrodrenagem da<br \/>\nBacia Hidrogr\u00e1fica do Alto Tiet\u00ea e no Plano Diretor Estrat\u00e9gico do Munic\u00edpio de S\u00e3o Paulo. Possui diversos livros publicados. Fez v\u00e1rios cursos no Instituto de Engenharia; curso de<br \/>\nMec\u00e2nica das Rochas e Perfura\u00e7\u00f5es em Rochas, ministrado pelo prof. Manoel Rocha, do Laborat\u00f3rio Nacional de Engenharia Civil de Lisboa (Portugal). Conhecimento em portugu\u00eas, ingl\u00eas, espanhol, franc\u00eas, italiano, alem\u00e3o e holand\u00eas.<\/p>\n<p><img loading=\"lazy\" decoding=\"async\" class=\"alignright td-animation-stack-type0-2\" src=\"https:\/\/www.institutodeengenharia.org.br\/site\/wp-content\/uploads\/2021\/07\/WhatsApp-Image-2021-08-04-at-16.34.20-1-1.jpeg\" alt=\"O atributo alt desta imagem est\u00e1 vazio. O nome do arquivo \u00e9 WhatsApp-Image-2021-08-04-at-16.34.20-1-1.jpeg\" width=\"184\" height=\"183\" \/><strong>Jos\u00e9 Manoel de Oliveira Reis \u2013 Coordenador do Depto de Meio Ambiente do Instituto de Engenharia<\/strong><\/p>\n<p>Administrador de Empresas, Engenheiro Ambiental, Engenheiro de Seguran\u00e7a do Trabalho, P\u00f3s Graduado \u2013 MBA \u2013 Tr\u00e2nsito, Mobilidade e Seguran\u00e7a, P\u00f3s Graduado \u2013 MBA \u2013 Gest\u00e3o do Meio Ambiente e Sustentabilidade;<br \/>\nFoi Engenheiro Coordenador de Projetos e Obras da Cidade de S\u00e3o Paulo, Chefe de Departamento \u2013 DIGAM \u2013 Divis\u00e3o de Meio Ambiente e Chefe do Departamento de Opera\u00e7\u00f5es do Rodoanel Mario Covas \u2013 Trecho Sul (DERSA), Chefe do OP\/DETRA \u2013 Departamento de Opera\u00e7\u00f5es de Tr\u00e1fego e do Departamento de Opera\u00e7\u00f5es das Rodovias: Rodovia Dom Pedro I \u2013 SP-065 e Rodovia Ayrton Senna\/Carvalho Pinto, Diretor da Divis\u00e3o T\u00e9cnica e Educacional de Tr\u00e2nsito de Bragan\u00e7a Paulista e Gestor na CET \u2013 Cia de Engenharia de Tr\u00e1fego de S\u00e3o Paulo.<br \/>\nAtualmente \u00e9 diretor geral do Departamento Hidrovi\u00e1rio do Estado de S\u00e3o Paulo (DH), Professor de Inova\u00e7\u00e3o para a p\u00f3s gradua\u00e7\u00e3o da FMU e Coordenador do Depto de Meio Ambiente do Instituto de Engenharia.<\/p>\n<p><img loading=\"lazy\" decoding=\"async\" class=\"alignleft td-animation-stack-type0-2\" src=\"https:\/\/www.institutodeengenharia.org.br\/site\/wp-content\/uploads\/2021\/06\/alberto.png\" width=\"134\" height=\"203\" \/><\/p>\n<p><strong>Alberto Epifani \u2013 Convidado da Divis\u00e3o T\u00e9cnica de Urbanismo\u00a0<\/strong><\/p>\n<p>Arquiteto e Urbanismo, pela na Faculdade de Arquitetura e Urbanismo da Universidade de S\u00e3o Paulo, com cursos de especializa\u00e7\u00e3o em Transporte Coletivo por \u00d4nibus, Movimentos Sociais Urbanos e Urbaniza\u00e7\u00e3o e Treinamento B\u00e1sico de Administra\u00e7\u00e3o \u2013 TBA.\u00a0Na Companhia do Metropolitano de S\u00e3o Paulo \u2013 METR\u00d4, atuou como Analista de Projetos, Coordenador de Monitora\u00e7\u00e3o do Sistema de Transporte P\u00fablico de Passageiros e de Pesquisas Operacionais, da Diretoria de Planejamento, Chefe de Departamento do Sistema Operacional, Gerente do Sistema de Transporte, Chefe da Assessoria para Integra\u00e7\u00e3o do Sistema Metropolitano, Gerente de Planejamento e Integra\u00e7\u00e3o de Transporte Metropolitano e Diretor de Planejamento e Expans\u00e3o dos Transportes Metropolitanos.\u00a0Diretor de Planejamento da Companhia Paulista de Trens Metropolitanos \u2013 CPTM.\u00a0Na Secret\u00e1ria de Estado de Transportes Metropolitano, foi Coordenador da Coordenadoria de Transporte Coletivo das Regi\u00f5es Metropolitanas de S\u00e3o Paulo, Baixada Santista e Campinas, Assessor T\u00e9cnico e Coordenador do N\u00facleo de Planejamento Estrat\u00e9gico da Coordenadoria de Planejamento e Gest\u00e3o.<\/p>\n<p><strong>Realiza\u00e7\u00e3o:<\/strong><\/p>\n<p><img loading=\"lazy\" decoding=\"async\" class=\"alignnone wp-image-83155 td-animation-stack-type0-2\" src=\"https:\/\/www.institutodeengenharia.org.br\/site\/wp-content\/uploads\/2021\/07\/logosie.png\" alt=\"\" width=\"637\" height=\"140\" srcset=\"https:\/\/www.institutodeengenharia.org.br\/site\/wp-content\/uploads\/2021\/07\/logosie.png 858w, https:\/\/www.institutodeengenharia.org.br\/site\/wp-content\/uploads\/2021\/07\/logosie-300x66.png 300w, https:\/\/www.institutodeengenharia.org.br\/site\/wp-content\/uploads\/2021\/07\/logosie-768x169.png 768w, https:\/\/www.institutodeengenharia.org.br\/site\/wp-content\/uploads\/2021\/07\/logosie-696x153.png 696w, https:\/\/www.institutodeengenharia.org.br\/site\/wp-content\/uploads\/2021\/07\/logosie-600x132.png 600w\" sizes=\"auto, (max-width: 637px) 100vw, 637px\" \/><\/p>\n<p><strong>Departamento Desenvolvimento Urbano e Regional<\/strong><br \/>\n<strong>Divis\u00e3o T\u00e9cnica \u00c1gua e Saneamento<\/strong><br \/>\n<strong>Divis\u00e3o T\u00e9cnica Meio Ambiente e Sustentabilidade<\/strong><br \/>\n<strong>Divis\u00e3o T\u00e9cnica Urbaniza\u00e7\u00e3o<\/strong><\/p>\n<p><strong>Apoio Institucional:<\/strong><\/p>\n<p><img loading=\"lazy\" decoding=\"async\" class=\"alignnone wp-image-77696 td-animation-stack-type0-2\" src=\"https:\/\/www.institutodeengenharia.org.br\/site\/wp-content\/uploads\/2021\/02\/crea.jpg\" alt=\"\" width=\"108\" height=\"76\" srcset=\"https:\/\/www.institutodeengenharia.org.br\/site\/wp-content\/uploads\/2021\/02\/crea.jpg 448w, https:\/\/www.institutodeengenharia.org.br\/site\/wp-content\/uploads\/2021\/02\/crea-300x211.jpg 300w, https:\/\/www.institutodeengenharia.org.br\/site\/wp-content\/uploads\/2021\/02\/crea-100x70.jpg 100w\" sizes=\"auto, (max-width: 108px) 100vw, 108px\" \/><\/p>\n<p><strong>Apoio \u00e0 forma\u00e7\u00e3o:\u00a0<\/strong><\/p>\n<p>Espa\u00e7o aberto ao CREA-SP, objetivando o aperfei\u00e7oamento dos profissionais e o aprimoramento da fiscaliza\u00e7\u00e3o das \u00e1reas abrangidas pelo Sistema Confea\/CREAs, al\u00e9m de promover a conscientiza\u00e7\u00e3o da sociedade quanto \u00e0 necessidade e obrigatoriedade de contratar um profissional devidamente habilitado.<\/p>\n<p>&nbsp;<\/p>\n","protected":false},"excerpt":{"rendered":"<p>&nbsp; Assista abaixo \u00e0 grava\u00e7\u00e3o do evento: + Informa\u00e7\u00f5es: Os cadernos de Drenagem na Cidade de S\u00e3o Paulo comp\u00f5em um importante instrumento para a redu\u00e7\u00e3o dos riscos de inunda\u00e7\u00e3o das bacias hidrogr\u00e1ficas do Munic\u00edpio de S\u00e3o Paulo. Este estudo desenvolveu-se no \u00e2mbito do contrato SIURB-FCTH n\u00ba 008\/SIURB\/14, com o objetivo b\u00e1sico de fornecer subs\u00eddios para [&hellip;]<\/p>\n","protected":false},"author":13,"featured_media":83150,"comment_status":"open","ping_status":"open","sticky":false,"template":"","format":"standard","meta":{"footnotes":""},"categories":[12,968,969],"tags":[],"class_list":{"0":"post-84544","1":"post","2":"type-post","3":"status-publish","4":"format-standard","5":"has-post-thumbnail","7":"category-divisoes-tecnicas","8":"category-nova-tv-engenharia","9":"category-palestra"},"yoast_head":"<!-- This site is optimized with the Yoast SEO plugin v27.2 - https:\/\/yoast.com\/product\/yoast-seo-wordpress\/ -->\n<title>Lan\u00e7amento dos Novos Cadernos de Drenagem da Cidade de S\u00e3o Paulo - Instituto de Engenharia<\/title>\n<meta name=\"robots\" content=\"index, follow, max-snippet:-1, max-image-preview:large, max-video-preview:-1\" \/>\n<link rel=\"canonical\" href=\"https:\/\/www.institutodeengenharia.org.br\/site\/2021\/08\/18\/lancamento-dos-novos-cadernos-de-drenagem-da-cidade-de-sao-paulo\/\" \/>\n<meta property=\"og:locale\" content=\"pt_BR\" \/>\n<meta property=\"og:type\" content=\"article\" \/>\n<meta property=\"og:title\" content=\"Lan\u00e7amento dos Novos Cadernos de Drenagem da Cidade de S\u00e3o Paulo\" \/>\n<meta property=\"og:description\" content=\"Assista abaixo \u00e0 grava\u00e7\u00e3o do evento\" \/>\n<meta property=\"og:url\" content=\"https:\/\/www.institutodeengenharia.org.br\/site\/2021\/08\/18\/lancamento-dos-novos-cadernos-de-drenagem-da-cidade-de-sao-paulo\/\" \/>\n<meta property=\"og:site_name\" content=\"Instituto de Engenharia\" \/>\n<meta property=\"article:publisher\" content=\"https:\/\/www.facebook.com\/institutodeengenharia\" \/>\n<meta property=\"article:published_time\" content=\"2021-08-18T16:50:30+00:00\" \/>\n<meta property=\"article:modified_time\" content=\"2021-08-18T17:29:11+00:00\" \/>\n<meta property=\"og:image\" content=\"https:\/\/www.institutodeengenharia.org.br\/site\/wp-content\/uploads\/2019\/08\/tv_engenharia.jpg\" \/>\n\t<meta property=\"og:image:width\" content=\"1280\" \/>\n\t<meta property=\"og:image:height\" content=\"853\" \/>\n\t<meta property=\"og:image:type\" content=\"image\/jpeg\" \/>\n<meta name=\"author\" content=\"Bianca\" \/>\n<meta name=\"twitter:card\" content=\"summary_large_image\" \/>\n<meta name=\"twitter:title\" content=\"Lan\u00e7amento dos Novos Cadernos de Drenagem da Cidade de S\u00e3o Paulo\" \/>\n<meta name=\"twitter:description\" content=\"Assista abaixo \u00e0 grava\u00e7\u00e3o do evento\" \/>\n<meta name=\"twitter:image\" content=\"https:\/\/www.institutodeengenharia.org.br\/site\/wp-content\/uploads\/2019\/08\/tv_engenharia.jpg\" \/>\n<meta name=\"twitter:creator\" content=\"@iengenharia\" \/>\n<meta name=\"twitter:site\" content=\"@iengenharia\" \/>\n<meta name=\"twitter:label1\" content=\"Escrito por\" \/>\n\t<meta name=\"twitter:data1\" content=\"Bianca\" \/>\n\t<meta name=\"twitter:label2\" content=\"Est. tempo de leitura\" \/>\n\t<meta name=\"twitter:data2\" content=\"11 minutos\" \/>\n<script type=\"application\/ld+json\" class=\"yoast-schema-graph\">{\"@context\":\"https:\/\/schema.org\",\"@graph\":[{\"@type\":\"Article\",\"@id\":\"https:\/\/www.institutodeengenharia.org.br\/site\/2021\/08\/18\/lancamento-dos-novos-cadernos-de-drenagem-da-cidade-de-sao-paulo\/#article\",\"isPartOf\":{\"@id\":\"https:\/\/www.institutodeengenharia.org.br\/site\/2021\/08\/18\/lancamento-dos-novos-cadernos-de-drenagem-da-cidade-de-sao-paulo\/\"},\"author\":{\"name\":\"Bianca\",\"@id\":\"https:\/\/www.institutodeengenharia.org.br\/site\/#\/schema\/person\/aeb64951c405e100d26d30b033dd423f\"},\"headline\":\"Lan\u00e7amento dos Novos Cadernos de Drenagem da Cidade de S\u00e3o Paulo\",\"datePublished\":\"2021-08-18T16:50:30+00:00\",\"dateModified\":\"2021-08-18T17:29:11+00:00\",\"mainEntityOfPage\":{\"@id\":\"https:\/\/www.institutodeengenharia.org.br\/site\/2021\/08\/18\/lancamento-dos-novos-cadernos-de-drenagem-da-cidade-de-sao-paulo\/\"},\"wordCount\":2099,\"commentCount\":0,\"publisher\":{\"@id\":\"https:\/\/www.institutodeengenharia.org.br\/site\/#organization\"},\"image\":{\"@id\":\"https:\/\/www.institutodeengenharia.org.br\/site\/2021\/08\/18\/lancamento-dos-novos-cadernos-de-drenagem-da-cidade-de-sao-paulo\/#primaryimage\"},\"thumbnailUrl\":\"https:\/\/www.institutodeengenharia.org.br\/site\/wp-content\/uploads\/2021\/07\/WhatsApp-Image-2021-07-21-at-14.40.05-1.webp\",\"articleSection\":[\"Divis\u00f5es T\u00e9cnicas\",\"Nova TV Engenharia\",\"Palestra\"],\"inLanguage\":\"pt-BR\",\"potentialAction\":[{\"@type\":\"CommentAction\",\"name\":\"Comment\",\"target\":[\"https:\/\/www.institutodeengenharia.org.br\/site\/2021\/08\/18\/lancamento-dos-novos-cadernos-de-drenagem-da-cidade-de-sao-paulo\/#respond\"]}]},{\"@type\":\"WebPage\",\"@id\":\"https:\/\/www.institutodeengenharia.org.br\/site\/2021\/08\/18\/lancamento-dos-novos-cadernos-de-drenagem-da-cidade-de-sao-paulo\/\",\"url\":\"https:\/\/www.institutodeengenharia.org.br\/site\/2021\/08\/18\/lancamento-dos-novos-cadernos-de-drenagem-da-cidade-de-sao-paulo\/\",\"name\":\"Lan\u00e7amento dos Novos Cadernos de Drenagem da Cidade de S\u00e3o Paulo - Instituto de Engenharia\",\"isPartOf\":{\"@id\":\"https:\/\/www.institutodeengenharia.org.br\/site\/#website\"},\"primaryImageOfPage\":{\"@id\":\"https:\/\/www.institutodeengenharia.org.br\/site\/2021\/08\/18\/lancamento-dos-novos-cadernos-de-drenagem-da-cidade-de-sao-paulo\/#primaryimage\"},\"image\":{\"@id\":\"https:\/\/www.institutodeengenharia.org.br\/site\/2021\/08\/18\/lancamento-dos-novos-cadernos-de-drenagem-da-cidade-de-sao-paulo\/#primaryimage\"},\"thumbnailUrl\":\"https:\/\/www.institutodeengenharia.org.br\/site\/wp-content\/uploads\/2021\/07\/WhatsApp-Image-2021-07-21-at-14.40.05-1.webp\",\"datePublished\":\"2021-08-18T16:50:30+00:00\",\"dateModified\":\"2021-08-18T17:29:11+00:00\",\"breadcrumb\":{\"@id\":\"https:\/\/www.institutodeengenharia.org.br\/site\/2021\/08\/18\/lancamento-dos-novos-cadernos-de-drenagem-da-cidade-de-sao-paulo\/#breadcrumb\"},\"inLanguage\":\"pt-BR\",\"potentialAction\":[{\"@type\":\"ReadAction\",\"target\":[\"https:\/\/www.institutodeengenharia.org.br\/site\/2021\/08\/18\/lancamento-dos-novos-cadernos-de-drenagem-da-cidade-de-sao-paulo\/\"]}]},{\"@type\":\"ImageObject\",\"inLanguage\":\"pt-BR\",\"@id\":\"https:\/\/www.institutodeengenharia.org.br\/site\/2021\/08\/18\/lancamento-dos-novos-cadernos-de-drenagem-da-cidade-de-sao-paulo\/#primaryimage\",\"url\":\"https:\/\/www.institutodeengenharia.org.br\/site\/wp-content\/uploads\/2021\/07\/WhatsApp-Image-2021-07-21-at-14.40.05-1.webp\",\"contentUrl\":\"https:\/\/www.institutodeengenharia.org.br\/site\/wp-content\/uploads\/2021\/07\/WhatsApp-Image-2021-07-21-at-14.40.05-1.webp\",\"width\":686,\"height\":537},{\"@type\":\"BreadcrumbList\",\"@id\":\"https:\/\/www.institutodeengenharia.org.br\/site\/2021\/08\/18\/lancamento-dos-novos-cadernos-de-drenagem-da-cidade-de-sao-paulo\/#breadcrumb\",\"itemListElement\":[{\"@type\":\"ListItem\",\"position\":1,\"name\":\"In\u00edcio\",\"item\":\"https:\/\/www.institutodeengenharia.org.br\/site\/\"},{\"@type\":\"ListItem\",\"position\":2,\"name\":\"Lan\u00e7amento dos Novos Cadernos de Drenagem da Cidade de S\u00e3o Paulo\"}]},{\"@type\":\"WebSite\",\"@id\":\"https:\/\/www.institutodeengenharia.org.br\/site\/#website\",\"url\":\"https:\/\/www.institutodeengenharia.org.br\/site\/\",\"name\":\"Instituto de Engenharia\",\"description\":\"O Instituto de Engenharia promove a Engenharia em benef\u00edcio do desenvolvimento e da qualidade de vida da sociedade.\",\"publisher\":{\"@id\":\"https:\/\/www.institutodeengenharia.org.br\/site\/#organization\"},\"potentialAction\":[{\"@type\":\"SearchAction\",\"target\":{\"@type\":\"EntryPoint\",\"urlTemplate\":\"https:\/\/www.institutodeengenharia.org.br\/site\/?s={search_term_string}\"},\"query-input\":{\"@type\":\"PropertyValueSpecification\",\"valueRequired\":true,\"valueName\":\"search_term_string\"}}],\"inLanguage\":\"pt-BR\"},{\"@type\":\"Organization\",\"@id\":\"https:\/\/www.institutodeengenharia.org.br\/site\/#organization\",\"name\":\"Instituto de Engenharia\",\"url\":\"https:\/\/www.institutodeengenharia.org.br\/site\/\",\"logo\":{\"@type\":\"ImageObject\",\"inLanguage\":\"pt-BR\",\"@id\":\"https:\/\/www.institutodeengenharia.org.br\/site\/#\/schema\/logo\/image\/\",\"url\":\"https:\/\/www.institutodeengenharia.org.br\/site\/wp-content\/uploads\/2019\/03\/logo-novo-IE2018-1.jpg\",\"contentUrl\":\"https:\/\/www.institutodeengenharia.org.br\/site\/wp-content\/uploads\/2019\/03\/logo-novo-IE2018-1.jpg\",\"width\":1486,\"height\":1879,\"caption\":\"Instituto de Engenharia\"},\"image\":{\"@id\":\"https:\/\/www.institutodeengenharia.org.br\/site\/#\/schema\/logo\/image\/\"},\"sameAs\":[\"https:\/\/www.facebook.com\/institutodeengenharia\",\"https:\/\/x.com\/iengenharia\",\"https:\/\/www.instagram.com\/institutodeengenharia\/\",\"https:\/\/www.linkedin.com\/company\/instituto-de-engenharia\/\",\"https:\/\/www.youtube.com\/channel\/UCXiCAlsSMe977vamW915HxA\"]},{\"@type\":\"Person\",\"@id\":\"https:\/\/www.institutodeengenharia.org.br\/site\/#\/schema\/person\/aeb64951c405e100d26d30b033dd423f\",\"name\":\"Bianca\",\"image\":{\"@type\":\"ImageObject\",\"inLanguage\":\"pt-BR\",\"@id\":\"https:\/\/secure.gravatar.com\/avatar\/a6fbe9bff57405baf4c1e2c5c1811e072b558253974a9f9508f4678900c97c2a?s=96&d=mm&r=g\",\"url\":\"https:\/\/secure.gravatar.com\/avatar\/a6fbe9bff57405baf4c1e2c5c1811e072b558253974a9f9508f4678900c97c2a?s=96&d=mm&r=g\",\"contentUrl\":\"https:\/\/secure.gravatar.com\/avatar\/a6fbe9bff57405baf4c1e2c5c1811e072b558253974a9f9508f4678900c97c2a?s=96&d=mm&r=g\",\"caption\":\"Bianca\"},\"url\":\"https:\/\/www.institutodeengenharia.org.br\/site\/author\/comunicacao1\/\"}]}<\/script>\n<!-- \/ Yoast SEO plugin. -->","yoast_head_json":{"title":"Lan\u00e7amento dos Novos Cadernos de Drenagem da Cidade de S\u00e3o Paulo - Instituto de Engenharia","robots":{"index":"index","follow":"follow","max-snippet":"max-snippet:-1","max-image-preview":"max-image-preview:large","max-video-preview":"max-video-preview:-1"},"canonical":"https:\/\/www.institutodeengenharia.org.br\/site\/2021\/08\/18\/lancamento-dos-novos-cadernos-de-drenagem-da-cidade-de-sao-paulo\/","og_locale":"pt_BR","og_type":"article","og_title":"Lan\u00e7amento dos Novos Cadernos de Drenagem da Cidade de S\u00e3o Paulo","og_description":"Assista abaixo \u00e0 grava\u00e7\u00e3o do evento","og_url":"https:\/\/www.institutodeengenharia.org.br\/site\/2021\/08\/18\/lancamento-dos-novos-cadernos-de-drenagem-da-cidade-de-sao-paulo\/","og_site_name":"Instituto de Engenharia","article_publisher":"https:\/\/www.facebook.com\/institutodeengenharia","article_published_time":"2021-08-18T16:50:30+00:00","article_modified_time":"2021-08-18T17:29:11+00:00","og_image":[{"width":1280,"height":853,"url":"https:\/\/www.institutodeengenharia.org.br\/site\/wp-content\/uploads\/2019\/08\/tv_engenharia.jpg","type":"image\/jpeg"}],"author":"Bianca","twitter_card":"summary_large_image","twitter_title":"Lan\u00e7amento dos Novos Cadernos de Drenagem da Cidade de S\u00e3o Paulo","twitter_description":"Assista abaixo \u00e0 grava\u00e7\u00e3o do evento","twitter_image":"https:\/\/www.institutodeengenharia.org.br\/site\/wp-content\/uploads\/2019\/08\/tv_engenharia.jpg","twitter_creator":"@iengenharia","twitter_site":"@iengenharia","twitter_misc":{"Escrito por":"Bianca","Est. tempo de leitura":"11 minutos"},"schema":{"@context":"https:\/\/schema.org","@graph":[{"@type":"Article","@id":"https:\/\/www.institutodeengenharia.org.br\/site\/2021\/08\/18\/lancamento-dos-novos-cadernos-de-drenagem-da-cidade-de-sao-paulo\/#article","isPartOf":{"@id":"https:\/\/www.institutodeengenharia.org.br\/site\/2021\/08\/18\/lancamento-dos-novos-cadernos-de-drenagem-da-cidade-de-sao-paulo\/"},"author":{"name":"Bianca","@id":"https:\/\/www.institutodeengenharia.org.br\/site\/#\/schema\/person\/aeb64951c405e100d26d30b033dd423f"},"headline":"Lan\u00e7amento dos Novos Cadernos de Drenagem da Cidade de S\u00e3o Paulo","datePublished":"2021-08-18T16:50:30+00:00","dateModified":"2021-08-18T17:29:11+00:00","mainEntityOfPage":{"@id":"https:\/\/www.institutodeengenharia.org.br\/site\/2021\/08\/18\/lancamento-dos-novos-cadernos-de-drenagem-da-cidade-de-sao-paulo\/"},"wordCount":2099,"commentCount":0,"publisher":{"@id":"https:\/\/www.institutodeengenharia.org.br\/site\/#organization"},"image":{"@id":"https:\/\/www.institutodeengenharia.org.br\/site\/2021\/08\/18\/lancamento-dos-novos-cadernos-de-drenagem-da-cidade-de-sao-paulo\/#primaryimage"},"thumbnailUrl":"https:\/\/www.institutodeengenharia.org.br\/site\/wp-content\/uploads\/2021\/07\/WhatsApp-Image-2021-07-21-at-14.40.05-1.webp","articleSection":["Divis\u00f5es T\u00e9cnicas","Nova TV Engenharia","Palestra"],"inLanguage":"pt-BR","potentialAction":[{"@type":"CommentAction","name":"Comment","target":["https:\/\/www.institutodeengenharia.org.br\/site\/2021\/08\/18\/lancamento-dos-novos-cadernos-de-drenagem-da-cidade-de-sao-paulo\/#respond"]}]},{"@type":"WebPage","@id":"https:\/\/www.institutodeengenharia.org.br\/site\/2021\/08\/18\/lancamento-dos-novos-cadernos-de-drenagem-da-cidade-de-sao-paulo\/","url":"https:\/\/www.institutodeengenharia.org.br\/site\/2021\/08\/18\/lancamento-dos-novos-cadernos-de-drenagem-da-cidade-de-sao-paulo\/","name":"Lan\u00e7amento dos Novos Cadernos de Drenagem da Cidade de S\u00e3o Paulo - Instituto de Engenharia","isPartOf":{"@id":"https:\/\/www.institutodeengenharia.org.br\/site\/#website"},"primaryImageOfPage":{"@id":"https:\/\/www.institutodeengenharia.org.br\/site\/2021\/08\/18\/lancamento-dos-novos-cadernos-de-drenagem-da-cidade-de-sao-paulo\/#primaryimage"},"image":{"@id":"https:\/\/www.institutodeengenharia.org.br\/site\/2021\/08\/18\/lancamento-dos-novos-cadernos-de-drenagem-da-cidade-de-sao-paulo\/#primaryimage"},"thumbnailUrl":"https:\/\/www.institutodeengenharia.org.br\/site\/wp-content\/uploads\/2021\/07\/WhatsApp-Image-2021-07-21-at-14.40.05-1.webp","datePublished":"2021-08-18T16:50:30+00:00","dateModified":"2021-08-18T17:29:11+00:00","breadcrumb":{"@id":"https:\/\/www.institutodeengenharia.org.br\/site\/2021\/08\/18\/lancamento-dos-novos-cadernos-de-drenagem-da-cidade-de-sao-paulo\/#breadcrumb"},"inLanguage":"pt-BR","potentialAction":[{"@type":"ReadAction","target":["https:\/\/www.institutodeengenharia.org.br\/site\/2021\/08\/18\/lancamento-dos-novos-cadernos-de-drenagem-da-cidade-de-sao-paulo\/"]}]},{"@type":"ImageObject","inLanguage":"pt-BR","@id":"https:\/\/www.institutodeengenharia.org.br\/site\/2021\/08\/18\/lancamento-dos-novos-cadernos-de-drenagem-da-cidade-de-sao-paulo\/#primaryimage","url":"https:\/\/www.institutodeengenharia.org.br\/site\/wp-content\/uploads\/2021\/07\/WhatsApp-Image-2021-07-21-at-14.40.05-1.webp","contentUrl":"https:\/\/www.institutodeengenharia.org.br\/site\/wp-content\/uploads\/2021\/07\/WhatsApp-Image-2021-07-21-at-14.40.05-1.webp","width":686,"height":537},{"@type":"BreadcrumbList","@id":"https:\/\/www.institutodeengenharia.org.br\/site\/2021\/08\/18\/lancamento-dos-novos-cadernos-de-drenagem-da-cidade-de-sao-paulo\/#breadcrumb","itemListElement":[{"@type":"ListItem","position":1,"name":"In\u00edcio","item":"https:\/\/www.institutodeengenharia.org.br\/site\/"},{"@type":"ListItem","position":2,"name":"Lan\u00e7amento dos Novos Cadernos de Drenagem da Cidade de S\u00e3o Paulo"}]},{"@type":"WebSite","@id":"https:\/\/www.institutodeengenharia.org.br\/site\/#website","url":"https:\/\/www.institutodeengenharia.org.br\/site\/","name":"Instituto de Engenharia","description":"O Instituto de Engenharia promove a Engenharia em benef\u00edcio do desenvolvimento e da qualidade de vida da sociedade.","publisher":{"@id":"https:\/\/www.institutodeengenharia.org.br\/site\/#organization"},"potentialAction":[{"@type":"SearchAction","target":{"@type":"EntryPoint","urlTemplate":"https:\/\/www.institutodeengenharia.org.br\/site\/?s={search_term_string}"},"query-input":{"@type":"PropertyValueSpecification","valueRequired":true,"valueName":"search_term_string"}}],"inLanguage":"pt-BR"},{"@type":"Organization","@id":"https:\/\/www.institutodeengenharia.org.br\/site\/#organization","name":"Instituto de Engenharia","url":"https:\/\/www.institutodeengenharia.org.br\/site\/","logo":{"@type":"ImageObject","inLanguage":"pt-BR","@id":"https:\/\/www.institutodeengenharia.org.br\/site\/#\/schema\/logo\/image\/","url":"https:\/\/www.institutodeengenharia.org.br\/site\/wp-content\/uploads\/2019\/03\/logo-novo-IE2018-1.jpg","contentUrl":"https:\/\/www.institutodeengenharia.org.br\/site\/wp-content\/uploads\/2019\/03\/logo-novo-IE2018-1.jpg","width":1486,"height":1879,"caption":"Instituto de Engenharia"},"image":{"@id":"https:\/\/www.institutodeengenharia.org.br\/site\/#\/schema\/logo\/image\/"},"sameAs":["https:\/\/www.facebook.com\/institutodeengenharia","https:\/\/x.com\/iengenharia","https:\/\/www.instagram.com\/institutodeengenharia\/","https:\/\/www.linkedin.com\/company\/instituto-de-engenharia\/","https:\/\/www.youtube.com\/channel\/UCXiCAlsSMe977vamW915HxA"]},{"@type":"Person","@id":"https:\/\/www.institutodeengenharia.org.br\/site\/#\/schema\/person\/aeb64951c405e100d26d30b033dd423f","name":"Bianca","image":{"@type":"ImageObject","inLanguage":"pt-BR","@id":"https:\/\/secure.gravatar.com\/avatar\/a6fbe9bff57405baf4c1e2c5c1811e072b558253974a9f9508f4678900c97c2a?s=96&d=mm&r=g","url":"https:\/\/secure.gravatar.com\/avatar\/a6fbe9bff57405baf4c1e2c5c1811e072b558253974a9f9508f4678900c97c2a?s=96&d=mm&r=g","contentUrl":"https:\/\/secure.gravatar.com\/avatar\/a6fbe9bff57405baf4c1e2c5c1811e072b558253974a9f9508f4678900c97c2a?s=96&d=mm&r=g","caption":"Bianca"},"url":"https:\/\/www.institutodeengenharia.org.br\/site\/author\/comunicacao1\/"}]}},"_links":{"self":[{"href":"https:\/\/www.institutodeengenharia.org.br\/site\/wp-json\/wp\/v2\/posts\/84544","targetHints":{"allow":["GET"]}}],"collection":[{"href":"https:\/\/www.institutodeengenharia.org.br\/site\/wp-json\/wp\/v2\/posts"}],"about":[{"href":"https:\/\/www.institutodeengenharia.org.br\/site\/wp-json\/wp\/v2\/types\/post"}],"author":[{"embeddable":true,"href":"https:\/\/www.institutodeengenharia.org.br\/site\/wp-json\/wp\/v2\/users\/13"}],"replies":[{"embeddable":true,"href":"https:\/\/www.institutodeengenharia.org.br\/site\/wp-json\/wp\/v2\/comments?post=84544"}],"version-history":[{"count":1,"href":"https:\/\/www.institutodeengenharia.org.br\/site\/wp-json\/wp\/v2\/posts\/84544\/revisions"}],"predecessor-version":[{"id":84545,"href":"https:\/\/www.institutodeengenharia.org.br\/site\/wp-json\/wp\/v2\/posts\/84544\/revisions\/84545"}],"wp:featuredmedia":[{"embeddable":true,"href":"https:\/\/www.institutodeengenharia.org.br\/site\/wp-json\/wp\/v2\/media\/83150"}],"wp:attachment":[{"href":"https:\/\/www.institutodeengenharia.org.br\/site\/wp-json\/wp\/v2\/media?parent=84544"}],"wp:term":[{"taxonomy":"category","embeddable":true,"href":"https:\/\/www.institutodeengenharia.org.br\/site\/wp-json\/wp\/v2\/categories?post=84544"},{"taxonomy":"post_tag","embeddable":true,"href":"https:\/\/www.institutodeengenharia.org.br\/site\/wp-json\/wp\/v2\/tags?post=84544"}],"curies":[{"name":"wp","href":"https:\/\/api.w.org\/{rel}","templated":true}]}}