{"id":83853,"date":"2021-08-02T12:19:24","date_gmt":"2021-08-02T15:19:24","guid":{"rendered":"https:\/\/www.institutodeengenharia.org.br\/site\/?p=83853"},"modified":"2021-08-09T12:19:38","modified_gmt":"2021-08-09T15:19:38","slug":"ie-talks-projeto-de-um-novo-acesso-para-barcarena-e-ilha-do-marajo","status":"publish","type":"post","link":"https:\/\/www.institutodeengenharia.org.br\/site\/2021\/08\/02\/ie-talks-projeto-de-um-novo-acesso-para-barcarena-e-ilha-do-marajo\/","title":{"rendered":"IE Talks: &#8211; Projeto de um novo acesso para Barcarena e Ilha do Maraj\u00f3"},"content":{"rendered":"<p>&nbsp;<\/p>\n<p><strong>Assista abaixo \u00e0 grava\u00e7\u00e3o do evento:<\/strong><\/p>\n<p><iframe loading=\"lazy\" src=\"https:\/\/player.vimeo.com\/video\/584543398\" width=\"640\" height=\"360\" frameborder=\"0\" allowfullscreen=\"allowfullscreen\"><\/iframe><\/p>\n<p><strong>+ Informa\u00e7\u00f5es:<\/strong><\/p>\n<p>Experi\u00eancias e Desafios: Um papo com Diretores Regionais.<\/p>\n<p><strong>P\u00fablico-alvo:<\/strong><\/p>\n<p>Engenheiros, arquitetos, t\u00e9cnicos, estudantes e demais interessados.<\/p>\n<p><strong>Anfitri\u00e3o:<\/strong><\/p>\n<p><img loading=\"lazy\" decoding=\"async\" class=\"alignnone wp-image-66308 td-animation-stack-type0-2\" src=\"https:\/\/www.institutodeengenharia.org.br\/site\/wp-content\/uploads\/2020\/06\/Nelci-de-Jesus-B.-Margalho.jpg\" alt=\"\" width=\"202\" height=\"202\" srcset=\"https:\/\/www.institutodeengenharia.org.br\/site\/wp-content\/uploads\/2020\/06\/Nelci-de-Jesus-B.-Margalho.jpg 225w, https:\/\/www.institutodeengenharia.org.br\/site\/wp-content\/uploads\/2020\/06\/Nelci-de-Jesus-B.-Margalho-150x150.jpg 150w, https:\/\/www.institutodeengenharia.org.br\/site\/wp-content\/uploads\/2020\/06\/Nelci-de-Jesus-B.-Margalho-100x100.jpg 100w\" sizes=\"auto, (max-width: 202px) 100vw, 202px\" \/><\/p>\n<p><strong>Nelci de Jesus Barbosa Margalho \u2013 Diretor Regional do IE em Bel\u00e9m \u2013 PA<\/strong><\/p>\n<p>Graduado em engenharia civil pela Universidade Federal do Par\u00e1-UFPA, especializa\u00e7\u00e3o em Engenharia de Equipamentos, Especializa\u00e7\u00e3o em Montagem Industrial pelo Centro de Ensino da PETROBRAS,\/RJ, Especializa\u00e7\u00e3o em Engenharia Naval pela COPPE\/RJ, Engenharia de Seguran\u00e7a do Trabalho pela PUC\/RJ, Especializa\u00e7\u00e3o em Gerenciamento de Projetos nos crit\u00e9rios do Project Management Institute-PMI, apto para o exame para obter as certifica\u00e7\u00f5es Project Management Professional (PMP\/PMI) e capacita\u00e7\u00e3o em SCRUM para certifica\u00e7\u00e3o como Professional Scrum Master (PSM\/Scrum.org). Atuou por 27 anos na PETROBRAS onde exerceu fun\u00e7\u00f5es t\u00e9cnicas e gerenciais, dentre as quais: Planejamento, controle e fiscaliza\u00e7\u00e3o de obras de constru\u00e7\u00e3o civil e montagem industrial: terminais\/oleodutos e refinarias, gerenciou os setores de manuten\u00e7\u00e3o, de inspe\u00e7\u00e3o de equipamentos, de reparos navais e de seguran\u00e7a industrial. Coordenou a implanta\u00e7\u00e3o da qualidade total na Refinaria de Manaus, foi membro\/coordenador de equipes de desenvolvimento e gest\u00e3o de projetos na PETROBRAS e atuou como assessor de inform\u00e1tica do gabinete do secret\u00e1rio municipal de transporte do munic\u00edpio de S\u00e3o Paulo\/SP. No setor privado, atuou como engenheiro de planejamento e controle de projetos de constru\u00e7\u00e3o civil e montagem industrial. \u00c9 membro do IE-Instituto de Engenharia e exerce as fun\u00e7\u00f5es de Diretor Regional de Bel\u00e9m\/Par\u00e1.<\/p>\n<p><strong>Palestrante:<\/strong><\/p>\n<p><img loading=\"lazy\" decoding=\"async\" class=\"alignnone wp-image-82740 td-animation-stack-type0-2\" src=\"https:\/\/www.institutodeengenharia.org.br\/site\/wp-content\/uploads\/2021\/07\/hito.jpg\" alt=\"\" width=\"165\" height=\"194\" \/><\/p>\n<p><strong>Hito Braga de Morais \u2013 Diretor Adjunto do Instituto de Tecnologia da UFPA, Professor Titular da Universidade Federal do Par\u00e1 (UFPA)<\/strong><\/p>\n<p>Graduado em Engenharia Civil pela Universidade Federal do Par\u00e1, Especializa\u00e7\u00e3o em Engenharia Naval pela UFRJ\/UFPA, mestrado em Engenharia Oce\u00e2nica pela COPPE\/UFRJ, Doutorado em Engenharia Oce\u00e2nica COPPE\/UFRJ e P\u00f3s- Doutorado pela Universidade de Southampton na Inglaterra. Fundador do curso de Gradua\u00e7\u00e3o em Engenharia Naval da UFPA. Atualmente \u00e9 Diretor Adjunto do Instituto de Tecnologia da UFPA, Professor Titular da Universidade Federal do Par\u00e1 (UFPA). Possui experi\u00eancia na \u00e1rea de Engenharia Naval e Oce\u00e2nica, com \u00eanfase em Projetos de Embarca\u00e7\u00f5es, atuando principalmente nos seguintes temas: projeto de embarca\u00e7\u00e3o de passageiros, hidrovias, portos e transporte Aquavi\u00e1rio.<\/p>\n<p><strong>Realiza\u00e7\u00e3o:<\/strong><\/p>\n<p><strong>Eng. Ricardo Kenzo Motomatsu<\/strong>\u00a0\u2013 Vice-Presidente de Rela\u00e7\u00f5es Externas<\/p>\n<p><strong>Apoio Institucional:<\/strong><\/p>\n<p><img loading=\"lazy\" decoding=\"async\" class=\"alignnone wp-image-77696 td-animation-stack-type0-2\" src=\"https:\/\/www.institutodeengenharia.org.br\/site\/wp-content\/uploads\/2021\/02\/crea.jpg\" alt=\"\" width=\"142\" height=\"100\" srcset=\"https:\/\/www.institutodeengenharia.org.br\/site\/wp-content\/uploads\/2021\/02\/crea.jpg 448w, https:\/\/www.institutodeengenharia.org.br\/site\/wp-content\/uploads\/2021\/02\/crea-300x211.jpg 300w, https:\/\/www.institutodeengenharia.org.br\/site\/wp-content\/uploads\/2021\/02\/crea-100x70.jpg 100w\" sizes=\"auto, (max-width: 142px) 100vw, 142px\" \/><\/p>\n<p><strong>Apoio \u00e0 forma\u00e7\u00e3o:\u00a0<\/strong><\/p>\n<p>Espa\u00e7o aberto ao CREA-SP, objetivando o aperfei\u00e7oamento dos profissionais e o aprimoramento da fiscaliza\u00e7\u00e3o das \u00e1reas abrangidas pelo Sistema Confea\/CREAs, al\u00e9m de promover a conscientiza\u00e7\u00e3o da sociedade quanto \u00e0 necessidade e obrigatoriedade de contratar um profissional devidamente habilitado.<\/p>\n","protected":false},"excerpt":{"rendered":"<p>&nbsp; Assista abaixo \u00e0 grava\u00e7\u00e3o do evento: + Informa\u00e7\u00f5es: Experi\u00eancias e Desafios: Um papo com Diretores Regionais. P\u00fablico-alvo: Engenheiros, arquitetos, t\u00e9cnicos, estudantes e demais interessados. Anfitri\u00e3o: Nelci de Jesus Barbosa Margalho \u2013 Diretor Regional do IE em Bel\u00e9m \u2013 PA Graduado em engenharia civil pela Universidade Federal do Par\u00e1-UFPA, especializa\u00e7\u00e3o em Engenharia de Equipamentos, Especializa\u00e7\u00e3o [&hellip;]<\/p>\n","protected":false},"author":13,"featured_media":83325,"comment_status":"open","ping_status":"open","sticky":false,"template":"","format":"standard","meta":{"footnotes":""},"categories":[968,969],"tags":[],"class_list":{"0":"post-83853","1":"post","2":"type-post","3":"status-publish","4":"format-standard","5":"has-post-thumbnail","7":"category-nova-tv-engenharia","8":"category-palestra"},"yoast_head":"<!-- This site is optimized with the Yoast SEO plugin v27.2 - https:\/\/yoast.com\/product\/yoast-seo-wordpress\/ -->\n<title>IE Talks: - Projeto de um novo acesso para Barcarena e Ilha do Maraj\u00f3 - Instituto de Engenharia<\/title>\n<meta name=\"robots\" content=\"index, follow, max-snippet:-1, max-image-preview:large, max-video-preview:-1\" \/>\n<link rel=\"canonical\" href=\"https:\/\/www.institutodeengenharia.org.br\/site\/2021\/08\/02\/ie-talks-projeto-de-um-novo-acesso-para-barcarena-e-ilha-do-marajo\/\" \/>\n<meta property=\"og:locale\" content=\"pt_BR\" \/>\n<meta property=\"og:type\" content=\"article\" \/>\n<meta property=\"og:title\" content=\"IE Talks: - Projeto de um novo acesso para Barcarena e Ilha do Maraj\u00f3\" \/>\n<meta property=\"og:description\" content=\"Assista abaixo \u00e0 grava\u00e7\u00e3o do evento\" \/>\n<meta property=\"og:url\" content=\"https:\/\/www.institutodeengenharia.org.br\/site\/2021\/08\/02\/ie-talks-projeto-de-um-novo-acesso-para-barcarena-e-ilha-do-marajo\/\" \/>\n<meta property=\"og:site_name\" content=\"Instituto de Engenharia\" \/>\n<meta property=\"article:publisher\" content=\"https:\/\/www.facebook.com\/institutodeengenharia\" \/>\n<meta property=\"article:published_time\" content=\"2021-08-02T15:19:24+00:00\" \/>\n<meta property=\"article:modified_time\" content=\"2021-08-09T15:19:38+00:00\" \/>\n<meta property=\"og:image\" content=\"https:\/\/www.institutodeengenharia.org.br\/site\/wp-content\/uploads\/2019\/08\/tv_engenharia.jpg\" \/>\n\t<meta property=\"og:image:width\" content=\"1280\" \/>\n\t<meta property=\"og:image:height\" content=\"853\" \/>\n\t<meta property=\"og:image:type\" content=\"image\/jpeg\" \/>\n<meta name=\"author\" content=\"Bianca\" \/>\n<meta name=\"twitter:card\" content=\"summary_large_image\" \/>\n<meta name=\"twitter:title\" content=\"IE Talks: - Projeto de um novo acesso para Barcarena e Ilha do Maraj\u00f3\" \/>\n<meta name=\"twitter:description\" content=\"Assista abaixo \u00e0 grava\u00e7\u00e3o do evento\" \/>\n<meta name=\"twitter:image\" content=\"https:\/\/www.institutodeengenharia.org.br\/site\/wp-content\/uploads\/2019\/08\/tv_engenharia.jpg\" \/>\n<meta name=\"twitter:creator\" content=\"@iengenharia\" \/>\n<meta name=\"twitter:site\" content=\"@iengenharia\" \/>\n<meta name=\"twitter:label1\" content=\"Escrito por\" \/>\n\t<meta name=\"twitter:data1\" content=\"Bianca\" \/>\n\t<meta name=\"twitter:label2\" content=\"Est. tempo de leitura\" \/>\n\t<meta name=\"twitter:data2\" content=\"3 minutos\" \/>\n<script type=\"application\/ld+json\" class=\"yoast-schema-graph\">{\"@context\":\"https:\/\/schema.org\",\"@graph\":[{\"@type\":\"Article\",\"@id\":\"https:\/\/www.institutodeengenharia.org.br\/site\/2021\/08\/02\/ie-talks-projeto-de-um-novo-acesso-para-barcarena-e-ilha-do-marajo\/#article\",\"isPartOf\":{\"@id\":\"https:\/\/www.institutodeengenharia.org.br\/site\/2021\/08\/02\/ie-talks-projeto-de-um-novo-acesso-para-barcarena-e-ilha-do-marajo\/\"},\"author\":{\"name\":\"Bianca\",\"@id\":\"https:\/\/www.institutodeengenharia.org.br\/site\/#\/schema\/person\/aeb64951c405e100d26d30b033dd423f\"},\"headline\":\"IE Talks: &#8211; Projeto de um novo acesso para Barcarena e Ilha do Maraj\u00f3\",\"datePublished\":\"2021-08-02T15:19:24+00:00\",\"dateModified\":\"2021-08-09T15:19:38+00:00\",\"mainEntityOfPage\":{\"@id\":\"https:\/\/www.institutodeengenharia.org.br\/site\/2021\/08\/02\/ie-talks-projeto-de-um-novo-acesso-para-barcarena-e-ilha-do-marajo\/\"},\"wordCount\":466,\"commentCount\":0,\"publisher\":{\"@id\":\"https:\/\/www.institutodeengenharia.org.br\/site\/#organization\"},\"image\":{\"@id\":\"https:\/\/www.institutodeengenharia.org.br\/site\/2021\/08\/02\/ie-talks-projeto-de-um-novo-acesso-para-barcarena-e-ilha-do-marajo\/#primaryimage\"},\"thumbnailUrl\":\"https:\/\/www.institutodeengenharia.org.br\/site\/wp-content\/uploads\/2021\/07\/Imagem1-1.webp\",\"articleSection\":[\"Nova TV Engenharia\",\"Palestra\"],\"inLanguage\":\"pt-BR\",\"potentialAction\":[{\"@type\":\"CommentAction\",\"name\":\"Comment\",\"target\":[\"https:\/\/www.institutodeengenharia.org.br\/site\/2021\/08\/02\/ie-talks-projeto-de-um-novo-acesso-para-barcarena-e-ilha-do-marajo\/#respond\"]}]},{\"@type\":\"WebPage\",\"@id\":\"https:\/\/www.institutodeengenharia.org.br\/site\/2021\/08\/02\/ie-talks-projeto-de-um-novo-acesso-para-barcarena-e-ilha-do-marajo\/\",\"url\":\"https:\/\/www.institutodeengenharia.org.br\/site\/2021\/08\/02\/ie-talks-projeto-de-um-novo-acesso-para-barcarena-e-ilha-do-marajo\/\",\"name\":\"IE Talks: - Projeto de um novo acesso para Barcarena e Ilha do Maraj\u00f3 - Instituto de Engenharia\",\"isPartOf\":{\"@id\":\"https:\/\/www.institutodeengenharia.org.br\/site\/#website\"},\"primaryImageOfPage\":{\"@id\":\"https:\/\/www.institutodeengenharia.org.br\/site\/2021\/08\/02\/ie-talks-projeto-de-um-novo-acesso-para-barcarena-e-ilha-do-marajo\/#primaryimage\"},\"image\":{\"@id\":\"https:\/\/www.institutodeengenharia.org.br\/site\/2021\/08\/02\/ie-talks-projeto-de-um-novo-acesso-para-barcarena-e-ilha-do-marajo\/#primaryimage\"},\"thumbnailUrl\":\"https:\/\/www.institutodeengenharia.org.br\/site\/wp-content\/uploads\/2021\/07\/Imagem1-1.webp\",\"datePublished\":\"2021-08-02T15:19:24+00:00\",\"dateModified\":\"2021-08-09T15:19:38+00:00\",\"breadcrumb\":{\"@id\":\"https:\/\/www.institutodeengenharia.org.br\/site\/2021\/08\/02\/ie-talks-projeto-de-um-novo-acesso-para-barcarena-e-ilha-do-marajo\/#breadcrumb\"},\"inLanguage\":\"pt-BR\",\"potentialAction\":[{\"@type\":\"ReadAction\",\"target\":[\"https:\/\/www.institutodeengenharia.org.br\/site\/2021\/08\/02\/ie-talks-projeto-de-um-novo-acesso-para-barcarena-e-ilha-do-marajo\/\"]}]},{\"@type\":\"ImageObject\",\"inLanguage\":\"pt-BR\",\"@id\":\"https:\/\/www.institutodeengenharia.org.br\/site\/2021\/08\/02\/ie-talks-projeto-de-um-novo-acesso-para-barcarena-e-ilha-do-marajo\/#primaryimage\",\"url\":\"https:\/\/www.institutodeengenharia.org.br\/site\/wp-content\/uploads\/2021\/07\/Imagem1-1.webp\",\"contentUrl\":\"https:\/\/www.institutodeengenharia.org.br\/site\/wp-content\/uploads\/2021\/07\/Imagem1-1.webp\",\"width\":1400,\"height\":776},{\"@type\":\"BreadcrumbList\",\"@id\":\"https:\/\/www.institutodeengenharia.org.br\/site\/2021\/08\/02\/ie-talks-projeto-de-um-novo-acesso-para-barcarena-e-ilha-do-marajo\/#breadcrumb\",\"itemListElement\":[{\"@type\":\"ListItem\",\"position\":1,\"name\":\"In\u00edcio\",\"item\":\"https:\/\/www.institutodeengenharia.org.br\/site\/\"},{\"@type\":\"ListItem\",\"position\":2,\"name\":\"IE Talks: &#8211; Projeto de um novo acesso para Barcarena e Ilha do Maraj\u00f3\"}]},{\"@type\":\"WebSite\",\"@id\":\"https:\/\/www.institutodeengenharia.org.br\/site\/#website\",\"url\":\"https:\/\/www.institutodeengenharia.org.br\/site\/\",\"name\":\"Instituto de Engenharia\",\"description\":\"O Instituto de Engenharia promove a Engenharia em benef\u00edcio do desenvolvimento e da qualidade de vida da sociedade.\",\"publisher\":{\"@id\":\"https:\/\/www.institutodeengenharia.org.br\/site\/#organization\"},\"potentialAction\":[{\"@type\":\"SearchAction\",\"target\":{\"@type\":\"EntryPoint\",\"urlTemplate\":\"https:\/\/www.institutodeengenharia.org.br\/site\/?s={search_term_string}\"},\"query-input\":{\"@type\":\"PropertyValueSpecification\",\"valueRequired\":true,\"valueName\":\"search_term_string\"}}],\"inLanguage\":\"pt-BR\"},{\"@type\":\"Organization\",\"@id\":\"https:\/\/www.institutodeengenharia.org.br\/site\/#organization\",\"name\":\"Instituto de Engenharia\",\"url\":\"https:\/\/www.institutodeengenharia.org.br\/site\/\",\"logo\":{\"@type\":\"ImageObject\",\"inLanguage\":\"pt-BR\",\"@id\":\"https:\/\/www.institutodeengenharia.org.br\/site\/#\/schema\/logo\/image\/\",\"url\":\"https:\/\/www.institutodeengenharia.org.br\/site\/wp-content\/uploads\/2019\/03\/logo-novo-IE2018-1.jpg\",\"contentUrl\":\"https:\/\/www.institutodeengenharia.org.br\/site\/wp-content\/uploads\/2019\/03\/logo-novo-IE2018-1.jpg\",\"width\":1486,\"height\":1879,\"caption\":\"Instituto de Engenharia\"},\"image\":{\"@id\":\"https:\/\/www.institutodeengenharia.org.br\/site\/#\/schema\/logo\/image\/\"},\"sameAs\":[\"https:\/\/www.facebook.com\/institutodeengenharia\",\"https:\/\/x.com\/iengenharia\",\"https:\/\/www.instagram.com\/institutodeengenharia\/\",\"https:\/\/www.linkedin.com\/company\/instituto-de-engenharia\/\",\"https:\/\/www.youtube.com\/channel\/UCXiCAlsSMe977vamW915HxA\"]},{\"@type\":\"Person\",\"@id\":\"https:\/\/www.institutodeengenharia.org.br\/site\/#\/schema\/person\/aeb64951c405e100d26d30b033dd423f\",\"name\":\"Bianca\",\"image\":{\"@type\":\"ImageObject\",\"inLanguage\":\"pt-BR\",\"@id\":\"https:\/\/secure.gravatar.com\/avatar\/a6fbe9bff57405baf4c1e2c5c1811e072b558253974a9f9508f4678900c97c2a?s=96&d=mm&r=g\",\"url\":\"https:\/\/secure.gravatar.com\/avatar\/a6fbe9bff57405baf4c1e2c5c1811e072b558253974a9f9508f4678900c97c2a?s=96&d=mm&r=g\",\"contentUrl\":\"https:\/\/secure.gravatar.com\/avatar\/a6fbe9bff57405baf4c1e2c5c1811e072b558253974a9f9508f4678900c97c2a?s=96&d=mm&r=g\",\"caption\":\"Bianca\"},\"url\":\"https:\/\/www.institutodeengenharia.org.br\/site\/author\/comunicacao1\/\"}]}<\/script>\n<!-- \/ Yoast SEO plugin. -->","yoast_head_json":{"title":"IE Talks: - Projeto de um novo acesso para Barcarena e Ilha do Maraj\u00f3 - Instituto de Engenharia","robots":{"index":"index","follow":"follow","max-snippet":"max-snippet:-1","max-image-preview":"max-image-preview:large","max-video-preview":"max-video-preview:-1"},"canonical":"https:\/\/www.institutodeengenharia.org.br\/site\/2021\/08\/02\/ie-talks-projeto-de-um-novo-acesso-para-barcarena-e-ilha-do-marajo\/","og_locale":"pt_BR","og_type":"article","og_title":"IE Talks: - Projeto de um novo acesso para Barcarena e Ilha do Maraj\u00f3","og_description":"Assista abaixo \u00e0 grava\u00e7\u00e3o do evento","og_url":"https:\/\/www.institutodeengenharia.org.br\/site\/2021\/08\/02\/ie-talks-projeto-de-um-novo-acesso-para-barcarena-e-ilha-do-marajo\/","og_site_name":"Instituto de Engenharia","article_publisher":"https:\/\/www.facebook.com\/institutodeengenharia","article_published_time":"2021-08-02T15:19:24+00:00","article_modified_time":"2021-08-09T15:19:38+00:00","og_image":[{"width":1280,"height":853,"url":"https:\/\/www.institutodeengenharia.org.br\/site\/wp-content\/uploads\/2019\/08\/tv_engenharia.jpg","type":"image\/jpeg"}],"author":"Bianca","twitter_card":"summary_large_image","twitter_title":"IE Talks: - Projeto de um novo acesso para Barcarena e Ilha do Maraj\u00f3","twitter_description":"Assista abaixo \u00e0 grava\u00e7\u00e3o do evento","twitter_image":"https:\/\/www.institutodeengenharia.org.br\/site\/wp-content\/uploads\/2019\/08\/tv_engenharia.jpg","twitter_creator":"@iengenharia","twitter_site":"@iengenharia","twitter_misc":{"Escrito por":"Bianca","Est. tempo de leitura":"3 minutos"},"schema":{"@context":"https:\/\/schema.org","@graph":[{"@type":"Article","@id":"https:\/\/www.institutodeengenharia.org.br\/site\/2021\/08\/02\/ie-talks-projeto-de-um-novo-acesso-para-barcarena-e-ilha-do-marajo\/#article","isPartOf":{"@id":"https:\/\/www.institutodeengenharia.org.br\/site\/2021\/08\/02\/ie-talks-projeto-de-um-novo-acesso-para-barcarena-e-ilha-do-marajo\/"},"author":{"name":"Bianca","@id":"https:\/\/www.institutodeengenharia.org.br\/site\/#\/schema\/person\/aeb64951c405e100d26d30b033dd423f"},"headline":"IE Talks: &#8211; Projeto de um novo acesso para Barcarena e Ilha do Maraj\u00f3","datePublished":"2021-08-02T15:19:24+00:00","dateModified":"2021-08-09T15:19:38+00:00","mainEntityOfPage":{"@id":"https:\/\/www.institutodeengenharia.org.br\/site\/2021\/08\/02\/ie-talks-projeto-de-um-novo-acesso-para-barcarena-e-ilha-do-marajo\/"},"wordCount":466,"commentCount":0,"publisher":{"@id":"https:\/\/www.institutodeengenharia.org.br\/site\/#organization"},"image":{"@id":"https:\/\/www.institutodeengenharia.org.br\/site\/2021\/08\/02\/ie-talks-projeto-de-um-novo-acesso-para-barcarena-e-ilha-do-marajo\/#primaryimage"},"thumbnailUrl":"https:\/\/www.institutodeengenharia.org.br\/site\/wp-content\/uploads\/2021\/07\/Imagem1-1.webp","articleSection":["Nova TV Engenharia","Palestra"],"inLanguage":"pt-BR","potentialAction":[{"@type":"CommentAction","name":"Comment","target":["https:\/\/www.institutodeengenharia.org.br\/site\/2021\/08\/02\/ie-talks-projeto-de-um-novo-acesso-para-barcarena-e-ilha-do-marajo\/#respond"]}]},{"@type":"WebPage","@id":"https:\/\/www.institutodeengenharia.org.br\/site\/2021\/08\/02\/ie-talks-projeto-de-um-novo-acesso-para-barcarena-e-ilha-do-marajo\/","url":"https:\/\/www.institutodeengenharia.org.br\/site\/2021\/08\/02\/ie-talks-projeto-de-um-novo-acesso-para-barcarena-e-ilha-do-marajo\/","name":"IE Talks: - Projeto de um novo acesso para Barcarena e Ilha do Maraj\u00f3 - Instituto de Engenharia","isPartOf":{"@id":"https:\/\/www.institutodeengenharia.org.br\/site\/#website"},"primaryImageOfPage":{"@id":"https:\/\/www.institutodeengenharia.org.br\/site\/2021\/08\/02\/ie-talks-projeto-de-um-novo-acesso-para-barcarena-e-ilha-do-marajo\/#primaryimage"},"image":{"@id":"https:\/\/www.institutodeengenharia.org.br\/site\/2021\/08\/02\/ie-talks-projeto-de-um-novo-acesso-para-barcarena-e-ilha-do-marajo\/#primaryimage"},"thumbnailUrl":"https:\/\/www.institutodeengenharia.org.br\/site\/wp-content\/uploads\/2021\/07\/Imagem1-1.webp","datePublished":"2021-08-02T15:19:24+00:00","dateModified":"2021-08-09T15:19:38+00:00","breadcrumb":{"@id":"https:\/\/www.institutodeengenharia.org.br\/site\/2021\/08\/02\/ie-talks-projeto-de-um-novo-acesso-para-barcarena-e-ilha-do-marajo\/#breadcrumb"},"inLanguage":"pt-BR","potentialAction":[{"@type":"ReadAction","target":["https:\/\/www.institutodeengenharia.org.br\/site\/2021\/08\/02\/ie-talks-projeto-de-um-novo-acesso-para-barcarena-e-ilha-do-marajo\/"]}]},{"@type":"ImageObject","inLanguage":"pt-BR","@id":"https:\/\/www.institutodeengenharia.org.br\/site\/2021\/08\/02\/ie-talks-projeto-de-um-novo-acesso-para-barcarena-e-ilha-do-marajo\/#primaryimage","url":"https:\/\/www.institutodeengenharia.org.br\/site\/wp-content\/uploads\/2021\/07\/Imagem1-1.webp","contentUrl":"https:\/\/www.institutodeengenharia.org.br\/site\/wp-content\/uploads\/2021\/07\/Imagem1-1.webp","width":1400,"height":776},{"@type":"BreadcrumbList","@id":"https:\/\/www.institutodeengenharia.org.br\/site\/2021\/08\/02\/ie-talks-projeto-de-um-novo-acesso-para-barcarena-e-ilha-do-marajo\/#breadcrumb","itemListElement":[{"@type":"ListItem","position":1,"name":"In\u00edcio","item":"https:\/\/www.institutodeengenharia.org.br\/site\/"},{"@type":"ListItem","position":2,"name":"IE Talks: &#8211; Projeto de um novo acesso para Barcarena e Ilha do Maraj\u00f3"}]},{"@type":"WebSite","@id":"https:\/\/www.institutodeengenharia.org.br\/site\/#website","url":"https:\/\/www.institutodeengenharia.org.br\/site\/","name":"Instituto de Engenharia","description":"O Instituto de Engenharia promove a Engenharia em benef\u00edcio do desenvolvimento e da qualidade de vida da sociedade.","publisher":{"@id":"https:\/\/www.institutodeengenharia.org.br\/site\/#organization"},"potentialAction":[{"@type":"SearchAction","target":{"@type":"EntryPoint","urlTemplate":"https:\/\/www.institutodeengenharia.org.br\/site\/?s={search_term_string}"},"query-input":{"@type":"PropertyValueSpecification","valueRequired":true,"valueName":"search_term_string"}}],"inLanguage":"pt-BR"},{"@type":"Organization","@id":"https:\/\/www.institutodeengenharia.org.br\/site\/#organization","name":"Instituto de Engenharia","url":"https:\/\/www.institutodeengenharia.org.br\/site\/","logo":{"@type":"ImageObject","inLanguage":"pt-BR","@id":"https:\/\/www.institutodeengenharia.org.br\/site\/#\/schema\/logo\/image\/","url":"https:\/\/www.institutodeengenharia.org.br\/site\/wp-content\/uploads\/2019\/03\/logo-novo-IE2018-1.jpg","contentUrl":"https:\/\/www.institutodeengenharia.org.br\/site\/wp-content\/uploads\/2019\/03\/logo-novo-IE2018-1.jpg","width":1486,"height":1879,"caption":"Instituto de Engenharia"},"image":{"@id":"https:\/\/www.institutodeengenharia.org.br\/site\/#\/schema\/logo\/image\/"},"sameAs":["https:\/\/www.facebook.com\/institutodeengenharia","https:\/\/x.com\/iengenharia","https:\/\/www.instagram.com\/institutodeengenharia\/","https:\/\/www.linkedin.com\/company\/instituto-de-engenharia\/","https:\/\/www.youtube.com\/channel\/UCXiCAlsSMe977vamW915HxA"]},{"@type":"Person","@id":"https:\/\/www.institutodeengenharia.org.br\/site\/#\/schema\/person\/aeb64951c405e100d26d30b033dd423f","name":"Bianca","image":{"@type":"ImageObject","inLanguage":"pt-BR","@id":"https:\/\/secure.gravatar.com\/avatar\/a6fbe9bff57405baf4c1e2c5c1811e072b558253974a9f9508f4678900c97c2a?s=96&d=mm&r=g","url":"https:\/\/secure.gravatar.com\/avatar\/a6fbe9bff57405baf4c1e2c5c1811e072b558253974a9f9508f4678900c97c2a?s=96&d=mm&r=g","contentUrl":"https:\/\/secure.gravatar.com\/avatar\/a6fbe9bff57405baf4c1e2c5c1811e072b558253974a9f9508f4678900c97c2a?s=96&d=mm&r=g","caption":"Bianca"},"url":"https:\/\/www.institutodeengenharia.org.br\/site\/author\/comunicacao1\/"}]}},"_links":{"self":[{"href":"https:\/\/www.institutodeengenharia.org.br\/site\/wp-json\/wp\/v2\/posts\/83853","targetHints":{"allow":["GET"]}}],"collection":[{"href":"https:\/\/www.institutodeengenharia.org.br\/site\/wp-json\/wp\/v2\/posts"}],"about":[{"href":"https:\/\/www.institutodeengenharia.org.br\/site\/wp-json\/wp\/v2\/types\/post"}],"author":[{"embeddable":true,"href":"https:\/\/www.institutodeengenharia.org.br\/site\/wp-json\/wp\/v2\/users\/13"}],"replies":[{"embeddable":true,"href":"https:\/\/www.institutodeengenharia.org.br\/site\/wp-json\/wp\/v2\/comments?post=83853"}],"version-history":[{"count":1,"href":"https:\/\/www.institutodeengenharia.org.br\/site\/wp-json\/wp\/v2\/posts\/83853\/revisions"}],"predecessor-version":[{"id":83854,"href":"https:\/\/www.institutodeengenharia.org.br\/site\/wp-json\/wp\/v2\/posts\/83853\/revisions\/83854"}],"wp:featuredmedia":[{"embeddable":true,"href":"https:\/\/www.institutodeengenharia.org.br\/site\/wp-json\/wp\/v2\/media\/83325"}],"wp:attachment":[{"href":"https:\/\/www.institutodeengenharia.org.br\/site\/wp-json\/wp\/v2\/media?parent=83853"}],"wp:term":[{"taxonomy":"category","embeddable":true,"href":"https:\/\/www.institutodeengenharia.org.br\/site\/wp-json\/wp\/v2\/categories?post=83853"},{"taxonomy":"post_tag","embeddable":true,"href":"https:\/\/www.institutodeengenharia.org.br\/site\/wp-json\/wp\/v2\/tags?post=83853"}],"curies":[{"name":"wp","href":"https:\/\/api.w.org\/{rel}","templated":true}]}}