{"id":83499,"date":"2021-07-27T10:24:56","date_gmt":"2021-07-27T13:24:56","guid":{"rendered":"https:\/\/www.institutodeengenharia.org.br\/site\/?p=83499"},"modified":"2021-07-29T10:25:31","modified_gmt":"2021-07-29T13:25:31","slug":"parcelamento-do-solo-a-cidade-legal-e-a-cidade-real","status":"publish","type":"post","link":"https:\/\/www.institutodeengenharia.org.br\/site\/2021\/07\/27\/parcelamento-do-solo-a-cidade-legal-e-a-cidade-real\/","title":{"rendered":"Parcelamento do Solo \u2013 A cidade legal e a cidade real"},"content":{"rendered":"<p><strong>Assista abaixo \u00e0 grava\u00e7\u00e3o do evento:<\/strong><\/p>\n<p><iframe loading=\"lazy\" src=\"https:\/\/player.vimeo.com\/video\/580291094\" width=\"640\" height=\"564\" frameborder=\"0\" allowfullscreen=\"allowfullscreen\"><\/iframe><\/p>\n<p><strong>+ Informa\u00e7\u00f5es:\u00a0<\/strong><\/p>\n<div>\n<p>Ser\u00e3o apresentados os procedimentos t\u00e9cnicos do Parcelamento do Solo, Legisla\u00e7\u00e3o e demais atividades t\u00e9cnicas inerentes.<\/p>\n<p><strong>P\u00fablico-alvo:<\/strong><\/p>\n<p>A palestra \u00e9 destinada a engenheiros e t\u00e9cnicos que atuem em per\u00edcias, assim como pessoas que queiram ampliar seus conhecimentos sobre parcelamento, uso e ocupa\u00e7\u00e3o do solo.<\/p>\n<p><strong>Palestrante:<\/strong><\/p>\n<p><img loading=\"lazy\" decoding=\"async\" class=\"alignnone size-full wp-image-83007 td-animation-stack-type0-2\" src=\"https:\/\/www.institutodeengenharia.org.br\/site\/wp-content\/uploads\/2021\/07\/jonas.jpg\" alt=\"\" width=\"139\" height=\"136\" \/><\/p>\n<p><strong>Eng. Jonas Mattos \u2013 Especialista em Parcelamento do Solo<\/strong><\/p>\n<p>Engenheiro Civil formado pela Faculdade de Engenharia S\u00e3o Paulo, tendo como \u00e1reas de atua\u00e7\u00e3o profissional: Engenharia Legal; Aprova\u00e7\u00e3o de Projetos Habitacionais e Parcelamento do Solo; Per\u00edcias Judiciais e Extrajudiciais, tendo realizado mais de 3.333 trabalhos.<\/p>\n<ul>\n<li>Especialista em Parcelamento do Solo \u2013 Universidade SECOVI;<\/li>\n<li>Membro do Instituto de Engenharia;<\/li>\n<li>Membro do Comit\u00ea de Constru\u00e7\u00e3o Civil CE-02:012-1 \u2013 Comiss\u00e3o de Estudo de Per\u00edcias de Engenharia na Constru\u00e7\u00e3o Civil \u2013 Revis\u00e3o da NBR 13752;<\/li>\n<li>Membro Titular do Instituto de Engenharia;<\/li>\n<li>Membro Titular do Instituto Brasileiro de Avalia\u00e7\u00e3o e Periciais de S\u00e3o Paulo \/ IBAPE \u2013 SP;<\/li>\n<li>Professor Universit\u00e1rio.<\/li>\n<\/ul>\n<p><strong>Moderador:<\/strong><\/p>\n<p><img loading=\"lazy\" decoding=\"async\" class=\"alignnone wp-image-77749 td-animation-stack-type0-2\" src=\"https:\/\/www.institutodeengenharia.org.br\/site\/wp-content\/uploads\/2021\/02\/Ricardo-Imamura.jpg\" alt=\"\" width=\"139\" height=\"191\" srcset=\"https:\/\/www.institutodeengenharia.org.br\/site\/wp-content\/uploads\/2021\/02\/Ricardo-Imamura.jpg 513w, https:\/\/www.institutodeengenharia.org.br\/site\/wp-content\/uploads\/2021\/02\/Ricardo-Imamura-217x300.jpg 217w, https:\/\/www.institutodeengenharia.org.br\/site\/wp-content\/uploads\/2021\/02\/Ricardo-Imamura-304x420.jpg 304w\" sizes=\"auto, (max-width: 139px) 100vw, 139px\" \/><\/p>\n<p><strong>Eng. Ricardo Henrique de A. Imamura \u2013 Coordenador da Divis\u00e3o T\u00e9cnica de Avalia\u00e7\u00f5es e Per\u00edcias<\/strong><\/p>\n<p>Engenheiro Civil pela Escola de Engenharia de Lins, 1977.<\/p>\n<p>Engenheiro pela Empresa Consultora Hidroservice \u2013 Engenharia de Projetos Ltda., atuando na Unidade de Gest\u00e3o de Contratos e Custos, Elabora\u00e7\u00e3o de Propostas T\u00e9cnicas e Econ\u00f4mico-Financeiras e Comerciais.<\/p>\n<p>Engenheiro pela S.A. Ind\u00fastrias Votorantim, Assessor da Diretoria pela Empresa Consultora Matricial Projetos e Consultoria Ltda<em>.\u00a0<\/em>S\u00f3cio Propriet\u00e1rio da R.H. Imamura Peritos Consultores. S\u00f3cio Propriet\u00e1rio da Advisors Committee.<\/p>\n<p>Perito Judicial de diversas Varas C\u00edveis e da Fazenda P\u00fablica no Estado de S\u00e3o Paulo, desde 1978. Dentre sua experi\u00eancia como Perito Judicial, encontram-se a Elabora\u00e7\u00e3o de mais de 4.400 Laudos de Engenharia Legal de naturezas diversas ressaltando-se: Desapropria\u00e7\u00f5es; Servid\u00f5es, Avalia\u00e7\u00f5es, Engenharia Econ\u00f4mica (Contratos e Obras de Engenharia Civil); Gest\u00e3o de Custos de Projetos e Empreendimentos, Inspe\u00e7\u00e3o Predial, Ambientais, etc.<\/p>\n<p>Coordenador da Divis\u00e3o T\u00e9cnica de Avalia\u00e7\u00f5es e Per\u00edcias, Vice-Coordenador da Divis\u00e3o T\u00e9cnica de Compliance, Conselheiro e Perito Especialista da C\u00e2mara de Media\u00e7\u00e3o e Arbitragem do Instituto de Engenharia \u2013 S\u00e3o Paulo. Membro de diversas Associa\u00e7\u00f5es.<\/p>\n<p>Medalha de Ouro pelo Melhor Trabalho T\u00e9cnico de 2020, \u201cEngenharia de Per\u00edcias e Avalia\u00e7\u00f5es\u201d e Medalha de Ouro pela \u201cMelhor Avalia\u00e7\u00e3o qualitativa.<\/p>\n<p><strong>Co-Moderador:<\/strong><\/p>\n<p><img loading=\"lazy\" decoding=\"async\" class=\"alignnone size-full wp-image-83008 td-animation-stack-type0-2\" src=\"https:\/\/www.institutodeengenharia.org.br\/site\/wp-content\/uploads\/2021\/07\/paulomagri.jpg\" alt=\"\" width=\"147\" height=\"168\" \/><\/p>\n<p><strong>Eng. Paulo Magri \u2013 Diretor Cultural do IBAPE\/SP \u2013 bi\u00eanio 20\/21<\/strong><\/p>\n<p>Engenheiro Civil pela Escola de Engenharia Mau\u00e1 \u2013 IMT (1986); administra\u00e7\u00e3o de empresas pela Funda\u00e7\u00e3o Carlos Alberto Vanzolini (1989); engenheiro de seguran\u00e7a do trabalho (1994) pela Universidade Presbiteriana Mackenzie; Mestre em Tecnologia da Constru\u00e7\u00e3o de Edif\u00edcios pelo IPT-USP (2003). Perito Judicial em Varas C\u00edveis e da Fazenda P\u00fablica da Capital e interior. Membro Titular do IBAPE\/SP. Membro Titular do Instituto de Engenharia. Professor do Curso de Per\u00edcia Grafosc\u00f3pica do IBAPE\/SP e Coordenador da revis\u00e3o da Norma de Grafoscopia do IBAPE\/SP. Atualmente \u00e9 Diretor Cultural do IBAPE\/SP \u2013 bi\u00eanio 20\/21.<\/p>\n<p><strong>Realiza\u00e7\u00e3o:<\/strong><\/p>\n<p><strong>Eng. Ivan Metran Whately<\/strong>\u00a0\u2013 Vice-Presidente de Atividades T\u00e9cnicas<\/p>\n<p><strong>Eng.\u00aa D\u00e9bora Sanches de A. Marinello<\/strong>\u00a0\u2013 Diretora do Departamento de Engenharia de Produ\u00e7\u00e3o<\/p>\n<p><strong>Eng. Ricardo Henrique de A. Imamura<\/strong>\u00a0\u2013 Coordenador da Divis\u00e3o T\u00e9cnica de Avalia\u00e7\u00f5es e Per\u00edcias<\/p>\n<p><strong>Eng.<u><sup>a<\/sup><\/u>\u00a0Miriana Marques<\/strong>\u00a0\u2013 Vice-Coordenadora da Divis\u00e3o T\u00e9cnica de Avalia\u00e7\u00f5es e Per\u00edcias<\/p>\n<p><strong>Eng. Evandro Henrique<\/strong>\u00a0\u2013 Secret\u00e1rio da Divis\u00e3o T\u00e9cnica de Avalia\u00e7\u00f5es e Per\u00edcias<\/p>\n<p><strong>Apoio Institucional:<\/strong><\/p>\n<p><img loading=\"lazy\" decoding=\"async\" class=\"alignnone wp-image-77696 td-animation-stack-type0-2\" src=\"https:\/\/www.institutodeengenharia.org.br\/site\/wp-content\/uploads\/2021\/02\/crea.jpg\" alt=\"\" width=\"142\" height=\"100\" srcset=\"https:\/\/www.institutodeengenharia.org.br\/site\/wp-content\/uploads\/2021\/02\/crea.jpg 448w, https:\/\/www.institutodeengenharia.org.br\/site\/wp-content\/uploads\/2021\/02\/crea-300x211.jpg 300w, https:\/\/www.institutodeengenharia.org.br\/site\/wp-content\/uploads\/2021\/02\/crea-100x70.jpg 100w\" sizes=\"auto, (max-width: 142px) 100vw, 142px\" \/><\/p>\n<p><strong>Apoio \u00e0 forma\u00e7\u00e3o:\u00a0<\/strong><\/p>\n<p>Espa\u00e7o aberto ao CREA-SP, objetivando o aperfei\u00e7oamento dos profissionais e o aprimoramento da fiscaliza\u00e7\u00e3o das \u00e1reas abrangidas pelo Sistema Confea\/CREAs, al\u00e9m de promover a conscientiza\u00e7\u00e3o da sociedade quanto \u00e0 necessidade e obrigatoriedade de contratar um profissional devidamente habilitado.<\/p>\n<\/div>\n","protected":false},"excerpt":{"rendered":"<p>Assista abaixo \u00e0 grava\u00e7\u00e3o do evento: + Informa\u00e7\u00f5es:\u00a0 Ser\u00e3o apresentados os procedimentos t\u00e9cnicos do Parcelamento do Solo, Legisla\u00e7\u00e3o e demais atividades t\u00e9cnicas inerentes. P\u00fablico-alvo: A palestra \u00e9 destinada a engenheiros e t\u00e9cnicos que atuem em per\u00edcias, assim como pessoas que queiram ampliar seus conhecimentos sobre parcelamento, uso e ocupa\u00e7\u00e3o do solo. Palestrante: Eng. Jonas Mattos [&hellip;]<\/p>\n","protected":false},"author":13,"featured_media":83039,"comment_status":"open","ping_status":"open","sticky":false,"template":"","format":"standard","meta":{"footnotes":""},"categories":[46,67,12,968,969],"tags":[],"class_list":{"0":"post-83499","1":"post","2":"type-post","3":"status-publish","4":"format-standard","5":"has-post-thumbnail","7":"category-departamento-desenvolvimento-de-gestao-e-objetivos","8":"category-divisao-de-avaliacoes-e-pericias","9":"category-divisoes-tecnicas","10":"category-nova-tv-engenharia","11":"category-palestra"},"yoast_head":"<!-- This site is optimized with the Yoast SEO plugin v27.2 - https:\/\/yoast.com\/product\/yoast-seo-wordpress\/ -->\n<title>Parcelamento do Solo \u2013 A cidade legal e a cidade real - Instituto de Engenharia<\/title>\n<meta name=\"robots\" content=\"index, follow, max-snippet:-1, max-image-preview:large, max-video-preview:-1\" \/>\n<link rel=\"canonical\" href=\"https:\/\/www.institutodeengenharia.org.br\/site\/2021\/07\/27\/parcelamento-do-solo-a-cidade-legal-e-a-cidade-real\/\" \/>\n<meta property=\"og:locale\" content=\"pt_BR\" \/>\n<meta property=\"og:type\" content=\"article\" \/>\n<meta property=\"og:title\" content=\"Parcelamento do Solo \u2013 A cidade legal e a cidade real\" \/>\n<meta property=\"og:description\" content=\"Assista abaixo \u00e0 grava\u00e7\u00e3o do evento\" \/>\n<meta property=\"og:url\" content=\"https:\/\/www.institutodeengenharia.org.br\/site\/2021\/07\/27\/parcelamento-do-solo-a-cidade-legal-e-a-cidade-real\/\" \/>\n<meta property=\"og:site_name\" content=\"Instituto de Engenharia\" \/>\n<meta property=\"article:publisher\" content=\"https:\/\/www.facebook.com\/institutodeengenharia\" \/>\n<meta property=\"article:published_time\" content=\"2021-07-27T13:24:56+00:00\" \/>\n<meta property=\"article:modified_time\" content=\"2021-07-29T13:25:31+00:00\" \/>\n<meta property=\"og:image\" content=\"https:\/\/www.institutodeengenharia.org.br\/site\/wp-content\/uploads\/2021\/07\/MicrosoftTeams-image-7-scaled.jpg\" \/>\n\t<meta property=\"og:image:width\" content=\"2560\" \/>\n\t<meta property=\"og:image:height\" content=\"1920\" \/>\n\t<meta property=\"og:image:type\" content=\"image\/jpeg\" \/>\n<meta name=\"author\" content=\"Bianca\" \/>\n<meta name=\"twitter:card\" content=\"summary_large_image\" \/>\n<meta name=\"twitter:title\" content=\"Parcelamento do Solo \u2013 A cidade legal e a cidade real\" \/>\n<meta name=\"twitter:description\" content=\"Assista abaixo \u00e0 grava\u00e7\u00e3o do evento\" \/>\n<meta name=\"twitter:image\" content=\"https:\/\/www.institutodeengenharia.org.br\/site\/wp-content\/uploads\/2021\/07\/MicrosoftTeams-image-7-scaled.jpg\" \/>\n<meta name=\"twitter:creator\" content=\"@iengenharia\" \/>\n<meta name=\"twitter:site\" content=\"@iengenharia\" \/>\n<meta name=\"twitter:label1\" content=\"Escrito por\" \/>\n\t<meta name=\"twitter:data1\" content=\"Bianca\" \/>\n\t<meta name=\"twitter:label2\" content=\"Est. tempo de leitura\" \/>\n\t<meta name=\"twitter:data2\" content=\"4 minutos\" \/>\n<script type=\"application\/ld+json\" class=\"yoast-schema-graph\">{\"@context\":\"https:\/\/schema.org\",\"@graph\":[{\"@type\":\"Article\",\"@id\":\"https:\/\/www.institutodeengenharia.org.br\/site\/2021\/07\/27\/parcelamento-do-solo-a-cidade-legal-e-a-cidade-real\/#article\",\"isPartOf\":{\"@id\":\"https:\/\/www.institutodeengenharia.org.br\/site\/2021\/07\/27\/parcelamento-do-solo-a-cidade-legal-e-a-cidade-real\/\"},\"author\":{\"name\":\"Bianca\",\"@id\":\"https:\/\/www.institutodeengenharia.org.br\/site\/#\/schema\/person\/aeb64951c405e100d26d30b033dd423f\"},\"headline\":\"Parcelamento do Solo \u2013 A cidade legal e a cidade real\",\"datePublished\":\"2021-07-27T13:24:56+00:00\",\"dateModified\":\"2021-07-29T13:25:31+00:00\",\"mainEntityOfPage\":{\"@id\":\"https:\/\/www.institutodeengenharia.org.br\/site\/2021\/07\/27\/parcelamento-do-solo-a-cidade-legal-e-a-cidade-real\/\"},\"wordCount\":639,\"commentCount\":0,\"publisher\":{\"@id\":\"https:\/\/www.institutodeengenharia.org.br\/site\/#organization\"},\"image\":{\"@id\":\"https:\/\/www.institutodeengenharia.org.br\/site\/2021\/07\/27\/parcelamento-do-solo-a-cidade-legal-e-a-cidade-real\/#primaryimage\"},\"thumbnailUrl\":\"https:\/\/www.institutodeengenharia.org.br\/site\/wp-content\/uploads\/2021\/07\/MicrosoftTeams-image-7-1.webp\",\"articleSection\":[\"Departamento Desenvolvimento de Gest\u00e3o e Objetivos\",\"Divis\u00e3o T\u00e9cnica de Avalia\u00e7\u00f5es e Per\u00edcias\",\"Divis\u00f5es T\u00e9cnicas\",\"Nova TV Engenharia\",\"Palestra\"],\"inLanguage\":\"pt-BR\",\"potentialAction\":[{\"@type\":\"CommentAction\",\"name\":\"Comment\",\"target\":[\"https:\/\/www.institutodeengenharia.org.br\/site\/2021\/07\/27\/parcelamento-do-solo-a-cidade-legal-e-a-cidade-real\/#respond\"]}]},{\"@type\":\"WebPage\",\"@id\":\"https:\/\/www.institutodeengenharia.org.br\/site\/2021\/07\/27\/parcelamento-do-solo-a-cidade-legal-e-a-cidade-real\/\",\"url\":\"https:\/\/www.institutodeengenharia.org.br\/site\/2021\/07\/27\/parcelamento-do-solo-a-cidade-legal-e-a-cidade-real\/\",\"name\":\"Parcelamento do Solo \u2013 A cidade legal e a cidade real - Instituto de Engenharia\",\"isPartOf\":{\"@id\":\"https:\/\/www.institutodeengenharia.org.br\/site\/#website\"},\"primaryImageOfPage\":{\"@id\":\"https:\/\/www.institutodeengenharia.org.br\/site\/2021\/07\/27\/parcelamento-do-solo-a-cidade-legal-e-a-cidade-real\/#primaryimage\"},\"image\":{\"@id\":\"https:\/\/www.institutodeengenharia.org.br\/site\/2021\/07\/27\/parcelamento-do-solo-a-cidade-legal-e-a-cidade-real\/#primaryimage\"},\"thumbnailUrl\":\"https:\/\/www.institutodeengenharia.org.br\/site\/wp-content\/uploads\/2021\/07\/MicrosoftTeams-image-7-1.webp\",\"datePublished\":\"2021-07-27T13:24:56+00:00\",\"dateModified\":\"2021-07-29T13:25:31+00:00\",\"breadcrumb\":{\"@id\":\"https:\/\/www.institutodeengenharia.org.br\/site\/2021\/07\/27\/parcelamento-do-solo-a-cidade-legal-e-a-cidade-real\/#breadcrumb\"},\"inLanguage\":\"pt-BR\",\"potentialAction\":[{\"@type\":\"ReadAction\",\"target\":[\"https:\/\/www.institutodeengenharia.org.br\/site\/2021\/07\/27\/parcelamento-do-solo-a-cidade-legal-e-a-cidade-real\/\"]}]},{\"@type\":\"ImageObject\",\"inLanguage\":\"pt-BR\",\"@id\":\"https:\/\/www.institutodeengenharia.org.br\/site\/2021\/07\/27\/parcelamento-do-solo-a-cidade-legal-e-a-cidade-real\/#primaryimage\",\"url\":\"https:\/\/www.institutodeengenharia.org.br\/site\/wp-content\/uploads\/2021\/07\/MicrosoftTeams-image-7-1.webp\",\"contentUrl\":\"https:\/\/www.institutodeengenharia.org.br\/site\/wp-content\/uploads\/2021\/07\/MicrosoftTeams-image-7-1.webp\",\"width\":1800,\"height\":1350},{\"@type\":\"BreadcrumbList\",\"@id\":\"https:\/\/www.institutodeengenharia.org.br\/site\/2021\/07\/27\/parcelamento-do-solo-a-cidade-legal-e-a-cidade-real\/#breadcrumb\",\"itemListElement\":[{\"@type\":\"ListItem\",\"position\":1,\"name\":\"In\u00edcio\",\"item\":\"https:\/\/www.institutodeengenharia.org.br\/site\/\"},{\"@type\":\"ListItem\",\"position\":2,\"name\":\"Parcelamento do Solo \u2013 A cidade legal e a cidade real\"}]},{\"@type\":\"WebSite\",\"@id\":\"https:\/\/www.institutodeengenharia.org.br\/site\/#website\",\"url\":\"https:\/\/www.institutodeengenharia.org.br\/site\/\",\"name\":\"Instituto de Engenharia\",\"description\":\"O Instituto de Engenharia promove a Engenharia em benef\u00edcio do desenvolvimento e da qualidade de vida da sociedade.\",\"publisher\":{\"@id\":\"https:\/\/www.institutodeengenharia.org.br\/site\/#organization\"},\"potentialAction\":[{\"@type\":\"SearchAction\",\"target\":{\"@type\":\"EntryPoint\",\"urlTemplate\":\"https:\/\/www.institutodeengenharia.org.br\/site\/?s={search_term_string}\"},\"query-input\":{\"@type\":\"PropertyValueSpecification\",\"valueRequired\":true,\"valueName\":\"search_term_string\"}}],\"inLanguage\":\"pt-BR\"},{\"@type\":\"Organization\",\"@id\":\"https:\/\/www.institutodeengenharia.org.br\/site\/#organization\",\"name\":\"Instituto de Engenharia\",\"url\":\"https:\/\/www.institutodeengenharia.org.br\/site\/\",\"logo\":{\"@type\":\"ImageObject\",\"inLanguage\":\"pt-BR\",\"@id\":\"https:\/\/www.institutodeengenharia.org.br\/site\/#\/schema\/logo\/image\/\",\"url\":\"https:\/\/www.institutodeengenharia.org.br\/site\/wp-content\/uploads\/2019\/03\/logo-novo-IE2018-1.jpg\",\"contentUrl\":\"https:\/\/www.institutodeengenharia.org.br\/site\/wp-content\/uploads\/2019\/03\/logo-novo-IE2018-1.jpg\",\"width\":1486,\"height\":1879,\"caption\":\"Instituto de Engenharia\"},\"image\":{\"@id\":\"https:\/\/www.institutodeengenharia.org.br\/site\/#\/schema\/logo\/image\/\"},\"sameAs\":[\"https:\/\/www.facebook.com\/institutodeengenharia\",\"https:\/\/x.com\/iengenharia\",\"https:\/\/www.instagram.com\/institutodeengenharia\/\",\"https:\/\/www.linkedin.com\/company\/instituto-de-engenharia\/\",\"https:\/\/www.youtube.com\/channel\/UCXiCAlsSMe977vamW915HxA\"]},{\"@type\":\"Person\",\"@id\":\"https:\/\/www.institutodeengenharia.org.br\/site\/#\/schema\/person\/aeb64951c405e100d26d30b033dd423f\",\"name\":\"Bianca\",\"image\":{\"@type\":\"ImageObject\",\"inLanguage\":\"pt-BR\",\"@id\":\"https:\/\/secure.gravatar.com\/avatar\/a6fbe9bff57405baf4c1e2c5c1811e072b558253974a9f9508f4678900c97c2a?s=96&d=mm&r=g\",\"url\":\"https:\/\/secure.gravatar.com\/avatar\/a6fbe9bff57405baf4c1e2c5c1811e072b558253974a9f9508f4678900c97c2a?s=96&d=mm&r=g\",\"contentUrl\":\"https:\/\/secure.gravatar.com\/avatar\/a6fbe9bff57405baf4c1e2c5c1811e072b558253974a9f9508f4678900c97c2a?s=96&d=mm&r=g\",\"caption\":\"Bianca\"},\"url\":\"https:\/\/www.institutodeengenharia.org.br\/site\/author\/comunicacao1\/\"}]}<\/script>\n<!-- \/ Yoast SEO plugin. -->","yoast_head_json":{"title":"Parcelamento do Solo \u2013 A cidade legal e a cidade real - Instituto de Engenharia","robots":{"index":"index","follow":"follow","max-snippet":"max-snippet:-1","max-image-preview":"max-image-preview:large","max-video-preview":"max-video-preview:-1"},"canonical":"https:\/\/www.institutodeengenharia.org.br\/site\/2021\/07\/27\/parcelamento-do-solo-a-cidade-legal-e-a-cidade-real\/","og_locale":"pt_BR","og_type":"article","og_title":"Parcelamento do Solo \u2013 A cidade legal e a cidade real","og_description":"Assista abaixo \u00e0 grava\u00e7\u00e3o do evento","og_url":"https:\/\/www.institutodeengenharia.org.br\/site\/2021\/07\/27\/parcelamento-do-solo-a-cidade-legal-e-a-cidade-real\/","og_site_name":"Instituto de Engenharia","article_publisher":"https:\/\/www.facebook.com\/institutodeengenharia","article_published_time":"2021-07-27T13:24:56+00:00","article_modified_time":"2021-07-29T13:25:31+00:00","og_image":[{"width":2560,"height":1920,"url":"https:\/\/www.institutodeengenharia.org.br\/site\/wp-content\/uploads\/2021\/07\/MicrosoftTeams-image-7-scaled.jpg","type":"image\/jpeg"}],"author":"Bianca","twitter_card":"summary_large_image","twitter_title":"Parcelamento do Solo \u2013 A cidade legal e a cidade real","twitter_description":"Assista abaixo \u00e0 grava\u00e7\u00e3o do evento","twitter_image":"https:\/\/www.institutodeengenharia.org.br\/site\/wp-content\/uploads\/2021\/07\/MicrosoftTeams-image-7-scaled.jpg","twitter_creator":"@iengenharia","twitter_site":"@iengenharia","twitter_misc":{"Escrito por":"Bianca","Est. tempo de leitura":"4 minutos"},"schema":{"@context":"https:\/\/schema.org","@graph":[{"@type":"Article","@id":"https:\/\/www.institutodeengenharia.org.br\/site\/2021\/07\/27\/parcelamento-do-solo-a-cidade-legal-e-a-cidade-real\/#article","isPartOf":{"@id":"https:\/\/www.institutodeengenharia.org.br\/site\/2021\/07\/27\/parcelamento-do-solo-a-cidade-legal-e-a-cidade-real\/"},"author":{"name":"Bianca","@id":"https:\/\/www.institutodeengenharia.org.br\/site\/#\/schema\/person\/aeb64951c405e100d26d30b033dd423f"},"headline":"Parcelamento do Solo \u2013 A cidade legal e a cidade real","datePublished":"2021-07-27T13:24:56+00:00","dateModified":"2021-07-29T13:25:31+00:00","mainEntityOfPage":{"@id":"https:\/\/www.institutodeengenharia.org.br\/site\/2021\/07\/27\/parcelamento-do-solo-a-cidade-legal-e-a-cidade-real\/"},"wordCount":639,"commentCount":0,"publisher":{"@id":"https:\/\/www.institutodeengenharia.org.br\/site\/#organization"},"image":{"@id":"https:\/\/www.institutodeengenharia.org.br\/site\/2021\/07\/27\/parcelamento-do-solo-a-cidade-legal-e-a-cidade-real\/#primaryimage"},"thumbnailUrl":"https:\/\/www.institutodeengenharia.org.br\/site\/wp-content\/uploads\/2021\/07\/MicrosoftTeams-image-7-1.webp","articleSection":["Departamento Desenvolvimento de Gest\u00e3o e Objetivos","Divis\u00e3o T\u00e9cnica de Avalia\u00e7\u00f5es e Per\u00edcias","Divis\u00f5es T\u00e9cnicas","Nova TV Engenharia","Palestra"],"inLanguage":"pt-BR","potentialAction":[{"@type":"CommentAction","name":"Comment","target":["https:\/\/www.institutodeengenharia.org.br\/site\/2021\/07\/27\/parcelamento-do-solo-a-cidade-legal-e-a-cidade-real\/#respond"]}]},{"@type":"WebPage","@id":"https:\/\/www.institutodeengenharia.org.br\/site\/2021\/07\/27\/parcelamento-do-solo-a-cidade-legal-e-a-cidade-real\/","url":"https:\/\/www.institutodeengenharia.org.br\/site\/2021\/07\/27\/parcelamento-do-solo-a-cidade-legal-e-a-cidade-real\/","name":"Parcelamento do Solo \u2013 A cidade legal e a cidade real - Instituto de Engenharia","isPartOf":{"@id":"https:\/\/www.institutodeengenharia.org.br\/site\/#website"},"primaryImageOfPage":{"@id":"https:\/\/www.institutodeengenharia.org.br\/site\/2021\/07\/27\/parcelamento-do-solo-a-cidade-legal-e-a-cidade-real\/#primaryimage"},"image":{"@id":"https:\/\/www.institutodeengenharia.org.br\/site\/2021\/07\/27\/parcelamento-do-solo-a-cidade-legal-e-a-cidade-real\/#primaryimage"},"thumbnailUrl":"https:\/\/www.institutodeengenharia.org.br\/site\/wp-content\/uploads\/2021\/07\/MicrosoftTeams-image-7-1.webp","datePublished":"2021-07-27T13:24:56+00:00","dateModified":"2021-07-29T13:25:31+00:00","breadcrumb":{"@id":"https:\/\/www.institutodeengenharia.org.br\/site\/2021\/07\/27\/parcelamento-do-solo-a-cidade-legal-e-a-cidade-real\/#breadcrumb"},"inLanguage":"pt-BR","potentialAction":[{"@type":"ReadAction","target":["https:\/\/www.institutodeengenharia.org.br\/site\/2021\/07\/27\/parcelamento-do-solo-a-cidade-legal-e-a-cidade-real\/"]}]},{"@type":"ImageObject","inLanguage":"pt-BR","@id":"https:\/\/www.institutodeengenharia.org.br\/site\/2021\/07\/27\/parcelamento-do-solo-a-cidade-legal-e-a-cidade-real\/#primaryimage","url":"https:\/\/www.institutodeengenharia.org.br\/site\/wp-content\/uploads\/2021\/07\/MicrosoftTeams-image-7-1.webp","contentUrl":"https:\/\/www.institutodeengenharia.org.br\/site\/wp-content\/uploads\/2021\/07\/MicrosoftTeams-image-7-1.webp","width":1800,"height":1350},{"@type":"BreadcrumbList","@id":"https:\/\/www.institutodeengenharia.org.br\/site\/2021\/07\/27\/parcelamento-do-solo-a-cidade-legal-e-a-cidade-real\/#breadcrumb","itemListElement":[{"@type":"ListItem","position":1,"name":"In\u00edcio","item":"https:\/\/www.institutodeengenharia.org.br\/site\/"},{"@type":"ListItem","position":2,"name":"Parcelamento do Solo \u2013 A cidade legal e a cidade real"}]},{"@type":"WebSite","@id":"https:\/\/www.institutodeengenharia.org.br\/site\/#website","url":"https:\/\/www.institutodeengenharia.org.br\/site\/","name":"Instituto de Engenharia","description":"O Instituto de Engenharia promove a Engenharia em benef\u00edcio do desenvolvimento e da qualidade de vida da sociedade.","publisher":{"@id":"https:\/\/www.institutodeengenharia.org.br\/site\/#organization"},"potentialAction":[{"@type":"SearchAction","target":{"@type":"EntryPoint","urlTemplate":"https:\/\/www.institutodeengenharia.org.br\/site\/?s={search_term_string}"},"query-input":{"@type":"PropertyValueSpecification","valueRequired":true,"valueName":"search_term_string"}}],"inLanguage":"pt-BR"},{"@type":"Organization","@id":"https:\/\/www.institutodeengenharia.org.br\/site\/#organization","name":"Instituto de Engenharia","url":"https:\/\/www.institutodeengenharia.org.br\/site\/","logo":{"@type":"ImageObject","inLanguage":"pt-BR","@id":"https:\/\/www.institutodeengenharia.org.br\/site\/#\/schema\/logo\/image\/","url":"https:\/\/www.institutodeengenharia.org.br\/site\/wp-content\/uploads\/2019\/03\/logo-novo-IE2018-1.jpg","contentUrl":"https:\/\/www.institutodeengenharia.org.br\/site\/wp-content\/uploads\/2019\/03\/logo-novo-IE2018-1.jpg","width":1486,"height":1879,"caption":"Instituto de Engenharia"},"image":{"@id":"https:\/\/www.institutodeengenharia.org.br\/site\/#\/schema\/logo\/image\/"},"sameAs":["https:\/\/www.facebook.com\/institutodeengenharia","https:\/\/x.com\/iengenharia","https:\/\/www.instagram.com\/institutodeengenharia\/","https:\/\/www.linkedin.com\/company\/instituto-de-engenharia\/","https:\/\/www.youtube.com\/channel\/UCXiCAlsSMe977vamW915HxA"]},{"@type":"Person","@id":"https:\/\/www.institutodeengenharia.org.br\/site\/#\/schema\/person\/aeb64951c405e100d26d30b033dd423f","name":"Bianca","image":{"@type":"ImageObject","inLanguage":"pt-BR","@id":"https:\/\/secure.gravatar.com\/avatar\/a6fbe9bff57405baf4c1e2c5c1811e072b558253974a9f9508f4678900c97c2a?s=96&d=mm&r=g","url":"https:\/\/secure.gravatar.com\/avatar\/a6fbe9bff57405baf4c1e2c5c1811e072b558253974a9f9508f4678900c97c2a?s=96&d=mm&r=g","contentUrl":"https:\/\/secure.gravatar.com\/avatar\/a6fbe9bff57405baf4c1e2c5c1811e072b558253974a9f9508f4678900c97c2a?s=96&d=mm&r=g","caption":"Bianca"},"url":"https:\/\/www.institutodeengenharia.org.br\/site\/author\/comunicacao1\/"}]}},"_links":{"self":[{"href":"https:\/\/www.institutodeengenharia.org.br\/site\/wp-json\/wp\/v2\/posts\/83499","targetHints":{"allow":["GET"]}}],"collection":[{"href":"https:\/\/www.institutodeengenharia.org.br\/site\/wp-json\/wp\/v2\/posts"}],"about":[{"href":"https:\/\/www.institutodeengenharia.org.br\/site\/wp-json\/wp\/v2\/types\/post"}],"author":[{"embeddable":true,"href":"https:\/\/www.institutodeengenharia.org.br\/site\/wp-json\/wp\/v2\/users\/13"}],"replies":[{"embeddable":true,"href":"https:\/\/www.institutodeengenharia.org.br\/site\/wp-json\/wp\/v2\/comments?post=83499"}],"version-history":[{"count":1,"href":"https:\/\/www.institutodeengenharia.org.br\/site\/wp-json\/wp\/v2\/posts\/83499\/revisions"}],"predecessor-version":[{"id":83500,"href":"https:\/\/www.institutodeengenharia.org.br\/site\/wp-json\/wp\/v2\/posts\/83499\/revisions\/83500"}],"wp:featuredmedia":[{"embeddable":true,"href":"https:\/\/www.institutodeengenharia.org.br\/site\/wp-json\/wp\/v2\/media\/83039"}],"wp:attachment":[{"href":"https:\/\/www.institutodeengenharia.org.br\/site\/wp-json\/wp\/v2\/media?parent=83499"}],"wp:term":[{"taxonomy":"category","embeddable":true,"href":"https:\/\/www.institutodeengenharia.org.br\/site\/wp-json\/wp\/v2\/categories?post=83499"},{"taxonomy":"post_tag","embeddable":true,"href":"https:\/\/www.institutodeengenharia.org.br\/site\/wp-json\/wp\/v2\/tags?post=83499"}],"curies":[{"name":"wp","href":"https:\/\/api.w.org\/{rel}","templated":true}]}}