{"id":83266,"date":"2021-07-22T14:02:49","date_gmt":"2021-07-22T17:02:49","guid":{"rendered":"https:\/\/www.institutodeengenharia.org.br\/site\/?p=83266"},"modified":"2021-07-23T14:03:03","modified_gmt":"2021-07-23T17:03:03","slug":"uma-solucao-atual-para-torres-eolicas-pre-moldadas-e-protendidas","status":"publish","type":"post","link":"https:\/\/www.institutodeengenharia.org.br\/site\/2021\/07\/22\/uma-solucao-atual-para-torres-eolicas-pre-moldadas-e-protendidas\/","title":{"rendered":"Uma solu\u00e7\u00e3o atual para torres e\u00f3licas pr\u00e9-moldadas e protendidas"},"content":{"rendered":"<p>&nbsp;<\/p>\n<p><strong>Assista abaixo \u00e0 grava\u00e7\u00e3o do evento:<\/strong><\/p>\n<p><iframe loading=\"lazy\" src=\"https:\/\/player.vimeo.com\/video\/578540531\" width=\"640\" height=\"564\" frameborder=\"0\" allowfullscreen=\"allowfullscreen\"><\/iframe><\/p>\n<p><strong>+ Informa\u00e7\u00f5es:\u00a0<\/strong><\/p>\n<div>\n<p>1 \u2013 Vantagens da solu\u00e7\u00e3o em concreto x met\u00e1lica;<\/p>\n<p>2 \u2013 Defini\u00e7\u00e3o das pe\u00e7as pr\u00e9-moldadas e sua fabrica\u00e7\u00e3o;<\/p>\n<p>3 \u2013 Transporte das pe\u00e7as pr\u00e9-moldadas e op\u00e7\u00e3o de f\u00e1brica itinerante;<\/p>\n<p>4 \u2013 Preparo dos cabos de protens\u00e3o e seus equipamentos especiais;<\/p>\n<p>5 \u2013 Esquema de enfia\u00e7\u00e3o dos cabos nas bainhas;<\/p>\n<p>6 \u2013 Protens\u00e3o;<\/p>\n<p>7 \u2013 Inje\u00e7\u00e3o dos cabos com coluna de 120,00 ml;<\/p>\n<p><strong>P\u00fablico-alvo:<\/strong><\/p>\n<p>Engenheiros civis formados e estudantes de engenharia civil.<\/p>\n<p><strong>Palestrante:<\/strong><\/p>\n<p><img loading=\"lazy\" decoding=\"async\" class=\"alignnone wp-image-82731 td-animation-stack-type0-2\" src=\"https:\/\/www.institutodeengenharia.org.br\/site\/wp-content\/uploads\/2021\/07\/evandro.jpg\" alt=\"\" width=\"234\" height=\"162\" srcset=\"https:\/\/www.institutodeengenharia.org.br\/site\/wp-content\/uploads\/2021\/07\/evandro.jpg 441w, https:\/\/www.institutodeengenharia.org.br\/site\/wp-content\/uploads\/2021\/07\/evandro-300x208.jpg 300w, https:\/\/www.institutodeengenharia.org.br\/site\/wp-content\/uploads\/2021\/07\/evandro-218x150.jpg 218w, https:\/\/www.institutodeengenharia.org.br\/site\/wp-content\/uploads\/2021\/07\/evandro-100x70.jpg 100w\" sizes=\"auto, (max-width: 234px) 100vw, 234px\" \/><\/p>\n<p><strong>Eng. Evandro Duarte \u2013 Diretor t\u00e9cnico e Executivo das empresas MAC Protens\u00e3o e Portante Engenharia de Projetos<\/strong><\/p>\n<p>Engenheiro civil formado pela Pontif\u00edcia Universidade Cat\u00f3lica do Rio de Janeiro no ano de 1971, p\u00f3s graduado em engenharia civil da PUC e COPPE, foi professor do Curso de Concreto Protendido para Engenheiros na Faculdade de Engenharia de Recife (PE), Professor do Curso de Concreto Protendido para Engenheiros e quintanistas de Engenharia na Faculdade de Barra do Pira\u00ed (RJ), Professor da cadeira de concreto protendido da UERJ e do IME, Professor da cadeira de Hiperest\u00e1tica da UERJ, membro da ASCE \u2013 AMERICAN SOCIETY OF CIVIL ENGINEERS, PCI \u2013 PRESTRESSED CONCRETE INSTITUTE e ACI \u2013 AMERICAN CONCRETE INSTITUTE; Conferencista na II Jornada Iberolatinoamericana de Concreto Protendido, Professor do Curso de Concreto Protendido para Engenheiros do Cear\u00e1 promovido pelo CREA-CE, palestrante no Curso de Aplica\u00e7\u00e3o de Programas para o uso em Estruturas com Computadores Digitais, Curso de Concreto Protendido e CEB, pelo Prof. FAUCHART, patrocinado pelo DNER, Confer\u00eancista no DNER sobre as Normas Brasileiras e o CEB (Comit\u00ea Europen du Bet\u00f3n); Palestrante do Curso de Lajes Protendidas realizado pela ABECE e TQS, Participou do comit\u00ea sobre a antiga Norma NB-1, Participante da Comiss\u00e3o da Norma de Tirantes Ancorados no Terreno, Norma de Execu\u00e7\u00e3o de Concreto Protendido e Norma de Vistoria de Pontes e Viadutos. Acumula as fun\u00e7\u00f5es de Diretor t\u00e9cnico e Executivo das empresas MAC Protens\u00e3o e Portante Engenharia de Projetos, \u00e9 Autor de mais de 300 projetos de Obras em concreto protendido entre Pontes, Viadutos, Passarelas, Obras Portu\u00e1rias, Obras de refor\u00e7o estrutural e Funda\u00e7\u00e3o para torres E\u00f3licas, \u00e9 tamb\u00e9m respons\u00e1vel pela execu\u00e7\u00e3o da Protens\u00e3o de mais de 500 Obras expressivas em todo Brasil.<\/p>\n<p><strong>Realiza\u00e7\u00e3o:<\/strong><\/p>\n<p><strong>Eng. Ivan Metran Whately<\/strong>\u00a0\u2013 Vice-Presidente de Atividades T\u00e9cnicas<\/p>\n<p><strong>Eng. Roberto Kochen<\/strong>\u00a0\u2013 Diretor do Departamento de Engenharia do Habitat e Infraestrutura<\/p>\n<p><strong>Eng. Rafael Timerman<\/strong>\u00a0\u2013 Coordenador da Divis\u00e3o T\u00e9cnica de Estruturas<\/p>\n<p><strong>ABCIC<\/strong>\u00a0(Associa\u00e7\u00e3o Brasileira da Constru\u00e7\u00e3o Industrializada de Concreto), IBRACON (Instituto Brasileiro do Concreto)<\/p>\n<p><strong>IBRACON<\/strong>\u00a0(Instituto Brasileiro do Concreto)<\/p>\n<p><strong>ABECE<\/strong>\u00a0(Associa\u00e7\u00e3o Brasileira de Engenharia e Consultoria Estrutural)<\/p>\n<p><img loading=\"lazy\" decoding=\"async\" class=\"alignnone wp-image-82733 td-animation-stack-type0-2\" src=\"https:\/\/www.institutodeengenharia.org.br\/site\/wp-content\/uploads\/2021\/07\/logosevento.png\" alt=\"\" width=\"434\" height=\"104\" srcset=\"https:\/\/www.institutodeengenharia.org.br\/site\/wp-content\/uploads\/2021\/07\/logosevento.png 543w, https:\/\/www.institutodeengenharia.org.br\/site\/wp-content\/uploads\/2021\/07\/logosevento-300x72.png 300w\" sizes=\"auto, (max-width: 434px) 100vw, 434px\" \/><\/p>\n<p><strong>Apoio Institucional:<\/strong><\/p>\n<p><img loading=\"lazy\" decoding=\"async\" class=\"alignnone wp-image-77696 td-animation-stack-type0-2\" src=\"https:\/\/www.institutodeengenharia.org.br\/site\/wp-content\/uploads\/2021\/02\/crea.jpg\" alt=\"\" width=\"142\" height=\"100\" srcset=\"https:\/\/www.institutodeengenharia.org.br\/site\/wp-content\/uploads\/2021\/02\/crea.jpg 448w, https:\/\/www.institutodeengenharia.org.br\/site\/wp-content\/uploads\/2021\/02\/crea-300x211.jpg 300w, https:\/\/www.institutodeengenharia.org.br\/site\/wp-content\/uploads\/2021\/02\/crea-100x70.jpg 100w\" sizes=\"auto, (max-width: 142px) 100vw, 142px\" \/><\/p>\n<p><strong>Apoio \u00e0 forma\u00e7\u00e3o:\u00a0<\/strong><\/p>\n<p>Espa\u00e7o aberto ao CREA-SP, objetivando o aperfei\u00e7oamento dos profissionais e o aprimoramento da fiscaliza\u00e7\u00e3o das \u00e1reas abrangidas pelo Sistema Confea\/CREAs, al\u00e9m de promover a conscientiza\u00e7\u00e3o da sociedade quanto \u00e0 necessidade e obrigatoriedade de contratar um profissional devidamente habilitado.<\/p>\n<\/div>\n","protected":false},"excerpt":{"rendered":"<p>&nbsp; Assista abaixo \u00e0 grava\u00e7\u00e3o do evento: + Informa\u00e7\u00f5es:\u00a0 1 \u2013 Vantagens da solu\u00e7\u00e3o em concreto x met\u00e1lica; 2 \u2013 Defini\u00e7\u00e3o das pe\u00e7as pr\u00e9-moldadas e sua fabrica\u00e7\u00e3o; 3 \u2013 Transporte das pe\u00e7as pr\u00e9-moldadas e op\u00e7\u00e3o de f\u00e1brica itinerante; 4 \u2013 Preparo dos cabos de protens\u00e3o e seus equipamentos especiais; 5 \u2013 Esquema de enfia\u00e7\u00e3o dos [&hellip;]<\/p>\n","protected":false},"author":13,"featured_media":83269,"comment_status":"open","ping_status":"open","sticky":false,"template":"","format":"standard","meta":{"footnotes":""},"categories":[15,76,12,968,969],"tags":[],"class_list":{"0":"post-83266","1":"post","2":"type-post","3":"status-publish","4":"format-standard","5":"has-post-thumbnail","7":"category-departamento-desenvolvimento-de-projetos-e-servicos-de-infraestrutura","8":"category-divisao-tecnica-estruturas-e-controle-tecnologico","9":"category-divisoes-tecnicas","10":"category-nova-tv-engenharia","11":"category-palestra"},"yoast_head":"<!-- This site is optimized with the Yoast SEO plugin v27.2 - https:\/\/yoast.com\/product\/yoast-seo-wordpress\/ -->\n<title>Uma solu\u00e7\u00e3o atual para torres e\u00f3licas pr\u00e9-moldadas e protendidas - Instituto de Engenharia<\/title>\n<meta name=\"robots\" content=\"index, follow, max-snippet:-1, max-image-preview:large, max-video-preview:-1\" \/>\n<link rel=\"canonical\" href=\"https:\/\/www.institutodeengenharia.org.br\/site\/2021\/07\/22\/uma-solucao-atual-para-torres-eolicas-pre-moldadas-e-protendidas\/\" \/>\n<meta property=\"og:locale\" content=\"pt_BR\" \/>\n<meta property=\"og:type\" content=\"article\" \/>\n<meta property=\"og:title\" content=\"Uma solu\u00e7\u00e3o atual para torres e\u00f3licas pr\u00e9-moldadas e protendidas\" \/>\n<meta property=\"og:description\" content=\"Assista \u00e0 grava\u00e7\u00e3o do evento\" \/>\n<meta property=\"og:url\" content=\"https:\/\/www.institutodeengenharia.org.br\/site\/2021\/07\/22\/uma-solucao-atual-para-torres-eolicas-pre-moldadas-e-protendidas\/\" \/>\n<meta property=\"og:site_name\" content=\"Instituto de Engenharia\" \/>\n<meta property=\"article:publisher\" content=\"https:\/\/www.facebook.com\/institutodeengenharia\" \/>\n<meta property=\"article:published_time\" content=\"2021-07-22T17:02:49+00:00\" \/>\n<meta property=\"article:modified_time\" content=\"2021-07-23T17:03:03+00:00\" \/>\n<meta property=\"og:image\" content=\"https:\/\/www.institutodeengenharia.org.br\/site\/wp-content\/uploads\/2021\/07\/MicrosoftTeams-image-3.jpg\" \/>\n\t<meta property=\"og:image:width\" content=\"1174\" \/>\n\t<meta property=\"og:image:height\" content=\"660\" \/>\n\t<meta property=\"og:image:type\" content=\"image\/jpeg\" \/>\n<meta name=\"author\" content=\"Bianca\" \/>\n<meta name=\"twitter:card\" content=\"summary_large_image\" \/>\n<meta name=\"twitter:title\" content=\"Uma solu\u00e7\u00e3o atual para torres e\u00f3licas pr\u00e9-moldadas e protendidas\" \/>\n<meta name=\"twitter:description\" content=\"Assista \u00e0 grava\u00e7\u00e3o do evento\" \/>\n<meta name=\"twitter:image\" content=\"https:\/\/www.institutodeengenharia.org.br\/site\/wp-content\/uploads\/2021\/07\/MicrosoftTeams-image-3.jpg\" \/>\n<meta name=\"twitter:creator\" content=\"@iengenharia\" \/>\n<meta name=\"twitter:site\" content=\"@iengenharia\" \/>\n<meta name=\"twitter:label1\" content=\"Escrito por\" \/>\n\t<meta name=\"twitter:data1\" content=\"Bianca\" \/>\n\t<meta name=\"twitter:label2\" content=\"Est. tempo de leitura\" \/>\n\t<meta name=\"twitter:data2\" content=\"3 minutos\" \/>\n<script type=\"application\/ld+json\" class=\"yoast-schema-graph\">{\"@context\":\"https:\/\/schema.org\",\"@graph\":[{\"@type\":\"Article\",\"@id\":\"https:\/\/www.institutodeengenharia.org.br\/site\/2021\/07\/22\/uma-solucao-atual-para-torres-eolicas-pre-moldadas-e-protendidas\/#article\",\"isPartOf\":{\"@id\":\"https:\/\/www.institutodeengenharia.org.br\/site\/2021\/07\/22\/uma-solucao-atual-para-torres-eolicas-pre-moldadas-e-protendidas\/\"},\"author\":{\"name\":\"Bianca\",\"@id\":\"https:\/\/www.institutodeengenharia.org.br\/site\/#\/schema\/person\/aeb64951c405e100d26d30b033dd423f\"},\"headline\":\"Uma solu\u00e7\u00e3o atual para torres e\u00f3licas pr\u00e9-moldadas e protendidas\",\"datePublished\":\"2021-07-22T17:02:49+00:00\",\"dateModified\":\"2021-07-23T17:03:03+00:00\",\"mainEntityOfPage\":{\"@id\":\"https:\/\/www.institutodeengenharia.org.br\/site\/2021\/07\/22\/uma-solucao-atual-para-torres-eolicas-pre-moldadas-e-protendidas\/\"},\"wordCount\":496,\"commentCount\":0,\"publisher\":{\"@id\":\"https:\/\/www.institutodeengenharia.org.br\/site\/#organization\"},\"image\":{\"@id\":\"https:\/\/www.institutodeengenharia.org.br\/site\/2021\/07\/22\/uma-solucao-atual-para-torres-eolicas-pre-moldadas-e-protendidas\/#primaryimage\"},\"thumbnailUrl\":\"https:\/\/www.institutodeengenharia.org.br\/site\/wp-content\/uploads\/2021\/07\/MicrosoftTeams-image-3-3.webp\",\"articleSection\":[\"Departamento Desenvolvimento de Projetos e Servi\u00e7os de Infraestrutura\",\"Divis\u00e3o T\u00e9cnica Estruturas e Controle Tecnol\u00f3gico\",\"Divis\u00f5es T\u00e9cnicas\",\"Nova TV Engenharia\",\"Palestra\"],\"inLanguage\":\"pt-BR\",\"potentialAction\":[{\"@type\":\"CommentAction\",\"name\":\"Comment\",\"target\":[\"https:\/\/www.institutodeengenharia.org.br\/site\/2021\/07\/22\/uma-solucao-atual-para-torres-eolicas-pre-moldadas-e-protendidas\/#respond\"]}]},{\"@type\":\"WebPage\",\"@id\":\"https:\/\/www.institutodeengenharia.org.br\/site\/2021\/07\/22\/uma-solucao-atual-para-torres-eolicas-pre-moldadas-e-protendidas\/\",\"url\":\"https:\/\/www.institutodeengenharia.org.br\/site\/2021\/07\/22\/uma-solucao-atual-para-torres-eolicas-pre-moldadas-e-protendidas\/\",\"name\":\"Uma solu\u00e7\u00e3o atual para torres e\u00f3licas pr\u00e9-moldadas e protendidas - Instituto de Engenharia\",\"isPartOf\":{\"@id\":\"https:\/\/www.institutodeengenharia.org.br\/site\/#website\"},\"primaryImageOfPage\":{\"@id\":\"https:\/\/www.institutodeengenharia.org.br\/site\/2021\/07\/22\/uma-solucao-atual-para-torres-eolicas-pre-moldadas-e-protendidas\/#primaryimage\"},\"image\":{\"@id\":\"https:\/\/www.institutodeengenharia.org.br\/site\/2021\/07\/22\/uma-solucao-atual-para-torres-eolicas-pre-moldadas-e-protendidas\/#primaryimage\"},\"thumbnailUrl\":\"https:\/\/www.institutodeengenharia.org.br\/site\/wp-content\/uploads\/2021\/07\/MicrosoftTeams-image-3-3.webp\",\"datePublished\":\"2021-07-22T17:02:49+00:00\",\"dateModified\":\"2021-07-23T17:03:03+00:00\",\"breadcrumb\":{\"@id\":\"https:\/\/www.institutodeengenharia.org.br\/site\/2021\/07\/22\/uma-solucao-atual-para-torres-eolicas-pre-moldadas-e-protendidas\/#breadcrumb\"},\"inLanguage\":\"pt-BR\",\"potentialAction\":[{\"@type\":\"ReadAction\",\"target\":[\"https:\/\/www.institutodeengenharia.org.br\/site\/2021\/07\/22\/uma-solucao-atual-para-torres-eolicas-pre-moldadas-e-protendidas\/\"]}]},{\"@type\":\"ImageObject\",\"inLanguage\":\"pt-BR\",\"@id\":\"https:\/\/www.institutodeengenharia.org.br\/site\/2021\/07\/22\/uma-solucao-atual-para-torres-eolicas-pre-moldadas-e-protendidas\/#primaryimage\",\"url\":\"https:\/\/www.institutodeengenharia.org.br\/site\/wp-content\/uploads\/2021\/07\/MicrosoftTeams-image-3-3.webp\",\"contentUrl\":\"https:\/\/www.institutodeengenharia.org.br\/site\/wp-content\/uploads\/2021\/07\/MicrosoftTeams-image-3-3.webp\",\"width\":790,\"height\":444},{\"@type\":\"BreadcrumbList\",\"@id\":\"https:\/\/www.institutodeengenharia.org.br\/site\/2021\/07\/22\/uma-solucao-atual-para-torres-eolicas-pre-moldadas-e-protendidas\/#breadcrumb\",\"itemListElement\":[{\"@type\":\"ListItem\",\"position\":1,\"name\":\"In\u00edcio\",\"item\":\"https:\/\/www.institutodeengenharia.org.br\/site\/\"},{\"@type\":\"ListItem\",\"position\":2,\"name\":\"Uma solu\u00e7\u00e3o atual para torres e\u00f3licas pr\u00e9-moldadas e protendidas\"}]},{\"@type\":\"WebSite\",\"@id\":\"https:\/\/www.institutodeengenharia.org.br\/site\/#website\",\"url\":\"https:\/\/www.institutodeengenharia.org.br\/site\/\",\"name\":\"Instituto de Engenharia\",\"description\":\"O Instituto de Engenharia promove a Engenharia em benef\u00edcio do desenvolvimento e da qualidade de vida da sociedade.\",\"publisher\":{\"@id\":\"https:\/\/www.institutodeengenharia.org.br\/site\/#organization\"},\"potentialAction\":[{\"@type\":\"SearchAction\",\"target\":{\"@type\":\"EntryPoint\",\"urlTemplate\":\"https:\/\/www.institutodeengenharia.org.br\/site\/?s={search_term_string}\"},\"query-input\":{\"@type\":\"PropertyValueSpecification\",\"valueRequired\":true,\"valueName\":\"search_term_string\"}}],\"inLanguage\":\"pt-BR\"},{\"@type\":\"Organization\",\"@id\":\"https:\/\/www.institutodeengenharia.org.br\/site\/#organization\",\"name\":\"Instituto de Engenharia\",\"url\":\"https:\/\/www.institutodeengenharia.org.br\/site\/\",\"logo\":{\"@type\":\"ImageObject\",\"inLanguage\":\"pt-BR\",\"@id\":\"https:\/\/www.institutodeengenharia.org.br\/site\/#\/schema\/logo\/image\/\",\"url\":\"https:\/\/www.institutodeengenharia.org.br\/site\/wp-content\/uploads\/2019\/03\/logo-novo-IE2018-1.jpg\",\"contentUrl\":\"https:\/\/www.institutodeengenharia.org.br\/site\/wp-content\/uploads\/2019\/03\/logo-novo-IE2018-1.jpg\",\"width\":1486,\"height\":1879,\"caption\":\"Instituto de Engenharia\"},\"image\":{\"@id\":\"https:\/\/www.institutodeengenharia.org.br\/site\/#\/schema\/logo\/image\/\"},\"sameAs\":[\"https:\/\/www.facebook.com\/institutodeengenharia\",\"https:\/\/x.com\/iengenharia\",\"https:\/\/www.instagram.com\/institutodeengenharia\/\",\"https:\/\/www.linkedin.com\/company\/instituto-de-engenharia\/\",\"https:\/\/www.youtube.com\/channel\/UCXiCAlsSMe977vamW915HxA\"]},{\"@type\":\"Person\",\"@id\":\"https:\/\/www.institutodeengenharia.org.br\/site\/#\/schema\/person\/aeb64951c405e100d26d30b033dd423f\",\"name\":\"Bianca\",\"image\":{\"@type\":\"ImageObject\",\"inLanguage\":\"pt-BR\",\"@id\":\"https:\/\/secure.gravatar.com\/avatar\/a6fbe9bff57405baf4c1e2c5c1811e072b558253974a9f9508f4678900c97c2a?s=96&d=mm&r=g\",\"url\":\"https:\/\/secure.gravatar.com\/avatar\/a6fbe9bff57405baf4c1e2c5c1811e072b558253974a9f9508f4678900c97c2a?s=96&d=mm&r=g\",\"contentUrl\":\"https:\/\/secure.gravatar.com\/avatar\/a6fbe9bff57405baf4c1e2c5c1811e072b558253974a9f9508f4678900c97c2a?s=96&d=mm&r=g\",\"caption\":\"Bianca\"},\"url\":\"https:\/\/www.institutodeengenharia.org.br\/site\/author\/comunicacao1\/\"}]}<\/script>\n<!-- \/ Yoast SEO plugin. -->","yoast_head_json":{"title":"Uma solu\u00e7\u00e3o atual para torres e\u00f3licas pr\u00e9-moldadas e protendidas - Instituto de Engenharia","robots":{"index":"index","follow":"follow","max-snippet":"max-snippet:-1","max-image-preview":"max-image-preview:large","max-video-preview":"max-video-preview:-1"},"canonical":"https:\/\/www.institutodeengenharia.org.br\/site\/2021\/07\/22\/uma-solucao-atual-para-torres-eolicas-pre-moldadas-e-protendidas\/","og_locale":"pt_BR","og_type":"article","og_title":"Uma solu\u00e7\u00e3o atual para torres e\u00f3licas pr\u00e9-moldadas e protendidas","og_description":"Assista \u00e0 grava\u00e7\u00e3o do evento","og_url":"https:\/\/www.institutodeengenharia.org.br\/site\/2021\/07\/22\/uma-solucao-atual-para-torres-eolicas-pre-moldadas-e-protendidas\/","og_site_name":"Instituto de Engenharia","article_publisher":"https:\/\/www.facebook.com\/institutodeengenharia","article_published_time":"2021-07-22T17:02:49+00:00","article_modified_time":"2021-07-23T17:03:03+00:00","og_image":[{"width":1174,"height":660,"url":"https:\/\/www.institutodeengenharia.org.br\/site\/wp-content\/uploads\/2021\/07\/MicrosoftTeams-image-3.jpg","type":"image\/jpeg"}],"author":"Bianca","twitter_card":"summary_large_image","twitter_title":"Uma solu\u00e7\u00e3o atual para torres e\u00f3licas pr\u00e9-moldadas e protendidas","twitter_description":"Assista \u00e0 grava\u00e7\u00e3o do evento","twitter_image":"https:\/\/www.institutodeengenharia.org.br\/site\/wp-content\/uploads\/2021\/07\/MicrosoftTeams-image-3.jpg","twitter_creator":"@iengenharia","twitter_site":"@iengenharia","twitter_misc":{"Escrito por":"Bianca","Est. tempo de leitura":"3 minutos"},"schema":{"@context":"https:\/\/schema.org","@graph":[{"@type":"Article","@id":"https:\/\/www.institutodeengenharia.org.br\/site\/2021\/07\/22\/uma-solucao-atual-para-torres-eolicas-pre-moldadas-e-protendidas\/#article","isPartOf":{"@id":"https:\/\/www.institutodeengenharia.org.br\/site\/2021\/07\/22\/uma-solucao-atual-para-torres-eolicas-pre-moldadas-e-protendidas\/"},"author":{"name":"Bianca","@id":"https:\/\/www.institutodeengenharia.org.br\/site\/#\/schema\/person\/aeb64951c405e100d26d30b033dd423f"},"headline":"Uma solu\u00e7\u00e3o atual para torres e\u00f3licas pr\u00e9-moldadas e protendidas","datePublished":"2021-07-22T17:02:49+00:00","dateModified":"2021-07-23T17:03:03+00:00","mainEntityOfPage":{"@id":"https:\/\/www.institutodeengenharia.org.br\/site\/2021\/07\/22\/uma-solucao-atual-para-torres-eolicas-pre-moldadas-e-protendidas\/"},"wordCount":496,"commentCount":0,"publisher":{"@id":"https:\/\/www.institutodeengenharia.org.br\/site\/#organization"},"image":{"@id":"https:\/\/www.institutodeengenharia.org.br\/site\/2021\/07\/22\/uma-solucao-atual-para-torres-eolicas-pre-moldadas-e-protendidas\/#primaryimage"},"thumbnailUrl":"https:\/\/www.institutodeengenharia.org.br\/site\/wp-content\/uploads\/2021\/07\/MicrosoftTeams-image-3-3.webp","articleSection":["Departamento Desenvolvimento de Projetos e Servi\u00e7os de Infraestrutura","Divis\u00e3o T\u00e9cnica Estruturas e Controle Tecnol\u00f3gico","Divis\u00f5es T\u00e9cnicas","Nova TV Engenharia","Palestra"],"inLanguage":"pt-BR","potentialAction":[{"@type":"CommentAction","name":"Comment","target":["https:\/\/www.institutodeengenharia.org.br\/site\/2021\/07\/22\/uma-solucao-atual-para-torres-eolicas-pre-moldadas-e-protendidas\/#respond"]}]},{"@type":"WebPage","@id":"https:\/\/www.institutodeengenharia.org.br\/site\/2021\/07\/22\/uma-solucao-atual-para-torres-eolicas-pre-moldadas-e-protendidas\/","url":"https:\/\/www.institutodeengenharia.org.br\/site\/2021\/07\/22\/uma-solucao-atual-para-torres-eolicas-pre-moldadas-e-protendidas\/","name":"Uma solu\u00e7\u00e3o atual para torres e\u00f3licas pr\u00e9-moldadas e protendidas - Instituto de Engenharia","isPartOf":{"@id":"https:\/\/www.institutodeengenharia.org.br\/site\/#website"},"primaryImageOfPage":{"@id":"https:\/\/www.institutodeengenharia.org.br\/site\/2021\/07\/22\/uma-solucao-atual-para-torres-eolicas-pre-moldadas-e-protendidas\/#primaryimage"},"image":{"@id":"https:\/\/www.institutodeengenharia.org.br\/site\/2021\/07\/22\/uma-solucao-atual-para-torres-eolicas-pre-moldadas-e-protendidas\/#primaryimage"},"thumbnailUrl":"https:\/\/www.institutodeengenharia.org.br\/site\/wp-content\/uploads\/2021\/07\/MicrosoftTeams-image-3-3.webp","datePublished":"2021-07-22T17:02:49+00:00","dateModified":"2021-07-23T17:03:03+00:00","breadcrumb":{"@id":"https:\/\/www.institutodeengenharia.org.br\/site\/2021\/07\/22\/uma-solucao-atual-para-torres-eolicas-pre-moldadas-e-protendidas\/#breadcrumb"},"inLanguage":"pt-BR","potentialAction":[{"@type":"ReadAction","target":["https:\/\/www.institutodeengenharia.org.br\/site\/2021\/07\/22\/uma-solucao-atual-para-torres-eolicas-pre-moldadas-e-protendidas\/"]}]},{"@type":"ImageObject","inLanguage":"pt-BR","@id":"https:\/\/www.institutodeengenharia.org.br\/site\/2021\/07\/22\/uma-solucao-atual-para-torres-eolicas-pre-moldadas-e-protendidas\/#primaryimage","url":"https:\/\/www.institutodeengenharia.org.br\/site\/wp-content\/uploads\/2021\/07\/MicrosoftTeams-image-3-3.webp","contentUrl":"https:\/\/www.institutodeengenharia.org.br\/site\/wp-content\/uploads\/2021\/07\/MicrosoftTeams-image-3-3.webp","width":790,"height":444},{"@type":"BreadcrumbList","@id":"https:\/\/www.institutodeengenharia.org.br\/site\/2021\/07\/22\/uma-solucao-atual-para-torres-eolicas-pre-moldadas-e-protendidas\/#breadcrumb","itemListElement":[{"@type":"ListItem","position":1,"name":"In\u00edcio","item":"https:\/\/www.institutodeengenharia.org.br\/site\/"},{"@type":"ListItem","position":2,"name":"Uma solu\u00e7\u00e3o atual para torres e\u00f3licas pr\u00e9-moldadas e protendidas"}]},{"@type":"WebSite","@id":"https:\/\/www.institutodeengenharia.org.br\/site\/#website","url":"https:\/\/www.institutodeengenharia.org.br\/site\/","name":"Instituto de Engenharia","description":"O Instituto de Engenharia promove a Engenharia em benef\u00edcio do desenvolvimento e da qualidade de vida da sociedade.","publisher":{"@id":"https:\/\/www.institutodeengenharia.org.br\/site\/#organization"},"potentialAction":[{"@type":"SearchAction","target":{"@type":"EntryPoint","urlTemplate":"https:\/\/www.institutodeengenharia.org.br\/site\/?s={search_term_string}"},"query-input":{"@type":"PropertyValueSpecification","valueRequired":true,"valueName":"search_term_string"}}],"inLanguage":"pt-BR"},{"@type":"Organization","@id":"https:\/\/www.institutodeengenharia.org.br\/site\/#organization","name":"Instituto de Engenharia","url":"https:\/\/www.institutodeengenharia.org.br\/site\/","logo":{"@type":"ImageObject","inLanguage":"pt-BR","@id":"https:\/\/www.institutodeengenharia.org.br\/site\/#\/schema\/logo\/image\/","url":"https:\/\/www.institutodeengenharia.org.br\/site\/wp-content\/uploads\/2019\/03\/logo-novo-IE2018-1.jpg","contentUrl":"https:\/\/www.institutodeengenharia.org.br\/site\/wp-content\/uploads\/2019\/03\/logo-novo-IE2018-1.jpg","width":1486,"height":1879,"caption":"Instituto de Engenharia"},"image":{"@id":"https:\/\/www.institutodeengenharia.org.br\/site\/#\/schema\/logo\/image\/"},"sameAs":["https:\/\/www.facebook.com\/institutodeengenharia","https:\/\/x.com\/iengenharia","https:\/\/www.instagram.com\/institutodeengenharia\/","https:\/\/www.linkedin.com\/company\/instituto-de-engenharia\/","https:\/\/www.youtube.com\/channel\/UCXiCAlsSMe977vamW915HxA"]},{"@type":"Person","@id":"https:\/\/www.institutodeengenharia.org.br\/site\/#\/schema\/person\/aeb64951c405e100d26d30b033dd423f","name":"Bianca","image":{"@type":"ImageObject","inLanguage":"pt-BR","@id":"https:\/\/secure.gravatar.com\/avatar\/a6fbe9bff57405baf4c1e2c5c1811e072b558253974a9f9508f4678900c97c2a?s=96&d=mm&r=g","url":"https:\/\/secure.gravatar.com\/avatar\/a6fbe9bff57405baf4c1e2c5c1811e072b558253974a9f9508f4678900c97c2a?s=96&d=mm&r=g","contentUrl":"https:\/\/secure.gravatar.com\/avatar\/a6fbe9bff57405baf4c1e2c5c1811e072b558253974a9f9508f4678900c97c2a?s=96&d=mm&r=g","caption":"Bianca"},"url":"https:\/\/www.institutodeengenharia.org.br\/site\/author\/comunicacao1\/"}]}},"_links":{"self":[{"href":"https:\/\/www.institutodeengenharia.org.br\/site\/wp-json\/wp\/v2\/posts\/83266","targetHints":{"allow":["GET"]}}],"collection":[{"href":"https:\/\/www.institutodeengenharia.org.br\/site\/wp-json\/wp\/v2\/posts"}],"about":[{"href":"https:\/\/www.institutodeengenharia.org.br\/site\/wp-json\/wp\/v2\/types\/post"}],"author":[{"embeddable":true,"href":"https:\/\/www.institutodeengenharia.org.br\/site\/wp-json\/wp\/v2\/users\/13"}],"replies":[{"embeddable":true,"href":"https:\/\/www.institutodeengenharia.org.br\/site\/wp-json\/wp\/v2\/comments?post=83266"}],"version-history":[{"count":1,"href":"https:\/\/www.institutodeengenharia.org.br\/site\/wp-json\/wp\/v2\/posts\/83266\/revisions"}],"predecessor-version":[{"id":83270,"href":"https:\/\/www.institutodeengenharia.org.br\/site\/wp-json\/wp\/v2\/posts\/83266\/revisions\/83270"}],"wp:featuredmedia":[{"embeddable":true,"href":"https:\/\/www.institutodeengenharia.org.br\/site\/wp-json\/wp\/v2\/media\/83269"}],"wp:attachment":[{"href":"https:\/\/www.institutodeengenharia.org.br\/site\/wp-json\/wp\/v2\/media?parent=83266"}],"wp:term":[{"taxonomy":"category","embeddable":true,"href":"https:\/\/www.institutodeengenharia.org.br\/site\/wp-json\/wp\/v2\/categories?post=83266"},{"taxonomy":"post_tag","embeddable":true,"href":"https:\/\/www.institutodeengenharia.org.br\/site\/wp-json\/wp\/v2\/tags?post=83266"}],"curies":[{"name":"wp","href":"https:\/\/api.w.org\/{rel}","templated":true}]}}