{"id":83198,"date":"2021-07-19T12:22:52","date_gmt":"2021-07-19T15:22:52","guid":{"rendered":"https:\/\/www.institutodeengenharia.org.br\/site\/?p=83198"},"modified":"2021-07-22T12:23:15","modified_gmt":"2021-07-22T15:23:15","slug":"ie-talks-shinkansen-o-tav-japones","status":"publish","type":"post","link":"https:\/\/www.institutodeengenharia.org.br\/site\/2021\/07\/19\/ie-talks-shinkansen-o-tav-japones\/","title":{"rendered":"IE Talks: &#8211; Shinkansen \u2013 O TAV japon\u00eas"},"content":{"rendered":"<p><strong>Assista abaixo \u00e0 grava\u00e7\u00e3o do evento:<\/strong><\/p>\n<p><iframe loading=\"lazy\" src=\"https:\/\/player.vimeo.com\/video\/577794528\" width=\"640\" height=\"360\" frameborder=\"0\" allowfullscreen=\"allowfullscreen\"><\/iframe><\/p>\n<p><strong>+ Informa\u00e7\u00f5es:\u00a0<\/strong><\/p>\n<div>\n<p>Experi\u00eancias e Desafios: Um papo com Diretores Regionais<\/p>\n<p><strong>P\u00fablico-alvo:<\/strong><\/p>\n<p>Engenheiros, arquitetos, t\u00e9cnicos, estudantes e demais interessados.<\/p>\n<p><strong>Palestrante:<\/strong><\/p>\n<p><img loading=\"lazy\" decoding=\"async\" class=\"alignnone wp-image-82368 td-animation-stack-type0-2\" src=\"https:\/\/www.institutodeengenharia.org.br\/site\/wp-content\/uploads\/2021\/07\/sideney.jpg\" alt=\"\" width=\"167\" height=\"175\" srcset=\"https:\/\/www.institutodeengenharia.org.br\/site\/wp-content\/uploads\/2021\/07\/sideney.jpg 430w, https:\/\/www.institutodeengenharia.org.br\/site\/wp-content\/uploads\/2021\/07\/sideney-286x300.jpg 286w, https:\/\/www.institutodeengenharia.org.br\/site\/wp-content\/uploads\/2021\/07\/sideney-400x420.jpg 400w\" sizes=\"auto, (max-width: 167px) 100vw, 167px\" \/><\/p>\n<p><strong>Sideney Antunes Schreiner J\u00fanior \u2013 Diretor Regional do IE em T\u00f3quio \u2013 Jap\u00e3o<\/strong><\/p>\n<p>Graduado em engenharia civil pela Universidade de Bras\u00edlia, mestre e doutor em engenharia de transportes pela Tokyo University of Marine Science and Technology (Jap\u00e3o), pesquisador no p\u00f3s-doutorado em log\u00edstica urbana na Kyoto University (Jap\u00e3o) e, especialista em modelagem de demanda de transportes e microssimula\u00e7\u00e3o de tr\u00e1fego com diversas publica\u00e7\u00f5es t\u00e9cnicas e acad\u00eamicas na \u00e1rea. Atuou em projetos desenvolvidos em todo Brasil, Am\u00e9rica Central, Europa, \u00c1frica e \u00c1sia como profissional nas \u00e1reas de engenharia de tr\u00e1fego, planejamento de transportes e log\u00edstica urbana pela EWS Engenharia de Transportes (S\u00e3o Paulo) e na Takumi Co., Ltd. (T\u00f3quio), ambas especializadas em modelos de simula\u00e7\u00e3o para mobilidade urbana e, no setor p\u00fablico, foi Diretor Executivo de Planejamento de Mobilidade Urbana da Prefeitura do Recife. \u00c9 consultor para o Banco Mundial em projetos de resili\u00eancia de infraestrutura de transportes e mitiga\u00e7\u00e3o de impactos das mudan\u00e7as clim\u00e1ticas na mobilidade urbana e pesquisador s\u00eanior associado \u00e0 Nihon University, em T\u00f3quio\/Jap\u00e3o.<\/p>\n<p><strong>Convidado:\u00a0<\/strong><\/p>\n<p><img loading=\"lazy\" decoding=\"async\" class=\"alignnone wp-image-82692 td-animation-stack-type0-2\" src=\"https:\/\/www.institutodeengenharia.org.br\/site\/wp-content\/uploads\/2021\/07\/MicrosoftTeams-image.jpg\" alt=\"\" width=\"158\" height=\"211\" srcset=\"https:\/\/www.institutodeengenharia.org.br\/site\/wp-content\/uploads\/2021\/07\/MicrosoftTeams-image.jpg 441w, https:\/\/www.institutodeengenharia.org.br\/site\/wp-content\/uploads\/2021\/07\/MicrosoftTeams-image-225x300.jpg 225w, https:\/\/www.institutodeengenharia.org.br\/site\/wp-content\/uploads\/2021\/07\/MicrosoftTeams-image-314x420.jpg 314w\" sizes=\"auto, (max-width: 158px) 100vw, 158px\" \/><\/p>\n<div><strong><span lang=\"EN-US\">S\u00e9rgio Lombardi \u2013\u00a0<\/span>Especialista em Material Rodante, Sinaliza\u00e7\u00e3o e Energia ferrovi\u00e1ria<\/strong><\/div>\n<div><\/div>\n<div>\n<div>Graduado em engenharia eletr\u00f4nica pela Faculdade de Engenharia Industrial \u2013 FEI e em Direito pela UNINOVE. P\u00f3s gradua\u00e7\u00e3o em Administra\u00e7\u00e3o pela Funda\u00e7\u00e3o Vanzollini e em Avalia\u00e7\u00e3o e Per\u00edcia pela Uninove. Atuou no setor privado nacional e internacional em todas as fases de estrutura\u00e7\u00e3o de projetos e novos neg\u00f3cios: desde o mapeamento das oportunidades, forma\u00e7\u00e3o de parcerias e cons\u00f3rcios, estudos de viabilidade e engenharia, documenta\u00e7\u00e3o de qualifica\u00e7\u00e3o, estrat\u00e9gias de precifica\u00e7\u00e3o, at\u00e9 entrega de ofertas e negocia\u00e7\u00e3o e no relacionamento p\u00fablico e privado do setor ferrovi\u00e1rio em diversos mercados como brasileiro, europeu, americano, atrav\u00e9s de diversos projetos realizados. Possui Especialista em Material Rodante, Sinaliza\u00e7\u00e3o e Energia ferrovi\u00e1ria. Palestrante em sistemas metroferroviarios e mobilidade urbana e Integrante da Divis\u00e3o de Ferrovias do IE. Atua no setor ferrovi\u00e1rio em desenvolvimento de neg\u00f3cios e gerenciamento de projetos de alta complexidade t\u00e9cnica, financeira e jur\u00eddica.<\/div>\n<div><\/div>\n<\/div>\n<p><strong>Realiza\u00e7\u00e3o:<\/strong><\/p>\n<p><strong>Eng. Ricardo Kenzo Motomatsu<\/strong>\u00a0\u2013 Vice-Presidente de Rela\u00e7\u00f5es Externas<\/p>\n<p><strong>Apoio Institucional:<\/strong><\/p>\n<p><img loading=\"lazy\" decoding=\"async\" class=\"alignnone wp-image-77696 td-animation-stack-type0-2\" src=\"https:\/\/www.institutodeengenharia.org.br\/site\/wp-content\/uploads\/2021\/02\/crea.jpg\" alt=\"\" width=\"142\" height=\"100\" srcset=\"https:\/\/www.institutodeengenharia.org.br\/site\/wp-content\/uploads\/2021\/02\/crea.jpg 448w, https:\/\/www.institutodeengenharia.org.br\/site\/wp-content\/uploads\/2021\/02\/crea-300x211.jpg 300w, https:\/\/www.institutodeengenharia.org.br\/site\/wp-content\/uploads\/2021\/02\/crea-100x70.jpg 100w\" sizes=\"auto, (max-width: 142px) 100vw, 142px\" \/><\/p>\n<p><strong>Apoio \u00e0 forma\u00e7\u00e3o:\u00a0<\/strong><\/p>\n<p>Espa\u00e7o aberto ao CREA-SP, objetivando o aperfei\u00e7oamento dos profissionais e o aprimoramento da fiscaliza\u00e7\u00e3o das \u00e1reas abrangidas pelo Sistema Confea\/CREAs, al\u00e9m de promover a conscientiza\u00e7\u00e3o da sociedade quanto \u00e0 necessidade e obrigatoriedade de contratar um profissional devidamente habilitado.<\/p>\n<\/div>\n<p>&nbsp;<\/p>\n","protected":false},"excerpt":{"rendered":"<p>Assista abaixo \u00e0 grava\u00e7\u00e3o do evento: + Informa\u00e7\u00f5es:\u00a0 Experi\u00eancias e Desafios: Um papo com Diretores Regionais P\u00fablico-alvo: Engenheiros, arquitetos, t\u00e9cnicos, estudantes e demais interessados. Palestrante: Sideney Antunes Schreiner J\u00fanior \u2013 Diretor Regional do IE em T\u00f3quio \u2013 Jap\u00e3o Graduado em engenharia civil pela Universidade de Bras\u00edlia, mestre e doutor em engenharia de transportes pela Tokyo [&hellip;]<\/p>\n","protected":false},"author":13,"featured_media":82754,"comment_status":"open","ping_status":"open","sticky":false,"template":"","format":"standard","meta":{"footnotes":""},"categories":[968,969],"tags":[],"class_list":{"0":"post-83198","1":"post","2":"type-post","3":"status-publish","4":"format-standard","5":"has-post-thumbnail","7":"category-nova-tv-engenharia","8":"category-palestra"},"yoast_head":"<!-- This site is optimized with the Yoast SEO plugin v27.2 - https:\/\/yoast.com\/product\/yoast-seo-wordpress\/ -->\n<title>IE Talks: - Shinkansen \u2013 O TAV japon\u00eas - Instituto de Engenharia<\/title>\n<meta name=\"robots\" content=\"index, follow, max-snippet:-1, max-image-preview:large, max-video-preview:-1\" \/>\n<link rel=\"canonical\" href=\"https:\/\/www.institutodeengenharia.org.br\/site\/2021\/07\/19\/ie-talks-shinkansen-o-tav-japones\/\" \/>\n<meta property=\"og:locale\" content=\"pt_BR\" \/>\n<meta property=\"og:type\" content=\"article\" \/>\n<meta property=\"og:title\" content=\"IE Talks: - Shinkansen \u2013 O TAV japon\u00eas\" \/>\n<meta property=\"og:description\" content=\"Assista \u00e0 grava\u00e7\u00e3o do evento\" \/>\n<meta property=\"og:url\" content=\"https:\/\/www.institutodeengenharia.org.br\/site\/2021\/07\/19\/ie-talks-shinkansen-o-tav-japones\/\" \/>\n<meta property=\"og:site_name\" content=\"Instituto de Engenharia\" \/>\n<meta property=\"article:publisher\" content=\"https:\/\/www.facebook.com\/institutodeengenharia\" \/>\n<meta property=\"article:published_time\" content=\"2021-07-19T15:22:52+00:00\" \/>\n<meta property=\"article:modified_time\" content=\"2021-07-22T15:23:15+00:00\" \/>\n<meta property=\"og:image\" content=\"https:\/\/www.institutodeengenharia.org.br\/site\/wp-content\/uploads\/2019\/08\/tv_engenharia.jpg\" \/>\n\t<meta property=\"og:image:width\" content=\"1280\" \/>\n\t<meta property=\"og:image:height\" content=\"853\" \/>\n\t<meta property=\"og:image:type\" content=\"image\/jpeg\" \/>\n<meta name=\"author\" content=\"Bianca\" \/>\n<meta name=\"twitter:card\" content=\"summary_large_image\" \/>\n<meta name=\"twitter:title\" content=\"IE Talks: - Shinkansen \u2013 O TAV japon\u00eas\" \/>\n<meta name=\"twitter:description\" content=\"Assista \u00e0 grava\u00e7\u00e3o do evento\" \/>\n<meta name=\"twitter:image\" content=\"https:\/\/www.institutodeengenharia.org.br\/site\/wp-content\/uploads\/2019\/08\/tv_engenharia.jpg\" \/>\n<meta name=\"twitter:creator\" content=\"@iengenharia\" \/>\n<meta name=\"twitter:site\" content=\"@iengenharia\" \/>\n<meta name=\"twitter:label1\" content=\"Escrito por\" \/>\n\t<meta name=\"twitter:data1\" content=\"Bianca\" \/>\n\t<meta name=\"twitter:label2\" content=\"Est. tempo de leitura\" \/>\n\t<meta name=\"twitter:data2\" content=\"3 minutos\" \/>\n<script type=\"application\/ld+json\" class=\"yoast-schema-graph\">{\"@context\":\"https:\/\/schema.org\",\"@graph\":[{\"@type\":\"Article\",\"@id\":\"https:\/\/www.institutodeengenharia.org.br\/site\/2021\/07\/19\/ie-talks-shinkansen-o-tav-japones\/#article\",\"isPartOf\":{\"@id\":\"https:\/\/www.institutodeengenharia.org.br\/site\/2021\/07\/19\/ie-talks-shinkansen-o-tav-japones\/\"},\"author\":{\"name\":\"Bianca\",\"@id\":\"https:\/\/www.institutodeengenharia.org.br\/site\/#\/schema\/person\/aeb64951c405e100d26d30b033dd423f\"},\"headline\":\"IE Talks: &#8211; Shinkansen \u2013 O TAV japon\u00eas\",\"datePublished\":\"2021-07-19T15:22:52+00:00\",\"dateModified\":\"2021-07-22T15:23:15+00:00\",\"mainEntityOfPage\":{\"@id\":\"https:\/\/www.institutodeengenharia.org.br\/site\/2021\/07\/19\/ie-talks-shinkansen-o-tav-japones\/\"},\"wordCount\":463,\"commentCount\":0,\"publisher\":{\"@id\":\"https:\/\/www.institutodeengenharia.org.br\/site\/#organization\"},\"image\":{\"@id\":\"https:\/\/www.institutodeengenharia.org.br\/site\/2021\/07\/19\/ie-talks-shinkansen-o-tav-japones\/#primaryimage\"},\"thumbnailUrl\":\"https:\/\/www.institutodeengenharia.org.br\/site\/wp-content\/uploads\/2021\/07\/WhatsApp-Image-2021-07-05-at-15.04.52-1-1.webp\",\"articleSection\":[\"Nova TV Engenharia\",\"Palestra\"],\"inLanguage\":\"pt-BR\",\"potentialAction\":[{\"@type\":\"CommentAction\",\"name\":\"Comment\",\"target\":[\"https:\/\/www.institutodeengenharia.org.br\/site\/2021\/07\/19\/ie-talks-shinkansen-o-tav-japones\/#respond\"]}]},{\"@type\":\"WebPage\",\"@id\":\"https:\/\/www.institutodeengenharia.org.br\/site\/2021\/07\/19\/ie-talks-shinkansen-o-tav-japones\/\",\"url\":\"https:\/\/www.institutodeengenharia.org.br\/site\/2021\/07\/19\/ie-talks-shinkansen-o-tav-japones\/\",\"name\":\"IE Talks: - Shinkansen \u2013 O TAV japon\u00eas - Instituto de Engenharia\",\"isPartOf\":{\"@id\":\"https:\/\/www.institutodeengenharia.org.br\/site\/#website\"},\"primaryImageOfPage\":{\"@id\":\"https:\/\/www.institutodeengenharia.org.br\/site\/2021\/07\/19\/ie-talks-shinkansen-o-tav-japones\/#primaryimage\"},\"image\":{\"@id\":\"https:\/\/www.institutodeengenharia.org.br\/site\/2021\/07\/19\/ie-talks-shinkansen-o-tav-japones\/#primaryimage\"},\"thumbnailUrl\":\"https:\/\/www.institutodeengenharia.org.br\/site\/wp-content\/uploads\/2021\/07\/WhatsApp-Image-2021-07-05-at-15.04.52-1-1.webp\",\"datePublished\":\"2021-07-19T15:22:52+00:00\",\"dateModified\":\"2021-07-22T15:23:15+00:00\",\"breadcrumb\":{\"@id\":\"https:\/\/www.institutodeengenharia.org.br\/site\/2021\/07\/19\/ie-talks-shinkansen-o-tav-japones\/#breadcrumb\"},\"inLanguage\":\"pt-BR\",\"potentialAction\":[{\"@type\":\"ReadAction\",\"target\":[\"https:\/\/www.institutodeengenharia.org.br\/site\/2021\/07\/19\/ie-talks-shinkansen-o-tav-japones\/\"]}]},{\"@type\":\"ImageObject\",\"inLanguage\":\"pt-BR\",\"@id\":\"https:\/\/www.institutodeengenharia.org.br\/site\/2021\/07\/19\/ie-talks-shinkansen-o-tav-japones\/#primaryimage\",\"url\":\"https:\/\/www.institutodeengenharia.org.br\/site\/wp-content\/uploads\/2021\/07\/WhatsApp-Image-2021-07-05-at-15.04.52-1-1.webp\",\"contentUrl\":\"https:\/\/www.institutodeengenharia.org.br\/site\/wp-content\/uploads\/2021\/07\/WhatsApp-Image-2021-07-05-at-15.04.52-1-1.webp\",\"width\":748,\"height\":365,\"caption\":\"Foto: Wikip\u00e9dia\/Toshinori Baba\"},{\"@type\":\"BreadcrumbList\",\"@id\":\"https:\/\/www.institutodeengenharia.org.br\/site\/2021\/07\/19\/ie-talks-shinkansen-o-tav-japones\/#breadcrumb\",\"itemListElement\":[{\"@type\":\"ListItem\",\"position\":1,\"name\":\"In\u00edcio\",\"item\":\"https:\/\/www.institutodeengenharia.org.br\/site\/\"},{\"@type\":\"ListItem\",\"position\":2,\"name\":\"IE Talks: &#8211; Shinkansen \u2013 O TAV japon\u00eas\"}]},{\"@type\":\"WebSite\",\"@id\":\"https:\/\/www.institutodeengenharia.org.br\/site\/#website\",\"url\":\"https:\/\/www.institutodeengenharia.org.br\/site\/\",\"name\":\"Instituto de Engenharia\",\"description\":\"O Instituto de Engenharia promove a Engenharia em benef\u00edcio do desenvolvimento e da qualidade de vida da sociedade.\",\"publisher\":{\"@id\":\"https:\/\/www.institutodeengenharia.org.br\/site\/#organization\"},\"potentialAction\":[{\"@type\":\"SearchAction\",\"target\":{\"@type\":\"EntryPoint\",\"urlTemplate\":\"https:\/\/www.institutodeengenharia.org.br\/site\/?s={search_term_string}\"},\"query-input\":{\"@type\":\"PropertyValueSpecification\",\"valueRequired\":true,\"valueName\":\"search_term_string\"}}],\"inLanguage\":\"pt-BR\"},{\"@type\":\"Organization\",\"@id\":\"https:\/\/www.institutodeengenharia.org.br\/site\/#organization\",\"name\":\"Instituto de Engenharia\",\"url\":\"https:\/\/www.institutodeengenharia.org.br\/site\/\",\"logo\":{\"@type\":\"ImageObject\",\"inLanguage\":\"pt-BR\",\"@id\":\"https:\/\/www.institutodeengenharia.org.br\/site\/#\/schema\/logo\/image\/\",\"url\":\"https:\/\/www.institutodeengenharia.org.br\/site\/wp-content\/uploads\/2019\/03\/logo-novo-IE2018-1.jpg\",\"contentUrl\":\"https:\/\/www.institutodeengenharia.org.br\/site\/wp-content\/uploads\/2019\/03\/logo-novo-IE2018-1.jpg\",\"width\":1486,\"height\":1879,\"caption\":\"Instituto de Engenharia\"},\"image\":{\"@id\":\"https:\/\/www.institutodeengenharia.org.br\/site\/#\/schema\/logo\/image\/\"},\"sameAs\":[\"https:\/\/www.facebook.com\/institutodeengenharia\",\"https:\/\/x.com\/iengenharia\",\"https:\/\/www.instagram.com\/institutodeengenharia\/\",\"https:\/\/www.linkedin.com\/company\/instituto-de-engenharia\/\",\"https:\/\/www.youtube.com\/channel\/UCXiCAlsSMe977vamW915HxA\"]},{\"@type\":\"Person\",\"@id\":\"https:\/\/www.institutodeengenharia.org.br\/site\/#\/schema\/person\/aeb64951c405e100d26d30b033dd423f\",\"name\":\"Bianca\",\"image\":{\"@type\":\"ImageObject\",\"inLanguage\":\"pt-BR\",\"@id\":\"https:\/\/secure.gravatar.com\/avatar\/a6fbe9bff57405baf4c1e2c5c1811e072b558253974a9f9508f4678900c97c2a?s=96&d=mm&r=g\",\"url\":\"https:\/\/secure.gravatar.com\/avatar\/a6fbe9bff57405baf4c1e2c5c1811e072b558253974a9f9508f4678900c97c2a?s=96&d=mm&r=g\",\"contentUrl\":\"https:\/\/secure.gravatar.com\/avatar\/a6fbe9bff57405baf4c1e2c5c1811e072b558253974a9f9508f4678900c97c2a?s=96&d=mm&r=g\",\"caption\":\"Bianca\"},\"url\":\"https:\/\/www.institutodeengenharia.org.br\/site\/author\/comunicacao1\/\"}]}<\/script>\n<!-- \/ Yoast SEO plugin. -->","yoast_head_json":{"title":"IE Talks: - Shinkansen \u2013 O TAV japon\u00eas - Instituto de Engenharia","robots":{"index":"index","follow":"follow","max-snippet":"max-snippet:-1","max-image-preview":"max-image-preview:large","max-video-preview":"max-video-preview:-1"},"canonical":"https:\/\/www.institutodeengenharia.org.br\/site\/2021\/07\/19\/ie-talks-shinkansen-o-tav-japones\/","og_locale":"pt_BR","og_type":"article","og_title":"IE Talks: - Shinkansen \u2013 O TAV japon\u00eas","og_description":"Assista \u00e0 grava\u00e7\u00e3o do evento","og_url":"https:\/\/www.institutodeengenharia.org.br\/site\/2021\/07\/19\/ie-talks-shinkansen-o-tav-japones\/","og_site_name":"Instituto de Engenharia","article_publisher":"https:\/\/www.facebook.com\/institutodeengenharia","article_published_time":"2021-07-19T15:22:52+00:00","article_modified_time":"2021-07-22T15:23:15+00:00","og_image":[{"width":1280,"height":853,"url":"https:\/\/www.institutodeengenharia.org.br\/site\/wp-content\/uploads\/2019\/08\/tv_engenharia.jpg","type":"image\/jpeg"}],"author":"Bianca","twitter_card":"summary_large_image","twitter_title":"IE Talks: - Shinkansen \u2013 O TAV japon\u00eas","twitter_description":"Assista \u00e0 grava\u00e7\u00e3o do evento","twitter_image":"https:\/\/www.institutodeengenharia.org.br\/site\/wp-content\/uploads\/2019\/08\/tv_engenharia.jpg","twitter_creator":"@iengenharia","twitter_site":"@iengenharia","twitter_misc":{"Escrito por":"Bianca","Est. tempo de leitura":"3 minutos"},"schema":{"@context":"https:\/\/schema.org","@graph":[{"@type":"Article","@id":"https:\/\/www.institutodeengenharia.org.br\/site\/2021\/07\/19\/ie-talks-shinkansen-o-tav-japones\/#article","isPartOf":{"@id":"https:\/\/www.institutodeengenharia.org.br\/site\/2021\/07\/19\/ie-talks-shinkansen-o-tav-japones\/"},"author":{"name":"Bianca","@id":"https:\/\/www.institutodeengenharia.org.br\/site\/#\/schema\/person\/aeb64951c405e100d26d30b033dd423f"},"headline":"IE Talks: &#8211; Shinkansen \u2013 O TAV japon\u00eas","datePublished":"2021-07-19T15:22:52+00:00","dateModified":"2021-07-22T15:23:15+00:00","mainEntityOfPage":{"@id":"https:\/\/www.institutodeengenharia.org.br\/site\/2021\/07\/19\/ie-talks-shinkansen-o-tav-japones\/"},"wordCount":463,"commentCount":0,"publisher":{"@id":"https:\/\/www.institutodeengenharia.org.br\/site\/#organization"},"image":{"@id":"https:\/\/www.institutodeengenharia.org.br\/site\/2021\/07\/19\/ie-talks-shinkansen-o-tav-japones\/#primaryimage"},"thumbnailUrl":"https:\/\/www.institutodeengenharia.org.br\/site\/wp-content\/uploads\/2021\/07\/WhatsApp-Image-2021-07-05-at-15.04.52-1-1.webp","articleSection":["Nova TV Engenharia","Palestra"],"inLanguage":"pt-BR","potentialAction":[{"@type":"CommentAction","name":"Comment","target":["https:\/\/www.institutodeengenharia.org.br\/site\/2021\/07\/19\/ie-talks-shinkansen-o-tav-japones\/#respond"]}]},{"@type":"WebPage","@id":"https:\/\/www.institutodeengenharia.org.br\/site\/2021\/07\/19\/ie-talks-shinkansen-o-tav-japones\/","url":"https:\/\/www.institutodeengenharia.org.br\/site\/2021\/07\/19\/ie-talks-shinkansen-o-tav-japones\/","name":"IE Talks: - Shinkansen \u2013 O TAV japon\u00eas - Instituto de Engenharia","isPartOf":{"@id":"https:\/\/www.institutodeengenharia.org.br\/site\/#website"},"primaryImageOfPage":{"@id":"https:\/\/www.institutodeengenharia.org.br\/site\/2021\/07\/19\/ie-talks-shinkansen-o-tav-japones\/#primaryimage"},"image":{"@id":"https:\/\/www.institutodeengenharia.org.br\/site\/2021\/07\/19\/ie-talks-shinkansen-o-tav-japones\/#primaryimage"},"thumbnailUrl":"https:\/\/www.institutodeengenharia.org.br\/site\/wp-content\/uploads\/2021\/07\/WhatsApp-Image-2021-07-05-at-15.04.52-1-1.webp","datePublished":"2021-07-19T15:22:52+00:00","dateModified":"2021-07-22T15:23:15+00:00","breadcrumb":{"@id":"https:\/\/www.institutodeengenharia.org.br\/site\/2021\/07\/19\/ie-talks-shinkansen-o-tav-japones\/#breadcrumb"},"inLanguage":"pt-BR","potentialAction":[{"@type":"ReadAction","target":["https:\/\/www.institutodeengenharia.org.br\/site\/2021\/07\/19\/ie-talks-shinkansen-o-tav-japones\/"]}]},{"@type":"ImageObject","inLanguage":"pt-BR","@id":"https:\/\/www.institutodeengenharia.org.br\/site\/2021\/07\/19\/ie-talks-shinkansen-o-tav-japones\/#primaryimage","url":"https:\/\/www.institutodeengenharia.org.br\/site\/wp-content\/uploads\/2021\/07\/WhatsApp-Image-2021-07-05-at-15.04.52-1-1.webp","contentUrl":"https:\/\/www.institutodeengenharia.org.br\/site\/wp-content\/uploads\/2021\/07\/WhatsApp-Image-2021-07-05-at-15.04.52-1-1.webp","width":748,"height":365,"caption":"Foto: Wikip\u00e9dia\/Toshinori Baba"},{"@type":"BreadcrumbList","@id":"https:\/\/www.institutodeengenharia.org.br\/site\/2021\/07\/19\/ie-talks-shinkansen-o-tav-japones\/#breadcrumb","itemListElement":[{"@type":"ListItem","position":1,"name":"In\u00edcio","item":"https:\/\/www.institutodeengenharia.org.br\/site\/"},{"@type":"ListItem","position":2,"name":"IE Talks: &#8211; Shinkansen \u2013 O TAV japon\u00eas"}]},{"@type":"WebSite","@id":"https:\/\/www.institutodeengenharia.org.br\/site\/#website","url":"https:\/\/www.institutodeengenharia.org.br\/site\/","name":"Instituto de Engenharia","description":"O Instituto de Engenharia promove a Engenharia em benef\u00edcio do desenvolvimento e da qualidade de vida da sociedade.","publisher":{"@id":"https:\/\/www.institutodeengenharia.org.br\/site\/#organization"},"potentialAction":[{"@type":"SearchAction","target":{"@type":"EntryPoint","urlTemplate":"https:\/\/www.institutodeengenharia.org.br\/site\/?s={search_term_string}"},"query-input":{"@type":"PropertyValueSpecification","valueRequired":true,"valueName":"search_term_string"}}],"inLanguage":"pt-BR"},{"@type":"Organization","@id":"https:\/\/www.institutodeengenharia.org.br\/site\/#organization","name":"Instituto de Engenharia","url":"https:\/\/www.institutodeengenharia.org.br\/site\/","logo":{"@type":"ImageObject","inLanguage":"pt-BR","@id":"https:\/\/www.institutodeengenharia.org.br\/site\/#\/schema\/logo\/image\/","url":"https:\/\/www.institutodeengenharia.org.br\/site\/wp-content\/uploads\/2019\/03\/logo-novo-IE2018-1.jpg","contentUrl":"https:\/\/www.institutodeengenharia.org.br\/site\/wp-content\/uploads\/2019\/03\/logo-novo-IE2018-1.jpg","width":1486,"height":1879,"caption":"Instituto de Engenharia"},"image":{"@id":"https:\/\/www.institutodeengenharia.org.br\/site\/#\/schema\/logo\/image\/"},"sameAs":["https:\/\/www.facebook.com\/institutodeengenharia","https:\/\/x.com\/iengenharia","https:\/\/www.instagram.com\/institutodeengenharia\/","https:\/\/www.linkedin.com\/company\/instituto-de-engenharia\/","https:\/\/www.youtube.com\/channel\/UCXiCAlsSMe977vamW915HxA"]},{"@type":"Person","@id":"https:\/\/www.institutodeengenharia.org.br\/site\/#\/schema\/person\/aeb64951c405e100d26d30b033dd423f","name":"Bianca","image":{"@type":"ImageObject","inLanguage":"pt-BR","@id":"https:\/\/secure.gravatar.com\/avatar\/a6fbe9bff57405baf4c1e2c5c1811e072b558253974a9f9508f4678900c97c2a?s=96&d=mm&r=g","url":"https:\/\/secure.gravatar.com\/avatar\/a6fbe9bff57405baf4c1e2c5c1811e072b558253974a9f9508f4678900c97c2a?s=96&d=mm&r=g","contentUrl":"https:\/\/secure.gravatar.com\/avatar\/a6fbe9bff57405baf4c1e2c5c1811e072b558253974a9f9508f4678900c97c2a?s=96&d=mm&r=g","caption":"Bianca"},"url":"https:\/\/www.institutodeengenharia.org.br\/site\/author\/comunicacao1\/"}]}},"_links":{"self":[{"href":"https:\/\/www.institutodeengenharia.org.br\/site\/wp-json\/wp\/v2\/posts\/83198","targetHints":{"allow":["GET"]}}],"collection":[{"href":"https:\/\/www.institutodeengenharia.org.br\/site\/wp-json\/wp\/v2\/posts"}],"about":[{"href":"https:\/\/www.institutodeengenharia.org.br\/site\/wp-json\/wp\/v2\/types\/post"}],"author":[{"embeddable":true,"href":"https:\/\/www.institutodeengenharia.org.br\/site\/wp-json\/wp\/v2\/users\/13"}],"replies":[{"embeddable":true,"href":"https:\/\/www.institutodeengenharia.org.br\/site\/wp-json\/wp\/v2\/comments?post=83198"}],"version-history":[{"count":1,"href":"https:\/\/www.institutodeengenharia.org.br\/site\/wp-json\/wp\/v2\/posts\/83198\/revisions"}],"predecessor-version":[{"id":83200,"href":"https:\/\/www.institutodeengenharia.org.br\/site\/wp-json\/wp\/v2\/posts\/83198\/revisions\/83200"}],"wp:featuredmedia":[{"embeddable":true,"href":"https:\/\/www.institutodeengenharia.org.br\/site\/wp-json\/wp\/v2\/media\/82754"}],"wp:attachment":[{"href":"https:\/\/www.institutodeengenharia.org.br\/site\/wp-json\/wp\/v2\/media?parent=83198"}],"wp:term":[{"taxonomy":"category","embeddable":true,"href":"https:\/\/www.institutodeengenharia.org.br\/site\/wp-json\/wp\/v2\/categories?post=83198"},{"taxonomy":"post_tag","embeddable":true,"href":"https:\/\/www.institutodeengenharia.org.br\/site\/wp-json\/wp\/v2\/tags?post=83198"}],"curies":[{"name":"wp","href":"https:\/\/api.w.org\/{rel}","templated":true}]}}