{"id":82878,"date":"2021-07-08T14:15:46","date_gmt":"2021-07-08T17:15:46","guid":{"rendered":"https:\/\/www.institutodeengenharia.org.br\/site\/?p=82878"},"modified":"2021-07-15T14:16:07","modified_gmt":"2021-07-15T17:16:07","slug":"lancamento-do-plano-de-acao-de-transporte-e-logistica-para-a-macrometropole-paulista-pam-tl","status":"publish","type":"post","link":"https:\/\/www.institutodeengenharia.org.br\/site\/2021\/07\/08\/lancamento-do-plano-de-acao-de-transporte-e-logistica-para-a-macrometropole-paulista-pam-tl\/","title":{"rendered":"Lan\u00e7amento do Plano de A\u00e7\u00e3o de Transporte e Log\u00edstica para a Macrometr\u00f3pole Paulista \u2013 PAM &#8211; TL"},"content":{"rendered":"<p>&nbsp;<\/p>\n<p><strong>Assista abaixo \u00e0 grava\u00e7\u00e3o do evento:<\/strong><\/p>\n<p><iframe loading=\"lazy\" src=\"https:\/\/player.vimeo.com\/video\/575340134\" width=\"640\" height=\"360\" frameborder=\"0\" allowfullscreen=\"allowfullscreen\"><\/iframe><\/p>\n<p><strong>+ Informa\u00e7\u00f5es:\u00a0<\/strong><\/p>\n<p>Iniciativa da Secretaria de Log\u00edstica e Transportes do Estado de S\u00e3o Paulo, o Plano de A\u00e7\u00e3o de Transporte e Log\u00edstica para a Macrometr\u00f3pole Paulista (PAM-TL) foi desenvolvido pela necessidade da elabora\u00e7\u00e3o de uma solu\u00e7\u00e3o multidisciplinar e integrada para as quest\u00f5es cr\u00edticas de transporte e log\u00edstica de passageiros e de carga na Macrometr\u00f3pole Paulista (MMP), delimitada pela Regi\u00e3o Metropolitana de S\u00e3o Paulo e as quatro outras regi\u00f5es metropolitanas que a circundam: Campinas, Sorocaba, Baixada Santista e S\u00e3o Jos\u00e9 dos Campos.<\/p>\n<p>Um dos objetivos principais do PAM-TL, conforme j\u00e1 declarado em seu Termo de Refer\u00eancia, \u00e9 \u201cpropiciar aumento da efici\u00eancia socioecon\u00f4mica e ambiental da a\u00e7\u00e3o governamental nos campos afins do transporte de passageiros e da log\u00edstica de cargas na MMP e a racionaliza\u00e7\u00e3o do uso dos recursos p\u00fablicos correspondentes\u201d. Esse objetivo, somado \u00e0 impossibilidade de amplia\u00e7\u00e3o da infraestrutura rodovi\u00e1ria indefinidamente, leva \u00e0 convic\u00e7\u00e3o de que caber\u00e1 a outros modos de transporte a miss\u00e3o de gerar capacidade suficiente para atender ao adicional da demanda futura.<\/p>\n<p>O PAM-TL, ademais, incorpora o princ\u00edpio de promover a participa\u00e7\u00e3o do setor privado nos servi\u00e7os deleg\u00e1veis, por meio de concess\u00f5es e PPPs, com dois objetivos principais, preservado o interesse p\u00fablico.<\/p>\n<p><em>O PAM-TL \u00e9 uma realiza\u00e7\u00e3o do Cons\u00f3rcio PRO-TL, composto pelas empresas DB Internacional Brasil Servi\u00e7os de Consultoria Ltda, Progen Projetos Gerenciamento e Engenharia S.A., TTC Engenharia de Tr\u00e1fego e de Transportes Ltda., Addax Assessoria Econ\u00f4mica e Financeira Ltda.-EPP, Tozzini, Freire, Teixeira e Silva Advogados.<\/em><\/p>\n<p><strong>Programa\u00e7\u00e3o:<\/strong><\/p>\n<p><strong>Abertura<\/strong><\/p>\n<p>Paulo Ferreira \u2013 Presidente do Instituto de Engenharia<\/p>\n<p>Ivan Metran Whately \u2013 Vice-Presidente de Atividades T\u00e9cnicas<\/p>\n<p>Jo\u00e3o Octaviano Machado Neto \u2013 Secret\u00e1rio de Log\u00edstica e Transportes do Estado de S\u00e3o Paulo<\/p>\n<p><strong>Mediadores<\/strong><\/p>\n<p>Miriana Pereira Marques \u2013 Diretora de Programa\u00e7\u00e3o e Conselheira do Instituto de Engenharia<\/p>\n<p>Jean Carlos Pejo \u2013 Coordenador da Divis\u00e3o T\u00e9cnica de Ferrovias IE<\/p>\n<p><strong>Palestrantes<\/strong><\/p>\n<p>Peter Kurt Mirow \u2013 Diretor Executivo da DB Engineering &amp; Consulting GmbH do Brasil<\/p>\n<p>Cl\u00e1udia Martinelli \u2013 Consultora em planejamento de transporte p\u00fablico e privado<\/p>\n<p>Fl\u00e1vio Chevis \u2013 Economista<\/p>\n<p>Eduardo Germani \u2013 Diretor da TTC<\/p>\n<p>Claudia Bonelli \u2013 S\u00f3cia respons\u00e1vel pela \u00e1rea de Direito Administrativo de TozziniFreire<\/p>\n<p>Roberto Gentilezza \u2013 Economista<\/p>\n<p>Mariana Lessa Gomes \u2013 Consultora na DB Engineering &amp; Consulting<\/p>\n<p><strong>Mesa redonda<\/strong><\/p>\n<p>Alberto Epifani \u2013 Convidado da Divis\u00e3o T\u00e9cnica de Urbanismo<\/p>\n<p>Flaminio Fichmann \u2013 Coordenador da Divis\u00e3o T\u00e9cnica de Transportes Metropolitanos IE<\/p>\n<p>Jean Carlos Pejo \u2013 Coordenador da Divis\u00e3o T\u00e9cnica de Ferrovias IE<\/p>\n<p>Vicente Abate \u2013 Vice-Coordenador da Divis\u00e3o T\u00e9cnica de Ferrovias IE<\/p>\n<p>Maria da Penha Pereira Nobre \u2013 Coordenadora da Divis\u00e3o T\u00e9cnica de Tr\u00e2nsito IE<\/p>\n<p>Jos\u00e9 Wagner Leite Ferreira \u2013 Coordenador da Divis\u00e3o T\u00e9cnica de Navega\u00e7\u00e3o Interior e Portos IE<\/p>\n<p>Adalberto Febeliano \u2013 Coordenador da Divis\u00e3o T\u00e9cnica de Avia\u00e7\u00e3o e Aeroportos IE<\/p>\n<p><strong>Encerramento<\/strong><\/p>\n<p>Luiz Alberto Fioravante \u2013 Assessor T\u00e9cnico de Planejamento e Projetos<\/p>\n<p>Ivan Metran Whately \u2013 Vice-Presidente de Atividades T\u00e9cnicas<\/p>\n<p>&nbsp;<\/p>\n<p><strong>Conhe\u00e7a os participantes:<\/strong><\/p>\n<p><img loading=\"lazy\" decoding=\"async\" class=\"wp-image-79180 alignleft td-animation-stack-type0-2\" src=\"https:\/\/www.institutodeengenharia.org.br\/site\/wp-content\/uploads\/2021\/03\/paulo_home.png\" alt=\"\" width=\"187\" height=\"166\" srcset=\"https:\/\/www.institutodeengenharia.org.br\/site\/wp-content\/uploads\/2021\/03\/paulo_home.png 578w, https:\/\/www.institutodeengenharia.org.br\/site\/wp-content\/uploads\/2021\/03\/paulo_home-300x267.png 300w, https:\/\/www.institutodeengenharia.org.br\/site\/wp-content\/uploads\/2021\/03\/paulo_home-472x420.png 472w\" sizes=\"auto, (max-width: 187px) 100vw, 187px\" \/><strong>Paulo Ferreira -Presidente do Instituto de Engenharia\u00a0<\/strong><\/p>\n<p>Engenheiro Civil pela Escola de Engenharia da Universidade Presbiteriana Mackenzie, mestre e doutor pela Escola Polit\u00e9cnica da Universidade de S\u00e3o Paulo (EPUSP). Engenheiro de Planejamento, coordenador de Projetos, superintendente de Projetos, diretor T\u00e9cnico e de Meio Ambiente da Sabesp; diretor de Controle de Polui\u00e7\u00e3o da Cetesb; professor adjunto da E.E. Mackenzie. \u00c9 conselheiro Consultivo e j\u00e1 foi vice-presidente de Atividades T\u00e9cnicas do Instituto de Engenharia, secret\u00e1rio adjunto de Meio Ambiente do Estado de S\u00e3o Paulo, secret\u00e1rio Nacional de Saneamento Ambiental do Minist\u00e9rio das Cidades, diretor Administrativo e Financeiro da Telebras do Minist\u00e9rio das Comunica\u00e7\u00f5es.<\/p>\n<p><strong>Ivan Metran Whately- Vice-Presidente de Atividades T\u00e9cnicas<img loading=\"lazy\" decoding=\"async\" class=\"wp-image-43623 alignright td-animation-stack-type0-2\" src=\"https:\/\/www.institutodeengenharia.org.br\/site\/wp-content\/uploads\/2019\/08\/IVAN_WHATELY-300x225.jpg\" alt=\"\" width=\"195\" height=\"146\" srcset=\"https:\/\/www.institutodeengenharia.org.br\/site\/wp-content\/uploads\/2019\/08\/IVAN_WHATELY-300x225.jpg 300w, https:\/\/www.institutodeengenharia.org.br\/site\/wp-content\/uploads\/2019\/08\/IVAN_WHATELY-768x576.jpg 768w, https:\/\/www.institutodeengenharia.org.br\/site\/wp-content\/uploads\/2019\/08\/IVAN_WHATELY-1024x768.jpg 1024w, https:\/\/www.institutodeengenharia.org.br\/site\/wp-content\/uploads\/2019\/08\/IVAN_WHATELY-80x60.jpg 80w, https:\/\/www.institutodeengenharia.org.br\/site\/wp-content\/uploads\/2019\/08\/IVAN_WHATELY-265x198.jpg 265w, https:\/\/www.institutodeengenharia.org.br\/site\/wp-content\/uploads\/2019\/08\/IVAN_WHATELY-696x522.jpg 696w, https:\/\/www.institutodeengenharia.org.br\/site\/wp-content\/uploads\/2019\/08\/IVAN_WHATELY-1068x801.jpg 1068w, https:\/\/www.institutodeengenharia.org.br\/site\/wp-content\/uploads\/2019\/08\/IVAN_WHATELY-560x420.jpg 560w, https:\/\/www.institutodeengenharia.org.br\/site\/wp-content\/uploads\/2019\/08\/IVAN_WHATELY.jpg 1280w\" sizes=\"auto, (max-width: 195px) 100vw, 195px\" \/><\/strong><\/p>\n<p>No Instituto de Engenharia h\u00e1 40 anos, atuou como 1\u00ba Secret\u00e1rio da Diretoria Executiva nos \u00faltimos quatro anos. H\u00e1 seis anos \u00e9 diretor do Departamento de Mobilidade e Log\u00edstica e atuou por cinco anos como coordenador da Divis\u00e3o T\u00e9cnica de Transportes Metropolitanos. Por dois per\u00edodos de quatro anos fez parte do Conselho Deliberativo. Atualmente \u00e9 VP de Atividades T\u00e9cnicas e atua no Conselho Consultivo. Participa do Conselho Editorial e de Pauta da Revista Engenharia. Sempre desenvolveu atividades volunt\u00e1rias, e como confrade, participa das degusta\u00e7\u00f5es da SocIEt\u00e0 \u2013 grupo de associados amigos do vinho no Instituto de Engenharia. Formado em Engenharia Civil pela FAAP, em 1974; Arquitetura pela universidade Presbiteriana Mackenzie, em 1967; com cursos de extens\u00e3o e est\u00e1gios profissionais no Brasil e na Fran\u00e7a, nas especializa\u00e7\u00f5es de Engenharia de Tr\u00e1fego e Transporte e Planejamento de Transporte. Atuou em empresas privadas e p\u00fablicas. Atualmente \u00e9 consultor de Planejamento de Transporte, j\u00e1 foi foi assessor da Diretoria do Metr\u00f4-SP (2013-2019), foi assessor Especial do SMT (2010-2013), foi gerente de Projetos e Obras da EMTU (2007-2013), foi superintendente do DAEE (1995-1997) e foi diretor de Projetos e diretor-presidente da CPOS (1997-2005). Foi Presidente da Comiss\u00e3o Pr\u00f3-Centro e diretor do DTP da PMSP. Al\u00e9m disso, foi consultor da OEA no Uruguai; diretor de Projetos de Engenharia do FUNDUSP; dirigente da Assessoria T\u00e9cnica da Secretaria dos Neg\u00f3cios Metropolitanos; assessor T\u00e9cnico da Secretaria de Estado dos Transportes, diretor do Departamento de Projetos da SEEBLA \u2013 Servi\u00e7os de Engenharia, onde coordenou projetos em cidades brasileiras, Chile, Venezuela e Col\u00f4mbia.<\/p>\n<p><img loading=\"lazy\" decoding=\"async\" class=\"wp-image-70458 alignleft td-animation-stack-type0-2\" src=\"https:\/\/www.institutodeengenharia.org.br\/site\/wp-content\/uploads\/2020\/09\/Jo%C3%A3o-Octaviano-Machado-Neto.jpg\" alt=\"\" width=\"147\" height=\"163\" \/><\/p>\n<p>&nbsp;<\/p>\n<p><strong>Jo\u00e3o Octaviano Machado Neto \u2013 Secret\u00e1rio de Log\u00edstica e Transportes do Estado de S\u00e3o Paulo<\/strong><\/p>\n<p>Formado em Engenheira Civil pela Escola de Engenharia Mau\u00e1, atua na Gest\u00e3o P\u00fablica h\u00e1 35 anos. Antes de assumir a Secretaria Estadual de Log\u00edstica e Transportes, em 2019, foi secret\u00e1rio municipal de Mobilidade e Transportes e presidente da CET (Companhia de Engenharia de Tr\u00e1fego). Sua experi\u00eancia no Poder P\u00fablico inclui ainda cargos como os de secret\u00e1rio executivo do Programa Estadual de Parcerias P\u00fablico-Privadas da Habita\u00e7\u00e3o, presidente da Prodam, secret\u00e1rio municipal de Gest\u00e3o, secret\u00e1rio municipal adjunto de Planejamento e secret\u00e1rio municipal de Servi\u00e7os e Obras.<\/p>\n<p><img loading=\"lazy\" decoding=\"async\" class=\"wp-image-37233 alignright td-animation-stack-type0-2\" src=\"https:\/\/www.institutodeengenharia.org.br\/site\/wp-content\/uploads\/2018\/08\/miriana.jpg\" alt=\"\" width=\"150\" height=\"196\" \/><\/p>\n<p><strong>Miriana Pereira Marques \u2013 Diretora de Programa\u00e7\u00e3o e Conselheira do Instituto de Engenharia<\/strong><\/p>\n<p>Engenheira Civil formada h\u00e1 31 anos pela FEFAAP, e especialista em Avalia\u00e7\u00f5es e Per\u00edcias pela Universidade 9 de Julho. \u00c9 respons\u00e1vel t\u00e9cnica da Marques &amp; Marques Engenharia Avalia\u00e7\u00f5es e Per\u00edcias, tendo como foco principal a realiza\u00e7\u00e3o de Relat\u00f3rios T\u00e9cnicos de Vistoria de Vizinhan\u00e7a para grandes obras de infraestrutura no Estado de S\u00e3o Paulo \u2013 Metr\u00f4, Rodoanel, Contorno da Tamoios, Descida da Serra, entre outros. Na vida acad\u00eamica foi professora de Maci\u00e7os e Obras de Terra, Transportes e Mec\u00e2nica dos Solos na FEFAAP, professora convidada nos cursos de p\u00f3s-gradua\u00e7\u00e3o de Avalia\u00e7\u00f5es e Per\u00edcias da FAAP e IBEC. Na \u00e1rea judicial atua como assistente t\u00e9cnico do Metr\u00f4, foi assistente t\u00e9cnica da DERSA e \u00e9 perita na 6\u00ba Vara C\u00edvel do F\u00f3rum de Jundia\u00ed. Na \u00e1rea p\u00fablica foi supervisora T\u00e9cnica de Planejamento Urbano na Subprefeitura do Butant\u00e3 e assessora da Superintend\u00eancia de Obras na Siurb, na gest\u00e3o do prefeito Gilberto Kassab. No Instituto de Engenharia \u00e9 diretora de Programa\u00e7\u00e3o, membro do Conselho Consultivo, membro da C\u00e2mara de Media\u00e7\u00e3o e Arbitragem, membro do Grupo Mulheres e Mentoria, vice-diretora da Divis\u00e3o T\u00e9cnica de Avalia\u00e7\u00f5es e Per\u00edcias e secret\u00e1ria da Divis\u00e3o T\u00e9cnica de Novas Tecnologias. Foi vice-presidente de Assuntos Internos e Associativos e de Atividades T\u00e9cnicas, diretora-secret\u00e1ria da Diretoria Executiva, secret\u00e1ria da Divis\u00e3o T\u00e9cnica de Avalia\u00e7\u00f5es e Per\u00edcias e vice-coordenadora da Divis\u00e3o T\u00e9cnica de Gerenciamento e Empreendimento. Nos \u00faltimos anos, vem realizando v\u00e1rias parcerias com as escolas de engenharia, atl\u00e9ticas, centro e diret\u00f3rios acad\u00eamicos e empresas juniores, participando de cola\u00e7\u00e3o de grau, premiando os melhores alunos na \u00e1rea de engenharia, participando da organiza\u00e7\u00e3o da Jornada de Engenharia, Carreiras e Profiss\u00f5es, mantendo um la\u00e7o forte com as escolas de engenharia, agregando associados universit\u00e1rios e docentes. Incentiva novos cursos e palestras no IE, al\u00e9m dos j\u00e1 existentes. Agraciada com o Pr\u00eamio de Melhor Trabalho T\u00e9cnico do Ano analisando temas ligados ao exerc\u00edcio da profiss\u00e3o \u2013 \u201cVistoria Cautelar\u201d, \u201cIm\u00f3veis Tombados\u201d, \u201cCal\u00e7adas\u201d e \u201cAs maravilhas da Engenharia.<\/p>\n<p><img loading=\"lazy\" decoding=\"async\" class=\"wp-image-81998 alignright td-animation-stack-type0-2\" src=\"https:\/\/www.institutodeengenharia.org.br\/site\/wp-content\/uploads\/2021\/06\/peterkurt.jpg\" alt=\"\" width=\"177\" height=\"152\" srcset=\"https:\/\/www.institutodeengenharia.org.br\/site\/wp-content\/uploads\/2021\/06\/peterkurt.jpg 1280w, https:\/\/www.institutodeengenharia.org.br\/site\/wp-content\/uploads\/2021\/06\/peterkurt-300x259.jpg 300w, https:\/\/www.institutodeengenharia.org.br\/site\/wp-content\/uploads\/2021\/06\/peterkurt-1024x886.jpg 1024w, https:\/\/www.institutodeengenharia.org.br\/site\/wp-content\/uploads\/2021\/06\/peterkurt-768x664.jpg 768w, https:\/\/www.institutodeengenharia.org.br\/site\/wp-content\/uploads\/2021\/06\/peterkurt-696x602.jpg 696w, https:\/\/www.institutodeengenharia.org.br\/site\/wp-content\/uploads\/2021\/06\/peterkurt-1068x924.jpg 1068w, https:\/\/www.institutodeengenharia.org.br\/site\/wp-content\/uploads\/2021\/06\/peterkurt-486x420.jpg 486w, https:\/\/www.institutodeengenharia.org.br\/site\/wp-content\/uploads\/2021\/06\/peterkurt-534x462.jpg 534w, https:\/\/www.institutodeengenharia.org.br\/site\/wp-content\/uploads\/2021\/06\/peterkurt-600x519.jpg 600w\" sizes=\"auto, (max-width: 177px) 100vw, 177px\" \/><\/p>\n<p><strong>Peter Kurt Mirow \u2013 Diretor Executivo da DB Engineering &amp; Consulting GmbH do Brasil<\/strong><\/p>\n<p>Brasileiro e alem\u00e3o, \u00e9 o Diretor Executivo da DB Engineering &amp; Consulting GmbH do Brasil, empresa que pertence ao Grupo Deutsche Bahn, e que tem o seu escrit\u00f3rio no Rio de Janeiro. A DB Engineering &amp; Consulting oferece know-how mundialmente reconhecido em transportes e log\u00edstica, especialmente por modo ferrovi\u00e1rio, desde a fase de concep\u00e7\u00e3o at\u00e9 a implementa\u00e7\u00e3o de projetos.\u00a0Mestre em Administra\u00e7\u00e3o de Empresas formado na Johann W. Goethe Universit\u00e4t, de Frankfurt, na Alemanha, Peter iniciou sua carreira como consultor de empresas, na Roland Berger Strategy Consultants, no escrit\u00f3rio de S\u00e3o Paulo, onde realizou diversos projetos de otimiza\u00e7\u00e3o de Supply Chain, al\u00e9m de outros projetos ligados ao setor sider\u00fargico.\u00a0Em 2005 ingressou na Companhia Sider\u00fargica do Atl\u00e2ntico, da ThyssenKrupp, onde liderou a \u00e1rea de Business Process Management.\u00a0Desde 2012 Peter atua na Deutsche Bahn, desde 2014 como Diretor Executivo. Trabalhou em projetos relacionados a transporte integrado de passageiros e log\u00edstica eficiente, tal como o desenvolvimento do Plano de A\u00e7\u00e3o da Macrometropole Paulista (PAM-TL), al\u00e9m do Plano Estrat\u00e9gico de Log\u00edstica e Cargas do Rio de Janeiro, para o Governo do Estado do Rio de Janeiro, al\u00e9m de projetos com o MetroRio e Supervia, entre outros. Peter fala portugu\u00eas, ingl\u00eas, e alem\u00e3o fluentes, al\u00e9m de franc\u00eas e espanhol.<\/p>\n<p><img loading=\"lazy\" decoding=\"async\" class=\"wp-image-81999 alignleft td-animation-stack-type0-2\" src=\"https:\/\/www.institutodeengenharia.org.br\/site\/wp-content\/uploads\/2021\/06\/claudiamartinelli.jpg\" alt=\"\" width=\"142\" height=\"171\" srcset=\"https:\/\/www.institutodeengenharia.org.br\/site\/wp-content\/uploads\/2021\/06\/claudiamartinelli.jpg 589w, https:\/\/www.institutodeengenharia.org.br\/site\/wp-content\/uploads\/2021\/06\/claudiamartinelli-249x300.jpg 249w, https:\/\/www.institutodeengenharia.org.br\/site\/wp-content\/uploads\/2021\/06\/claudiamartinelli-348x420.jpg 348w\" sizes=\"auto, (max-width: 142px) 100vw, 142px\" \/><\/p>\n<p><strong>Cl\u00e1udia Martinelli \u2013 Consultora em planejamento de transporte p\u00fablico e privado<\/strong><\/p>\n<p>Engenheira civil, com p\u00f3s-gradua\u00e7\u00e3o em planejamento de transporte. Com mais de 30 anos de experi\u00eancia como consultora em planejamento de transporte p\u00fablico e privado e elabora\u00e7\u00e3o de propostas para participa\u00e7\u00e3o de leil\u00f5es de concess\u00e3o, atua como gerente de projetos multidisciplinares, de alta complexidade t\u00e9cnica, desenvolvidos em ambientes internacionais.\u00a0Concluiu recentemente o Plano de A\u00e7\u00e3o Metropolitano de Transportes e Log\u00edstica de S\u00e3o Paulo (PAM-TL), que prop\u00f5e a melhoria da organiza\u00e7\u00e3o jur\u00eddico-institucional na \u00e1rea de transportes da Macro Metr\u00f3pole Paulista, a cria\u00e7\u00e3o de uma rede log\u00edstica de cargas e passageiros multimodal e concep\u00e7\u00e3o de alternativas para financiamento dos projetos que incluem a defini\u00e7\u00e3o de pacotes de concess\u00e3o e\/ou PPP\u2019s.\u00a0Como coordenadora do contrato de Certifica\u00e7\u00e3o da Linha 6 de Metr\u00f4 de S\u00e3o Paulo, maior PPP da am\u00e9rica Latina e maior obra de infraestrutura do Brasil, apoiou o GESP durante o processo de paraliza\u00e7\u00e3o e retomada das obras o que incluiu a avalia\u00e7\u00e3o de um pedido de reequil\u00edbrio econ\u00f4mico-financeiro de R$ 2Bi colocado pela Concession\u00e1ria. A CERTIFICADORA, como agente t\u00e9cnico para apoio \u00e0 a\u00e7\u00e3o de fiscaliza\u00e7\u00e3o do PODER CONCEDENTE \u00e9 respons\u00e1vel por validar todos os processos necess\u00e1rios a implanta\u00e7\u00e3o do Empreendimento, incluindo elabora\u00e7\u00e3o de projetos, licenciamento ambiental, desapropria\u00e7\u00e3o, obras civis, fornecimento, montagem e testes de sistemas metroferrovi\u00e1rios e material rodante, sendo assim<\/p>\n<p>Sua experi\u00eancia inclui ainda representa\u00e7\u00e3o comercial para venda e distribui\u00e7\u00e3o de equipamentos na \u00e1rea de energia solar e para ind\u00fastria petroqu\u00edmica.<\/p>\n<p><img loading=\"lazy\" decoding=\"async\" class=\"wp-image-82000 alignright td-animation-stack-type0-2\" src=\"https:\/\/www.institutodeengenharia.org.br\/site\/wp-content\/uploads\/2021\/06\/flavio.jpg\" alt=\"\" width=\"139\" height=\"176\" \/><\/p>\n<p><strong>Fl\u00e1vio Chevis \u2013 Economista<\/strong><\/p>\n<p>Economista pela FEA-USP, tendo cursado Mestrado em Teoria Econ\u00f4mica no IE-UNICAMP e em Engenharia de Transportes na POLI-USP. Ap\u00f3s ter atuado em\u00a0<em>Treasury<\/em>\u00a0e\u00a0<em>Private Equity<\/em>\u00a0em empresas privadas, fundou em 2001 a ADDAX, consultoria especializada em estrutura\u00e7\u00e3o de Concess\u00f5es e PPPs de infraestrutura, notadamente no setor de Transportes, incluindo Log\u00edstica e Mobilidade. Membro da\u00a0<em>UITP<\/em>\u00a0\u2013 Uni\u00e3o Internacional de Transportes P\u00fablicos, associa\u00e7\u00e3o sediada em Bruxelas, e\u00a0<em>Vice-Chairman<\/em>\u00a0de seu Comit\u00ea de Economia de Transportes. Foi agraciado com o\u00a0<em>UITP Awards<\/em>\u00a02017 em\u00a0<em>Smart Financing and Business Models<\/em>\u00a0pela estrutura\u00e7\u00e3o, como consultor do Governo de S\u00e3o Paulo, da inovadora PPP do Sistema Integrado Metropolitano, contemplando VLT e \u00d4nibus na Baixada Santista. Junto ao Governo de S\u00e3o Paulo, tamb\u00e9m apoiou a estrutura\u00e7\u00e3o das Concess\u00f5es e PPPs das Linhas 5 \u2013 Lil\u00e1s, 6 \u2013 Laranja, 15 \u2013 Prata, 17 \u2013 Ouro de Metr\u00f4 e das Linhas 8 \u2013 Diamante e 9 \u2013 Esmeralda de Trens Metropolitanos, assim como pertence ao Cons\u00f3rcio que desenvolveu o PAM-TL \u2013 Plano de A\u00e7\u00e3o da Macrometr\u00f3pole Paulista em Transportes e Log\u00edstica financiado pelo BID. \u00c9 Professor do MBA PPP e Concess\u00f5es da FESPSP em conjunto com a\u00a0<em>LSE \u2013 London School of Economics<\/em>, bem como profere outros cursos voltados \u00e0 Modelagem Econ\u00f4mico-Financeira e Planejamento de Transportes.<\/p>\n<p><img loading=\"lazy\" decoding=\"async\" class=\"wp-image-82001 alignleft td-animation-stack-type0-2\" src=\"https:\/\/www.institutodeengenharia.org.br\/site\/wp-content\/uploads\/2021\/06\/eduardogermani.png\" alt=\"\" width=\"132\" height=\"175\" srcset=\"https:\/\/www.institutodeengenharia.org.br\/site\/wp-content\/uploads\/2021\/06\/eduardogermani.png 286w, https:\/\/www.institutodeengenharia.org.br\/site\/wp-content\/uploads\/2021\/06\/eduardogermani-226x300.png 226w\" sizes=\"auto, (max-width: 132px) 100vw, 132px\" \/><\/p>\n<p><strong>Eduardo Germani \u2013 Diretor da TTC<\/strong><\/p>\n<p>Engenheiro de Controle e Automa\u00e7\u00e3o e Mestre em Engenharia de transporte pela Escola Polit\u00e9cnica da Universidade de S\u00e3o Paulo.Em seus 27 anos de experi\u00eancia profissional, atuou em uma extensa lista de projetos de planejamento de transporte em v\u00e1rios pa\u00edses da Am\u00e9rica Latina, trabalhando para os setores privado e p\u00fablico. Especializou-se em modelagem e previs\u00e3o de demanda por transporte para a an\u00e1lise de viabilidade e do impacto de novos sistemas, concess\u00f5es e PPPs e otimiza\u00e7\u00e3o de oferta. Ao longo dos anos, ampliou suas habilidades atrav\u00e9s de projetos de gest\u00e3o de linhas de metr\u00f4, trens urbanos, BRTs, privatiza\u00e7\u00e3o de rodovias e planejamento da mobilidade de passageiros e carga, em projetos na Am\u00e9rica Latina e diversas cidades na China.Atualmente \u00e9 diretor da TTC, liderando a empresa no fornecimento de consultoria em solu\u00e7\u00f5es de mobilidade.\u00a0No PAM-TL atuou nos estudos de demanda, que inclu\u00edram a realiza\u00e7\u00e3o de pesquisas de tr\u00e1fego, modelagem de carga e passageiros, proje\u00e7\u00f5es das matrizes de viagem e de carga, a determina\u00e7\u00e3o de volumes veiculares, n\u00edveis de servi\u00e7o e arrecada\u00e7\u00e3o tarif\u00e1ria, al\u00e9m de solu\u00e7\u00f5es de engenharia de transporte.<\/p>\n<p><img loading=\"lazy\" decoding=\"async\" class=\"wp-image-82034 alignright td-animation-stack-type0-2\" src=\"https:\/\/www.institutodeengenharia.org.br\/site\/wp-content\/uploads\/2021\/06\/claudia.jpg\" alt=\"\" width=\"122\" height=\"183\" srcset=\"https:\/\/www.institutodeengenharia.org.br\/site\/wp-content\/uploads\/2021\/06\/claudia.jpg 514w, https:\/\/www.institutodeengenharia.org.br\/site\/wp-content\/uploads\/2021\/06\/claudia-200x300.jpg 200w, https:\/\/www.institutodeengenharia.org.br\/site\/wp-content\/uploads\/2021\/06\/claudia-280x420.jpg 280w\" sizes=\"auto, (max-width: 122px) 100vw, 122px\" \/><\/p>\n<p><strong>Claudia Bonelli \u2013 S\u00f3cia respons\u00e1vel pela \u00e1rea de Direito Administrativo de TozziniFreire<\/strong><\/p>\n<p>Claudia tem amplo conhecimento em temas ligados ao setor p\u00fablico. Atuante em mat\u00e9rias relacionadas a licita\u00e7\u00f5es, contratos e conv\u00eanios administrativos, concess\u00f5es de servi\u00e7os p\u00fablicos, parcerias p\u00fablico-privadas e autoriza\u00e7\u00f5es governamentais, al\u00e9m de leis e normas administrativas como a lei de responsabilidade fiscal, sua experi\u00eancia abrange n\u00e3o s\u00f3 o assessoramento a particulares, mas tamb\u00e9m ao setor p\u00fablico, o que lhe garante um conhecimento profundo das rela\u00e7\u00f5es p\u00fablico-privadas. Com grande experi\u00eancia no setor de infraestrutura, tem atuado em muitos dos principais projetos realizados no mercado brasileiro. Graduada pela Faculdade de Direito da UFSC (Universidade Federal de Santa Catarina), \u00e9 tamb\u00e9m mestre em Direito Internacional pela Universit\u00e4t Osnabr\u00fcck, Alemanha. Claudia \u00e9 referenciada nacional e internacionalmente em alguns dos mais relevantes guias jur\u00eddicos, como Chambers Latin America, The Legal 500, Latin Lawyer 250, Who\u2019s Who Legal, IFLR1000 e Best Lawyers.<\/p>\n<p><img loading=\"lazy\" decoding=\"async\" class=\"wp-image-82002 alignleft td-animation-stack-type0-2\" src=\"https:\/\/www.institutodeengenharia.org.br\/site\/wp-content\/uploads\/2021\/06\/roberto.png\" alt=\"\" width=\"154\" height=\"177\" \/><\/p>\n<p><strong>Roberto Gentilezza \u2013 Economista<\/strong><\/p>\n<p>Economista pela FEA-USP, com especializa\u00e7\u00f5es em gest\u00e3o de riscos pela BM&amp;F Educacional e planejamento e gest\u00e3o de cidades pela UC-Berkeley e Pece-Poli. Possui mais de 10 anos de experi\u00eancia em avalia\u00e7\u00e3o econ\u00f4mico-financeira e estrutura\u00e7\u00e3o de Concess\u00f5es e PPPs de infraestrutura social, em especial em mobilidade urbana. Possui\u00a0<em>background<\/em>\u00a0no mercado financeiro, em an\u00e1lise e gest\u00e3o de riscos. Participou da elabora\u00e7\u00e3o do PAM-TL \u2013 Plano de A\u00e7\u00e3o da Macrometr\u00f3pole Paulista em Transporte e Log\u00edstica, e, da estrutura\u00e7\u00e3o das Concess\u00f5es e PPPs das Linhas 5-Lil\u00e1s, 6-Laranja, 15-Prata e 17-Ouro de Metr\u00f4, das linhas 8-Diamante e 9-Esmeralda de Trens Metropolitanos. Atuou na modelagem financeira do SIM RMBS, contemplado pelo\u00a0<em>UITP Awards<\/em>\u00a02017 em\u00a0<em>Smart Financing and Business Models<\/em>, e do sistema gratuito de \u00f4nibus municipal de Vargem Grande Paulista, premiado em 2020 pelo\u00a0<em>APA International Division Planning Excellent Award<\/em>\u00a0na categoria\u00a0<em>Transportation Planning<\/em>.<\/p>\n<p><img loading=\"lazy\" decoding=\"async\" class=\"wp-image-82004 alignright td-animation-stack-type0-2\" src=\"https:\/\/www.institutodeengenharia.org.br\/site\/wp-content\/uploads\/2021\/06\/mariana-1-rotated.jpg\" alt=\"\" width=\"139\" height=\"186\" srcset=\"https:\/\/www.institutodeengenharia.org.br\/site\/wp-content\/uploads\/2021\/06\/mariana-1-rotated.jpg 322w, https:\/\/www.institutodeengenharia.org.br\/site\/wp-content\/uploads\/2021\/06\/mariana-1-225x300.jpg 225w, https:\/\/www.institutodeengenharia.org.br\/site\/wp-content\/uploads\/2021\/06\/mariana-1-315x420.jpg 315w\" sizes=\"auto, (max-width: 139px) 100vw, 139px\" \/><\/p>\n<p><strong>Mariana Lessa Gomes \u2013 Consultora na DB Engineering &amp; Consulting<\/strong><\/p>\n<p>Graduada em Engenharia Civil pelo Instituto Mau\u00e1 de Tecnologia e com p\u00f3s-gradua\u00e7\u00e3o na \u00e1rea de Economia pela Funda\u00e7\u00e3o Get\u00falio Vargas. Atualmente atua como Consultora na DB Engineering &amp; Consulting, empresa alem\u00e3 do setor Ferrovi\u00e1rio com atua\u00e7\u00e3o global. Fez parte do Project Manegement Office (PMO) do estudo multidisciplinar na \u00e1rea de Transporte e Log\u00edstica para a macro metr\u00f3pole de S\u00e3o Paulo, o PAM-TL.\u00a0Possui anos de experi\u00eancia em obras de infraestrutura de grande porte: metro-ferrovi\u00e1rias e de saneamento. Com participa\u00e7\u00e3o em todas as fases do projeto, desde os estudos b\u00e1sicos e elabora\u00e7\u00e3o de proposta at\u00e9 a sua implanta\u00e7\u00e3o. O projeto de maior destaque \u00e9 a Linha 6 \u2013 Laranja do Metr\u00f4 de S\u00e3o Paulo pela Odebrecht Engenharia e Constru\u00e7\u00e3o.\u00a0Possui breve experi\u00eancia no setor financeiro voltada para an\u00e1lise de resultados e performance.<\/p>\n<p><img loading=\"lazy\" decoding=\"async\" class=\"wp-image-82005 alignleft td-animation-stack-type0-2\" src=\"https:\/\/www.institutodeengenharia.org.br\/site\/wp-content\/uploads\/2021\/06\/alberto.png\" alt=\"\" width=\"132\" height=\"200\" srcset=\"https:\/\/www.institutodeengenharia.org.br\/site\/wp-content\/uploads\/2021\/06\/alberto.png 303w, https:\/\/www.institutodeengenharia.org.br\/site\/wp-content\/uploads\/2021\/06\/alberto-198x300.png 198w, https:\/\/www.institutodeengenharia.org.br\/site\/wp-content\/uploads\/2021\/06\/alberto-277x420.png 277w\" sizes=\"auto, (max-width: 132px) 100vw, 132px\" \/><\/p>\n<p><strong>Alberto Epifani \u2013 Convidado da Divis\u00e3o T\u00e9cnica de Urbanismo\u00a0<\/strong><\/p>\n<p>Arquiteto e Urbanismo, pela na Faculdade de Arquitetura e Urbanismo da Universidade de S\u00e3o Paulo, com cursos de especializa\u00e7\u00e3o em Transporte Coletivo por \u00d4nibus, Movimentos Sociais Urbanos e Urbaniza\u00e7\u00e3o e Treinamento B\u00e1sico de Administra\u00e7\u00e3o \u2013 TBA.\u00a0Na Companhia do Metropolitano de S\u00e3o Paulo \u2013 METR\u00d4, atuou como Analista de Projetos, Coordenador de Monitora\u00e7\u00e3o do Sistema de Transporte P\u00fablico de Passageiros e de Pesquisas Operacionais, da Diretoria de Planejamento, Chefe de Departamento do Sistema Operacional, Gerente do Sistema de Transporte, Chefe da Assessoria para Integra\u00e7\u00e3o do Sistema Metropolitano, Gerente de Planejamento e Integra\u00e7\u00e3o de Transporte Metropolitano e Diretor de Planejamento e Expans\u00e3o dos Transportes Metropolitanos.\u00a0Diretor de Planejamento da Companhia Paulista de Trens Metropolitanos \u2013 CPTM.\u00a0Na Secret\u00e1ria de Estado de Transportes Metropolitano, foi Coordenador da Coordenadoria de Transporte Coletivo das Regi\u00f5es Metropolitanas de S\u00e3o Paulo, Baixada Santista e Campinas, Assessor T\u00e9cnico e Coordenador do N\u00facleo de Planejamento Estrat\u00e9gico da Coordenadoria de Planejamento e Gest\u00e3o.<\/p>\n<p><img loading=\"lazy\" decoding=\"async\" class=\"wp-image-82006 alignright td-animation-stack-type0-2\" src=\"https:\/\/www.institutodeengenharia.org.br\/site\/wp-content\/uploads\/2021\/06\/flsminio.png\" alt=\"\" width=\"137\" height=\"177\" srcset=\"https:\/\/www.institutodeengenharia.org.br\/site\/wp-content\/uploads\/2021\/06\/flsminio.png 234w, https:\/\/www.institutodeengenharia.org.br\/site\/wp-content\/uploads\/2021\/06\/flsminio-232x300.png 232w\" sizes=\"auto, (max-width: 137px) 100vw, 137px\" \/><\/p>\n<p><strong>Flaminio Fichmann \u2013 Coordenador da Divis\u00e3o T\u00e9cnica de Transportes Metropolitanos IE<\/strong><\/p>\n<p>Graduado em Arquitetura e Urbanismo pela Universidade Presbiteriana Mackenzie, com especializa\u00e7\u00e3o na FGV. Trabalhou na administra\u00e7\u00e3o p\u00fablica por 14 anos (CET e EMTU\/SP). \u00c9 consultor h\u00e1 28 anos, s\u00f3cio e diretor da Projeto 34 \u2013 Arquitetura e Engenharia desde 2004, empresa que executou in\u00fameros planos e projetos no Brasil e exterior, de rodovias, BRTs, metr\u00f4s, trens e atividades relacionadas \u00e0 mobilidade urbana junto a \u00f3rg\u00e3os p\u00fablicos e empresas particulares. \u00c9 coordenador da Divis\u00e3o T\u00e9cnica de Transporte Metropolitano do Instituto de Engenharia. Foi consultor da Socicam e do INST \u2013 Instituto Nacional de Seguran\u00e7a no Tr\u00e2nsito, diretor da ONG Bairro Vivo, presidente do Comit\u00ea de Tr\u00e2nsito da Ag\u00eancia Brasil de Seguran\u00e7a \u2013 ABS e professor do curso de p\u00f3s-gradua\u00e7\u00e3o \u201cGerente da Cidade\u201d da FAAP.<\/p>\n<p><img loading=\"lazy\" decoding=\"async\" class=\"wp-image-65459 alignleft td-animation-stack-type0-2\" src=\"https:\/\/www.institutodeengenharia.org.br\/site\/wp-content\/uploads\/2020\/05\/jean-pejo.jpg\" alt=\"\" width=\"145\" height=\"170\" srcset=\"https:\/\/www.institutodeengenharia.org.br\/site\/wp-content\/uploads\/2020\/05\/jean-pejo.jpg 476w, https:\/\/www.institutodeengenharia.org.br\/site\/wp-content\/uploads\/2020\/05\/jean-pejo-255x300.jpg 255w, https:\/\/www.institutodeengenharia.org.br\/site\/wp-content\/uploads\/2020\/05\/jean-pejo-358x420.jpg 358w\" sizes=\"auto, (max-width: 145px) 100vw, 145px\" \/><\/p>\n<p><strong>Jean Carlos Pejo \u2013 Coordenador da Divis\u00e3o T\u00e9cnica de Ferrovias IE<\/strong><\/p>\n<p>Graduado em Engenharia Mec\u00e2nica pela UNICAMP, com MBA em Ger\u00eancia de Projetos, e MBA em Log\u00edstica, ambas pela FGV e MBA em Empreendedorismo pelo Babson College dos EUA. Realizou est\u00e1gios nas ferrovias da Fran\u00e7a e Jap\u00e3o e cursos de especializa\u00e7\u00e3o e extens\u00e3o universit\u00e1ria em disciplinas de Engenharia Ferrovi\u00e1ria na Espanha, It\u00e1lia, Canad\u00e1, EUA e Brasil. \u00c9 secret\u00e1rio Geral da sede do Brasil da ALAF \u2013 Associa\u00e7\u00e3o Latino-Americana de Ferrovias. Recebeu em 2019 o t\u00edtulo de Personalidade da Tecnologia da Intermodalidade e Ferrovia, pelo Sindicato dos Engenheiros de S\u00e3o Paulo. Foi secret\u00e1rio Nacional de Mobilidade e Servi\u00e7os Urbanos, assessor Especial do Ministro do Desenvolvimento Regional, diretor, coordenador Geral de Gest\u00e3o e superintendente de Projetos e Engenharia da FEPASA e conselheiro da CPFL \u2013 Cia. Paulista de For\u00e7a e Luz. Apresentou v\u00e1rias palestras em Congressos no Brasil e exterior, bem como publicou textos e artigos em revistas especializadas.<\/p>\n<p><img loading=\"lazy\" decoding=\"async\" class=\"wp-image-82007 alignright td-animation-stack-type0-2\" src=\"https:\/\/www.institutodeengenharia.org.br\/site\/wp-content\/uploads\/2021\/06\/vicente.png\" alt=\"\" width=\"149\" height=\"168\" \/><\/p>\n<p><strong>Vicente Abate \u2013 Vice-Coordenador da Divis\u00e3o T\u00e9cnica de Ferrovias IE<\/strong><\/p>\n<p>O presidente da ABIFER (Associa\u00e7\u00e3o Brasileira da Ind\u00fastria Ferrovi\u00e1ria), engenheiro metalurgista formado pela Escola de Engenharia Mau\u00e1, p\u00f3s-graduado em Tratamento Termomec\u00e2nico de Metais pela Escola Polit\u00e9cnica da Universidade de S\u00e3o Paulo, possui MBA em Marketing pela FGV-SP e Babson College dos EUA, al\u00e9m de PDE (Programa de Desenvolvimento Estrat\u00e9gico) na Funda\u00e7\u00e3o Dom Cabral.\u00c9 diretor de rela\u00e7\u00f5es corporativas da Greenbrier Maxion e da Amsted Maxion, SIMEFRE \u2013 Sindicato Interestadual da Ind\u00fastria de Materiais e Equipamentos Ferrovi\u00e1rios e Rodovi\u00e1rios; Associa\u00e7\u00e3o Nacional de Transportes P\u00fablicos; DEINFRA\/FIESP \u2013 Departamento de Infraestrutura (Transporte e Log\u00edstica); DECONCIC\/FIESP \u2013 Departamento da Ind\u00fastria da Constru\u00e7\u00e3o. Vice-presidente da\u00a0ABIFA\/SIFESP \u2013 Associa\u00e7\u00e3o Brasileira de Fundi\u00e7\u00e3o\/ Sindicato da Ind\u00fastria da Fundi\u00e7\u00e3o no Estado de S\u00e3o Paulo e conselheiro do CONSIC\/FIESP \u2013 Conselho Superior da Ind\u00fastria da Constru\u00e7\u00e3o; \u2022 SAE BRASIL \u2013 Sociedade de Engenheiros da Mobilidade; ABENDI \u2013 Associa\u00e7\u00e3o Brasileira de Ensaios N\u00e3o Destrutivos e Inspe\u00e7\u00e3o; IE \u2013 Instituto de Engenharia; ANPTrilhos \u2013 Associa\u00e7\u00e3o Nacional dos Transportadores de Passageiros sobre Trilhos<\/p>\n<p><img loading=\"lazy\" decoding=\"async\" class=\"wp-image-82008 alignleft td-animation-stack-type0-2\" src=\"https:\/\/www.institutodeengenharia.org.br\/site\/wp-content\/uploads\/2021\/06\/mariadapenha.png\" alt=\"\" width=\"142\" height=\"182\" \/><\/p>\n<p><strong>Maria da Penha Pereira Nobre \u2013 Coordenadora da Divis\u00e3o T\u00e9cnica de Tr\u00e2nsito IE<\/strong><\/p>\n<p>Com especializa\u00e7\u00e3o na \u00e1rea de Tr\u00e2nsito, Mobilidade e Seguran\u00e7a e em Psicopedagogia Cl\u00ednica e Institucional. Trabalhou 25 anos na Companhia de Engenharia de Tr\u00e1fego \u2013 CET de S\u00e3o Paulo. Participou da elabora\u00e7\u00e3o do C\u00f3digo de Tr\u00e2nsito Brasileiro; fez curso de especializa\u00e7\u00e3o em transportes e tr\u00e2nsito na Fran\u00e7a; trabalhou na Venezuela e no M\u00e9xico; foi consultora do Departamento Nacional de Tr\u00e2nsito \u2013 DENATRAN, do Programa Monumenta\/BID\/Unesco do Minist\u00e9rio da Cultura e da Secretaria de Desenvolvimento Urbano da Presid\u00eancia da Rep\u00fablica \u2013 SEDU; foi presidente da Comiss\u00e3o de Tr\u00e2nsito da Associa\u00e7\u00e3o Nacional de Transportes P\u00fablicos \u2013 ANTP, conselheira do Conselho Estadual de Tr\u00e2nsito \u2013 CETRAN de S\u00e3o Paulo, coordenou e ministrou cursos dentro do \u201cPrograma Nacional de Capacita\u00e7\u00e3o das Cidades\u201d do DENATRAN\/Minist\u00e9rio das Cidades em todo territ\u00f3rio nacional. Coordenadora da Divis\u00e3o T\u00e9cnica de Tr\u00e2nsito do Instituto de Engenharia \/ conselheira do CEDATT SP; Diretora do IMEP; Coordenadora t\u00e9cnico-pedag\u00f3gica dos cursos de p\u00f3s-gradua\u00e7\u00e3o do IMEP e dos cursos abertos nas \u00e1reas de Tr\u00e2nsito e Transportes; Coordenadora e professora de in\u00fameros cursos de Forma\u00e7\u00e3o de Agentes de Tr\u00e2nsito em v\u00e1rias cidades: Bel\u00e9m, Fortaleza, Teresina, Campina Grande, Cuiab\u00e1, Aracaju, Ribeir\u00e3o Preto, Maring\u00e1 entre outros.<\/p>\n<p><img loading=\"lazy\" decoding=\"async\" class=\"wp-image-82009 alignright td-animation-stack-type0-2\" src=\"https:\/\/www.institutodeengenharia.org.br\/site\/wp-content\/uploads\/2021\/06\/josew.png\" alt=\"\" width=\"145\" height=\"177\" \/><\/p>\n<p><strong>Jos\u00e9 Wagner Leite Ferreira \u2013 Coordenador da Divis\u00e3o T\u00e9cnica de Navega\u00e7\u00e3o Interior e Portos IE<\/strong><\/p>\n<p>Arquiteto e urbanista formado pela Universidade Presbiteriana Mackenzie, especializado em Transporte Urbano pelo Instituto de Pesquisas Tecnol\u00f3gicas (IPT) de S\u00e3o Paulo e em Gest\u00e3o do Transporte Fluvial pelo Institute\u00a0for International Education in Transport (Ifit) da B\u00e9lgica. Na d\u00e9cada de 1980, em coopera\u00e7\u00e3o com a Universit\u00e9 de Li\u00e8ge, na B\u00e9lgica, idealizou o primeiro curso superior de navega\u00e7\u00e3o interior do Brasil e atuou como diretor na Faculdade de Tecnologia Fluvial de Jahu (SP). Construiu sua carreira profissional com posi\u00e7\u00f5es de grande destaque, como cofundador e primeiro diretor T\u00e9cnico do Cons\u00f3rcio Intermunicipal Tiet\u00ea-Paran\u00e1 (CITP) e coordenador do Plano Hidrovi\u00e1rio do Estado de S\u00e3o Paulo para a Secretaria dos Transportes, al\u00e9m do desenvolvimento de trabalhos e estudos como o plano de opera\u00e7\u00e3o do Sistema Hidrovi\u00e1rio da Baixada Santista para a Secretaria de Portos da Presid\u00eancia da Rep\u00fablica e o estudo para uma liga\u00e7\u00e3o fluvial de passageiros entre Bertioga e Santos. Atualmente, \u00e9 coordenador da divis\u00e3o de Log\u00edstica de Transportes do Instituto de Engenharia (IE), consultor associado da Figueiredo Ferraz Engenharia de Projetos, diretor do Centro de Estudos Avan\u00e7ados de Navega\u00e7\u00e3o Interior (Ceani), consultor da Santos Port Authority e coordenador do conv\u00eanio de navega\u00e7\u00e3o interior entre a Universit\u00e9 de Li\u00e8ge e a Universidade Metodista de Piracicaba (Unimep).<\/p>\n<p><img loading=\"lazy\" decoding=\"async\" class=\"wp-image-82052 alignleft td-animation-stack-type0-2\" src=\"https:\/\/www.institutodeengenharia.org.br\/site\/wp-content\/uploads\/2021\/06\/adalberto.jpg\" alt=\"\" width=\"118\" height=\"164\" srcset=\"https:\/\/www.institutodeengenharia.org.br\/site\/wp-content\/uploads\/2021\/06\/adalberto.jpg 924w, https:\/\/www.institutodeengenharia.org.br\/site\/wp-content\/uploads\/2021\/06\/adalberto-217x300.jpg 217w, https:\/\/www.institutodeengenharia.org.br\/site\/wp-content\/uploads\/2021\/06\/adalberto-739x1024.jpg 739w, https:\/\/www.institutodeengenharia.org.br\/site\/wp-content\/uploads\/2021\/06\/adalberto-768x1064.jpg 768w, https:\/\/www.institutodeengenharia.org.br\/site\/wp-content\/uploads\/2021\/06\/adalberto-696x964.jpg 696w, https:\/\/www.institutodeengenharia.org.br\/site\/wp-content\/uploads\/2021\/06\/adalberto-303x420.jpg 303w, https:\/\/www.institutodeengenharia.org.br\/site\/wp-content\/uploads\/2021\/06\/adalberto-600x831.jpg 600w\" sizes=\"auto, (max-width: 118px) 100vw, 118px\" \/><\/p>\n<p><strong>Adalberto Febeliano \u2013 Coordenador da Divis\u00e3o T\u00e9cnica de Avia\u00e7\u00e3o e Aeroportos IE<\/strong><\/p>\n<p>Adalberto Febeliano \u00e9 engenheiro aeron\u00e1utico, p\u00f3s graduado em administra\u00e7\u00e3o pela FGV e Mestre em Economia do Transporte A\u00e9reo pelo ITA.\u00a0 Professor do curso de avia\u00e7\u00e3o civil da Universidade Anhembi Morumbi por 7 anos, tem mais de 25 anos de experi\u00eancia em avia\u00e7\u00e3o e transporte a\u00e9reo, tendo trabalhado em empresas como Mesbla Avia\u00e7\u00e3o, L\u00edder T\u00e1xi A\u00e9reo e GE Celma.\u00a0 Foi Diretor Executivo da ABAG \u2013 Associa\u00e7\u00e3o Brasileira de Avia\u00e7\u00e3o Geral, Diretor de Rela\u00e7\u00f5es Institucionais da Azul Linhas A\u00e9reas e atualmente \u00e9 Vice-Presidente de Opera\u00e7\u00f5es A\u00e9reas da MODERN Logistics, da qual \u00e9 um dos s\u00f3cios fundadores.\u00a0 \u00c9 Diretor Adjunto da Divis\u00e3o de Log\u00edstica e Transportes do Departamento de Infraestrutura da FIESP e membro do Conselho Superior da Ind\u00fastria da Constru\u00e7\u00e3o Civil da mesma entidade.<\/p>\n<p><strong>Luiz Alberto Fioravante \u2013 Assessor T\u00e9cnico de Planejamento e Projetos<\/strong><\/p>\n<p><img loading=\"lazy\" decoding=\"async\" class=\"wp-image-81997 alignright td-animation-stack-type0-2\" src=\"https:\/\/www.institutodeengenharia.org.br\/site\/wp-content\/uploads\/2021\/06\/joaooctaviano-300x258.png\" alt=\"\" width=\"181\" height=\"156\" srcset=\"https:\/\/www.institutodeengenharia.org.br\/site\/wp-content\/uploads\/2021\/06\/joaooctaviano-300x258.png 300w, https:\/\/www.institutodeengenharia.org.br\/site\/wp-content\/uploads\/2021\/06\/joaooctaviano.png 486w\" sizes=\"auto, (max-width: 181px) 100vw, 181px\" \/>Brasileiro com cidadania Italiana, profissional com mais de 40 anos de experi\u00eancia em gest\u00e3o e planejamento estrat\u00e9gico de empresas e projetos, Administrador de Empresas atuando em n\u00edvel executivo em diversas empresas do setor p\u00fablico e privado, com foco nos setores de transportes, energia e projetos urban\u00edsticos. Hoje, atuante na Secretaria de Log\u00edstica de Transportes do Estado de S\u00e3o Paulo \u2013 Assessor T\u00e9cnico \/ respons\u00e1vel pela \u00e1rea de Planejamento e Laborat\u00f3rio da Secretaria. Atuou tamb\u00e9m na Empresa P\u00fablica \u2013 URBES \u2013 Tr\u00e2nsito Transporte \u2013 2018\/2019 \u2013 Presidente, na Secretaria de Transportes do Munic\u00edpio de Sorocaba \u2013 SP \u2013 2018\/2019 \u2013 Secret\u00e1rio, na Secretaria de Planejamento e Projetos-SEPLAN do Munic\u00edpio de Sorocaba \u2013 2017 \u2013 Secret\u00e1rio, no Setor P\u00fablico \u2013 Diretor do Metr\u00f4, Membro da Comiss\u00e3o de Transportes do DER \u2013 Departamento de Estradas de Rodagem por 15 anos, Presidente de alguns Conselhos Municipais na \u00e1rea de Organiza\u00e7\u00e3o n\u00e3o Governamental, Diretor do Sindicato das Empresas de Transportes de Passageiros, Vice-Presidente da CNT Confedera\u00e7\u00e3o Nacional de Transportes, Diretor da Freta Sul, no Setor Privado, Presidente do Grupo Fioravante, Presidente da Real Energy, Presidente da True Energy Brasil, Presidente da FCE \u2013 Fioravante Consultoria Empresarial.<\/p>\n<p>&nbsp;<\/p>\n<p><strong>Realiza\u00e7\u00e3o:<\/strong><\/p>\n<p><img loading=\"lazy\" decoding=\"async\" class=\"alignnone size-full wp-image-82126 td-animation-stack-type0-2\" src=\"https:\/\/www.institutodeengenharia.org.br\/site\/wp-content\/uploads\/2021\/06\/logosssiiesp.png\" alt=\"\" width=\"571\" height=\"131\" srcset=\"https:\/\/www.institutodeengenharia.org.br\/site\/wp-content\/uploads\/2021\/06\/logosssiiesp.png 571w, https:\/\/www.institutodeengenharia.org.br\/site\/wp-content\/uploads\/2021\/06\/logosssiiesp-300x69.png 300w\" sizes=\"auto, (max-width: 571px) 100vw, 571px\" \/><\/p>\n<p><strong>Eng. Ivan Metran Whately<\/strong>\u00a0\u2013 Vice-Presidente de Atividades T\u00e9cnicas<\/p>\n<p><strong>Eng. Jean Carlos Pejo<\/strong>\u00a0\u2013 Coordenador da Divis\u00e3o T\u00e9cnica de Ferrovias<\/p>\n<p><strong>Flaminio Fichmann \u2013\u00a0<\/strong>Coordenador da Divis\u00e3o T\u00e9cnica de Transportes Metropolitanos<\/p>\n<p><strong>Eng. Jos\u00e9 Wagner<\/strong>\u00a0\u2013 Coordenador da Divis\u00e3o T\u00e9cnica de Navega\u00e7\u00e3o Interior e Portos<\/p>\n<p><strong>Arq.\u00aa Maria da Penha P. Nobre<\/strong>\u00a0\u2013 Coordenadora da Divis\u00e3o T\u00e9cnica de Tr\u00e2nsito<\/p>\n<p><strong>Eng. Adalberto Febeliano<\/strong>\u00a0\u2013 Coordenador da Divis\u00e3o T\u00e9cnica de Avia\u00e7\u00e3o e Aeroportos<\/p>\n<p>&nbsp;<\/p>\n<p><strong>Apoio Institucional:<\/strong><\/p>\n<p><img loading=\"lazy\" decoding=\"async\" class=\"alignnone size-full wp-image-82309 td-animation-stack-type0-2\" src=\"https:\/\/www.institutodeengenharia.org.br\/site\/wp-content\/uploads\/2021\/06\/logosandf.png\" alt=\"\" width=\"700\" height=\"379\" srcset=\"https:\/\/www.institutodeengenharia.org.br\/site\/wp-content\/uploads\/2021\/06\/logosandf.png 700w, https:\/\/www.institutodeengenharia.org.br\/site\/wp-content\/uploads\/2021\/06\/logosandf-300x162.png 300w, https:\/\/www.institutodeengenharia.org.br\/site\/wp-content\/uploads\/2021\/06\/logosandf-696x377.png 696w, https:\/\/www.institutodeengenharia.org.br\/site\/wp-content\/uploads\/2021\/06\/logosandf-600x325.png 600w\" sizes=\"auto, (max-width: 700px) 100vw, 700px\" \/><\/p>\n<p><strong>CREA \u2013 SP \u2013 Apoio \u00e0 forma\u00e7\u00e3o:\u00a0<\/strong><\/p>\n<p>Espa\u00e7o aberto ao CREA-SP, objetivando o aperfei\u00e7oamento dos profissionais e o aprimoramento da fiscaliza\u00e7\u00e3o das \u00e1reas abrangidas pelo Sistema Confea\/CREAs, al\u00e9m de promover a conscientiza\u00e7\u00e3o da sociedade quanto \u00e0 necessidade e obrigatoriedade de contratar um profissional devidamente habilitado.<\/p>\n<p>&nbsp;<\/p>\n","protected":false},"excerpt":{"rendered":"<p>&nbsp; Assista abaixo \u00e0 grava\u00e7\u00e3o do evento: + Informa\u00e7\u00f5es:\u00a0 Iniciativa da Secretaria de Log\u00edstica e Transportes do Estado de S\u00e3o Paulo, o Plano de A\u00e7\u00e3o de Transporte e Log\u00edstica para a Macrometr\u00f3pole Paulista (PAM-TL) foi desenvolvido pela necessidade da elabora\u00e7\u00e3o de uma solu\u00e7\u00e3o multidisciplinar e integrada para as quest\u00f5es cr\u00edticas de transporte e log\u00edstica de [&hellip;]<\/p>\n","protected":false},"author":13,"featured_media":82037,"comment_status":"open","ping_status":"open","sticky":false,"template":"","format":"standard","meta":{"footnotes":""},"categories":[1106,62,65,1139,64,12,968,969],"tags":[],"class_list":{"0":"post-82878","1":"post","2":"type-post","3":"status-publish","4":"format-standard","5":"has-post-thumbnail","7":"category-divisao-de-ferrovias","8":"category-divisao-de-navegacao-interior-e-portos","9":"category-divisao-de-transito","10":"category-divisao-tecnica-de-transportes-aereos","11":"category-divisao-tecnica-mobilidade-e-logistica-urbana","12":"category-divisoes-tecnicas","13":"category-nova-tv-engenharia","14":"category-palestra"},"yoast_head":"<!-- This site is optimized with the Yoast SEO plugin v27.2 - https:\/\/yoast.com\/product\/yoast-seo-wordpress\/ -->\n<title>Lan\u00e7amento do Plano de A\u00e7\u00e3o de Transporte e Log\u00edstica para a Macrometr\u00f3pole Paulista \u2013 PAM - TL - Instituto de Engenharia<\/title>\n<meta name=\"robots\" content=\"index, follow, max-snippet:-1, max-image-preview:large, max-video-preview:-1\" \/>\n<link rel=\"canonical\" href=\"https:\/\/www.institutodeengenharia.org.br\/site\/2021\/07\/08\/lancamento-do-plano-de-acao-de-transporte-e-logistica-para-a-macrometropole-paulista-pam-tl\/\" \/>\n<meta property=\"og:locale\" content=\"pt_BR\" \/>\n<meta property=\"og:type\" content=\"article\" \/>\n<meta property=\"og:title\" content=\"Lan\u00e7amento do Plano de A\u00e7\u00e3o de Transporte e Log\u00edstica para a Macrometr\u00f3pole Paulista \u2013 PAM - TL\" \/>\n<meta property=\"og:description\" content=\"Assista abaixo \u00e0 grava\u00e7\u00e3o do evento\" \/>\n<meta property=\"og:url\" content=\"https:\/\/www.institutodeengenharia.org.br\/site\/2021\/07\/08\/lancamento-do-plano-de-acao-de-transporte-e-logistica-para-a-macrometropole-paulista-pam-tl\/\" \/>\n<meta property=\"og:site_name\" content=\"Instituto de Engenharia\" \/>\n<meta property=\"article:publisher\" content=\"https:\/\/www.facebook.com\/institutodeengenharia\" \/>\n<meta property=\"article:published_time\" content=\"2021-07-08T17:15:46+00:00\" \/>\n<meta property=\"article:modified_time\" content=\"2021-07-15T17:16:07+00:00\" \/>\n<meta property=\"og:image\" content=\"https:\/\/www.institutodeengenharia.org.br\/site\/wp-content\/uploads\/2019\/08\/tv_engenharia.jpg\" \/>\n\t<meta property=\"og:image:width\" content=\"1280\" \/>\n\t<meta property=\"og:image:height\" content=\"853\" \/>\n\t<meta property=\"og:image:type\" content=\"image\/jpeg\" \/>\n<meta name=\"author\" content=\"Bianca\" \/>\n<meta name=\"twitter:card\" content=\"summary_large_image\" \/>\n<meta name=\"twitter:title\" content=\"Lan\u00e7amento do Plano de A\u00e7\u00e3o de Transporte e Log\u00edstica para a Macrometr\u00f3pole Paulista \u2013 PAM - TL\" \/>\n<meta name=\"twitter:description\" content=\"Assista abaixo \u00e0 grava\u00e7\u00e3o do evento\" \/>\n<meta name=\"twitter:image\" content=\"https:\/\/www.institutodeengenharia.org.br\/site\/wp-content\/uploads\/2019\/08\/tv_engenharia.jpg\" \/>\n<meta name=\"twitter:creator\" content=\"@iengenharia\" \/>\n<meta name=\"twitter:site\" content=\"@iengenharia\" \/>\n<meta name=\"twitter:label1\" content=\"Escrito por\" \/>\n\t<meta name=\"twitter:data1\" content=\"Bianca\" \/>\n\t<meta name=\"twitter:label2\" content=\"Est. tempo de leitura\" \/>\n\t<meta name=\"twitter:data2\" content=\"22 minutos\" \/>\n<script type=\"application\/ld+json\" class=\"yoast-schema-graph\">{\"@context\":\"https:\/\/schema.org\",\"@graph\":[{\"@type\":\"Article\",\"@id\":\"https:\/\/www.institutodeengenharia.org.br\/site\/2021\/07\/08\/lancamento-do-plano-de-acao-de-transporte-e-logistica-para-a-macrometropole-paulista-pam-tl\/#article\",\"isPartOf\":{\"@id\":\"https:\/\/www.institutodeengenharia.org.br\/site\/2021\/07\/08\/lancamento-do-plano-de-acao-de-transporte-e-logistica-para-a-macrometropole-paulista-pam-tl\/\"},\"author\":{\"name\":\"Bianca\",\"@id\":\"https:\/\/www.institutodeengenharia.org.br\/site\/#\/schema\/person\/aeb64951c405e100d26d30b033dd423f\"},\"headline\":\"Lan\u00e7amento do Plano de A\u00e7\u00e3o de Transporte e Log\u00edstica para a Macrometr\u00f3pole Paulista \u2013 PAM &#8211; TL\",\"datePublished\":\"2021-07-08T17:15:46+00:00\",\"dateModified\":\"2021-07-15T17:16:07+00:00\",\"mainEntityOfPage\":{\"@id\":\"https:\/\/www.institutodeengenharia.org.br\/site\/2021\/07\/08\/lancamento-do-plano-de-acao-de-transporte-e-logistica-para-a-macrometropole-paulista-pam-tl\/\"},\"wordCount\":4518,\"commentCount\":0,\"publisher\":{\"@id\":\"https:\/\/www.institutodeengenharia.org.br\/site\/#organization\"},\"image\":{\"@id\":\"https:\/\/www.institutodeengenharia.org.br\/site\/2021\/07\/08\/lancamento-do-plano-de-acao-de-transporte-e-logistica-para-a-macrometropole-paulista-pam-tl\/#primaryimage\"},\"thumbnailUrl\":\"https:\/\/www.institutodeengenharia.org.br\/site\/wp-content\/uploads\/2021\/06\/MicrosoftTeams-image-17-1.webp\",\"articleSection\":[\"Divis\u00e3o T\u00e9cnica de Ferrovias\",\"Divis\u00e3o T\u00e9cnica de Navega\u00e7\u00e3o Interior e Portos\",\"Divis\u00e3o T\u00e9cnica de Tr\u00e2nsito\",\"Divis\u00e3o T\u00e9cnica de Transportes A\u00e9reos\",\"Divis\u00e3o T\u00e9cnica Mobilidade e Log\u00edstica Urbana\",\"Divis\u00f5es T\u00e9cnicas\",\"Nova TV Engenharia\",\"Palestra\"],\"inLanguage\":\"pt-BR\",\"potentialAction\":[{\"@type\":\"CommentAction\",\"name\":\"Comment\",\"target\":[\"https:\/\/www.institutodeengenharia.org.br\/site\/2021\/07\/08\/lancamento-do-plano-de-acao-de-transporte-e-logistica-para-a-macrometropole-paulista-pam-tl\/#respond\"]}]},{\"@type\":\"WebPage\",\"@id\":\"https:\/\/www.institutodeengenharia.org.br\/site\/2021\/07\/08\/lancamento-do-plano-de-acao-de-transporte-e-logistica-para-a-macrometropole-paulista-pam-tl\/\",\"url\":\"https:\/\/www.institutodeengenharia.org.br\/site\/2021\/07\/08\/lancamento-do-plano-de-acao-de-transporte-e-logistica-para-a-macrometropole-paulista-pam-tl\/\",\"name\":\"Lan\u00e7amento do Plano de A\u00e7\u00e3o de Transporte e Log\u00edstica para a Macrometr\u00f3pole Paulista \u2013 PAM - TL - Instituto de Engenharia\",\"isPartOf\":{\"@id\":\"https:\/\/www.institutodeengenharia.org.br\/site\/#website\"},\"primaryImageOfPage\":{\"@id\":\"https:\/\/www.institutodeengenharia.org.br\/site\/2021\/07\/08\/lancamento-do-plano-de-acao-de-transporte-e-logistica-para-a-macrometropole-paulista-pam-tl\/#primaryimage\"},\"image\":{\"@id\":\"https:\/\/www.institutodeengenharia.org.br\/site\/2021\/07\/08\/lancamento-do-plano-de-acao-de-transporte-e-logistica-para-a-macrometropole-paulista-pam-tl\/#primaryimage\"},\"thumbnailUrl\":\"https:\/\/www.institutodeengenharia.org.br\/site\/wp-content\/uploads\/2021\/06\/MicrosoftTeams-image-17-1.webp\",\"datePublished\":\"2021-07-08T17:15:46+00:00\",\"dateModified\":\"2021-07-15T17:16:07+00:00\",\"breadcrumb\":{\"@id\":\"https:\/\/www.institutodeengenharia.org.br\/site\/2021\/07\/08\/lancamento-do-plano-de-acao-de-transporte-e-logistica-para-a-macrometropole-paulista-pam-tl\/#breadcrumb\"},\"inLanguage\":\"pt-BR\",\"potentialAction\":[{\"@type\":\"ReadAction\",\"target\":[\"https:\/\/www.institutodeengenharia.org.br\/site\/2021\/07\/08\/lancamento-do-plano-de-acao-de-transporte-e-logistica-para-a-macrometropole-paulista-pam-tl\/\"]}]},{\"@type\":\"ImageObject\",\"inLanguage\":\"pt-BR\",\"@id\":\"https:\/\/www.institutodeengenharia.org.br\/site\/2021\/07\/08\/lancamento-do-plano-de-acao-de-transporte-e-logistica-para-a-macrometropole-paulista-pam-tl\/#primaryimage\",\"url\":\"https:\/\/www.institutodeengenharia.org.br\/site\/wp-content\/uploads\/2021\/06\/MicrosoftTeams-image-17-1.webp\",\"contentUrl\":\"https:\/\/www.institutodeengenharia.org.br\/site\/wp-content\/uploads\/2021\/06\/MicrosoftTeams-image-17-1.webp\",\"width\":1325,\"height\":327},{\"@type\":\"BreadcrumbList\",\"@id\":\"https:\/\/www.institutodeengenharia.org.br\/site\/2021\/07\/08\/lancamento-do-plano-de-acao-de-transporte-e-logistica-para-a-macrometropole-paulista-pam-tl\/#breadcrumb\",\"itemListElement\":[{\"@type\":\"ListItem\",\"position\":1,\"name\":\"In\u00edcio\",\"item\":\"https:\/\/www.institutodeengenharia.org.br\/site\/\"},{\"@type\":\"ListItem\",\"position\":2,\"name\":\"Lan\u00e7amento do Plano de A\u00e7\u00e3o de Transporte e Log\u00edstica para a Macrometr\u00f3pole Paulista \u2013 PAM &#8211; TL\"}]},{\"@type\":\"WebSite\",\"@id\":\"https:\/\/www.institutodeengenharia.org.br\/site\/#website\",\"url\":\"https:\/\/www.institutodeengenharia.org.br\/site\/\",\"name\":\"Instituto de Engenharia\",\"description\":\"O Instituto de Engenharia promove a Engenharia em benef\u00edcio do desenvolvimento e da qualidade de vida da sociedade.\",\"publisher\":{\"@id\":\"https:\/\/www.institutodeengenharia.org.br\/site\/#organization\"},\"potentialAction\":[{\"@type\":\"SearchAction\",\"target\":{\"@type\":\"EntryPoint\",\"urlTemplate\":\"https:\/\/www.institutodeengenharia.org.br\/site\/?s={search_term_string}\"},\"query-input\":{\"@type\":\"PropertyValueSpecification\",\"valueRequired\":true,\"valueName\":\"search_term_string\"}}],\"inLanguage\":\"pt-BR\"},{\"@type\":\"Organization\",\"@id\":\"https:\/\/www.institutodeengenharia.org.br\/site\/#organization\",\"name\":\"Instituto de Engenharia\",\"url\":\"https:\/\/www.institutodeengenharia.org.br\/site\/\",\"logo\":{\"@type\":\"ImageObject\",\"inLanguage\":\"pt-BR\",\"@id\":\"https:\/\/www.institutodeengenharia.org.br\/site\/#\/schema\/logo\/image\/\",\"url\":\"https:\/\/www.institutodeengenharia.org.br\/site\/wp-content\/uploads\/2019\/03\/logo-novo-IE2018-1.jpg\",\"contentUrl\":\"https:\/\/www.institutodeengenharia.org.br\/site\/wp-content\/uploads\/2019\/03\/logo-novo-IE2018-1.jpg\",\"width\":1486,\"height\":1879,\"caption\":\"Instituto de Engenharia\"},\"image\":{\"@id\":\"https:\/\/www.institutodeengenharia.org.br\/site\/#\/schema\/logo\/image\/\"},\"sameAs\":[\"https:\/\/www.facebook.com\/institutodeengenharia\",\"https:\/\/x.com\/iengenharia\",\"https:\/\/www.instagram.com\/institutodeengenharia\/\",\"https:\/\/www.linkedin.com\/company\/instituto-de-engenharia\/\",\"https:\/\/www.youtube.com\/channel\/UCXiCAlsSMe977vamW915HxA\"]},{\"@type\":\"Person\",\"@id\":\"https:\/\/www.institutodeengenharia.org.br\/site\/#\/schema\/person\/aeb64951c405e100d26d30b033dd423f\",\"name\":\"Bianca\",\"image\":{\"@type\":\"ImageObject\",\"inLanguage\":\"pt-BR\",\"@id\":\"https:\/\/secure.gravatar.com\/avatar\/a6fbe9bff57405baf4c1e2c5c1811e072b558253974a9f9508f4678900c97c2a?s=96&d=mm&r=g\",\"url\":\"https:\/\/secure.gravatar.com\/avatar\/a6fbe9bff57405baf4c1e2c5c1811e072b558253974a9f9508f4678900c97c2a?s=96&d=mm&r=g\",\"contentUrl\":\"https:\/\/secure.gravatar.com\/avatar\/a6fbe9bff57405baf4c1e2c5c1811e072b558253974a9f9508f4678900c97c2a?s=96&d=mm&r=g\",\"caption\":\"Bianca\"},\"url\":\"https:\/\/www.institutodeengenharia.org.br\/site\/author\/comunicacao1\/\"}]}<\/script>\n<!-- \/ Yoast SEO plugin. -->","yoast_head_json":{"title":"Lan\u00e7amento do Plano de A\u00e7\u00e3o de Transporte e Log\u00edstica para a Macrometr\u00f3pole Paulista \u2013 PAM - TL - Instituto de Engenharia","robots":{"index":"index","follow":"follow","max-snippet":"max-snippet:-1","max-image-preview":"max-image-preview:large","max-video-preview":"max-video-preview:-1"},"canonical":"https:\/\/www.institutodeengenharia.org.br\/site\/2021\/07\/08\/lancamento-do-plano-de-acao-de-transporte-e-logistica-para-a-macrometropole-paulista-pam-tl\/","og_locale":"pt_BR","og_type":"article","og_title":"Lan\u00e7amento do Plano de A\u00e7\u00e3o de Transporte e Log\u00edstica para a Macrometr\u00f3pole Paulista \u2013 PAM - TL","og_description":"Assista abaixo \u00e0 grava\u00e7\u00e3o do evento","og_url":"https:\/\/www.institutodeengenharia.org.br\/site\/2021\/07\/08\/lancamento-do-plano-de-acao-de-transporte-e-logistica-para-a-macrometropole-paulista-pam-tl\/","og_site_name":"Instituto de Engenharia","article_publisher":"https:\/\/www.facebook.com\/institutodeengenharia","article_published_time":"2021-07-08T17:15:46+00:00","article_modified_time":"2021-07-15T17:16:07+00:00","og_image":[{"width":1280,"height":853,"url":"https:\/\/www.institutodeengenharia.org.br\/site\/wp-content\/uploads\/2019\/08\/tv_engenharia.jpg","type":"image\/jpeg"}],"author":"Bianca","twitter_card":"summary_large_image","twitter_title":"Lan\u00e7amento do Plano de A\u00e7\u00e3o de Transporte e Log\u00edstica para a Macrometr\u00f3pole Paulista \u2013 PAM - TL","twitter_description":"Assista abaixo \u00e0 grava\u00e7\u00e3o do evento","twitter_image":"https:\/\/www.institutodeengenharia.org.br\/site\/wp-content\/uploads\/2019\/08\/tv_engenharia.jpg","twitter_creator":"@iengenharia","twitter_site":"@iengenharia","twitter_misc":{"Escrito por":"Bianca","Est. tempo de leitura":"22 minutos"},"schema":{"@context":"https:\/\/schema.org","@graph":[{"@type":"Article","@id":"https:\/\/www.institutodeengenharia.org.br\/site\/2021\/07\/08\/lancamento-do-plano-de-acao-de-transporte-e-logistica-para-a-macrometropole-paulista-pam-tl\/#article","isPartOf":{"@id":"https:\/\/www.institutodeengenharia.org.br\/site\/2021\/07\/08\/lancamento-do-plano-de-acao-de-transporte-e-logistica-para-a-macrometropole-paulista-pam-tl\/"},"author":{"name":"Bianca","@id":"https:\/\/www.institutodeengenharia.org.br\/site\/#\/schema\/person\/aeb64951c405e100d26d30b033dd423f"},"headline":"Lan\u00e7amento do Plano de A\u00e7\u00e3o de Transporte e Log\u00edstica para a Macrometr\u00f3pole Paulista \u2013 PAM &#8211; TL","datePublished":"2021-07-08T17:15:46+00:00","dateModified":"2021-07-15T17:16:07+00:00","mainEntityOfPage":{"@id":"https:\/\/www.institutodeengenharia.org.br\/site\/2021\/07\/08\/lancamento-do-plano-de-acao-de-transporte-e-logistica-para-a-macrometropole-paulista-pam-tl\/"},"wordCount":4518,"commentCount":0,"publisher":{"@id":"https:\/\/www.institutodeengenharia.org.br\/site\/#organization"},"image":{"@id":"https:\/\/www.institutodeengenharia.org.br\/site\/2021\/07\/08\/lancamento-do-plano-de-acao-de-transporte-e-logistica-para-a-macrometropole-paulista-pam-tl\/#primaryimage"},"thumbnailUrl":"https:\/\/www.institutodeengenharia.org.br\/site\/wp-content\/uploads\/2021\/06\/MicrosoftTeams-image-17-1.webp","articleSection":["Divis\u00e3o T\u00e9cnica de Ferrovias","Divis\u00e3o T\u00e9cnica de Navega\u00e7\u00e3o Interior e Portos","Divis\u00e3o T\u00e9cnica de Tr\u00e2nsito","Divis\u00e3o T\u00e9cnica de Transportes A\u00e9reos","Divis\u00e3o T\u00e9cnica Mobilidade e Log\u00edstica Urbana","Divis\u00f5es T\u00e9cnicas","Nova TV Engenharia","Palestra"],"inLanguage":"pt-BR","potentialAction":[{"@type":"CommentAction","name":"Comment","target":["https:\/\/www.institutodeengenharia.org.br\/site\/2021\/07\/08\/lancamento-do-plano-de-acao-de-transporte-e-logistica-para-a-macrometropole-paulista-pam-tl\/#respond"]}]},{"@type":"WebPage","@id":"https:\/\/www.institutodeengenharia.org.br\/site\/2021\/07\/08\/lancamento-do-plano-de-acao-de-transporte-e-logistica-para-a-macrometropole-paulista-pam-tl\/","url":"https:\/\/www.institutodeengenharia.org.br\/site\/2021\/07\/08\/lancamento-do-plano-de-acao-de-transporte-e-logistica-para-a-macrometropole-paulista-pam-tl\/","name":"Lan\u00e7amento do Plano de A\u00e7\u00e3o de Transporte e Log\u00edstica para a Macrometr\u00f3pole Paulista \u2013 PAM - TL - Instituto de Engenharia","isPartOf":{"@id":"https:\/\/www.institutodeengenharia.org.br\/site\/#website"},"primaryImageOfPage":{"@id":"https:\/\/www.institutodeengenharia.org.br\/site\/2021\/07\/08\/lancamento-do-plano-de-acao-de-transporte-e-logistica-para-a-macrometropole-paulista-pam-tl\/#primaryimage"},"image":{"@id":"https:\/\/www.institutodeengenharia.org.br\/site\/2021\/07\/08\/lancamento-do-plano-de-acao-de-transporte-e-logistica-para-a-macrometropole-paulista-pam-tl\/#primaryimage"},"thumbnailUrl":"https:\/\/www.institutodeengenharia.org.br\/site\/wp-content\/uploads\/2021\/06\/MicrosoftTeams-image-17-1.webp","datePublished":"2021-07-08T17:15:46+00:00","dateModified":"2021-07-15T17:16:07+00:00","breadcrumb":{"@id":"https:\/\/www.institutodeengenharia.org.br\/site\/2021\/07\/08\/lancamento-do-plano-de-acao-de-transporte-e-logistica-para-a-macrometropole-paulista-pam-tl\/#breadcrumb"},"inLanguage":"pt-BR","potentialAction":[{"@type":"ReadAction","target":["https:\/\/www.institutodeengenharia.org.br\/site\/2021\/07\/08\/lancamento-do-plano-de-acao-de-transporte-e-logistica-para-a-macrometropole-paulista-pam-tl\/"]}]},{"@type":"ImageObject","inLanguage":"pt-BR","@id":"https:\/\/www.institutodeengenharia.org.br\/site\/2021\/07\/08\/lancamento-do-plano-de-acao-de-transporte-e-logistica-para-a-macrometropole-paulista-pam-tl\/#primaryimage","url":"https:\/\/www.institutodeengenharia.org.br\/site\/wp-content\/uploads\/2021\/06\/MicrosoftTeams-image-17-1.webp","contentUrl":"https:\/\/www.institutodeengenharia.org.br\/site\/wp-content\/uploads\/2021\/06\/MicrosoftTeams-image-17-1.webp","width":1325,"height":327},{"@type":"BreadcrumbList","@id":"https:\/\/www.institutodeengenharia.org.br\/site\/2021\/07\/08\/lancamento-do-plano-de-acao-de-transporte-e-logistica-para-a-macrometropole-paulista-pam-tl\/#breadcrumb","itemListElement":[{"@type":"ListItem","position":1,"name":"In\u00edcio","item":"https:\/\/www.institutodeengenharia.org.br\/site\/"},{"@type":"ListItem","position":2,"name":"Lan\u00e7amento do Plano de A\u00e7\u00e3o de Transporte e Log\u00edstica para a Macrometr\u00f3pole Paulista \u2013 PAM &#8211; TL"}]},{"@type":"WebSite","@id":"https:\/\/www.institutodeengenharia.org.br\/site\/#website","url":"https:\/\/www.institutodeengenharia.org.br\/site\/","name":"Instituto de Engenharia","description":"O Instituto de Engenharia promove a Engenharia em benef\u00edcio do desenvolvimento e da qualidade de vida da sociedade.","publisher":{"@id":"https:\/\/www.institutodeengenharia.org.br\/site\/#organization"},"potentialAction":[{"@type":"SearchAction","target":{"@type":"EntryPoint","urlTemplate":"https:\/\/www.institutodeengenharia.org.br\/site\/?s={search_term_string}"},"query-input":{"@type":"PropertyValueSpecification","valueRequired":true,"valueName":"search_term_string"}}],"inLanguage":"pt-BR"},{"@type":"Organization","@id":"https:\/\/www.institutodeengenharia.org.br\/site\/#organization","name":"Instituto de Engenharia","url":"https:\/\/www.institutodeengenharia.org.br\/site\/","logo":{"@type":"ImageObject","inLanguage":"pt-BR","@id":"https:\/\/www.institutodeengenharia.org.br\/site\/#\/schema\/logo\/image\/","url":"https:\/\/www.institutodeengenharia.org.br\/site\/wp-content\/uploads\/2019\/03\/logo-novo-IE2018-1.jpg","contentUrl":"https:\/\/www.institutodeengenharia.org.br\/site\/wp-content\/uploads\/2019\/03\/logo-novo-IE2018-1.jpg","width":1486,"height":1879,"caption":"Instituto de Engenharia"},"image":{"@id":"https:\/\/www.institutodeengenharia.org.br\/site\/#\/schema\/logo\/image\/"},"sameAs":["https:\/\/www.facebook.com\/institutodeengenharia","https:\/\/x.com\/iengenharia","https:\/\/www.instagram.com\/institutodeengenharia\/","https:\/\/www.linkedin.com\/company\/instituto-de-engenharia\/","https:\/\/www.youtube.com\/channel\/UCXiCAlsSMe977vamW915HxA"]},{"@type":"Person","@id":"https:\/\/www.institutodeengenharia.org.br\/site\/#\/schema\/person\/aeb64951c405e100d26d30b033dd423f","name":"Bianca","image":{"@type":"ImageObject","inLanguage":"pt-BR","@id":"https:\/\/secure.gravatar.com\/avatar\/a6fbe9bff57405baf4c1e2c5c1811e072b558253974a9f9508f4678900c97c2a?s=96&d=mm&r=g","url":"https:\/\/secure.gravatar.com\/avatar\/a6fbe9bff57405baf4c1e2c5c1811e072b558253974a9f9508f4678900c97c2a?s=96&d=mm&r=g","contentUrl":"https:\/\/secure.gravatar.com\/avatar\/a6fbe9bff57405baf4c1e2c5c1811e072b558253974a9f9508f4678900c97c2a?s=96&d=mm&r=g","caption":"Bianca"},"url":"https:\/\/www.institutodeengenharia.org.br\/site\/author\/comunicacao1\/"}]}},"_links":{"self":[{"href":"https:\/\/www.institutodeengenharia.org.br\/site\/wp-json\/wp\/v2\/posts\/82878","targetHints":{"allow":["GET"]}}],"collection":[{"href":"https:\/\/www.institutodeengenharia.org.br\/site\/wp-json\/wp\/v2\/posts"}],"about":[{"href":"https:\/\/www.institutodeengenharia.org.br\/site\/wp-json\/wp\/v2\/types\/post"}],"author":[{"embeddable":true,"href":"https:\/\/www.institutodeengenharia.org.br\/site\/wp-json\/wp\/v2\/users\/13"}],"replies":[{"embeddable":true,"href":"https:\/\/www.institutodeengenharia.org.br\/site\/wp-json\/wp\/v2\/comments?post=82878"}],"version-history":[{"count":1,"href":"https:\/\/www.institutodeengenharia.org.br\/site\/wp-json\/wp\/v2\/posts\/82878\/revisions"}],"predecessor-version":[{"id":82879,"href":"https:\/\/www.institutodeengenharia.org.br\/site\/wp-json\/wp\/v2\/posts\/82878\/revisions\/82879"}],"wp:featuredmedia":[{"embeddable":true,"href":"https:\/\/www.institutodeengenharia.org.br\/site\/wp-json\/wp\/v2\/media\/82037"}],"wp:attachment":[{"href":"https:\/\/www.institutodeengenharia.org.br\/site\/wp-json\/wp\/v2\/media?parent=82878"}],"wp:term":[{"taxonomy":"category","embeddable":true,"href":"https:\/\/www.institutodeengenharia.org.br\/site\/wp-json\/wp\/v2\/categories?post=82878"},{"taxonomy":"post_tag","embeddable":true,"href":"https:\/\/www.institutodeengenharia.org.br\/site\/wp-json\/wp\/v2\/tags?post=82878"}],"curies":[{"name":"wp","href":"https:\/\/api.w.org\/{rel}","templated":true}]}}