{"id":82666,"date":"2021-07-05T12:09:22","date_gmt":"2021-07-05T15:09:22","guid":{"rendered":"https:\/\/www.institutodeengenharia.org.br\/site\/?p=82666"},"modified":"2023-01-09T10:28:09","modified_gmt":"2023-01-09T13:28:09","slug":"ie-talks-cenarios-complexos-com-fatores-concorrentes-um-documento-de-concepcao-aplicado-ao-caso-covid-19","status":"publish","type":"post","link":"https:\/\/www.institutodeengenharia.org.br\/site\/2021\/07\/05\/ie-talks-cenarios-complexos-com-fatores-concorrentes-um-documento-de-concepcao-aplicado-ao-caso-covid-19\/","title":{"rendered":"IE Talks: &#8211; Cen\u00e1rios Complexos com Fatores Concorrentes &#8211; Um Documento de Concep\u00e7\u00e3o Aplicado ao Caso Covid-19"},"content":{"rendered":"<p><strong>Assista abaixo \u00e0 grava\u00e7\u00e3o do evento:<\/strong><\/p>\n<p><iframe loading=\"lazy\" src=\"https:\/\/player.vimeo.com\/video\/572387788\" width=\"640\" height=\"360\" frameborder=\"0\" allowfullscreen=\"allowfullscreen\"><\/iframe><\/p>\n<p><strong>+ Informa\u00e7\u00f5es:\u00a0<\/strong><\/p>\n<p>Estudos de Reflex\u00e3o e Debate.<\/p>\n<p><strong>P\u00fablico-alvo:<\/strong><\/p>\n<p>Engenheiros, arquitetos, t\u00e9cnicos, estudantes e demais interessados.<\/p>\n<p><strong>Palestrante:<\/strong><\/p>\n<p><img loading=\"lazy\" decoding=\"async\" class=\"alignnone size-full wp-image-82042 td-animation-stack-type0-2\" src=\"https:\/\/www.institutodeengenharia.org.br\/site\/wp-content\/uploads\/2021\/06\/mauricio.jpg\" alt=\"\" width=\"200\" height=\"200\" srcset=\"https:\/\/www.institutodeengenharia.org.br\/site\/wp-content\/uploads\/2021\/06\/mauricio.jpg 200w, https:\/\/www.institutodeengenharia.org.br\/site\/wp-content\/uploads\/2021\/06\/mauricio-150x150.jpg 150w, https:\/\/www.institutodeengenharia.org.br\/site\/wp-content\/uploads\/2021\/06\/mauricio-100x100.jpg 100w\" sizes=\"auto, (max-width: 200px) 100vw, 200px\" \/><\/p>\n<p><strong>Mauricio Pazini Brand\u00e3o \u2013 Engenheiro Aeron\u00e1utico pelo ITA<\/strong><\/p>\n<p>Gradua\u00e7\u00e3o e mestrado em Engenharia Aeron\u00e1utica pelo ITA, doutorado em aeron\u00e1utica e astron\u00e1utica pela Stanford University, MBA pela Universidade Federal Fluminense, especialista em Pol\u00edtica e Estrat\u00e9gia Aeroespacial pela Escola de Comando e Estado Maior da Aeron\u00e1utica (ECEMAR\/FAB), possui carreira militar como Oficial de Engenharia como General Brigadeiro da FAB. H\u00e1 mais de 40 anos docente da gradua\u00e7\u00e3o e p\u00f3s gradua\u00e7\u00e3o de engenharia aeron\u00e1utica e aeroespacial do ITA. Foi diretor na IEAv \u2013 Instituto de Estudos Avan\u00e7ados nas \u00e1reas de pesquisa de F\u00edsica Aplicada, Energia Nuclear, Fot\u00f4nica, Sensoriamento Remoto, TI, Din\u00e2mica Gasosa e Hipers\u00f4nica, sub diretor do DCTA \u2013 Departamento de Ci\u00eancia e Tecnologia Aeroespacial, consultor na ABDI \u2013 Ag\u00eancia Brasileira de Desenvolvimento Industrial, consultor de P&amp;D em institui\u00e7\u00f5es privadas em aplica\u00e7\u00e3o inovadora de tecnologia de energia hidr\u00e1ulica e no MCTIC\/MCTI foi Secret\u00e1rio de Tecnologias Aplicadas e Diretor da Regional Sul-Sudeste. Atualmente \u00e9 diretor de Defesa e Seguran\u00e7a da Secretaria Especial de Assuntos Estrat\u00e9gicos da Presid\u00eancia da Rep\u00fablica<\/p>\n<p><strong>Convidado:<\/strong><\/p>\n<p><img loading=\"lazy\" decoding=\"async\" class=\"alignnone wp-image-82043 td-animation-stack-type0-2\" src=\"https:\/\/www.institutodeengenharia.org.br\/site\/wp-content\/uploads\/2021\/06\/luciano.png\" alt=\"\" width=\"147\" height=\"185\" \/><\/p>\n<p><strong>Luciano Lampi \u2013 Engenheiro Aeron\u00e1utico pelo ITA<\/strong><\/p>\n<p>Gradua\u00e7\u00e3o e mestrado em engenharia aeron\u00e1utica pelo ITA, doutorado em Engenharia Mec\u00e2nica de S\u00f3lidos pela Universite de Poitiers na Fran\u00e7a e p\u00f3s-gradua\u00e7\u00e3o pela London Business School. Atuou na Embraer, no desenvolvimento de produtos, manufatura, planejamento e estrat\u00e9gia corporativa, foi CEO da Omnisys Engenharia S\/A, subsidi\u00e1ria do Grupo Thales que desenvolve e fabrica sistemas eletr\u00f4nicos para as For\u00e7as Armadas Brasileiras, Diretor de Desenvolvimento de Neg\u00f3cios da Queiroz Galv\u00e3o Tecnologias em Defesa e Seguran\u00e7a S.A., Diretor de Projetos da CONSUB Defesa e Seguran\u00e7a Ltda e como VP, CEO, parceiro ou membro do conselho de v\u00e1rias outras empresas no setor de defesa e tecnologia da informa\u00e7\u00e3o. Atua como executivo e consultor em Tecnologia e Inova\u00e7\u00e3o, nas \u00e1reas de Defesa e Seguran\u00e7a, Aeroespacial e Sistemas.<\/p>\n<p><strong>Realiza\u00e7\u00e3o:<\/strong><\/p>\n<p><strong>Eng. Ricardo Kenzo Motomatsu<\/strong>\u00a0\u2013 Vice-Presidente de Rela\u00e7\u00f5es Externas<\/p>\n<p><strong>Apoio Institucional:<\/strong><\/p>\n<p><img loading=\"lazy\" decoding=\"async\" class=\"alignnone wp-image-77696 td-animation-stack-type0-2\" src=\"https:\/\/www.institutodeengenharia.org.br\/site\/wp-content\/uploads\/2021\/02\/crea.jpg\" alt=\"\" width=\"174\" height=\"122\" srcset=\"https:\/\/www.institutodeengenharia.org.br\/site\/wp-content\/uploads\/2021\/02\/crea.jpg 448w, https:\/\/www.institutodeengenharia.org.br\/site\/wp-content\/uploads\/2021\/02\/crea-300x211.jpg 300w, https:\/\/www.institutodeengenharia.org.br\/site\/wp-content\/uploads\/2021\/02\/crea-100x70.jpg 100w\" sizes=\"auto, (max-width: 174px) 100vw, 174px\" \/><\/p>\n<p><strong>Apoio \u00e0 forma\u00e7\u00e3o:\u00a0<\/strong><\/p>\n<p>Espa\u00e7o aberto ao CREA-SP, objetivando o aperfei\u00e7oamento dos profissionais e o aprimoramento da fiscaliza\u00e7\u00e3o das \u00e1reas abrangidas pelo Sistema Confea\/CREAs, al\u00e9m de promover a conscientiza\u00e7\u00e3o da sociedade quanto \u00e0 necessidade e obrigatoriedade de contratar um profissional devidamente habilitado.<\/p>\n<div class=\"wp-video\"><\/div>\n<p>&nbsp;<\/p>\n","protected":false},"excerpt":{"rendered":"<p>Assista abaixo \u00e0 grava\u00e7\u00e3o do evento: + Informa\u00e7\u00f5es:\u00a0 Estudos de Reflex\u00e3o e Debate. P\u00fablico-alvo: Engenheiros, arquitetos, t\u00e9cnicos, estudantes e demais interessados. Palestrante: Mauricio Pazini Brand\u00e3o \u2013 Engenheiro Aeron\u00e1utico pelo ITA Gradua\u00e7\u00e3o e mestrado em Engenharia Aeron\u00e1utica pelo ITA, doutorado em aeron\u00e1utica e astron\u00e1utica pela Stanford University, MBA pela Universidade Federal Fluminense, especialista em Pol\u00edtica e [&hellip;]<\/p>\n","protected":false},"author":13,"featured_media":82111,"comment_status":"open","ping_status":"open","sticky":false,"template":"","format":"standard","meta":{"footnotes":""},"categories":[968,969],"tags":[1475],"class_list":{"0":"post-82666","1":"post","2":"type-post","3":"status-publish","4":"format-standard","5":"has-post-thumbnail","7":"category-nova-tv-engenharia","8":"category-palestra","9":"tag-covid"},"yoast_head":"<!-- This site is optimized with the Yoast SEO plugin v27.2 - https:\/\/yoast.com\/product\/yoast-seo-wordpress\/ -->\n<title>IE Talks: - Cen\u00e1rios Complexos com Fatores Concorrentes - Um Documento de Concep\u00e7\u00e3o Aplicado ao Caso Covid-19 - Instituto de Engenharia<\/title>\n<meta name=\"robots\" content=\"index, follow, max-snippet:-1, max-image-preview:large, max-video-preview:-1\" \/>\n<link rel=\"canonical\" href=\"https:\/\/www.institutodeengenharia.org.br\/site\/2021\/07\/05\/ie-talks-cenarios-complexos-com-fatores-concorrentes-um-documento-de-concepcao-aplicado-ao-caso-covid-19\/\" \/>\n<meta property=\"og:locale\" content=\"pt_BR\" \/>\n<meta property=\"og:type\" content=\"article\" \/>\n<meta property=\"og:title\" content=\"IE Talks: - Cen\u00e1rios Complexos com Fatores Concorrentes - Um Documento de Concep\u00e7\u00e3o Aplicado ao Caso Covid-19\" \/>\n<meta property=\"og:description\" content=\"Assista abaixo \u00e0 grava\u00e7\u00e3o do evento\" \/>\n<meta property=\"og:url\" content=\"https:\/\/www.institutodeengenharia.org.br\/site\/2021\/07\/05\/ie-talks-cenarios-complexos-com-fatores-concorrentes-um-documento-de-concepcao-aplicado-ao-caso-covid-19\/\" \/>\n<meta property=\"og:site_name\" content=\"Instituto de Engenharia\" \/>\n<meta property=\"article:publisher\" content=\"https:\/\/www.facebook.com\/institutodeengenharia\" \/>\n<meta property=\"article:published_time\" content=\"2021-07-05T15:09:22+00:00\" \/>\n<meta property=\"article:modified_time\" content=\"2023-01-09T13:28:09+00:00\" \/>\n<meta property=\"og:image\" content=\"https:\/\/www.institutodeengenharia.org.br\/site\/wp-content\/uploads\/2019\/08\/tv_engenharia.jpg\" \/>\n\t<meta property=\"og:image:width\" content=\"1280\" \/>\n\t<meta property=\"og:image:height\" content=\"853\" \/>\n\t<meta property=\"og:image:type\" content=\"image\/jpeg\" \/>\n<meta name=\"author\" content=\"Bianca\" \/>\n<meta name=\"twitter:card\" content=\"summary_large_image\" \/>\n<meta name=\"twitter:title\" content=\"IE Talks: - Cen\u00e1rios Complexos com Fatores Concorrentes - Um Documento de Concep\u00e7\u00e3o Aplicado ao Caso Covid-19\" \/>\n<meta name=\"twitter:description\" content=\"Assista abaixo \u00e0 grava\u00e7\u00e3o do evento\" \/>\n<meta name=\"twitter:image\" content=\"https:\/\/www.institutodeengenharia.org.br\/site\/wp-content\/uploads\/2019\/08\/tv_engenharia.jpg\" \/>\n<meta name=\"twitter:creator\" content=\"@iengenharia\" \/>\n<meta name=\"twitter:site\" content=\"@iengenharia\" \/>\n<meta name=\"twitter:label1\" content=\"Escrito por\" \/>\n\t<meta name=\"twitter:data1\" content=\"Bianca\" \/>\n\t<meta name=\"twitter:label2\" content=\"Est. tempo de leitura\" \/>\n\t<meta name=\"twitter:data2\" content=\"3 minutos\" \/>\n<script type=\"application\/ld+json\" class=\"yoast-schema-graph\">{\"@context\":\"https:\/\/schema.org\",\"@graph\":[{\"@type\":\"Article\",\"@id\":\"https:\/\/www.institutodeengenharia.org.br\/site\/2021\/07\/05\/ie-talks-cenarios-complexos-com-fatores-concorrentes-um-documento-de-concepcao-aplicado-ao-caso-covid-19\/#article\",\"isPartOf\":{\"@id\":\"https:\/\/www.institutodeengenharia.org.br\/site\/2021\/07\/05\/ie-talks-cenarios-complexos-com-fatores-concorrentes-um-documento-de-concepcao-aplicado-ao-caso-covid-19\/\"},\"author\":{\"name\":\"Bianca\",\"@id\":\"https:\/\/www.institutodeengenharia.org.br\/site\/#\/schema\/person\/aeb64951c405e100d26d30b033dd423f\"},\"headline\":\"IE Talks: &#8211; Cen\u00e1rios Complexos com Fatores Concorrentes &#8211; Um Documento de Concep\u00e7\u00e3o Aplicado ao Caso Covid-19\",\"datePublished\":\"2021-07-05T15:09:22+00:00\",\"dateModified\":\"2023-01-09T13:28:09+00:00\",\"mainEntityOfPage\":{\"@id\":\"https:\/\/www.institutodeengenharia.org.br\/site\/2021\/07\/05\/ie-talks-cenarios-complexos-com-fatores-concorrentes-um-documento-de-concepcao-aplicado-ao-caso-covid-19\/\"},\"wordCount\":445,\"commentCount\":0,\"publisher\":{\"@id\":\"https:\/\/www.institutodeengenharia.org.br\/site\/#organization\"},\"image\":{\"@id\":\"https:\/\/www.institutodeengenharia.org.br\/site\/2021\/07\/05\/ie-talks-cenarios-complexos-com-fatores-concorrentes-um-documento-de-concepcao-aplicado-ao-caso-covid-19\/#primaryimage\"},\"thumbnailUrl\":\"https:\/\/www.institutodeengenharia.org.br\/site\/wp-content\/uploads\/2021\/06\/virus-4937553_1920-1.webp\",\"keywords\":[\"covid\"],\"articleSection\":[\"Nova TV Engenharia\",\"Palestra\"],\"inLanguage\":\"pt-BR\",\"potentialAction\":[{\"@type\":\"CommentAction\",\"name\":\"Comment\",\"target\":[\"https:\/\/www.institutodeengenharia.org.br\/site\/2021\/07\/05\/ie-talks-cenarios-complexos-com-fatores-concorrentes-um-documento-de-concepcao-aplicado-ao-caso-covid-19\/#respond\"]}]},{\"@type\":\"WebPage\",\"@id\":\"https:\/\/www.institutodeengenharia.org.br\/site\/2021\/07\/05\/ie-talks-cenarios-complexos-com-fatores-concorrentes-um-documento-de-concepcao-aplicado-ao-caso-covid-19\/\",\"url\":\"https:\/\/www.institutodeengenharia.org.br\/site\/2021\/07\/05\/ie-talks-cenarios-complexos-com-fatores-concorrentes-um-documento-de-concepcao-aplicado-ao-caso-covid-19\/\",\"name\":\"IE Talks: - Cen\u00e1rios Complexos com Fatores Concorrentes - Um Documento de Concep\u00e7\u00e3o Aplicado ao Caso Covid-19 - Instituto de Engenharia\",\"isPartOf\":{\"@id\":\"https:\/\/www.institutodeengenharia.org.br\/site\/#website\"},\"primaryImageOfPage\":{\"@id\":\"https:\/\/www.institutodeengenharia.org.br\/site\/2021\/07\/05\/ie-talks-cenarios-complexos-com-fatores-concorrentes-um-documento-de-concepcao-aplicado-ao-caso-covid-19\/#primaryimage\"},\"image\":{\"@id\":\"https:\/\/www.institutodeengenharia.org.br\/site\/2021\/07\/05\/ie-talks-cenarios-complexos-com-fatores-concorrentes-um-documento-de-concepcao-aplicado-ao-caso-covid-19\/#primaryimage\"},\"thumbnailUrl\":\"https:\/\/www.institutodeengenharia.org.br\/site\/wp-content\/uploads\/2021\/06\/virus-4937553_1920-1.webp\",\"datePublished\":\"2021-07-05T15:09:22+00:00\",\"dateModified\":\"2023-01-09T13:28:09+00:00\",\"breadcrumb\":{\"@id\":\"https:\/\/www.institutodeengenharia.org.br\/site\/2021\/07\/05\/ie-talks-cenarios-complexos-com-fatores-concorrentes-um-documento-de-concepcao-aplicado-ao-caso-covid-19\/#breadcrumb\"},\"inLanguage\":\"pt-BR\",\"potentialAction\":[{\"@type\":\"ReadAction\",\"target\":[\"https:\/\/www.institutodeengenharia.org.br\/site\/2021\/07\/05\/ie-talks-cenarios-complexos-com-fatores-concorrentes-um-documento-de-concepcao-aplicado-ao-caso-covid-19\/\"]}]},{\"@type\":\"ImageObject\",\"inLanguage\":\"pt-BR\",\"@id\":\"https:\/\/www.institutodeengenharia.org.br\/site\/2021\/07\/05\/ie-talks-cenarios-complexos-com-fatores-concorrentes-um-documento-de-concepcao-aplicado-ao-caso-covid-19\/#primaryimage\",\"url\":\"https:\/\/www.institutodeengenharia.org.br\/site\/wp-content\/uploads\/2021\/06\/virus-4937553_1920-1.webp\",\"contentUrl\":\"https:\/\/www.institutodeengenharia.org.br\/site\/wp-content\/uploads\/2021\/06\/virus-4937553_1920-1.webp\",\"width\":790,\"height\":342},{\"@type\":\"BreadcrumbList\",\"@id\":\"https:\/\/www.institutodeengenharia.org.br\/site\/2021\/07\/05\/ie-talks-cenarios-complexos-com-fatores-concorrentes-um-documento-de-concepcao-aplicado-ao-caso-covid-19\/#breadcrumb\",\"itemListElement\":[{\"@type\":\"ListItem\",\"position\":1,\"name\":\"In\u00edcio\",\"item\":\"https:\/\/www.institutodeengenharia.org.br\/site\/\"},{\"@type\":\"ListItem\",\"position\":2,\"name\":\"IE Talks: &#8211; Cen\u00e1rios Complexos com Fatores Concorrentes &#8211; Um Documento de Concep\u00e7\u00e3o Aplicado ao Caso Covid-19\"}]},{\"@type\":\"WebSite\",\"@id\":\"https:\/\/www.institutodeengenharia.org.br\/site\/#website\",\"url\":\"https:\/\/www.institutodeengenharia.org.br\/site\/\",\"name\":\"Instituto de Engenharia\",\"description\":\"O Instituto de Engenharia promove a Engenharia em benef\u00edcio do desenvolvimento e da qualidade de vida da sociedade.\",\"publisher\":{\"@id\":\"https:\/\/www.institutodeengenharia.org.br\/site\/#organization\"},\"potentialAction\":[{\"@type\":\"SearchAction\",\"target\":{\"@type\":\"EntryPoint\",\"urlTemplate\":\"https:\/\/www.institutodeengenharia.org.br\/site\/?s={search_term_string}\"},\"query-input\":{\"@type\":\"PropertyValueSpecification\",\"valueRequired\":true,\"valueName\":\"search_term_string\"}}],\"inLanguage\":\"pt-BR\"},{\"@type\":\"Organization\",\"@id\":\"https:\/\/www.institutodeengenharia.org.br\/site\/#organization\",\"name\":\"Instituto de Engenharia\",\"url\":\"https:\/\/www.institutodeengenharia.org.br\/site\/\",\"logo\":{\"@type\":\"ImageObject\",\"inLanguage\":\"pt-BR\",\"@id\":\"https:\/\/www.institutodeengenharia.org.br\/site\/#\/schema\/logo\/image\/\",\"url\":\"https:\/\/www.institutodeengenharia.org.br\/site\/wp-content\/uploads\/2019\/03\/logo-novo-IE2018-1.jpg\",\"contentUrl\":\"https:\/\/www.institutodeengenharia.org.br\/site\/wp-content\/uploads\/2019\/03\/logo-novo-IE2018-1.jpg\",\"width\":1486,\"height\":1879,\"caption\":\"Instituto de Engenharia\"},\"image\":{\"@id\":\"https:\/\/www.institutodeengenharia.org.br\/site\/#\/schema\/logo\/image\/\"},\"sameAs\":[\"https:\/\/www.facebook.com\/institutodeengenharia\",\"https:\/\/x.com\/iengenharia\",\"https:\/\/www.instagram.com\/institutodeengenharia\/\",\"https:\/\/www.linkedin.com\/company\/instituto-de-engenharia\/\",\"https:\/\/www.youtube.com\/channel\/UCXiCAlsSMe977vamW915HxA\"]},{\"@type\":\"Person\",\"@id\":\"https:\/\/www.institutodeengenharia.org.br\/site\/#\/schema\/person\/aeb64951c405e100d26d30b033dd423f\",\"name\":\"Bianca\",\"image\":{\"@type\":\"ImageObject\",\"inLanguage\":\"pt-BR\",\"@id\":\"https:\/\/secure.gravatar.com\/avatar\/a6fbe9bff57405baf4c1e2c5c1811e072b558253974a9f9508f4678900c97c2a?s=96&d=mm&r=g\",\"url\":\"https:\/\/secure.gravatar.com\/avatar\/a6fbe9bff57405baf4c1e2c5c1811e072b558253974a9f9508f4678900c97c2a?s=96&d=mm&r=g\",\"contentUrl\":\"https:\/\/secure.gravatar.com\/avatar\/a6fbe9bff57405baf4c1e2c5c1811e072b558253974a9f9508f4678900c97c2a?s=96&d=mm&r=g\",\"caption\":\"Bianca\"},\"url\":\"https:\/\/www.institutodeengenharia.org.br\/site\/author\/comunicacao1\/\"}]}<\/script>\n<!-- \/ Yoast SEO plugin. -->","yoast_head_json":{"title":"IE Talks: - Cen\u00e1rios Complexos com Fatores Concorrentes - Um Documento de Concep\u00e7\u00e3o Aplicado ao Caso Covid-19 - Instituto de Engenharia","robots":{"index":"index","follow":"follow","max-snippet":"max-snippet:-1","max-image-preview":"max-image-preview:large","max-video-preview":"max-video-preview:-1"},"canonical":"https:\/\/www.institutodeengenharia.org.br\/site\/2021\/07\/05\/ie-talks-cenarios-complexos-com-fatores-concorrentes-um-documento-de-concepcao-aplicado-ao-caso-covid-19\/","og_locale":"pt_BR","og_type":"article","og_title":"IE Talks: - Cen\u00e1rios Complexos com Fatores Concorrentes - Um Documento de Concep\u00e7\u00e3o Aplicado ao Caso Covid-19","og_description":"Assista abaixo \u00e0 grava\u00e7\u00e3o do evento","og_url":"https:\/\/www.institutodeengenharia.org.br\/site\/2021\/07\/05\/ie-talks-cenarios-complexos-com-fatores-concorrentes-um-documento-de-concepcao-aplicado-ao-caso-covid-19\/","og_site_name":"Instituto de Engenharia","article_publisher":"https:\/\/www.facebook.com\/institutodeengenharia","article_published_time":"2021-07-05T15:09:22+00:00","article_modified_time":"2023-01-09T13:28:09+00:00","og_image":[{"width":1280,"height":853,"url":"https:\/\/www.institutodeengenharia.org.br\/site\/wp-content\/uploads\/2019\/08\/tv_engenharia.jpg","type":"image\/jpeg"}],"author":"Bianca","twitter_card":"summary_large_image","twitter_title":"IE Talks: - Cen\u00e1rios Complexos com Fatores Concorrentes - Um Documento de Concep\u00e7\u00e3o Aplicado ao Caso Covid-19","twitter_description":"Assista abaixo \u00e0 grava\u00e7\u00e3o do evento","twitter_image":"https:\/\/www.institutodeengenharia.org.br\/site\/wp-content\/uploads\/2019\/08\/tv_engenharia.jpg","twitter_creator":"@iengenharia","twitter_site":"@iengenharia","twitter_misc":{"Escrito por":"Bianca","Est. tempo de leitura":"3 minutos"},"schema":{"@context":"https:\/\/schema.org","@graph":[{"@type":"Article","@id":"https:\/\/www.institutodeengenharia.org.br\/site\/2021\/07\/05\/ie-talks-cenarios-complexos-com-fatores-concorrentes-um-documento-de-concepcao-aplicado-ao-caso-covid-19\/#article","isPartOf":{"@id":"https:\/\/www.institutodeengenharia.org.br\/site\/2021\/07\/05\/ie-talks-cenarios-complexos-com-fatores-concorrentes-um-documento-de-concepcao-aplicado-ao-caso-covid-19\/"},"author":{"name":"Bianca","@id":"https:\/\/www.institutodeengenharia.org.br\/site\/#\/schema\/person\/aeb64951c405e100d26d30b033dd423f"},"headline":"IE Talks: &#8211; Cen\u00e1rios Complexos com Fatores Concorrentes &#8211; Um Documento de Concep\u00e7\u00e3o Aplicado ao Caso Covid-19","datePublished":"2021-07-05T15:09:22+00:00","dateModified":"2023-01-09T13:28:09+00:00","mainEntityOfPage":{"@id":"https:\/\/www.institutodeengenharia.org.br\/site\/2021\/07\/05\/ie-talks-cenarios-complexos-com-fatores-concorrentes-um-documento-de-concepcao-aplicado-ao-caso-covid-19\/"},"wordCount":445,"commentCount":0,"publisher":{"@id":"https:\/\/www.institutodeengenharia.org.br\/site\/#organization"},"image":{"@id":"https:\/\/www.institutodeengenharia.org.br\/site\/2021\/07\/05\/ie-talks-cenarios-complexos-com-fatores-concorrentes-um-documento-de-concepcao-aplicado-ao-caso-covid-19\/#primaryimage"},"thumbnailUrl":"https:\/\/www.institutodeengenharia.org.br\/site\/wp-content\/uploads\/2021\/06\/virus-4937553_1920-1.webp","keywords":["covid"],"articleSection":["Nova TV Engenharia","Palestra"],"inLanguage":"pt-BR","potentialAction":[{"@type":"CommentAction","name":"Comment","target":["https:\/\/www.institutodeengenharia.org.br\/site\/2021\/07\/05\/ie-talks-cenarios-complexos-com-fatores-concorrentes-um-documento-de-concepcao-aplicado-ao-caso-covid-19\/#respond"]}]},{"@type":"WebPage","@id":"https:\/\/www.institutodeengenharia.org.br\/site\/2021\/07\/05\/ie-talks-cenarios-complexos-com-fatores-concorrentes-um-documento-de-concepcao-aplicado-ao-caso-covid-19\/","url":"https:\/\/www.institutodeengenharia.org.br\/site\/2021\/07\/05\/ie-talks-cenarios-complexos-com-fatores-concorrentes-um-documento-de-concepcao-aplicado-ao-caso-covid-19\/","name":"IE Talks: - Cen\u00e1rios Complexos com Fatores Concorrentes - Um Documento de Concep\u00e7\u00e3o Aplicado ao Caso Covid-19 - Instituto de Engenharia","isPartOf":{"@id":"https:\/\/www.institutodeengenharia.org.br\/site\/#website"},"primaryImageOfPage":{"@id":"https:\/\/www.institutodeengenharia.org.br\/site\/2021\/07\/05\/ie-talks-cenarios-complexos-com-fatores-concorrentes-um-documento-de-concepcao-aplicado-ao-caso-covid-19\/#primaryimage"},"image":{"@id":"https:\/\/www.institutodeengenharia.org.br\/site\/2021\/07\/05\/ie-talks-cenarios-complexos-com-fatores-concorrentes-um-documento-de-concepcao-aplicado-ao-caso-covid-19\/#primaryimage"},"thumbnailUrl":"https:\/\/www.institutodeengenharia.org.br\/site\/wp-content\/uploads\/2021\/06\/virus-4937553_1920-1.webp","datePublished":"2021-07-05T15:09:22+00:00","dateModified":"2023-01-09T13:28:09+00:00","breadcrumb":{"@id":"https:\/\/www.institutodeengenharia.org.br\/site\/2021\/07\/05\/ie-talks-cenarios-complexos-com-fatores-concorrentes-um-documento-de-concepcao-aplicado-ao-caso-covid-19\/#breadcrumb"},"inLanguage":"pt-BR","potentialAction":[{"@type":"ReadAction","target":["https:\/\/www.institutodeengenharia.org.br\/site\/2021\/07\/05\/ie-talks-cenarios-complexos-com-fatores-concorrentes-um-documento-de-concepcao-aplicado-ao-caso-covid-19\/"]}]},{"@type":"ImageObject","inLanguage":"pt-BR","@id":"https:\/\/www.institutodeengenharia.org.br\/site\/2021\/07\/05\/ie-talks-cenarios-complexos-com-fatores-concorrentes-um-documento-de-concepcao-aplicado-ao-caso-covid-19\/#primaryimage","url":"https:\/\/www.institutodeengenharia.org.br\/site\/wp-content\/uploads\/2021\/06\/virus-4937553_1920-1.webp","contentUrl":"https:\/\/www.institutodeengenharia.org.br\/site\/wp-content\/uploads\/2021\/06\/virus-4937553_1920-1.webp","width":790,"height":342},{"@type":"BreadcrumbList","@id":"https:\/\/www.institutodeengenharia.org.br\/site\/2021\/07\/05\/ie-talks-cenarios-complexos-com-fatores-concorrentes-um-documento-de-concepcao-aplicado-ao-caso-covid-19\/#breadcrumb","itemListElement":[{"@type":"ListItem","position":1,"name":"In\u00edcio","item":"https:\/\/www.institutodeengenharia.org.br\/site\/"},{"@type":"ListItem","position":2,"name":"IE Talks: &#8211; Cen\u00e1rios Complexos com Fatores Concorrentes &#8211; Um Documento de Concep\u00e7\u00e3o Aplicado ao Caso Covid-19"}]},{"@type":"WebSite","@id":"https:\/\/www.institutodeengenharia.org.br\/site\/#website","url":"https:\/\/www.institutodeengenharia.org.br\/site\/","name":"Instituto de Engenharia","description":"O Instituto de Engenharia promove a Engenharia em benef\u00edcio do desenvolvimento e da qualidade de vida da sociedade.","publisher":{"@id":"https:\/\/www.institutodeengenharia.org.br\/site\/#organization"},"potentialAction":[{"@type":"SearchAction","target":{"@type":"EntryPoint","urlTemplate":"https:\/\/www.institutodeengenharia.org.br\/site\/?s={search_term_string}"},"query-input":{"@type":"PropertyValueSpecification","valueRequired":true,"valueName":"search_term_string"}}],"inLanguage":"pt-BR"},{"@type":"Organization","@id":"https:\/\/www.institutodeengenharia.org.br\/site\/#organization","name":"Instituto de Engenharia","url":"https:\/\/www.institutodeengenharia.org.br\/site\/","logo":{"@type":"ImageObject","inLanguage":"pt-BR","@id":"https:\/\/www.institutodeengenharia.org.br\/site\/#\/schema\/logo\/image\/","url":"https:\/\/www.institutodeengenharia.org.br\/site\/wp-content\/uploads\/2019\/03\/logo-novo-IE2018-1.jpg","contentUrl":"https:\/\/www.institutodeengenharia.org.br\/site\/wp-content\/uploads\/2019\/03\/logo-novo-IE2018-1.jpg","width":1486,"height":1879,"caption":"Instituto de Engenharia"},"image":{"@id":"https:\/\/www.institutodeengenharia.org.br\/site\/#\/schema\/logo\/image\/"},"sameAs":["https:\/\/www.facebook.com\/institutodeengenharia","https:\/\/x.com\/iengenharia","https:\/\/www.instagram.com\/institutodeengenharia\/","https:\/\/www.linkedin.com\/company\/instituto-de-engenharia\/","https:\/\/www.youtube.com\/channel\/UCXiCAlsSMe977vamW915HxA"]},{"@type":"Person","@id":"https:\/\/www.institutodeengenharia.org.br\/site\/#\/schema\/person\/aeb64951c405e100d26d30b033dd423f","name":"Bianca","image":{"@type":"ImageObject","inLanguage":"pt-BR","@id":"https:\/\/secure.gravatar.com\/avatar\/a6fbe9bff57405baf4c1e2c5c1811e072b558253974a9f9508f4678900c97c2a?s=96&d=mm&r=g","url":"https:\/\/secure.gravatar.com\/avatar\/a6fbe9bff57405baf4c1e2c5c1811e072b558253974a9f9508f4678900c97c2a?s=96&d=mm&r=g","contentUrl":"https:\/\/secure.gravatar.com\/avatar\/a6fbe9bff57405baf4c1e2c5c1811e072b558253974a9f9508f4678900c97c2a?s=96&d=mm&r=g","caption":"Bianca"},"url":"https:\/\/www.institutodeengenharia.org.br\/site\/author\/comunicacao1\/"}]}},"_links":{"self":[{"href":"https:\/\/www.institutodeengenharia.org.br\/site\/wp-json\/wp\/v2\/posts\/82666","targetHints":{"allow":["GET"]}}],"collection":[{"href":"https:\/\/www.institutodeengenharia.org.br\/site\/wp-json\/wp\/v2\/posts"}],"about":[{"href":"https:\/\/www.institutodeengenharia.org.br\/site\/wp-json\/wp\/v2\/types\/post"}],"author":[{"embeddable":true,"href":"https:\/\/www.institutodeengenharia.org.br\/site\/wp-json\/wp\/v2\/users\/13"}],"replies":[{"embeddable":true,"href":"https:\/\/www.institutodeengenharia.org.br\/site\/wp-json\/wp\/v2\/comments?post=82666"}],"version-history":[{"count":1,"href":"https:\/\/www.institutodeengenharia.org.br\/site\/wp-json\/wp\/v2\/posts\/82666\/revisions"}],"predecessor-version":[{"id":82671,"href":"https:\/\/www.institutodeengenharia.org.br\/site\/wp-json\/wp\/v2\/posts\/82666\/revisions\/82671"}],"wp:featuredmedia":[{"embeddable":true,"href":"https:\/\/www.institutodeengenharia.org.br\/site\/wp-json\/wp\/v2\/media\/82111"}],"wp:attachment":[{"href":"https:\/\/www.institutodeengenharia.org.br\/site\/wp-json\/wp\/v2\/media?parent=82666"}],"wp:term":[{"taxonomy":"category","embeddable":true,"href":"https:\/\/www.institutodeengenharia.org.br\/site\/wp-json\/wp\/v2\/categories?post=82666"},{"taxonomy":"post_tag","embeddable":true,"href":"https:\/\/www.institutodeengenharia.org.br\/site\/wp-json\/wp\/v2\/tags?post=82666"}],"curies":[{"name":"wp","href":"https:\/\/api.w.org\/{rel}","templated":true}]}}