{"id":82497,"date":"2021-07-05T13:54:53","date_gmt":"2021-07-05T16:54:53","guid":{"rendered":"https:\/\/www.institutodeengenharia.org.br\/site\/?p=82497"},"modified":"2021-07-07T13:55:07","modified_gmt":"2021-07-07T16:55:07","slug":"ie-talks-novas-tecnologias-e-processos-aplicados-aos-aeroportos-e-servicos-de-trafego-aereo","status":"publish","type":"post","link":"https:\/\/www.institutodeengenharia.org.br\/site\/2021\/07\/05\/ie-talks-novas-tecnologias-e-processos-aplicados-aos-aeroportos-e-servicos-de-trafego-aereo\/","title":{"rendered":"IE Talks: Novas Tecnologias e Processos Aplicados aos Aeroportos e Servi\u00e7os de Tr\u00e1fego A\u00e9reo"},"content":{"rendered":"<p><strong>Assista abaixo \u00e0 grava\u00e7\u00e3o do evento:<\/strong><\/p>\n<p><iframe loading=\"lazy\" src=\"https:\/\/player.vimeo.com\/video\/571764953\" width=\"640\" height=\"360\" frameborder=\"0\" allowfullscreen=\"allowfullscreen\"><\/iframe><\/p>\n<p><strong>+ Informa\u00e7\u00f5es:\u00a0<\/strong><\/p>\n<p>Experi\u00eancias e Desafios: Um papo com Diretores Regionais.<\/p>\n<p><strong>P\u00fablico-alvo:<\/strong><\/p>\n<p>Engenheiros, arquitetos, t\u00e9cnicos, estudantes e demais interessados.<\/p>\n<p><strong>Palestrantes:<\/strong><\/p>\n<p><img loading=\"lazy\" decoding=\"async\" class=\"alignnone wp-image-81590 td-animation-stack-type0-2\" src=\"https:\/\/www.institutodeengenharia.org.br\/site\/wp-content\/uploads\/2021\/06\/omar.png\" alt=\"\" width=\"129\" height=\"189\" \/><\/p>\n<p><strong>Omar Daniel Martins Netto \u2013 Graduado em Controle de Tr\u00e1fego A\u00e9reo pela Escola de Oficiais da Aeron\u00e1utica<\/strong><\/p>\n<div>Graduado em Controle de Tr\u00e1fego A\u00e9reo pela Escola de Oficiais da Aeron\u00e1utica, p\u00f3s gradua\u00e7\u00e3o em gest\u00e3o empresarial e em Gest\u00e3o da Avia\u00e7\u00e3o Civil, ambos pela UnB, e em An\u00e1lise de Sistemas pela FAE; mestrado em Administra\u00e7\u00e3o pela PUC\/PR; doutorando e pesquisador em Engenharia Aeron\u00e1utica no Departamento de Ci\u00eancias Aeroespaciais da Universidade da Beira Interior (UBI), Covilh\u00e3\/Portugal. \u00c9 especialista e consultor em Avia\u00e7\u00e3o Civil nas \u00e1reas de Aeroportos e Controle de Tr\u00e1fego A\u00e9reo, auditor Internacional ISO 9000. Com mais de 25 anos de experi\u00eancia em opera\u00e7\u00e3o, gest\u00e3o e planejamento na \u00e1rea de Controle de Tr\u00e1fego A\u00e9reo. Atuou na Empresa Brasileira de Infraestrutura Aeroportu\u00e1ria (Infraero), onde foi Gerente Nacional de Opera\u00e7\u00f5es dos 67 aeroportos da rede, como consultor e assessor em institui\u00e7\u00f5es como Atech Neg\u00f3cios em Tecnologias S\/A, Funda\u00e7\u00e3o de Servi\u00e7os de Defesa e Tecnologias de Processos (SDTP), Organiza\u00e7\u00e3o Brasileira para o Desenvolvimento Cient\u00edfico e Tecnol\u00f3gico do Controle do Espa\u00e7o A\u00e9reo (CTCEA); Instituto de Pesquisa Econ\u00f4mica Aplicada (IPEA) e L\u00edder Avia\u00e7\u00e3o. Viv\u00eancia Nacional e Internacional em Congressos, F\u00f3runs e encontros de executivos das \u00e1reas de avia\u00e7\u00e3o civil e aeroportos, com destaque nas OACI (Organiza\u00e7\u00e3o de Avia\u00e7\u00e3o Civil Internacional) e ACI (Airports Council International).<\/div>\n<div><\/div>\n<p><strong>Anfitri\u00e3o:<\/strong><\/p>\n<p><img loading=\"lazy\" decoding=\"async\" class=\"alignnone wp-image-81591 td-animation-stack-type0-2\" src=\"https:\/\/www.institutodeengenharia.org.br\/site\/wp-content\/uploads\/2021\/06\/bernardo.png\" alt=\"\" width=\"145\" height=\"196\" \/><\/p>\n<p><strong>Bernardo Levino dos Santos \u2013 Bacharel em Engenharia Eletr\u00f4nica pela FESP<\/strong><\/p>\n<p>Bacharel em Engenharia Eletr\u00f4nica pela FESP, Licenciatura pela UNESP, p\u00f3s gradua\u00e7\u00e3o em Tecnologia da Informa\u00e7\u00e3o Aplicada a Neg\u00f3cios pela FASP, MBA pela USP \u00eanfase em Administra\u00e7\u00e3o de Neg\u00f3cios Aeroportu\u00e1rios, especializa\u00e7\u00e3o em gerenciamento de aeroportos pela IAMTI\/Canad\u00e1, oficial pela Universidade de Oficiais de Jacarepagu\u00e1 e Escola de Oficiais da Aeron\u00e1utica de Curitiba, sargento especialista em telecomunica\u00e7\u00f5es pela Escola de Aeron\u00e1utica de Guaratinguet\u00e1 onde foi o 1\u00ba colocado da turma e Major por m\u00e9rito. Atuou na INFRAERO por mais de uma d\u00e9cada em posi\u00e7\u00f5es de assessoria da presid\u00eancia, superintend\u00eancia regional entre outras. No setor privado, em empresas como Camargo Correia, Constran em engenharia de tecnologias e sistemas aeroportu\u00e1rios. Na academia, foi docente da Universidade Estadual Paulista \u2013 UNESP, de Telecomunica\u00e7\u00f5es \u00e0 Navega\u00e7\u00e3o A\u00e9rea no CTA e na Academia da For\u00e7a A\u00e9rea. Atuou em servi\u00e7os sociais na AGENDE e na OXIG\u00caNIO. Condecorado com a Ordem de M\u00e9rito do Radioamador Brasileiro, M\u00e9rito de Instrutor no Instituto de Log\u00edstica da Aeron\u00e1utica, Gratid\u00e3o da Comitiva do Presidente Bush \u2013 USA, M\u00e9rito de desenvoltura pela INFRAERO e pela Receita Federal, Trof\u00e9u \u201cSantos Dumont\u201d da Grande Loja Ma\u00e7\u00f4nica do Estado de S\u00e3o Paulo, Trof\u00e9u da For\u00e7a A\u00e9rea do Chile e Medalha da For\u00e7a A\u00e9rea da Argentina como 1\u00aa colocado em telecomunica\u00e7\u00f5es da aeron\u00e1utica, Medalha de Bronze (10 anos) e Prata (20 anos) da For\u00e7a A\u00e9rea Brasileira e Medalha de Ordem do M\u00e9rito Santos Dumont, como reconhecimento do Ministro da Aeron\u00e1utica pelos destacados servi\u00e7os prestados \u00e0 For\u00e7a A\u00e9rea e ao Brasil. Palestrante em diversos eventos acad\u00eamicos e volunt\u00e1rio da ASSEA e da ABEE.\u00a0 \u00c9 associado do Instituto de Engenharia e Diretor Regional de Curitiba\/PR.<\/p>\n<p><strong>Realiza\u00e7\u00e3o:<\/strong><\/p>\n<p><strong>Eng. Ricardo Kenzo Motomatsu<\/strong>\u00a0\u2013 Vice-Presidente de Rela\u00e7\u00f5es Externas<\/p>\n<p><strong>Apoio Institucional:<\/strong><\/p>\n<p><img loading=\"lazy\" decoding=\"async\" class=\"alignnone wp-image-77696 td-animation-stack-type0-2\" src=\"https:\/\/www.institutodeengenharia.org.br\/site\/wp-content\/uploads\/2021\/02\/crea.jpg\" alt=\"\" width=\"137\" height=\"96\" srcset=\"https:\/\/www.institutodeengenharia.org.br\/site\/wp-content\/uploads\/2021\/02\/crea.jpg 448w, https:\/\/www.institutodeengenharia.org.br\/site\/wp-content\/uploads\/2021\/02\/crea-300x211.jpg 300w, https:\/\/www.institutodeengenharia.org.br\/site\/wp-content\/uploads\/2021\/02\/crea-100x70.jpg 100w\" sizes=\"auto, (max-width: 137px) 100vw, 137px\" \/><\/p>\n<p><strong>Apoio \u00e0 forma\u00e7\u00e3o:\u00a0<\/strong><\/p>\n<p>Espa\u00e7o aberto ao CREA-SP, objetivando o aperfei\u00e7oamento dos profissionais e o aprimoramento da fiscaliza\u00e7\u00e3o das \u00e1reas abrangidas pelo Sistema Confea\/CREAs, al\u00e9m de promover a conscientiza\u00e7\u00e3o da sociedade quanto \u00e0 necessidade e obrigatoriedade de contratar um profissional devidamente habilitado.<\/p>\n<p>&nbsp;<\/p>\n","protected":false},"excerpt":{"rendered":"<p>Assista abaixo \u00e0 grava\u00e7\u00e3o do evento: + Informa\u00e7\u00f5es:\u00a0 Experi\u00eancias e Desafios: Um papo com Diretores Regionais. P\u00fablico-alvo: Engenheiros, arquitetos, t\u00e9cnicos, estudantes e demais interessados. Palestrantes: Omar Daniel Martins Netto \u2013 Graduado em Controle de Tr\u00e1fego A\u00e9reo pela Escola de Oficiais da Aeron\u00e1utica Graduado em Controle de Tr\u00e1fego A\u00e9reo pela Escola de Oficiais da Aeron\u00e1utica, p\u00f3s [&hellip;]<\/p>\n","protected":false},"author":13,"featured_media":81945,"comment_status":"open","ping_status":"open","sticky":false,"template":"","format":"standard","meta":{"footnotes":""},"categories":[968,969],"tags":[],"class_list":{"0":"post-82497","1":"post","2":"type-post","3":"status-publish","4":"format-standard","5":"has-post-thumbnail","7":"category-nova-tv-engenharia","8":"category-palestra"},"yoast_head":"<!-- This site is optimized with the Yoast SEO plugin v27.2 - https:\/\/yoast.com\/product\/yoast-seo-wordpress\/ -->\n<title>IE Talks: Novas Tecnologias e Processos Aplicados aos Aeroportos e Servi\u00e7os de Tr\u00e1fego A\u00e9reo - Instituto de Engenharia<\/title>\n<meta name=\"robots\" content=\"index, follow, max-snippet:-1, max-image-preview:large, max-video-preview:-1\" \/>\n<link rel=\"canonical\" href=\"https:\/\/www.institutodeengenharia.org.br\/site\/2021\/07\/05\/ie-talks-novas-tecnologias-e-processos-aplicados-aos-aeroportos-e-servicos-de-trafego-aereo\/\" \/>\n<meta property=\"og:locale\" content=\"pt_BR\" \/>\n<meta property=\"og:type\" content=\"article\" \/>\n<meta property=\"og:title\" content=\"IE Talks: Novas Tecnologias e Processos Aplicados aos Aeroportos e Servi\u00e7os de Tr\u00e1fego A\u00e9reo\" \/>\n<meta property=\"og:description\" content=\"Assista abaixo \u00e0 grava\u00e7\u00e3o do evento\" \/>\n<meta property=\"og:url\" content=\"https:\/\/www.institutodeengenharia.org.br\/site\/2021\/07\/05\/ie-talks-novas-tecnologias-e-processos-aplicados-aos-aeroportos-e-servicos-de-trafego-aereo\/\" \/>\n<meta property=\"og:site_name\" content=\"Instituto de Engenharia\" \/>\n<meta property=\"article:publisher\" content=\"https:\/\/www.facebook.com\/institutodeengenharia\" \/>\n<meta property=\"article:published_time\" content=\"2021-07-05T16:54:53+00:00\" \/>\n<meta property=\"article:modified_time\" content=\"2021-07-07T16:55:07+00:00\" \/>\n<meta property=\"og:image\" content=\"https:\/\/www.institutodeengenharia.org.br\/site\/wp-content\/uploads\/2019\/08\/tv_engenharia.jpg\" \/>\n\t<meta property=\"og:image:width\" content=\"1280\" \/>\n\t<meta property=\"og:image:height\" content=\"853\" \/>\n\t<meta property=\"og:image:type\" content=\"image\/jpeg\" \/>\n<meta name=\"author\" content=\"Bianca\" \/>\n<meta name=\"twitter:card\" content=\"summary_large_image\" \/>\n<meta name=\"twitter:title\" content=\"IE Talks: Novas Tecnologias e Processos Aplicados aos Aeroportos e Servi\u00e7os de Tr\u00e1fego A\u00e9reo\" \/>\n<meta name=\"twitter:description\" content=\"Assista abaixo \u00e0 grava\u00e7\u00e3o do evento\" \/>\n<meta name=\"twitter:image\" content=\"https:\/\/www.institutodeengenharia.org.br\/site\/wp-content\/uploads\/2019\/08\/tv_engenharia.jpg\" \/>\n<meta name=\"twitter:creator\" content=\"@iengenharia\" \/>\n<meta name=\"twitter:site\" content=\"@iengenharia\" \/>\n<meta name=\"twitter:label1\" content=\"Escrito por\" \/>\n\t<meta name=\"twitter:data1\" content=\"Bianca\" \/>\n\t<meta name=\"twitter:label2\" content=\"Est. tempo de leitura\" \/>\n\t<meta name=\"twitter:data2\" content=\"4 minutos\" \/>\n<script type=\"application\/ld+json\" class=\"yoast-schema-graph\">{\"@context\":\"https:\/\/schema.org\",\"@graph\":[{\"@type\":\"Article\",\"@id\":\"https:\/\/www.institutodeengenharia.org.br\/site\/2021\/07\/05\/ie-talks-novas-tecnologias-e-processos-aplicados-aos-aeroportos-e-servicos-de-trafego-aereo\/#article\",\"isPartOf\":{\"@id\":\"https:\/\/www.institutodeengenharia.org.br\/site\/2021\/07\/05\/ie-talks-novas-tecnologias-e-processos-aplicados-aos-aeroportos-e-servicos-de-trafego-aereo\/\"},\"author\":{\"name\":\"Bianca\",\"@id\":\"https:\/\/www.institutodeengenharia.org.br\/site\/#\/schema\/person\/aeb64951c405e100d26d30b033dd423f\"},\"headline\":\"IE Talks: Novas Tecnologias e Processos Aplicados aos Aeroportos e Servi\u00e7os de Tr\u00e1fego A\u00e9reo\",\"datePublished\":\"2021-07-05T16:54:53+00:00\",\"dateModified\":\"2021-07-07T16:55:07+00:00\",\"mainEntityOfPage\":{\"@id\":\"https:\/\/www.institutodeengenharia.org.br\/site\/2021\/07\/05\/ie-talks-novas-tecnologias-e-processos-aplicados-aos-aeroportos-e-servicos-de-trafego-aereo\/\"},\"wordCount\":674,\"commentCount\":0,\"publisher\":{\"@id\":\"https:\/\/www.institutodeengenharia.org.br\/site\/#organization\"},\"image\":{\"@id\":\"https:\/\/www.institutodeengenharia.org.br\/site\/2021\/07\/05\/ie-talks-novas-tecnologias-e-processos-aplicados-aos-aeroportos-e-servicos-de-trafego-aereo\/#primaryimage\"},\"thumbnailUrl\":\"https:\/\/www.institutodeengenharia.org.br\/site\/wp-content\/uploads\/2021\/06\/plane-513641_1920-1.webp\",\"articleSection\":[\"Nova TV Engenharia\",\"Palestra\"],\"inLanguage\":\"pt-BR\",\"potentialAction\":[{\"@type\":\"CommentAction\",\"name\":\"Comment\",\"target\":[\"https:\/\/www.institutodeengenharia.org.br\/site\/2021\/07\/05\/ie-talks-novas-tecnologias-e-processos-aplicados-aos-aeroportos-e-servicos-de-trafego-aereo\/#respond\"]}]},{\"@type\":\"WebPage\",\"@id\":\"https:\/\/www.institutodeengenharia.org.br\/site\/2021\/07\/05\/ie-talks-novas-tecnologias-e-processos-aplicados-aos-aeroportos-e-servicos-de-trafego-aereo\/\",\"url\":\"https:\/\/www.institutodeengenharia.org.br\/site\/2021\/07\/05\/ie-talks-novas-tecnologias-e-processos-aplicados-aos-aeroportos-e-servicos-de-trafego-aereo\/\",\"name\":\"IE Talks: Novas Tecnologias e Processos Aplicados aos Aeroportos e Servi\u00e7os de Tr\u00e1fego A\u00e9reo - Instituto de Engenharia\",\"isPartOf\":{\"@id\":\"https:\/\/www.institutodeengenharia.org.br\/site\/#website\"},\"primaryImageOfPage\":{\"@id\":\"https:\/\/www.institutodeengenharia.org.br\/site\/2021\/07\/05\/ie-talks-novas-tecnologias-e-processos-aplicados-aos-aeroportos-e-servicos-de-trafego-aereo\/#primaryimage\"},\"image\":{\"@id\":\"https:\/\/www.institutodeengenharia.org.br\/site\/2021\/07\/05\/ie-talks-novas-tecnologias-e-processos-aplicados-aos-aeroportos-e-servicos-de-trafego-aereo\/#primaryimage\"},\"thumbnailUrl\":\"https:\/\/www.institutodeengenharia.org.br\/site\/wp-content\/uploads\/2021\/06\/plane-513641_1920-1.webp\",\"datePublished\":\"2021-07-05T16:54:53+00:00\",\"dateModified\":\"2021-07-07T16:55:07+00:00\",\"breadcrumb\":{\"@id\":\"https:\/\/www.institutodeengenharia.org.br\/site\/2021\/07\/05\/ie-talks-novas-tecnologias-e-processos-aplicados-aos-aeroportos-e-servicos-de-trafego-aereo\/#breadcrumb\"},\"inLanguage\":\"pt-BR\",\"potentialAction\":[{\"@type\":\"ReadAction\",\"target\":[\"https:\/\/www.institutodeengenharia.org.br\/site\/2021\/07\/05\/ie-talks-novas-tecnologias-e-processos-aplicados-aos-aeroportos-e-servicos-de-trafego-aereo\/\"]}]},{\"@type\":\"ImageObject\",\"inLanguage\":\"pt-BR\",\"@id\":\"https:\/\/www.institutodeengenharia.org.br\/site\/2021\/07\/05\/ie-talks-novas-tecnologias-e-processos-aplicados-aos-aeroportos-e-servicos-de-trafego-aereo\/#primaryimage\",\"url\":\"https:\/\/www.institutodeengenharia.org.br\/site\/wp-content\/uploads\/2021\/06\/plane-513641_1920-1.webp\",\"contentUrl\":\"https:\/\/www.institutodeengenharia.org.br\/site\/wp-content\/uploads\/2021\/06\/plane-513641_1920-1.webp\",\"width\":1400,\"height\":799},{\"@type\":\"BreadcrumbList\",\"@id\":\"https:\/\/www.institutodeengenharia.org.br\/site\/2021\/07\/05\/ie-talks-novas-tecnologias-e-processos-aplicados-aos-aeroportos-e-servicos-de-trafego-aereo\/#breadcrumb\",\"itemListElement\":[{\"@type\":\"ListItem\",\"position\":1,\"name\":\"In\u00edcio\",\"item\":\"https:\/\/www.institutodeengenharia.org.br\/site\/\"},{\"@type\":\"ListItem\",\"position\":2,\"name\":\"IE Talks: Novas Tecnologias e Processos Aplicados aos Aeroportos e Servi\u00e7os de Tr\u00e1fego A\u00e9reo\"}]},{\"@type\":\"WebSite\",\"@id\":\"https:\/\/www.institutodeengenharia.org.br\/site\/#website\",\"url\":\"https:\/\/www.institutodeengenharia.org.br\/site\/\",\"name\":\"Instituto de Engenharia\",\"description\":\"O Instituto de Engenharia promove a Engenharia em benef\u00edcio do desenvolvimento e da qualidade de vida da sociedade.\",\"publisher\":{\"@id\":\"https:\/\/www.institutodeengenharia.org.br\/site\/#organization\"},\"potentialAction\":[{\"@type\":\"SearchAction\",\"target\":{\"@type\":\"EntryPoint\",\"urlTemplate\":\"https:\/\/www.institutodeengenharia.org.br\/site\/?s={search_term_string}\"},\"query-input\":{\"@type\":\"PropertyValueSpecification\",\"valueRequired\":true,\"valueName\":\"search_term_string\"}}],\"inLanguage\":\"pt-BR\"},{\"@type\":\"Organization\",\"@id\":\"https:\/\/www.institutodeengenharia.org.br\/site\/#organization\",\"name\":\"Instituto de Engenharia\",\"url\":\"https:\/\/www.institutodeengenharia.org.br\/site\/\",\"logo\":{\"@type\":\"ImageObject\",\"inLanguage\":\"pt-BR\",\"@id\":\"https:\/\/www.institutodeengenharia.org.br\/site\/#\/schema\/logo\/image\/\",\"url\":\"https:\/\/www.institutodeengenharia.org.br\/site\/wp-content\/uploads\/2019\/03\/logo-novo-IE2018-1.jpg\",\"contentUrl\":\"https:\/\/www.institutodeengenharia.org.br\/site\/wp-content\/uploads\/2019\/03\/logo-novo-IE2018-1.jpg\",\"width\":1486,\"height\":1879,\"caption\":\"Instituto de Engenharia\"},\"image\":{\"@id\":\"https:\/\/www.institutodeengenharia.org.br\/site\/#\/schema\/logo\/image\/\"},\"sameAs\":[\"https:\/\/www.facebook.com\/institutodeengenharia\",\"https:\/\/x.com\/iengenharia\",\"https:\/\/www.instagram.com\/institutodeengenharia\/\",\"https:\/\/www.linkedin.com\/company\/instituto-de-engenharia\/\",\"https:\/\/www.youtube.com\/channel\/UCXiCAlsSMe977vamW915HxA\"]},{\"@type\":\"Person\",\"@id\":\"https:\/\/www.institutodeengenharia.org.br\/site\/#\/schema\/person\/aeb64951c405e100d26d30b033dd423f\",\"name\":\"Bianca\",\"image\":{\"@type\":\"ImageObject\",\"inLanguage\":\"pt-BR\",\"@id\":\"https:\/\/secure.gravatar.com\/avatar\/a6fbe9bff57405baf4c1e2c5c1811e072b558253974a9f9508f4678900c97c2a?s=96&d=mm&r=g\",\"url\":\"https:\/\/secure.gravatar.com\/avatar\/a6fbe9bff57405baf4c1e2c5c1811e072b558253974a9f9508f4678900c97c2a?s=96&d=mm&r=g\",\"contentUrl\":\"https:\/\/secure.gravatar.com\/avatar\/a6fbe9bff57405baf4c1e2c5c1811e072b558253974a9f9508f4678900c97c2a?s=96&d=mm&r=g\",\"caption\":\"Bianca\"},\"url\":\"https:\/\/www.institutodeengenharia.org.br\/site\/author\/comunicacao1\/\"}]}<\/script>\n<!-- \/ Yoast SEO plugin. -->","yoast_head_json":{"title":"IE Talks: Novas Tecnologias e Processos Aplicados aos Aeroportos e Servi\u00e7os de Tr\u00e1fego A\u00e9reo - Instituto de Engenharia","robots":{"index":"index","follow":"follow","max-snippet":"max-snippet:-1","max-image-preview":"max-image-preview:large","max-video-preview":"max-video-preview:-1"},"canonical":"https:\/\/www.institutodeengenharia.org.br\/site\/2021\/07\/05\/ie-talks-novas-tecnologias-e-processos-aplicados-aos-aeroportos-e-servicos-de-trafego-aereo\/","og_locale":"pt_BR","og_type":"article","og_title":"IE Talks: Novas Tecnologias e Processos Aplicados aos Aeroportos e Servi\u00e7os de Tr\u00e1fego A\u00e9reo","og_description":"Assista abaixo \u00e0 grava\u00e7\u00e3o do evento","og_url":"https:\/\/www.institutodeengenharia.org.br\/site\/2021\/07\/05\/ie-talks-novas-tecnologias-e-processos-aplicados-aos-aeroportos-e-servicos-de-trafego-aereo\/","og_site_name":"Instituto de Engenharia","article_publisher":"https:\/\/www.facebook.com\/institutodeengenharia","article_published_time":"2021-07-05T16:54:53+00:00","article_modified_time":"2021-07-07T16:55:07+00:00","og_image":[{"width":1280,"height":853,"url":"https:\/\/www.institutodeengenharia.org.br\/site\/wp-content\/uploads\/2019\/08\/tv_engenharia.jpg","type":"image\/jpeg"}],"author":"Bianca","twitter_card":"summary_large_image","twitter_title":"IE Talks: Novas Tecnologias e Processos Aplicados aos Aeroportos e Servi\u00e7os de Tr\u00e1fego A\u00e9reo","twitter_description":"Assista abaixo \u00e0 grava\u00e7\u00e3o do evento","twitter_image":"https:\/\/www.institutodeengenharia.org.br\/site\/wp-content\/uploads\/2019\/08\/tv_engenharia.jpg","twitter_creator":"@iengenharia","twitter_site":"@iengenharia","twitter_misc":{"Escrito por":"Bianca","Est. tempo de leitura":"4 minutos"},"schema":{"@context":"https:\/\/schema.org","@graph":[{"@type":"Article","@id":"https:\/\/www.institutodeengenharia.org.br\/site\/2021\/07\/05\/ie-talks-novas-tecnologias-e-processos-aplicados-aos-aeroportos-e-servicos-de-trafego-aereo\/#article","isPartOf":{"@id":"https:\/\/www.institutodeengenharia.org.br\/site\/2021\/07\/05\/ie-talks-novas-tecnologias-e-processos-aplicados-aos-aeroportos-e-servicos-de-trafego-aereo\/"},"author":{"name":"Bianca","@id":"https:\/\/www.institutodeengenharia.org.br\/site\/#\/schema\/person\/aeb64951c405e100d26d30b033dd423f"},"headline":"IE Talks: Novas Tecnologias e Processos Aplicados aos Aeroportos e Servi\u00e7os de Tr\u00e1fego A\u00e9reo","datePublished":"2021-07-05T16:54:53+00:00","dateModified":"2021-07-07T16:55:07+00:00","mainEntityOfPage":{"@id":"https:\/\/www.institutodeengenharia.org.br\/site\/2021\/07\/05\/ie-talks-novas-tecnologias-e-processos-aplicados-aos-aeroportos-e-servicos-de-trafego-aereo\/"},"wordCount":674,"commentCount":0,"publisher":{"@id":"https:\/\/www.institutodeengenharia.org.br\/site\/#organization"},"image":{"@id":"https:\/\/www.institutodeengenharia.org.br\/site\/2021\/07\/05\/ie-talks-novas-tecnologias-e-processos-aplicados-aos-aeroportos-e-servicos-de-trafego-aereo\/#primaryimage"},"thumbnailUrl":"https:\/\/www.institutodeengenharia.org.br\/site\/wp-content\/uploads\/2021\/06\/plane-513641_1920-1.webp","articleSection":["Nova TV Engenharia","Palestra"],"inLanguage":"pt-BR","potentialAction":[{"@type":"CommentAction","name":"Comment","target":["https:\/\/www.institutodeengenharia.org.br\/site\/2021\/07\/05\/ie-talks-novas-tecnologias-e-processos-aplicados-aos-aeroportos-e-servicos-de-trafego-aereo\/#respond"]}]},{"@type":"WebPage","@id":"https:\/\/www.institutodeengenharia.org.br\/site\/2021\/07\/05\/ie-talks-novas-tecnologias-e-processos-aplicados-aos-aeroportos-e-servicos-de-trafego-aereo\/","url":"https:\/\/www.institutodeengenharia.org.br\/site\/2021\/07\/05\/ie-talks-novas-tecnologias-e-processos-aplicados-aos-aeroportos-e-servicos-de-trafego-aereo\/","name":"IE Talks: Novas Tecnologias e Processos Aplicados aos Aeroportos e Servi\u00e7os de Tr\u00e1fego A\u00e9reo - Instituto de Engenharia","isPartOf":{"@id":"https:\/\/www.institutodeengenharia.org.br\/site\/#website"},"primaryImageOfPage":{"@id":"https:\/\/www.institutodeengenharia.org.br\/site\/2021\/07\/05\/ie-talks-novas-tecnologias-e-processos-aplicados-aos-aeroportos-e-servicos-de-trafego-aereo\/#primaryimage"},"image":{"@id":"https:\/\/www.institutodeengenharia.org.br\/site\/2021\/07\/05\/ie-talks-novas-tecnologias-e-processos-aplicados-aos-aeroportos-e-servicos-de-trafego-aereo\/#primaryimage"},"thumbnailUrl":"https:\/\/www.institutodeengenharia.org.br\/site\/wp-content\/uploads\/2021\/06\/plane-513641_1920-1.webp","datePublished":"2021-07-05T16:54:53+00:00","dateModified":"2021-07-07T16:55:07+00:00","breadcrumb":{"@id":"https:\/\/www.institutodeengenharia.org.br\/site\/2021\/07\/05\/ie-talks-novas-tecnologias-e-processos-aplicados-aos-aeroportos-e-servicos-de-trafego-aereo\/#breadcrumb"},"inLanguage":"pt-BR","potentialAction":[{"@type":"ReadAction","target":["https:\/\/www.institutodeengenharia.org.br\/site\/2021\/07\/05\/ie-talks-novas-tecnologias-e-processos-aplicados-aos-aeroportos-e-servicos-de-trafego-aereo\/"]}]},{"@type":"ImageObject","inLanguage":"pt-BR","@id":"https:\/\/www.institutodeengenharia.org.br\/site\/2021\/07\/05\/ie-talks-novas-tecnologias-e-processos-aplicados-aos-aeroportos-e-servicos-de-trafego-aereo\/#primaryimage","url":"https:\/\/www.institutodeengenharia.org.br\/site\/wp-content\/uploads\/2021\/06\/plane-513641_1920-1.webp","contentUrl":"https:\/\/www.institutodeengenharia.org.br\/site\/wp-content\/uploads\/2021\/06\/plane-513641_1920-1.webp","width":1400,"height":799},{"@type":"BreadcrumbList","@id":"https:\/\/www.institutodeengenharia.org.br\/site\/2021\/07\/05\/ie-talks-novas-tecnologias-e-processos-aplicados-aos-aeroportos-e-servicos-de-trafego-aereo\/#breadcrumb","itemListElement":[{"@type":"ListItem","position":1,"name":"In\u00edcio","item":"https:\/\/www.institutodeengenharia.org.br\/site\/"},{"@type":"ListItem","position":2,"name":"IE Talks: Novas Tecnologias e Processos Aplicados aos Aeroportos e Servi\u00e7os de Tr\u00e1fego A\u00e9reo"}]},{"@type":"WebSite","@id":"https:\/\/www.institutodeengenharia.org.br\/site\/#website","url":"https:\/\/www.institutodeengenharia.org.br\/site\/","name":"Instituto de Engenharia","description":"O Instituto de Engenharia promove a Engenharia em benef\u00edcio do desenvolvimento e da qualidade de vida da sociedade.","publisher":{"@id":"https:\/\/www.institutodeengenharia.org.br\/site\/#organization"},"potentialAction":[{"@type":"SearchAction","target":{"@type":"EntryPoint","urlTemplate":"https:\/\/www.institutodeengenharia.org.br\/site\/?s={search_term_string}"},"query-input":{"@type":"PropertyValueSpecification","valueRequired":true,"valueName":"search_term_string"}}],"inLanguage":"pt-BR"},{"@type":"Organization","@id":"https:\/\/www.institutodeengenharia.org.br\/site\/#organization","name":"Instituto de Engenharia","url":"https:\/\/www.institutodeengenharia.org.br\/site\/","logo":{"@type":"ImageObject","inLanguage":"pt-BR","@id":"https:\/\/www.institutodeengenharia.org.br\/site\/#\/schema\/logo\/image\/","url":"https:\/\/www.institutodeengenharia.org.br\/site\/wp-content\/uploads\/2019\/03\/logo-novo-IE2018-1.jpg","contentUrl":"https:\/\/www.institutodeengenharia.org.br\/site\/wp-content\/uploads\/2019\/03\/logo-novo-IE2018-1.jpg","width":1486,"height":1879,"caption":"Instituto de Engenharia"},"image":{"@id":"https:\/\/www.institutodeengenharia.org.br\/site\/#\/schema\/logo\/image\/"},"sameAs":["https:\/\/www.facebook.com\/institutodeengenharia","https:\/\/x.com\/iengenharia","https:\/\/www.instagram.com\/institutodeengenharia\/","https:\/\/www.linkedin.com\/company\/instituto-de-engenharia\/","https:\/\/www.youtube.com\/channel\/UCXiCAlsSMe977vamW915HxA"]},{"@type":"Person","@id":"https:\/\/www.institutodeengenharia.org.br\/site\/#\/schema\/person\/aeb64951c405e100d26d30b033dd423f","name":"Bianca","image":{"@type":"ImageObject","inLanguage":"pt-BR","@id":"https:\/\/secure.gravatar.com\/avatar\/a6fbe9bff57405baf4c1e2c5c1811e072b558253974a9f9508f4678900c97c2a?s=96&d=mm&r=g","url":"https:\/\/secure.gravatar.com\/avatar\/a6fbe9bff57405baf4c1e2c5c1811e072b558253974a9f9508f4678900c97c2a?s=96&d=mm&r=g","contentUrl":"https:\/\/secure.gravatar.com\/avatar\/a6fbe9bff57405baf4c1e2c5c1811e072b558253974a9f9508f4678900c97c2a?s=96&d=mm&r=g","caption":"Bianca"},"url":"https:\/\/www.institutodeengenharia.org.br\/site\/author\/comunicacao1\/"}]}},"_links":{"self":[{"href":"https:\/\/www.institutodeengenharia.org.br\/site\/wp-json\/wp\/v2\/posts\/82497","targetHints":{"allow":["GET"]}}],"collection":[{"href":"https:\/\/www.institutodeengenharia.org.br\/site\/wp-json\/wp\/v2\/posts"}],"about":[{"href":"https:\/\/www.institutodeengenharia.org.br\/site\/wp-json\/wp\/v2\/types\/post"}],"author":[{"embeddable":true,"href":"https:\/\/www.institutodeengenharia.org.br\/site\/wp-json\/wp\/v2\/users\/13"}],"replies":[{"embeddable":true,"href":"https:\/\/www.institutodeengenharia.org.br\/site\/wp-json\/wp\/v2\/comments?post=82497"}],"version-history":[{"count":1,"href":"https:\/\/www.institutodeengenharia.org.br\/site\/wp-json\/wp\/v2\/posts\/82497\/revisions"}],"predecessor-version":[{"id":82498,"href":"https:\/\/www.institutodeengenharia.org.br\/site\/wp-json\/wp\/v2\/posts\/82497\/revisions\/82498"}],"wp:featuredmedia":[{"embeddable":true,"href":"https:\/\/www.institutodeengenharia.org.br\/site\/wp-json\/wp\/v2\/media\/81945"}],"wp:attachment":[{"href":"https:\/\/www.institutodeengenharia.org.br\/site\/wp-json\/wp\/v2\/media?parent=82497"}],"wp:term":[{"taxonomy":"category","embeddable":true,"href":"https:\/\/www.institutodeengenharia.org.br\/site\/wp-json\/wp\/v2\/categories?post=82497"},{"taxonomy":"post_tag","embeddable":true,"href":"https:\/\/www.institutodeengenharia.org.br\/site\/wp-json\/wp\/v2\/tags?post=82497"}],"curies":[{"name":"wp","href":"https:\/\/api.w.org\/{rel}","templated":true}]}}