{"id":82152,"date":"2022-01-04T10:40:04","date_gmt":"2022-01-04T13:40:04","guid":{"rendered":"https:\/\/www.institutodeengenharia.org.br\/site\/?p=82152"},"modified":"2022-01-04T10:51:00","modified_gmt":"2022-01-04T13:51:00","slug":"qual-e-o-futuro-da-engenharia-nas-metropoles-antigas","status":"publish","type":"post","link":"https:\/\/www.institutodeengenharia.org.br\/site\/2022\/01\/04\/qual-e-o-futuro-da-engenharia-nas-metropoles-antigas\/","title":{"rendered":"Qual \u00e9 o futuro da engenharia nas metr\u00f3poles antigas?"},"content":{"rendered":"<p><strong>Assista abaixo \u00e0 grava\u00e7\u00e3o do evento:<\/strong><\/p>\n<p><iframe loading=\"lazy\" src=\"https:\/\/player.vimeo.com\/video\/567443747\" width=\"640\" height=\"564\" frameborder=\"0\" allowfullscreen=\"allowfullscreen\"><\/iframe><\/p>\n<p><strong>+ Informa\u00e7\u00f5es:\u00a0<\/strong><\/p>\n<p>Retrofit \u00e9 o termo \u00e9 utilizado na engenharia e arquitetura para definir o desenvolvimento de moderniza\u00e7\u00e3o de algum equipamento, edif\u00edcio ou estrutura que \u00e9 considerado antigo, inutilizado ou que tem uma tecnologia ultrapassada, pode ser considerado um\u00a0<strong>processo de revitaliza\u00e7\u00e3o<\/strong>\u00a0que eleva a vida \u00fatil de um determinado\u00a0im\u00f3vel, preservando a sua forma essencial, \u00e9 um processo sustent\u00e1vel, muito utilizado no mercado em projetos, constru\u00e7\u00f5es e inova\u00e7\u00f5es tecnol\u00f3gicas.<\/p>\n<p>O Retrofit surgiu para solucionar\u00a0<strong>obst\u00e1culos em estruturas, edif\u00edcios e equipamentos ultrapassados ou em condi\u00e7\u00f5es inadequadas<\/strong>\u00a0para utiliza\u00e7\u00e3o, proporcionando melhoras tecnol\u00f3gicas e estruturais, corrigindo distor\u00e7\u00f5es acumuladas com o tempo, adicionando um tempo de vida extra, bem como, preservando o patrim\u00f4nio hist\u00f3rico ou sua estrutura b\u00e1sica.<\/p>\n<p>Neste evento ser\u00e1 apresentado quais s\u00e3o os principais pontos que devem ser analisados, para essa a\u00e7\u00e3o.<\/p>\n<p><strong>P\u00fablico-alvo:<\/strong><\/p>\n<p>Engenheiros, arquitetos e estudantes que atuam na \u00e1rea da constru\u00e7\u00e3o civil.<\/p>\n<p><strong>Formato:<\/strong><\/p>\n<p>Webinar \u2013 Bate-papo com especialistas via Zoom<\/p>\n<p>Para termos um bate papo din\u00e2mico, a moderadora far\u00e1 perguntas ao palestrante. Assim, o tema ser\u00e1 claramente exposto aos participantes.<\/p>\n<p>No final as perguntas ser\u00e3o abertas aos presentes.<\/p>\n<p><strong>Palestrantes:<\/strong><\/p>\n<p><img loading=\"lazy\" decoding=\"async\" class=\"alignnone wp-image-81453 td-animation-stack-type0-2\" src=\"https:\/\/www.institutodeengenharia.org.br\/site\/wp-content\/uploads\/2021\/06\/brunolopes.png\" alt=\"\" width=\"136\" height=\"135\" srcset=\"https:\/\/www.institutodeengenharia.org.br\/site\/wp-content\/uploads\/2021\/06\/brunolopes.png 105w, https:\/\/www.institutodeengenharia.org.br\/site\/wp-content\/uploads\/2021\/06\/brunolopes-100x100.png 100w\" sizes=\"auto, (max-width: 136px) 100vw, 136px\" \/><\/p>\n<p><strong>Eng. Bruno Giachini Colangelo Lopes Pinto \u2013 Engenheiro Civil\u00a0<\/strong><\/p>\n<p>Engenheiro Civil \u2013 Universidade Presbiteriana Mackenzie<\/p>\n<p>P\u00f3s-gradua\u00e7\u00e3o em Log\u00edstica Empresarial \u2013 Universidade de S\u00e3o Paulo \/ Funda\u00e7\u00e3o Vanzolini (USP)<\/p>\n<p>P\u00f3s-gradua\u00e7\u00e3o Internacional em Administra\u00e7\u00e3o de Empresas \u2013 Funda\u00e7\u00e3o Get\u00falio Vargas (FGV) em parceria com a Universidade da Calif\u00f3rnia San Diego (UCSD)<\/p>\n<p>Experi\u00eancia Profissional<\/p>\n<p>*Liderativa \u2013 Fundador propriet\u00e1rio \u2013 Empresa focada em Engenharia Condominial especializada em valoriza\u00e7\u00e3o imobili\u00e1ria, moderniza\u00e7\u00e3o, retrofit, obras e reformas, assim como em gest\u00e3o operacional condominial.<\/p>\n<p>Prediativa \u2013 Gerente Predial e Coordenador de Obras<\/p>\n<p>*F.Reis \u2013 Engenheiro Civil de Produ\u00e7\u00e3o<\/p>\n<p>*Camargo Correa \u2013 Diretoria de Suporte Operacional \u2013 Gerencia de Propostas<\/p>\n<p><img loading=\"lazy\" decoding=\"async\" class=\"alignnone wp-image-81454 td-animation-stack-type0-2\" src=\"https:\/\/www.institutodeengenharia.org.br\/site\/wp-content\/uploads\/2021\/06\/TALINNACANDIDO.jpg\" alt=\"\" width=\"164\" height=\"184\" srcset=\"https:\/\/www.institutodeengenharia.org.br\/site\/wp-content\/uploads\/2021\/06\/TALINNACANDIDO.jpg 283w, https:\/\/www.institutodeengenharia.org.br\/site\/wp-content\/uploads\/2021\/06\/TALINNACANDIDO-268x300.jpg 268w\" sizes=\"auto, (max-width: 164px) 100vw, 164px\" \/><\/p>\n<p><strong>Eng.\u00aa Talinna C\u00e2ndido \u2013 Engenheira Civil\u00a0<\/strong><\/p>\n<p>Engenheiro Civil \u2013 Universidade Nove de Julho<\/p>\n<p>Experi\u00eancia Profissional<br \/>\nLicencia J\u00e1 \u2013 Fundadora propriet\u00e1ria \u2013 Empresa focada em Projetos de Preven\u00e7\u00e3o e Combate a inc\u00eandio, renova\u00e7\u00f5es e emiss\u00f5es de AVCB e CLCB e Licenciamentos<br \/>\nEspa\u00e7o e Produto Solu\u00e7\u00f5es em Arquitetura \u2013 Projetos em geral e licenciamentos<br \/>\nUono Sanchez Engenharia \u2013 Avalia\u00e7\u00e3o e Per\u00edcia de im\u00f3veis<br \/>\nLiderativa \u2013 Gest\u00e3o de im\u00f3veis e ativos imobili\u00e1rios<\/p>\n<p><strong>Realiza\u00e7\u00e3o:<\/strong><\/p>\n<p><strong>Eng. Ivan Metran Whately<\/strong>\u00a0\u2013 Vice-Presidente de Atividades T\u00e9cnicas<\/p>\n<p><strong>Eng.\u00aa D\u00e9bora Sanches de A. Marinello<\/strong>\u00a0\u2013 Diretora do Departamento de Engenharia de Produ\u00e7\u00e3o<\/p>\n<p><strong>Eng.\u00aa Stella Marys Della Flora<\/strong>\u00a0\u2013 Coordenadora da Divis\u00e3o T\u00e9cnica de Patologia das Constru\u00e7\u00f5es<\/p>\n<p><strong>COMET<\/strong>\u00a0\u2013 Comit\u00ea das Mulheres na Engenharia e Tecnologia<\/p>\n<p><strong>Apoio Institucional:<\/strong><\/p>\n<p><img loading=\"lazy\" decoding=\"async\" class=\"alignnone wp-image-77696 td-animation-stack-type0-2\" src=\"https:\/\/www.institutodeengenharia.org.br\/site\/wp-content\/uploads\/2021\/02\/crea.jpg\" alt=\"\" width=\"143\" height=\"101\" srcset=\"https:\/\/www.institutodeengenharia.org.br\/site\/wp-content\/uploads\/2021\/02\/crea.jpg 448w, https:\/\/www.institutodeengenharia.org.br\/site\/wp-content\/uploads\/2021\/02\/crea-300x211.jpg 300w, https:\/\/www.institutodeengenharia.org.br\/site\/wp-content\/uploads\/2021\/02\/crea-100x70.jpg 100w\" sizes=\"auto, (max-width: 143px) 100vw, 143px\" \/><\/p>\n<p><strong>Apoio \u00e0 forma\u00e7\u00e3o:\u00a0<\/strong><\/p>\n<p>Espa\u00e7o aberto ao CREA-SP, objetivando o aperfei\u00e7oamento dos profissionais e o aprimoramento da fiscaliza\u00e7\u00e3o das \u00e1reas abrangidas pelo Sistema Confea\/CREAs, al\u00e9m de promover a conscientiza\u00e7\u00e3o da sociedade quanto \u00e0 necessidade e obrigatoriedade de contratar um profissional devidamente habilitado.<\/p>\n<p>&nbsp;<\/p>\n","protected":false},"excerpt":{"rendered":"<p>Assista abaixo \u00e0 grava\u00e7\u00e3o do evento: + Informa\u00e7\u00f5es:\u00a0 Retrofit \u00e9 o termo \u00e9 utilizado na engenharia e arquitetura para definir o desenvolvimento de moderniza\u00e7\u00e3o de algum equipamento, edif\u00edcio ou estrutura que \u00e9 considerado antigo, inutilizado ou que tem uma tecnologia ultrapassada, pode ser considerado um\u00a0processo de revitaliza\u00e7\u00e3o\u00a0que eleva a vida \u00fatil de um determinado\u00a0im\u00f3vel, preservando [&hellip;]<\/p>\n","protected":false},"author":13,"featured_media":81626,"comment_status":"open","ping_status":"open","sticky":false,"template":"","format":"video","meta":{"footnotes":""},"categories":[46,12,968,969],"tags":[1176],"class_list":{"0":"post-82152","1":"post","2":"type-post","3":"status-publish","4":"format-video","5":"has-post-thumbnail","7":"category-departamento-desenvolvimento-de-gestao-e-objetivos","8":"category-divisoes-tecnicas","9":"category-nova-tv-engenharia","10":"category-palestra","11":"tag-video-home","12":"post_format-post-format-video"},"yoast_head":"<!-- This site is optimized with the Yoast SEO plugin v27.2 - https:\/\/yoast.com\/product\/yoast-seo-wordpress\/ -->\n<title>Qual \u00e9 o futuro da engenharia nas metr\u00f3poles antigas? - Instituto de Engenharia<\/title>\n<meta name=\"robots\" content=\"index, follow, max-snippet:-1, max-image-preview:large, max-video-preview:-1\" \/>\n<link rel=\"canonical\" href=\"https:\/\/www.institutodeengenharia.org.br\/site\/2022\/01\/04\/qual-e-o-futuro-da-engenharia-nas-metropoles-antigas\/\" \/>\n<meta property=\"og:locale\" content=\"pt_BR\" \/>\n<meta property=\"og:type\" content=\"article\" \/>\n<meta property=\"og:title\" content=\"Qual \u00e9 o futuro da engenharia nas metr\u00f3poles antigas?\" \/>\n<meta property=\"og:description\" content=\"Assista abaixo \u00e0 grava\u00e7\u00e3o do evento\" \/>\n<meta property=\"og:url\" content=\"https:\/\/www.institutodeengenharia.org.br\/site\/2022\/01\/04\/qual-e-o-futuro-da-engenharia-nas-metropoles-antigas\/\" \/>\n<meta property=\"og:site_name\" content=\"Instituto de Engenharia\" \/>\n<meta property=\"article:publisher\" content=\"https:\/\/www.facebook.com\/institutodeengenharia\" \/>\n<meta property=\"article:published_time\" content=\"2022-01-04T13:40:04+00:00\" \/>\n<meta property=\"article:modified_time\" content=\"2022-01-04T13:51:00+00:00\" \/>\n<meta property=\"og:image\" content=\"https:\/\/www.institutodeengenharia.org.br\/site\/wp-content\/uploads\/2019\/08\/tv_engenharia.jpg\" \/>\n\t<meta property=\"og:image:width\" content=\"1280\" \/>\n\t<meta property=\"og:image:height\" content=\"853\" \/>\n\t<meta property=\"og:image:type\" content=\"image\/jpeg\" \/>\n<meta name=\"author\" content=\"Bianca\" \/>\n<meta name=\"twitter:card\" content=\"summary_large_image\" \/>\n<meta name=\"twitter:title\" content=\"Qual \u00e9 o futuro da engenharia nas metr\u00f3poles antigas?\" \/>\n<meta name=\"twitter:description\" content=\"Assista abaixo \u00e0 grava\u00e7\u00e3o do evento:\" \/>\n<meta name=\"twitter:image\" content=\"https:\/\/www.institutodeengenharia.org.br\/site\/wp-content\/uploads\/2019\/08\/tv_engenharia.jpg\" \/>\n<meta name=\"twitter:creator\" content=\"@iengenharia\" \/>\n<meta name=\"twitter:site\" content=\"@iengenharia\" \/>\n<meta name=\"twitter:label1\" content=\"Escrito por\" \/>\n\t<meta name=\"twitter:data1\" content=\"Bianca\" \/>\n\t<meta name=\"twitter:label2\" content=\"Est. tempo de leitura\" \/>\n\t<meta name=\"twitter:data2\" content=\"3 minutos\" \/>\n<script type=\"application\/ld+json\" class=\"yoast-schema-graph\">{\"@context\":\"https:\/\/schema.org\",\"@graph\":[{\"@type\":\"Article\",\"@id\":\"https:\/\/www.institutodeengenharia.org.br\/site\/2022\/01\/04\/qual-e-o-futuro-da-engenharia-nas-metropoles-antigas\/#article\",\"isPartOf\":{\"@id\":\"https:\/\/www.institutodeengenharia.org.br\/site\/2022\/01\/04\/qual-e-o-futuro-da-engenharia-nas-metropoles-antigas\/\"},\"author\":{\"name\":\"Bianca\",\"@id\":\"https:\/\/www.institutodeengenharia.org.br\/site\/#\/schema\/person\/aeb64951c405e100d26d30b033dd423f\"},\"headline\":\"Qual \u00e9 o futuro da engenharia nas metr\u00f3poles antigas?\",\"datePublished\":\"2022-01-04T13:40:04+00:00\",\"dateModified\":\"2022-01-04T13:51:00+00:00\",\"mainEntityOfPage\":{\"@id\":\"https:\/\/www.institutodeengenharia.org.br\/site\/2022\/01\/04\/qual-e-o-futuro-da-engenharia-nas-metropoles-antigas\/\"},\"wordCount\":498,\"commentCount\":0,\"publisher\":{\"@id\":\"https:\/\/www.institutodeengenharia.org.br\/site\/#organization\"},\"image\":{\"@id\":\"https:\/\/www.institutodeengenharia.org.br\/site\/2022\/01\/04\/qual-e-o-futuro-da-engenharia-nas-metropoles-antigas\/#primaryimage\"},\"thumbnailUrl\":\"https:\/\/www.institutodeengenharia.org.br\/site\/wp-content\/uploads\/2021\/06\/hard-hat-4274430_1920-1-1.webp\",\"keywords\":[\"video-home\"],\"articleSection\":[\"Departamento Desenvolvimento de Gest\u00e3o e Objetivos\",\"Divis\u00f5es T\u00e9cnicas\",\"Nova TV Engenharia\",\"Palestra\"],\"inLanguage\":\"pt-BR\",\"potentialAction\":[{\"@type\":\"CommentAction\",\"name\":\"Comment\",\"target\":[\"https:\/\/www.institutodeengenharia.org.br\/site\/2022\/01\/04\/qual-e-o-futuro-da-engenharia-nas-metropoles-antigas\/#respond\"]}]},{\"@type\":\"WebPage\",\"@id\":\"https:\/\/www.institutodeengenharia.org.br\/site\/2022\/01\/04\/qual-e-o-futuro-da-engenharia-nas-metropoles-antigas\/\",\"url\":\"https:\/\/www.institutodeengenharia.org.br\/site\/2022\/01\/04\/qual-e-o-futuro-da-engenharia-nas-metropoles-antigas\/\",\"name\":\"Qual \u00e9 o futuro da engenharia nas metr\u00f3poles antigas? - Instituto de Engenharia\",\"isPartOf\":{\"@id\":\"https:\/\/www.institutodeengenharia.org.br\/site\/#website\"},\"primaryImageOfPage\":{\"@id\":\"https:\/\/www.institutodeengenharia.org.br\/site\/2022\/01\/04\/qual-e-o-futuro-da-engenharia-nas-metropoles-antigas\/#primaryimage\"},\"image\":{\"@id\":\"https:\/\/www.institutodeengenharia.org.br\/site\/2022\/01\/04\/qual-e-o-futuro-da-engenharia-nas-metropoles-antigas\/#primaryimage\"},\"thumbnailUrl\":\"https:\/\/www.institutodeengenharia.org.br\/site\/wp-content\/uploads\/2021\/06\/hard-hat-4274430_1920-1-1.webp\",\"datePublished\":\"2022-01-04T13:40:04+00:00\",\"dateModified\":\"2022-01-04T13:51:00+00:00\",\"breadcrumb\":{\"@id\":\"https:\/\/www.institutodeengenharia.org.br\/site\/2022\/01\/04\/qual-e-o-futuro-da-engenharia-nas-metropoles-antigas\/#breadcrumb\"},\"inLanguage\":\"pt-BR\",\"potentialAction\":[{\"@type\":\"ReadAction\",\"target\":[\"https:\/\/www.institutodeengenharia.org.br\/site\/2022\/01\/04\/qual-e-o-futuro-da-engenharia-nas-metropoles-antigas\/\"]}]},{\"@type\":\"ImageObject\",\"inLanguage\":\"pt-BR\",\"@id\":\"https:\/\/www.institutodeengenharia.org.br\/site\/2022\/01\/04\/qual-e-o-futuro-da-engenharia-nas-metropoles-antigas\/#primaryimage\",\"url\":\"https:\/\/www.institutodeengenharia.org.br\/site\/wp-content\/uploads\/2021\/06\/hard-hat-4274430_1920-1-1.webp\",\"contentUrl\":\"https:\/\/www.institutodeengenharia.org.br\/site\/wp-content\/uploads\/2021\/06\/hard-hat-4274430_1920-1-1.webp\",\"width\":1200,\"height\":475},{\"@type\":\"BreadcrumbList\",\"@id\":\"https:\/\/www.institutodeengenharia.org.br\/site\/2022\/01\/04\/qual-e-o-futuro-da-engenharia-nas-metropoles-antigas\/#breadcrumb\",\"itemListElement\":[{\"@type\":\"ListItem\",\"position\":1,\"name\":\"In\u00edcio\",\"item\":\"https:\/\/www.institutodeengenharia.org.br\/site\/\"},{\"@type\":\"ListItem\",\"position\":2,\"name\":\"Qual \u00e9 o futuro da engenharia nas metr\u00f3poles antigas?\"}]},{\"@type\":\"WebSite\",\"@id\":\"https:\/\/www.institutodeengenharia.org.br\/site\/#website\",\"url\":\"https:\/\/www.institutodeengenharia.org.br\/site\/\",\"name\":\"Instituto de Engenharia\",\"description\":\"O Instituto de Engenharia promove a Engenharia em benef\u00edcio do desenvolvimento e da qualidade de vida da sociedade.\",\"publisher\":{\"@id\":\"https:\/\/www.institutodeengenharia.org.br\/site\/#organization\"},\"potentialAction\":[{\"@type\":\"SearchAction\",\"target\":{\"@type\":\"EntryPoint\",\"urlTemplate\":\"https:\/\/www.institutodeengenharia.org.br\/site\/?s={search_term_string}\"},\"query-input\":{\"@type\":\"PropertyValueSpecification\",\"valueRequired\":true,\"valueName\":\"search_term_string\"}}],\"inLanguage\":\"pt-BR\"},{\"@type\":\"Organization\",\"@id\":\"https:\/\/www.institutodeengenharia.org.br\/site\/#organization\",\"name\":\"Instituto de Engenharia\",\"url\":\"https:\/\/www.institutodeengenharia.org.br\/site\/\",\"logo\":{\"@type\":\"ImageObject\",\"inLanguage\":\"pt-BR\",\"@id\":\"https:\/\/www.institutodeengenharia.org.br\/site\/#\/schema\/logo\/image\/\",\"url\":\"https:\/\/www.institutodeengenharia.org.br\/site\/wp-content\/uploads\/2019\/03\/logo-novo-IE2018-1.jpg\",\"contentUrl\":\"https:\/\/www.institutodeengenharia.org.br\/site\/wp-content\/uploads\/2019\/03\/logo-novo-IE2018-1.jpg\",\"width\":1486,\"height\":1879,\"caption\":\"Instituto de Engenharia\"},\"image\":{\"@id\":\"https:\/\/www.institutodeengenharia.org.br\/site\/#\/schema\/logo\/image\/\"},\"sameAs\":[\"https:\/\/www.facebook.com\/institutodeengenharia\",\"https:\/\/x.com\/iengenharia\",\"https:\/\/www.instagram.com\/institutodeengenharia\/\",\"https:\/\/www.linkedin.com\/company\/instituto-de-engenharia\/\",\"https:\/\/www.youtube.com\/channel\/UCXiCAlsSMe977vamW915HxA\"]},{\"@type\":\"Person\",\"@id\":\"https:\/\/www.institutodeengenharia.org.br\/site\/#\/schema\/person\/aeb64951c405e100d26d30b033dd423f\",\"name\":\"Bianca\",\"image\":{\"@type\":\"ImageObject\",\"inLanguage\":\"pt-BR\",\"@id\":\"https:\/\/secure.gravatar.com\/avatar\/a6fbe9bff57405baf4c1e2c5c1811e072b558253974a9f9508f4678900c97c2a?s=96&d=mm&r=g\",\"url\":\"https:\/\/secure.gravatar.com\/avatar\/a6fbe9bff57405baf4c1e2c5c1811e072b558253974a9f9508f4678900c97c2a?s=96&d=mm&r=g\",\"contentUrl\":\"https:\/\/secure.gravatar.com\/avatar\/a6fbe9bff57405baf4c1e2c5c1811e072b558253974a9f9508f4678900c97c2a?s=96&d=mm&r=g\",\"caption\":\"Bianca\"},\"url\":\"https:\/\/www.institutodeengenharia.org.br\/site\/author\/comunicacao1\/\"}]}<\/script>\n<!-- \/ Yoast SEO plugin. -->","yoast_head_json":{"title":"Qual \u00e9 o futuro da engenharia nas metr\u00f3poles antigas? - Instituto de Engenharia","robots":{"index":"index","follow":"follow","max-snippet":"max-snippet:-1","max-image-preview":"max-image-preview:large","max-video-preview":"max-video-preview:-1"},"canonical":"https:\/\/www.institutodeengenharia.org.br\/site\/2022\/01\/04\/qual-e-o-futuro-da-engenharia-nas-metropoles-antigas\/","og_locale":"pt_BR","og_type":"article","og_title":"Qual \u00e9 o futuro da engenharia nas metr\u00f3poles antigas?","og_description":"Assista abaixo \u00e0 grava\u00e7\u00e3o do evento","og_url":"https:\/\/www.institutodeengenharia.org.br\/site\/2022\/01\/04\/qual-e-o-futuro-da-engenharia-nas-metropoles-antigas\/","og_site_name":"Instituto de Engenharia","article_publisher":"https:\/\/www.facebook.com\/institutodeengenharia","article_published_time":"2022-01-04T13:40:04+00:00","article_modified_time":"2022-01-04T13:51:00+00:00","og_image":[{"width":1280,"height":853,"url":"https:\/\/www.institutodeengenharia.org.br\/site\/wp-content\/uploads\/2019\/08\/tv_engenharia.jpg","type":"image\/jpeg"}],"author":"Bianca","twitter_card":"summary_large_image","twitter_title":"Qual \u00e9 o futuro da engenharia nas metr\u00f3poles antigas?","twitter_description":"Assista abaixo \u00e0 grava\u00e7\u00e3o do evento:","twitter_image":"https:\/\/www.institutodeengenharia.org.br\/site\/wp-content\/uploads\/2019\/08\/tv_engenharia.jpg","twitter_creator":"@iengenharia","twitter_site":"@iengenharia","twitter_misc":{"Escrito por":"Bianca","Est. tempo de leitura":"3 minutos"},"schema":{"@context":"https:\/\/schema.org","@graph":[{"@type":"Article","@id":"https:\/\/www.institutodeengenharia.org.br\/site\/2022\/01\/04\/qual-e-o-futuro-da-engenharia-nas-metropoles-antigas\/#article","isPartOf":{"@id":"https:\/\/www.institutodeengenharia.org.br\/site\/2022\/01\/04\/qual-e-o-futuro-da-engenharia-nas-metropoles-antigas\/"},"author":{"name":"Bianca","@id":"https:\/\/www.institutodeengenharia.org.br\/site\/#\/schema\/person\/aeb64951c405e100d26d30b033dd423f"},"headline":"Qual \u00e9 o futuro da engenharia nas metr\u00f3poles antigas?","datePublished":"2022-01-04T13:40:04+00:00","dateModified":"2022-01-04T13:51:00+00:00","mainEntityOfPage":{"@id":"https:\/\/www.institutodeengenharia.org.br\/site\/2022\/01\/04\/qual-e-o-futuro-da-engenharia-nas-metropoles-antigas\/"},"wordCount":498,"commentCount":0,"publisher":{"@id":"https:\/\/www.institutodeengenharia.org.br\/site\/#organization"},"image":{"@id":"https:\/\/www.institutodeengenharia.org.br\/site\/2022\/01\/04\/qual-e-o-futuro-da-engenharia-nas-metropoles-antigas\/#primaryimage"},"thumbnailUrl":"https:\/\/www.institutodeengenharia.org.br\/site\/wp-content\/uploads\/2021\/06\/hard-hat-4274430_1920-1-1.webp","keywords":["video-home"],"articleSection":["Departamento Desenvolvimento de Gest\u00e3o e Objetivos","Divis\u00f5es T\u00e9cnicas","Nova TV Engenharia","Palestra"],"inLanguage":"pt-BR","potentialAction":[{"@type":"CommentAction","name":"Comment","target":["https:\/\/www.institutodeengenharia.org.br\/site\/2022\/01\/04\/qual-e-o-futuro-da-engenharia-nas-metropoles-antigas\/#respond"]}]},{"@type":"WebPage","@id":"https:\/\/www.institutodeengenharia.org.br\/site\/2022\/01\/04\/qual-e-o-futuro-da-engenharia-nas-metropoles-antigas\/","url":"https:\/\/www.institutodeengenharia.org.br\/site\/2022\/01\/04\/qual-e-o-futuro-da-engenharia-nas-metropoles-antigas\/","name":"Qual \u00e9 o futuro da engenharia nas metr\u00f3poles antigas? - Instituto de Engenharia","isPartOf":{"@id":"https:\/\/www.institutodeengenharia.org.br\/site\/#website"},"primaryImageOfPage":{"@id":"https:\/\/www.institutodeengenharia.org.br\/site\/2022\/01\/04\/qual-e-o-futuro-da-engenharia-nas-metropoles-antigas\/#primaryimage"},"image":{"@id":"https:\/\/www.institutodeengenharia.org.br\/site\/2022\/01\/04\/qual-e-o-futuro-da-engenharia-nas-metropoles-antigas\/#primaryimage"},"thumbnailUrl":"https:\/\/www.institutodeengenharia.org.br\/site\/wp-content\/uploads\/2021\/06\/hard-hat-4274430_1920-1-1.webp","datePublished":"2022-01-04T13:40:04+00:00","dateModified":"2022-01-04T13:51:00+00:00","breadcrumb":{"@id":"https:\/\/www.institutodeengenharia.org.br\/site\/2022\/01\/04\/qual-e-o-futuro-da-engenharia-nas-metropoles-antigas\/#breadcrumb"},"inLanguage":"pt-BR","potentialAction":[{"@type":"ReadAction","target":["https:\/\/www.institutodeengenharia.org.br\/site\/2022\/01\/04\/qual-e-o-futuro-da-engenharia-nas-metropoles-antigas\/"]}]},{"@type":"ImageObject","inLanguage":"pt-BR","@id":"https:\/\/www.institutodeengenharia.org.br\/site\/2022\/01\/04\/qual-e-o-futuro-da-engenharia-nas-metropoles-antigas\/#primaryimage","url":"https:\/\/www.institutodeengenharia.org.br\/site\/wp-content\/uploads\/2021\/06\/hard-hat-4274430_1920-1-1.webp","contentUrl":"https:\/\/www.institutodeengenharia.org.br\/site\/wp-content\/uploads\/2021\/06\/hard-hat-4274430_1920-1-1.webp","width":1200,"height":475},{"@type":"BreadcrumbList","@id":"https:\/\/www.institutodeengenharia.org.br\/site\/2022\/01\/04\/qual-e-o-futuro-da-engenharia-nas-metropoles-antigas\/#breadcrumb","itemListElement":[{"@type":"ListItem","position":1,"name":"In\u00edcio","item":"https:\/\/www.institutodeengenharia.org.br\/site\/"},{"@type":"ListItem","position":2,"name":"Qual \u00e9 o futuro da engenharia nas metr\u00f3poles antigas?"}]},{"@type":"WebSite","@id":"https:\/\/www.institutodeengenharia.org.br\/site\/#website","url":"https:\/\/www.institutodeengenharia.org.br\/site\/","name":"Instituto de Engenharia","description":"O Instituto de Engenharia promove a Engenharia em benef\u00edcio do desenvolvimento e da qualidade de vida da sociedade.","publisher":{"@id":"https:\/\/www.institutodeengenharia.org.br\/site\/#organization"},"potentialAction":[{"@type":"SearchAction","target":{"@type":"EntryPoint","urlTemplate":"https:\/\/www.institutodeengenharia.org.br\/site\/?s={search_term_string}"},"query-input":{"@type":"PropertyValueSpecification","valueRequired":true,"valueName":"search_term_string"}}],"inLanguage":"pt-BR"},{"@type":"Organization","@id":"https:\/\/www.institutodeengenharia.org.br\/site\/#organization","name":"Instituto de Engenharia","url":"https:\/\/www.institutodeengenharia.org.br\/site\/","logo":{"@type":"ImageObject","inLanguage":"pt-BR","@id":"https:\/\/www.institutodeengenharia.org.br\/site\/#\/schema\/logo\/image\/","url":"https:\/\/www.institutodeengenharia.org.br\/site\/wp-content\/uploads\/2019\/03\/logo-novo-IE2018-1.jpg","contentUrl":"https:\/\/www.institutodeengenharia.org.br\/site\/wp-content\/uploads\/2019\/03\/logo-novo-IE2018-1.jpg","width":1486,"height":1879,"caption":"Instituto de Engenharia"},"image":{"@id":"https:\/\/www.institutodeengenharia.org.br\/site\/#\/schema\/logo\/image\/"},"sameAs":["https:\/\/www.facebook.com\/institutodeengenharia","https:\/\/x.com\/iengenharia","https:\/\/www.instagram.com\/institutodeengenharia\/","https:\/\/www.linkedin.com\/company\/instituto-de-engenharia\/","https:\/\/www.youtube.com\/channel\/UCXiCAlsSMe977vamW915HxA"]},{"@type":"Person","@id":"https:\/\/www.institutodeengenharia.org.br\/site\/#\/schema\/person\/aeb64951c405e100d26d30b033dd423f","name":"Bianca","image":{"@type":"ImageObject","inLanguage":"pt-BR","@id":"https:\/\/secure.gravatar.com\/avatar\/a6fbe9bff57405baf4c1e2c5c1811e072b558253974a9f9508f4678900c97c2a?s=96&d=mm&r=g","url":"https:\/\/secure.gravatar.com\/avatar\/a6fbe9bff57405baf4c1e2c5c1811e072b558253974a9f9508f4678900c97c2a?s=96&d=mm&r=g","contentUrl":"https:\/\/secure.gravatar.com\/avatar\/a6fbe9bff57405baf4c1e2c5c1811e072b558253974a9f9508f4678900c97c2a?s=96&d=mm&r=g","caption":"Bianca"},"url":"https:\/\/www.institutodeengenharia.org.br\/site\/author\/comunicacao1\/"}]}},"_links":{"self":[{"href":"https:\/\/www.institutodeengenharia.org.br\/site\/wp-json\/wp\/v2\/posts\/82152","targetHints":{"allow":["GET"]}}],"collection":[{"href":"https:\/\/www.institutodeengenharia.org.br\/site\/wp-json\/wp\/v2\/posts"}],"about":[{"href":"https:\/\/www.institutodeengenharia.org.br\/site\/wp-json\/wp\/v2\/types\/post"}],"author":[{"embeddable":true,"href":"https:\/\/www.institutodeengenharia.org.br\/site\/wp-json\/wp\/v2\/users\/13"}],"replies":[{"embeddable":true,"href":"https:\/\/www.institutodeengenharia.org.br\/site\/wp-json\/wp\/v2\/comments?post=82152"}],"version-history":[{"count":2,"href":"https:\/\/www.institutodeengenharia.org.br\/site\/wp-json\/wp\/v2\/posts\/82152\/revisions"}],"predecessor-version":[{"id":87462,"href":"https:\/\/www.institutodeengenharia.org.br\/site\/wp-json\/wp\/v2\/posts\/82152\/revisions\/87462"}],"wp:featuredmedia":[{"embeddable":true,"href":"https:\/\/www.institutodeengenharia.org.br\/site\/wp-json\/wp\/v2\/media\/81626"}],"wp:attachment":[{"href":"https:\/\/www.institutodeengenharia.org.br\/site\/wp-json\/wp\/v2\/media?parent=82152"}],"wp:term":[{"taxonomy":"category","embeddable":true,"href":"https:\/\/www.institutodeengenharia.org.br\/site\/wp-json\/wp\/v2\/categories?post=82152"},{"taxonomy":"post_tag","embeddable":true,"href":"https:\/\/www.institutodeengenharia.org.br\/site\/wp-json\/wp\/v2\/tags?post=82152"}],"curies":[{"name":"wp","href":"https:\/\/api.w.org\/{rel}","templated":true}]}}