{"id":81985,"date":"2021-06-21T12:05:22","date_gmt":"2021-06-21T15:05:22","guid":{"rendered":"https:\/\/www.institutodeengenharia.org.br\/site\/?p=81985"},"modified":"2021-06-23T12:05:56","modified_gmt":"2021-06-23T15:05:56","slug":"ie-talks-estruturas-tarifarias-com-subsidios-cruzadas-internos-em-servicos-de-agua-e-esgoto","status":"publish","type":"post","link":"https:\/\/www.institutodeengenharia.org.br\/site\/2021\/06\/21\/ie-talks-estruturas-tarifarias-com-subsidios-cruzadas-internos-em-servicos-de-agua-e-esgoto\/","title":{"rendered":"IE Talks: Estruturas tarif\u00e1rias com subs\u00eddios cruzadas internos em servi\u00e7os de \u00e1gua e esgoto"},"content":{"rendered":"<p><strong>Assista abaixo \u00e0 grava\u00e7\u00e3o do evento:<\/strong><\/p>\n<p><iframe loading=\"lazy\" src=\"https:\/\/player.vimeo.com\/video\/566366904\" width=\"640\" height=\"360\" frameborder=\"0\" allowfullscreen=\"allowfullscreen\"><\/iframe><\/p>\n<p><strong>+ Informa\u00e7\u00f5es:\u00a0<\/strong><\/p>\n<p>Experi\u00eancias e Desafios: Um papo com Diretores Regionais.<\/p>\n<p><strong>P\u00fablico-alvo:<\/strong><\/p>\n<p>Engenheiros, arquitetos, t\u00e9cnicos, estudantes e demais interessados.<\/p>\n<p><strong>Palestrante:<\/strong><\/p>\n<p><img loading=\"lazy\" decoding=\"async\" class=\"alignnone wp-image-81584 td-animation-stack-type0-2\" src=\"https:\/\/www.institutodeengenharia.org.br\/site\/wp-content\/uploads\/2021\/06\/miguel.png\" alt=\"\" width=\"121\" height=\"159\" \/><\/p>\n<p><strong>Miguel Fern\u00e1ndez i Fern\u00e1ndez \u2013 Diretor do Instituto de Engenharia para o Estado do Rio de Janeiro<\/strong><\/p>\n<p>Bacharel em Engenharia Civil pela Universidade Federal do Rio de Janeiro\u00a0 (UFRJ),\u00a0 especializa\u00e7\u00e3o em engenharia hidr\u00e1ulica e saneamento, p\u00f3s-gradua\u00e7\u00e3o pelo Instituto de Hidrologia de Madrid. Possui experi\u00eancia em projetos de saneamento, tendo atuado no Brasil, Uruguai, Chile, Peru, Equador, Bol\u00edvia, Ar\u00e1bia Saudita, Argentina, Angola, L\u00edbia, Paraguai e Rep.Dominicana. Fundou as empresas AQUACON e HIDROQU\u00cdMICA Enga. e Laborat\u00f3riso Ltda. Atuou na Montreal Engenharia S.A., Encibra S.A. Engenheiros Consultores, Sabesp, IESA, Tecnosolo, Engeconsult, DHI \u2013 Danish Hidraulic Institute e como consultor na ANA \u2013 Agencia Nacional de \u00c1guas. Conselheiro por diversos mandatos na ABES Associa\u00e7\u00e3o Brasileira de Eng\u00aa. Sanit\u00e1ria e Ambiental, do Clube de Engenharia do Rio de Janeiro, \u00e9 filiado \u00e0 AWWA (American Water Works Association) desde 1972. Foi bolsista do USIS \u2013 United States Information Service e professor de Hidr\u00e1ulica no curso de Engenharia Civil da PUC-Rio. Co-autor da 8\u00aa edi\u00e7\u00e3o do livro MANUAL DE HIDR\u00c1ULICA, Azevedo e Fern\u00e1ndez e autor da 9\u00aa edi\u00e7\u00e3o. Autor de diversos artigos, trabalhos e apostilas t\u00e9cnicas e cr\u00f4nicas publicadas a maioria sobre \u201ccausos\u201d e folclore da engenharia e dos engenheiros. Miguel \u00e9 o Diretor do Instituto de Engenharia para o Estado do Rio de Janeiro.<\/p>\n<p><strong>Convidado:<\/strong><\/p>\n<p><img loading=\"lazy\" decoding=\"async\" class=\"alignnone wp-image-77746 td-animation-stack-type0-2\" src=\"https:\/\/www.institutodeengenharia.org.br\/site\/wp-content\/uploads\/2021\/02\/Vinicius-Silva-Caruso.jpg\" alt=\"\" width=\"134\" height=\"180\" srcset=\"https:\/\/www.institutodeengenharia.org.br\/site\/wp-content\/uploads\/2021\/02\/Vinicius-Silva-Caruso.jpg 1809w, https:\/\/www.institutodeengenharia.org.br\/site\/wp-content\/uploads\/2021\/02\/Vinicius-Silva-Caruso-225x300.jpg 225w, https:\/\/www.institutodeengenharia.org.br\/site\/wp-content\/uploads\/2021\/02\/Vinicius-Silva-Caruso-766x1024.jpg 766w, https:\/\/www.institutodeengenharia.org.br\/site\/wp-content\/uploads\/2021\/02\/Vinicius-Silva-Caruso-768x1026.jpg 768w, https:\/\/www.institutodeengenharia.org.br\/site\/wp-content\/uploads\/2021\/02\/Vinicius-Silva-Caruso-1150x1536.jpg 1150w, https:\/\/www.institutodeengenharia.org.br\/site\/wp-content\/uploads\/2021\/02\/Vinicius-Silva-Caruso-1533x2048.jpg 1533w, https:\/\/www.institutodeengenharia.org.br\/site\/wp-content\/uploads\/2021\/02\/Vinicius-Silva-Caruso-696x930.jpg 696w, https:\/\/www.institutodeengenharia.org.br\/site\/wp-content\/uploads\/2021\/02\/Vinicius-Silva-Caruso-1068x1427.jpg 1068w, https:\/\/www.institutodeengenharia.org.br\/site\/wp-content\/uploads\/2021\/02\/Vinicius-Silva-Caruso-314x420.jpg 314w, https:\/\/www.institutodeengenharia.org.br\/site\/wp-content\/uploads\/2021\/02\/Vinicius-Silva-Caruso-600x802.jpg 600w\" sizes=\"auto, (max-width: 134px) 100vw, 134px\" \/><\/p>\n<p><strong>Vinicius Caruso \u2013 Bacharel em Engenharia Civil pela Escola de Engenharia da Universidade Presbiteriana Mackenzie<\/strong><\/p>\n<p>Bacharel em Engenharia Civil pela Escola de Engenharia da Universidade Presbiteriana Mackenzie, mestrado em Engenharia Civil, com \u00eanfase em recursos h\u00eddricos\/hidr\u00e1ulica, na FEC-UNICAMP. Atuou participando das obras de duplica\u00e7\u00e3o da Rod. R\u00e9gis Bittencourt (BR-116) no trecho da Serra do Cafezal e da transposi\u00e7\u00e3o da Bacia do Rio Itapanha\u00fa para o Sistema Produtor Alto Tiet\u00ea. \u00c9 associado do Instituto Brasileiro do Concreto (IBRACON) onde coordenou o concurso t\u00e9cnico \u201cOusadia\u201d e do \u201cSemin\u00e1rio sobre o Ensino de Eng. Civil\u201d. Foi membro da delega\u00e7\u00e3o brasileira da \u201cThe Youth Assembly 2018 Winter\u201d, realizada na sede da Organiza\u00e7\u00e3o das Na\u00e7\u00f5es Unidas (ONU), em Nova York, EUA. Atua em engenharia consultiva e de projetos, no saneamento b\u00e1sico (\u00e1gua, esgotos e drenagem urbana) e em obras hidr\u00e1ulicas e \u00e9 o coordenador do Comit\u00ea T\u00e9cnico (CT) IBRACON de Aplica\u00e7\u00f5es do Concreto para Obras de Saneamento B\u00e1sico. No Instituto de Engenharia (IE), foi assessor da Vice-Presid\u00eancia de Rela\u00e7\u00f5es Externas, assessor da Divis\u00e3o de Estruturas e \u00e9 integrante no Comit\u00ea de Indicadores Econ\u00f4micos e Tecnol\u00f3gicos do Movimento \u201cBrasil Constru\u00e7\u00e3o 4.0\u201d, iniciativa conjunta do IE com a ABEMI, o SINICON e a Deloitte.<\/p>\n<p><strong>Realiza\u00e7\u00e3o:<\/strong><\/p>\n<p><strong>Eng. Ricardo Kenzo Motomatsu<\/strong>\u00a0\u2013 Vice-Presidente de Rela\u00e7\u00f5es Externas<\/p>\n<p><strong>Apoio Institucional:<\/strong><\/p>\n<p><img loading=\"lazy\" decoding=\"async\" class=\"alignnone wp-image-77696 td-animation-stack-type0-2\" src=\"https:\/\/www.institutodeengenharia.org.br\/site\/wp-content\/uploads\/2021\/02\/crea.jpg\" alt=\"\" width=\"154\" height=\"108\" srcset=\"https:\/\/www.institutodeengenharia.org.br\/site\/wp-content\/uploads\/2021\/02\/crea.jpg 448w, https:\/\/www.institutodeengenharia.org.br\/site\/wp-content\/uploads\/2021\/02\/crea-300x211.jpg 300w, https:\/\/www.institutodeengenharia.org.br\/site\/wp-content\/uploads\/2021\/02\/crea-100x70.jpg 100w\" sizes=\"auto, (max-width: 154px) 100vw, 154px\" \/><\/p>\n<p><strong>Apoio \u00e0 forma\u00e7\u00e3o:\u00a0<\/strong><\/p>\n<p>Espa\u00e7o aberto ao CREA-SP, objetivando o aperfei\u00e7oamento dos profissionais e o aprimoramento da fiscaliza\u00e7\u00e3o das \u00e1reas abrangidas pelo Sistema Confea\/CREAs, al\u00e9m de promover a conscientiza\u00e7\u00e3o da sociedade quanto \u00e0 necessidade e obrigatoriedade de contratar um profissional devidamente habilitado.<\/p>\n<p>&nbsp;<\/p>\n","protected":false},"excerpt":{"rendered":"<p>Assista abaixo \u00e0 grava\u00e7\u00e3o do evento: + Informa\u00e7\u00f5es:\u00a0 Experi\u00eancias e Desafios: Um papo com Diretores Regionais. P\u00fablico-alvo: Engenheiros, arquitetos, t\u00e9cnicos, estudantes e demais interessados. Palestrante: Miguel Fern\u00e1ndez i Fern\u00e1ndez \u2013 Diretor do Instituto de Engenharia para o Estado do Rio de Janeiro Bacharel em Engenharia Civil pela Universidade Federal do Rio de Janeiro\u00a0 (UFRJ),\u00a0 especializa\u00e7\u00e3o [&hellip;]<\/p>\n","protected":false},"author":13,"featured_media":81855,"comment_status":"open","ping_status":"open","sticky":false,"template":"","format":"standard","meta":{"footnotes":""},"categories":[968,969],"tags":[],"class_list":{"0":"post-81985","1":"post","2":"type-post","3":"status-publish","4":"format-standard","5":"has-post-thumbnail","7":"category-nova-tv-engenharia","8":"category-palestra"},"yoast_head":"<!-- This site is optimized with the Yoast SEO plugin v27.2 - https:\/\/yoast.com\/product\/yoast-seo-wordpress\/ -->\n<title>IE Talks: Estruturas tarif\u00e1rias com subs\u00eddios cruzadas internos em servi\u00e7os de \u00e1gua e esgoto - Instituto de Engenharia<\/title>\n<meta name=\"robots\" content=\"index, follow, max-snippet:-1, max-image-preview:large, max-video-preview:-1\" \/>\n<link rel=\"canonical\" href=\"https:\/\/www.institutodeengenharia.org.br\/site\/2021\/06\/21\/ie-talks-estruturas-tarifarias-com-subsidios-cruzadas-internos-em-servicos-de-agua-e-esgoto\/\" \/>\n<meta property=\"og:locale\" content=\"pt_BR\" \/>\n<meta property=\"og:type\" content=\"article\" \/>\n<meta property=\"og:title\" content=\"IE Talks: Estruturas tarif\u00e1rias com subs\u00eddios cruzadas internos em servi\u00e7os de \u00e1gua e esgoto\" \/>\n<meta property=\"og:description\" content=\"Assista abaixo \u00e0 grava\u00e7\u00e3o do evento\" \/>\n<meta property=\"og:url\" content=\"https:\/\/www.institutodeengenharia.org.br\/site\/2021\/06\/21\/ie-talks-estruturas-tarifarias-com-subsidios-cruzadas-internos-em-servicos-de-agua-e-esgoto\/\" \/>\n<meta property=\"og:site_name\" content=\"Instituto de Engenharia\" \/>\n<meta property=\"article:publisher\" content=\"https:\/\/www.facebook.com\/institutodeengenharia\" \/>\n<meta property=\"article:published_time\" content=\"2021-06-21T15:05:22+00:00\" \/>\n<meta property=\"article:modified_time\" content=\"2021-06-23T15:05:56+00:00\" \/>\n<meta property=\"og:image\" content=\"https:\/\/www.institutodeengenharia.org.br\/site\/wp-content\/uploads\/2019\/08\/tv_engenharia.jpg\" \/>\n\t<meta property=\"og:image:width\" content=\"1280\" \/>\n\t<meta property=\"og:image:height\" content=\"853\" \/>\n\t<meta property=\"og:image:type\" content=\"image\/jpeg\" \/>\n<meta name=\"author\" content=\"Bianca\" \/>\n<meta name=\"twitter:card\" content=\"summary_large_image\" \/>\n<meta name=\"twitter:title\" content=\"IE Talks: Estruturas tarif\u00e1rias com subs\u00eddios cruzadas internos em servi\u00e7os de \u00e1gua e esgoto\" \/>\n<meta name=\"twitter:description\" content=\"Assista abaixo \u00e0 grava\u00e7\u00e3o do evento:\" \/>\n<meta name=\"twitter:image\" content=\"https:\/\/www.institutodeengenharia.org.br\/site\/wp-content\/uploads\/2019\/08\/tv_engenharia.jpg\" \/>\n<meta name=\"twitter:creator\" content=\"@iengenharia\" \/>\n<meta name=\"twitter:site\" content=\"@iengenharia\" \/>\n<meta name=\"twitter:label1\" content=\"Escrito por\" \/>\n\t<meta name=\"twitter:data1\" content=\"Bianca\" \/>\n\t<meta name=\"twitter:label2\" content=\"Est. tempo de leitura\" \/>\n\t<meta name=\"twitter:data2\" content=\"3 minutos\" \/>\n<script type=\"application\/ld+json\" class=\"yoast-schema-graph\">{\"@context\":\"https:\/\/schema.org\",\"@graph\":[{\"@type\":\"Article\",\"@id\":\"https:\/\/www.institutodeengenharia.org.br\/site\/2021\/06\/21\/ie-talks-estruturas-tarifarias-com-subsidios-cruzadas-internos-em-servicos-de-agua-e-esgoto\/#article\",\"isPartOf\":{\"@id\":\"https:\/\/www.institutodeengenharia.org.br\/site\/2021\/06\/21\/ie-talks-estruturas-tarifarias-com-subsidios-cruzadas-internos-em-servicos-de-agua-e-esgoto\/\"},\"author\":{\"name\":\"Bianca\",\"@id\":\"https:\/\/www.institutodeengenharia.org.br\/site\/#\/schema\/person\/aeb64951c405e100d26d30b033dd423f\"},\"headline\":\"IE Talks: Estruturas tarif\u00e1rias com subs\u00eddios cruzadas internos em servi\u00e7os de \u00e1gua e esgoto\",\"datePublished\":\"2021-06-21T15:05:22+00:00\",\"dateModified\":\"2021-06-23T15:05:56+00:00\",\"mainEntityOfPage\":{\"@id\":\"https:\/\/www.institutodeengenharia.org.br\/site\/2021\/06\/21\/ie-talks-estruturas-tarifarias-com-subsidios-cruzadas-internos-em-servicos-de-agua-e-esgoto\/\"},\"wordCount\":541,\"commentCount\":0,\"publisher\":{\"@id\":\"https:\/\/www.institutodeengenharia.org.br\/site\/#organization\"},\"image\":{\"@id\":\"https:\/\/www.institutodeengenharia.org.br\/site\/2021\/06\/21\/ie-talks-estruturas-tarifarias-com-subsidios-cruzadas-internos-em-servicos-de-agua-e-esgoto\/#primaryimage\"},\"thumbnailUrl\":\"https:\/\/www.institutodeengenharia.org.br\/site\/wp-content\/uploads\/2021\/06\/gullideckel-3987120_1920-3.webp\",\"articleSection\":[\"Nova TV Engenharia\",\"Palestra\"],\"inLanguage\":\"pt-BR\",\"potentialAction\":[{\"@type\":\"CommentAction\",\"name\":\"Comment\",\"target\":[\"https:\/\/www.institutodeengenharia.org.br\/site\/2021\/06\/21\/ie-talks-estruturas-tarifarias-com-subsidios-cruzadas-internos-em-servicos-de-agua-e-esgoto\/#respond\"]}]},{\"@type\":\"WebPage\",\"@id\":\"https:\/\/www.institutodeengenharia.org.br\/site\/2021\/06\/21\/ie-talks-estruturas-tarifarias-com-subsidios-cruzadas-internos-em-servicos-de-agua-e-esgoto\/\",\"url\":\"https:\/\/www.institutodeengenharia.org.br\/site\/2021\/06\/21\/ie-talks-estruturas-tarifarias-com-subsidios-cruzadas-internos-em-servicos-de-agua-e-esgoto\/\",\"name\":\"IE Talks: Estruturas tarif\u00e1rias com subs\u00eddios cruzadas internos em servi\u00e7os de \u00e1gua e esgoto - Instituto de Engenharia\",\"isPartOf\":{\"@id\":\"https:\/\/www.institutodeengenharia.org.br\/site\/#website\"},\"primaryImageOfPage\":{\"@id\":\"https:\/\/www.institutodeengenharia.org.br\/site\/2021\/06\/21\/ie-talks-estruturas-tarifarias-com-subsidios-cruzadas-internos-em-servicos-de-agua-e-esgoto\/#primaryimage\"},\"image\":{\"@id\":\"https:\/\/www.institutodeengenharia.org.br\/site\/2021\/06\/21\/ie-talks-estruturas-tarifarias-com-subsidios-cruzadas-internos-em-servicos-de-agua-e-esgoto\/#primaryimage\"},\"thumbnailUrl\":\"https:\/\/www.institutodeengenharia.org.br\/site\/wp-content\/uploads\/2021\/06\/gullideckel-3987120_1920-3.webp\",\"datePublished\":\"2021-06-21T15:05:22+00:00\",\"dateModified\":\"2021-06-23T15:05:56+00:00\",\"breadcrumb\":{\"@id\":\"https:\/\/www.institutodeengenharia.org.br\/site\/2021\/06\/21\/ie-talks-estruturas-tarifarias-com-subsidios-cruzadas-internos-em-servicos-de-agua-e-esgoto\/#breadcrumb\"},\"inLanguage\":\"pt-BR\",\"potentialAction\":[{\"@type\":\"ReadAction\",\"target\":[\"https:\/\/www.institutodeengenharia.org.br\/site\/2021\/06\/21\/ie-talks-estruturas-tarifarias-com-subsidios-cruzadas-internos-em-servicos-de-agua-e-esgoto\/\"]}]},{\"@type\":\"ImageObject\",\"inLanguage\":\"pt-BR\",\"@id\":\"https:\/\/www.institutodeengenharia.org.br\/site\/2021\/06\/21\/ie-talks-estruturas-tarifarias-com-subsidios-cruzadas-internos-em-servicos-de-agua-e-esgoto\/#primaryimage\",\"url\":\"https:\/\/www.institutodeengenharia.org.br\/site\/wp-content\/uploads\/2021\/06\/gullideckel-3987120_1920-3.webp\",\"contentUrl\":\"https:\/\/www.institutodeengenharia.org.br\/site\/wp-content\/uploads\/2021\/06\/gullideckel-3987120_1920-3.webp\",\"width\":1000,\"height\":544},{\"@type\":\"BreadcrumbList\",\"@id\":\"https:\/\/www.institutodeengenharia.org.br\/site\/2021\/06\/21\/ie-talks-estruturas-tarifarias-com-subsidios-cruzadas-internos-em-servicos-de-agua-e-esgoto\/#breadcrumb\",\"itemListElement\":[{\"@type\":\"ListItem\",\"position\":1,\"name\":\"In\u00edcio\",\"item\":\"https:\/\/www.institutodeengenharia.org.br\/site\/\"},{\"@type\":\"ListItem\",\"position\":2,\"name\":\"IE Talks: Estruturas tarif\u00e1rias com subs\u00eddios cruzadas internos em servi\u00e7os de \u00e1gua e esgoto\"}]},{\"@type\":\"WebSite\",\"@id\":\"https:\/\/www.institutodeengenharia.org.br\/site\/#website\",\"url\":\"https:\/\/www.institutodeengenharia.org.br\/site\/\",\"name\":\"Instituto de Engenharia\",\"description\":\"O Instituto de Engenharia promove a Engenharia em benef\u00edcio do desenvolvimento e da qualidade de vida da sociedade.\",\"publisher\":{\"@id\":\"https:\/\/www.institutodeengenharia.org.br\/site\/#organization\"},\"potentialAction\":[{\"@type\":\"SearchAction\",\"target\":{\"@type\":\"EntryPoint\",\"urlTemplate\":\"https:\/\/www.institutodeengenharia.org.br\/site\/?s={search_term_string}\"},\"query-input\":{\"@type\":\"PropertyValueSpecification\",\"valueRequired\":true,\"valueName\":\"search_term_string\"}}],\"inLanguage\":\"pt-BR\"},{\"@type\":\"Organization\",\"@id\":\"https:\/\/www.institutodeengenharia.org.br\/site\/#organization\",\"name\":\"Instituto de Engenharia\",\"url\":\"https:\/\/www.institutodeengenharia.org.br\/site\/\",\"logo\":{\"@type\":\"ImageObject\",\"inLanguage\":\"pt-BR\",\"@id\":\"https:\/\/www.institutodeengenharia.org.br\/site\/#\/schema\/logo\/image\/\",\"url\":\"https:\/\/www.institutodeengenharia.org.br\/site\/wp-content\/uploads\/2019\/03\/logo-novo-IE2018-1.jpg\",\"contentUrl\":\"https:\/\/www.institutodeengenharia.org.br\/site\/wp-content\/uploads\/2019\/03\/logo-novo-IE2018-1.jpg\",\"width\":1486,\"height\":1879,\"caption\":\"Instituto de Engenharia\"},\"image\":{\"@id\":\"https:\/\/www.institutodeengenharia.org.br\/site\/#\/schema\/logo\/image\/\"},\"sameAs\":[\"https:\/\/www.facebook.com\/institutodeengenharia\",\"https:\/\/x.com\/iengenharia\",\"https:\/\/www.instagram.com\/institutodeengenharia\/\",\"https:\/\/www.linkedin.com\/company\/instituto-de-engenharia\/\",\"https:\/\/www.youtube.com\/channel\/UCXiCAlsSMe977vamW915HxA\"]},{\"@type\":\"Person\",\"@id\":\"https:\/\/www.institutodeengenharia.org.br\/site\/#\/schema\/person\/aeb64951c405e100d26d30b033dd423f\",\"name\":\"Bianca\",\"image\":{\"@type\":\"ImageObject\",\"inLanguage\":\"pt-BR\",\"@id\":\"https:\/\/secure.gravatar.com\/avatar\/a6fbe9bff57405baf4c1e2c5c1811e072b558253974a9f9508f4678900c97c2a?s=96&d=mm&r=g\",\"url\":\"https:\/\/secure.gravatar.com\/avatar\/a6fbe9bff57405baf4c1e2c5c1811e072b558253974a9f9508f4678900c97c2a?s=96&d=mm&r=g\",\"contentUrl\":\"https:\/\/secure.gravatar.com\/avatar\/a6fbe9bff57405baf4c1e2c5c1811e072b558253974a9f9508f4678900c97c2a?s=96&d=mm&r=g\",\"caption\":\"Bianca\"},\"url\":\"https:\/\/www.institutodeengenharia.org.br\/site\/author\/comunicacao1\/\"}]}<\/script>\n<!-- \/ Yoast SEO plugin. -->","yoast_head_json":{"title":"IE Talks: Estruturas tarif\u00e1rias com subs\u00eddios cruzadas internos em servi\u00e7os de \u00e1gua e esgoto - Instituto de Engenharia","robots":{"index":"index","follow":"follow","max-snippet":"max-snippet:-1","max-image-preview":"max-image-preview:large","max-video-preview":"max-video-preview:-1"},"canonical":"https:\/\/www.institutodeengenharia.org.br\/site\/2021\/06\/21\/ie-talks-estruturas-tarifarias-com-subsidios-cruzadas-internos-em-servicos-de-agua-e-esgoto\/","og_locale":"pt_BR","og_type":"article","og_title":"IE Talks: Estruturas tarif\u00e1rias com subs\u00eddios cruzadas internos em servi\u00e7os de \u00e1gua e esgoto","og_description":"Assista abaixo \u00e0 grava\u00e7\u00e3o do evento","og_url":"https:\/\/www.institutodeengenharia.org.br\/site\/2021\/06\/21\/ie-talks-estruturas-tarifarias-com-subsidios-cruzadas-internos-em-servicos-de-agua-e-esgoto\/","og_site_name":"Instituto de Engenharia","article_publisher":"https:\/\/www.facebook.com\/institutodeengenharia","article_published_time":"2021-06-21T15:05:22+00:00","article_modified_time":"2021-06-23T15:05:56+00:00","og_image":[{"width":1280,"height":853,"url":"https:\/\/www.institutodeengenharia.org.br\/site\/wp-content\/uploads\/2019\/08\/tv_engenharia.jpg","type":"image\/jpeg"}],"author":"Bianca","twitter_card":"summary_large_image","twitter_title":"IE Talks: Estruturas tarif\u00e1rias com subs\u00eddios cruzadas internos em servi\u00e7os de \u00e1gua e esgoto","twitter_description":"Assista abaixo \u00e0 grava\u00e7\u00e3o do evento:","twitter_image":"https:\/\/www.institutodeengenharia.org.br\/site\/wp-content\/uploads\/2019\/08\/tv_engenharia.jpg","twitter_creator":"@iengenharia","twitter_site":"@iengenharia","twitter_misc":{"Escrito por":"Bianca","Est. tempo de leitura":"3 minutos"},"schema":{"@context":"https:\/\/schema.org","@graph":[{"@type":"Article","@id":"https:\/\/www.institutodeengenharia.org.br\/site\/2021\/06\/21\/ie-talks-estruturas-tarifarias-com-subsidios-cruzadas-internos-em-servicos-de-agua-e-esgoto\/#article","isPartOf":{"@id":"https:\/\/www.institutodeengenharia.org.br\/site\/2021\/06\/21\/ie-talks-estruturas-tarifarias-com-subsidios-cruzadas-internos-em-servicos-de-agua-e-esgoto\/"},"author":{"name":"Bianca","@id":"https:\/\/www.institutodeengenharia.org.br\/site\/#\/schema\/person\/aeb64951c405e100d26d30b033dd423f"},"headline":"IE Talks: Estruturas tarif\u00e1rias com subs\u00eddios cruzadas internos em servi\u00e7os de \u00e1gua e esgoto","datePublished":"2021-06-21T15:05:22+00:00","dateModified":"2021-06-23T15:05:56+00:00","mainEntityOfPage":{"@id":"https:\/\/www.institutodeengenharia.org.br\/site\/2021\/06\/21\/ie-talks-estruturas-tarifarias-com-subsidios-cruzadas-internos-em-servicos-de-agua-e-esgoto\/"},"wordCount":541,"commentCount":0,"publisher":{"@id":"https:\/\/www.institutodeengenharia.org.br\/site\/#organization"},"image":{"@id":"https:\/\/www.institutodeengenharia.org.br\/site\/2021\/06\/21\/ie-talks-estruturas-tarifarias-com-subsidios-cruzadas-internos-em-servicos-de-agua-e-esgoto\/#primaryimage"},"thumbnailUrl":"https:\/\/www.institutodeengenharia.org.br\/site\/wp-content\/uploads\/2021\/06\/gullideckel-3987120_1920-3.webp","articleSection":["Nova TV Engenharia","Palestra"],"inLanguage":"pt-BR","potentialAction":[{"@type":"CommentAction","name":"Comment","target":["https:\/\/www.institutodeengenharia.org.br\/site\/2021\/06\/21\/ie-talks-estruturas-tarifarias-com-subsidios-cruzadas-internos-em-servicos-de-agua-e-esgoto\/#respond"]}]},{"@type":"WebPage","@id":"https:\/\/www.institutodeengenharia.org.br\/site\/2021\/06\/21\/ie-talks-estruturas-tarifarias-com-subsidios-cruzadas-internos-em-servicos-de-agua-e-esgoto\/","url":"https:\/\/www.institutodeengenharia.org.br\/site\/2021\/06\/21\/ie-talks-estruturas-tarifarias-com-subsidios-cruzadas-internos-em-servicos-de-agua-e-esgoto\/","name":"IE Talks: Estruturas tarif\u00e1rias com subs\u00eddios cruzadas internos em servi\u00e7os de \u00e1gua e esgoto - Instituto de Engenharia","isPartOf":{"@id":"https:\/\/www.institutodeengenharia.org.br\/site\/#website"},"primaryImageOfPage":{"@id":"https:\/\/www.institutodeengenharia.org.br\/site\/2021\/06\/21\/ie-talks-estruturas-tarifarias-com-subsidios-cruzadas-internos-em-servicos-de-agua-e-esgoto\/#primaryimage"},"image":{"@id":"https:\/\/www.institutodeengenharia.org.br\/site\/2021\/06\/21\/ie-talks-estruturas-tarifarias-com-subsidios-cruzadas-internos-em-servicos-de-agua-e-esgoto\/#primaryimage"},"thumbnailUrl":"https:\/\/www.institutodeengenharia.org.br\/site\/wp-content\/uploads\/2021\/06\/gullideckel-3987120_1920-3.webp","datePublished":"2021-06-21T15:05:22+00:00","dateModified":"2021-06-23T15:05:56+00:00","breadcrumb":{"@id":"https:\/\/www.institutodeengenharia.org.br\/site\/2021\/06\/21\/ie-talks-estruturas-tarifarias-com-subsidios-cruzadas-internos-em-servicos-de-agua-e-esgoto\/#breadcrumb"},"inLanguage":"pt-BR","potentialAction":[{"@type":"ReadAction","target":["https:\/\/www.institutodeengenharia.org.br\/site\/2021\/06\/21\/ie-talks-estruturas-tarifarias-com-subsidios-cruzadas-internos-em-servicos-de-agua-e-esgoto\/"]}]},{"@type":"ImageObject","inLanguage":"pt-BR","@id":"https:\/\/www.institutodeengenharia.org.br\/site\/2021\/06\/21\/ie-talks-estruturas-tarifarias-com-subsidios-cruzadas-internos-em-servicos-de-agua-e-esgoto\/#primaryimage","url":"https:\/\/www.institutodeengenharia.org.br\/site\/wp-content\/uploads\/2021\/06\/gullideckel-3987120_1920-3.webp","contentUrl":"https:\/\/www.institutodeengenharia.org.br\/site\/wp-content\/uploads\/2021\/06\/gullideckel-3987120_1920-3.webp","width":1000,"height":544},{"@type":"BreadcrumbList","@id":"https:\/\/www.institutodeengenharia.org.br\/site\/2021\/06\/21\/ie-talks-estruturas-tarifarias-com-subsidios-cruzadas-internos-em-servicos-de-agua-e-esgoto\/#breadcrumb","itemListElement":[{"@type":"ListItem","position":1,"name":"In\u00edcio","item":"https:\/\/www.institutodeengenharia.org.br\/site\/"},{"@type":"ListItem","position":2,"name":"IE Talks: Estruturas tarif\u00e1rias com subs\u00eddios cruzadas internos em servi\u00e7os de \u00e1gua e esgoto"}]},{"@type":"WebSite","@id":"https:\/\/www.institutodeengenharia.org.br\/site\/#website","url":"https:\/\/www.institutodeengenharia.org.br\/site\/","name":"Instituto de Engenharia","description":"O Instituto de Engenharia promove a Engenharia em benef\u00edcio do desenvolvimento e da qualidade de vida da sociedade.","publisher":{"@id":"https:\/\/www.institutodeengenharia.org.br\/site\/#organization"},"potentialAction":[{"@type":"SearchAction","target":{"@type":"EntryPoint","urlTemplate":"https:\/\/www.institutodeengenharia.org.br\/site\/?s={search_term_string}"},"query-input":{"@type":"PropertyValueSpecification","valueRequired":true,"valueName":"search_term_string"}}],"inLanguage":"pt-BR"},{"@type":"Organization","@id":"https:\/\/www.institutodeengenharia.org.br\/site\/#organization","name":"Instituto de Engenharia","url":"https:\/\/www.institutodeengenharia.org.br\/site\/","logo":{"@type":"ImageObject","inLanguage":"pt-BR","@id":"https:\/\/www.institutodeengenharia.org.br\/site\/#\/schema\/logo\/image\/","url":"https:\/\/www.institutodeengenharia.org.br\/site\/wp-content\/uploads\/2019\/03\/logo-novo-IE2018-1.jpg","contentUrl":"https:\/\/www.institutodeengenharia.org.br\/site\/wp-content\/uploads\/2019\/03\/logo-novo-IE2018-1.jpg","width":1486,"height":1879,"caption":"Instituto de Engenharia"},"image":{"@id":"https:\/\/www.institutodeengenharia.org.br\/site\/#\/schema\/logo\/image\/"},"sameAs":["https:\/\/www.facebook.com\/institutodeengenharia","https:\/\/x.com\/iengenharia","https:\/\/www.instagram.com\/institutodeengenharia\/","https:\/\/www.linkedin.com\/company\/instituto-de-engenharia\/","https:\/\/www.youtube.com\/channel\/UCXiCAlsSMe977vamW915HxA"]},{"@type":"Person","@id":"https:\/\/www.institutodeengenharia.org.br\/site\/#\/schema\/person\/aeb64951c405e100d26d30b033dd423f","name":"Bianca","image":{"@type":"ImageObject","inLanguage":"pt-BR","@id":"https:\/\/secure.gravatar.com\/avatar\/a6fbe9bff57405baf4c1e2c5c1811e072b558253974a9f9508f4678900c97c2a?s=96&d=mm&r=g","url":"https:\/\/secure.gravatar.com\/avatar\/a6fbe9bff57405baf4c1e2c5c1811e072b558253974a9f9508f4678900c97c2a?s=96&d=mm&r=g","contentUrl":"https:\/\/secure.gravatar.com\/avatar\/a6fbe9bff57405baf4c1e2c5c1811e072b558253974a9f9508f4678900c97c2a?s=96&d=mm&r=g","caption":"Bianca"},"url":"https:\/\/www.institutodeengenharia.org.br\/site\/author\/comunicacao1\/"}]}},"_links":{"self":[{"href":"https:\/\/www.institutodeengenharia.org.br\/site\/wp-json\/wp\/v2\/posts\/81985","targetHints":{"allow":["GET"]}}],"collection":[{"href":"https:\/\/www.institutodeengenharia.org.br\/site\/wp-json\/wp\/v2\/posts"}],"about":[{"href":"https:\/\/www.institutodeengenharia.org.br\/site\/wp-json\/wp\/v2\/types\/post"}],"author":[{"embeddable":true,"href":"https:\/\/www.institutodeengenharia.org.br\/site\/wp-json\/wp\/v2\/users\/13"}],"replies":[{"embeddable":true,"href":"https:\/\/www.institutodeengenharia.org.br\/site\/wp-json\/wp\/v2\/comments?post=81985"}],"version-history":[{"count":1,"href":"https:\/\/www.institutodeengenharia.org.br\/site\/wp-json\/wp\/v2\/posts\/81985\/revisions"}],"predecessor-version":[{"id":81986,"href":"https:\/\/www.institutodeengenharia.org.br\/site\/wp-json\/wp\/v2\/posts\/81985\/revisions\/81986"}],"wp:featuredmedia":[{"embeddable":true,"href":"https:\/\/www.institutodeengenharia.org.br\/site\/wp-json\/wp\/v2\/media\/81855"}],"wp:attachment":[{"href":"https:\/\/www.institutodeengenharia.org.br\/site\/wp-json\/wp\/v2\/media?parent=81985"}],"wp:term":[{"taxonomy":"category","embeddable":true,"href":"https:\/\/www.institutodeengenharia.org.br\/site\/wp-json\/wp\/v2\/categories?post=81985"},{"taxonomy":"post_tag","embeddable":true,"href":"https:\/\/www.institutodeengenharia.org.br\/site\/wp-json\/wp\/v2\/tags?post=81985"}],"curies":[{"name":"wp","href":"https:\/\/api.w.org\/{rel}","templated":true}]}}