{"id":81885,"date":"2021-06-17T13:00:00","date_gmt":"2021-06-17T16:00:00","guid":{"rendered":"https:\/\/www.institutodeengenharia.org.br\/site\/?p=81885"},"modified":"2021-06-18T13:00:18","modified_gmt":"2021-06-18T16:00:18","slug":"manutencao-e-instrumentacao-de-tuneis","status":"publish","type":"post","link":"https:\/\/www.institutodeengenharia.org.br\/site\/2021\/06\/17\/manutencao-e-instrumentacao-de-tuneis\/","title":{"rendered":"Manuten\u00e7\u00e3o e Instrumenta\u00e7\u00e3o de t\u00faneis"},"content":{"rendered":"<p><strong>Assista abaixo \u00e0 grava\u00e7\u00e3o do evento:<\/strong><\/p>\n<p><iframe loading=\"lazy\" src=\"https:\/\/player.vimeo.com\/video\/564131817\" width=\"640\" height=\"564\" frameborder=\"0\" allowfullscreen=\"allowfullscreen\"><\/iframe><\/p>\n<p><strong>+ Informa\u00e7\u00f5es:\u00a0<\/strong><\/p>\n<p>\u2022 Bacia de recalques;<br \/>\n\u2022 Tipos de instrumentos;<br \/>\n\u2022 Grandezas a serem monitoradas;<br \/>\n\u2022 Instrumenta\u00e7\u00e3o externa;<br \/>\n\u2022 Instrumenta\u00e7\u00e3o Interna;<br \/>\n\u2022 An\u00e1lise dos dados: execu\u00e7\u00e3o e opera\u00e7\u00e3o;<\/p>\n<p><strong>P\u00fablico-alvo:<\/strong><\/p>\n<p>Engenheiros, arquitetos, t\u00e9cnicos, estudantes e demais interessados.<\/p>\n<p><strong>Palestrantes:<\/strong><\/p>\n<p><img loading=\"lazy\" decoding=\"async\" class=\"alignnone wp-image-77629 td-animation-stack-type0-2\" src=\"https:\/\/www.institutodeengenharia.org.br\/site\/wp-content\/uploads\/2021\/02\/Roberto-Kochen.jpg\" alt=\"\" width=\"137\" height=\"169\" srcset=\"https:\/\/www.institutodeengenharia.org.br\/site\/wp-content\/uploads\/2021\/02\/Roberto-Kochen.jpg 1941w, https:\/\/www.institutodeengenharia.org.br\/site\/wp-content\/uploads\/2021\/02\/Roberto-Kochen-244x300.jpg 244w, https:\/\/www.institutodeengenharia.org.br\/site\/wp-content\/uploads\/2021\/02\/Roberto-Kochen-832x1024.jpg 832w, https:\/\/www.institutodeengenharia.org.br\/site\/wp-content\/uploads\/2021\/02\/Roberto-Kochen-768x945.jpg 768w, https:\/\/www.institutodeengenharia.org.br\/site\/wp-content\/uploads\/2021\/02\/Roberto-Kochen-1248x1536.jpg 1248w, https:\/\/www.institutodeengenharia.org.br\/site\/wp-content\/uploads\/2021\/02\/Roberto-Kochen-1664x2048.jpg 1664w, https:\/\/www.institutodeengenharia.org.br\/site\/wp-content\/uploads\/2021\/02\/Roberto-Kochen-324x400.jpg 324w, https:\/\/www.institutodeengenharia.org.br\/site\/wp-content\/uploads\/2021\/02\/Roberto-Kochen-696x857.jpg 696w, https:\/\/www.institutodeengenharia.org.br\/site\/wp-content\/uploads\/2021\/02\/Roberto-Kochen-1068x1315.jpg 1068w, https:\/\/www.institutodeengenharia.org.br\/site\/wp-content\/uploads\/2021\/02\/Roberto-Kochen-1920x2363.jpg 1920w, https:\/\/www.institutodeengenharia.org.br\/site\/wp-content\/uploads\/2021\/02\/Roberto-Kochen-341x420.jpg 341w, https:\/\/www.institutodeengenharia.org.br\/site\/wp-content\/uploads\/2021\/02\/Roberto-Kochen-600x738.jpg 600w\" sizes=\"auto, (max-width: 137px) 100vw, 137px\" \/><\/p>\n<p><strong>Eng. Roberto Kochen \u2013 Diretor do Departamento de Engenharia do Habitat e Infraestrutura do IE<\/strong><\/p>\n<p>PhD, Diretor t\u00e9cnico e Engenheiro Civil especializado com mais de 40 anos de experi\u00eancia em Geotecnia, Barragens, Escava\u00e7\u00f5es Subterr\u00e2neas, Conten\u00e7\u00f5es e Meio Ambiente (Aterros Sanit\u00e1rios, Res\u00edduos S\u00f3lidos e Contamina\u00e7\u00e3o do Subsolo). Atuando em escrit\u00f3rio pr\u00f3prio, elaborando projetos e prestando servi\u00e7os de consultoria.<br \/>\nDestaque para projetos para o Metr\u00f4-SP, linha azul, linha amarela, linha lil\u00e1s; Recupera\u00e7\u00e3o do t\u00fanel III da SP-070; Projeto do t\u00fanel 3 do Rodoanel elo oeste, SP; Consultoria para estimativa de recalques do t\u00fanel sob Av. 1\u00b0 Presidente \u2013 Assunci\u00f3n, Paraguay; Projeto Executivo dos t\u00faneis de adu\u00e7\u00e3o da UHE Machadinho; Projeto Executivo dos t\u00faneis de adu\u00e7\u00e3o da UHE It\u00e1; Parecer t\u00e9cnico, projeto executivo, an\u00e1lise de instrumenta\u00e7\u00e3o e concep\u00e7\u00e3o de obras de estabiliza\u00e7\u00e3o referentes \u00e0 ruptura da pista sul da rodovia Anchieta km 42; Amplia\u00e7\u00e3o da esta\u00e7\u00e3o da Luz da CPTM \u2013 LK3, liga\u00e7\u00e3o da rua Mau\u00e1, Casper L\u00edbero, Pinacoteca e Impermeabiliza\u00e7\u00e3o; Travessias subterr\u00e2neas sobre linhas da CPTM na RMSP; Projeto Executivo T\u00fanel GASTAU, Caraguatatuba-SP; T\u00fanel do estaleiro da Base Naval da Marinha do Brasil, Itagua\u00ed-RJ; Investiga\u00e7\u00e3o do colapso e projeto de recupera\u00e7\u00e3o do t\u00fanel 2 do Sistema Produtor Alto Tiet\u00ea, SABESP-SP; A.T.O. da execu\u00e7\u00e3o de t\u00fanel ferrovi\u00e1rio sob a rodovia SP-280; T\u00fanel da Interliga\u00e7\u00e3o de Bacias do Rio Para\u00edba do Sul, SABESP-SP; Recupera\u00e7\u00e3o do t\u00fanel do vertedor tulipa da Barragem Biritiba do Sistema Produtor Alto Tiet\u00ea, SABESP-SP; Consultoria dos t\u00faneis do Rodoanel elo norte, SP; T\u00fanel rodovi\u00e1rio com baixa cobertura sob linha da CPTM, Mogi das Cruzes-SP; T\u00fanel de drenagem urbana sob avenida de grande porte em S\u00e3o Bernardo do Campo-SP; T\u00fanel de desvio e adu\u00e7\u00e3o da Barragem dos Imigrantes, Domingos Martins-ES.<\/p>\n<p><img loading=\"lazy\" decoding=\"async\" class=\"alignnone wp-image-80755 td-animation-stack-type0-2\" src=\"https:\/\/www.institutodeengenharia.org.br\/site\/wp-content\/uploads\/2021\/05\/ENGTHOMAZ.png\" alt=\"\" width=\"169\" height=\"202\" \/><\/p>\n<p><strong>Eng. Thomaz de Jesus\u00a0 \u2013 Engenheiro Civil Especialista em Seg. de Barragens<\/strong><\/p>\n<p>Engenheiro Civil Especialista em Seg. de Barragens com mais de 20 anos de experi\u00eancia em Geotecnia, Barragens, Escava\u00e7\u00f5es Subterr\u00e2neas, Conten\u00e7\u00f5es e Meio Ambiente (Aterros Sanit\u00e1rios, Res\u00edduos S\u00f3lidos e Contamina\u00e7\u00e3o do Subsolo). Atuando na equipe da GeoCompany, liderada por Roberto Kochen, elaborando projetos e prestando servi\u00e7os de consultoria.<br \/>\nDestaque para projetos para o Metr\u00f4-SP, linha amarela e linha lil\u00e1s; Recupera\u00e7\u00e3o do t\u00fanel III da SP-070; Amplia\u00e7\u00e3o da esta\u00e7\u00e3o da Luz da CPTM \u2013 LK3, liga\u00e7\u00e3o da rua Mau\u00e1, Casper L\u00edbero, Pinacoteca e Impermeabiliza\u00e7\u00e3o; Travessias subterr\u00e2neas sobre linhas da CPTM na RMSP; Projeto Executivo T\u00fanel GASTAU, Caraguatatuba-SP; T\u00fanel do estaleiro da Base Naval da Marinha do Brasil, Itagua\u00ed-RJ; Investiga\u00e7\u00e3o do colapso e projeto de recupera\u00e7\u00e3o do t\u00fanel 2 do Sistema Produtor Alto Tiet\u00ea, SABESP-SP; A.T.O. da execu\u00e7\u00e3o de t\u00fanel ferrovi\u00e1rio sob a rodovia SP-280; T\u00fanel da Interliga\u00e7\u00e3o de Bacias do Rio Para\u00edba do Sul, SABESP-SP; Recupera\u00e7\u00e3o do t\u00fanel do vertedor tulipa da Barragem Biritiba do Sistema Produtor Alto Tiet\u00ea, SABESP-SP; Consultoria dos t\u00faneis do Rodoanel elo norte, SP; T\u00fanel rodovi\u00e1rio com baixa cobertura sob linha da CPTM, Mogi das Cruzes-SP; T\u00fanel de drenagem urbana sob avenida de grande porte em S\u00e3o Bernardo do Campo-SP; T\u00fanel de desvio e adu\u00e7\u00e3o da Barragem dos Imigrantes, Domingos Martins-ES.<\/p>\n<p><strong>Realiza\u00e7\u00e3o:<\/strong><\/p>\n<p><strong>Eng. Ivan Metran Whately \u2013<\/strong>\u00a0Vice-Presidente de Atividades T\u00e9cnicas<br \/>\n<strong>Eng. Roberto Kochen \u2013<\/strong>\u00a0Diretor do Departamento de Engenharia do Habitat e Infraestrutura<br \/>\n<strong>Eng. Rafael Timerman \u2013<\/strong>\u00a0Coordenador da Divis\u00e3o T\u00e9cnica de Estruturas<\/p>\n<p><strong>Apoio Institucional:<\/strong><\/p>\n<p><img loading=\"lazy\" decoding=\"async\" class=\"alignnone wp-image-80756 td-animation-stack-type0-2\" src=\"https:\/\/www.institutodeengenharia.org.br\/site\/wp-content\/uploads\/2021\/05\/LOGOS12.png\" alt=\"\" width=\"362\" height=\"96\" srcset=\"https:\/\/www.institutodeengenharia.org.br\/site\/wp-content\/uploads\/2021\/05\/LOGOS12.png 573w, https:\/\/www.institutodeengenharia.org.br\/site\/wp-content\/uploads\/2021\/05\/LOGOS12-300x80.png 300w\" sizes=\"auto, (max-width: 362px) 100vw, 362px\" \/><\/p>\n<p><strong>Apoio \u00e0 forma\u00e7\u00e3o:\u00a0<\/strong><\/p>\n<p>Espa\u00e7o aberto ao CREA-SP, objetivando o aperfei\u00e7oamento dos profissionais e o aprimoramento da fiscaliza\u00e7\u00e3o das \u00e1reas abrangidas pelo Sistema Confea\/CREAs, al\u00e9m de promover a conscientiza\u00e7\u00e3o da sociedade quanto \u00e0 necessidade e obrigatoriedade de contratar um profissional devidamente habilitado.<\/p>\n<p>&nbsp;<\/p>\n<p>&nbsp;<\/p>\n","protected":false},"excerpt":{"rendered":"<p>Assista abaixo \u00e0 grava\u00e7\u00e3o do evento: + Informa\u00e7\u00f5es:\u00a0 \u2022 Bacia de recalques; \u2022 Tipos de instrumentos; \u2022 Grandezas a serem monitoradas; \u2022 Instrumenta\u00e7\u00e3o externa; \u2022 Instrumenta\u00e7\u00e3o Interna; \u2022 An\u00e1lise dos dados: execu\u00e7\u00e3o e opera\u00e7\u00e3o; P\u00fablico-alvo: Engenheiros, arquitetos, t\u00e9cnicos, estudantes e demais interessados. Palestrantes: Eng. Roberto Kochen \u2013 Diretor do Departamento de Engenharia do Habitat e [&hellip;]<\/p>\n","protected":false},"author":13,"featured_media":81799,"comment_status":"open","ping_status":"open","sticky":false,"template":"","format":"standard","meta":{"footnotes":""},"categories":[968,969],"tags":[],"class_list":{"0":"post-81885","1":"post","2":"type-post","3":"status-publish","4":"format-standard","5":"has-post-thumbnail","7":"category-nova-tv-engenharia","8":"category-palestra"},"yoast_head":"<!-- This site is optimized with the Yoast SEO plugin v27.2 - https:\/\/yoast.com\/product\/yoast-seo-wordpress\/ -->\n<title>Manuten\u00e7\u00e3o e Instrumenta\u00e7\u00e3o de t\u00faneis - Instituto de Engenharia<\/title>\n<meta name=\"robots\" content=\"index, follow, max-snippet:-1, max-image-preview:large, max-video-preview:-1\" \/>\n<link rel=\"canonical\" href=\"https:\/\/www.institutodeengenharia.org.br\/site\/2021\/06\/17\/manutencao-e-instrumentacao-de-tuneis\/\" \/>\n<meta property=\"og:locale\" content=\"pt_BR\" \/>\n<meta property=\"og:type\" content=\"article\" \/>\n<meta property=\"og:title\" content=\"Manuten\u00e7\u00e3o e Instrumenta\u00e7\u00e3o de t\u00faneis\" \/>\n<meta property=\"og:description\" content=\"Assista abaixo \u00e0 grava\u00e7\u00e3o do evento:\" \/>\n<meta property=\"og:url\" content=\"https:\/\/www.institutodeengenharia.org.br\/site\/2021\/06\/17\/manutencao-e-instrumentacao-de-tuneis\/\" \/>\n<meta property=\"og:site_name\" content=\"Instituto de Engenharia\" \/>\n<meta property=\"article:publisher\" content=\"https:\/\/www.facebook.com\/institutodeengenharia\" \/>\n<meta property=\"article:published_time\" content=\"2021-06-17T16:00:00+00:00\" \/>\n<meta property=\"article:modified_time\" content=\"2021-06-18T16:00:18+00:00\" \/>\n<meta property=\"og:image\" content=\"https:\/\/www.institutodeengenharia.org.br\/site\/wp-content\/uploads\/2019\/08\/tv_engenharia.jpg\" \/>\n\t<meta property=\"og:image:width\" content=\"1280\" \/>\n\t<meta property=\"og:image:height\" content=\"853\" \/>\n\t<meta property=\"og:image:type\" content=\"image\/jpeg\" \/>\n<meta name=\"author\" content=\"Bianca\" \/>\n<meta name=\"twitter:card\" content=\"summary_large_image\" \/>\n<meta name=\"twitter:title\" content=\"Manuten\u00e7\u00e3o e Instrumenta\u00e7\u00e3o de t\u00faneis\" \/>\n<meta name=\"twitter:description\" content=\"Assista abaixo \u00e0 grava\u00e7\u00e3o do evento:\" \/>\n<meta name=\"twitter:image\" content=\"https:\/\/www.institutodeengenharia.org.br\/site\/wp-content\/uploads\/2019\/08\/tv_engenharia.jpg\" \/>\n<meta name=\"twitter:creator\" content=\"@iengenharia\" \/>\n<meta name=\"twitter:site\" content=\"@iengenharia\" \/>\n<meta name=\"twitter:label1\" content=\"Escrito por\" \/>\n\t<meta name=\"twitter:data1\" content=\"Bianca\" \/>\n\t<meta name=\"twitter:label2\" content=\"Est. tempo de leitura\" \/>\n\t<meta name=\"twitter:data2\" content=\"4 minutos\" \/>\n<script type=\"application\/ld+json\" class=\"yoast-schema-graph\">{\"@context\":\"https:\/\/schema.org\",\"@graph\":[{\"@type\":\"Article\",\"@id\":\"https:\/\/www.institutodeengenharia.org.br\/site\/2021\/06\/17\/manutencao-e-instrumentacao-de-tuneis\/#article\",\"isPartOf\":{\"@id\":\"https:\/\/www.institutodeengenharia.org.br\/site\/2021\/06\/17\/manutencao-e-instrumentacao-de-tuneis\/\"},\"author\":{\"name\":\"Bianca\",\"@id\":\"https:\/\/www.institutodeengenharia.org.br\/site\/#\/schema\/person\/aeb64951c405e100d26d30b033dd423f\"},\"headline\":\"Manuten\u00e7\u00e3o e Instrumenta\u00e7\u00e3o de t\u00faneis\",\"datePublished\":\"2021-06-17T16:00:00+00:00\",\"dateModified\":\"2021-06-18T16:00:18+00:00\",\"mainEntityOfPage\":{\"@id\":\"https:\/\/www.institutodeengenharia.org.br\/site\/2021\/06\/17\/manutencao-e-instrumentacao-de-tuneis\/\"},\"wordCount\":716,\"commentCount\":0,\"publisher\":{\"@id\":\"https:\/\/www.institutodeengenharia.org.br\/site\/#organization\"},\"image\":{\"@id\":\"https:\/\/www.institutodeengenharia.org.br\/site\/2021\/06\/17\/manutencao-e-instrumentacao-de-tuneis\/#primaryimage\"},\"thumbnailUrl\":\"https:\/\/www.institutodeengenharia.org.br\/site\/wp-content\/uploads\/2021\/06\/tunnel-690513_1920-2.webp\",\"articleSection\":[\"Nova TV Engenharia\",\"Palestra\"],\"inLanguage\":\"pt-BR\",\"potentialAction\":[{\"@type\":\"CommentAction\",\"name\":\"Comment\",\"target\":[\"https:\/\/www.institutodeengenharia.org.br\/site\/2021\/06\/17\/manutencao-e-instrumentacao-de-tuneis\/#respond\"]}]},{\"@type\":\"WebPage\",\"@id\":\"https:\/\/www.institutodeengenharia.org.br\/site\/2021\/06\/17\/manutencao-e-instrumentacao-de-tuneis\/\",\"url\":\"https:\/\/www.institutodeengenharia.org.br\/site\/2021\/06\/17\/manutencao-e-instrumentacao-de-tuneis\/\",\"name\":\"Manuten\u00e7\u00e3o e Instrumenta\u00e7\u00e3o de t\u00faneis - Instituto de Engenharia\",\"isPartOf\":{\"@id\":\"https:\/\/www.institutodeengenharia.org.br\/site\/#website\"},\"primaryImageOfPage\":{\"@id\":\"https:\/\/www.institutodeengenharia.org.br\/site\/2021\/06\/17\/manutencao-e-instrumentacao-de-tuneis\/#primaryimage\"},\"image\":{\"@id\":\"https:\/\/www.institutodeengenharia.org.br\/site\/2021\/06\/17\/manutencao-e-instrumentacao-de-tuneis\/#primaryimage\"},\"thumbnailUrl\":\"https:\/\/www.institutodeengenharia.org.br\/site\/wp-content\/uploads\/2021\/06\/tunnel-690513_1920-2.webp\",\"datePublished\":\"2021-06-17T16:00:00+00:00\",\"dateModified\":\"2021-06-18T16:00:18+00:00\",\"breadcrumb\":{\"@id\":\"https:\/\/www.institutodeengenharia.org.br\/site\/2021\/06\/17\/manutencao-e-instrumentacao-de-tuneis\/#breadcrumb\"},\"inLanguage\":\"pt-BR\",\"potentialAction\":[{\"@type\":\"ReadAction\",\"target\":[\"https:\/\/www.institutodeengenharia.org.br\/site\/2021\/06\/17\/manutencao-e-instrumentacao-de-tuneis\/\"]}]},{\"@type\":\"ImageObject\",\"inLanguage\":\"pt-BR\",\"@id\":\"https:\/\/www.institutodeengenharia.org.br\/site\/2021\/06\/17\/manutencao-e-instrumentacao-de-tuneis\/#primaryimage\",\"url\":\"https:\/\/www.institutodeengenharia.org.br\/site\/wp-content\/uploads\/2021\/06\/tunnel-690513_1920-2.webp\",\"contentUrl\":\"https:\/\/www.institutodeengenharia.org.br\/site\/wp-content\/uploads\/2021\/06\/tunnel-690513_1920-2.webp\",\"width\":1000,\"height\":666},{\"@type\":\"BreadcrumbList\",\"@id\":\"https:\/\/www.institutodeengenharia.org.br\/site\/2021\/06\/17\/manutencao-e-instrumentacao-de-tuneis\/#breadcrumb\",\"itemListElement\":[{\"@type\":\"ListItem\",\"position\":1,\"name\":\"In\u00edcio\",\"item\":\"https:\/\/www.institutodeengenharia.org.br\/site\/\"},{\"@type\":\"ListItem\",\"position\":2,\"name\":\"Manuten\u00e7\u00e3o e Instrumenta\u00e7\u00e3o de t\u00faneis\"}]},{\"@type\":\"WebSite\",\"@id\":\"https:\/\/www.institutodeengenharia.org.br\/site\/#website\",\"url\":\"https:\/\/www.institutodeengenharia.org.br\/site\/\",\"name\":\"Instituto de Engenharia\",\"description\":\"O Instituto de Engenharia promove a Engenharia em benef\u00edcio do desenvolvimento e da qualidade de vida da sociedade.\",\"publisher\":{\"@id\":\"https:\/\/www.institutodeengenharia.org.br\/site\/#organization\"},\"potentialAction\":[{\"@type\":\"SearchAction\",\"target\":{\"@type\":\"EntryPoint\",\"urlTemplate\":\"https:\/\/www.institutodeengenharia.org.br\/site\/?s={search_term_string}\"},\"query-input\":{\"@type\":\"PropertyValueSpecification\",\"valueRequired\":true,\"valueName\":\"search_term_string\"}}],\"inLanguage\":\"pt-BR\"},{\"@type\":\"Organization\",\"@id\":\"https:\/\/www.institutodeengenharia.org.br\/site\/#organization\",\"name\":\"Instituto de Engenharia\",\"url\":\"https:\/\/www.institutodeengenharia.org.br\/site\/\",\"logo\":{\"@type\":\"ImageObject\",\"inLanguage\":\"pt-BR\",\"@id\":\"https:\/\/www.institutodeengenharia.org.br\/site\/#\/schema\/logo\/image\/\",\"url\":\"https:\/\/www.institutodeengenharia.org.br\/site\/wp-content\/uploads\/2019\/03\/logo-novo-IE2018-1.jpg\",\"contentUrl\":\"https:\/\/www.institutodeengenharia.org.br\/site\/wp-content\/uploads\/2019\/03\/logo-novo-IE2018-1.jpg\",\"width\":1486,\"height\":1879,\"caption\":\"Instituto de Engenharia\"},\"image\":{\"@id\":\"https:\/\/www.institutodeengenharia.org.br\/site\/#\/schema\/logo\/image\/\"},\"sameAs\":[\"https:\/\/www.facebook.com\/institutodeengenharia\",\"https:\/\/x.com\/iengenharia\",\"https:\/\/www.instagram.com\/institutodeengenharia\/\",\"https:\/\/www.linkedin.com\/company\/instituto-de-engenharia\/\",\"https:\/\/www.youtube.com\/channel\/UCXiCAlsSMe977vamW915HxA\"]},{\"@type\":\"Person\",\"@id\":\"https:\/\/www.institutodeengenharia.org.br\/site\/#\/schema\/person\/aeb64951c405e100d26d30b033dd423f\",\"name\":\"Bianca\",\"image\":{\"@type\":\"ImageObject\",\"inLanguage\":\"pt-BR\",\"@id\":\"https:\/\/secure.gravatar.com\/avatar\/a6fbe9bff57405baf4c1e2c5c1811e072b558253974a9f9508f4678900c97c2a?s=96&d=mm&r=g\",\"url\":\"https:\/\/secure.gravatar.com\/avatar\/a6fbe9bff57405baf4c1e2c5c1811e072b558253974a9f9508f4678900c97c2a?s=96&d=mm&r=g\",\"contentUrl\":\"https:\/\/secure.gravatar.com\/avatar\/a6fbe9bff57405baf4c1e2c5c1811e072b558253974a9f9508f4678900c97c2a?s=96&d=mm&r=g\",\"caption\":\"Bianca\"},\"url\":\"https:\/\/www.institutodeengenharia.org.br\/site\/author\/comunicacao1\/\"}]}<\/script>\n<!-- \/ Yoast SEO plugin. -->","yoast_head_json":{"title":"Manuten\u00e7\u00e3o e Instrumenta\u00e7\u00e3o de t\u00faneis - Instituto de Engenharia","robots":{"index":"index","follow":"follow","max-snippet":"max-snippet:-1","max-image-preview":"max-image-preview:large","max-video-preview":"max-video-preview:-1"},"canonical":"https:\/\/www.institutodeengenharia.org.br\/site\/2021\/06\/17\/manutencao-e-instrumentacao-de-tuneis\/","og_locale":"pt_BR","og_type":"article","og_title":"Manuten\u00e7\u00e3o e Instrumenta\u00e7\u00e3o de t\u00faneis","og_description":"Assista abaixo \u00e0 grava\u00e7\u00e3o do evento:","og_url":"https:\/\/www.institutodeengenharia.org.br\/site\/2021\/06\/17\/manutencao-e-instrumentacao-de-tuneis\/","og_site_name":"Instituto de Engenharia","article_publisher":"https:\/\/www.facebook.com\/institutodeengenharia","article_published_time":"2021-06-17T16:00:00+00:00","article_modified_time":"2021-06-18T16:00:18+00:00","og_image":[{"width":1280,"height":853,"url":"https:\/\/www.institutodeengenharia.org.br\/site\/wp-content\/uploads\/2019\/08\/tv_engenharia.jpg","type":"image\/jpeg"}],"author":"Bianca","twitter_card":"summary_large_image","twitter_title":"Manuten\u00e7\u00e3o e Instrumenta\u00e7\u00e3o de t\u00faneis","twitter_description":"Assista abaixo \u00e0 grava\u00e7\u00e3o do evento:","twitter_image":"https:\/\/www.institutodeengenharia.org.br\/site\/wp-content\/uploads\/2019\/08\/tv_engenharia.jpg","twitter_creator":"@iengenharia","twitter_site":"@iengenharia","twitter_misc":{"Escrito por":"Bianca","Est. tempo de leitura":"4 minutos"},"schema":{"@context":"https:\/\/schema.org","@graph":[{"@type":"Article","@id":"https:\/\/www.institutodeengenharia.org.br\/site\/2021\/06\/17\/manutencao-e-instrumentacao-de-tuneis\/#article","isPartOf":{"@id":"https:\/\/www.institutodeengenharia.org.br\/site\/2021\/06\/17\/manutencao-e-instrumentacao-de-tuneis\/"},"author":{"name":"Bianca","@id":"https:\/\/www.institutodeengenharia.org.br\/site\/#\/schema\/person\/aeb64951c405e100d26d30b033dd423f"},"headline":"Manuten\u00e7\u00e3o e Instrumenta\u00e7\u00e3o de t\u00faneis","datePublished":"2021-06-17T16:00:00+00:00","dateModified":"2021-06-18T16:00:18+00:00","mainEntityOfPage":{"@id":"https:\/\/www.institutodeengenharia.org.br\/site\/2021\/06\/17\/manutencao-e-instrumentacao-de-tuneis\/"},"wordCount":716,"commentCount":0,"publisher":{"@id":"https:\/\/www.institutodeengenharia.org.br\/site\/#organization"},"image":{"@id":"https:\/\/www.institutodeengenharia.org.br\/site\/2021\/06\/17\/manutencao-e-instrumentacao-de-tuneis\/#primaryimage"},"thumbnailUrl":"https:\/\/www.institutodeengenharia.org.br\/site\/wp-content\/uploads\/2021\/06\/tunnel-690513_1920-2.webp","articleSection":["Nova TV Engenharia","Palestra"],"inLanguage":"pt-BR","potentialAction":[{"@type":"CommentAction","name":"Comment","target":["https:\/\/www.institutodeengenharia.org.br\/site\/2021\/06\/17\/manutencao-e-instrumentacao-de-tuneis\/#respond"]}]},{"@type":"WebPage","@id":"https:\/\/www.institutodeengenharia.org.br\/site\/2021\/06\/17\/manutencao-e-instrumentacao-de-tuneis\/","url":"https:\/\/www.institutodeengenharia.org.br\/site\/2021\/06\/17\/manutencao-e-instrumentacao-de-tuneis\/","name":"Manuten\u00e7\u00e3o e Instrumenta\u00e7\u00e3o de t\u00faneis - Instituto de Engenharia","isPartOf":{"@id":"https:\/\/www.institutodeengenharia.org.br\/site\/#website"},"primaryImageOfPage":{"@id":"https:\/\/www.institutodeengenharia.org.br\/site\/2021\/06\/17\/manutencao-e-instrumentacao-de-tuneis\/#primaryimage"},"image":{"@id":"https:\/\/www.institutodeengenharia.org.br\/site\/2021\/06\/17\/manutencao-e-instrumentacao-de-tuneis\/#primaryimage"},"thumbnailUrl":"https:\/\/www.institutodeengenharia.org.br\/site\/wp-content\/uploads\/2021\/06\/tunnel-690513_1920-2.webp","datePublished":"2021-06-17T16:00:00+00:00","dateModified":"2021-06-18T16:00:18+00:00","breadcrumb":{"@id":"https:\/\/www.institutodeengenharia.org.br\/site\/2021\/06\/17\/manutencao-e-instrumentacao-de-tuneis\/#breadcrumb"},"inLanguage":"pt-BR","potentialAction":[{"@type":"ReadAction","target":["https:\/\/www.institutodeengenharia.org.br\/site\/2021\/06\/17\/manutencao-e-instrumentacao-de-tuneis\/"]}]},{"@type":"ImageObject","inLanguage":"pt-BR","@id":"https:\/\/www.institutodeengenharia.org.br\/site\/2021\/06\/17\/manutencao-e-instrumentacao-de-tuneis\/#primaryimage","url":"https:\/\/www.institutodeengenharia.org.br\/site\/wp-content\/uploads\/2021\/06\/tunnel-690513_1920-2.webp","contentUrl":"https:\/\/www.institutodeengenharia.org.br\/site\/wp-content\/uploads\/2021\/06\/tunnel-690513_1920-2.webp","width":1000,"height":666},{"@type":"BreadcrumbList","@id":"https:\/\/www.institutodeengenharia.org.br\/site\/2021\/06\/17\/manutencao-e-instrumentacao-de-tuneis\/#breadcrumb","itemListElement":[{"@type":"ListItem","position":1,"name":"In\u00edcio","item":"https:\/\/www.institutodeengenharia.org.br\/site\/"},{"@type":"ListItem","position":2,"name":"Manuten\u00e7\u00e3o e Instrumenta\u00e7\u00e3o de t\u00faneis"}]},{"@type":"WebSite","@id":"https:\/\/www.institutodeengenharia.org.br\/site\/#website","url":"https:\/\/www.institutodeengenharia.org.br\/site\/","name":"Instituto de Engenharia","description":"O Instituto de Engenharia promove a Engenharia em benef\u00edcio do desenvolvimento e da qualidade de vida da sociedade.","publisher":{"@id":"https:\/\/www.institutodeengenharia.org.br\/site\/#organization"},"potentialAction":[{"@type":"SearchAction","target":{"@type":"EntryPoint","urlTemplate":"https:\/\/www.institutodeengenharia.org.br\/site\/?s={search_term_string}"},"query-input":{"@type":"PropertyValueSpecification","valueRequired":true,"valueName":"search_term_string"}}],"inLanguage":"pt-BR"},{"@type":"Organization","@id":"https:\/\/www.institutodeengenharia.org.br\/site\/#organization","name":"Instituto de Engenharia","url":"https:\/\/www.institutodeengenharia.org.br\/site\/","logo":{"@type":"ImageObject","inLanguage":"pt-BR","@id":"https:\/\/www.institutodeengenharia.org.br\/site\/#\/schema\/logo\/image\/","url":"https:\/\/www.institutodeengenharia.org.br\/site\/wp-content\/uploads\/2019\/03\/logo-novo-IE2018-1.jpg","contentUrl":"https:\/\/www.institutodeengenharia.org.br\/site\/wp-content\/uploads\/2019\/03\/logo-novo-IE2018-1.jpg","width":1486,"height":1879,"caption":"Instituto de Engenharia"},"image":{"@id":"https:\/\/www.institutodeengenharia.org.br\/site\/#\/schema\/logo\/image\/"},"sameAs":["https:\/\/www.facebook.com\/institutodeengenharia","https:\/\/x.com\/iengenharia","https:\/\/www.instagram.com\/institutodeengenharia\/","https:\/\/www.linkedin.com\/company\/instituto-de-engenharia\/","https:\/\/www.youtube.com\/channel\/UCXiCAlsSMe977vamW915HxA"]},{"@type":"Person","@id":"https:\/\/www.institutodeengenharia.org.br\/site\/#\/schema\/person\/aeb64951c405e100d26d30b033dd423f","name":"Bianca","image":{"@type":"ImageObject","inLanguage":"pt-BR","@id":"https:\/\/secure.gravatar.com\/avatar\/a6fbe9bff57405baf4c1e2c5c1811e072b558253974a9f9508f4678900c97c2a?s=96&d=mm&r=g","url":"https:\/\/secure.gravatar.com\/avatar\/a6fbe9bff57405baf4c1e2c5c1811e072b558253974a9f9508f4678900c97c2a?s=96&d=mm&r=g","contentUrl":"https:\/\/secure.gravatar.com\/avatar\/a6fbe9bff57405baf4c1e2c5c1811e072b558253974a9f9508f4678900c97c2a?s=96&d=mm&r=g","caption":"Bianca"},"url":"https:\/\/www.institutodeengenharia.org.br\/site\/author\/comunicacao1\/"}]}},"_links":{"self":[{"href":"https:\/\/www.institutodeengenharia.org.br\/site\/wp-json\/wp\/v2\/posts\/81885","targetHints":{"allow":["GET"]}}],"collection":[{"href":"https:\/\/www.institutodeengenharia.org.br\/site\/wp-json\/wp\/v2\/posts"}],"about":[{"href":"https:\/\/www.institutodeengenharia.org.br\/site\/wp-json\/wp\/v2\/types\/post"}],"author":[{"embeddable":true,"href":"https:\/\/www.institutodeengenharia.org.br\/site\/wp-json\/wp\/v2\/users\/13"}],"replies":[{"embeddable":true,"href":"https:\/\/www.institutodeengenharia.org.br\/site\/wp-json\/wp\/v2\/comments?post=81885"}],"version-history":[{"count":1,"href":"https:\/\/www.institutodeengenharia.org.br\/site\/wp-json\/wp\/v2\/posts\/81885\/revisions"}],"predecessor-version":[{"id":81886,"href":"https:\/\/www.institutodeengenharia.org.br\/site\/wp-json\/wp\/v2\/posts\/81885\/revisions\/81886"}],"wp:featuredmedia":[{"embeddable":true,"href":"https:\/\/www.institutodeengenharia.org.br\/site\/wp-json\/wp\/v2\/media\/81799"}],"wp:attachment":[{"href":"https:\/\/www.institutodeengenharia.org.br\/site\/wp-json\/wp\/v2\/media?parent=81885"}],"wp:term":[{"taxonomy":"category","embeddable":true,"href":"https:\/\/www.institutodeengenharia.org.br\/site\/wp-json\/wp\/v2\/categories?post=81885"},{"taxonomy":"post_tag","embeddable":true,"href":"https:\/\/www.institutodeengenharia.org.br\/site\/wp-json\/wp\/v2\/tags?post=81885"}],"curies":[{"name":"wp","href":"https:\/\/api.w.org\/{rel}","templated":true}]}}