{"id":81733,"date":"2021-06-09T15:45:16","date_gmt":"2021-06-09T18:45:16","guid":{"rendered":"https:\/\/www.institutodeengenharia.org.br\/site\/?p=81733"},"modified":"2021-06-15T15:45:34","modified_gmt":"2021-06-15T18:45:34","slug":"ie-talks-a-ponte-do-abuna-e-a-integracao-da-amacro-ao-pacifico","status":"publish","type":"post","link":"https:\/\/www.institutodeengenharia.org.br\/site\/2021\/06\/09\/ie-talks-a-ponte-do-abuna-e-a-integracao-da-amacro-ao-pacifico\/","title":{"rendered":"IE Talks: A Ponte do Abun\u00e3 e a integra\u00e7\u00e3o da AMACRO ao Pac\u00edfico"},"content":{"rendered":"<p>&nbsp;<\/p>\n<p><strong>Assista abaixo \u00e0 grava\u00e7\u00e3o do evento:<\/strong><\/p>\n<p>&nbsp;<\/p>\n<div style=\"padding: 53.65% 0 0 0; position: relative;\"><iframe style=\"position: absolute; top: 0; left: 0; width: 100%; height: 100%;\" title=\"IE Talks - A Ponte do Abun&amp;atilde; e a integra&amp;ccedil;&amp;atilde;o da AMACRO ao Pac&amp;iacute;fico\" src=\"https:\/\/player.vimeo.com\/video\/563214414?badge=0&amp;autopause=0&amp;player_id=0&amp;app_id=58479\" frameborder=\"0\" allowfullscreen=\"allowfullscreen\"><\/iframe><\/div>\n<p><script src=\"https:\/\/player.vimeo.com\/api\/player.js\"><\/script><\/p>\n<p><strong>+ Informa\u00e7\u00f5es:\u00a0<\/strong><\/p>\n<p>Discuss\u00e3o do projeto da ponte de Abun\u00e3, em Rond\u00f4nia, que conecta pela rodovia o Acre e outras capitais do pa\u00eds, sem a necessidade de balsa.<\/p>\n<p>O empreendimento completa a infraestrutura rodovi\u00e1ria entre Rond\u00f4nia e o Pac\u00edfico.<\/p>\n<p><strong>P\u00fablico-alvo:<\/strong><\/p>\n<p>Todas as categorias, profissionais e interessados.<\/p>\n<p><strong>Palestrantes:<\/strong><\/p>\n<p><img loading=\"lazy\" decoding=\"async\" class=\"alignnone wp-image-81200 td-animation-stack-type0-2\" src=\"https:\/\/www.institutodeengenharia.org.br\/site\/wp-content\/uploads\/2021\/05\/edeonvaz.png\" alt=\"\" width=\"205\" height=\"189\" srcset=\"https:\/\/www.institutodeengenharia.org.br\/site\/wp-content\/uploads\/2021\/05\/edeonvaz.png 366w, https:\/\/www.institutodeengenharia.org.br\/site\/wp-content\/uploads\/2021\/05\/edeonvaz-300x276.png 300w\" sizes=\"auto, (max-width: 205px) 100vw, 205px\" \/><\/p>\n<p><strong>Edeon Vaz Ferreira \u2013 Diretor Executivo do Movimento Pr\u00f3 Log\u00edstica do Mato Grosso \u2013 APROSOJA e AMPA\u00a0<\/strong><\/p>\n<p>. S\u00f3cio \u2013 Propriet\u00e1rio da Vaz e Ferreira \u2013 Consultoria e Projetos Ambientais Eireli<br \/>\n. Diretor Executivo do Movimento Pr\u00f3 log\u00edstica de Mato Grosso<br \/>\n. Presidente da C\u00e2mara Tem\u00e1tica de Log\u00edstica do Agroneg\u00f3cio do Minist\u00e9rio da Agricultura<br \/>\n. Consultor em log\u00edstica da APROSOJA-MT<br \/>\n. Consultor em log\u00edstica da APROSOJA-BRASIL<br \/>\n. Membro do Conselho de Infraestrutura da FIEMT<br \/>\n. Membro do Conselho de Infraestrutura da CNA<br \/>\n. Professor de p\u00f3s gradua\u00e7\u00e3o em infraestrutura e log\u00edstica<br \/>\n. Consultor S\u00eanior em OS&amp;M e infraestrutura para log\u00edstica de transportes<\/p>\n<p><img loading=\"lazy\" decoding=\"async\" class=\"alignnone wp-image-81202 td-animation-stack-type0-2\" src=\"https:\/\/www.institutodeengenharia.org.br\/site\/wp-content\/uploads\/2021\/05\/pedrosilva.png\" alt=\"\" width=\"144\" height=\"201\" \/><\/p>\n<p><strong>Pedro Silva Barros \u2013 Pesquisador do Ipea (Instituto de Pesquisa Econ\u00f4mica Aplicada)<\/strong><\/p>\n<p>Pedro Silva Barros (Mogi Mirim-SP, 1980) \u00e9 t\u00e9cnico de planejamento e pesquisa do Instituto de Pesquisa Econ\u00f4mica Aplicada (IPEA), servindo em sua sede em Bras\u00edlia-DF. \u00c9 coordenador do projeto Integra\u00e7\u00e3o Regional: o Brasil e a Am\u00e9rica do Sul e editor da revista Tempo do Mundo, ambos do IPEA. Foi diretor-adjunto internacional do IPEA (2015) e titular da miss\u00e3o do IPEA na Venezuela, servindo ao Brasil em Caracas, entre 2010 e 2014, tendo coordenado estudos conjuntos e projetos de coopera\u00e7\u00e3o t\u00e9cnica com os governos de Venezuela, Rep\u00fablica Dominicana, Cuba, Guiana e Suriname. Entre 2015 e 2018, foi diretor de assuntos econ\u00f4micos da Uni\u00e3o de Na\u00e7\u00f5es Sul-Americanas (UNASUL), servindo em sua Secretaria Geral, em Quito, Equador. Primeiro e \u00fanico diretor brasileiro dessa institui\u00e7\u00e3o, foi respons\u00e1vel por secretariar os conselhos ministeriais de infraestrutura e planejamento (COSIPLAN), economia e finan\u00e7as (CSEF), energia (CES) e ci\u00eancia, tecnologia e inova\u00e7\u00e3o (COSUCTI). Em 2016, como diretor de assuntos econ\u00f4micos da UNASUL, foi o relator na Venezuela da mesa econ\u00f4mico-social do di\u00e1logo entre o Governo Nacional e a Mesa de Unidad Democr\u00e1tica mediado pela UNASUL e pelos ex-presidentes Rodr\u00edguez Zapatero (Espanha), Leonel Fern\u00e1ndez (Rep\u00fablica Dominicana) e Mart\u00edn Torrijos (Panam\u00e1).<\/p>\n<p><strong>Realiza\u00e7\u00e3o:<\/strong><\/p>\n<p><strong>Eng. Ivan Metran Whately<\/strong>\u00a0\u2013 Vice-Presidente de Atividades T\u00e9cnicas<br \/>\n<strong>Eng. Henrique Jos\u00e9 Boneti<\/strong>\u00a0\u2013 Diretor do Departamento de Engenharia de Agroneg\u00f3cios<\/p>\n<p><strong>Apoio Institucional:<\/strong><\/p>\n<p><img loading=\"lazy\" decoding=\"async\" class=\"alignnone wp-image-77696 td-animation-stack-type0-2\" src=\"https:\/\/www.institutodeengenharia.org.br\/site\/wp-content\/uploads\/2021\/02\/crea.jpg\" alt=\"\" width=\"157\" height=\"111\" srcset=\"https:\/\/www.institutodeengenharia.org.br\/site\/wp-content\/uploads\/2021\/02\/crea.jpg 448w, https:\/\/www.institutodeengenharia.org.br\/site\/wp-content\/uploads\/2021\/02\/crea-300x211.jpg 300w, https:\/\/www.institutodeengenharia.org.br\/site\/wp-content\/uploads\/2021\/02\/crea-100x70.jpg 100w\" sizes=\"auto, (max-width: 157px) 100vw, 157px\" \/><\/p>\n<p><strong>Apoio \u00e0 forma\u00e7\u00e3o:\u00a0<\/strong><\/p>\n<p>Espa\u00e7o aberto ao CREA-SP, objetivando o aperfei\u00e7oamento dos profissionais e o aprimoramento da fiscaliza\u00e7\u00e3o das \u00e1reas abrangidas pelo Sistema Confea\/CREAs, al\u00e9m de promover a conscientiza\u00e7\u00e3o da sociedade quanto \u00e0 necessidade e obrigatoriedade de contratar um profissional devidamente habilitado.<\/p>\n<p>&nbsp;<\/p>\n","protected":false},"excerpt":{"rendered":"<p>&nbsp; Assista abaixo \u00e0 grava\u00e7\u00e3o do evento: &nbsp; + Informa\u00e7\u00f5es:\u00a0 Discuss\u00e3o do projeto da ponte de Abun\u00e3, em Rond\u00f4nia, que conecta pela rodovia o Acre e outras capitais do pa\u00eds, sem a necessidade de balsa. O empreendimento completa a infraestrutura rodovi\u00e1ria entre Rond\u00f4nia e o Pac\u00edfico. P\u00fablico-alvo: Todas as categorias, profissionais e interessados. Palestrantes: Edeon [&hellip;]<\/p>\n","protected":false},"author":13,"featured_media":81355,"comment_status":"open","ping_status":"open","sticky":false,"template":"","format":"standard","meta":{"footnotes":""},"categories":[13,12,968,969],"tags":[],"class_list":{"0":"post-81733","1":"post","2":"type-post","3":"status-publish","4":"format-standard","5":"has-post-thumbnail","7":"category-departamento-desenvolvimento-agrario","8":"category-divisoes-tecnicas","9":"category-nova-tv-engenharia","10":"category-palestra"},"yoast_head":"<!-- This site is optimized with the Yoast SEO plugin v27.2 - https:\/\/yoast.com\/product\/yoast-seo-wordpress\/ -->\n<title>IE Talks: A Ponte do Abun\u00e3 e a integra\u00e7\u00e3o da AMACRO ao Pac\u00edfico - Instituto de Engenharia<\/title>\n<meta name=\"robots\" content=\"index, follow, max-snippet:-1, max-image-preview:large, max-video-preview:-1\" \/>\n<link rel=\"canonical\" href=\"https:\/\/www.institutodeengenharia.org.br\/site\/2021\/06\/09\/ie-talks-a-ponte-do-abuna-e-a-integracao-da-amacro-ao-pacifico\/\" \/>\n<meta property=\"og:locale\" content=\"pt_BR\" \/>\n<meta property=\"og:type\" content=\"article\" \/>\n<meta property=\"og:title\" content=\"IE Talks: A Ponte do Abun\u00e3 e a integra\u00e7\u00e3o da AMACRO ao Pac\u00edfico\" \/>\n<meta property=\"og:description\" content=\"Assista abaixo \u00e0 grava\u00e7\u00e3o do evento\" \/>\n<meta property=\"og:url\" content=\"https:\/\/www.institutodeengenharia.org.br\/site\/2021\/06\/09\/ie-talks-a-ponte-do-abuna-e-a-integracao-da-amacro-ao-pacifico\/\" \/>\n<meta property=\"og:site_name\" content=\"Instituto de Engenharia\" \/>\n<meta property=\"article:publisher\" content=\"https:\/\/www.facebook.com\/institutodeengenharia\" \/>\n<meta property=\"article:published_time\" content=\"2021-06-09T18:45:16+00:00\" \/>\n<meta property=\"article:modified_time\" content=\"2021-06-15T18:45:34+00:00\" \/>\n<meta property=\"og:image\" content=\"https:\/\/www.institutodeengenharia.org.br\/site\/wp-content\/uploads\/2019\/08\/tv_engenharia.jpg\" \/>\n\t<meta property=\"og:image:width\" content=\"1280\" \/>\n\t<meta property=\"og:image:height\" content=\"853\" \/>\n\t<meta property=\"og:image:type\" content=\"image\/jpeg\" \/>\n<meta name=\"author\" content=\"Bianca\" \/>\n<meta name=\"twitter:card\" content=\"summary_large_image\" \/>\n<meta name=\"twitter:title\" content=\"IE Talks: A Ponte do Abun\u00e3 e a integra\u00e7\u00e3o da AMACRO ao Pac\u00edfico\" \/>\n<meta name=\"twitter:description\" content=\"Assista abaixo \u00e0 grava\u00e7\u00e3o do evento\" \/>\n<meta name=\"twitter:image\" content=\"https:\/\/www.institutodeengenharia.org.br\/site\/wp-content\/uploads\/2019\/08\/tv_engenharia.jpg\" \/>\n<meta name=\"twitter:creator\" content=\"@iengenharia\" \/>\n<meta name=\"twitter:site\" content=\"@iengenharia\" \/>\n<meta name=\"twitter:label1\" content=\"Escrito por\" \/>\n\t<meta name=\"twitter:data1\" content=\"Bianca\" \/>\n\t<meta name=\"twitter:label2\" content=\"Est. tempo de leitura\" \/>\n\t<meta name=\"twitter:data2\" content=\"3 minutos\" \/>\n<script type=\"application\/ld+json\" class=\"yoast-schema-graph\">{\"@context\":\"https:\/\/schema.org\",\"@graph\":[{\"@type\":\"Article\",\"@id\":\"https:\/\/www.institutodeengenharia.org.br\/site\/2021\/06\/09\/ie-talks-a-ponte-do-abuna-e-a-integracao-da-amacro-ao-pacifico\/#article\",\"isPartOf\":{\"@id\":\"https:\/\/www.institutodeengenharia.org.br\/site\/2021\/06\/09\/ie-talks-a-ponte-do-abuna-e-a-integracao-da-amacro-ao-pacifico\/\"},\"author\":{\"name\":\"Bianca\",\"@id\":\"https:\/\/www.institutodeengenharia.org.br\/site\/#\/schema\/person\/aeb64951c405e100d26d30b033dd423f\"},\"headline\":\"IE Talks: A Ponte do Abun\u00e3 e a integra\u00e7\u00e3o da AMACRO ao Pac\u00edfico\",\"datePublished\":\"2021-06-09T18:45:16+00:00\",\"dateModified\":\"2021-06-15T18:45:34+00:00\",\"mainEntityOfPage\":{\"@id\":\"https:\/\/www.institutodeengenharia.org.br\/site\/2021\/06\/09\/ie-talks-a-ponte-do-abuna-e-a-integracao-da-amacro-ao-pacifico\/\"},\"wordCount\":474,\"commentCount\":0,\"publisher\":{\"@id\":\"https:\/\/www.institutodeengenharia.org.br\/site\/#organization\"},\"image\":{\"@id\":\"https:\/\/www.institutodeengenharia.org.br\/site\/2021\/06\/09\/ie-talks-a-ponte-do-abuna-e-a-integracao-da-amacro-ao-pacifico\/#primaryimage\"},\"thumbnailUrl\":\"https:\/\/www.institutodeengenharia.org.br\/site\/wp-content\/uploads\/2021\/06\/MicrosoftTeams-image-15-1-1.webp\",\"articleSection\":[\"Departamento de Desenvolvimento Agr\u00e1rio\",\"Divis\u00f5es T\u00e9cnicas\",\"Nova TV Engenharia\",\"Palestra\"],\"inLanguage\":\"pt-BR\",\"potentialAction\":[{\"@type\":\"CommentAction\",\"name\":\"Comment\",\"target\":[\"https:\/\/www.institutodeengenharia.org.br\/site\/2021\/06\/09\/ie-talks-a-ponte-do-abuna-e-a-integracao-da-amacro-ao-pacifico\/#respond\"]}]},{\"@type\":\"WebPage\",\"@id\":\"https:\/\/www.institutodeengenharia.org.br\/site\/2021\/06\/09\/ie-talks-a-ponte-do-abuna-e-a-integracao-da-amacro-ao-pacifico\/\",\"url\":\"https:\/\/www.institutodeengenharia.org.br\/site\/2021\/06\/09\/ie-talks-a-ponte-do-abuna-e-a-integracao-da-amacro-ao-pacifico\/\",\"name\":\"IE Talks: A Ponte do Abun\u00e3 e a integra\u00e7\u00e3o da AMACRO ao Pac\u00edfico - Instituto de Engenharia\",\"isPartOf\":{\"@id\":\"https:\/\/www.institutodeengenharia.org.br\/site\/#website\"},\"primaryImageOfPage\":{\"@id\":\"https:\/\/www.institutodeengenharia.org.br\/site\/2021\/06\/09\/ie-talks-a-ponte-do-abuna-e-a-integracao-da-amacro-ao-pacifico\/#primaryimage\"},\"image\":{\"@id\":\"https:\/\/www.institutodeengenharia.org.br\/site\/2021\/06\/09\/ie-talks-a-ponte-do-abuna-e-a-integracao-da-amacro-ao-pacifico\/#primaryimage\"},\"thumbnailUrl\":\"https:\/\/www.institutodeengenharia.org.br\/site\/wp-content\/uploads\/2021\/06\/MicrosoftTeams-image-15-1-1.webp\",\"datePublished\":\"2021-06-09T18:45:16+00:00\",\"dateModified\":\"2021-06-15T18:45:34+00:00\",\"breadcrumb\":{\"@id\":\"https:\/\/www.institutodeengenharia.org.br\/site\/2021\/06\/09\/ie-talks-a-ponte-do-abuna-e-a-integracao-da-amacro-ao-pacifico\/#breadcrumb\"},\"inLanguage\":\"pt-BR\",\"potentialAction\":[{\"@type\":\"ReadAction\",\"target\":[\"https:\/\/www.institutodeengenharia.org.br\/site\/2021\/06\/09\/ie-talks-a-ponte-do-abuna-e-a-integracao-da-amacro-ao-pacifico\/\"]}]},{\"@type\":\"ImageObject\",\"inLanguage\":\"pt-BR\",\"@id\":\"https:\/\/www.institutodeengenharia.org.br\/site\/2021\/06\/09\/ie-talks-a-ponte-do-abuna-e-a-integracao-da-amacro-ao-pacifico\/#primaryimage\",\"url\":\"https:\/\/www.institutodeengenharia.org.br\/site\/wp-content\/uploads\/2021\/06\/MicrosoftTeams-image-15-1-1.webp\",\"contentUrl\":\"https:\/\/www.institutodeengenharia.org.br\/site\/wp-content\/uploads\/2021\/06\/MicrosoftTeams-image-15-1-1.webp\",\"width\":690,\"height\":315},{\"@type\":\"BreadcrumbList\",\"@id\":\"https:\/\/www.institutodeengenharia.org.br\/site\/2021\/06\/09\/ie-talks-a-ponte-do-abuna-e-a-integracao-da-amacro-ao-pacifico\/#breadcrumb\",\"itemListElement\":[{\"@type\":\"ListItem\",\"position\":1,\"name\":\"In\u00edcio\",\"item\":\"https:\/\/www.institutodeengenharia.org.br\/site\/\"},{\"@type\":\"ListItem\",\"position\":2,\"name\":\"IE Talks: A Ponte do Abun\u00e3 e a integra\u00e7\u00e3o da AMACRO ao Pac\u00edfico\"}]},{\"@type\":\"WebSite\",\"@id\":\"https:\/\/www.institutodeengenharia.org.br\/site\/#website\",\"url\":\"https:\/\/www.institutodeengenharia.org.br\/site\/\",\"name\":\"Instituto de Engenharia\",\"description\":\"O Instituto de Engenharia promove a Engenharia em benef\u00edcio do desenvolvimento e da qualidade de vida da sociedade.\",\"publisher\":{\"@id\":\"https:\/\/www.institutodeengenharia.org.br\/site\/#organization\"},\"potentialAction\":[{\"@type\":\"SearchAction\",\"target\":{\"@type\":\"EntryPoint\",\"urlTemplate\":\"https:\/\/www.institutodeengenharia.org.br\/site\/?s={search_term_string}\"},\"query-input\":{\"@type\":\"PropertyValueSpecification\",\"valueRequired\":true,\"valueName\":\"search_term_string\"}}],\"inLanguage\":\"pt-BR\"},{\"@type\":\"Organization\",\"@id\":\"https:\/\/www.institutodeengenharia.org.br\/site\/#organization\",\"name\":\"Instituto de Engenharia\",\"url\":\"https:\/\/www.institutodeengenharia.org.br\/site\/\",\"logo\":{\"@type\":\"ImageObject\",\"inLanguage\":\"pt-BR\",\"@id\":\"https:\/\/www.institutodeengenharia.org.br\/site\/#\/schema\/logo\/image\/\",\"url\":\"https:\/\/www.institutodeengenharia.org.br\/site\/wp-content\/uploads\/2019\/03\/logo-novo-IE2018-1.jpg\",\"contentUrl\":\"https:\/\/www.institutodeengenharia.org.br\/site\/wp-content\/uploads\/2019\/03\/logo-novo-IE2018-1.jpg\",\"width\":1486,\"height\":1879,\"caption\":\"Instituto de Engenharia\"},\"image\":{\"@id\":\"https:\/\/www.institutodeengenharia.org.br\/site\/#\/schema\/logo\/image\/\"},\"sameAs\":[\"https:\/\/www.facebook.com\/institutodeengenharia\",\"https:\/\/x.com\/iengenharia\",\"https:\/\/www.instagram.com\/institutodeengenharia\/\",\"https:\/\/www.linkedin.com\/company\/instituto-de-engenharia\/\",\"https:\/\/www.youtube.com\/channel\/UCXiCAlsSMe977vamW915HxA\"]},{\"@type\":\"Person\",\"@id\":\"https:\/\/www.institutodeengenharia.org.br\/site\/#\/schema\/person\/aeb64951c405e100d26d30b033dd423f\",\"name\":\"Bianca\",\"image\":{\"@type\":\"ImageObject\",\"inLanguage\":\"pt-BR\",\"@id\":\"https:\/\/secure.gravatar.com\/avatar\/a6fbe9bff57405baf4c1e2c5c1811e072b558253974a9f9508f4678900c97c2a?s=96&d=mm&r=g\",\"url\":\"https:\/\/secure.gravatar.com\/avatar\/a6fbe9bff57405baf4c1e2c5c1811e072b558253974a9f9508f4678900c97c2a?s=96&d=mm&r=g\",\"contentUrl\":\"https:\/\/secure.gravatar.com\/avatar\/a6fbe9bff57405baf4c1e2c5c1811e072b558253974a9f9508f4678900c97c2a?s=96&d=mm&r=g\",\"caption\":\"Bianca\"},\"url\":\"https:\/\/www.institutodeengenharia.org.br\/site\/author\/comunicacao1\/\"}]}<\/script>\n<!-- \/ Yoast SEO plugin. -->","yoast_head_json":{"title":"IE Talks: A Ponte do Abun\u00e3 e a integra\u00e7\u00e3o da AMACRO ao Pac\u00edfico - Instituto de Engenharia","robots":{"index":"index","follow":"follow","max-snippet":"max-snippet:-1","max-image-preview":"max-image-preview:large","max-video-preview":"max-video-preview:-1"},"canonical":"https:\/\/www.institutodeengenharia.org.br\/site\/2021\/06\/09\/ie-talks-a-ponte-do-abuna-e-a-integracao-da-amacro-ao-pacifico\/","og_locale":"pt_BR","og_type":"article","og_title":"IE Talks: A Ponte do Abun\u00e3 e a integra\u00e7\u00e3o da AMACRO ao Pac\u00edfico","og_description":"Assista abaixo \u00e0 grava\u00e7\u00e3o do evento","og_url":"https:\/\/www.institutodeengenharia.org.br\/site\/2021\/06\/09\/ie-talks-a-ponte-do-abuna-e-a-integracao-da-amacro-ao-pacifico\/","og_site_name":"Instituto de Engenharia","article_publisher":"https:\/\/www.facebook.com\/institutodeengenharia","article_published_time":"2021-06-09T18:45:16+00:00","article_modified_time":"2021-06-15T18:45:34+00:00","og_image":[{"width":1280,"height":853,"url":"https:\/\/www.institutodeengenharia.org.br\/site\/wp-content\/uploads\/2019\/08\/tv_engenharia.jpg","type":"image\/jpeg"}],"author":"Bianca","twitter_card":"summary_large_image","twitter_title":"IE Talks: A Ponte do Abun\u00e3 e a integra\u00e7\u00e3o da AMACRO ao Pac\u00edfico","twitter_description":"Assista abaixo \u00e0 grava\u00e7\u00e3o do evento","twitter_image":"https:\/\/www.institutodeengenharia.org.br\/site\/wp-content\/uploads\/2019\/08\/tv_engenharia.jpg","twitter_creator":"@iengenharia","twitter_site":"@iengenharia","twitter_misc":{"Escrito por":"Bianca","Est. tempo de leitura":"3 minutos"},"schema":{"@context":"https:\/\/schema.org","@graph":[{"@type":"Article","@id":"https:\/\/www.institutodeengenharia.org.br\/site\/2021\/06\/09\/ie-talks-a-ponte-do-abuna-e-a-integracao-da-amacro-ao-pacifico\/#article","isPartOf":{"@id":"https:\/\/www.institutodeengenharia.org.br\/site\/2021\/06\/09\/ie-talks-a-ponte-do-abuna-e-a-integracao-da-amacro-ao-pacifico\/"},"author":{"name":"Bianca","@id":"https:\/\/www.institutodeengenharia.org.br\/site\/#\/schema\/person\/aeb64951c405e100d26d30b033dd423f"},"headline":"IE Talks: A Ponte do Abun\u00e3 e a integra\u00e7\u00e3o da AMACRO ao Pac\u00edfico","datePublished":"2021-06-09T18:45:16+00:00","dateModified":"2021-06-15T18:45:34+00:00","mainEntityOfPage":{"@id":"https:\/\/www.institutodeengenharia.org.br\/site\/2021\/06\/09\/ie-talks-a-ponte-do-abuna-e-a-integracao-da-amacro-ao-pacifico\/"},"wordCount":474,"commentCount":0,"publisher":{"@id":"https:\/\/www.institutodeengenharia.org.br\/site\/#organization"},"image":{"@id":"https:\/\/www.institutodeengenharia.org.br\/site\/2021\/06\/09\/ie-talks-a-ponte-do-abuna-e-a-integracao-da-amacro-ao-pacifico\/#primaryimage"},"thumbnailUrl":"https:\/\/www.institutodeengenharia.org.br\/site\/wp-content\/uploads\/2021\/06\/MicrosoftTeams-image-15-1-1.webp","articleSection":["Departamento de Desenvolvimento Agr\u00e1rio","Divis\u00f5es T\u00e9cnicas","Nova TV Engenharia","Palestra"],"inLanguage":"pt-BR","potentialAction":[{"@type":"CommentAction","name":"Comment","target":["https:\/\/www.institutodeengenharia.org.br\/site\/2021\/06\/09\/ie-talks-a-ponte-do-abuna-e-a-integracao-da-amacro-ao-pacifico\/#respond"]}]},{"@type":"WebPage","@id":"https:\/\/www.institutodeengenharia.org.br\/site\/2021\/06\/09\/ie-talks-a-ponte-do-abuna-e-a-integracao-da-amacro-ao-pacifico\/","url":"https:\/\/www.institutodeengenharia.org.br\/site\/2021\/06\/09\/ie-talks-a-ponte-do-abuna-e-a-integracao-da-amacro-ao-pacifico\/","name":"IE Talks: A Ponte do Abun\u00e3 e a integra\u00e7\u00e3o da AMACRO ao Pac\u00edfico - Instituto de Engenharia","isPartOf":{"@id":"https:\/\/www.institutodeengenharia.org.br\/site\/#website"},"primaryImageOfPage":{"@id":"https:\/\/www.institutodeengenharia.org.br\/site\/2021\/06\/09\/ie-talks-a-ponte-do-abuna-e-a-integracao-da-amacro-ao-pacifico\/#primaryimage"},"image":{"@id":"https:\/\/www.institutodeengenharia.org.br\/site\/2021\/06\/09\/ie-talks-a-ponte-do-abuna-e-a-integracao-da-amacro-ao-pacifico\/#primaryimage"},"thumbnailUrl":"https:\/\/www.institutodeengenharia.org.br\/site\/wp-content\/uploads\/2021\/06\/MicrosoftTeams-image-15-1-1.webp","datePublished":"2021-06-09T18:45:16+00:00","dateModified":"2021-06-15T18:45:34+00:00","breadcrumb":{"@id":"https:\/\/www.institutodeengenharia.org.br\/site\/2021\/06\/09\/ie-talks-a-ponte-do-abuna-e-a-integracao-da-amacro-ao-pacifico\/#breadcrumb"},"inLanguage":"pt-BR","potentialAction":[{"@type":"ReadAction","target":["https:\/\/www.institutodeengenharia.org.br\/site\/2021\/06\/09\/ie-talks-a-ponte-do-abuna-e-a-integracao-da-amacro-ao-pacifico\/"]}]},{"@type":"ImageObject","inLanguage":"pt-BR","@id":"https:\/\/www.institutodeengenharia.org.br\/site\/2021\/06\/09\/ie-talks-a-ponte-do-abuna-e-a-integracao-da-amacro-ao-pacifico\/#primaryimage","url":"https:\/\/www.institutodeengenharia.org.br\/site\/wp-content\/uploads\/2021\/06\/MicrosoftTeams-image-15-1-1.webp","contentUrl":"https:\/\/www.institutodeengenharia.org.br\/site\/wp-content\/uploads\/2021\/06\/MicrosoftTeams-image-15-1-1.webp","width":690,"height":315},{"@type":"BreadcrumbList","@id":"https:\/\/www.institutodeengenharia.org.br\/site\/2021\/06\/09\/ie-talks-a-ponte-do-abuna-e-a-integracao-da-amacro-ao-pacifico\/#breadcrumb","itemListElement":[{"@type":"ListItem","position":1,"name":"In\u00edcio","item":"https:\/\/www.institutodeengenharia.org.br\/site\/"},{"@type":"ListItem","position":2,"name":"IE Talks: A Ponte do Abun\u00e3 e a integra\u00e7\u00e3o da AMACRO ao Pac\u00edfico"}]},{"@type":"WebSite","@id":"https:\/\/www.institutodeengenharia.org.br\/site\/#website","url":"https:\/\/www.institutodeengenharia.org.br\/site\/","name":"Instituto de Engenharia","description":"O Instituto de Engenharia promove a Engenharia em benef\u00edcio do desenvolvimento e da qualidade de vida da sociedade.","publisher":{"@id":"https:\/\/www.institutodeengenharia.org.br\/site\/#organization"},"potentialAction":[{"@type":"SearchAction","target":{"@type":"EntryPoint","urlTemplate":"https:\/\/www.institutodeengenharia.org.br\/site\/?s={search_term_string}"},"query-input":{"@type":"PropertyValueSpecification","valueRequired":true,"valueName":"search_term_string"}}],"inLanguage":"pt-BR"},{"@type":"Organization","@id":"https:\/\/www.institutodeengenharia.org.br\/site\/#organization","name":"Instituto de Engenharia","url":"https:\/\/www.institutodeengenharia.org.br\/site\/","logo":{"@type":"ImageObject","inLanguage":"pt-BR","@id":"https:\/\/www.institutodeengenharia.org.br\/site\/#\/schema\/logo\/image\/","url":"https:\/\/www.institutodeengenharia.org.br\/site\/wp-content\/uploads\/2019\/03\/logo-novo-IE2018-1.jpg","contentUrl":"https:\/\/www.institutodeengenharia.org.br\/site\/wp-content\/uploads\/2019\/03\/logo-novo-IE2018-1.jpg","width":1486,"height":1879,"caption":"Instituto de Engenharia"},"image":{"@id":"https:\/\/www.institutodeengenharia.org.br\/site\/#\/schema\/logo\/image\/"},"sameAs":["https:\/\/www.facebook.com\/institutodeengenharia","https:\/\/x.com\/iengenharia","https:\/\/www.instagram.com\/institutodeengenharia\/","https:\/\/www.linkedin.com\/company\/instituto-de-engenharia\/","https:\/\/www.youtube.com\/channel\/UCXiCAlsSMe977vamW915HxA"]},{"@type":"Person","@id":"https:\/\/www.institutodeengenharia.org.br\/site\/#\/schema\/person\/aeb64951c405e100d26d30b033dd423f","name":"Bianca","image":{"@type":"ImageObject","inLanguage":"pt-BR","@id":"https:\/\/secure.gravatar.com\/avatar\/a6fbe9bff57405baf4c1e2c5c1811e072b558253974a9f9508f4678900c97c2a?s=96&d=mm&r=g","url":"https:\/\/secure.gravatar.com\/avatar\/a6fbe9bff57405baf4c1e2c5c1811e072b558253974a9f9508f4678900c97c2a?s=96&d=mm&r=g","contentUrl":"https:\/\/secure.gravatar.com\/avatar\/a6fbe9bff57405baf4c1e2c5c1811e072b558253974a9f9508f4678900c97c2a?s=96&d=mm&r=g","caption":"Bianca"},"url":"https:\/\/www.institutodeengenharia.org.br\/site\/author\/comunicacao1\/"}]}},"_links":{"self":[{"href":"https:\/\/www.institutodeengenharia.org.br\/site\/wp-json\/wp\/v2\/posts\/81733","targetHints":{"allow":["GET"]}}],"collection":[{"href":"https:\/\/www.institutodeengenharia.org.br\/site\/wp-json\/wp\/v2\/posts"}],"about":[{"href":"https:\/\/www.institutodeengenharia.org.br\/site\/wp-json\/wp\/v2\/types\/post"}],"author":[{"embeddable":true,"href":"https:\/\/www.institutodeengenharia.org.br\/site\/wp-json\/wp\/v2\/users\/13"}],"replies":[{"embeddable":true,"href":"https:\/\/www.institutodeengenharia.org.br\/site\/wp-json\/wp\/v2\/comments?post=81733"}],"version-history":[{"count":1,"href":"https:\/\/www.institutodeengenharia.org.br\/site\/wp-json\/wp\/v2\/posts\/81733\/revisions"}],"predecessor-version":[{"id":81734,"href":"https:\/\/www.institutodeengenharia.org.br\/site\/wp-json\/wp\/v2\/posts\/81733\/revisions\/81734"}],"wp:featuredmedia":[{"embeddable":true,"href":"https:\/\/www.institutodeengenharia.org.br\/site\/wp-json\/wp\/v2\/media\/81355"}],"wp:attachment":[{"href":"https:\/\/www.institutodeengenharia.org.br\/site\/wp-json\/wp\/v2\/media?parent=81733"}],"wp:term":[{"taxonomy":"category","embeddable":true,"href":"https:\/\/www.institutodeengenharia.org.br\/site\/wp-json\/wp\/v2\/categories?post=81733"},{"taxonomy":"post_tag","embeddable":true,"href":"https:\/\/www.institutodeengenharia.org.br\/site\/wp-json\/wp\/v2\/tags?post=81733"}],"curies":[{"name":"wp","href":"https:\/\/api.w.org\/{rel}","templated":true}]}}