{"id":81539,"date":"2021-06-07T10:51:48","date_gmt":"2021-06-07T13:51:48","guid":{"rendered":"https:\/\/www.institutodeengenharia.org.br\/site\/?p=81539"},"modified":"2021-06-10T14:58:05","modified_gmt":"2021-06-10T17:58:05","slug":"ie-talks-serie-experiencias-e-desafios-um-papo-com-diretores-regionais-a-resiliencia-a-inundacoes-em-toquio","status":"publish","type":"post","link":"https:\/\/www.institutodeengenharia.org.br\/site\/2021\/06\/07\/ie-talks-serie-experiencias-e-desafios-um-papo-com-diretores-regionais-a-resiliencia-a-inundacoes-em-toquio\/","title":{"rendered":"IE Talks &#8211; S\u00e9rie: &#8220;A resili\u00eancia a inunda\u00e7\u00f5es em T\u00f3quio&#8221;"},"content":{"rendered":"<p>&nbsp;<\/p>\n<p><strong>Assista abaixo \u00e0 grava\u00e7\u00e3o do evento:<\/strong><\/p>\n<p><iframe loading=\"lazy\" src=\"https:\/\/player.vimeo.com\/video\/560444280\" width=\"640\" height=\"360\" frameborder=\"0\" allowfullscreen=\"allowfullscreen\"><\/iframe><\/p>\n<p><strong>+ Informa\u00e7\u00f5es:\u00a0<\/strong><\/p>\n<p>\u201cExperi\u00eancias e Desafios: Um papo com Diretores Regionais\u201d<\/p>\n<p><strong>P\u00fablico-alvo:<\/strong><\/p>\n<p>Engenheiros, arquitetos, t\u00e9cnicos, estudantes e demais interessados.<\/p>\n<p><strong>Palestrante:<\/strong><\/p>\n<p><img loading=\"lazy\" decoding=\"async\" class=\"alignnone size-full wp-image-79442 td-animation-stack-type0-2\" src=\"https:\/\/www.institutodeengenharia.org.br\/site\/wp-content\/uploads\/2021\/04\/sydnei.png\" alt=\"\" width=\"133\" height=\"155\" \/><\/p>\n<p><strong>Eng. Sideney Antunes Schreiner J\u00fanior \u2013 Diretor Regional de T\u00f3quio \u2013 Jap\u00e3o<\/strong><\/p>\n<p>Graduado em engenharia civil pela Universidade de Bras\u00edlia, mestre e doutor em engenharia de transportes pela Tokyo University of Marine Science and Technology (Jap\u00e3o), pesquisador no p\u00f3s-doutorado em log\u00edstica urbana na Kyoto University (Jap\u00e3o) e, especialista em modelagem de demanda de transportes e microssimula\u00e7\u00e3o de tr\u00e1fego com diversas publica\u00e7\u00f5es t\u00e9cnicas e acad\u00eamicas na \u00e1rea. Atuou em projetos desenvolvidos em todo Brasil, Am\u00e9rica Central, Europa, \u00c1frica e \u00c1sia como profissional nas \u00e1reas de engenharia de tr\u00e1fego, planejamento de transportes e log\u00edstica urbana pela EWS Engenharia de Transportes (S\u00e3o Paulo) e na Takumi Co., Ltd. (T\u00f3quio), ambas especializadas em modelos de simula\u00e7\u00e3o para mobilidade urbana e, no setor p\u00fablico, foi Diretor Executivo de Planejamento de Mobilidade Urbana da Prefeitura do Recife. \u00c9 consultor para o Banco Mundial em projetos de resili\u00eancia de infraestrutura de transportes e mitiga\u00e7\u00e3o de impactos das mudan\u00e7as clim\u00e1ticas na mobilidade urbana e pesquisador s\u00eanior associado \u00e0 Nihon University, em T\u00f3quio\/Jap\u00e3o.<\/p>\n<p><strong>Convidado:\u00a0<\/strong><\/p>\n<p><img loading=\"lazy\" decoding=\"async\" class=\"alignnone wp-image-77745 td-animation-stack-type0-2\" src=\"https:\/\/www.institutodeengenharia.org.br\/site\/wp-content\/uploads\/2021\/02\/vinicius-scaled.jpg\" alt=\"\" width=\"138\" height=\"184\" srcset=\"https:\/\/www.institutodeengenharia.org.br\/site\/wp-content\/uploads\/2021\/02\/vinicius-scaled.jpg 1920w, https:\/\/www.institutodeengenharia.org.br\/site\/wp-content\/uploads\/2021\/02\/vinicius-225x300.jpg 225w, https:\/\/www.institutodeengenharia.org.br\/site\/wp-content\/uploads\/2021\/02\/vinicius-768x1024.jpg 768w, https:\/\/www.institutodeengenharia.org.br\/site\/wp-content\/uploads\/2021\/02\/vinicius-1152x1536.jpg 1152w, https:\/\/www.institutodeengenharia.org.br\/site\/wp-content\/uploads\/2021\/02\/vinicius-1536x2048.jpg 1536w, https:\/\/www.institutodeengenharia.org.br\/site\/wp-content\/uploads\/2021\/02\/vinicius-696x928.jpg 696w, https:\/\/www.institutodeengenharia.org.br\/site\/wp-content\/uploads\/2021\/02\/vinicius-1068x1424.jpg 1068w, https:\/\/www.institutodeengenharia.org.br\/site\/wp-content\/uploads\/2021\/02\/vinicius-315x420.jpg 315w, https:\/\/www.institutodeengenharia.org.br\/site\/wp-content\/uploads\/2021\/02\/vinicius-600x800.jpg 600w\" sizes=\"auto, (max-width: 138px) 100vw, 138px\" \/><\/p>\n<p><strong>Vinicius Caruso \u2013 Bacharel em Engenharia Civil pela Escola de Engenharia da Universidade Presbiteriana Mackenzie<\/strong><\/p>\n<p>Bacharel em Engenharia Civil pela Escola de Engenharia da Universidade Presbiteriana Mackenzie, mestrado em Engenharia Civil, com \u00eanfase em recursos h\u00eddricos\/hidr\u00e1ulica, na FEC-UNICAMP. Atuou participando das obras de duplica\u00e7\u00e3o da Rod. R\u00e9gis Bittencourt (BR-116) no trecho da Serra do Cafezal e da transposi\u00e7\u00e3o da Bacia do Rio Itapanha\u00fa para o Sistema Produtor Alto Tiet\u00ea. \u00c9 associado do Instituto Brasileiro do Concreto (IBRACON) onde coordenou o concurso t\u00e9cnico \u201cOusadia\u201d e do \u201cSemin\u00e1rio sobre o Ensino de Eng. Civil\u201d. Foi membro da delega\u00e7\u00e3o brasileira da \u201cThe Youth Assembly 2018 Winter\u201d, realizada na sede da Organiza\u00e7\u00e3o das Na\u00e7\u00f5es Unidas (ONU), em Nova York, EUA. Atua em engenharia consultiva e de projetos, no saneamento b\u00e1sico (\u00e1gua, esgotos e drenagem urbana) e em obras hidr\u00e1ulicas e \u00e9 o coordenador do Comit\u00ea T\u00e9cnico (CT) IBRACON de Aplica\u00e7\u00f5es do Concreto para Obras de Saneamento B\u00e1sico. No Instituto de Engenharia (IE), foi assessor da Vice-Presid\u00eancia de Rela\u00e7\u00f5es Externas, assessor da Divis\u00e3o de Estruturas e \u00e9 integrante no Comit\u00ea de Indicadores Econ\u00f4micos e Tecnol\u00f3gicos do Movimento \u201cBrasil Constru\u00e7\u00e3o 4.0\u201d, iniciativa conjunta do IE com a ABEMI, o SINICON e a Deloitte.<\/p>\n<p><strong>Realiza\u00e7\u00e3o:<\/strong><\/p>\n<p><strong>Ricardo Kenzo<\/strong>\u00a0\u2013 Vice-Presidente de Rela\u00e7\u00f5es Externas<\/p>\n<p><strong>Apoio Institucional:<\/strong><\/p>\n<p><img loading=\"lazy\" decoding=\"async\" class=\"alignnone wp-image-77696 td-animation-stack-type0-2\" src=\"https:\/\/www.institutodeengenharia.org.br\/site\/wp-content\/uploads\/2021\/02\/crea.jpg\" alt=\"\" width=\"145\" height=\"102\" srcset=\"https:\/\/www.institutodeengenharia.org.br\/site\/wp-content\/uploads\/2021\/02\/crea.jpg 448w, https:\/\/www.institutodeengenharia.org.br\/site\/wp-content\/uploads\/2021\/02\/crea-300x211.jpg 300w, https:\/\/www.institutodeengenharia.org.br\/site\/wp-content\/uploads\/2021\/02\/crea-100x70.jpg 100w\" sizes=\"auto, (max-width: 145px) 100vw, 145px\" \/><\/p>\n<p><strong>Apoio \u00e0 forma\u00e7\u00e3o:\u00a0<\/strong><\/p>\n<p>Espa\u00e7o aberto ao CREA-SP, objetivando o aperfei\u00e7oamento dos profissionais e o aprimoramento da fiscaliza\u00e7\u00e3o das \u00e1reas abrangidas pelo Sistema Confea\/CREAs, al\u00e9m de promover a conscientiza\u00e7\u00e3o da sociedade quanto \u00e0 necessidade e obrigatoriedade de contratar um profissional devidamente habilitado.<\/p>\n<p>&nbsp;<\/p>\n","protected":false},"excerpt":{"rendered":"<p>&nbsp; Assista abaixo \u00e0 grava\u00e7\u00e3o do evento: + Informa\u00e7\u00f5es:\u00a0 \u201cExperi\u00eancias e Desafios: Um papo com Diretores Regionais\u201d P\u00fablico-alvo: Engenheiros, arquitetos, t\u00e9cnicos, estudantes e demais interessados. Palestrante: Eng. Sideney Antunes Schreiner J\u00fanior \u2013 Diretor Regional de T\u00f3quio \u2013 Jap\u00e3o Graduado em engenharia civil pela Universidade de Bras\u00edlia, mestre e doutor em engenharia de transportes pela Tokyo [&hellip;]<\/p>\n","protected":false},"author":13,"featured_media":81014,"comment_status":"open","ping_status":"open","sticky":false,"template":"","format":"standard","meta":{"footnotes":""},"categories":[968,969],"tags":[],"class_list":{"0":"post-81539","1":"post","2":"type-post","3":"status-publish","4":"format-standard","5":"has-post-thumbnail","7":"category-nova-tv-engenharia","8":"category-palestra"},"yoast_head":"<!-- This site is optimized with the Yoast SEO plugin v27.2 - https:\/\/yoast.com\/product\/yoast-seo-wordpress\/ -->\n<title>IE Talks - S\u00e9rie: &quot;A resili\u00eancia a inunda\u00e7\u00f5es em T\u00f3quio&quot; - Instituto de Engenharia<\/title>\n<meta name=\"robots\" content=\"index, follow, max-snippet:-1, max-image-preview:large, max-video-preview:-1\" \/>\n<link rel=\"canonical\" href=\"https:\/\/www.institutodeengenharia.org.br\/site\/2021\/06\/07\/ie-talks-serie-experiencias-e-desafios-um-papo-com-diretores-regionais-a-resiliencia-a-inundacoes-em-toquio\/\" \/>\n<meta property=\"og:locale\" content=\"pt_BR\" \/>\n<meta property=\"og:type\" content=\"article\" \/>\n<meta property=\"og:title\" content=\"IE Talks: S\u00e9rie: Experi\u00eancias e Desafios - Um Papo com Diretores Regionais - A Resili\u00eancia a Inunda\u00e7\u00f5es em T\u00f3quio\" \/>\n<meta property=\"og:description\" content=\"\u201cExperi\u00eancias e Desafios: Um papo com Diretores Regionais\u201d\" \/>\n<meta property=\"og:url\" content=\"https:\/\/www.institutodeengenharia.org.br\/site\/2021\/06\/07\/ie-talks-serie-experiencias-e-desafios-um-papo-com-diretores-regionais-a-resiliencia-a-inundacoes-em-toquio\/\" \/>\n<meta property=\"og:site_name\" content=\"Instituto de Engenharia\" \/>\n<meta property=\"article:publisher\" content=\"https:\/\/www.facebook.com\/institutodeengenharia\" \/>\n<meta property=\"article:published_time\" content=\"2021-06-07T13:51:48+00:00\" \/>\n<meta property=\"article:modified_time\" content=\"2021-06-10T17:58:05+00:00\" \/>\n<meta property=\"og:image\" content=\"https:\/\/www.institutodeengenharia.org.br\/site\/wp-content\/uploads\/2019\/08\/tv_engenharia.jpg\" \/>\n\t<meta property=\"og:image:width\" content=\"1280\" \/>\n\t<meta property=\"og:image:height\" content=\"853\" \/>\n\t<meta property=\"og:image:type\" content=\"image\/jpeg\" \/>\n<meta name=\"author\" content=\"Bianca\" \/>\n<meta name=\"twitter:card\" content=\"summary_large_image\" \/>\n<meta name=\"twitter:title\" content=\"IE Talks: S\u00e9rie: Experi\u00eancias e Desafios - Um Papo com Diretores Regionais - A Resili\u00eancia a Inunda\u00e7\u00f5es em T\u00f3quio\" \/>\n<meta name=\"twitter:description\" content=\"\u201cExperi\u00eancias e Desafios: Um papo com Diretores Regionais\u201d\" \/>\n<meta name=\"twitter:image\" content=\"https:\/\/www.institutodeengenharia.org.br\/site\/wp-content\/uploads\/2019\/08\/tv_engenharia.jpg\" \/>\n<meta name=\"twitter:creator\" content=\"@iengenharia\" \/>\n<meta name=\"twitter:site\" content=\"@iengenharia\" \/>\n<meta name=\"twitter:label1\" content=\"Escrito por\" \/>\n\t<meta name=\"twitter:data1\" content=\"Bianca\" \/>\n\t<meta name=\"twitter:label2\" content=\"Est. tempo de leitura\" \/>\n\t<meta name=\"twitter:data2\" content=\"3 minutos\" \/>\n<script type=\"application\/ld+json\" class=\"yoast-schema-graph\">{\"@context\":\"https:\/\/schema.org\",\"@graph\":[{\"@type\":\"Article\",\"@id\":\"https:\/\/www.institutodeengenharia.org.br\/site\/2021\/06\/07\/ie-talks-serie-experiencias-e-desafios-um-papo-com-diretores-regionais-a-resiliencia-a-inundacoes-em-toquio\/#article\",\"isPartOf\":{\"@id\":\"https:\/\/www.institutodeengenharia.org.br\/site\/2021\/06\/07\/ie-talks-serie-experiencias-e-desafios-um-papo-com-diretores-regionais-a-resiliencia-a-inundacoes-em-toquio\/\"},\"author\":{\"name\":\"Bianca\",\"@id\":\"https:\/\/www.institutodeengenharia.org.br\/site\/#\/schema\/person\/aeb64951c405e100d26d30b033dd423f\"},\"headline\":\"IE Talks &#8211; S\u00e9rie: &#8220;A resili\u00eancia a inunda\u00e7\u00f5es em T\u00f3quio&#8221;\",\"datePublished\":\"2021-06-07T13:51:48+00:00\",\"dateModified\":\"2021-06-10T17:58:05+00:00\",\"mainEntityOfPage\":{\"@id\":\"https:\/\/www.institutodeengenharia.org.br\/site\/2021\/06\/07\/ie-talks-serie-experiencias-e-desafios-um-papo-com-diretores-regionais-a-resiliencia-a-inundacoes-em-toquio\/\"},\"wordCount\":503,\"commentCount\":0,\"publisher\":{\"@id\":\"https:\/\/www.institutodeengenharia.org.br\/site\/#organization\"},\"image\":{\"@id\":\"https:\/\/www.institutodeengenharia.org.br\/site\/2021\/06\/07\/ie-talks-serie-experiencias-e-desafios-um-papo-com-diretores-regionais-a-resiliencia-a-inundacoes-em-toquio\/#primaryimage\"},\"thumbnailUrl\":\"https:\/\/www.institutodeengenharia.org.br\/site\/wp-content\/uploads\/2021\/05\/japan-4524260_1920.jpg\",\"articleSection\":[\"Nova TV Engenharia\",\"Palestra\"],\"inLanguage\":\"pt-BR\",\"potentialAction\":[{\"@type\":\"CommentAction\",\"name\":\"Comment\",\"target\":[\"https:\/\/www.institutodeengenharia.org.br\/site\/2021\/06\/07\/ie-talks-serie-experiencias-e-desafios-um-papo-com-diretores-regionais-a-resiliencia-a-inundacoes-em-toquio\/#respond\"]}]},{\"@type\":\"WebPage\",\"@id\":\"https:\/\/www.institutodeengenharia.org.br\/site\/2021\/06\/07\/ie-talks-serie-experiencias-e-desafios-um-papo-com-diretores-regionais-a-resiliencia-a-inundacoes-em-toquio\/\",\"url\":\"https:\/\/www.institutodeengenharia.org.br\/site\/2021\/06\/07\/ie-talks-serie-experiencias-e-desafios-um-papo-com-diretores-regionais-a-resiliencia-a-inundacoes-em-toquio\/\",\"name\":\"IE Talks - S\u00e9rie: \\\"A resili\u00eancia a inunda\u00e7\u00f5es em T\u00f3quio\\\" - Instituto de Engenharia\",\"isPartOf\":{\"@id\":\"https:\/\/www.institutodeengenharia.org.br\/site\/#website\"},\"primaryImageOfPage\":{\"@id\":\"https:\/\/www.institutodeengenharia.org.br\/site\/2021\/06\/07\/ie-talks-serie-experiencias-e-desafios-um-papo-com-diretores-regionais-a-resiliencia-a-inundacoes-em-toquio\/#primaryimage\"},\"image\":{\"@id\":\"https:\/\/www.institutodeengenharia.org.br\/site\/2021\/06\/07\/ie-talks-serie-experiencias-e-desafios-um-papo-com-diretores-regionais-a-resiliencia-a-inundacoes-em-toquio\/#primaryimage\"},\"thumbnailUrl\":\"https:\/\/www.institutodeengenharia.org.br\/site\/wp-content\/uploads\/2021\/05\/japan-4524260_1920.jpg\",\"datePublished\":\"2021-06-07T13:51:48+00:00\",\"dateModified\":\"2021-06-10T17:58:05+00:00\",\"breadcrumb\":{\"@id\":\"https:\/\/www.institutodeengenharia.org.br\/site\/2021\/06\/07\/ie-talks-serie-experiencias-e-desafios-um-papo-com-diretores-regionais-a-resiliencia-a-inundacoes-em-toquio\/#breadcrumb\"},\"inLanguage\":\"pt-BR\",\"potentialAction\":[{\"@type\":\"ReadAction\",\"target\":[\"https:\/\/www.institutodeengenharia.org.br\/site\/2021\/06\/07\/ie-talks-serie-experiencias-e-desafios-um-papo-com-diretores-regionais-a-resiliencia-a-inundacoes-em-toquio\/\"]}]},{\"@type\":\"ImageObject\",\"inLanguage\":\"pt-BR\",\"@id\":\"https:\/\/www.institutodeengenharia.org.br\/site\/2021\/06\/07\/ie-talks-serie-experiencias-e-desafios-um-papo-com-diretores-regionais-a-resiliencia-a-inundacoes-em-toquio\/#primaryimage\",\"url\":\"https:\/\/www.institutodeengenharia.org.br\/site\/wp-content\/uploads\/2021\/05\/japan-4524260_1920.jpg\",\"contentUrl\":\"https:\/\/www.institutodeengenharia.org.br\/site\/wp-content\/uploads\/2021\/05\/japan-4524260_1920.jpg\",\"width\":1920,\"height\":1079},{\"@type\":\"BreadcrumbList\",\"@id\":\"https:\/\/www.institutodeengenharia.org.br\/site\/2021\/06\/07\/ie-talks-serie-experiencias-e-desafios-um-papo-com-diretores-regionais-a-resiliencia-a-inundacoes-em-toquio\/#breadcrumb\",\"itemListElement\":[{\"@type\":\"ListItem\",\"position\":1,\"name\":\"In\u00edcio\",\"item\":\"https:\/\/www.institutodeengenharia.org.br\/site\/\"},{\"@type\":\"ListItem\",\"position\":2,\"name\":\"IE Talks &#8211; S\u00e9rie: &#8220;A resili\u00eancia a inunda\u00e7\u00f5es em T\u00f3quio&#8221;\"}]},{\"@type\":\"WebSite\",\"@id\":\"https:\/\/www.institutodeengenharia.org.br\/site\/#website\",\"url\":\"https:\/\/www.institutodeengenharia.org.br\/site\/\",\"name\":\"Instituto de Engenharia\",\"description\":\"O Instituto de Engenharia promove a Engenharia em benef\u00edcio do desenvolvimento e da qualidade de vida da sociedade.\",\"publisher\":{\"@id\":\"https:\/\/www.institutodeengenharia.org.br\/site\/#organization\"},\"potentialAction\":[{\"@type\":\"SearchAction\",\"target\":{\"@type\":\"EntryPoint\",\"urlTemplate\":\"https:\/\/www.institutodeengenharia.org.br\/site\/?s={search_term_string}\"},\"query-input\":{\"@type\":\"PropertyValueSpecification\",\"valueRequired\":true,\"valueName\":\"search_term_string\"}}],\"inLanguage\":\"pt-BR\"},{\"@type\":\"Organization\",\"@id\":\"https:\/\/www.institutodeengenharia.org.br\/site\/#organization\",\"name\":\"Instituto de Engenharia\",\"url\":\"https:\/\/www.institutodeengenharia.org.br\/site\/\",\"logo\":{\"@type\":\"ImageObject\",\"inLanguage\":\"pt-BR\",\"@id\":\"https:\/\/www.institutodeengenharia.org.br\/site\/#\/schema\/logo\/image\/\",\"url\":\"https:\/\/www.institutodeengenharia.org.br\/site\/wp-content\/uploads\/2019\/03\/logo-novo-IE2018-1.jpg\",\"contentUrl\":\"https:\/\/www.institutodeengenharia.org.br\/site\/wp-content\/uploads\/2019\/03\/logo-novo-IE2018-1.jpg\",\"width\":1486,\"height\":1879,\"caption\":\"Instituto de Engenharia\"},\"image\":{\"@id\":\"https:\/\/www.institutodeengenharia.org.br\/site\/#\/schema\/logo\/image\/\"},\"sameAs\":[\"https:\/\/www.facebook.com\/institutodeengenharia\",\"https:\/\/x.com\/iengenharia\",\"https:\/\/www.instagram.com\/institutodeengenharia\/\",\"https:\/\/www.linkedin.com\/company\/instituto-de-engenharia\/\",\"https:\/\/www.youtube.com\/channel\/UCXiCAlsSMe977vamW915HxA\"]},{\"@type\":\"Person\",\"@id\":\"https:\/\/www.institutodeengenharia.org.br\/site\/#\/schema\/person\/aeb64951c405e100d26d30b033dd423f\",\"name\":\"Bianca\",\"image\":{\"@type\":\"ImageObject\",\"inLanguage\":\"pt-BR\",\"@id\":\"https:\/\/secure.gravatar.com\/avatar\/a6fbe9bff57405baf4c1e2c5c1811e072b558253974a9f9508f4678900c97c2a?s=96&d=mm&r=g\",\"url\":\"https:\/\/secure.gravatar.com\/avatar\/a6fbe9bff57405baf4c1e2c5c1811e072b558253974a9f9508f4678900c97c2a?s=96&d=mm&r=g\",\"contentUrl\":\"https:\/\/secure.gravatar.com\/avatar\/a6fbe9bff57405baf4c1e2c5c1811e072b558253974a9f9508f4678900c97c2a?s=96&d=mm&r=g\",\"caption\":\"Bianca\"},\"url\":\"https:\/\/www.institutodeengenharia.org.br\/site\/author\/comunicacao1\/\"}]}<\/script>\n<!-- \/ Yoast SEO plugin. -->","yoast_head_json":{"title":"IE Talks - S\u00e9rie: \"A resili\u00eancia a inunda\u00e7\u00f5es em T\u00f3quio\" - Instituto de Engenharia","robots":{"index":"index","follow":"follow","max-snippet":"max-snippet:-1","max-image-preview":"max-image-preview:large","max-video-preview":"max-video-preview:-1"},"canonical":"https:\/\/www.institutodeengenharia.org.br\/site\/2021\/06\/07\/ie-talks-serie-experiencias-e-desafios-um-papo-com-diretores-regionais-a-resiliencia-a-inundacoes-em-toquio\/","og_locale":"pt_BR","og_type":"article","og_title":"IE Talks: S\u00e9rie: Experi\u00eancias e Desafios - Um Papo com Diretores Regionais - A Resili\u00eancia a Inunda\u00e7\u00f5es em T\u00f3quio","og_description":"\u201cExperi\u00eancias e Desafios: Um papo com Diretores Regionais\u201d","og_url":"https:\/\/www.institutodeengenharia.org.br\/site\/2021\/06\/07\/ie-talks-serie-experiencias-e-desafios-um-papo-com-diretores-regionais-a-resiliencia-a-inundacoes-em-toquio\/","og_site_name":"Instituto de Engenharia","article_publisher":"https:\/\/www.facebook.com\/institutodeengenharia","article_published_time":"2021-06-07T13:51:48+00:00","article_modified_time":"2021-06-10T17:58:05+00:00","og_image":[{"width":1280,"height":853,"url":"https:\/\/www.institutodeengenharia.org.br\/site\/wp-content\/uploads\/2019\/08\/tv_engenharia.jpg","type":"image\/jpeg"}],"author":"Bianca","twitter_card":"summary_large_image","twitter_title":"IE Talks: S\u00e9rie: Experi\u00eancias e Desafios - Um Papo com Diretores Regionais - A Resili\u00eancia a Inunda\u00e7\u00f5es em T\u00f3quio","twitter_description":"\u201cExperi\u00eancias e Desafios: Um papo com Diretores Regionais\u201d","twitter_image":"https:\/\/www.institutodeengenharia.org.br\/site\/wp-content\/uploads\/2019\/08\/tv_engenharia.jpg","twitter_creator":"@iengenharia","twitter_site":"@iengenharia","twitter_misc":{"Escrito por":"Bianca","Est. tempo de leitura":"3 minutos"},"schema":{"@context":"https:\/\/schema.org","@graph":[{"@type":"Article","@id":"https:\/\/www.institutodeengenharia.org.br\/site\/2021\/06\/07\/ie-talks-serie-experiencias-e-desafios-um-papo-com-diretores-regionais-a-resiliencia-a-inundacoes-em-toquio\/#article","isPartOf":{"@id":"https:\/\/www.institutodeengenharia.org.br\/site\/2021\/06\/07\/ie-talks-serie-experiencias-e-desafios-um-papo-com-diretores-regionais-a-resiliencia-a-inundacoes-em-toquio\/"},"author":{"name":"Bianca","@id":"https:\/\/www.institutodeengenharia.org.br\/site\/#\/schema\/person\/aeb64951c405e100d26d30b033dd423f"},"headline":"IE Talks &#8211; S\u00e9rie: &#8220;A resili\u00eancia a inunda\u00e7\u00f5es em T\u00f3quio&#8221;","datePublished":"2021-06-07T13:51:48+00:00","dateModified":"2021-06-10T17:58:05+00:00","mainEntityOfPage":{"@id":"https:\/\/www.institutodeengenharia.org.br\/site\/2021\/06\/07\/ie-talks-serie-experiencias-e-desafios-um-papo-com-diretores-regionais-a-resiliencia-a-inundacoes-em-toquio\/"},"wordCount":503,"commentCount":0,"publisher":{"@id":"https:\/\/www.institutodeengenharia.org.br\/site\/#organization"},"image":{"@id":"https:\/\/www.institutodeengenharia.org.br\/site\/2021\/06\/07\/ie-talks-serie-experiencias-e-desafios-um-papo-com-diretores-regionais-a-resiliencia-a-inundacoes-em-toquio\/#primaryimage"},"thumbnailUrl":"https:\/\/www.institutodeengenharia.org.br\/site\/wp-content\/uploads\/2021\/05\/japan-4524260_1920.jpg","articleSection":["Nova TV Engenharia","Palestra"],"inLanguage":"pt-BR","potentialAction":[{"@type":"CommentAction","name":"Comment","target":["https:\/\/www.institutodeengenharia.org.br\/site\/2021\/06\/07\/ie-talks-serie-experiencias-e-desafios-um-papo-com-diretores-regionais-a-resiliencia-a-inundacoes-em-toquio\/#respond"]}]},{"@type":"WebPage","@id":"https:\/\/www.institutodeengenharia.org.br\/site\/2021\/06\/07\/ie-talks-serie-experiencias-e-desafios-um-papo-com-diretores-regionais-a-resiliencia-a-inundacoes-em-toquio\/","url":"https:\/\/www.institutodeengenharia.org.br\/site\/2021\/06\/07\/ie-talks-serie-experiencias-e-desafios-um-papo-com-diretores-regionais-a-resiliencia-a-inundacoes-em-toquio\/","name":"IE Talks - S\u00e9rie: \"A resili\u00eancia a inunda\u00e7\u00f5es em T\u00f3quio\" - Instituto de Engenharia","isPartOf":{"@id":"https:\/\/www.institutodeengenharia.org.br\/site\/#website"},"primaryImageOfPage":{"@id":"https:\/\/www.institutodeengenharia.org.br\/site\/2021\/06\/07\/ie-talks-serie-experiencias-e-desafios-um-papo-com-diretores-regionais-a-resiliencia-a-inundacoes-em-toquio\/#primaryimage"},"image":{"@id":"https:\/\/www.institutodeengenharia.org.br\/site\/2021\/06\/07\/ie-talks-serie-experiencias-e-desafios-um-papo-com-diretores-regionais-a-resiliencia-a-inundacoes-em-toquio\/#primaryimage"},"thumbnailUrl":"https:\/\/www.institutodeengenharia.org.br\/site\/wp-content\/uploads\/2021\/05\/japan-4524260_1920.jpg","datePublished":"2021-06-07T13:51:48+00:00","dateModified":"2021-06-10T17:58:05+00:00","breadcrumb":{"@id":"https:\/\/www.institutodeengenharia.org.br\/site\/2021\/06\/07\/ie-talks-serie-experiencias-e-desafios-um-papo-com-diretores-regionais-a-resiliencia-a-inundacoes-em-toquio\/#breadcrumb"},"inLanguage":"pt-BR","potentialAction":[{"@type":"ReadAction","target":["https:\/\/www.institutodeengenharia.org.br\/site\/2021\/06\/07\/ie-talks-serie-experiencias-e-desafios-um-papo-com-diretores-regionais-a-resiliencia-a-inundacoes-em-toquio\/"]}]},{"@type":"ImageObject","inLanguage":"pt-BR","@id":"https:\/\/www.institutodeengenharia.org.br\/site\/2021\/06\/07\/ie-talks-serie-experiencias-e-desafios-um-papo-com-diretores-regionais-a-resiliencia-a-inundacoes-em-toquio\/#primaryimage","url":"https:\/\/www.institutodeengenharia.org.br\/site\/wp-content\/uploads\/2021\/05\/japan-4524260_1920.jpg","contentUrl":"https:\/\/www.institutodeengenharia.org.br\/site\/wp-content\/uploads\/2021\/05\/japan-4524260_1920.jpg","width":1920,"height":1079},{"@type":"BreadcrumbList","@id":"https:\/\/www.institutodeengenharia.org.br\/site\/2021\/06\/07\/ie-talks-serie-experiencias-e-desafios-um-papo-com-diretores-regionais-a-resiliencia-a-inundacoes-em-toquio\/#breadcrumb","itemListElement":[{"@type":"ListItem","position":1,"name":"In\u00edcio","item":"https:\/\/www.institutodeengenharia.org.br\/site\/"},{"@type":"ListItem","position":2,"name":"IE Talks &#8211; S\u00e9rie: &#8220;A resili\u00eancia a inunda\u00e7\u00f5es em T\u00f3quio&#8221;"}]},{"@type":"WebSite","@id":"https:\/\/www.institutodeengenharia.org.br\/site\/#website","url":"https:\/\/www.institutodeengenharia.org.br\/site\/","name":"Instituto de Engenharia","description":"O Instituto de Engenharia promove a Engenharia em benef\u00edcio do desenvolvimento e da qualidade de vida da sociedade.","publisher":{"@id":"https:\/\/www.institutodeengenharia.org.br\/site\/#organization"},"potentialAction":[{"@type":"SearchAction","target":{"@type":"EntryPoint","urlTemplate":"https:\/\/www.institutodeengenharia.org.br\/site\/?s={search_term_string}"},"query-input":{"@type":"PropertyValueSpecification","valueRequired":true,"valueName":"search_term_string"}}],"inLanguage":"pt-BR"},{"@type":"Organization","@id":"https:\/\/www.institutodeengenharia.org.br\/site\/#organization","name":"Instituto de Engenharia","url":"https:\/\/www.institutodeengenharia.org.br\/site\/","logo":{"@type":"ImageObject","inLanguage":"pt-BR","@id":"https:\/\/www.institutodeengenharia.org.br\/site\/#\/schema\/logo\/image\/","url":"https:\/\/www.institutodeengenharia.org.br\/site\/wp-content\/uploads\/2019\/03\/logo-novo-IE2018-1.jpg","contentUrl":"https:\/\/www.institutodeengenharia.org.br\/site\/wp-content\/uploads\/2019\/03\/logo-novo-IE2018-1.jpg","width":1486,"height":1879,"caption":"Instituto de Engenharia"},"image":{"@id":"https:\/\/www.institutodeengenharia.org.br\/site\/#\/schema\/logo\/image\/"},"sameAs":["https:\/\/www.facebook.com\/institutodeengenharia","https:\/\/x.com\/iengenharia","https:\/\/www.instagram.com\/institutodeengenharia\/","https:\/\/www.linkedin.com\/company\/instituto-de-engenharia\/","https:\/\/www.youtube.com\/channel\/UCXiCAlsSMe977vamW915HxA"]},{"@type":"Person","@id":"https:\/\/www.institutodeengenharia.org.br\/site\/#\/schema\/person\/aeb64951c405e100d26d30b033dd423f","name":"Bianca","image":{"@type":"ImageObject","inLanguage":"pt-BR","@id":"https:\/\/secure.gravatar.com\/avatar\/a6fbe9bff57405baf4c1e2c5c1811e072b558253974a9f9508f4678900c97c2a?s=96&d=mm&r=g","url":"https:\/\/secure.gravatar.com\/avatar\/a6fbe9bff57405baf4c1e2c5c1811e072b558253974a9f9508f4678900c97c2a?s=96&d=mm&r=g","contentUrl":"https:\/\/secure.gravatar.com\/avatar\/a6fbe9bff57405baf4c1e2c5c1811e072b558253974a9f9508f4678900c97c2a?s=96&d=mm&r=g","caption":"Bianca"},"url":"https:\/\/www.institutodeengenharia.org.br\/site\/author\/comunicacao1\/"}]}},"_links":{"self":[{"href":"https:\/\/www.institutodeengenharia.org.br\/site\/wp-json\/wp\/v2\/posts\/81539","targetHints":{"allow":["GET"]}}],"collection":[{"href":"https:\/\/www.institutodeengenharia.org.br\/site\/wp-json\/wp\/v2\/posts"}],"about":[{"href":"https:\/\/www.institutodeengenharia.org.br\/site\/wp-json\/wp\/v2\/types\/post"}],"author":[{"embeddable":true,"href":"https:\/\/www.institutodeengenharia.org.br\/site\/wp-json\/wp\/v2\/users\/13"}],"replies":[{"embeddable":true,"href":"https:\/\/www.institutodeengenharia.org.br\/site\/wp-json\/wp\/v2\/comments?post=81539"}],"version-history":[{"count":2,"href":"https:\/\/www.institutodeengenharia.org.br\/site\/wp-json\/wp\/v2\/posts\/81539\/revisions"}],"predecessor-version":[{"id":81541,"href":"https:\/\/www.institutodeengenharia.org.br\/site\/wp-json\/wp\/v2\/posts\/81539\/revisions\/81541"}],"wp:featuredmedia":[{"embeddable":true,"href":"https:\/\/www.institutodeengenharia.org.br\/site\/wp-json\/wp\/v2\/media\/81014"}],"wp:attachment":[{"href":"https:\/\/www.institutodeengenharia.org.br\/site\/wp-json\/wp\/v2\/media?parent=81539"}],"wp:term":[{"taxonomy":"category","embeddable":true,"href":"https:\/\/www.institutodeengenharia.org.br\/site\/wp-json\/wp\/v2\/categories?post=81539"},{"taxonomy":"post_tag","embeddable":true,"href":"https:\/\/www.institutodeengenharia.org.br\/site\/wp-json\/wp\/v2\/tags?post=81539"}],"curies":[{"name":"wp","href":"https:\/\/api.w.org\/{rel}","templated":true}]}}