{"id":80875,"date":"2021-05-18T16:28:36","date_gmt":"2021-05-18T19:28:36","guid":{"rendered":"https:\/\/www.institutodeengenharia.org.br\/site\/?p=80875"},"modified":"2021-05-26T14:22:34","modified_gmt":"2021-05-26T17:22:34","slug":"infraestrutura-de-recarga-de-veiculos-eletricos-em-edificios-tendencias-desafios-e-solucoes","status":"publish","type":"post","link":"https:\/\/www.institutodeengenharia.org.br\/site\/2021\/05\/18\/infraestrutura-de-recarga-de-veiculos-eletricos-em-edificios-tendencias-desafios-e-solucoes\/","title":{"rendered":"Infraestrutura de recarga de ve\u00edculos el\u00e9tricos em edif\u00edcios, tend\u00eancias, desafios e solu\u00e7\u00f5es"},"content":{"rendered":"<p><strong>Assista abaixo \u00e0 grava\u00e7\u00e3o do evento:<\/strong><\/p>\n<div style=\"padding: 53.65% 0 0 0; position: relative;\"><iframe style=\"position: absolute; top: 0; left: 0; width: 100%; height: 100%;\" title=\"Infraestrutura de recarga de ve&amp;iacute;culos el&amp;eacute;tricos em edif&amp;iacute;cios, tend&amp;ecirc;ncias, desafios e solu&amp;ccedil;&amp;otilde;es\" src=\"https:\/\/player.vimeo.com\/video\/554237220?badge=0&amp;autopause=0&amp;player_id=0&amp;app_id=58479\" frameborder=\"0\" allowfullscreen=\"allowfullscreen\"><\/iframe><\/div>\n<p><script src=\"https:\/\/player.vimeo.com\/api\/player.js\"><\/script><\/p>\n<p><strong>+ Informa\u00e7\u00f5es:\u00a0<\/strong><\/p>\n<p>\u00c9 crescente no mercado brasileiro a ado\u00e7\u00e3o dos ve\u00edculos el\u00e9tricos. Com essa nova demanda surge tamb\u00e9m a necessidade de se criar pontos de recarga para esses ve\u00edculos. A maior parte das recargas ser\u00e1 feita no local de resid\u00eancia dos donos de ve\u00edculos el\u00e9tricos ou no local de trabalho.<br \/>\nEsta palestra tem como objetivo apresentar o mercado de ve\u00edculos el\u00e9tricos no Brasil, as diferen\u00e7as entre os principais modelos de ve\u00edculos e de carregadores, al\u00e9m de discorrer sobre tend\u00eancias, desafios e solu\u00e7\u00f5es de instala\u00e7\u00e3o de recarga de VE em edif\u00edcios residenciais e comerciais.<\/p>\n<p><strong>P\u00fablico-alvo:<\/strong><\/p>\n<p>Engenheiros, arquitetos, t\u00e9cnicos, estudantes e demais interessados.<\/p>\n<p><strong>Palestrante:<\/strong><\/p>\n<p><strong>Eng. Eletric. Evandro Mendes \u2013 CEO da Electricus<\/strong><\/p>\n<p>Engenheiro Eletricista pela UNESP de Guaratinguet\u00e1. Possui experi\u00eancia em projetos de infraestrutura de mobilidade (metro-ferrovi\u00e1rios, VLT e BRT), mobilidade el\u00e9trica e infraestrutura de recarga para ve\u00edculos el\u00e9tricos, neg\u00f3cios no segmento de distribui\u00e7\u00e3o de energia, projetos e produtos de baixa e m\u00e9dia tens\u00e3o. Trabalhou na ABB como especialista em desenvolvimento de neg\u00f3cios para a \u00e1rea de carregadores para ve\u00edculos el\u00e9tricos. Viv\u00eancia internacional na Alemanha e Su\u00ed\u00e7a, onde pode acompanhar o nascimento da mobilidade el\u00e9trica nesses pa\u00edses refer\u00eancias na Europa. Atua como consultor para a \u00e1rea de mobilidade el\u00e9trica, apoiando construtoras, condom\u00ednios e cond\u00f4minos nas demandas e desafios que essa nova tecnologia traz aos empreendimentos. \u00c9 membro do grupo t\u00e9cnico da elabora\u00e7\u00e3o do projeto de norma da ABNT para alimenta\u00e7\u00e3o de ve\u00edculos el\u00e9tricos.<\/p>\n<p><strong>Realiza\u00e7\u00e3o:<\/strong><\/p>\n<p><strong>Eng. Ivan Metran Whately \u2013<\/strong>\u00a0Vice-Presidente de Atividades T\u00e9cnicas<br \/>\n<strong>Eng. Al\u00e9ssio Bento Borelli \u2013<\/strong>\u00a0Diretor do Departamento de Engenharia de Energia e Telecomunica\u00e7\u00f5es<br \/>\n<strong>Eng. Paulo E. Q. M. Barreto \u2013<\/strong>\u00a0Coordenador da Divis\u00e3o T\u00e9cnica de Instala\u00e7\u00f5es El\u00e9tricas<\/p>\n<p>&nbsp;<\/p>\n<p><strong>Apoio Institucional:<\/strong><\/p>\n<p><img loading=\"lazy\" decoding=\"async\" class=\"alignnone wp-image-77696 td-animation-stack-type0-2\" src=\"https:\/\/www.institutodeengenharia.org.br\/site\/wp-content\/uploads\/2021\/02\/crea.jpg\" alt=\"\" width=\"132\" height=\"93\" srcset=\"https:\/\/www.institutodeengenharia.org.br\/site\/wp-content\/uploads\/2021\/02\/crea.jpg 448w, https:\/\/www.institutodeengenharia.org.br\/site\/wp-content\/uploads\/2021\/02\/crea-300x211.jpg 300w, https:\/\/www.institutodeengenharia.org.br\/site\/wp-content\/uploads\/2021\/02\/crea-100x70.jpg 100w\" sizes=\"auto, (max-width: 132px) 100vw, 132px\" \/><\/p>\n<p>&nbsp;<\/p>\n<p><strong>Apoio \u00e0 forma\u00e7\u00e3o:\u00a0<\/strong><\/p>\n<p>Espa\u00e7o aberto ao CREA-SP, objetivando o aperfei\u00e7oamento dos profissionais e o aprimoramento da fiscaliza\u00e7\u00e3o das \u00e1reas abrangidas pelo Sistema Confea\/CREAs, al\u00e9m de promover a conscientiza\u00e7\u00e3o da sociedade quanto \u00e0 necessidade e obrigatoriedade de contratar um profissional devidamente habilitado.<\/p>\n<p>&nbsp;<\/p>\n<p>&nbsp;<\/p>\n","protected":false},"excerpt":{"rendered":"<p>Assista abaixo \u00e0 grava\u00e7\u00e3o do evento: + Informa\u00e7\u00f5es:\u00a0 \u00c9 crescente no mercado brasileiro a ado\u00e7\u00e3o dos ve\u00edculos el\u00e9tricos. Com essa nova demanda surge tamb\u00e9m a necessidade de se criar pontos de recarga para esses ve\u00edculos. A maior parte das recargas ser\u00e1 feita no local de resid\u00eancia dos donos de ve\u00edculos el\u00e9tricos ou no local de [&hellip;]<\/p>\n","protected":false},"author":13,"featured_media":80573,"comment_status":"open","ping_status":"open","sticky":false,"template":"","format":"standard","meta":{"footnotes":""},"categories":[968,969],"tags":[],"class_list":{"0":"post-80875","1":"post","2":"type-post","3":"status-publish","4":"format-standard","5":"has-post-thumbnail","7":"category-nova-tv-engenharia","8":"category-palestra"},"yoast_head":"<!-- This site is optimized with the Yoast SEO plugin v27.2 - https:\/\/yoast.com\/product\/yoast-seo-wordpress\/ -->\n<title>Infraestrutura de recarga de ve\u00edculos el\u00e9tricos em edif\u00edcios, tend\u00eancias, desafios e solu\u00e7\u00f5es - Instituto de Engenharia<\/title>\n<meta name=\"robots\" content=\"index, follow, max-snippet:-1, max-image-preview:large, max-video-preview:-1\" \/>\n<link rel=\"canonical\" href=\"https:\/\/www.institutodeengenharia.org.br\/site\/2021\/05\/18\/infraestrutura-de-recarga-de-veiculos-eletricos-em-edificios-tendencias-desafios-e-solucoes\/\" \/>\n<meta property=\"og:locale\" content=\"pt_BR\" \/>\n<meta property=\"og:type\" content=\"article\" \/>\n<meta property=\"og:title\" content=\"Infraestrutura de recarga de ve\u00edculos el\u00e9tricos em edif\u00edcios, tend\u00eancias, desafios e solu\u00e7\u00f5es\" \/>\n<meta property=\"og:description\" content=\"Assista \u00e0 grava\u00e7\u00e3o do evento\" \/>\n<meta property=\"og:url\" content=\"https:\/\/www.institutodeengenharia.org.br\/site\/2021\/05\/18\/infraestrutura-de-recarga-de-veiculos-eletricos-em-edificios-tendencias-desafios-e-solucoes\/\" \/>\n<meta property=\"og:site_name\" content=\"Instituto de Engenharia\" \/>\n<meta property=\"article:publisher\" content=\"https:\/\/www.facebook.com\/institutodeengenharia\" \/>\n<meta property=\"article:published_time\" content=\"2021-05-18T19:28:36+00:00\" \/>\n<meta property=\"article:modified_time\" content=\"2021-05-26T17:22:34+00:00\" \/>\n<meta property=\"og:image\" content=\"https:\/\/www.institutodeengenharia.org.br\/site\/wp-content\/uploads\/2019\/08\/tv_engenharia.jpg\" \/>\n\t<meta property=\"og:image:width\" content=\"1280\" \/>\n\t<meta property=\"og:image:height\" content=\"853\" \/>\n\t<meta property=\"og:image:type\" content=\"image\/jpeg\" \/>\n<meta name=\"author\" content=\"Bianca\" \/>\n<meta name=\"twitter:card\" content=\"summary_large_image\" \/>\n<meta name=\"twitter:title\" content=\"Infraestrutura de recarga de ve\u00edculos el\u00e9tricos em edif\u00edcios, tend\u00eancias, desafios e solu\u00e7\u00f5es\" \/>\n<meta name=\"twitter:description\" content=\"Assista \u00e0 grava\u00e7\u00e3o do evento\" \/>\n<meta name=\"twitter:image\" content=\"https:\/\/www.institutodeengenharia.org.br\/site\/wp-content\/uploads\/2019\/08\/tv_engenharia.jpg\" \/>\n<meta name=\"twitter:creator\" content=\"@iengenharia\" \/>\n<meta name=\"twitter:site\" content=\"@iengenharia\" \/>\n<meta name=\"twitter:label1\" content=\"Escrito por\" \/>\n\t<meta name=\"twitter:data1\" content=\"Bianca\" \/>\n\t<meta name=\"twitter:label2\" content=\"Est. tempo de leitura\" \/>\n\t<meta name=\"twitter:data2\" content=\"2 minutos\" \/>\n<script type=\"application\/ld+json\" class=\"yoast-schema-graph\">{\"@context\":\"https:\/\/schema.org\",\"@graph\":[{\"@type\":\"Article\",\"@id\":\"https:\/\/www.institutodeengenharia.org.br\/site\/2021\/05\/18\/infraestrutura-de-recarga-de-veiculos-eletricos-em-edificios-tendencias-desafios-e-solucoes\/#article\",\"isPartOf\":{\"@id\":\"https:\/\/www.institutodeengenharia.org.br\/site\/2021\/05\/18\/infraestrutura-de-recarga-de-veiculos-eletricos-em-edificios-tendencias-desafios-e-solucoes\/\"},\"author\":{\"name\":\"Bianca\",\"@id\":\"https:\/\/www.institutodeengenharia.org.br\/site\/#\/schema\/person\/aeb64951c405e100d26d30b033dd423f\"},\"headline\":\"Infraestrutura de recarga de ve\u00edculos el\u00e9tricos em edif\u00edcios, tend\u00eancias, desafios e solu\u00e7\u00f5es\",\"datePublished\":\"2021-05-18T19:28:36+00:00\",\"dateModified\":\"2021-05-26T17:22:34+00:00\",\"mainEntityOfPage\":{\"@id\":\"https:\/\/www.institutodeengenharia.org.br\/site\/2021\/05\/18\/infraestrutura-de-recarga-de-veiculos-eletricos-em-edificios-tendencias-desafios-e-solucoes\/\"},\"wordCount\":390,\"commentCount\":0,\"publisher\":{\"@id\":\"https:\/\/www.institutodeengenharia.org.br\/site\/#organization\"},\"image\":{\"@id\":\"https:\/\/www.institutodeengenharia.org.br\/site\/2021\/05\/18\/infraestrutura-de-recarga-de-veiculos-eletricos-em-edificios-tendencias-desafios-e-solucoes\/#primaryimage\"},\"thumbnailUrl\":\"https:\/\/www.institutodeengenharia.org.br\/site\/wp-content\/uploads\/2021\/05\/PALESTRAELECRICUS-2.webp\",\"articleSection\":[\"Nova TV Engenharia\",\"Palestra\"],\"inLanguage\":\"pt-BR\",\"potentialAction\":[{\"@type\":\"CommentAction\",\"name\":\"Comment\",\"target\":[\"https:\/\/www.institutodeengenharia.org.br\/site\/2021\/05\/18\/infraestrutura-de-recarga-de-veiculos-eletricos-em-edificios-tendencias-desafios-e-solucoes\/#respond\"]}]},{\"@type\":\"WebPage\",\"@id\":\"https:\/\/www.institutodeengenharia.org.br\/site\/2021\/05\/18\/infraestrutura-de-recarga-de-veiculos-eletricos-em-edificios-tendencias-desafios-e-solucoes\/\",\"url\":\"https:\/\/www.institutodeengenharia.org.br\/site\/2021\/05\/18\/infraestrutura-de-recarga-de-veiculos-eletricos-em-edificios-tendencias-desafios-e-solucoes\/\",\"name\":\"Infraestrutura de recarga de ve\u00edculos el\u00e9tricos em edif\u00edcios, tend\u00eancias, desafios e solu\u00e7\u00f5es - Instituto de Engenharia\",\"isPartOf\":{\"@id\":\"https:\/\/www.institutodeengenharia.org.br\/site\/#website\"},\"primaryImageOfPage\":{\"@id\":\"https:\/\/www.institutodeengenharia.org.br\/site\/2021\/05\/18\/infraestrutura-de-recarga-de-veiculos-eletricos-em-edificios-tendencias-desafios-e-solucoes\/#primaryimage\"},\"image\":{\"@id\":\"https:\/\/www.institutodeengenharia.org.br\/site\/2021\/05\/18\/infraestrutura-de-recarga-de-veiculos-eletricos-em-edificios-tendencias-desafios-e-solucoes\/#primaryimage\"},\"thumbnailUrl\":\"https:\/\/www.institutodeengenharia.org.br\/site\/wp-content\/uploads\/2021\/05\/PALESTRAELECRICUS-2.webp\",\"datePublished\":\"2021-05-18T19:28:36+00:00\",\"dateModified\":\"2021-05-26T17:22:34+00:00\",\"breadcrumb\":{\"@id\":\"https:\/\/www.institutodeengenharia.org.br\/site\/2021\/05\/18\/infraestrutura-de-recarga-de-veiculos-eletricos-em-edificios-tendencias-desafios-e-solucoes\/#breadcrumb\"},\"inLanguage\":\"pt-BR\",\"potentialAction\":[{\"@type\":\"ReadAction\",\"target\":[\"https:\/\/www.institutodeengenharia.org.br\/site\/2021\/05\/18\/infraestrutura-de-recarga-de-veiculos-eletricos-em-edificios-tendencias-desafios-e-solucoes\/\"]}]},{\"@type\":\"ImageObject\",\"inLanguage\":\"pt-BR\",\"@id\":\"https:\/\/www.institutodeengenharia.org.br\/site\/2021\/05\/18\/infraestrutura-de-recarga-de-veiculos-eletricos-em-edificios-tendencias-desafios-e-solucoes\/#primaryimage\",\"url\":\"https:\/\/www.institutodeengenharia.org.br\/site\/wp-content\/uploads\/2021\/05\/PALESTRAELECRICUS-2.webp\",\"contentUrl\":\"https:\/\/www.institutodeengenharia.org.br\/site\/wp-content\/uploads\/2021\/05\/PALESTRAELECRICUS-2.webp\",\"width\":701,\"height\":340},{\"@type\":\"BreadcrumbList\",\"@id\":\"https:\/\/www.institutodeengenharia.org.br\/site\/2021\/05\/18\/infraestrutura-de-recarga-de-veiculos-eletricos-em-edificios-tendencias-desafios-e-solucoes\/#breadcrumb\",\"itemListElement\":[{\"@type\":\"ListItem\",\"position\":1,\"name\":\"In\u00edcio\",\"item\":\"https:\/\/www.institutodeengenharia.org.br\/site\/\"},{\"@type\":\"ListItem\",\"position\":2,\"name\":\"Infraestrutura de recarga de ve\u00edculos el\u00e9tricos em edif\u00edcios, tend\u00eancias, desafios e solu\u00e7\u00f5es\"}]},{\"@type\":\"WebSite\",\"@id\":\"https:\/\/www.institutodeengenharia.org.br\/site\/#website\",\"url\":\"https:\/\/www.institutodeengenharia.org.br\/site\/\",\"name\":\"Instituto de Engenharia\",\"description\":\"O Instituto de Engenharia promove a Engenharia em benef\u00edcio do desenvolvimento e da qualidade de vida da sociedade.\",\"publisher\":{\"@id\":\"https:\/\/www.institutodeengenharia.org.br\/site\/#organization\"},\"potentialAction\":[{\"@type\":\"SearchAction\",\"target\":{\"@type\":\"EntryPoint\",\"urlTemplate\":\"https:\/\/www.institutodeengenharia.org.br\/site\/?s={search_term_string}\"},\"query-input\":{\"@type\":\"PropertyValueSpecification\",\"valueRequired\":true,\"valueName\":\"search_term_string\"}}],\"inLanguage\":\"pt-BR\"},{\"@type\":\"Organization\",\"@id\":\"https:\/\/www.institutodeengenharia.org.br\/site\/#organization\",\"name\":\"Instituto de Engenharia\",\"url\":\"https:\/\/www.institutodeengenharia.org.br\/site\/\",\"logo\":{\"@type\":\"ImageObject\",\"inLanguage\":\"pt-BR\",\"@id\":\"https:\/\/www.institutodeengenharia.org.br\/site\/#\/schema\/logo\/image\/\",\"url\":\"https:\/\/www.institutodeengenharia.org.br\/site\/wp-content\/uploads\/2019\/03\/logo-novo-IE2018-1.jpg\",\"contentUrl\":\"https:\/\/www.institutodeengenharia.org.br\/site\/wp-content\/uploads\/2019\/03\/logo-novo-IE2018-1.jpg\",\"width\":1486,\"height\":1879,\"caption\":\"Instituto de Engenharia\"},\"image\":{\"@id\":\"https:\/\/www.institutodeengenharia.org.br\/site\/#\/schema\/logo\/image\/\"},\"sameAs\":[\"https:\/\/www.facebook.com\/institutodeengenharia\",\"https:\/\/x.com\/iengenharia\",\"https:\/\/www.instagram.com\/institutodeengenharia\/\",\"https:\/\/www.linkedin.com\/company\/instituto-de-engenharia\/\",\"https:\/\/www.youtube.com\/channel\/UCXiCAlsSMe977vamW915HxA\"]},{\"@type\":\"Person\",\"@id\":\"https:\/\/www.institutodeengenharia.org.br\/site\/#\/schema\/person\/aeb64951c405e100d26d30b033dd423f\",\"name\":\"Bianca\",\"image\":{\"@type\":\"ImageObject\",\"inLanguage\":\"pt-BR\",\"@id\":\"https:\/\/secure.gravatar.com\/avatar\/a6fbe9bff57405baf4c1e2c5c1811e072b558253974a9f9508f4678900c97c2a?s=96&d=mm&r=g\",\"url\":\"https:\/\/secure.gravatar.com\/avatar\/a6fbe9bff57405baf4c1e2c5c1811e072b558253974a9f9508f4678900c97c2a?s=96&d=mm&r=g\",\"contentUrl\":\"https:\/\/secure.gravatar.com\/avatar\/a6fbe9bff57405baf4c1e2c5c1811e072b558253974a9f9508f4678900c97c2a?s=96&d=mm&r=g\",\"caption\":\"Bianca\"},\"url\":\"https:\/\/www.institutodeengenharia.org.br\/site\/author\/comunicacao1\/\"}]}<\/script>\n<!-- \/ Yoast SEO plugin. -->","yoast_head_json":{"title":"Infraestrutura de recarga de ve\u00edculos el\u00e9tricos em edif\u00edcios, tend\u00eancias, desafios e solu\u00e7\u00f5es - Instituto de Engenharia","robots":{"index":"index","follow":"follow","max-snippet":"max-snippet:-1","max-image-preview":"max-image-preview:large","max-video-preview":"max-video-preview:-1"},"canonical":"https:\/\/www.institutodeengenharia.org.br\/site\/2021\/05\/18\/infraestrutura-de-recarga-de-veiculos-eletricos-em-edificios-tendencias-desafios-e-solucoes\/","og_locale":"pt_BR","og_type":"article","og_title":"Infraestrutura de recarga de ve\u00edculos el\u00e9tricos em edif\u00edcios, tend\u00eancias, desafios e solu\u00e7\u00f5es","og_description":"Assista \u00e0 grava\u00e7\u00e3o do evento","og_url":"https:\/\/www.institutodeengenharia.org.br\/site\/2021\/05\/18\/infraestrutura-de-recarga-de-veiculos-eletricos-em-edificios-tendencias-desafios-e-solucoes\/","og_site_name":"Instituto de Engenharia","article_publisher":"https:\/\/www.facebook.com\/institutodeengenharia","article_published_time":"2021-05-18T19:28:36+00:00","article_modified_time":"2021-05-26T17:22:34+00:00","og_image":[{"width":1280,"height":853,"url":"https:\/\/www.institutodeengenharia.org.br\/site\/wp-content\/uploads\/2019\/08\/tv_engenharia.jpg","type":"image\/jpeg"}],"author":"Bianca","twitter_card":"summary_large_image","twitter_title":"Infraestrutura de recarga de ve\u00edculos el\u00e9tricos em edif\u00edcios, tend\u00eancias, desafios e solu\u00e7\u00f5es","twitter_description":"Assista \u00e0 grava\u00e7\u00e3o do evento","twitter_image":"https:\/\/www.institutodeengenharia.org.br\/site\/wp-content\/uploads\/2019\/08\/tv_engenharia.jpg","twitter_creator":"@iengenharia","twitter_site":"@iengenharia","twitter_misc":{"Escrito por":"Bianca","Est. tempo de leitura":"2 minutos"},"schema":{"@context":"https:\/\/schema.org","@graph":[{"@type":"Article","@id":"https:\/\/www.institutodeengenharia.org.br\/site\/2021\/05\/18\/infraestrutura-de-recarga-de-veiculos-eletricos-em-edificios-tendencias-desafios-e-solucoes\/#article","isPartOf":{"@id":"https:\/\/www.institutodeengenharia.org.br\/site\/2021\/05\/18\/infraestrutura-de-recarga-de-veiculos-eletricos-em-edificios-tendencias-desafios-e-solucoes\/"},"author":{"name":"Bianca","@id":"https:\/\/www.institutodeengenharia.org.br\/site\/#\/schema\/person\/aeb64951c405e100d26d30b033dd423f"},"headline":"Infraestrutura de recarga de ve\u00edculos el\u00e9tricos em edif\u00edcios, tend\u00eancias, desafios e solu\u00e7\u00f5es","datePublished":"2021-05-18T19:28:36+00:00","dateModified":"2021-05-26T17:22:34+00:00","mainEntityOfPage":{"@id":"https:\/\/www.institutodeengenharia.org.br\/site\/2021\/05\/18\/infraestrutura-de-recarga-de-veiculos-eletricos-em-edificios-tendencias-desafios-e-solucoes\/"},"wordCount":390,"commentCount":0,"publisher":{"@id":"https:\/\/www.institutodeengenharia.org.br\/site\/#organization"},"image":{"@id":"https:\/\/www.institutodeengenharia.org.br\/site\/2021\/05\/18\/infraestrutura-de-recarga-de-veiculos-eletricos-em-edificios-tendencias-desafios-e-solucoes\/#primaryimage"},"thumbnailUrl":"https:\/\/www.institutodeengenharia.org.br\/site\/wp-content\/uploads\/2021\/05\/PALESTRAELECRICUS-2.webp","articleSection":["Nova TV Engenharia","Palestra"],"inLanguage":"pt-BR","potentialAction":[{"@type":"CommentAction","name":"Comment","target":["https:\/\/www.institutodeengenharia.org.br\/site\/2021\/05\/18\/infraestrutura-de-recarga-de-veiculos-eletricos-em-edificios-tendencias-desafios-e-solucoes\/#respond"]}]},{"@type":"WebPage","@id":"https:\/\/www.institutodeengenharia.org.br\/site\/2021\/05\/18\/infraestrutura-de-recarga-de-veiculos-eletricos-em-edificios-tendencias-desafios-e-solucoes\/","url":"https:\/\/www.institutodeengenharia.org.br\/site\/2021\/05\/18\/infraestrutura-de-recarga-de-veiculos-eletricos-em-edificios-tendencias-desafios-e-solucoes\/","name":"Infraestrutura de recarga de ve\u00edculos el\u00e9tricos em edif\u00edcios, tend\u00eancias, desafios e solu\u00e7\u00f5es - Instituto de Engenharia","isPartOf":{"@id":"https:\/\/www.institutodeengenharia.org.br\/site\/#website"},"primaryImageOfPage":{"@id":"https:\/\/www.institutodeengenharia.org.br\/site\/2021\/05\/18\/infraestrutura-de-recarga-de-veiculos-eletricos-em-edificios-tendencias-desafios-e-solucoes\/#primaryimage"},"image":{"@id":"https:\/\/www.institutodeengenharia.org.br\/site\/2021\/05\/18\/infraestrutura-de-recarga-de-veiculos-eletricos-em-edificios-tendencias-desafios-e-solucoes\/#primaryimage"},"thumbnailUrl":"https:\/\/www.institutodeengenharia.org.br\/site\/wp-content\/uploads\/2021\/05\/PALESTRAELECRICUS-2.webp","datePublished":"2021-05-18T19:28:36+00:00","dateModified":"2021-05-26T17:22:34+00:00","breadcrumb":{"@id":"https:\/\/www.institutodeengenharia.org.br\/site\/2021\/05\/18\/infraestrutura-de-recarga-de-veiculos-eletricos-em-edificios-tendencias-desafios-e-solucoes\/#breadcrumb"},"inLanguage":"pt-BR","potentialAction":[{"@type":"ReadAction","target":["https:\/\/www.institutodeengenharia.org.br\/site\/2021\/05\/18\/infraestrutura-de-recarga-de-veiculos-eletricos-em-edificios-tendencias-desafios-e-solucoes\/"]}]},{"@type":"ImageObject","inLanguage":"pt-BR","@id":"https:\/\/www.institutodeengenharia.org.br\/site\/2021\/05\/18\/infraestrutura-de-recarga-de-veiculos-eletricos-em-edificios-tendencias-desafios-e-solucoes\/#primaryimage","url":"https:\/\/www.institutodeengenharia.org.br\/site\/wp-content\/uploads\/2021\/05\/PALESTRAELECRICUS-2.webp","contentUrl":"https:\/\/www.institutodeengenharia.org.br\/site\/wp-content\/uploads\/2021\/05\/PALESTRAELECRICUS-2.webp","width":701,"height":340},{"@type":"BreadcrumbList","@id":"https:\/\/www.institutodeengenharia.org.br\/site\/2021\/05\/18\/infraestrutura-de-recarga-de-veiculos-eletricos-em-edificios-tendencias-desafios-e-solucoes\/#breadcrumb","itemListElement":[{"@type":"ListItem","position":1,"name":"In\u00edcio","item":"https:\/\/www.institutodeengenharia.org.br\/site\/"},{"@type":"ListItem","position":2,"name":"Infraestrutura de recarga de ve\u00edculos el\u00e9tricos em edif\u00edcios, tend\u00eancias, desafios e solu\u00e7\u00f5es"}]},{"@type":"WebSite","@id":"https:\/\/www.institutodeengenharia.org.br\/site\/#website","url":"https:\/\/www.institutodeengenharia.org.br\/site\/","name":"Instituto de Engenharia","description":"O Instituto de Engenharia promove a Engenharia em benef\u00edcio do desenvolvimento e da qualidade de vida da sociedade.","publisher":{"@id":"https:\/\/www.institutodeengenharia.org.br\/site\/#organization"},"potentialAction":[{"@type":"SearchAction","target":{"@type":"EntryPoint","urlTemplate":"https:\/\/www.institutodeengenharia.org.br\/site\/?s={search_term_string}"},"query-input":{"@type":"PropertyValueSpecification","valueRequired":true,"valueName":"search_term_string"}}],"inLanguage":"pt-BR"},{"@type":"Organization","@id":"https:\/\/www.institutodeengenharia.org.br\/site\/#organization","name":"Instituto de Engenharia","url":"https:\/\/www.institutodeengenharia.org.br\/site\/","logo":{"@type":"ImageObject","inLanguage":"pt-BR","@id":"https:\/\/www.institutodeengenharia.org.br\/site\/#\/schema\/logo\/image\/","url":"https:\/\/www.institutodeengenharia.org.br\/site\/wp-content\/uploads\/2019\/03\/logo-novo-IE2018-1.jpg","contentUrl":"https:\/\/www.institutodeengenharia.org.br\/site\/wp-content\/uploads\/2019\/03\/logo-novo-IE2018-1.jpg","width":1486,"height":1879,"caption":"Instituto de Engenharia"},"image":{"@id":"https:\/\/www.institutodeengenharia.org.br\/site\/#\/schema\/logo\/image\/"},"sameAs":["https:\/\/www.facebook.com\/institutodeengenharia","https:\/\/x.com\/iengenharia","https:\/\/www.instagram.com\/institutodeengenharia\/","https:\/\/www.linkedin.com\/company\/instituto-de-engenharia\/","https:\/\/www.youtube.com\/channel\/UCXiCAlsSMe977vamW915HxA"]},{"@type":"Person","@id":"https:\/\/www.institutodeengenharia.org.br\/site\/#\/schema\/person\/aeb64951c405e100d26d30b033dd423f","name":"Bianca","image":{"@type":"ImageObject","inLanguage":"pt-BR","@id":"https:\/\/secure.gravatar.com\/avatar\/a6fbe9bff57405baf4c1e2c5c1811e072b558253974a9f9508f4678900c97c2a?s=96&d=mm&r=g","url":"https:\/\/secure.gravatar.com\/avatar\/a6fbe9bff57405baf4c1e2c5c1811e072b558253974a9f9508f4678900c97c2a?s=96&d=mm&r=g","contentUrl":"https:\/\/secure.gravatar.com\/avatar\/a6fbe9bff57405baf4c1e2c5c1811e072b558253974a9f9508f4678900c97c2a?s=96&d=mm&r=g","caption":"Bianca"},"url":"https:\/\/www.institutodeengenharia.org.br\/site\/author\/comunicacao1\/"}]}},"_links":{"self":[{"href":"https:\/\/www.institutodeengenharia.org.br\/site\/wp-json\/wp\/v2\/posts\/80875","targetHints":{"allow":["GET"]}}],"collection":[{"href":"https:\/\/www.institutodeengenharia.org.br\/site\/wp-json\/wp\/v2\/posts"}],"about":[{"href":"https:\/\/www.institutodeengenharia.org.br\/site\/wp-json\/wp\/v2\/types\/post"}],"author":[{"embeddable":true,"href":"https:\/\/www.institutodeengenharia.org.br\/site\/wp-json\/wp\/v2\/users\/13"}],"replies":[{"embeddable":true,"href":"https:\/\/www.institutodeengenharia.org.br\/site\/wp-json\/wp\/v2\/comments?post=80875"}],"version-history":[{"count":1,"href":"https:\/\/www.institutodeengenharia.org.br\/site\/wp-json\/wp\/v2\/posts\/80875\/revisions"}],"predecessor-version":[{"id":80876,"href":"https:\/\/www.institutodeengenharia.org.br\/site\/wp-json\/wp\/v2\/posts\/80875\/revisions\/80876"}],"wp:featuredmedia":[{"embeddable":true,"href":"https:\/\/www.institutodeengenharia.org.br\/site\/wp-json\/wp\/v2\/media\/80573"}],"wp:attachment":[{"href":"https:\/\/www.institutodeengenharia.org.br\/site\/wp-json\/wp\/v2\/media?parent=80875"}],"wp:term":[{"taxonomy":"category","embeddable":true,"href":"https:\/\/www.institutodeengenharia.org.br\/site\/wp-json\/wp\/v2\/categories?post=80875"},{"taxonomy":"post_tag","embeddable":true,"href":"https:\/\/www.institutodeengenharia.org.br\/site\/wp-json\/wp\/v2\/tags?post=80875"}],"curies":[{"name":"wp","href":"https:\/\/api.w.org\/{rel}","templated":true}]}}