{"id":80471,"date":"2021-12-23T11:00:47","date_gmt":"2021-12-23T14:00:47","guid":{"rendered":"https:\/\/www.institutodeengenharia.org.br\/site\/?p=80471"},"modified":"2021-12-23T11:20:07","modified_gmt":"2021-12-23T14:20:07","slug":"desapropriacoes-a-complexidade-das-pericias-e-avaliacoes","status":"publish","type":"post","link":"https:\/\/www.institutodeengenharia.org.br\/site\/2021\/12\/23\/desapropriacoes-a-complexidade-das-pericias-e-avaliacoes\/","title":{"rendered":"Desapropria\u00e7\u00f5es:  A Complexidade das Per\u00edcias e Avalia\u00e7\u00f5es"},"content":{"rendered":"<p><strong>Assista abaixo \u00e0s grava\u00e7\u00f5es do evento:<\/strong><\/p>\n<p style=\"text-align: center;\"><em>Abertura<\/em><\/p>\n<p><iframe loading=\"lazy\" src=\"https:\/\/player.vimeo.com\/video\/547101312\" width=\"640\" height=\"360\" frameborder=\"0\" allowfullscreen=\"allowfullscreen\"><\/iframe><\/p>\n<p style=\"text-align: center;\"><em>1\u00ba Painel: Do Processo Expropriat\u00f3rio<\/em><\/p>\n<p><iframe loading=\"lazy\" src=\"https:\/\/player.vimeo.com\/video\/547032749\" width=\"640\" height=\"360\" frameborder=\"0\" allowfullscreen=\"allowfullscreen\"><\/iframe><\/p>\n<p style=\"text-align: center;\"><em>2\u00ba Painel: As Per\u00edcias e Avalia\u00e7\u00f5es no Processo de Desapropria\u00e7\u00e3o na pr\u00e1tica:<\/em><\/p>\n<p><iframe loading=\"lazy\" src=\"https:\/\/player.vimeo.com\/video\/547329540\" width=\"640\" height=\"360\" frameborder=\"0\" allowfullscreen=\"allowfullscreen\"><\/iframe><\/p>\n<p style=\"text-align: center;\"><em>3\u00ba Painel: Casos pr\u00e1ticos<\/em><\/p>\n<p><iframe loading=\"lazy\" src=\"https:\/\/player.vimeo.com\/video\/547615472\" width=\"640\" height=\"360\" frameborder=\"0\" allowfullscreen=\"allowfullscreen\"><\/iframe><\/p>\n<p style=\"text-align: center;\"><em>Encerramento:\u00a0<\/em><\/p>\n<p><iframe loading=\"lazy\" src=\"https:\/\/player.vimeo.com\/video\/547650723\" width=\"640\" height=\"360\" frameborder=\"0\" allowfullscreen=\"allowfullscreen\"><\/iframe><\/p>\n<p><strong>+ Informa\u00e7\u00f5es:\u00a0<\/strong><\/p>\n<p>A Complexidade do Processo de Desapropria\u00e7\u00e3o relativo \u00e0s Per\u00edcias e Avalia\u00e7\u00f5es de Im\u00f3veis, Metodologias, orienta\u00e7\u00f5es e casos pr\u00e1ticos e Normas T\u00e9cnicas para os profissionais Engenheiros e Arquitetos que atuam ou desejam atuar na \u00e1rea de Avalia\u00e7\u00f5es.<\/p>\n<p><strong>Programa\u00e7\u00e3o:<\/strong><\/p>\n<p><b><span data-contrast=\"auto\">Abertura:<\/span><\/b><span data-contrast=\"auto\">\u00a0Moderador: Antonio Guilherme.<\/span><span data-ccp-props=\"{&quot;201341983&quot;:0,&quot;335559739&quot;:0,&quot;335559740&quot;:276}\">\u00a0<\/span><\/p>\n<p><span data-contrast=\"auto\">Apresenta\u00e7\u00e3o das Autoridades da mesa, Paulo Ferreira, Dra.\u00a0<\/span><span data-contrast=\"auto\">Maricy Maraldi, Dr.\u00a0<\/span><span data-contrast=\"auto\">Flavio Yunes Elias Fraiha,\u00a0<\/span><span data-contrast=\"auto\">Renata Denari, Luiz Henrique Cappellano<\/span><span data-contrast=\"auto\">, Clemanceu Chiabi Saliba J\u00fanior,\u00a0<\/span><span data-contrast=\"auto\">Joel Kruger e\u00a0<\/span>Vin\u00edcius Marchese<\/p>\n<ul>\n<li data-leveltext=\"\uf0b7\" data-font=\"Symbol\" data-listid=\"1\" aria-setsize=\"-1\" data-aria-posinset=\"1\" data-aria-level=\"1\"><b><span data-contrast=\"auto\">1\u00ba Painel: Do Processo Expropriat\u00f3rio.<\/span><\/b><span data-ccp-props=\"{&quot;201341983&quot;:0,&quot;335551550&quot;:6,&quot;335551620&quot;:6,&quot;335559685&quot;:1134,&quot;335559739&quot;:0,&quot;335559740&quot;:288,&quot;335559991&quot;:567}\">\u00a0<\/span><\/li>\n<\/ul>\n<p><span data-contrast=\"auto\">Panorama geral das Desapropria\u00e7\u00f5es \u2013 Ju\u00edza, Advogado e Engenheira DESAP<\/span><span data-ccp-props=\"{&quot;201341983&quot;:0,&quot;335551550&quot;:6,&quot;335551620&quot;:6,&quot;335559685&quot;:426,&quot;335559731&quot;:708,&quot;335559739&quot;:0,&quot;335559740&quot;:288}\">\u00a0<\/span><\/p>\n<p><span data-contrast=\"auto\">\u2013\u00a0<\/span><span data-contrast=\"none\">Dra. Maricy Maraldi<\/span><span data-contrast=\"auto\">: O Processo de Desapropria\u00e7\u00e3o<\/span><span data-ccp-props=\"{&quot;201341983&quot;:0,&quot;335551550&quot;:6,&quot;335551620&quot;:6,&quot;335559685&quot;:426,&quot;335559731&quot;:708,&quot;335559739&quot;:0,&quot;335559740&quot;:288}\">\u00a0<\/span><\/p>\n<p><span data-contrast=\"auto\">\u2013\u00a0<\/span><span data-contrast=\"auto\">Flavio Yunes: A vis\u00e3o do Expropriado no Processo de Desapropria\u00e7\u00e3o<\/span><span data-ccp-props=\"{&quot;201341983&quot;:0,&quot;335551550&quot;:6,&quot;335551620&quot;:6,&quot;335559685&quot;:426,&quot;335559731&quot;:708,&quot;335559739&quot;:0,&quot;335559740&quot;:288}\">\u00a0<\/span><\/p>\n<p><span data-contrast=\"auto\">\u2013\u00a0<\/span><span data-contrast=\"auto\">Renata Denari: A Documenta\u00e7\u00e3o necess\u00e1ria para instru\u00e7\u00e3o do Processo de Desapropria\u00e7\u00e3o<\/span><span data-ccp-props=\"{&quot;201341983&quot;:0,&quot;335551550&quot;:6,&quot;335551620&quot;:6,&quot;335559685&quot;:1134,&quot;335559739&quot;:0,&quot;335559740&quot;:288}\">\u00a0<\/span><\/p>\n<p><span data-contrast=\"auto\">Perguntas<\/span><span data-ccp-props=\"{&quot;201341983&quot;:0,&quot;335551550&quot;:6,&quot;335551620&quot;:6,&quot;335559685&quot;:426,&quot;335559731&quot;:708,&quot;335559739&quot;:0,&quot;335559740&quot;:288}\">\u00a0<\/span><\/p>\n<ul>\n<li data-leveltext=\"\uf0b7\" data-font=\"Symbol\" data-listid=\"1\" aria-setsize=\"-1\" data-aria-posinset=\"1\" data-aria-level=\"1\"><b><span data-contrast=\"auto\">2\u00ba Painel:<\/span><\/b><b><span data-contrast=\"none\">\u00a0As\u00a0<\/span><\/b><b><span data-contrast=\"auto\">Per\u00edcias e Avalia\u00e7\u00f5es no Processo de Desapropria\u00e7\u00e3o na pr\u00e1tica.<\/span><\/b><span data-ccp-props=\"{&quot;201341983&quot;:0,&quot;335551550&quot;:6,&quot;335551620&quot;:6,&quot;335559685&quot;:2694,&quot;335559739&quot;:0,&quot;335559740&quot;:288,&quot;335559991&quot;:2127,&quot;469777462&quot;:[1134],&quot;469777927&quot;:[0],&quot;469777928&quot;:[1]}\">\u00a0<\/span><\/li>\n<\/ul>\n<p><span data-contrast=\"auto\">Rito da Per\u00edcia e Vistoria \u2013\u00a0<\/span><span data-contrast=\"auto\">Paulo Magri<\/span><span data-ccp-props=\"{&quot;201341983&quot;:0,&quot;335551550&quot;:6,&quot;335551620&quot;:6,&quot;335559685&quot;:567,&quot;335559739&quot;:0,&quot;335559740&quot;:288,&quot;469777462&quot;:[1134],&quot;469777927&quot;:[0],&quot;469777928&quot;:[1]}\">\u00a0<\/span><\/p>\n<p><span data-contrast=\"auto\">An\u00e1lise Dominial, Laudo Pr\u00e9vio e Laudo Definitivo \u2013 Ricardo Imamura<\/span><span data-ccp-props=\"{&quot;201341983&quot;:0,&quot;335551550&quot;:6,&quot;335551620&quot;:6,&quot;335559685&quot;:567,&quot;335559739&quot;:0,&quot;335559740&quot;:288,&quot;469777462&quot;:[1134],&quot;469777927&quot;:[0],&quot;469777928&quot;:[1]}\">\u00a0<\/span><\/p>\n<p><span data-contrast=\"auto\">Normas e Metodologias (Edifica\u00e7\u00f5es, remanescente, APP, Passivo Ambiental) \u2013 Andrea\u00a0<\/span><span data-contrast=\"none\">Kluppel<\/span><span data-ccp-props=\"{&quot;201341983&quot;:0,&quot;335551550&quot;:6,&quot;335551620&quot;:6,&quot;335559685&quot;:1134,&quot;335559739&quot;:0,&quot;335559740&quot;:288,&quot;469777462&quot;:[1134],&quot;469777927&quot;:[0],&quot;469777928&quot;:[1]}\">\u00a0<\/span><\/p>\n<p><span data-contrast=\"auto\">Perguntas<\/span><span data-ccp-props=\"{&quot;201341983&quot;:0,&quot;335551550&quot;:6,&quot;335551620&quot;:6,&quot;335559685&quot;:426,&quot;335559731&quot;:708,&quot;335559739&quot;:0,&quot;335559740&quot;:288}\">\u00a0<\/span><\/p>\n<ul>\n<li data-leveltext=\"\uf0b7\" data-font=\"Symbol\" data-listid=\"1\" aria-setsize=\"-1\" data-aria-posinset=\"1\" data-aria-level=\"1\"><b><span data-contrast=\"auto\">3\u00ba Painel<\/span><\/b><span data-contrast=\"auto\">: Casos pr\u00e1ticos.<\/span><span data-ccp-props=\"{&quot;134233279&quot;:true,&quot;201341983&quot;:0,&quot;335559685&quot;:1134,&quot;335559739&quot;:200,&quot;335559740&quot;:276,&quot;335559991&quot;:567}\">\u00a0<\/span><\/li>\n<\/ul>\n<p><span data-contrast=\"auto\">(tr\u00eas casos pr\u00e1ticos)<\/span><span data-ccp-props=\"{&quot;134233279&quot;:true,&quot;201341983&quot;:0,&quot;335559685&quot;:1134,&quot;335559739&quot;:200,&quot;335559740&quot;:276}\">\u00a0<\/span><\/p>\n<p><span data-contrast=\"auto\">Fiker \u2013\u00a0<\/span><i><span data-contrast=\"auto\">Case Palacete Riachuelo \/ Pra\u00e7a das Bandeiras<\/span><\/i><span data-ccp-props=\"{&quot;134233279&quot;:true,&quot;201341983&quot;:0,&quot;335559685&quot;:1134,&quot;335559739&quot;:200,&quot;335559740&quot;:276}\">\u00a0<\/span><\/p>\n<p><span data-contrast=\"auto\">Mansour \u2013\u00a0<\/span><i><span data-contrast=\"auto\">Cases<\/span><\/i><span data-contrast=\"auto\">\u00a0sobre Glebas \u2013 Involutivo\u00a0<\/span><span data-ccp-props=\"{&quot;134233279&quot;:true,&quot;201341983&quot;:0,&quot;335559685&quot;:1134,&quot;335559739&quot;:200,&quot;335559740&quot;:276}\">\u00a0<\/span><\/p>\n<p><span data-contrast=\"auto\">Hor\u00e1cio \u2013\u00a0<\/span><i><span data-contrast=\"auto\">Cases<\/span><\/i><span data-contrast=\"auto\">\u00a0sobre Glebas \u2013 T\u00faneis<\/span><span data-ccp-props=\"{&quot;134233279&quot;:true,&quot;201341983&quot;:0,&quot;335559685&quot;:1134,&quot;335559739&quot;:200,&quot;335559740&quot;:276}\">\u00a0<\/span><\/p>\n<p><span data-contrast=\"auto\">Perguntas<\/span><span data-ccp-props=\"{&quot;134233279&quot;:true,&quot;201341983&quot;:0,&quot;335559685&quot;:1134,&quot;335559739&quot;:200,&quot;335559740&quot;:276}\">\u00a0<\/span><\/p>\n<p><b><span data-contrast=\"auto\">Encerramento<\/span><\/b><span data-contrast=\"auto\">: Cabral e Cappellano.<\/span><span data-ccp-props=\"{&quot;201341983&quot;:0,&quot;335551550&quot;:6,&quot;335551620&quot;:6,&quot;335559739&quot;:0,&quot;335559740&quot;:276}\">\u00a0<\/span><\/p>\n<p>&nbsp;<\/p>\n<p><strong>P\u00fablico-alvo:<\/strong><\/p>\n<div>Engenheiros e Arquitetos Peritos Avaliadores, Engenheiros e Arquitetos.<\/div>\n<p>&nbsp;<\/p>\n<p><strong>Palestrantes:<\/strong><\/p>\n<p><img loading=\"lazy\" decoding=\"async\" class=\"alignnone wp-image-79922 td-animation-stack-type0-2\" src=\"https:\/\/www.institutodeengenharia.org.br\/site\/wp-content\/uploads\/2021\/03\/MicrosoftTeams-image-11.png\" alt=\"\" width=\"172\" height=\"153\" srcset=\"https:\/\/www.institutodeengenharia.org.br\/site\/wp-content\/uploads\/2021\/03\/MicrosoftTeams-image-11.png 578w, https:\/\/www.institutodeengenharia.org.br\/site\/wp-content\/uploads\/2021\/03\/MicrosoftTeams-image-11-300x267.png 300w, https:\/\/www.institutodeengenharia.org.br\/site\/wp-content\/uploads\/2021\/03\/MicrosoftTeams-image-11-472x420.png 472w\" sizes=\"auto, (max-width: 172px) 100vw, 172px\" \/><\/p>\n<p><strong>Paulo Ferreira<\/strong><\/p>\n<p>Presidente do Instituto de Engenharia<\/p>\n<div>\n<p>Engenheiro Civil pela Escola de Engenharia da Universidade Presbiteriana Mackenzie, mestre e doutor pela Escola Polit\u00e9cnica da Universidade de S\u00e3o Paulo (EPUSP), Paulo Ferreira j\u00e1 foi vice-presidente de Atividades T\u00e9cnicas (2017-2018) e faz parte do Conselho Consultivo da Casa.<\/p>\n<p>Em sua vida profissional, at\u00e9 2020, foi professor adjunto da Escola de Engenharia Mackenzie; foi engenheiro de Planejamento, coordenador de Projetos, superintendente de Projetos, diretor T\u00e9cnico e de Meio Ambiente da Sabesp; diretor de Controle de Polui\u00e7\u00e3o da Cetesb; secret\u00e1rio adjunto de Meio Ambiente do Estado de S\u00e3o Paulo, secret\u00e1rio Nacional de Saneamento Ambiental do Minist\u00e9rio das Cidades, diretor Administrativo e Financeiro da Telebras (Minist\u00e9rio das Comunica\u00e7\u00f5es).<\/p>\n<\/div>\n<p><img loading=\"lazy\" decoding=\"async\" class=\"alignnone wp-image-78934 td-animation-stack-type0-2\" src=\"https:\/\/www.institutodeengenharia.org.br\/site\/wp-content\/uploads\/2021\/03\/ricardohenrique.png\" alt=\"\" width=\"139\" height=\"162\" \/><\/p>\n<p><strong>Eng. Ricardo Henrique de A. Imamura<\/strong><\/p>\n<p>Coordenador da Divis\u00e3o T\u00e9cnica de Avalia\u00e7\u00f5es e Per\u00edcias<\/p>\n<div>\n<p>Engenheiro Civil pela Escola de Engenharia de Lins, 1977.<\/p>\n<p>Engenheiro pela Empresa Consultora Hidroservice \u2013 Engenharia de Projetos Ltda., atuando na Unidade de Gest\u00e3o de Contratos e Custos, Elabora\u00e7\u00e3o de Propostas T\u00e9cnicas e Econ\u00f4mico-Financeiras e Comerciais.<\/p>\n<p>Engenheiro pela S.A. Ind\u00fastrias Votorantim, Assessor da Diretoria pela Empresa Consultora Matricial Projetos e Consultoria Ltda<i>.\u00a0<\/i>S\u00f3cio Propriet\u00e1rio da R.H. Imamura Peritos Consultores. S\u00f3cio Propriet\u00e1rio da Advisors Committee.<\/p>\n<p>Perito Judicial de diversas Varas C\u00edveis e da Fazenda P\u00fablica no Estado de S\u00e3o Paulo, desde 1978. Dentre sua experi\u00eancia como Perito Judicial, encontram-se a Elabora\u00e7\u00e3o de mais de 4.400 Laudos de Engenharia Legal de naturezas diversas ressaltando-se: Desapropria\u00e7\u00f5es; Servid\u00f5es, Engenharia Econ\u00f4mica (Contratos e Obras de Engenharia Civil); Gest\u00e3o de Custos de Projetos e Empreendimentos, Inspe\u00e7\u00e3o Predial, Ambientais, etc.<\/p>\n<p>Coordenador da Divis\u00e3o T\u00e9cnica de Avalia\u00e7\u00f5es e Per\u00edcias, Vice-Coordenador da Divis\u00e3o T\u00e9cnica de Compliance, Conselheiro e Perito Especialista da C\u00e2mara de Media\u00e7\u00e3o e Arbitragem do Instituto de Engenharia \u2013 S\u00e3o Paulo. Membro Fundador e Ex-Presidente da Associa\u00e7\u00e3o Parama\u00e7\u00f4nica de Peritos Judiciais \u2013 APPJ. Presidente da AELINS \u2013 Associa\u00e7\u00e3o de Engenheiros de Lins \u2013 Lins\/SP. Membro do CBAr, ABCIP, CAM-CCBC, CAMARB, FIDIC, Comiss\u00e3o de Estudo de Per\u00edcias de Engenharia na Constru\u00e7\u00e3o Civil \u2013 CE-02:012.01 \u2013 ABNT e de diversas Associa\u00e7\u00f5es em S\u00e3o Paulo.<\/p>\n<p>Medalha de Ouro pelo Melhor Trabalho T\u00e9cnico de 2020, \u201cEngenharia de Per\u00edcias e Avalia\u00e7\u00f5es\u201d e Medalha de Ouro pela \u201cMelhor Avalia\u00e7\u00e3o qualitativa da Divis\u00e3o T\u00e9cnica de Avalia\u00e7\u00f5es e Per\u00edcias\u201d de 2020, pelo Instituto de Engenharia.<\/p>\n<\/div>\n<p><img loading=\"lazy\" decoding=\"async\" class=\"alignnone wp-image-68769 td-animation-stack-type0-2\" src=\"https:\/\/www.institutodeengenharia.org.br\/site\/wp-content\/uploads\/2020\/07\/jos%C3%A9-fiker.jpg\" alt=\"\" width=\"124\" height=\"168\" \/><\/p>\n<p><strong>Prof. Dr. Jos\u00e9 Fiker<\/strong><\/p>\n<p>Assessor Especial da Divis\u00e3o T\u00e9cnica de Avalia\u00e7\u00f5es e Per\u00edcias<\/p>\n<p>Doutor em Semi\u00f3tica e Lingu\u00edstica Geral (com \u00eanfase em Laudos. Foi fundador e primeiro presidente da C\u00e2mara de Valores do IBAPE \u2013 Instituto Brasileiro de Avalia\u00e7\u00f5es e Per\u00edcias do Instituto de Engenharia, perito dos Tribunais de Al\u00e7ada e Justi\u00e7a. Coordenador da Divis\u00e3o de Avalia\u00e7\u00f5es e Per\u00edcias do Instituto de Engenharia, graduado em portugu\u00eas, latim e lingu\u00edstica, Assessor Jur\u00eddico da Diretoria do IBAPE NACIONAL e Vice Presidente do IBAPE- SP. \u00c9 Diretor Presidente da EMBRAVAL \u2013 Empresa Brasileira de Avalia\u00e7\u00f5es S\/C Ltda.<br \/>\n\u00c9 autor dos livros Manual de Reda\u00e7\u00e3o de Laudos, Avalia\u00e7\u00e3o de Im\u00f3veis Urbanos e A Per\u00edcia Judicial (este \u00faltimo em coautoria com o Eng\u00ba Joaquim da Rocha Medeiros), Manual Pr\u00e1tico de Avalia\u00e7\u00f5es e Per\u00edcias de Engenharia, todos da Editora Pini. Manual Pr\u00e1tico de Direito das Constru\u00e7\u00f5es, Linguagem do Laudo Pericial, Per\u00edcias e Avalia\u00e7\u00f5es Fundamentos Pr\u00e1ticos e Contesta\u00e7\u00e3o na Per\u00edcia Judicial todos da Editora Leud \u2013 Livraria Editora Universit\u00e1ria de Direito. O livro Linguagem do Laudo Pericial \u00e9 origin\u00e1rio da tese de Doutorado e do Melhor Trabalho do ano em colabora\u00e7\u00e3o com a classe do Instituto de Engenharia de 2004 e 2011, Medalha de Ouro. Advogado formado pela USP. J\u00e1 deu aula nas principais entidades ligadas a avalia\u00e7\u00f5es e per\u00edcias em todo o Brasil.<\/p>\n<p><img loading=\"lazy\" decoding=\"async\" class=\"alignnone wp-image-44183 td-animation-stack-type0-2\" src=\"https:\/\/www.institutodeengenharia.org.br\/site\/wp-content\/uploads\/2019\/10\/WhatsApp-Image-2019-10-01-at-09.07.45-e1591635963571.jpeg\" alt=\"\" width=\"167\" height=\"168\" srcset=\"https:\/\/www.institutodeengenharia.org.br\/site\/wp-content\/uploads\/2019\/10\/WhatsApp-Image-2019-10-01-at-09.07.45-e1591635963571.jpeg 632w, https:\/\/www.institutodeengenharia.org.br\/site\/wp-content\/uploads\/2019\/10\/WhatsApp-Image-2019-10-01-at-09.07.45-e1591635963571-150x150.jpeg 150w, https:\/\/www.institutodeengenharia.org.br\/site\/wp-content\/uploads\/2019\/10\/WhatsApp-Image-2019-10-01-at-09.07.45-e1591635963571-300x300.jpeg 300w, https:\/\/www.institutodeengenharia.org.br\/site\/wp-content\/uploads\/2019\/10\/WhatsApp-Image-2019-10-01-at-09.07.45-e1591635963571-419x420.jpeg 419w, https:\/\/www.institutodeengenharia.org.br\/site\/wp-content\/uploads\/2019\/10\/WhatsApp-Image-2019-10-01-at-09.07.45-e1591635963571-600x602.jpeg 600w, https:\/\/www.institutodeengenharia.org.br\/site\/wp-content\/uploads\/2019\/10\/WhatsApp-Image-2019-10-01-at-09.07.45-e1591635963571-100x100.jpeg 100w\" sizes=\"auto, (max-width: 167px) 100vw, 167px\" \/><\/p>\n<p><strong>Eng\u00aa. Miriana Marques<\/strong><\/p>\n<p>Vice-Coordenadora da Divis\u00e3o T\u00e9cnica de Avalia\u00e7\u00f5es e Per\u00edcias<\/p>\n<p>Formada em Engenharia Civil pela FAAP, foi professora universit\u00e1ria de Maci\u00e7os e Obras de Terras, Transportes e Mec\u00e2nica dos Solos na mesma faculdade.<br \/>\nCom 20 anos de atua\u00e7\u00e3o profissional dedicada \u00e0 \u00e1rea de Avalia\u00e7\u00f5es e Per\u00edcias, referente a bens patrimoniais e a im\u00f3veis urbanos, comerciais, residenciais, rurais e industriais, \u00e9 respons\u00e1vel t\u00e9cnica pela \u00e1rea de Avalia\u00e7\u00f5es e Per\u00edcias da Marques &amp; Marques Engenharia. Membro da C\u00e2mara de Media\u00e7\u00e3o e Arbitragem do Instituto de Engenharia, assistente t\u00e9cnico do Metr\u00f4 e Dersa. Especialista em Avalia\u00e7\u00f5es e Pericias.<br \/>\nNo Instituto de Engenharia, \u00e9 Vice-Presidente de Assuntos Internos e Associativos, Vice-Coordenadora da Divis\u00e3o T\u00e9cnica de Tecnologias Digitais e da Divis\u00e3o de Avalia\u00e7\u00f5es e Per\u00edcias, membro do Conselho Consultivo, da C\u00e2mara de Media\u00e7\u00e3o e Arbitragem.<br \/>\nPr\u00eamio de Melhor Trabalho T\u00e9cnico do Ano analisando temas ligados ao exerc\u00edcio da profiss\u00e3o \u2013 \u201cVistoria Cautelar\u201d, \u201cIm\u00f3veis Tombados\u201d e \u201cCal\u00e7adas\u201d.<\/p>\n<p><img loading=\"lazy\" decoding=\"async\" class=\"alignnone size-full wp-image-66350 td-animation-stack-type0-2\" src=\"https:\/\/www.institutodeengenharia.org.br\/site\/wp-content\/uploads\/2020\/06\/paulo-magri.jpg\" alt=\"\" width=\"148\" height=\"168\" \/><\/p>\n<p><strong>Eng. Paulo Palmieri Magri<\/strong><\/p>\n<p>Membro da Divis\u00e3o T\u00e9cnica de Avalia\u00e7\u00f5es e Per\u00edcias e Diretor de Cursos do IBAPE<\/p>\n<p>Engenheiro Civil, especialista em avalia\u00e7\u00f5es, per\u00edcias de engenharia e grafosc\u00f3picas. S\u00f3cio fundador da PPM Engenharia e Com\u00e9rcio Ltda. Perito Judicial em Avalia\u00e7\u00f5es e Per\u00edcias de Engenharia Civil, Seguran\u00e7a do Trabalho, Seguran\u00e7a contra Inc\u00eandios e Grafosc\u00f3picas de diversas Varas na capital e interior. Professor titular de Per\u00edcia Grafosc\u00f3pica do IBAPE\/SP. Membro titular do Instituto de Engenharia\/SP. Membro titular do IBAPE\/SP. Diretor do IBAPE\/SP \u2013 gest\u00e3o 20\/21, Membro da C\u00e2mara de Per\u00edcias ambientais do IBAPE \/SP. Membro Titular do Instituto de Engenharia. Membro fundador da APPJ \u2013 Associa\u00e7\u00e3o Parama\u00e7\u00f4nica de Peritos Judiciais. Engenheiro Civil (Escola de Engenharia Mau\u00e1), Engenheiro de Seguran\u00e7a do Trabalho (Universidade Presbiteriana Mackenzie), Administrador Industrial (Universidade de S\u00e3o Paulo), Media\u00e7\u00e3o e Arbitragem (Instituto Nacional de Media\u00e7\u00e3o e Arbitragem), Mestre pelo IPT-SP (Instituto de Pesquisas Tecnol\u00f3gicas de S\u00e3o Paulo) com tese em \u201cTecnologia da Constru\u00e7\u00e3o de Edif\u00edcios\u201d.<\/p>\n<p><img loading=\"lazy\" decoding=\"async\" class=\"alignnone wp-image-78935 td-animation-stack-type0-2\" src=\"https:\/\/www.institutodeengenharia.org.br\/site\/wp-content\/uploads\/2021\/03\/marcosmansur.png\" alt=\"\" width=\"157\" height=\"177\" \/><\/p>\n<p><strong>Eng. Marcos Mansour<\/strong><\/p>\n<div>Diretor T\u00e9cnico do Ibape<\/div>\n<div><\/div>\n<p>Engenheiro Civil, Especialista em Economia Aplicada a Gest\u00e3o, ambos pela Universidade Presbiteriana Mackenzie, Mestrando em Ingener\u00eda de la Tasaci\u00f3n y Valoraci\u00f3n pela Universidade Polit\u00e9cnica de Val\u00eancia. Membro Titular; Diretor T\u00e9cnico do IBAPE\/SP, gest\u00e3o 2020 \u2013 2021, Diretor Cultural do IBAPE\/SP, gest\u00e3o 2018 \u2013 2019; Coordenador da C\u00e2mara T\u00e9cnica de Avalia\u00e7\u00f5es do IBAPE\/SP, gest\u00e3o 2016 \u2013 2017; co-Coordenador t\u00e9cnico do curso de P\u00f3s-Gradua\u00e7\u00e3o Lato Sensu em Per\u00edcias de Engenharia e Avalia\u00e7\u00f5es, parceria Universidade Presbiteriana Mackenzie \/ IBAPE SP. Possui certifica\u00e7\u00e3o profissional pelo IBAPE Nacional (n\u00edvel AAA) e \u00e9 professor convidado do curso de P\u00f3s-Gradua\u00e7\u00e3o em Per\u00edcias de Engenharia e Avalia\u00e7\u00f5es pela Universidade Presbiteriana Mackenzie, lecionando mat\u00e9rias correlacionadas \u00e0 \u00e1rea da Engenharia de Avalia\u00e7\u00f5es. Diretor da Validar Engenharia de Avalia\u00e7\u00f5es LTDA.<\/p>\n<p><img loading=\"lazy\" decoding=\"async\" class=\"alignnone wp-image-77832 td-animation-stack-type0-2\" src=\"https:\/\/www.institutodeengenharia.org.br\/site\/wp-content\/uploads\/2021\/02\/Horacio-Tanze.png\" alt=\"\" width=\"130\" height=\"172\" srcset=\"https:\/\/www.institutodeengenharia.org.br\/site\/wp-content\/uploads\/2021\/02\/Horacio-Tanze.png 402w, https:\/\/www.institutodeengenharia.org.br\/site\/wp-content\/uploads\/2021\/02\/Horacio-Tanze-227x300.png 227w, https:\/\/www.institutodeengenharia.org.br\/site\/wp-content\/uploads\/2021\/02\/Horacio-Tanze-317x420.png 317w\" sizes=\"auto, (max-width: 130px) 100vw, 130px\" \/><\/p>\n<p><strong>Eng. Hor\u00e1cio Tanze Filho<\/strong><\/p>\n<p>Membro da Divis\u00e3o T\u00e9cnica de Avalia\u00e7\u00f5es e Per\u00edcias<\/p>\n<p>Engenheiro Civil, Sanitarista e Ambientalista.<br \/>\nCurso Intensivo de Engenharia de Avalia\u00e7\u00f5es e Per\u00edcias.<br \/>\nTendo participado desde o tempo estudantil, at\u00e9 os atuais, inclusive como coordenador, de v\u00e1rios encontros profissionais , em audit\u00f3rios da Cetesb, Engenharia Mau\u00e1, e outros locais, tendo ministrado palestras e aulas para a Escola de Engenharia Mau\u00e1 e FAAP, em associa\u00e7\u00f5es de lojistas de Shopping center, lojistas de Rua e de Bairro , Shopping Center Eldorado e outros, al\u00e9m de elaborado mat\u00e9rias para revistas pr\u00f3prias e livros, sobre laudos em a\u00e7\u00f5es renovat\u00f3rias e revisionais.<br \/>\n\u00c9 membro titular do IBAPE, tendo trabalhado NA CAJUFA \u00e9 Indicado para as Comiss\u00f5es da Fazenda P\u00fablica para Desapropria\u00e7\u00e3o como do Moinho Velho, Mini Anel Vi\u00e1rio Indicado, Prolongamento Roberto Marinho, Rodo Anel, Rodo Anel Guarulhos entre outras. Trabalha nestes \u00faltimos 37 anos , como perito Judicial na \u00e1rea de Engenharia junto \u00e0 diversas Varas da Capital (Regionais e Central) , Grande S\u00e3o Paulo e outras localidades. Atua na \u00c1rea Ambiental e Engenharia de Custos e Recomposi\u00e7\u00e3o de Reequil\u00edbrio Econ\u00f4mico-Financeiro de Contratos de Obras de Engenharia, em Diversos Laudos ao Longo dos Anos.<\/p>\n<p><img loading=\"lazy\" decoding=\"async\" class=\"alignnone wp-image-78936 td-animation-stack-type0-2\" src=\"https:\/\/www.institutodeengenharia.org.br\/site\/wp-content\/uploads\/2021\/03\/andreacristina.png\" alt=\"\" width=\"182\" height=\"157\" srcset=\"https:\/\/www.institutodeengenharia.org.br\/site\/wp-content\/uploads\/2021\/03\/andreacristina.png 330w, https:\/\/www.institutodeengenharia.org.br\/site\/wp-content\/uploads\/2021\/03\/andreacristina-300x260.png 300w\" sizes=\"auto, (max-width: 182px) 100vw, 182px\" \/><\/p>\n<p><strong>Andrea Cristina Kl\u00fcppel Munhoz Soares<\/strong><\/p>\n<p>Vice-Presidente do IBAPE\/SP \u2013 Instituto Brasileiro de Per\u00edcias e Avalia\u00e7\u00f5es<\/p>\n<p>\u2022 Perita Judicial desde 1996<br \/>\n\u2022 Membro da Comiss\u00e3o da CAJUFA do \u201cProlongamento da Av. Jornalista Roberto Marinho at\u00e9 a Rodovia Imigrantes\u201d<br \/>\n\u2022 Membro da Comiss\u00e3o de Peritos de Guarulhos \u201cRodoanel\u201d<br \/>\n\u2022 Vice-presidente do IBAPE\/SP \u2013 Instituto Brasileiro de Per\u00edcias e Avalia\u00e7\u00f5es.<br \/>\n\u2022 Diretora de Eventos do IBAPE Nacional \u2013 Instituto Brasileiro de Per\u00edcias e Avalia\u00e7\u00f5es.<br \/>\n\u2022 Cursando o Mestrado \u2013 Master em Ingenier\u00eda de La Tasaci\u00f3n y Valoraci\u00f3n pela Universitat Polit\u00e9cnica de Val\u00eancia<\/p>\n<p>&nbsp;<\/p>\n<p><strong>Autoridades:\u00a0<\/strong><\/p>\n<p><img loading=\"lazy\" decoding=\"async\" class=\"alignnone wp-image-64008 td-animation-stack-type0-2\" src=\"https:\/\/www.institutodeengenharia.org.br\/site\/wp-content\/uploads\/2020\/05\/jeronimo-cabral-e1613514547301.jpg\" alt=\"\" width=\"151\" height=\"166\" srcset=\"https:\/\/www.institutodeengenharia.org.br\/site\/wp-content\/uploads\/2020\/05\/jeronimo-cabral-e1613514547301.jpg 278w, https:\/\/www.institutodeengenharia.org.br\/site\/wp-content\/uploads\/2020\/05\/jeronimo-cabral-e1613514547301-273x300.jpg 273w\" sizes=\"auto, (max-width: 151px) 100vw, 151px\" \/><\/p>\n<p><strong>Eng. Jer\u00f4nimo Cabral Pereira Fagundes Neto<\/strong><\/p>\n<div>\n<p>Primeiro Diretor Secret\u00e1rio<\/p>\n<\/div>\n<p>Engenheiro Civil pela Escola de Engenharia de Lins, em 1980; p\u00f3s-graduado em Avalia\u00e7\u00f5es e Per\u00edcias de Engenharia pela FAAP, em 2002; mestre em Habita\u00e7\u00e3o na \u00e1rea de Tecnologia das Edifica\u00e7\u00f5es pelo Instituto de Pesquisas Tecnol\u00f3gicas (IPT), em 2007; membro docente de cursos de p\u00f3s-gradua\u00e7\u00e3o em Engenharia Diagn\u00f3stica em Edifica\u00e7\u00f5es, Per\u00edcias de Engenharia e Avalia\u00e7\u00f5es em conv\u00eanios com entidades diversas. Autor e coautor de livros e artigos t\u00e9cnicos sobre Engenharia Diagn\u00f3stica em Edifica\u00e7\u00f5es, Inspe\u00e7\u00e3o Predial, Manuten\u00e7\u00e3o Predial, com premia\u00e7\u00e3o em alguns t\u00edtulos; perito judicial militante na capital de S\u00e3o Paulo e sua regi\u00e3o metropolitana, al\u00e9m de atuar como assistente t\u00e9cnico junto a renomados escrit\u00f3rios de advocacia na regi\u00e3o Sul e Sudeste. \u00c9 Primeiro Diretor Secret\u00e1rio e diretor da J. Cabral Per\u00edcias de Engenharia e Avalia\u00e7\u00f5es.<\/p>\n<p><img loading=\"lazy\" decoding=\"async\" class=\"alignnone wp-image-78937 td-animation-stack-type0-2\" src=\"https:\/\/www.institutodeengenharia.org.br\/site\/wp-content\/uploads\/2021\/03\/luizcappellano.png\" alt=\"\" width=\"186\" height=\"185\" srcset=\"https:\/\/www.institutodeengenharia.org.br\/site\/wp-content\/uploads\/2021\/03\/luizcappellano.png 255w, https:\/\/www.institutodeengenharia.org.br\/site\/wp-content\/uploads\/2021\/03\/luizcappellano-150x150.png 150w, https:\/\/www.institutodeengenharia.org.br\/site\/wp-content\/uploads\/2021\/03\/luizcappellano-100x100.png 100w\" sizes=\"auto, (max-width: 186px) 100vw, 186px\" \/><\/p>\n<p><strong>Eng. Luiz Henrique Cappellano<\/strong><\/p>\n<p>Presidente IBAPE S\u00e3o Paulo<\/p>\n<p>P\u00f3s-Graduado em Engenharia de Avalia\u00e7\u00f5es e Per\u00edcias pela Funda\u00e7\u00e3o Armando \u00c1lvares Penteado \u2013 FAAP (1997) e em Gest\u00e3o Ambiental (USP 2001), Certificado em Engenharia de Avalia\u00e7\u00f5es de Bens \u2013 N\u00edvel AAA pelo Instituto Brasileiro de Avalia\u00e7\u00f5es e Per\u00edcias de Engenharia \u2013 IBAPE Nacional. Engenheiro na Cia de Saneamento B\u00e1sico do Estado de S\u00e3o Paulo \u2013 SABESP desde 1992, onde desde 2007 exerce a fun\u00e7\u00e3o de Gerente do Departamento de Gest\u00e3o de Ativos Imobilizados. Membro Titular do IBAPE\/SP desde 1997, aonde exerceu as fun\u00e7\u00f5es de Diretor Cultural (2008\/2009 e 2016\/2017), Diretor de Rela\u00e7\u00f5es Institucionais (2014\/2015), Diretor de Marketing (2010\/2011), Diretor T\u00e9cnico (2018\/2019) e Diretor Presidente (2020\/2021). Membro do Conselho Diretor do Diret\u00f3rio Nacional da Associa\u00e7\u00e3o Brasileira de Engenharia Sanit\u00e1ria e Ambiental \u2013 ABES (2010\/2012, 2012\/2014, 2016\/2018 e 2018\/2020). Professor em cursos b\u00e1sicos e de especializa\u00e7\u00e3o na \u00e1rea de avalia\u00e7\u00f5es e per\u00edcias de engenharia. Professor convidado da Universidade Presbiteriana Mackenzie no curso de P\u00f3s Gradua\u00e7\u00e3o em Per\u00edcias de Engenharia e Avalia\u00e7\u00f5es. Coautor da \u201cNorma T\u00e9cnica SABESP NTS 297 \u2013 Crit\u00e9rios de Avalia\u00e7\u00e3o para Indeniza\u00e7\u00e3o de Faixas de Servid\u00e3o\u201d e do livro \u201cEngenharia de Avalia\u00e7\u00f5es\u201d \u2013 IBAPE\/SP. Editora LEUD \u2013 2013.<\/p>\n<p><img loading=\"lazy\" decoding=\"async\" class=\"alignnone wp-image-78938 td-animation-stack-type0-2\" src=\"https:\/\/www.institutodeengenharia.org.br\/site\/wp-content\/uploads\/2021\/03\/clemanceu.png\" alt=\"\" width=\"188\" height=\"182\" \/><\/p>\n<p><strong>Eng. Clemanceu Chiabi Saliba J\u00fanior<\/strong><\/p>\n<p>Presidente IBAPE Nacional<\/p>\n<p>Engenheiro Civil (UFMG), Mestre em Engenharia Mec\u00e2nica\/Materiais. P\u00f3s Graduado em Engenharia de Avalia\u00e7\u00f5es e em Engenharia Econ\u00f4mica (Funda\u00e7\u00e3o Dom Cabral). Certificado no Program on Negotiation (Harvard Law School, Cambridge USA). Certificado para atua\u00e7\u00e3o em Dispute Boards (DRBF \u2013 Dispute Resolution Board Foundation USA). Ex-Presidente IBAP-MG, Ex-Presidente da C\u00e2mara de Media\u00e7\u00e3o e Arbitragem do CREA-MG, professor e coordenador de cursos de p\u00f3s gradua\u00e7\u00e3o do IEC PUC Minas. Tem atua\u00e7\u00e3o profissional destacada h\u00e1 mais de 25 anos em Per\u00edcias de Engenharia, Avalia\u00e7\u00f5es Patrimoniais, Elabora\u00e7\u00e3o e an\u00e1lise de Claims e em Arbitragens, como Perito, Assistente T\u00e9cnico ou \u00c1rbitro, tendo ampla experi\u00eancia em gerenciamento de contratos e execu\u00e7\u00e3o de obras industriais e de infraestrutura. Premiado com a Medalha Eurico Ribeiro relativo ao melhor trabalho na \u00e1rea de Per\u00edcias de Engenharia do Brasil em 2011, \u00e9 coautor das Normas T\u00e9cnicas para Avalia\u00e7\u00e3o do Desequil\u00edbrio Econ\u00f4mico-Financeiro em Contratos de Obras de Engenharia (2011) e de Vistoria Cautelar (2014) emitidas pelo Instituto Brasileiro de Avalia\u00e7\u00f5es e Per\u00edcias de Engenharia. Ex-Presidente IBAPE-MG e atual Presidente IBAPE Nacional.<\/p>\n<p><img loading=\"lazy\" decoding=\"async\" class=\"alignnone wp-image-78939 td-animation-stack-type0-2\" src=\"https:\/\/www.institutodeengenharia.org.br\/site\/wp-content\/uploads\/2021\/03\/joelkruger.png\" alt=\"\" width=\"194\" height=\"156\" \/><\/p>\n<p><strong>Eng. Joel Kr\u00fcger<\/strong><\/p>\n<p>Presidente CONFEA<\/p>\n<p>Engenheiro Civil pela Universidade Federal do Paran\u00e1 (UFPR). \u00c9 Mestre em Educa\u00e7\u00e3o pela Pontif\u00edcia Universidade Cat\u00f3lica do Paran\u00e1 (PUC-PR) e especialista em Gest\u00e3o T\u00e9cnica do Meio Urbano pela Universit\u00e9 de Technologie de Compiegne e em Did\u00e1tica no Ensino Superior (PUC-PR).<br \/>\n\u00c9 professor da Escola Polit\u00e9cnica da PUC-PR h\u00e1 35 anos, onde coordenou o Curso de Engenharia Civil da institui\u00e7\u00e3o por v\u00e1rios anos. Atualmente, ministra as disciplinas de Rodovias e Engenharia Legal.<br \/>\nIniciou sua trajet\u00f3ria no Sistema Confea\/Crea\/M\u00fatua como conselheiro titular do Crea-PR (2005 e 2010) e diretor-tesoureiro (2006 a 2010). Em 2011, foi eleito presidente do Crea-PR, cargo que ocupou por dois mandatos consecutivos (2012-2017). Em 2017, foi eleito para a presid\u00eancia do Confea (2018-2020) com base em um programa de amplas mudan\u00e7as apoiado pela grande maioria dos profissionais.<\/p>\n<p><img loading=\"lazy\" decoding=\"async\" class=\"alignnone wp-image-78941 td-animation-stack-type0-2\" src=\"https:\/\/www.institutodeengenharia.org.br\/site\/wp-content\/uploads\/2021\/03\/viniciusmarchese.png\" alt=\"\" width=\"196\" height=\"174\" srcset=\"https:\/\/www.institutodeengenharia.org.br\/site\/wp-content\/uploads\/2021\/03\/viniciusmarchese.png 372w, https:\/\/www.institutodeengenharia.org.br\/site\/wp-content\/uploads\/2021\/03\/viniciusmarchese-300x267.png 300w\" sizes=\"auto, (max-width: 196px) 100vw, 196px\" \/><\/p>\n<p><strong>Eng. Vin\u00edcius Marchese<\/strong><\/p>\n<p>Presidente CREA<\/p>\n<p>De Mogi Gua\u00e7u-SP, me graduei em Engenharia de Telecomunica\u00e7\u00f5es na Universidade de Taubat\u00e9 (UNITAU). Em 2005 conclui o curso de p\u00f3s-gradua\u00e7\u00e3o em Redes e Sistema na Universidade Presbiteriana Mackenzie. De 2007 a 2008 me especializei em gest\u00e3o de neg\u00f3cios na Dublin Business School.<\/p>\n<p>Minha carreira na engenharia \u00e9 marcada pela atua\u00e7\u00e3o em grandes empresas do setor de Telecomunica\u00e7\u00f5es, como VIVO e Embratel.<\/p>\n<p>Atuo no sistema CONFEA\/CREA h\u00e1 15 anos. Fui conselheiro do Crea-SP por dois mandatos, tendo ocupado a diretoria do conselho em duas oportunidades. Assumi a presid\u00eancia do Crea-SP em setembro de 2016, fui eleito presidente pelo pleito eleitoral em 2017 e eleito \u00e0 reelei\u00e7\u00e3o para o exerc\u00edcio de 2021 a 2023.<\/p>\n<p><img loading=\"lazy\" decoding=\"async\" class=\"alignnone wp-image-78942 td-animation-stack-type0-2\" src=\"https:\/\/www.institutodeengenharia.org.br\/site\/wp-content\/uploads\/2021\/03\/maricy.png\" alt=\"\" width=\"137\" height=\"192\" \/><\/p>\n<p><strong>Dra. Maricy Maraldi<\/strong><\/p>\n<p>Ju\u00edza de Primeira Instancia<\/p>\n<p>Ju\u00edza de direito de primeira inst\u00e2ncia, 08\/2008 \u2013 Atual.<br \/>\nTribunal de Justi\u00e7a do Estado de S\u00e3o Paulo \u2013 S\u00e3o Paulo, SP \u2013 Atua\u00e7\u00e3o junto as diversas Varas de Fazenda P\u00fablica da Capital, atualmente Titular I da 10a. Vara da fazenda P\u00fablica da Capital.<br \/>\nProcuradora aut\u00e1rquica, 01\/2002 \u2013 07\/2008.<br \/>\nPrefeitura do Munic\u00edpio de S\u00e3o Paulo \u2013 S\u00e3o Paulo, SP \u2013 Representa\u00e7\u00e3o processual da autarquia.<br \/>\nMestre em Direito do Estado: Direito Constitucional, 12\/2005.<br \/>\nPont\u00edficia Universidade Cat\u00f3lica \u2013 S\u00e3o Paulo, SP.<br \/>\nAtua\u00e7\u00e3o nas Mat\u00e9rias e temas afetos ao Direito P\u00fablico.<\/p>\n<p><img loading=\"lazy\" decoding=\"async\" class=\"alignnone wp-image-78943 td-animation-stack-type0-2\" src=\"https:\/\/www.institutodeengenharia.org.br\/site\/wp-content\/uploads\/2021\/03\/renatadenari.png\" alt=\"\" width=\"224\" height=\"209\" srcset=\"https:\/\/www.institutodeengenharia.org.br\/site\/wp-content\/uploads\/2021\/03\/renatadenari.png 374w, https:\/\/www.institutodeengenharia.org.br\/site\/wp-content\/uploads\/2021\/03\/renatadenari-300x280.png 300w\" sizes=\"auto, (max-width: 224px) 100vw, 224px\" \/><\/p>\n<p><strong>Renata Denari Elias<\/strong><\/p>\n<div>Engenheira do Departamento de Desapropria\u00e7\u00f5es do Munic\u00edpio de S\u00e3o Paulo \u2013 DESAP<\/div>\n<p>&nbsp;<\/p>\n<p>Engenheira Cart\u00f3grafa, Advogada; p\u00f3s-graduada em Per\u00edcias de Engenharia e Avalia\u00e7\u00f5es \u2013 FAAP-SP. Comiss\u00f5es de Peritos: Aeroporto Internacional de Viracopos, Campinas \u2013 SP e Guarulhos \u2013 SP. Diretora de Eventos do IBAPE\/SP, gest\u00e3o 2018\/2019. Perita nas Varas Federais de Guarulhos-SP e Campinas-SP. Assistente t\u00e9cnica. Trabalha na Secretaria Municipal de Justi\u00e7a \u2013 SMJ, Procuradoria Geral do Munic\u00edpio \u2013 PGM \u2013 Departamento de Desapropria\u00e7\u00f5es do Munic\u00edpio de S\u00e3o Paulo \u2013 DESAP, desde 1992.<\/p>\n<p><img loading=\"lazy\" decoding=\"async\" class=\"alignnone wp-image-78945 td-animation-stack-type0-2\" src=\"https:\/\/www.institutodeengenharia.org.br\/site\/wp-content\/uploads\/2021\/03\/flavio.png\" alt=\"\" width=\"167\" height=\"169\" srcset=\"https:\/\/www.institutodeengenharia.org.br\/site\/wp-content\/uploads\/2021\/03\/flavio.png 193w, https:\/\/www.institutodeengenharia.org.br\/site\/wp-content\/uploads\/2021\/03\/flavio-100x100.png 100w\" sizes=\"auto, (max-width: 167px) 100vw, 167px\" \/><\/p>\n<p><strong>Fl\u00e1vio Yunes<\/strong><\/p>\n<p>Presidente da Comiss\u00e3o Permanente de Estudos de Desapropria\u00e7\u00e3o do IASP<\/p>\n<p>Atua especialmente na \u00e1rea da desapropria\u00e7\u00e3o e contencioso c\u00edvel. Formado pelo Uni-FMU Centro Universit\u00e1rio \u00e9 Presidente da Comiss\u00e3o Permanente de Estudos de Desapropria\u00e7\u00e3o do IASP \u2013 Instituto dos Advogados de S\u00e3o Paulo e Membro da Comiss\u00e3o de Estudos de Precat\u00f3rios da mesma institui\u00e7\u00e3o. Possui p\u00f3s-gradua\u00e7\u00e3o em Direito Processual Civil pela Escola Paulista da Magistratura e \u00e9 especialista em Direito Civil pela Universidade Presbiteriana Mackenzie.<\/p>\n<p>&nbsp;<\/p>\n<p><strong>Realiza\u00e7\u00e3o:\u00a0<\/strong><\/p>\n<p><img loading=\"lazy\" decoding=\"async\" class=\"alignnone size-full wp-image-78975 td-animation-stack-type0-2\" src=\"https:\/\/www.institutodeengenharia.org.br\/site\/wp-content\/uploads\/2021\/03\/logo.png\" alt=\"\" width=\"459\" height=\"153\" srcset=\"https:\/\/www.institutodeengenharia.org.br\/site\/wp-content\/uploads\/2021\/03\/logo.png 459w, https:\/\/www.institutodeengenharia.org.br\/site\/wp-content\/uploads\/2021\/03\/logo-300x100.png 300w\" sizes=\"auto, (max-width: 459px) 100vw, 459px\" \/><\/p>\n<div><strong>Eng. Ivan Metran Whately \u2013<\/strong>\u00a0Vice-Presidente de Atividades T\u00e9cnicas<\/div>\n<div><strong>Eng\u00aa. D\u00e9bora Sanches de A. Marinello<\/strong>\u00a0\u2013 Diretora do Departamento de Engenharia de Produ\u00e7\u00e3o<br \/>\n<strong>Eng. Ricardo Henrique de A. Imamura<\/strong>\u00a0\u2013 Coordenador da Divis\u00e3o T\u00e9cnica de Avalia\u00e7\u00f5es e Per\u00edcias<\/div>\n<p><strong>Apoio Institucional:<\/strong><\/p>\n<p><img loading=\"lazy\" decoding=\"async\" class=\"alignnone wp-image-77696 td-animation-stack-type0-2\" src=\"https:\/\/www.institutodeengenharia.org.br\/site\/wp-content\/uploads\/2021\/02\/crea-300x211.jpg\" alt=\"\" width=\"141\" height=\"99\" srcset=\"https:\/\/www.institutodeengenharia.org.br\/site\/wp-content\/uploads\/2021\/02\/crea-300x211.jpg 300w, https:\/\/www.institutodeengenharia.org.br\/site\/wp-content\/uploads\/2021\/02\/crea-100x70.jpg 100w, https:\/\/www.institutodeengenharia.org.br\/site\/wp-content\/uploads\/2021\/02\/crea.jpg 448w\" sizes=\"auto, (max-width: 141px) 100vw, 141px\" \/><\/p>\n<p><strong>Apoio \u00e0 forma\u00e7\u00e3o:\u00a0<\/strong><\/p>\n<p>Espa\u00e7o aberto ao CREA-SP, objetivando o aperfei\u00e7oamento dos profissionais e o aprimoramento da fiscaliza\u00e7\u00e3o das \u00e1reas abrangidas pelo Sistema Confea\/CREAs, al\u00e9m de promover a conscientiza\u00e7\u00e3o da sociedade quanto \u00e0 necessidade e obrigatoriedade de contratar um profissional devidamente habilitado.<\/p>\n<p>&nbsp;<\/p>\n<p>&nbsp;<\/p>\n","protected":false},"excerpt":{"rendered":"<p>Assista abaixo \u00e0s grava\u00e7\u00f5es do evento: Abertura 1\u00ba Painel: Do Processo Expropriat\u00f3rio 2\u00ba Painel: As Per\u00edcias e Avalia\u00e7\u00f5es no Processo de Desapropria\u00e7\u00e3o na pr\u00e1tica: 3\u00ba Painel: Casos pr\u00e1ticos Encerramento:\u00a0 + Informa\u00e7\u00f5es:\u00a0 A Complexidade do Processo de Desapropria\u00e7\u00e3o relativo \u00e0s Per\u00edcias e Avalia\u00e7\u00f5es de Im\u00f3veis, Metodologias, orienta\u00e7\u00f5es e casos pr\u00e1ticos e Normas T\u00e9cnicas para os profissionais [&hellip;]<\/p>\n","protected":false},"author":13,"featured_media":79023,"comment_status":"open","ping_status":"open","sticky":false,"template":"","format":"video","meta":{"footnotes":""},"categories":[46,67,12,968,970],"tags":[1176],"class_list":{"0":"post-80471","1":"post","2":"type-post","3":"status-publish","4":"format-video","5":"has-post-thumbnail","7":"category-departamento-desenvolvimento-de-gestao-e-objetivos","8":"category-divisao-de-avaliacoes-e-pericias","9":"category-divisoes-tecnicas","10":"category-nova-tv-engenharia","11":"category-seminario","12":"tag-video-home","13":"post_format-post-format-video"},"yoast_head":"<!-- This site is optimized with the Yoast SEO plugin v27.2 - https:\/\/yoast.com\/product\/yoast-seo-wordpress\/ -->\n<title>Desapropria\u00e7\u00f5es: A Complexidade das Per\u00edcias e Avalia\u00e7\u00f5es - Instituto de Engenharia<\/title>\n<meta name=\"robots\" content=\"index, follow, max-snippet:-1, max-image-preview:large, max-video-preview:-1\" \/>\n<link rel=\"canonical\" href=\"https:\/\/www.institutodeengenharia.org.br\/site\/2021\/12\/23\/desapropriacoes-a-complexidade-das-pericias-e-avaliacoes\/\" \/>\n<meta property=\"og:locale\" content=\"pt_BR\" \/>\n<meta property=\"og:type\" content=\"article\" \/>\n<meta property=\"og:title\" content=\"Desapropria\u00e7\u00f5es: A Complexidade das Per\u00edcias e Avalia\u00e7\u00f5es - Instituto de Engenharia\" \/>\n<meta property=\"og:description\" content=\"Assista abaixo \u00e0s grava\u00e7\u00f5es do evento: Abertura 1\u00ba Painel: Do Processo Expropriat\u00f3rio 2\u00ba Painel: As Per\u00edcias e Avalia\u00e7\u00f5es no Processo de Desapropria\u00e7\u00e3o na pr\u00e1tica: 3\u00ba Painel: Casos pr\u00e1ticos Encerramento:\u00a0 + Informa\u00e7\u00f5es:\u00a0 A Complexidade do Processo de Desapropria\u00e7\u00e3o relativo \u00e0s Per\u00edcias e Avalia\u00e7\u00f5es de Im\u00f3veis, Metodologias, orienta\u00e7\u00f5es e casos pr\u00e1ticos e Normas T\u00e9cnicas para os profissionais [&hellip;]\" \/>\n<meta property=\"og:url\" content=\"https:\/\/www.institutodeengenharia.org.br\/site\/2021\/12\/23\/desapropriacoes-a-complexidade-das-pericias-e-avaliacoes\/\" \/>\n<meta property=\"og:site_name\" content=\"Instituto de Engenharia\" \/>\n<meta property=\"article:publisher\" content=\"https:\/\/www.facebook.com\/institutodeengenharia\" \/>\n<meta property=\"article:published_time\" content=\"2021-12-23T14:00:47+00:00\" \/>\n<meta property=\"article:modified_time\" content=\"2021-12-23T14:20:07+00:00\" \/>\n<meta property=\"og:image\" content=\"https:\/\/www.institutodeengenharia.org.br\/site\/wp-content\/uploads\/2021\/03\/postdesapropiacao-1.webp\" \/>\n\t<meta property=\"og:image:width\" content=\"400\" \/>\n\t<meta property=\"og:image:height\" content=\"251\" \/>\n\t<meta property=\"og:image:type\" content=\"image\/webp\" \/>\n<meta name=\"author\" content=\"Bianca\" \/>\n<meta name=\"twitter:card\" content=\"summary_large_image\" \/>\n<meta name=\"twitter:creator\" content=\"@iengenharia\" \/>\n<meta name=\"twitter:site\" content=\"@iengenharia\" \/>\n<meta name=\"twitter:label1\" content=\"Escrito por\" \/>\n\t<meta name=\"twitter:data1\" content=\"Bianca\" \/>\n\t<meta name=\"twitter:label2\" content=\"Est. tempo de leitura\" \/>\n\t<meta name=\"twitter:data2\" content=\"15 minutos\" \/>\n<script type=\"application\/ld+json\" class=\"yoast-schema-graph\">{\"@context\":\"https:\/\/schema.org\",\"@graph\":[{\"@type\":\"Article\",\"@id\":\"https:\/\/www.institutodeengenharia.org.br\/site\/2021\/12\/23\/desapropriacoes-a-complexidade-das-pericias-e-avaliacoes\/#article\",\"isPartOf\":{\"@id\":\"https:\/\/www.institutodeengenharia.org.br\/site\/2021\/12\/23\/desapropriacoes-a-complexidade-das-pericias-e-avaliacoes\/\"},\"author\":{\"name\":\"Bianca\",\"@id\":\"https:\/\/www.institutodeengenharia.org.br\/site\/#\/schema\/person\/aeb64951c405e100d26d30b033dd423f\"},\"headline\":\"Desapropria\u00e7\u00f5es: A Complexidade das Per\u00edcias e Avalia\u00e7\u00f5es\",\"datePublished\":\"2021-12-23T14:00:47+00:00\",\"dateModified\":\"2021-12-23T14:20:07+00:00\",\"mainEntityOfPage\":{\"@id\":\"https:\/\/www.institutodeengenharia.org.br\/site\/2021\/12\/23\/desapropriacoes-a-complexidade-das-pericias-e-avaliacoes\/\"},\"wordCount\":2951,\"commentCount\":0,\"publisher\":{\"@id\":\"https:\/\/www.institutodeengenharia.org.br\/site\/#organization\"},\"image\":{\"@id\":\"https:\/\/www.institutodeengenharia.org.br\/site\/2021\/12\/23\/desapropriacoes-a-complexidade-das-pericias-e-avaliacoes\/#primaryimage\"},\"thumbnailUrl\":\"https:\/\/www.institutodeengenharia.org.br\/site\/wp-content\/uploads\/2021\/03\/postdesapropiacao-1.webp\",\"keywords\":[\"video-home\"],\"articleSection\":[\"Departamento Desenvolvimento de Gest\u00e3o e Objetivos\",\"Divis\u00e3o T\u00e9cnica de Avalia\u00e7\u00f5es e Per\u00edcias\",\"Divis\u00f5es T\u00e9cnicas\",\"Nova TV Engenharia\",\"Semin\u00e1rio\"],\"inLanguage\":\"pt-BR\",\"potentialAction\":[{\"@type\":\"CommentAction\",\"name\":\"Comment\",\"target\":[\"https:\/\/www.institutodeengenharia.org.br\/site\/2021\/12\/23\/desapropriacoes-a-complexidade-das-pericias-e-avaliacoes\/#respond\"]}]},{\"@type\":\"WebPage\",\"@id\":\"https:\/\/www.institutodeengenharia.org.br\/site\/2021\/12\/23\/desapropriacoes-a-complexidade-das-pericias-e-avaliacoes\/\",\"url\":\"https:\/\/www.institutodeengenharia.org.br\/site\/2021\/12\/23\/desapropriacoes-a-complexidade-das-pericias-e-avaliacoes\/\",\"name\":\"Desapropria\u00e7\u00f5es: A Complexidade das Per\u00edcias e Avalia\u00e7\u00f5es - Instituto de Engenharia\",\"isPartOf\":{\"@id\":\"https:\/\/www.institutodeengenharia.org.br\/site\/#website\"},\"primaryImageOfPage\":{\"@id\":\"https:\/\/www.institutodeengenharia.org.br\/site\/2021\/12\/23\/desapropriacoes-a-complexidade-das-pericias-e-avaliacoes\/#primaryimage\"},\"image\":{\"@id\":\"https:\/\/www.institutodeengenharia.org.br\/site\/2021\/12\/23\/desapropriacoes-a-complexidade-das-pericias-e-avaliacoes\/#primaryimage\"},\"thumbnailUrl\":\"https:\/\/www.institutodeengenharia.org.br\/site\/wp-content\/uploads\/2021\/03\/postdesapropiacao-1.webp\",\"datePublished\":\"2021-12-23T14:00:47+00:00\",\"dateModified\":\"2021-12-23T14:20:07+00:00\",\"breadcrumb\":{\"@id\":\"https:\/\/www.institutodeengenharia.org.br\/site\/2021\/12\/23\/desapropriacoes-a-complexidade-das-pericias-e-avaliacoes\/#breadcrumb\"},\"inLanguage\":\"pt-BR\",\"potentialAction\":[{\"@type\":\"ReadAction\",\"target\":[\"https:\/\/www.institutodeengenharia.org.br\/site\/2021\/12\/23\/desapropriacoes-a-complexidade-das-pericias-e-avaliacoes\/\"]}]},{\"@type\":\"ImageObject\",\"inLanguage\":\"pt-BR\",\"@id\":\"https:\/\/www.institutodeengenharia.org.br\/site\/2021\/12\/23\/desapropriacoes-a-complexidade-das-pericias-e-avaliacoes\/#primaryimage\",\"url\":\"https:\/\/www.institutodeengenharia.org.br\/site\/wp-content\/uploads\/2021\/03\/postdesapropiacao-1.webp\",\"contentUrl\":\"https:\/\/www.institutodeengenharia.org.br\/site\/wp-content\/uploads\/2021\/03\/postdesapropiacao-1.webp\",\"width\":400,\"height\":251},{\"@type\":\"BreadcrumbList\",\"@id\":\"https:\/\/www.institutodeengenharia.org.br\/site\/2021\/12\/23\/desapropriacoes-a-complexidade-das-pericias-e-avaliacoes\/#breadcrumb\",\"itemListElement\":[{\"@type\":\"ListItem\",\"position\":1,\"name\":\"In\u00edcio\",\"item\":\"https:\/\/www.institutodeengenharia.org.br\/site\/\"},{\"@type\":\"ListItem\",\"position\":2,\"name\":\"Desapropria\u00e7\u00f5es: A Complexidade das Per\u00edcias e Avalia\u00e7\u00f5es\"}]},{\"@type\":\"WebSite\",\"@id\":\"https:\/\/www.institutodeengenharia.org.br\/site\/#website\",\"url\":\"https:\/\/www.institutodeengenharia.org.br\/site\/\",\"name\":\"Instituto de Engenharia\",\"description\":\"O Instituto de Engenharia promove a Engenharia em benef\u00edcio do desenvolvimento e da qualidade de vida da sociedade.\",\"publisher\":{\"@id\":\"https:\/\/www.institutodeengenharia.org.br\/site\/#organization\"},\"potentialAction\":[{\"@type\":\"SearchAction\",\"target\":{\"@type\":\"EntryPoint\",\"urlTemplate\":\"https:\/\/www.institutodeengenharia.org.br\/site\/?s={search_term_string}\"},\"query-input\":{\"@type\":\"PropertyValueSpecification\",\"valueRequired\":true,\"valueName\":\"search_term_string\"}}],\"inLanguage\":\"pt-BR\"},{\"@type\":\"Organization\",\"@id\":\"https:\/\/www.institutodeengenharia.org.br\/site\/#organization\",\"name\":\"Instituto de Engenharia\",\"url\":\"https:\/\/www.institutodeengenharia.org.br\/site\/\",\"logo\":{\"@type\":\"ImageObject\",\"inLanguage\":\"pt-BR\",\"@id\":\"https:\/\/www.institutodeengenharia.org.br\/site\/#\/schema\/logo\/image\/\",\"url\":\"https:\/\/www.institutodeengenharia.org.br\/site\/wp-content\/uploads\/2019\/03\/logo-novo-IE2018-1.jpg\",\"contentUrl\":\"https:\/\/www.institutodeengenharia.org.br\/site\/wp-content\/uploads\/2019\/03\/logo-novo-IE2018-1.jpg\",\"width\":1486,\"height\":1879,\"caption\":\"Instituto de Engenharia\"},\"image\":{\"@id\":\"https:\/\/www.institutodeengenharia.org.br\/site\/#\/schema\/logo\/image\/\"},\"sameAs\":[\"https:\/\/www.facebook.com\/institutodeengenharia\",\"https:\/\/x.com\/iengenharia\",\"https:\/\/www.instagram.com\/institutodeengenharia\/\",\"https:\/\/www.linkedin.com\/company\/instituto-de-engenharia\/\",\"https:\/\/www.youtube.com\/channel\/UCXiCAlsSMe977vamW915HxA\"]},{\"@type\":\"Person\",\"@id\":\"https:\/\/www.institutodeengenharia.org.br\/site\/#\/schema\/person\/aeb64951c405e100d26d30b033dd423f\",\"name\":\"Bianca\",\"image\":{\"@type\":\"ImageObject\",\"inLanguage\":\"pt-BR\",\"@id\":\"https:\/\/secure.gravatar.com\/avatar\/a6fbe9bff57405baf4c1e2c5c1811e072b558253974a9f9508f4678900c97c2a?s=96&d=mm&r=g\",\"url\":\"https:\/\/secure.gravatar.com\/avatar\/a6fbe9bff57405baf4c1e2c5c1811e072b558253974a9f9508f4678900c97c2a?s=96&d=mm&r=g\",\"contentUrl\":\"https:\/\/secure.gravatar.com\/avatar\/a6fbe9bff57405baf4c1e2c5c1811e072b558253974a9f9508f4678900c97c2a?s=96&d=mm&r=g\",\"caption\":\"Bianca\"},\"url\":\"https:\/\/www.institutodeengenharia.org.br\/site\/author\/comunicacao1\/\"}]}<\/script>\n<!-- \/ Yoast SEO plugin. -->","yoast_head_json":{"title":"Desapropria\u00e7\u00f5es: A Complexidade das Per\u00edcias e Avalia\u00e7\u00f5es - Instituto de Engenharia","robots":{"index":"index","follow":"follow","max-snippet":"max-snippet:-1","max-image-preview":"max-image-preview:large","max-video-preview":"max-video-preview:-1"},"canonical":"https:\/\/www.institutodeengenharia.org.br\/site\/2021\/12\/23\/desapropriacoes-a-complexidade-das-pericias-e-avaliacoes\/","og_locale":"pt_BR","og_type":"article","og_title":"Desapropria\u00e7\u00f5es: A Complexidade das Per\u00edcias e Avalia\u00e7\u00f5es - Instituto de Engenharia","og_description":"Assista abaixo \u00e0s grava\u00e7\u00f5es do evento: Abertura 1\u00ba Painel: Do Processo Expropriat\u00f3rio 2\u00ba Painel: As Per\u00edcias e Avalia\u00e7\u00f5es no Processo de Desapropria\u00e7\u00e3o na pr\u00e1tica: 3\u00ba Painel: Casos pr\u00e1ticos Encerramento:\u00a0 + Informa\u00e7\u00f5es:\u00a0 A Complexidade do Processo de Desapropria\u00e7\u00e3o relativo \u00e0s Per\u00edcias e Avalia\u00e7\u00f5es de Im\u00f3veis, Metodologias, orienta\u00e7\u00f5es e casos pr\u00e1ticos e Normas T\u00e9cnicas para os profissionais [&hellip;]","og_url":"https:\/\/www.institutodeengenharia.org.br\/site\/2021\/12\/23\/desapropriacoes-a-complexidade-das-pericias-e-avaliacoes\/","og_site_name":"Instituto de Engenharia","article_publisher":"https:\/\/www.facebook.com\/institutodeengenharia","article_published_time":"2021-12-23T14:00:47+00:00","article_modified_time":"2021-12-23T14:20:07+00:00","og_image":[{"width":400,"height":251,"url":"https:\/\/www.institutodeengenharia.org.br\/site\/wp-content\/uploads\/2021\/03\/postdesapropiacao-1.webp","type":"image\/webp"}],"author":"Bianca","twitter_card":"summary_large_image","twitter_creator":"@iengenharia","twitter_site":"@iengenharia","twitter_misc":{"Escrito por":"Bianca","Est. tempo de leitura":"15 minutos"},"schema":{"@context":"https:\/\/schema.org","@graph":[{"@type":"Article","@id":"https:\/\/www.institutodeengenharia.org.br\/site\/2021\/12\/23\/desapropriacoes-a-complexidade-das-pericias-e-avaliacoes\/#article","isPartOf":{"@id":"https:\/\/www.institutodeengenharia.org.br\/site\/2021\/12\/23\/desapropriacoes-a-complexidade-das-pericias-e-avaliacoes\/"},"author":{"name":"Bianca","@id":"https:\/\/www.institutodeengenharia.org.br\/site\/#\/schema\/person\/aeb64951c405e100d26d30b033dd423f"},"headline":"Desapropria\u00e7\u00f5es: A Complexidade das Per\u00edcias e Avalia\u00e7\u00f5es","datePublished":"2021-12-23T14:00:47+00:00","dateModified":"2021-12-23T14:20:07+00:00","mainEntityOfPage":{"@id":"https:\/\/www.institutodeengenharia.org.br\/site\/2021\/12\/23\/desapropriacoes-a-complexidade-das-pericias-e-avaliacoes\/"},"wordCount":2951,"commentCount":0,"publisher":{"@id":"https:\/\/www.institutodeengenharia.org.br\/site\/#organization"},"image":{"@id":"https:\/\/www.institutodeengenharia.org.br\/site\/2021\/12\/23\/desapropriacoes-a-complexidade-das-pericias-e-avaliacoes\/#primaryimage"},"thumbnailUrl":"https:\/\/www.institutodeengenharia.org.br\/site\/wp-content\/uploads\/2021\/03\/postdesapropiacao-1.webp","keywords":["video-home"],"articleSection":["Departamento Desenvolvimento de Gest\u00e3o e Objetivos","Divis\u00e3o T\u00e9cnica de Avalia\u00e7\u00f5es e Per\u00edcias","Divis\u00f5es T\u00e9cnicas","Nova TV Engenharia","Semin\u00e1rio"],"inLanguage":"pt-BR","potentialAction":[{"@type":"CommentAction","name":"Comment","target":["https:\/\/www.institutodeengenharia.org.br\/site\/2021\/12\/23\/desapropriacoes-a-complexidade-das-pericias-e-avaliacoes\/#respond"]}]},{"@type":"WebPage","@id":"https:\/\/www.institutodeengenharia.org.br\/site\/2021\/12\/23\/desapropriacoes-a-complexidade-das-pericias-e-avaliacoes\/","url":"https:\/\/www.institutodeengenharia.org.br\/site\/2021\/12\/23\/desapropriacoes-a-complexidade-das-pericias-e-avaliacoes\/","name":"Desapropria\u00e7\u00f5es: A Complexidade das Per\u00edcias e Avalia\u00e7\u00f5es - Instituto de Engenharia","isPartOf":{"@id":"https:\/\/www.institutodeengenharia.org.br\/site\/#website"},"primaryImageOfPage":{"@id":"https:\/\/www.institutodeengenharia.org.br\/site\/2021\/12\/23\/desapropriacoes-a-complexidade-das-pericias-e-avaliacoes\/#primaryimage"},"image":{"@id":"https:\/\/www.institutodeengenharia.org.br\/site\/2021\/12\/23\/desapropriacoes-a-complexidade-das-pericias-e-avaliacoes\/#primaryimage"},"thumbnailUrl":"https:\/\/www.institutodeengenharia.org.br\/site\/wp-content\/uploads\/2021\/03\/postdesapropiacao-1.webp","datePublished":"2021-12-23T14:00:47+00:00","dateModified":"2021-12-23T14:20:07+00:00","breadcrumb":{"@id":"https:\/\/www.institutodeengenharia.org.br\/site\/2021\/12\/23\/desapropriacoes-a-complexidade-das-pericias-e-avaliacoes\/#breadcrumb"},"inLanguage":"pt-BR","potentialAction":[{"@type":"ReadAction","target":["https:\/\/www.institutodeengenharia.org.br\/site\/2021\/12\/23\/desapropriacoes-a-complexidade-das-pericias-e-avaliacoes\/"]}]},{"@type":"ImageObject","inLanguage":"pt-BR","@id":"https:\/\/www.institutodeengenharia.org.br\/site\/2021\/12\/23\/desapropriacoes-a-complexidade-das-pericias-e-avaliacoes\/#primaryimage","url":"https:\/\/www.institutodeengenharia.org.br\/site\/wp-content\/uploads\/2021\/03\/postdesapropiacao-1.webp","contentUrl":"https:\/\/www.institutodeengenharia.org.br\/site\/wp-content\/uploads\/2021\/03\/postdesapropiacao-1.webp","width":400,"height":251},{"@type":"BreadcrumbList","@id":"https:\/\/www.institutodeengenharia.org.br\/site\/2021\/12\/23\/desapropriacoes-a-complexidade-das-pericias-e-avaliacoes\/#breadcrumb","itemListElement":[{"@type":"ListItem","position":1,"name":"In\u00edcio","item":"https:\/\/www.institutodeengenharia.org.br\/site\/"},{"@type":"ListItem","position":2,"name":"Desapropria\u00e7\u00f5es: A Complexidade das Per\u00edcias e Avalia\u00e7\u00f5es"}]},{"@type":"WebSite","@id":"https:\/\/www.institutodeengenharia.org.br\/site\/#website","url":"https:\/\/www.institutodeengenharia.org.br\/site\/","name":"Instituto de Engenharia","description":"O Instituto de Engenharia promove a Engenharia em benef\u00edcio do desenvolvimento e da qualidade de vida da sociedade.","publisher":{"@id":"https:\/\/www.institutodeengenharia.org.br\/site\/#organization"},"potentialAction":[{"@type":"SearchAction","target":{"@type":"EntryPoint","urlTemplate":"https:\/\/www.institutodeengenharia.org.br\/site\/?s={search_term_string}"},"query-input":{"@type":"PropertyValueSpecification","valueRequired":true,"valueName":"search_term_string"}}],"inLanguage":"pt-BR"},{"@type":"Organization","@id":"https:\/\/www.institutodeengenharia.org.br\/site\/#organization","name":"Instituto de Engenharia","url":"https:\/\/www.institutodeengenharia.org.br\/site\/","logo":{"@type":"ImageObject","inLanguage":"pt-BR","@id":"https:\/\/www.institutodeengenharia.org.br\/site\/#\/schema\/logo\/image\/","url":"https:\/\/www.institutodeengenharia.org.br\/site\/wp-content\/uploads\/2019\/03\/logo-novo-IE2018-1.jpg","contentUrl":"https:\/\/www.institutodeengenharia.org.br\/site\/wp-content\/uploads\/2019\/03\/logo-novo-IE2018-1.jpg","width":1486,"height":1879,"caption":"Instituto de Engenharia"},"image":{"@id":"https:\/\/www.institutodeengenharia.org.br\/site\/#\/schema\/logo\/image\/"},"sameAs":["https:\/\/www.facebook.com\/institutodeengenharia","https:\/\/x.com\/iengenharia","https:\/\/www.instagram.com\/institutodeengenharia\/","https:\/\/www.linkedin.com\/company\/instituto-de-engenharia\/","https:\/\/www.youtube.com\/channel\/UCXiCAlsSMe977vamW915HxA"]},{"@type":"Person","@id":"https:\/\/www.institutodeengenharia.org.br\/site\/#\/schema\/person\/aeb64951c405e100d26d30b033dd423f","name":"Bianca","image":{"@type":"ImageObject","inLanguage":"pt-BR","@id":"https:\/\/secure.gravatar.com\/avatar\/a6fbe9bff57405baf4c1e2c5c1811e072b558253974a9f9508f4678900c97c2a?s=96&d=mm&r=g","url":"https:\/\/secure.gravatar.com\/avatar\/a6fbe9bff57405baf4c1e2c5c1811e072b558253974a9f9508f4678900c97c2a?s=96&d=mm&r=g","contentUrl":"https:\/\/secure.gravatar.com\/avatar\/a6fbe9bff57405baf4c1e2c5c1811e072b558253974a9f9508f4678900c97c2a?s=96&d=mm&r=g","caption":"Bianca"},"url":"https:\/\/www.institutodeengenharia.org.br\/site\/author\/comunicacao1\/"}]}},"_links":{"self":[{"href":"https:\/\/www.institutodeengenharia.org.br\/site\/wp-json\/wp\/v2\/posts\/80471","targetHints":{"allow":["GET"]}}],"collection":[{"href":"https:\/\/www.institutodeengenharia.org.br\/site\/wp-json\/wp\/v2\/posts"}],"about":[{"href":"https:\/\/www.institutodeengenharia.org.br\/site\/wp-json\/wp\/v2\/types\/post"}],"author":[{"embeddable":true,"href":"https:\/\/www.institutodeengenharia.org.br\/site\/wp-json\/wp\/v2\/users\/13"}],"replies":[{"embeddable":true,"href":"https:\/\/www.institutodeengenharia.org.br\/site\/wp-json\/wp\/v2\/comments?post=80471"}],"version-history":[{"count":1,"href":"https:\/\/www.institutodeengenharia.org.br\/site\/wp-json\/wp\/v2\/posts\/80471\/revisions"}],"predecessor-version":[{"id":80472,"href":"https:\/\/www.institutodeengenharia.org.br\/site\/wp-json\/wp\/v2\/posts\/80471\/revisions\/80472"}],"wp:featuredmedia":[{"embeddable":true,"href":"https:\/\/www.institutodeengenharia.org.br\/site\/wp-json\/wp\/v2\/media\/79023"}],"wp:attachment":[{"href":"https:\/\/www.institutodeengenharia.org.br\/site\/wp-json\/wp\/v2\/media?parent=80471"}],"wp:term":[{"taxonomy":"category","embeddable":true,"href":"https:\/\/www.institutodeengenharia.org.br\/site\/wp-json\/wp\/v2\/categories?post=80471"},{"taxonomy":"post_tag","embeddable":true,"href":"https:\/\/www.institutodeengenharia.org.br\/site\/wp-json\/wp\/v2\/tags?post=80471"}],"curies":[{"name":"wp","href":"https:\/\/api.w.org\/{rel}","templated":true}]}}