{"id":80314,"date":"2020-04-16T10:21:46","date_gmt":"2020-04-16T13:21:46","guid":{"rendered":"https:\/\/www.institutodeengenharia.org.br\/site\/?p=80314"},"modified":"2023-01-09T12:05:59","modified_gmt":"2023-01-09T15:05:59","slug":"webinar-cenarios-do-setor-de-oleo-gas-e-energia-sinergias-entre-os-mercados-privado-e-publico","status":"publish","type":"post","link":"https:\/\/www.institutodeengenharia.org.br\/site\/2020\/04\/16\/webinar-cenarios-do-setor-de-oleo-gas-e-energia-sinergias-entre-os-mercados-privado-e-publico\/","title":{"rendered":"Webinar Cen\u00e1rios do Setor de \u00d3leo, G\u00e1s e Energia &#8211; Sinergias entre os mercados privado e p\u00fablico"},"content":{"rendered":"<p><strong>Assista abaixo \u00e0 grava\u00e7\u00e3o do evento:<\/strong><\/p>\n<p><iframe loading=\"lazy\" src=\"https:\/\/player.vimeo.com\/video\/545623761\" width=\"640\" height=\"360\" frameborder=\"0\" allowfullscreen=\"allowfullscreen\"><\/iframe><\/p>\n<p><strong>+ Informa\u00e7\u00f5es:\u00a0<\/strong><\/p>\n<p>Apesar da extrema gravidade pela qual passa o mundo e o Brasil, devido \u00e0s quest\u00f5es que envolvem o Covid-19, o Instituto de Engenharia entende que deve prosseguir na constru\u00e7\u00e3o de solu\u00e7\u00f5es e alternativas positivas \u00e0 sociedade, dando continuidade \u00e0 s\u00e9rie iniciada em 2019 de O&amp;G&amp;E, onde ser\u00e1 discutido o setor de petr\u00f3leo, g\u00e1s e energia com o Webinar \u201cCen\u00e1rios do Setor de \u00d3leo, G\u00e1s e Energia \u2013 Sinergias entre os Mercados Privado e P\u00fablico\u201d.<\/p>\n<p>A din\u00e2mica elaborada \u2013\u00a0<strong>um webinar com participa\u00e7\u00e3o 100% online<\/strong>\u00a0\u2013 \u00e9 uma demonstra\u00e7\u00e3o de respeito \u00e0 integridade e preserva\u00e7\u00e3o das relevantes e importantes orienta\u00e7\u00f5es da Organiza\u00e7\u00e3o Mundial de Sa\u00fade (OMS), para o momento, e uma forma de manter um dos princ\u00edpios fundamentais do Instituto, de atender \u00e0 sociedade sempre que ela necessita de seu apoio, da engenharia e seus engenheiros.<\/p>\n<p><strong>EVENTO:<\/strong><\/p>\n<p>Temas como as demandas e inova\u00e7\u00e3o do setor com relev\u00e2ncia associada ao pr\u00e9-sal; os cen\u00e1rios globais de combust\u00edveis; o aumento de gera\u00e7\u00e3o de renov\u00e1veis; as disrupturas no setor de mobilidade; a emin\u00eancia de crescimento econ\u00f4mico nacional; a oportunidade no mercado de petr\u00f3leo; os impactos do GN na fabrica\u00e7\u00e3o de grafeno 2D e H2 para produ\u00e7\u00e3o de energia el\u00e9trica; a complementa\u00e7\u00e3o de seguran\u00e7a energ\u00e9tica de renov\u00e1veis com t\u00e9rmicas; o t\u00e9rmino de concess\u00f5es; os novos preg\u00f5es de energia; capilaridade e distribui\u00e7\u00e3o de dutovias, e os marcos regulat\u00f3rios, PL 6.407\/2013 e Lei 11.909\/2019 (lei do g\u00e1s), entre outros, impactam nas discuss\u00f5es da engenharia nacional e internacional que s\u00e3o relevantes para a otimiza\u00e7\u00e3o, globaliza\u00e7\u00e3o e inser\u00e7\u00e3o na cadeia industrial e produtiva do setor de energia.<\/p>\n<p>Deste modo, o Instituto de Engenharia, traz para debate assuntos que possam promover junto \u00e0s entidades competentes pol\u00edticas p\u00fablicas aderentes \u00e0 realiza\u00e7\u00e3o de um desenvolvimento resiliente para o Pa\u00eds, s\u00e3o eles:<br \/>\n-o setor de energia em sua amplitude;<br \/>\n-as tecnologias envolvidas;<br \/>\n-a inova\u00e7\u00e3o aplicada;<br \/>\n-a forma\u00e7\u00e3o profissional, posicionando o alinhamento junto ao meio ambiente, em sinergia com a engenharia, a sustentabilidade do setor e o futuro estruturado e globalizado da engenharia brasileira.<\/p>\n<p>O evento contar\u00e1 com\u00a0<strong>grandes nomes do setor<\/strong>, como\u00a0<strong>Marcos Penido<\/strong>, secret\u00e1rio Estadual de Infraestrutura e Meio Ambiente,\u00a0<strong>Jos\u00e9 Mauro Ferreira<\/strong>, secret\u00e1rio de Petr\u00f3leo G\u00e1s Natural e Biocombust\u00edveis do Minist\u00e9rio de Minas e Energia,\u00a0<strong>Jo\u00e3o Carlos de Souza Meirelles<\/strong>, ex-secret\u00e1rio de Energia e Minera\u00e7\u00e3o do Estado de S\u00e3o Paulo,\u00a0<strong>Shigeaki Ueki<\/strong>,\u00a0ex-ministro e ex-presidente da Petrobras, e\u00a0<strong>Jo\u00e3o Ricardo Lafraia<\/strong>, presidente do Conselho Deliberativo da Abraman. Do Instituto de Engenharia, Jos\u00e9 Eduardo Frasca Poyares Jardim, coordenador da GT O&amp;G&amp;E, e Eduardo Lafraia, presidente da entidade.<\/p>\n<p>&nbsp;<\/p>\n<p><strong>PALESTRANTES:<\/strong><\/p>\n<p><strong>Jo\u00e3o Carlos de Souza Meirelles<\/strong><\/p>\n<p>Engenheiro Civil pela POLI-USP, especialista em engenharia de desenvolvimento e na implanta\u00e7\u00e3o de infraestrutura e loteamento de grandes \u00e1reas rurais e urbanas e na sua comercializa\u00e7\u00e3o. Em 1981 criou a Fronteira Norte Engenharia de Desenvolvimento Ltda., empresa dedicada ao desenvolvimento regional integrado, ao agroneg\u00f3cio e a energias renov\u00e1veis. No governo do Estado de S\u00e3o Paulo, foi secret\u00e1rio de Agricultura e Abastecimento (1998-2002), secret\u00e1rio de Ci\u00eancia Tecnologia e Desenvolvimento Econ\u00f4mico (2003-2006), chefe da Assessoria de Assuntos Estrat\u00e9gicos (2013-2014) e Secret\u00e1rio de Energia e Minera\u00e7\u00e3o (2015-2018).<\/p>\n<p>&nbsp;<\/p>\n<p><strong>Jo\u00e3o Ricardo Barusso Lafraia<\/strong><\/p>\n<p>Graduado em Engenharia Mec\u00e2nica, MSc em Engenharia e MBA e doutorando em Administra\u00e7\u00e3o de Empresas. \u00c9 presidente do Conselho Deliberativo da ABRAMAN \u2013 Associa\u00e7\u00e3o Brasileira de Gest\u00e3o de Ativos e Manuten\u00e7\u00e3o, coordenador do ABNT\/CEE-251 Comiss\u00e3o de Estudo Especial Gest\u00e3o de Ativos (Comiss\u00e3o Espelho do ISO\/TC251) e diretor do WPiAM (World Partners in Asset Management).<\/p>\n<p>Atualmente \u00e9 gerente geral da Petrobras na Unidade de Explora\u00e7\u00e3o e Produ\u00e7\u00e3o da Bacia de Santos. Trabalha h\u00e1 35 anos nesta empresa, ocupando as fun\u00e7\u00f5es de engenheiro de Inspe\u00e7\u00e3o, coordenador de Confiabilidade, gerente de Engenharia, gerente de Produ\u00e7\u00e3o na Refinaria Repar e gerente geral de cinco refinarias no Brasil. Foi gerente geral de Efici\u00eancia Operacional das refinarias da Petrobras na sede no Rio Janeiro.<\/p>\n<p>\u00c9 o coordenador da Comiss\u00e3o Especial de Estudo (CEE-251) da ABNT que produziu a s\u00e9rie de normas de Gest\u00e3o de Ativos NBR ISO 55.000. Foi presidente da ABRAMAN e fez parte do Comit\u00ea Executivo do F\u00f3rum Global de Manuten\u00e7\u00e3o e Gest\u00e3o de Ativos (GFMAM).<\/p>\n<p>\u00c9 autor do livros \u00a0\u201cManual de Confiabilidade, Disponibilidade e Manuten\u00e7\u00e3o\u201d,\u201d Lideran\u00e7a para Seguran\u00e7a, Sa\u00fade e Ambiente\u201d e co-autor do \u201cGest\u00e3o de Estrat\u00e9gia e Confiabilidade\u201d, \u201cCriando o Habito da Excel\u00eancia\u201d, \u201cLideran\u00e7a baseada em Valores\u201d, \u201cGest\u00e3o de Ativos\u201d e \u201cVivendo a Gest\u00e3o de Ativos\u201d. Em Novembro de 2013 lan\u00e7ou o livro em Ingl\u00eas \u201cLiving Asset Management\u201d em coautoria com John Hardwick, com quem escreveu um cap\u00edtulo do livro \u201cThe New Asset Managment Handbook \u2013 A guide to ISO 55.000 \u201d lan\u00e7ado em 2014 e co-autor do livro \u201cLiving Asset Management Maturity\u201d em 2020.<\/p>\n<p>\u00c9 autor de diversos artigos e palestras sobre Excel\u00eancia na Gest\u00e3o de Ativos, Confiabilidade, Sa\u00fade, Seguran\u00e7a e Meio Ambiente.<\/p>\n<p>\u00c9 certificado CMPR (Certified Maintenance and Reliability Professional) pela SMRP-USA, CFAM (Certified Fellow in Asset Management) pela AMCouncil-Austr\u00e1lia e CAMA (Certified Asset Management Assessor) pelo WPiAM.<\/p>\n<p>&nbsp;<\/p>\n<p><strong>Jos\u00e9 Mauro Ferreira Coelho<\/strong><\/p>\n<p>Graduado em Qu\u00edmica Industrial, com mestrado em Engenharia dos Materiais pelo Instituto Militar de Engenharia (IME) e doutorado em Planejamento Energ\u00e9tico pelo Programa de Planejamento Energ\u00e9tico (PPE) da Universidade Federal do Rio de Janeiro (UFRJ).<\/p>\n<p>Funcion\u00e1rio de carreira da Empresa de Pesquisa Energ\u00e9tica (EPE), onde exerceu os cargos de superintendente adjunto de Petr\u00f3leo, superintendente ajunto de G\u00e1s Natural e Biocombust\u00edveis e assessor na diretoria de Estudos do Petr\u00f3leo, G\u00e1s e Biocombust\u00edveis (DPG) e diretor da EPE.<\/p>\n<p>Possui mais de 25 anos de experi\u00eancia profissional, atuando nos setores de petr\u00f3leo, g\u00e1s natural e biocombust\u00edveis. Atuou tamb\u00e9m, por v\u00e1rios anos, na \u00e1rea docente de gradua\u00e7\u00e3o e p\u00f3s-gradua\u00e7\u00e3o, com tr\u00eas livros publicados e mais de 30 trabalhos cient\u00edficos apresentados ou publicados em peri\u00f3dicos ou anais de congressos nacionais e internacionais.<\/p>\n<p>Possui como condecora\u00e7\u00f5es a Medalha Pr\u00eamio Correia Lima concedida pelo Ex\u00e9rcito Brasileiro, a Mo\u00e7\u00e3o de Congratula\u00e7\u00e3o e Louvor da C\u00e2mara Municipal do Rio de Janeiro, o Pr\u00eamio RENOVABIO: Plano Nacional de Biocombust\u00edveis conferido pela DATAGRO e a Medalha Tiradentes outorgada pela Assembleia Legislativa do Estado do Rio de Janeiro (ALERJ).<\/p>\n<p>Em 2017 e 2018 foi eleito uma das 100 pessoas mais influentes em Energia pelo Grupo M\u00eddia.<\/p>\n<p>Atualmente \u00e9 o secret\u00e1rio de Petr\u00f3leo, G\u00e1s Natural e Biocombust\u00edveis (SPG), do Minist\u00e9rio de Minas e Energia (MME).<\/p>\n<p>&nbsp;<\/p>\n<p><strong>Marcos Rodrigues Penido<\/strong><\/p>\n<p>Engenheiro Civil, com extens\u00e3o em Gerenciamento de Empreendimentos (FGV), \u00e9 especialista na \u00e1rea de gest\u00e3o de pol\u00edticas p\u00fablicas em habita\u00e7\u00e3o e infraestrutura urbana. Foi secret\u00e1rio Municipal de Infraestrutura Urbana, de 2006 a 2010; das SubPrefeituras em 2018 e de Servi\u00e7os e Obras em 2017, todos pela Prefeitura de S\u00e3o Paulo. Atualmente, \u00e9 secret\u00e1rio de Infraestrutura e Meio Ambiente do Estado de S\u00e3o Paulo.<br \/>\nFoi diretor e presidente da Companhia de Desenvolvimento Habitacional e Urbano (CDHU) do Governo do Estado de S\u00e3o Paulo de 2011 a 2016. Representou o Governo de S\u00e3o Paulo no F\u00f3rum Nacional de Secret\u00e1rios de Habita\u00e7\u00e3o e Desenvolvimento Urbano (FNSHDU), em Bras\u00edlia; e da CDHU junto \u00e0\u00a0<em>United Nations Environmental Program \u2013 Sustainable Building and Climate Initiative<\/em>\u00a0(UNEP \u2013 SBCI), nos anos de 2011 e 2012. Foi coordenador fundador do Programa QUALIHAB do Estado de S\u00e3o Paulo, de 1995 a 2005; funcion\u00e1rio de carreira da CDHU, desde 1985.<br \/>\nAo longo de sua carreira ocupou diversos cargos de responsabilidade nas administra\u00e7\u00f5es do Governo de S\u00e3o Paulo e da Prefeitura do Munic\u00edpio de S\u00e3o Paulo, \u00e0 frente de grandes desafios de programas de constru\u00e7\u00e3o de moradias, urbaniza\u00e7\u00e3o de favelas, reassentamento de \u00e1reas de risco, erradica\u00e7\u00e3o de corti\u00e7os, implanta\u00e7\u00e3o de infraestrutura urbana, sistema vi\u00e1rio e transportes, canaliza\u00e7\u00e3o e c\u00f3rregos, equipamentos p\u00fablicos de escolas, creches,<br \/>\npostos de sa\u00fade e hospitais, gest\u00e3o da ilumina\u00e7\u00e3o p\u00fablica, lixo e zeladoria da cidade<br \/>\nde S\u00e3o Paulo.<\/p>\n<p>&nbsp;<\/p>\n<p><strong>Shigeaki Ueki<\/strong><\/p>\n<p>Graduado em Ci\u00eancias Sociais e Jur\u00eddicas pela Pontif\u00edcia Universidade Cat\u00f3lica de S\u00e3o Paulo (PUC-SP), em 1959. Foi assessor do Ministro de Ind\u00fastria e Com\u00e9rcio e Membro da Delega\u00e7\u00e3o Brasileira junto \u00e0 ALALC, de 1965 a 1967; consultor da Organiza\u00e7\u00e3o dos Estados Americanos \u2013 OEA, em Washington, D.C., EUA, em 1968; diretor Comercial e Financeiro da Petrobr\u00e1s, de 1969 a 1974; ministro das Minas e Energia de 1974 a 1979; presidente da Petrobr\u00e1s, de 1979 a 1984; empres\u00e1rio e membro de Conselho de v\u00e1rias empresas.<\/p>\n<p>&nbsp;<\/p>\n<p><strong>REALIZA\u00c7\u00c3O<\/strong><\/p>\n<p><img loading=\"lazy\" decoding=\"async\" class=\"alignnone wp-image-60234 td-animation-stack-type0-2\" src=\"https:\/\/www.institutodeengenharia.org.br\/site\/wp-content\/uploads\/2020\/02\/logo-novo-IE2018-1.png\" alt=\"\" width=\"96\" height=\"121\" srcset=\"https:\/\/www.institutodeengenharia.org.br\/site\/wp-content\/uploads\/2020\/02\/logo-novo-IE2018-1.png 1486w, https:\/\/www.institutodeengenharia.org.br\/site\/wp-content\/uploads\/2020\/02\/logo-novo-IE2018-1-237x300.png 237w, https:\/\/www.institutodeengenharia.org.br\/site\/wp-content\/uploads\/2020\/02\/logo-novo-IE2018-1-768x971.png 768w, https:\/\/www.institutodeengenharia.org.br\/site\/wp-content\/uploads\/2020\/02\/logo-novo-IE2018-1-810x1024.png 810w, https:\/\/www.institutodeengenharia.org.br\/site\/wp-content\/uploads\/2020\/02\/logo-novo-IE2018-1-696x880.png 696w, https:\/\/www.institutodeengenharia.org.br\/site\/wp-content\/uploads\/2020\/02\/logo-novo-IE2018-1-1068x1350.png 1068w, https:\/\/www.institutodeengenharia.org.br\/site\/wp-content\/uploads\/2020\/02\/logo-novo-IE2018-1-332x420.png 332w, https:\/\/www.institutodeengenharia.org.br\/site\/wp-content\/uploads\/2020\/02\/logo-novo-IE2018-1-600x759.png 600w\" sizes=\"auto, (max-width: 96px) 100vw, 96px\" \/><\/p>\n<p>&nbsp;<\/p>\n<p><strong>APOIO<\/strong><\/p>\n<p><img loading=\"lazy\" decoding=\"async\" class=\"td-animation-stack-type0-2\" src=\"https:\/\/encrypted-tbn0.gstatic.com\/images?q=tbn%3AANd9GcQPj647Ej5k2nVYDwY6B6HqLl9eACad-MtRVP-uzXL93PNyJFS-&amp;usqp=CAU\" alt=\"A SITUA\u00c7\u00c3O DA MANUTEN\u00c7\u00c3O NO BRASIL\" width=\"213\" height=\"56\" \/><\/p>\n","protected":false},"excerpt":{"rendered":"<p>Assista abaixo \u00e0 grava\u00e7\u00e3o do evento: + Informa\u00e7\u00f5es:\u00a0 Apesar da extrema gravidade pela qual passa o mundo e o Brasil, devido \u00e0s quest\u00f5es que envolvem o Covid-19, o Instituto de Engenharia entende que deve prosseguir na constru\u00e7\u00e3o de solu\u00e7\u00f5es e alternativas positivas \u00e0 sociedade, dando continuidade \u00e0 s\u00e9rie iniciada em 2019 de O&amp;G&amp;E, onde ser\u00e1 [&hellip;]<\/p>\n","protected":false},"author":13,"featured_media":80316,"comment_status":"open","ping_status":"open","sticky":false,"template":"","format":"standard","meta":{"footnotes":""},"categories":[968,969],"tags":[1475],"class_list":{"0":"post-80314","1":"post","2":"type-post","3":"status-publish","4":"format-standard","5":"has-post-thumbnail","7":"category-nova-tv-engenharia","8":"category-palestra","9":"tag-covid"},"yoast_head":"<!-- This site is optimized with the Yoast SEO plugin v27.2 - https:\/\/yoast.com\/product\/yoast-seo-wordpress\/ -->\n<title>Webinar Cen\u00e1rios do Setor de \u00d3leo, G\u00e1s e Energia - Sinergias entre os mercados privado e p\u00fablico - Instituto de Engenharia<\/title>\n<meta name=\"robots\" content=\"index, follow, max-snippet:-1, max-image-preview:large, max-video-preview:-1\" \/>\n<link rel=\"canonical\" href=\"https:\/\/www.institutodeengenharia.org.br\/site\/2020\/04\/16\/webinar-cenarios-do-setor-de-oleo-gas-e-energia-sinergias-entre-os-mercados-privado-e-publico\/\" \/>\n<meta property=\"og:locale\" content=\"pt_BR\" \/>\n<meta property=\"og:type\" content=\"article\" \/>\n<meta property=\"og:title\" content=\"Webinar Cen\u00e1rios do Setor de \u00d3leo, G\u00e1s e Energia - Sinergias entre os mercados privado e p\u00fablico - Instituto de Engenharia\" \/>\n<meta property=\"og:description\" content=\"Assista abaixo \u00e0 grava\u00e7\u00e3o do evento: + Informa\u00e7\u00f5es:\u00a0 Apesar da extrema gravidade pela qual passa o mundo e o Brasil, devido \u00e0s quest\u00f5es que envolvem o Covid-19, o Instituto de Engenharia entende que deve prosseguir na constru\u00e7\u00e3o de solu\u00e7\u00f5es e alternativas positivas \u00e0 sociedade, dando continuidade \u00e0 s\u00e9rie iniciada em 2019 de O&amp;G&amp;E, onde ser\u00e1 [&hellip;]\" \/>\n<meta property=\"og:url\" content=\"https:\/\/www.institutodeengenharia.org.br\/site\/2020\/04\/16\/webinar-cenarios-do-setor-de-oleo-gas-e-energia-sinergias-entre-os-mercados-privado-e-publico\/\" \/>\n<meta property=\"og:site_name\" content=\"Instituto de Engenharia\" \/>\n<meta property=\"article:publisher\" content=\"https:\/\/www.facebook.com\/institutodeengenharia\" \/>\n<meta property=\"article:published_time\" content=\"2020-04-16T13:21:46+00:00\" \/>\n<meta property=\"article:modified_time\" content=\"2023-01-09T15:05:59+00:00\" \/>\n<meta property=\"og:image\" content=\"https:\/\/www.institutodeengenharia.org.br\/site\/wp-content\/uploads\/2021\/05\/petroleo.webp\" \/>\n\t<meta property=\"og:image:width\" content=\"1900\" \/>\n\t<meta property=\"og:image:height\" content=\"1425\" \/>\n\t<meta property=\"og:image:type\" content=\"image\/webp\" \/>\n<meta name=\"author\" content=\"Bianca\" \/>\n<meta name=\"twitter:card\" content=\"summary_large_image\" \/>\n<meta name=\"twitter:creator\" content=\"@iengenharia\" \/>\n<meta name=\"twitter:site\" content=\"@iengenharia\" \/>\n<meta name=\"twitter:label1\" content=\"Escrito por\" \/>\n\t<meta name=\"twitter:data1\" content=\"Bianca\" \/>\n\t<meta name=\"twitter:label2\" content=\"Est. tempo de leitura\" \/>\n\t<meta name=\"twitter:data2\" content=\"8 minutos\" \/>\n<script type=\"application\/ld+json\" class=\"yoast-schema-graph\">{\"@context\":\"https:\/\/schema.org\",\"@graph\":[{\"@type\":\"Article\",\"@id\":\"https:\/\/www.institutodeengenharia.org.br\/site\/2020\/04\/16\/webinar-cenarios-do-setor-de-oleo-gas-e-energia-sinergias-entre-os-mercados-privado-e-publico\/#article\",\"isPartOf\":{\"@id\":\"https:\/\/www.institutodeengenharia.org.br\/site\/2020\/04\/16\/webinar-cenarios-do-setor-de-oleo-gas-e-energia-sinergias-entre-os-mercados-privado-e-publico\/\"},\"author\":{\"name\":\"Bianca\",\"@id\":\"https:\/\/www.institutodeengenharia.org.br\/site\/#\/schema\/person\/aeb64951c405e100d26d30b033dd423f\"},\"headline\":\"Webinar Cen\u00e1rios do Setor de \u00d3leo, G\u00e1s e Energia &#8211; Sinergias entre os mercados privado e p\u00fablico\",\"datePublished\":\"2020-04-16T13:21:46+00:00\",\"dateModified\":\"2023-01-09T15:05:59+00:00\",\"mainEntityOfPage\":{\"@id\":\"https:\/\/www.institutodeengenharia.org.br\/site\/2020\/04\/16\/webinar-cenarios-do-setor-de-oleo-gas-e-energia-sinergias-entre-os-mercados-privado-e-publico\/\"},\"wordCount\":1530,\"commentCount\":0,\"publisher\":{\"@id\":\"https:\/\/www.institutodeengenharia.org.br\/site\/#organization\"},\"image\":{\"@id\":\"https:\/\/www.institutodeengenharia.org.br\/site\/2020\/04\/16\/webinar-cenarios-do-setor-de-oleo-gas-e-energia-sinergias-entre-os-mercados-privado-e-publico\/#primaryimage\"},\"thumbnailUrl\":\"https:\/\/www.institutodeengenharia.org.br\/site\/wp-content\/uploads\/2021\/05\/petroleo.webp\",\"keywords\":[\"covid\"],\"articleSection\":[\"Nova TV Engenharia\",\"Palestra\"],\"inLanguage\":\"pt-BR\",\"potentialAction\":[{\"@type\":\"CommentAction\",\"name\":\"Comment\",\"target\":[\"https:\/\/www.institutodeengenharia.org.br\/site\/2020\/04\/16\/webinar-cenarios-do-setor-de-oleo-gas-e-energia-sinergias-entre-os-mercados-privado-e-publico\/#respond\"]}]},{\"@type\":\"WebPage\",\"@id\":\"https:\/\/www.institutodeengenharia.org.br\/site\/2020\/04\/16\/webinar-cenarios-do-setor-de-oleo-gas-e-energia-sinergias-entre-os-mercados-privado-e-publico\/\",\"url\":\"https:\/\/www.institutodeengenharia.org.br\/site\/2020\/04\/16\/webinar-cenarios-do-setor-de-oleo-gas-e-energia-sinergias-entre-os-mercados-privado-e-publico\/\",\"name\":\"Webinar Cen\u00e1rios do Setor de \u00d3leo, G\u00e1s e Energia - Sinergias entre os mercados privado e p\u00fablico - Instituto de Engenharia\",\"isPartOf\":{\"@id\":\"https:\/\/www.institutodeengenharia.org.br\/site\/#website\"},\"primaryImageOfPage\":{\"@id\":\"https:\/\/www.institutodeengenharia.org.br\/site\/2020\/04\/16\/webinar-cenarios-do-setor-de-oleo-gas-e-energia-sinergias-entre-os-mercados-privado-e-publico\/#primaryimage\"},\"image\":{\"@id\":\"https:\/\/www.institutodeengenharia.org.br\/site\/2020\/04\/16\/webinar-cenarios-do-setor-de-oleo-gas-e-energia-sinergias-entre-os-mercados-privado-e-publico\/#primaryimage\"},\"thumbnailUrl\":\"https:\/\/www.institutodeengenharia.org.br\/site\/wp-content\/uploads\/2021\/05\/petroleo.webp\",\"datePublished\":\"2020-04-16T13:21:46+00:00\",\"dateModified\":\"2023-01-09T15:05:59+00:00\",\"breadcrumb\":{\"@id\":\"https:\/\/www.institutodeengenharia.org.br\/site\/2020\/04\/16\/webinar-cenarios-do-setor-de-oleo-gas-e-energia-sinergias-entre-os-mercados-privado-e-publico\/#breadcrumb\"},\"inLanguage\":\"pt-BR\",\"potentialAction\":[{\"@type\":\"ReadAction\",\"target\":[\"https:\/\/www.institutodeengenharia.org.br\/site\/2020\/04\/16\/webinar-cenarios-do-setor-de-oleo-gas-e-energia-sinergias-entre-os-mercados-privado-e-publico\/\"]}]},{\"@type\":\"ImageObject\",\"inLanguage\":\"pt-BR\",\"@id\":\"https:\/\/www.institutodeengenharia.org.br\/site\/2020\/04\/16\/webinar-cenarios-do-setor-de-oleo-gas-e-energia-sinergias-entre-os-mercados-privado-e-publico\/#primaryimage\",\"url\":\"https:\/\/www.institutodeengenharia.org.br\/site\/wp-content\/uploads\/2021\/05\/petroleo.webp\",\"contentUrl\":\"https:\/\/www.institutodeengenharia.org.br\/site\/wp-content\/uploads\/2021\/05\/petroleo.webp\",\"width\":1900,\"height\":1425},{\"@type\":\"BreadcrumbList\",\"@id\":\"https:\/\/www.institutodeengenharia.org.br\/site\/2020\/04\/16\/webinar-cenarios-do-setor-de-oleo-gas-e-energia-sinergias-entre-os-mercados-privado-e-publico\/#breadcrumb\",\"itemListElement\":[{\"@type\":\"ListItem\",\"position\":1,\"name\":\"In\u00edcio\",\"item\":\"https:\/\/www.institutodeengenharia.org.br\/site\/\"},{\"@type\":\"ListItem\",\"position\":2,\"name\":\"Webinar Cen\u00e1rios do Setor de \u00d3leo, G\u00e1s e Energia &#8211; Sinergias entre os mercados privado e p\u00fablico\"}]},{\"@type\":\"WebSite\",\"@id\":\"https:\/\/www.institutodeengenharia.org.br\/site\/#website\",\"url\":\"https:\/\/www.institutodeengenharia.org.br\/site\/\",\"name\":\"Instituto de Engenharia\",\"description\":\"O Instituto de Engenharia promove a Engenharia em benef\u00edcio do desenvolvimento e da qualidade de vida da sociedade.\",\"publisher\":{\"@id\":\"https:\/\/www.institutodeengenharia.org.br\/site\/#organization\"},\"potentialAction\":[{\"@type\":\"SearchAction\",\"target\":{\"@type\":\"EntryPoint\",\"urlTemplate\":\"https:\/\/www.institutodeengenharia.org.br\/site\/?s={search_term_string}\"},\"query-input\":{\"@type\":\"PropertyValueSpecification\",\"valueRequired\":true,\"valueName\":\"search_term_string\"}}],\"inLanguage\":\"pt-BR\"},{\"@type\":\"Organization\",\"@id\":\"https:\/\/www.institutodeengenharia.org.br\/site\/#organization\",\"name\":\"Instituto de Engenharia\",\"url\":\"https:\/\/www.institutodeengenharia.org.br\/site\/\",\"logo\":{\"@type\":\"ImageObject\",\"inLanguage\":\"pt-BR\",\"@id\":\"https:\/\/www.institutodeengenharia.org.br\/site\/#\/schema\/logo\/image\/\",\"url\":\"https:\/\/www.institutodeengenharia.org.br\/site\/wp-content\/uploads\/2019\/03\/logo-novo-IE2018-1.jpg\",\"contentUrl\":\"https:\/\/www.institutodeengenharia.org.br\/site\/wp-content\/uploads\/2019\/03\/logo-novo-IE2018-1.jpg\",\"width\":1486,\"height\":1879,\"caption\":\"Instituto de Engenharia\"},\"image\":{\"@id\":\"https:\/\/www.institutodeengenharia.org.br\/site\/#\/schema\/logo\/image\/\"},\"sameAs\":[\"https:\/\/www.facebook.com\/institutodeengenharia\",\"https:\/\/x.com\/iengenharia\",\"https:\/\/www.instagram.com\/institutodeengenharia\/\",\"https:\/\/www.linkedin.com\/company\/instituto-de-engenharia\/\",\"https:\/\/www.youtube.com\/channel\/UCXiCAlsSMe977vamW915HxA\"]},{\"@type\":\"Person\",\"@id\":\"https:\/\/www.institutodeengenharia.org.br\/site\/#\/schema\/person\/aeb64951c405e100d26d30b033dd423f\",\"name\":\"Bianca\",\"image\":{\"@type\":\"ImageObject\",\"inLanguage\":\"pt-BR\",\"@id\":\"https:\/\/secure.gravatar.com\/avatar\/a6fbe9bff57405baf4c1e2c5c1811e072b558253974a9f9508f4678900c97c2a?s=96&d=mm&r=g\",\"url\":\"https:\/\/secure.gravatar.com\/avatar\/a6fbe9bff57405baf4c1e2c5c1811e072b558253974a9f9508f4678900c97c2a?s=96&d=mm&r=g\",\"contentUrl\":\"https:\/\/secure.gravatar.com\/avatar\/a6fbe9bff57405baf4c1e2c5c1811e072b558253974a9f9508f4678900c97c2a?s=96&d=mm&r=g\",\"caption\":\"Bianca\"},\"url\":\"https:\/\/www.institutodeengenharia.org.br\/site\/author\/comunicacao1\/\"}]}<\/script>\n<!-- \/ Yoast SEO plugin. -->","yoast_head_json":{"title":"Webinar Cen\u00e1rios do Setor de \u00d3leo, G\u00e1s e Energia - Sinergias entre os mercados privado e p\u00fablico - Instituto de Engenharia","robots":{"index":"index","follow":"follow","max-snippet":"max-snippet:-1","max-image-preview":"max-image-preview:large","max-video-preview":"max-video-preview:-1"},"canonical":"https:\/\/www.institutodeengenharia.org.br\/site\/2020\/04\/16\/webinar-cenarios-do-setor-de-oleo-gas-e-energia-sinergias-entre-os-mercados-privado-e-publico\/","og_locale":"pt_BR","og_type":"article","og_title":"Webinar Cen\u00e1rios do Setor de \u00d3leo, G\u00e1s e Energia - Sinergias entre os mercados privado e p\u00fablico - Instituto de Engenharia","og_description":"Assista abaixo \u00e0 grava\u00e7\u00e3o do evento: + Informa\u00e7\u00f5es:\u00a0 Apesar da extrema gravidade pela qual passa o mundo e o Brasil, devido \u00e0s quest\u00f5es que envolvem o Covid-19, o Instituto de Engenharia entende que deve prosseguir na constru\u00e7\u00e3o de solu\u00e7\u00f5es e alternativas positivas \u00e0 sociedade, dando continuidade \u00e0 s\u00e9rie iniciada em 2019 de O&amp;G&amp;E, onde ser\u00e1 [&hellip;]","og_url":"https:\/\/www.institutodeengenharia.org.br\/site\/2020\/04\/16\/webinar-cenarios-do-setor-de-oleo-gas-e-energia-sinergias-entre-os-mercados-privado-e-publico\/","og_site_name":"Instituto de Engenharia","article_publisher":"https:\/\/www.facebook.com\/institutodeengenharia","article_published_time":"2020-04-16T13:21:46+00:00","article_modified_time":"2023-01-09T15:05:59+00:00","og_image":[{"width":1900,"height":1425,"url":"https:\/\/www.institutodeengenharia.org.br\/site\/wp-content\/uploads\/2021\/05\/petroleo.webp","type":"image\/webp"}],"author":"Bianca","twitter_card":"summary_large_image","twitter_creator":"@iengenharia","twitter_site":"@iengenharia","twitter_misc":{"Escrito por":"Bianca","Est. tempo de leitura":"8 minutos"},"schema":{"@context":"https:\/\/schema.org","@graph":[{"@type":"Article","@id":"https:\/\/www.institutodeengenharia.org.br\/site\/2020\/04\/16\/webinar-cenarios-do-setor-de-oleo-gas-e-energia-sinergias-entre-os-mercados-privado-e-publico\/#article","isPartOf":{"@id":"https:\/\/www.institutodeengenharia.org.br\/site\/2020\/04\/16\/webinar-cenarios-do-setor-de-oleo-gas-e-energia-sinergias-entre-os-mercados-privado-e-publico\/"},"author":{"name":"Bianca","@id":"https:\/\/www.institutodeengenharia.org.br\/site\/#\/schema\/person\/aeb64951c405e100d26d30b033dd423f"},"headline":"Webinar Cen\u00e1rios do Setor de \u00d3leo, G\u00e1s e Energia &#8211; Sinergias entre os mercados privado e p\u00fablico","datePublished":"2020-04-16T13:21:46+00:00","dateModified":"2023-01-09T15:05:59+00:00","mainEntityOfPage":{"@id":"https:\/\/www.institutodeengenharia.org.br\/site\/2020\/04\/16\/webinar-cenarios-do-setor-de-oleo-gas-e-energia-sinergias-entre-os-mercados-privado-e-publico\/"},"wordCount":1530,"commentCount":0,"publisher":{"@id":"https:\/\/www.institutodeengenharia.org.br\/site\/#organization"},"image":{"@id":"https:\/\/www.institutodeengenharia.org.br\/site\/2020\/04\/16\/webinar-cenarios-do-setor-de-oleo-gas-e-energia-sinergias-entre-os-mercados-privado-e-publico\/#primaryimage"},"thumbnailUrl":"https:\/\/www.institutodeengenharia.org.br\/site\/wp-content\/uploads\/2021\/05\/petroleo.webp","keywords":["covid"],"articleSection":["Nova TV Engenharia","Palestra"],"inLanguage":"pt-BR","potentialAction":[{"@type":"CommentAction","name":"Comment","target":["https:\/\/www.institutodeengenharia.org.br\/site\/2020\/04\/16\/webinar-cenarios-do-setor-de-oleo-gas-e-energia-sinergias-entre-os-mercados-privado-e-publico\/#respond"]}]},{"@type":"WebPage","@id":"https:\/\/www.institutodeengenharia.org.br\/site\/2020\/04\/16\/webinar-cenarios-do-setor-de-oleo-gas-e-energia-sinergias-entre-os-mercados-privado-e-publico\/","url":"https:\/\/www.institutodeengenharia.org.br\/site\/2020\/04\/16\/webinar-cenarios-do-setor-de-oleo-gas-e-energia-sinergias-entre-os-mercados-privado-e-publico\/","name":"Webinar Cen\u00e1rios do Setor de \u00d3leo, G\u00e1s e Energia - Sinergias entre os mercados privado e p\u00fablico - Instituto de Engenharia","isPartOf":{"@id":"https:\/\/www.institutodeengenharia.org.br\/site\/#website"},"primaryImageOfPage":{"@id":"https:\/\/www.institutodeengenharia.org.br\/site\/2020\/04\/16\/webinar-cenarios-do-setor-de-oleo-gas-e-energia-sinergias-entre-os-mercados-privado-e-publico\/#primaryimage"},"image":{"@id":"https:\/\/www.institutodeengenharia.org.br\/site\/2020\/04\/16\/webinar-cenarios-do-setor-de-oleo-gas-e-energia-sinergias-entre-os-mercados-privado-e-publico\/#primaryimage"},"thumbnailUrl":"https:\/\/www.institutodeengenharia.org.br\/site\/wp-content\/uploads\/2021\/05\/petroleo.webp","datePublished":"2020-04-16T13:21:46+00:00","dateModified":"2023-01-09T15:05:59+00:00","breadcrumb":{"@id":"https:\/\/www.institutodeengenharia.org.br\/site\/2020\/04\/16\/webinar-cenarios-do-setor-de-oleo-gas-e-energia-sinergias-entre-os-mercados-privado-e-publico\/#breadcrumb"},"inLanguage":"pt-BR","potentialAction":[{"@type":"ReadAction","target":["https:\/\/www.institutodeengenharia.org.br\/site\/2020\/04\/16\/webinar-cenarios-do-setor-de-oleo-gas-e-energia-sinergias-entre-os-mercados-privado-e-publico\/"]}]},{"@type":"ImageObject","inLanguage":"pt-BR","@id":"https:\/\/www.institutodeengenharia.org.br\/site\/2020\/04\/16\/webinar-cenarios-do-setor-de-oleo-gas-e-energia-sinergias-entre-os-mercados-privado-e-publico\/#primaryimage","url":"https:\/\/www.institutodeengenharia.org.br\/site\/wp-content\/uploads\/2021\/05\/petroleo.webp","contentUrl":"https:\/\/www.institutodeengenharia.org.br\/site\/wp-content\/uploads\/2021\/05\/petroleo.webp","width":1900,"height":1425},{"@type":"BreadcrumbList","@id":"https:\/\/www.institutodeengenharia.org.br\/site\/2020\/04\/16\/webinar-cenarios-do-setor-de-oleo-gas-e-energia-sinergias-entre-os-mercados-privado-e-publico\/#breadcrumb","itemListElement":[{"@type":"ListItem","position":1,"name":"In\u00edcio","item":"https:\/\/www.institutodeengenharia.org.br\/site\/"},{"@type":"ListItem","position":2,"name":"Webinar Cen\u00e1rios do Setor de \u00d3leo, G\u00e1s e Energia &#8211; Sinergias entre os mercados privado e p\u00fablico"}]},{"@type":"WebSite","@id":"https:\/\/www.institutodeengenharia.org.br\/site\/#website","url":"https:\/\/www.institutodeengenharia.org.br\/site\/","name":"Instituto de Engenharia","description":"O Instituto de Engenharia promove a Engenharia em benef\u00edcio do desenvolvimento e da qualidade de vida da sociedade.","publisher":{"@id":"https:\/\/www.institutodeengenharia.org.br\/site\/#organization"},"potentialAction":[{"@type":"SearchAction","target":{"@type":"EntryPoint","urlTemplate":"https:\/\/www.institutodeengenharia.org.br\/site\/?s={search_term_string}"},"query-input":{"@type":"PropertyValueSpecification","valueRequired":true,"valueName":"search_term_string"}}],"inLanguage":"pt-BR"},{"@type":"Organization","@id":"https:\/\/www.institutodeengenharia.org.br\/site\/#organization","name":"Instituto de Engenharia","url":"https:\/\/www.institutodeengenharia.org.br\/site\/","logo":{"@type":"ImageObject","inLanguage":"pt-BR","@id":"https:\/\/www.institutodeengenharia.org.br\/site\/#\/schema\/logo\/image\/","url":"https:\/\/www.institutodeengenharia.org.br\/site\/wp-content\/uploads\/2019\/03\/logo-novo-IE2018-1.jpg","contentUrl":"https:\/\/www.institutodeengenharia.org.br\/site\/wp-content\/uploads\/2019\/03\/logo-novo-IE2018-1.jpg","width":1486,"height":1879,"caption":"Instituto de Engenharia"},"image":{"@id":"https:\/\/www.institutodeengenharia.org.br\/site\/#\/schema\/logo\/image\/"},"sameAs":["https:\/\/www.facebook.com\/institutodeengenharia","https:\/\/x.com\/iengenharia","https:\/\/www.instagram.com\/institutodeengenharia\/","https:\/\/www.linkedin.com\/company\/instituto-de-engenharia\/","https:\/\/www.youtube.com\/channel\/UCXiCAlsSMe977vamW915HxA"]},{"@type":"Person","@id":"https:\/\/www.institutodeengenharia.org.br\/site\/#\/schema\/person\/aeb64951c405e100d26d30b033dd423f","name":"Bianca","image":{"@type":"ImageObject","inLanguage":"pt-BR","@id":"https:\/\/secure.gravatar.com\/avatar\/a6fbe9bff57405baf4c1e2c5c1811e072b558253974a9f9508f4678900c97c2a?s=96&d=mm&r=g","url":"https:\/\/secure.gravatar.com\/avatar\/a6fbe9bff57405baf4c1e2c5c1811e072b558253974a9f9508f4678900c97c2a?s=96&d=mm&r=g","contentUrl":"https:\/\/secure.gravatar.com\/avatar\/a6fbe9bff57405baf4c1e2c5c1811e072b558253974a9f9508f4678900c97c2a?s=96&d=mm&r=g","caption":"Bianca"},"url":"https:\/\/www.institutodeengenharia.org.br\/site\/author\/comunicacao1\/"}]}},"_links":{"self":[{"href":"https:\/\/www.institutodeengenharia.org.br\/site\/wp-json\/wp\/v2\/posts\/80314","targetHints":{"allow":["GET"]}}],"collection":[{"href":"https:\/\/www.institutodeengenharia.org.br\/site\/wp-json\/wp\/v2\/posts"}],"about":[{"href":"https:\/\/www.institutodeengenharia.org.br\/site\/wp-json\/wp\/v2\/types\/post"}],"author":[{"embeddable":true,"href":"https:\/\/www.institutodeengenharia.org.br\/site\/wp-json\/wp\/v2\/users\/13"}],"replies":[{"embeddable":true,"href":"https:\/\/www.institutodeengenharia.org.br\/site\/wp-json\/wp\/v2\/comments?post=80314"}],"version-history":[{"count":1,"href":"https:\/\/www.institutodeengenharia.org.br\/site\/wp-json\/wp\/v2\/posts\/80314\/revisions"}],"predecessor-version":[{"id":80317,"href":"https:\/\/www.institutodeengenharia.org.br\/site\/wp-json\/wp\/v2\/posts\/80314\/revisions\/80317"}],"wp:featuredmedia":[{"embeddable":true,"href":"https:\/\/www.institutodeengenharia.org.br\/site\/wp-json\/wp\/v2\/media\/80316"}],"wp:attachment":[{"href":"https:\/\/www.institutodeengenharia.org.br\/site\/wp-json\/wp\/v2\/media?parent=80314"}],"wp:term":[{"taxonomy":"category","embeddable":true,"href":"https:\/\/www.institutodeengenharia.org.br\/site\/wp-json\/wp\/v2\/categories?post=80314"},{"taxonomy":"post_tag","embeddable":true,"href":"https:\/\/www.institutodeengenharia.org.br\/site\/wp-json\/wp\/v2\/tags?post=80314"}],"curies":[{"name":"wp","href":"https:\/\/api.w.org\/{rel}","templated":true}]}}