{"id":80298,"date":"2021-05-03T14:51:35","date_gmt":"2021-05-03T17:51:35","guid":{"rendered":"https:\/\/www.institutodeengenharia.org.br\/site\/?p=80298"},"modified":"2021-05-11T12:53:37","modified_gmt":"2021-05-11T15:53:37","slug":"ie-talks-serie-experiencias-e-desafios-um-papo-com-diretores-regionais-mulheres-na-engenharia-lugar-de-mulher-e-onde-ela-quiser","status":"publish","type":"post","link":"https:\/\/www.institutodeengenharia.org.br\/site\/2021\/05\/03\/ie-talks-serie-experiencias-e-desafios-um-papo-com-diretores-regionais-mulheres-na-engenharia-lugar-de-mulher-e-onde-ela-quiser\/","title":{"rendered":"IE Talks: S\u00e9rie: Experi\u00eancias e Desafios &#8211; Um Papo com Diretores Regionais &#8211; Mulheres na Engenharia: Lugar de Mulher \u00e9 onde Ela Quiser"},"content":{"rendered":"<p><strong>Assista abaixo \u00e0 grava\u00e7\u00e3o do evento:<\/strong><\/p>\n<p><iframe loading=\"lazy\" src=\"https:\/\/player.vimeo.com\/video\/545290760\" width=\"640\" height=\"360\" frameborder=\"0\" allowfullscreen=\"allowfullscreen\"><span data-mce-type=\"bookmark\" style=\"display: inline-block; width: 0px; overflow: hidden; line-height: 0;\" class=\"mce_SELRES_start\">\ufeff<\/span><\/iframe><\/p>\n<p><strong>+ Informa\u00e7\u00f5es:\u00a0<\/strong><\/p>\n<p>\u201cExperi\u00eancias e Desafios: Um papo com Diretores Regionais\u201d<\/p>\n<p><img loading=\"lazy\" decoding=\"async\" class=\"wp-image-80060 aligncenter td-animation-stack-type0-2\" src=\"https:\/\/www.institutodeengenharia.org.br\/site\/wp-content\/uploads\/2021\/04\/livromulheresnaengenharia.jpg\" alt=\"\" width=\"506\" height=\"506\" srcset=\"https:\/\/www.institutodeengenharia.org.br\/site\/wp-content\/uploads\/2021\/04\/livromulheresnaengenharia.jpg 660w, https:\/\/www.institutodeengenharia.org.br\/site\/wp-content\/uploads\/2021\/04\/livromulheresnaengenharia-300x300.jpg 300w, https:\/\/www.institutodeengenharia.org.br\/site\/wp-content\/uploads\/2021\/04\/livromulheresnaengenharia-150x150.jpg 150w, https:\/\/www.institutodeengenharia.org.br\/site\/wp-content\/uploads\/2021\/04\/livromulheresnaengenharia-420x420.jpg 420w, https:\/\/www.institutodeengenharia.org.br\/site\/wp-content\/uploads\/2021\/04\/livromulheresnaengenharia-600x600.jpg 600w, https:\/\/www.institutodeengenharia.org.br\/site\/wp-content\/uploads\/2021\/04\/livromulheresnaengenharia-100x100.jpg 100w\" sizes=\"auto, (max-width: 506px) 100vw, 506px\" \/><\/p>\n<p><strong>P\u00fablico-alvo:<\/strong><\/p>\n<p>Engenheiros, arquitetos, t\u00e9cnicos, estudantes e demais interessados.<\/p>\n<p><strong>Convidada:\u00a0<\/strong><\/p>\n<p><img loading=\"lazy\" decoding=\"async\" class=\"alignnone size-full wp-image-80058 td-animation-stack-type0-2\" src=\"https:\/\/www.institutodeengenharia.org.br\/site\/wp-content\/uploads\/2021\/04\/tatiana.png\" alt=\"\" width=\"121\" height=\"160\" \/><\/p>\n<p><strong>Eng.\u00aa Tatiana Louren\u00e7o Machado \u2013 Vice-Coordenadora da Divis\u00e3o T\u00e9cnica de Qualidade e Produtividade<\/strong><\/p>\n<p>Graduada em Engenharia Civil pela Faculdades Unidas Metropolitanas \u2013 FMU, p\u00f3s-graduada em Seguran\u00e7a do Trabalho pela Universidade Cruzeiro do Sul \u2013 UNICSUL. Especialista em Preven\u00e7\u00e3o e Combate a Inc\u00eandio com projetos realizados para construtora e empresas multinacionais, atuando como coordenadora de projetos na empresa Alumistar Engenharia Ltda. No Instituto e Engenharia est\u00e1 como vice-coordenadora da Divis\u00e3o T\u00e9cnica de Qualidade e Produtividade, \u00e9 membro do Conselho Deliberativo e do COMET \u2013 Comit\u00ea das Mulheres na Engenharia e Tecnologia.<\/p>\n<p><strong>Palestrante:<\/strong><\/p>\n<p><img loading=\"lazy\" decoding=\"async\" class=\"alignnone wp-image-78647 td-animation-stack-type0-2\" src=\"https:\/\/www.institutodeengenharia.org.br\/site\/wp-content\/uploads\/2021\/03\/Sem-tituloeref.png\" alt=\"\" width=\"166\" height=\"167\" srcset=\"https:\/\/www.institutodeengenharia.org.br\/site\/wp-content\/uploads\/2021\/03\/Sem-tituloeref.png 367w, https:\/\/www.institutodeengenharia.org.br\/site\/wp-content\/uploads\/2021\/03\/Sem-tituloeref-298x300.png 298w, https:\/\/www.institutodeengenharia.org.br\/site\/wp-content\/uploads\/2021\/03\/Sem-tituloeref-150x150.png 150w, https:\/\/www.institutodeengenharia.org.br\/site\/wp-content\/uploads\/2021\/03\/Sem-tituloeref-300x300.png 300w, https:\/\/www.institutodeengenharia.org.br\/site\/wp-content\/uploads\/2021\/03\/Sem-tituloeref-100x100.png 100w\" sizes=\"auto, (max-width: 166px) 100vw, 166px\" \/><\/p>\n<p><strong>Eng.\u00aa Rafaela Baldi Fernandes \u2013 Diretora Regional de Copenhagen \u2013 Dinamarca\u00a0<\/strong><\/p>\n<p>Graduada em Engenharia Civil pela Universidade Federal de Minas Gerais, mestre em Geotecnia pela Universidade Federal de Ouro Preto e Doutora em Geotecnia pela UERJ. \u00c9 membro da Associa\u00e7\u00e3o Brasileira de Mec\u00e2nica dos Solos, da International Geosynthetics Society (IGS), do Comit\u00ea Brasileiro de Barragens, inclusive do Conselho Fiscal e da International Association for Geoethics (IAPG). \u00c9 professora universit\u00e1ria, Diretora de Meio Ambiente no Instituto Brasil e Coordenadora de Cursos de P\u00f3s Gradua\u00e7\u00e3o em Geotecnia. Empres\u00e1ria, consultora e engenheira geot\u00e9cnica em diversos projetos, constru\u00e7\u00e3o e opera\u00e7\u00e3o de barragens, com vasta experi\u00eancia na elabora\u00e7\u00e3o de PAE e PSB. Autora dos Livros \u201cManual para elabora\u00e7\u00e3o de PAE\u201d, \u201cDicion\u00e1rio Geot\u00e9cnico de Barragens\u201d, \u201cPanorama Geot\u00e9cnico das Rupturas de Barragens e Gest\u00e3o de Risco\u201d e \u201cMulheres na Engenharia \u2013 Lugar de mulher \u00e9 onde ela quiser\u201d.<\/p>\n<p><strong>Apoio \u00e0 forma\u00e7\u00e3o:\u00a0<\/strong><\/p>\n<p>Espa\u00e7o aberto ao CREA-SP, objetivando o aperfei\u00e7oamento dos profissionais e o aprimoramento da fiscaliza\u00e7\u00e3o das \u00e1reas abrangidas pelo Sistema Confea\/CREAs, al\u00e9m de promover a conscientiza\u00e7\u00e3o da sociedade quanto \u00e0 necessidade e obrigatoriedade de contratar um profissional devidamente habilitado.<\/p>\n<p><strong>Apoio Institucional:<\/strong><\/p>\n<p><img loading=\"lazy\" decoding=\"async\" class=\"alignnone wp-image-77696 td-animation-stack-type0-2\" src=\"https:\/\/www.institutodeengenharia.org.br\/site\/wp-content\/uploads\/2021\/02\/crea.jpg\" alt=\"\" width=\"168\" height=\"118\" srcset=\"https:\/\/www.institutodeengenharia.org.br\/site\/wp-content\/uploads\/2021\/02\/crea.jpg 448w, https:\/\/www.institutodeengenharia.org.br\/site\/wp-content\/uploads\/2021\/02\/crea-300x211.jpg 300w, https:\/\/www.institutodeengenharia.org.br\/site\/wp-content\/uploads\/2021\/02\/crea-100x70.jpg 100w\" sizes=\"auto, (max-width: 168px) 100vw, 168px\" \/><\/p>\n<p><strong>Realiza\u00e7\u00e3o:<\/strong><\/p>\n<p><strong>Eng. Ricardo Kenzo Motomatsu<\/strong>\u00a0\u2013 Vice-Presidente de Rela\u00e7\u00f5es Externas<\/p>\n","protected":false},"excerpt":{"rendered":"<p>Assista abaixo \u00e0 grava\u00e7\u00e3o do evento: \ufeff + Informa\u00e7\u00f5es:\u00a0 \u201cExperi\u00eancias e Desafios: Um papo com Diretores Regionais\u201d P\u00fablico-alvo: Engenheiros, arquitetos, t\u00e9cnicos, estudantes e demais interessados. Convidada:\u00a0 Eng.\u00aa Tatiana Louren\u00e7o Machado \u2013 Vice-Coordenadora da Divis\u00e3o T\u00e9cnica de Qualidade e Produtividade Graduada em Engenharia Civil pela Faculdades Unidas Metropolitanas \u2013 FMU, p\u00f3s-graduada em Seguran\u00e7a do Trabalho pela [&hellip;]<\/p>\n","protected":false},"author":13,"featured_media":80300,"comment_status":"open","ping_status":"open","sticky":false,"template":"","format":"standard","meta":{"footnotes":""},"categories":[968,969],"tags":[],"class_list":{"0":"post-80298","1":"post","2":"type-post","3":"status-publish","4":"format-standard","5":"has-post-thumbnail","7":"category-nova-tv-engenharia","8":"category-palestra"},"yoast_head":"<!-- This site is optimized with the Yoast SEO plugin v27.2 - https:\/\/yoast.com\/product\/yoast-seo-wordpress\/ -->\n<title>IE Talks: S\u00e9rie: Experi\u00eancias e Desafios - Um Papo com Diretores Regionais - Mulheres na Engenharia: Lugar de Mulher \u00e9 onde Ela Quiser - Instituto de Engenharia<\/title>\n<meta name=\"robots\" content=\"index, follow, max-snippet:-1, max-image-preview:large, max-video-preview:-1\" \/>\n<link rel=\"canonical\" href=\"https:\/\/www.institutodeengenharia.org.br\/site\/2021\/05\/03\/ie-talks-serie-experiencias-e-desafios-um-papo-com-diretores-regionais-mulheres-na-engenharia-lugar-de-mulher-e-onde-ela-quiser\/\" \/>\n<meta property=\"og:locale\" content=\"pt_BR\" \/>\n<meta property=\"og:type\" content=\"article\" \/>\n<meta property=\"og:title\" content=\"IE Talks: S\u00e9rie: Experi\u00eancias e Desafios - Um Papo com Diretores Regionais - Mulheres na Engenharia: Lugar de Mulher \u00e9 onde Ela Quiser\" \/>\n<meta property=\"og:description\" content=\"Assista \u00e0 grava\u00e7\u00e3o da palestra: Mulheres na Engenharia: Lugar de Mulher \u00e9 onde Ela Quiser\" \/>\n<meta property=\"og:url\" content=\"https:\/\/www.institutodeengenharia.org.br\/site\/2021\/05\/03\/ie-talks-serie-experiencias-e-desafios-um-papo-com-diretores-regionais-mulheres-na-engenharia-lugar-de-mulher-e-onde-ela-quiser\/\" \/>\n<meta property=\"og:site_name\" content=\"Instituto de Engenharia\" \/>\n<meta property=\"article:publisher\" content=\"https:\/\/www.facebook.com\/institutodeengenharia\" \/>\n<meta property=\"article:published_time\" content=\"2021-05-03T17:51:35+00:00\" \/>\n<meta property=\"article:modified_time\" content=\"2021-05-11T15:53:37+00:00\" \/>\n<meta property=\"og:image\" content=\"https:\/\/www.institutodeengenharia.org.br\/site\/wp-content\/uploads\/2019\/08\/tv_engenharia.jpg\" \/>\n\t<meta property=\"og:image:width\" content=\"1280\" \/>\n\t<meta property=\"og:image:height\" content=\"853\" \/>\n\t<meta property=\"og:image:type\" content=\"image\/jpeg\" \/>\n<meta name=\"author\" content=\"Bianca\" \/>\n<meta name=\"twitter:card\" content=\"summary_large_image\" \/>\n<meta name=\"twitter:title\" content=\"IE Talks: S\u00e9rie: Experi\u00eancias e Desafios - Um Papo com Diretores Regionais - Mulheres na Engenharia: Lugar de Mulher \u00e9 onde Ela Quiser\" \/>\n<meta name=\"twitter:description\" content=\"Assista \u00e0 grava\u00e7\u00e3o da palestra: Mulheres na Engenharia: Lugar de Mulher \u00e9 onde Ela Quiser\" \/>\n<meta name=\"twitter:image\" content=\"https:\/\/www.institutodeengenharia.org.br\/site\/wp-content\/uploads\/2019\/08\/tv_engenharia.jpg\" \/>\n<meta name=\"twitter:creator\" content=\"@iengenharia\" \/>\n<meta name=\"twitter:site\" content=\"@iengenharia\" \/>\n<meta name=\"twitter:label1\" content=\"Escrito por\" \/>\n\t<meta name=\"twitter:data1\" content=\"Bianca\" \/>\n\t<meta name=\"twitter:label2\" content=\"Est. tempo de leitura\" \/>\n\t<meta name=\"twitter:data2\" content=\"3 minutos\" \/>\n<script type=\"application\/ld+json\" class=\"yoast-schema-graph\">{\"@context\":\"https:\/\/schema.org\",\"@graph\":[{\"@type\":\"Article\",\"@id\":\"https:\/\/www.institutodeengenharia.org.br\/site\/2021\/05\/03\/ie-talks-serie-experiencias-e-desafios-um-papo-com-diretores-regionais-mulheres-na-engenharia-lugar-de-mulher-e-onde-ela-quiser\/#article\",\"isPartOf\":{\"@id\":\"https:\/\/www.institutodeengenharia.org.br\/site\/2021\/05\/03\/ie-talks-serie-experiencias-e-desafios-um-papo-com-diretores-regionais-mulheres-na-engenharia-lugar-de-mulher-e-onde-ela-quiser\/\"},\"author\":{\"name\":\"Bianca\",\"@id\":\"https:\/\/www.institutodeengenharia.org.br\/site\/#\/schema\/person\/aeb64951c405e100d26d30b033dd423f\"},\"headline\":\"IE Talks: S\u00e9rie: Experi\u00eancias e Desafios &#8211; Um Papo com Diretores Regionais &#8211; Mulheres na Engenharia: Lugar de Mulher \u00e9 onde Ela Quiser\",\"datePublished\":\"2021-05-03T17:51:35+00:00\",\"dateModified\":\"2021-05-11T15:53:37+00:00\",\"mainEntityOfPage\":{\"@id\":\"https:\/\/www.institutodeengenharia.org.br\/site\/2021\/05\/03\/ie-talks-serie-experiencias-e-desafios-um-papo-com-diretores-regionais-mulheres-na-engenharia-lugar-de-mulher-e-onde-ela-quiser\/\"},\"wordCount\":357,\"commentCount\":0,\"publisher\":{\"@id\":\"https:\/\/www.institutodeengenharia.org.br\/site\/#organization\"},\"image\":{\"@id\":\"https:\/\/www.institutodeengenharia.org.br\/site\/2021\/05\/03\/ie-talks-serie-experiencias-e-desafios-um-papo-com-diretores-regionais-mulheres-na-engenharia-lugar-de-mulher-e-onde-ela-quiser\/#primaryimage\"},\"thumbnailUrl\":\"https:\/\/www.institutodeengenharia.org.br\/site\/wp-content\/uploads\/2021\/05\/livromulheresnaengenharia-1.webp\",\"articleSection\":[\"Nova TV Engenharia\",\"Palestra\"],\"inLanguage\":\"pt-BR\",\"potentialAction\":[{\"@type\":\"CommentAction\",\"name\":\"Comment\",\"target\":[\"https:\/\/www.institutodeengenharia.org.br\/site\/2021\/05\/03\/ie-talks-serie-experiencias-e-desafios-um-papo-com-diretores-regionais-mulheres-na-engenharia-lugar-de-mulher-e-onde-ela-quiser\/#respond\"]}]},{\"@type\":\"WebPage\",\"@id\":\"https:\/\/www.institutodeengenharia.org.br\/site\/2021\/05\/03\/ie-talks-serie-experiencias-e-desafios-um-papo-com-diretores-regionais-mulheres-na-engenharia-lugar-de-mulher-e-onde-ela-quiser\/\",\"url\":\"https:\/\/www.institutodeengenharia.org.br\/site\/2021\/05\/03\/ie-talks-serie-experiencias-e-desafios-um-papo-com-diretores-regionais-mulheres-na-engenharia-lugar-de-mulher-e-onde-ela-quiser\/\",\"name\":\"IE Talks: S\u00e9rie: Experi\u00eancias e Desafios - Um Papo com Diretores Regionais - Mulheres na Engenharia: Lugar de Mulher \u00e9 onde Ela Quiser - Instituto de Engenharia\",\"isPartOf\":{\"@id\":\"https:\/\/www.institutodeengenharia.org.br\/site\/#website\"},\"primaryImageOfPage\":{\"@id\":\"https:\/\/www.institutodeengenharia.org.br\/site\/2021\/05\/03\/ie-talks-serie-experiencias-e-desafios-um-papo-com-diretores-regionais-mulheres-na-engenharia-lugar-de-mulher-e-onde-ela-quiser\/#primaryimage\"},\"image\":{\"@id\":\"https:\/\/www.institutodeengenharia.org.br\/site\/2021\/05\/03\/ie-talks-serie-experiencias-e-desafios-um-papo-com-diretores-regionais-mulheres-na-engenharia-lugar-de-mulher-e-onde-ela-quiser\/#primaryimage\"},\"thumbnailUrl\":\"https:\/\/www.institutodeengenharia.org.br\/site\/wp-content\/uploads\/2021\/05\/livromulheresnaengenharia-1.webp\",\"datePublished\":\"2021-05-03T17:51:35+00:00\",\"dateModified\":\"2021-05-11T15:53:37+00:00\",\"breadcrumb\":{\"@id\":\"https:\/\/www.institutodeengenharia.org.br\/site\/2021\/05\/03\/ie-talks-serie-experiencias-e-desafios-um-papo-com-diretores-regionais-mulheres-na-engenharia-lugar-de-mulher-e-onde-ela-quiser\/#breadcrumb\"},\"inLanguage\":\"pt-BR\",\"potentialAction\":[{\"@type\":\"ReadAction\",\"target\":[\"https:\/\/www.institutodeengenharia.org.br\/site\/2021\/05\/03\/ie-talks-serie-experiencias-e-desafios-um-papo-com-diretores-regionais-mulheres-na-engenharia-lugar-de-mulher-e-onde-ela-quiser\/\"]}]},{\"@type\":\"ImageObject\",\"inLanguage\":\"pt-BR\",\"@id\":\"https:\/\/www.institutodeengenharia.org.br\/site\/2021\/05\/03\/ie-talks-serie-experiencias-e-desafios-um-papo-com-diretores-regionais-mulheres-na-engenharia-lugar-de-mulher-e-onde-ela-quiser\/#primaryimage\",\"url\":\"https:\/\/www.institutodeengenharia.org.br\/site\/wp-content\/uploads\/2021\/05\/livromulheresnaengenharia-1.webp\",\"contentUrl\":\"https:\/\/www.institutodeengenharia.org.br\/site\/wp-content\/uploads\/2021\/05\/livromulheresnaengenharia-1.webp\",\"width\":457,\"height\":305},{\"@type\":\"BreadcrumbList\",\"@id\":\"https:\/\/www.institutodeengenharia.org.br\/site\/2021\/05\/03\/ie-talks-serie-experiencias-e-desafios-um-papo-com-diretores-regionais-mulheres-na-engenharia-lugar-de-mulher-e-onde-ela-quiser\/#breadcrumb\",\"itemListElement\":[{\"@type\":\"ListItem\",\"position\":1,\"name\":\"In\u00edcio\",\"item\":\"https:\/\/www.institutodeengenharia.org.br\/site\/\"},{\"@type\":\"ListItem\",\"position\":2,\"name\":\"IE Talks: S\u00e9rie: Experi\u00eancias e Desafios &#8211; Um Papo com Diretores Regionais &#8211; Mulheres na Engenharia: Lugar de Mulher \u00e9 onde Ela Quiser\"}]},{\"@type\":\"WebSite\",\"@id\":\"https:\/\/www.institutodeengenharia.org.br\/site\/#website\",\"url\":\"https:\/\/www.institutodeengenharia.org.br\/site\/\",\"name\":\"Instituto de Engenharia\",\"description\":\"O Instituto de Engenharia promove a Engenharia em benef\u00edcio do desenvolvimento e da qualidade de vida da sociedade.\",\"publisher\":{\"@id\":\"https:\/\/www.institutodeengenharia.org.br\/site\/#organization\"},\"potentialAction\":[{\"@type\":\"SearchAction\",\"target\":{\"@type\":\"EntryPoint\",\"urlTemplate\":\"https:\/\/www.institutodeengenharia.org.br\/site\/?s={search_term_string}\"},\"query-input\":{\"@type\":\"PropertyValueSpecification\",\"valueRequired\":true,\"valueName\":\"search_term_string\"}}],\"inLanguage\":\"pt-BR\"},{\"@type\":\"Organization\",\"@id\":\"https:\/\/www.institutodeengenharia.org.br\/site\/#organization\",\"name\":\"Instituto de Engenharia\",\"url\":\"https:\/\/www.institutodeengenharia.org.br\/site\/\",\"logo\":{\"@type\":\"ImageObject\",\"inLanguage\":\"pt-BR\",\"@id\":\"https:\/\/www.institutodeengenharia.org.br\/site\/#\/schema\/logo\/image\/\",\"url\":\"https:\/\/www.institutodeengenharia.org.br\/site\/wp-content\/uploads\/2019\/03\/logo-novo-IE2018-1.jpg\",\"contentUrl\":\"https:\/\/www.institutodeengenharia.org.br\/site\/wp-content\/uploads\/2019\/03\/logo-novo-IE2018-1.jpg\",\"width\":1486,\"height\":1879,\"caption\":\"Instituto de Engenharia\"},\"image\":{\"@id\":\"https:\/\/www.institutodeengenharia.org.br\/site\/#\/schema\/logo\/image\/\"},\"sameAs\":[\"https:\/\/www.facebook.com\/institutodeengenharia\",\"https:\/\/x.com\/iengenharia\",\"https:\/\/www.instagram.com\/institutodeengenharia\/\",\"https:\/\/www.linkedin.com\/company\/instituto-de-engenharia\/\",\"https:\/\/www.youtube.com\/channel\/UCXiCAlsSMe977vamW915HxA\"]},{\"@type\":\"Person\",\"@id\":\"https:\/\/www.institutodeengenharia.org.br\/site\/#\/schema\/person\/aeb64951c405e100d26d30b033dd423f\",\"name\":\"Bianca\",\"image\":{\"@type\":\"ImageObject\",\"inLanguage\":\"pt-BR\",\"@id\":\"https:\/\/secure.gravatar.com\/avatar\/a6fbe9bff57405baf4c1e2c5c1811e072b558253974a9f9508f4678900c97c2a?s=96&d=mm&r=g\",\"url\":\"https:\/\/secure.gravatar.com\/avatar\/a6fbe9bff57405baf4c1e2c5c1811e072b558253974a9f9508f4678900c97c2a?s=96&d=mm&r=g\",\"contentUrl\":\"https:\/\/secure.gravatar.com\/avatar\/a6fbe9bff57405baf4c1e2c5c1811e072b558253974a9f9508f4678900c97c2a?s=96&d=mm&r=g\",\"caption\":\"Bianca\"},\"url\":\"https:\/\/www.institutodeengenharia.org.br\/site\/author\/comunicacao1\/\"}]}<\/script>\n<!-- \/ Yoast SEO plugin. -->","yoast_head_json":{"title":"IE Talks: S\u00e9rie: Experi\u00eancias e Desafios - Um Papo com Diretores Regionais - Mulheres na Engenharia: Lugar de Mulher \u00e9 onde Ela Quiser - Instituto de Engenharia","robots":{"index":"index","follow":"follow","max-snippet":"max-snippet:-1","max-image-preview":"max-image-preview:large","max-video-preview":"max-video-preview:-1"},"canonical":"https:\/\/www.institutodeengenharia.org.br\/site\/2021\/05\/03\/ie-talks-serie-experiencias-e-desafios-um-papo-com-diretores-regionais-mulheres-na-engenharia-lugar-de-mulher-e-onde-ela-quiser\/","og_locale":"pt_BR","og_type":"article","og_title":"IE Talks: S\u00e9rie: Experi\u00eancias e Desafios - Um Papo com Diretores Regionais - Mulheres na Engenharia: Lugar de Mulher \u00e9 onde Ela Quiser","og_description":"Assista \u00e0 grava\u00e7\u00e3o da palestra: Mulheres na Engenharia: Lugar de Mulher \u00e9 onde Ela Quiser","og_url":"https:\/\/www.institutodeengenharia.org.br\/site\/2021\/05\/03\/ie-talks-serie-experiencias-e-desafios-um-papo-com-diretores-regionais-mulheres-na-engenharia-lugar-de-mulher-e-onde-ela-quiser\/","og_site_name":"Instituto de Engenharia","article_publisher":"https:\/\/www.facebook.com\/institutodeengenharia","article_published_time":"2021-05-03T17:51:35+00:00","article_modified_time":"2021-05-11T15:53:37+00:00","og_image":[{"width":1280,"height":853,"url":"https:\/\/www.institutodeengenharia.org.br\/site\/wp-content\/uploads\/2019\/08\/tv_engenharia.jpg","type":"image\/jpeg"}],"author":"Bianca","twitter_card":"summary_large_image","twitter_title":"IE Talks: S\u00e9rie: Experi\u00eancias e Desafios - Um Papo com Diretores Regionais - Mulheres na Engenharia: Lugar de Mulher \u00e9 onde Ela Quiser","twitter_description":"Assista \u00e0 grava\u00e7\u00e3o da palestra: Mulheres na Engenharia: Lugar de Mulher \u00e9 onde Ela Quiser","twitter_image":"https:\/\/www.institutodeengenharia.org.br\/site\/wp-content\/uploads\/2019\/08\/tv_engenharia.jpg","twitter_creator":"@iengenharia","twitter_site":"@iengenharia","twitter_misc":{"Escrito por":"Bianca","Est. tempo de leitura":"3 minutos"},"schema":{"@context":"https:\/\/schema.org","@graph":[{"@type":"Article","@id":"https:\/\/www.institutodeengenharia.org.br\/site\/2021\/05\/03\/ie-talks-serie-experiencias-e-desafios-um-papo-com-diretores-regionais-mulheres-na-engenharia-lugar-de-mulher-e-onde-ela-quiser\/#article","isPartOf":{"@id":"https:\/\/www.institutodeengenharia.org.br\/site\/2021\/05\/03\/ie-talks-serie-experiencias-e-desafios-um-papo-com-diretores-regionais-mulheres-na-engenharia-lugar-de-mulher-e-onde-ela-quiser\/"},"author":{"name":"Bianca","@id":"https:\/\/www.institutodeengenharia.org.br\/site\/#\/schema\/person\/aeb64951c405e100d26d30b033dd423f"},"headline":"IE Talks: S\u00e9rie: Experi\u00eancias e Desafios &#8211; Um Papo com Diretores Regionais &#8211; Mulheres na Engenharia: Lugar de Mulher \u00e9 onde Ela Quiser","datePublished":"2021-05-03T17:51:35+00:00","dateModified":"2021-05-11T15:53:37+00:00","mainEntityOfPage":{"@id":"https:\/\/www.institutodeengenharia.org.br\/site\/2021\/05\/03\/ie-talks-serie-experiencias-e-desafios-um-papo-com-diretores-regionais-mulheres-na-engenharia-lugar-de-mulher-e-onde-ela-quiser\/"},"wordCount":357,"commentCount":0,"publisher":{"@id":"https:\/\/www.institutodeengenharia.org.br\/site\/#organization"},"image":{"@id":"https:\/\/www.institutodeengenharia.org.br\/site\/2021\/05\/03\/ie-talks-serie-experiencias-e-desafios-um-papo-com-diretores-regionais-mulheres-na-engenharia-lugar-de-mulher-e-onde-ela-quiser\/#primaryimage"},"thumbnailUrl":"https:\/\/www.institutodeengenharia.org.br\/site\/wp-content\/uploads\/2021\/05\/livromulheresnaengenharia-1.webp","articleSection":["Nova TV Engenharia","Palestra"],"inLanguage":"pt-BR","potentialAction":[{"@type":"CommentAction","name":"Comment","target":["https:\/\/www.institutodeengenharia.org.br\/site\/2021\/05\/03\/ie-talks-serie-experiencias-e-desafios-um-papo-com-diretores-regionais-mulheres-na-engenharia-lugar-de-mulher-e-onde-ela-quiser\/#respond"]}]},{"@type":"WebPage","@id":"https:\/\/www.institutodeengenharia.org.br\/site\/2021\/05\/03\/ie-talks-serie-experiencias-e-desafios-um-papo-com-diretores-regionais-mulheres-na-engenharia-lugar-de-mulher-e-onde-ela-quiser\/","url":"https:\/\/www.institutodeengenharia.org.br\/site\/2021\/05\/03\/ie-talks-serie-experiencias-e-desafios-um-papo-com-diretores-regionais-mulheres-na-engenharia-lugar-de-mulher-e-onde-ela-quiser\/","name":"IE Talks: S\u00e9rie: Experi\u00eancias e Desafios - Um Papo com Diretores Regionais - Mulheres na Engenharia: Lugar de Mulher \u00e9 onde Ela Quiser - Instituto de Engenharia","isPartOf":{"@id":"https:\/\/www.institutodeengenharia.org.br\/site\/#website"},"primaryImageOfPage":{"@id":"https:\/\/www.institutodeengenharia.org.br\/site\/2021\/05\/03\/ie-talks-serie-experiencias-e-desafios-um-papo-com-diretores-regionais-mulheres-na-engenharia-lugar-de-mulher-e-onde-ela-quiser\/#primaryimage"},"image":{"@id":"https:\/\/www.institutodeengenharia.org.br\/site\/2021\/05\/03\/ie-talks-serie-experiencias-e-desafios-um-papo-com-diretores-regionais-mulheres-na-engenharia-lugar-de-mulher-e-onde-ela-quiser\/#primaryimage"},"thumbnailUrl":"https:\/\/www.institutodeengenharia.org.br\/site\/wp-content\/uploads\/2021\/05\/livromulheresnaengenharia-1.webp","datePublished":"2021-05-03T17:51:35+00:00","dateModified":"2021-05-11T15:53:37+00:00","breadcrumb":{"@id":"https:\/\/www.institutodeengenharia.org.br\/site\/2021\/05\/03\/ie-talks-serie-experiencias-e-desafios-um-papo-com-diretores-regionais-mulheres-na-engenharia-lugar-de-mulher-e-onde-ela-quiser\/#breadcrumb"},"inLanguage":"pt-BR","potentialAction":[{"@type":"ReadAction","target":["https:\/\/www.institutodeengenharia.org.br\/site\/2021\/05\/03\/ie-talks-serie-experiencias-e-desafios-um-papo-com-diretores-regionais-mulheres-na-engenharia-lugar-de-mulher-e-onde-ela-quiser\/"]}]},{"@type":"ImageObject","inLanguage":"pt-BR","@id":"https:\/\/www.institutodeengenharia.org.br\/site\/2021\/05\/03\/ie-talks-serie-experiencias-e-desafios-um-papo-com-diretores-regionais-mulheres-na-engenharia-lugar-de-mulher-e-onde-ela-quiser\/#primaryimage","url":"https:\/\/www.institutodeengenharia.org.br\/site\/wp-content\/uploads\/2021\/05\/livromulheresnaengenharia-1.webp","contentUrl":"https:\/\/www.institutodeengenharia.org.br\/site\/wp-content\/uploads\/2021\/05\/livromulheresnaengenharia-1.webp","width":457,"height":305},{"@type":"BreadcrumbList","@id":"https:\/\/www.institutodeengenharia.org.br\/site\/2021\/05\/03\/ie-talks-serie-experiencias-e-desafios-um-papo-com-diretores-regionais-mulheres-na-engenharia-lugar-de-mulher-e-onde-ela-quiser\/#breadcrumb","itemListElement":[{"@type":"ListItem","position":1,"name":"In\u00edcio","item":"https:\/\/www.institutodeengenharia.org.br\/site\/"},{"@type":"ListItem","position":2,"name":"IE Talks: S\u00e9rie: Experi\u00eancias e Desafios &#8211; Um Papo com Diretores Regionais &#8211; Mulheres na Engenharia: Lugar de Mulher \u00e9 onde Ela Quiser"}]},{"@type":"WebSite","@id":"https:\/\/www.institutodeengenharia.org.br\/site\/#website","url":"https:\/\/www.institutodeengenharia.org.br\/site\/","name":"Instituto de Engenharia","description":"O Instituto de Engenharia promove a Engenharia em benef\u00edcio do desenvolvimento e da qualidade de vida da sociedade.","publisher":{"@id":"https:\/\/www.institutodeengenharia.org.br\/site\/#organization"},"potentialAction":[{"@type":"SearchAction","target":{"@type":"EntryPoint","urlTemplate":"https:\/\/www.institutodeengenharia.org.br\/site\/?s={search_term_string}"},"query-input":{"@type":"PropertyValueSpecification","valueRequired":true,"valueName":"search_term_string"}}],"inLanguage":"pt-BR"},{"@type":"Organization","@id":"https:\/\/www.institutodeengenharia.org.br\/site\/#organization","name":"Instituto de Engenharia","url":"https:\/\/www.institutodeengenharia.org.br\/site\/","logo":{"@type":"ImageObject","inLanguage":"pt-BR","@id":"https:\/\/www.institutodeengenharia.org.br\/site\/#\/schema\/logo\/image\/","url":"https:\/\/www.institutodeengenharia.org.br\/site\/wp-content\/uploads\/2019\/03\/logo-novo-IE2018-1.jpg","contentUrl":"https:\/\/www.institutodeengenharia.org.br\/site\/wp-content\/uploads\/2019\/03\/logo-novo-IE2018-1.jpg","width":1486,"height":1879,"caption":"Instituto de Engenharia"},"image":{"@id":"https:\/\/www.institutodeengenharia.org.br\/site\/#\/schema\/logo\/image\/"},"sameAs":["https:\/\/www.facebook.com\/institutodeengenharia","https:\/\/x.com\/iengenharia","https:\/\/www.instagram.com\/institutodeengenharia\/","https:\/\/www.linkedin.com\/company\/instituto-de-engenharia\/","https:\/\/www.youtube.com\/channel\/UCXiCAlsSMe977vamW915HxA"]},{"@type":"Person","@id":"https:\/\/www.institutodeengenharia.org.br\/site\/#\/schema\/person\/aeb64951c405e100d26d30b033dd423f","name":"Bianca","image":{"@type":"ImageObject","inLanguage":"pt-BR","@id":"https:\/\/secure.gravatar.com\/avatar\/a6fbe9bff57405baf4c1e2c5c1811e072b558253974a9f9508f4678900c97c2a?s=96&d=mm&r=g","url":"https:\/\/secure.gravatar.com\/avatar\/a6fbe9bff57405baf4c1e2c5c1811e072b558253974a9f9508f4678900c97c2a?s=96&d=mm&r=g","contentUrl":"https:\/\/secure.gravatar.com\/avatar\/a6fbe9bff57405baf4c1e2c5c1811e072b558253974a9f9508f4678900c97c2a?s=96&d=mm&r=g","caption":"Bianca"},"url":"https:\/\/www.institutodeengenharia.org.br\/site\/author\/comunicacao1\/"}]}},"_links":{"self":[{"href":"https:\/\/www.institutodeengenharia.org.br\/site\/wp-json\/wp\/v2\/posts\/80298","targetHints":{"allow":["GET"]}}],"collection":[{"href":"https:\/\/www.institutodeengenharia.org.br\/site\/wp-json\/wp\/v2\/posts"}],"about":[{"href":"https:\/\/www.institutodeengenharia.org.br\/site\/wp-json\/wp\/v2\/types\/post"}],"author":[{"embeddable":true,"href":"https:\/\/www.institutodeengenharia.org.br\/site\/wp-json\/wp\/v2\/users\/13"}],"replies":[{"embeddable":true,"href":"https:\/\/www.institutodeengenharia.org.br\/site\/wp-json\/wp\/v2\/comments?post=80298"}],"version-history":[{"count":2,"href":"https:\/\/www.institutodeengenharia.org.br\/site\/wp-json\/wp\/v2\/posts\/80298\/revisions"}],"predecessor-version":[{"id":80318,"href":"https:\/\/www.institutodeengenharia.org.br\/site\/wp-json\/wp\/v2\/posts\/80298\/revisions\/80318"}],"wp:featuredmedia":[{"embeddable":true,"href":"https:\/\/www.institutodeengenharia.org.br\/site\/wp-json\/wp\/v2\/media\/80300"}],"wp:attachment":[{"href":"https:\/\/www.institutodeengenharia.org.br\/site\/wp-json\/wp\/v2\/media?parent=80298"}],"wp:term":[{"taxonomy":"category","embeddable":true,"href":"https:\/\/www.institutodeengenharia.org.br\/site\/wp-json\/wp\/v2\/categories?post=80298"},{"taxonomy":"post_tag","embeddable":true,"href":"https:\/\/www.institutodeengenharia.org.br\/site\/wp-json\/wp\/v2\/tags?post=80298"}],"curies":[{"name":"wp","href":"https:\/\/api.w.org\/{rel}","templated":true}]}}