{"id":79782,"date":"2021-04-13T10:30:39","date_gmt":"2021-04-13T13:30:39","guid":{"rendered":"https:\/\/www.institutodeengenharia.org.br\/site\/?p=79782"},"modified":"2021-08-31T11:05:45","modified_gmt":"2021-08-31T14:05:45","slug":"ie-talks-serie-livro-informacao-viva-conhecimento-aplicado-gestao-de-pessoas-nas-organizacoes","status":"publish","type":"post","link":"https:\/\/www.institutodeengenharia.org.br\/site\/2021\/04\/13\/ie-talks-serie-livro-informacao-viva-conhecimento-aplicado-gestao-de-pessoas-nas-organizacoes\/","title":{"rendered":"IE TALKS: S\u00e9rie: &#8220;Livro &#8211; Informa\u00e7\u00e3o viva, conhecimento aplicado&#8221; Gest\u00e3o de pessoas nas organiza\u00e7\u00f5es"},"content":{"rendered":"<p><strong>Assista abaixo \u00e0 grava\u00e7\u00e3o do evento:\u00a0<\/strong><\/p>\n<p><iframe loading=\"lazy\" src=\"https:\/\/player.vimeo.com\/video\/537967593\" width=\"640\" height=\"360\" frameborder=\"0\" allowfullscreen=\"allowfullscreen\"><\/iframe><\/p>\n<p><strong>+ Informa\u00e7\u00f5es:\u00a0\u00a0<\/strong><\/p>\n<p>Apresenta\u00e7\u00e3o do livro pelo autor.<\/p>\n<p>A palestra do livro Gest\u00e3o de pessoas nas organiza\u00e7\u00f5es faz parte da S\u00e9rie Livro \u2013 Informa\u00e7\u00e3o viva, conhecimento aplicado, uma realiza\u00e7\u00e3o do Instituto de Engenharia.<\/p>\n<p><img loading=\"lazy\" decoding=\"async\" class=\"wp-image-79435 aligncenter td-animation-stack-type0-2\" src=\"https:\/\/www.institutodeengenharia.org.br\/site\/wp-content\/uploads\/2021\/04\/livrogestao.jpg\" alt=\"\" width=\"262\" height=\"370\" srcset=\"https:\/\/www.institutodeengenharia.org.br\/site\/wp-content\/uploads\/2021\/04\/livrogestao.jpg 354w, https:\/\/www.institutodeengenharia.org.br\/site\/wp-content\/uploads\/2021\/04\/livrogestao-212x300.jpg 212w, https:\/\/www.institutodeengenharia.org.br\/site\/wp-content\/uploads\/2021\/04\/livrogestao-297x420.jpg 297w\" sizes=\"auto, (max-width: 262px) 100vw, 262px\" \/><\/p>\n<p><strong>P\u00fablico-alvo:<\/strong><\/p>\n<p>Engenheiros, arquitetos, t\u00e9cnicos, estudantes e demais interessados.<\/p>\n<p><strong>Palestrante:<\/strong><\/p>\n<p><img loading=\"lazy\" decoding=\"async\" class=\"alignnone size-full wp-image-79434 td-animation-stack-type0-2\" src=\"https:\/\/www.institutodeengenharia.org.br\/site\/wp-content\/uploads\/2021\/04\/ugo.png\" alt=\"\" width=\"115\" height=\"154\" \/><\/p>\n<p><strong>Ugo Franco Barbieri<\/strong><\/p>\n<p>Especialista em Management Assessment, Coaching Executivo e Executive Search, Desenvolvimento de Lideran\u00e7as (Coaching Grupal)<\/p>\n<p>Graduado em Filosofia, Psicologia, Direito e Administra\u00e7\u00e3o. Foi S\u00f3cio S\u00eanior da Horton International, Executivo e Diretor de Administra\u00e7\u00e3o e RH em empresas como Xerox, Cyanamid, Grupo Eluma e Casas Pernambucanas. Como Consultor, atuou como Diretor e Associado: Boyden, Arthur Andersen\/Coopers &amp; Lybrand, e TMP. Especialista em Management Assessment, Coaching Executivo e Executive Search, Desenvolvimento de Lideran\u00e7as (Coaching Grupal), Palestras Motivacionais e de Sensibiliza\u00e7\u00e3o sobre temas de Gest\u00e3o e Comportamento Humano e Organizacional. Coordena grupos de presidentes e empres\u00e1rios na plataforma Vistage (www.vistage.com), presente em 16 pa\u00edses, reunindo l\u00edderes empresariais para troca de experi\u00eancia de vida e trabalho. \u00c9 s\u00f3cio da Taplow Brasil Consultores, consultoria multinacional especializada em Executive Search, Assessment e Coaching. \u00c9 autor de livros intitulados \u201cGest\u00e3o de Pessoas nas Organiza\u00e7\u00f5es\u201d, segmentados em: \u201cPr\u00e1ticas Atuais sobre o RH Estrat\u00e9gico\u201d; \u201cA Aprendizagem da Lideran\u00e7a e da Inova\u00e7\u00e3o\u201d; \u201cO Talento Humano na Sociedade do Conhecimento\u201d; \u201cA Evolu\u00e7\u00e3o do Ser Humano na Vida e na Carreira\u201d; \u201cA Rela\u00e7\u00e3o entre Governan\u00e7a, Cultura e Lideran\u00e7a\u201d; \u201cConceitos B\u00e1sicos e Pr\u00e1ticas\u201d.<\/p>\n<p><strong>Apoio \u00e0 forma\u00e7\u00e3o:\u00a0<\/strong><\/p>\n<p>Espa\u00e7o aberto ao CREA-SP, objetivando o aperfei\u00e7oamento dos profissionais e o aprimoramento da fiscaliza\u00e7\u00e3o das \u00e1reas abrangidas pelo Sistema Confea\/CREAs, al\u00e9m de promover a conscientiza\u00e7\u00e3o da sociedade quanto \u00e0 necessidade e obrigatoriedade de contratar um profissional devidamente habilitado.<\/p>\n<p><strong>Apoio Institucional:<\/strong><\/p>\n<p><img loading=\"lazy\" decoding=\"async\" class=\"alignnone wp-image-77696 td-animation-stack-type0-2\" src=\"https:\/\/www.institutodeengenharia.org.br\/site\/wp-content\/uploads\/2021\/02\/crea.jpg\" alt=\"\" width=\"148\" height=\"104\" srcset=\"https:\/\/www.institutodeengenharia.org.br\/site\/wp-content\/uploads\/2021\/02\/crea.jpg 448w, https:\/\/www.institutodeengenharia.org.br\/site\/wp-content\/uploads\/2021\/02\/crea-300x211.jpg 300w, https:\/\/www.institutodeengenharia.org.br\/site\/wp-content\/uploads\/2021\/02\/crea-100x70.jpg 100w\" sizes=\"auto, (max-width: 148px) 100vw, 148px\" \/><\/p>\n<p><img loading=\"lazy\" decoding=\"async\" class=\"alignnone wp-image-79435 td-animation-stack-type0-2\" src=\"https:\/\/www.institutodeengenharia.org.br\/site\/wp-content\/uploads\/2021\/04\/livrogestao.jpg\" alt=\"\" width=\"172\" height=\"243\" srcset=\"https:\/\/www.institutodeengenharia.org.br\/site\/wp-content\/uploads\/2021\/04\/livrogestao.jpg 354w, https:\/\/www.institutodeengenharia.org.br\/site\/wp-content\/uploads\/2021\/04\/livrogestao-212x300.jpg 212w, https:\/\/www.institutodeengenharia.org.br\/site\/wp-content\/uploads\/2021\/04\/livrogestao-297x420.jpg 297w\" sizes=\"auto, (max-width: 172px) 100vw, 172px\" \/><\/p>\n<p><strong>Realiza\u00e7\u00e3o:<\/strong><\/p>\n<p><strong>Eng. Ricardo Kenzo \u2013<\/strong>\u00a0Vice-Presidente de Rela\u00e7\u00f5es Externas<\/p>\n","protected":false},"excerpt":{"rendered":"<p>Assista abaixo \u00e0 grava\u00e7\u00e3o do evento:\u00a0 + Informa\u00e7\u00f5es:\u00a0\u00a0 Apresenta\u00e7\u00e3o do livro pelo autor. A palestra do livro Gest\u00e3o de pessoas nas organiza\u00e7\u00f5es faz parte da S\u00e9rie Livro \u2013 Informa\u00e7\u00e3o viva, conhecimento aplicado, uma realiza\u00e7\u00e3o do Instituto de Engenharia. P\u00fablico-alvo: Engenheiros, arquitetos, t\u00e9cnicos, estudantes e demais interessados. Palestrante: Ugo Franco Barbieri Especialista em Management Assessment, Coaching [&hellip;]<\/p>\n","protected":false},"author":13,"featured_media":79783,"comment_status":"open","ping_status":"open","sticky":false,"template":"","format":"standard","meta":{"footnotes":""},"categories":[968,969],"tags":[],"class_list":{"0":"post-79782","1":"post","2":"type-post","3":"status-publish","4":"format-standard","5":"has-post-thumbnail","7":"category-nova-tv-engenharia","8":"category-palestra"},"yoast_head":"<!-- This site is optimized with the Yoast SEO plugin v27.2 - https:\/\/yoast.com\/product\/yoast-seo-wordpress\/ -->\n<title>IE TALKS: S\u00e9rie: &quot;Livro - Informa\u00e7\u00e3o viva, conhecimento aplicado&quot; Gest\u00e3o de pessoas nas organiza\u00e7\u00f5es - Instituto de Engenharia<\/title>\n<meta name=\"description\" content=\"gest\u00e3o de pessoas, gest\u00e3o de pessoas nas organiza\u00e7\u00f5es, livro, informa\u00e7\u00e3o viva, conhecimento aplicado, gest\u00e3o, pessoas, organiza\u00e7\u00f5es\" \/>\n<meta name=\"robots\" content=\"index, follow, max-snippet:-1, max-image-preview:large, max-video-preview:-1\" \/>\n<link rel=\"canonical\" href=\"https:\/\/www.institutodeengenharia.org.br\/site\/2021\/04\/13\/ie-talks-serie-livro-informacao-viva-conhecimento-aplicado-gestao-de-pessoas-nas-organizacoes\/\" \/>\n<meta property=\"og:locale\" content=\"pt_BR\" \/>\n<meta property=\"og:type\" content=\"article\" \/>\n<meta property=\"og:title\" content=\"IE TALKS: S\u00e9rie: &quot;Livro - Informa\u00e7\u00e3o viva, conhecimento aplicado&quot; Gest\u00e3o de pessoas nas organiza\u00e7\u00f5es\" \/>\n<meta property=\"og:description\" content=\"Assista \u00e0 grava\u00e7\u00e3o do evento:\u00a0\" \/>\n<meta property=\"og:url\" content=\"https:\/\/www.institutodeengenharia.org.br\/site\/2021\/04\/13\/ie-talks-serie-livro-informacao-viva-conhecimento-aplicado-gestao-de-pessoas-nas-organizacoes\/\" \/>\n<meta property=\"og:site_name\" content=\"Instituto de Engenharia\" \/>\n<meta property=\"article:publisher\" content=\"https:\/\/www.facebook.com\/institutodeengenharia\" \/>\n<meta property=\"article:published_time\" content=\"2021-04-13T13:30:39+00:00\" \/>\n<meta property=\"article:modified_time\" content=\"2021-08-31T14:05:45+00:00\" \/>\n<meta property=\"og:image\" content=\"https:\/\/www.institutodeengenharia.org.br\/site\/wp-content\/uploads\/2019\/08\/tv_engenharia.jpg\" \/>\n\t<meta property=\"og:image:width\" content=\"1280\" \/>\n\t<meta property=\"og:image:height\" content=\"853\" \/>\n\t<meta property=\"og:image:type\" content=\"image\/jpeg\" \/>\n<meta name=\"author\" content=\"Bianca\" \/>\n<meta name=\"twitter:card\" content=\"summary_large_image\" \/>\n<meta name=\"twitter:title\" content=\"IE TALKS: S\u00e9rie: &quot;Livro - Informa\u00e7\u00e3o viva, conhecimento aplicado&quot; Gest\u00e3o de pessoas nas organiza\u00e7\u00f5es\" \/>\n<meta name=\"twitter:description\" content=\"Assista \u00e0 grava\u00e7\u00e3o do evento:\u00a0\" \/>\n<meta name=\"twitter:image\" content=\"https:\/\/www.institutodeengenharia.org.br\/site\/wp-content\/uploads\/2019\/08\/tv_engenharia.jpg\" \/>\n<meta name=\"twitter:creator\" content=\"@iengenharia\" \/>\n<meta name=\"twitter:site\" content=\"@iengenharia\" \/>\n<meta name=\"twitter:label1\" content=\"Escrito por\" \/>\n\t<meta name=\"twitter:data1\" content=\"Bianca\" \/>\n\t<meta name=\"twitter:label2\" content=\"Est. tempo de leitura\" \/>\n\t<meta name=\"twitter:data2\" content=\"3 minutos\" \/>\n<script type=\"application\/ld+json\" class=\"yoast-schema-graph\">{\"@context\":\"https:\/\/schema.org\",\"@graph\":[{\"@type\":\"Article\",\"@id\":\"https:\/\/www.institutodeengenharia.org.br\/site\/2021\/04\/13\/ie-talks-serie-livro-informacao-viva-conhecimento-aplicado-gestao-de-pessoas-nas-organizacoes\/#article\",\"isPartOf\":{\"@id\":\"https:\/\/www.institutodeengenharia.org.br\/site\/2021\/04\/13\/ie-talks-serie-livro-informacao-viva-conhecimento-aplicado-gestao-de-pessoas-nas-organizacoes\/\"},\"author\":{\"name\":\"Bianca\",\"@id\":\"https:\/\/www.institutodeengenharia.org.br\/site\/#\/schema\/person\/aeb64951c405e100d26d30b033dd423f\"},\"headline\":\"IE TALKS: S\u00e9rie: &#8220;Livro &#8211; Informa\u00e7\u00e3o viva, conhecimento aplicado&#8221; Gest\u00e3o de pessoas nas organiza\u00e7\u00f5es\",\"datePublished\":\"2021-04-13T13:30:39+00:00\",\"dateModified\":\"2021-08-31T14:05:45+00:00\",\"mainEntityOfPage\":{\"@id\":\"https:\/\/www.institutodeengenharia.org.br\/site\/2021\/04\/13\/ie-talks-serie-livro-informacao-viva-conhecimento-aplicado-gestao-de-pessoas-nas-organizacoes\/\"},\"wordCount\":337,\"commentCount\":0,\"publisher\":{\"@id\":\"https:\/\/www.institutodeengenharia.org.br\/site\/#organization\"},\"image\":{\"@id\":\"https:\/\/www.institutodeengenharia.org.br\/site\/2021\/04\/13\/ie-talks-serie-livro-informacao-viva-conhecimento-aplicado-gestao-de-pessoas-nas-organizacoes\/#primaryimage\"},\"thumbnailUrl\":\"https:\/\/www.institutodeengenharia.org.br\/site\/wp-content\/uploads\/2021\/04\/livrogestao-1-1.webp\",\"articleSection\":[\"Nova TV Engenharia\",\"Palestra\"],\"inLanguage\":\"pt-BR\",\"potentialAction\":[{\"@type\":\"CommentAction\",\"name\":\"Comment\",\"target\":[\"https:\/\/www.institutodeengenharia.org.br\/site\/2021\/04\/13\/ie-talks-serie-livro-informacao-viva-conhecimento-aplicado-gestao-de-pessoas-nas-organizacoes\/#respond\"]}]},{\"@type\":\"WebPage\",\"@id\":\"https:\/\/www.institutodeengenharia.org.br\/site\/2021\/04\/13\/ie-talks-serie-livro-informacao-viva-conhecimento-aplicado-gestao-de-pessoas-nas-organizacoes\/\",\"url\":\"https:\/\/www.institutodeengenharia.org.br\/site\/2021\/04\/13\/ie-talks-serie-livro-informacao-viva-conhecimento-aplicado-gestao-de-pessoas-nas-organizacoes\/\",\"name\":\"IE TALKS: S\u00e9rie: \\\"Livro - Informa\u00e7\u00e3o viva, conhecimento aplicado\\\" Gest\u00e3o de pessoas nas organiza\u00e7\u00f5es - Instituto de Engenharia\",\"isPartOf\":{\"@id\":\"https:\/\/www.institutodeengenharia.org.br\/site\/#website\"},\"primaryImageOfPage\":{\"@id\":\"https:\/\/www.institutodeengenharia.org.br\/site\/2021\/04\/13\/ie-talks-serie-livro-informacao-viva-conhecimento-aplicado-gestao-de-pessoas-nas-organizacoes\/#primaryimage\"},\"image\":{\"@id\":\"https:\/\/www.institutodeengenharia.org.br\/site\/2021\/04\/13\/ie-talks-serie-livro-informacao-viva-conhecimento-aplicado-gestao-de-pessoas-nas-organizacoes\/#primaryimage\"},\"thumbnailUrl\":\"https:\/\/www.institutodeengenharia.org.br\/site\/wp-content\/uploads\/2021\/04\/livrogestao-1-1.webp\",\"datePublished\":\"2021-04-13T13:30:39+00:00\",\"dateModified\":\"2021-08-31T14:05:45+00:00\",\"description\":\"gest\u00e3o de pessoas, gest\u00e3o de pessoas nas organiza\u00e7\u00f5es, livro, informa\u00e7\u00e3o viva, conhecimento aplicado, gest\u00e3o, pessoas, organiza\u00e7\u00f5es\",\"breadcrumb\":{\"@id\":\"https:\/\/www.institutodeengenharia.org.br\/site\/2021\/04\/13\/ie-talks-serie-livro-informacao-viva-conhecimento-aplicado-gestao-de-pessoas-nas-organizacoes\/#breadcrumb\"},\"inLanguage\":\"pt-BR\",\"potentialAction\":[{\"@type\":\"ReadAction\",\"target\":[\"https:\/\/www.institutodeengenharia.org.br\/site\/2021\/04\/13\/ie-talks-serie-livro-informacao-viva-conhecimento-aplicado-gestao-de-pessoas-nas-organizacoes\/\"]}]},{\"@type\":\"ImageObject\",\"inLanguage\":\"pt-BR\",\"@id\":\"https:\/\/www.institutodeengenharia.org.br\/site\/2021\/04\/13\/ie-talks-serie-livro-informacao-viva-conhecimento-aplicado-gestao-de-pessoas-nas-organizacoes\/#primaryimage\",\"url\":\"https:\/\/www.institutodeengenharia.org.br\/site\/wp-content\/uploads\/2021\/04\/livrogestao-1-1.webp\",\"contentUrl\":\"https:\/\/www.institutodeengenharia.org.br\/site\/wp-content\/uploads\/2021\/04\/livrogestao-1-1.webp\",\"width\":354,\"height\":228},{\"@type\":\"BreadcrumbList\",\"@id\":\"https:\/\/www.institutodeengenharia.org.br\/site\/2021\/04\/13\/ie-talks-serie-livro-informacao-viva-conhecimento-aplicado-gestao-de-pessoas-nas-organizacoes\/#breadcrumb\",\"itemListElement\":[{\"@type\":\"ListItem\",\"position\":1,\"name\":\"In\u00edcio\",\"item\":\"https:\/\/www.institutodeengenharia.org.br\/site\/\"},{\"@type\":\"ListItem\",\"position\":2,\"name\":\"IE TALKS: S\u00e9rie: &#8220;Livro &#8211; Informa\u00e7\u00e3o viva, conhecimento aplicado&#8221; Gest\u00e3o de pessoas nas organiza\u00e7\u00f5es\"}]},{\"@type\":\"WebSite\",\"@id\":\"https:\/\/www.institutodeengenharia.org.br\/site\/#website\",\"url\":\"https:\/\/www.institutodeengenharia.org.br\/site\/\",\"name\":\"Instituto de Engenharia\",\"description\":\"O Instituto de Engenharia promove a Engenharia em benef\u00edcio do desenvolvimento e da qualidade de vida da sociedade.\",\"publisher\":{\"@id\":\"https:\/\/www.institutodeengenharia.org.br\/site\/#organization\"},\"potentialAction\":[{\"@type\":\"SearchAction\",\"target\":{\"@type\":\"EntryPoint\",\"urlTemplate\":\"https:\/\/www.institutodeengenharia.org.br\/site\/?s={search_term_string}\"},\"query-input\":{\"@type\":\"PropertyValueSpecification\",\"valueRequired\":true,\"valueName\":\"search_term_string\"}}],\"inLanguage\":\"pt-BR\"},{\"@type\":\"Organization\",\"@id\":\"https:\/\/www.institutodeengenharia.org.br\/site\/#organization\",\"name\":\"Instituto de Engenharia\",\"url\":\"https:\/\/www.institutodeengenharia.org.br\/site\/\",\"logo\":{\"@type\":\"ImageObject\",\"inLanguage\":\"pt-BR\",\"@id\":\"https:\/\/www.institutodeengenharia.org.br\/site\/#\/schema\/logo\/image\/\",\"url\":\"https:\/\/www.institutodeengenharia.org.br\/site\/wp-content\/uploads\/2019\/03\/logo-novo-IE2018-1.jpg\",\"contentUrl\":\"https:\/\/www.institutodeengenharia.org.br\/site\/wp-content\/uploads\/2019\/03\/logo-novo-IE2018-1.jpg\",\"width\":1486,\"height\":1879,\"caption\":\"Instituto de Engenharia\"},\"image\":{\"@id\":\"https:\/\/www.institutodeengenharia.org.br\/site\/#\/schema\/logo\/image\/\"},\"sameAs\":[\"https:\/\/www.facebook.com\/institutodeengenharia\",\"https:\/\/x.com\/iengenharia\",\"https:\/\/www.instagram.com\/institutodeengenharia\/\",\"https:\/\/www.linkedin.com\/company\/instituto-de-engenharia\/\",\"https:\/\/www.youtube.com\/channel\/UCXiCAlsSMe977vamW915HxA\"]},{\"@type\":\"Person\",\"@id\":\"https:\/\/www.institutodeengenharia.org.br\/site\/#\/schema\/person\/aeb64951c405e100d26d30b033dd423f\",\"name\":\"Bianca\",\"image\":{\"@type\":\"ImageObject\",\"inLanguage\":\"pt-BR\",\"@id\":\"https:\/\/secure.gravatar.com\/avatar\/a6fbe9bff57405baf4c1e2c5c1811e072b558253974a9f9508f4678900c97c2a?s=96&d=mm&r=g\",\"url\":\"https:\/\/secure.gravatar.com\/avatar\/a6fbe9bff57405baf4c1e2c5c1811e072b558253974a9f9508f4678900c97c2a?s=96&d=mm&r=g\",\"contentUrl\":\"https:\/\/secure.gravatar.com\/avatar\/a6fbe9bff57405baf4c1e2c5c1811e072b558253974a9f9508f4678900c97c2a?s=96&d=mm&r=g\",\"caption\":\"Bianca\"},\"url\":\"https:\/\/www.institutodeengenharia.org.br\/site\/author\/comunicacao1\/\"}]}<\/script>\n<!-- \/ Yoast SEO plugin. -->","yoast_head_json":{"title":"IE TALKS: S\u00e9rie: \"Livro - Informa\u00e7\u00e3o viva, conhecimento aplicado\" Gest\u00e3o de pessoas nas organiza\u00e7\u00f5es - Instituto de Engenharia","description":"gest\u00e3o de pessoas, gest\u00e3o de pessoas nas organiza\u00e7\u00f5es, livro, informa\u00e7\u00e3o viva, conhecimento aplicado, gest\u00e3o, pessoas, organiza\u00e7\u00f5es","robots":{"index":"index","follow":"follow","max-snippet":"max-snippet:-1","max-image-preview":"max-image-preview:large","max-video-preview":"max-video-preview:-1"},"canonical":"https:\/\/www.institutodeengenharia.org.br\/site\/2021\/04\/13\/ie-talks-serie-livro-informacao-viva-conhecimento-aplicado-gestao-de-pessoas-nas-organizacoes\/","og_locale":"pt_BR","og_type":"article","og_title":"IE TALKS: S\u00e9rie: \"Livro - Informa\u00e7\u00e3o viva, conhecimento aplicado\" Gest\u00e3o de pessoas nas organiza\u00e7\u00f5es","og_description":"Assista \u00e0 grava\u00e7\u00e3o do evento:\u00a0","og_url":"https:\/\/www.institutodeengenharia.org.br\/site\/2021\/04\/13\/ie-talks-serie-livro-informacao-viva-conhecimento-aplicado-gestao-de-pessoas-nas-organizacoes\/","og_site_name":"Instituto de Engenharia","article_publisher":"https:\/\/www.facebook.com\/institutodeengenharia","article_published_time":"2021-04-13T13:30:39+00:00","article_modified_time":"2021-08-31T14:05:45+00:00","og_image":[{"width":1280,"height":853,"url":"https:\/\/www.institutodeengenharia.org.br\/site\/wp-content\/uploads\/2019\/08\/tv_engenharia.jpg","type":"image\/jpeg"}],"author":"Bianca","twitter_card":"summary_large_image","twitter_title":"IE TALKS: S\u00e9rie: \"Livro - Informa\u00e7\u00e3o viva, conhecimento aplicado\" Gest\u00e3o de pessoas nas organiza\u00e7\u00f5es","twitter_description":"Assista \u00e0 grava\u00e7\u00e3o do evento:\u00a0","twitter_image":"https:\/\/www.institutodeengenharia.org.br\/site\/wp-content\/uploads\/2019\/08\/tv_engenharia.jpg","twitter_creator":"@iengenharia","twitter_site":"@iengenharia","twitter_misc":{"Escrito por":"Bianca","Est. tempo de leitura":"3 minutos"},"schema":{"@context":"https:\/\/schema.org","@graph":[{"@type":"Article","@id":"https:\/\/www.institutodeengenharia.org.br\/site\/2021\/04\/13\/ie-talks-serie-livro-informacao-viva-conhecimento-aplicado-gestao-de-pessoas-nas-organizacoes\/#article","isPartOf":{"@id":"https:\/\/www.institutodeengenharia.org.br\/site\/2021\/04\/13\/ie-talks-serie-livro-informacao-viva-conhecimento-aplicado-gestao-de-pessoas-nas-organizacoes\/"},"author":{"name":"Bianca","@id":"https:\/\/www.institutodeengenharia.org.br\/site\/#\/schema\/person\/aeb64951c405e100d26d30b033dd423f"},"headline":"IE TALKS: S\u00e9rie: &#8220;Livro &#8211; Informa\u00e7\u00e3o viva, conhecimento aplicado&#8221; Gest\u00e3o de pessoas nas organiza\u00e7\u00f5es","datePublished":"2021-04-13T13:30:39+00:00","dateModified":"2021-08-31T14:05:45+00:00","mainEntityOfPage":{"@id":"https:\/\/www.institutodeengenharia.org.br\/site\/2021\/04\/13\/ie-talks-serie-livro-informacao-viva-conhecimento-aplicado-gestao-de-pessoas-nas-organizacoes\/"},"wordCount":337,"commentCount":0,"publisher":{"@id":"https:\/\/www.institutodeengenharia.org.br\/site\/#organization"},"image":{"@id":"https:\/\/www.institutodeengenharia.org.br\/site\/2021\/04\/13\/ie-talks-serie-livro-informacao-viva-conhecimento-aplicado-gestao-de-pessoas-nas-organizacoes\/#primaryimage"},"thumbnailUrl":"https:\/\/www.institutodeengenharia.org.br\/site\/wp-content\/uploads\/2021\/04\/livrogestao-1-1.webp","articleSection":["Nova TV Engenharia","Palestra"],"inLanguage":"pt-BR","potentialAction":[{"@type":"CommentAction","name":"Comment","target":["https:\/\/www.institutodeengenharia.org.br\/site\/2021\/04\/13\/ie-talks-serie-livro-informacao-viva-conhecimento-aplicado-gestao-de-pessoas-nas-organizacoes\/#respond"]}]},{"@type":"WebPage","@id":"https:\/\/www.institutodeengenharia.org.br\/site\/2021\/04\/13\/ie-talks-serie-livro-informacao-viva-conhecimento-aplicado-gestao-de-pessoas-nas-organizacoes\/","url":"https:\/\/www.institutodeengenharia.org.br\/site\/2021\/04\/13\/ie-talks-serie-livro-informacao-viva-conhecimento-aplicado-gestao-de-pessoas-nas-organizacoes\/","name":"IE TALKS: S\u00e9rie: \"Livro - Informa\u00e7\u00e3o viva, conhecimento aplicado\" Gest\u00e3o de pessoas nas organiza\u00e7\u00f5es - Instituto de Engenharia","isPartOf":{"@id":"https:\/\/www.institutodeengenharia.org.br\/site\/#website"},"primaryImageOfPage":{"@id":"https:\/\/www.institutodeengenharia.org.br\/site\/2021\/04\/13\/ie-talks-serie-livro-informacao-viva-conhecimento-aplicado-gestao-de-pessoas-nas-organizacoes\/#primaryimage"},"image":{"@id":"https:\/\/www.institutodeengenharia.org.br\/site\/2021\/04\/13\/ie-talks-serie-livro-informacao-viva-conhecimento-aplicado-gestao-de-pessoas-nas-organizacoes\/#primaryimage"},"thumbnailUrl":"https:\/\/www.institutodeengenharia.org.br\/site\/wp-content\/uploads\/2021\/04\/livrogestao-1-1.webp","datePublished":"2021-04-13T13:30:39+00:00","dateModified":"2021-08-31T14:05:45+00:00","description":"gest\u00e3o de pessoas, gest\u00e3o de pessoas nas organiza\u00e7\u00f5es, livro, informa\u00e7\u00e3o viva, conhecimento aplicado, gest\u00e3o, pessoas, organiza\u00e7\u00f5es","breadcrumb":{"@id":"https:\/\/www.institutodeengenharia.org.br\/site\/2021\/04\/13\/ie-talks-serie-livro-informacao-viva-conhecimento-aplicado-gestao-de-pessoas-nas-organizacoes\/#breadcrumb"},"inLanguage":"pt-BR","potentialAction":[{"@type":"ReadAction","target":["https:\/\/www.institutodeengenharia.org.br\/site\/2021\/04\/13\/ie-talks-serie-livro-informacao-viva-conhecimento-aplicado-gestao-de-pessoas-nas-organizacoes\/"]}]},{"@type":"ImageObject","inLanguage":"pt-BR","@id":"https:\/\/www.institutodeengenharia.org.br\/site\/2021\/04\/13\/ie-talks-serie-livro-informacao-viva-conhecimento-aplicado-gestao-de-pessoas-nas-organizacoes\/#primaryimage","url":"https:\/\/www.institutodeengenharia.org.br\/site\/wp-content\/uploads\/2021\/04\/livrogestao-1-1.webp","contentUrl":"https:\/\/www.institutodeengenharia.org.br\/site\/wp-content\/uploads\/2021\/04\/livrogestao-1-1.webp","width":354,"height":228},{"@type":"BreadcrumbList","@id":"https:\/\/www.institutodeengenharia.org.br\/site\/2021\/04\/13\/ie-talks-serie-livro-informacao-viva-conhecimento-aplicado-gestao-de-pessoas-nas-organizacoes\/#breadcrumb","itemListElement":[{"@type":"ListItem","position":1,"name":"In\u00edcio","item":"https:\/\/www.institutodeengenharia.org.br\/site\/"},{"@type":"ListItem","position":2,"name":"IE TALKS: S\u00e9rie: &#8220;Livro &#8211; Informa\u00e7\u00e3o viva, conhecimento aplicado&#8221; Gest\u00e3o de pessoas nas organiza\u00e7\u00f5es"}]},{"@type":"WebSite","@id":"https:\/\/www.institutodeengenharia.org.br\/site\/#website","url":"https:\/\/www.institutodeengenharia.org.br\/site\/","name":"Instituto de Engenharia","description":"O Instituto de Engenharia promove a Engenharia em benef\u00edcio do desenvolvimento e da qualidade de vida da sociedade.","publisher":{"@id":"https:\/\/www.institutodeengenharia.org.br\/site\/#organization"},"potentialAction":[{"@type":"SearchAction","target":{"@type":"EntryPoint","urlTemplate":"https:\/\/www.institutodeengenharia.org.br\/site\/?s={search_term_string}"},"query-input":{"@type":"PropertyValueSpecification","valueRequired":true,"valueName":"search_term_string"}}],"inLanguage":"pt-BR"},{"@type":"Organization","@id":"https:\/\/www.institutodeengenharia.org.br\/site\/#organization","name":"Instituto de Engenharia","url":"https:\/\/www.institutodeengenharia.org.br\/site\/","logo":{"@type":"ImageObject","inLanguage":"pt-BR","@id":"https:\/\/www.institutodeengenharia.org.br\/site\/#\/schema\/logo\/image\/","url":"https:\/\/www.institutodeengenharia.org.br\/site\/wp-content\/uploads\/2019\/03\/logo-novo-IE2018-1.jpg","contentUrl":"https:\/\/www.institutodeengenharia.org.br\/site\/wp-content\/uploads\/2019\/03\/logo-novo-IE2018-1.jpg","width":1486,"height":1879,"caption":"Instituto de Engenharia"},"image":{"@id":"https:\/\/www.institutodeengenharia.org.br\/site\/#\/schema\/logo\/image\/"},"sameAs":["https:\/\/www.facebook.com\/institutodeengenharia","https:\/\/x.com\/iengenharia","https:\/\/www.instagram.com\/institutodeengenharia\/","https:\/\/www.linkedin.com\/company\/instituto-de-engenharia\/","https:\/\/www.youtube.com\/channel\/UCXiCAlsSMe977vamW915HxA"]},{"@type":"Person","@id":"https:\/\/www.institutodeengenharia.org.br\/site\/#\/schema\/person\/aeb64951c405e100d26d30b033dd423f","name":"Bianca","image":{"@type":"ImageObject","inLanguage":"pt-BR","@id":"https:\/\/secure.gravatar.com\/avatar\/a6fbe9bff57405baf4c1e2c5c1811e072b558253974a9f9508f4678900c97c2a?s=96&d=mm&r=g","url":"https:\/\/secure.gravatar.com\/avatar\/a6fbe9bff57405baf4c1e2c5c1811e072b558253974a9f9508f4678900c97c2a?s=96&d=mm&r=g","contentUrl":"https:\/\/secure.gravatar.com\/avatar\/a6fbe9bff57405baf4c1e2c5c1811e072b558253974a9f9508f4678900c97c2a?s=96&d=mm&r=g","caption":"Bianca"},"url":"https:\/\/www.institutodeengenharia.org.br\/site\/author\/comunicacao1\/"}]}},"_links":{"self":[{"href":"https:\/\/www.institutodeengenharia.org.br\/site\/wp-json\/wp\/v2\/posts\/79782","targetHints":{"allow":["GET"]}}],"collection":[{"href":"https:\/\/www.institutodeengenharia.org.br\/site\/wp-json\/wp\/v2\/posts"}],"about":[{"href":"https:\/\/www.institutodeengenharia.org.br\/site\/wp-json\/wp\/v2\/types\/post"}],"author":[{"embeddable":true,"href":"https:\/\/www.institutodeengenharia.org.br\/site\/wp-json\/wp\/v2\/users\/13"}],"replies":[{"embeddable":true,"href":"https:\/\/www.institutodeengenharia.org.br\/site\/wp-json\/wp\/v2\/comments?post=79782"}],"version-history":[{"count":1,"href":"https:\/\/www.institutodeengenharia.org.br\/site\/wp-json\/wp\/v2\/posts\/79782\/revisions"}],"predecessor-version":[{"id":79784,"href":"https:\/\/www.institutodeengenharia.org.br\/site\/wp-json\/wp\/v2\/posts\/79782\/revisions\/79784"}],"wp:featuredmedia":[{"embeddable":true,"href":"https:\/\/www.institutodeengenharia.org.br\/site\/wp-json\/wp\/v2\/media\/79783"}],"wp:attachment":[{"href":"https:\/\/www.institutodeengenharia.org.br\/site\/wp-json\/wp\/v2\/media?parent=79782"}],"wp:term":[{"taxonomy":"category","embeddable":true,"href":"https:\/\/www.institutodeengenharia.org.br\/site\/wp-json\/wp\/v2\/categories?post=79782"},{"taxonomy":"post_tag","embeddable":true,"href":"https:\/\/www.institutodeengenharia.org.br\/site\/wp-json\/wp\/v2\/tags?post=79782"}],"curies":[{"name":"wp","href":"https:\/\/api.w.org\/{rel}","templated":true}]}}