{"id":79754,"date":"2021-04-16T11:59:34","date_gmt":"2021-04-16T14:59:34","guid":{"rendered":"https:\/\/www.institutodeengenharia.org.br\/site\/?p=79754"},"modified":"2026-01-16T14:41:59","modified_gmt":"2026-01-16T17:41:59","slug":"eu-inventei-meu-trabalho-atual","status":"publish","type":"post","link":"https:\/\/www.institutodeengenharia.org.br\/site\/2021\/04\/16\/eu-inventei-meu-trabalho-atual\/","title":{"rendered":"Por Luiz Fernando Portella &#8211; Eu inventei meu trabalho atual ?!"},"content":{"rendered":"<p>N\u00e3o foi intencional. Quando deixei meu emprego como editor de uma revista de jornal nacional, estava um pouco perdido, sem dire\u00e7\u00e3o. Bem como exausto e doente. Percebo agora que precisava de um treinador de vida, para me ajudar a me recuperar de anos incans\u00e1veis \u200b\u200bde trabalho muito duro, um problema de sa\u00fade desafiador e o estresse (e alegria) de me tornar um pai. Al\u00e9m de me ajudar a descobrir o que eu queria fazer a seguir.<\/p>\n<p>Mas eu era jornalista. Sempre aprendi pesquisando e fazendo. Ent\u00e3o, n\u00e3o contratei um treinador: li muitos livros, depois treinei para ser um. E, na verdade, isso me deu o que eu precisava. Novas ferramentas para lidar com o mundo, uma atualiza\u00e7\u00e3o e uma reinicializa\u00e7\u00e3o do meu sistema operacional, suporte de outros treinadores &#8211; e uma poderosa percep\u00e7\u00e3o de que adoro contar hist\u00f3rias e ouvir outras pessoas contarem as delas. De uma forma ou de outra, isso sempre estar\u00e1 no centro de tudo que eu fizer.<\/p>\n<p>Logo depois, comecei a escrever freelance para outro jornal nacional, onde tive a sorte de passar a pr\u00f3xima d\u00e9cada ou mais relatando uma ampla gama de hist\u00f3rias sobre arte, arquitetura, cinema e moda.<\/p>\n<p>Silenciosamente, tamb\u00e9m comecei o coaching de m\u00eddia.<\/p>\n<p>Principalmente, estava ajudando m\u00fasicos contratados por grandes gravadoras a se apresentarem melhor nas entrevistas. Eu n\u00e3o escrevia sobre m\u00fasica com a frequ\u00eancia que costumava fazer e era minha maneira de ficar conectado com um mundo que sempre amei. Tive uma vasta experi\u00eancia como jornalista e editor, e gostei de compartilhar isso com jovens artistas se preparando para falar com a imprensa pela primeira vez, ou estrelas mais experientes se preparando para ir a um talk show na TV ou fazendo uma mudan\u00e7a de dire\u00e7\u00e3o.<\/p>\n<p>Mas eu rapidamente percebi que a maioria precisava de algo um pouco mais profundo do que apenas melhorar suas habilidades de entrevista. Voc\u00ea s\u00f3 pode contar sua hist\u00f3ria bem se souber qual \u00e9 a sua hist\u00f3ria e a dire\u00e7\u00e3o que deseja que ela tome.<\/p>\n<p>As sess\u00f5es come\u00e7aram a ser mais sobre como usar meu treinamento de coach para descobrir o que eles realmente queriam. E dando-lhes ferramentas para lidar com quest\u00f5es de confian\u00e7a, para descobrir medos e cren\u00e7as subconscientes, bem como colocar limites claros no lugar e aprender a dizer n\u00e3o com firmeza, mas tamb\u00e9m graciosamente.<\/p>\n<p>Lentamente, tamb\u00e9m percebi que muitos dos desafios que os m\u00fasicos enfrentavam eram tamb\u00e9m compartilhados por atores, artistas, autores, designers, diretores, fot\u00f3grafos, produtores e escritores. Ent\u00e3o comecei a me chamar de treinador de criatividade e a trabalhar com todos os tipos de criativos.<\/p>\n<p>Eventualmente, encontrei minha tribo.<\/p>\n<p>Online, me deparei com um punhado de outras pessoas que estavam trabalhando na mesma \u00e1rea e percebi que a fun\u00e7\u00e3o que eu tinha ca\u00eddo por acaso estava se transformando em uma carreira real, talvez at\u00e9 mesmo um pequeno movimento global.<\/p>\n<p>Este trabalho que eu acidentalmente inventei para mim se encaixa perfeitamente em mim. Ele usa todas as habilidades que desenvolvi ao longo da minha vida, todo o conhecimento que ganhei como jornalista, relatando cen\u00e1rios de filmes, ensaios de teatro, nos bastidores de shows de arte ou de moda e trabalhando com fot\u00f3grafos, designers, estilistas brilhantes e diretores de arte.<\/p>\n<p>Todos os dias, tenho conversas interessantes com pessoas interessantes e criativas. E ainda tenho tempo para escrever.<\/p>\n<p>Estou falando sobre isso aqui porque acho que todos n\u00f3s precisaremos nos reinventar continuamente em nossas vidas profissionais. Os setores est\u00e3o sendo interrompidos, as habilidades que antes eram valorizadas est\u00e3o se tornando obsoletas e estamos nos movendo em dire\u00e7\u00e3o a um futuro onde a flexibilidade ser\u00e1 fundamental, e as carreiras de portf\u00f3lio e m\u00faltiplos fluxos de renda se tornar\u00e3o o novo normal.<\/p>\n<p>Isso \u00e9 assustador e emocionante.<\/p>\n<p>A seguran\u00e7a no emprego est\u00e1 desaparecendo, uma tend\u00eancia que s\u00f3 foi acelerada pela atual pandemia. Mas nunca houve um momento melhor para criar um estilo de vida e uma carreira que seja \u00fanica e autenticamente sua.<\/p>\n<p>Recentemente entrevistei a \u2018poetisa de emerg\u00eancia\u2019 Deborah Alma. Ela tamb\u00e9m inventou seu trabalho, viajando pelo Reino Unido em uma velha ambul\u00e2ncia oferecendo poemas de cura para pessoas necessitadas. Em seguida, reunindo todas as suas habilidades e experi\u00eancias de vida em uma loja m\u00e1gica em Shropshire, The Poetry Pharmacy. Ela admite alegremente que nada disso deve funcionar: ganhar a vida como poeta; abrir uma loja em uma rua comercial de uma pequena cidade, quanto mais uma especializada em poesia. No entanto, com energia, humor, paix\u00e3o e desenvoltura, isso \u00e9 exatamente o que ela fez.<\/p>\n<p>Nunca foi t\u00e3o f\u00e1cil publicar seus pr\u00f3prios livros. Escreva sobre o que voc\u00ea est\u00e1 interessado e encontre um p\u00fablico para isso. Libere sua pr\u00f3pria m\u00fasica. Fa\u00e7a seus pr\u00f3prios v\u00eddeos, at\u00e9 mesmo um filme. Trabalhe em uma \u00e1rea de nicho e encontre sua tribo online.<\/p>\n<p>Ent\u00e3o, o que voc\u00ea vai fazer com isso? Continue. Invente um trabalho para voc\u00ea.<\/p>\n<p>Fonte: <em>Sheryl Garratt is a writer and a coach helping creatives to get the success they want, making work they love. Want my free 10-day course,\u00a0<strong>Freelance Foundations: the secrets of successful creatives<\/strong>?<\/em><\/p>\n<p><img loading=\"lazy\" decoding=\"async\" class=\" wp-image-135592 aligncenter\" src=\"https:\/\/www.institutodeengenharia.org.br\/site\/wp-content\/uploads\/2023\/12\/Entre-em-contato-com-nossa-Central-de-Mentoria-acessando-o-QRCode-acima-E-receba-um-atendimento-gratis-1024x1024.jpg\" alt=\"\" width=\"262\" height=\"262\" srcset=\"https:\/\/www.institutodeengenharia.org.br\/site\/wp-content\/uploads\/2023\/12\/Entre-em-contato-com-nossa-Central-de-Mentoria-acessando-o-QRCode-acima-E-receba-um-atendimento-gratis-1024x1024.jpg 1024w, https:\/\/www.institutodeengenharia.org.br\/site\/wp-content\/uploads\/2023\/12\/Entre-em-contato-com-nossa-Central-de-Mentoria-acessando-o-QRCode-acima-E-receba-um-atendimento-gratis-300x300.jpg 300w, https:\/\/www.institutodeengenharia.org.br\/site\/wp-content\/uploads\/2023\/12\/Entre-em-contato-com-nossa-Central-de-Mentoria-acessando-o-QRCode-acima-E-receba-um-atendimento-gratis-150x150.jpg 150w, https:\/\/www.institutodeengenharia.org.br\/site\/wp-content\/uploads\/2023\/12\/Entre-em-contato-com-nossa-Central-de-Mentoria-acessando-o-QRCode-acima-E-receba-um-atendimento-gratis-768x768.jpg 768w, https:\/\/www.institutodeengenharia.org.br\/site\/wp-content\/uploads\/2023\/12\/Entre-em-contato-com-nossa-Central-de-Mentoria-acessando-o-QRCode-acima-E-receba-um-atendimento-gratis-420x420.jpg 420w, https:\/\/www.institutodeengenharia.org.br\/site\/wp-content\/uploads\/2023\/12\/Entre-em-contato-com-nossa-Central-de-Mentoria-acessando-o-QRCode-acima-E-receba-um-atendimento-gratis-696x696.jpg 696w, https:\/\/www.institutodeengenharia.org.br\/site\/wp-content\/uploads\/2023\/12\/Entre-em-contato-com-nossa-Central-de-Mentoria-acessando-o-QRCode-acima-E-receba-um-atendimento-gratis-1068x1068.jpg 1068w, https:\/\/www.institutodeengenharia.org.br\/site\/wp-content\/uploads\/2023\/12\/Entre-em-contato-com-nossa-Central-de-Mentoria-acessando-o-QRCode-acima-E-receba-um-atendimento-gratis-600x600.jpg 600w, https:\/\/www.institutodeengenharia.org.br\/site\/wp-content\/uploads\/2023\/12\/Entre-em-contato-com-nossa-Central-de-Mentoria-acessando-o-QRCode-acima-E-receba-um-atendimento-gratis-100x100.jpg 100w, https:\/\/www.institutodeengenharia.org.br\/site\/wp-content\/uploads\/2023\/12\/Entre-em-contato-com-nossa-Central-de-Mentoria-acessando-o-QRCode-acima-E-receba-um-atendimento-gratis.jpg 1080w\" sizes=\"auto, (max-width: 262px) 100vw, 262px\" \/><\/p>\n<p>________________________________________________________________________<\/p>\n<p><img loading=\"lazy\" decoding=\"async\" class=\"td-animation-stack-type0-2\" src=\"https:\/\/www.institutodeengenharia.org.br\/site\/wp-content\/uploads\/2018\/06\/Foto-Portella-1.jpg\" width=\"144\" height=\"207\" \/><\/p>\n<p><strong>Luiz Fernando Portella*<\/strong>\u00a0\u00e9 CCO da Calypso Networks Association, CEO da NBO Participa\u00e7\u00f5es e Servi\u00e7os e conselheiro do Instituto de Engenharia, onde tamb\u00e9m respons\u00e1vel pelo projeto<em>\u00a0Mentoria a servi\u00e7o da Engenharia.<\/em><\/p>\n<p>*<em>Os artigos publicados com assinatura, n\u00e3o traduzem necessariamente a opini\u00e3o do Instituto de Engenharia. Sua publica\u00e7\u00e3o obedece ao prop\u00f3sito de estimular o debate dos problemas brasileiros e de refletir as diversas tend\u00eancias do pensamento contempor\u00e2neo.<\/em><\/p>\n","protected":false},"excerpt":{"rendered":"<p>N\u00e3o foi intencional. Quando deixei meu emprego como editor de uma revista de jornal nacional, estava um pouco perdido, sem dire\u00e7\u00e3o. Bem como exausto e doente. Percebo agora que precisava de um treinador de vida, para me ajudar a me recuperar de anos incans\u00e1veis \u200b\u200bde trabalho muito duro, um problema de sa\u00fade desafiador e o [&hellip;]<\/p>\n","protected":false},"author":13,"featured_media":79755,"comment_status":"open","ping_status":"open","sticky":false,"template":"","format":"standard","meta":{"footnotes":""},"categories":[11,1083],"tags":[],"class_list":{"0":"post-79754","1":"post","2":"type-post","3":"status-publish","4":"format-standard","5":"has-post-thumbnail","7":"category-articulistas","8":"category-luiz-fernando-portella"},"yoast_head":"<!-- This site is optimized with the Yoast SEO plugin v27.2 - https:\/\/yoast.com\/product\/yoast-seo-wordpress\/ -->\n<title>Por Luiz Fernando Portella - Eu inventei meu trabalho atual ?! - Instituto de Engenharia<\/title>\n<meta name=\"robots\" content=\"index, follow, max-snippet:-1, max-image-preview:large, max-video-preview:-1\" \/>\n<link rel=\"canonical\" href=\"https:\/\/www.institutodeengenharia.org.br\/site\/2021\/04\/16\/eu-inventei-meu-trabalho-atual\/\" \/>\n<meta property=\"og:locale\" content=\"pt_BR\" \/>\n<meta property=\"og:type\" content=\"article\" \/>\n<meta property=\"og:title\" content=\"Eu inventei meu trabalho atual ?!\" \/>\n<meta property=\"og:description\" content=\"Artigo escrito por Luiz Fernando Portella\" \/>\n<meta property=\"og:url\" content=\"https:\/\/www.institutodeengenharia.org.br\/site\/2021\/04\/16\/eu-inventei-meu-trabalho-atual\/\" \/>\n<meta property=\"og:site_name\" content=\"Instituto de Engenharia\" \/>\n<meta property=\"article:publisher\" content=\"https:\/\/www.facebook.com\/institutodeengenharia\" \/>\n<meta property=\"article:published_time\" content=\"2021-04-16T14:59:34+00:00\" \/>\n<meta property=\"article:modified_time\" content=\"2026-01-16T17:41:59+00:00\" \/>\n<meta property=\"og:image\" content=\"https:\/\/www.institutodeengenharia.org.br\/site\/wp-content\/uploads\/2021\/04\/man-593333_1920-1.jpg\" \/>\n\t<meta property=\"og:image:width\" content=\"1920\" \/>\n\t<meta property=\"og:image:height\" content=\"1135\" \/>\n\t<meta property=\"og:image:type\" content=\"image\/jpeg\" \/>\n<meta name=\"author\" content=\"Bianca\" \/>\n<meta name=\"twitter:card\" content=\"summary_large_image\" \/>\n<meta name=\"twitter:title\" content=\"Eu inventei meu trabalho atual ?!\" \/>\n<meta name=\"twitter:description\" content=\"Artigo escrito por Luiz Fernando Portella\" \/>\n<meta name=\"twitter:image\" content=\"https:\/\/www.institutodeengenharia.org.br\/site\/wp-content\/uploads\/2021\/04\/man-593333_1920.jpg\" \/>\n<meta name=\"twitter:creator\" content=\"@iengenharia\" \/>\n<meta name=\"twitter:site\" content=\"@iengenharia\" \/>\n<meta name=\"twitter:label1\" content=\"Escrito por\" \/>\n\t<meta name=\"twitter:data1\" content=\"Bianca\" \/>\n\t<meta name=\"twitter:label2\" content=\"Est. tempo de leitura\" \/>\n\t<meta name=\"twitter:data2\" content=\"6 minutos\" \/>\n<script type=\"application\/ld+json\" class=\"yoast-schema-graph\">{\"@context\":\"https:\/\/schema.org\",\"@graph\":[{\"@type\":\"Article\",\"@id\":\"https:\/\/www.institutodeengenharia.org.br\/site\/2021\/04\/16\/eu-inventei-meu-trabalho-atual\/#article\",\"isPartOf\":{\"@id\":\"https:\/\/www.institutodeengenharia.org.br\/site\/2021\/04\/16\/eu-inventei-meu-trabalho-atual\/\"},\"author\":{\"name\":\"Bianca\",\"@id\":\"https:\/\/www.institutodeengenharia.org.br\/site\/#\/schema\/person\/aeb64951c405e100d26d30b033dd423f\"},\"headline\":\"Por Luiz Fernando Portella &#8211; Eu inventei meu trabalho atual ?!\",\"datePublished\":\"2021-04-16T14:59:34+00:00\",\"dateModified\":\"2026-01-16T17:41:59+00:00\",\"mainEntityOfPage\":{\"@id\":\"https:\/\/www.institutodeengenharia.org.br\/site\/2021\/04\/16\/eu-inventei-meu-trabalho-atual\/\"},\"wordCount\":980,\"commentCount\":0,\"publisher\":{\"@id\":\"https:\/\/www.institutodeengenharia.org.br\/site\/#organization\"},\"image\":{\"@id\":\"https:\/\/www.institutodeengenharia.org.br\/site\/2021\/04\/16\/eu-inventei-meu-trabalho-atual\/#primaryimage\"},\"thumbnailUrl\":\"https:\/\/www.institutodeengenharia.org.br\/site\/wp-content\/uploads\/2021\/04\/man-593333_1920.webp\",\"articleSection\":[\"Articulistas\",\"Luiz Fernando Portella\"],\"inLanguage\":\"pt-BR\",\"potentialAction\":[{\"@type\":\"CommentAction\",\"name\":\"Comment\",\"target\":[\"https:\/\/www.institutodeengenharia.org.br\/site\/2021\/04\/16\/eu-inventei-meu-trabalho-atual\/#respond\"]}]},{\"@type\":\"WebPage\",\"@id\":\"https:\/\/www.institutodeengenharia.org.br\/site\/2021\/04\/16\/eu-inventei-meu-trabalho-atual\/\",\"url\":\"https:\/\/www.institutodeengenharia.org.br\/site\/2021\/04\/16\/eu-inventei-meu-trabalho-atual\/\",\"name\":\"Por Luiz Fernando Portella - Eu inventei meu trabalho atual ?! - Instituto de Engenharia\",\"isPartOf\":{\"@id\":\"https:\/\/www.institutodeengenharia.org.br\/site\/#website\"},\"primaryImageOfPage\":{\"@id\":\"https:\/\/www.institutodeengenharia.org.br\/site\/2021\/04\/16\/eu-inventei-meu-trabalho-atual\/#primaryimage\"},\"image\":{\"@id\":\"https:\/\/www.institutodeengenharia.org.br\/site\/2021\/04\/16\/eu-inventei-meu-trabalho-atual\/#primaryimage\"},\"thumbnailUrl\":\"https:\/\/www.institutodeengenharia.org.br\/site\/wp-content\/uploads\/2021\/04\/man-593333_1920.webp\",\"datePublished\":\"2021-04-16T14:59:34+00:00\",\"dateModified\":\"2026-01-16T17:41:59+00:00\",\"breadcrumb\":{\"@id\":\"https:\/\/www.institutodeengenharia.org.br\/site\/2021\/04\/16\/eu-inventei-meu-trabalho-atual\/#breadcrumb\"},\"inLanguage\":\"pt-BR\",\"potentialAction\":[{\"@type\":\"ReadAction\",\"target\":[\"https:\/\/www.institutodeengenharia.org.br\/site\/2021\/04\/16\/eu-inventei-meu-trabalho-atual\/\"]}]},{\"@type\":\"ImageObject\",\"inLanguage\":\"pt-BR\",\"@id\":\"https:\/\/www.institutodeengenharia.org.br\/site\/2021\/04\/16\/eu-inventei-meu-trabalho-atual\/#primaryimage\",\"url\":\"https:\/\/www.institutodeengenharia.org.br\/site\/wp-content\/uploads\/2021\/04\/man-593333_1920.webp\",\"contentUrl\":\"https:\/\/www.institutodeengenharia.org.br\/site\/wp-content\/uploads\/2021\/04\/man-593333_1920.webp\",\"width\":1000,\"height\":591},{\"@type\":\"BreadcrumbList\",\"@id\":\"https:\/\/www.institutodeengenharia.org.br\/site\/2021\/04\/16\/eu-inventei-meu-trabalho-atual\/#breadcrumb\",\"itemListElement\":[{\"@type\":\"ListItem\",\"position\":1,\"name\":\"In\u00edcio\",\"item\":\"https:\/\/www.institutodeengenharia.org.br\/site\/\"},{\"@type\":\"ListItem\",\"position\":2,\"name\":\"Por Luiz Fernando Portella &#8211; Eu inventei meu trabalho atual ?!\"}]},{\"@type\":\"WebSite\",\"@id\":\"https:\/\/www.institutodeengenharia.org.br\/site\/#website\",\"url\":\"https:\/\/www.institutodeengenharia.org.br\/site\/\",\"name\":\"Instituto de Engenharia\",\"description\":\"O Instituto de Engenharia promove a Engenharia em benef\u00edcio do desenvolvimento e da qualidade de vida da sociedade.\",\"publisher\":{\"@id\":\"https:\/\/www.institutodeengenharia.org.br\/site\/#organization\"},\"potentialAction\":[{\"@type\":\"SearchAction\",\"target\":{\"@type\":\"EntryPoint\",\"urlTemplate\":\"https:\/\/www.institutodeengenharia.org.br\/site\/?s={search_term_string}\"},\"query-input\":{\"@type\":\"PropertyValueSpecification\",\"valueRequired\":true,\"valueName\":\"search_term_string\"}}],\"inLanguage\":\"pt-BR\"},{\"@type\":\"Organization\",\"@id\":\"https:\/\/www.institutodeengenharia.org.br\/site\/#organization\",\"name\":\"Instituto de Engenharia\",\"url\":\"https:\/\/www.institutodeengenharia.org.br\/site\/\",\"logo\":{\"@type\":\"ImageObject\",\"inLanguage\":\"pt-BR\",\"@id\":\"https:\/\/www.institutodeengenharia.org.br\/site\/#\/schema\/logo\/image\/\",\"url\":\"https:\/\/www.institutodeengenharia.org.br\/site\/wp-content\/uploads\/2019\/03\/logo-novo-IE2018-1.jpg\",\"contentUrl\":\"https:\/\/www.institutodeengenharia.org.br\/site\/wp-content\/uploads\/2019\/03\/logo-novo-IE2018-1.jpg\",\"width\":1486,\"height\":1879,\"caption\":\"Instituto de Engenharia\"},\"image\":{\"@id\":\"https:\/\/www.institutodeengenharia.org.br\/site\/#\/schema\/logo\/image\/\"},\"sameAs\":[\"https:\/\/www.facebook.com\/institutodeengenharia\",\"https:\/\/x.com\/iengenharia\",\"https:\/\/www.instagram.com\/institutodeengenharia\/\",\"https:\/\/www.linkedin.com\/company\/instituto-de-engenharia\/\",\"https:\/\/www.youtube.com\/channel\/UCXiCAlsSMe977vamW915HxA\"]},{\"@type\":\"Person\",\"@id\":\"https:\/\/www.institutodeengenharia.org.br\/site\/#\/schema\/person\/aeb64951c405e100d26d30b033dd423f\",\"name\":\"Bianca\",\"image\":{\"@type\":\"ImageObject\",\"inLanguage\":\"pt-BR\",\"@id\":\"https:\/\/secure.gravatar.com\/avatar\/a6fbe9bff57405baf4c1e2c5c1811e072b558253974a9f9508f4678900c97c2a?s=96&d=mm&r=g\",\"url\":\"https:\/\/secure.gravatar.com\/avatar\/a6fbe9bff57405baf4c1e2c5c1811e072b558253974a9f9508f4678900c97c2a?s=96&d=mm&r=g\",\"contentUrl\":\"https:\/\/secure.gravatar.com\/avatar\/a6fbe9bff57405baf4c1e2c5c1811e072b558253974a9f9508f4678900c97c2a?s=96&d=mm&r=g\",\"caption\":\"Bianca\"},\"url\":\"https:\/\/www.institutodeengenharia.org.br\/site\/author\/comunicacao1\/\"}]}<\/script>\n<!-- \/ Yoast SEO plugin. -->","yoast_head_json":{"title":"Por Luiz Fernando Portella - Eu inventei meu trabalho atual ?! - Instituto de Engenharia","robots":{"index":"index","follow":"follow","max-snippet":"max-snippet:-1","max-image-preview":"max-image-preview:large","max-video-preview":"max-video-preview:-1"},"canonical":"https:\/\/www.institutodeengenharia.org.br\/site\/2021\/04\/16\/eu-inventei-meu-trabalho-atual\/","og_locale":"pt_BR","og_type":"article","og_title":"Eu inventei meu trabalho atual ?!","og_description":"Artigo escrito por Luiz Fernando Portella","og_url":"https:\/\/www.institutodeengenharia.org.br\/site\/2021\/04\/16\/eu-inventei-meu-trabalho-atual\/","og_site_name":"Instituto de Engenharia","article_publisher":"https:\/\/www.facebook.com\/institutodeengenharia","article_published_time":"2021-04-16T14:59:34+00:00","article_modified_time":"2026-01-16T17:41:59+00:00","og_image":[{"width":1920,"height":1135,"url":"https:\/\/www.institutodeengenharia.org.br\/site\/wp-content\/uploads\/2021\/04\/man-593333_1920-1.jpg","type":"image\/jpeg"}],"author":"Bianca","twitter_card":"summary_large_image","twitter_title":"Eu inventei meu trabalho atual ?!","twitter_description":"Artigo escrito por Luiz Fernando Portella","twitter_image":"https:\/\/www.institutodeengenharia.org.br\/site\/wp-content\/uploads\/2021\/04\/man-593333_1920.jpg","twitter_creator":"@iengenharia","twitter_site":"@iengenharia","twitter_misc":{"Escrito por":"Bianca","Est. tempo de leitura":"6 minutos"},"schema":{"@context":"https:\/\/schema.org","@graph":[{"@type":"Article","@id":"https:\/\/www.institutodeengenharia.org.br\/site\/2021\/04\/16\/eu-inventei-meu-trabalho-atual\/#article","isPartOf":{"@id":"https:\/\/www.institutodeengenharia.org.br\/site\/2021\/04\/16\/eu-inventei-meu-trabalho-atual\/"},"author":{"name":"Bianca","@id":"https:\/\/www.institutodeengenharia.org.br\/site\/#\/schema\/person\/aeb64951c405e100d26d30b033dd423f"},"headline":"Por Luiz Fernando Portella &#8211; Eu inventei meu trabalho atual ?!","datePublished":"2021-04-16T14:59:34+00:00","dateModified":"2026-01-16T17:41:59+00:00","mainEntityOfPage":{"@id":"https:\/\/www.institutodeengenharia.org.br\/site\/2021\/04\/16\/eu-inventei-meu-trabalho-atual\/"},"wordCount":980,"commentCount":0,"publisher":{"@id":"https:\/\/www.institutodeengenharia.org.br\/site\/#organization"},"image":{"@id":"https:\/\/www.institutodeengenharia.org.br\/site\/2021\/04\/16\/eu-inventei-meu-trabalho-atual\/#primaryimage"},"thumbnailUrl":"https:\/\/www.institutodeengenharia.org.br\/site\/wp-content\/uploads\/2021\/04\/man-593333_1920.webp","articleSection":["Articulistas","Luiz Fernando Portella"],"inLanguage":"pt-BR","potentialAction":[{"@type":"CommentAction","name":"Comment","target":["https:\/\/www.institutodeengenharia.org.br\/site\/2021\/04\/16\/eu-inventei-meu-trabalho-atual\/#respond"]}]},{"@type":"WebPage","@id":"https:\/\/www.institutodeengenharia.org.br\/site\/2021\/04\/16\/eu-inventei-meu-trabalho-atual\/","url":"https:\/\/www.institutodeengenharia.org.br\/site\/2021\/04\/16\/eu-inventei-meu-trabalho-atual\/","name":"Por Luiz Fernando Portella - Eu inventei meu trabalho atual ?! - Instituto de Engenharia","isPartOf":{"@id":"https:\/\/www.institutodeengenharia.org.br\/site\/#website"},"primaryImageOfPage":{"@id":"https:\/\/www.institutodeengenharia.org.br\/site\/2021\/04\/16\/eu-inventei-meu-trabalho-atual\/#primaryimage"},"image":{"@id":"https:\/\/www.institutodeengenharia.org.br\/site\/2021\/04\/16\/eu-inventei-meu-trabalho-atual\/#primaryimage"},"thumbnailUrl":"https:\/\/www.institutodeengenharia.org.br\/site\/wp-content\/uploads\/2021\/04\/man-593333_1920.webp","datePublished":"2021-04-16T14:59:34+00:00","dateModified":"2026-01-16T17:41:59+00:00","breadcrumb":{"@id":"https:\/\/www.institutodeengenharia.org.br\/site\/2021\/04\/16\/eu-inventei-meu-trabalho-atual\/#breadcrumb"},"inLanguage":"pt-BR","potentialAction":[{"@type":"ReadAction","target":["https:\/\/www.institutodeengenharia.org.br\/site\/2021\/04\/16\/eu-inventei-meu-trabalho-atual\/"]}]},{"@type":"ImageObject","inLanguage":"pt-BR","@id":"https:\/\/www.institutodeengenharia.org.br\/site\/2021\/04\/16\/eu-inventei-meu-trabalho-atual\/#primaryimage","url":"https:\/\/www.institutodeengenharia.org.br\/site\/wp-content\/uploads\/2021\/04\/man-593333_1920.webp","contentUrl":"https:\/\/www.institutodeengenharia.org.br\/site\/wp-content\/uploads\/2021\/04\/man-593333_1920.webp","width":1000,"height":591},{"@type":"BreadcrumbList","@id":"https:\/\/www.institutodeengenharia.org.br\/site\/2021\/04\/16\/eu-inventei-meu-trabalho-atual\/#breadcrumb","itemListElement":[{"@type":"ListItem","position":1,"name":"In\u00edcio","item":"https:\/\/www.institutodeengenharia.org.br\/site\/"},{"@type":"ListItem","position":2,"name":"Por Luiz Fernando Portella &#8211; Eu inventei meu trabalho atual ?!"}]},{"@type":"WebSite","@id":"https:\/\/www.institutodeengenharia.org.br\/site\/#website","url":"https:\/\/www.institutodeengenharia.org.br\/site\/","name":"Instituto de Engenharia","description":"O Instituto de Engenharia promove a Engenharia em benef\u00edcio do desenvolvimento e da qualidade de vida da sociedade.","publisher":{"@id":"https:\/\/www.institutodeengenharia.org.br\/site\/#organization"},"potentialAction":[{"@type":"SearchAction","target":{"@type":"EntryPoint","urlTemplate":"https:\/\/www.institutodeengenharia.org.br\/site\/?s={search_term_string}"},"query-input":{"@type":"PropertyValueSpecification","valueRequired":true,"valueName":"search_term_string"}}],"inLanguage":"pt-BR"},{"@type":"Organization","@id":"https:\/\/www.institutodeengenharia.org.br\/site\/#organization","name":"Instituto de Engenharia","url":"https:\/\/www.institutodeengenharia.org.br\/site\/","logo":{"@type":"ImageObject","inLanguage":"pt-BR","@id":"https:\/\/www.institutodeengenharia.org.br\/site\/#\/schema\/logo\/image\/","url":"https:\/\/www.institutodeengenharia.org.br\/site\/wp-content\/uploads\/2019\/03\/logo-novo-IE2018-1.jpg","contentUrl":"https:\/\/www.institutodeengenharia.org.br\/site\/wp-content\/uploads\/2019\/03\/logo-novo-IE2018-1.jpg","width":1486,"height":1879,"caption":"Instituto de Engenharia"},"image":{"@id":"https:\/\/www.institutodeengenharia.org.br\/site\/#\/schema\/logo\/image\/"},"sameAs":["https:\/\/www.facebook.com\/institutodeengenharia","https:\/\/x.com\/iengenharia","https:\/\/www.instagram.com\/institutodeengenharia\/","https:\/\/www.linkedin.com\/company\/instituto-de-engenharia\/","https:\/\/www.youtube.com\/channel\/UCXiCAlsSMe977vamW915HxA"]},{"@type":"Person","@id":"https:\/\/www.institutodeengenharia.org.br\/site\/#\/schema\/person\/aeb64951c405e100d26d30b033dd423f","name":"Bianca","image":{"@type":"ImageObject","inLanguage":"pt-BR","@id":"https:\/\/secure.gravatar.com\/avatar\/a6fbe9bff57405baf4c1e2c5c1811e072b558253974a9f9508f4678900c97c2a?s=96&d=mm&r=g","url":"https:\/\/secure.gravatar.com\/avatar\/a6fbe9bff57405baf4c1e2c5c1811e072b558253974a9f9508f4678900c97c2a?s=96&d=mm&r=g","contentUrl":"https:\/\/secure.gravatar.com\/avatar\/a6fbe9bff57405baf4c1e2c5c1811e072b558253974a9f9508f4678900c97c2a?s=96&d=mm&r=g","caption":"Bianca"},"url":"https:\/\/www.institutodeengenharia.org.br\/site\/author\/comunicacao1\/"}]}},"_links":{"self":[{"href":"https:\/\/www.institutodeengenharia.org.br\/site\/wp-json\/wp\/v2\/posts\/79754","targetHints":{"allow":["GET"]}}],"collection":[{"href":"https:\/\/www.institutodeengenharia.org.br\/site\/wp-json\/wp\/v2\/posts"}],"about":[{"href":"https:\/\/www.institutodeengenharia.org.br\/site\/wp-json\/wp\/v2\/types\/post"}],"author":[{"embeddable":true,"href":"https:\/\/www.institutodeengenharia.org.br\/site\/wp-json\/wp\/v2\/users\/13"}],"replies":[{"embeddable":true,"href":"https:\/\/www.institutodeengenharia.org.br\/site\/wp-json\/wp\/v2\/comments?post=79754"}],"version-history":[{"count":3,"href":"https:\/\/www.institutodeengenharia.org.br\/site\/wp-json\/wp\/v2\/posts\/79754\/revisions"}],"predecessor-version":[{"id":135606,"href":"https:\/\/www.institutodeengenharia.org.br\/site\/wp-json\/wp\/v2\/posts\/79754\/revisions\/135606"}],"wp:featuredmedia":[{"embeddable":true,"href":"https:\/\/www.institutodeengenharia.org.br\/site\/wp-json\/wp\/v2\/media\/79755"}],"wp:attachment":[{"href":"https:\/\/www.institutodeengenharia.org.br\/site\/wp-json\/wp\/v2\/media?parent=79754"}],"wp:term":[{"taxonomy":"category","embeddable":true,"href":"https:\/\/www.institutodeengenharia.org.br\/site\/wp-json\/wp\/v2\/categories?post=79754"},{"taxonomy":"post_tag","embeddable":true,"href":"https:\/\/www.institutodeengenharia.org.br\/site\/wp-json\/wp\/v2\/tags?post=79754"}],"curies":[{"name":"wp","href":"https:\/\/api.w.org\/{rel}","templated":true}]}}