{"id":79465,"date":"2021-03-23T17:00:38","date_gmt":"2021-03-23T20:00:38","guid":{"rendered":"https:\/\/www.institutodeengenharia.org.br\/site\/?p=79465"},"modified":"2021-08-31T11:27:03","modified_gmt":"2021-08-31T14:27:03","slug":"ie-talks-panorama-de-rupturas-geotecnicas-e-gestao-de-risco","status":"publish","type":"post","link":"https:\/\/www.institutodeengenharia.org.br\/site\/2021\/03\/23\/ie-talks-panorama-de-rupturas-geotecnicas-e-gestao-de-risco\/","title":{"rendered":"IE TALKS: Panorama de Rupturas Geot\u00e9cnicas e Gest\u00e3o de Risco"},"content":{"rendered":"<p>&nbsp;<\/p>\n<p><strong>Assista abaixo \u00e0 grava\u00e7\u00e3o do evento:<\/strong><\/p>\n<p><iframe loading=\"lazy\" src=\"https:\/\/player.vimeo.com\/video\/529722752\" width=\"640\" height=\"360\" frameborder=\"0\" allowfullscreen=\"allowfullscreen\"><\/iframe><\/p>\n<p>&nbsp;<\/p>\n<p><strong>+ Informa\u00e7\u00f5es:<\/strong><\/p>\n<p>Apresenta\u00e7\u00e3o do livro pelo autor.<\/p>\n<p>A palestra do livro Panorama de Rupturas Geot\u00e9cnicas e Gest\u00e3o de Risco faz parte da S\u00e9rie Biblioteca \u2013 Informa\u00e7\u00e3o viva, conhecimento aplicado, uma realiza\u00e7\u00e3o do Instituto de Engenharia.<\/p>\n<p><strong>Livro:<\/strong><\/p>\n<p><img loading=\"lazy\" decoding=\"async\" class=\"alignnone size-medium wp-image-78651 td-animation-stack-type0-2\" src=\"https:\/\/www.institutodeengenharia.org.br\/site\/wp-content\/uploads\/2021\/03\/76e9cb8eced99c7a19a63257c6f52127-233x300.jpg\" alt=\"\" width=\"233\" height=\"300\" srcset=\"https:\/\/www.institutodeengenharia.org.br\/site\/wp-content\/uploads\/2021\/03\/76e9cb8eced99c7a19a63257c6f52127-233x300.jpg 233w, https:\/\/www.institutodeengenharia.org.br\/site\/wp-content\/uploads\/2021\/03\/76e9cb8eced99c7a19a63257c6f52127-326x420.jpg 326w, https:\/\/www.institutodeengenharia.org.br\/site\/wp-content\/uploads\/2021\/03\/76e9cb8eced99c7a19a63257c6f52127.jpg 335w\" sizes=\"auto, (max-width: 233px) 100vw, 233px\" \/><\/p>\n<p><strong><em>ATEN\u00c7\u00c3O: Ter\u00e1 sorteio de um exemplar do livro.<\/em><\/strong><\/p>\n<p><strong>P\u00fablico-alvo:<\/strong><\/p>\n<p>Engenheiros, arquitetos, t\u00e9cnicos, estudantes e demais interessados.<\/p>\n<p><strong>Palestrante:<\/strong><\/p>\n<p><img loading=\"lazy\" decoding=\"async\" class=\"alignnone wp-image-78647 td-animation-stack-type0-2\" src=\"https:\/\/www.institutodeengenharia.org.br\/site\/wp-content\/uploads\/2021\/03\/Sem-tituloeref-298x300.png\" alt=\"\" width=\"167\" height=\"168\" srcset=\"https:\/\/www.institutodeengenharia.org.br\/site\/wp-content\/uploads\/2021\/03\/Sem-tituloeref-298x300.png 298w, https:\/\/www.institutodeengenharia.org.br\/site\/wp-content\/uploads\/2021\/03\/Sem-tituloeref-150x150.png 150w, https:\/\/www.institutodeengenharia.org.br\/site\/wp-content\/uploads\/2021\/03\/Sem-tituloeref-300x300.png 300w, https:\/\/www.institutodeengenharia.org.br\/site\/wp-content\/uploads\/2021\/03\/Sem-tituloeref-100x100.png 100w, https:\/\/www.institutodeengenharia.org.br\/site\/wp-content\/uploads\/2021\/03\/Sem-tituloeref.png 367w\" sizes=\"auto, (max-width: 167px) 100vw, 167px\" \/><\/p>\n<p><strong>Rafaela Baldi Fernandes<\/strong><\/p>\n<p>Diretora de Meio Ambiente no Instituto Brasil e Coordenadora de Cursos de P\u00f3s Gradua\u00e7\u00e3o em Geotecnia<\/p>\n<p>Doutorado em Geotecnia pela UERJ (2020). Mestrado em Geotecnia pela Universidade Federal de Ouro Preto (2017). Gradua\u00e7\u00e3o em Engenharia Civil pela Universidade Federal de Minas Gerais (2008). Membro da Associa\u00e7\u00e3o Brasileira de Mec\u00e2nica dos Solos, desde 2006. Membro da International Geosynthetics Society (IGS) desde 2014. Membro do Comit\u00ea Brasileiro de Barragens, desde 2017, sendo Membro do Conselho Fiscal (2020-atual). Membro da International Association for Geoethics (IAPG) desde 2017. Professora Universit\u00e1ria, Diretora de Meio Ambiente no Instituto Brasil e Coordenadora de Cursos de P\u00f3s Gradua\u00e7\u00e3o em Geotecnia. Empres\u00e1ria, consultora e engenheira geot\u00e9cnica em diversos projetos, constru\u00e7\u00e3o e opera\u00e7\u00e3o de barragens, com vasta experi\u00eancia na elabora\u00e7\u00e3o de PAE e PSB. Autora dos Livros \u201cManual para elabora\u00e7\u00e3o de PAE\u201d, \u201cDicion\u00e1rio Geot\u00e9cnico de Barragens\u201d, \u201cPanorama Geot\u00e9cnico das Rupturas de Barragens e Gest\u00e3o de Risco\u201d e \u201cMulheres na Engenharia \u2013 Lugar de mulher \u00e9 onde ela quiser\u201d.<\/p>\n<p><strong>Mediadores:\u00a0<\/strong><\/p>\n<p><img loading=\"lazy\" decoding=\"async\" class=\"alignnone size-full wp-image-78648 td-animation-stack-type0-2\" src=\"https:\/\/www.institutodeengenharia.org.br\/site\/wp-content\/uploads\/2021\/03\/Sem-tituloereff.png\" alt=\"\" width=\"146\" height=\"226\" \/><\/p>\n<p><strong>Luiz S\u00e9rgio Mendon\u00e7a Coelho<\/strong><\/p>\n<p>Vice-Coordenador da Divis\u00e3o T\u00e9cnica de Gera\u00e7\u00e3o e Transmiss\u00e3o<\/p>\n<p>Consultor de Neg\u00f3cios.<br \/>\nS\u00f3cio Diretor da ETC \u2013 Engenharia, T\u00e9cnica e Consultoria.<br \/>\nEngenheiro Civil e de Seguran\u00e7a e Higiene do Trabalho, Mestrado em Administra\u00e7\u00e3o, Centro Universit\u00e1rio da FEI<br \/>\nEngenharia Civil, pela Faculdade de Engenharia da Funda\u00e7\u00e3o Educacional de Barretos, Engenheiro de Seguran\u00e7a e Higiene do Trabalho, Treinamento e Desenvolvimento de Executivos, Gest\u00e3o da Qualidade, Qualidade Total em N\u00edvel T\u00e9cnico Comercial e Comunica\u00e7\u00e3o na Modernidade pela Faculdade Oswaldo Cruz.<br \/>\nNo Instituto de Engenharia \u00e9 s\u00f3cio e Vice-Coordenador da Divis\u00e3o T\u00e9cnica de Gera\u00e7\u00e3o e Transmiss\u00e3o.<\/p>\n<p><img loading=\"lazy\" decoding=\"async\" class=\"alignnone size-full wp-image-78649 td-animation-stack-type0-2\" src=\"https:\/\/www.institutodeengenharia.org.br\/site\/wp-content\/uploads\/2021\/03\/Sem-tituloereff5.png\" alt=\"\" width=\"153\" height=\"160\" \/><\/p>\n<p><strong>Antonio Lambertini<\/strong><\/p>\n<p>Coordenador da Divis\u00e3o T\u00e9cnica de Gera\u00e7\u00e3o e Transmiss\u00e3o<\/p>\n<p>Graduado em Engenharia Civil em 1979 pela Escola de Engenharia de S\u00e3o Carlos-USP<br \/>\nEspecializa\u00e7\u00e3o em Gerenciamento da Implanta\u00e7\u00e3o de Empreendimentos em 1992 pela Funda\u00e7\u00e3o Get\u00falio Vargas \u2013 FGV.<br \/>\nEspecializa\u00e7\u00e3o em An\u00e1lise de Risco em 2002 pelo CDRA \u2013 Center for Disaster ad Risk Analysis \u2013 Colorado University<br \/>\nRespons\u00e1vel pela coordena\u00e7\u00e3o em diversas fases de mais de 120 projetos multidisciplinares nas \u00e1reas de energia renobv\u00e1vel de fonte h\u00eddrica, solar e biomassa.<br \/>\nRespons\u00e1vel por diversos estudos de viabilidade (EVTEA) de empreendimentos nas \u00e1reas de energia, infraestrutura e ind\u00fastria.<br \/>\nRespons\u00e1vel pela coordena\u00e7\u00e3o de diversos contratos de EPC \u2013 Engineering, Procurement and Construction para PCHs e CGHs.<\/p>\n<p><img loading=\"lazy\" decoding=\"async\" class=\"alignnone wp-image-78650 td-animation-stack-type0-2\" src=\"https:\/\/www.institutodeengenharia.org.br\/site\/wp-content\/uploads\/2021\/03\/Sem-tituloereff56-300x298.png\" alt=\"\" width=\"177\" height=\"176\" srcset=\"https:\/\/www.institutodeengenharia.org.br\/site\/wp-content\/uploads\/2021\/03\/Sem-tituloereff56-300x300.png 300w, https:\/\/www.institutodeengenharia.org.br\/site\/wp-content\/uploads\/2021\/03\/Sem-tituloereff56-150x150.png 150w, https:\/\/www.institutodeengenharia.org.br\/site\/wp-content\/uploads\/2021\/03\/Sem-tituloereff56-100x100.png 100w, https:\/\/www.institutodeengenharia.org.br\/site\/wp-content\/uploads\/2021\/03\/Sem-tituloereff56.png 313w\" sizes=\"auto, (max-width: 177px) 100vw, 177px\" \/><\/p>\n<p><strong>Ciro Humes<\/strong><\/p>\n<p>S\u00f3cio Propriet\u00e1rio da CH GEO Consultoria em Engenharia<\/p>\n<p>Dr. Ciro Humes \u00e9 consultor em Engenharia Geot\u00e9cnica, s\u00f3cio propriet\u00e1rio da CH GEO Consultoria em Engenharia e professor titular da Escola de Engenharia Mau\u00e1. Tamb\u00e9m leciona nos cursos de p\u00f3s-gradua\u00e7\u00e3o em Seguran\u00e7a de Barragens do IDD e do IPT. Ele possui ampla experi\u00eancia em consultoria, projeto e avalia\u00e7\u00e3o de seguran\u00e7a de empreendimentos, tais como: barragens, usinas hidrel\u00e9tricas, obras de minera\u00e7\u00e3o, industriais e de engenharia pesada.<\/p>\n<p><strong>Apoio \u00e0 forma\u00e7\u00e3o:\u00a0<\/strong><\/p>\n<p>Espa\u00e7o aberto ao CREA-SP, objetivando o aperfei\u00e7oamento dos profissionais e o aprimoramento da fiscaliza\u00e7\u00e3o das \u00e1reas abrangidas pelo Sistema Confea\/CREAs, al\u00e9m de promover a conscientiza\u00e7\u00e3o da sociedade quanto \u00e0 necessidade e obrigatoriedade de contratar um profissional devidamente habilitado.<\/p>\n<p><strong>Apoio Institucional:<\/strong><\/p>\n<p><img loading=\"lazy\" decoding=\"async\" class=\"alignnone size-full wp-image-34556 td-animation-stack-type0-2\" src=\"https:\/\/www.institutodeengenharia.org.br\/site\/wp-content\/uploads\/2018\/04\/CREA-SP_vertical.jpg\" alt=\"\" width=\"150\" height=\"106\" srcset=\"https:\/\/www.institutodeengenharia.org.br\/site\/wp-content\/uploads\/2018\/04\/CREA-SP_vertical.jpg 150w, https:\/\/www.institutodeengenharia.org.br\/site\/wp-content\/uploads\/2018\/04\/CREA-SP_vertical-100x70.jpg 100w\" sizes=\"auto, (max-width: 150px) 100vw, 150px\" \/><\/p>\n<p><strong>Realiza\u00e7\u00e3o:<\/strong><\/p>\n<p><strong>Eng. Jer\u00f4nimo Cabral Pereira Fagundes Neto<\/strong>\u00a0\u2013 Vice-Presidente de Atividades T\u00e9cnicas<br \/>\n<strong>Eng. Al\u00e9ssio Bento Borelli<\/strong>\u00a0\u2013 Diretor do Departamento de Engenharia de Energia e Telecomunica\u00e7\u00f5es<br \/>\n<strong>Eng. Roberto Kochen<\/strong>\u00a0\u2013 Diretor do Departamento de Engenharia do Habitat e Infraestrutura<br \/>\n<strong>Eng. Antonio Carlos F. Lambertini<\/strong>\u00a0\u2013 Coordenador da Divis\u00e3o T\u00e9cnica de Gera\u00e7\u00e3o e Transmiss\u00e3o<br \/>\n<strong>Eng. Francisco Jos\u00e9 Pereira de Oliveira<\/strong>\u00a0\u2013 Coordenador da Divis\u00e3o T\u00e9cnica de Geotecnia e Mec\u00e2nica dos Solos e Funda\u00e7\u00f5es<\/p>\n<p>&nbsp;<\/p>\n","protected":false},"excerpt":{"rendered":"<p>&nbsp; Assista abaixo \u00e0 grava\u00e7\u00e3o do evento: &nbsp; + Informa\u00e7\u00f5es: Apresenta\u00e7\u00e3o do livro pelo autor. A palestra do livro Panorama de Rupturas Geot\u00e9cnicas e Gest\u00e3o de Risco faz parte da S\u00e9rie Biblioteca \u2013 Informa\u00e7\u00e3o viva, conhecimento aplicado, uma realiza\u00e7\u00e3o do Instituto de Engenharia. Livro: ATEN\u00c7\u00c3O: Ter\u00e1 sorteio de um exemplar do livro. P\u00fablico-alvo: Engenheiros, arquitetos, [&hellip;]<\/p>\n","protected":false},"author":13,"featured_media":78724,"comment_status":"open","ping_status":"open","sticky":false,"template":"","format":"standard","meta":{"footnotes":""},"categories":[968,969],"tags":[],"class_list":{"0":"post-79465","1":"post","2":"type-post","3":"status-publish","4":"format-standard","5":"has-post-thumbnail","7":"category-nova-tv-engenharia","8":"category-palestra"},"yoast_head":"<!-- This site is optimized with the Yoast SEO plugin v27.2 - https:\/\/yoast.com\/product\/yoast-seo-wordpress\/ -->\n<title>IE TALKS: Panorama de Rupturas Geot\u00e9cnicas e Gest\u00e3o de Risco - Instituto de Engenharia<\/title>\n<meta name=\"description\" content=\"gerenciamento de riscos, panorama de rupturas, rupturas geotecnicas, rupturas, geotecnia, barragens, rupturas de barragens\" \/>\n<meta name=\"robots\" content=\"index, follow, max-snippet:-1, max-image-preview:large, max-video-preview:-1\" \/>\n<link rel=\"canonical\" href=\"https:\/\/www.institutodeengenharia.org.br\/site\/2021\/03\/23\/ie-talks-panorama-de-rupturas-geotecnicas-e-gestao-de-risco\/\" \/>\n<meta property=\"og:locale\" content=\"pt_BR\" \/>\n<meta property=\"og:type\" content=\"article\" \/>\n<meta property=\"og:title\" content=\"IE TALKS: Panorama de Rupturas Geot\u00e9cnicas e Gest\u00e3o de Risco\" \/>\n<meta property=\"og:description\" content=\"Assista \u00e0 grava\u00e7\u00e3o do evento\" \/>\n<meta property=\"og:url\" content=\"https:\/\/www.institutodeengenharia.org.br\/site\/2021\/03\/23\/ie-talks-panorama-de-rupturas-geotecnicas-e-gestao-de-risco\/\" \/>\n<meta property=\"og:site_name\" content=\"Instituto de Engenharia\" \/>\n<meta property=\"article:publisher\" content=\"https:\/\/www.facebook.com\/institutodeengenharia\" \/>\n<meta property=\"article:published_time\" content=\"2021-03-23T20:00:38+00:00\" \/>\n<meta property=\"article:modified_time\" content=\"2021-08-31T14:27:03+00:00\" \/>\n<meta property=\"og:image\" content=\"https:\/\/www.institutodeengenharia.org.br\/site\/wp-content\/uploads\/2019\/08\/tv_engenharia.jpg\" \/>\n\t<meta property=\"og:image:width\" content=\"1280\" \/>\n\t<meta property=\"og:image:height\" content=\"853\" \/>\n\t<meta property=\"og:image:type\" content=\"image\/jpeg\" \/>\n<meta name=\"author\" content=\"Bianca\" \/>\n<meta name=\"twitter:card\" content=\"summary_large_image\" \/>\n<meta name=\"twitter:title\" content=\"IE TALKS: Panorama de Rupturas Geot\u00e9cnicas e Gest\u00e3o de Risco\" \/>\n<meta name=\"twitter:description\" content=\"Assista \u00e0 grava\u00e7\u00e3o do evento\" \/>\n<meta name=\"twitter:image\" content=\"https:\/\/www.institutodeengenharia.org.br\/site\/wp-content\/uploads\/2019\/08\/tv_engenharia.jpg\" \/>\n<meta name=\"twitter:creator\" content=\"@iengenharia\" \/>\n<meta name=\"twitter:site\" content=\"@iengenharia\" \/>\n<meta name=\"twitter:label1\" content=\"Escrito por\" \/>\n\t<meta name=\"twitter:data1\" content=\"Bianca\" \/>\n\t<meta name=\"twitter:label2\" content=\"Est. tempo de leitura\" \/>\n\t<meta name=\"twitter:data2\" content=\"4 minutos\" \/>\n<script type=\"application\/ld+json\" class=\"yoast-schema-graph\">{\"@context\":\"https:\/\/schema.org\",\"@graph\":[{\"@type\":\"Article\",\"@id\":\"https:\/\/www.institutodeengenharia.org.br\/site\/2021\/03\/23\/ie-talks-panorama-de-rupturas-geotecnicas-e-gestao-de-risco\/#article\",\"isPartOf\":{\"@id\":\"https:\/\/www.institutodeengenharia.org.br\/site\/2021\/03\/23\/ie-talks-panorama-de-rupturas-geotecnicas-e-gestao-de-risco\/\"},\"author\":{\"name\":\"Bianca\",\"@id\":\"https:\/\/www.institutodeengenharia.org.br\/site\/#\/schema\/person\/aeb64951c405e100d26d30b033dd423f\"},\"headline\":\"IE TALKS: Panorama de Rupturas Geot\u00e9cnicas e Gest\u00e3o de Risco\",\"datePublished\":\"2021-03-23T20:00:38+00:00\",\"dateModified\":\"2021-08-31T14:27:03+00:00\",\"mainEntityOfPage\":{\"@id\":\"https:\/\/www.institutodeengenharia.org.br\/site\/2021\/03\/23\/ie-talks-panorama-de-rupturas-geotecnicas-e-gestao-de-risco\/\"},\"wordCount\":710,\"commentCount\":0,\"publisher\":{\"@id\":\"https:\/\/www.institutodeengenharia.org.br\/site\/#organization\"},\"image\":{\"@id\":\"https:\/\/www.institutodeengenharia.org.br\/site\/2021\/03\/23\/ie-talks-panorama-de-rupturas-geotecnicas-e-gestao-de-risco\/#primaryimage\"},\"thumbnailUrl\":\"https:\/\/www.institutodeengenharia.org.br\/site\/wp-content\/uploads\/2021\/03\/panorama-.jpg\",\"articleSection\":[\"Nova TV Engenharia\",\"Palestra\"],\"inLanguage\":\"pt-BR\",\"potentialAction\":[{\"@type\":\"CommentAction\",\"name\":\"Comment\",\"target\":[\"https:\/\/www.institutodeengenharia.org.br\/site\/2021\/03\/23\/ie-talks-panorama-de-rupturas-geotecnicas-e-gestao-de-risco\/#respond\"]}]},{\"@type\":\"WebPage\",\"@id\":\"https:\/\/www.institutodeengenharia.org.br\/site\/2021\/03\/23\/ie-talks-panorama-de-rupturas-geotecnicas-e-gestao-de-risco\/\",\"url\":\"https:\/\/www.institutodeengenharia.org.br\/site\/2021\/03\/23\/ie-talks-panorama-de-rupturas-geotecnicas-e-gestao-de-risco\/\",\"name\":\"IE TALKS: Panorama de Rupturas Geot\u00e9cnicas e Gest\u00e3o de Risco - Instituto de Engenharia\",\"isPartOf\":{\"@id\":\"https:\/\/www.institutodeengenharia.org.br\/site\/#website\"},\"primaryImageOfPage\":{\"@id\":\"https:\/\/www.institutodeengenharia.org.br\/site\/2021\/03\/23\/ie-talks-panorama-de-rupturas-geotecnicas-e-gestao-de-risco\/#primaryimage\"},\"image\":{\"@id\":\"https:\/\/www.institutodeengenharia.org.br\/site\/2021\/03\/23\/ie-talks-panorama-de-rupturas-geotecnicas-e-gestao-de-risco\/#primaryimage\"},\"thumbnailUrl\":\"https:\/\/www.institutodeengenharia.org.br\/site\/wp-content\/uploads\/2021\/03\/panorama-.jpg\",\"datePublished\":\"2021-03-23T20:00:38+00:00\",\"dateModified\":\"2021-08-31T14:27:03+00:00\",\"description\":\"gerenciamento de riscos, panorama de rupturas, rupturas geotecnicas, rupturas, geotecnia, barragens, rupturas de barragens\",\"breadcrumb\":{\"@id\":\"https:\/\/www.institutodeengenharia.org.br\/site\/2021\/03\/23\/ie-talks-panorama-de-rupturas-geotecnicas-e-gestao-de-risco\/#breadcrumb\"},\"inLanguage\":\"pt-BR\",\"potentialAction\":[{\"@type\":\"ReadAction\",\"target\":[\"https:\/\/www.institutodeengenharia.org.br\/site\/2021\/03\/23\/ie-talks-panorama-de-rupturas-geotecnicas-e-gestao-de-risco\/\"]}]},{\"@type\":\"ImageObject\",\"inLanguage\":\"pt-BR\",\"@id\":\"https:\/\/www.institutodeengenharia.org.br\/site\/2021\/03\/23\/ie-talks-panorama-de-rupturas-geotecnicas-e-gestao-de-risco\/#primaryimage\",\"url\":\"https:\/\/www.institutodeengenharia.org.br\/site\/wp-content\/uploads\/2021\/03\/panorama-.jpg\",\"contentUrl\":\"https:\/\/www.institutodeengenharia.org.br\/site\/wp-content\/uploads\/2021\/03\/panorama-.jpg\",\"width\":333,\"height\":197},{\"@type\":\"BreadcrumbList\",\"@id\":\"https:\/\/www.institutodeengenharia.org.br\/site\/2021\/03\/23\/ie-talks-panorama-de-rupturas-geotecnicas-e-gestao-de-risco\/#breadcrumb\",\"itemListElement\":[{\"@type\":\"ListItem\",\"position\":1,\"name\":\"In\u00edcio\",\"item\":\"https:\/\/www.institutodeengenharia.org.br\/site\/\"},{\"@type\":\"ListItem\",\"position\":2,\"name\":\"IE TALKS: Panorama de Rupturas Geot\u00e9cnicas e Gest\u00e3o de Risco\"}]},{\"@type\":\"WebSite\",\"@id\":\"https:\/\/www.institutodeengenharia.org.br\/site\/#website\",\"url\":\"https:\/\/www.institutodeengenharia.org.br\/site\/\",\"name\":\"Instituto de Engenharia\",\"description\":\"O Instituto de Engenharia promove a Engenharia em benef\u00edcio do desenvolvimento e da qualidade de vida da sociedade.\",\"publisher\":{\"@id\":\"https:\/\/www.institutodeengenharia.org.br\/site\/#organization\"},\"potentialAction\":[{\"@type\":\"SearchAction\",\"target\":{\"@type\":\"EntryPoint\",\"urlTemplate\":\"https:\/\/www.institutodeengenharia.org.br\/site\/?s={search_term_string}\"},\"query-input\":{\"@type\":\"PropertyValueSpecification\",\"valueRequired\":true,\"valueName\":\"search_term_string\"}}],\"inLanguage\":\"pt-BR\"},{\"@type\":\"Organization\",\"@id\":\"https:\/\/www.institutodeengenharia.org.br\/site\/#organization\",\"name\":\"Instituto de Engenharia\",\"url\":\"https:\/\/www.institutodeengenharia.org.br\/site\/\",\"logo\":{\"@type\":\"ImageObject\",\"inLanguage\":\"pt-BR\",\"@id\":\"https:\/\/www.institutodeengenharia.org.br\/site\/#\/schema\/logo\/image\/\",\"url\":\"https:\/\/www.institutodeengenharia.org.br\/site\/wp-content\/uploads\/2019\/03\/logo-novo-IE2018-1.jpg\",\"contentUrl\":\"https:\/\/www.institutodeengenharia.org.br\/site\/wp-content\/uploads\/2019\/03\/logo-novo-IE2018-1.jpg\",\"width\":1486,\"height\":1879,\"caption\":\"Instituto de Engenharia\"},\"image\":{\"@id\":\"https:\/\/www.institutodeengenharia.org.br\/site\/#\/schema\/logo\/image\/\"},\"sameAs\":[\"https:\/\/www.facebook.com\/institutodeengenharia\",\"https:\/\/x.com\/iengenharia\",\"https:\/\/www.instagram.com\/institutodeengenharia\/\",\"https:\/\/www.linkedin.com\/company\/instituto-de-engenharia\/\",\"https:\/\/www.youtube.com\/channel\/UCXiCAlsSMe977vamW915HxA\"]},{\"@type\":\"Person\",\"@id\":\"https:\/\/www.institutodeengenharia.org.br\/site\/#\/schema\/person\/aeb64951c405e100d26d30b033dd423f\",\"name\":\"Bianca\",\"image\":{\"@type\":\"ImageObject\",\"inLanguage\":\"pt-BR\",\"@id\":\"https:\/\/secure.gravatar.com\/avatar\/a6fbe9bff57405baf4c1e2c5c1811e072b558253974a9f9508f4678900c97c2a?s=96&d=mm&r=g\",\"url\":\"https:\/\/secure.gravatar.com\/avatar\/a6fbe9bff57405baf4c1e2c5c1811e072b558253974a9f9508f4678900c97c2a?s=96&d=mm&r=g\",\"contentUrl\":\"https:\/\/secure.gravatar.com\/avatar\/a6fbe9bff57405baf4c1e2c5c1811e072b558253974a9f9508f4678900c97c2a?s=96&d=mm&r=g\",\"caption\":\"Bianca\"},\"url\":\"https:\/\/www.institutodeengenharia.org.br\/site\/author\/comunicacao1\/\"}]}<\/script>\n<!-- \/ Yoast SEO plugin. -->","yoast_head_json":{"title":"IE TALKS: Panorama de Rupturas Geot\u00e9cnicas e Gest\u00e3o de Risco - Instituto de Engenharia","description":"gerenciamento de riscos, panorama de rupturas, rupturas geotecnicas, rupturas, geotecnia, barragens, rupturas de barragens","robots":{"index":"index","follow":"follow","max-snippet":"max-snippet:-1","max-image-preview":"max-image-preview:large","max-video-preview":"max-video-preview:-1"},"canonical":"https:\/\/www.institutodeengenharia.org.br\/site\/2021\/03\/23\/ie-talks-panorama-de-rupturas-geotecnicas-e-gestao-de-risco\/","og_locale":"pt_BR","og_type":"article","og_title":"IE TALKS: Panorama de Rupturas Geot\u00e9cnicas e Gest\u00e3o de Risco","og_description":"Assista \u00e0 grava\u00e7\u00e3o do evento","og_url":"https:\/\/www.institutodeengenharia.org.br\/site\/2021\/03\/23\/ie-talks-panorama-de-rupturas-geotecnicas-e-gestao-de-risco\/","og_site_name":"Instituto de Engenharia","article_publisher":"https:\/\/www.facebook.com\/institutodeengenharia","article_published_time":"2021-03-23T20:00:38+00:00","article_modified_time":"2021-08-31T14:27:03+00:00","og_image":[{"width":1280,"height":853,"url":"https:\/\/www.institutodeengenharia.org.br\/site\/wp-content\/uploads\/2019\/08\/tv_engenharia.jpg","type":"image\/jpeg"}],"author":"Bianca","twitter_card":"summary_large_image","twitter_title":"IE TALKS: Panorama de Rupturas Geot\u00e9cnicas e Gest\u00e3o de Risco","twitter_description":"Assista \u00e0 grava\u00e7\u00e3o do evento","twitter_image":"https:\/\/www.institutodeengenharia.org.br\/site\/wp-content\/uploads\/2019\/08\/tv_engenharia.jpg","twitter_creator":"@iengenharia","twitter_site":"@iengenharia","twitter_misc":{"Escrito por":"Bianca","Est. tempo de leitura":"4 minutos"},"schema":{"@context":"https:\/\/schema.org","@graph":[{"@type":"Article","@id":"https:\/\/www.institutodeengenharia.org.br\/site\/2021\/03\/23\/ie-talks-panorama-de-rupturas-geotecnicas-e-gestao-de-risco\/#article","isPartOf":{"@id":"https:\/\/www.institutodeengenharia.org.br\/site\/2021\/03\/23\/ie-talks-panorama-de-rupturas-geotecnicas-e-gestao-de-risco\/"},"author":{"name":"Bianca","@id":"https:\/\/www.institutodeengenharia.org.br\/site\/#\/schema\/person\/aeb64951c405e100d26d30b033dd423f"},"headline":"IE TALKS: Panorama de Rupturas Geot\u00e9cnicas e Gest\u00e3o de Risco","datePublished":"2021-03-23T20:00:38+00:00","dateModified":"2021-08-31T14:27:03+00:00","mainEntityOfPage":{"@id":"https:\/\/www.institutodeengenharia.org.br\/site\/2021\/03\/23\/ie-talks-panorama-de-rupturas-geotecnicas-e-gestao-de-risco\/"},"wordCount":710,"commentCount":0,"publisher":{"@id":"https:\/\/www.institutodeengenharia.org.br\/site\/#organization"},"image":{"@id":"https:\/\/www.institutodeengenharia.org.br\/site\/2021\/03\/23\/ie-talks-panorama-de-rupturas-geotecnicas-e-gestao-de-risco\/#primaryimage"},"thumbnailUrl":"https:\/\/www.institutodeengenharia.org.br\/site\/wp-content\/uploads\/2021\/03\/panorama-.jpg","articleSection":["Nova TV Engenharia","Palestra"],"inLanguage":"pt-BR","potentialAction":[{"@type":"CommentAction","name":"Comment","target":["https:\/\/www.institutodeengenharia.org.br\/site\/2021\/03\/23\/ie-talks-panorama-de-rupturas-geotecnicas-e-gestao-de-risco\/#respond"]}]},{"@type":"WebPage","@id":"https:\/\/www.institutodeengenharia.org.br\/site\/2021\/03\/23\/ie-talks-panorama-de-rupturas-geotecnicas-e-gestao-de-risco\/","url":"https:\/\/www.institutodeengenharia.org.br\/site\/2021\/03\/23\/ie-talks-panorama-de-rupturas-geotecnicas-e-gestao-de-risco\/","name":"IE TALKS: Panorama de Rupturas Geot\u00e9cnicas e Gest\u00e3o de Risco - Instituto de Engenharia","isPartOf":{"@id":"https:\/\/www.institutodeengenharia.org.br\/site\/#website"},"primaryImageOfPage":{"@id":"https:\/\/www.institutodeengenharia.org.br\/site\/2021\/03\/23\/ie-talks-panorama-de-rupturas-geotecnicas-e-gestao-de-risco\/#primaryimage"},"image":{"@id":"https:\/\/www.institutodeengenharia.org.br\/site\/2021\/03\/23\/ie-talks-panorama-de-rupturas-geotecnicas-e-gestao-de-risco\/#primaryimage"},"thumbnailUrl":"https:\/\/www.institutodeengenharia.org.br\/site\/wp-content\/uploads\/2021\/03\/panorama-.jpg","datePublished":"2021-03-23T20:00:38+00:00","dateModified":"2021-08-31T14:27:03+00:00","description":"gerenciamento de riscos, panorama de rupturas, rupturas geotecnicas, rupturas, geotecnia, barragens, rupturas de barragens","breadcrumb":{"@id":"https:\/\/www.institutodeengenharia.org.br\/site\/2021\/03\/23\/ie-talks-panorama-de-rupturas-geotecnicas-e-gestao-de-risco\/#breadcrumb"},"inLanguage":"pt-BR","potentialAction":[{"@type":"ReadAction","target":["https:\/\/www.institutodeengenharia.org.br\/site\/2021\/03\/23\/ie-talks-panorama-de-rupturas-geotecnicas-e-gestao-de-risco\/"]}]},{"@type":"ImageObject","inLanguage":"pt-BR","@id":"https:\/\/www.institutodeengenharia.org.br\/site\/2021\/03\/23\/ie-talks-panorama-de-rupturas-geotecnicas-e-gestao-de-risco\/#primaryimage","url":"https:\/\/www.institutodeengenharia.org.br\/site\/wp-content\/uploads\/2021\/03\/panorama-.jpg","contentUrl":"https:\/\/www.institutodeengenharia.org.br\/site\/wp-content\/uploads\/2021\/03\/panorama-.jpg","width":333,"height":197},{"@type":"BreadcrumbList","@id":"https:\/\/www.institutodeengenharia.org.br\/site\/2021\/03\/23\/ie-talks-panorama-de-rupturas-geotecnicas-e-gestao-de-risco\/#breadcrumb","itemListElement":[{"@type":"ListItem","position":1,"name":"In\u00edcio","item":"https:\/\/www.institutodeengenharia.org.br\/site\/"},{"@type":"ListItem","position":2,"name":"IE TALKS: Panorama de Rupturas Geot\u00e9cnicas e Gest\u00e3o de Risco"}]},{"@type":"WebSite","@id":"https:\/\/www.institutodeengenharia.org.br\/site\/#website","url":"https:\/\/www.institutodeengenharia.org.br\/site\/","name":"Instituto de Engenharia","description":"O Instituto de Engenharia promove a Engenharia em benef\u00edcio do desenvolvimento e da qualidade de vida da sociedade.","publisher":{"@id":"https:\/\/www.institutodeengenharia.org.br\/site\/#organization"},"potentialAction":[{"@type":"SearchAction","target":{"@type":"EntryPoint","urlTemplate":"https:\/\/www.institutodeengenharia.org.br\/site\/?s={search_term_string}"},"query-input":{"@type":"PropertyValueSpecification","valueRequired":true,"valueName":"search_term_string"}}],"inLanguage":"pt-BR"},{"@type":"Organization","@id":"https:\/\/www.institutodeengenharia.org.br\/site\/#organization","name":"Instituto de Engenharia","url":"https:\/\/www.institutodeengenharia.org.br\/site\/","logo":{"@type":"ImageObject","inLanguage":"pt-BR","@id":"https:\/\/www.institutodeengenharia.org.br\/site\/#\/schema\/logo\/image\/","url":"https:\/\/www.institutodeengenharia.org.br\/site\/wp-content\/uploads\/2019\/03\/logo-novo-IE2018-1.jpg","contentUrl":"https:\/\/www.institutodeengenharia.org.br\/site\/wp-content\/uploads\/2019\/03\/logo-novo-IE2018-1.jpg","width":1486,"height":1879,"caption":"Instituto de Engenharia"},"image":{"@id":"https:\/\/www.institutodeengenharia.org.br\/site\/#\/schema\/logo\/image\/"},"sameAs":["https:\/\/www.facebook.com\/institutodeengenharia","https:\/\/x.com\/iengenharia","https:\/\/www.instagram.com\/institutodeengenharia\/","https:\/\/www.linkedin.com\/company\/instituto-de-engenharia\/","https:\/\/www.youtube.com\/channel\/UCXiCAlsSMe977vamW915HxA"]},{"@type":"Person","@id":"https:\/\/www.institutodeengenharia.org.br\/site\/#\/schema\/person\/aeb64951c405e100d26d30b033dd423f","name":"Bianca","image":{"@type":"ImageObject","inLanguage":"pt-BR","@id":"https:\/\/secure.gravatar.com\/avatar\/a6fbe9bff57405baf4c1e2c5c1811e072b558253974a9f9508f4678900c97c2a?s=96&d=mm&r=g","url":"https:\/\/secure.gravatar.com\/avatar\/a6fbe9bff57405baf4c1e2c5c1811e072b558253974a9f9508f4678900c97c2a?s=96&d=mm&r=g","contentUrl":"https:\/\/secure.gravatar.com\/avatar\/a6fbe9bff57405baf4c1e2c5c1811e072b558253974a9f9508f4678900c97c2a?s=96&d=mm&r=g","caption":"Bianca"},"url":"https:\/\/www.institutodeengenharia.org.br\/site\/author\/comunicacao1\/"}]}},"_links":{"self":[{"href":"https:\/\/www.institutodeengenharia.org.br\/site\/wp-json\/wp\/v2\/posts\/79465","targetHints":{"allow":["GET"]}}],"collection":[{"href":"https:\/\/www.institutodeengenharia.org.br\/site\/wp-json\/wp\/v2\/posts"}],"about":[{"href":"https:\/\/www.institutodeengenharia.org.br\/site\/wp-json\/wp\/v2\/types\/post"}],"author":[{"embeddable":true,"href":"https:\/\/www.institutodeengenharia.org.br\/site\/wp-json\/wp\/v2\/users\/13"}],"replies":[{"embeddable":true,"href":"https:\/\/www.institutodeengenharia.org.br\/site\/wp-json\/wp\/v2\/comments?post=79465"}],"version-history":[{"count":1,"href":"https:\/\/www.institutodeengenharia.org.br\/site\/wp-json\/wp\/v2\/posts\/79465\/revisions"}],"predecessor-version":[{"id":79466,"href":"https:\/\/www.institutodeengenharia.org.br\/site\/wp-json\/wp\/v2\/posts\/79465\/revisions\/79466"}],"wp:featuredmedia":[{"embeddable":true,"href":"https:\/\/www.institutodeengenharia.org.br\/site\/wp-json\/wp\/v2\/media\/78724"}],"wp:attachment":[{"href":"https:\/\/www.institutodeengenharia.org.br\/site\/wp-json\/wp\/v2\/media?parent=79465"}],"wp:term":[{"taxonomy":"category","embeddable":true,"href":"https:\/\/www.institutodeengenharia.org.br\/site\/wp-json\/wp\/v2\/categories?post=79465"},{"taxonomy":"post_tag","embeddable":true,"href":"https:\/\/www.institutodeengenharia.org.br\/site\/wp-json\/wp\/v2\/tags?post=79465"}],"curies":[{"name":"wp","href":"https:\/\/api.w.org\/{rel}","templated":true}]}}