{"id":79258,"date":"2021-03-31T10:17:29","date_gmt":"2021-03-31T13:17:29","guid":{"rendered":"https:\/\/www.institutodeengenharia.org.br\/site\/?p=79258"},"modified":"2023-01-09T11:28:48","modified_gmt":"2023-01-09T14:28:48","slug":"gente-do-campo-conheca-ivone-baziolli-que-estudou-ate-a-4a-serie-e-ajudou-a-desenvolver-principais-tipos-de-cafe-no-brasil","status":"publish","type":"post","link":"https:\/\/www.institutodeengenharia.org.br\/site\/2021\/03\/31\/gente-do-campo-conheca-ivone-baziolli-que-estudou-ate-a-4a-serie-e-ajudou-a-desenvolver-principais-tipos-de-cafe-no-brasil\/","title":{"rendered":"Gente do campo: conhe\u00e7a Ivone Baziolli, que estudou at\u00e9 a 4\u00aa s\u00e9rie e ajudou a desenvolver principais tipos de caf\u00e9 no Brasil"},"content":{"rendered":"<p>\u201cSe hoje n\u00f3s temos\u00a0<span class=\"highlight highlighted\">Mundo Novo<\/span>\u00a0e\u00a0<span class=\"highlight highlighted\">Catua\u00ed<\/span>, que s\u00e3o as<span class=\"highlight highlighted\">\u00a0duas cultivares de caf\u00e9 ar\u00e1bica mais utilizadas no Brasil<\/span>, \u00e9 porque tamb\u00e9m teve\u00a0<span class=\"highlight highlighted\">contribui\u00e7\u00e3o das m\u00e3os da Dona Ivone atrav\u00e9s da pesquisa<\/span>\u201d.<\/p>\n<p>\u00c9 com essa frase que o pesquisador do Instituto Agron\u00f4mico de Campinas (IAC) S\u00e9rgio Parreiras Pereira apresenta Ivone Botone Baziolli, mais conhecida como\u00a0<span class=\"highlight highlighted\">Dona Ivone, que dedicou 65 anos da sua vida a pesquisas de caf\u00e9.<\/span><\/p>\n<p>Ironicamente, ela n\u00e3o \u00e9 muito f\u00e3 de um caf\u00e9zinho. &#8220;Nunca gostei muito de caf\u00e9, s\u00f3 coloco um pouquinho no leite&#8221;, diz sorrindo.<\/p>\n<div class=\"mc-column content-text active-extra-styles \" data-block-type=\"unstyled\" data-block-weight=\"19\" data-block-id=\"5\">\n<p class=\"content-text__container \" data-track-category=\"Link no Texto\" data-track-links=\"\">Por outro lado, trabalhar em meio \u00e0 natureza sempre a encantou. &#8220;<span class=\"highlight highlighted\">As plantas de caf\u00e9 s\u00e3o muito lindas, sabe&#8221;.<\/span><\/p>\n<\/div>\n<div class=\"mc-column content-text active-extra-styles \" data-block-type=\"unstyled\" data-block-weight=\"52\" data-block-id=\"6\">\n<p class=\"content-text__container \" data-track-category=\"Link no Texto\" data-track-links=\"\">Filha de &#8220;uma fam\u00edlia simples de ro\u00e7a&#8221;, como ela mesma se define, Ivone\u00a0<span class=\"highlight highlighted\">entrou no instituto com apenas 16 anos, em 1949,<\/span>\u00a0e, apesar de ter\u00a0<span class=\"highlight highlighted\">estudado apenas at\u00e9 a 4\u00aa s\u00e9rie do Ensino Fundamental<\/span>, foi justamente essa forma\u00e7\u00e3o que abriu, para ela, as portas do IAC, onde trabalhou at\u00e9 2014.<\/p>\n<p data-track-category=\"Link no Texto\" data-track-links=\"\">Durante a sua longa jornada no instituto, ela\u00a0<span class=\"highlight highlighted\">atuou ao lado dos principais geneticistas do caf\u00e9 no Brasil<\/span>, como Carlos Arnaldo Krug e Alcides Carvalho, j\u00e1 falecidos.\u00a0<span class=\"highlight highlighted\">Enquanto eles lideravam a equipe de pesquisadores, Ivone ficava \u00e0 frente dos trabalhos de campo.<\/span><\/p>\n<p data-track-category=\"Link no Texto\" data-track-links=\"\">&#8220;Trabalhei muito no campo, nos arquivos, no viveiro. Era um servi\u00e7o bastante delicado, tinha que ter muito cuidado.&#8221;<\/p>\n<p data-track-category=\"Link no Texto\" data-track-links=\"\">&#8220;Eu era respons\u00e1vel por muito trabalho, ganhei muito conhecimento. Gostava muito, muito mesmo do que eu fazia&#8221;, rememora Dona Ivone, que hoje est\u00e1 com 88 anos.<\/p>\n<h2>Equidade racial no caf\u00e9<\/h2>\n<p>A contribui\u00e7\u00e3o dela para as pesquisas de caf\u00e9 j\u00e1 \u00e9 reconhecida dentro e fora do pa\u00eds.<\/p>\n<\/div>\n<p>Filha de uma italiana com um brasileiro negro, Ivone acaba de emprestar o seu nome para uma bolsa de estudos da \u201cCoffee Coalition Racial Equity&#8221;, a Coaliz\u00e3o Internacional para a Equidade Racial no Caf\u00e9.<\/p>\n<div class=\"mc-column content-text active-extra-styles \" data-block-type=\"unstyled\" data-block-weight=\"28\" data-block-id=\"16\">\n<p class=\"content-text__container \" data-track-category=\"Link no Texto\" data-track-links=\"\">A &#8220;Dona Ivone Scholarship&#8221; (Bolsa de estudos Dona Ivone), lan\u00e7ada no dia 19 de mar\u00e7o, vai apoiar o estudo de universit\u00e1rios e profissionais que atuam no setor cafeeiro.<\/p>\n<\/div>\n<div class=\"mc-column content-text active-extra-styles \" data-block-type=\"unstyled\" data-block-weight=\"29\" data-block-id=\"17\">\n<p class=\"content-text__container \" data-track-category=\"Link no Texto\" data-track-links=\"\">A Coaliza\u00e7\u00e3o surgiu nos\u00a0Estados Unidos\u00a0em 2020 e tem o objetivo de construir uma\u00a0<span class=\"highlight highlighted\">ind\u00fastria do caf\u00e9 &#8220;racialmente diversa e equitativa, onde todos os talentos possam ser reconhecidos&#8221;.<\/span><\/p>\n<\/div>\n<div class=\"mc-column content-text active-extra-styles \" data-block-type=\"unstyled\" data-block-weight=\"25\" data-block-id=\"18\">\n<p class=\"content-text__container \" data-track-category=\"Link no Texto\" data-track-links=\"\">No dia do lan\u00e7amento da bolsa, um\u00a0document\u00e1rio\u00a0sobre Dona Ivone, realizado pela Rede Social do Caf\u00e9 em 2020, foi traduzido para o ingl\u00eas.<\/p>\n<h2>Caminho at\u00e9 a pesquisa<\/h2>\n<p>Dona Ivone nasceu em\u00a0Campinas\u00a0(SP), em 1932, e conta que os seus pais sempre trabalharam no campo. &#8220;Eles eram analfabetos, mas trabalharam no caf\u00e9, no algod\u00e3o, no milho. Ent\u00e3o eu fui uma crian\u00e7a criada neste meio&#8221;, diz.<\/p>\n<\/div>\n<p>&#8220;Depois que eu tirei diploma da 4\u00aa s\u00e9rie, com 12 anos, fiquei ajudando a minha m\u00e3e em casa, fazia comida, lavava roupa. Tomei conta da casa durante 2 anos. Depois eu enjoei e fui procurar trabalho&#8221;.<\/p>\n<div class=\"mc-column content-text active-extra-styles \" data-block-type=\"unstyled\" data-block-weight=\"49\" data-block-id=\"23\">\n<p class=\"content-text__container \" data-track-category=\"Link no Texto\" data-track-links=\"\">Assim como os seus pais,\u00a0<span class=\"highlight highlighted\">Dona Ivone foi trabalhar &#8220;na enxada&#8221;, carpinando milho, caf\u00e9, algod\u00e3o<\/span>. Em um dia de 1949, um engenheiro do IAC foi at\u00e9 a fazenda onde ela trabalhava, em busca de uma\u00a0<span class=\"highlight highlighted\">pessoa que soubesse ler e escrever para atuar na se\u00e7\u00e3o de caf\u00e9 do instituto<\/span>.<\/p>\n<\/div>\n<div class=\"mc-column content-text active-extra-styles \" data-block-type=\"unstyled\" data-block-weight=\"30\" data-block-id=\"24\">\n<p class=\"content-text__container \" data-track-category=\"Link no Texto\" data-track-links=\"\">&#8220;Eu fui a indicada. Tive que fazer um teste bem simples, das 4 opera\u00e7\u00f5es, multiplicar, dividir&#8230;uma c\u00f3pia de um livro, ler um texto e eu fui aprovada com isso&#8221;, lembra.<\/p>\n<h2>Mundo Novo e Catua\u00ed<\/h2>\n<div class=\"mc-column content-text active-extra-styles \" data-block-type=\"unstyled\" data-block-weight=\"33\" data-block-id=\"27\">\n<p class=\"content-text__container \" data-track-category=\"Link no Texto\" data-track-links=\"\">Dona Ivone come\u00e7ou a trabalhar ent\u00e3o na\u00a0<span class=\"highlight highlighted\">Fazenda Santa Elisa<\/span>, onde fica o\u00a0<span class=\"highlight highlighted\">Centro de Caf\u00e9 Alcides Carvalho,<\/span>\u00a0local em que s\u00e3o feitos, at\u00e9 hoje, estudos de melhoramento gen\u00e9tico das plantas de caf\u00e9.<\/p>\n<\/div>\n<div class=\"mc-column content-text active-extra-styles \" data-block-type=\"unstyled\" data-block-weight=\"31\" data-block-id=\"28\">\n<p class=\"content-text__container \" data-track-category=\"Link no Texto\" data-track-links=\"\"><span class=\"highlight highlighted\">Ela atuou diretamente nas pesquisas de desenvolvimento das cultivares Mundo Novo, Catua\u00ed, Icatu, Obat\u00e3 e Tupi<\/span>. Dessas, as duas primeiras s\u00e3o as mais relevantes, conta o pesquisador S\u00e9rgio Parreiras, do IAC.<\/p>\n<p data-track-category=\"Link no Texto\" data-track-links=\"\">&#8220;De 70% a 80% do que existe hoje de caf\u00e9 ar\u00e1bica plantado no Brasil vem desses dois materiais gen\u00e9ticos&#8221;, diz Parreiras.<\/p>\n<div class=\"mc-column content-text active-extra-styles \" data-block-type=\"unstyled\" data-block-weight=\"25\" data-block-id=\"31\">\n<p class=\"content-text__container \" data-track-category=\"Link no Texto\" data-track-links=\"\">Quando Dona Ivone entrou no IAC, estavam em curso as pesquisas sobre o\u00a0<span class=\"highlight highlighted\">Mundo Novo<\/span>, variedade que foi disponibilizada para uso comercial em\u00a0<span class=\"highlight highlighted\">1952<\/span>.<\/p>\n<\/div>\n<div class=\"mc-column content-text active-extra-styles \" data-block-type=\"unstyled\" data-block-weight=\"41\" data-block-id=\"32\">\n<p class=\"content-text__container \" data-track-category=\"Link no Texto\" data-track-links=\"\">Essa planta surgiu de um cruzamento natural entre as variedades Sumatra e Bourbon Vermelho, encontradas no munic\u00edpio paulista de Mineiros do Tiet\u00ea e, segundo Parreiras, suas sementes foram levadas para dentro do instituto, onde pesquisas geraram uma\u00a0<span class=\"highlight highlighted\">maior produtividade da planta<\/span>.<\/p>\n<p data-track-category=\"Link no Texto\" data-track-links=\"\">&#8220;J\u00e1 no caso do\u00a0<span class=\"highlight highlighted\">Catua\u00ed (lan\u00e7ado em 1972)<\/span>\u00a0houve um procedimento de fertiliza\u00e7\u00e3o [&#8230;]. Foi feito um cruzamento at\u00e9 chegar nesta cultivar. O\u00a0<span class=\"highlight highlighted\">grande diferencial dela \u00e9 o porte baixo, que facilita a colheita e o manejo<\/span>&#8220;, explica o pesquisador.<\/p>\n<div class=\"mc-column content-text active-extra-styles\" data-block-type=\"raw\" data-block-weight=\"5\" data-block-id=\"35\">\n<div class=\"content-intertitle\">\n<h2>Dia a dia de trabalho<\/h2>\n<\/div>\n<div class=\"mc-column content-text active-extra-styles \" data-block-type=\"unstyled\" data-block-weight=\"21\" data-block-id=\"37\">\n<p class=\"content-text__container \" data-track-category=\"Link no Texto\" data-track-links=\"\">Para colocar esses estudos de p\u00e9, o dia a dia na Fazenda Santa Elisa era de muito trabalho, conta Dona Ivone.<\/p>\n<\/div>\n<div class=\"mc-column content-text active-extra-styles \" data-block-type=\"unstyled\" data-block-weight=\"32\" data-block-id=\"38\">\n<p class=\"content-text__container \" data-track-category=\"Link no Texto\" data-track-links=\"\">Um dos pontos mais importantes do processo de pesquisa enquanto ela trabalhou com o\u00a0<span class=\"highlight highlighted\">pesquisador Alcides Carvalho<\/span>\u00a0era a \u00e9poca da florada, per\u00edodo em que as plantas de caf\u00e9 d\u00e3o flores.<\/p>\n<\/div>\n<div class=\"mc-column content-text active-extra-styles \" data-block-type=\"unstyled\" data-block-weight=\"20\" data-block-id=\"39\">\n<p class=\"content-text__container \" data-track-category=\"Link no Texto\" data-track-links=\"\">Foi ele quem\u00a0<span class=\"highlight highlighted\">coordenou os trabalhos de desenvolvimento do Catua\u00ed\u00a0<\/span>e tamb\u00e9m estudos contra a ferrugem nas planta\u00e7\u00f5es de caf\u00e9.<\/p>\n<\/div>\n<div class=\"mc-column content-text active-extra-styles \" data-block-type=\"unstyled\" data-block-weight=\"18\" data-block-id=\"40\">\n<p class=\"content-text__container \" data-track-category=\"Link no Texto\" data-track-links=\"\">&#8220;E existia um ponto certo para pegar a florada para fazer o cruzamento de plantas&#8221;, conta Ivone.<\/p>\n<p data-track-category=\"Link no Texto\" data-track-links=\"\">\u201cA florada \u00e9 rapidinha. Voc\u00ea n\u00e3o pode pegar um dia antes porque est\u00e1 verde. E n\u00e3o pode ser um dia depois porque ela j\u00e1 abriu o p\u00f3len e ent\u00e3o n\u00e3o servia mais para nada&#8221;, acrescenta.<\/p>\n<p data-track-category=\"Link no Texto\" data-track-links=\"\">Com o tempo, Dona Ivone foi conhecendo muito bem todos os detalhes das plantas e, por isso, era a ela quem Alcides confiava boa parte do trabalho.<\/p>\n<p data-track-category=\"Link no Texto\" data-track-links=\"\">&#8220;O Dr. Alcides me chamava e perguntava &#8216;olha eu quero saber daquela determinada planta&#8217;. Eu sabia onde estava, ia buscar e j\u00e1 trazia a resposta para ele se ia dar ou n\u00e3o para trabalhar com ela&#8221;, conta Ivone.<\/p>\n<p data-track-category=\"Link no Texto\" data-track-links=\"\">Todas as variedades de caf\u00e9 t\u00eam uma localiza\u00e7\u00e3o espec\u00edfica dentro de uma fazenda voltada para a pesquisa. &#8220;Cada uma das plantas tem um n\u00famero, uma ficha. Tudo isso era detalhado em um caderno&#8221;, diz Ivone, que era respons\u00e1vel tamb\u00e9m pela montagem desses arquivos.<\/p>\n<p data-track-category=\"Link no Texto\" data-track-links=\"\">Como a \u00e9poca de flora\u00e7\u00e3o acontece na primavera, era comum que Dona Ivone passasse os feriados do dia 7 de setembro e 12 de outubro no campo, junto com equipe do IAC.<\/p>\n<p data-track-category=\"Link no Texto\" data-track-links=\"\">\u201cMas eu gostava muito do meu trabalho. Eu gosto muito da natureza. Na \u00e9poca da florada, eu sa\u00eda para procurar as plantas desejadas por eles [pesquisadores] e me dava aquela emo\u00e7\u00e3o de ver&#8221;, relembra Ivone.<\/p>\n<p data-track-category=\"Link no Texto\" data-track-links=\"\">&#8220;Eu moro em frente a uma pra\u00e7a e eu gosto de ficar vendo os detalhes das \u00e1rvores. Me emociona muito&#8221;, diz.<\/p>\n<div class=\"mc-column content-text active-extra-styles \" data-block-type=\"unstyled\" data-block-weight=\"27\" data-block-id=\"53\">\n<p class=\"content-text__container \" data-track-category=\"Link no Texto\" data-track-links=\"\">Ela tamb\u00e9m coordenava as tarefas dentro dos viveiros, liderava a equipe que fazia o plantio e era a ponte entre os pesquisadores e os trabalhadores de campo.<\/p>\n<\/div>\n<div class=\"mc-column content-text active-extra-styles\" data-block-type=\"raw\" data-block-weight=\"1\" data-block-id=\"54\">\n<div class=\"content-intertitle\">\n<h2>Reconhecimento<\/h2>\n<\/div>\n<\/div>\n<div class=\"mc-column content-text active-extra-styles \" data-block-type=\"unstyled\" data-block-weight=\"27\" data-block-id=\"55\">\n<p class=\"content-text__container \" data-track-category=\"Link no Texto\" data-track-links=\"\">Dona Ivone trabalhou 30 anos como funcion\u00e1ria p\u00fablica do IAC. Depois disso ela se aposentou, mas continuou atuando dentro do instituto por meio de contratos por projetos.<\/p>\n<p data-track-category=\"Link no Texto\" data-track-links=\"\">&#8220;A Dona Ivone \u00e9 respeitada por todas as gera\u00e7\u00f5es de pesquisadores que passaram pelo IAC, pela pessoa dela, pela seriedade, pelo carinho que ela desenvolveu o trabalho dela a vida inteira&#8221;, conta Parreiras.<\/p>\n<div class=\"mc-column content-text active-extra-styles \" data-block-type=\"unstyled\" data-block-weight=\"40\" data-block-id=\"57\">\n<p class=\"content-text__container \" data-track-category=\"Link no Texto\" data-track-links=\"\">&#8220;Quando eu parei de trabalhar [com 80 anos], eu comecei a sentir muito falta. Ent\u00e3o, eu ia almo\u00e7ar na Fazenda todos os dias, mas com a pandemia n\u00e3o deu mais&#8221;, diz Dona Ivone, que j\u00e1 foi vacinada contra a\u00a0Covid-19.<\/p>\n<\/div>\n<div class=\"mc-column content-text active-extra-styles \" data-block-type=\"unstyled\" data-block-weight=\"49\" data-block-id=\"59\">\n<p class=\"content-text__container \" data-track-category=\"Link no Texto\" data-track-links=\"\">&#8220;Hoje tenho curtido a fam\u00edlia, estava frequentado uma igreja onde a gente fazia artesanato.\u00a0<span class=\"highlight highlighted\">Eu dirijo tamb\u00e9m, mas minha carta vence em maio. Meu filho mais velho fala assim &#8216;vai dirigir at\u00e9 quando, m\u00e3e?&#8217;<\/span>, conta Dona Ivone, lembrando da \u00e9poca em que pegava a caminhonete para ir campo afora.<\/p>\n<\/div>\n<\/div>\n<\/div>\n<\/div>\n<\/div>\n<\/div>\n<\/div>\n<div class=\"mc-column content-text active-extra-styles \" data-block-type=\"unstyled\" data-block-weight=\"33\" data-block-id=\"61\">\n<p class=\"content-text__container \" data-track-category=\"Link no Texto\" data-track-links=\"\">Ivone tamb\u00e9m participa de encontros da Alian\u00e7a Internacional das Mulheres do Caf\u00e9 (IWCA), organiza\u00e7\u00e3o que tem o objetivo de fortalecer as mulheres que trabalham no setor, atrav\u00e9s de treinamentos e troca de conhecimentos.<\/p>\n<\/div>\n<div class=\"mc-column content-text active-extra-styles \" data-block-type=\"unstyled\" data-block-weight=\"26\" data-block-id=\"62\">\n<p class=\"content-text__container \" data-track-category=\"Link no Texto\" data-track-links=\"\">Atualmente, ela diz estar orgulhosa da sua trajet\u00f3ria de vida, de trabalho e da fam\u00edlia que criou junto com o seu marido, que faleceu em 2017.<\/p>\n<p data-track-category=\"Link no Texto\" data-track-links=\"\">&#8220;Meus pais eram analfabetos e eu consegui me formar at\u00e9 a 4\u00ba s\u00e9rie. J\u00e1 meus filhos t\u00eam faculdade, um \u00e9 engenheiro civil e, outro, engenheiro do trabalho. Tenho tr\u00eas netas, uma est\u00e1 no mestrado. E tr\u00eas bisnetos lindos que s\u00e3o a alegria da bisa&#8221;, resume satisfeita.<\/p>\n<p data-track-category=\"Link no Texto\" data-track-links=\"\"><em><a href=\"https:\/\/g1.globo.com\/economia\/agronegocios\/agro-a-industria-riqueza-do-brasil\/noticia\/2021\/03\/31\/gente-do-campo-conheca-ivone-baziolli-que-estudou-ate-a-4a-serie-e-ajudou-a-desenvolver-principais-tipos-de-cafe-no-brasil.ghtml\"><strong>Fonte: G1<\/strong><\/a><\/em><\/p>\n<\/div>\n","protected":false},"excerpt":{"rendered":"<p>\u201cSe hoje n\u00f3s temos\u00a0Mundo Novo\u00a0e\u00a0Catua\u00ed, que s\u00e3o as\u00a0duas cultivares de caf\u00e9 ar\u00e1bica mais utilizadas no Brasil, \u00e9 porque tamb\u00e9m teve\u00a0contribui\u00e7\u00e3o das m\u00e3os da Dona Ivone atrav\u00e9s da pesquisa\u201d. \u00c9 com essa frase que o pesquisador do Instituto Agron\u00f4mico de Campinas (IAC) S\u00e9rgio Parreiras Pereira apresenta Ivone Botone Baziolli, mais conhecida como\u00a0Dona Ivone, que dedicou 65 [&hellip;]<\/p>\n","protected":false},"author":13,"featured_media":79261,"comment_status":"open","ping_status":"open","sticky":false,"template":"","format":"standard","meta":{"footnotes":""},"categories":[936,6],"tags":[1475],"class_list":{"0":"post-79258","1":"post","2":"type-post","3":"status-publish","4":"format-standard","5":"has-post-thumbnail","7":"category-mulher","8":"category-noticias","9":"tag-covid"},"yoast_head":"<!-- This site is optimized with the Yoast SEO plugin v27.2 - https:\/\/yoast.com\/product\/yoast-seo-wordpress\/ -->\n<title>Gente do campo: conhe\u00e7a Ivone Baziolli, que estudou at\u00e9 a 4\u00aa s\u00e9rie e ajudou a desenvolver principais tipos de caf\u00e9 no Brasil - Instituto de Engenharia<\/title>\n<meta name=\"robots\" content=\"index, follow, max-snippet:-1, max-image-preview:large, max-video-preview:-1\" \/>\n<link rel=\"canonical\" href=\"https:\/\/www.institutodeengenharia.org.br\/site\/2021\/03\/31\/gente-do-campo-conheca-ivone-baziolli-que-estudou-ate-a-4a-serie-e-ajudou-a-desenvolver-principais-tipos-de-cafe-no-brasil\/\" \/>\n<meta property=\"og:locale\" content=\"pt_BR\" \/>\n<meta property=\"og:type\" content=\"article\" \/>\n<meta property=\"og:title\" content=\"Gente do campo: conhe\u00e7a Ivone Baziolli, que estudou at\u00e9 a 4\u00aa s\u00e9rie e ajudou a desenvolver principais tipos de caf\u00e9 no Brasil\" \/>\n<meta property=\"og:description\" content=\"Fonte: G1\" \/>\n<meta property=\"og:url\" content=\"https:\/\/www.institutodeengenharia.org.br\/site\/2021\/03\/31\/gente-do-campo-conheca-ivone-baziolli-que-estudou-ate-a-4a-serie-e-ajudou-a-desenvolver-principais-tipos-de-cafe-no-brasil\/\" \/>\n<meta property=\"og:site_name\" content=\"Instituto de Engenharia\" \/>\n<meta property=\"article:publisher\" content=\"https:\/\/www.facebook.com\/institutodeengenharia\" \/>\n<meta property=\"article:published_time\" content=\"2021-03-31T13:17:29+00:00\" \/>\n<meta property=\"article:modified_time\" content=\"2023-01-09T14:28:48+00:00\" \/>\n<meta property=\"og:image\" content=\"https:\/\/www.institutodeengenharia.org.br\/site\/wp-content\/uploads\/2021\/03\/materiamulherescafe.jpg\" \/>\n\t<meta property=\"og:image:width\" content=\"984\" \/>\n\t<meta property=\"og:image:height\" content=\"1046\" \/>\n\t<meta property=\"og:image:type\" content=\"image\/jpeg\" \/>\n<meta name=\"author\" content=\"Bianca\" \/>\n<meta name=\"twitter:card\" content=\"summary_large_image\" \/>\n<meta name=\"twitter:title\" content=\"Gente do campo: conhe\u00e7a Ivone Baziolli, que estudou at\u00e9 a 4\u00aa s\u00e9rie e ajudou a desenvolver principais tipos de caf\u00e9 no Brasil\" \/>\n<meta name=\"twitter:description\" content=\"Fonte: G1\" \/>\n<meta name=\"twitter:image\" content=\"https:\/\/www.institutodeengenharia.org.br\/site\/wp-content\/uploads\/2021\/03\/materiamulherescafe.jpg\" \/>\n<meta name=\"twitter:creator\" content=\"@iengenharia\" \/>\n<meta name=\"twitter:site\" content=\"@iengenharia\" \/>\n<meta name=\"twitter:label1\" content=\"Escrito por\" \/>\n\t<meta name=\"twitter:data1\" content=\"Bianca\" \/>\n\t<meta name=\"twitter:label2\" content=\"Est. tempo de leitura\" \/>\n\t<meta name=\"twitter:data2\" content=\"8 minutos\" \/>\n<script type=\"application\/ld+json\" class=\"yoast-schema-graph\">{\"@context\":\"https:\/\/schema.org\",\"@graph\":[{\"@type\":\"Article\",\"@id\":\"https:\/\/www.institutodeengenharia.org.br\/site\/2021\/03\/31\/gente-do-campo-conheca-ivone-baziolli-que-estudou-ate-a-4a-serie-e-ajudou-a-desenvolver-principais-tipos-de-cafe-no-brasil\/#article\",\"isPartOf\":{\"@id\":\"https:\/\/www.institutodeengenharia.org.br\/site\/2021\/03\/31\/gente-do-campo-conheca-ivone-baziolli-que-estudou-ate-a-4a-serie-e-ajudou-a-desenvolver-principais-tipos-de-cafe-no-brasil\/\"},\"author\":{\"name\":\"Bianca\",\"@id\":\"https:\/\/www.institutodeengenharia.org.br\/site\/#\/schema\/person\/aeb64951c405e100d26d30b033dd423f\"},\"headline\":\"Gente do campo: conhe\u00e7a Ivone Baziolli, que estudou at\u00e9 a 4\u00aa s\u00e9rie e ajudou a desenvolver principais tipos de caf\u00e9 no Brasil\",\"datePublished\":\"2021-03-31T13:17:29+00:00\",\"dateModified\":\"2023-01-09T14:28:48+00:00\",\"mainEntityOfPage\":{\"@id\":\"https:\/\/www.institutodeengenharia.org.br\/site\/2021\/03\/31\/gente-do-campo-conheca-ivone-baziolli-que-estudou-ate-a-4a-serie-e-ajudou-a-desenvolver-principais-tipos-de-cafe-no-brasil\/\"},\"wordCount\":1420,\"commentCount\":0,\"publisher\":{\"@id\":\"https:\/\/www.institutodeengenharia.org.br\/site\/#organization\"},\"image\":{\"@id\":\"https:\/\/www.institutodeengenharia.org.br\/site\/2021\/03\/31\/gente-do-campo-conheca-ivone-baziolli-que-estudou-ate-a-4a-serie-e-ajudou-a-desenvolver-principais-tipos-de-cafe-no-brasil\/#primaryimage\"},\"thumbnailUrl\":\"https:\/\/www.institutodeengenharia.org.br\/site\/wp-content\/uploads\/2021\/03\/materiamulherescafe-1.webp\",\"keywords\":[\"covid\"],\"articleSection\":[\"Mulher\",\"Not\u00edcias\"],\"inLanguage\":\"pt-BR\",\"potentialAction\":[{\"@type\":\"CommentAction\",\"name\":\"Comment\",\"target\":[\"https:\/\/www.institutodeengenharia.org.br\/site\/2021\/03\/31\/gente-do-campo-conheca-ivone-baziolli-que-estudou-ate-a-4a-serie-e-ajudou-a-desenvolver-principais-tipos-de-cafe-no-brasil\/#respond\"]}]},{\"@type\":\"WebPage\",\"@id\":\"https:\/\/www.institutodeengenharia.org.br\/site\/2021\/03\/31\/gente-do-campo-conheca-ivone-baziolli-que-estudou-ate-a-4a-serie-e-ajudou-a-desenvolver-principais-tipos-de-cafe-no-brasil\/\",\"url\":\"https:\/\/www.institutodeengenharia.org.br\/site\/2021\/03\/31\/gente-do-campo-conheca-ivone-baziolli-que-estudou-ate-a-4a-serie-e-ajudou-a-desenvolver-principais-tipos-de-cafe-no-brasil\/\",\"name\":\"Gente do campo: conhe\u00e7a Ivone Baziolli, que estudou at\u00e9 a 4\u00aa s\u00e9rie e ajudou a desenvolver principais tipos de caf\u00e9 no Brasil - Instituto de Engenharia\",\"isPartOf\":{\"@id\":\"https:\/\/www.institutodeengenharia.org.br\/site\/#website\"},\"primaryImageOfPage\":{\"@id\":\"https:\/\/www.institutodeengenharia.org.br\/site\/2021\/03\/31\/gente-do-campo-conheca-ivone-baziolli-que-estudou-ate-a-4a-serie-e-ajudou-a-desenvolver-principais-tipos-de-cafe-no-brasil\/#primaryimage\"},\"image\":{\"@id\":\"https:\/\/www.institutodeengenharia.org.br\/site\/2021\/03\/31\/gente-do-campo-conheca-ivone-baziolli-que-estudou-ate-a-4a-serie-e-ajudou-a-desenvolver-principais-tipos-de-cafe-no-brasil\/#primaryimage\"},\"thumbnailUrl\":\"https:\/\/www.institutodeengenharia.org.br\/site\/wp-content\/uploads\/2021\/03\/materiamulherescafe-1.webp\",\"datePublished\":\"2021-03-31T13:17:29+00:00\",\"dateModified\":\"2023-01-09T14:28:48+00:00\",\"breadcrumb\":{\"@id\":\"https:\/\/www.institutodeengenharia.org.br\/site\/2021\/03\/31\/gente-do-campo-conheca-ivone-baziolli-que-estudou-ate-a-4a-serie-e-ajudou-a-desenvolver-principais-tipos-de-cafe-no-brasil\/#breadcrumb\"},\"inLanguage\":\"pt-BR\",\"potentialAction\":[{\"@type\":\"ReadAction\",\"target\":[\"https:\/\/www.institutodeengenharia.org.br\/site\/2021\/03\/31\/gente-do-campo-conheca-ivone-baziolli-que-estudou-ate-a-4a-serie-e-ajudou-a-desenvolver-principais-tipos-de-cafe-no-brasil\/\"]}]},{\"@type\":\"ImageObject\",\"inLanguage\":\"pt-BR\",\"@id\":\"https:\/\/www.institutodeengenharia.org.br\/site\/2021\/03\/31\/gente-do-campo-conheca-ivone-baziolli-que-estudou-ate-a-4a-serie-e-ajudou-a-desenvolver-principais-tipos-de-cafe-no-brasil\/#primaryimage\",\"url\":\"https:\/\/www.institutodeengenharia.org.br\/site\/wp-content\/uploads\/2021\/03\/materiamulherescafe-1.webp\",\"contentUrl\":\"https:\/\/www.institutodeengenharia.org.br\/site\/wp-content\/uploads\/2021\/03\/materiamulherescafe-1.webp\",\"width\":690,\"height\":425},{\"@type\":\"BreadcrumbList\",\"@id\":\"https:\/\/www.institutodeengenharia.org.br\/site\/2021\/03\/31\/gente-do-campo-conheca-ivone-baziolli-que-estudou-ate-a-4a-serie-e-ajudou-a-desenvolver-principais-tipos-de-cafe-no-brasil\/#breadcrumb\",\"itemListElement\":[{\"@type\":\"ListItem\",\"position\":1,\"name\":\"In\u00edcio\",\"item\":\"https:\/\/www.institutodeengenharia.org.br\/site\/\"},{\"@type\":\"ListItem\",\"position\":2,\"name\":\"Gente do campo: conhe\u00e7a Ivone Baziolli, que estudou at\u00e9 a 4\u00aa s\u00e9rie e ajudou a desenvolver principais tipos de caf\u00e9 no Brasil\"}]},{\"@type\":\"WebSite\",\"@id\":\"https:\/\/www.institutodeengenharia.org.br\/site\/#website\",\"url\":\"https:\/\/www.institutodeengenharia.org.br\/site\/\",\"name\":\"Instituto de Engenharia\",\"description\":\"O Instituto de Engenharia promove a Engenharia em benef\u00edcio do desenvolvimento e da qualidade de vida da sociedade.\",\"publisher\":{\"@id\":\"https:\/\/www.institutodeengenharia.org.br\/site\/#organization\"},\"potentialAction\":[{\"@type\":\"SearchAction\",\"target\":{\"@type\":\"EntryPoint\",\"urlTemplate\":\"https:\/\/www.institutodeengenharia.org.br\/site\/?s={search_term_string}\"},\"query-input\":{\"@type\":\"PropertyValueSpecification\",\"valueRequired\":true,\"valueName\":\"search_term_string\"}}],\"inLanguage\":\"pt-BR\"},{\"@type\":\"Organization\",\"@id\":\"https:\/\/www.institutodeengenharia.org.br\/site\/#organization\",\"name\":\"Instituto de Engenharia\",\"url\":\"https:\/\/www.institutodeengenharia.org.br\/site\/\",\"logo\":{\"@type\":\"ImageObject\",\"inLanguage\":\"pt-BR\",\"@id\":\"https:\/\/www.institutodeengenharia.org.br\/site\/#\/schema\/logo\/image\/\",\"url\":\"https:\/\/www.institutodeengenharia.org.br\/site\/wp-content\/uploads\/2019\/03\/logo-novo-IE2018-1.jpg\",\"contentUrl\":\"https:\/\/www.institutodeengenharia.org.br\/site\/wp-content\/uploads\/2019\/03\/logo-novo-IE2018-1.jpg\",\"width\":1486,\"height\":1879,\"caption\":\"Instituto de Engenharia\"},\"image\":{\"@id\":\"https:\/\/www.institutodeengenharia.org.br\/site\/#\/schema\/logo\/image\/\"},\"sameAs\":[\"https:\/\/www.facebook.com\/institutodeengenharia\",\"https:\/\/x.com\/iengenharia\",\"https:\/\/www.instagram.com\/institutodeengenharia\/\",\"https:\/\/www.linkedin.com\/company\/instituto-de-engenharia\/\",\"https:\/\/www.youtube.com\/channel\/UCXiCAlsSMe977vamW915HxA\"]},{\"@type\":\"Person\",\"@id\":\"https:\/\/www.institutodeengenharia.org.br\/site\/#\/schema\/person\/aeb64951c405e100d26d30b033dd423f\",\"name\":\"Bianca\",\"image\":{\"@type\":\"ImageObject\",\"inLanguage\":\"pt-BR\",\"@id\":\"https:\/\/secure.gravatar.com\/avatar\/a6fbe9bff57405baf4c1e2c5c1811e072b558253974a9f9508f4678900c97c2a?s=96&d=mm&r=g\",\"url\":\"https:\/\/secure.gravatar.com\/avatar\/a6fbe9bff57405baf4c1e2c5c1811e072b558253974a9f9508f4678900c97c2a?s=96&d=mm&r=g\",\"contentUrl\":\"https:\/\/secure.gravatar.com\/avatar\/a6fbe9bff57405baf4c1e2c5c1811e072b558253974a9f9508f4678900c97c2a?s=96&d=mm&r=g\",\"caption\":\"Bianca\"},\"url\":\"https:\/\/www.institutodeengenharia.org.br\/site\/author\/comunicacao1\/\"}]}<\/script>\n<!-- \/ Yoast SEO plugin. -->","yoast_head_json":{"title":"Gente do campo: conhe\u00e7a Ivone Baziolli, que estudou at\u00e9 a 4\u00aa s\u00e9rie e ajudou a desenvolver principais tipos de caf\u00e9 no Brasil - Instituto de Engenharia","robots":{"index":"index","follow":"follow","max-snippet":"max-snippet:-1","max-image-preview":"max-image-preview:large","max-video-preview":"max-video-preview:-1"},"canonical":"https:\/\/www.institutodeengenharia.org.br\/site\/2021\/03\/31\/gente-do-campo-conheca-ivone-baziolli-que-estudou-ate-a-4a-serie-e-ajudou-a-desenvolver-principais-tipos-de-cafe-no-brasil\/","og_locale":"pt_BR","og_type":"article","og_title":"Gente do campo: conhe\u00e7a Ivone Baziolli, que estudou at\u00e9 a 4\u00aa s\u00e9rie e ajudou a desenvolver principais tipos de caf\u00e9 no Brasil","og_description":"Fonte: G1","og_url":"https:\/\/www.institutodeengenharia.org.br\/site\/2021\/03\/31\/gente-do-campo-conheca-ivone-baziolli-que-estudou-ate-a-4a-serie-e-ajudou-a-desenvolver-principais-tipos-de-cafe-no-brasil\/","og_site_name":"Instituto de Engenharia","article_publisher":"https:\/\/www.facebook.com\/institutodeengenharia","article_published_time":"2021-03-31T13:17:29+00:00","article_modified_time":"2023-01-09T14:28:48+00:00","og_image":[{"width":984,"height":1046,"url":"https:\/\/www.institutodeengenharia.org.br\/site\/wp-content\/uploads\/2021\/03\/materiamulherescafe.jpg","type":"image\/jpeg"}],"author":"Bianca","twitter_card":"summary_large_image","twitter_title":"Gente do campo: conhe\u00e7a Ivone Baziolli, que estudou at\u00e9 a 4\u00aa s\u00e9rie e ajudou a desenvolver principais tipos de caf\u00e9 no Brasil","twitter_description":"Fonte: G1","twitter_image":"https:\/\/www.institutodeengenharia.org.br\/site\/wp-content\/uploads\/2021\/03\/materiamulherescafe.jpg","twitter_creator":"@iengenharia","twitter_site":"@iengenharia","twitter_misc":{"Escrito por":"Bianca","Est. tempo de leitura":"8 minutos"},"schema":{"@context":"https:\/\/schema.org","@graph":[{"@type":"Article","@id":"https:\/\/www.institutodeengenharia.org.br\/site\/2021\/03\/31\/gente-do-campo-conheca-ivone-baziolli-que-estudou-ate-a-4a-serie-e-ajudou-a-desenvolver-principais-tipos-de-cafe-no-brasil\/#article","isPartOf":{"@id":"https:\/\/www.institutodeengenharia.org.br\/site\/2021\/03\/31\/gente-do-campo-conheca-ivone-baziolli-que-estudou-ate-a-4a-serie-e-ajudou-a-desenvolver-principais-tipos-de-cafe-no-brasil\/"},"author":{"name":"Bianca","@id":"https:\/\/www.institutodeengenharia.org.br\/site\/#\/schema\/person\/aeb64951c405e100d26d30b033dd423f"},"headline":"Gente do campo: conhe\u00e7a Ivone Baziolli, que estudou at\u00e9 a 4\u00aa s\u00e9rie e ajudou a desenvolver principais tipos de caf\u00e9 no Brasil","datePublished":"2021-03-31T13:17:29+00:00","dateModified":"2023-01-09T14:28:48+00:00","mainEntityOfPage":{"@id":"https:\/\/www.institutodeengenharia.org.br\/site\/2021\/03\/31\/gente-do-campo-conheca-ivone-baziolli-que-estudou-ate-a-4a-serie-e-ajudou-a-desenvolver-principais-tipos-de-cafe-no-brasil\/"},"wordCount":1420,"commentCount":0,"publisher":{"@id":"https:\/\/www.institutodeengenharia.org.br\/site\/#organization"},"image":{"@id":"https:\/\/www.institutodeengenharia.org.br\/site\/2021\/03\/31\/gente-do-campo-conheca-ivone-baziolli-que-estudou-ate-a-4a-serie-e-ajudou-a-desenvolver-principais-tipos-de-cafe-no-brasil\/#primaryimage"},"thumbnailUrl":"https:\/\/www.institutodeengenharia.org.br\/site\/wp-content\/uploads\/2021\/03\/materiamulherescafe-1.webp","keywords":["covid"],"articleSection":["Mulher","Not\u00edcias"],"inLanguage":"pt-BR","potentialAction":[{"@type":"CommentAction","name":"Comment","target":["https:\/\/www.institutodeengenharia.org.br\/site\/2021\/03\/31\/gente-do-campo-conheca-ivone-baziolli-que-estudou-ate-a-4a-serie-e-ajudou-a-desenvolver-principais-tipos-de-cafe-no-brasil\/#respond"]}]},{"@type":"WebPage","@id":"https:\/\/www.institutodeengenharia.org.br\/site\/2021\/03\/31\/gente-do-campo-conheca-ivone-baziolli-que-estudou-ate-a-4a-serie-e-ajudou-a-desenvolver-principais-tipos-de-cafe-no-brasil\/","url":"https:\/\/www.institutodeengenharia.org.br\/site\/2021\/03\/31\/gente-do-campo-conheca-ivone-baziolli-que-estudou-ate-a-4a-serie-e-ajudou-a-desenvolver-principais-tipos-de-cafe-no-brasil\/","name":"Gente do campo: conhe\u00e7a Ivone Baziolli, que estudou at\u00e9 a 4\u00aa s\u00e9rie e ajudou a desenvolver principais tipos de caf\u00e9 no Brasil - Instituto de Engenharia","isPartOf":{"@id":"https:\/\/www.institutodeengenharia.org.br\/site\/#website"},"primaryImageOfPage":{"@id":"https:\/\/www.institutodeengenharia.org.br\/site\/2021\/03\/31\/gente-do-campo-conheca-ivone-baziolli-que-estudou-ate-a-4a-serie-e-ajudou-a-desenvolver-principais-tipos-de-cafe-no-brasil\/#primaryimage"},"image":{"@id":"https:\/\/www.institutodeengenharia.org.br\/site\/2021\/03\/31\/gente-do-campo-conheca-ivone-baziolli-que-estudou-ate-a-4a-serie-e-ajudou-a-desenvolver-principais-tipos-de-cafe-no-brasil\/#primaryimage"},"thumbnailUrl":"https:\/\/www.institutodeengenharia.org.br\/site\/wp-content\/uploads\/2021\/03\/materiamulherescafe-1.webp","datePublished":"2021-03-31T13:17:29+00:00","dateModified":"2023-01-09T14:28:48+00:00","breadcrumb":{"@id":"https:\/\/www.institutodeengenharia.org.br\/site\/2021\/03\/31\/gente-do-campo-conheca-ivone-baziolli-que-estudou-ate-a-4a-serie-e-ajudou-a-desenvolver-principais-tipos-de-cafe-no-brasil\/#breadcrumb"},"inLanguage":"pt-BR","potentialAction":[{"@type":"ReadAction","target":["https:\/\/www.institutodeengenharia.org.br\/site\/2021\/03\/31\/gente-do-campo-conheca-ivone-baziolli-que-estudou-ate-a-4a-serie-e-ajudou-a-desenvolver-principais-tipos-de-cafe-no-brasil\/"]}]},{"@type":"ImageObject","inLanguage":"pt-BR","@id":"https:\/\/www.institutodeengenharia.org.br\/site\/2021\/03\/31\/gente-do-campo-conheca-ivone-baziolli-que-estudou-ate-a-4a-serie-e-ajudou-a-desenvolver-principais-tipos-de-cafe-no-brasil\/#primaryimage","url":"https:\/\/www.institutodeengenharia.org.br\/site\/wp-content\/uploads\/2021\/03\/materiamulherescafe-1.webp","contentUrl":"https:\/\/www.institutodeengenharia.org.br\/site\/wp-content\/uploads\/2021\/03\/materiamulherescafe-1.webp","width":690,"height":425},{"@type":"BreadcrumbList","@id":"https:\/\/www.institutodeengenharia.org.br\/site\/2021\/03\/31\/gente-do-campo-conheca-ivone-baziolli-que-estudou-ate-a-4a-serie-e-ajudou-a-desenvolver-principais-tipos-de-cafe-no-brasil\/#breadcrumb","itemListElement":[{"@type":"ListItem","position":1,"name":"In\u00edcio","item":"https:\/\/www.institutodeengenharia.org.br\/site\/"},{"@type":"ListItem","position":2,"name":"Gente do campo: conhe\u00e7a Ivone Baziolli, que estudou at\u00e9 a 4\u00aa s\u00e9rie e ajudou a desenvolver principais tipos de caf\u00e9 no Brasil"}]},{"@type":"WebSite","@id":"https:\/\/www.institutodeengenharia.org.br\/site\/#website","url":"https:\/\/www.institutodeengenharia.org.br\/site\/","name":"Instituto de Engenharia","description":"O Instituto de Engenharia promove a Engenharia em benef\u00edcio do desenvolvimento e da qualidade de vida da sociedade.","publisher":{"@id":"https:\/\/www.institutodeengenharia.org.br\/site\/#organization"},"potentialAction":[{"@type":"SearchAction","target":{"@type":"EntryPoint","urlTemplate":"https:\/\/www.institutodeengenharia.org.br\/site\/?s={search_term_string}"},"query-input":{"@type":"PropertyValueSpecification","valueRequired":true,"valueName":"search_term_string"}}],"inLanguage":"pt-BR"},{"@type":"Organization","@id":"https:\/\/www.institutodeengenharia.org.br\/site\/#organization","name":"Instituto de Engenharia","url":"https:\/\/www.institutodeengenharia.org.br\/site\/","logo":{"@type":"ImageObject","inLanguage":"pt-BR","@id":"https:\/\/www.institutodeengenharia.org.br\/site\/#\/schema\/logo\/image\/","url":"https:\/\/www.institutodeengenharia.org.br\/site\/wp-content\/uploads\/2019\/03\/logo-novo-IE2018-1.jpg","contentUrl":"https:\/\/www.institutodeengenharia.org.br\/site\/wp-content\/uploads\/2019\/03\/logo-novo-IE2018-1.jpg","width":1486,"height":1879,"caption":"Instituto de Engenharia"},"image":{"@id":"https:\/\/www.institutodeengenharia.org.br\/site\/#\/schema\/logo\/image\/"},"sameAs":["https:\/\/www.facebook.com\/institutodeengenharia","https:\/\/x.com\/iengenharia","https:\/\/www.instagram.com\/institutodeengenharia\/","https:\/\/www.linkedin.com\/company\/instituto-de-engenharia\/","https:\/\/www.youtube.com\/channel\/UCXiCAlsSMe977vamW915HxA"]},{"@type":"Person","@id":"https:\/\/www.institutodeengenharia.org.br\/site\/#\/schema\/person\/aeb64951c405e100d26d30b033dd423f","name":"Bianca","image":{"@type":"ImageObject","inLanguage":"pt-BR","@id":"https:\/\/secure.gravatar.com\/avatar\/a6fbe9bff57405baf4c1e2c5c1811e072b558253974a9f9508f4678900c97c2a?s=96&d=mm&r=g","url":"https:\/\/secure.gravatar.com\/avatar\/a6fbe9bff57405baf4c1e2c5c1811e072b558253974a9f9508f4678900c97c2a?s=96&d=mm&r=g","contentUrl":"https:\/\/secure.gravatar.com\/avatar\/a6fbe9bff57405baf4c1e2c5c1811e072b558253974a9f9508f4678900c97c2a?s=96&d=mm&r=g","caption":"Bianca"},"url":"https:\/\/www.institutodeengenharia.org.br\/site\/author\/comunicacao1\/"}]}},"_links":{"self":[{"href":"https:\/\/www.institutodeengenharia.org.br\/site\/wp-json\/wp\/v2\/posts\/79258","targetHints":{"allow":["GET"]}}],"collection":[{"href":"https:\/\/www.institutodeengenharia.org.br\/site\/wp-json\/wp\/v2\/posts"}],"about":[{"href":"https:\/\/www.institutodeengenharia.org.br\/site\/wp-json\/wp\/v2\/types\/post"}],"author":[{"embeddable":true,"href":"https:\/\/www.institutodeengenharia.org.br\/site\/wp-json\/wp\/v2\/users\/13"}],"replies":[{"embeddable":true,"href":"https:\/\/www.institutodeengenharia.org.br\/site\/wp-json\/wp\/v2\/comments?post=79258"}],"version-history":[{"count":1,"href":"https:\/\/www.institutodeengenharia.org.br\/site\/wp-json\/wp\/v2\/posts\/79258\/revisions"}],"predecessor-version":[{"id":79260,"href":"https:\/\/www.institutodeengenharia.org.br\/site\/wp-json\/wp\/v2\/posts\/79258\/revisions\/79260"}],"wp:featuredmedia":[{"embeddable":true,"href":"https:\/\/www.institutodeengenharia.org.br\/site\/wp-json\/wp\/v2\/media\/79261"}],"wp:attachment":[{"href":"https:\/\/www.institutodeengenharia.org.br\/site\/wp-json\/wp\/v2\/media?parent=79258"}],"wp:term":[{"taxonomy":"category","embeddable":true,"href":"https:\/\/www.institutodeengenharia.org.br\/site\/wp-json\/wp\/v2\/categories?post=79258"},{"taxonomy":"post_tag","embeddable":true,"href":"https:\/\/www.institutodeengenharia.org.br\/site\/wp-json\/wp\/v2\/tags?post=79258"}],"curies":[{"name":"wp","href":"https:\/\/api.w.org\/{rel}","templated":true}]}}