{"id":79127,"date":"2021-03-23T16:02:48","date_gmt":"2021-03-23T19:02:48","guid":{"rendered":"https:\/\/www.institutodeengenharia.org.br\/site\/?p=79127"},"modified":"2021-05-26T15:27:07","modified_gmt":"2021-05-26T18:27:07","slug":"lancamento-caderno-especial-amazonia-e-bioeconomia-2","status":"publish","type":"post","link":"https:\/\/www.institutodeengenharia.org.br\/site\/2021\/03\/23\/lancamento-caderno-especial-amazonia-e-bioeconomia-2\/","title":{"rendered":"Lan\u00e7amento Caderno Especial: Amaz\u00f4nia e Bioeconomia"},"content":{"rendered":"<p>&nbsp;<\/p>\n<p><strong>Assista abaixo \u00e0 grava\u00e7\u00e3o do evento:<\/strong><\/p>\n<p><iframe loading=\"lazy\" src=\"https:\/\/player.vimeo.com\/video\/528970780\" width=\"640\" height=\"564\" frameborder=\"0\" allowfullscreen=\"allowfullscreen\"><\/iframe><\/p>\n<p><strong>+ Informa\u00e7\u00f5es:\u00a0<\/strong><\/p>\n<p>Este webinar marca o lan\u00e7amento do caderno especial \u201cAmaz\u00f4nia e Bioeconomia\u201d. Ele representa uma contribui\u00e7\u00e3o do Instituto de Engenharia \u00e0 discuss\u00e3o sobre as oportunidades e desafios do Brasil na Bioeconomia, \u00e1rea em que j\u00e1 existem exemplos de sucesso, resultantes da coopera\u00e7\u00e3o entre institui\u00e7\u00f5es p\u00fablicas, governos e iniciativa privada. O Brasil precisa imaginar, discutir e escolher que desenvolvimento quer e pode fazer acontecer na Amaz\u00f4nia e, esta \u00e9 a motiva\u00e7\u00e3o central deste caderno especial.<\/p>\n<p>Durante as reuni\u00f5es realizadas com representantes da academia, do governo e do setor privado, ficou claro que o Pa\u00eds precisa investir com qualidade em Educa\u00e7\u00e3o, Ci\u00eancia e Tecnologia para inovar e se apropriar de seu mais significativo diferencial para o s\u00e9culo XXI: ter a maior biodiversidade do planeta, parte significativa dela na Amaz\u00f4nia.<\/p>\n<p>Cuidar da preserva\u00e7\u00e3o dos recursos naturais necess\u00e1rios para Bioeconomia \u00e9 uma condi\u00e7\u00e3o necess\u00e1ria e n\u00e3o suficiente. Sabemos que no momento existem amea\u00e7as importantes para Amaz\u00f4nia, seja do ponto de vista econ\u00f4mico, geopol\u00edtico que suas riquezas representam, ou mesmo do desmatamento que est\u00e1 no limite de disparar um desequil\u00edbrio no ecossistema da floresta que resultaria na savaniza\u00e7\u00e3o de parte significativa da sua \u00e1rea.<\/p>\n<p>Para que o Pa\u00eds torne-se uma pot\u00eancia mundial da Bioeconomia, transforma\u00e7\u00f5es importantes precisar\u00e3o ser enfrentadas por nossa sociedade. Essas mudan\u00e7as podem levar anos ou at\u00e9 d\u00e9cadas e n\u00e3o h\u00e1 tempo a perder para inici\u00e1-las. A velocidade de implementa\u00e7\u00e3o de uma Estrat\u00e9gia Nacional para Bioecenomia \u00e9 sem d\u00favida o fator mais importante para que as oportunidades sejam aproveitadas.<\/p>\n<p>Durante o evento o caderno ser\u00e1 disponibilizado em primeira m\u00e3o para os participante e ser\u00e1 apresentada uma pauta para Debate e A\u00e7\u00e3o proposta pelo Instituto de Engenharia para o tema.<\/p>\n<p><strong>Caderno Especial:<\/strong><\/p>\n<p><img loading=\"lazy\" decoding=\"async\" class=\"alignnone wp-image-78435 td-animation-stack-type0-2\" src=\"https:\/\/www.institutodeengenharia.org.br\/site\/wp-content\/uploads\/2021\/03\/Capa_provisariaIE-Amazonia-e-Biodiversidade-scaled.jpg\" alt=\"\" width=\"326\" height=\"462\" srcset=\"https:\/\/www.institutodeengenharia.org.br\/site\/wp-content\/uploads\/2021\/03\/Capa_provisariaIE-Amazonia-e-Biodiversidade-scaled.jpg 1810w, https:\/\/www.institutodeengenharia.org.br\/site\/wp-content\/uploads\/2021\/03\/Capa_provisariaIE-Amazonia-e-Biodiversidade-212x300.jpg 212w, https:\/\/www.institutodeengenharia.org.br\/site\/wp-content\/uploads\/2021\/03\/Capa_provisariaIE-Amazonia-e-Biodiversidade-724x1024.jpg 724w, https:\/\/www.institutodeengenharia.org.br\/site\/wp-content\/uploads\/2021\/03\/Capa_provisariaIE-Amazonia-e-Biodiversidade-768x1086.jpg 768w, https:\/\/www.institutodeengenharia.org.br\/site\/wp-content\/uploads\/2021\/03\/Capa_provisariaIE-Amazonia-e-Biodiversidade-1086x1536.jpg 1086w, https:\/\/www.institutodeengenharia.org.br\/site\/wp-content\/uploads\/2021\/03\/Capa_provisariaIE-Amazonia-e-Biodiversidade-1448x2048.jpg 1448w, https:\/\/www.institutodeengenharia.org.br\/site\/wp-content\/uploads\/2021\/03\/Capa_provisariaIE-Amazonia-e-Biodiversidade-696x985.jpg 696w, https:\/\/www.institutodeengenharia.org.br\/site\/wp-content\/uploads\/2021\/03\/Capa_provisariaIE-Amazonia-e-Biodiversidade-1068x1511.jpg 1068w, https:\/\/www.institutodeengenharia.org.br\/site\/wp-content\/uploads\/2021\/03\/Capa_provisariaIE-Amazonia-e-Biodiversidade-1920x2716.jpg 1920w, https:\/\/www.institutodeengenharia.org.br\/site\/wp-content\/uploads\/2021\/03\/Capa_provisariaIE-Amazonia-e-Biodiversidade-297x420.jpg 297w, https:\/\/www.institutodeengenharia.org.br\/site\/wp-content\/uploads\/2021\/03\/Capa_provisariaIE-Amazonia-e-Biodiversidade-600x849.jpg 600w\" sizes=\"auto, (max-width: 326px) 100vw, 326px\" \/><\/p>\n<p><strong>P\u00fablico-alvo:<\/strong><\/p>\n<p>Todos profissionais interessados no desenvolvimento do Brasil, na CT&amp;I e no uso sustent\u00e1vel dos recursos naturais do Pa\u00eds.<\/p>\n<p><strong>Palestrante:<\/strong><\/p>\n<p><img loading=\"lazy\" decoding=\"async\" class=\"alignnone wp-image-78433 td-animation-stack-type0-2\" src=\"https:\/\/www.institutodeengenharia.org.br\/site\/wp-content\/uploads\/2021\/03\/Carlos-Nobre-1.jpg\" alt=\"\" width=\"140\" height=\"151\" srcset=\"https:\/\/www.institutodeengenharia.org.br\/site\/wp-content\/uploads\/2021\/03\/Carlos-Nobre-1.jpg 422w, https:\/\/www.institutodeengenharia.org.br\/site\/wp-content\/uploads\/2021\/03\/Carlos-Nobre-1-276x300.jpg 276w, https:\/\/www.institutodeengenharia.org.br\/site\/wp-content\/uploads\/2021\/03\/Carlos-Nobre-1-386x420.jpg 386w\" sizes=\"auto, (max-width: 140px) 100vw, 140px\" \/><\/p>\n<p><strong>Carlos Nobre<\/strong><\/p>\n<p>Eminente Engenheiro do ano 2020 e pesquisador do IEA da USP<\/p>\n<p>Engenheiro Eletr\u00f4nico pelo Instituto Tecnol\u00f3gico de Aeron\u00e1utica e com doutorado em Meteorologia pelo Massachusetts Institute of Technology. Entre suas muitas atribui\u00e7\u00f5es oficiais foi chefe do Centro de Previs\u00e3o de Tempo e Estudos Clim\u00e1ticos e do Centro de Ci\u00eancia do Sistema Terrestre do INPE, titular da Secretaria de Pol\u00edticas e Programas de Pesquisa e Desenvolvimento do Minist\u00e9rio da Ci\u00eancia e Tecnologia e Inova\u00e7\u00e3o, diretor do Instituto Nacional de Ci\u00eancia e Tecnologia para Mudan\u00e7as Clim\u00e1ticas, presidente do Conselho Diretor e vice-presidente do Comit\u00ea Cient\u00edfico do Painel Brasileiro de Mudan\u00e7as Clim\u00e1ticas, secret\u00e1rio-executivo da Rede Brasileira de Pesquisas sobre Mudan\u00e7as Clim\u00e1ticas Globais, chefe do Comit\u00ea Cient\u00edfico do International Geosphere Biosphere Programme, Alto Conselheiro Cient\u00edfico do Panel on Global Sustainability da ONU e membro do Conselho Cient\u00edfico da Secretaria-Geral da ONU. \u00c9 membro da Academia Brasileira de Ci\u00eancias e da Academia de Ci\u00eancias dos Pa\u00edses em Desenvolvimento e senior fellow da divis\u00e3o brasileira do World Resources Institute. Foi um dos autores principais do Quarto Relat\u00f3rio do Painel Intergovernamental sobre Mudan\u00e7as Clim\u00e1ticas, pelo que recebeu, junto com toda a equipe envolvida, o Pr\u00eamio Nobel da Paz em 2007. No mesmo ano foi indicado um dos 100 brasileiros mais influentes pela Revista \u00c9poca, e Personalidade que Faz Diferen\u00e7a pelo jornal O Globo. Foi homenageado pelo Instituto de Engenharia com o t\u00edtulo de Eminente Engenheiro do Ano de 2020. Em 2021 a Associa\u00e7\u00e3o Americana para o Avan\u00e7o da Ci\u00eancia lhe conferiu o pr\u00eamio Diplomacia da Ci\u00eancia (Science Diplomacy), pela sua atua\u00e7\u00e3o na promo\u00e7\u00e3o da Ci\u00eancia.<\/p>\n<p><img loading=\"lazy\" decoding=\"async\" class=\"alignnone wp-image-78434 td-animation-stack-type0-2\" src=\"https:\/\/www.institutodeengenharia.org.br\/site\/wp-content\/uploads\/2021\/03\/ANA-EULER.jpg\" alt=\"\" width=\"140\" height=\"152\" \/><\/p>\n<p><strong>Ana Euler<\/strong><\/p>\n<p>Pesquisadora Embrapa<\/p>\n<p>Engenheira Florestal pela Universidade Federal Rural do Rio de Janeiro (1998), Mestre (2002) e Doutora (2006) em Ci\u00eancias Ambientais e Florestais pela Graduate School of Environment and Information Science- Yokohama National University, Jap\u00e3o. Entre 2003 e 2008 atuou como t\u00e9cnica especializada em Conserva\u00e7\u00e3o da Amaz\u00f4nia no WWF-Brasil exercendo a coordena\u00e7\u00e3o do programa Sudoeste da Amaz\u00f4nia, respons\u00e1vel pela capta\u00e7\u00e3o de recursos e gest\u00e3o de projetos de conserva\u00e7\u00e3o desenvolvidos em parceria com organiza\u00e7\u00f5es de governo e da sociedade civil no Acre, Rond\u00f4nia e sul do Amazonas. Desde de 2008 atua como Pesquisadora A da Embrapa Amap\u00e1, na \u00e1rea de manejo de recursos naturais e como Assessora de Rela\u00e7\u00f5es Internacionais. Entre 2011 e 2014 esteve cedida para o Governo do Estado do Amap\u00e1 onde exerceu o cargo de Diretora-Presidente do Instituto Estadual de Florestas, implementando o Programa de Desenvolvimento da Produ\u00e7\u00e3o Extrativista \u2013 PROEXTRATIVISMO, Programa de Concess\u00f5es Florestais, lan\u00e7ou o Programa Estadual de Florestas do Amap\u00e1 e o F\u00f3rum Amapaense de Mudan\u00e7as Clim\u00e1ticas. Entre 2012 e 2014 foi Produtora e apresentadora do programa de r\u00e1dio Vozes da Floresta (R\u00e1dio Difusora 360 AM). Atualmente \u00e9 Membro do F\u00f3rum de Acompanhamento dos Conflitos Agr\u00e1rios e do Desenvolvimento do Amap\u00e1 ? FACADE onde atua como volunt\u00e1ria na produ\u00e7\u00e3o e apresenta\u00e7\u00e3o do programa de r\u00e1dio Fala, Amaz\u00f4nia! (96,9 FM) em parceria com o curso de Geografia Agr\u00e1ria da UNIFAP. Tem como principal regi\u00e3o de atua\u00e7\u00e3o a Amaz\u00f4nia, com passagens pela \u00c1frica (Burkina Faso, Qu\u00eania, Gana), em projetos de pesquisa e extens\u00e3o nas \u00e1reas de manejo florestal comunit\u00e1rio, agroextrativismo, etnobot\u00e2nica, socioeconomia, cadeias de valor dos produtos da sociobiodiversidade e servi\u00e7os ecossist\u00eamicos.<\/p>\n<p><img loading=\"lazy\" decoding=\"async\" class=\"alignnone wp-image-77772 td-animation-stack-type0-2\" src=\"https:\/\/www.institutodeengenharia.org.br\/site\/wp-content\/uploads\/2021\/02\/George-Paulus.jpg\" alt=\"\" width=\"139\" height=\"139\" srcset=\"https:\/\/www.institutodeengenharia.org.br\/site\/wp-content\/uploads\/2021\/02\/George-Paulus.jpg 597w, https:\/\/www.institutodeengenharia.org.br\/site\/wp-content\/uploads\/2021\/02\/George-Paulus-300x300.jpg 300w, https:\/\/www.institutodeengenharia.org.br\/site\/wp-content\/uploads\/2021\/02\/George-Paulus-150x150.jpg 150w, https:\/\/www.institutodeengenharia.org.br\/site\/wp-content\/uploads\/2021\/02\/George-Paulus-420x420.jpg 420w, https:\/\/www.institutodeengenharia.org.br\/site\/wp-content\/uploads\/2021\/02\/George-Paulus-100x100.jpg 100w\" sizes=\"auto, (max-width: 139px) 100vw, 139px\" \/><\/p>\n<p><strong>George Paulus<\/strong><\/p>\n<p>Conselheiro do Instituto de Engenharia<\/p>\n<p>Engenheiro de Produ\u00e7\u00e3o (Poli-USP), mestre na \u00e1rea de Log\u00edstica e doutor pela mesma escola. Iniciou sua carreira na Engenharia como consultor nas \u00e1reas de gest\u00e3o da cadeia de suprimentos e de gest\u00e3o de projetos. Empreendedor na \u00e1rea de desenvolvimento de software. Experi\u00eancia como professor nas \u00e1reas de Gest\u00e3o da Cadeia de Suprimentos, Gest\u00e3o de Projetos e T\u00f3picos Avan\u00e7ados de Sustentabilidade.<\/p>\n<p><strong>Apoio \u00e0 forma\u00e7\u00e3o:<\/strong><\/p>\n<p>Espa\u00e7o aberto ao CREA-SP, objetivando o aperfei\u00e7oamento dos profissionais e o aprimoramento da fiscaliza\u00e7\u00e3o das \u00e1reas abrangidas pelo Sistema Confea\/CREAs, al\u00e9m de promover a conscientiza\u00e7\u00e3o da sociedade quanto \u00e0 necessidade e obrigatoriedade de contratar um profissional devidamente habilitado.<\/p>\n<p><strong>Realiza\u00e7\u00e3o:<\/strong><\/p>\n<p><img loading=\"lazy\" decoding=\"async\" class=\"alignnone wp-image-69924 td-animation-stack-type0-2\" src=\"https:\/\/www.institutodeengenharia.org.br\/site\/wp-content\/uploads\/2020\/08\/logo-novo-IE2018-2.png\" alt=\"\" width=\"253\" height=\"77\" srcset=\"https:\/\/www.institutodeengenharia.org.br\/site\/wp-content\/uploads\/2020\/08\/logo-novo-IE2018-2.png 3040w, https:\/\/www.institutodeengenharia.org.br\/site\/wp-content\/uploads\/2020\/08\/logo-novo-IE2018-2-300x91.png 300w, https:\/\/www.institutodeengenharia.org.br\/site\/wp-content\/uploads\/2020\/08\/logo-novo-IE2018-2-768x234.png 768w, https:\/\/www.institutodeengenharia.org.br\/site\/wp-content\/uploads\/2020\/08\/logo-novo-IE2018-2-1024x312.png 1024w, https:\/\/www.institutodeengenharia.org.br\/site\/wp-content\/uploads\/2020\/08\/logo-novo-IE2018-2-696x212.png 696w, https:\/\/www.institutodeengenharia.org.br\/site\/wp-content\/uploads\/2020\/08\/logo-novo-IE2018-2-1068x325.png 1068w, https:\/\/www.institutodeengenharia.org.br\/site\/wp-content\/uploads\/2020\/08\/logo-novo-IE2018-2-1379x420.png 1379w, https:\/\/www.institutodeengenharia.org.br\/site\/wp-content\/uploads\/2020\/08\/logo-novo-IE2018-2-1920x585.png 1920w, https:\/\/www.institutodeengenharia.org.br\/site\/wp-content\/uploads\/2020\/08\/logo-novo-IE2018-2-600x183.png 600w\" sizes=\"auto, (max-width: 253px) 100vw, 253px\" \/><\/p>\n<p><strong>Apoio Institucional:<\/strong><\/p>\n<p><img loading=\"lazy\" decoding=\"async\" class=\"wp-image-34556 alignleft td-animation-stack-type0-2\" src=\"https:\/\/www.institutodeengenharia.org.br\/site\/wp-content\/uploads\/2018\/04\/CREA-SP_vertical.jpg\" alt=\"\" width=\"136\" height=\"96\" srcset=\"https:\/\/www.institutodeengenharia.org.br\/site\/wp-content\/uploads\/2018\/04\/CREA-SP_vertical.jpg 150w, https:\/\/www.institutodeengenharia.org.br\/site\/wp-content\/uploads\/2018\/04\/CREA-SP_vertical-100x70.jpg 100w\" sizes=\"auto, (max-width: 136px) 100vw, 136px\" \/><\/p>\n<p>&nbsp;<\/p>\n<p>&nbsp;<\/p>\n<p>&nbsp;<\/p>\n","protected":false},"excerpt":{"rendered":"<p>&nbsp; Assista abaixo \u00e0 grava\u00e7\u00e3o do evento: + Informa\u00e7\u00f5es:\u00a0 Este webinar marca o lan\u00e7amento do caderno especial \u201cAmaz\u00f4nia e Bioeconomia\u201d. Ele representa uma contribui\u00e7\u00e3o do Instituto de Engenharia \u00e0 discuss\u00e3o sobre as oportunidades e desafios do Brasil na Bioeconomia, \u00e1rea em que j\u00e1 existem exemplos de sucesso, resultantes da coopera\u00e7\u00e3o entre institui\u00e7\u00f5es p\u00fablicas, governos e [&hellip;]<\/p>\n","protected":false},"author":13,"featured_media":79039,"comment_status":"open","ping_status":"open","sticky":false,"template":"","format":"standard","meta":{"footnotes":""},"categories":[968,969],"tags":[],"class_list":{"0":"post-79127","1":"post","2":"type-post","3":"status-publish","4":"format-standard","5":"has-post-thumbnail","7":"category-nova-tv-engenharia","8":"category-palestra"},"yoast_head":"<!-- This site is optimized with the Yoast SEO plugin v27.2 - https:\/\/yoast.com\/product\/yoast-seo-wordpress\/ -->\n<title>Lan\u00e7amento Caderno Especial: Amaz\u00f4nia e Bioeconomia - Instituto de Engenharia<\/title>\n<meta name=\"robots\" content=\"index, follow, max-snippet:-1, max-image-preview:large, max-video-preview:-1\" \/>\n<link rel=\"canonical\" href=\"https:\/\/www.institutodeengenharia.org.br\/site\/2021\/03\/23\/lancamento-caderno-especial-amazonia-e-bioeconomia-2\/\" \/>\n<meta property=\"og:locale\" content=\"pt_BR\" \/>\n<meta property=\"og:type\" content=\"article\" \/>\n<meta property=\"og:title\" content=\"Lan\u00e7amento Caderno Especial: Amaz\u00f4nia e Bioeconomia\" \/>\n<meta property=\"og:description\" content=\"Assista \u00e0 grava\u00e7\u00e3o do evento\" \/>\n<meta property=\"og:url\" content=\"https:\/\/www.institutodeengenharia.org.br\/site\/2021\/03\/23\/lancamento-caderno-especial-amazonia-e-bioeconomia-2\/\" \/>\n<meta property=\"og:site_name\" content=\"Instituto de Engenharia\" \/>\n<meta property=\"article:publisher\" content=\"https:\/\/www.facebook.com\/institutodeengenharia\" \/>\n<meta property=\"article:published_time\" content=\"2021-03-23T19:02:48+00:00\" \/>\n<meta property=\"article:modified_time\" content=\"2021-05-26T18:27:07+00:00\" \/>\n<meta property=\"og:image\" content=\"https:\/\/www.institutodeengenharia.org.br\/site\/wp-content\/uploads\/2021\/03\/Lancamento-Caderno-Especial_Amazonia-e-Bioeconomia-2.jpg\" \/>\n\t<meta property=\"og:image:width\" content=\"1034\" \/>\n\t<meta property=\"og:image:height\" content=\"540\" \/>\n\t<meta property=\"og:image:type\" content=\"image\/jpeg\" \/>\n<meta name=\"author\" content=\"Bianca\" \/>\n<meta name=\"twitter:card\" content=\"summary_large_image\" \/>\n<meta name=\"twitter:title\" content=\"Lan\u00e7amento Caderno Especial: Amaz\u00f4nia e Bioeconomia\" \/>\n<meta name=\"twitter:description\" content=\"Assista \u00e0 grava\u00e7\u00e3o do evento\" \/>\n<meta name=\"twitter:image\" content=\"https:\/\/www.institutodeengenharia.org.br\/site\/wp-content\/uploads\/2021\/03\/Lancamento-Caderno-Especial_Amazonia-e-Bioeconomia-2.jpg\" \/>\n<meta name=\"twitter:creator\" content=\"@iengenharia\" \/>\n<meta name=\"twitter:site\" content=\"@iengenharia\" \/>\n<meta name=\"twitter:label1\" content=\"Escrito por\" \/>\n\t<meta name=\"twitter:data1\" content=\"Bianca\" \/>\n\t<meta name=\"twitter:label2\" content=\"Est. tempo de leitura\" \/>\n\t<meta name=\"twitter:data2\" content=\"6 minutos\" \/>\n<script type=\"application\/ld+json\" class=\"yoast-schema-graph\">{\"@context\":\"https:\/\/schema.org\",\"@graph\":[{\"@type\":\"Article\",\"@id\":\"https:\/\/www.institutodeengenharia.org.br\/site\/2021\/03\/23\/lancamento-caderno-especial-amazonia-e-bioeconomia-2\/#article\",\"isPartOf\":{\"@id\":\"https:\/\/www.institutodeengenharia.org.br\/site\/2021\/03\/23\/lancamento-caderno-especial-amazonia-e-bioeconomia-2\/\"},\"author\":{\"name\":\"Bianca\",\"@id\":\"https:\/\/www.institutodeengenharia.org.br\/site\/#\/schema\/person\/aeb64951c405e100d26d30b033dd423f\"},\"headline\":\"Lan\u00e7amento Caderno Especial: Amaz\u00f4nia e Bioeconomia\",\"datePublished\":\"2021-03-23T19:02:48+00:00\",\"dateModified\":\"2021-05-26T18:27:07+00:00\",\"mainEntityOfPage\":{\"@id\":\"https:\/\/www.institutodeengenharia.org.br\/site\/2021\/03\/23\/lancamento-caderno-especial-amazonia-e-bioeconomia-2\/\"},\"wordCount\":1069,\"commentCount\":0,\"publisher\":{\"@id\":\"https:\/\/www.institutodeengenharia.org.br\/site\/#organization\"},\"image\":{\"@id\":\"https:\/\/www.institutodeengenharia.org.br\/site\/2021\/03\/23\/lancamento-caderno-especial-amazonia-e-bioeconomia-2\/#primaryimage\"},\"thumbnailUrl\":\"https:\/\/www.institutodeengenharia.org.br\/site\/wp-content\/uploads\/2021\/03\/materiadanosamazonia-1-2.webp\",\"articleSection\":[\"Nova TV Engenharia\",\"Palestra\"],\"inLanguage\":\"pt-BR\",\"potentialAction\":[{\"@type\":\"CommentAction\",\"name\":\"Comment\",\"target\":[\"https:\/\/www.institutodeengenharia.org.br\/site\/2021\/03\/23\/lancamento-caderno-especial-amazonia-e-bioeconomia-2\/#respond\"]}]},{\"@type\":\"WebPage\",\"@id\":\"https:\/\/www.institutodeengenharia.org.br\/site\/2021\/03\/23\/lancamento-caderno-especial-amazonia-e-bioeconomia-2\/\",\"url\":\"https:\/\/www.institutodeengenharia.org.br\/site\/2021\/03\/23\/lancamento-caderno-especial-amazonia-e-bioeconomia-2\/\",\"name\":\"Lan\u00e7amento Caderno Especial: Amaz\u00f4nia e Bioeconomia - Instituto de Engenharia\",\"isPartOf\":{\"@id\":\"https:\/\/www.institutodeengenharia.org.br\/site\/#website\"},\"primaryImageOfPage\":{\"@id\":\"https:\/\/www.institutodeengenharia.org.br\/site\/2021\/03\/23\/lancamento-caderno-especial-amazonia-e-bioeconomia-2\/#primaryimage\"},\"image\":{\"@id\":\"https:\/\/www.institutodeengenharia.org.br\/site\/2021\/03\/23\/lancamento-caderno-especial-amazonia-e-bioeconomia-2\/#primaryimage\"},\"thumbnailUrl\":\"https:\/\/www.institutodeengenharia.org.br\/site\/wp-content\/uploads\/2021\/03\/materiadanosamazonia-1-2.webp\",\"datePublished\":\"2021-03-23T19:02:48+00:00\",\"dateModified\":\"2021-05-26T18:27:07+00:00\",\"breadcrumb\":{\"@id\":\"https:\/\/www.institutodeengenharia.org.br\/site\/2021\/03\/23\/lancamento-caderno-especial-amazonia-e-bioeconomia-2\/#breadcrumb\"},\"inLanguage\":\"pt-BR\",\"potentialAction\":[{\"@type\":\"ReadAction\",\"target\":[\"https:\/\/www.institutodeengenharia.org.br\/site\/2021\/03\/23\/lancamento-caderno-especial-amazonia-e-bioeconomia-2\/\"]}]},{\"@type\":\"ImageObject\",\"inLanguage\":\"pt-BR\",\"@id\":\"https:\/\/www.institutodeengenharia.org.br\/site\/2021\/03\/23\/lancamento-caderno-especial-amazonia-e-bioeconomia-2\/#primaryimage\",\"url\":\"https:\/\/www.institutodeengenharia.org.br\/site\/wp-content\/uploads\/2021\/03\/materiadanosamazonia-1-2.webp\",\"contentUrl\":\"https:\/\/www.institutodeengenharia.org.br\/site\/wp-content\/uploads\/2021\/03\/materiadanosamazonia-1-2.webp\",\"width\":790,\"height\":417},{\"@type\":\"BreadcrumbList\",\"@id\":\"https:\/\/www.institutodeengenharia.org.br\/site\/2021\/03\/23\/lancamento-caderno-especial-amazonia-e-bioeconomia-2\/#breadcrumb\",\"itemListElement\":[{\"@type\":\"ListItem\",\"position\":1,\"name\":\"In\u00edcio\",\"item\":\"https:\/\/www.institutodeengenharia.org.br\/site\/\"},{\"@type\":\"ListItem\",\"position\":2,\"name\":\"Lan\u00e7amento Caderno Especial: Amaz\u00f4nia e Bioeconomia\"}]},{\"@type\":\"WebSite\",\"@id\":\"https:\/\/www.institutodeengenharia.org.br\/site\/#website\",\"url\":\"https:\/\/www.institutodeengenharia.org.br\/site\/\",\"name\":\"Instituto de Engenharia\",\"description\":\"O Instituto de Engenharia promove a Engenharia em benef\u00edcio do desenvolvimento e da qualidade de vida da sociedade.\",\"publisher\":{\"@id\":\"https:\/\/www.institutodeengenharia.org.br\/site\/#organization\"},\"potentialAction\":[{\"@type\":\"SearchAction\",\"target\":{\"@type\":\"EntryPoint\",\"urlTemplate\":\"https:\/\/www.institutodeengenharia.org.br\/site\/?s={search_term_string}\"},\"query-input\":{\"@type\":\"PropertyValueSpecification\",\"valueRequired\":true,\"valueName\":\"search_term_string\"}}],\"inLanguage\":\"pt-BR\"},{\"@type\":\"Organization\",\"@id\":\"https:\/\/www.institutodeengenharia.org.br\/site\/#organization\",\"name\":\"Instituto de Engenharia\",\"url\":\"https:\/\/www.institutodeengenharia.org.br\/site\/\",\"logo\":{\"@type\":\"ImageObject\",\"inLanguage\":\"pt-BR\",\"@id\":\"https:\/\/www.institutodeengenharia.org.br\/site\/#\/schema\/logo\/image\/\",\"url\":\"https:\/\/www.institutodeengenharia.org.br\/site\/wp-content\/uploads\/2019\/03\/logo-novo-IE2018-1.jpg\",\"contentUrl\":\"https:\/\/www.institutodeengenharia.org.br\/site\/wp-content\/uploads\/2019\/03\/logo-novo-IE2018-1.jpg\",\"width\":1486,\"height\":1879,\"caption\":\"Instituto de Engenharia\"},\"image\":{\"@id\":\"https:\/\/www.institutodeengenharia.org.br\/site\/#\/schema\/logo\/image\/\"},\"sameAs\":[\"https:\/\/www.facebook.com\/institutodeengenharia\",\"https:\/\/x.com\/iengenharia\",\"https:\/\/www.instagram.com\/institutodeengenharia\/\",\"https:\/\/www.linkedin.com\/company\/instituto-de-engenharia\/\",\"https:\/\/www.youtube.com\/channel\/UCXiCAlsSMe977vamW915HxA\"]},{\"@type\":\"Person\",\"@id\":\"https:\/\/www.institutodeengenharia.org.br\/site\/#\/schema\/person\/aeb64951c405e100d26d30b033dd423f\",\"name\":\"Bianca\",\"image\":{\"@type\":\"ImageObject\",\"inLanguage\":\"pt-BR\",\"@id\":\"https:\/\/secure.gravatar.com\/avatar\/a6fbe9bff57405baf4c1e2c5c1811e072b558253974a9f9508f4678900c97c2a?s=96&d=mm&r=g\",\"url\":\"https:\/\/secure.gravatar.com\/avatar\/a6fbe9bff57405baf4c1e2c5c1811e072b558253974a9f9508f4678900c97c2a?s=96&d=mm&r=g\",\"contentUrl\":\"https:\/\/secure.gravatar.com\/avatar\/a6fbe9bff57405baf4c1e2c5c1811e072b558253974a9f9508f4678900c97c2a?s=96&d=mm&r=g\",\"caption\":\"Bianca\"},\"url\":\"https:\/\/www.institutodeengenharia.org.br\/site\/author\/comunicacao1\/\"}]}<\/script>\n<!-- \/ Yoast SEO plugin. -->","yoast_head_json":{"title":"Lan\u00e7amento Caderno Especial: Amaz\u00f4nia e Bioeconomia - Instituto de Engenharia","robots":{"index":"index","follow":"follow","max-snippet":"max-snippet:-1","max-image-preview":"max-image-preview:large","max-video-preview":"max-video-preview:-1"},"canonical":"https:\/\/www.institutodeengenharia.org.br\/site\/2021\/03\/23\/lancamento-caderno-especial-amazonia-e-bioeconomia-2\/","og_locale":"pt_BR","og_type":"article","og_title":"Lan\u00e7amento Caderno Especial: Amaz\u00f4nia e Bioeconomia","og_description":"Assista \u00e0 grava\u00e7\u00e3o do evento","og_url":"https:\/\/www.institutodeengenharia.org.br\/site\/2021\/03\/23\/lancamento-caderno-especial-amazonia-e-bioeconomia-2\/","og_site_name":"Instituto de Engenharia","article_publisher":"https:\/\/www.facebook.com\/institutodeengenharia","article_published_time":"2021-03-23T19:02:48+00:00","article_modified_time":"2021-05-26T18:27:07+00:00","og_image":[{"width":1034,"height":540,"url":"https:\/\/www.institutodeengenharia.org.br\/site\/wp-content\/uploads\/2021\/03\/Lancamento-Caderno-Especial_Amazonia-e-Bioeconomia-2.jpg","type":"image\/jpeg"}],"author":"Bianca","twitter_card":"summary_large_image","twitter_title":"Lan\u00e7amento Caderno Especial: Amaz\u00f4nia e Bioeconomia","twitter_description":"Assista \u00e0 grava\u00e7\u00e3o do evento","twitter_image":"https:\/\/www.institutodeengenharia.org.br\/site\/wp-content\/uploads\/2021\/03\/Lancamento-Caderno-Especial_Amazonia-e-Bioeconomia-2.jpg","twitter_creator":"@iengenharia","twitter_site":"@iengenharia","twitter_misc":{"Escrito por":"Bianca","Est. tempo de leitura":"6 minutos"},"schema":{"@context":"https:\/\/schema.org","@graph":[{"@type":"Article","@id":"https:\/\/www.institutodeengenharia.org.br\/site\/2021\/03\/23\/lancamento-caderno-especial-amazonia-e-bioeconomia-2\/#article","isPartOf":{"@id":"https:\/\/www.institutodeengenharia.org.br\/site\/2021\/03\/23\/lancamento-caderno-especial-amazonia-e-bioeconomia-2\/"},"author":{"name":"Bianca","@id":"https:\/\/www.institutodeengenharia.org.br\/site\/#\/schema\/person\/aeb64951c405e100d26d30b033dd423f"},"headline":"Lan\u00e7amento Caderno Especial: Amaz\u00f4nia e Bioeconomia","datePublished":"2021-03-23T19:02:48+00:00","dateModified":"2021-05-26T18:27:07+00:00","mainEntityOfPage":{"@id":"https:\/\/www.institutodeengenharia.org.br\/site\/2021\/03\/23\/lancamento-caderno-especial-amazonia-e-bioeconomia-2\/"},"wordCount":1069,"commentCount":0,"publisher":{"@id":"https:\/\/www.institutodeengenharia.org.br\/site\/#organization"},"image":{"@id":"https:\/\/www.institutodeengenharia.org.br\/site\/2021\/03\/23\/lancamento-caderno-especial-amazonia-e-bioeconomia-2\/#primaryimage"},"thumbnailUrl":"https:\/\/www.institutodeengenharia.org.br\/site\/wp-content\/uploads\/2021\/03\/materiadanosamazonia-1-2.webp","articleSection":["Nova TV Engenharia","Palestra"],"inLanguage":"pt-BR","potentialAction":[{"@type":"CommentAction","name":"Comment","target":["https:\/\/www.institutodeengenharia.org.br\/site\/2021\/03\/23\/lancamento-caderno-especial-amazonia-e-bioeconomia-2\/#respond"]}]},{"@type":"WebPage","@id":"https:\/\/www.institutodeengenharia.org.br\/site\/2021\/03\/23\/lancamento-caderno-especial-amazonia-e-bioeconomia-2\/","url":"https:\/\/www.institutodeengenharia.org.br\/site\/2021\/03\/23\/lancamento-caderno-especial-amazonia-e-bioeconomia-2\/","name":"Lan\u00e7amento Caderno Especial: Amaz\u00f4nia e Bioeconomia - Instituto de Engenharia","isPartOf":{"@id":"https:\/\/www.institutodeengenharia.org.br\/site\/#website"},"primaryImageOfPage":{"@id":"https:\/\/www.institutodeengenharia.org.br\/site\/2021\/03\/23\/lancamento-caderno-especial-amazonia-e-bioeconomia-2\/#primaryimage"},"image":{"@id":"https:\/\/www.institutodeengenharia.org.br\/site\/2021\/03\/23\/lancamento-caderno-especial-amazonia-e-bioeconomia-2\/#primaryimage"},"thumbnailUrl":"https:\/\/www.institutodeengenharia.org.br\/site\/wp-content\/uploads\/2021\/03\/materiadanosamazonia-1-2.webp","datePublished":"2021-03-23T19:02:48+00:00","dateModified":"2021-05-26T18:27:07+00:00","breadcrumb":{"@id":"https:\/\/www.institutodeengenharia.org.br\/site\/2021\/03\/23\/lancamento-caderno-especial-amazonia-e-bioeconomia-2\/#breadcrumb"},"inLanguage":"pt-BR","potentialAction":[{"@type":"ReadAction","target":["https:\/\/www.institutodeengenharia.org.br\/site\/2021\/03\/23\/lancamento-caderno-especial-amazonia-e-bioeconomia-2\/"]}]},{"@type":"ImageObject","inLanguage":"pt-BR","@id":"https:\/\/www.institutodeengenharia.org.br\/site\/2021\/03\/23\/lancamento-caderno-especial-amazonia-e-bioeconomia-2\/#primaryimage","url":"https:\/\/www.institutodeengenharia.org.br\/site\/wp-content\/uploads\/2021\/03\/materiadanosamazonia-1-2.webp","contentUrl":"https:\/\/www.institutodeengenharia.org.br\/site\/wp-content\/uploads\/2021\/03\/materiadanosamazonia-1-2.webp","width":790,"height":417},{"@type":"BreadcrumbList","@id":"https:\/\/www.institutodeengenharia.org.br\/site\/2021\/03\/23\/lancamento-caderno-especial-amazonia-e-bioeconomia-2\/#breadcrumb","itemListElement":[{"@type":"ListItem","position":1,"name":"In\u00edcio","item":"https:\/\/www.institutodeengenharia.org.br\/site\/"},{"@type":"ListItem","position":2,"name":"Lan\u00e7amento Caderno Especial: Amaz\u00f4nia e Bioeconomia"}]},{"@type":"WebSite","@id":"https:\/\/www.institutodeengenharia.org.br\/site\/#website","url":"https:\/\/www.institutodeengenharia.org.br\/site\/","name":"Instituto de Engenharia","description":"O Instituto de Engenharia promove a Engenharia em benef\u00edcio do desenvolvimento e da qualidade de vida da sociedade.","publisher":{"@id":"https:\/\/www.institutodeengenharia.org.br\/site\/#organization"},"potentialAction":[{"@type":"SearchAction","target":{"@type":"EntryPoint","urlTemplate":"https:\/\/www.institutodeengenharia.org.br\/site\/?s={search_term_string}"},"query-input":{"@type":"PropertyValueSpecification","valueRequired":true,"valueName":"search_term_string"}}],"inLanguage":"pt-BR"},{"@type":"Organization","@id":"https:\/\/www.institutodeengenharia.org.br\/site\/#organization","name":"Instituto de Engenharia","url":"https:\/\/www.institutodeengenharia.org.br\/site\/","logo":{"@type":"ImageObject","inLanguage":"pt-BR","@id":"https:\/\/www.institutodeengenharia.org.br\/site\/#\/schema\/logo\/image\/","url":"https:\/\/www.institutodeengenharia.org.br\/site\/wp-content\/uploads\/2019\/03\/logo-novo-IE2018-1.jpg","contentUrl":"https:\/\/www.institutodeengenharia.org.br\/site\/wp-content\/uploads\/2019\/03\/logo-novo-IE2018-1.jpg","width":1486,"height":1879,"caption":"Instituto de Engenharia"},"image":{"@id":"https:\/\/www.institutodeengenharia.org.br\/site\/#\/schema\/logo\/image\/"},"sameAs":["https:\/\/www.facebook.com\/institutodeengenharia","https:\/\/x.com\/iengenharia","https:\/\/www.instagram.com\/institutodeengenharia\/","https:\/\/www.linkedin.com\/company\/instituto-de-engenharia\/","https:\/\/www.youtube.com\/channel\/UCXiCAlsSMe977vamW915HxA"]},{"@type":"Person","@id":"https:\/\/www.institutodeengenharia.org.br\/site\/#\/schema\/person\/aeb64951c405e100d26d30b033dd423f","name":"Bianca","image":{"@type":"ImageObject","inLanguage":"pt-BR","@id":"https:\/\/secure.gravatar.com\/avatar\/a6fbe9bff57405baf4c1e2c5c1811e072b558253974a9f9508f4678900c97c2a?s=96&d=mm&r=g","url":"https:\/\/secure.gravatar.com\/avatar\/a6fbe9bff57405baf4c1e2c5c1811e072b558253974a9f9508f4678900c97c2a?s=96&d=mm&r=g","contentUrl":"https:\/\/secure.gravatar.com\/avatar\/a6fbe9bff57405baf4c1e2c5c1811e072b558253974a9f9508f4678900c97c2a?s=96&d=mm&r=g","caption":"Bianca"},"url":"https:\/\/www.institutodeengenharia.org.br\/site\/author\/comunicacao1\/"}]}},"_links":{"self":[{"href":"https:\/\/www.institutodeengenharia.org.br\/site\/wp-json\/wp\/v2\/posts\/79127","targetHints":{"allow":["GET"]}}],"collection":[{"href":"https:\/\/www.institutodeengenharia.org.br\/site\/wp-json\/wp\/v2\/posts"}],"about":[{"href":"https:\/\/www.institutodeengenharia.org.br\/site\/wp-json\/wp\/v2\/types\/post"}],"author":[{"embeddable":true,"href":"https:\/\/www.institutodeengenharia.org.br\/site\/wp-json\/wp\/v2\/users\/13"}],"replies":[{"embeddable":true,"href":"https:\/\/www.institutodeengenharia.org.br\/site\/wp-json\/wp\/v2\/comments?post=79127"}],"version-history":[{"count":1,"href":"https:\/\/www.institutodeengenharia.org.br\/site\/wp-json\/wp\/v2\/posts\/79127\/revisions"}],"predecessor-version":[{"id":79128,"href":"https:\/\/www.institutodeengenharia.org.br\/site\/wp-json\/wp\/v2\/posts\/79127\/revisions\/79128"}],"wp:featuredmedia":[{"embeddable":true,"href":"https:\/\/www.institutodeengenharia.org.br\/site\/wp-json\/wp\/v2\/media\/79039"}],"wp:attachment":[{"href":"https:\/\/www.institutodeengenharia.org.br\/site\/wp-json\/wp\/v2\/media?parent=79127"}],"wp:term":[{"taxonomy":"category","embeddable":true,"href":"https:\/\/www.institutodeengenharia.org.br\/site\/wp-json\/wp\/v2\/categories?post=79127"},{"taxonomy":"post_tag","embeddable":true,"href":"https:\/\/www.institutodeengenharia.org.br\/site\/wp-json\/wp\/v2\/tags?post=79127"}],"curies":[{"name":"wp","href":"https:\/\/api.w.org\/{rel}","templated":true}]}}