{"id":79124,"date":"2021-03-16T15:55:17","date_gmt":"2021-03-16T18:55:17","guid":{"rendered":"https:\/\/www.institutodeengenharia.org.br\/site\/?p=79124"},"modified":"2021-08-31T10:38:42","modified_gmt":"2021-08-31T13:38:42","slug":"ie-talks-ana-maria-primavesi-historias-de-vida-e-agroecologia","status":"publish","type":"post","link":"https:\/\/www.institutodeengenharia.org.br\/site\/2021\/03\/16\/ie-talks-ana-maria-primavesi-historias-de-vida-e-agroecologia\/","title":{"rendered":"IE TALKS: Ana Maria Primavesi &#8211; Hist\u00f3rias de vida e agroecologia"},"content":{"rendered":"<p>&nbsp;<\/p>\n<p><strong>Assista abaixo \u00e0 grava\u00e7\u00e3o do evento:<\/strong><\/p>\n<p><iframe loading=\"lazy\" src=\"https:\/\/player.vimeo.com\/video\/529460662\" width=\"640\" height=\"360\" frameborder=\"0\" allowfullscreen=\"allowfullscreen\"><\/iframe><\/p>\n<p><strong>+ Informa\u00e7\u00f5es:\u00a0<\/strong><\/p>\n<p>A palestra do livro\u00a0<strong>Ana Maria Primavesi \u2013 hist\u00f3rias de vida e agroecologia\u00a0<\/strong>faz parte da\u00a0<em>S\u00e9rie Biblioteca \u2013 Informa\u00e7\u00e3o viva, conhecimento aplicado<\/em>, uma realiza\u00e7\u00e3o do Instituto de Engenharia.<\/p>\n<p><strong>Abordagem:<\/strong><\/p>\n<p>Apresenta\u00e7\u00e3o do livro pelo autor.<\/p>\n<p><strong>Livro:<\/strong><\/p>\n<p><img loading=\"lazy\" decoding=\"async\" class=\"alignnone wp-image-78453 td-animation-stack-type0-2\" src=\"https:\/\/www.institutodeengenharia.org.br\/site\/wp-content\/uploads\/2021\/03\/IE-Talks_Ana-Maria-Primavesi-historias-de-vida-e-agroecologia.jpg\" alt=\"\" width=\"387\" height=\"564\" srcset=\"https:\/\/www.institutodeengenharia.org.br\/site\/wp-content\/uploads\/2021\/03\/IE-Talks_Ana-Maria-Primavesi-historias-de-vida-e-agroecologia.jpg 960w, https:\/\/www.institutodeengenharia.org.br\/site\/wp-content\/uploads\/2021\/03\/IE-Talks_Ana-Maria-Primavesi-historias-de-vida-e-agroecologia-206x300.jpg 206w, https:\/\/www.institutodeengenharia.org.br\/site\/wp-content\/uploads\/2021\/03\/IE-Talks_Ana-Maria-Primavesi-historias-de-vida-e-agroecologia-703x1024.jpg 703w, https:\/\/www.institutodeengenharia.org.br\/site\/wp-content\/uploads\/2021\/03\/IE-Talks_Ana-Maria-Primavesi-historias-de-vida-e-agroecologia-768x1119.jpg 768w, https:\/\/www.institutodeengenharia.org.br\/site\/wp-content\/uploads\/2021\/03\/IE-Talks_Ana-Maria-Primavesi-historias-de-vida-e-agroecologia-696x1014.jpg 696w, https:\/\/www.institutodeengenharia.org.br\/site\/wp-content\/uploads\/2021\/03\/IE-Talks_Ana-Maria-Primavesi-historias-de-vida-e-agroecologia-288x420.jpg 288w, https:\/\/www.institutodeengenharia.org.br\/site\/wp-content\/uploads\/2021\/03\/IE-Talks_Ana-Maria-Primavesi-historias-de-vida-e-agroecologia-600x874.jpg 600w\" sizes=\"auto, (max-width: 387px) 100vw, 387px\" \/><\/p>\n<p><strong>P\u00fablico-alvo:<\/strong><\/p>\n<p>Engenheiros, arquitetos, t\u00e9cnicos, estudantes e demais interessados.<\/p>\n<p><strong>Palestrante:<\/strong><\/p>\n<p><img loading=\"lazy\" decoding=\"async\" class=\"alignnone wp-image-78452 td-animation-stack-type0-2\" src=\"https:\/\/www.institutodeengenharia.org.br\/site\/wp-content\/uploads\/2021\/03\/Virginia-Mendonca-Knabben.jpg\" alt=\"\" width=\"150\" height=\"149\" srcset=\"https:\/\/www.institutodeengenharia.org.br\/site\/wp-content\/uploads\/2021\/03\/Virginia-Mendonca-Knabben.jpg 365w, https:\/\/www.institutodeengenharia.org.br\/site\/wp-content\/uploads\/2021\/03\/Virginia-Mendonca-Knabben-300x300.jpg 300w, https:\/\/www.institutodeengenharia.org.br\/site\/wp-content\/uploads\/2021\/03\/Virginia-Mendonca-Knabben-150x150.jpg 150w, https:\/\/www.institutodeengenharia.org.br\/site\/wp-content\/uploads\/2021\/03\/Virginia-Mendonca-Knabben-100x100.jpg 100w\" sizes=\"auto, (max-width: 150px) 100vw, 150px\" \/><\/p>\n<p><strong>Virg\u00ednia Mendon\u00e7a Knabben<\/strong><\/p>\n<p>Professora<\/p>\n<p>Formada em bacharelado e licenciatura em Geografia pela USP em 1999. Trabalhou na ONG Banco de Alimentos (1996) na \u00e1rea de Educa\u00e7\u00e3o, criando e desenvolvendo um projeto de Educa\u00e7\u00e3o para as escolas que abrangia quest\u00f5es ambientais e pol\u00edticas, principalmente relacionadas ao desperd\u00edcio de alimentos e consci\u00eancia da finitude dos recursos naturais. Antes trabalhou no col\u00e9gio Poliedro e no col\u00e9gio Vera Cruz. No ano de 2010 conheceu Ana Maria Primavesi, e se dedicou a escrever sua hist\u00f3ria. Lan\u00e7ou o livro em 2016 no mesmo dia em que Primavesi lan\u00e7a o livro \u201cA Conven\u00e7\u00e3o dos Ventos \u2013 Agroecologia em contos\u201d, pela editora Express\u00e3o Popular. Em 2019 idealizou e concebeu o site oficial da engenheira agr\u00f4noma (www.anamariaprimavesi.com.br), e hoje concilia suas atividades como professora com a administra\u00e7\u00e3o do site, das redes sociais ligadas ao nome de Ana Primavesi al\u00e9m de dar suporte \u00e0s novas publica\u00e7\u00f5es da autora na editora Express\u00e3o Popular.<\/p>\n<p><img loading=\"lazy\" decoding=\"async\" class=\"alignnone wp-image-78607 td-animation-stack-type0-2\" src=\"https:\/\/www.institutodeengenharia.org.br\/site\/wp-content\/uploads\/2021\/03\/Foto-para-Publicacoes-e1615896085822.jpg\" alt=\"\" width=\"143\" height=\"161\" srcset=\"https:\/\/www.institutodeengenharia.org.br\/site\/wp-content\/uploads\/2021\/03\/Foto-para-Publicacoes-e1615896085822.jpg 473w, https:\/\/www.institutodeengenharia.org.br\/site\/wp-content\/uploads\/2021\/03\/Foto-para-Publicacoes-e1615896085822-266x300.jpg 266w, https:\/\/www.institutodeengenharia.org.br\/site\/wp-content\/uploads\/2021\/03\/Foto-para-Publicacoes-e1615896085822-373x420.jpg 373w\" sizes=\"auto, (max-width: 143px) 100vw, 143px\" \/><\/p>\n<div>\n<div class=\"copy-paste-block\">\n<p><strong>Walter Lazzarini<\/strong><\/p>\n<p>Engenheiro Agr\u00f4nomo pela ESLQ-USP (1969). Deputado Estadual por SP em duas legislaturas, 1983-1987 e 1987-1991. Secret\u00e1rio de Agricultura e Abastecimento do ESP (1988-1990). Presidente da CETESB (1991-1993). Presidente do Conselho Superior de Meio Ambiente-COSEMA\/FIESP (2005-2018). Diretor da Lazzarini Consultoria Ambiental, atuante h\u00e1 25 anos.<\/p>\n<p><img loading=\"lazy\" decoding=\"async\" class=\"alignnone wp-image-78608 td-animation-stack-type0-2\" src=\"https:\/\/www.institutodeengenharia.org.br\/site\/wp-content\/uploads\/2021\/03\/MicrosoftTeams-image-e1615896149461.jpg\" alt=\"\" width=\"144\" height=\"164\" srcset=\"https:\/\/www.institutodeengenharia.org.br\/site\/wp-content\/uploads\/2021\/03\/MicrosoftTeams-image-e1615896149461.jpg 529w, https:\/\/www.institutodeengenharia.org.br\/site\/wp-content\/uploads\/2021\/03\/MicrosoftTeams-image-e1615896149461-264x300.jpg 264w, https:\/\/www.institutodeengenharia.org.br\/site\/wp-content\/uploads\/2021\/03\/MicrosoftTeams-image-e1615896149461-370x420.jpg 370w\" sizes=\"auto, (max-width: 144px) 100vw, 144px\" \/><\/p>\n<p><strong>Jos\u00e9 Pedro Coelho Santiago<\/strong><\/p>\n<p>Engenheiro Agr\u00f4nomo pela ESALQ-USP (1973). Um dos precursores do movimento org\u00e2nico no Brasil. Foi presidente da C\u00e2mara Tem\u00e1tica da Agricultura Org\u00e2nica. Consultor t\u00e9cnico e financeiro em Agricultura Org\u00e2nica. Fundador e 1\u00ba Presidente da Associa\u00e7\u00e3o de Agricultura Org\u00e2nica \u2013 AAO. 1\u00ba Presidente da C\u00e2mara Setorial de Agricultura Org\u00e2nica do Minist\u00e9rio da Agricultura. Conselheiro de Meio Ambiente da FIESP.<\/p>\n<p><strong>Apoio \u00e0 forma\u00e7\u00e3o:\u00a0<\/strong><\/p>\n<p>Espa\u00e7o aberto ao CREA-SP, objetivando o aperfei\u00e7oamento dos profissionais e o aprimoramento da fiscaliza\u00e7\u00e3o das \u00e1reas abrangidas pelo Sistema Confea\/CREAs, al\u00e9m de promover a conscientiza\u00e7\u00e3o da sociedade quanto \u00e0 necessidade e obrigatoriedade de contratar um profissional devidamente habilitado.<\/p>\n<p><strong>Apoio Institucional:<\/strong><\/p>\n<p><img loading=\"lazy\" decoding=\"async\" class=\"alignnone size-full wp-image-34556 td-animation-stack-type0-2\" src=\"https:\/\/www.institutodeengenharia.org.br\/site\/wp-content\/uploads\/2018\/04\/CREA-SP_vertical.jpg\" alt=\"\" width=\"150\" height=\"106\" srcset=\"https:\/\/www.institutodeengenharia.org.br\/site\/wp-content\/uploads\/2018\/04\/CREA-SP_vertical.jpg 150w, https:\/\/www.institutodeengenharia.org.br\/site\/wp-content\/uploads\/2018\/04\/CREA-SP_vertical-100x70.jpg 100w\" sizes=\"auto, (max-width: 150px) 100vw, 150px\" \/><\/p>\n<p><strong>Realiza\u00e7\u00e3o:<\/strong><\/p>\n<p><strong>Eng. Jer\u00f4nimo Cabral Pereira Fagundes Neto<\/strong>\u00a0\u2013 Vice-Presidente de Atividades T\u00e9cnicas<br \/>\n<strong>Eng. Henrique Jos\u00e9 Boneti<\/strong>\u00a0\u2013 Diretor do Departamento de Engenharia de Agroneg\u00f3cios<\/p>\n<\/div>\n<\/div>\n<p>&nbsp;<\/p>\n","protected":false},"excerpt":{"rendered":"<p>&nbsp; Assista abaixo \u00e0 grava\u00e7\u00e3o do evento: + Informa\u00e7\u00f5es:\u00a0 A palestra do livro\u00a0Ana Maria Primavesi \u2013 hist\u00f3rias de vida e agroecologia\u00a0faz parte da\u00a0S\u00e9rie Biblioteca \u2013 Informa\u00e7\u00e3o viva, conhecimento aplicado, uma realiza\u00e7\u00e3o do Instituto de Engenharia. Abordagem: Apresenta\u00e7\u00e3o do livro pelo autor. Livro: P\u00fablico-alvo: Engenheiros, arquitetos, t\u00e9cnicos, estudantes e demais interessados. Palestrante: Virg\u00ednia Mendon\u00e7a Knabben Professora [&hellip;]<\/p>\n","protected":false},"author":13,"featured_media":78453,"comment_status":"open","ping_status":"open","sticky":false,"template":"","format":"standard","meta":{"footnotes":""},"categories":[968,969],"tags":[],"class_list":{"0":"post-79124","1":"post","2":"type-post","3":"status-publish","4":"format-standard","5":"has-post-thumbnail","7":"category-nova-tv-engenharia","8":"category-palestra"},"yoast_head":"<!-- This site is optimized with the Yoast SEO plugin v27.2 - https:\/\/yoast.com\/product\/yoast-seo-wordpress\/ -->\n<title>IE TALKS: Ana Maria Primavesi - Hist\u00f3rias de vida e agroecologia - Instituto de Engenharia<\/title>\n<meta name=\"description\" content=\"agricultura, agroecol\u00f3gica, articula\u00e7\u00e3o nacional de agroecologia, agricultura agroecol\u00f3gica, agroecologia e agricultura org\u00e2nica\" \/>\n<meta name=\"robots\" content=\"index, follow, max-snippet:-1, max-image-preview:large, max-video-preview:-1\" \/>\n<link rel=\"canonical\" href=\"https:\/\/www.institutodeengenharia.org.br\/site\/2021\/03\/16\/ie-talks-ana-maria-primavesi-historias-de-vida-e-agroecologia\/\" \/>\n<meta property=\"og:locale\" content=\"pt_BR\" \/>\n<meta property=\"og:type\" content=\"article\" \/>\n<meta property=\"og:title\" content=\"IE TALKS: Ana Maria Primavesi - Hist\u00f3rias de vida e agroecologia\" \/>\n<meta property=\"og:description\" content=\"Assista \u00e0 grava\u00e7\u00e3o do evento\" \/>\n<meta property=\"og:url\" content=\"https:\/\/www.institutodeengenharia.org.br\/site\/2021\/03\/16\/ie-talks-ana-maria-primavesi-historias-de-vida-e-agroecologia\/\" \/>\n<meta property=\"og:site_name\" content=\"Instituto de Engenharia\" \/>\n<meta property=\"article:publisher\" content=\"https:\/\/www.facebook.com\/institutodeengenharia\" \/>\n<meta property=\"article:published_time\" content=\"2021-03-16T18:55:17+00:00\" \/>\n<meta property=\"article:modified_time\" content=\"2021-08-31T13:38:42+00:00\" \/>\n<meta property=\"og:image\" content=\"https:\/\/www.institutodeengenharia.org.br\/site\/wp-content\/uploads\/2019\/08\/tv_engenharia.jpg\" \/>\n\t<meta property=\"og:image:width\" content=\"1280\" \/>\n\t<meta property=\"og:image:height\" content=\"853\" \/>\n\t<meta property=\"og:image:type\" content=\"image\/jpeg\" \/>\n<meta name=\"author\" content=\"Bianca\" \/>\n<meta name=\"twitter:card\" content=\"summary_large_image\" \/>\n<meta name=\"twitter:title\" content=\"IE TALKS: Ana Maria Primavesi - Hist\u00f3rias de vida e agroecologia\" \/>\n<meta name=\"twitter:description\" content=\"Assista \u00e0 grava\u00e7\u00e3o do evento\" \/>\n<meta name=\"twitter:image\" content=\"https:\/\/www.institutodeengenharia.org.br\/site\/wp-content\/uploads\/2019\/08\/tv_engenharia.jpg\" \/>\n<meta name=\"twitter:creator\" content=\"@iengenharia\" \/>\n<meta name=\"twitter:site\" content=\"@iengenharia\" \/>\n<meta name=\"twitter:label1\" content=\"Escrito por\" \/>\n\t<meta name=\"twitter:data1\" content=\"Bianca\" \/>\n\t<meta name=\"twitter:label2\" content=\"Est. tempo de leitura\" \/>\n\t<meta name=\"twitter:data2\" content=\"3 minutos\" \/>\n<script type=\"application\/ld+json\" class=\"yoast-schema-graph\">{\"@context\":\"https:\/\/schema.org\",\"@graph\":[{\"@type\":\"Article\",\"@id\":\"https:\/\/www.institutodeengenharia.org.br\/site\/2021\/03\/16\/ie-talks-ana-maria-primavesi-historias-de-vida-e-agroecologia\/#article\",\"isPartOf\":{\"@id\":\"https:\/\/www.institutodeengenharia.org.br\/site\/2021\/03\/16\/ie-talks-ana-maria-primavesi-historias-de-vida-e-agroecologia\/\"},\"author\":{\"name\":\"Bianca\",\"@id\":\"https:\/\/www.institutodeengenharia.org.br\/site\/#\/schema\/person\/aeb64951c405e100d26d30b033dd423f\"},\"headline\":\"IE TALKS: Ana Maria Primavesi &#8211; Hist\u00f3rias de vida e agroecologia\",\"datePublished\":\"2021-03-16T18:55:17+00:00\",\"dateModified\":\"2021-08-31T13:38:42+00:00\",\"mainEntityOfPage\":{\"@id\":\"https:\/\/www.institutodeengenharia.org.br\/site\/2021\/03\/16\/ie-talks-ana-maria-primavesi-historias-de-vida-e-agroecologia\/\"},\"wordCount\":431,\"commentCount\":0,\"publisher\":{\"@id\":\"https:\/\/www.institutodeengenharia.org.br\/site\/#organization\"},\"image\":{\"@id\":\"https:\/\/www.institutodeengenharia.org.br\/site\/2021\/03\/16\/ie-talks-ana-maria-primavesi-historias-de-vida-e-agroecologia\/#primaryimage\"},\"thumbnailUrl\":\"https:\/\/www.institutodeengenharia.org.br\/site\/wp-content\/uploads\/2021\/03\/IE-Talks_Ana-Maria-Primavesi-historias-de-vida-e-agroecologia.jpg\",\"articleSection\":[\"Nova TV Engenharia\",\"Palestra\"],\"inLanguage\":\"pt-BR\",\"potentialAction\":[{\"@type\":\"CommentAction\",\"name\":\"Comment\",\"target\":[\"https:\/\/www.institutodeengenharia.org.br\/site\/2021\/03\/16\/ie-talks-ana-maria-primavesi-historias-de-vida-e-agroecologia\/#respond\"]}]},{\"@type\":\"WebPage\",\"@id\":\"https:\/\/www.institutodeengenharia.org.br\/site\/2021\/03\/16\/ie-talks-ana-maria-primavesi-historias-de-vida-e-agroecologia\/\",\"url\":\"https:\/\/www.institutodeengenharia.org.br\/site\/2021\/03\/16\/ie-talks-ana-maria-primavesi-historias-de-vida-e-agroecologia\/\",\"name\":\"IE TALKS: Ana Maria Primavesi - Hist\u00f3rias de vida e agroecologia - Instituto de Engenharia\",\"isPartOf\":{\"@id\":\"https:\/\/www.institutodeengenharia.org.br\/site\/#website\"},\"primaryImageOfPage\":{\"@id\":\"https:\/\/www.institutodeengenharia.org.br\/site\/2021\/03\/16\/ie-talks-ana-maria-primavesi-historias-de-vida-e-agroecologia\/#primaryimage\"},\"image\":{\"@id\":\"https:\/\/www.institutodeengenharia.org.br\/site\/2021\/03\/16\/ie-talks-ana-maria-primavesi-historias-de-vida-e-agroecologia\/#primaryimage\"},\"thumbnailUrl\":\"https:\/\/www.institutodeengenharia.org.br\/site\/wp-content\/uploads\/2021\/03\/IE-Talks_Ana-Maria-Primavesi-historias-de-vida-e-agroecologia.jpg\",\"datePublished\":\"2021-03-16T18:55:17+00:00\",\"dateModified\":\"2021-08-31T13:38:42+00:00\",\"description\":\"agricultura, agroecol\u00f3gica, articula\u00e7\u00e3o nacional de agroecologia, agricultura agroecol\u00f3gica, agroecologia e agricultura org\u00e2nica\",\"breadcrumb\":{\"@id\":\"https:\/\/www.institutodeengenharia.org.br\/site\/2021\/03\/16\/ie-talks-ana-maria-primavesi-historias-de-vida-e-agroecologia\/#breadcrumb\"},\"inLanguage\":\"pt-BR\",\"potentialAction\":[{\"@type\":\"ReadAction\",\"target\":[\"https:\/\/www.institutodeengenharia.org.br\/site\/2021\/03\/16\/ie-talks-ana-maria-primavesi-historias-de-vida-e-agroecologia\/\"]}]},{\"@type\":\"ImageObject\",\"inLanguage\":\"pt-BR\",\"@id\":\"https:\/\/www.institutodeengenharia.org.br\/site\/2021\/03\/16\/ie-talks-ana-maria-primavesi-historias-de-vida-e-agroecologia\/#primaryimage\",\"url\":\"https:\/\/www.institutodeengenharia.org.br\/site\/wp-content\/uploads\/2021\/03\/IE-Talks_Ana-Maria-Primavesi-historias-de-vida-e-agroecologia.jpg\",\"contentUrl\":\"https:\/\/www.institutodeengenharia.org.br\/site\/wp-content\/uploads\/2021\/03\/IE-Talks_Ana-Maria-Primavesi-historias-de-vida-e-agroecologia.jpg\",\"width\":960,\"height\":1399},{\"@type\":\"BreadcrumbList\",\"@id\":\"https:\/\/www.institutodeengenharia.org.br\/site\/2021\/03\/16\/ie-talks-ana-maria-primavesi-historias-de-vida-e-agroecologia\/#breadcrumb\",\"itemListElement\":[{\"@type\":\"ListItem\",\"position\":1,\"name\":\"In\u00edcio\",\"item\":\"https:\/\/www.institutodeengenharia.org.br\/site\/\"},{\"@type\":\"ListItem\",\"position\":2,\"name\":\"IE TALKS: Ana Maria Primavesi &#8211; Hist\u00f3rias de vida e agroecologia\"}]},{\"@type\":\"WebSite\",\"@id\":\"https:\/\/www.institutodeengenharia.org.br\/site\/#website\",\"url\":\"https:\/\/www.institutodeengenharia.org.br\/site\/\",\"name\":\"Instituto de Engenharia\",\"description\":\"O Instituto de Engenharia promove a Engenharia em benef\u00edcio do desenvolvimento e da qualidade de vida da sociedade.\",\"publisher\":{\"@id\":\"https:\/\/www.institutodeengenharia.org.br\/site\/#organization\"},\"potentialAction\":[{\"@type\":\"SearchAction\",\"target\":{\"@type\":\"EntryPoint\",\"urlTemplate\":\"https:\/\/www.institutodeengenharia.org.br\/site\/?s={search_term_string}\"},\"query-input\":{\"@type\":\"PropertyValueSpecification\",\"valueRequired\":true,\"valueName\":\"search_term_string\"}}],\"inLanguage\":\"pt-BR\"},{\"@type\":\"Organization\",\"@id\":\"https:\/\/www.institutodeengenharia.org.br\/site\/#organization\",\"name\":\"Instituto de Engenharia\",\"url\":\"https:\/\/www.institutodeengenharia.org.br\/site\/\",\"logo\":{\"@type\":\"ImageObject\",\"inLanguage\":\"pt-BR\",\"@id\":\"https:\/\/www.institutodeengenharia.org.br\/site\/#\/schema\/logo\/image\/\",\"url\":\"https:\/\/www.institutodeengenharia.org.br\/site\/wp-content\/uploads\/2019\/03\/logo-novo-IE2018-1.jpg\",\"contentUrl\":\"https:\/\/www.institutodeengenharia.org.br\/site\/wp-content\/uploads\/2019\/03\/logo-novo-IE2018-1.jpg\",\"width\":1486,\"height\":1879,\"caption\":\"Instituto de Engenharia\"},\"image\":{\"@id\":\"https:\/\/www.institutodeengenharia.org.br\/site\/#\/schema\/logo\/image\/\"},\"sameAs\":[\"https:\/\/www.facebook.com\/institutodeengenharia\",\"https:\/\/x.com\/iengenharia\",\"https:\/\/www.instagram.com\/institutodeengenharia\/\",\"https:\/\/www.linkedin.com\/company\/instituto-de-engenharia\/\",\"https:\/\/www.youtube.com\/channel\/UCXiCAlsSMe977vamW915HxA\"]},{\"@type\":\"Person\",\"@id\":\"https:\/\/www.institutodeengenharia.org.br\/site\/#\/schema\/person\/aeb64951c405e100d26d30b033dd423f\",\"name\":\"Bianca\",\"image\":{\"@type\":\"ImageObject\",\"inLanguage\":\"pt-BR\",\"@id\":\"https:\/\/secure.gravatar.com\/avatar\/a6fbe9bff57405baf4c1e2c5c1811e072b558253974a9f9508f4678900c97c2a?s=96&d=mm&r=g\",\"url\":\"https:\/\/secure.gravatar.com\/avatar\/a6fbe9bff57405baf4c1e2c5c1811e072b558253974a9f9508f4678900c97c2a?s=96&d=mm&r=g\",\"contentUrl\":\"https:\/\/secure.gravatar.com\/avatar\/a6fbe9bff57405baf4c1e2c5c1811e072b558253974a9f9508f4678900c97c2a?s=96&d=mm&r=g\",\"caption\":\"Bianca\"},\"url\":\"https:\/\/www.institutodeengenharia.org.br\/site\/author\/comunicacao1\/\"}]}<\/script>\n<!-- \/ Yoast SEO plugin. -->","yoast_head_json":{"title":"IE TALKS: Ana Maria Primavesi - Hist\u00f3rias de vida e agroecologia - Instituto de Engenharia","description":"agricultura, agroecol\u00f3gica, articula\u00e7\u00e3o nacional de agroecologia, agricultura agroecol\u00f3gica, agroecologia e agricultura org\u00e2nica","robots":{"index":"index","follow":"follow","max-snippet":"max-snippet:-1","max-image-preview":"max-image-preview:large","max-video-preview":"max-video-preview:-1"},"canonical":"https:\/\/www.institutodeengenharia.org.br\/site\/2021\/03\/16\/ie-talks-ana-maria-primavesi-historias-de-vida-e-agroecologia\/","og_locale":"pt_BR","og_type":"article","og_title":"IE TALKS: Ana Maria Primavesi - Hist\u00f3rias de vida e agroecologia","og_description":"Assista \u00e0 grava\u00e7\u00e3o do evento","og_url":"https:\/\/www.institutodeengenharia.org.br\/site\/2021\/03\/16\/ie-talks-ana-maria-primavesi-historias-de-vida-e-agroecologia\/","og_site_name":"Instituto de Engenharia","article_publisher":"https:\/\/www.facebook.com\/institutodeengenharia","article_published_time":"2021-03-16T18:55:17+00:00","article_modified_time":"2021-08-31T13:38:42+00:00","og_image":[{"width":1280,"height":853,"url":"https:\/\/www.institutodeengenharia.org.br\/site\/wp-content\/uploads\/2019\/08\/tv_engenharia.jpg","type":"image\/jpeg"}],"author":"Bianca","twitter_card":"summary_large_image","twitter_title":"IE TALKS: Ana Maria Primavesi - Hist\u00f3rias de vida e agroecologia","twitter_description":"Assista \u00e0 grava\u00e7\u00e3o do evento","twitter_image":"https:\/\/www.institutodeengenharia.org.br\/site\/wp-content\/uploads\/2019\/08\/tv_engenharia.jpg","twitter_creator":"@iengenharia","twitter_site":"@iengenharia","twitter_misc":{"Escrito por":"Bianca","Est. tempo de leitura":"3 minutos"},"schema":{"@context":"https:\/\/schema.org","@graph":[{"@type":"Article","@id":"https:\/\/www.institutodeengenharia.org.br\/site\/2021\/03\/16\/ie-talks-ana-maria-primavesi-historias-de-vida-e-agroecologia\/#article","isPartOf":{"@id":"https:\/\/www.institutodeengenharia.org.br\/site\/2021\/03\/16\/ie-talks-ana-maria-primavesi-historias-de-vida-e-agroecologia\/"},"author":{"name":"Bianca","@id":"https:\/\/www.institutodeengenharia.org.br\/site\/#\/schema\/person\/aeb64951c405e100d26d30b033dd423f"},"headline":"IE TALKS: Ana Maria Primavesi &#8211; Hist\u00f3rias de vida e agroecologia","datePublished":"2021-03-16T18:55:17+00:00","dateModified":"2021-08-31T13:38:42+00:00","mainEntityOfPage":{"@id":"https:\/\/www.institutodeengenharia.org.br\/site\/2021\/03\/16\/ie-talks-ana-maria-primavesi-historias-de-vida-e-agroecologia\/"},"wordCount":431,"commentCount":0,"publisher":{"@id":"https:\/\/www.institutodeengenharia.org.br\/site\/#organization"},"image":{"@id":"https:\/\/www.institutodeengenharia.org.br\/site\/2021\/03\/16\/ie-talks-ana-maria-primavesi-historias-de-vida-e-agroecologia\/#primaryimage"},"thumbnailUrl":"https:\/\/www.institutodeengenharia.org.br\/site\/wp-content\/uploads\/2021\/03\/IE-Talks_Ana-Maria-Primavesi-historias-de-vida-e-agroecologia.jpg","articleSection":["Nova TV Engenharia","Palestra"],"inLanguage":"pt-BR","potentialAction":[{"@type":"CommentAction","name":"Comment","target":["https:\/\/www.institutodeengenharia.org.br\/site\/2021\/03\/16\/ie-talks-ana-maria-primavesi-historias-de-vida-e-agroecologia\/#respond"]}]},{"@type":"WebPage","@id":"https:\/\/www.institutodeengenharia.org.br\/site\/2021\/03\/16\/ie-talks-ana-maria-primavesi-historias-de-vida-e-agroecologia\/","url":"https:\/\/www.institutodeengenharia.org.br\/site\/2021\/03\/16\/ie-talks-ana-maria-primavesi-historias-de-vida-e-agroecologia\/","name":"IE TALKS: Ana Maria Primavesi - Hist\u00f3rias de vida e agroecologia - Instituto de Engenharia","isPartOf":{"@id":"https:\/\/www.institutodeengenharia.org.br\/site\/#website"},"primaryImageOfPage":{"@id":"https:\/\/www.institutodeengenharia.org.br\/site\/2021\/03\/16\/ie-talks-ana-maria-primavesi-historias-de-vida-e-agroecologia\/#primaryimage"},"image":{"@id":"https:\/\/www.institutodeengenharia.org.br\/site\/2021\/03\/16\/ie-talks-ana-maria-primavesi-historias-de-vida-e-agroecologia\/#primaryimage"},"thumbnailUrl":"https:\/\/www.institutodeengenharia.org.br\/site\/wp-content\/uploads\/2021\/03\/IE-Talks_Ana-Maria-Primavesi-historias-de-vida-e-agroecologia.jpg","datePublished":"2021-03-16T18:55:17+00:00","dateModified":"2021-08-31T13:38:42+00:00","description":"agricultura, agroecol\u00f3gica, articula\u00e7\u00e3o nacional de agroecologia, agricultura agroecol\u00f3gica, agroecologia e agricultura org\u00e2nica","breadcrumb":{"@id":"https:\/\/www.institutodeengenharia.org.br\/site\/2021\/03\/16\/ie-talks-ana-maria-primavesi-historias-de-vida-e-agroecologia\/#breadcrumb"},"inLanguage":"pt-BR","potentialAction":[{"@type":"ReadAction","target":["https:\/\/www.institutodeengenharia.org.br\/site\/2021\/03\/16\/ie-talks-ana-maria-primavesi-historias-de-vida-e-agroecologia\/"]}]},{"@type":"ImageObject","inLanguage":"pt-BR","@id":"https:\/\/www.institutodeengenharia.org.br\/site\/2021\/03\/16\/ie-talks-ana-maria-primavesi-historias-de-vida-e-agroecologia\/#primaryimage","url":"https:\/\/www.institutodeengenharia.org.br\/site\/wp-content\/uploads\/2021\/03\/IE-Talks_Ana-Maria-Primavesi-historias-de-vida-e-agroecologia.jpg","contentUrl":"https:\/\/www.institutodeengenharia.org.br\/site\/wp-content\/uploads\/2021\/03\/IE-Talks_Ana-Maria-Primavesi-historias-de-vida-e-agroecologia.jpg","width":960,"height":1399},{"@type":"BreadcrumbList","@id":"https:\/\/www.institutodeengenharia.org.br\/site\/2021\/03\/16\/ie-talks-ana-maria-primavesi-historias-de-vida-e-agroecologia\/#breadcrumb","itemListElement":[{"@type":"ListItem","position":1,"name":"In\u00edcio","item":"https:\/\/www.institutodeengenharia.org.br\/site\/"},{"@type":"ListItem","position":2,"name":"IE TALKS: Ana Maria Primavesi &#8211; Hist\u00f3rias de vida e agroecologia"}]},{"@type":"WebSite","@id":"https:\/\/www.institutodeengenharia.org.br\/site\/#website","url":"https:\/\/www.institutodeengenharia.org.br\/site\/","name":"Instituto de Engenharia","description":"O Instituto de Engenharia promove a Engenharia em benef\u00edcio do desenvolvimento e da qualidade de vida da sociedade.","publisher":{"@id":"https:\/\/www.institutodeengenharia.org.br\/site\/#organization"},"potentialAction":[{"@type":"SearchAction","target":{"@type":"EntryPoint","urlTemplate":"https:\/\/www.institutodeengenharia.org.br\/site\/?s={search_term_string}"},"query-input":{"@type":"PropertyValueSpecification","valueRequired":true,"valueName":"search_term_string"}}],"inLanguage":"pt-BR"},{"@type":"Organization","@id":"https:\/\/www.institutodeengenharia.org.br\/site\/#organization","name":"Instituto de Engenharia","url":"https:\/\/www.institutodeengenharia.org.br\/site\/","logo":{"@type":"ImageObject","inLanguage":"pt-BR","@id":"https:\/\/www.institutodeengenharia.org.br\/site\/#\/schema\/logo\/image\/","url":"https:\/\/www.institutodeengenharia.org.br\/site\/wp-content\/uploads\/2019\/03\/logo-novo-IE2018-1.jpg","contentUrl":"https:\/\/www.institutodeengenharia.org.br\/site\/wp-content\/uploads\/2019\/03\/logo-novo-IE2018-1.jpg","width":1486,"height":1879,"caption":"Instituto de Engenharia"},"image":{"@id":"https:\/\/www.institutodeengenharia.org.br\/site\/#\/schema\/logo\/image\/"},"sameAs":["https:\/\/www.facebook.com\/institutodeengenharia","https:\/\/x.com\/iengenharia","https:\/\/www.instagram.com\/institutodeengenharia\/","https:\/\/www.linkedin.com\/company\/instituto-de-engenharia\/","https:\/\/www.youtube.com\/channel\/UCXiCAlsSMe977vamW915HxA"]},{"@type":"Person","@id":"https:\/\/www.institutodeengenharia.org.br\/site\/#\/schema\/person\/aeb64951c405e100d26d30b033dd423f","name":"Bianca","image":{"@type":"ImageObject","inLanguage":"pt-BR","@id":"https:\/\/secure.gravatar.com\/avatar\/a6fbe9bff57405baf4c1e2c5c1811e072b558253974a9f9508f4678900c97c2a?s=96&d=mm&r=g","url":"https:\/\/secure.gravatar.com\/avatar\/a6fbe9bff57405baf4c1e2c5c1811e072b558253974a9f9508f4678900c97c2a?s=96&d=mm&r=g","contentUrl":"https:\/\/secure.gravatar.com\/avatar\/a6fbe9bff57405baf4c1e2c5c1811e072b558253974a9f9508f4678900c97c2a?s=96&d=mm&r=g","caption":"Bianca"},"url":"https:\/\/www.institutodeengenharia.org.br\/site\/author\/comunicacao1\/"}]}},"_links":{"self":[{"href":"https:\/\/www.institutodeengenharia.org.br\/site\/wp-json\/wp\/v2\/posts\/79124","targetHints":{"allow":["GET"]}}],"collection":[{"href":"https:\/\/www.institutodeengenharia.org.br\/site\/wp-json\/wp\/v2\/posts"}],"about":[{"href":"https:\/\/www.institutodeengenharia.org.br\/site\/wp-json\/wp\/v2\/types\/post"}],"author":[{"embeddable":true,"href":"https:\/\/www.institutodeengenharia.org.br\/site\/wp-json\/wp\/v2\/users\/13"}],"replies":[{"embeddable":true,"href":"https:\/\/www.institutodeengenharia.org.br\/site\/wp-json\/wp\/v2\/comments?post=79124"}],"version-history":[{"count":1,"href":"https:\/\/www.institutodeengenharia.org.br\/site\/wp-json\/wp\/v2\/posts\/79124\/revisions"}],"predecessor-version":[{"id":79125,"href":"https:\/\/www.institutodeengenharia.org.br\/site\/wp-json\/wp\/v2\/posts\/79124\/revisions\/79125"}],"wp:featuredmedia":[{"embeddable":true,"href":"https:\/\/www.institutodeengenharia.org.br\/site\/wp-json\/wp\/v2\/media\/78453"}],"wp:attachment":[{"href":"https:\/\/www.institutodeengenharia.org.br\/site\/wp-json\/wp\/v2\/media?parent=79124"}],"wp:term":[{"taxonomy":"category","embeddable":true,"href":"https:\/\/www.institutodeengenharia.org.br\/site\/wp-json\/wp\/v2\/categories?post=79124"},{"taxonomy":"post_tag","embeddable":true,"href":"https:\/\/www.institutodeengenharia.org.br\/site\/wp-json\/wp\/v2\/tags?post=79124"}],"curies":[{"name":"wp","href":"https:\/\/api.w.org\/{rel}","templated":true}]}}