{"id":78904,"date":"2021-03-18T14:31:05","date_gmt":"2021-03-18T17:31:05","guid":{"rendered":"https:\/\/www.institutodeengenharia.org.br\/site\/?p=78904"},"modified":"2021-05-28T12:14:42","modified_gmt":"2021-05-28T15:14:42","slug":"por-que-vazam-com-frequencia-reservatorios-e-piscinas-de-concreto-armado","status":"publish","type":"post","link":"https:\/\/www.institutodeengenharia.org.br\/site\/2021\/03\/18\/por-que-vazam-com-frequencia-reservatorios-e-piscinas-de-concreto-armado\/","title":{"rendered":"Por que vazam com frequ\u00eancia reservat\u00f3rios e piscinas de concreto armado?"},"content":{"rendered":"<p><strong>Assista abaixo \u00e0 grava\u00e7\u00e3o do evento:<\/strong><\/p>\n<p><iframe loading=\"lazy\" src=\"https:\/\/player.vimeo.com\/video\/527246177\" width=\"640\" height=\"564\" frameborder=\"0\" allowfullscreen=\"allowfullscreen\"><span data-mce-type=\"bookmark\" style=\"display: inline-block; width: 0px; overflow: hidden; line-height: 0;\" class=\"mce_SELRES_start\">\ufeff<\/span><\/iframe><\/p>\n<p><strong>+ Informa\u00e7\u00f5es:\u00a0<\/strong><\/p>\n<p><strong>Abordagem:<\/strong><\/p>\n<p>1. O desafio de domar as \u00e1guas pluviais e trabalhar com drenagem eficiente;<br \/>\n2. Por que estudar drenagem? Conceitos importantes para projetos de drenagem;<br \/>\n3. Eros\u00f5es, escorregamentos e assoreamento;<br \/>\n4. Estudos de caso do IPT: projetos visando a gest\u00e3o eficiente das \u00e1guas pluviais.<\/p>\n<p><strong>P\u00fablico-alvo:<\/strong><\/p>\n<p>Engenheiros, arquitetos, t\u00e9cnicos, estudantes e demais interessados.<\/p>\n<p><strong>Palestrante:<\/strong><\/p>\n<p><img loading=\"lazy\" decoding=\"async\" class=\"alignnone wp-image-78229\" src=\"https:\/\/www.institutodeengenharia.org.br\/site\/wp-content\/uploads\/2021\/03\/Antonio-Carlos-Reis-Laranjeiras.jpg\" alt=\"\" width=\"135\" height=\"170\" srcset=\"https:\/\/www.institutodeengenharia.org.br\/site\/wp-content\/uploads\/2021\/03\/Antonio-Carlos-Reis-Laranjeiras.jpg 269w, https:\/\/www.institutodeengenharia.org.br\/site\/wp-content\/uploads\/2021\/03\/Antonio-Carlos-Reis-Laranjeiras-237x300.jpg 237w\" sizes=\"auto, (max-width: 135px) 100vw, 135px\" \/><\/p>\n<p><strong>Antonio Carlos Reis Laranjeiras<\/strong><\/p>\n<p>Diretor-presidente da Academia de Engenharia da Bahia e respons\u00e1vel t\u00e9cnico da empresa ACR LARANJEIRAS &amp; Cia Ltda.<\/p>\n<p>Formado em Engenharia Civil pela Escola Polit\u00e9cnica da Universidade Federal da Bahia (1954). P\u00f3s-gradua\u00e7\u00e3o pela UFRJ (Brasil, 1957), Universidade T\u00e9cnica de Munique (Alemanha, 1961), Universidade do Texas (Estados Unidos, 1965) e Laborat\u00f3rio Nacional de Engenharia Civil (Portugal, 1974). Atuou como Livre Docente de Estruturas de Concreto Armado. Na UFBA foi Professor Titular da Escola Polit\u00e9cnica, onde havia desempenhado os cargos de Assistente Volunt\u00e1rio, Assistente de Ensino e Professor Adjunto. Atuou como Engenheiro do Departamento de Estradas de Rodagem da Bahia. \u00c9 ex-presidente do Clube de Engenharia da Bahia, diretor presidente da Academia de Engenharia da Bahia e respons\u00e1vel t\u00e9cnico da empresa ACR LARANJEIRAS &amp; Cia Ltda. Participou de 113 projetos executivos de obras d\u2019arte especiais, 111 projetos e consultorias na \u00e1rea de Saneamento e Abastecimento de \u00e1gua, 22 projetos executivos de estruturas de edif\u00edcios, 3 projetos executivos de estruturas de est\u00e1dios, 9 projetos executivos de estruturas de instala\u00e7\u00f5es industriais, 39 verifica\u00e7\u00f5es de projetos executivos de estruturas, 33 projetos de recupera\u00e7\u00e3o e vistorias de estruturas danificadas. \u00c9 autor de artigos t\u00e9cnicos, teses, confer\u00eancias, tradu\u00e7\u00f5es, reda\u00e7\u00e3o de Normas. Devido a sua atua\u00e7\u00e3o acad\u00eamica e professional possui os seguintes t\u00edtulos honor\u00edficos e premia\u00e7\u00f5es: Professor Em\u00e9rito da UFBA (2005); Presidente Honor\u00e1rio do 8\u00ba Congresso da Associa\u00e7\u00e3o Internacional sobre Seguran\u00e7a e Manuten\u00e7\u00e3o de Pontes (IABMAS), Brasil, (2016); Personalidade da Engenharia Estrutural 2008 da ABECE, SP (2008); S\u00f3cio Honor\u00e1rio do IBRACON, SP (2007); S\u00f3cio Honor\u00e1rio da ABECE, SP (2002); Pr\u00eamio Em\u00edlio Baumgart, IBRACON; Pr\u00eamio Prof. Francisco de Assis Bas\u00edlio, IBRACON; Pr\u00eamio Pontes Corr\u00eaa, ABPv; Pr\u00eamio ABCP.<\/p>\n<p><strong>Apoio \u00e0 forma\u00e7\u00e3o:<\/strong><\/p>\n<p>Espa\u00e7o aberto ao CREA-SP, objetivando o aperfei\u00e7oamento dos profissionais e o aprimoramento da fiscaliza\u00e7\u00e3o das \u00e1reas abrangidas pelo Sistema Confea\/CREAs, al\u00e9m de promover a conscientiza\u00e7\u00e3o da sociedade quanto \u00e0 necessidade e obrigatoriedade de contratar um profissional devidamente habilitado.<\/p>\n<p><strong>Apoio Institucional:<\/strong><\/p>\n<p><img loading=\"lazy\" decoding=\"async\" class=\"wp-image-34556 alignleft\" src=\"https:\/\/www.institutodeengenharia.org.br\/site\/wp-content\/uploads\/2018\/04\/CREA-SP_vertical.jpg\" alt=\"\" width=\"136\" height=\"96\" srcset=\"https:\/\/www.institutodeengenharia.org.br\/site\/wp-content\/uploads\/2018\/04\/CREA-SP_vertical.jpg 150w, https:\/\/www.institutodeengenharia.org.br\/site\/wp-content\/uploads\/2018\/04\/CREA-SP_vertical-100x70.jpg 100w\" sizes=\"auto, (max-width: 136px) 100vw, 136px\" \/><img loading=\"lazy\" decoding=\"async\" class=\"wp-image-71930 alignleft\" src=\"https:\/\/www.institutodeengenharia.org.br\/site\/wp-content\/uploads\/2020\/10\/IBRACON.jpg\" alt=\"\" width=\"122\" height=\"96\" \/><img loading=\"lazy\" decoding=\"async\" class=\"alignnone wp-image-71932\" src=\"https:\/\/www.institutodeengenharia.org.br\/site\/wp-content\/uploads\/2020\/10\/ABECE.jpg\" alt=\"\" width=\"158\" height=\"98\" srcset=\"https:\/\/www.institutodeengenharia.org.br\/site\/wp-content\/uploads\/2020\/10\/ABECE.jpg 306w, https:\/\/www.institutodeengenharia.org.br\/site\/wp-content\/uploads\/2020\/10\/ABECE-300x186.jpg 300w\" sizes=\"auto, (max-width: 158px) 100vw, 158px\" \/><\/p>\n<p><strong>Realiza\u00e7\u00e3o:<\/strong><\/p>\n<p><strong>Eng. Jer\u00f4nimo Cabral Pereira Fagundes Neto<\/strong>\u00a0\u2013 Vice-Presidente de Atividades T\u00e9cnicas<br \/>\n<strong>Eng. Roberto Kochen<\/strong>\u00a0\u2013 Diretor do Departamento de Engenharia do Habitat e Infraestrutura<br \/>\n<strong>Eng. Rafael Timerman<\/strong>\u00a0\u2013 Coordenador da Divis\u00e3o T\u00e9cnica de Estruturas<\/p>\n","protected":false},"excerpt":{"rendered":"<p>Assista abaixo \u00e0 grava\u00e7\u00e3o do evento: \ufeff + Informa\u00e7\u00f5es:\u00a0 Abordagem: 1. O desafio de domar as \u00e1guas pluviais e trabalhar com drenagem eficiente; 2. Por que estudar drenagem? Conceitos importantes para projetos de drenagem; 3. Eros\u00f5es, escorregamentos e assoreamento; 4. Estudos de caso do IPT: projetos visando a gest\u00e3o eficiente das \u00e1guas pluviais. P\u00fablico-alvo: Engenheiros, [&hellip;]<\/p>\n","protected":false},"author":13,"featured_media":78906,"comment_status":"open","ping_status":"open","sticky":false,"template":"","format":"standard","meta":{"footnotes":""},"categories":[968,969],"tags":[],"class_list":{"0":"post-78904","1":"post","2":"type-post","3":"status-publish","4":"format-standard","5":"has-post-thumbnail","7":"category-nova-tv-engenharia","8":"category-palestra"},"yoast_head":"<!-- This site is optimized with the Yoast SEO plugin v27.2 - https:\/\/yoast.com\/product\/yoast-seo-wordpress\/ -->\n<title>Por que vazam com frequ\u00eancia reservat\u00f3rios e piscinas de concreto armado? - Instituto de Engenharia<\/title>\n<meta name=\"robots\" content=\"index, follow, max-snippet:-1, max-image-preview:large, max-video-preview:-1\" \/>\n<link rel=\"canonical\" href=\"https:\/\/www.institutodeengenharia.org.br\/site\/2021\/03\/18\/por-que-vazam-com-frequencia-reservatorios-e-piscinas-de-concreto-armado\/\" \/>\n<meta property=\"og:locale\" content=\"pt_BR\" \/>\n<meta property=\"og:type\" content=\"article\" \/>\n<meta property=\"og:title\" content=\"Por que vazam com frequ\u00eancia reservat\u00f3rios e piscinas de concreto armado?\" \/>\n<meta property=\"og:description\" content=\"Assista \u00e0 grava\u00e7\u00e3o do evento\" \/>\n<meta property=\"og:url\" content=\"https:\/\/www.institutodeengenharia.org.br\/site\/2021\/03\/18\/por-que-vazam-com-frequencia-reservatorios-e-piscinas-de-concreto-armado\/\" \/>\n<meta property=\"og:site_name\" content=\"Instituto de Engenharia\" \/>\n<meta property=\"article:publisher\" content=\"https:\/\/www.facebook.com\/institutodeengenharia\" \/>\n<meta property=\"article:published_time\" content=\"2021-03-18T17:31:05+00:00\" \/>\n<meta property=\"article:modified_time\" content=\"2021-05-28T15:14:42+00:00\" \/>\n<meta property=\"og:image\" content=\"https:\/\/www.institutodeengenharia.org.br\/site\/wp-content\/uploads\/2019\/08\/tv_engenharia.jpg\" \/>\n\t<meta property=\"og:image:width\" content=\"1280\" \/>\n\t<meta property=\"og:image:height\" content=\"853\" \/>\n\t<meta property=\"og:image:type\" content=\"image\/jpeg\" \/>\n<meta name=\"author\" content=\"Bianca\" \/>\n<meta name=\"twitter:card\" content=\"summary_large_image\" \/>\n<meta name=\"twitter:title\" content=\"Por que vazam com frequ\u00eancia reservat\u00f3rios e piscinas de concreto armado?\" \/>\n<meta name=\"twitter:description\" content=\"Assista \u00e0 grava\u00e7\u00e3o do evento\" \/>\n<meta name=\"twitter:image\" content=\"https:\/\/www.institutodeengenharia.org.br\/site\/wp-content\/uploads\/2019\/08\/tv_engenharia.jpg\" \/>\n<meta name=\"twitter:creator\" content=\"@iengenharia\" \/>\n<meta name=\"twitter:site\" content=\"@iengenharia\" \/>\n<meta name=\"twitter:label1\" content=\"Escrito por\" \/>\n\t<meta name=\"twitter:data1\" content=\"Bianca\" \/>\n\t<meta name=\"twitter:label2\" content=\"Est. tempo de leitura\" \/>\n\t<meta name=\"twitter:data2\" content=\"3 minutos\" \/>\n<script type=\"application\/ld+json\" class=\"yoast-schema-graph\">{\"@context\":\"https:\/\/schema.org\",\"@graph\":[{\"@type\":\"Article\",\"@id\":\"https:\/\/www.institutodeengenharia.org.br\/site\/2021\/03\/18\/por-que-vazam-com-frequencia-reservatorios-e-piscinas-de-concreto-armado\/#article\",\"isPartOf\":{\"@id\":\"https:\/\/www.institutodeengenharia.org.br\/site\/2021\/03\/18\/por-que-vazam-com-frequencia-reservatorios-e-piscinas-de-concreto-armado\/\"},\"author\":{\"name\":\"Bianca\",\"@id\":\"https:\/\/www.institutodeengenharia.org.br\/site\/#\/schema\/person\/aeb64951c405e100d26d30b033dd423f\"},\"headline\":\"Por que vazam com frequ\u00eancia reservat\u00f3rios e piscinas de concreto armado?\",\"datePublished\":\"2021-03-18T17:31:05+00:00\",\"dateModified\":\"2021-05-28T15:14:42+00:00\",\"mainEntityOfPage\":{\"@id\":\"https:\/\/www.institutodeengenharia.org.br\/site\/2021\/03\/18\/por-que-vazam-com-frequencia-reservatorios-e-piscinas-de-concreto-armado\/\"},\"wordCount\":451,\"commentCount\":0,\"publisher\":{\"@id\":\"https:\/\/www.institutodeengenharia.org.br\/site\/#organization\"},\"image\":{\"@id\":\"https:\/\/www.institutodeengenharia.org.br\/site\/2021\/03\/18\/por-que-vazam-com-frequencia-reservatorios-e-piscinas-de-concreto-armado\/#primaryimage\"},\"thumbnailUrl\":\"https:\/\/www.institutodeengenharia.org.br\/site\/wp-content\/uploads\/2021\/03\/Por-que-vazam-com-frequencia-reservatorios-e-piscinas-de-concreto-armado-2.webp\",\"articleSection\":[\"Nova TV Engenharia\",\"Palestra\"],\"inLanguage\":\"pt-BR\",\"potentialAction\":[{\"@type\":\"CommentAction\",\"name\":\"Comment\",\"target\":[\"https:\/\/www.institutodeengenharia.org.br\/site\/2021\/03\/18\/por-que-vazam-com-frequencia-reservatorios-e-piscinas-de-concreto-armado\/#respond\"]}]},{\"@type\":\"WebPage\",\"@id\":\"https:\/\/www.institutodeengenharia.org.br\/site\/2021\/03\/18\/por-que-vazam-com-frequencia-reservatorios-e-piscinas-de-concreto-armado\/\",\"url\":\"https:\/\/www.institutodeengenharia.org.br\/site\/2021\/03\/18\/por-que-vazam-com-frequencia-reservatorios-e-piscinas-de-concreto-armado\/\",\"name\":\"Por que vazam com frequ\u00eancia reservat\u00f3rios e piscinas de concreto armado? - Instituto de Engenharia\",\"isPartOf\":{\"@id\":\"https:\/\/www.institutodeengenharia.org.br\/site\/#website\"},\"primaryImageOfPage\":{\"@id\":\"https:\/\/www.institutodeengenharia.org.br\/site\/2021\/03\/18\/por-que-vazam-com-frequencia-reservatorios-e-piscinas-de-concreto-armado\/#primaryimage\"},\"image\":{\"@id\":\"https:\/\/www.institutodeengenharia.org.br\/site\/2021\/03\/18\/por-que-vazam-com-frequencia-reservatorios-e-piscinas-de-concreto-armado\/#primaryimage\"},\"thumbnailUrl\":\"https:\/\/www.institutodeengenharia.org.br\/site\/wp-content\/uploads\/2021\/03\/Por-que-vazam-com-frequencia-reservatorios-e-piscinas-de-concreto-armado-2.webp\",\"datePublished\":\"2021-03-18T17:31:05+00:00\",\"dateModified\":\"2021-05-28T15:14:42+00:00\",\"breadcrumb\":{\"@id\":\"https:\/\/www.institutodeengenharia.org.br\/site\/2021\/03\/18\/por-que-vazam-com-frequencia-reservatorios-e-piscinas-de-concreto-armado\/#breadcrumb\"},\"inLanguage\":\"pt-BR\",\"potentialAction\":[{\"@type\":\"ReadAction\",\"target\":[\"https:\/\/www.institutodeengenharia.org.br\/site\/2021\/03\/18\/por-que-vazam-com-frequencia-reservatorios-e-piscinas-de-concreto-armado\/\"]}]},{\"@type\":\"ImageObject\",\"inLanguage\":\"pt-BR\",\"@id\":\"https:\/\/www.institutodeengenharia.org.br\/site\/2021\/03\/18\/por-que-vazam-com-frequencia-reservatorios-e-piscinas-de-concreto-armado\/#primaryimage\",\"url\":\"https:\/\/www.institutodeengenharia.org.br\/site\/wp-content\/uploads\/2021\/03\/Por-que-vazam-com-frequencia-reservatorios-e-piscinas-de-concreto-armado-2.webp\",\"contentUrl\":\"https:\/\/www.institutodeengenharia.org.br\/site\/wp-content\/uploads\/2021\/03\/Por-que-vazam-com-frequencia-reservatorios-e-piscinas-de-concreto-armado-2.webp\",\"width\":1032,\"height\":435},{\"@type\":\"BreadcrumbList\",\"@id\":\"https:\/\/www.institutodeengenharia.org.br\/site\/2021\/03\/18\/por-que-vazam-com-frequencia-reservatorios-e-piscinas-de-concreto-armado\/#breadcrumb\",\"itemListElement\":[{\"@type\":\"ListItem\",\"position\":1,\"name\":\"In\u00edcio\",\"item\":\"https:\/\/www.institutodeengenharia.org.br\/site\/\"},{\"@type\":\"ListItem\",\"position\":2,\"name\":\"Por que vazam com frequ\u00eancia reservat\u00f3rios e piscinas de concreto armado?\"}]},{\"@type\":\"WebSite\",\"@id\":\"https:\/\/www.institutodeengenharia.org.br\/site\/#website\",\"url\":\"https:\/\/www.institutodeengenharia.org.br\/site\/\",\"name\":\"Instituto de Engenharia\",\"description\":\"O Instituto de Engenharia promove a Engenharia em benef\u00edcio do desenvolvimento e da qualidade de vida da sociedade.\",\"publisher\":{\"@id\":\"https:\/\/www.institutodeengenharia.org.br\/site\/#organization\"},\"potentialAction\":[{\"@type\":\"SearchAction\",\"target\":{\"@type\":\"EntryPoint\",\"urlTemplate\":\"https:\/\/www.institutodeengenharia.org.br\/site\/?s={search_term_string}\"},\"query-input\":{\"@type\":\"PropertyValueSpecification\",\"valueRequired\":true,\"valueName\":\"search_term_string\"}}],\"inLanguage\":\"pt-BR\"},{\"@type\":\"Organization\",\"@id\":\"https:\/\/www.institutodeengenharia.org.br\/site\/#organization\",\"name\":\"Instituto de Engenharia\",\"url\":\"https:\/\/www.institutodeengenharia.org.br\/site\/\",\"logo\":{\"@type\":\"ImageObject\",\"inLanguage\":\"pt-BR\",\"@id\":\"https:\/\/www.institutodeengenharia.org.br\/site\/#\/schema\/logo\/image\/\",\"url\":\"https:\/\/www.institutodeengenharia.org.br\/site\/wp-content\/uploads\/2019\/03\/logo-novo-IE2018-1.jpg\",\"contentUrl\":\"https:\/\/www.institutodeengenharia.org.br\/site\/wp-content\/uploads\/2019\/03\/logo-novo-IE2018-1.jpg\",\"width\":1486,\"height\":1879,\"caption\":\"Instituto de Engenharia\"},\"image\":{\"@id\":\"https:\/\/www.institutodeengenharia.org.br\/site\/#\/schema\/logo\/image\/\"},\"sameAs\":[\"https:\/\/www.facebook.com\/institutodeengenharia\",\"https:\/\/x.com\/iengenharia\",\"https:\/\/www.instagram.com\/institutodeengenharia\/\",\"https:\/\/www.linkedin.com\/company\/instituto-de-engenharia\/\",\"https:\/\/www.youtube.com\/channel\/UCXiCAlsSMe977vamW915HxA\"]},{\"@type\":\"Person\",\"@id\":\"https:\/\/www.institutodeengenharia.org.br\/site\/#\/schema\/person\/aeb64951c405e100d26d30b033dd423f\",\"name\":\"Bianca\",\"image\":{\"@type\":\"ImageObject\",\"inLanguage\":\"pt-BR\",\"@id\":\"https:\/\/secure.gravatar.com\/avatar\/a6fbe9bff57405baf4c1e2c5c1811e072b558253974a9f9508f4678900c97c2a?s=96&d=mm&r=g\",\"url\":\"https:\/\/secure.gravatar.com\/avatar\/a6fbe9bff57405baf4c1e2c5c1811e072b558253974a9f9508f4678900c97c2a?s=96&d=mm&r=g\",\"contentUrl\":\"https:\/\/secure.gravatar.com\/avatar\/a6fbe9bff57405baf4c1e2c5c1811e072b558253974a9f9508f4678900c97c2a?s=96&d=mm&r=g\",\"caption\":\"Bianca\"},\"url\":\"https:\/\/www.institutodeengenharia.org.br\/site\/author\/comunicacao1\/\"}]}<\/script>\n<!-- \/ Yoast SEO plugin. -->","yoast_head_json":{"title":"Por que vazam com frequ\u00eancia reservat\u00f3rios e piscinas de concreto armado? - Instituto de Engenharia","robots":{"index":"index","follow":"follow","max-snippet":"max-snippet:-1","max-image-preview":"max-image-preview:large","max-video-preview":"max-video-preview:-1"},"canonical":"https:\/\/www.institutodeengenharia.org.br\/site\/2021\/03\/18\/por-que-vazam-com-frequencia-reservatorios-e-piscinas-de-concreto-armado\/","og_locale":"pt_BR","og_type":"article","og_title":"Por que vazam com frequ\u00eancia reservat\u00f3rios e piscinas de concreto armado?","og_description":"Assista \u00e0 grava\u00e7\u00e3o do evento","og_url":"https:\/\/www.institutodeengenharia.org.br\/site\/2021\/03\/18\/por-que-vazam-com-frequencia-reservatorios-e-piscinas-de-concreto-armado\/","og_site_name":"Instituto de Engenharia","article_publisher":"https:\/\/www.facebook.com\/institutodeengenharia","article_published_time":"2021-03-18T17:31:05+00:00","article_modified_time":"2021-05-28T15:14:42+00:00","og_image":[{"width":1280,"height":853,"url":"https:\/\/www.institutodeengenharia.org.br\/site\/wp-content\/uploads\/2019\/08\/tv_engenharia.jpg","type":"image\/jpeg"}],"author":"Bianca","twitter_card":"summary_large_image","twitter_title":"Por que vazam com frequ\u00eancia reservat\u00f3rios e piscinas de concreto armado?","twitter_description":"Assista \u00e0 grava\u00e7\u00e3o do evento","twitter_image":"https:\/\/www.institutodeengenharia.org.br\/site\/wp-content\/uploads\/2019\/08\/tv_engenharia.jpg","twitter_creator":"@iengenharia","twitter_site":"@iengenharia","twitter_misc":{"Escrito por":"Bianca","Est. tempo de leitura":"3 minutos"},"schema":{"@context":"https:\/\/schema.org","@graph":[{"@type":"Article","@id":"https:\/\/www.institutodeengenharia.org.br\/site\/2021\/03\/18\/por-que-vazam-com-frequencia-reservatorios-e-piscinas-de-concreto-armado\/#article","isPartOf":{"@id":"https:\/\/www.institutodeengenharia.org.br\/site\/2021\/03\/18\/por-que-vazam-com-frequencia-reservatorios-e-piscinas-de-concreto-armado\/"},"author":{"name":"Bianca","@id":"https:\/\/www.institutodeengenharia.org.br\/site\/#\/schema\/person\/aeb64951c405e100d26d30b033dd423f"},"headline":"Por que vazam com frequ\u00eancia reservat\u00f3rios e piscinas de concreto armado?","datePublished":"2021-03-18T17:31:05+00:00","dateModified":"2021-05-28T15:14:42+00:00","mainEntityOfPage":{"@id":"https:\/\/www.institutodeengenharia.org.br\/site\/2021\/03\/18\/por-que-vazam-com-frequencia-reservatorios-e-piscinas-de-concreto-armado\/"},"wordCount":451,"commentCount":0,"publisher":{"@id":"https:\/\/www.institutodeengenharia.org.br\/site\/#organization"},"image":{"@id":"https:\/\/www.institutodeengenharia.org.br\/site\/2021\/03\/18\/por-que-vazam-com-frequencia-reservatorios-e-piscinas-de-concreto-armado\/#primaryimage"},"thumbnailUrl":"https:\/\/www.institutodeengenharia.org.br\/site\/wp-content\/uploads\/2021\/03\/Por-que-vazam-com-frequencia-reservatorios-e-piscinas-de-concreto-armado-2.webp","articleSection":["Nova TV Engenharia","Palestra"],"inLanguage":"pt-BR","potentialAction":[{"@type":"CommentAction","name":"Comment","target":["https:\/\/www.institutodeengenharia.org.br\/site\/2021\/03\/18\/por-que-vazam-com-frequencia-reservatorios-e-piscinas-de-concreto-armado\/#respond"]}]},{"@type":"WebPage","@id":"https:\/\/www.institutodeengenharia.org.br\/site\/2021\/03\/18\/por-que-vazam-com-frequencia-reservatorios-e-piscinas-de-concreto-armado\/","url":"https:\/\/www.institutodeengenharia.org.br\/site\/2021\/03\/18\/por-que-vazam-com-frequencia-reservatorios-e-piscinas-de-concreto-armado\/","name":"Por que vazam com frequ\u00eancia reservat\u00f3rios e piscinas de concreto armado? - Instituto de Engenharia","isPartOf":{"@id":"https:\/\/www.institutodeengenharia.org.br\/site\/#website"},"primaryImageOfPage":{"@id":"https:\/\/www.institutodeengenharia.org.br\/site\/2021\/03\/18\/por-que-vazam-com-frequencia-reservatorios-e-piscinas-de-concreto-armado\/#primaryimage"},"image":{"@id":"https:\/\/www.institutodeengenharia.org.br\/site\/2021\/03\/18\/por-que-vazam-com-frequencia-reservatorios-e-piscinas-de-concreto-armado\/#primaryimage"},"thumbnailUrl":"https:\/\/www.institutodeengenharia.org.br\/site\/wp-content\/uploads\/2021\/03\/Por-que-vazam-com-frequencia-reservatorios-e-piscinas-de-concreto-armado-2.webp","datePublished":"2021-03-18T17:31:05+00:00","dateModified":"2021-05-28T15:14:42+00:00","breadcrumb":{"@id":"https:\/\/www.institutodeengenharia.org.br\/site\/2021\/03\/18\/por-que-vazam-com-frequencia-reservatorios-e-piscinas-de-concreto-armado\/#breadcrumb"},"inLanguage":"pt-BR","potentialAction":[{"@type":"ReadAction","target":["https:\/\/www.institutodeengenharia.org.br\/site\/2021\/03\/18\/por-que-vazam-com-frequencia-reservatorios-e-piscinas-de-concreto-armado\/"]}]},{"@type":"ImageObject","inLanguage":"pt-BR","@id":"https:\/\/www.institutodeengenharia.org.br\/site\/2021\/03\/18\/por-que-vazam-com-frequencia-reservatorios-e-piscinas-de-concreto-armado\/#primaryimage","url":"https:\/\/www.institutodeengenharia.org.br\/site\/wp-content\/uploads\/2021\/03\/Por-que-vazam-com-frequencia-reservatorios-e-piscinas-de-concreto-armado-2.webp","contentUrl":"https:\/\/www.institutodeengenharia.org.br\/site\/wp-content\/uploads\/2021\/03\/Por-que-vazam-com-frequencia-reservatorios-e-piscinas-de-concreto-armado-2.webp","width":1032,"height":435},{"@type":"BreadcrumbList","@id":"https:\/\/www.institutodeengenharia.org.br\/site\/2021\/03\/18\/por-que-vazam-com-frequencia-reservatorios-e-piscinas-de-concreto-armado\/#breadcrumb","itemListElement":[{"@type":"ListItem","position":1,"name":"In\u00edcio","item":"https:\/\/www.institutodeengenharia.org.br\/site\/"},{"@type":"ListItem","position":2,"name":"Por que vazam com frequ\u00eancia reservat\u00f3rios e piscinas de concreto armado?"}]},{"@type":"WebSite","@id":"https:\/\/www.institutodeengenharia.org.br\/site\/#website","url":"https:\/\/www.institutodeengenharia.org.br\/site\/","name":"Instituto de Engenharia","description":"O Instituto de Engenharia promove a Engenharia em benef\u00edcio do desenvolvimento e da qualidade de vida da sociedade.","publisher":{"@id":"https:\/\/www.institutodeengenharia.org.br\/site\/#organization"},"potentialAction":[{"@type":"SearchAction","target":{"@type":"EntryPoint","urlTemplate":"https:\/\/www.institutodeengenharia.org.br\/site\/?s={search_term_string}"},"query-input":{"@type":"PropertyValueSpecification","valueRequired":true,"valueName":"search_term_string"}}],"inLanguage":"pt-BR"},{"@type":"Organization","@id":"https:\/\/www.institutodeengenharia.org.br\/site\/#organization","name":"Instituto de Engenharia","url":"https:\/\/www.institutodeengenharia.org.br\/site\/","logo":{"@type":"ImageObject","inLanguage":"pt-BR","@id":"https:\/\/www.institutodeengenharia.org.br\/site\/#\/schema\/logo\/image\/","url":"https:\/\/www.institutodeengenharia.org.br\/site\/wp-content\/uploads\/2019\/03\/logo-novo-IE2018-1.jpg","contentUrl":"https:\/\/www.institutodeengenharia.org.br\/site\/wp-content\/uploads\/2019\/03\/logo-novo-IE2018-1.jpg","width":1486,"height":1879,"caption":"Instituto de Engenharia"},"image":{"@id":"https:\/\/www.institutodeengenharia.org.br\/site\/#\/schema\/logo\/image\/"},"sameAs":["https:\/\/www.facebook.com\/institutodeengenharia","https:\/\/x.com\/iengenharia","https:\/\/www.instagram.com\/institutodeengenharia\/","https:\/\/www.linkedin.com\/company\/instituto-de-engenharia\/","https:\/\/www.youtube.com\/channel\/UCXiCAlsSMe977vamW915HxA"]},{"@type":"Person","@id":"https:\/\/www.institutodeengenharia.org.br\/site\/#\/schema\/person\/aeb64951c405e100d26d30b033dd423f","name":"Bianca","image":{"@type":"ImageObject","inLanguage":"pt-BR","@id":"https:\/\/secure.gravatar.com\/avatar\/a6fbe9bff57405baf4c1e2c5c1811e072b558253974a9f9508f4678900c97c2a?s=96&d=mm&r=g","url":"https:\/\/secure.gravatar.com\/avatar\/a6fbe9bff57405baf4c1e2c5c1811e072b558253974a9f9508f4678900c97c2a?s=96&d=mm&r=g","contentUrl":"https:\/\/secure.gravatar.com\/avatar\/a6fbe9bff57405baf4c1e2c5c1811e072b558253974a9f9508f4678900c97c2a?s=96&d=mm&r=g","caption":"Bianca"},"url":"https:\/\/www.institutodeengenharia.org.br\/site\/author\/comunicacao1\/"}]}},"_links":{"self":[{"href":"https:\/\/www.institutodeengenharia.org.br\/site\/wp-json\/wp\/v2\/posts\/78904","targetHints":{"allow":["GET"]}}],"collection":[{"href":"https:\/\/www.institutodeengenharia.org.br\/site\/wp-json\/wp\/v2\/posts"}],"about":[{"href":"https:\/\/www.institutodeengenharia.org.br\/site\/wp-json\/wp\/v2\/types\/post"}],"author":[{"embeddable":true,"href":"https:\/\/www.institutodeengenharia.org.br\/site\/wp-json\/wp\/v2\/users\/13"}],"replies":[{"embeddable":true,"href":"https:\/\/www.institutodeengenharia.org.br\/site\/wp-json\/wp\/v2\/comments?post=78904"}],"version-history":[{"count":1,"href":"https:\/\/www.institutodeengenharia.org.br\/site\/wp-json\/wp\/v2\/posts\/78904\/revisions"}],"predecessor-version":[{"id":78907,"href":"https:\/\/www.institutodeengenharia.org.br\/site\/wp-json\/wp\/v2\/posts\/78904\/revisions\/78907"}],"wp:featuredmedia":[{"embeddable":true,"href":"https:\/\/www.institutodeengenharia.org.br\/site\/wp-json\/wp\/v2\/media\/78906"}],"wp:attachment":[{"href":"https:\/\/www.institutodeengenharia.org.br\/site\/wp-json\/wp\/v2\/media?parent=78904"}],"wp:term":[{"taxonomy":"category","embeddable":true,"href":"https:\/\/www.institutodeengenharia.org.br\/site\/wp-json\/wp\/v2\/categories?post=78904"},{"taxonomy":"post_tag","embeddable":true,"href":"https:\/\/www.institutodeengenharia.org.br\/site\/wp-json\/wp\/v2\/tags?post=78904"}],"curies":[{"name":"wp","href":"https:\/\/api.w.org\/{rel}","templated":true}]}}