{"id":78897,"date":"2021-03-16T14:19:15","date_gmt":"2021-03-16T17:19:15","guid":{"rendered":"https:\/\/www.institutodeengenharia.org.br\/site\/?p=78897"},"modified":"2021-05-28T12:16:11","modified_gmt":"2021-05-28T15:16:11","slug":"lancamento-do-livro-manual-de-engenharia-diagnostica-2a-edicao","status":"publish","type":"post","link":"https:\/\/www.institutodeengenharia.org.br\/site\/2021\/03\/16\/lancamento-do-livro-manual-de-engenharia-diagnostica-2a-edicao\/","title":{"rendered":"Lan\u00e7amento do livro Manual de Engenharia Diagn\u00f3stica (2\u00aa Edi\u00e7\u00e3o)"},"content":{"rendered":"<p><strong>Assista abaixo \u00e0 grava\u00e7\u00e3o do evento:<\/strong><\/p>\n<p><iframe loading=\"lazy\" src=\"https:\/\/player.vimeo.com\/video\/525499244\" width=\"640\" height=\"480\" frameborder=\"0\" allowfullscreen=\"allowfullscreen\"><\/iframe><\/p>\n<p><strong>+ Informa\u00e7\u00f5es:\u00a0\u00a0<\/strong><\/p>\n<p>A 2\u00aa edi\u00e7\u00e3o do livro\u00a0<strong>Manual de Engenharia Diagn\u00f3stica<\/strong>, publicado pela Editora LEUD, ser\u00e1 lan\u00e7ado no evento t\u00e9cnico on-line do Instituto de Engenharia, que apresentar\u00e1 os principais temas abordados no livro.<\/p>\n<p>Al\u00e9m disso, haver\u00e1 debate t\u00e9cnico entre os coordenadores do livro, sobre a evolu\u00e7\u00e3o da engenharia diagn\u00f3stica em edifica\u00e7\u00f5es, sua aceitabilidade tendo em vista a aplica\u00e7\u00e3o pr\u00e1tica da doutrina na preserva\u00e7\u00e3o do ciclo de vida dos edif\u00edcios, com qualidade e excel\u00eancia, em todas as etapas.<\/p>\n<p>O livro poder\u00e1 ser adquirido no evento, com pre\u00e7o especial para associados e tamb\u00e9m com desconto para participantes do evento, concedidos pela editora LEUD.<\/p>\n<p><em>NOTA: A proposta \u00e9 que em outras oportunidades, a serem agendadas oportunamente, os demais autores apresentem suas considera\u00e7\u00f5es sobre os cap\u00edtulos que escreveram como coautores.<\/em><\/p>\n<p><strong>Livro:<\/strong><\/p>\n<p><img loading=\"lazy\" decoding=\"async\" class=\"alignnone size-full wp-image-77862\" src=\"https:\/\/www.institutodeengenharia.org.br\/site\/wp-content\/uploads\/2021\/02\/manual-de-engenharia-diagnostica.jpg\" alt=\"\" width=\"522\" height=\"642\" srcset=\"https:\/\/www.institutodeengenharia.org.br\/site\/wp-content\/uploads\/2021\/02\/manual-de-engenharia-diagnostica.jpg 522w, https:\/\/www.institutodeengenharia.org.br\/site\/wp-content\/uploads\/2021\/02\/manual-de-engenharia-diagnostica-244x300.jpg 244w, https:\/\/www.institutodeengenharia.org.br\/site\/wp-content\/uploads\/2021\/02\/manual-de-engenharia-diagnostica-341x420.jpg 341w\" sizes=\"auto, (max-width: 522px) 100vw, 522px\" \/><\/p>\n<p><strong>P\u00fablico-alvo:<\/strong><\/p>\n<p>Engenheiros, arquitetos, t\u00e9cnicos, estudantes e demais interessados.<\/p>\n<p><strong>Palestrantes:<\/strong><\/p>\n<p><strong>Tito L\u00edvio Ferreira Gomide<\/strong><\/p>\n<p>Ex-Presidente do IBAPE\/SP<\/p>\n<p>Engenheiro Civil, bacharel em Direito e Perito Criminal, atuando como perito de Engenharia e de Grafoscopia no Gabinete de Per\u00edcias Gomide, desde 1979. Al\u00e9m de perito consagrado, \u00e9 conferencista, professor e autor de diversos livros de Engenharia Legal, Engenharia Diagn\u00f3stica, Inspe\u00e7\u00e3o Predial e Grafoscopia, com palestras e aulas ministradas em diversas universidades e institui\u00e7\u00f5es, do Brasil e exterior, tais como FAAP, Mackenzie, PUC-Rio, USP, Inbec, Creas, Secovi, Sinduscon e Fundec, de Lisboa. Recebeu premia\u00e7\u00f5es, por trabalhos t\u00e9cnicos, no Cobreap e Instituto de Engenharia (IE), al\u00e9m de homenagem de honra ao m\u00e9rito, da PUC-Rio. Foi diretor e presidente do IBAPE\/SP e coordenador da Divis\u00e3o T\u00e9cnica de Patologia do Instituto de Engenharia. \u00c9 membro da APEJESP, do IE e da Confederation Internationale des Associations D\u2019Experts et de Conseils da ONU.<\/p>\n<p><strong>Stella Marys Della Flora<\/strong><\/p>\n<p>Coordenadora da Divis\u00e3o T\u00e9cnica de Patologia das Constru\u00e7\u00f5es do IE<\/p>\n<p>Engenheira Civil pela FAAP em 2012, mestranda em Engenharia Civil pela Universidade S\u00e3o Judas e p\u00f3s-graduada em Engenharia Diagn\u00f3stica \u2013 Patologia e Per\u00edcias na Constru\u00e7\u00e3o Civil pelo INBEC. Especialista em Engenharia Diagn\u00f3stica com trabalhos de vistorias, inspe\u00e7\u00f5es, auditorias e per\u00edcias realizados para as construtoras e incorporadoras tradicionais do mercado brasileiro. \u00c9 coordenadora da Divis\u00e3o T\u00e9cnica de Patologia das Constru\u00e7\u00f5es do Instituto de Engenharia, al\u00e9m de s\u00f3cia e perita no Gabinete de Per\u00edcias Gomide.<\/p>\n<p><strong>Antonio Guilherme Menezes Braga<\/strong><\/p>\n<p>Presidente da Associa\u00e7\u00e3o dos Assistentes T\u00e9cnicos Aduaneiros do Brasil \u2013 AATAB<\/p>\n<p>Engenheiro Civil pela Faculdade de Engenharia Civil da UNISANTA \u2013 Santos\/SP, em 1984 e engenheiro de Seguran\u00e7a do Trabalho pela Fundacentro, em 1985; p\u00f3s-graduado em Avalia\u00e7\u00f5es e Per\u00edcias de Engenharia pela IBAPE\/Unisanta, em 2004. Perito Judicial e assistente T\u00e9cnico desde 1990; palestrante e ministrador de cursos e treinamento nos temas Per\u00edcias Aduaneiras e Avalia\u00e7\u00f5es Especiais; diretor do Instituto Brasileiro de Avalia\u00e7\u00f5es e Per\u00edcias de Engenharia de S\u00e3o Paulo \u2013 IBAPE\/SP, diretor do Instituto de Engenharia de S\u00e3o Paulo para o bi\u00eanio 2018\/2019; presidente da Associa\u00e7\u00e3o dos Assistentes T\u00e9cnicos Aduaneiros do Brasil \u2013 AATAB, para o tri\u00eanio 2017\/2019; coautor do estudo \u201cValores de Edifica\u00e7\u00f5es de Im\u00f3veis Urbanos \u2013 Santos\/SP\u201d; coautor do estudo \u201cA Externalidade Positiva de Loja-\u00c2ncora em Shopping Center\u201d; coautor do Livro \u201cEngenharia Legal \u2013 Novos Estudos\u201d editado pela Editora LEUD.<\/p>\n<p><strong>Marco Antonio Gullo<\/strong><\/p>\n<p>Diretor de Cursos do IE<\/p>\n<p>Engenheiro Civil, mestre em Tecnologia da Habita\u00e7\u00e3o, especialista p\u00f3s-graduado em Per\u00edcias de Engenharia e Avalia\u00e7\u00f5es, p\u00f3s-graduado em Administra\u00e7\u00e3o de Empresas; diretor de Cursos do Instituto de Engenharia \u2013 IE, e ex-coordenador da C\u00e2mara T\u00e9cnica de Per\u00edcias em Edifica\u00e7\u00f5es do IBAPE\/SP; docente em cursos de especializa\u00e7\u00e3o e p\u00f3s-gradua\u00e7\u00e3o do IE e do INBEC; coautor de diversos livros enfocando Engenharia Diagn\u00f3stica; 25 anos de consultoria e fiscaliza\u00e7\u00e3o de obras, assim como assist\u00eancia t\u00e9cnica judicial envolvendo renomadas empresas de constru\u00e7\u00e3o; participa\u00e7\u00e3o como consultor em importantes ve\u00edculos de comunica\u00e7\u00e3o, entre os quais Folha, Editora Abril, R7, SBT e Rede Globo; s\u00f3cio-diretor da MG CONSULT.<\/p>\n<p><strong>Jer\u00f4nimo Cabral Pereira Fagundes Neto<\/strong><\/p>\n<p>Vice-Presidente de Atividades T\u00e9cnicas do IE<\/p>\n<p>Engenheiro Civil pela Escola de Engenharia de Lins em 1980; p\u00f3s-graduado em Avalia\u00e7\u00f5es e Per\u00edcias de Engenharia pela FAAP em 2002; mestre em Habita\u00e7\u00e3o na \u00e1rea: Tecnologia das Edifica\u00e7\u00f5es pelo IPT \u2013 2007; membro docente dos cursos de p\u00f3s-gradua\u00e7\u00e3o em per\u00edcias de Engenharia e Avalia\u00e7\u00f5es em conv\u00eanios com entidades diversas; autor e coautor de livros e artigos t\u00e9cnicos sobre Engenharia Diagn\u00f3stica em Edifica\u00e7\u00f5es (um dos precursores da doutrina), Inspe\u00e7\u00e3o Predial, Manuten\u00e7\u00e3o Predial, Revestimentos em fachadas, com premia\u00e7\u00e3o em alguns t\u00edtulos: no COBREAP e Instituto de Engenharia; atual vice-presidente de Atividades T\u00e9cnicas do Instituto de Engenharia; perito Judicial militante na capital de S\u00e3o Paulo e sua regi\u00e3o metropolitana, al\u00e9m de atuar como assistente t\u00e9cnico junto a renomados escrit\u00f3rios de advocacia na regi\u00e3o Sul e Sudeste; diretor da J. Cabral Per\u00edcias de Engenharia e Avalia\u00e7\u00f5es.<\/p>\n<p><strong>Apoio Institucional:<\/strong><\/p>\n<p><img loading=\"lazy\" decoding=\"async\" class=\"size-full wp-image-34556 alignleft\" src=\"https:\/\/www.institutodeengenharia.org.br\/site\/wp-content\/uploads\/2018\/04\/CREA-SP_vertical.jpg\" alt=\"\" width=\"150\" height=\"106\" srcset=\"https:\/\/www.institutodeengenharia.org.br\/site\/wp-content\/uploads\/2018\/04\/CREA-SP_vertical.jpg 150w, https:\/\/www.institutodeengenharia.org.br\/site\/wp-content\/uploads\/2018\/04\/CREA-SP_vertical-100x70.jpg 100w\" sizes=\"auto, (max-width: 150px) 100vw, 150px\" \/><img loading=\"lazy\" decoding=\"async\" class=\"alignnone wp-image-77861\" src=\"https:\/\/www.institutodeengenharia.org.br\/site\/wp-content\/uploads\/2021\/02\/LEUD.png\" alt=\"\" width=\"149\" height=\"108\" \/><\/p>\n<p><strong>Realiza\u00e7\u00e3o:<\/strong><\/p>\n<p><strong>Eng. Jer\u00f4nimo Cabral Pereira Fagundes Neto<\/strong>\u00a0\u2013 Vice-Presidente de Atividades T\u00e9cnicas<br \/>\n<strong>Eng.\u00aa D\u00e9bora Sanches de A. Marinello<\/strong>\u00a0\u2013 Diretora do Departamento de Engenharia de Produ\u00e7\u00e3o<br \/>\n<strong>Eng.\u00aa Stella Marys Della Flora<\/strong>\u00a0\u2013 Coordenadora da Divis\u00e3o T\u00e9cnica de Patologia das Constru\u00e7\u00f5es<\/p>\n","protected":false},"excerpt":{"rendered":"<p>Assista abaixo \u00e0 grava\u00e7\u00e3o do evento: + Informa\u00e7\u00f5es:\u00a0\u00a0 A 2\u00aa edi\u00e7\u00e3o do livro\u00a0Manual de Engenharia Diagn\u00f3stica, publicado pela Editora LEUD, ser\u00e1 lan\u00e7ado no evento t\u00e9cnico on-line do Instituto de Engenharia, que apresentar\u00e1 os principais temas abordados no livro. Al\u00e9m disso, haver\u00e1 debate t\u00e9cnico entre os coordenadores do livro, sobre a evolu\u00e7\u00e3o da engenharia diagn\u00f3stica em [&hellip;]<\/p>\n","protected":false},"author":13,"featured_media":78121,"comment_status":"open","ping_status":"open","sticky":false,"template":"","format":"standard","meta":{"footnotes":""},"categories":[46,68,968,969],"tags":[],"class_list":{"0":"post-78897","1":"post","2":"type-post","3":"status-publish","4":"format-standard","5":"has-post-thumbnail","7":"category-departamento-desenvolvimento-de-gestao-e-objetivos","8":"category-divisao-tecnica-de-engenharia-diagnostica","9":"category-nova-tv-engenharia","10":"category-palestra"},"yoast_head":"<!-- This site is optimized with the Yoast SEO plugin v27.2 - https:\/\/yoast.com\/product\/yoast-seo-wordpress\/ -->\n<title>Lan\u00e7amento do livro Manual de Engenharia Diagn\u00f3stica (2\u00aa Edi\u00e7\u00e3o) - Instituto de Engenharia<\/title>\n<meta name=\"robots\" content=\"index, follow, max-snippet:-1, max-image-preview:large, max-video-preview:-1\" \/>\n<link rel=\"canonical\" href=\"https:\/\/www.institutodeengenharia.org.br\/site\/2021\/03\/16\/lancamento-do-livro-manual-de-engenharia-diagnostica-2a-edicao\/\" \/>\n<meta property=\"og:locale\" content=\"pt_BR\" \/>\n<meta property=\"og:type\" content=\"article\" \/>\n<meta property=\"og:title\" content=\"Lan\u00e7amento do livro Manual de Engenharia Diagn\u00f3stica (2\u00aa Edi\u00e7\u00e3o)\" \/>\n<meta property=\"og:description\" content=\"Assista \u00e0 grava\u00e7\u00e3o do evento\" \/>\n<meta property=\"og:url\" content=\"https:\/\/www.institutodeengenharia.org.br\/site\/2021\/03\/16\/lancamento-do-livro-manual-de-engenharia-diagnostica-2a-edicao\/\" \/>\n<meta property=\"og:site_name\" content=\"Instituto de Engenharia\" \/>\n<meta property=\"article:publisher\" content=\"https:\/\/www.facebook.com\/institutodeengenharia\" \/>\n<meta property=\"article:published_time\" content=\"2021-03-16T17:19:15+00:00\" \/>\n<meta property=\"article:modified_time\" content=\"2021-05-28T15:16:11+00:00\" \/>\n<meta property=\"og:image\" content=\"https:\/\/www.institutodeengenharia.org.br\/site\/wp-content\/uploads\/2019\/08\/tv_engenharia.jpg\" \/>\n\t<meta property=\"og:image:width\" content=\"1280\" \/>\n\t<meta property=\"og:image:height\" content=\"853\" \/>\n\t<meta property=\"og:image:type\" content=\"image\/jpeg\" \/>\n<meta name=\"author\" content=\"Bianca\" \/>\n<meta name=\"twitter:card\" content=\"summary_large_image\" \/>\n<meta name=\"twitter:title\" content=\"Lan\u00e7amento do livro Manual de Engenharia Diagn\u00f3stica (2\u00aa Edi\u00e7\u00e3o)\" \/>\n<meta name=\"twitter:description\" content=\"Assista \u00e0 grava\u00e7\u00e3o do evento\" \/>\n<meta name=\"twitter:image\" content=\"https:\/\/www.institutodeengenharia.org.br\/site\/wp-content\/uploads\/2019\/08\/tv_engenharia.jpg\" \/>\n<meta name=\"twitter:creator\" content=\"@iengenharia\" \/>\n<meta name=\"twitter:site\" content=\"@iengenharia\" \/>\n<meta name=\"twitter:label1\" content=\"Escrito por\" \/>\n\t<meta name=\"twitter:data1\" content=\"Bianca\" \/>\n\t<meta name=\"twitter:label2\" content=\"Est. tempo de leitura\" \/>\n\t<meta name=\"twitter:data2\" content=\"5 minutos\" \/>\n<script type=\"application\/ld+json\" class=\"yoast-schema-graph\">{\"@context\":\"https:\/\/schema.org\",\"@graph\":[{\"@type\":\"Article\",\"@id\":\"https:\/\/www.institutodeengenharia.org.br\/site\/2021\/03\/16\/lancamento-do-livro-manual-de-engenharia-diagnostica-2a-edicao\/#article\",\"isPartOf\":{\"@id\":\"https:\/\/www.institutodeengenharia.org.br\/site\/2021\/03\/16\/lancamento-do-livro-manual-de-engenharia-diagnostica-2a-edicao\/\"},\"author\":{\"name\":\"Bianca\",\"@id\":\"https:\/\/www.institutodeengenharia.org.br\/site\/#\/schema\/person\/aeb64951c405e100d26d30b033dd423f\"},\"headline\":\"Lan\u00e7amento do livro Manual de Engenharia Diagn\u00f3stica (2\u00aa Edi\u00e7\u00e3o)\",\"datePublished\":\"2021-03-16T17:19:15+00:00\",\"dateModified\":\"2021-05-28T15:16:11+00:00\",\"mainEntityOfPage\":{\"@id\":\"https:\/\/www.institutodeengenharia.org.br\/site\/2021\/03\/16\/lancamento-do-livro-manual-de-engenharia-diagnostica-2a-edicao\/\"},\"wordCount\":921,\"commentCount\":0,\"publisher\":{\"@id\":\"https:\/\/www.institutodeengenharia.org.br\/site\/#organization\"},\"image\":{\"@id\":\"https:\/\/www.institutodeengenharia.org.br\/site\/2021\/03\/16\/lancamento-do-livro-manual-de-engenharia-diagnostica-2a-edicao\/#primaryimage\"},\"thumbnailUrl\":\"https:\/\/www.institutodeengenharia.org.br\/site\/wp-content\/uploads\/2021\/03\/manual-de-engenharia-diagnostica.jpg\",\"articleSection\":[\"Departamento Desenvolvimento de Gest\u00e3o e Objetivos\",\"Divis\u00e3o T\u00e9cnica de Engenharia Diagn\u00f3stica\",\"Nova TV Engenharia\",\"Palestra\"],\"inLanguage\":\"pt-BR\",\"potentialAction\":[{\"@type\":\"CommentAction\",\"name\":\"Comment\",\"target\":[\"https:\/\/www.institutodeengenharia.org.br\/site\/2021\/03\/16\/lancamento-do-livro-manual-de-engenharia-diagnostica-2a-edicao\/#respond\"]}]},{\"@type\":\"WebPage\",\"@id\":\"https:\/\/www.institutodeengenharia.org.br\/site\/2021\/03\/16\/lancamento-do-livro-manual-de-engenharia-diagnostica-2a-edicao\/\",\"url\":\"https:\/\/www.institutodeengenharia.org.br\/site\/2021\/03\/16\/lancamento-do-livro-manual-de-engenharia-diagnostica-2a-edicao\/\",\"name\":\"Lan\u00e7amento do livro Manual de Engenharia Diagn\u00f3stica (2\u00aa Edi\u00e7\u00e3o) - Instituto de Engenharia\",\"isPartOf\":{\"@id\":\"https:\/\/www.institutodeengenharia.org.br\/site\/#website\"},\"primaryImageOfPage\":{\"@id\":\"https:\/\/www.institutodeengenharia.org.br\/site\/2021\/03\/16\/lancamento-do-livro-manual-de-engenharia-diagnostica-2a-edicao\/#primaryimage\"},\"image\":{\"@id\":\"https:\/\/www.institutodeengenharia.org.br\/site\/2021\/03\/16\/lancamento-do-livro-manual-de-engenharia-diagnostica-2a-edicao\/#primaryimage\"},\"thumbnailUrl\":\"https:\/\/www.institutodeengenharia.org.br\/site\/wp-content\/uploads\/2021\/03\/manual-de-engenharia-diagnostica.jpg\",\"datePublished\":\"2021-03-16T17:19:15+00:00\",\"dateModified\":\"2021-05-28T15:16:11+00:00\",\"breadcrumb\":{\"@id\":\"https:\/\/www.institutodeengenharia.org.br\/site\/2021\/03\/16\/lancamento-do-livro-manual-de-engenharia-diagnostica-2a-edicao\/#breadcrumb\"},\"inLanguage\":\"pt-BR\",\"potentialAction\":[{\"@type\":\"ReadAction\",\"target\":[\"https:\/\/www.institutodeengenharia.org.br\/site\/2021\/03\/16\/lancamento-do-livro-manual-de-engenharia-diagnostica-2a-edicao\/\"]}]},{\"@type\":\"ImageObject\",\"inLanguage\":\"pt-BR\",\"@id\":\"https:\/\/www.institutodeengenharia.org.br\/site\/2021\/03\/16\/lancamento-do-livro-manual-de-engenharia-diagnostica-2a-edicao\/#primaryimage\",\"url\":\"https:\/\/www.institutodeengenharia.org.br\/site\/wp-content\/uploads\/2021\/03\/manual-de-engenharia-diagnostica.jpg\",\"contentUrl\":\"https:\/\/www.institutodeengenharia.org.br\/site\/wp-content\/uploads\/2021\/03\/manual-de-engenharia-diagnostica.jpg\",\"width\":506,\"height\":264},{\"@type\":\"BreadcrumbList\",\"@id\":\"https:\/\/www.institutodeengenharia.org.br\/site\/2021\/03\/16\/lancamento-do-livro-manual-de-engenharia-diagnostica-2a-edicao\/#breadcrumb\",\"itemListElement\":[{\"@type\":\"ListItem\",\"position\":1,\"name\":\"In\u00edcio\",\"item\":\"https:\/\/www.institutodeengenharia.org.br\/site\/\"},{\"@type\":\"ListItem\",\"position\":2,\"name\":\"Lan\u00e7amento do livro Manual de Engenharia Diagn\u00f3stica (2\u00aa Edi\u00e7\u00e3o)\"}]},{\"@type\":\"WebSite\",\"@id\":\"https:\/\/www.institutodeengenharia.org.br\/site\/#website\",\"url\":\"https:\/\/www.institutodeengenharia.org.br\/site\/\",\"name\":\"Instituto de Engenharia\",\"description\":\"O Instituto de Engenharia promove a Engenharia em benef\u00edcio do desenvolvimento e da qualidade de vida da sociedade.\",\"publisher\":{\"@id\":\"https:\/\/www.institutodeengenharia.org.br\/site\/#organization\"},\"potentialAction\":[{\"@type\":\"SearchAction\",\"target\":{\"@type\":\"EntryPoint\",\"urlTemplate\":\"https:\/\/www.institutodeengenharia.org.br\/site\/?s={search_term_string}\"},\"query-input\":{\"@type\":\"PropertyValueSpecification\",\"valueRequired\":true,\"valueName\":\"search_term_string\"}}],\"inLanguage\":\"pt-BR\"},{\"@type\":\"Organization\",\"@id\":\"https:\/\/www.institutodeengenharia.org.br\/site\/#organization\",\"name\":\"Instituto de Engenharia\",\"url\":\"https:\/\/www.institutodeengenharia.org.br\/site\/\",\"logo\":{\"@type\":\"ImageObject\",\"inLanguage\":\"pt-BR\",\"@id\":\"https:\/\/www.institutodeengenharia.org.br\/site\/#\/schema\/logo\/image\/\",\"url\":\"https:\/\/www.institutodeengenharia.org.br\/site\/wp-content\/uploads\/2019\/03\/logo-novo-IE2018-1.jpg\",\"contentUrl\":\"https:\/\/www.institutodeengenharia.org.br\/site\/wp-content\/uploads\/2019\/03\/logo-novo-IE2018-1.jpg\",\"width\":1486,\"height\":1879,\"caption\":\"Instituto de Engenharia\"},\"image\":{\"@id\":\"https:\/\/www.institutodeengenharia.org.br\/site\/#\/schema\/logo\/image\/\"},\"sameAs\":[\"https:\/\/www.facebook.com\/institutodeengenharia\",\"https:\/\/x.com\/iengenharia\",\"https:\/\/www.instagram.com\/institutodeengenharia\/\",\"https:\/\/www.linkedin.com\/company\/instituto-de-engenharia\/\",\"https:\/\/www.youtube.com\/channel\/UCXiCAlsSMe977vamW915HxA\"]},{\"@type\":\"Person\",\"@id\":\"https:\/\/www.institutodeengenharia.org.br\/site\/#\/schema\/person\/aeb64951c405e100d26d30b033dd423f\",\"name\":\"Bianca\",\"image\":{\"@type\":\"ImageObject\",\"inLanguage\":\"pt-BR\",\"@id\":\"https:\/\/secure.gravatar.com\/avatar\/a6fbe9bff57405baf4c1e2c5c1811e072b558253974a9f9508f4678900c97c2a?s=96&d=mm&r=g\",\"url\":\"https:\/\/secure.gravatar.com\/avatar\/a6fbe9bff57405baf4c1e2c5c1811e072b558253974a9f9508f4678900c97c2a?s=96&d=mm&r=g\",\"contentUrl\":\"https:\/\/secure.gravatar.com\/avatar\/a6fbe9bff57405baf4c1e2c5c1811e072b558253974a9f9508f4678900c97c2a?s=96&d=mm&r=g\",\"caption\":\"Bianca\"},\"url\":\"https:\/\/www.institutodeengenharia.org.br\/site\/author\/comunicacao1\/\"}]}<\/script>\n<!-- \/ Yoast SEO plugin. -->","yoast_head_json":{"title":"Lan\u00e7amento do livro Manual de Engenharia Diagn\u00f3stica (2\u00aa Edi\u00e7\u00e3o) - Instituto de Engenharia","robots":{"index":"index","follow":"follow","max-snippet":"max-snippet:-1","max-image-preview":"max-image-preview:large","max-video-preview":"max-video-preview:-1"},"canonical":"https:\/\/www.institutodeengenharia.org.br\/site\/2021\/03\/16\/lancamento-do-livro-manual-de-engenharia-diagnostica-2a-edicao\/","og_locale":"pt_BR","og_type":"article","og_title":"Lan\u00e7amento do livro Manual de Engenharia Diagn\u00f3stica (2\u00aa Edi\u00e7\u00e3o)","og_description":"Assista \u00e0 grava\u00e7\u00e3o do evento","og_url":"https:\/\/www.institutodeengenharia.org.br\/site\/2021\/03\/16\/lancamento-do-livro-manual-de-engenharia-diagnostica-2a-edicao\/","og_site_name":"Instituto de Engenharia","article_publisher":"https:\/\/www.facebook.com\/institutodeengenharia","article_published_time":"2021-03-16T17:19:15+00:00","article_modified_time":"2021-05-28T15:16:11+00:00","og_image":[{"width":1280,"height":853,"url":"https:\/\/www.institutodeengenharia.org.br\/site\/wp-content\/uploads\/2019\/08\/tv_engenharia.jpg","type":"image\/jpeg"}],"author":"Bianca","twitter_card":"summary_large_image","twitter_title":"Lan\u00e7amento do livro Manual de Engenharia Diagn\u00f3stica (2\u00aa Edi\u00e7\u00e3o)","twitter_description":"Assista \u00e0 grava\u00e7\u00e3o do evento","twitter_image":"https:\/\/www.institutodeengenharia.org.br\/site\/wp-content\/uploads\/2019\/08\/tv_engenharia.jpg","twitter_creator":"@iengenharia","twitter_site":"@iengenharia","twitter_misc":{"Escrito por":"Bianca","Est. tempo de leitura":"5 minutos"},"schema":{"@context":"https:\/\/schema.org","@graph":[{"@type":"Article","@id":"https:\/\/www.institutodeengenharia.org.br\/site\/2021\/03\/16\/lancamento-do-livro-manual-de-engenharia-diagnostica-2a-edicao\/#article","isPartOf":{"@id":"https:\/\/www.institutodeengenharia.org.br\/site\/2021\/03\/16\/lancamento-do-livro-manual-de-engenharia-diagnostica-2a-edicao\/"},"author":{"name":"Bianca","@id":"https:\/\/www.institutodeengenharia.org.br\/site\/#\/schema\/person\/aeb64951c405e100d26d30b033dd423f"},"headline":"Lan\u00e7amento do livro Manual de Engenharia Diagn\u00f3stica (2\u00aa Edi\u00e7\u00e3o)","datePublished":"2021-03-16T17:19:15+00:00","dateModified":"2021-05-28T15:16:11+00:00","mainEntityOfPage":{"@id":"https:\/\/www.institutodeengenharia.org.br\/site\/2021\/03\/16\/lancamento-do-livro-manual-de-engenharia-diagnostica-2a-edicao\/"},"wordCount":921,"commentCount":0,"publisher":{"@id":"https:\/\/www.institutodeengenharia.org.br\/site\/#organization"},"image":{"@id":"https:\/\/www.institutodeengenharia.org.br\/site\/2021\/03\/16\/lancamento-do-livro-manual-de-engenharia-diagnostica-2a-edicao\/#primaryimage"},"thumbnailUrl":"https:\/\/www.institutodeengenharia.org.br\/site\/wp-content\/uploads\/2021\/03\/manual-de-engenharia-diagnostica.jpg","articleSection":["Departamento Desenvolvimento de Gest\u00e3o e Objetivos","Divis\u00e3o T\u00e9cnica de Engenharia Diagn\u00f3stica","Nova TV Engenharia","Palestra"],"inLanguage":"pt-BR","potentialAction":[{"@type":"CommentAction","name":"Comment","target":["https:\/\/www.institutodeengenharia.org.br\/site\/2021\/03\/16\/lancamento-do-livro-manual-de-engenharia-diagnostica-2a-edicao\/#respond"]}]},{"@type":"WebPage","@id":"https:\/\/www.institutodeengenharia.org.br\/site\/2021\/03\/16\/lancamento-do-livro-manual-de-engenharia-diagnostica-2a-edicao\/","url":"https:\/\/www.institutodeengenharia.org.br\/site\/2021\/03\/16\/lancamento-do-livro-manual-de-engenharia-diagnostica-2a-edicao\/","name":"Lan\u00e7amento do livro Manual de Engenharia Diagn\u00f3stica (2\u00aa Edi\u00e7\u00e3o) - Instituto de Engenharia","isPartOf":{"@id":"https:\/\/www.institutodeengenharia.org.br\/site\/#website"},"primaryImageOfPage":{"@id":"https:\/\/www.institutodeengenharia.org.br\/site\/2021\/03\/16\/lancamento-do-livro-manual-de-engenharia-diagnostica-2a-edicao\/#primaryimage"},"image":{"@id":"https:\/\/www.institutodeengenharia.org.br\/site\/2021\/03\/16\/lancamento-do-livro-manual-de-engenharia-diagnostica-2a-edicao\/#primaryimage"},"thumbnailUrl":"https:\/\/www.institutodeengenharia.org.br\/site\/wp-content\/uploads\/2021\/03\/manual-de-engenharia-diagnostica.jpg","datePublished":"2021-03-16T17:19:15+00:00","dateModified":"2021-05-28T15:16:11+00:00","breadcrumb":{"@id":"https:\/\/www.institutodeengenharia.org.br\/site\/2021\/03\/16\/lancamento-do-livro-manual-de-engenharia-diagnostica-2a-edicao\/#breadcrumb"},"inLanguage":"pt-BR","potentialAction":[{"@type":"ReadAction","target":["https:\/\/www.institutodeengenharia.org.br\/site\/2021\/03\/16\/lancamento-do-livro-manual-de-engenharia-diagnostica-2a-edicao\/"]}]},{"@type":"ImageObject","inLanguage":"pt-BR","@id":"https:\/\/www.institutodeengenharia.org.br\/site\/2021\/03\/16\/lancamento-do-livro-manual-de-engenharia-diagnostica-2a-edicao\/#primaryimage","url":"https:\/\/www.institutodeengenharia.org.br\/site\/wp-content\/uploads\/2021\/03\/manual-de-engenharia-diagnostica.jpg","contentUrl":"https:\/\/www.institutodeengenharia.org.br\/site\/wp-content\/uploads\/2021\/03\/manual-de-engenharia-diagnostica.jpg","width":506,"height":264},{"@type":"BreadcrumbList","@id":"https:\/\/www.institutodeengenharia.org.br\/site\/2021\/03\/16\/lancamento-do-livro-manual-de-engenharia-diagnostica-2a-edicao\/#breadcrumb","itemListElement":[{"@type":"ListItem","position":1,"name":"In\u00edcio","item":"https:\/\/www.institutodeengenharia.org.br\/site\/"},{"@type":"ListItem","position":2,"name":"Lan\u00e7amento do livro Manual de Engenharia Diagn\u00f3stica (2\u00aa Edi\u00e7\u00e3o)"}]},{"@type":"WebSite","@id":"https:\/\/www.institutodeengenharia.org.br\/site\/#website","url":"https:\/\/www.institutodeengenharia.org.br\/site\/","name":"Instituto de Engenharia","description":"O Instituto de Engenharia promove a Engenharia em benef\u00edcio do desenvolvimento e da qualidade de vida da sociedade.","publisher":{"@id":"https:\/\/www.institutodeengenharia.org.br\/site\/#organization"},"potentialAction":[{"@type":"SearchAction","target":{"@type":"EntryPoint","urlTemplate":"https:\/\/www.institutodeengenharia.org.br\/site\/?s={search_term_string}"},"query-input":{"@type":"PropertyValueSpecification","valueRequired":true,"valueName":"search_term_string"}}],"inLanguage":"pt-BR"},{"@type":"Organization","@id":"https:\/\/www.institutodeengenharia.org.br\/site\/#organization","name":"Instituto de Engenharia","url":"https:\/\/www.institutodeengenharia.org.br\/site\/","logo":{"@type":"ImageObject","inLanguage":"pt-BR","@id":"https:\/\/www.institutodeengenharia.org.br\/site\/#\/schema\/logo\/image\/","url":"https:\/\/www.institutodeengenharia.org.br\/site\/wp-content\/uploads\/2019\/03\/logo-novo-IE2018-1.jpg","contentUrl":"https:\/\/www.institutodeengenharia.org.br\/site\/wp-content\/uploads\/2019\/03\/logo-novo-IE2018-1.jpg","width":1486,"height":1879,"caption":"Instituto de Engenharia"},"image":{"@id":"https:\/\/www.institutodeengenharia.org.br\/site\/#\/schema\/logo\/image\/"},"sameAs":["https:\/\/www.facebook.com\/institutodeengenharia","https:\/\/x.com\/iengenharia","https:\/\/www.instagram.com\/institutodeengenharia\/","https:\/\/www.linkedin.com\/company\/instituto-de-engenharia\/","https:\/\/www.youtube.com\/channel\/UCXiCAlsSMe977vamW915HxA"]},{"@type":"Person","@id":"https:\/\/www.institutodeengenharia.org.br\/site\/#\/schema\/person\/aeb64951c405e100d26d30b033dd423f","name":"Bianca","image":{"@type":"ImageObject","inLanguage":"pt-BR","@id":"https:\/\/secure.gravatar.com\/avatar\/a6fbe9bff57405baf4c1e2c5c1811e072b558253974a9f9508f4678900c97c2a?s=96&d=mm&r=g","url":"https:\/\/secure.gravatar.com\/avatar\/a6fbe9bff57405baf4c1e2c5c1811e072b558253974a9f9508f4678900c97c2a?s=96&d=mm&r=g","contentUrl":"https:\/\/secure.gravatar.com\/avatar\/a6fbe9bff57405baf4c1e2c5c1811e072b558253974a9f9508f4678900c97c2a?s=96&d=mm&r=g","caption":"Bianca"},"url":"https:\/\/www.institutodeengenharia.org.br\/site\/author\/comunicacao1\/"}]}},"_links":{"self":[{"href":"https:\/\/www.institutodeengenharia.org.br\/site\/wp-json\/wp\/v2\/posts\/78897","targetHints":{"allow":["GET"]}}],"collection":[{"href":"https:\/\/www.institutodeengenharia.org.br\/site\/wp-json\/wp\/v2\/posts"}],"about":[{"href":"https:\/\/www.institutodeengenharia.org.br\/site\/wp-json\/wp\/v2\/types\/post"}],"author":[{"embeddable":true,"href":"https:\/\/www.institutodeengenharia.org.br\/site\/wp-json\/wp\/v2\/users\/13"}],"replies":[{"embeddable":true,"href":"https:\/\/www.institutodeengenharia.org.br\/site\/wp-json\/wp\/v2\/comments?post=78897"}],"version-history":[{"count":1,"href":"https:\/\/www.institutodeengenharia.org.br\/site\/wp-json\/wp\/v2\/posts\/78897\/revisions"}],"predecessor-version":[{"id":78898,"href":"https:\/\/www.institutodeengenharia.org.br\/site\/wp-json\/wp\/v2\/posts\/78897\/revisions\/78898"}],"wp:featuredmedia":[{"embeddable":true,"href":"https:\/\/www.institutodeengenharia.org.br\/site\/wp-json\/wp\/v2\/media\/78121"}],"wp:attachment":[{"href":"https:\/\/www.institutodeengenharia.org.br\/site\/wp-json\/wp\/v2\/media?parent=78897"}],"wp:term":[{"taxonomy":"category","embeddable":true,"href":"https:\/\/www.institutodeengenharia.org.br\/site\/wp-json\/wp\/v2\/categories?post=78897"},{"taxonomy":"post_tag","embeddable":true,"href":"https:\/\/www.institutodeengenharia.org.br\/site\/wp-json\/wp\/v2\/tags?post=78897"}],"curies":[{"name":"wp","href":"https:\/\/api.w.org\/{rel}","templated":true}]}}