{"id":78877,"date":"2021-03-11T11:56:03","date_gmt":"2021-03-11T14:56:03","guid":{"rendered":"https:\/\/www.institutodeengenharia.org.br\/site\/?p=78877"},"modified":"2021-05-28T12:17:19","modified_gmt":"2021-05-28T15:17:19","slug":"seminario-projeto-rio-pinheiros-dois-anos-depois-tarde","status":"publish","type":"post","link":"https:\/\/www.institutodeengenharia.org.br\/site\/2021\/03\/11\/seminario-projeto-rio-pinheiros-dois-anos-depois-tarde\/","title":{"rendered":"Semin\u00e1rio: Projeto Rio Pinheiros \u2013 dois anos depois (Tarde)"},"content":{"rendered":"<p>&nbsp;<\/p>\n<p><a href=\"https:\/\/www.institutodeengenharia.org.br\/site\/2021\/03\/11\/seminario-projeto-rio-pinheiros-dois-anos-depois\/\"><img loading=\"lazy\" decoding=\"async\" class=\"wp-image-79552 aligncenter\" src=\"https:\/\/www.institutodeengenharia.org.br\/site\/wp-content\/uploads\/2021\/03\/botaogravacaomanha.png\" alt=\"\" width=\"241\" height=\"135\" srcset=\"https:\/\/www.institutodeengenharia.org.br\/site\/wp-content\/uploads\/2021\/03\/botaogravacaomanha.png 343w, https:\/\/www.institutodeengenharia.org.br\/site\/wp-content\/uploads\/2021\/03\/botaogravacaomanha-300x168.png 300w\" sizes=\"auto, (max-width: 241px) 100vw, 241px\" \/><\/a><\/p>\n<p><strong>Assista abaixo \u00e0 grava\u00e7\u00e3o da parte da <span style=\"color: #ff0000;\">tarde<\/span>:<\/strong><\/p>\n<p><iframe loading=\"lazy\" src=\"https:\/\/player.vimeo.com\/video\/527335371\" width=\"640\" height=\"360\" frameborder=\"0\" allowfullscreen=\"allowfullscreen\"><\/iframe><\/p>\n<p><strong>+ Informa\u00e7\u00f5es:<\/strong><\/p>\n<p><strong>Abordagem:<\/strong><\/p>\n<p>O objetivo do evento \u00e9 trazer os \u00f3rg\u00e3os, empresas e entidades que participaram do workshop de apresenta\u00e7\u00e3o do projeto de despolui\u00e7\u00e3o do Rio Pinheiros (realizado em 11 de mar\u00e7o de 2019, no Instituto de Engenharia) para que, agora, apresentem o que foi feito no bi\u00eanio 2019\/2020, seus resultados e suas perspectivas para o bi\u00eanio 2021\/2022.<\/p>\n<p>Ser\u00e3o ouvidas as empresas\/cons\u00f3rcios contratados pelo referido projeto tendo a oportunidade de apresentarem as tecnologias utilizadas, os desafios enfrentados, as solu\u00e7\u00f5es adotadas, as vantagens e problemas encontrados, e o que se pode utilizar da experi\u00eancia para eliminar a polui\u00e7\u00e3o de outros rios presentes na cidade de S\u00e3o Paulo e em outros munic\u00edpios.<\/p>\n<p>Pretende-se realizar o evento em duas etapas, uma na parte da manh\u00e3, outra na parte da tarde. A primeira parte ter\u00e1 um vi\u00e9s mais institucional e pol\u00edtico, sendo convidados a falar: o secret\u00e1rio do Meio Ambiente, Sabesp, EMAE, CETESB e DAEE. J\u00e1 a segunda parte ter\u00e1 a presen\u00e7a de empresas\/cons\u00f3rcios contratados para realizar o trabalho, sobre os diversos aspectos t\u00e9cnicos e operacionais.<\/p>\n<p>Poder\u00e3o ser convidadas, tamb\u00e9m, entidades que financiaram\/apoiaram a execu\u00e7\u00e3o do projeto.<\/p>\n<p><strong>P\u00fablico-alvo:<\/strong><\/p>\n<p>Profissionais ligados \u00e0 \u00e1rea de saneamento e meio ambiente, p\u00fablico geral interessado no tema, investidores, financiadores, entidades governamentais.<\/p>\n<p><b>Programa\u00e7\u00e3o<\/b><\/p>\n<p><em>DAS 10H \u00c0S 12H:<\/em><\/p>\n<p>\u2013 Abertura institucional \u2013 Presidente do Instituto de Engenharia<br \/>\n\u2013 Secret\u00e1rio de Infraestrutura e Meio Ambiente<br \/>\n\u2013 Presidente da SABESP<br \/>\n\u2013 Presidente da EMAE<br \/>\n\u2013 Superintendente do DAEE<br \/>\n\u2013 Presidente da CETESB<br \/>\n\u2013 Coment\u00e1rios do Eng. Paulo Ferreira\/ Perguntas do p\u00fablico<br \/>\n\u2013 Encerramento<\/p>\n<p><em>INTERVALO<\/em><\/p>\n<p><em>DAS 14H \u00c0S 17H:\u00a0<\/em><\/p>\n<p>Tema 1 \u2013 Resultados alcan\u00e7ados \u2013 andamento dos primeiros contratos, t\u00e9cnicas utilizadas e desafios superados. Expositor: M\u00e1rcio Gon\u00e7alves Oliveira (MS) SABESP<\/p>\n<p>Tema 2 \u2013 Unidades Recuperadoras (URs) \u2013 tecnologias adotadas. Expositor: Marco Ant\u00f4nio L. Barros (TE) SABESP<\/p>\n<p>Tema 3 \u2013 Monitoramento da Qualidade da \u00e1gua \u2013 (afluentes e rio Pinheiros). Expositor: Nivaldo Rodrigues da Costa (MT) SABESP<\/p>\n<p>Tema 4 \u2013 Governan\u00e7a colaborativa \u2013 atua\u00e7\u00e3o socioambiental nas comunidades. Expositor: H\u00e9lio Rubens Figueiredo (MP). SABESP<\/p>\n<p>Tema 5 \u2013 Limpeza e desassoreamento do Rio Pinheiros \u2013 projeto, execu\u00e7\u00e3o e controle. Expositor: Silvio Luiz Giudice e Jos\u00e9 Augusto Rocha Mendes DAEE<\/p>\n<p>Tema 6 \u2013 Inova\u00e7\u00f5es do projeto Novo Rio Pinheiros. Expositor: Jos\u00e9 Eduardo Bevilacqua CETESB<\/p>\n<p>Tema 7 \u2013 O papel da EMAE no projeto novo Rio Pinheiros. Expostior: Fernando Moliterno EMAE<\/p>\n<ul>\n<li>Perguntas do p\u00fablico<\/li>\n<\/ul>\n<p><strong>Palestrantes:<\/strong><\/p>\n<p><img loading=\"lazy\" decoding=\"async\" class=\"alignnone wp-image-78129 td-animation-stack-type0-2\" src=\"https:\/\/www.institutodeengenharia.org.br\/site\/wp-content\/uploads\/2021\/02\/Patricia-Iglecias.jpg\" alt=\"\" width=\"133\" height=\"138\" \/><\/p>\n<p><strong>Patr\u00edcia Iglecias<\/strong><\/p>\n<p>Diretora-Presidente\u00a0da CETESB<\/p>\n<p>Diretora-Presidente da Companhia Ambiental do Estado de S\u00e3o Paulo (CETESB). Possui titula\u00e7\u00e3o de Livre-Doc\u00eancia, Doutorado e Mestrado pela Universidade de S\u00e3o Paulo \u2013 USP. Em seu trajeto profissional, foi superintendente de Gest\u00e3o Ambiental da USP e secret\u00e1ria do Meio Ambiente do Estado de S\u00e3o Paulo. Professora Associada na Faculdade de Direito da USP, com experi\u00eancia na advocacia ambiental e na coordena\u00e7\u00e3o de projetos de pesquisa, com publica\u00e7\u00e3o de artigos em peri\u00f3dicos, livros publicados, participa\u00e7\u00e3o e modera\u00e7\u00e3o de eventos e entrevistas entre outros. Em suas premia\u00e7\u00f5es e t\u00edtulos, recebeu o Destaque Sustentabilidade \u2013 WOCA \u2013 em tributo e reconhecimento pela carreira em prol da gest\u00e3o ambiental e atua\u00e7\u00e3o no programa Cidades do Pacto Global da ONU,\u00a0<em>GCSM \u2013 Global Council of Sales Marketing<\/em>.<\/p>\n<p><img loading=\"lazy\" decoding=\"async\" class=\"alignnone wp-image-78202 td-animation-stack-type0-2\" src=\"https:\/\/www.institutodeengenharia.org.br\/site\/wp-content\/uploads\/2021\/02\/GREG-FRANCISCO-EDUARDO-LODUCCA-300x227.jpg\" sizes=\"auto, (max-width: 207px) 100vw, 207px\" srcset=\"https:\/\/www.institutodeengenharia.org.br\/site\/wp-content\/uploads\/2021\/02\/GREG-FRANCISCO-EDUARDO-LODUCCA-300x227.jpg 300w, https:\/\/www.institutodeengenharia.org.br\/site\/wp-content\/uploads\/2021\/02\/GREG-FRANCISCO-EDUARDO-LODUCCA-1024x775.jpg 1024w, https:\/\/www.institutodeengenharia.org.br\/site\/wp-content\/uploads\/2021\/02\/GREG-FRANCISCO-EDUARDO-LODUCCA-768x581.jpg 768w, https:\/\/www.institutodeengenharia.org.br\/site\/wp-content\/uploads\/2021\/02\/GREG-FRANCISCO-EDUARDO-LODUCCA-1536x1163.jpg 1536w, https:\/\/www.institutodeengenharia.org.br\/site\/wp-content\/uploads\/2021\/02\/GREG-FRANCISCO-EDUARDO-LODUCCA-2048x1550.jpg 2048w, https:\/\/www.institutodeengenharia.org.br\/site\/wp-content\/uploads\/2021\/02\/GREG-FRANCISCO-EDUARDO-LODUCCA-696x527.jpg 696w, https:\/\/www.institutodeengenharia.org.br\/site\/wp-content\/uploads\/2021\/02\/GREG-FRANCISCO-EDUARDO-LODUCCA-1068x808.jpg 1068w, https:\/\/www.institutodeengenharia.org.br\/site\/wp-content\/uploads\/2021\/02\/GREG-FRANCISCO-EDUARDO-LODUCCA-1920x1453.jpg 1920w, https:\/\/www.institutodeengenharia.org.br\/site\/wp-content\/uploads\/2021\/02\/GREG-FRANCISCO-EDUARDO-LODUCCA-555x420.jpg 555w, https:\/\/www.institutodeengenharia.org.br\/site\/wp-content\/uploads\/2021\/02\/GREG-FRANCISCO-EDUARDO-LODUCCA-80x60.jpg 80w, https:\/\/www.institutodeengenharia.org.br\/site\/wp-content\/uploads\/2021\/02\/GREG-FRANCISCO-EDUARDO-LODUCCA-600x454.jpg 600w\" alt=\"\" width=\"207\" height=\"157\" \/><\/p>\n<p><strong>Francisco Eduardo Loducca\u00a0<\/strong><\/p>\n<p>Superintendente do DAEE (Departamento de \u00c1guas e Energia Eletrica)<\/p>\n<p>Engenheiro civil, formado pela FAAP (Funda\u00e7\u00e3o Armando \u00c1lvares Penteado) e participou da Diretoria do DAEE no per\u00edodo de julho de 2011 a janeiro de 2015, como coordenador do Parque V\u00e1rzeas do Tiet\u00ea (set\/2011 \u00e0 abr\/2012), diretor de Gest\u00e3o de Obras (abr\/2012 \u00e0 jan\/2015) e j\u00e1 ocupou a Superintend\u00eancia da autarquia anteriormente, de abril\/2018 \u00e0 fevereiro de 2019.<\/p>\n<p><img loading=\"lazy\" decoding=\"async\" class=\"alignnone wp-image-78288 td-animation-stack-type0-2\" src=\"https:\/\/www.institutodeengenharia.org.br\/site\/wp-content\/uploads\/2021\/02\/cc-225x300.jpg\" sizes=\"auto, (max-width: 122px) 100vw, 122px\" srcset=\"https:\/\/www.institutodeengenharia.org.br\/site\/wp-content\/uploads\/2021\/02\/cc-225x300.jpg 225w, https:\/\/www.institutodeengenharia.org.br\/site\/wp-content\/uploads\/2021\/02\/cc-768x1024.jpg 768w, https:\/\/www.institutodeengenharia.org.br\/site\/wp-content\/uploads\/2021\/02\/cc-1152x1536.jpg 1152w, https:\/\/www.institutodeengenharia.org.br\/site\/wp-content\/uploads\/2021\/02\/cc-696x928.jpg 696w, https:\/\/www.institutodeengenharia.org.br\/site\/wp-content\/uploads\/2021\/02\/cc-1068x1424.jpg 1068w, https:\/\/www.institutodeengenharia.org.br\/site\/wp-content\/uploads\/2021\/02\/cc-315x420.jpg 315w, https:\/\/www.institutodeengenharia.org.br\/site\/wp-content\/uploads\/2021\/02\/cc-600x800.jpg 600w, https:\/\/www.institutodeengenharia.org.br\/site\/wp-content\/uploads\/2021\/02\/cc.jpg 1536w\" alt=\"\" width=\"122\" height=\"163\" \/><\/p>\n<p><strong>M\u00e1rcio Gon\u00e7alves de Oliveira<\/strong><\/p>\n<p>Superintendente da Unidade de Neg\u00f3cio SUL \u2013 Sabesp MS<\/p>\n<p>Possui gradua\u00e7\u00e3o em Matem\u00e1tica pela Universidade Nove de Julho (1986), gradua\u00e7\u00e3o em Engenharia Civil pela Universidade de Mogi das Cruzes (1994), p\u00f3s gradua\u00e7\u00e3o em Gest\u00e3o de Neg\u00f3cios pelo Instituto Paulista de Ensino e Pesquisa (2004). \u00c9 funcion\u00e1rio de carreira da Sabesp desde 1988, onde atuou em diversas obras e projetos de saneamento b\u00e1sico. \u00c9 desde 2019 Superintendente da Unidade de Neg\u00f3cio Sul, que atende 4,8 milh\u00f5es de habitantes com abastecimento de \u00e1gua, coleta e tratamento de esgoto. Pela Unidade de Neg\u00f3cio Sul, obteve o Pr\u00eamio Ibero Americano de Qualidade 2019. Foi Superintendente da Unidade de Neg\u00f3cio Leste, onde atuou na melhoria operacional e na gest\u00e3o da unidade de neg\u00f3cio de 2011 a 2019, obtendo o\u00a0 Pr\u00eamio Nacional da Qualidade \u2013 PNQS 2013, Pr\u00eamio Diamante da ABES- PNQS 2016 e PNQS RUBI e Duplo Rubi em 2017 e 2018. Implantou o MGI \u2013 Modelo de Gest\u00e3o de Inova\u00e7\u00e3o na Unidade de Neg\u00f3cio Leste, in\u00e9dito na gest\u00e3o da inova\u00e7\u00e3o no setor de saneamento e atuou tamb\u00e9m em obras no combate \u00e0 crise h\u00eddrica 2014-2015. \u00c9 \u00a0atual presidente da ABES Se\u00e7\u00e3o S\u00e3o Paulo. ( Associa\u00e7\u00e3o Brasileira de Engenharia Sanit\u00e1ria e Ambiental)<\/p>\n<p><img loading=\"lazy\" decoding=\"async\" class=\"alignnone size-full wp-image-71913 td-animation-stack-type0-2\" src=\"https:\/\/www.institutodeengenharia.org.br\/site\/wp-content\/uploads\/2020\/10\/marcos-penido.jpg\" alt=\"\" width=\"163\" height=\"184\" \/><\/p>\n<p><strong>Marcos Rodrigues Penido<\/strong><\/p>\n<p>Secret\u00e1rio de Infraestrutura e Meio Ambiente do Estado de S\u00e3o Paulo<\/p>\n<p>Engenheiro Civil. Secret\u00e1rio Municipal das SubPrefeituras \u2013 Prefeitura de S\u00e3o Paulo \u2013 2018; secret\u00e1rio Municipal de Servi\u00e7os e Obras \u2013 Prefeitura de S\u00e3o Paulo \u2013 2017; diretor \/Presidente da CDHU \u2013 Cia de Desenvolvimento Habitacional e Urbano \u2013 Governo do Estado de S\u00e3o Paulo \u2013 2011 a 2016. Representante do Governo do Estado de S\u00e3o Paulo no F\u00f3rum Nacional de Secret\u00e1rios da Habita\u00e7\u00e3o e Desenvolvimento Urbano e ABC \u2013 Bras\u00edlia. Representante da CDHU junco a UNEP \u2013 SBCI \u2013 United Nations Environmental Program \u2013 Sustainable Building and Climate Initiative \u2013 2011-2012; secret\u00e1rio Municipal de Infraestrutura Urbana \u2013 Prefeitura de S\u00e3o Paulo \u2013 2006-2010; coordenador fundador do Programa QUALIHAB do Estado de S\u00e3o Paulo \u2013 1995-2005; funcion\u00e1rio de carreira da CDHU desde 1985. Extens\u00e3o em Gerenciamento de Empreendimentos \u2013 FGV; especialista na gest\u00e3o de pol\u00edticas p\u00fabicas em habita\u00e7\u00e3o e infraestrutura urbana no Brasil. Ocupou cargos de responsabilidade nas administra\u00e7\u00f5es do Governo de S\u00e3o Paulo e da Prefeitura do Munic\u00edpio de S\u00e3o Paulo, \u00e0 frente de grandes desafios de programas de constru\u00e7\u00e3o de moradias, urbaniza\u00e7\u00e3o de favelas, reassentamento de \u00e1reas de risco, erradica\u00e7\u00e3o de corti\u00e7os, implanta\u00e7\u00e3o de infraestrutura urbana, sistema vi\u00e1rio e transportes, canaliza\u00e7\u00e3o e c\u00f3rregos, equipamentos p\u00fablicos de escolas, creches, postos de sa\u00fade e hospitais, gest\u00e3o da ilumina\u00e7\u00e3o p\u00fablica, lixo e zeladoria da cidade de S\u00e3o Paulo; secret\u00e1rio das Subprefeituras, composta pelas 32 (trinta e duas) Subprefeituras 2018. Secret\u00e1rio de Infraestrutura e Meio Ambiente do Estado de S\u00e3o Paulo desde 2019.<\/p>\n<p><img loading=\"lazy\" decoding=\"async\" class=\"alignnone wp-image-78263 td-animation-stack-type0-2\" src=\"https:\/\/www.institutodeengenharia.org.br\/site\/wp-content\/uploads\/2021\/02\/FOTO-Ben_Braga_WWC_Official-200x300.jpg\" sizes=\"auto, (max-width: 115px) 100vw, 115px\" srcset=\"https:\/\/www.institutodeengenharia.org.br\/site\/wp-content\/uploads\/2021\/02\/FOTO-Ben_Braga_WWC_Official-200x300.jpg 200w, https:\/\/www.institutodeengenharia.org.br\/site\/wp-content\/uploads\/2021\/02\/FOTO-Ben_Braga_WWC_Official-683x1024.jpg 683w, https:\/\/www.institutodeengenharia.org.br\/site\/wp-content\/uploads\/2021\/02\/FOTO-Ben_Braga_WWC_Official-768x1152.jpg 768w, https:\/\/www.institutodeengenharia.org.br\/site\/wp-content\/uploads\/2021\/02\/FOTO-Ben_Braga_WWC_Official-696x1044.jpg 696w, https:\/\/www.institutodeengenharia.org.br\/site\/wp-content\/uploads\/2021\/02\/FOTO-Ben_Braga_WWC_Official-280x420.jpg 280w, https:\/\/www.institutodeengenharia.org.br\/site\/wp-content\/uploads\/2021\/02\/FOTO-Ben_Braga_WWC_Official-600x900.jpg 600w, https:\/\/www.institutodeengenharia.org.br\/site\/wp-content\/uploads\/2021\/02\/FOTO-Ben_Braga_WWC_Official.jpg 800w\" alt=\"\" width=\"115\" height=\"173\" \/><\/p>\n<p><strong>Benedito Braga<\/strong><\/p>\n<p>Diretor-presidente da Sabesp<\/p>\n<p>Diretor-presidente da Sabesp desde janeiro de 2019. Graduado em engenharia civil pela Escola de Engenharia de S\u00e3o Carlos (USP), \u00e9 mestre em Hidrologia pela Stanford University e em Hidr\u00e1ulica pela USP, al\u00e9m de PhD em Recursos H\u00eddricos por Stanford. \u00c9 Presidente honor\u00e1rio do Conselho Mundial da \u00c1gua (World Water Council \u2013 WWC), entidade que presidiu por duas gest\u00f5es, de 2013 a 2018. Foi Secret\u00e1rio de Saneamento e Recursos H\u00eddricos do Estado de S\u00e3o Paulo de 2015 a 2018, Presidente do Conselho Intergovernamental do Programa Hidrol\u00f3gico Internacional da Unesco, Presidente da Associa\u00e7\u00e3o Internacional de Recursos H\u00eddricos (International Water Resources Association \u2013 IWRA) e Diretor da Ag\u00eancia Nacional de \u00c1guas (ANA) da sua cria\u00e7\u00e3o at\u00e9 2009. Entre suas atividades docentes, foi professor da Escola Polit\u00e9cnica da USP, de 1980 a 2018.<\/p>\n<p><img loading=\"lazy\" decoding=\"async\" class=\"alignnone wp-image-78269 td-animation-stack-type0-2\" src=\"https:\/\/www.institutodeengenharia.org.br\/site\/wp-content\/uploads\/2021\/02\/FOTO-SILVIO-LUIZ-GIUDICE-219x300.jpg\" sizes=\"auto, (max-width: 147px) 100vw, 147px\" srcset=\"https:\/\/www.institutodeengenharia.org.br\/site\/wp-content\/uploads\/2021\/02\/FOTO-SILVIO-LUIZ-GIUDICE-219x300.jpg 219w, https:\/\/www.institutodeengenharia.org.br\/site\/wp-content\/uploads\/2021\/02\/FOTO-SILVIO-LUIZ-GIUDICE.jpg 239w\" alt=\"\" width=\"147\" height=\"201\" \/><\/p>\n<p><strong>S\u00edlvio Luiz Giudice<\/strong><\/p>\n<p>Gerente de Engenharia da Diretoria de Engenharia e Obras do DAEE<\/p>\n<p>Engenheiro Operacional pela FEOSP e Tecn\u00f3logo em Constru\u00e7\u00e3o Civil \u2013 Modalidade Obras Hidr\u00e1ulicas \u2013 Faculdade de Tecnologia de S\u00e3o Paulo \u2013 FATEC \/ SP. Cursos de Especializa\u00e7\u00e3o em Drenagem Urbana, Agrimensura, Ci\u00eancias Ambientais e em Avalia\u00e7\u00f5es e Per\u00edcias de Engenharia. Foi Professor na \u00e1rea de Engenharia Sanit\u00e1ria do Departamento de Hidr\u00e1ulica e Saneamento Ambiental \u00a0e do Departamento de Transportes e Obras de Terra da FATEC-SP. Atua\u00e7\u00e3o nas \u00e1reas\u00a0 de Hidrologia, Hidr\u00e1ulica,\u00a0 Drenagem Urbana e Seguran\u00e7a de Barragens, desenvolvendo estudos t\u00e9cnicos, projetos e acompanhamento de obras para o Departamento de \u00c1guas e Energia El\u00e9trica. Foi Diretor da Bacia do Alto Tiet\u00ea e Baixada Santista \u2013 BAT , Assistente T\u00e9cnico da Superintend\u00eancia e atualmente \u00e9 Gerente de Engenharia da Diretoria de Engenharia e Obras do Departamento de \u00c1guas e Energia El\u00e9trica \u2013 DAEE.<\/p>\n<p><img loading=\"lazy\" decoding=\"async\" class=\"alignnone wp-image-78270 td-animation-stack-type0-2\" src=\"https:\/\/www.institutodeengenharia.org.br\/site\/wp-content\/uploads\/2021\/02\/FOTO-JOSE-AUGUSTO-MENDES-214x300.jpg\" sizes=\"auto, (max-width: 136px) 100vw, 136px\" srcset=\"https:\/\/www.institutodeengenharia.org.br\/site\/wp-content\/uploads\/2021\/02\/FOTO-JOSE-AUGUSTO-MENDES-214x300.jpg 214w, https:\/\/www.institutodeengenharia.org.br\/site\/wp-content\/uploads\/2021\/02\/FOTO-JOSE-AUGUSTO-MENDES-300x420.jpg 300w, https:\/\/www.institutodeengenharia.org.br\/site\/wp-content\/uploads\/2021\/02\/FOTO-JOSE-AUGUSTO-MENDES.jpg 548w\" alt=\"\" width=\"136\" height=\"191\" \/><\/p>\n<p><strong>Jos\u00e9 Augusto Rocha Mendes<\/strong><\/p>\n<p>Engenheiro Civil pela Universidade Federal de S\u00e3o Carlos (1996), com MBA em Gest\u00e3o de Projetos e Processos pela FATEC\/SP (2018), especializa\u00e7\u00e3o em Avalia\u00e7\u00f5es e Per\u00edcias de Engenharia pela Unyleya (2018) e mestrado n\u00e3o conclu\u00eddo no Programa de P\u00f3s-gradua\u00e7\u00e3o em Engenharia Urbana do Departamento de Engenharia Civil da UFSCar (interrompido ap\u00f3s qualifica\u00e7\u00e3o, 2000). Atua profissionalmente nas \u00e1reas de Macrodrenagem, Gest\u00e3o de Recursos H\u00eddricos, Seguran\u00e7a de Barragens e Planejamento Urbano Integrado, desenvolvendo diversos estudos t\u00e9cnicos, projetos e acompanhamento de obras para o Departamento de \u00c1guas e Energia El\u00e9trica. Tamb\u00e9m desenvolve atividades de treinamento e capacita\u00e7\u00e3o, tendo destaque a participa\u00e7\u00e3o como palestrante em diversos simp\u00f3sios nacionais e internacionais. Na \u00e1rea acad\u00eamica, \u00e9 professor do Departamento de Hidr\u00e1ulica e Saneamento Ambiental da FATEC\/SP tendo atuado tamb\u00e9m como professor de Planejamento Urbano no Curso Superior de Gest\u00e3o Ambiental das Faculdades Metropolitanas Unidas \u2013 FMU; como professor substituto no Instituto Federal de Educa\u00e7\u00e3o de S\u00e3o Paulo \u2013 IFSP na \u00e1rea de Constru\u00e7\u00e3o Civil e Transportes e como professor do Curso de P\u00f3s-Gradua\u00e7\u00e3o em Gest\u00e3o Ambiental da FEI\/SP. Na Administra\u00e7\u00e3o P\u00fablica foi Coordenador de Obras da Secretaria de Recursos H\u00eddricos, Saneamento e Obras e Diretor do Grupo T\u00e9cnico de Informa\u00e7\u00f5es da Coordenadoria de Recursos H\u00eddricos da Secretaria de Energia, Recursos H\u00eddricos e Saneamento.<\/p>\n<p><img loading=\"lazy\" decoding=\"async\" class=\"alignnone wp-image-78359 td-animation-stack-type0-2\" src=\"https:\/\/www.institutodeengenharia.org.br\/site\/wp-content\/uploads\/2021\/02\/Helio-Rubens-Figueiredo.jpg\" sizes=\"auto, (max-width: 133px) 100vw, 133px\" srcset=\"https:\/\/www.institutodeengenharia.org.br\/site\/wp-content\/uploads\/2021\/02\/Helio-Rubens-Figueiredo.jpg 611w, https:\/\/www.institutodeengenharia.org.br\/site\/wp-content\/uploads\/2021\/02\/Helio-Rubens-Figueiredo-287x300.jpg 287w, https:\/\/www.institutodeengenharia.org.br\/site\/wp-content\/uploads\/2021\/02\/Helio-Rubens-Figueiredo-402x420.jpg 402w, https:\/\/www.institutodeengenharia.org.br\/site\/wp-content\/uploads\/2021\/02\/Helio-Rubens-Figueiredo-600x627.jpg 600w\" alt=\"\" width=\"133\" height=\"139\" \/><\/p>\n<p><strong>Helio Rubens Figueiredo<\/strong><\/p>\n<p>Assessor da diretoria metropolitana da SABESP<\/p>\n<p>Psic\u00f3logo, formado pela PUC\/SP. Assessor da diretoria metropolitana da SABESP. Com especializa\u00e7\u00e3o em \u201cSa\u00fade P\u00fablica e Sa\u00fade Mental\u201d pela faculdade de Sa\u00fade P\u00fablica da USP. \u00c9 coordenador do f\u00f3rum de gest\u00e3o socioambiental da diretoria metropolitana da SABESP. Atuou em v\u00e1rios \u00f3rg\u00e3os municipais e estaduais ligados a diferentes pol\u00edticas p\u00fablicas como sa\u00fade, transportes, administra\u00e7\u00e3o e desenvolvimento econ\u00f4mico.<\/p>\n<p><img loading=\"lazy\" decoding=\"async\" class=\"alignnone wp-image-78203 td-animation-stack-type0-2\" src=\"https:\/\/www.institutodeengenharia.org.br\/site\/wp-content\/uploads\/2021\/02\/dhkdsbsgh-236x300.png\" sizes=\"auto, (max-width: 171px) 100vw, 171px\" srcset=\"https:\/\/www.institutodeengenharia.org.br\/site\/wp-content\/uploads\/2021\/02\/dhkdsbsgh-236x300.png 236w, https:\/\/www.institutodeengenharia.org.br\/site\/wp-content\/uploads\/2021\/02\/dhkdsbsgh-330x420.png 330w, https:\/\/www.institutodeengenharia.org.br\/site\/wp-content\/uploads\/2021\/02\/dhkdsbsgh.png 359w\" alt=\"\" width=\"171\" height=\"217\" \/><\/p>\n<p><strong>Marcio Rea<\/strong><\/p>\n<p>Diretor-Presidente da EMAE<\/p>\n<p>Graduado em Administra\u00e7\u00e3o de Empresas, cursou extens\u00e3o universit\u00e1ria na \u00e1rea de energia. Possui 35 anos de experi\u00eancia no setor el\u00e9trico, ocupando diversos cargos executivos na \u00e1rea p\u00fablica e em empresas de energia, dentre os quais se destacam: Assessor Especial do Minist\u00e9rio de Ci\u00eancia e Tecnologia, Assessor da Diretoria Administrativa da CESP \u2013 Companhia Energ\u00e9tica de S\u00e3o Paulo, Assessor da Diretoria Administrativa da CTEEP \u2013 Companhia de Transmiss\u00e3o de Energia El\u00e9trica Paulista, Membro do Conselho Consultivo e da Comiss\u00e3o de \u00c9tica da ARTESP \u2013 Ag\u00eancia Reguladora de Servi\u00e7os P\u00fablicos Delegados de Transporte do Estado de S\u00e3o Paulo, Diretor Administrativo da CESP, Diretor Administrativo da Pirapora Energia S.A., Diretor Administrativo da EMAE \u2013 Empresa Metropolitana de \u00c1guas e Energia S.A., Membro do Conselho Curador da Funda\u00e7\u00e3o Patrim\u00f4nio Hist\u00f3rico da Energia e Saneamento, Membro do Conselho de Administra\u00e7\u00e3o da CETESB \u2013 Companhia Ambiental do Estado de S\u00e3o Paulo, Membro do Conselho Fiscal da EMAE, Presidente do Conselho de Administra\u00e7\u00e3o da Pirapora Energia S.A., Presidente do Conselho de Administra\u00e7\u00e3o da EMAE, Secret\u00e1rio Adjunto da Secretaria de Saneamento e Recursos H\u00eddricos do Estado de S\u00e3o Paulo, Secret\u00e1rio de Saneamento e Recursos H\u00eddricos do Estado de S\u00e3o Paulo. Atualmente \u00e9 Diretor-Presidente da EMAE, Diretor-Presidente da Pirapora Energia S.A., Membro do Conselho de Administra\u00e7\u00e3o da EMAE e Membro do Conselho de Administra\u00e7\u00e3o da Pirapora Energia S.A.<\/p>\n<p><img loading=\"lazy\" decoding=\"async\" class=\"alignnone wp-image-78302 td-animation-stack-type0-2\" src=\"https:\/\/www.institutodeengenharia.org.br\/site\/wp-content\/uploads\/2021\/02\/Marco-Antonio-2.jpg\" alt=\"\" width=\"165\" height=\"215\" \/><\/p>\n<p><strong>Marco Antonio Lopez Barros<\/strong><\/p>\n<p>52, Engenheiro Civil pela Universidade de Mogi das Cruzes, p\u00f3s Gradua\u00e7\u00e3o em Saneamento B\u00e1sico pela Faculdade de Sa\u00fade P\u00fablica \u2013 USP, tem 29 anos de hist\u00f3ria profissional na Sabesp, grande parte dedicados \u00e0 \u00e1rea de Opera\u00e7\u00e3o e Manuten\u00e7\u00e3o de Sistemas de Distribui\u00e7\u00e3o de \u00c1gua e Coleta de Esgotos. Como Superintendente da Unidade de Neg\u00f3cio de Produ\u00e7\u00e3o de \u00c1gua da Sabesp, esteve \u00e0 frente da Unidade quando ocorreu a maior crise h\u00eddrica j\u00e1 registrada no Estado. Atualmente Superintendente de Gest\u00e3o de Empreendimentos, responde pela implanta\u00e7\u00e3o das Unidades Recuperadoras no Projeto Novo Pinheiros, al\u00e9m de obras de aumento da seguran\u00e7a h\u00eddrica.<\/p>\n<p>E-mail:\u00a0<u>mbarros@sabesp.com.br<\/u><\/p>\n<p><strong>Jos\u00e9 Eduardo Bevilacqua<\/strong><\/p>\n<p>Profissional de qu\u00edmica e de ci\u00eancias ambientais formado pela USP\/RP com larga experi\u00eancia (28 anos) em gest\u00e3o de recursos h\u00eddricos, saneamento ambiental, sistema de qualidade laboratorial, monitoramento e caracteriza\u00e7\u00e3o da qualidade de \u00e1gua e sedimento, material dragado, gerenciamento da qualidade ambiental, sistema de gest\u00e3o ambiental, licenciamento ambiental, avalia\u00e7\u00e3o de impacto ambiental e sustentabilidade ambiental.<br \/>\nParticipa de licenciamentos ambientais de obras de saneamento, abastecimento, dragagem, atividades portu\u00e1rias e emiss\u00e1rios submarinos no Estado de S\u00e3o Paulo.<br \/>\nParticipa de grupos de trabalho para elabora\u00e7\u00e3o e revis\u00e3o de resolu\u00e7\u00f5es do CONAMA\/MMA e C\u00e2mara T\u00e9cnica de Controle e Qualidade Ambiental do CONAMA\/MMA.<br \/>\nTem o mestrado e o doutorado pela USP em qualidade ambiental, notadamente na caracteriza\u00e7\u00e3o de contaminantes em \u00e1guas naturais e sedimentos.<br \/>\nTamb\u00e9m tem experi\u00eancia destacada no campo docente, como professor de n\u00edvel superior em diversas escolas de S\u00e3o Paulo em n\u00edvel de gradua\u00e7\u00e3o e p\u00f3s-gradua\u00e7\u00e3o. Tem artigos publicados em peri\u00f3dicos nacionais e internacionais relacionados a qualidade das \u00e1guas e sedimentos no Estado de S\u00e3o Paulo.<\/p>\n<p><img loading=\"lazy\" decoding=\"async\" class=\"alignnone wp-image-78306 td-animation-stack-type0-2\" src=\"https:\/\/www.institutodeengenharia.org.br\/site\/wp-content\/uploads\/2021\/02\/Nivaldo-300x300.jpg\" sizes=\"auto, (max-width: 184px) 100vw, 184px\" srcset=\"https:\/\/www.institutodeengenharia.org.br\/site\/wp-content\/uploads\/2021\/02\/Nivaldo-300x300.jpg 300w, https:\/\/www.institutodeengenharia.org.br\/site\/wp-content\/uploads\/2021\/02\/Nivaldo-150x150.jpg 150w, https:\/\/www.institutodeengenharia.org.br\/site\/wp-content\/uploads\/2021\/02\/Nivaldo-100x100.jpg 100w, https:\/\/www.institutodeengenharia.org.br\/site\/wp-content\/uploads\/2021\/02\/Nivaldo.jpg 400w\" alt=\"\" width=\"184\" height=\"184\" \/><\/p>\n<p><strong>Nivaldo Rodrigues da Costa Junior<\/strong><\/p>\n<p>Engenheiro Civil, graduado pela Escola de Engenharia da Universidade Mackenzie e com Especializa\u00e7\u00e3o em Engenharia de Saneamento B\u00e1sico pela Faculdade de Sa\u00fade P\u00fablica da Universidade de S\u00e3o Paulo.<br \/>\nTem 28 anos de experi\u00eancia na Sabesp, com uma atua\u00e7\u00e3o pautada na efici\u00eancia operacional, com destaque para o abastecimento de \u00e1gua, controle de perdas, tratamento de esgoto e economia circular. Atualmente \u00e9 superintendente da Unidade de Neg\u00f3cio de Tratamento de Esgotos da diretoria Metropolitana da Sabesp, sendo respons\u00e1vel pela opera\u00e7\u00e3o de 39 esta\u00e7\u00f5es de tratamento, que totalizam mais de 60% de todo o esgoto tratado pela companhia. A unidade da qual \u00e9 l\u00edder tamb\u00e9m tem como desafios a implanta\u00e7\u00e3o da economia circular nas esta\u00e7\u00f5es de tratamento, com foco na produ\u00e7\u00e3o de \u00e1gua de reuso e na busca de solu\u00e7\u00f5es para aproveitamento energ\u00e9tico do lodo e biog\u00e1s. Desde 2017 \u00e9 membro do Conselho de Administra\u00e7\u00e3o do Aquapolo Ambiental, o maior empreendimento de \u00e1gua de reuso da Am\u00e9rica do Sul e um dos maiores do mundo. Tamb\u00e9m \u00e9 Diretor da ABES \u2013 Associa\u00e7\u00e3o Brasileira de Engenharia Sanit\u00e1ria e Ambiental \u2013 Se\u00e7\u00e3o S\u00e3o Paulo.<\/p>\n<p><img loading=\"lazy\" decoding=\"async\" class=\"alignnone wp-image-78390 td-animation-stack-type0-2\" src=\"https:\/\/www.institutodeengenharia.org.br\/site\/wp-content\/uploads\/2021\/02\/Fernando-Jose-Moliterno.jpg\" alt=\"\" width=\"139\" height=\"142\" \/><\/p>\n<p><strong>Fernando Jos\u00e9 Moliterno<\/strong><\/p>\n<p>Assessor Especial para Capta\u00e7\u00e3o de Neg\u00f3cios da Presid\u00eancia da EMAE<\/p>\n<p>Engenheiro Mec\u00e2nico formado pela Faculdade de Engenharia Industrial \u2013 FEI. Trabalha h\u00e1 36 anos na Eletropaulo\/EMAE atuando nas \u00e1reas de opera\u00e7\u00e3o e manuten\u00e7\u00e3o de usinas hidroel\u00e9tricas e termoel\u00e9tricas. Exerceu os cargos de gerente de Departamento de Engenharia, gerente do Departamento de Meio Ambiente, assessor da Diretoria de Gera\u00e7\u00e3o, assessor da Presid\u00eancia e atualmente exerce o cargo de Assessor Especial para Capta\u00e7\u00e3o de Neg\u00f3cios da Presid\u00eancia. Desde 2002 participa de projetos para a melhoria da qualidade das \u00e1guas do Rio Pinheiros.<\/p>\n<p><strong>Mediadores:<\/strong><\/p>\n<p><img loading=\"lazy\" decoding=\"async\" class=\"alignnone wp-image-69054 td-animation-stack-type0-2\" src=\"https:\/\/www.institutodeengenharia.org.br\/site\/wp-content\/uploads\/2020\/07\/Paula-2.jpeg\" sizes=\"auto, (max-width: 126px) 100vw, 126px\" srcset=\"https:\/\/www.institutodeengenharia.org.br\/site\/wp-content\/uploads\/2020\/07\/Paula-2.jpeg 482w, https:\/\/www.institutodeengenharia.org.br\/site\/wp-content\/uploads\/2020\/07\/Paula-2-259x300.jpeg 259w, https:\/\/www.institutodeengenharia.org.br\/site\/wp-content\/uploads\/2020\/07\/Paula-2-362x420.jpeg 362w\" alt=\"\" width=\"126\" height=\"146\" \/><\/p>\n<p><strong>Paula Fernanda Morais Andrade Rodrigues<\/strong><\/p>\n<p>Coordenadora da Divis\u00e3o T\u00e9cnica de Engenharia Sanit\u00e1ria, Recursos H\u00eddricos e Biotecnologia<\/p>\n<p>Mestre em Sustentabilidade (USP). Especialista em Engenharia de Seguran\u00e7a do Trabalho (USP). Bi\u00f3loga (Mackenzie) e Engenheira Ambiental (UFSCar). Atua em meio ambiente, seguran\u00e7a ocupacional e per\u00edcia judicial prestando servi\u00e7os nas \u00e1reas de licenciamento ambiental, avalia\u00e7\u00e3o de impactos ambientais, investiga\u00e7\u00e3o e gerenciamento de \u00e1reas contaminadas e preven\u00e7\u00e3o de inc\u00eandio. Consultora em Relat\u00f3rios de Sustentabilidade. Atuou como pesquisadora nas \u00e1reas de energia, mitiga\u00e7\u00e3o de emiss\u00f5es de gases do efeito estufa, efici\u00eancia energ\u00e9tica, mudan\u00e7as clim\u00e1ticas e economia ambiental para o Banco Interamericano de Desenvolvimento (BID). Ministrou aulas de Elementos Biol\u00f3gicos em Per\u00edcia Ambiental no IBAPE\/SP. Coordena a Divis\u00e3o de Engenharia Sanit\u00e1ria, Recursos H\u00eddricos e Biotecnologia, do Instituto de Engenharia.<\/p>\n<p><img loading=\"lazy\" decoding=\"async\" class=\"alignnone wp-image-68239 td-animation-stack-type0-2\" src=\"https:\/\/www.institutodeengenharia.org.br\/site\/wp-content\/uploads\/2020\/06\/mario-ernesto-humberg.jpg\" sizes=\"auto, (max-width: 129px) 100vw, 129px\" srcset=\"https:\/\/www.institutodeengenharia.org.br\/site\/wp-content\/uploads\/2020\/06\/mario-ernesto-humberg.jpg 1131w, https:\/\/www.institutodeengenharia.org.br\/site\/wp-content\/uploads\/2020\/06\/mario-ernesto-humberg-262x300.jpg 262w, https:\/\/www.institutodeengenharia.org.br\/site\/wp-content\/uploads\/2020\/06\/mario-ernesto-humberg-768x881.jpg 768w, https:\/\/www.institutodeengenharia.org.br\/site\/wp-content\/uploads\/2020\/06\/mario-ernesto-humberg-893x1024.jpg 893w, https:\/\/www.institutodeengenharia.org.br\/site\/wp-content\/uploads\/2020\/06\/mario-ernesto-humberg-696x798.jpg 696w, https:\/\/www.institutodeengenharia.org.br\/site\/wp-content\/uploads\/2020\/06\/mario-ernesto-humberg-1068x1225.jpg 1068w, https:\/\/www.institutodeengenharia.org.br\/site\/wp-content\/uploads\/2020\/06\/mario-ernesto-humberg-366x420.jpg 366w, https:\/\/www.institutodeengenharia.org.br\/site\/wp-content\/uploads\/2020\/06\/mario-ernesto-humberg-600x688.jpg 600w\" alt=\"\" width=\"129\" height=\"147\" \/><\/p>\n<p><strong>Mario Ernesto Humberg<\/strong><\/p>\n<p>Redator do estudo \u201cDiretrizes para universaliza\u00e7\u00e3o do Saneamento no Brasil\u201d, do Instituto de Engenharia, e secret\u00e1rio da Divis\u00e3o T\u00e9cnica de Engenharia Sanit\u00e1ria, Recursos H\u00eddricos e Biotecnologia<\/p>\n<p>Formado em Qu\u00edmica pela USP, com especializa\u00e7\u00e3o em Qu\u00edmica Industrial. Foi professor das escolas de engenharia Mau\u00e1, Oswaldo Cruz e Tecnologia de Barretos e atuou em ind\u00fastrias do setor. Dirigiu a Revista Qu\u00edmica e Derivados, derivando para a \u00e1rea jornal\u00edstica, como diretor das revistas t\u00e9cnicas da Editora Abril, e depois do jornal Gazeta Mercantil. Dirigiu a \u00e1rea de Rela\u00e7\u00f5es institucionais das empresas BASF e depois fundou sua empresa de consultoria, a CL-A Comunica\u00e7\u00f5es. Atua na prepara\u00e7\u00e3o de papers, estudos e outros conte\u00fados sobre neg\u00f3cios, meio ambiente e informa\u00e7\u00f5es sociais e econ\u00f4micas. \u00c9 tamb\u00e9m consultor e palestrante sobre \u00c9tica Organizacional e Gest\u00e3o de Crises, com v\u00e1rios livros publicados. \u00c9 atualmente coordenador Geral do PNBE \u2013 Pensamento Nacional das Bases Empresariais, conselheiro da ADVB \u2013 Associa\u00e7\u00e3o dos Dirigentes de Vendas e Marketing do Brasil, e membro do Conselho de Economia Empresarial e Pol\u00edtica \u2013 CEEP da FECOMERCIO SP.<\/p>\n<p><strong>Apoio Institucional:<\/strong><\/p>\n<p><img loading=\"lazy\" decoding=\"async\" class=\"alignnone size-full wp-image-34556 td-animation-stack-type0-2\" src=\"https:\/\/www.institutodeengenharia.org.br\/site\/wp-content\/uploads\/2018\/04\/CREA-SP_vertical.jpg\" sizes=\"auto, (max-width: 150px) 100vw, 150px\" srcset=\"https:\/\/www.institutodeengenharia.org.br\/site\/wp-content\/uploads\/2018\/04\/CREA-SP_vertical.jpg 150w, https:\/\/www.institutodeengenharia.org.br\/site\/wp-content\/uploads\/2018\/04\/CREA-SP_vertical-100x70.jpg 100w\" alt=\"\" width=\"150\" height=\"106\" \/><\/p>\n<p><strong>Realiza\u00e7\u00e3o:<\/strong><\/p>\n<p><strong>Eng. Jer\u00f4nimo Cabral Pereira Fagundes Neto<\/strong>\u00a0\u2013 Vice-Presidente de Atividades T\u00e9cnicas<br \/>\n<strong>Eng. Roberto Kochen<\/strong>\u00a0\u2013 Diretor do Departamento de Engenharia do Habitat e Infraestrutura<br \/>\n<strong>Eng.\u00aa Paula Fernanda M. A. Rodrigues<\/strong>\u00a0\u2013 Coordenadora da Divis\u00e3o T\u00e9cnica de Engenharia Sanit\u00e1ria e Recursos H\u00eddricos e Biotecnologia<br \/>\n<strong>Jornalista e Qu\u00edmico Mario Ernesto Humberg<\/strong>\u00a0\u2013 Secret\u00e1rio da Divis\u00e3o T\u00e9cnica de Engenharia Sanit\u00e1ria e Recursos H\u00eddricos e Biotecnologia<br \/>\n<strong>Eng. Felipe Geribello Ferreira Cabral<\/strong>\u00a0\u2013 Vice coordenador da Divis\u00e3o T\u00e9cnica de Engenharia Sanit\u00e1ria e Recursos H\u00eddricos e Biotecnologia<\/p>\n","protected":false},"excerpt":{"rendered":"<p>&nbsp; Assista abaixo \u00e0 grava\u00e7\u00e3o da parte da tarde: + Informa\u00e7\u00f5es: Abordagem: O objetivo do evento \u00e9 trazer os \u00f3rg\u00e3os, empresas e entidades que participaram do workshop de apresenta\u00e7\u00e3o do projeto de despolui\u00e7\u00e3o do Rio Pinheiros (realizado em 11 de mar\u00e7o de 2019, no Instituto de Engenharia) para que, agora, apresentem o que foi feito [&hellip;]<\/p>\n","protected":false},"author":13,"featured_media":78199,"comment_status":"open","ping_status":"open","sticky":false,"template":"","format":"standard","meta":{"footnotes":""},"categories":[968,970],"tags":[],"class_list":{"0":"post-78877","1":"post","2":"type-post","3":"status-publish","4":"format-standard","5":"has-post-thumbnail","7":"category-nova-tv-engenharia","8":"category-seminario"},"yoast_head":"<!-- This site is optimized with the Yoast SEO plugin v27.2 - https:\/\/yoast.com\/product\/yoast-seo-wordpress\/ -->\n<title>Semin\u00e1rio: Projeto Rio Pinheiros \u2013 dois anos depois (Tarde) - Instituto de Engenharia<\/title>\n<meta name=\"robots\" content=\"index, follow, max-snippet:-1, max-image-preview:large, max-video-preview:-1\" \/>\n<link rel=\"canonical\" href=\"https:\/\/www.institutodeengenharia.org.br\/site\/2021\/03\/11\/seminario-projeto-rio-pinheiros-dois-anos-depois-tarde\/\" \/>\n<meta property=\"og:locale\" content=\"pt_BR\" \/>\n<meta property=\"og:type\" content=\"article\" \/>\n<meta property=\"og:title\" content=\"Semin\u00e1rio: Projeto Rio Pinheiros \u2013 dois anos depois (Tarde)\" \/>\n<meta property=\"og:description\" content=\"Assista \u00e0 grava\u00e7\u00e3o do evento\" \/>\n<meta property=\"og:url\" content=\"https:\/\/www.institutodeengenharia.org.br\/site\/2021\/03\/11\/seminario-projeto-rio-pinheiros-dois-anos-depois-tarde\/\" \/>\n<meta property=\"og:site_name\" content=\"Instituto de Engenharia\" \/>\n<meta property=\"article:publisher\" content=\"https:\/\/www.facebook.com\/institutodeengenharia\" \/>\n<meta property=\"article:published_time\" content=\"2021-03-11T14:56:03+00:00\" \/>\n<meta property=\"article:modified_time\" content=\"2021-05-28T15:17:19+00:00\" \/>\n<meta property=\"og:image\" content=\"https:\/\/www.institutodeengenharia.org.br\/site\/wp-content\/uploads\/2019\/08\/tv_engenharia.jpg\" \/>\n\t<meta property=\"og:image:width\" content=\"1280\" \/>\n\t<meta property=\"og:image:height\" content=\"853\" \/>\n\t<meta property=\"og:image:type\" content=\"image\/jpeg\" \/>\n<meta name=\"author\" content=\"Bianca\" \/>\n<meta name=\"twitter:card\" content=\"summary_large_image\" \/>\n<meta name=\"twitter:title\" content=\"Semin\u00e1rio: Projeto Rio Pinheiros \u2013 dois anos depois (Tarde)\" \/>\n<meta name=\"twitter:description\" content=\"Assista \u00e0 grava\u00e7\u00e3o do evento\" \/>\n<meta name=\"twitter:image\" content=\"https:\/\/www.institutodeengenharia.org.br\/site\/wp-content\/uploads\/2019\/08\/tv_engenharia.jpg\" \/>\n<meta name=\"twitter:creator\" content=\"@iengenharia\" \/>\n<meta name=\"twitter:site\" content=\"@iengenharia\" \/>\n<meta name=\"twitter:label1\" content=\"Escrito por\" \/>\n\t<meta name=\"twitter:data1\" content=\"Bianca\" \/>\n\t<meta name=\"twitter:label2\" content=\"Est. tempo de leitura\" \/>\n\t<meta name=\"twitter:data2\" content=\"15 minutos\" \/>\n<script type=\"application\/ld+json\" class=\"yoast-schema-graph\">{\"@context\":\"https:\/\/schema.org\",\"@graph\":[{\"@type\":\"Article\",\"@id\":\"https:\/\/www.institutodeengenharia.org.br\/site\/2021\/03\/11\/seminario-projeto-rio-pinheiros-dois-anos-depois-tarde\/#article\",\"isPartOf\":{\"@id\":\"https:\/\/www.institutodeengenharia.org.br\/site\/2021\/03\/11\/seminario-projeto-rio-pinheiros-dois-anos-depois-tarde\/\"},\"author\":{\"name\":\"Bianca\",\"@id\":\"https:\/\/www.institutodeengenharia.org.br\/site\/#\/schema\/person\/aeb64951c405e100d26d30b033dd423f\"},\"headline\":\"Semin\u00e1rio: Projeto Rio Pinheiros \u2013 dois anos depois (Tarde)\",\"datePublished\":\"2021-03-11T14:56:03+00:00\",\"dateModified\":\"2021-05-28T15:17:19+00:00\",\"mainEntityOfPage\":{\"@id\":\"https:\/\/www.institutodeengenharia.org.br\/site\/2021\/03\/11\/seminario-projeto-rio-pinheiros-dois-anos-depois-tarde\/\"},\"wordCount\":3036,\"commentCount\":0,\"publisher\":{\"@id\":\"https:\/\/www.institutodeengenharia.org.br\/site\/#organization\"},\"image\":{\"@id\":\"https:\/\/www.institutodeengenharia.org.br\/site\/2021\/03\/11\/seminario-projeto-rio-pinheiros-dois-anos-depois-tarde\/#primaryimage\"},\"thumbnailUrl\":\"https:\/\/www.institutodeengenharia.org.br\/site\/wp-content\/uploads\/2021\/03\/iStock-186232464-e1613667485107-696x373-1.jpg\",\"articleSection\":[\"Nova TV Engenharia\",\"Semin\u00e1rio\"],\"inLanguage\":\"pt-BR\",\"potentialAction\":[{\"@type\":\"CommentAction\",\"name\":\"Comment\",\"target\":[\"https:\/\/www.institutodeengenharia.org.br\/site\/2021\/03\/11\/seminario-projeto-rio-pinheiros-dois-anos-depois-tarde\/#respond\"]}]},{\"@type\":\"WebPage\",\"@id\":\"https:\/\/www.institutodeengenharia.org.br\/site\/2021\/03\/11\/seminario-projeto-rio-pinheiros-dois-anos-depois-tarde\/\",\"url\":\"https:\/\/www.institutodeengenharia.org.br\/site\/2021\/03\/11\/seminario-projeto-rio-pinheiros-dois-anos-depois-tarde\/\",\"name\":\"Semin\u00e1rio: Projeto Rio Pinheiros \u2013 dois anos depois (Tarde) - Instituto de Engenharia\",\"isPartOf\":{\"@id\":\"https:\/\/www.institutodeengenharia.org.br\/site\/#website\"},\"primaryImageOfPage\":{\"@id\":\"https:\/\/www.institutodeengenharia.org.br\/site\/2021\/03\/11\/seminario-projeto-rio-pinheiros-dois-anos-depois-tarde\/#primaryimage\"},\"image\":{\"@id\":\"https:\/\/www.institutodeengenharia.org.br\/site\/2021\/03\/11\/seminario-projeto-rio-pinheiros-dois-anos-depois-tarde\/#primaryimage\"},\"thumbnailUrl\":\"https:\/\/www.institutodeengenharia.org.br\/site\/wp-content\/uploads\/2021\/03\/iStock-186232464-e1613667485107-696x373-1.jpg\",\"datePublished\":\"2021-03-11T14:56:03+00:00\",\"dateModified\":\"2021-05-28T15:17:19+00:00\",\"breadcrumb\":{\"@id\":\"https:\/\/www.institutodeengenharia.org.br\/site\/2021\/03\/11\/seminario-projeto-rio-pinheiros-dois-anos-depois-tarde\/#breadcrumb\"},\"inLanguage\":\"pt-BR\",\"potentialAction\":[{\"@type\":\"ReadAction\",\"target\":[\"https:\/\/www.institutodeengenharia.org.br\/site\/2021\/03\/11\/seminario-projeto-rio-pinheiros-dois-anos-depois-tarde\/\"]}]},{\"@type\":\"ImageObject\",\"inLanguage\":\"pt-BR\",\"@id\":\"https:\/\/www.institutodeengenharia.org.br\/site\/2021\/03\/11\/seminario-projeto-rio-pinheiros-dois-anos-depois-tarde\/#primaryimage\",\"url\":\"https:\/\/www.institutodeengenharia.org.br\/site\/wp-content\/uploads\/2021\/03\/iStock-186232464-e1613667485107-696x373-1.jpg\",\"contentUrl\":\"https:\/\/www.institutodeengenharia.org.br\/site\/wp-content\/uploads\/2021\/03\/iStock-186232464-e1613667485107-696x373-1.jpg\",\"width\":696,\"height\":373},{\"@type\":\"BreadcrumbList\",\"@id\":\"https:\/\/www.institutodeengenharia.org.br\/site\/2021\/03\/11\/seminario-projeto-rio-pinheiros-dois-anos-depois-tarde\/#breadcrumb\",\"itemListElement\":[{\"@type\":\"ListItem\",\"position\":1,\"name\":\"In\u00edcio\",\"item\":\"https:\/\/www.institutodeengenharia.org.br\/site\/\"},{\"@type\":\"ListItem\",\"position\":2,\"name\":\"Semin\u00e1rio: Projeto Rio Pinheiros \u2013 dois anos depois (Tarde)\"}]},{\"@type\":\"WebSite\",\"@id\":\"https:\/\/www.institutodeengenharia.org.br\/site\/#website\",\"url\":\"https:\/\/www.institutodeengenharia.org.br\/site\/\",\"name\":\"Instituto de Engenharia\",\"description\":\"O Instituto de Engenharia promove a Engenharia em benef\u00edcio do desenvolvimento e da qualidade de vida da sociedade.\",\"publisher\":{\"@id\":\"https:\/\/www.institutodeengenharia.org.br\/site\/#organization\"},\"potentialAction\":[{\"@type\":\"SearchAction\",\"target\":{\"@type\":\"EntryPoint\",\"urlTemplate\":\"https:\/\/www.institutodeengenharia.org.br\/site\/?s={search_term_string}\"},\"query-input\":{\"@type\":\"PropertyValueSpecification\",\"valueRequired\":true,\"valueName\":\"search_term_string\"}}],\"inLanguage\":\"pt-BR\"},{\"@type\":\"Organization\",\"@id\":\"https:\/\/www.institutodeengenharia.org.br\/site\/#organization\",\"name\":\"Instituto de Engenharia\",\"url\":\"https:\/\/www.institutodeengenharia.org.br\/site\/\",\"logo\":{\"@type\":\"ImageObject\",\"inLanguage\":\"pt-BR\",\"@id\":\"https:\/\/www.institutodeengenharia.org.br\/site\/#\/schema\/logo\/image\/\",\"url\":\"https:\/\/www.institutodeengenharia.org.br\/site\/wp-content\/uploads\/2019\/03\/logo-novo-IE2018-1.jpg\",\"contentUrl\":\"https:\/\/www.institutodeengenharia.org.br\/site\/wp-content\/uploads\/2019\/03\/logo-novo-IE2018-1.jpg\",\"width\":1486,\"height\":1879,\"caption\":\"Instituto de Engenharia\"},\"image\":{\"@id\":\"https:\/\/www.institutodeengenharia.org.br\/site\/#\/schema\/logo\/image\/\"},\"sameAs\":[\"https:\/\/www.facebook.com\/institutodeengenharia\",\"https:\/\/x.com\/iengenharia\",\"https:\/\/www.instagram.com\/institutodeengenharia\/\",\"https:\/\/www.linkedin.com\/company\/instituto-de-engenharia\/\",\"https:\/\/www.youtube.com\/channel\/UCXiCAlsSMe977vamW915HxA\"]},{\"@type\":\"Person\",\"@id\":\"https:\/\/www.institutodeengenharia.org.br\/site\/#\/schema\/person\/aeb64951c405e100d26d30b033dd423f\",\"name\":\"Bianca\",\"image\":{\"@type\":\"ImageObject\",\"inLanguage\":\"pt-BR\",\"@id\":\"https:\/\/secure.gravatar.com\/avatar\/a6fbe9bff57405baf4c1e2c5c1811e072b558253974a9f9508f4678900c97c2a?s=96&d=mm&r=g\",\"url\":\"https:\/\/secure.gravatar.com\/avatar\/a6fbe9bff57405baf4c1e2c5c1811e072b558253974a9f9508f4678900c97c2a?s=96&d=mm&r=g\",\"contentUrl\":\"https:\/\/secure.gravatar.com\/avatar\/a6fbe9bff57405baf4c1e2c5c1811e072b558253974a9f9508f4678900c97c2a?s=96&d=mm&r=g\",\"caption\":\"Bianca\"},\"url\":\"https:\/\/www.institutodeengenharia.org.br\/site\/author\/comunicacao1\/\"}]}<\/script>\n<!-- \/ Yoast SEO plugin. -->","yoast_head_json":{"title":"Semin\u00e1rio: Projeto Rio Pinheiros \u2013 dois anos depois (Tarde) - Instituto de Engenharia","robots":{"index":"index","follow":"follow","max-snippet":"max-snippet:-1","max-image-preview":"max-image-preview:large","max-video-preview":"max-video-preview:-1"},"canonical":"https:\/\/www.institutodeengenharia.org.br\/site\/2021\/03\/11\/seminario-projeto-rio-pinheiros-dois-anos-depois-tarde\/","og_locale":"pt_BR","og_type":"article","og_title":"Semin\u00e1rio: Projeto Rio Pinheiros \u2013 dois anos depois (Tarde)","og_description":"Assista \u00e0 grava\u00e7\u00e3o do evento","og_url":"https:\/\/www.institutodeengenharia.org.br\/site\/2021\/03\/11\/seminario-projeto-rio-pinheiros-dois-anos-depois-tarde\/","og_site_name":"Instituto de Engenharia","article_publisher":"https:\/\/www.facebook.com\/institutodeengenharia","article_published_time":"2021-03-11T14:56:03+00:00","article_modified_time":"2021-05-28T15:17:19+00:00","og_image":[{"width":1280,"height":853,"url":"https:\/\/www.institutodeengenharia.org.br\/site\/wp-content\/uploads\/2019\/08\/tv_engenharia.jpg","type":"image\/jpeg"}],"author":"Bianca","twitter_card":"summary_large_image","twitter_title":"Semin\u00e1rio: Projeto Rio Pinheiros \u2013 dois anos depois (Tarde)","twitter_description":"Assista \u00e0 grava\u00e7\u00e3o do evento","twitter_image":"https:\/\/www.institutodeengenharia.org.br\/site\/wp-content\/uploads\/2019\/08\/tv_engenharia.jpg","twitter_creator":"@iengenharia","twitter_site":"@iengenharia","twitter_misc":{"Escrito por":"Bianca","Est. tempo de leitura":"15 minutos"},"schema":{"@context":"https:\/\/schema.org","@graph":[{"@type":"Article","@id":"https:\/\/www.institutodeengenharia.org.br\/site\/2021\/03\/11\/seminario-projeto-rio-pinheiros-dois-anos-depois-tarde\/#article","isPartOf":{"@id":"https:\/\/www.institutodeengenharia.org.br\/site\/2021\/03\/11\/seminario-projeto-rio-pinheiros-dois-anos-depois-tarde\/"},"author":{"name":"Bianca","@id":"https:\/\/www.institutodeengenharia.org.br\/site\/#\/schema\/person\/aeb64951c405e100d26d30b033dd423f"},"headline":"Semin\u00e1rio: Projeto Rio Pinheiros \u2013 dois anos depois (Tarde)","datePublished":"2021-03-11T14:56:03+00:00","dateModified":"2021-05-28T15:17:19+00:00","mainEntityOfPage":{"@id":"https:\/\/www.institutodeengenharia.org.br\/site\/2021\/03\/11\/seminario-projeto-rio-pinheiros-dois-anos-depois-tarde\/"},"wordCount":3036,"commentCount":0,"publisher":{"@id":"https:\/\/www.institutodeengenharia.org.br\/site\/#organization"},"image":{"@id":"https:\/\/www.institutodeengenharia.org.br\/site\/2021\/03\/11\/seminario-projeto-rio-pinheiros-dois-anos-depois-tarde\/#primaryimage"},"thumbnailUrl":"https:\/\/www.institutodeengenharia.org.br\/site\/wp-content\/uploads\/2021\/03\/iStock-186232464-e1613667485107-696x373-1.jpg","articleSection":["Nova TV Engenharia","Semin\u00e1rio"],"inLanguage":"pt-BR","potentialAction":[{"@type":"CommentAction","name":"Comment","target":["https:\/\/www.institutodeengenharia.org.br\/site\/2021\/03\/11\/seminario-projeto-rio-pinheiros-dois-anos-depois-tarde\/#respond"]}]},{"@type":"WebPage","@id":"https:\/\/www.institutodeengenharia.org.br\/site\/2021\/03\/11\/seminario-projeto-rio-pinheiros-dois-anos-depois-tarde\/","url":"https:\/\/www.institutodeengenharia.org.br\/site\/2021\/03\/11\/seminario-projeto-rio-pinheiros-dois-anos-depois-tarde\/","name":"Semin\u00e1rio: Projeto Rio Pinheiros \u2013 dois anos depois (Tarde) - Instituto de Engenharia","isPartOf":{"@id":"https:\/\/www.institutodeengenharia.org.br\/site\/#website"},"primaryImageOfPage":{"@id":"https:\/\/www.institutodeengenharia.org.br\/site\/2021\/03\/11\/seminario-projeto-rio-pinheiros-dois-anos-depois-tarde\/#primaryimage"},"image":{"@id":"https:\/\/www.institutodeengenharia.org.br\/site\/2021\/03\/11\/seminario-projeto-rio-pinheiros-dois-anos-depois-tarde\/#primaryimage"},"thumbnailUrl":"https:\/\/www.institutodeengenharia.org.br\/site\/wp-content\/uploads\/2021\/03\/iStock-186232464-e1613667485107-696x373-1.jpg","datePublished":"2021-03-11T14:56:03+00:00","dateModified":"2021-05-28T15:17:19+00:00","breadcrumb":{"@id":"https:\/\/www.institutodeengenharia.org.br\/site\/2021\/03\/11\/seminario-projeto-rio-pinheiros-dois-anos-depois-tarde\/#breadcrumb"},"inLanguage":"pt-BR","potentialAction":[{"@type":"ReadAction","target":["https:\/\/www.institutodeengenharia.org.br\/site\/2021\/03\/11\/seminario-projeto-rio-pinheiros-dois-anos-depois-tarde\/"]}]},{"@type":"ImageObject","inLanguage":"pt-BR","@id":"https:\/\/www.institutodeengenharia.org.br\/site\/2021\/03\/11\/seminario-projeto-rio-pinheiros-dois-anos-depois-tarde\/#primaryimage","url":"https:\/\/www.institutodeengenharia.org.br\/site\/wp-content\/uploads\/2021\/03\/iStock-186232464-e1613667485107-696x373-1.jpg","contentUrl":"https:\/\/www.institutodeengenharia.org.br\/site\/wp-content\/uploads\/2021\/03\/iStock-186232464-e1613667485107-696x373-1.jpg","width":696,"height":373},{"@type":"BreadcrumbList","@id":"https:\/\/www.institutodeengenharia.org.br\/site\/2021\/03\/11\/seminario-projeto-rio-pinheiros-dois-anos-depois-tarde\/#breadcrumb","itemListElement":[{"@type":"ListItem","position":1,"name":"In\u00edcio","item":"https:\/\/www.institutodeengenharia.org.br\/site\/"},{"@type":"ListItem","position":2,"name":"Semin\u00e1rio: Projeto Rio Pinheiros \u2013 dois anos depois (Tarde)"}]},{"@type":"WebSite","@id":"https:\/\/www.institutodeengenharia.org.br\/site\/#website","url":"https:\/\/www.institutodeengenharia.org.br\/site\/","name":"Instituto de Engenharia","description":"O Instituto de Engenharia promove a Engenharia em benef\u00edcio do desenvolvimento e da qualidade de vida da sociedade.","publisher":{"@id":"https:\/\/www.institutodeengenharia.org.br\/site\/#organization"},"potentialAction":[{"@type":"SearchAction","target":{"@type":"EntryPoint","urlTemplate":"https:\/\/www.institutodeengenharia.org.br\/site\/?s={search_term_string}"},"query-input":{"@type":"PropertyValueSpecification","valueRequired":true,"valueName":"search_term_string"}}],"inLanguage":"pt-BR"},{"@type":"Organization","@id":"https:\/\/www.institutodeengenharia.org.br\/site\/#organization","name":"Instituto de Engenharia","url":"https:\/\/www.institutodeengenharia.org.br\/site\/","logo":{"@type":"ImageObject","inLanguage":"pt-BR","@id":"https:\/\/www.institutodeengenharia.org.br\/site\/#\/schema\/logo\/image\/","url":"https:\/\/www.institutodeengenharia.org.br\/site\/wp-content\/uploads\/2019\/03\/logo-novo-IE2018-1.jpg","contentUrl":"https:\/\/www.institutodeengenharia.org.br\/site\/wp-content\/uploads\/2019\/03\/logo-novo-IE2018-1.jpg","width":1486,"height":1879,"caption":"Instituto de Engenharia"},"image":{"@id":"https:\/\/www.institutodeengenharia.org.br\/site\/#\/schema\/logo\/image\/"},"sameAs":["https:\/\/www.facebook.com\/institutodeengenharia","https:\/\/x.com\/iengenharia","https:\/\/www.instagram.com\/institutodeengenharia\/","https:\/\/www.linkedin.com\/company\/instituto-de-engenharia\/","https:\/\/www.youtube.com\/channel\/UCXiCAlsSMe977vamW915HxA"]},{"@type":"Person","@id":"https:\/\/www.institutodeengenharia.org.br\/site\/#\/schema\/person\/aeb64951c405e100d26d30b033dd423f","name":"Bianca","image":{"@type":"ImageObject","inLanguage":"pt-BR","@id":"https:\/\/secure.gravatar.com\/avatar\/a6fbe9bff57405baf4c1e2c5c1811e072b558253974a9f9508f4678900c97c2a?s=96&d=mm&r=g","url":"https:\/\/secure.gravatar.com\/avatar\/a6fbe9bff57405baf4c1e2c5c1811e072b558253974a9f9508f4678900c97c2a?s=96&d=mm&r=g","contentUrl":"https:\/\/secure.gravatar.com\/avatar\/a6fbe9bff57405baf4c1e2c5c1811e072b558253974a9f9508f4678900c97c2a?s=96&d=mm&r=g","caption":"Bianca"},"url":"https:\/\/www.institutodeengenharia.org.br\/site\/author\/comunicacao1\/"}]}},"_links":{"self":[{"href":"https:\/\/www.institutodeengenharia.org.br\/site\/wp-json\/wp\/v2\/posts\/78877","targetHints":{"allow":["GET"]}}],"collection":[{"href":"https:\/\/www.institutodeengenharia.org.br\/site\/wp-json\/wp\/v2\/posts"}],"about":[{"href":"https:\/\/www.institutodeengenharia.org.br\/site\/wp-json\/wp\/v2\/types\/post"}],"author":[{"embeddable":true,"href":"https:\/\/www.institutodeengenharia.org.br\/site\/wp-json\/wp\/v2\/users\/13"}],"replies":[{"embeddable":true,"href":"https:\/\/www.institutodeengenharia.org.br\/site\/wp-json\/wp\/v2\/comments?post=78877"}],"version-history":[{"count":2,"href":"https:\/\/www.institutodeengenharia.org.br\/site\/wp-json\/wp\/v2\/posts\/78877\/revisions"}],"predecessor-version":[{"id":79553,"href":"https:\/\/www.institutodeengenharia.org.br\/site\/wp-json\/wp\/v2\/posts\/78877\/revisions\/79553"}],"wp:featuredmedia":[{"embeddable":true,"href":"https:\/\/www.institutodeengenharia.org.br\/site\/wp-json\/wp\/v2\/media\/78199"}],"wp:attachment":[{"href":"https:\/\/www.institutodeengenharia.org.br\/site\/wp-json\/wp\/v2\/media?parent=78877"}],"wp:term":[{"taxonomy":"category","embeddable":true,"href":"https:\/\/www.institutodeengenharia.org.br\/site\/wp-json\/wp\/v2\/categories?post=78877"},{"taxonomy":"post_tag","embeddable":true,"href":"https:\/\/www.institutodeengenharia.org.br\/site\/wp-json\/wp\/v2\/tags?post=78877"}],"curies":[{"name":"wp","href":"https:\/\/api.w.org\/{rel}","templated":true}]}}