{"id":78251,"date":"2021-03-02T13:31:46","date_gmt":"2021-03-02T16:31:46","guid":{"rendered":"https:\/\/www.institutodeengenharia.org.br\/site\/?p=78251"},"modified":"2021-05-28T12:27:50","modified_gmt":"2021-05-28T15:27:50","slug":"ie-talks-portos-e-terminais-maritimos-do-brasil","status":"publish","type":"post","link":"https:\/\/www.institutodeengenharia.org.br\/site\/2021\/03\/02\/ie-talks-portos-e-terminais-maritimos-do-brasil\/","title":{"rendered":"IE Talks: Portos e Terminais Mar\u00edtimos do Brasil"},"content":{"rendered":"<p><strong>Assista abaixo \u00e0 grava\u00e7\u00e3o:<\/strong><\/p>\n<p><iframe loading=\"lazy\" src=\"https:\/\/player.vimeo.com\/video\/519936330\" width=\"640\" height=\"360\" frameborder=\"0\" allowfullscreen=\"allowfullscreen\"><\/iframe><\/p>\n<p>&nbsp;<\/p>\n<p>&nbsp;<\/p>\n<p><strong>+ Informa\u00e7\u00f5es:<\/strong><\/p>\n<p><strong>Abordagem:<\/strong><\/p>\n<p>Apresenta\u00e7\u00e3o do livro pelo autor.<\/p>\n<p><strong>Livro:<\/strong><\/p>\n<p><img loading=\"lazy\" decoding=\"async\" class=\"alignnone size-full wp-image-77678 td-animation-stack-type0-2\" src=\"https:\/\/www.institutodeengenharia.org.br\/site\/wp-content\/uploads\/2021\/02\/portos-e-terminais-do-br.jpg\" alt=\"\" width=\"689\" height=\"804\" srcset=\"https:\/\/www.institutodeengenharia.org.br\/site\/wp-content\/uploads\/2021\/02\/portos-e-terminais-do-br.jpg 689w, https:\/\/www.institutodeengenharia.org.br\/site\/wp-content\/uploads\/2021\/02\/portos-e-terminais-do-br-257x300.jpg 257w, https:\/\/www.institutodeengenharia.org.br\/site\/wp-content\/uploads\/2021\/02\/portos-e-terminais-do-br-360x420.jpg 360w, https:\/\/www.institutodeengenharia.org.br\/site\/wp-content\/uploads\/2021\/02\/portos-e-terminais-do-br-600x700.jpg 600w\" sizes=\"auto, (max-width: 689px) 100vw, 689px\" \/><\/p>\n<p><img loading=\"lazy\" decoding=\"async\" class=\"alignnone size-full wp-image-77679 td-animation-stack-type0-2\" src=\"https:\/\/www.institutodeengenharia.org.br\/site\/wp-content\/uploads\/2021\/02\/portos-da-america-do-sul.png\" alt=\"\" width=\"708\" height=\"900\" srcset=\"https:\/\/www.institutodeengenharia.org.br\/site\/wp-content\/uploads\/2021\/02\/portos-da-america-do-sul.png 708w, https:\/\/www.institutodeengenharia.org.br\/site\/wp-content\/uploads\/2021\/02\/portos-da-america-do-sul-236x300.png 236w, https:\/\/www.institutodeengenharia.org.br\/site\/wp-content\/uploads\/2021\/02\/portos-da-america-do-sul-696x885.png 696w, https:\/\/www.institutodeengenharia.org.br\/site\/wp-content\/uploads\/2021\/02\/portos-da-america-do-sul-330x420.png 330w, https:\/\/www.institutodeengenharia.org.br\/site\/wp-content\/uploads\/2021\/02\/portos-da-america-do-sul-600x763.png 600w\" sizes=\"auto, (max-width: 708px) 100vw, 708px\" \/><\/p>\n<p>&nbsp;<\/p>\n<p><strong>P\u00fablico-alvo:<\/strong><\/p>\n<p>Engenheiros, arquitetos, t\u00e9cnicos, estudantes e demais interessados.<\/p>\n<p><strong>Palestrantes:<\/strong><\/p>\n<p><img loading=\"lazy\" decoding=\"async\" class=\"alignnone wp-image-77600 td-animation-stack-type0-2\" src=\"https:\/\/www.institutodeengenharia.org.br\/site\/wp-content\/uploads\/2021\/02\/Flavio-Roberto-Berger.jpg\" alt=\"\" width=\"134\" height=\"166\" \/><\/p>\n<p><strong>Fl\u00e1vio Roberto Berger<\/strong><\/p>\n<p>Fot\u00f3grafo<\/p>\n<p>Fot\u00f3grafo desde os dez anos incentivado pelo seu mestre e pai, Gernot Berger. Atuou em turismo, publicidade, ind\u00fastria, com\u00e9rcio e moda, com especializa\u00e7\u00e3o no segmento da fotografia a\u00e9rea. S\u00f3cio-diretor da Fotoimagem, fundada h\u00e1 35 anos. Atua como profissional de imagens cobrindo do Rio Grande (RS) a Manaus (AM), fotografando tomadas a\u00e9reas e terrestres de portos\/terminais e cidades. Publicou fotos no \u201cAtlas Ambiental da Regi\u00e3o de Joinville\u201d e em livros como \u201cJoinville \u2013 Funda\u00e7\u00e3o Cultural Prometheus Libertus\u201d, \u201cS\u00e3o Francisco do Sul \u2013 Constru\u00e7\u00f5es Hist\u00f3ricas\u201d, \u201c\u00c1gua \u2013 Alma das Paisagens\u201d, \u201cA Hist\u00f3ria do Porto de Francisco do Sul\u201d, outras obras liter\u00e1rias, revistas, cat\u00e1logos, sites, etc. Principal autor, fot\u00f3grafo e editor do livro \u201cPortos e Terminais Mar\u00edtimos do Brasil\u201d. Publicou o livro \u201cGloss\u00e1rio Portu\u00e1rio Ilustrado\u201d, primeiro livro deste g\u00eanero no Brasil, a 3\u00aa edi\u00e7\u00e3o do livro \u201cPortos e Terminais do Brasil\u201d em vers\u00e3o bil\u00edngue e, sua 4\u00aa edi\u00e7\u00e3o, na vers\u00e3o tril\u00edngue (portugu\u00eas, ingl\u00eas e mandarim) com a Vanda. \u00c9 integrante da Associa\u00e7\u00e3o Brasileira dos Jornalistas (ABJ) e Federa\u00e7\u00e3o Nacional dos Jornalistas (FENAJ).<\/p>\n<p><img loading=\"lazy\" decoding=\"async\" class=\"alignnone wp-image-77601 td-animation-stack-type0-2\" src=\"https:\/\/www.institutodeengenharia.org.br\/site\/wp-content\/uploads\/2021\/02\/Vanda-Rodrigues-Cerqueira.jpg\" alt=\"\" width=\"135\" height=\"144\" \/><\/p>\n<p><strong>Vanda Rodrigues Cerqueira<\/strong><\/p>\n<p>Bacharel em Administra\u00e7\u00e3o<\/p>\n<p>Bacharel em Administra\u00e7\u00e3o de Empresas pela Unimonte. Atuou profissionalmente na \u00e1rea comercial e atualmente, com arte e t\u00e9cnicas da fotografia no projeto da quarta edi\u00e7\u00e3o do livro \u201cPortos e Terminais do Brasil\u201d. \u00c9 associada da Associa\u00e7\u00e3o Brasileira dos Jornalistas (ABJ) e Federa\u00e7\u00e3o Nacional dos Jornalistas (Fenaj). No momento, desenvolve o projeto \u201cRota dos Portos\u201d, na produ\u00e7\u00e3o da 1\u00aa edi\u00e7\u00e3o do livro \u201cPortos da Am\u00e9rica do Sul e Marinha do Brasil\u201d, abordando 14 pa\u00edses com visitas, aventuras e muitos desafios.<\/p>\n<p><img loading=\"lazy\" decoding=\"async\" class=\"alignnone wp-image-77602 td-animation-stack-type0-2\" src=\"https:\/\/www.institutodeengenharia.org.br\/site\/wp-content\/uploads\/2021\/02\/Daniel-Rodrigues-Santos.jpg\" alt=\"\" width=\"133\" height=\"151\" \/><\/p>\n<p><strong>Daniel Rodrigues Santos<\/strong><\/p>\n<p>Designer e ilustrador<\/p>\n<p>Atuou em \u00e1reas de presta\u00e7\u00e3o de servi\u00e7os. Atuou na 4\u00aa edi\u00e7\u00e3o do livro \u201cPortos e Terminais do Brasil\u201d, colaborando com a divulga\u00e7\u00e3o e venda da obra em 2016, em empresas portu\u00e1rias de Norte a Sul do Brasil. Atua pela arte da fotografia e aplica t\u00e9cnicas fundamentais da fotografia profissional, especialmente da \u00e1rea portu\u00e1ria, em trabalhos fotogr\u00e1ficos para a Fotoimagem. Participou da realiza\u00e7\u00e3o do projeto \u201cRota dos Portos\u201d, do livro \u201cPortos da Am\u00e9rica do Sul\u201d, junto com a Marinha do Brasil e o Itamaraty, na produ\u00e7\u00e3o do livro \u201cPortos da Am\u00e9rica do Sul e Marinha do Brasil\u201d realizada por 14 pa\u00edses em portos diferenciados do Brasil pela sua localiza\u00e7\u00e3o geogr\u00e1fica e condi\u00e7\u00e3o clim\u00e1tica. Atualmente \u00e9 designer e ilustrador, na montagem do primeiro livro de portos da Am\u00e9rica Latina.<\/p>\n<p><strong>Apoio Institucional:<\/strong><\/p>\n<p><img loading=\"lazy\" decoding=\"async\" class=\"alignnone size-full wp-image-34556 td-animation-stack-type0-2\" src=\"https:\/\/www.institutodeengenharia.org.br\/site\/wp-content\/uploads\/2018\/04\/CREA-SP_vertical.jpg\" alt=\"\" width=\"150\" height=\"106\" srcset=\"https:\/\/www.institutodeengenharia.org.br\/site\/wp-content\/uploads\/2018\/04\/CREA-SP_vertical.jpg 150w, https:\/\/www.institutodeengenharia.org.br\/site\/wp-content\/uploads\/2018\/04\/CREA-SP_vertical-100x70.jpg 100w\" sizes=\"auto, (max-width: 150px) 100vw, 150px\" \/><\/p>\n<p><strong>Realiza\u00e7\u00e3o:<\/strong><\/p>\n<p><strong>Eng. Jer\u00f4nimo Cabral Pereira Fagundes Neto<\/strong>\u00a0\u2013 Vice-Presidente de Atividades T\u00e9cnicas<br \/>\n<strong>Eng. Ivan Metran Whately<\/strong>\u00a0\u2013 Diretor do Departamento de Engenharia de Mobilidade e Log\u00edstica<br \/>\n<strong>Eng. Jos\u00e9 Wagner Leite Ferreira<\/strong>\u00a0\u2013 Coordenador da Divis\u00e3o T\u00e9cnica de Navega\u00e7\u00e3o Interior e Portos<\/p>\n<p>&nbsp;<\/p>\n","protected":false},"excerpt":{"rendered":"<p>Assista abaixo \u00e0 grava\u00e7\u00e3o: &nbsp; &nbsp; + Informa\u00e7\u00f5es: Abordagem: Apresenta\u00e7\u00e3o do livro pelo autor. Livro: &nbsp; P\u00fablico-alvo: Engenheiros, arquitetos, t\u00e9cnicos, estudantes e demais interessados. Palestrantes: Fl\u00e1vio Roberto Berger Fot\u00f3grafo Fot\u00f3grafo desde os dez anos incentivado pelo seu mestre e pai, Gernot Berger. Atuou em turismo, publicidade, ind\u00fastria, com\u00e9rcio e moda, com especializa\u00e7\u00e3o no segmento da [&hellip;]<\/p>\n","protected":false},"author":2,"featured_media":78987,"comment_status":"open","ping_status":"open","sticky":false,"template":"","format":"standard","meta":{"footnotes":""},"categories":[48,62,968,969],"tags":[],"class_list":{"0":"post-78251","1":"post","2":"type-post","3":"status-publish","4":"format-standard","5":"has-post-thumbnail","7":"category-departamento-desenvolvimento-urbano-e-regional","8":"category-divisao-de-navegacao-interior-e-portos","9":"category-nova-tv-engenharia","10":"category-palestra"},"yoast_head":"<!-- This site is optimized with the Yoast SEO plugin v27.2 - https:\/\/yoast.com\/product\/yoast-seo-wordpress\/ -->\n<title>IE Talks: Portos e Terminais Mar\u00edtimos do Brasil - Instituto de Engenharia<\/title>\n<meta name=\"robots\" content=\"index, follow, max-snippet:-1, max-image-preview:large, max-video-preview:-1\" \/>\n<link rel=\"canonical\" href=\"https:\/\/www.institutodeengenharia.org.br\/site\/2021\/03\/02\/ie-talks-portos-e-terminais-maritimos-do-brasil\/\" \/>\n<meta property=\"og:locale\" content=\"pt_BR\" \/>\n<meta property=\"og:type\" content=\"article\" \/>\n<meta property=\"og:title\" content=\"IE Talks: Portos e Terminais Mar\u00edtimos do Brasil\" \/>\n<meta property=\"og:description\" content=\"Assista \u00e0 grava\u00e7\u00e3o\" \/>\n<meta property=\"og:url\" content=\"https:\/\/www.institutodeengenharia.org.br\/site\/2021\/03\/02\/ie-talks-portos-e-terminais-maritimos-do-brasil\/\" \/>\n<meta property=\"og:site_name\" content=\"Instituto de Engenharia\" \/>\n<meta property=\"article:publisher\" content=\"https:\/\/www.facebook.com\/institutodeengenharia\" \/>\n<meta property=\"article:published_time\" content=\"2021-03-02T16:31:46+00:00\" \/>\n<meta property=\"article:modified_time\" content=\"2021-05-28T15:27:50+00:00\" \/>\n<meta property=\"og:image\" content=\"https:\/\/www.institutodeengenharia.org.br\/site\/wp-content\/uploads\/2019\/08\/tv_engenharia.jpg\" \/>\n\t<meta property=\"og:image:width\" content=\"1280\" \/>\n\t<meta property=\"og:image:height\" content=\"853\" \/>\n\t<meta property=\"og:image:type\" content=\"image\/jpeg\" \/>\n<meta name=\"author\" content=\"Isabel\" \/>\n<meta name=\"twitter:card\" content=\"summary_large_image\" \/>\n<meta name=\"twitter:title\" content=\"IE Talks: Portos e Terminais Mar\u00edtimos do Brasil\" \/>\n<meta name=\"twitter:description\" content=\"Assista \u00e0 grava\u00e7\u00e3o\" \/>\n<meta name=\"twitter:image\" content=\"https:\/\/www.institutodeengenharia.org.br\/site\/wp-content\/uploads\/2019\/08\/tv_engenharia.jpg\" \/>\n<meta name=\"twitter:creator\" content=\"@iengenharia\" \/>\n<meta name=\"twitter:site\" content=\"@iengenharia\" \/>\n<meta name=\"twitter:label1\" content=\"Escrito por\" \/>\n\t<meta name=\"twitter:data1\" content=\"Isabel\" \/>\n\t<meta name=\"twitter:label2\" content=\"Est. tempo de leitura\" \/>\n\t<meta name=\"twitter:data2\" content=\"4 minutos\" \/>\n<script type=\"application\/ld+json\" class=\"yoast-schema-graph\">{\"@context\":\"https:\/\/schema.org\",\"@graph\":[{\"@type\":\"Article\",\"@id\":\"https:\/\/www.institutodeengenharia.org.br\/site\/2021\/03\/02\/ie-talks-portos-e-terminais-maritimos-do-brasil\/#article\",\"isPartOf\":{\"@id\":\"https:\/\/www.institutodeengenharia.org.br\/site\/2021\/03\/02\/ie-talks-portos-e-terminais-maritimos-do-brasil\/\"},\"author\":{\"name\":\"Isabel\",\"@id\":\"https:\/\/www.institutodeengenharia.org.br\/site\/#\/schema\/person\/d1764429c217aaa88954818c8f9a3036\"},\"headline\":\"IE Talks: Portos e Terminais Mar\u00edtimos do Brasil\",\"datePublished\":\"2021-03-02T16:31:46+00:00\",\"dateModified\":\"2021-05-28T15:27:50+00:00\",\"mainEntityOfPage\":{\"@id\":\"https:\/\/www.institutodeengenharia.org.br\/site\/2021\/03\/02\/ie-talks-portos-e-terminais-maritimos-do-brasil\/\"},\"wordCount\":523,\"commentCount\":0,\"publisher\":{\"@id\":\"https:\/\/www.institutodeengenharia.org.br\/site\/#organization\"},\"image\":{\"@id\":\"https:\/\/www.institutodeengenharia.org.br\/site\/2021\/03\/02\/ie-talks-portos-e-terminais-maritimos-do-brasil\/#primaryimage\"},\"thumbnailUrl\":\"https:\/\/www.institutodeengenharia.org.br\/site\/wp-content\/uploads\/2021\/03\/portos-e-terminais-do-br-1.webp\",\"articleSection\":[\"Departamento de Desenvolvimento Urbano e Regional\",\"Divis\u00e3o T\u00e9cnica de Navega\u00e7\u00e3o Interior e Portos\",\"Nova TV Engenharia\",\"Palestra\"],\"inLanguage\":\"pt-BR\",\"potentialAction\":[{\"@type\":\"CommentAction\",\"name\":\"Comment\",\"target\":[\"https:\/\/www.institutodeengenharia.org.br\/site\/2021\/03\/02\/ie-talks-portos-e-terminais-maritimos-do-brasil\/#respond\"]}]},{\"@type\":\"WebPage\",\"@id\":\"https:\/\/www.institutodeengenharia.org.br\/site\/2021\/03\/02\/ie-talks-portos-e-terminais-maritimos-do-brasil\/\",\"url\":\"https:\/\/www.institutodeengenharia.org.br\/site\/2021\/03\/02\/ie-talks-portos-e-terminais-maritimos-do-brasil\/\",\"name\":\"IE Talks: Portos e Terminais Mar\u00edtimos do Brasil - Instituto de Engenharia\",\"isPartOf\":{\"@id\":\"https:\/\/www.institutodeengenharia.org.br\/site\/#website\"},\"primaryImageOfPage\":{\"@id\":\"https:\/\/www.institutodeengenharia.org.br\/site\/2021\/03\/02\/ie-talks-portos-e-terminais-maritimos-do-brasil\/#primaryimage\"},\"image\":{\"@id\":\"https:\/\/www.institutodeengenharia.org.br\/site\/2021\/03\/02\/ie-talks-portos-e-terminais-maritimos-do-brasil\/#primaryimage\"},\"thumbnailUrl\":\"https:\/\/www.institutodeengenharia.org.br\/site\/wp-content\/uploads\/2021\/03\/portos-e-terminais-do-br-1.webp\",\"datePublished\":\"2021-03-02T16:31:46+00:00\",\"dateModified\":\"2021-05-28T15:27:50+00:00\",\"breadcrumb\":{\"@id\":\"https:\/\/www.institutodeengenharia.org.br\/site\/2021\/03\/02\/ie-talks-portos-e-terminais-maritimos-do-brasil\/#breadcrumb\"},\"inLanguage\":\"pt-BR\",\"potentialAction\":[{\"@type\":\"ReadAction\",\"target\":[\"https:\/\/www.institutodeengenharia.org.br\/site\/2021\/03\/02\/ie-talks-portos-e-terminais-maritimos-do-brasil\/\"]}]},{\"@type\":\"ImageObject\",\"inLanguage\":\"pt-BR\",\"@id\":\"https:\/\/www.institutodeengenharia.org.br\/site\/2021\/03\/02\/ie-talks-portos-e-terminais-maritimos-do-brasil\/#primaryimage\",\"url\":\"https:\/\/www.institutodeengenharia.org.br\/site\/wp-content\/uploads\/2021\/03\/portos-e-terminais-do-br-1.webp\",\"contentUrl\":\"https:\/\/www.institutodeengenharia.org.br\/site\/wp-content\/uploads\/2021\/03\/portos-e-terminais-do-br-1.webp\",\"width\":490,\"height\":334},{\"@type\":\"BreadcrumbList\",\"@id\":\"https:\/\/www.institutodeengenharia.org.br\/site\/2021\/03\/02\/ie-talks-portos-e-terminais-maritimos-do-brasil\/#breadcrumb\",\"itemListElement\":[{\"@type\":\"ListItem\",\"position\":1,\"name\":\"In\u00edcio\",\"item\":\"https:\/\/www.institutodeengenharia.org.br\/site\/\"},{\"@type\":\"ListItem\",\"position\":2,\"name\":\"IE Talks: Portos e Terminais Mar\u00edtimos do Brasil\"}]},{\"@type\":\"WebSite\",\"@id\":\"https:\/\/www.institutodeengenharia.org.br\/site\/#website\",\"url\":\"https:\/\/www.institutodeengenharia.org.br\/site\/\",\"name\":\"Instituto de Engenharia\",\"description\":\"O Instituto de Engenharia promove a Engenharia em benef\u00edcio do desenvolvimento e da qualidade de vida da sociedade.\",\"publisher\":{\"@id\":\"https:\/\/www.institutodeengenharia.org.br\/site\/#organization\"},\"potentialAction\":[{\"@type\":\"SearchAction\",\"target\":{\"@type\":\"EntryPoint\",\"urlTemplate\":\"https:\/\/www.institutodeengenharia.org.br\/site\/?s={search_term_string}\"},\"query-input\":{\"@type\":\"PropertyValueSpecification\",\"valueRequired\":true,\"valueName\":\"search_term_string\"}}],\"inLanguage\":\"pt-BR\"},{\"@type\":\"Organization\",\"@id\":\"https:\/\/www.institutodeengenharia.org.br\/site\/#organization\",\"name\":\"Instituto de Engenharia\",\"url\":\"https:\/\/www.institutodeengenharia.org.br\/site\/\",\"logo\":{\"@type\":\"ImageObject\",\"inLanguage\":\"pt-BR\",\"@id\":\"https:\/\/www.institutodeengenharia.org.br\/site\/#\/schema\/logo\/image\/\",\"url\":\"https:\/\/www.institutodeengenharia.org.br\/site\/wp-content\/uploads\/2019\/03\/logo-novo-IE2018-1.jpg\",\"contentUrl\":\"https:\/\/www.institutodeengenharia.org.br\/site\/wp-content\/uploads\/2019\/03\/logo-novo-IE2018-1.jpg\",\"width\":1486,\"height\":1879,\"caption\":\"Instituto de Engenharia\"},\"image\":{\"@id\":\"https:\/\/www.institutodeengenharia.org.br\/site\/#\/schema\/logo\/image\/\"},\"sameAs\":[\"https:\/\/www.facebook.com\/institutodeengenharia\",\"https:\/\/x.com\/iengenharia\",\"https:\/\/www.instagram.com\/institutodeengenharia\/\",\"https:\/\/www.linkedin.com\/company\/instituto-de-engenharia\/\",\"https:\/\/www.youtube.com\/channel\/UCXiCAlsSMe977vamW915HxA\"]},{\"@type\":\"Person\",\"@id\":\"https:\/\/www.institutodeengenharia.org.br\/site\/#\/schema\/person\/d1764429c217aaa88954818c8f9a3036\",\"name\":\"Isabel\",\"image\":{\"@type\":\"ImageObject\",\"inLanguage\":\"pt-BR\",\"@id\":\"https:\/\/secure.gravatar.com\/avatar\/a91d60506c31a7cb05e69a21529f91908e538db3b21f58bfda4039be740fcb71?s=96&d=mm&r=g\",\"url\":\"https:\/\/secure.gravatar.com\/avatar\/a91d60506c31a7cb05e69a21529f91908e538db3b21f58bfda4039be740fcb71?s=96&d=mm&r=g\",\"contentUrl\":\"https:\/\/secure.gravatar.com\/avatar\/a91d60506c31a7cb05e69a21529f91908e538db3b21f58bfda4039be740fcb71?s=96&d=mm&r=g\",\"caption\":\"Isabel\"},\"url\":\"https:\/\/www.institutodeengenharia.org.br\/site\/author\/isabel\/\"}]}<\/script>\n<!-- \/ Yoast SEO plugin. -->","yoast_head_json":{"title":"IE Talks: Portos e Terminais Mar\u00edtimos do Brasil - Instituto de Engenharia","robots":{"index":"index","follow":"follow","max-snippet":"max-snippet:-1","max-image-preview":"max-image-preview:large","max-video-preview":"max-video-preview:-1"},"canonical":"https:\/\/www.institutodeengenharia.org.br\/site\/2021\/03\/02\/ie-talks-portos-e-terminais-maritimos-do-brasil\/","og_locale":"pt_BR","og_type":"article","og_title":"IE Talks: Portos e Terminais Mar\u00edtimos do Brasil","og_description":"Assista \u00e0 grava\u00e7\u00e3o","og_url":"https:\/\/www.institutodeengenharia.org.br\/site\/2021\/03\/02\/ie-talks-portos-e-terminais-maritimos-do-brasil\/","og_site_name":"Instituto de Engenharia","article_publisher":"https:\/\/www.facebook.com\/institutodeengenharia","article_published_time":"2021-03-02T16:31:46+00:00","article_modified_time":"2021-05-28T15:27:50+00:00","og_image":[{"width":1280,"height":853,"url":"https:\/\/www.institutodeengenharia.org.br\/site\/wp-content\/uploads\/2019\/08\/tv_engenharia.jpg","type":"image\/jpeg"}],"author":"Isabel","twitter_card":"summary_large_image","twitter_title":"IE Talks: Portos e Terminais Mar\u00edtimos do Brasil","twitter_description":"Assista \u00e0 grava\u00e7\u00e3o","twitter_image":"https:\/\/www.institutodeengenharia.org.br\/site\/wp-content\/uploads\/2019\/08\/tv_engenharia.jpg","twitter_creator":"@iengenharia","twitter_site":"@iengenharia","twitter_misc":{"Escrito por":"Isabel","Est. tempo de leitura":"4 minutos"},"schema":{"@context":"https:\/\/schema.org","@graph":[{"@type":"Article","@id":"https:\/\/www.institutodeengenharia.org.br\/site\/2021\/03\/02\/ie-talks-portos-e-terminais-maritimos-do-brasil\/#article","isPartOf":{"@id":"https:\/\/www.institutodeengenharia.org.br\/site\/2021\/03\/02\/ie-talks-portos-e-terminais-maritimos-do-brasil\/"},"author":{"name":"Isabel","@id":"https:\/\/www.institutodeengenharia.org.br\/site\/#\/schema\/person\/d1764429c217aaa88954818c8f9a3036"},"headline":"IE Talks: Portos e Terminais Mar\u00edtimos do Brasil","datePublished":"2021-03-02T16:31:46+00:00","dateModified":"2021-05-28T15:27:50+00:00","mainEntityOfPage":{"@id":"https:\/\/www.institutodeengenharia.org.br\/site\/2021\/03\/02\/ie-talks-portos-e-terminais-maritimos-do-brasil\/"},"wordCount":523,"commentCount":0,"publisher":{"@id":"https:\/\/www.institutodeengenharia.org.br\/site\/#organization"},"image":{"@id":"https:\/\/www.institutodeengenharia.org.br\/site\/2021\/03\/02\/ie-talks-portos-e-terminais-maritimos-do-brasil\/#primaryimage"},"thumbnailUrl":"https:\/\/www.institutodeengenharia.org.br\/site\/wp-content\/uploads\/2021\/03\/portos-e-terminais-do-br-1.webp","articleSection":["Departamento de Desenvolvimento Urbano e Regional","Divis\u00e3o T\u00e9cnica de Navega\u00e7\u00e3o Interior e Portos","Nova TV Engenharia","Palestra"],"inLanguage":"pt-BR","potentialAction":[{"@type":"CommentAction","name":"Comment","target":["https:\/\/www.institutodeengenharia.org.br\/site\/2021\/03\/02\/ie-talks-portos-e-terminais-maritimos-do-brasil\/#respond"]}]},{"@type":"WebPage","@id":"https:\/\/www.institutodeengenharia.org.br\/site\/2021\/03\/02\/ie-talks-portos-e-terminais-maritimos-do-brasil\/","url":"https:\/\/www.institutodeengenharia.org.br\/site\/2021\/03\/02\/ie-talks-portos-e-terminais-maritimos-do-brasil\/","name":"IE Talks: Portos e Terminais Mar\u00edtimos do Brasil - Instituto de Engenharia","isPartOf":{"@id":"https:\/\/www.institutodeengenharia.org.br\/site\/#website"},"primaryImageOfPage":{"@id":"https:\/\/www.institutodeengenharia.org.br\/site\/2021\/03\/02\/ie-talks-portos-e-terminais-maritimos-do-brasil\/#primaryimage"},"image":{"@id":"https:\/\/www.institutodeengenharia.org.br\/site\/2021\/03\/02\/ie-talks-portos-e-terminais-maritimos-do-brasil\/#primaryimage"},"thumbnailUrl":"https:\/\/www.institutodeengenharia.org.br\/site\/wp-content\/uploads\/2021\/03\/portos-e-terminais-do-br-1.webp","datePublished":"2021-03-02T16:31:46+00:00","dateModified":"2021-05-28T15:27:50+00:00","breadcrumb":{"@id":"https:\/\/www.institutodeengenharia.org.br\/site\/2021\/03\/02\/ie-talks-portos-e-terminais-maritimos-do-brasil\/#breadcrumb"},"inLanguage":"pt-BR","potentialAction":[{"@type":"ReadAction","target":["https:\/\/www.institutodeengenharia.org.br\/site\/2021\/03\/02\/ie-talks-portos-e-terminais-maritimos-do-brasil\/"]}]},{"@type":"ImageObject","inLanguage":"pt-BR","@id":"https:\/\/www.institutodeengenharia.org.br\/site\/2021\/03\/02\/ie-talks-portos-e-terminais-maritimos-do-brasil\/#primaryimage","url":"https:\/\/www.institutodeengenharia.org.br\/site\/wp-content\/uploads\/2021\/03\/portos-e-terminais-do-br-1.webp","contentUrl":"https:\/\/www.institutodeengenharia.org.br\/site\/wp-content\/uploads\/2021\/03\/portos-e-terminais-do-br-1.webp","width":490,"height":334},{"@type":"BreadcrumbList","@id":"https:\/\/www.institutodeengenharia.org.br\/site\/2021\/03\/02\/ie-talks-portos-e-terminais-maritimos-do-brasil\/#breadcrumb","itemListElement":[{"@type":"ListItem","position":1,"name":"In\u00edcio","item":"https:\/\/www.institutodeengenharia.org.br\/site\/"},{"@type":"ListItem","position":2,"name":"IE Talks: Portos e Terminais Mar\u00edtimos do Brasil"}]},{"@type":"WebSite","@id":"https:\/\/www.institutodeengenharia.org.br\/site\/#website","url":"https:\/\/www.institutodeengenharia.org.br\/site\/","name":"Instituto de Engenharia","description":"O Instituto de Engenharia promove a Engenharia em benef\u00edcio do desenvolvimento e da qualidade de vida da sociedade.","publisher":{"@id":"https:\/\/www.institutodeengenharia.org.br\/site\/#organization"},"potentialAction":[{"@type":"SearchAction","target":{"@type":"EntryPoint","urlTemplate":"https:\/\/www.institutodeengenharia.org.br\/site\/?s={search_term_string}"},"query-input":{"@type":"PropertyValueSpecification","valueRequired":true,"valueName":"search_term_string"}}],"inLanguage":"pt-BR"},{"@type":"Organization","@id":"https:\/\/www.institutodeengenharia.org.br\/site\/#organization","name":"Instituto de Engenharia","url":"https:\/\/www.institutodeengenharia.org.br\/site\/","logo":{"@type":"ImageObject","inLanguage":"pt-BR","@id":"https:\/\/www.institutodeengenharia.org.br\/site\/#\/schema\/logo\/image\/","url":"https:\/\/www.institutodeengenharia.org.br\/site\/wp-content\/uploads\/2019\/03\/logo-novo-IE2018-1.jpg","contentUrl":"https:\/\/www.institutodeengenharia.org.br\/site\/wp-content\/uploads\/2019\/03\/logo-novo-IE2018-1.jpg","width":1486,"height":1879,"caption":"Instituto de Engenharia"},"image":{"@id":"https:\/\/www.institutodeengenharia.org.br\/site\/#\/schema\/logo\/image\/"},"sameAs":["https:\/\/www.facebook.com\/institutodeengenharia","https:\/\/x.com\/iengenharia","https:\/\/www.instagram.com\/institutodeengenharia\/","https:\/\/www.linkedin.com\/company\/instituto-de-engenharia\/","https:\/\/www.youtube.com\/channel\/UCXiCAlsSMe977vamW915HxA"]},{"@type":"Person","@id":"https:\/\/www.institutodeengenharia.org.br\/site\/#\/schema\/person\/d1764429c217aaa88954818c8f9a3036","name":"Isabel","image":{"@type":"ImageObject","inLanguage":"pt-BR","@id":"https:\/\/secure.gravatar.com\/avatar\/a91d60506c31a7cb05e69a21529f91908e538db3b21f58bfda4039be740fcb71?s=96&d=mm&r=g","url":"https:\/\/secure.gravatar.com\/avatar\/a91d60506c31a7cb05e69a21529f91908e538db3b21f58bfda4039be740fcb71?s=96&d=mm&r=g","contentUrl":"https:\/\/secure.gravatar.com\/avatar\/a91d60506c31a7cb05e69a21529f91908e538db3b21f58bfda4039be740fcb71?s=96&d=mm&r=g","caption":"Isabel"},"url":"https:\/\/www.institutodeengenharia.org.br\/site\/author\/isabel\/"}]}},"_links":{"self":[{"href":"https:\/\/www.institutodeengenharia.org.br\/site\/wp-json\/wp\/v2\/posts\/78251","targetHints":{"allow":["GET"]}}],"collection":[{"href":"https:\/\/www.institutodeengenharia.org.br\/site\/wp-json\/wp\/v2\/posts"}],"about":[{"href":"https:\/\/www.institutodeengenharia.org.br\/site\/wp-json\/wp\/v2\/types\/post"}],"author":[{"embeddable":true,"href":"https:\/\/www.institutodeengenharia.org.br\/site\/wp-json\/wp\/v2\/users\/2"}],"replies":[{"embeddable":true,"href":"https:\/\/www.institutodeengenharia.org.br\/site\/wp-json\/wp\/v2\/comments?post=78251"}],"version-history":[{"count":2,"href":"https:\/\/www.institutodeengenharia.org.br\/site\/wp-json\/wp\/v2\/posts\/78251\/revisions"}],"predecessor-version":[{"id":78312,"href":"https:\/\/www.institutodeengenharia.org.br\/site\/wp-json\/wp\/v2\/posts\/78251\/revisions\/78312"}],"wp:featuredmedia":[{"embeddable":true,"href":"https:\/\/www.institutodeengenharia.org.br\/site\/wp-json\/wp\/v2\/media\/78987"}],"wp:attachment":[{"href":"https:\/\/www.institutodeengenharia.org.br\/site\/wp-json\/wp\/v2\/media?parent=78251"}],"wp:term":[{"taxonomy":"category","embeddable":true,"href":"https:\/\/www.institutodeengenharia.org.br\/site\/wp-json\/wp\/v2\/categories?post=78251"},{"taxonomy":"post_tag","embeddable":true,"href":"https:\/\/www.institutodeengenharia.org.br\/site\/wp-json\/wp\/v2\/tags?post=78251"}],"curies":[{"name":"wp","href":"https:\/\/api.w.org\/{rel}","templated":true}]}}