{"id":78167,"date":"2021-03-22T11:10:07","date_gmt":"2021-03-22T14:10:07","guid":{"rendered":"https:\/\/www.institutodeengenharia.org.br\/site\/?p=78167"},"modified":"2021-05-28T12:13:43","modified_gmt":"2021-05-28T15:13:43","slug":"mulheres-ganham-espaco-em-ciencia-e-tecnologia-mas-salarios-ainda-sao-abismo-entre-generos","status":"publish","type":"post","link":"https:\/\/www.institutodeengenharia.org.br\/site\/2021\/03\/22\/mulheres-ganham-espaco-em-ciencia-e-tecnologia-mas-salarios-ainda-sao-abismo-entre-generos\/","title":{"rendered":"Mulheres ganham espa\u00e7o em ci\u00eancia e tecnologia, mas sal\u00e1rios ainda s\u00e3o abismo entre g\u00eaneros"},"content":{"rendered":"<div class=\"mc-column content-text active-extra-styles \" data-block-type=\"unstyled\" data-block-weight=\"49\" data-block-id=\"2\">\n<p class=\"content-text__container \" data-track-category=\"Link no Texto\" data-track-links=\"\">Aos 19 anos, Fl\u00e1via Cruz queria ser engenheira e prestar o vestibular da Escola Polit\u00e9cnica da Universidade de S\u00e3o Paulo (USP). Por conselhos da fam\u00edlia, ela desistiu da carreira e optou pelo curso de letras. Durante d\u00e9cadas, ela atuou como tradutora de livros e teve uma trajet\u00f3ria bem-sucedida.<\/p>\n<\/div>\n<div class=\"wall protected-content\">\n<div class=\"mc-column content-text active-extra-styles \" data-block-type=\"unstyled\" data-block-weight=\"49\" data-block-id=\"3\">\n<p class=\"content-text__container \" data-track-category=\"Link no Texto\" data-track-links=\"\">Mas, determinada a seguir a carreira dos sonhos, ela decidiu cursar engenharia el\u00e9trica e eletr\u00f4nica aos 36 anos, mesmo sob questionamentos de familiares. Hoje, aos 49, ela \u00e9 diretora do departamento de ci\u00eancias exatas e tecnologias do Instituto de Engenharia e coordena projeto de inclus\u00e3o de mulheres no setor.<\/p>\n<div class=\"mc-column content-text active-extra-styles\" data-block-type=\"raw\" data-block-weight=\"32\" data-block-id=\"5\">\n<blockquote class=\"content-blockquote theme-border-color-primary-before\"><p>&#8220;Meu irm\u00e3o perguntou: &#8216;Tem certeza que voc\u00ea quer fazer isso [estudar engenharia]?&#8217;. Estamos ganhando espa\u00e7o no mercado de trabalho, embora ainda devagar. Falta a gente ter mais voz, gritar mais&#8221;, disse ela.<\/p><\/blockquote>\n<\/div>\n<div class=\"mc-column content-text active-extra-styles \" data-block-type=\"unstyled\" data-block-weight=\"35\" data-block-id=\"6\">\n<p class=\"content-text__container \" data-track-category=\"Link no Texto\" data-track-links=\"\">Mulheres como Fl\u00e1via est\u00e3o conquistando, aos poucos, mais espa\u00e7o nas \u00e1reas de ci\u00eancia, tecnologia e engenharia no Brasil. A diferen\u00e7a salarial, no entanto, continua refletindo a ampla desigualdade de g\u00eanero que existe nessas \u00e1reas.<\/p>\n<div class=\"mc-column content-text active-extra-styles \" data-block-type=\"unstyled\" data-block-weight=\"54\" data-block-id=\"8\">\n<p class=\"content-text__container \" data-track-category=\"Link no Texto\" data-track-links=\"\">Segundo dados da Secretaria Especial de Previd\u00eancia e Trabalho, houve aumento de 3,6% na quantidade de profissionais mulheres em servi\u00e7os ligados \u00e0 engenharia e de 38% em ci\u00eancias f\u00edsicas e naturais, ambos de 2017 a 2019. No mesmo per\u00edodo, houve crescimento de 4,5% na quantidade de mulheres em carreiras ligadas \u00e0 tecnologia da informa\u00e7\u00e3o.<\/p>\n<\/div>\n<div class=\"mc-column content-text active-extra-styles \" data-block-type=\"unstyled\" data-block-weight=\"37\" data-block-id=\"9\">\n<p class=\"content-text__container \" data-track-category=\"Link no Texto\" data-track-links=\"\"><strong>As diferen\u00e7as nas m\u00e9dias salariais, contudo, s\u00e3o grandes.<\/strong>\u00a0A exce\u00e7\u00e3o fica por conta da engenharia, em que os sal\u00e1rios divergem pouco e a remunera\u00e7\u00e3o das mulheres supera a dos homens entre 2018 e 2019 (<em>veja gr\u00e1ficos abaixo<\/em>).<\/p>\n<\/div>\n<div class=\"row medium-uncollapsed content-media content-photo\" data-block-type=\"backstage-photo\" data-block-id=\"10\">\n<div class=\"mc-column content-media__container\">\n<div class=\"content-media-container glb-skeleton-box\">\n<figure class=\"content-media-figure\">\n<p><figure style=\"width: 603px\" class=\"wp-caption aligncenter\"><img loading=\"lazy\" decoding=\"async\" class=\"i-amphtml-fill-content i-amphtml-replaced-content\" src=\"https:\/\/s2.glbimg.com\/7xKQf78rbxZLPbdvk7PaeatZE30=\/0x0:650x1370\/984x0\/smart\/filters:strip_icc()\/i.s3.glbimg.com\/v1\/AUTH_59edd422c0c84a879bd37670ae4f538a\/internal_photos\/bs\/2021\/I\/3\/YDx11bSW20lcFZunHSiA\/mulheresganhamcienciavale.png\" sizes=\"auto, (max-width: 1536px) 648px, 100vw\" srcset=\"https:\/\/s2.glbimg.com\/YBtT_1Ntv7eigWFNPGZid5vr4bM=\/0x0:650x1370\/1000x0\/smart\/filters:strip_icc()\/i.s3.glbimg.com\/v1\/AUTH_59edd422c0c84a879bd37670ae4f538a\/internal_photos\/bs\/2021\/I\/3\/YDx11bSW20lcFZunHSiA\/mulheresganhamcienciavale.png 1000w, https:\/\/s2.glbimg.com\/7xKQf78rbxZLPbdvk7PaeatZE30=\/0x0:650x1370\/984x0\/smart\/filters:strip_icc()\/i.s3.glbimg.com\/v1\/AUTH_59edd422c0c84a879bd37670ae4f538a\/internal_photos\/bs\/2021\/I\/3\/YDx11bSW20lcFZunHSiA\/mulheresganhamcienciavale.png 984w, https:\/\/s2.glbimg.com\/XaaNtbvH95MFF_2CpByaFneyhbQ=\/0x0:650x1370\/640x0\/smart\/filters:strip_icc()\/i.s3.glbimg.com\/v1\/AUTH_59edd422c0c84a879bd37670ae4f538a\/internal_photos\/bs\/2021\/I\/3\/YDx11bSW20lcFZunHSiA\/mulheresganhamcienciavale.png 640w, https:\/\/s2.glbimg.com\/d3_R3flxZJwplOwkTJY-oL9vi6c=\/0x0:650x1370\/600x0\/smart\/filters:strip_icc()\/i.s3.glbimg.com\/v1\/AUTH_59edd422c0c84a879bd37670ae4f538a\/internal_photos\/bs\/2021\/I\/3\/YDx11bSW20lcFZunHSiA\/mulheresganhamcienciavale.png 600w\" alt=\"Mulheres ganham espa\u00e7o na ci\u00eancia, engenharia e tecnologia \u2014 Foto: G1\" width=\"603\" height=\"1271\" \/><figcaption class=\"wp-caption-text\">Mulheres ganham espa\u00e7o na ci\u00eancia, engenharia e tecnologia \u2014 Foto: G1<\/figcaption><\/figure><\/figure>\n<\/div>\n<\/div>\n<\/div>\n<div class=\"mc-column content-text active-extra-styles \" data-block-type=\"unstyled\" data-block-weight=\"45\" data-block-id=\"11\">\n<p class=\"content-text__container \" data-track-category=\"Link no Texto\" data-track-links=\"\">Apesar do progresso nas \u00faltimas d\u00e9cadas, o n\u00famero global de mulheres pesquisadoras ainda \u00e9 muito pequeno: 35% de todos os estudantes matriculados em cursos de exatas, segundo a ONU Mulheres (entidade das Na\u00e7\u00f5es Unidas para a Igualdade de G\u00eanero e o Empoderamento das Mulheres).<\/p>\n<div class=\"mc-column content-text active-extra-styles\" data-block-type=\"raw\" data-block-weight=\"58\" data-block-id=\"12\">\n<blockquote class=\"content-blockquote theme-border-color-primary-before\"><p>&#8220;As mulheres ganham, em m\u00e9dia, 27% menos [que os homens] porque est\u00e3o em carreiras menos remuneradas. Um exemplo \u00e9 que a maioria dos enfermeiros \u00e9 mulher e a maioria dos m\u00e9dicos \u00e9 homem. Al\u00e9m disso, estudos emp\u00edricos mostram que elas tendem a negociar menos aumentos salariais e mudan\u00e7as de cargo&#8221;, afirmou Tayn\u00e1 Leite, gerente do Programa Ganha-Ganha no Brasil.<\/p><\/blockquote>\n<\/div>\n<div class=\"mc-column content-text active-extra-styles \" data-block-type=\"unstyled\" data-block-weight=\"29\" data-block-id=\"13\">\n<p class=\"content-text__container \" data-track-category=\"Link no Texto\" data-track-links=\"\">O projeto \u00e9 uma alian\u00e7a entre a ONU Mulheres, a Organiza\u00e7\u00e3o Internacional do Trabalho (OIT) e a Uni\u00e3o Europeia (UE) para promo\u00e7\u00e3o da igualdade de g\u00eanero no setor privado.<\/p>\n<div class=\"mc-column content-text active-extra-styles\" data-block-type=\"raw\" data-block-weight=\"4\" data-block-id=\"16\">\n<div class=\"content-intertitle\">\n<h2>Desigualdade na carreira acad\u00eamica<\/h2>\n<\/div>\n<\/div>\n<div class=\"mc-column content-text active-extra-styles \" data-block-type=\"unstyled\" data-block-weight=\"42\" data-block-id=\"17\">\n<p class=\"content-text__container \" data-track-category=\"Link no Texto\" data-track-links=\"\">No Brasil, a realidade no mundo acad\u00eamico n\u00e3o \u00e9 diferente. As pesquisadoras tendem a ter carreiras mais curtas e remunera\u00e7\u00e3o inferior. Embora elas representem 33,3% de todos os pesquisadores do pa\u00eds, apenas 12% dos membros das academias de ci\u00eancias nacionais s\u00e3o mulheres.<\/p>\n<\/div>\n<div class=\"mc-column content-text active-extra-styles\" data-block-type=\"raw\" data-block-weight=\"57\" data-block-id=\"18\">\n<blockquote class=\"content-blockquote theme-border-color-primary-before\"><p>&#8220;Com a pandemia, uma universidade francesa fez testes para um programa de doutorado \u00e0s cegas e aprovou mais mulheres. Ficou claro que existe um vi\u00e9s de preconceito na escolha. Elas t\u00eam total capacidade para gerar produ\u00e7\u00e3o cient\u00edfica. O estere\u00f3tipo que recai sobre meninos e meninas \u00e9 o que faz com que a gente perca talentos&#8221;, disse Tayn\u00e1.<\/p><\/blockquote>\n<\/div>\n<div class=\"mc-column content-text active-extra-styles \" data-block-type=\"unstyled\" data-block-weight=\"51\" data-block-id=\"19\">\n<p class=\"content-text__container \" data-track-category=\"Link no Texto\" data-track-links=\"\">Dados divulgados pelo Minist\u00e9rio da Educa\u00e7\u00e3o, pela\u00a0<a href=\"http:\/\/plataformanilopecanha.mec.gov.br\/\" target=\"_blank\" rel=\"noopener\">plataforma Nilo Pe\u00e7anha<\/a>, apontam que o n\u00famero de mulheres formadas em cursos de qu\u00edmica na rede federal de educa\u00e7\u00e3o profissional, cient\u00edfica e tecnol\u00f3gica do pa\u00eds subiu 1,16% de 2017 a 2019. No mesmo per\u00edodo, houve queda de 14,21% na quantidade de homens em forma\u00e7\u00e3o.<\/p>\n<\/div>\n<div class=\"mc-column content-text active-extra-styles \" data-block-type=\"unstyled\" data-block-weight=\"25\" data-block-id=\"20\">\n<p class=\"content-text__container \" data-track-category=\"Link no Texto\" data-track-links=\"\">Nos cursos de engenharia, a participa\u00e7\u00e3o feminina cresceu 22,5% de 2017 a 2019. Entre o p\u00fablico masculino, a alta foi de 28% no mesmo intervalo.<\/p>\n<\/div>\n<div class=\"mc-column content-text active-extra-styles \" data-block-type=\"unstyled\" data-block-weight=\"40\" data-block-id=\"21\">\n<p class=\"content-text__container \" data-track-category=\"Link no Texto\" data-track-links=\"\">Em tecnologia da informa\u00e7\u00e3o, informa\u00e7\u00e3o e jogos digitais, a participa\u00e7\u00e3o das mulheres foi de apenas 369 em 2017 para 423 em 2019 (alta de 14,6%). Entre os homens, o aumento foi bem mais representativo: passou de 1.376 para 1.781 (+24,9%).<\/p>\n<figure style=\"width: 581px\" class=\"wp-caption aligncenter\"><img loading=\"lazy\" decoding=\"async\" src=\"https:\/\/s2.glbimg.com\/hRUg4lsH7KLsqEQ4DQ9oW8wo6rs=\/0x0:1277x851\/984x0\/smart\/filters:strip_icc()\/i.s3.glbimg.com\/v1\/AUTH_59edd422c0c84a879bd37670ae4f538a\/internal_photos\/bs\/2021\/M\/P\/3ozI0BTmK3e3umwsyeGQ\/img-9757-2-.jpg\" alt=\"Alana Ara\u00fajo se formou em engenharia da computa\u00e7\u00e3o em Pernambuco \u2014 Foto: Divulga\u00e7\u00e3o\" width=\"581\" height=\"387\" \/><figcaption class=\"wp-caption-text\">Alana Ara\u00fajo se formou em engenharia da computa\u00e7\u00e3o em Pernambuco \u2014 Foto: Divulga\u00e7\u00e3o<\/figcaption><\/figure>\n<div class=\"mc-column content-text active-extra-styles \" data-block-type=\"unstyled\" data-block-weight=\"35\" data-block-id=\"24\">\n<p class=\"content-text__container \" data-track-category=\"Link no Texto\" data-track-links=\"\">A recifense Alana Ara\u00fajo, 32, nadou contra a mar\u00e9 e foi uma das tr\u00eas mulheres a se formar em engenharia da computa\u00e7\u00e3o em uma sala com 50 homens na Escola Polit\u00e9cnica da Universidade de Pernambuco.<\/p>\n<\/div>\n<div class=\"mc-column content-text active-extra-styles\" data-block-type=\"raw\" data-block-weight=\"30\" data-block-id=\"25\">\n<blockquote class=\"content-blockquote theme-border-color-primary-before\"><p>&#8220;Senti um pouco de preconceito no come\u00e7o da carreira, mas exigi respeito pelo meu trabalho e pelo conhecimento que adquiri&#8221;, relembrou Alana, que sempre contou com o apoio da fam\u00edlia.<\/p><\/blockquote>\n<\/div>\n<div class=\"mc-column content-text active-extra-styles \" data-block-type=\"unstyled\" data-block-weight=\"39\" data-block-id=\"26\">\n<p class=\"content-text__container \" data-track-category=\"Link no Texto\" data-track-links=\"\">Com experi\u00eancia em programa\u00e7\u00e3o e ci\u00eancia de dados, a engenheira se mudou para S\u00e3o Paulo h\u00e1 sete anos e trabalha atualmente com as tecnologias na \u00e1rea comercial da Associa\u00e7\u00e3o Brasileira das Empresas de Tecnologia da Informa\u00e7\u00e3o e Comunica\u00e7\u00e3o (Brasscom).<\/p>\n<\/div>\n<div class=\"mc-column content-text active-extra-styles \" data-block-type=\"unstyled\" data-block-weight=\"50\" data-block-id=\"27\">\n<p class=\"content-text__container \" data-track-category=\"Link no Texto\" data-track-links=\"\">Como o Instituto de Engenharia, a entidade tamb\u00e9m possui projeto voltado \u00e0 atra\u00e7\u00e3o de jovens e diversidade, o TechMe. Segundo S\u00e9rgio Paulo Gallindo, presidente da Brasscom, o programa tem como proposta encontrar novos talentos fora do perfil &#8220;homem branco, classe m\u00e9dia\/alta&#8221; para solucionar a escassez de profissionais da \u00e1rea tecnol\u00f3gica.<\/p>\n<\/div>\n<div class=\"mc-column content-text active-extra-styles\" data-block-type=\"raw\" data-block-weight=\"43\" data-block-id=\"28\">\n<blockquote class=\"content-blockquote theme-border-color-primary-before\"><p>&#8220;N\u00e3o temos talentos suficientes para preencher a demanda do pa\u00eds. 70% das vagas t\u00e9cnicas em tecnologia s\u00e3o ocupadas por homens. Se temos vagas, significa que estamos gerando riquezas. Precisamos romper com o preconceito de que TI \u00e9 para nerds e homens&#8221;, defendeu Gallindo.<\/p><\/blockquote>\n<p><em>Por Patr\u00edcia Basilio<\/em><\/p>\n<\/div>\n<div class=\"mc-column content-text active-extra-styles\" data-block-type=\"raw\" data-block-weight=\"43\" data-block-id=\"28\"><em>Fonte <a href=\"https:\/\/g1.globo.com\/economia\/concursos-e-emprego\/noticia\/2021\/03\/08\/mulheres-ganham-espaco-em-ciencia-e-tecnologia-mas-salarios-ainda-sao-abismo-entre-generos.ghtml\" target=\"_blank\" rel=\"noopener\">G1<\/a><\/em><\/div>\n<\/div>\n<\/div>\n<\/div>\n<\/div>\n<\/div>\n<\/div>\n","protected":false},"excerpt":{"rendered":"<p>Aos 19 anos, Fl\u00e1via Cruz queria ser engenheira e prestar o vestibular da Escola Polit\u00e9cnica da Universidade de S\u00e3o Paulo (USP). Por conselhos da fam\u00edlia, ela desistiu da carreira e optou pelo curso de letras. Durante d\u00e9cadas, ela atuou como tradutora de livros e teve uma trajet\u00f3ria bem-sucedida. Mas, determinada a seguir a carreira dos [&hellip;]<\/p>\n","protected":false},"author":13,"featured_media":78169,"comment_status":"open","ping_status":"open","sticky":false,"template":"","format":"standard","meta":{"footnotes":""},"categories":[936],"tags":[202],"class_list":{"0":"post-78167","1":"post","2":"type-post","3":"status-publish","4":"format-standard","5":"has-post-thumbnail","7":"category-mulher","8":"tag-destaque"},"yoast_head":"<!-- This site is optimized with the Yoast SEO plugin v27.2 - https:\/\/yoast.com\/product\/yoast-seo-wordpress\/ -->\n<title>Mulheres ganham espa\u00e7o em ci\u00eancia e tecnologia, mas sal\u00e1rios ainda s\u00e3o abismo entre g\u00eaneros - Instituto de Engenharia<\/title>\n<meta name=\"robots\" content=\"index, follow, max-snippet:-1, max-image-preview:large, max-video-preview:-1\" \/>\n<link rel=\"canonical\" href=\"https:\/\/www.institutodeengenharia.org.br\/site\/2021\/03\/22\/mulheres-ganham-espaco-em-ciencia-e-tecnologia-mas-salarios-ainda-sao-abismo-entre-generos\/\" \/>\n<meta property=\"og:locale\" content=\"pt_BR\" \/>\n<meta property=\"og:type\" content=\"article\" \/>\n<meta property=\"og:title\" content=\"Mulheres ganham espa\u00e7o em ci\u00eancia e tecnologia, mas sal\u00e1rios ainda s\u00e3o abismo entre g\u00eaneros\" \/>\n<meta property=\"og:description\" content=\"Fonte G1\" \/>\n<meta property=\"og:url\" content=\"https:\/\/www.institutodeengenharia.org.br\/site\/2021\/03\/22\/mulheres-ganham-espaco-em-ciencia-e-tecnologia-mas-salarios-ainda-sao-abismo-entre-generos\/\" \/>\n<meta property=\"og:site_name\" content=\"Instituto de Engenharia\" \/>\n<meta property=\"article:publisher\" content=\"https:\/\/www.facebook.com\/institutodeengenharia\" \/>\n<meta property=\"article:published_time\" content=\"2021-03-22T14:10:07+00:00\" \/>\n<meta property=\"article:modified_time\" content=\"2021-05-28T15:13:43+00:00\" \/>\n<meta property=\"og:image\" content=\"https:\/\/www.institutodeengenharia.org.br\/site\/wp-content\/uploads\/2021\/03\/mg-3314.jpg\" \/>\n\t<meta property=\"og:image:width\" content=\"984\" \/>\n\t<meta property=\"og:image:height\" content=\"787\" \/>\n\t<meta property=\"og:image:type\" content=\"image\/jpeg\" \/>\n<meta name=\"author\" content=\"Bianca\" \/>\n<meta name=\"twitter:card\" content=\"summary_large_image\" \/>\n<meta name=\"twitter:title\" content=\"Mulheres ganham espa\u00e7o em ci\u00eancia e tecnologia, mas sal\u00e1rios ainda s\u00e3o abismo entre g\u00eaneros\" \/>\n<meta name=\"twitter:description\" content=\"Fonte G1\" \/>\n<meta name=\"twitter:image\" content=\"https:\/\/www.institutodeengenharia.org.br\/site\/wp-content\/uploads\/2021\/03\/mg-3314.jpg\" \/>\n<meta name=\"twitter:creator\" content=\"@iengenharia\" \/>\n<meta name=\"twitter:site\" content=\"@iengenharia\" \/>\n<meta name=\"twitter:label1\" content=\"Escrito por\" \/>\n\t<meta name=\"twitter:data1\" content=\"Bianca\" \/>\n\t<meta name=\"twitter:label2\" content=\"Est. tempo de leitura\" \/>\n\t<meta name=\"twitter:data2\" content=\"5 minutos\" \/>\n<script type=\"application\/ld+json\" class=\"yoast-schema-graph\">{\"@context\":\"https:\/\/schema.org\",\"@graph\":[{\"@type\":\"Article\",\"@id\":\"https:\/\/www.institutodeengenharia.org.br\/site\/2021\/03\/22\/mulheres-ganham-espaco-em-ciencia-e-tecnologia-mas-salarios-ainda-sao-abismo-entre-generos\/#article\",\"isPartOf\":{\"@id\":\"https:\/\/www.institutodeengenharia.org.br\/site\/2021\/03\/22\/mulheres-ganham-espaco-em-ciencia-e-tecnologia-mas-salarios-ainda-sao-abismo-entre-generos\/\"},\"author\":{\"name\":\"Bianca\",\"@id\":\"https:\/\/www.institutodeengenharia.org.br\/site\/#\/schema\/person\/aeb64951c405e100d26d30b033dd423f\"},\"headline\":\"Mulheres ganham espa\u00e7o em ci\u00eancia e tecnologia, mas sal\u00e1rios ainda s\u00e3o abismo entre g\u00eaneros\",\"datePublished\":\"2021-03-22T14:10:07+00:00\",\"dateModified\":\"2021-05-28T15:13:43+00:00\",\"mainEntityOfPage\":{\"@id\":\"https:\/\/www.institutodeengenharia.org.br\/site\/2021\/03\/22\/mulheres-ganham-espaco-em-ciencia-e-tecnologia-mas-salarios-ainda-sao-abismo-entre-generos\/\"},\"wordCount\":918,\"commentCount\":0,\"publisher\":{\"@id\":\"https:\/\/www.institutodeengenharia.org.br\/site\/#organization\"},\"image\":{\"@id\":\"https:\/\/www.institutodeengenharia.org.br\/site\/2021\/03\/22\/mulheres-ganham-espaco-em-ciencia-e-tecnologia-mas-salarios-ainda-sao-abismo-entre-generos\/#primaryimage\"},\"thumbnailUrl\":\"https:\/\/www.institutodeengenharia.org.br\/site\/wp-content\/uploads\/2021\/03\/mg-3314.webp\",\"keywords\":[\"+ Destaque\"],\"articleSection\":[\"Mulher\"],\"inLanguage\":\"pt-BR\",\"potentialAction\":[{\"@type\":\"CommentAction\",\"name\":\"Comment\",\"target\":[\"https:\/\/www.institutodeengenharia.org.br\/site\/2021\/03\/22\/mulheres-ganham-espaco-em-ciencia-e-tecnologia-mas-salarios-ainda-sao-abismo-entre-generos\/#respond\"]}]},{\"@type\":\"WebPage\",\"@id\":\"https:\/\/www.institutodeengenharia.org.br\/site\/2021\/03\/22\/mulheres-ganham-espaco-em-ciencia-e-tecnologia-mas-salarios-ainda-sao-abismo-entre-generos\/\",\"url\":\"https:\/\/www.institutodeengenharia.org.br\/site\/2021\/03\/22\/mulheres-ganham-espaco-em-ciencia-e-tecnologia-mas-salarios-ainda-sao-abismo-entre-generos\/\",\"name\":\"Mulheres ganham espa\u00e7o em ci\u00eancia e tecnologia, mas sal\u00e1rios ainda s\u00e3o abismo entre g\u00eaneros - Instituto de Engenharia\",\"isPartOf\":{\"@id\":\"https:\/\/www.institutodeengenharia.org.br\/site\/#website\"},\"primaryImageOfPage\":{\"@id\":\"https:\/\/www.institutodeengenharia.org.br\/site\/2021\/03\/22\/mulheres-ganham-espaco-em-ciencia-e-tecnologia-mas-salarios-ainda-sao-abismo-entre-generos\/#primaryimage\"},\"image\":{\"@id\":\"https:\/\/www.institutodeengenharia.org.br\/site\/2021\/03\/22\/mulheres-ganham-espaco-em-ciencia-e-tecnologia-mas-salarios-ainda-sao-abismo-entre-generos\/#primaryimage\"},\"thumbnailUrl\":\"https:\/\/www.institutodeengenharia.org.br\/site\/wp-content\/uploads\/2021\/03\/mg-3314.webp\",\"datePublished\":\"2021-03-22T14:10:07+00:00\",\"dateModified\":\"2021-05-28T15:13:43+00:00\",\"breadcrumb\":{\"@id\":\"https:\/\/www.institutodeengenharia.org.br\/site\/2021\/03\/22\/mulheres-ganham-espaco-em-ciencia-e-tecnologia-mas-salarios-ainda-sao-abismo-entre-generos\/#breadcrumb\"},\"inLanguage\":\"pt-BR\",\"potentialAction\":[{\"@type\":\"ReadAction\",\"target\":[\"https:\/\/www.institutodeengenharia.org.br\/site\/2021\/03\/22\/mulheres-ganham-espaco-em-ciencia-e-tecnologia-mas-salarios-ainda-sao-abismo-entre-generos\/\"]}]},{\"@type\":\"ImageObject\",\"inLanguage\":\"pt-BR\",\"@id\":\"https:\/\/www.institutodeengenharia.org.br\/site\/2021\/03\/22\/mulheres-ganham-espaco-em-ciencia-e-tecnologia-mas-salarios-ainda-sao-abismo-entre-generos\/#primaryimage\",\"url\":\"https:\/\/www.institutodeengenharia.org.br\/site\/wp-content\/uploads\/2021\/03\/mg-3314.webp\",\"contentUrl\":\"https:\/\/www.institutodeengenharia.org.br\/site\/wp-content\/uploads\/2021\/03\/mg-3314.webp\",\"width\":984,\"height\":787,\"caption\":\"Fl\u00e1via Cruz, diretora Instituto de Engenharia, \u00e9 formada em letras e engenharia el\u00e9trica e eletr\u00f4nica \u2014 Foto: Divulga\u00e7\u00e3o\"},{\"@type\":\"BreadcrumbList\",\"@id\":\"https:\/\/www.institutodeengenharia.org.br\/site\/2021\/03\/22\/mulheres-ganham-espaco-em-ciencia-e-tecnologia-mas-salarios-ainda-sao-abismo-entre-generos\/#breadcrumb\",\"itemListElement\":[{\"@type\":\"ListItem\",\"position\":1,\"name\":\"In\u00edcio\",\"item\":\"https:\/\/www.institutodeengenharia.org.br\/site\/\"},{\"@type\":\"ListItem\",\"position\":2,\"name\":\"Mulheres ganham espa\u00e7o em ci\u00eancia e tecnologia, mas sal\u00e1rios ainda s\u00e3o abismo entre g\u00eaneros\"}]},{\"@type\":\"WebSite\",\"@id\":\"https:\/\/www.institutodeengenharia.org.br\/site\/#website\",\"url\":\"https:\/\/www.institutodeengenharia.org.br\/site\/\",\"name\":\"Instituto de Engenharia\",\"description\":\"O Instituto de Engenharia promove a Engenharia em benef\u00edcio do desenvolvimento e da qualidade de vida da sociedade.\",\"publisher\":{\"@id\":\"https:\/\/www.institutodeengenharia.org.br\/site\/#organization\"},\"potentialAction\":[{\"@type\":\"SearchAction\",\"target\":{\"@type\":\"EntryPoint\",\"urlTemplate\":\"https:\/\/www.institutodeengenharia.org.br\/site\/?s={search_term_string}\"},\"query-input\":{\"@type\":\"PropertyValueSpecification\",\"valueRequired\":true,\"valueName\":\"search_term_string\"}}],\"inLanguage\":\"pt-BR\"},{\"@type\":\"Organization\",\"@id\":\"https:\/\/www.institutodeengenharia.org.br\/site\/#organization\",\"name\":\"Instituto de Engenharia\",\"url\":\"https:\/\/www.institutodeengenharia.org.br\/site\/\",\"logo\":{\"@type\":\"ImageObject\",\"inLanguage\":\"pt-BR\",\"@id\":\"https:\/\/www.institutodeengenharia.org.br\/site\/#\/schema\/logo\/image\/\",\"url\":\"https:\/\/www.institutodeengenharia.org.br\/site\/wp-content\/uploads\/2019\/03\/logo-novo-IE2018-1.jpg\",\"contentUrl\":\"https:\/\/www.institutodeengenharia.org.br\/site\/wp-content\/uploads\/2019\/03\/logo-novo-IE2018-1.jpg\",\"width\":1486,\"height\":1879,\"caption\":\"Instituto de Engenharia\"},\"image\":{\"@id\":\"https:\/\/www.institutodeengenharia.org.br\/site\/#\/schema\/logo\/image\/\"},\"sameAs\":[\"https:\/\/www.facebook.com\/institutodeengenharia\",\"https:\/\/x.com\/iengenharia\",\"https:\/\/www.instagram.com\/institutodeengenharia\/\",\"https:\/\/www.linkedin.com\/company\/instituto-de-engenharia\/\",\"https:\/\/www.youtube.com\/channel\/UCXiCAlsSMe977vamW915HxA\"]},{\"@type\":\"Person\",\"@id\":\"https:\/\/www.institutodeengenharia.org.br\/site\/#\/schema\/person\/aeb64951c405e100d26d30b033dd423f\",\"name\":\"Bianca\",\"image\":{\"@type\":\"ImageObject\",\"inLanguage\":\"pt-BR\",\"@id\":\"https:\/\/secure.gravatar.com\/avatar\/a6fbe9bff57405baf4c1e2c5c1811e072b558253974a9f9508f4678900c97c2a?s=96&d=mm&r=g\",\"url\":\"https:\/\/secure.gravatar.com\/avatar\/a6fbe9bff57405baf4c1e2c5c1811e072b558253974a9f9508f4678900c97c2a?s=96&d=mm&r=g\",\"contentUrl\":\"https:\/\/secure.gravatar.com\/avatar\/a6fbe9bff57405baf4c1e2c5c1811e072b558253974a9f9508f4678900c97c2a?s=96&d=mm&r=g\",\"caption\":\"Bianca\"},\"url\":\"https:\/\/www.institutodeengenharia.org.br\/site\/author\/comunicacao1\/\"}]}<\/script>\n<!-- \/ Yoast SEO plugin. -->","yoast_head_json":{"title":"Mulheres ganham espa\u00e7o em ci\u00eancia e tecnologia, mas sal\u00e1rios ainda s\u00e3o abismo entre g\u00eaneros - Instituto de Engenharia","robots":{"index":"index","follow":"follow","max-snippet":"max-snippet:-1","max-image-preview":"max-image-preview:large","max-video-preview":"max-video-preview:-1"},"canonical":"https:\/\/www.institutodeengenharia.org.br\/site\/2021\/03\/22\/mulheres-ganham-espaco-em-ciencia-e-tecnologia-mas-salarios-ainda-sao-abismo-entre-generos\/","og_locale":"pt_BR","og_type":"article","og_title":"Mulheres ganham espa\u00e7o em ci\u00eancia e tecnologia, mas sal\u00e1rios ainda s\u00e3o abismo entre g\u00eaneros","og_description":"Fonte G1","og_url":"https:\/\/www.institutodeengenharia.org.br\/site\/2021\/03\/22\/mulheres-ganham-espaco-em-ciencia-e-tecnologia-mas-salarios-ainda-sao-abismo-entre-generos\/","og_site_name":"Instituto de Engenharia","article_publisher":"https:\/\/www.facebook.com\/institutodeengenharia","article_published_time":"2021-03-22T14:10:07+00:00","article_modified_time":"2021-05-28T15:13:43+00:00","og_image":[{"width":984,"height":787,"url":"https:\/\/www.institutodeengenharia.org.br\/site\/wp-content\/uploads\/2021\/03\/mg-3314.jpg","type":"image\/jpeg"}],"author":"Bianca","twitter_card":"summary_large_image","twitter_title":"Mulheres ganham espa\u00e7o em ci\u00eancia e tecnologia, mas sal\u00e1rios ainda s\u00e3o abismo entre g\u00eaneros","twitter_description":"Fonte G1","twitter_image":"https:\/\/www.institutodeengenharia.org.br\/site\/wp-content\/uploads\/2021\/03\/mg-3314.jpg","twitter_creator":"@iengenharia","twitter_site":"@iengenharia","twitter_misc":{"Escrito por":"Bianca","Est. tempo de leitura":"5 minutos"},"schema":{"@context":"https:\/\/schema.org","@graph":[{"@type":"Article","@id":"https:\/\/www.institutodeengenharia.org.br\/site\/2021\/03\/22\/mulheres-ganham-espaco-em-ciencia-e-tecnologia-mas-salarios-ainda-sao-abismo-entre-generos\/#article","isPartOf":{"@id":"https:\/\/www.institutodeengenharia.org.br\/site\/2021\/03\/22\/mulheres-ganham-espaco-em-ciencia-e-tecnologia-mas-salarios-ainda-sao-abismo-entre-generos\/"},"author":{"name":"Bianca","@id":"https:\/\/www.institutodeengenharia.org.br\/site\/#\/schema\/person\/aeb64951c405e100d26d30b033dd423f"},"headline":"Mulheres ganham espa\u00e7o em ci\u00eancia e tecnologia, mas sal\u00e1rios ainda s\u00e3o abismo entre g\u00eaneros","datePublished":"2021-03-22T14:10:07+00:00","dateModified":"2021-05-28T15:13:43+00:00","mainEntityOfPage":{"@id":"https:\/\/www.institutodeengenharia.org.br\/site\/2021\/03\/22\/mulheres-ganham-espaco-em-ciencia-e-tecnologia-mas-salarios-ainda-sao-abismo-entre-generos\/"},"wordCount":918,"commentCount":0,"publisher":{"@id":"https:\/\/www.institutodeengenharia.org.br\/site\/#organization"},"image":{"@id":"https:\/\/www.institutodeengenharia.org.br\/site\/2021\/03\/22\/mulheres-ganham-espaco-em-ciencia-e-tecnologia-mas-salarios-ainda-sao-abismo-entre-generos\/#primaryimage"},"thumbnailUrl":"https:\/\/www.institutodeengenharia.org.br\/site\/wp-content\/uploads\/2021\/03\/mg-3314.webp","keywords":["+ Destaque"],"articleSection":["Mulher"],"inLanguage":"pt-BR","potentialAction":[{"@type":"CommentAction","name":"Comment","target":["https:\/\/www.institutodeengenharia.org.br\/site\/2021\/03\/22\/mulheres-ganham-espaco-em-ciencia-e-tecnologia-mas-salarios-ainda-sao-abismo-entre-generos\/#respond"]}]},{"@type":"WebPage","@id":"https:\/\/www.institutodeengenharia.org.br\/site\/2021\/03\/22\/mulheres-ganham-espaco-em-ciencia-e-tecnologia-mas-salarios-ainda-sao-abismo-entre-generos\/","url":"https:\/\/www.institutodeengenharia.org.br\/site\/2021\/03\/22\/mulheres-ganham-espaco-em-ciencia-e-tecnologia-mas-salarios-ainda-sao-abismo-entre-generos\/","name":"Mulheres ganham espa\u00e7o em ci\u00eancia e tecnologia, mas sal\u00e1rios ainda s\u00e3o abismo entre g\u00eaneros - Instituto de Engenharia","isPartOf":{"@id":"https:\/\/www.institutodeengenharia.org.br\/site\/#website"},"primaryImageOfPage":{"@id":"https:\/\/www.institutodeengenharia.org.br\/site\/2021\/03\/22\/mulheres-ganham-espaco-em-ciencia-e-tecnologia-mas-salarios-ainda-sao-abismo-entre-generos\/#primaryimage"},"image":{"@id":"https:\/\/www.institutodeengenharia.org.br\/site\/2021\/03\/22\/mulheres-ganham-espaco-em-ciencia-e-tecnologia-mas-salarios-ainda-sao-abismo-entre-generos\/#primaryimage"},"thumbnailUrl":"https:\/\/www.institutodeengenharia.org.br\/site\/wp-content\/uploads\/2021\/03\/mg-3314.webp","datePublished":"2021-03-22T14:10:07+00:00","dateModified":"2021-05-28T15:13:43+00:00","breadcrumb":{"@id":"https:\/\/www.institutodeengenharia.org.br\/site\/2021\/03\/22\/mulheres-ganham-espaco-em-ciencia-e-tecnologia-mas-salarios-ainda-sao-abismo-entre-generos\/#breadcrumb"},"inLanguage":"pt-BR","potentialAction":[{"@type":"ReadAction","target":["https:\/\/www.institutodeengenharia.org.br\/site\/2021\/03\/22\/mulheres-ganham-espaco-em-ciencia-e-tecnologia-mas-salarios-ainda-sao-abismo-entre-generos\/"]}]},{"@type":"ImageObject","inLanguage":"pt-BR","@id":"https:\/\/www.institutodeengenharia.org.br\/site\/2021\/03\/22\/mulheres-ganham-espaco-em-ciencia-e-tecnologia-mas-salarios-ainda-sao-abismo-entre-generos\/#primaryimage","url":"https:\/\/www.institutodeengenharia.org.br\/site\/wp-content\/uploads\/2021\/03\/mg-3314.webp","contentUrl":"https:\/\/www.institutodeengenharia.org.br\/site\/wp-content\/uploads\/2021\/03\/mg-3314.webp","width":984,"height":787,"caption":"Fl\u00e1via Cruz, diretora Instituto de Engenharia, \u00e9 formada em letras e engenharia el\u00e9trica e eletr\u00f4nica \u2014 Foto: Divulga\u00e7\u00e3o"},{"@type":"BreadcrumbList","@id":"https:\/\/www.institutodeengenharia.org.br\/site\/2021\/03\/22\/mulheres-ganham-espaco-em-ciencia-e-tecnologia-mas-salarios-ainda-sao-abismo-entre-generos\/#breadcrumb","itemListElement":[{"@type":"ListItem","position":1,"name":"In\u00edcio","item":"https:\/\/www.institutodeengenharia.org.br\/site\/"},{"@type":"ListItem","position":2,"name":"Mulheres ganham espa\u00e7o em ci\u00eancia e tecnologia, mas sal\u00e1rios ainda s\u00e3o abismo entre g\u00eaneros"}]},{"@type":"WebSite","@id":"https:\/\/www.institutodeengenharia.org.br\/site\/#website","url":"https:\/\/www.institutodeengenharia.org.br\/site\/","name":"Instituto de Engenharia","description":"O Instituto de Engenharia promove a Engenharia em benef\u00edcio do desenvolvimento e da qualidade de vida da sociedade.","publisher":{"@id":"https:\/\/www.institutodeengenharia.org.br\/site\/#organization"},"potentialAction":[{"@type":"SearchAction","target":{"@type":"EntryPoint","urlTemplate":"https:\/\/www.institutodeengenharia.org.br\/site\/?s={search_term_string}"},"query-input":{"@type":"PropertyValueSpecification","valueRequired":true,"valueName":"search_term_string"}}],"inLanguage":"pt-BR"},{"@type":"Organization","@id":"https:\/\/www.institutodeengenharia.org.br\/site\/#organization","name":"Instituto de Engenharia","url":"https:\/\/www.institutodeengenharia.org.br\/site\/","logo":{"@type":"ImageObject","inLanguage":"pt-BR","@id":"https:\/\/www.institutodeengenharia.org.br\/site\/#\/schema\/logo\/image\/","url":"https:\/\/www.institutodeengenharia.org.br\/site\/wp-content\/uploads\/2019\/03\/logo-novo-IE2018-1.jpg","contentUrl":"https:\/\/www.institutodeengenharia.org.br\/site\/wp-content\/uploads\/2019\/03\/logo-novo-IE2018-1.jpg","width":1486,"height":1879,"caption":"Instituto de Engenharia"},"image":{"@id":"https:\/\/www.institutodeengenharia.org.br\/site\/#\/schema\/logo\/image\/"},"sameAs":["https:\/\/www.facebook.com\/institutodeengenharia","https:\/\/x.com\/iengenharia","https:\/\/www.instagram.com\/institutodeengenharia\/","https:\/\/www.linkedin.com\/company\/instituto-de-engenharia\/","https:\/\/www.youtube.com\/channel\/UCXiCAlsSMe977vamW915HxA"]},{"@type":"Person","@id":"https:\/\/www.institutodeengenharia.org.br\/site\/#\/schema\/person\/aeb64951c405e100d26d30b033dd423f","name":"Bianca","image":{"@type":"ImageObject","inLanguage":"pt-BR","@id":"https:\/\/secure.gravatar.com\/avatar\/a6fbe9bff57405baf4c1e2c5c1811e072b558253974a9f9508f4678900c97c2a?s=96&d=mm&r=g","url":"https:\/\/secure.gravatar.com\/avatar\/a6fbe9bff57405baf4c1e2c5c1811e072b558253974a9f9508f4678900c97c2a?s=96&d=mm&r=g","contentUrl":"https:\/\/secure.gravatar.com\/avatar\/a6fbe9bff57405baf4c1e2c5c1811e072b558253974a9f9508f4678900c97c2a?s=96&d=mm&r=g","caption":"Bianca"},"url":"https:\/\/www.institutodeengenharia.org.br\/site\/author\/comunicacao1\/"}]}},"_links":{"self":[{"href":"https:\/\/www.institutodeengenharia.org.br\/site\/wp-json\/wp\/v2\/posts\/78167","targetHints":{"allow":["GET"]}}],"collection":[{"href":"https:\/\/www.institutodeengenharia.org.br\/site\/wp-json\/wp\/v2\/posts"}],"about":[{"href":"https:\/\/www.institutodeengenharia.org.br\/site\/wp-json\/wp\/v2\/types\/post"}],"author":[{"embeddable":true,"href":"https:\/\/www.institutodeengenharia.org.br\/site\/wp-json\/wp\/v2\/users\/13"}],"replies":[{"embeddable":true,"href":"https:\/\/www.institutodeengenharia.org.br\/site\/wp-json\/wp\/v2\/comments?post=78167"}],"version-history":[{"count":2,"href":"https:\/\/www.institutodeengenharia.org.br\/site\/wp-json\/wp\/v2\/posts\/78167\/revisions"}],"predecessor-version":[{"id":78234,"href":"https:\/\/www.institutodeengenharia.org.br\/site\/wp-json\/wp\/v2\/posts\/78167\/revisions\/78234"}],"wp:featuredmedia":[{"embeddable":true,"href":"https:\/\/www.institutodeengenharia.org.br\/site\/wp-json\/wp\/v2\/media\/78169"}],"wp:attachment":[{"href":"https:\/\/www.institutodeengenharia.org.br\/site\/wp-json\/wp\/v2\/media?parent=78167"}],"wp:term":[{"taxonomy":"category","embeddable":true,"href":"https:\/\/www.institutodeengenharia.org.br\/site\/wp-json\/wp\/v2\/categories?post=78167"},{"taxonomy":"post_tag","embeddable":true,"href":"https:\/\/www.institutodeengenharia.org.br\/site\/wp-json\/wp\/v2\/tags?post=78167"}],"curies":[{"name":"wp","href":"https:\/\/api.w.org\/{rel}","templated":true}]}}