{"id":78106,"date":"2021-02-25T18:00:28","date_gmt":"2021-02-25T21:00:28","guid":{"rendered":"https:\/\/www.institutodeengenharia.org.br\/site\/?p=78106"},"modified":"2021-05-28T14:21:24","modified_gmt":"2021-05-28T17:21:24","slug":"os-problemas-de-drenagem-em-obras-lineares","status":"publish","type":"post","link":"https:\/\/www.institutodeengenharia.org.br\/site\/2021\/02\/25\/os-problemas-de-drenagem-em-obras-lineares\/","title":{"rendered":"Os problemas de drenagem em obras lineares"},"content":{"rendered":"<p><strong>Assista abaixo \u00e0 grava\u00e7\u00e3o:<\/strong><\/p>\n<p><iframe loading=\"lazy\" src=\"https:\/\/player.vimeo.com\/video\/517160727\" width=\"640\" height=\"564\" frameborder=\"0\" allowfullscreen=\"allowfullscreen\"><\/iframe><\/p>\n<p>&nbsp;<\/p>\n<p><strong>+ Informa\u00e7\u00f5es:<\/strong><\/p>\n<p><strong>Abordagem:<\/strong><\/p>\n<p>1. O desafio de domar as \u00e1guas pluviais e trabalhar com drenagem eficiente;<br \/>\n2. Por que estudar drenagem? Conceitos importantes para projetos de drenagem;<br \/>\n3. Eros\u00f5es, escorregamentos e assoreamento;<br \/>\n4. Estudos de caso do IPT: projetos visando a gest\u00e3o eficiente das \u00e1guas pluviais.<\/p>\n<p><strong>P\u00fablico-alvo:<\/strong><\/p>\n<p>Engenheiros, arquitetos, t\u00e9cnicos, estudantes e demais interessados.<\/p>\n<p><strong>Palestrante:<\/strong><\/p>\n<p><img loading=\"lazy\" decoding=\"async\" class=\"alignnone wp-image-77619\" src=\"https:\/\/www.institutodeengenharia.org.br\/site\/wp-content\/uploads\/2021\/02\/Filipe-Falcetta.jpg\" alt=\"\" width=\"130\" height=\"158\" \/><\/p>\n<p><strong>Filipe Falcetta<\/strong><\/p>\n<p>Pesquisador do Instituto de Pesquisas Tecnol\u00f3gicas do Estado de S\u00e3o Paulo (IPT)<\/p>\n<p>Possui gradua\u00e7\u00e3o em Engenharia Civil pela Universidade Estadual de Campinas (2010), mestrado em Engenharia Civil \u2013 Hidr\u00e1ulica pela Escola Polit\u00e9cnica da Universidade de S\u00e3o Paulo (2015) e doutorado em energia pelo Instituto de Energia e Ambiente da Universidade de S\u00e3o Paulo (2020). Desde 2014, \u00e9 pesquisador do Instituto de Pesquisas Tecnol\u00f3gicas do Estado de S\u00e3o Paulo (IPT), atuando na \u00e1rea de Recursos H\u00eddricos da \u00c1rea de Concentra\u00e7\u00e3o Tecnol\u00f3gica em Cidades e Meio Ambiente. Tem experi\u00eancia desde 2008 na \u00e1rea de modelagem hidrol\u00f3gica com a utiliza\u00e7\u00e3o dos softwares ABC6 e HEC-HMS, realizando pesquisas e projetos visando \u00e0 aplica\u00e7\u00e3o e verifica\u00e7\u00e3o da aplicabilidade de diversos modelos chuva-vaz\u00e3o, entre os quais o m\u00e9todo Racional, I-Pai-Wu, Hidrograma Unit\u00e1rio, m\u00e9todo Gradex, SMAP etc. Tamb\u00e9m tem experi\u00eancia em modelagem hidr\u00e1ulica visando o dimensionamento e verifica\u00e7\u00e3o de estruturas e projetos de drenagem, elabora\u00e7\u00e3o de manchas de inunda\u00e7\u00e3o com aux\u00edlio do software HEC-RAS acoplado a ferramentas de geoprocessamento, bem como em Pesquisa Operacional na \u00e1rea de hidr\u00e1ulica, tendo operado e aprimorado a formula\u00e7\u00e3o de modelos de otimiza\u00e7\u00e3o de sistemas de reservat\u00f3rios desde 2012.<\/p>\n<p><strong>Apoio Institucional:<\/strong><\/p>\n<p><img loading=\"lazy\" decoding=\"async\" class=\"size-full wp-image-34556 alignleft\" src=\"https:\/\/www.institutodeengenharia.org.br\/site\/wp-content\/uploads\/2018\/04\/CREA-SP_vertical.jpg\" alt=\"\" width=\"150\" height=\"106\" srcset=\"https:\/\/www.institutodeengenharia.org.br\/site\/wp-content\/uploads\/2018\/04\/CREA-SP_vertical.jpg 150w, https:\/\/www.institutodeengenharia.org.br\/site\/wp-content\/uploads\/2018\/04\/CREA-SP_vertical-100x70.jpg 100w\" sizes=\"auto, (max-width: 150px) 100vw, 150px\" \/><img loading=\"lazy\" decoding=\"async\" class=\"wp-image-71930 alignleft\" src=\"https:\/\/www.institutodeengenharia.org.br\/site\/wp-content\/uploads\/2020\/10\/IBRACON.jpg\" alt=\"\" width=\"137\" height=\"106\" \/><img loading=\"lazy\" decoding=\"async\" class=\"wp-image-71932 alignleft\" src=\"https:\/\/www.institutodeengenharia.org.br\/site\/wp-content\/uploads\/2020\/10\/ABECE.jpg\" alt=\"\" width=\"161\" height=\"100\" srcset=\"https:\/\/www.institutodeengenharia.org.br\/site\/wp-content\/uploads\/2020\/10\/ABECE.jpg 306w, https:\/\/www.institutodeengenharia.org.br\/site\/wp-content\/uploads\/2020\/10\/ABECE-300x186.jpg 300w\" sizes=\"auto, (max-width: 161px) 100vw, 161px\" \/><\/p>\n<p>&nbsp;<\/p>\n<p>&nbsp;<\/p>\n<p>&nbsp;<\/p>\n<p><strong>Realiza\u00e7\u00e3o:<\/strong><\/p>\n<p><strong>Eng. Jer\u00f4nimo Cabral Pereira Fagundes Neto<\/strong> \u2013 Vice-Presidente de Atividades T\u00e9cnicas<br \/>\n<strong>Eng. Roberto Kochen<\/strong> \u2013 Diretor do Departamento de Engenharia do Habitat e Infraestrutura<br \/>\n<strong>Eng. Rafael Timerman<\/strong> \u2013 Coordenador da Divis\u00e3o T\u00e9cnica de Estruturas<\/p>\n","protected":false},"excerpt":{"rendered":"<p>Assista abaixo \u00e0 grava\u00e7\u00e3o: &nbsp; + Informa\u00e7\u00f5es: Abordagem: 1. O desafio de domar as \u00e1guas pluviais e trabalhar com drenagem eficiente; 2. Por que estudar drenagem? Conceitos importantes para projetos de drenagem; 3. Eros\u00f5es, escorregamentos e assoreamento; 4. Estudos de caso do IPT: projetos visando a gest\u00e3o eficiente das \u00e1guas pluviais. P\u00fablico-alvo: Engenheiros, arquitetos, t\u00e9cnicos, [&hellip;]<\/p>\n","protected":false},"author":13,"featured_media":77643,"comment_status":"open","ping_status":"open","sticky":false,"template":"","format":"standard","meta":{"footnotes":""},"categories":[15,76,968,969],"tags":[],"class_list":{"0":"post-78106","1":"post","2":"type-post","3":"status-publish","4":"format-standard","5":"has-post-thumbnail","7":"category-departamento-desenvolvimento-de-projetos-e-servicos-de-infraestrutura","8":"category-divisao-tecnica-estruturas-e-controle-tecnologico","9":"category-nova-tv-engenharia","10":"category-palestra"},"yoast_head":"<!-- This site is optimized with the Yoast SEO plugin v27.2 - https:\/\/yoast.com\/product\/yoast-seo-wordpress\/ -->\n<title>Os problemas de drenagem em obras lineares - Instituto de Engenharia<\/title>\n<meta name=\"robots\" content=\"index, follow, max-snippet:-1, max-image-preview:large, max-video-preview:-1\" \/>\n<link rel=\"canonical\" href=\"https:\/\/www.institutodeengenharia.org.br\/site\/2021\/02\/25\/os-problemas-de-drenagem-em-obras-lineares\/\" \/>\n<meta property=\"og:locale\" content=\"pt_BR\" \/>\n<meta property=\"og:type\" content=\"article\" \/>\n<meta property=\"og:title\" content=\"Os problemas de drenagem em obras lineares\" \/>\n<meta property=\"og:description\" content=\"Assista \u00e0 grava\u00e7\u00e3o\" \/>\n<meta property=\"og:url\" content=\"https:\/\/www.institutodeengenharia.org.br\/site\/2021\/02\/25\/os-problemas-de-drenagem-em-obras-lineares\/\" \/>\n<meta property=\"og:site_name\" content=\"Instituto de Engenharia\" \/>\n<meta property=\"article:publisher\" content=\"https:\/\/www.facebook.com\/institutodeengenharia\" \/>\n<meta property=\"article:published_time\" content=\"2021-02-25T21:00:28+00:00\" \/>\n<meta property=\"article:modified_time\" content=\"2021-05-28T17:21:24+00:00\" \/>\n<meta property=\"og:image\" content=\"https:\/\/www.institutodeengenharia.org.br\/site\/wp-content\/uploads\/2019\/08\/tv_engenharia.jpg\" \/>\n\t<meta property=\"og:image:width\" content=\"1280\" \/>\n\t<meta property=\"og:image:height\" content=\"853\" \/>\n\t<meta property=\"og:image:type\" content=\"image\/jpeg\" \/>\n<meta name=\"author\" content=\"Bianca\" \/>\n<meta name=\"twitter:card\" content=\"summary_large_image\" \/>\n<meta name=\"twitter:title\" content=\"Os problemas de drenagem em obras lineares\" \/>\n<meta name=\"twitter:description\" content=\"Assista \u00e0 grava\u00e7\u00e3o\" \/>\n<meta name=\"twitter:image\" content=\"https:\/\/www.institutodeengenharia.org.br\/site\/wp-content\/uploads\/2019\/08\/tv_engenharia.jpg\" \/>\n<meta name=\"twitter:creator\" content=\"@iengenharia\" \/>\n<meta name=\"twitter:site\" content=\"@iengenharia\" \/>\n<meta name=\"twitter:label1\" content=\"Escrito por\" \/>\n\t<meta name=\"twitter:data1\" content=\"Bianca\" \/>\n\t<meta name=\"twitter:label2\" content=\"Est. tempo de leitura\" \/>\n\t<meta name=\"twitter:data2\" content=\"3 minutos\" \/>\n<script type=\"application\/ld+json\" class=\"yoast-schema-graph\">{\"@context\":\"https:\/\/schema.org\",\"@graph\":[{\"@type\":\"Article\",\"@id\":\"https:\/\/www.institutodeengenharia.org.br\/site\/2021\/02\/25\/os-problemas-de-drenagem-em-obras-lineares\/#article\",\"isPartOf\":{\"@id\":\"https:\/\/www.institutodeengenharia.org.br\/site\/2021\/02\/25\/os-problemas-de-drenagem-em-obras-lineares\/\"},\"author\":{\"name\":\"Bianca\",\"@id\":\"https:\/\/www.institutodeengenharia.org.br\/site\/#\/schema\/person\/aeb64951c405e100d26d30b033dd423f\"},\"headline\":\"Os problemas de drenagem em obras lineares\",\"datePublished\":\"2021-02-25T21:00:28+00:00\",\"dateModified\":\"2021-05-28T17:21:24+00:00\",\"mainEntityOfPage\":{\"@id\":\"https:\/\/www.institutodeengenharia.org.br\/site\/2021\/02\/25\/os-problemas-de-drenagem-em-obras-lineares\/\"},\"wordCount\":321,\"commentCount\":0,\"publisher\":{\"@id\":\"https:\/\/www.institutodeengenharia.org.br\/site\/#organization\"},\"image\":{\"@id\":\"https:\/\/www.institutodeengenharia.org.br\/site\/2021\/02\/25\/os-problemas-de-drenagem-em-obras-lineares\/#primaryimage\"},\"thumbnailUrl\":\"https:\/\/www.institutodeengenharia.org.br\/site\/wp-content\/uploads\/2021\/02\/alagamento-e1613397451373.jpg\",\"articleSection\":[\"Departamento Desenvolvimento de Projetos e Servi\u00e7os de Infraestrutura\",\"Divis\u00e3o T\u00e9cnica Estruturas e Controle Tecnol\u00f3gico\",\"Nova TV Engenharia\",\"Palestra\"],\"inLanguage\":\"pt-BR\",\"potentialAction\":[{\"@type\":\"CommentAction\",\"name\":\"Comment\",\"target\":[\"https:\/\/www.institutodeengenharia.org.br\/site\/2021\/02\/25\/os-problemas-de-drenagem-em-obras-lineares\/#respond\"]}]},{\"@type\":\"WebPage\",\"@id\":\"https:\/\/www.institutodeengenharia.org.br\/site\/2021\/02\/25\/os-problemas-de-drenagem-em-obras-lineares\/\",\"url\":\"https:\/\/www.institutodeengenharia.org.br\/site\/2021\/02\/25\/os-problemas-de-drenagem-em-obras-lineares\/\",\"name\":\"Os problemas de drenagem em obras lineares - Instituto de Engenharia\",\"isPartOf\":{\"@id\":\"https:\/\/www.institutodeengenharia.org.br\/site\/#website\"},\"primaryImageOfPage\":{\"@id\":\"https:\/\/www.institutodeengenharia.org.br\/site\/2021\/02\/25\/os-problemas-de-drenagem-em-obras-lineares\/#primaryimage\"},\"image\":{\"@id\":\"https:\/\/www.institutodeengenharia.org.br\/site\/2021\/02\/25\/os-problemas-de-drenagem-em-obras-lineares\/#primaryimage\"},\"thumbnailUrl\":\"https:\/\/www.institutodeengenharia.org.br\/site\/wp-content\/uploads\/2021\/02\/alagamento-e1613397451373.jpg\",\"datePublished\":\"2021-02-25T21:00:28+00:00\",\"dateModified\":\"2021-05-28T17:21:24+00:00\",\"breadcrumb\":{\"@id\":\"https:\/\/www.institutodeengenharia.org.br\/site\/2021\/02\/25\/os-problemas-de-drenagem-em-obras-lineares\/#breadcrumb\"},\"inLanguage\":\"pt-BR\",\"potentialAction\":[{\"@type\":\"ReadAction\",\"target\":[\"https:\/\/www.institutodeengenharia.org.br\/site\/2021\/02\/25\/os-problemas-de-drenagem-em-obras-lineares\/\"]}]},{\"@type\":\"ImageObject\",\"inLanguage\":\"pt-BR\",\"@id\":\"https:\/\/www.institutodeengenharia.org.br\/site\/2021\/02\/25\/os-problemas-de-drenagem-em-obras-lineares\/#primaryimage\",\"url\":\"https:\/\/www.institutodeengenharia.org.br\/site\/wp-content\/uploads\/2021\/02\/alagamento-e1613397451373.jpg\",\"contentUrl\":\"https:\/\/www.institutodeengenharia.org.br\/site\/wp-content\/uploads\/2021\/02\/alagamento-e1613397451373.jpg\",\"width\":798,\"height\":536},{\"@type\":\"BreadcrumbList\",\"@id\":\"https:\/\/www.institutodeengenharia.org.br\/site\/2021\/02\/25\/os-problemas-de-drenagem-em-obras-lineares\/#breadcrumb\",\"itemListElement\":[{\"@type\":\"ListItem\",\"position\":1,\"name\":\"In\u00edcio\",\"item\":\"https:\/\/www.institutodeengenharia.org.br\/site\/\"},{\"@type\":\"ListItem\",\"position\":2,\"name\":\"Os problemas de drenagem em obras lineares\"}]},{\"@type\":\"WebSite\",\"@id\":\"https:\/\/www.institutodeengenharia.org.br\/site\/#website\",\"url\":\"https:\/\/www.institutodeengenharia.org.br\/site\/\",\"name\":\"Instituto de Engenharia\",\"description\":\"O Instituto de Engenharia promove a Engenharia em benef\u00edcio do desenvolvimento e da qualidade de vida da sociedade.\",\"publisher\":{\"@id\":\"https:\/\/www.institutodeengenharia.org.br\/site\/#organization\"},\"potentialAction\":[{\"@type\":\"SearchAction\",\"target\":{\"@type\":\"EntryPoint\",\"urlTemplate\":\"https:\/\/www.institutodeengenharia.org.br\/site\/?s={search_term_string}\"},\"query-input\":{\"@type\":\"PropertyValueSpecification\",\"valueRequired\":true,\"valueName\":\"search_term_string\"}}],\"inLanguage\":\"pt-BR\"},{\"@type\":\"Organization\",\"@id\":\"https:\/\/www.institutodeengenharia.org.br\/site\/#organization\",\"name\":\"Instituto de Engenharia\",\"url\":\"https:\/\/www.institutodeengenharia.org.br\/site\/\",\"logo\":{\"@type\":\"ImageObject\",\"inLanguage\":\"pt-BR\",\"@id\":\"https:\/\/www.institutodeengenharia.org.br\/site\/#\/schema\/logo\/image\/\",\"url\":\"https:\/\/www.institutodeengenharia.org.br\/site\/wp-content\/uploads\/2019\/03\/logo-novo-IE2018-1.jpg\",\"contentUrl\":\"https:\/\/www.institutodeengenharia.org.br\/site\/wp-content\/uploads\/2019\/03\/logo-novo-IE2018-1.jpg\",\"width\":1486,\"height\":1879,\"caption\":\"Instituto de Engenharia\"},\"image\":{\"@id\":\"https:\/\/www.institutodeengenharia.org.br\/site\/#\/schema\/logo\/image\/\"},\"sameAs\":[\"https:\/\/www.facebook.com\/institutodeengenharia\",\"https:\/\/x.com\/iengenharia\",\"https:\/\/www.instagram.com\/institutodeengenharia\/\",\"https:\/\/www.linkedin.com\/company\/instituto-de-engenharia\/\",\"https:\/\/www.youtube.com\/channel\/UCXiCAlsSMe977vamW915HxA\"]},{\"@type\":\"Person\",\"@id\":\"https:\/\/www.institutodeengenharia.org.br\/site\/#\/schema\/person\/aeb64951c405e100d26d30b033dd423f\",\"name\":\"Bianca\",\"image\":{\"@type\":\"ImageObject\",\"inLanguage\":\"pt-BR\",\"@id\":\"https:\/\/secure.gravatar.com\/avatar\/a6fbe9bff57405baf4c1e2c5c1811e072b558253974a9f9508f4678900c97c2a?s=96&d=mm&r=g\",\"url\":\"https:\/\/secure.gravatar.com\/avatar\/a6fbe9bff57405baf4c1e2c5c1811e072b558253974a9f9508f4678900c97c2a?s=96&d=mm&r=g\",\"contentUrl\":\"https:\/\/secure.gravatar.com\/avatar\/a6fbe9bff57405baf4c1e2c5c1811e072b558253974a9f9508f4678900c97c2a?s=96&d=mm&r=g\",\"caption\":\"Bianca\"},\"url\":\"https:\/\/www.institutodeengenharia.org.br\/site\/author\/comunicacao1\/\"}]}<\/script>\n<!-- \/ Yoast SEO plugin. -->","yoast_head_json":{"title":"Os problemas de drenagem em obras lineares - Instituto de Engenharia","robots":{"index":"index","follow":"follow","max-snippet":"max-snippet:-1","max-image-preview":"max-image-preview:large","max-video-preview":"max-video-preview:-1"},"canonical":"https:\/\/www.institutodeengenharia.org.br\/site\/2021\/02\/25\/os-problemas-de-drenagem-em-obras-lineares\/","og_locale":"pt_BR","og_type":"article","og_title":"Os problemas de drenagem em obras lineares","og_description":"Assista \u00e0 grava\u00e7\u00e3o","og_url":"https:\/\/www.institutodeengenharia.org.br\/site\/2021\/02\/25\/os-problemas-de-drenagem-em-obras-lineares\/","og_site_name":"Instituto de Engenharia","article_publisher":"https:\/\/www.facebook.com\/institutodeengenharia","article_published_time":"2021-02-25T21:00:28+00:00","article_modified_time":"2021-05-28T17:21:24+00:00","og_image":[{"width":1280,"height":853,"url":"https:\/\/www.institutodeengenharia.org.br\/site\/wp-content\/uploads\/2019\/08\/tv_engenharia.jpg","type":"image\/jpeg"}],"author":"Bianca","twitter_card":"summary_large_image","twitter_title":"Os problemas de drenagem em obras lineares","twitter_description":"Assista \u00e0 grava\u00e7\u00e3o","twitter_image":"https:\/\/www.institutodeengenharia.org.br\/site\/wp-content\/uploads\/2019\/08\/tv_engenharia.jpg","twitter_creator":"@iengenharia","twitter_site":"@iengenharia","twitter_misc":{"Escrito por":"Bianca","Est. tempo de leitura":"3 minutos"},"schema":{"@context":"https:\/\/schema.org","@graph":[{"@type":"Article","@id":"https:\/\/www.institutodeengenharia.org.br\/site\/2021\/02\/25\/os-problemas-de-drenagem-em-obras-lineares\/#article","isPartOf":{"@id":"https:\/\/www.institutodeengenharia.org.br\/site\/2021\/02\/25\/os-problemas-de-drenagem-em-obras-lineares\/"},"author":{"name":"Bianca","@id":"https:\/\/www.institutodeengenharia.org.br\/site\/#\/schema\/person\/aeb64951c405e100d26d30b033dd423f"},"headline":"Os problemas de drenagem em obras lineares","datePublished":"2021-02-25T21:00:28+00:00","dateModified":"2021-05-28T17:21:24+00:00","mainEntityOfPage":{"@id":"https:\/\/www.institutodeengenharia.org.br\/site\/2021\/02\/25\/os-problemas-de-drenagem-em-obras-lineares\/"},"wordCount":321,"commentCount":0,"publisher":{"@id":"https:\/\/www.institutodeengenharia.org.br\/site\/#organization"},"image":{"@id":"https:\/\/www.institutodeengenharia.org.br\/site\/2021\/02\/25\/os-problemas-de-drenagem-em-obras-lineares\/#primaryimage"},"thumbnailUrl":"https:\/\/www.institutodeengenharia.org.br\/site\/wp-content\/uploads\/2021\/02\/alagamento-e1613397451373.jpg","articleSection":["Departamento Desenvolvimento de Projetos e Servi\u00e7os de Infraestrutura","Divis\u00e3o T\u00e9cnica Estruturas e Controle Tecnol\u00f3gico","Nova TV Engenharia","Palestra"],"inLanguage":"pt-BR","potentialAction":[{"@type":"CommentAction","name":"Comment","target":["https:\/\/www.institutodeengenharia.org.br\/site\/2021\/02\/25\/os-problemas-de-drenagem-em-obras-lineares\/#respond"]}]},{"@type":"WebPage","@id":"https:\/\/www.institutodeengenharia.org.br\/site\/2021\/02\/25\/os-problemas-de-drenagem-em-obras-lineares\/","url":"https:\/\/www.institutodeengenharia.org.br\/site\/2021\/02\/25\/os-problemas-de-drenagem-em-obras-lineares\/","name":"Os problemas de drenagem em obras lineares - Instituto de Engenharia","isPartOf":{"@id":"https:\/\/www.institutodeengenharia.org.br\/site\/#website"},"primaryImageOfPage":{"@id":"https:\/\/www.institutodeengenharia.org.br\/site\/2021\/02\/25\/os-problemas-de-drenagem-em-obras-lineares\/#primaryimage"},"image":{"@id":"https:\/\/www.institutodeengenharia.org.br\/site\/2021\/02\/25\/os-problemas-de-drenagem-em-obras-lineares\/#primaryimage"},"thumbnailUrl":"https:\/\/www.institutodeengenharia.org.br\/site\/wp-content\/uploads\/2021\/02\/alagamento-e1613397451373.jpg","datePublished":"2021-02-25T21:00:28+00:00","dateModified":"2021-05-28T17:21:24+00:00","breadcrumb":{"@id":"https:\/\/www.institutodeengenharia.org.br\/site\/2021\/02\/25\/os-problemas-de-drenagem-em-obras-lineares\/#breadcrumb"},"inLanguage":"pt-BR","potentialAction":[{"@type":"ReadAction","target":["https:\/\/www.institutodeengenharia.org.br\/site\/2021\/02\/25\/os-problemas-de-drenagem-em-obras-lineares\/"]}]},{"@type":"ImageObject","inLanguage":"pt-BR","@id":"https:\/\/www.institutodeengenharia.org.br\/site\/2021\/02\/25\/os-problemas-de-drenagem-em-obras-lineares\/#primaryimage","url":"https:\/\/www.institutodeengenharia.org.br\/site\/wp-content\/uploads\/2021\/02\/alagamento-e1613397451373.jpg","contentUrl":"https:\/\/www.institutodeengenharia.org.br\/site\/wp-content\/uploads\/2021\/02\/alagamento-e1613397451373.jpg","width":798,"height":536},{"@type":"BreadcrumbList","@id":"https:\/\/www.institutodeengenharia.org.br\/site\/2021\/02\/25\/os-problemas-de-drenagem-em-obras-lineares\/#breadcrumb","itemListElement":[{"@type":"ListItem","position":1,"name":"In\u00edcio","item":"https:\/\/www.institutodeengenharia.org.br\/site\/"},{"@type":"ListItem","position":2,"name":"Os problemas de drenagem em obras lineares"}]},{"@type":"WebSite","@id":"https:\/\/www.institutodeengenharia.org.br\/site\/#website","url":"https:\/\/www.institutodeengenharia.org.br\/site\/","name":"Instituto de Engenharia","description":"O Instituto de Engenharia promove a Engenharia em benef\u00edcio do desenvolvimento e da qualidade de vida da sociedade.","publisher":{"@id":"https:\/\/www.institutodeengenharia.org.br\/site\/#organization"},"potentialAction":[{"@type":"SearchAction","target":{"@type":"EntryPoint","urlTemplate":"https:\/\/www.institutodeengenharia.org.br\/site\/?s={search_term_string}"},"query-input":{"@type":"PropertyValueSpecification","valueRequired":true,"valueName":"search_term_string"}}],"inLanguage":"pt-BR"},{"@type":"Organization","@id":"https:\/\/www.institutodeengenharia.org.br\/site\/#organization","name":"Instituto de Engenharia","url":"https:\/\/www.institutodeengenharia.org.br\/site\/","logo":{"@type":"ImageObject","inLanguage":"pt-BR","@id":"https:\/\/www.institutodeengenharia.org.br\/site\/#\/schema\/logo\/image\/","url":"https:\/\/www.institutodeengenharia.org.br\/site\/wp-content\/uploads\/2019\/03\/logo-novo-IE2018-1.jpg","contentUrl":"https:\/\/www.institutodeengenharia.org.br\/site\/wp-content\/uploads\/2019\/03\/logo-novo-IE2018-1.jpg","width":1486,"height":1879,"caption":"Instituto de Engenharia"},"image":{"@id":"https:\/\/www.institutodeengenharia.org.br\/site\/#\/schema\/logo\/image\/"},"sameAs":["https:\/\/www.facebook.com\/institutodeengenharia","https:\/\/x.com\/iengenharia","https:\/\/www.instagram.com\/institutodeengenharia\/","https:\/\/www.linkedin.com\/company\/instituto-de-engenharia\/","https:\/\/www.youtube.com\/channel\/UCXiCAlsSMe977vamW915HxA"]},{"@type":"Person","@id":"https:\/\/www.institutodeengenharia.org.br\/site\/#\/schema\/person\/aeb64951c405e100d26d30b033dd423f","name":"Bianca","image":{"@type":"ImageObject","inLanguage":"pt-BR","@id":"https:\/\/secure.gravatar.com\/avatar\/a6fbe9bff57405baf4c1e2c5c1811e072b558253974a9f9508f4678900c97c2a?s=96&d=mm&r=g","url":"https:\/\/secure.gravatar.com\/avatar\/a6fbe9bff57405baf4c1e2c5c1811e072b558253974a9f9508f4678900c97c2a?s=96&d=mm&r=g","contentUrl":"https:\/\/secure.gravatar.com\/avatar\/a6fbe9bff57405baf4c1e2c5c1811e072b558253974a9f9508f4678900c97c2a?s=96&d=mm&r=g","caption":"Bianca"},"url":"https:\/\/www.institutodeengenharia.org.br\/site\/author\/comunicacao1\/"}]}},"_links":{"self":[{"href":"https:\/\/www.institutodeengenharia.org.br\/site\/wp-json\/wp\/v2\/posts\/78106","targetHints":{"allow":["GET"]}}],"collection":[{"href":"https:\/\/www.institutodeengenharia.org.br\/site\/wp-json\/wp\/v2\/posts"}],"about":[{"href":"https:\/\/www.institutodeengenharia.org.br\/site\/wp-json\/wp\/v2\/types\/post"}],"author":[{"embeddable":true,"href":"https:\/\/www.institutodeengenharia.org.br\/site\/wp-json\/wp\/v2\/users\/13"}],"replies":[{"embeddable":true,"href":"https:\/\/www.institutodeengenharia.org.br\/site\/wp-json\/wp\/v2\/comments?post=78106"}],"version-history":[{"count":1,"href":"https:\/\/www.institutodeengenharia.org.br\/site\/wp-json\/wp\/v2\/posts\/78106\/revisions"}],"predecessor-version":[{"id":78107,"href":"https:\/\/www.institutodeengenharia.org.br\/site\/wp-json\/wp\/v2\/posts\/78106\/revisions\/78107"}],"wp:featuredmedia":[{"embeddable":true,"href":"https:\/\/www.institutodeengenharia.org.br\/site\/wp-json\/wp\/v2\/media\/77643"}],"wp:attachment":[{"href":"https:\/\/www.institutodeengenharia.org.br\/site\/wp-json\/wp\/v2\/media?parent=78106"}],"wp:term":[{"taxonomy":"category","embeddable":true,"href":"https:\/\/www.institutodeengenharia.org.br\/site\/wp-json\/wp\/v2\/categories?post=78106"},{"taxonomy":"post_tag","embeddable":true,"href":"https:\/\/www.institutodeengenharia.org.br\/site\/wp-json\/wp\/v2\/tags?post=78106"}],"curies":[{"name":"wp","href":"https:\/\/api.w.org\/{rel}","templated":true}]}}