{"id":77813,"date":"2021-02-11T19:00:29","date_gmt":"2021-02-11T22:00:29","guid":{"rendered":"https:\/\/www.institutodeengenharia.org.br\/site\/?p=77813"},"modified":"2022-03-08T14:04:13","modified_gmt":"2022-03-08T17:04:13","slug":"trilhando-carreira-no-mundo-de-facilities-e-ti-inspirar-oportunidades-na-area-fm","status":"publish","type":"post","link":"https:\/\/www.institutodeengenharia.org.br\/site\/2021\/02\/11\/trilhando-carreira-no-mundo-de-facilities-e-ti-inspirar-oportunidades-na-area-fm\/","title":{"rendered":"Trilhando Carreira no Mundo de Facilities e TI \u2013 Inspirar oportunidades na \u00e1rea FM"},"content":{"rendered":"<p><strong>Assista abaixo \u00e0 grava\u00e7\u00e3o:<\/strong><\/p>\n<p><iframe loading=\"lazy\" src=\"https:\/\/player.vimeo.com\/video\/511536372\" width=\"640\" height=\"564\" frameborder=\"0\" allowfullscreen=\"allowfullscreen\"><\/iframe><\/p>\n<p>&nbsp;<\/p>\n<p><strong>+ Informa\u00e7\u00f5es:<\/strong><\/p>\n<p><strong>Abordagem:<\/strong><\/p>\n<p>Fazer uma abordagem pr\u00e1tica para mulheres engenheiras e na \u00e1rea de automa\u00e7\u00e3o (TI) que atuam ou queiram atuar na \u00e1rea de Facility Management (FM) com intuito de apresentar os servi\u00e7os de engenharia e TI voltados para crescimento na carreira.<\/p>\n<p>Realizar um painel com participa\u00e7\u00e3o de engenheiras que tenham o papel em gest\u00e3o em facilites e automa\u00e7\u00e3o apresentando a Sodexo e suas oportunidades de desenvolvimento de carreira e o equil\u00edbrio de g\u00eanero, gest\u00e3o de equipe de manuten\u00e7\u00e3o e automa\u00e7\u00e3o.<br \/>\nDivulgar como as engenheiras podem buscar canais de comunica\u00e7\u00e3o: informa\u00e7\u00f5es, vagas, acesso ao RH da Sodexo.<\/p>\n<p>SoTogether FM Hub \u00e9 um bra\u00e7o do Comit\u00ea de Lideran\u00e7a Feminina que exerce influ\u00eancia no network em g\u00eanero existente em Facility Management (FM), onde s\u00e3o realizadas reuni\u00f5es com a\u00e7\u00f5es direcionadas ao eixo de atra\u00e7\u00e3o de talentos femininos, criando assim o \u201cFM hubs\u201d nas Regi\u00f5es como parte desse Comit\u00ea. A participa\u00e7\u00e3o \u00e9 aberta. As representantes do Brasil no Global s\u00e3o: Stella Botto com apoio de Lilian Rauld, as quais comp\u00f5em um vi\u00e9s do grupo de diversidade e inclus\u00e3o, de mulheres na lideran\u00e7a, focadas em carreira de gest\u00e3o de manuten\u00e7\u00e3o.<\/p>\n<p>Tem por objetivo:<\/p>\n<ul>\n<li>Atrair talentos femininos nas fun\u00e7\u00f5es de lideran\u00e7a em FM;<\/li>\n<li>Desenvolver os talentos femininos nas fun\u00e7\u00f5es de lideran\u00e7a em FM;<\/li>\n<li>E comunicar as oportunidades de carreira em FM.<\/li>\n<\/ul>\n<p><strong>P\u00fablico-alvo:<\/strong><\/p>\n<p>Mulheres<\/p>\n<p><strong>Palestrantes:<\/strong><\/p>\n<p><strong>Erika Risso<\/strong><\/p>\n<p>Gerente Operacional em FM (Facilities Management)<\/p>\n<p>Graduada em Engenheira Civil formada pela Faculdade de Engenharia S\u00e3o Paulo (FESP) e Tecnologia em Edif\u00edcios pela FATEC-SP, MBA em Gest\u00e3o de Projetos e Processos pela FAT. Atua como gerente Operacional em FM (Facilities Management), correspons\u00e1vel t\u00e9cnico por mais de 10.000m\u00b2 de \u00e1rea possui 22 anos de experi\u00eancia na \u00e1rea de constru\u00e7\u00e3o sendo: obras, manuten\u00e7\u00e3o, qualidade e per\u00edcias em constru\u00e7\u00e3o civil.<\/p>\n<p><strong>Cristiane Kussuki<\/strong><\/p>\n<div>Formada em Matem\u00e1tica<\/div>\n<div><\/div>\n<p>T\u00e9cnica em Processamento de Dados pelo Instituto Federal de S\u00e3o Paulo, graduada pelo Instituto de Matem\u00e1tica e Estat\u00edstica da USP, MBA em Gest\u00e3o de Projetos pelo IPT e MBA em Neuroci\u00eancia Computacional pela University of Washington. Palestrante em diversos temas, investe atualmente na educa\u00e7\u00e3o continuada dos profissionais para atualiza\u00e7\u00e3o tecnol\u00f3gica. Trabalha h\u00e1 24 anos em Tecnologia, durante 11 anos em bancos (Real, ABN Amro Bank, Grupo Santander), \u00e1rea de Utilities por dez anos Comg\u00e1s (Shell \/ Cosan), Empreendedorismo Social \/ Singularity University (San Francisco\/CA), Accenture Digital (Santander, Banco PAN, TIM) e Sodexo.<\/p>\n<p><strong>Moderadores:<\/strong><\/p>\n<p><strong>Stella Botto<\/strong><\/p>\n<p><strong>Lilian Rauld<\/strong><\/p>\n<p>L\u00edder de Diversidade &amp; Inclus\u00e3o na Sodexo On-Site<\/p>\n<p>L\u00edder de Diversidade &amp; Inclus\u00e3o na Sodexo On-Site. Expatriada do Chile para o Brasil em 2013, trabalhou em grandes companhias multinacionais na Espanha, nos Estados Unidos e no Chile. Cientista Pol\u00edtico, Jornalista. Especializa\u00e7\u00e3o em Gest\u00e3o Estrat\u00e9gica e Econ\u00f3mica de Recursos Humanos, FGV. MBA de Comunica\u00e7\u00e3o Estrat\u00e9gica no Chile e Marketing na Espanha.\u200b Co-autora do livro \u00ab Inser\u00e7\u00e3o do Talento e da For\u00e7a de trabalho de Profissionais Refugiados nas Organiza\u00e7\u00f5es Brasileiras \u00bb, lan\u00e7ado no CONARH 2019.<\/p>\n<p><strong>Apoio Institucional:<\/strong><\/p>\n<p><img loading=\"lazy\" decoding=\"async\" class=\"alignnone size-full wp-image-34556\" src=\"https:\/\/www.institutodeengenharia.org.br\/site\/wp-content\/uploads\/2018\/04\/CREA-SP_vertical.jpg\" alt=\"\" width=\"150\" height=\"106\" srcset=\"https:\/\/www.institutodeengenharia.org.br\/site\/wp-content\/uploads\/2018\/04\/CREA-SP_vertical.jpg 150w, https:\/\/www.institutodeengenharia.org.br\/site\/wp-content\/uploads\/2018\/04\/CREA-SP_vertical-100x70.jpg 100w\" sizes=\"auto, (max-width: 150px) 100vw, 150px\" \/><\/p>\n<p><strong>Realiza\u00e7\u00e3o:<\/strong><\/p>\n<p><strong>Eng. Jer\u00f4nimo Cabral Pereira Fagundes Neto<\/strong> \u2013 Vice-Presidente de Atividades T\u00e9cnicas<br \/>\n<strong>Eng.\u00aa Flavia Bartkevicius Cruz<\/strong> \u2013 Diretora do Departamento de Tecnologia e Ci\u00eancias Exatas<br \/>\n<strong>COMET<\/strong> \u2013 Comit\u00ea das Mulheres na Engenharia e Tecnologia<\/p>\n","protected":false},"excerpt":{"rendered":"<p>Assista abaixo \u00e0 grava\u00e7\u00e3o: &nbsp; + Informa\u00e7\u00f5es: Abordagem: Fazer uma abordagem pr\u00e1tica para mulheres engenheiras e na \u00e1rea de automa\u00e7\u00e3o (TI) que atuam ou queiram atuar na \u00e1rea de Facility Management (FM) com intuito de apresentar os servi\u00e7os de engenharia e TI voltados para crescimento na carreira. Realizar um painel com participa\u00e7\u00e3o de engenheiras que [&hellip;]<\/p>\n","protected":false},"author":13,"featured_media":74688,"comment_status":"open","ping_status":"open","sticky":false,"template":"","format":"standard","meta":{"footnotes":""},"categories":[16,968,969],"tags":[],"class_list":{"0":"post-77813","1":"post","2":"type-post","3":"status-publish","4":"format-standard","5":"has-post-thumbnail","7":"category-departamento-desenvolvimento-de-tecnologia-industria-energia-e-telecomunicacoes","8":"category-nova-tv-engenharia","9":"category-palestra"},"yoast_head":"<!-- This site is optimized with the Yoast SEO plugin v27.2 - https:\/\/yoast.com\/product\/yoast-seo-wordpress\/ -->\n<title>Trilhando Carreira no Mundo de Facilities e TI \u2013 Inspirar oportunidades na \u00e1rea FM - Instituto de Engenharia<\/title>\n<meta name=\"robots\" content=\"index, follow, max-snippet:-1, max-image-preview:large, max-video-preview:-1\" \/>\n<link rel=\"canonical\" href=\"https:\/\/www.institutodeengenharia.org.br\/site\/2021\/02\/11\/trilhando-carreira-no-mundo-de-facilities-e-ti-inspirar-oportunidades-na-area-fm\/\" \/>\n<meta property=\"og:locale\" content=\"pt_BR\" \/>\n<meta property=\"og:type\" content=\"article\" \/>\n<meta property=\"og:title\" content=\"Trilhando Carreira no Mundo de Facilities e TI \u2013 Inspirar oportunidades na \u00e1rea FM\" \/>\n<meta property=\"og:description\" content=\"Assista \u00e0 grava\u00e7\u00e3o\" \/>\n<meta property=\"og:url\" content=\"https:\/\/www.institutodeengenharia.org.br\/site\/2021\/02\/11\/trilhando-carreira-no-mundo-de-facilities-e-ti-inspirar-oportunidades-na-area-fm\/\" \/>\n<meta property=\"og:site_name\" content=\"Instituto de Engenharia\" \/>\n<meta property=\"article:publisher\" content=\"https:\/\/www.facebook.com\/institutodeengenharia\" \/>\n<meta property=\"article:published_time\" content=\"2021-02-11T22:00:29+00:00\" \/>\n<meta property=\"article:modified_time\" content=\"2022-03-08T17:04:13+00:00\" \/>\n<meta property=\"og:image\" content=\"https:\/\/www.institutodeengenharia.org.br\/site\/wp-content\/uploads\/2021\/02\/Facilities-dia-da-mulher-e1612464718489.jpg\" \/>\n\t<meta property=\"og:image:width\" content=\"1354\" \/>\n\t<meta property=\"og:image:height\" content=\"763\" \/>\n\t<meta property=\"og:image:type\" content=\"image\/jpeg\" \/>\n<meta name=\"author\" content=\"Bianca\" \/>\n<meta name=\"twitter:card\" content=\"summary_large_image\" \/>\n<meta name=\"twitter:title\" content=\"Trilhando Carreira no Mundo de Facilities e TI \u2013 Inspirar oportunidades na \u00e1rea FM\" \/>\n<meta name=\"twitter:description\" content=\"Assista \u00e0 grava\u00e7\u00e3o\" \/>\n<meta name=\"twitter:image\" content=\"https:\/\/www.institutodeengenharia.org.br\/site\/wp-content\/uploads\/2021\/02\/Facilities-dia-da-mulher-e1612464718489.jpg\" \/>\n<meta name=\"twitter:creator\" content=\"@iengenharia\" \/>\n<meta name=\"twitter:site\" content=\"@iengenharia\" \/>\n<meta name=\"twitter:label1\" content=\"Escrito por\" \/>\n\t<meta name=\"twitter:data1\" content=\"Bianca\" \/>\n\t<meta name=\"twitter:label2\" content=\"Est. tempo de leitura\" \/>\n\t<meta name=\"twitter:data2\" content=\"3 minutos\" \/>\n<script type=\"application\/ld+json\" class=\"yoast-schema-graph\">{\"@context\":\"https:\/\/schema.org\",\"@graph\":[{\"@type\":\"Article\",\"@id\":\"https:\/\/www.institutodeengenharia.org.br\/site\/2021\/02\/11\/trilhando-carreira-no-mundo-de-facilities-e-ti-inspirar-oportunidades-na-area-fm\/#article\",\"isPartOf\":{\"@id\":\"https:\/\/www.institutodeengenharia.org.br\/site\/2021\/02\/11\/trilhando-carreira-no-mundo-de-facilities-e-ti-inspirar-oportunidades-na-area-fm\/\"},\"author\":{\"name\":\"Bianca\",\"@id\":\"https:\/\/www.institutodeengenharia.org.br\/site\/#\/schema\/person\/aeb64951c405e100d26d30b033dd423f\"},\"headline\":\"Trilhando Carreira no Mundo de Facilities e TI \u2013 Inspirar oportunidades na \u00e1rea FM\",\"datePublished\":\"2021-02-11T22:00:29+00:00\",\"dateModified\":\"2022-03-08T17:04:13+00:00\",\"mainEntityOfPage\":{\"@id\":\"https:\/\/www.institutodeengenharia.org.br\/site\/2021\/02\/11\/trilhando-carreira-no-mundo-de-facilities-e-ti-inspirar-oportunidades-na-area-fm\/\"},\"wordCount\":588,\"commentCount\":0,\"publisher\":{\"@id\":\"https:\/\/www.institutodeengenharia.org.br\/site\/#organization\"},\"image\":{\"@id\":\"https:\/\/www.institutodeengenharia.org.br\/site\/2021\/02\/11\/trilhando-carreira-no-mundo-de-facilities-e-ti-inspirar-oportunidades-na-area-fm\/#primaryimage\"},\"thumbnailUrl\":\"https:\/\/www.institutodeengenharia.org.br\/site\/wp-content\/uploads\/2021\/02\/Facilities-dia-da-mulher-e1612464718489.jpg\",\"articleSection\":[\"Departamento de Desenvolvimento de Tecnologia, Ind\u00fastria, Energia e Telecomunica\u00e7\u00f5es\",\"Nova TV Engenharia\",\"Palestra\"],\"inLanguage\":\"pt-BR\",\"potentialAction\":[{\"@type\":\"CommentAction\",\"name\":\"Comment\",\"target\":[\"https:\/\/www.institutodeengenharia.org.br\/site\/2021\/02\/11\/trilhando-carreira-no-mundo-de-facilities-e-ti-inspirar-oportunidades-na-area-fm\/#respond\"]}]},{\"@type\":\"WebPage\",\"@id\":\"https:\/\/www.institutodeengenharia.org.br\/site\/2021\/02\/11\/trilhando-carreira-no-mundo-de-facilities-e-ti-inspirar-oportunidades-na-area-fm\/\",\"url\":\"https:\/\/www.institutodeengenharia.org.br\/site\/2021\/02\/11\/trilhando-carreira-no-mundo-de-facilities-e-ti-inspirar-oportunidades-na-area-fm\/\",\"name\":\"Trilhando Carreira no Mundo de Facilities e TI \u2013 Inspirar oportunidades na \u00e1rea FM - Instituto de Engenharia\",\"isPartOf\":{\"@id\":\"https:\/\/www.institutodeengenharia.org.br\/site\/#website\"},\"primaryImageOfPage\":{\"@id\":\"https:\/\/www.institutodeengenharia.org.br\/site\/2021\/02\/11\/trilhando-carreira-no-mundo-de-facilities-e-ti-inspirar-oportunidades-na-area-fm\/#primaryimage\"},\"image\":{\"@id\":\"https:\/\/www.institutodeengenharia.org.br\/site\/2021\/02\/11\/trilhando-carreira-no-mundo-de-facilities-e-ti-inspirar-oportunidades-na-area-fm\/#primaryimage\"},\"thumbnailUrl\":\"https:\/\/www.institutodeengenharia.org.br\/site\/wp-content\/uploads\/2021\/02\/Facilities-dia-da-mulher-e1612464718489.jpg\",\"datePublished\":\"2021-02-11T22:00:29+00:00\",\"dateModified\":\"2022-03-08T17:04:13+00:00\",\"breadcrumb\":{\"@id\":\"https:\/\/www.institutodeengenharia.org.br\/site\/2021\/02\/11\/trilhando-carreira-no-mundo-de-facilities-e-ti-inspirar-oportunidades-na-area-fm\/#breadcrumb\"},\"inLanguage\":\"pt-BR\",\"potentialAction\":[{\"@type\":\"ReadAction\",\"target\":[\"https:\/\/www.institutodeengenharia.org.br\/site\/2021\/02\/11\/trilhando-carreira-no-mundo-de-facilities-e-ti-inspirar-oportunidades-na-area-fm\/\"]}]},{\"@type\":\"ImageObject\",\"inLanguage\":\"pt-BR\",\"@id\":\"https:\/\/www.institutodeengenharia.org.br\/site\/2021\/02\/11\/trilhando-carreira-no-mundo-de-facilities-e-ti-inspirar-oportunidades-na-area-fm\/#primaryimage\",\"url\":\"https:\/\/www.institutodeengenharia.org.br\/site\/wp-content\/uploads\/2021\/02\/Facilities-dia-da-mulher-e1612464718489.jpg\",\"contentUrl\":\"https:\/\/www.institutodeengenharia.org.br\/site\/wp-content\/uploads\/2021\/02\/Facilities-dia-da-mulher-e1612464718489.jpg\",\"width\":1354,\"height\":763},{\"@type\":\"BreadcrumbList\",\"@id\":\"https:\/\/www.institutodeengenharia.org.br\/site\/2021\/02\/11\/trilhando-carreira-no-mundo-de-facilities-e-ti-inspirar-oportunidades-na-area-fm\/#breadcrumb\",\"itemListElement\":[{\"@type\":\"ListItem\",\"position\":1,\"name\":\"In\u00edcio\",\"item\":\"https:\/\/www.institutodeengenharia.org.br\/site\/\"},{\"@type\":\"ListItem\",\"position\":2,\"name\":\"Trilhando Carreira no Mundo de Facilities e TI \u2013 Inspirar oportunidades na \u00e1rea FM\"}]},{\"@type\":\"WebSite\",\"@id\":\"https:\/\/www.institutodeengenharia.org.br\/site\/#website\",\"url\":\"https:\/\/www.institutodeengenharia.org.br\/site\/\",\"name\":\"Instituto de Engenharia\",\"description\":\"O Instituto de Engenharia promove a Engenharia em benef\u00edcio do desenvolvimento e da qualidade de vida da sociedade.\",\"publisher\":{\"@id\":\"https:\/\/www.institutodeengenharia.org.br\/site\/#organization\"},\"potentialAction\":[{\"@type\":\"SearchAction\",\"target\":{\"@type\":\"EntryPoint\",\"urlTemplate\":\"https:\/\/www.institutodeengenharia.org.br\/site\/?s={search_term_string}\"},\"query-input\":{\"@type\":\"PropertyValueSpecification\",\"valueRequired\":true,\"valueName\":\"search_term_string\"}}],\"inLanguage\":\"pt-BR\"},{\"@type\":\"Organization\",\"@id\":\"https:\/\/www.institutodeengenharia.org.br\/site\/#organization\",\"name\":\"Instituto de Engenharia\",\"url\":\"https:\/\/www.institutodeengenharia.org.br\/site\/\",\"logo\":{\"@type\":\"ImageObject\",\"inLanguage\":\"pt-BR\",\"@id\":\"https:\/\/www.institutodeengenharia.org.br\/site\/#\/schema\/logo\/image\/\",\"url\":\"https:\/\/www.institutodeengenharia.org.br\/site\/wp-content\/uploads\/2019\/03\/logo-novo-IE2018-1.jpg\",\"contentUrl\":\"https:\/\/www.institutodeengenharia.org.br\/site\/wp-content\/uploads\/2019\/03\/logo-novo-IE2018-1.jpg\",\"width\":1486,\"height\":1879,\"caption\":\"Instituto de Engenharia\"},\"image\":{\"@id\":\"https:\/\/www.institutodeengenharia.org.br\/site\/#\/schema\/logo\/image\/\"},\"sameAs\":[\"https:\/\/www.facebook.com\/institutodeengenharia\",\"https:\/\/x.com\/iengenharia\",\"https:\/\/www.instagram.com\/institutodeengenharia\/\",\"https:\/\/www.linkedin.com\/company\/instituto-de-engenharia\/\",\"https:\/\/www.youtube.com\/channel\/UCXiCAlsSMe977vamW915HxA\"]},{\"@type\":\"Person\",\"@id\":\"https:\/\/www.institutodeengenharia.org.br\/site\/#\/schema\/person\/aeb64951c405e100d26d30b033dd423f\",\"name\":\"Bianca\",\"image\":{\"@type\":\"ImageObject\",\"inLanguage\":\"pt-BR\",\"@id\":\"https:\/\/secure.gravatar.com\/avatar\/a6fbe9bff57405baf4c1e2c5c1811e072b558253974a9f9508f4678900c97c2a?s=96&d=mm&r=g\",\"url\":\"https:\/\/secure.gravatar.com\/avatar\/a6fbe9bff57405baf4c1e2c5c1811e072b558253974a9f9508f4678900c97c2a?s=96&d=mm&r=g\",\"contentUrl\":\"https:\/\/secure.gravatar.com\/avatar\/a6fbe9bff57405baf4c1e2c5c1811e072b558253974a9f9508f4678900c97c2a?s=96&d=mm&r=g\",\"caption\":\"Bianca\"},\"url\":\"https:\/\/www.institutodeengenharia.org.br\/site\/author\/comunicacao1\/\"}]}<\/script>\n<!-- \/ Yoast SEO plugin. -->","yoast_head_json":{"title":"Trilhando Carreira no Mundo de Facilities e TI \u2013 Inspirar oportunidades na \u00e1rea FM - Instituto de Engenharia","robots":{"index":"index","follow":"follow","max-snippet":"max-snippet:-1","max-image-preview":"max-image-preview:large","max-video-preview":"max-video-preview:-1"},"canonical":"https:\/\/www.institutodeengenharia.org.br\/site\/2021\/02\/11\/trilhando-carreira-no-mundo-de-facilities-e-ti-inspirar-oportunidades-na-area-fm\/","og_locale":"pt_BR","og_type":"article","og_title":"Trilhando Carreira no Mundo de Facilities e TI \u2013 Inspirar oportunidades na \u00e1rea FM","og_description":"Assista \u00e0 grava\u00e7\u00e3o","og_url":"https:\/\/www.institutodeengenharia.org.br\/site\/2021\/02\/11\/trilhando-carreira-no-mundo-de-facilities-e-ti-inspirar-oportunidades-na-area-fm\/","og_site_name":"Instituto de Engenharia","article_publisher":"https:\/\/www.facebook.com\/institutodeengenharia","article_published_time":"2021-02-11T22:00:29+00:00","article_modified_time":"2022-03-08T17:04:13+00:00","og_image":[{"width":1354,"height":763,"url":"https:\/\/www.institutodeengenharia.org.br\/site\/wp-content\/uploads\/2021\/02\/Facilities-dia-da-mulher-e1612464718489.jpg","type":"image\/jpeg"}],"author":"Bianca","twitter_card":"summary_large_image","twitter_title":"Trilhando Carreira no Mundo de Facilities e TI \u2013 Inspirar oportunidades na \u00e1rea FM","twitter_description":"Assista \u00e0 grava\u00e7\u00e3o","twitter_image":"https:\/\/www.institutodeengenharia.org.br\/site\/wp-content\/uploads\/2021\/02\/Facilities-dia-da-mulher-e1612464718489.jpg","twitter_creator":"@iengenharia","twitter_site":"@iengenharia","twitter_misc":{"Escrito por":"Bianca","Est. tempo de leitura":"3 minutos"},"schema":{"@context":"https:\/\/schema.org","@graph":[{"@type":"Article","@id":"https:\/\/www.institutodeengenharia.org.br\/site\/2021\/02\/11\/trilhando-carreira-no-mundo-de-facilities-e-ti-inspirar-oportunidades-na-area-fm\/#article","isPartOf":{"@id":"https:\/\/www.institutodeengenharia.org.br\/site\/2021\/02\/11\/trilhando-carreira-no-mundo-de-facilities-e-ti-inspirar-oportunidades-na-area-fm\/"},"author":{"name":"Bianca","@id":"https:\/\/www.institutodeengenharia.org.br\/site\/#\/schema\/person\/aeb64951c405e100d26d30b033dd423f"},"headline":"Trilhando Carreira no Mundo de Facilities e TI \u2013 Inspirar oportunidades na \u00e1rea FM","datePublished":"2021-02-11T22:00:29+00:00","dateModified":"2022-03-08T17:04:13+00:00","mainEntityOfPage":{"@id":"https:\/\/www.institutodeengenharia.org.br\/site\/2021\/02\/11\/trilhando-carreira-no-mundo-de-facilities-e-ti-inspirar-oportunidades-na-area-fm\/"},"wordCount":588,"commentCount":0,"publisher":{"@id":"https:\/\/www.institutodeengenharia.org.br\/site\/#organization"},"image":{"@id":"https:\/\/www.institutodeengenharia.org.br\/site\/2021\/02\/11\/trilhando-carreira-no-mundo-de-facilities-e-ti-inspirar-oportunidades-na-area-fm\/#primaryimage"},"thumbnailUrl":"https:\/\/www.institutodeengenharia.org.br\/site\/wp-content\/uploads\/2021\/02\/Facilities-dia-da-mulher-e1612464718489.jpg","articleSection":["Departamento de Desenvolvimento de Tecnologia, Ind\u00fastria, Energia e Telecomunica\u00e7\u00f5es","Nova TV Engenharia","Palestra"],"inLanguage":"pt-BR","potentialAction":[{"@type":"CommentAction","name":"Comment","target":["https:\/\/www.institutodeengenharia.org.br\/site\/2021\/02\/11\/trilhando-carreira-no-mundo-de-facilities-e-ti-inspirar-oportunidades-na-area-fm\/#respond"]}]},{"@type":"WebPage","@id":"https:\/\/www.institutodeengenharia.org.br\/site\/2021\/02\/11\/trilhando-carreira-no-mundo-de-facilities-e-ti-inspirar-oportunidades-na-area-fm\/","url":"https:\/\/www.institutodeengenharia.org.br\/site\/2021\/02\/11\/trilhando-carreira-no-mundo-de-facilities-e-ti-inspirar-oportunidades-na-area-fm\/","name":"Trilhando Carreira no Mundo de Facilities e TI \u2013 Inspirar oportunidades na \u00e1rea FM - Instituto de Engenharia","isPartOf":{"@id":"https:\/\/www.institutodeengenharia.org.br\/site\/#website"},"primaryImageOfPage":{"@id":"https:\/\/www.institutodeengenharia.org.br\/site\/2021\/02\/11\/trilhando-carreira-no-mundo-de-facilities-e-ti-inspirar-oportunidades-na-area-fm\/#primaryimage"},"image":{"@id":"https:\/\/www.institutodeengenharia.org.br\/site\/2021\/02\/11\/trilhando-carreira-no-mundo-de-facilities-e-ti-inspirar-oportunidades-na-area-fm\/#primaryimage"},"thumbnailUrl":"https:\/\/www.institutodeengenharia.org.br\/site\/wp-content\/uploads\/2021\/02\/Facilities-dia-da-mulher-e1612464718489.jpg","datePublished":"2021-02-11T22:00:29+00:00","dateModified":"2022-03-08T17:04:13+00:00","breadcrumb":{"@id":"https:\/\/www.institutodeengenharia.org.br\/site\/2021\/02\/11\/trilhando-carreira-no-mundo-de-facilities-e-ti-inspirar-oportunidades-na-area-fm\/#breadcrumb"},"inLanguage":"pt-BR","potentialAction":[{"@type":"ReadAction","target":["https:\/\/www.institutodeengenharia.org.br\/site\/2021\/02\/11\/trilhando-carreira-no-mundo-de-facilities-e-ti-inspirar-oportunidades-na-area-fm\/"]}]},{"@type":"ImageObject","inLanguage":"pt-BR","@id":"https:\/\/www.institutodeengenharia.org.br\/site\/2021\/02\/11\/trilhando-carreira-no-mundo-de-facilities-e-ti-inspirar-oportunidades-na-area-fm\/#primaryimage","url":"https:\/\/www.institutodeengenharia.org.br\/site\/wp-content\/uploads\/2021\/02\/Facilities-dia-da-mulher-e1612464718489.jpg","contentUrl":"https:\/\/www.institutodeengenharia.org.br\/site\/wp-content\/uploads\/2021\/02\/Facilities-dia-da-mulher-e1612464718489.jpg","width":1354,"height":763},{"@type":"BreadcrumbList","@id":"https:\/\/www.institutodeengenharia.org.br\/site\/2021\/02\/11\/trilhando-carreira-no-mundo-de-facilities-e-ti-inspirar-oportunidades-na-area-fm\/#breadcrumb","itemListElement":[{"@type":"ListItem","position":1,"name":"In\u00edcio","item":"https:\/\/www.institutodeengenharia.org.br\/site\/"},{"@type":"ListItem","position":2,"name":"Trilhando Carreira no Mundo de Facilities e TI \u2013 Inspirar oportunidades na \u00e1rea FM"}]},{"@type":"WebSite","@id":"https:\/\/www.institutodeengenharia.org.br\/site\/#website","url":"https:\/\/www.institutodeengenharia.org.br\/site\/","name":"Instituto de Engenharia","description":"O Instituto de Engenharia promove a Engenharia em benef\u00edcio do desenvolvimento e da qualidade de vida da sociedade.","publisher":{"@id":"https:\/\/www.institutodeengenharia.org.br\/site\/#organization"},"potentialAction":[{"@type":"SearchAction","target":{"@type":"EntryPoint","urlTemplate":"https:\/\/www.institutodeengenharia.org.br\/site\/?s={search_term_string}"},"query-input":{"@type":"PropertyValueSpecification","valueRequired":true,"valueName":"search_term_string"}}],"inLanguage":"pt-BR"},{"@type":"Organization","@id":"https:\/\/www.institutodeengenharia.org.br\/site\/#organization","name":"Instituto de Engenharia","url":"https:\/\/www.institutodeengenharia.org.br\/site\/","logo":{"@type":"ImageObject","inLanguage":"pt-BR","@id":"https:\/\/www.institutodeengenharia.org.br\/site\/#\/schema\/logo\/image\/","url":"https:\/\/www.institutodeengenharia.org.br\/site\/wp-content\/uploads\/2019\/03\/logo-novo-IE2018-1.jpg","contentUrl":"https:\/\/www.institutodeengenharia.org.br\/site\/wp-content\/uploads\/2019\/03\/logo-novo-IE2018-1.jpg","width":1486,"height":1879,"caption":"Instituto de Engenharia"},"image":{"@id":"https:\/\/www.institutodeengenharia.org.br\/site\/#\/schema\/logo\/image\/"},"sameAs":["https:\/\/www.facebook.com\/institutodeengenharia","https:\/\/x.com\/iengenharia","https:\/\/www.instagram.com\/institutodeengenharia\/","https:\/\/www.linkedin.com\/company\/instituto-de-engenharia\/","https:\/\/www.youtube.com\/channel\/UCXiCAlsSMe977vamW915HxA"]},{"@type":"Person","@id":"https:\/\/www.institutodeengenharia.org.br\/site\/#\/schema\/person\/aeb64951c405e100d26d30b033dd423f","name":"Bianca","image":{"@type":"ImageObject","inLanguage":"pt-BR","@id":"https:\/\/secure.gravatar.com\/avatar\/a6fbe9bff57405baf4c1e2c5c1811e072b558253974a9f9508f4678900c97c2a?s=96&d=mm&r=g","url":"https:\/\/secure.gravatar.com\/avatar\/a6fbe9bff57405baf4c1e2c5c1811e072b558253974a9f9508f4678900c97c2a?s=96&d=mm&r=g","contentUrl":"https:\/\/secure.gravatar.com\/avatar\/a6fbe9bff57405baf4c1e2c5c1811e072b558253974a9f9508f4678900c97c2a?s=96&d=mm&r=g","caption":"Bianca"},"url":"https:\/\/www.institutodeengenharia.org.br\/site\/author\/comunicacao1\/"}]}},"_links":{"self":[{"href":"https:\/\/www.institutodeengenharia.org.br\/site\/wp-json\/wp\/v2\/posts\/77813","targetHints":{"allow":["GET"]}}],"collection":[{"href":"https:\/\/www.institutodeengenharia.org.br\/site\/wp-json\/wp\/v2\/posts"}],"about":[{"href":"https:\/\/www.institutodeengenharia.org.br\/site\/wp-json\/wp\/v2\/types\/post"}],"author":[{"embeddable":true,"href":"https:\/\/www.institutodeengenharia.org.br\/site\/wp-json\/wp\/v2\/users\/13"}],"replies":[{"embeddable":true,"href":"https:\/\/www.institutodeengenharia.org.br\/site\/wp-json\/wp\/v2\/comments?post=77813"}],"version-history":[{"count":1,"href":"https:\/\/www.institutodeengenharia.org.br\/site\/wp-json\/wp\/v2\/posts\/77813\/revisions"}],"predecessor-version":[{"id":77814,"href":"https:\/\/www.institutodeengenharia.org.br\/site\/wp-json\/wp\/v2\/posts\/77813\/revisions\/77814"}],"wp:featuredmedia":[{"embeddable":true,"href":"https:\/\/www.institutodeengenharia.org.br\/site\/wp-json\/wp\/v2\/media\/74688"}],"wp:attachment":[{"href":"https:\/\/www.institutodeengenharia.org.br\/site\/wp-json\/wp\/v2\/media?parent=77813"}],"wp:term":[{"taxonomy":"category","embeddable":true,"href":"https:\/\/www.institutodeengenharia.org.br\/site\/wp-json\/wp\/v2\/categories?post=77813"},{"taxonomy":"post_tag","embeddable":true,"href":"https:\/\/www.institutodeengenharia.org.br\/site\/wp-json\/wp\/v2\/tags?post=77813"}],"curies":[{"name":"wp","href":"https:\/\/api.w.org\/{rel}","templated":true}]}}