{"id":74639,"date":"2021-01-19T14:08:38","date_gmt":"2021-01-19T17:08:38","guid":{"rendered":"https:\/\/www.institutodeengenharia.org.br\/site\/?p=74639"},"modified":"2021-02-02T14:09:08","modified_gmt":"2021-02-02T17:09:08","slug":"iris-integrac%cc%a7a%cc%83o-de-renovaveis-intermitentes","status":"publish","type":"post","link":"https:\/\/www.institutodeengenharia.org.br\/site\/2021\/01\/19\/iris-integrac%cc%a7a%cc%83o-de-renovaveis-intermitentes\/","title":{"rendered":"Iris-Integrac\u0327a\u0303o de renova\u0301veis intermitentes"},"content":{"rendered":"<p><strong>Assista abaixo \u00e0 grava\u00e7\u00e3o:<\/strong><\/p>\n<p><iframe loading=\"lazy\" src=\"https:\/\/player.vimeo.com\/video\/503777872\" width=\"640\" height=\"360\" frameborder=\"0\" allowfullscreen=\"allowfullscreen\"><\/iframe><\/p>\n<p><strong>Abordagem:<\/strong><\/p>\n<p>Apresenta\u00e7\u00e3o do livro pelo autor.<\/p>\n<p><strong>Livro:<\/strong><\/p>\n<p><img loading=\"lazy\" decoding=\"async\" class=\"alignnone wp-image-74183 td-animation-stack-type0-2\" src=\"https:\/\/www.institutodeengenharia.org.br\/site\/wp-content\/uploads\/2021\/01\/largepreview.png\" alt=\"\" width=\"321\" height=\"466\" srcset=\"https:\/\/www.institutodeengenharia.org.br\/site\/wp-content\/uploads\/2021\/01\/largepreview.png 850w, https:\/\/www.institutodeengenharia.org.br\/site\/wp-content\/uploads\/2021\/01\/largepreview-207x300.png 207w, https:\/\/www.institutodeengenharia.org.br\/site\/wp-content\/uploads\/2021\/01\/largepreview-705x1024.png 705w, https:\/\/www.institutodeengenharia.org.br\/site\/wp-content\/uploads\/2021\/01\/largepreview-768x1115.png 768w, https:\/\/www.institutodeengenharia.org.br\/site\/wp-content\/uploads\/2021\/01\/largepreview-696x1010.png 696w, https:\/\/www.institutodeengenharia.org.br\/site\/wp-content\/uploads\/2021\/01\/largepreview-289x420.png 289w, https:\/\/www.institutodeengenharia.org.br\/site\/wp-content\/uploads\/2021\/01\/largepreview-600x871.png 600w\" sizes=\"auto, (max-width: 321px) 100vw, 321px\" \/><\/p>\n<p><strong>P\u00fablico-alvo:<\/strong><\/p>\n<p>Engenheiros, arquitetos, t\u00e9cnicos, estudantes e demais interessados.<\/p>\n<p><strong>Palestrantes:<\/strong><\/p>\n<p><img loading=\"lazy\" decoding=\"async\" class=\"alignnone wp-image-74181 td-animation-stack-type0-2\" src=\"https:\/\/www.institutodeengenharia.org.br\/site\/wp-content\/uploads\/2021\/01\/Fernando-Amaral-de-Almeida-Prado-Junior.jpg\" alt=\"\" width=\"149\" height=\"177\" \/><\/p>\n<p><strong>Fernando Amaral de Almeida Prado J\u00fanior<\/strong><\/p>\n<p>Professor de p\u00f3s-gradua\u00e7\u00e3o da Universidade de S\u00e3o Paulo (USP)<\/p>\n<p>Bacharel em Engenharia Civil pela Unicamp, Especializa\u00e7\u00e3o em Administra\u00e7\u00e3o Cont\u00e1bil e Financeira \u2013 CEAG-FGV-SP, Mestrado e Doutorado em Planejamento de Sistemas Energ\u00e9ticos pela Universidade Estadual de Campinas e P\u00f3s-doutorado pela Universidade de S\u00e3o Paulo. Atuou na Comiss\u00e3o de Servi\u00e7os P\u00fablicos de Energia do Estado de S\u00e3o Paulo como Comiss\u00e1rio Chefe e como Visiting Scholar no Public Utility Research Center- PURC do Warrington College of Business, na University of Florida, EUA. Atua no setor de Energia El\u00e9trica, com \u00eanfase em Gera\u00e7\u00e3o Distribu\u00edda, Smart Grid, Mudan\u00e7as Clim\u00e1ticas, Reestrutura\u00e7\u00e3o Institucional, Tarifas, Avalia\u00e7\u00e3o de Risco e Regula\u00e7\u00e3o, e \u00e9 S\u00f3cio-gerente da empresa Sinerconsult \u2013 Consultoria, Treinamento e Participa\u00e7\u00f5es Ltda., coordenando Projetos de Pesquisa e Desenvolvimento no setor el\u00e9trico nacional. Publicou mais de 100 artigos em Congressos e revistas nacionais e internacionais e ou capitulo de livros.<\/p>\n<p><img loading=\"lazy\" decoding=\"async\" class=\"alignnone wp-image-74182 td-animation-stack-type0-2\" src=\"https:\/\/www.institutodeengenharia.org.br\/site\/wp-content\/uploads\/2021\/01\/Marcos-Leone-Filho.jpg\" alt=\"\" width=\"136\" height=\"185\" \/><\/p>\n<p><strong>Marcos Leone Filho<\/strong><\/p>\n<p>Diretor executivo da empresa Venidera Pesquisa e Desenvolvimento<\/p>\n<p>Bacharel em Engenharia Mec\u00e2nica pela Universidade Estadual de Campinas (Unicamp), mestrado e doutorado em Engenharia El\u00e9trica pela mesma faculdade. Atuou como pesquisador de p\u00f3s-doutorado na Universidade de Princeton (NJ, EUA) no departamento ORFE. Atualmente \u00e9 diretor executivo da empresa Venidera Pesquisa e Desenvolvimento com foco em solu\u00e7\u00f5es de pesquisa operacional e tecnologia da informa\u00e7\u00e3o para o setor el\u00e9trico brasileiro, experi\u00eancia na \u00e1rea de Engenharia El\u00e9trica, com \u00eanfase em Sistemas El\u00e9tricos de Pot\u00eancia em planejamento, controle, simula\u00e7\u00f5es din\u00e2micas e modelagem de sistemas n\u00e3o lineares.<\/p>\n<p><strong>Apoio Institucional:<\/strong><\/p>\n<p><img loading=\"lazy\" decoding=\"async\" class=\"alignnone size-full wp-image-34556 td-animation-stack-type0-2\" src=\"https:\/\/www.institutodeengenharia.org.br\/site\/wp-content\/uploads\/2018\/04\/CREA-SP_vertical.jpg\" alt=\"\" width=\"150\" height=\"106\" srcset=\"https:\/\/www.institutodeengenharia.org.br\/site\/wp-content\/uploads\/2018\/04\/CREA-SP_vertical.jpg 150w, https:\/\/www.institutodeengenharia.org.br\/site\/wp-content\/uploads\/2018\/04\/CREA-SP_vertical-100x70.jpg 100w\" sizes=\"auto, (max-width: 150px) 100vw, 150px\" \/><\/p>\n<p><strong>Realiza\u00e7\u00e3o:<\/strong><\/p>\n<p><strong>Eng. Ricardo Kenzo<\/strong>\u00a0\u2013 Vice-Presidente de Rela\u00e7\u00f5es Externas<\/p>\n","protected":false},"excerpt":{"rendered":"<p>Assista abaixo \u00e0 grava\u00e7\u00e3o: Abordagem: Apresenta\u00e7\u00e3o do livro pelo autor. Livro: P\u00fablico-alvo: Engenheiros, arquitetos, t\u00e9cnicos, estudantes e demais interessados. Palestrantes: Fernando Amaral de Almeida Prado J\u00fanior Professor de p\u00f3s-gradua\u00e7\u00e3o da Universidade de S\u00e3o Paulo (USP) Bacharel em Engenharia Civil pela Unicamp, Especializa\u00e7\u00e3o em Administra\u00e7\u00e3o Cont\u00e1bil e Financeira \u2013 CEAG-FGV-SP, Mestrado e Doutorado em Planejamento de [&hellip;]<\/p>\n","protected":false},"author":2,"featured_media":74640,"comment_status":"open","ping_status":"open","sticky":false,"template":"","format":"standard","meta":{"footnotes":""},"categories":[968,969],"tags":[],"class_list":{"0":"post-74639","1":"post","2":"type-post","3":"status-publish","4":"format-standard","5":"has-post-thumbnail","7":"category-nova-tv-engenharia","8":"category-palestra"},"yoast_head":"<!-- This site is optimized with the Yoast SEO plugin v27.2 - https:\/\/yoast.com\/product\/yoast-seo-wordpress\/ -->\n<title>Iris-Integrac\u0327a\u0303o de renova\u0301veis intermitentes - Instituto de Engenharia<\/title>\n<meta name=\"robots\" content=\"index, follow, max-snippet:-1, max-image-preview:large, max-video-preview:-1\" \/>\n<link rel=\"canonical\" href=\"https:\/\/www.institutodeengenharia.org.br\/site\/2021\/01\/19\/iris-integrac\u0327a\u0303o-de-renovaveis-intermitentes\/\" \/>\n<meta property=\"og:locale\" content=\"pt_BR\" \/>\n<meta property=\"og:type\" content=\"article\" \/>\n<meta property=\"og:title\" content=\"Iris-Integrac\u0327a\u0303o de renova\u0301veis intermitentes - Instituto de Engenharia\" \/>\n<meta property=\"og:description\" content=\"Assista abaixo \u00e0 grava\u00e7\u00e3o: Abordagem: Apresenta\u00e7\u00e3o do livro pelo autor. Livro: P\u00fablico-alvo: Engenheiros, arquitetos, t\u00e9cnicos, estudantes e demais interessados. Palestrantes: Fernando Amaral de Almeida Prado J\u00fanior Professor de p\u00f3s-gradua\u00e7\u00e3o da Universidade de S\u00e3o Paulo (USP) Bacharel em Engenharia Civil pela Unicamp, Especializa\u00e7\u00e3o em Administra\u00e7\u00e3o Cont\u00e1bil e Financeira \u2013 CEAG-FGV-SP, Mestrado e Doutorado em Planejamento de [&hellip;]\" \/>\n<meta property=\"og:url\" content=\"https:\/\/www.institutodeengenharia.org.br\/site\/2021\/01\/19\/iris-integrac\u0327a\u0303o-de-renovaveis-intermitentes\/\" \/>\n<meta property=\"og:site_name\" content=\"Instituto de Engenharia\" \/>\n<meta property=\"article:publisher\" content=\"https:\/\/www.facebook.com\/institutodeengenharia\" \/>\n<meta property=\"article:published_time\" content=\"2021-01-19T17:08:38+00:00\" \/>\n<meta property=\"article:modified_time\" content=\"2021-02-02T17:09:08+00:00\" \/>\n<meta property=\"og:image\" content=\"https:\/\/www.institutodeengenharia.org.br\/site\/wp-content\/uploads\/2021\/02\/iris-696x369-1.jpg\" \/>\n\t<meta property=\"og:image:width\" content=\"696\" \/>\n\t<meta property=\"og:image:height\" content=\"369\" \/>\n\t<meta property=\"og:image:type\" content=\"image\/jpeg\" \/>\n<meta name=\"author\" content=\"Isabel\" \/>\n<meta name=\"twitter:card\" content=\"summary_large_image\" \/>\n<meta name=\"twitter:creator\" content=\"@iengenharia\" \/>\n<meta name=\"twitter:site\" content=\"@iengenharia\" \/>\n<meta name=\"twitter:label1\" content=\"Escrito por\" \/>\n\t<meta name=\"twitter:data1\" content=\"Isabel\" \/>\n\t<meta name=\"twitter:label2\" content=\"Est. tempo de leitura\" \/>\n\t<meta name=\"twitter:data2\" content=\"2 minutos\" \/>\n<script type=\"application\/ld+json\" class=\"yoast-schema-graph\">{\"@context\":\"https:\/\/schema.org\",\"@graph\":[{\"@type\":\"Article\",\"@id\":\"https:\/\/www.institutodeengenharia.org.br\/site\/2021\/01\/19\/iris-integrac%cc%a7a%cc%83o-de-renovaveis-intermitentes\/#article\",\"isPartOf\":{\"@id\":\"https:\/\/www.institutodeengenharia.org.br\/site\/2021\/01\/19\/iris-integrac%cc%a7a%cc%83o-de-renovaveis-intermitentes\/\"},\"author\":{\"name\":\"Isabel\",\"@id\":\"https:\/\/www.institutodeengenharia.org.br\/site\/#\/schema\/person\/d1764429c217aaa88954818c8f9a3036\"},\"headline\":\"Iris-Integrac\u0327a\u0303o de renova\u0301veis intermitentes\",\"datePublished\":\"2021-01-19T17:08:38+00:00\",\"dateModified\":\"2021-02-02T17:09:08+00:00\",\"mainEntityOfPage\":{\"@id\":\"https:\/\/www.institutodeengenharia.org.br\/site\/2021\/01\/19\/iris-integrac%cc%a7a%cc%83o-de-renovaveis-intermitentes\/\"},\"wordCount\":317,\"commentCount\":0,\"publisher\":{\"@id\":\"https:\/\/www.institutodeengenharia.org.br\/site\/#organization\"},\"image\":{\"@id\":\"https:\/\/www.institutodeengenharia.org.br\/site\/2021\/01\/19\/iris-integrac%cc%a7a%cc%83o-de-renovaveis-intermitentes\/#primaryimage\"},\"thumbnailUrl\":\"https:\/\/www.institutodeengenharia.org.br\/site\/wp-content\/uploads\/2021\/02\/iris-696x369-1.jpg\",\"articleSection\":[\"Nova TV Engenharia\",\"Palestra\"],\"inLanguage\":\"pt-BR\",\"potentialAction\":[{\"@type\":\"CommentAction\",\"name\":\"Comment\",\"target\":[\"https:\/\/www.institutodeengenharia.org.br\/site\/2021\/01\/19\/iris-integrac%cc%a7a%cc%83o-de-renovaveis-intermitentes\/#respond\"]}]},{\"@type\":\"WebPage\",\"@id\":\"https:\/\/www.institutodeengenharia.org.br\/site\/2021\/01\/19\/iris-integrac%cc%a7a%cc%83o-de-renovaveis-intermitentes\/\",\"url\":\"https:\/\/www.institutodeengenharia.org.br\/site\/2021\/01\/19\/iris-integrac%cc%a7a%cc%83o-de-renovaveis-intermitentes\/\",\"name\":\"Iris-Integrac\u0327a\u0303o de renova\u0301veis intermitentes - Instituto de Engenharia\",\"isPartOf\":{\"@id\":\"https:\/\/www.institutodeengenharia.org.br\/site\/#website\"},\"primaryImageOfPage\":{\"@id\":\"https:\/\/www.institutodeengenharia.org.br\/site\/2021\/01\/19\/iris-integrac%cc%a7a%cc%83o-de-renovaveis-intermitentes\/#primaryimage\"},\"image\":{\"@id\":\"https:\/\/www.institutodeengenharia.org.br\/site\/2021\/01\/19\/iris-integrac%cc%a7a%cc%83o-de-renovaveis-intermitentes\/#primaryimage\"},\"thumbnailUrl\":\"https:\/\/www.institutodeengenharia.org.br\/site\/wp-content\/uploads\/2021\/02\/iris-696x369-1.jpg\",\"datePublished\":\"2021-01-19T17:08:38+00:00\",\"dateModified\":\"2021-02-02T17:09:08+00:00\",\"breadcrumb\":{\"@id\":\"https:\/\/www.institutodeengenharia.org.br\/site\/2021\/01\/19\/iris-integrac%cc%a7a%cc%83o-de-renovaveis-intermitentes\/#breadcrumb\"},\"inLanguage\":\"pt-BR\",\"potentialAction\":[{\"@type\":\"ReadAction\",\"target\":[\"https:\/\/www.institutodeengenharia.org.br\/site\/2021\/01\/19\/iris-integrac%cc%a7a%cc%83o-de-renovaveis-intermitentes\/\"]}]},{\"@type\":\"ImageObject\",\"inLanguage\":\"pt-BR\",\"@id\":\"https:\/\/www.institutodeengenharia.org.br\/site\/2021\/01\/19\/iris-integrac%cc%a7a%cc%83o-de-renovaveis-intermitentes\/#primaryimage\",\"url\":\"https:\/\/www.institutodeengenharia.org.br\/site\/wp-content\/uploads\/2021\/02\/iris-696x369-1.jpg\",\"contentUrl\":\"https:\/\/www.institutodeengenharia.org.br\/site\/wp-content\/uploads\/2021\/02\/iris-696x369-1.jpg\",\"width\":696,\"height\":369},{\"@type\":\"BreadcrumbList\",\"@id\":\"https:\/\/www.institutodeengenharia.org.br\/site\/2021\/01\/19\/iris-integrac%cc%a7a%cc%83o-de-renovaveis-intermitentes\/#breadcrumb\",\"itemListElement\":[{\"@type\":\"ListItem\",\"position\":1,\"name\":\"In\u00edcio\",\"item\":\"https:\/\/www.institutodeengenharia.org.br\/site\/\"},{\"@type\":\"ListItem\",\"position\":2,\"name\":\"Iris-Integrac\u0327a\u0303o de renova\u0301veis intermitentes\"}]},{\"@type\":\"WebSite\",\"@id\":\"https:\/\/www.institutodeengenharia.org.br\/site\/#website\",\"url\":\"https:\/\/www.institutodeengenharia.org.br\/site\/\",\"name\":\"Instituto de Engenharia\",\"description\":\"O Instituto de Engenharia promove a Engenharia em benef\u00edcio do desenvolvimento e da qualidade de vida da sociedade.\",\"publisher\":{\"@id\":\"https:\/\/www.institutodeengenharia.org.br\/site\/#organization\"},\"potentialAction\":[{\"@type\":\"SearchAction\",\"target\":{\"@type\":\"EntryPoint\",\"urlTemplate\":\"https:\/\/www.institutodeengenharia.org.br\/site\/?s={search_term_string}\"},\"query-input\":{\"@type\":\"PropertyValueSpecification\",\"valueRequired\":true,\"valueName\":\"search_term_string\"}}],\"inLanguage\":\"pt-BR\"},{\"@type\":\"Organization\",\"@id\":\"https:\/\/www.institutodeengenharia.org.br\/site\/#organization\",\"name\":\"Instituto de Engenharia\",\"url\":\"https:\/\/www.institutodeengenharia.org.br\/site\/\",\"logo\":{\"@type\":\"ImageObject\",\"inLanguage\":\"pt-BR\",\"@id\":\"https:\/\/www.institutodeengenharia.org.br\/site\/#\/schema\/logo\/image\/\",\"url\":\"https:\/\/www.institutodeengenharia.org.br\/site\/wp-content\/uploads\/2019\/03\/logo-novo-IE2018-1.jpg\",\"contentUrl\":\"https:\/\/www.institutodeengenharia.org.br\/site\/wp-content\/uploads\/2019\/03\/logo-novo-IE2018-1.jpg\",\"width\":1486,\"height\":1879,\"caption\":\"Instituto de Engenharia\"},\"image\":{\"@id\":\"https:\/\/www.institutodeengenharia.org.br\/site\/#\/schema\/logo\/image\/\"},\"sameAs\":[\"https:\/\/www.facebook.com\/institutodeengenharia\",\"https:\/\/x.com\/iengenharia\",\"https:\/\/www.instagram.com\/institutodeengenharia\/\",\"https:\/\/www.linkedin.com\/company\/instituto-de-engenharia\/\",\"https:\/\/www.youtube.com\/channel\/UCXiCAlsSMe977vamW915HxA\"]},{\"@type\":\"Person\",\"@id\":\"https:\/\/www.institutodeengenharia.org.br\/site\/#\/schema\/person\/d1764429c217aaa88954818c8f9a3036\",\"name\":\"Isabel\",\"image\":{\"@type\":\"ImageObject\",\"inLanguage\":\"pt-BR\",\"@id\":\"https:\/\/secure.gravatar.com\/avatar\/a91d60506c31a7cb05e69a21529f91908e538db3b21f58bfda4039be740fcb71?s=96&d=mm&r=g\",\"url\":\"https:\/\/secure.gravatar.com\/avatar\/a91d60506c31a7cb05e69a21529f91908e538db3b21f58bfda4039be740fcb71?s=96&d=mm&r=g\",\"contentUrl\":\"https:\/\/secure.gravatar.com\/avatar\/a91d60506c31a7cb05e69a21529f91908e538db3b21f58bfda4039be740fcb71?s=96&d=mm&r=g\",\"caption\":\"Isabel\"},\"url\":\"https:\/\/www.institutodeengenharia.org.br\/site\/author\/isabel\/\"}]}<\/script>\n<!-- \/ Yoast SEO plugin. -->","yoast_head_json":{"title":"Iris-Integrac\u0327a\u0303o de renova\u0301veis intermitentes - Instituto de Engenharia","robots":{"index":"index","follow":"follow","max-snippet":"max-snippet:-1","max-image-preview":"max-image-preview:large","max-video-preview":"max-video-preview:-1"},"canonical":"https:\/\/www.institutodeengenharia.org.br\/site\/2021\/01\/19\/iris-integrac\u0327a\u0303o-de-renovaveis-intermitentes\/","og_locale":"pt_BR","og_type":"article","og_title":"Iris-Integrac\u0327a\u0303o de renova\u0301veis intermitentes - Instituto de Engenharia","og_description":"Assista abaixo \u00e0 grava\u00e7\u00e3o: Abordagem: Apresenta\u00e7\u00e3o do livro pelo autor. Livro: P\u00fablico-alvo: Engenheiros, arquitetos, t\u00e9cnicos, estudantes e demais interessados. Palestrantes: Fernando Amaral de Almeida Prado J\u00fanior Professor de p\u00f3s-gradua\u00e7\u00e3o da Universidade de S\u00e3o Paulo (USP) Bacharel em Engenharia Civil pela Unicamp, Especializa\u00e7\u00e3o em Administra\u00e7\u00e3o Cont\u00e1bil e Financeira \u2013 CEAG-FGV-SP, Mestrado e Doutorado em Planejamento de [&hellip;]","og_url":"https:\/\/www.institutodeengenharia.org.br\/site\/2021\/01\/19\/iris-integrac\u0327a\u0303o-de-renovaveis-intermitentes\/","og_site_name":"Instituto de Engenharia","article_publisher":"https:\/\/www.facebook.com\/institutodeengenharia","article_published_time":"2021-01-19T17:08:38+00:00","article_modified_time":"2021-02-02T17:09:08+00:00","og_image":[{"width":696,"height":369,"url":"https:\/\/www.institutodeengenharia.org.br\/site\/wp-content\/uploads\/2021\/02\/iris-696x369-1.jpg","type":"image\/jpeg"}],"author":"Isabel","twitter_card":"summary_large_image","twitter_creator":"@iengenharia","twitter_site":"@iengenharia","twitter_misc":{"Escrito por":"Isabel","Est. tempo de leitura":"2 minutos"},"schema":{"@context":"https:\/\/schema.org","@graph":[{"@type":"Article","@id":"https:\/\/www.institutodeengenharia.org.br\/site\/2021\/01\/19\/iris-integrac%cc%a7a%cc%83o-de-renovaveis-intermitentes\/#article","isPartOf":{"@id":"https:\/\/www.institutodeengenharia.org.br\/site\/2021\/01\/19\/iris-integrac%cc%a7a%cc%83o-de-renovaveis-intermitentes\/"},"author":{"name":"Isabel","@id":"https:\/\/www.institutodeengenharia.org.br\/site\/#\/schema\/person\/d1764429c217aaa88954818c8f9a3036"},"headline":"Iris-Integrac\u0327a\u0303o de renova\u0301veis intermitentes","datePublished":"2021-01-19T17:08:38+00:00","dateModified":"2021-02-02T17:09:08+00:00","mainEntityOfPage":{"@id":"https:\/\/www.institutodeengenharia.org.br\/site\/2021\/01\/19\/iris-integrac%cc%a7a%cc%83o-de-renovaveis-intermitentes\/"},"wordCount":317,"commentCount":0,"publisher":{"@id":"https:\/\/www.institutodeengenharia.org.br\/site\/#organization"},"image":{"@id":"https:\/\/www.institutodeengenharia.org.br\/site\/2021\/01\/19\/iris-integrac%cc%a7a%cc%83o-de-renovaveis-intermitentes\/#primaryimage"},"thumbnailUrl":"https:\/\/www.institutodeengenharia.org.br\/site\/wp-content\/uploads\/2021\/02\/iris-696x369-1.jpg","articleSection":["Nova TV Engenharia","Palestra"],"inLanguage":"pt-BR","potentialAction":[{"@type":"CommentAction","name":"Comment","target":["https:\/\/www.institutodeengenharia.org.br\/site\/2021\/01\/19\/iris-integrac%cc%a7a%cc%83o-de-renovaveis-intermitentes\/#respond"]}]},{"@type":"WebPage","@id":"https:\/\/www.institutodeengenharia.org.br\/site\/2021\/01\/19\/iris-integrac%cc%a7a%cc%83o-de-renovaveis-intermitentes\/","url":"https:\/\/www.institutodeengenharia.org.br\/site\/2021\/01\/19\/iris-integrac%cc%a7a%cc%83o-de-renovaveis-intermitentes\/","name":"Iris-Integrac\u0327a\u0303o de renova\u0301veis intermitentes - Instituto de Engenharia","isPartOf":{"@id":"https:\/\/www.institutodeengenharia.org.br\/site\/#website"},"primaryImageOfPage":{"@id":"https:\/\/www.institutodeengenharia.org.br\/site\/2021\/01\/19\/iris-integrac%cc%a7a%cc%83o-de-renovaveis-intermitentes\/#primaryimage"},"image":{"@id":"https:\/\/www.institutodeengenharia.org.br\/site\/2021\/01\/19\/iris-integrac%cc%a7a%cc%83o-de-renovaveis-intermitentes\/#primaryimage"},"thumbnailUrl":"https:\/\/www.institutodeengenharia.org.br\/site\/wp-content\/uploads\/2021\/02\/iris-696x369-1.jpg","datePublished":"2021-01-19T17:08:38+00:00","dateModified":"2021-02-02T17:09:08+00:00","breadcrumb":{"@id":"https:\/\/www.institutodeengenharia.org.br\/site\/2021\/01\/19\/iris-integrac%cc%a7a%cc%83o-de-renovaveis-intermitentes\/#breadcrumb"},"inLanguage":"pt-BR","potentialAction":[{"@type":"ReadAction","target":["https:\/\/www.institutodeengenharia.org.br\/site\/2021\/01\/19\/iris-integrac%cc%a7a%cc%83o-de-renovaveis-intermitentes\/"]}]},{"@type":"ImageObject","inLanguage":"pt-BR","@id":"https:\/\/www.institutodeengenharia.org.br\/site\/2021\/01\/19\/iris-integrac%cc%a7a%cc%83o-de-renovaveis-intermitentes\/#primaryimage","url":"https:\/\/www.institutodeengenharia.org.br\/site\/wp-content\/uploads\/2021\/02\/iris-696x369-1.jpg","contentUrl":"https:\/\/www.institutodeengenharia.org.br\/site\/wp-content\/uploads\/2021\/02\/iris-696x369-1.jpg","width":696,"height":369},{"@type":"BreadcrumbList","@id":"https:\/\/www.institutodeengenharia.org.br\/site\/2021\/01\/19\/iris-integrac%cc%a7a%cc%83o-de-renovaveis-intermitentes\/#breadcrumb","itemListElement":[{"@type":"ListItem","position":1,"name":"In\u00edcio","item":"https:\/\/www.institutodeengenharia.org.br\/site\/"},{"@type":"ListItem","position":2,"name":"Iris-Integrac\u0327a\u0303o de renova\u0301veis intermitentes"}]},{"@type":"WebSite","@id":"https:\/\/www.institutodeengenharia.org.br\/site\/#website","url":"https:\/\/www.institutodeengenharia.org.br\/site\/","name":"Instituto de Engenharia","description":"O Instituto de Engenharia promove a Engenharia em benef\u00edcio do desenvolvimento e da qualidade de vida da sociedade.","publisher":{"@id":"https:\/\/www.institutodeengenharia.org.br\/site\/#organization"},"potentialAction":[{"@type":"SearchAction","target":{"@type":"EntryPoint","urlTemplate":"https:\/\/www.institutodeengenharia.org.br\/site\/?s={search_term_string}"},"query-input":{"@type":"PropertyValueSpecification","valueRequired":true,"valueName":"search_term_string"}}],"inLanguage":"pt-BR"},{"@type":"Organization","@id":"https:\/\/www.institutodeengenharia.org.br\/site\/#organization","name":"Instituto de Engenharia","url":"https:\/\/www.institutodeengenharia.org.br\/site\/","logo":{"@type":"ImageObject","inLanguage":"pt-BR","@id":"https:\/\/www.institutodeengenharia.org.br\/site\/#\/schema\/logo\/image\/","url":"https:\/\/www.institutodeengenharia.org.br\/site\/wp-content\/uploads\/2019\/03\/logo-novo-IE2018-1.jpg","contentUrl":"https:\/\/www.institutodeengenharia.org.br\/site\/wp-content\/uploads\/2019\/03\/logo-novo-IE2018-1.jpg","width":1486,"height":1879,"caption":"Instituto de Engenharia"},"image":{"@id":"https:\/\/www.institutodeengenharia.org.br\/site\/#\/schema\/logo\/image\/"},"sameAs":["https:\/\/www.facebook.com\/institutodeengenharia","https:\/\/x.com\/iengenharia","https:\/\/www.instagram.com\/institutodeengenharia\/","https:\/\/www.linkedin.com\/company\/instituto-de-engenharia\/","https:\/\/www.youtube.com\/channel\/UCXiCAlsSMe977vamW915HxA"]},{"@type":"Person","@id":"https:\/\/www.institutodeengenharia.org.br\/site\/#\/schema\/person\/d1764429c217aaa88954818c8f9a3036","name":"Isabel","image":{"@type":"ImageObject","inLanguage":"pt-BR","@id":"https:\/\/secure.gravatar.com\/avatar\/a91d60506c31a7cb05e69a21529f91908e538db3b21f58bfda4039be740fcb71?s=96&d=mm&r=g","url":"https:\/\/secure.gravatar.com\/avatar\/a91d60506c31a7cb05e69a21529f91908e538db3b21f58bfda4039be740fcb71?s=96&d=mm&r=g","contentUrl":"https:\/\/secure.gravatar.com\/avatar\/a91d60506c31a7cb05e69a21529f91908e538db3b21f58bfda4039be740fcb71?s=96&d=mm&r=g","caption":"Isabel"},"url":"https:\/\/www.institutodeengenharia.org.br\/site\/author\/isabel\/"}]}},"_links":{"self":[{"href":"https:\/\/www.institutodeengenharia.org.br\/site\/wp-json\/wp\/v2\/posts\/74639","targetHints":{"allow":["GET"]}}],"collection":[{"href":"https:\/\/www.institutodeengenharia.org.br\/site\/wp-json\/wp\/v2\/posts"}],"about":[{"href":"https:\/\/www.institutodeengenharia.org.br\/site\/wp-json\/wp\/v2\/types\/post"}],"author":[{"embeddable":true,"href":"https:\/\/www.institutodeengenharia.org.br\/site\/wp-json\/wp\/v2\/users\/2"}],"replies":[{"embeddable":true,"href":"https:\/\/www.institutodeengenharia.org.br\/site\/wp-json\/wp\/v2\/comments?post=74639"}],"version-history":[{"count":1,"href":"https:\/\/www.institutodeengenharia.org.br\/site\/wp-json\/wp\/v2\/posts\/74639\/revisions"}],"predecessor-version":[{"id":74641,"href":"https:\/\/www.institutodeengenharia.org.br\/site\/wp-json\/wp\/v2\/posts\/74639\/revisions\/74641"}],"wp:featuredmedia":[{"embeddable":true,"href":"https:\/\/www.institutodeengenharia.org.br\/site\/wp-json\/wp\/v2\/media\/74640"}],"wp:attachment":[{"href":"https:\/\/www.institutodeengenharia.org.br\/site\/wp-json\/wp\/v2\/media?parent=74639"}],"wp:term":[{"taxonomy":"category","embeddable":true,"href":"https:\/\/www.institutodeengenharia.org.br\/site\/wp-json\/wp\/v2\/categories?post=74639"},{"taxonomy":"post_tag","embeddable":true,"href":"https:\/\/www.institutodeengenharia.org.br\/site\/wp-json\/wp\/v2\/tags?post=74639"}],"curies":[{"name":"wp","href":"https:\/\/api.w.org\/{rel}","templated":true}]}}