{"id":74635,"date":"2021-01-21T13:55:12","date_gmt":"2021-01-21T16:55:12","guid":{"rendered":"https:\/\/www.institutodeengenharia.org.br\/site\/?p=74635"},"modified":"2021-02-02T13:55:26","modified_gmt":"2021-02-02T16:55:26","slug":"os-desafios-das-universidades-na-pos-pandemia","status":"publish","type":"post","link":"https:\/\/www.institutodeengenharia.org.br\/site\/2021\/01\/21\/os-desafios-das-universidades-na-pos-pandemia\/","title":{"rendered":"Os desafios das universidades na p\u00f3s-pandemia"},"content":{"rendered":"<p><strong>Assista abaixo \u00e0 grava\u00e7\u00e3o:<\/strong><\/p>\n<p><iframe loading=\"lazy\" src=\"https:\/\/player.vimeo.com\/video\/504744479\" width=\"640\" height=\"564\" frameborder=\"0\" allowfullscreen=\"allowfullscreen\"><\/iframe><\/p>\n<p><strong>+ Informa\u00e7\u00f5es:<\/strong><\/p>\n<p><strong>Abordagem:<\/strong><\/p>\n<p>1. Papel das universidades de pesquisa<br \/>\n2. Atua\u00e7\u00e3o das universidades em 2020<br \/>\n3. Desafios a partir de 2021:<br \/>\n\u2022 Ensino;<br \/>\n\u2022 Pesquisa;<br \/>\n\u2022 Intera\u00e7\u00e3o com a sociedade.<\/p>\n<p><strong>P\u00fablico-alvo:<\/strong><\/p>\n<p>Engenheiros, arquitetos, t\u00e9cnicos, estudantes e demais interessados.<\/p>\n<p><strong>Palestrante:<\/strong><\/p>\n<p><img loading=\"lazy\" decoding=\"async\" class=\"alignnone wp-image-74031 td-animation-stack-type0-2\" src=\"https:\/\/www.institutodeengenharia.org.br\/site\/wp-content\/uploads\/2021\/01\/Vahan-Agopyan.jpg\" alt=\"\" width=\"172\" height=\"172\" srcset=\"https:\/\/www.institutodeengenharia.org.br\/site\/wp-content\/uploads\/2021\/01\/Vahan-Agopyan.jpg 350w, https:\/\/www.institutodeengenharia.org.br\/site\/wp-content\/uploads\/2021\/01\/Vahan-Agopyan-300x300.jpg 300w, https:\/\/www.institutodeengenharia.org.br\/site\/wp-content\/uploads\/2021\/01\/Vahan-Agopyan-150x150.jpg 150w, https:\/\/www.institutodeengenharia.org.br\/site\/wp-content\/uploads\/2021\/01\/Vahan-Agopyan-100x100.jpg 100w\" sizes=\"auto, (max-width: 172px) 100vw, 172px\" \/><\/p>\n<p><strong>Vahan Agopyan<\/strong><\/p>\n<p>Reitor da Universidade de S\u00e3o Paulo (USP)<\/p>\n<p>Engenheiro Civil pela EPUSP \u2013 Escola Polit\u00e9cnica da USP (1974). Mestre em Engenharia Urbana e de Constru\u00e7\u00f5es Civis pela mesma institui\u00e7\u00e3o (1978) e PhD (Civil Engineering) pela University of London King\u2019s College (1982). Docente da EPUSP desde 1975, sendo professor titular de Materiais e Componentes de Constru\u00e7\u00e3o Civil da EPUSP e Reitor da Universidade de S\u00e3o Paulo, na gest\u00e3o 2018-2022. Fundador e atual conselheiro do Conselho Brasileiro de Constru\u00e7\u00e3o Sustent\u00e1vel (CBCS). Foi diretor da Escola Polit\u00e9cnica da USP, pr\u00f3-reitor de P\u00f3s-Gradua\u00e7\u00e3o da USP, diretor-presidente do Instituto de Pesquisas Tecnol\u00f3gicas do Estado de S\u00e3o Paulo (IPT) e coordenador de Ci\u00eancia e Tecnologia da Secretaria de Desenvolvimento do Estado de S\u00e3o Paulo. Foi conselheiro e vice-presidente do International Council for Research and Innovation in Building and Construction (CIB), conselheiro da FAPESP, do IPT, da CAPES e do Centro Paula Souza. Orientou 22 Teses de Doutorado, 23 Disserta\u00e7\u00f5es de Mestrado e sete alunos de Inicia\u00e7\u00e3o Cient\u00edfica. Tem experi\u00eancia na \u00e1rea de Constru\u00e7\u00e3o Civil, com \u00eanfase em Materiais e Componentes, atuando principalmente com materiais refor\u00e7ados com fibras. Mais recentemente, dedica-se aos estudos da qualidade e sustentabilidade da Constru\u00e7\u00e3o Civil. \u00c9 comendador da Ordem Nacional do M\u00e9rito Cient\u00edfico, Eminente Engenheiro do Ano, Personalidade da Tecnologia e Cidad\u00e3o Paulistano. \u00c9 membro da Academia Nacional de Engenharia (ANE) e da Academia Pan-americana de Engenharia (API).<\/p>\n<p><strong>Apoio Institucional:<\/strong><\/p>\n<p><strong>\u00a0<\/strong><strong><img loading=\"lazy\" decoding=\"async\" class=\"size-full wp-image-34556 alignleft td-animation-stack-type0-2\" src=\"https:\/\/www.institutodeengenharia.org.br\/site\/wp-content\/uploads\/2018\/04\/CREA-SP_vertical.jpg\" alt=\"\" width=\"150\" height=\"106\" srcset=\"https:\/\/www.institutodeengenharia.org.br\/site\/wp-content\/uploads\/2018\/04\/CREA-SP_vertical.jpg 150w, https:\/\/www.institutodeengenharia.org.br\/site\/wp-content\/uploads\/2018\/04\/CREA-SP_vertical-100x70.jpg 100w\" sizes=\"auto, (max-width: 150px) 100vw, 150px\" \/><img loading=\"lazy\" decoding=\"async\" class=\"wp-image-71930 alignleft td-animation-stack-type0-2\" src=\"https:\/\/www.institutodeengenharia.org.br\/site\/wp-content\/uploads\/2020\/10\/IBRACON.jpg\" alt=\"\" width=\"125\" height=\"98\" \/><img loading=\"lazy\" decoding=\"async\" class=\"alignnone wp-image-71932 td-animation-stack-type0-2\" src=\"https:\/\/www.institutodeengenharia.org.br\/site\/wp-content\/uploads\/2020\/10\/ABECE.jpg\" alt=\"\" width=\"155\" height=\"96\" srcset=\"https:\/\/www.institutodeengenharia.org.br\/site\/wp-content\/uploads\/2020\/10\/ABECE.jpg 306w, https:\/\/www.institutodeengenharia.org.br\/site\/wp-content\/uploads\/2020\/10\/ABECE-300x186.jpg 300w\" sizes=\"auto, (max-width: 155px) 100vw, 155px\" \/><\/strong><\/p>\n<p><strong>Realiza\u00e7\u00e3o:<\/strong><\/p>\n<p><strong>Eng. Jer\u00f4nimo Cabral Pereira Fagundes Neto<\/strong>\u00a0\u2013 Vice-presidente de Atividades T\u00e9cnicas<br \/>\n<strong>Eng. Roberto Kochen<\/strong>\u00a0\u2013 Diretor do Departamento de Engenharia do Habitat e Infraestrutura<br \/>\n<strong>Eng. Rafael Timerman<\/strong>\u00a0\u2013 Coordenador da Divis\u00e3o T\u00e9cnica de Estrutura<\/p>\n<p>&nbsp;<\/p>\n","protected":false},"excerpt":{"rendered":"<p>Assista abaixo \u00e0 grava\u00e7\u00e3o: + Informa\u00e7\u00f5es: Abordagem: 1. Papel das universidades de pesquisa 2. Atua\u00e7\u00e3o das universidades em 2020 3. Desafios a partir de 2021: \u2022 Ensino; \u2022 Pesquisa; \u2022 Intera\u00e7\u00e3o com a sociedade. P\u00fablico-alvo: Engenheiros, arquitetos, t\u00e9cnicos, estudantes e demais interessados. Palestrante: Vahan Agopyan Reitor da Universidade de S\u00e3o Paulo (USP) Engenheiro Civil pela [&hellip;]<\/p>\n","protected":false},"author":2,"featured_media":74636,"comment_status":"open","ping_status":"open","sticky":false,"template":"","format":"standard","meta":{"footnotes":""},"categories":[968,969],"tags":[],"class_list":{"0":"post-74635","1":"post","2":"type-post","3":"status-publish","4":"format-standard","5":"has-post-thumbnail","7":"category-nova-tv-engenharia","8":"category-palestra"},"yoast_head":"<!-- This site is optimized with the Yoast SEO plugin v27.2 - https:\/\/yoast.com\/product\/yoast-seo-wordpress\/ -->\n<title>Os desafios das universidades na p\u00f3s-pandemia - Instituto de Engenharia<\/title>\n<meta name=\"robots\" content=\"index, follow, max-snippet:-1, max-image-preview:large, max-video-preview:-1\" \/>\n<link rel=\"canonical\" href=\"https:\/\/www.institutodeengenharia.org.br\/site\/2021\/01\/21\/os-desafios-das-universidades-na-pos-pandemia\/\" \/>\n<meta property=\"og:locale\" content=\"pt_BR\" \/>\n<meta property=\"og:type\" content=\"article\" \/>\n<meta property=\"og:title\" content=\"Os desafios das universidades na p\u00f3s-pandemia - Instituto de Engenharia\" \/>\n<meta property=\"og:description\" content=\"Assista abaixo \u00e0 grava\u00e7\u00e3o: + Informa\u00e7\u00f5es: Abordagem: 1. Papel das universidades de pesquisa 2. Atua\u00e7\u00e3o das universidades em 2020 3. Desafios a partir de 2021: \u2022 Ensino; \u2022 Pesquisa; \u2022 Intera\u00e7\u00e3o com a sociedade. P\u00fablico-alvo: Engenheiros, arquitetos, t\u00e9cnicos, estudantes e demais interessados. Palestrante: Vahan Agopyan Reitor da Universidade de S\u00e3o Paulo (USP) Engenheiro Civil pela [&hellip;]\" \/>\n<meta property=\"og:url\" content=\"https:\/\/www.institutodeengenharia.org.br\/site\/2021\/01\/21\/os-desafios-das-universidades-na-pos-pandemia\/\" \/>\n<meta property=\"og:site_name\" content=\"Instituto de Engenharia\" \/>\n<meta property=\"article:publisher\" content=\"https:\/\/www.facebook.com\/institutodeengenharia\" \/>\n<meta property=\"article:published_time\" content=\"2021-01-21T16:55:12+00:00\" \/>\n<meta property=\"article:modified_time\" content=\"2021-02-02T16:55:26+00:00\" \/>\n<meta property=\"og:image\" content=\"https:\/\/www.institutodeengenharia.org.br\/site\/wp-content\/uploads\/2021\/02\/Os-desafios-das-universidades-na-pos-pandemia.jpg\" \/>\n\t<meta property=\"og:image:width\" content=\"1033\" \/>\n\t<meta property=\"og:image:height\" content=\"498\" \/>\n\t<meta property=\"og:image:type\" content=\"image\/jpeg\" \/>\n<meta name=\"author\" content=\"Isabel\" \/>\n<meta name=\"twitter:card\" content=\"summary_large_image\" \/>\n<meta name=\"twitter:creator\" content=\"@iengenharia\" \/>\n<meta name=\"twitter:site\" content=\"@iengenharia\" \/>\n<meta name=\"twitter:label1\" content=\"Escrito por\" \/>\n\t<meta name=\"twitter:data1\" content=\"Isabel\" \/>\n\t<meta name=\"twitter:label2\" content=\"Est. tempo de leitura\" \/>\n\t<meta name=\"twitter:data2\" content=\"3 minutos\" \/>\n<script type=\"application\/ld+json\" class=\"yoast-schema-graph\">{\"@context\":\"https:\/\/schema.org\",\"@graph\":[{\"@type\":\"Article\",\"@id\":\"https:\/\/www.institutodeengenharia.org.br\/site\/2021\/01\/21\/os-desafios-das-universidades-na-pos-pandemia\/#article\",\"isPartOf\":{\"@id\":\"https:\/\/www.institutodeengenharia.org.br\/site\/2021\/01\/21\/os-desafios-das-universidades-na-pos-pandemia\/\"},\"author\":{\"name\":\"Isabel\",\"@id\":\"https:\/\/www.institutodeengenharia.org.br\/site\/#\/schema\/person\/d1764429c217aaa88954818c8f9a3036\"},\"headline\":\"Os desafios das universidades na p\u00f3s-pandemia\",\"datePublished\":\"2021-01-21T16:55:12+00:00\",\"dateModified\":\"2021-02-02T16:55:26+00:00\",\"mainEntityOfPage\":{\"@id\":\"https:\/\/www.institutodeengenharia.org.br\/site\/2021\/01\/21\/os-desafios-das-universidades-na-pos-pandemia\/\"},\"wordCount\":332,\"commentCount\":0,\"publisher\":{\"@id\":\"https:\/\/www.institutodeengenharia.org.br\/site\/#organization\"},\"image\":{\"@id\":\"https:\/\/www.institutodeengenharia.org.br\/site\/2021\/01\/21\/os-desafios-das-universidades-na-pos-pandemia\/#primaryimage\"},\"thumbnailUrl\":\"https:\/\/www.institutodeengenharia.org.br\/site\/wp-content\/uploads\/2021\/02\/Os-desafios-das-universidades-na-pos-pandemia.jpg\",\"articleSection\":[\"Nova TV Engenharia\",\"Palestra\"],\"inLanguage\":\"pt-BR\",\"potentialAction\":[{\"@type\":\"CommentAction\",\"name\":\"Comment\",\"target\":[\"https:\/\/www.institutodeengenharia.org.br\/site\/2021\/01\/21\/os-desafios-das-universidades-na-pos-pandemia\/#respond\"]}]},{\"@type\":\"WebPage\",\"@id\":\"https:\/\/www.institutodeengenharia.org.br\/site\/2021\/01\/21\/os-desafios-das-universidades-na-pos-pandemia\/\",\"url\":\"https:\/\/www.institutodeengenharia.org.br\/site\/2021\/01\/21\/os-desafios-das-universidades-na-pos-pandemia\/\",\"name\":\"Os desafios das universidades na p\u00f3s-pandemia - Instituto de Engenharia\",\"isPartOf\":{\"@id\":\"https:\/\/www.institutodeengenharia.org.br\/site\/#website\"},\"primaryImageOfPage\":{\"@id\":\"https:\/\/www.institutodeengenharia.org.br\/site\/2021\/01\/21\/os-desafios-das-universidades-na-pos-pandemia\/#primaryimage\"},\"image\":{\"@id\":\"https:\/\/www.institutodeengenharia.org.br\/site\/2021\/01\/21\/os-desafios-das-universidades-na-pos-pandemia\/#primaryimage\"},\"thumbnailUrl\":\"https:\/\/www.institutodeengenharia.org.br\/site\/wp-content\/uploads\/2021\/02\/Os-desafios-das-universidades-na-pos-pandemia.jpg\",\"datePublished\":\"2021-01-21T16:55:12+00:00\",\"dateModified\":\"2021-02-02T16:55:26+00:00\",\"breadcrumb\":{\"@id\":\"https:\/\/www.institutodeengenharia.org.br\/site\/2021\/01\/21\/os-desafios-das-universidades-na-pos-pandemia\/#breadcrumb\"},\"inLanguage\":\"pt-BR\",\"potentialAction\":[{\"@type\":\"ReadAction\",\"target\":[\"https:\/\/www.institutodeengenharia.org.br\/site\/2021\/01\/21\/os-desafios-das-universidades-na-pos-pandemia\/\"]}]},{\"@type\":\"ImageObject\",\"inLanguage\":\"pt-BR\",\"@id\":\"https:\/\/www.institutodeengenharia.org.br\/site\/2021\/01\/21\/os-desafios-das-universidades-na-pos-pandemia\/#primaryimage\",\"url\":\"https:\/\/www.institutodeengenharia.org.br\/site\/wp-content\/uploads\/2021\/02\/Os-desafios-das-universidades-na-pos-pandemia.jpg\",\"contentUrl\":\"https:\/\/www.institutodeengenharia.org.br\/site\/wp-content\/uploads\/2021\/02\/Os-desafios-das-universidades-na-pos-pandemia.jpg\",\"width\":1033,\"height\":498},{\"@type\":\"BreadcrumbList\",\"@id\":\"https:\/\/www.institutodeengenharia.org.br\/site\/2021\/01\/21\/os-desafios-das-universidades-na-pos-pandemia\/#breadcrumb\",\"itemListElement\":[{\"@type\":\"ListItem\",\"position\":1,\"name\":\"In\u00edcio\",\"item\":\"https:\/\/www.institutodeengenharia.org.br\/site\/\"},{\"@type\":\"ListItem\",\"position\":2,\"name\":\"Os desafios das universidades na p\u00f3s-pandemia\"}]},{\"@type\":\"WebSite\",\"@id\":\"https:\/\/www.institutodeengenharia.org.br\/site\/#website\",\"url\":\"https:\/\/www.institutodeengenharia.org.br\/site\/\",\"name\":\"Instituto de Engenharia\",\"description\":\"O Instituto de Engenharia promove a Engenharia em benef\u00edcio do desenvolvimento e da qualidade de vida da sociedade.\",\"publisher\":{\"@id\":\"https:\/\/www.institutodeengenharia.org.br\/site\/#organization\"},\"potentialAction\":[{\"@type\":\"SearchAction\",\"target\":{\"@type\":\"EntryPoint\",\"urlTemplate\":\"https:\/\/www.institutodeengenharia.org.br\/site\/?s={search_term_string}\"},\"query-input\":{\"@type\":\"PropertyValueSpecification\",\"valueRequired\":true,\"valueName\":\"search_term_string\"}}],\"inLanguage\":\"pt-BR\"},{\"@type\":\"Organization\",\"@id\":\"https:\/\/www.institutodeengenharia.org.br\/site\/#organization\",\"name\":\"Instituto de Engenharia\",\"url\":\"https:\/\/www.institutodeengenharia.org.br\/site\/\",\"logo\":{\"@type\":\"ImageObject\",\"inLanguage\":\"pt-BR\",\"@id\":\"https:\/\/www.institutodeengenharia.org.br\/site\/#\/schema\/logo\/image\/\",\"url\":\"https:\/\/www.institutodeengenharia.org.br\/site\/wp-content\/uploads\/2019\/03\/logo-novo-IE2018-1.jpg\",\"contentUrl\":\"https:\/\/www.institutodeengenharia.org.br\/site\/wp-content\/uploads\/2019\/03\/logo-novo-IE2018-1.jpg\",\"width\":1486,\"height\":1879,\"caption\":\"Instituto de Engenharia\"},\"image\":{\"@id\":\"https:\/\/www.institutodeengenharia.org.br\/site\/#\/schema\/logo\/image\/\"},\"sameAs\":[\"https:\/\/www.facebook.com\/institutodeengenharia\",\"https:\/\/x.com\/iengenharia\",\"https:\/\/www.instagram.com\/institutodeengenharia\/\",\"https:\/\/www.linkedin.com\/company\/instituto-de-engenharia\/\",\"https:\/\/www.youtube.com\/channel\/UCXiCAlsSMe977vamW915HxA\"]},{\"@type\":\"Person\",\"@id\":\"https:\/\/www.institutodeengenharia.org.br\/site\/#\/schema\/person\/d1764429c217aaa88954818c8f9a3036\",\"name\":\"Isabel\",\"image\":{\"@type\":\"ImageObject\",\"inLanguage\":\"pt-BR\",\"@id\":\"https:\/\/secure.gravatar.com\/avatar\/a91d60506c31a7cb05e69a21529f91908e538db3b21f58bfda4039be740fcb71?s=96&d=mm&r=g\",\"url\":\"https:\/\/secure.gravatar.com\/avatar\/a91d60506c31a7cb05e69a21529f91908e538db3b21f58bfda4039be740fcb71?s=96&d=mm&r=g\",\"contentUrl\":\"https:\/\/secure.gravatar.com\/avatar\/a91d60506c31a7cb05e69a21529f91908e538db3b21f58bfda4039be740fcb71?s=96&d=mm&r=g\",\"caption\":\"Isabel\"},\"url\":\"https:\/\/www.institutodeengenharia.org.br\/site\/author\/isabel\/\"}]}<\/script>\n<!-- \/ Yoast SEO plugin. -->","yoast_head_json":{"title":"Os desafios das universidades na p\u00f3s-pandemia - Instituto de Engenharia","robots":{"index":"index","follow":"follow","max-snippet":"max-snippet:-1","max-image-preview":"max-image-preview:large","max-video-preview":"max-video-preview:-1"},"canonical":"https:\/\/www.institutodeengenharia.org.br\/site\/2021\/01\/21\/os-desafios-das-universidades-na-pos-pandemia\/","og_locale":"pt_BR","og_type":"article","og_title":"Os desafios das universidades na p\u00f3s-pandemia - Instituto de Engenharia","og_description":"Assista abaixo \u00e0 grava\u00e7\u00e3o: + Informa\u00e7\u00f5es: Abordagem: 1. Papel das universidades de pesquisa 2. Atua\u00e7\u00e3o das universidades em 2020 3. Desafios a partir de 2021: \u2022 Ensino; \u2022 Pesquisa; \u2022 Intera\u00e7\u00e3o com a sociedade. P\u00fablico-alvo: Engenheiros, arquitetos, t\u00e9cnicos, estudantes e demais interessados. Palestrante: Vahan Agopyan Reitor da Universidade de S\u00e3o Paulo (USP) Engenheiro Civil pela [&hellip;]","og_url":"https:\/\/www.institutodeengenharia.org.br\/site\/2021\/01\/21\/os-desafios-das-universidades-na-pos-pandemia\/","og_site_name":"Instituto de Engenharia","article_publisher":"https:\/\/www.facebook.com\/institutodeengenharia","article_published_time":"2021-01-21T16:55:12+00:00","article_modified_time":"2021-02-02T16:55:26+00:00","og_image":[{"width":1033,"height":498,"url":"https:\/\/www.institutodeengenharia.org.br\/site\/wp-content\/uploads\/2021\/02\/Os-desafios-das-universidades-na-pos-pandemia.jpg","type":"image\/jpeg"}],"author":"Isabel","twitter_card":"summary_large_image","twitter_creator":"@iengenharia","twitter_site":"@iengenharia","twitter_misc":{"Escrito por":"Isabel","Est. tempo de leitura":"3 minutos"},"schema":{"@context":"https:\/\/schema.org","@graph":[{"@type":"Article","@id":"https:\/\/www.institutodeengenharia.org.br\/site\/2021\/01\/21\/os-desafios-das-universidades-na-pos-pandemia\/#article","isPartOf":{"@id":"https:\/\/www.institutodeengenharia.org.br\/site\/2021\/01\/21\/os-desafios-das-universidades-na-pos-pandemia\/"},"author":{"name":"Isabel","@id":"https:\/\/www.institutodeengenharia.org.br\/site\/#\/schema\/person\/d1764429c217aaa88954818c8f9a3036"},"headline":"Os desafios das universidades na p\u00f3s-pandemia","datePublished":"2021-01-21T16:55:12+00:00","dateModified":"2021-02-02T16:55:26+00:00","mainEntityOfPage":{"@id":"https:\/\/www.institutodeengenharia.org.br\/site\/2021\/01\/21\/os-desafios-das-universidades-na-pos-pandemia\/"},"wordCount":332,"commentCount":0,"publisher":{"@id":"https:\/\/www.institutodeengenharia.org.br\/site\/#organization"},"image":{"@id":"https:\/\/www.institutodeengenharia.org.br\/site\/2021\/01\/21\/os-desafios-das-universidades-na-pos-pandemia\/#primaryimage"},"thumbnailUrl":"https:\/\/www.institutodeengenharia.org.br\/site\/wp-content\/uploads\/2021\/02\/Os-desafios-das-universidades-na-pos-pandemia.jpg","articleSection":["Nova TV Engenharia","Palestra"],"inLanguage":"pt-BR","potentialAction":[{"@type":"CommentAction","name":"Comment","target":["https:\/\/www.institutodeengenharia.org.br\/site\/2021\/01\/21\/os-desafios-das-universidades-na-pos-pandemia\/#respond"]}]},{"@type":"WebPage","@id":"https:\/\/www.institutodeengenharia.org.br\/site\/2021\/01\/21\/os-desafios-das-universidades-na-pos-pandemia\/","url":"https:\/\/www.institutodeengenharia.org.br\/site\/2021\/01\/21\/os-desafios-das-universidades-na-pos-pandemia\/","name":"Os desafios das universidades na p\u00f3s-pandemia - Instituto de Engenharia","isPartOf":{"@id":"https:\/\/www.institutodeengenharia.org.br\/site\/#website"},"primaryImageOfPage":{"@id":"https:\/\/www.institutodeengenharia.org.br\/site\/2021\/01\/21\/os-desafios-das-universidades-na-pos-pandemia\/#primaryimage"},"image":{"@id":"https:\/\/www.institutodeengenharia.org.br\/site\/2021\/01\/21\/os-desafios-das-universidades-na-pos-pandemia\/#primaryimage"},"thumbnailUrl":"https:\/\/www.institutodeengenharia.org.br\/site\/wp-content\/uploads\/2021\/02\/Os-desafios-das-universidades-na-pos-pandemia.jpg","datePublished":"2021-01-21T16:55:12+00:00","dateModified":"2021-02-02T16:55:26+00:00","breadcrumb":{"@id":"https:\/\/www.institutodeengenharia.org.br\/site\/2021\/01\/21\/os-desafios-das-universidades-na-pos-pandemia\/#breadcrumb"},"inLanguage":"pt-BR","potentialAction":[{"@type":"ReadAction","target":["https:\/\/www.institutodeengenharia.org.br\/site\/2021\/01\/21\/os-desafios-das-universidades-na-pos-pandemia\/"]}]},{"@type":"ImageObject","inLanguage":"pt-BR","@id":"https:\/\/www.institutodeengenharia.org.br\/site\/2021\/01\/21\/os-desafios-das-universidades-na-pos-pandemia\/#primaryimage","url":"https:\/\/www.institutodeengenharia.org.br\/site\/wp-content\/uploads\/2021\/02\/Os-desafios-das-universidades-na-pos-pandemia.jpg","contentUrl":"https:\/\/www.institutodeengenharia.org.br\/site\/wp-content\/uploads\/2021\/02\/Os-desafios-das-universidades-na-pos-pandemia.jpg","width":1033,"height":498},{"@type":"BreadcrumbList","@id":"https:\/\/www.institutodeengenharia.org.br\/site\/2021\/01\/21\/os-desafios-das-universidades-na-pos-pandemia\/#breadcrumb","itemListElement":[{"@type":"ListItem","position":1,"name":"In\u00edcio","item":"https:\/\/www.institutodeengenharia.org.br\/site\/"},{"@type":"ListItem","position":2,"name":"Os desafios das universidades na p\u00f3s-pandemia"}]},{"@type":"WebSite","@id":"https:\/\/www.institutodeengenharia.org.br\/site\/#website","url":"https:\/\/www.institutodeengenharia.org.br\/site\/","name":"Instituto de Engenharia","description":"O Instituto de Engenharia promove a Engenharia em benef\u00edcio do desenvolvimento e da qualidade de vida da sociedade.","publisher":{"@id":"https:\/\/www.institutodeengenharia.org.br\/site\/#organization"},"potentialAction":[{"@type":"SearchAction","target":{"@type":"EntryPoint","urlTemplate":"https:\/\/www.institutodeengenharia.org.br\/site\/?s={search_term_string}"},"query-input":{"@type":"PropertyValueSpecification","valueRequired":true,"valueName":"search_term_string"}}],"inLanguage":"pt-BR"},{"@type":"Organization","@id":"https:\/\/www.institutodeengenharia.org.br\/site\/#organization","name":"Instituto de Engenharia","url":"https:\/\/www.institutodeengenharia.org.br\/site\/","logo":{"@type":"ImageObject","inLanguage":"pt-BR","@id":"https:\/\/www.institutodeengenharia.org.br\/site\/#\/schema\/logo\/image\/","url":"https:\/\/www.institutodeengenharia.org.br\/site\/wp-content\/uploads\/2019\/03\/logo-novo-IE2018-1.jpg","contentUrl":"https:\/\/www.institutodeengenharia.org.br\/site\/wp-content\/uploads\/2019\/03\/logo-novo-IE2018-1.jpg","width":1486,"height":1879,"caption":"Instituto de Engenharia"},"image":{"@id":"https:\/\/www.institutodeengenharia.org.br\/site\/#\/schema\/logo\/image\/"},"sameAs":["https:\/\/www.facebook.com\/institutodeengenharia","https:\/\/x.com\/iengenharia","https:\/\/www.instagram.com\/institutodeengenharia\/","https:\/\/www.linkedin.com\/company\/instituto-de-engenharia\/","https:\/\/www.youtube.com\/channel\/UCXiCAlsSMe977vamW915HxA"]},{"@type":"Person","@id":"https:\/\/www.institutodeengenharia.org.br\/site\/#\/schema\/person\/d1764429c217aaa88954818c8f9a3036","name":"Isabel","image":{"@type":"ImageObject","inLanguage":"pt-BR","@id":"https:\/\/secure.gravatar.com\/avatar\/a91d60506c31a7cb05e69a21529f91908e538db3b21f58bfda4039be740fcb71?s=96&d=mm&r=g","url":"https:\/\/secure.gravatar.com\/avatar\/a91d60506c31a7cb05e69a21529f91908e538db3b21f58bfda4039be740fcb71?s=96&d=mm&r=g","contentUrl":"https:\/\/secure.gravatar.com\/avatar\/a91d60506c31a7cb05e69a21529f91908e538db3b21f58bfda4039be740fcb71?s=96&d=mm&r=g","caption":"Isabel"},"url":"https:\/\/www.institutodeengenharia.org.br\/site\/author\/isabel\/"}]}},"_links":{"self":[{"href":"https:\/\/www.institutodeengenharia.org.br\/site\/wp-json\/wp\/v2\/posts\/74635","targetHints":{"allow":["GET"]}}],"collection":[{"href":"https:\/\/www.institutodeengenharia.org.br\/site\/wp-json\/wp\/v2\/posts"}],"about":[{"href":"https:\/\/www.institutodeengenharia.org.br\/site\/wp-json\/wp\/v2\/types\/post"}],"author":[{"embeddable":true,"href":"https:\/\/www.institutodeengenharia.org.br\/site\/wp-json\/wp\/v2\/users\/2"}],"replies":[{"embeddable":true,"href":"https:\/\/www.institutodeengenharia.org.br\/site\/wp-json\/wp\/v2\/comments?post=74635"}],"version-history":[{"count":1,"href":"https:\/\/www.institutodeengenharia.org.br\/site\/wp-json\/wp\/v2\/posts\/74635\/revisions"}],"predecessor-version":[{"id":74637,"href":"https:\/\/www.institutodeengenharia.org.br\/site\/wp-json\/wp\/v2\/posts\/74635\/revisions\/74637"}],"wp:featuredmedia":[{"embeddable":true,"href":"https:\/\/www.institutodeengenharia.org.br\/site\/wp-json\/wp\/v2\/media\/74636"}],"wp:attachment":[{"href":"https:\/\/www.institutodeengenharia.org.br\/site\/wp-json\/wp\/v2\/media?parent=74635"}],"wp:term":[{"taxonomy":"category","embeddable":true,"href":"https:\/\/www.institutodeengenharia.org.br\/site\/wp-json\/wp\/v2\/categories?post=74635"},{"taxonomy":"post_tag","embeddable":true,"href":"https:\/\/www.institutodeengenharia.org.br\/site\/wp-json\/wp\/v2\/tags?post=74635"}],"curies":[{"name":"wp","href":"https:\/\/api.w.org\/{rel}","templated":true}]}}