{"id":74570,"date":"2021-01-26T17:00:15","date_gmt":"2021-01-26T20:00:15","guid":{"rendered":"https:\/\/www.institutodeengenharia.org.br\/site\/?p=74570"},"modified":"2021-01-29T15:26:32","modified_gmt":"2021-01-29T18:26:32","slug":"mobilidade-urbana-conceito-e-planejamento-no-ambiente-brasileiro","status":"publish","type":"post","link":"https:\/\/www.institutodeengenharia.org.br\/site\/2021\/01\/26\/mobilidade-urbana-conceito-e-planejamento-no-ambiente-brasileiro\/","title":{"rendered":"Mobilidade urbana: conceito e planejamento no ambiente brasileiro"},"content":{"rendered":"<p>A palestra do livro <strong>Mobilidade urbana: conceito e planejamento no ambiente brasileiro\u00a0<\/strong>faz parte da\u00a0<em>S\u00e9rie Biblioteca \u2013 Informa\u00e7\u00e3o viva, conhecimento aplicado<\/em>, uma realiza\u00e7\u00e3o do Instituto de Engenharia.<\/p>\n<p><strong>Assista abaixo \u00e0 grava\u00e7\u00e3o:<\/strong><\/p>\n<p><iframe loading=\"lazy\" src=\"https:\/\/player.vimeo.com\/video\/505872984\" width=\"640\" height=\"360\" frameborder=\"0\" allowfullscreen=\"allowfullscreen\"><\/iframe><\/p>\n<p>&nbsp;<\/p>\n<p>&nbsp;<\/p>\n<p><strong>+ Informa\u00e7\u00f5es:<\/strong><\/p>\n<p><strong>Abordagem:<\/strong><\/p>\n<p>Apresenta\u00e7\u00e3o do livro pelo autor.<\/p>\n<p><strong>Livro:<\/strong><\/p>\n<p><img loading=\"lazy\" decoding=\"async\" class=\"alignnone wp-image-74189\" src=\"https:\/\/www.institutodeengenharia.org.br\/site\/wp-content\/uploads\/2021\/01\/1605627715-10659-capa-01-scaled.jpg\" alt=\"\" width=\"316\" height=\"454\" srcset=\"https:\/\/www.institutodeengenharia.org.br\/site\/wp-content\/uploads\/2021\/01\/1605627715-10659-capa-01-scaled.jpg 1785w, https:\/\/www.institutodeengenharia.org.br\/site\/wp-content\/uploads\/2021\/01\/1605627715-10659-capa-01-209x300.jpg 209w, https:\/\/www.institutodeengenharia.org.br\/site\/wp-content\/uploads\/2021\/01\/1605627715-10659-capa-01-714x1024.jpg 714w, https:\/\/www.institutodeengenharia.org.br\/site\/wp-content\/uploads\/2021\/01\/1605627715-10659-capa-01-768x1102.jpg 768w, https:\/\/www.institutodeengenharia.org.br\/site\/wp-content\/uploads\/2021\/01\/1605627715-10659-capa-01-1071x1536.jpg 1071w, https:\/\/www.institutodeengenharia.org.br\/site\/wp-content\/uploads\/2021\/01\/1605627715-10659-capa-01-1428x2048.jpg 1428w, https:\/\/www.institutodeengenharia.org.br\/site\/wp-content\/uploads\/2021\/01\/1605627715-10659-capa-01-696x998.jpg 696w, https:\/\/www.institutodeengenharia.org.br\/site\/wp-content\/uploads\/2021\/01\/1605627715-10659-capa-01-1068x1532.jpg 1068w, https:\/\/www.institutodeengenharia.org.br\/site\/wp-content\/uploads\/2021\/01\/1605627715-10659-capa-01-293x420.jpg 293w, https:\/\/www.institutodeengenharia.org.br\/site\/wp-content\/uploads\/2021\/01\/1605627715-10659-capa-01-600x861.jpg 600w\" sizes=\"auto, (max-width: 316px) 100vw, 316px\" \/><\/p>\n<p><strong>P\u00fablico-alvo:<\/strong><\/p>\n<p>Engenheiros, arquitetos, t\u00e9cnicos, estudantes e demais interessados.<\/p>\n<p><strong>Palestrantes:<\/strong><\/p>\n<p><img loading=\"lazy\" decoding=\"async\" class=\"alignnone wp-image-74185\" src=\"https:\/\/www.institutodeengenharia.org.br\/site\/wp-content\/uploads\/2021\/01\/Martha-Martorelli.jpg\" alt=\"\" width=\"142\" height=\"198\" \/><\/p>\n<p><strong>Martha Martorelli<\/strong><\/p>\n<p>Assessora de Diretoria da Companhia Paulista de Trens Metropolitanos \u2013 CPTM<\/p>\n<p>Bacharel em Engenharia Industrial (FEI), MBA Executivo Empresarial em Gest\u00e3o P\u00fablica e Responsabilidade Fiscal (ESAB), MBA Profissional em Organiza\u00e7\u00f5es e Meio Ambiente (ESAB). Atuou como Analista de Infraestrutura do Minist\u00e9rio da Economia atuando no Minist\u00e9rio das Cidades. Gerente de Planejamento da Secretaria Nacional de Mobilidade Urbana. Coordena\u00e7\u00e3o de cursos e oficinas de capacita\u00e7\u00e3o para cidades para elabora\u00e7\u00e3o de Planos de Mobilidade. Elabora\u00e7\u00e3o do Programa de Apoio \u00e0 Elabora\u00e7\u00e3o de Planos de Mobilidade. Desenvolvimento de Metodologia Simplificada para a elabora\u00e7\u00e3o de Planos de Mobilidade para munic\u00edpios de at\u00e9 100 mil habitantes. Atua como Assessora de Diretoria da Companhia Paulista de Trens Metropolitanos \u2013 CPTM.<\/p>\n<p><img loading=\"lazy\" decoding=\"async\" class=\"alignnone wp-image-74186\" src=\"https:\/\/www.institutodeengenharia.org.br\/site\/wp-content\/uploads\/2021\/01\/Dario-Rais-Lopes.jpg\" alt=\"\" width=\"127\" height=\"169\" \/><\/p>\n<p><strong>Dario Rais Lopes<\/strong><\/p>\n<p>Professor da Escola de Engenharia da Universidade Mackenzie e consultor nas \u00e1reas de mobilidade &amp; transportes<\/p>\n<p>Doutor em Engenharia de Transportes pela USP, Mestre em Engenharia e Engenheiro pelo ITA. Mais de 40 anos de experi\u00eancia na \u00e1rea de transportes e mobilidade. Foi Secret\u00e1rio de Transportes de S\u00e3o Jos\u00e9 dos Campos (SP); Superintendente do Departamento Aerovi\u00e1rio de S\u00e3o Paulo; Secret\u00e1rio dos Transportes do Estado de S\u00e3o Paulo, Secret\u00e1rio Nacional dos Transportes e da Mobilidade Urbana e Secret\u00e1rio Nacional de Avia\u00e7\u00e3o Civil. Participa\u00e7\u00e3o em Conselhos de Administra\u00e7\u00e3o (como membro titular ou Presidente) de diversas empresas, p\u00fablicas ou privadas \u2013 DERSA, CBTU, TRENSURB, VALEC, Rio Gale\u00e3o. Em 2005 foi escolhido como \u201cEngenheiro do Ano\u201d pelo Instituto de Engenharia de SP. Atualmente professor da Escola de Engenharia da Universidade Mackenzie e consultor nas \u00e1reas de mobilidade &amp; transportes.<\/p>\n<p><img loading=\"lazy\" decoding=\"async\" class=\"alignnone wp-image-74187\" src=\"https:\/\/www.institutodeengenharia.org.br\/site\/wp-content\/uploads\/2021\/01\/Aguiar-Gonzaga-Vieira-da-Costa.jpg\" alt=\"\" width=\"132\" height=\"171\" \/><\/p>\n<p><strong>Aguiar Gonzaga Vieira da Costa<\/strong><\/p>\n<p>Coordenador de An\u00e1lise de Empreendimentos<\/p>\n<p>Bacharel em Engenharia El\u00e9trica pela Universidade de Bras\u00edlia, com P\u00f3s-gradua\u00e7\u00e3o em Gest\u00e3o P\u00fablica. Atuou como engenheiro eletricista no Metr\u00f4\/DF, Analista de Infraestrutura da Secretaria Nacional de Transporte e da Mobilidade Urbana do Minist\u00e9rio do Desenvolvimento Regional onde atuou na capacita\u00e7\u00e3o de munic\u00edpios, no planejamento, na regula\u00e7\u00e3o e no apoio \u00e0 implementa\u00e7\u00e3o da Pol\u00edtica Nacional de Mobilidade Urbana. Atua como Coordenador de An\u00e1lise de Empreendimentos.<\/p>\n<p><strong>Apoio Institucional:<\/strong><\/p>\n<p><img loading=\"lazy\" decoding=\"async\" class=\"alignnone size-full wp-image-34556\" src=\"https:\/\/www.institutodeengenharia.org.br\/site\/wp-content\/uploads\/2018\/04\/CREA-SP_vertical.jpg\" alt=\"\" width=\"150\" height=\"106\" srcset=\"https:\/\/www.institutodeengenharia.org.br\/site\/wp-content\/uploads\/2018\/04\/CREA-SP_vertical.jpg 150w, https:\/\/www.institutodeengenharia.org.br\/site\/wp-content\/uploads\/2018\/04\/CREA-SP_vertical-100x70.jpg 100w\" sizes=\"auto, (max-width: 150px) 100vw, 150px\" \/><\/p>\n<p><strong>Realiza\u00e7\u00e3o:<\/strong><\/p>\n<p><strong>Eng. Ricardo Kenzo<\/strong> \u2013 Vice-Presidente de Rela\u00e7\u00f5es Externas<\/p>\n","protected":false},"excerpt":{"rendered":"<p>A palestra do livro Mobilidade urbana: conceito e planejamento no ambiente brasileiro\u00a0faz parte da\u00a0S\u00e9rie Biblioteca \u2013 Informa\u00e7\u00e3o viva, conhecimento aplicado, uma realiza\u00e7\u00e3o do Instituto de Engenharia. Assista abaixo \u00e0 grava\u00e7\u00e3o: &nbsp; &nbsp; + Informa\u00e7\u00f5es: Abordagem: Apresenta\u00e7\u00e3o do livro pelo autor. Livro: P\u00fablico-alvo: Engenheiros, arquitetos, t\u00e9cnicos, estudantes e demais interessados. Palestrantes: Martha Martorelli Assessora de Diretoria [&hellip;]<\/p>\n","protected":false},"author":13,"featured_media":74393,"comment_status":"open","ping_status":"open","sticky":false,"template":"","format":"standard","meta":{"footnotes":""},"categories":[968,969],"tags":[],"class_list":{"0":"post-74570","1":"post","2":"type-post","3":"status-publish","4":"format-standard","5":"has-post-thumbnail","7":"category-nova-tv-engenharia","8":"category-palestra"},"yoast_head":"<!-- This site is optimized with the Yoast SEO plugin v27.2 - https:\/\/yoast.com\/product\/yoast-seo-wordpress\/ -->\n<title>Mobilidade urbana: conceito e planejamento no ambiente brasileiro - Instituto de Engenharia<\/title>\n<meta name=\"robots\" content=\"index, follow, max-snippet:-1, max-image-preview:large, max-video-preview:-1\" \/>\n<link rel=\"canonical\" href=\"https:\/\/www.institutodeengenharia.org.br\/site\/2021\/01\/26\/mobilidade-urbana-conceito-e-planejamento-no-ambiente-brasileiro\/\" \/>\n<meta property=\"og:locale\" content=\"pt_BR\" \/>\n<meta property=\"og:type\" content=\"article\" \/>\n<meta property=\"og:title\" content=\"Mobilidade urbana: conceito e planejamento no ambiente brasileiro - Instituto de Engenharia\" \/>\n<meta property=\"og:description\" content=\"A palestra do livro Mobilidade urbana: conceito e planejamento no ambiente brasileiro\u00a0faz parte da\u00a0S\u00e9rie Biblioteca \u2013 Informa\u00e7\u00e3o viva, conhecimento aplicado, uma realiza\u00e7\u00e3o do Instituto de Engenharia. Assista abaixo \u00e0 grava\u00e7\u00e3o: &nbsp; &nbsp; + Informa\u00e7\u00f5es: Abordagem: Apresenta\u00e7\u00e3o do livro pelo autor. Livro: P\u00fablico-alvo: Engenheiros, arquitetos, t\u00e9cnicos, estudantes e demais interessados. Palestrantes: Martha Martorelli Assessora de Diretoria [&hellip;]\" \/>\n<meta property=\"og:url\" content=\"https:\/\/www.institutodeengenharia.org.br\/site\/2021\/01\/26\/mobilidade-urbana-conceito-e-planejamento-no-ambiente-brasileiro\/\" \/>\n<meta property=\"og:site_name\" content=\"Instituto de Engenharia\" \/>\n<meta property=\"article:publisher\" content=\"https:\/\/www.facebook.com\/institutodeengenharia\" \/>\n<meta property=\"article:published_time\" content=\"2021-01-26T20:00:15+00:00\" \/>\n<meta property=\"article:modified_time\" content=\"2021-01-29T18:26:32+00:00\" \/>\n<meta property=\"og:image\" content=\"https:\/\/www.institutodeengenharia.org.br\/site\/wp-content\/uploads\/2021\/01\/mobilidade-urbana-conceito-e-planejamento-no-ambiente-brasileiro.jpg\" \/>\n\t<meta property=\"og:image:width\" content=\"1782\" \/>\n\t<meta property=\"og:image:height\" content=\"947\" \/>\n\t<meta property=\"og:image:type\" content=\"image\/jpeg\" \/>\n<meta name=\"author\" content=\"Bianca\" \/>\n<meta name=\"twitter:card\" content=\"summary_large_image\" \/>\n<meta name=\"twitter:creator\" content=\"@iengenharia\" \/>\n<meta name=\"twitter:site\" content=\"@iengenharia\" \/>\n<meta name=\"twitter:label1\" content=\"Escrito por\" \/>\n\t<meta name=\"twitter:data1\" content=\"Bianca\" \/>\n\t<meta name=\"twitter:label2\" content=\"Est. tempo de leitura\" \/>\n\t<meta name=\"twitter:data2\" content=\"3 minutos\" \/>\n<script type=\"application\/ld+json\" class=\"yoast-schema-graph\">{\"@context\":\"https:\/\/schema.org\",\"@graph\":[{\"@type\":\"Article\",\"@id\":\"https:\/\/www.institutodeengenharia.org.br\/site\/2021\/01\/26\/mobilidade-urbana-conceito-e-planejamento-no-ambiente-brasileiro\/#article\",\"isPartOf\":{\"@id\":\"https:\/\/www.institutodeengenharia.org.br\/site\/2021\/01\/26\/mobilidade-urbana-conceito-e-planejamento-no-ambiente-brasileiro\/\"},\"author\":{\"name\":\"Bianca\",\"@id\":\"https:\/\/www.institutodeengenharia.org.br\/site\/#\/schema\/person\/aeb64951c405e100d26d30b033dd423f\"},\"headline\":\"Mobilidade urbana: conceito e planejamento no ambiente brasileiro\",\"datePublished\":\"2021-01-26T20:00:15+00:00\",\"dateModified\":\"2021-01-29T18:26:32+00:00\",\"mainEntityOfPage\":{\"@id\":\"https:\/\/www.institutodeengenharia.org.br\/site\/2021\/01\/26\/mobilidade-urbana-conceito-e-planejamento-no-ambiente-brasileiro\/\"},\"wordCount\":438,\"commentCount\":0,\"publisher\":{\"@id\":\"https:\/\/www.institutodeengenharia.org.br\/site\/#organization\"},\"image\":{\"@id\":\"https:\/\/www.institutodeengenharia.org.br\/site\/2021\/01\/26\/mobilidade-urbana-conceito-e-planejamento-no-ambiente-brasileiro\/#primaryimage\"},\"thumbnailUrl\":\"https:\/\/www.institutodeengenharia.org.br\/site\/wp-content\/uploads\/2021\/01\/mobilidade-urbana-conceito-e-planejamento-no-ambiente-brasileiro.jpg\",\"articleSection\":[\"Nova TV Engenharia\",\"Palestra\"],\"inLanguage\":\"pt-BR\",\"potentialAction\":[{\"@type\":\"CommentAction\",\"name\":\"Comment\",\"target\":[\"https:\/\/www.institutodeengenharia.org.br\/site\/2021\/01\/26\/mobilidade-urbana-conceito-e-planejamento-no-ambiente-brasileiro\/#respond\"]}]},{\"@type\":\"WebPage\",\"@id\":\"https:\/\/www.institutodeengenharia.org.br\/site\/2021\/01\/26\/mobilidade-urbana-conceito-e-planejamento-no-ambiente-brasileiro\/\",\"url\":\"https:\/\/www.institutodeengenharia.org.br\/site\/2021\/01\/26\/mobilidade-urbana-conceito-e-planejamento-no-ambiente-brasileiro\/\",\"name\":\"Mobilidade urbana: conceito e planejamento no ambiente brasileiro - Instituto de Engenharia\",\"isPartOf\":{\"@id\":\"https:\/\/www.institutodeengenharia.org.br\/site\/#website\"},\"primaryImageOfPage\":{\"@id\":\"https:\/\/www.institutodeengenharia.org.br\/site\/2021\/01\/26\/mobilidade-urbana-conceito-e-planejamento-no-ambiente-brasileiro\/#primaryimage\"},\"image\":{\"@id\":\"https:\/\/www.institutodeengenharia.org.br\/site\/2021\/01\/26\/mobilidade-urbana-conceito-e-planejamento-no-ambiente-brasileiro\/#primaryimage\"},\"thumbnailUrl\":\"https:\/\/www.institutodeengenharia.org.br\/site\/wp-content\/uploads\/2021\/01\/mobilidade-urbana-conceito-e-planejamento-no-ambiente-brasileiro.jpg\",\"datePublished\":\"2021-01-26T20:00:15+00:00\",\"dateModified\":\"2021-01-29T18:26:32+00:00\",\"breadcrumb\":{\"@id\":\"https:\/\/www.institutodeengenharia.org.br\/site\/2021\/01\/26\/mobilidade-urbana-conceito-e-planejamento-no-ambiente-brasileiro\/#breadcrumb\"},\"inLanguage\":\"pt-BR\",\"potentialAction\":[{\"@type\":\"ReadAction\",\"target\":[\"https:\/\/www.institutodeengenharia.org.br\/site\/2021\/01\/26\/mobilidade-urbana-conceito-e-planejamento-no-ambiente-brasileiro\/\"]}]},{\"@type\":\"ImageObject\",\"inLanguage\":\"pt-BR\",\"@id\":\"https:\/\/www.institutodeengenharia.org.br\/site\/2021\/01\/26\/mobilidade-urbana-conceito-e-planejamento-no-ambiente-brasileiro\/#primaryimage\",\"url\":\"https:\/\/www.institutodeengenharia.org.br\/site\/wp-content\/uploads\/2021\/01\/mobilidade-urbana-conceito-e-planejamento-no-ambiente-brasileiro.jpg\",\"contentUrl\":\"https:\/\/www.institutodeengenharia.org.br\/site\/wp-content\/uploads\/2021\/01\/mobilidade-urbana-conceito-e-planejamento-no-ambiente-brasileiro.jpg\",\"width\":1782,\"height\":947},{\"@type\":\"BreadcrumbList\",\"@id\":\"https:\/\/www.institutodeengenharia.org.br\/site\/2021\/01\/26\/mobilidade-urbana-conceito-e-planejamento-no-ambiente-brasileiro\/#breadcrumb\",\"itemListElement\":[{\"@type\":\"ListItem\",\"position\":1,\"name\":\"In\u00edcio\",\"item\":\"https:\/\/www.institutodeengenharia.org.br\/site\/\"},{\"@type\":\"ListItem\",\"position\":2,\"name\":\"Mobilidade urbana: conceito e planejamento no ambiente brasileiro\"}]},{\"@type\":\"WebSite\",\"@id\":\"https:\/\/www.institutodeengenharia.org.br\/site\/#website\",\"url\":\"https:\/\/www.institutodeengenharia.org.br\/site\/\",\"name\":\"Instituto de Engenharia\",\"description\":\"O Instituto de Engenharia promove a Engenharia em benef\u00edcio do desenvolvimento e da qualidade de vida da sociedade.\",\"publisher\":{\"@id\":\"https:\/\/www.institutodeengenharia.org.br\/site\/#organization\"},\"potentialAction\":[{\"@type\":\"SearchAction\",\"target\":{\"@type\":\"EntryPoint\",\"urlTemplate\":\"https:\/\/www.institutodeengenharia.org.br\/site\/?s={search_term_string}\"},\"query-input\":{\"@type\":\"PropertyValueSpecification\",\"valueRequired\":true,\"valueName\":\"search_term_string\"}}],\"inLanguage\":\"pt-BR\"},{\"@type\":\"Organization\",\"@id\":\"https:\/\/www.institutodeengenharia.org.br\/site\/#organization\",\"name\":\"Instituto de Engenharia\",\"url\":\"https:\/\/www.institutodeengenharia.org.br\/site\/\",\"logo\":{\"@type\":\"ImageObject\",\"inLanguage\":\"pt-BR\",\"@id\":\"https:\/\/www.institutodeengenharia.org.br\/site\/#\/schema\/logo\/image\/\",\"url\":\"https:\/\/www.institutodeengenharia.org.br\/site\/wp-content\/uploads\/2019\/03\/logo-novo-IE2018-1.jpg\",\"contentUrl\":\"https:\/\/www.institutodeengenharia.org.br\/site\/wp-content\/uploads\/2019\/03\/logo-novo-IE2018-1.jpg\",\"width\":1486,\"height\":1879,\"caption\":\"Instituto de Engenharia\"},\"image\":{\"@id\":\"https:\/\/www.institutodeengenharia.org.br\/site\/#\/schema\/logo\/image\/\"},\"sameAs\":[\"https:\/\/www.facebook.com\/institutodeengenharia\",\"https:\/\/x.com\/iengenharia\",\"https:\/\/www.instagram.com\/institutodeengenharia\/\",\"https:\/\/www.linkedin.com\/company\/instituto-de-engenharia\/\",\"https:\/\/www.youtube.com\/channel\/UCXiCAlsSMe977vamW915HxA\"]},{\"@type\":\"Person\",\"@id\":\"https:\/\/www.institutodeengenharia.org.br\/site\/#\/schema\/person\/aeb64951c405e100d26d30b033dd423f\",\"name\":\"Bianca\",\"image\":{\"@type\":\"ImageObject\",\"inLanguage\":\"pt-BR\",\"@id\":\"https:\/\/secure.gravatar.com\/avatar\/a6fbe9bff57405baf4c1e2c5c1811e072b558253974a9f9508f4678900c97c2a?s=96&d=mm&r=g\",\"url\":\"https:\/\/secure.gravatar.com\/avatar\/a6fbe9bff57405baf4c1e2c5c1811e072b558253974a9f9508f4678900c97c2a?s=96&d=mm&r=g\",\"contentUrl\":\"https:\/\/secure.gravatar.com\/avatar\/a6fbe9bff57405baf4c1e2c5c1811e072b558253974a9f9508f4678900c97c2a?s=96&d=mm&r=g\",\"caption\":\"Bianca\"},\"url\":\"https:\/\/www.institutodeengenharia.org.br\/site\/author\/comunicacao1\/\"}]}<\/script>\n<!-- \/ Yoast SEO plugin. -->","yoast_head_json":{"title":"Mobilidade urbana: conceito e planejamento no ambiente brasileiro - Instituto de Engenharia","robots":{"index":"index","follow":"follow","max-snippet":"max-snippet:-1","max-image-preview":"max-image-preview:large","max-video-preview":"max-video-preview:-1"},"canonical":"https:\/\/www.institutodeengenharia.org.br\/site\/2021\/01\/26\/mobilidade-urbana-conceito-e-planejamento-no-ambiente-brasileiro\/","og_locale":"pt_BR","og_type":"article","og_title":"Mobilidade urbana: conceito e planejamento no ambiente brasileiro - Instituto de Engenharia","og_description":"A palestra do livro Mobilidade urbana: conceito e planejamento no ambiente brasileiro\u00a0faz parte da\u00a0S\u00e9rie Biblioteca \u2013 Informa\u00e7\u00e3o viva, conhecimento aplicado, uma realiza\u00e7\u00e3o do Instituto de Engenharia. Assista abaixo \u00e0 grava\u00e7\u00e3o: &nbsp; &nbsp; + Informa\u00e7\u00f5es: Abordagem: Apresenta\u00e7\u00e3o do livro pelo autor. Livro: P\u00fablico-alvo: Engenheiros, arquitetos, t\u00e9cnicos, estudantes e demais interessados. Palestrantes: Martha Martorelli Assessora de Diretoria [&hellip;]","og_url":"https:\/\/www.institutodeengenharia.org.br\/site\/2021\/01\/26\/mobilidade-urbana-conceito-e-planejamento-no-ambiente-brasileiro\/","og_site_name":"Instituto de Engenharia","article_publisher":"https:\/\/www.facebook.com\/institutodeengenharia","article_published_time":"2021-01-26T20:00:15+00:00","article_modified_time":"2021-01-29T18:26:32+00:00","og_image":[{"width":1782,"height":947,"url":"https:\/\/www.institutodeengenharia.org.br\/site\/wp-content\/uploads\/2021\/01\/mobilidade-urbana-conceito-e-planejamento-no-ambiente-brasileiro.jpg","type":"image\/jpeg"}],"author":"Bianca","twitter_card":"summary_large_image","twitter_creator":"@iengenharia","twitter_site":"@iengenharia","twitter_misc":{"Escrito por":"Bianca","Est. tempo de leitura":"3 minutos"},"schema":{"@context":"https:\/\/schema.org","@graph":[{"@type":"Article","@id":"https:\/\/www.institutodeengenharia.org.br\/site\/2021\/01\/26\/mobilidade-urbana-conceito-e-planejamento-no-ambiente-brasileiro\/#article","isPartOf":{"@id":"https:\/\/www.institutodeengenharia.org.br\/site\/2021\/01\/26\/mobilidade-urbana-conceito-e-planejamento-no-ambiente-brasileiro\/"},"author":{"name":"Bianca","@id":"https:\/\/www.institutodeengenharia.org.br\/site\/#\/schema\/person\/aeb64951c405e100d26d30b033dd423f"},"headline":"Mobilidade urbana: conceito e planejamento no ambiente brasileiro","datePublished":"2021-01-26T20:00:15+00:00","dateModified":"2021-01-29T18:26:32+00:00","mainEntityOfPage":{"@id":"https:\/\/www.institutodeengenharia.org.br\/site\/2021\/01\/26\/mobilidade-urbana-conceito-e-planejamento-no-ambiente-brasileiro\/"},"wordCount":438,"commentCount":0,"publisher":{"@id":"https:\/\/www.institutodeengenharia.org.br\/site\/#organization"},"image":{"@id":"https:\/\/www.institutodeengenharia.org.br\/site\/2021\/01\/26\/mobilidade-urbana-conceito-e-planejamento-no-ambiente-brasileiro\/#primaryimage"},"thumbnailUrl":"https:\/\/www.institutodeengenharia.org.br\/site\/wp-content\/uploads\/2021\/01\/mobilidade-urbana-conceito-e-planejamento-no-ambiente-brasileiro.jpg","articleSection":["Nova TV Engenharia","Palestra"],"inLanguage":"pt-BR","potentialAction":[{"@type":"CommentAction","name":"Comment","target":["https:\/\/www.institutodeengenharia.org.br\/site\/2021\/01\/26\/mobilidade-urbana-conceito-e-planejamento-no-ambiente-brasileiro\/#respond"]}]},{"@type":"WebPage","@id":"https:\/\/www.institutodeengenharia.org.br\/site\/2021\/01\/26\/mobilidade-urbana-conceito-e-planejamento-no-ambiente-brasileiro\/","url":"https:\/\/www.institutodeengenharia.org.br\/site\/2021\/01\/26\/mobilidade-urbana-conceito-e-planejamento-no-ambiente-brasileiro\/","name":"Mobilidade urbana: conceito e planejamento no ambiente brasileiro - Instituto de Engenharia","isPartOf":{"@id":"https:\/\/www.institutodeengenharia.org.br\/site\/#website"},"primaryImageOfPage":{"@id":"https:\/\/www.institutodeengenharia.org.br\/site\/2021\/01\/26\/mobilidade-urbana-conceito-e-planejamento-no-ambiente-brasileiro\/#primaryimage"},"image":{"@id":"https:\/\/www.institutodeengenharia.org.br\/site\/2021\/01\/26\/mobilidade-urbana-conceito-e-planejamento-no-ambiente-brasileiro\/#primaryimage"},"thumbnailUrl":"https:\/\/www.institutodeengenharia.org.br\/site\/wp-content\/uploads\/2021\/01\/mobilidade-urbana-conceito-e-planejamento-no-ambiente-brasileiro.jpg","datePublished":"2021-01-26T20:00:15+00:00","dateModified":"2021-01-29T18:26:32+00:00","breadcrumb":{"@id":"https:\/\/www.institutodeengenharia.org.br\/site\/2021\/01\/26\/mobilidade-urbana-conceito-e-planejamento-no-ambiente-brasileiro\/#breadcrumb"},"inLanguage":"pt-BR","potentialAction":[{"@type":"ReadAction","target":["https:\/\/www.institutodeengenharia.org.br\/site\/2021\/01\/26\/mobilidade-urbana-conceito-e-planejamento-no-ambiente-brasileiro\/"]}]},{"@type":"ImageObject","inLanguage":"pt-BR","@id":"https:\/\/www.institutodeengenharia.org.br\/site\/2021\/01\/26\/mobilidade-urbana-conceito-e-planejamento-no-ambiente-brasileiro\/#primaryimage","url":"https:\/\/www.institutodeengenharia.org.br\/site\/wp-content\/uploads\/2021\/01\/mobilidade-urbana-conceito-e-planejamento-no-ambiente-brasileiro.jpg","contentUrl":"https:\/\/www.institutodeengenharia.org.br\/site\/wp-content\/uploads\/2021\/01\/mobilidade-urbana-conceito-e-planejamento-no-ambiente-brasileiro.jpg","width":1782,"height":947},{"@type":"BreadcrumbList","@id":"https:\/\/www.institutodeengenharia.org.br\/site\/2021\/01\/26\/mobilidade-urbana-conceito-e-planejamento-no-ambiente-brasileiro\/#breadcrumb","itemListElement":[{"@type":"ListItem","position":1,"name":"In\u00edcio","item":"https:\/\/www.institutodeengenharia.org.br\/site\/"},{"@type":"ListItem","position":2,"name":"Mobilidade urbana: conceito e planejamento no ambiente brasileiro"}]},{"@type":"WebSite","@id":"https:\/\/www.institutodeengenharia.org.br\/site\/#website","url":"https:\/\/www.institutodeengenharia.org.br\/site\/","name":"Instituto de Engenharia","description":"O Instituto de Engenharia promove a Engenharia em benef\u00edcio do desenvolvimento e da qualidade de vida da sociedade.","publisher":{"@id":"https:\/\/www.institutodeengenharia.org.br\/site\/#organization"},"potentialAction":[{"@type":"SearchAction","target":{"@type":"EntryPoint","urlTemplate":"https:\/\/www.institutodeengenharia.org.br\/site\/?s={search_term_string}"},"query-input":{"@type":"PropertyValueSpecification","valueRequired":true,"valueName":"search_term_string"}}],"inLanguage":"pt-BR"},{"@type":"Organization","@id":"https:\/\/www.institutodeengenharia.org.br\/site\/#organization","name":"Instituto de Engenharia","url":"https:\/\/www.institutodeengenharia.org.br\/site\/","logo":{"@type":"ImageObject","inLanguage":"pt-BR","@id":"https:\/\/www.institutodeengenharia.org.br\/site\/#\/schema\/logo\/image\/","url":"https:\/\/www.institutodeengenharia.org.br\/site\/wp-content\/uploads\/2019\/03\/logo-novo-IE2018-1.jpg","contentUrl":"https:\/\/www.institutodeengenharia.org.br\/site\/wp-content\/uploads\/2019\/03\/logo-novo-IE2018-1.jpg","width":1486,"height":1879,"caption":"Instituto de Engenharia"},"image":{"@id":"https:\/\/www.institutodeengenharia.org.br\/site\/#\/schema\/logo\/image\/"},"sameAs":["https:\/\/www.facebook.com\/institutodeengenharia","https:\/\/x.com\/iengenharia","https:\/\/www.instagram.com\/institutodeengenharia\/","https:\/\/www.linkedin.com\/company\/instituto-de-engenharia\/","https:\/\/www.youtube.com\/channel\/UCXiCAlsSMe977vamW915HxA"]},{"@type":"Person","@id":"https:\/\/www.institutodeengenharia.org.br\/site\/#\/schema\/person\/aeb64951c405e100d26d30b033dd423f","name":"Bianca","image":{"@type":"ImageObject","inLanguage":"pt-BR","@id":"https:\/\/secure.gravatar.com\/avatar\/a6fbe9bff57405baf4c1e2c5c1811e072b558253974a9f9508f4678900c97c2a?s=96&d=mm&r=g","url":"https:\/\/secure.gravatar.com\/avatar\/a6fbe9bff57405baf4c1e2c5c1811e072b558253974a9f9508f4678900c97c2a?s=96&d=mm&r=g","contentUrl":"https:\/\/secure.gravatar.com\/avatar\/a6fbe9bff57405baf4c1e2c5c1811e072b558253974a9f9508f4678900c97c2a?s=96&d=mm&r=g","caption":"Bianca"},"url":"https:\/\/www.institutodeengenharia.org.br\/site\/author\/comunicacao1\/"}]}},"_links":{"self":[{"href":"https:\/\/www.institutodeengenharia.org.br\/site\/wp-json\/wp\/v2\/posts\/74570","targetHints":{"allow":["GET"]}}],"collection":[{"href":"https:\/\/www.institutodeengenharia.org.br\/site\/wp-json\/wp\/v2\/posts"}],"about":[{"href":"https:\/\/www.institutodeengenharia.org.br\/site\/wp-json\/wp\/v2\/types\/post"}],"author":[{"embeddable":true,"href":"https:\/\/www.institutodeengenharia.org.br\/site\/wp-json\/wp\/v2\/users\/13"}],"replies":[{"embeddable":true,"href":"https:\/\/www.institutodeengenharia.org.br\/site\/wp-json\/wp\/v2\/comments?post=74570"}],"version-history":[{"count":1,"href":"https:\/\/www.institutodeengenharia.org.br\/site\/wp-json\/wp\/v2\/posts\/74570\/revisions"}],"predecessor-version":[{"id":74571,"href":"https:\/\/www.institutodeengenharia.org.br\/site\/wp-json\/wp\/v2\/posts\/74570\/revisions\/74571"}],"wp:featuredmedia":[{"embeddable":true,"href":"https:\/\/www.institutodeengenharia.org.br\/site\/wp-json\/wp\/v2\/media\/74393"}],"wp:attachment":[{"href":"https:\/\/www.institutodeengenharia.org.br\/site\/wp-json\/wp\/v2\/media?parent=74570"}],"wp:term":[{"taxonomy":"category","embeddable":true,"href":"https:\/\/www.institutodeengenharia.org.br\/site\/wp-json\/wp\/v2\/categories?post=74570"},{"taxonomy":"post_tag","embeddable":true,"href":"https:\/\/www.institutodeengenharia.org.br\/site\/wp-json\/wp\/v2\/tags?post=74570"}],"curies":[{"name":"wp","href":"https:\/\/api.w.org\/{rel}","templated":true}]}}