{"id":74445,"date":"2021-12-17T16:00:01","date_gmt":"2021-12-17T19:00:01","guid":{"rendered":"https:\/\/www.institutodeengenharia.org.br\/site\/?p=74445"},"modified":"2021-12-17T16:40:27","modified_gmt":"2021-12-17T19:40:27","slug":"o-voo-do-impossivel-a-historia-do-bandeirante-o-aviao-que-gerou-a-embraer","status":"publish","type":"post","link":"https:\/\/www.institutodeengenharia.org.br\/site\/2021\/12\/17\/o-voo-do-impossivel-a-historia-do-bandeirante-o-aviao-que-gerou-a-embraer\/","title":{"rendered":"A hist\u00f3ria do bandeirante, o avi\u00e3o que gerou a Embraer &#8211; O voo do imposs\u00edvel"},"content":{"rendered":"<p>A palestra do livro <strong>O voo do imposs\u00edvel \u2013 a hist\u00f3ria do bandeirante, o avi\u00e3o que gerou a Embraer\u00a0<\/strong>faz parte da\u00a0<em>S\u00e9rie Biblioteca \u2013 Informa\u00e7\u00e3o viva, conhecimento aplicado<\/em>, uma realiza\u00e7\u00e3o do Instituto de Engenharia.<\/p>\n<p><strong>Assista abaixo \u00e0 grava\u00e7\u00e3o:<\/strong><\/p>\n<p><iframe loading=\"lazy\" src=\"https:\/\/player.vimeo.com\/video\/503777777\" width=\"640\" height=\"360\" frameborder=\"0\" allowfullscreen=\"allowfullscreen\"><\/iframe><\/p>\n<p>&nbsp;<\/p>\n<p><strong>+ Informa\u00e7\u00f5es:<\/strong><\/p>\n<p><strong>Abordagem:<\/strong><\/p>\n<p>Em comemora\u00e7\u00e3o aos 90 anos o engenheiro Ozires Silva, fundador da Embraer, e Eminente Engenheiro do Ano 1980 por este Instituto, lan\u00e7amos a S\u00e9rie Biblioteca \u2013 Informa\u00e7\u00e3o viva, conhecimento aplicado, com um bate-papo com Claudio Lucchesi Cavalca<strong>, <\/strong>autor do livro <strong>&#8220;<\/strong>O voo do imposs\u00edvel \u2013 a hist\u00f3ria do bandeirante, o avi\u00e3o que gerou a Embraer&#8221;.<\/p>\n<p><strong>Livro:<\/strong><\/p>\n<p><img loading=\"lazy\" decoding=\"async\" class=\"alignnone wp-image-73955\" src=\"https:\/\/www.institutodeengenharia.org.br\/site\/wp-content\/uploads\/2021\/01\/o-voo-do-impossivel-a-historia-do-bandeirante-o-aviao-que-gerou-a-embraer-1.jpg\" alt=\"\" width=\"330\" height=\"330\" srcset=\"https:\/\/www.institutodeengenharia.org.br\/site\/wp-content\/uploads\/2021\/01\/o-voo-do-impossivel-a-historia-do-bandeirante-o-aviao-que-gerou-a-embraer-1.jpg 800w, https:\/\/www.institutodeengenharia.org.br\/site\/wp-content\/uploads\/2021\/01\/o-voo-do-impossivel-a-historia-do-bandeirante-o-aviao-que-gerou-a-embraer-1-300x300.jpg 300w, https:\/\/www.institutodeengenharia.org.br\/site\/wp-content\/uploads\/2021\/01\/o-voo-do-impossivel-a-historia-do-bandeirante-o-aviao-que-gerou-a-embraer-1-150x150.jpg 150w, https:\/\/www.institutodeengenharia.org.br\/site\/wp-content\/uploads\/2021\/01\/o-voo-do-impossivel-a-historia-do-bandeirante-o-aviao-que-gerou-a-embraer-1-768x768.jpg 768w, https:\/\/www.institutodeengenharia.org.br\/site\/wp-content\/uploads\/2021\/01\/o-voo-do-impossivel-a-historia-do-bandeirante-o-aviao-que-gerou-a-embraer-1-696x696.jpg 696w, https:\/\/www.institutodeengenharia.org.br\/site\/wp-content\/uploads\/2021\/01\/o-voo-do-impossivel-a-historia-do-bandeirante-o-aviao-que-gerou-a-embraer-1-420x420.jpg 420w, https:\/\/www.institutodeengenharia.org.br\/site\/wp-content\/uploads\/2021\/01\/o-voo-do-impossivel-a-historia-do-bandeirante-o-aviao-que-gerou-a-embraer-1-600x600.jpg 600w, https:\/\/www.institutodeengenharia.org.br\/site\/wp-content\/uploads\/2021\/01\/o-voo-do-impossivel-a-historia-do-bandeirante-o-aviao-que-gerou-a-embraer-1-100x100.jpg 100w\" sizes=\"auto, (max-width: 330px) 100vw, 330px\" \/><\/p>\n<p><strong>P\u00fablico-alvo:\u00a0<\/strong><\/p>\n<p>Engenheiros, t\u00e9cnicos, estudantes e demais interessados.<\/p>\n<p><strong>Autor:<\/strong><\/p>\n<p><img loading=\"lazy\" decoding=\"async\" class=\"alignnone wp-image-73951\" src=\"https:\/\/www.institutodeengenharia.org.br\/site\/wp-content\/uploads\/2021\/01\/Sem-titulo2.png\" alt=\"\" width=\"138\" height=\"172\" \/><\/p>\n<p><strong>Claudio Lucchesi Cavalca<\/strong><\/p>\n<p>Editor da ASAS \u2013 Revista de Cultura e Hist\u00f3ria da Avia\u00e7\u00e3o<\/p>\n<p>Bacharel em Jornalismo pela Escola de Comunica\u00e7\u00f5es e Artes da Universidade de S\u00e3o Paulo (ECA-USP) e especializa\u00e7\u00e3o pedag\u00f3gica 2\u00aa Licenciatura: Hist\u00f3ria pela Uniplena Educacional. Palestrante em diversos eventos universit\u00e1rios e diplom\u00e1ticos como: Campus Party 2010 na \u00e1rea de Simula\u00e7\u00e3o, IV Semana de Engenharia Mecatr\u00f4nica da Escola de Engenharia de S\u00e3o Carlos (EESC) \u2013 hist\u00f3ria da avia\u00e7\u00e3o, em diversas edi\u00e7\u00f5es da Semana de Engenharia Mec\u00e2nica da Universidade de Campinas (UNICAMP), na Faculdade Can\u00e7\u00e3o Nova, com o tema \u201cA Imprensa e o Cen\u00e1rio A\u00e9reo Brasileiro \u2013 Uma Perspectiva da Avia\u00e7\u00e3o Civil e Militar\u201d, etc. Atuou em canais de comunica\u00e7\u00e3o como Jornal da Tarde, TVA, Flap Internacional e Jornal da Tarde, diversas revistas nacionais e internacionais e foi diretor t\u00e9cnico de Avia\u00e7\u00e3o e Hist\u00f3rico do curta metragem de anima\u00e7\u00e3o \u201cO Voo do Imposs\u00edvel\u201d dirigido pelo Jo\u00e3o Marcos Massote. Ministrou aulas de Hist\u00f3ria da Avia\u00e7\u00e3o na Universidade Anhembi-Morumbi. Autor dos livros: Loucos e Her\u00f3is (Fatos e Curiosidades da Hist\u00f3ria da Avia\u00e7\u00e3o), Kursk 1943, Stalingrado 1942, O Voo do Imposs\u00edvel \u2013 A Hist\u00f3ria do Bandeirante, o Avi\u00e3o que Gerou a Embraer e, publicou como editor e integrante de equipe de diversos livros como: Engenheiros da Vit\u00f3ria (Os Respons\u00e1veis pela Virada na Segunda Guerra Mundial) e Tudo pela P\u00e1tria. Recebeu comendas e homenagens pela Marinha, Comando da Aeron\u00e1utica, IPEV (Instituto de Pesquisas e Ensaios em Voo e diversos outros dentre as atividades de comunica\u00e7\u00e3o. Atualmente \u00e9 editor da ASAS \u2013 Revista de Cultura e Hist\u00f3ria da Avia\u00e7\u00e3o.<\/p>\n<p><strong>Convidado Embraer:<\/strong><\/p>\n<p><img loading=\"lazy\" decoding=\"async\" class=\"alignnone wp-image-73983\" src=\"https:\/\/www.institutodeengenharia.org.br\/site\/wp-content\/uploads\/2021\/01\/Joao-Marcos-Massote.jpg\" alt=\"\" width=\"148\" height=\"148\" srcset=\"https:\/\/www.institutodeengenharia.org.br\/site\/wp-content\/uploads\/2021\/01\/Joao-Marcos-Massote.jpg 200w, https:\/\/www.institutodeengenharia.org.br\/site\/wp-content\/uploads\/2021\/01\/Joao-Marcos-Massote-150x150.jpg 150w, https:\/\/www.institutodeengenharia.org.br\/site\/wp-content\/uploads\/2021\/01\/Joao-Marcos-Massote-100x100.jpg 100w\" sizes=\"auto, (max-width: 148px) 100vw, 148px\" \/><\/p>\n<p><strong>Jo\u00e3o Marcos Massote<\/strong><\/p>\n<p>Diretor do curta-metragem &#8220;O Voo do Imposs\u00edvel&#8221;<\/p>\n<p>Bacharel em ci\u00eancias sociais pela USP, graduado em cinema e audiovisual pela FMU \u2013 Faculdades Metropolitanas Unidas e especializa\u00e7\u00e3o em Hi Definition Filmaking pela New York Film Academy. Atua h\u00e1 mais de 12 anos na Embraer como Diretor de Cria\u00e7\u00e3o de Conte\u00fado da Marca Embraer, onde dirigiu e roteirizou centenas de pe\u00e7as audiovisuais, incluindo a anima\u00e7\u00e3o \u201cO Voo do Imposs\u00edvel\u201d um curta-metragem de 14 minutos que conta a hist\u00f3ria de Ozires Silva, engenheiro que liderou a cria\u00e7\u00e3o da Embraer e o seu primeiro projeto, o Bandeirante.<\/p>\n<p><img loading=\"lazy\" decoding=\"async\" class=\"alignnone wp-image-73982\" src=\"https:\/\/www.institutodeengenharia.org.br\/site\/wp-content\/uploads\/2021\/01\/ozires-silva-1.jpg\" alt=\"\" width=\"143\" height=\"168\" srcset=\"https:\/\/www.institutodeengenharia.org.br\/site\/wp-content\/uploads\/2021\/01\/ozires-silva-1.jpg 339w, https:\/\/www.institutodeengenharia.org.br\/site\/wp-content\/uploads\/2021\/01\/ozires-silva-1-255x300.jpg 255w\" sizes=\"auto, (max-width: 143px) 100vw, 143px\" \/><\/p>\n<p><strong>Ozires Silva<\/strong><\/p>\n<p>Engenheiro Aeron\u00e1utico e fundador da Embraer<\/p>\n<p>Oficial da Aeron\u00e1utica e engenheiro formado pelo Instituto Tecnol\u00f3gico de Aeron\u00e1utica (ITA). Destaca-se por sua contribui\u00e7\u00e3o no desenvolvimento da ind\u00fastria aeron\u00e1utica brasileira. Liderou a equipe que projetou e construiu o avi\u00e3o Bandeirante. Em 1969, comandou o grupo que promoveu a cria\u00e7\u00e3o da Embraer.<\/p>\n<p><strong>Apoio Institucional:\u00a0<\/strong><\/p>\n<p><img decoding=\"async\" src=\"https:\/\/www.institutodeengenharia.org.br\/site\/wp-content\/uploads\/2018\/04\/CREA-SP_vertical.jpg\" \/><\/p>\n<p><strong>Realiza\u00e7\u00e3o:\u00a0<\/strong><\/p>\n<p><strong>Eng. Ricardo Kenzo<\/strong> \u2013 Vice-Presidente de Rela\u00e7\u00f5es Externas<\/p>\n","protected":false},"excerpt":{"rendered":"<p>A palestra do livro O voo do imposs\u00edvel \u2013 a hist\u00f3ria do bandeirante, o avi\u00e3o que gerou a Embraer\u00a0faz parte da\u00a0S\u00e9rie Biblioteca \u2013 Informa\u00e7\u00e3o viva, conhecimento aplicado, uma realiza\u00e7\u00e3o do Instituto de Engenharia. Assista abaixo \u00e0 grava\u00e7\u00e3o: &nbsp; + Informa\u00e7\u00f5es: Abordagem: Em comemora\u00e7\u00e3o aos 90 anos o engenheiro Ozires Silva, fundador da Embraer, e Eminente [&hellip;]<\/p>\n","protected":false},"author":13,"featured_media":73956,"comment_status":"open","ping_status":"open","sticky":false,"template":"","format":"video","meta":{"footnotes":""},"categories":[968,969],"tags":[1176],"class_list":{"0":"post-74445","1":"post","2":"type-post","3":"status-publish","4":"format-video","5":"has-post-thumbnail","7":"category-nova-tv-engenharia","8":"category-palestra","9":"tag-video-home","10":"post_format-post-format-video"},"yoast_head":"<!-- This site is optimized with the Yoast SEO plugin v27.2 - https:\/\/yoast.com\/product\/yoast-seo-wordpress\/ -->\n<title>A hist\u00f3ria do bandeirante, o avi\u00e3o que gerou a Embraer - O voo do imposs\u00edvel - Instituto de Engenharia<\/title>\n<meta name=\"robots\" content=\"index, follow, max-snippet:-1, max-image-preview:large, max-video-preview:-1\" \/>\n<link rel=\"canonical\" href=\"https:\/\/www.institutodeengenharia.org.br\/site\/2021\/12\/17\/o-voo-do-impossivel-a-historia-do-bandeirante-o-aviao-que-gerou-a-embraer\/\" \/>\n<meta property=\"og:locale\" content=\"pt_BR\" \/>\n<meta property=\"og:type\" content=\"article\" \/>\n<meta property=\"og:title\" content=\"A hist\u00f3ria do bandeirante, o avi\u00e3o que gerou a Embraer - O voo do imposs\u00edvel - Instituto de Engenharia\" \/>\n<meta property=\"og:description\" content=\"A palestra do livro O voo do imposs\u00edvel \u2013 a hist\u00f3ria do bandeirante, o avi\u00e3o que gerou a Embraer\u00a0faz parte da\u00a0S\u00e9rie Biblioteca \u2013 Informa\u00e7\u00e3o viva, conhecimento aplicado, uma realiza\u00e7\u00e3o do Instituto de Engenharia. Assista abaixo \u00e0 grava\u00e7\u00e3o: &nbsp; + Informa\u00e7\u00f5es: Abordagem: Em comemora\u00e7\u00e3o aos 90 anos o engenheiro Ozires Silva, fundador da Embraer, e Eminente [&hellip;]\" \/>\n<meta property=\"og:url\" content=\"https:\/\/www.institutodeengenharia.org.br\/site\/2021\/12\/17\/o-voo-do-impossivel-a-historia-do-bandeirante-o-aviao-que-gerou-a-embraer\/\" \/>\n<meta property=\"og:site_name\" content=\"Instituto de Engenharia\" \/>\n<meta property=\"article:publisher\" content=\"https:\/\/www.facebook.com\/institutodeengenharia\" \/>\n<meta property=\"article:published_time\" content=\"2021-12-17T19:00:01+00:00\" \/>\n<meta property=\"article:modified_time\" content=\"2021-12-17T19:40:27+00:00\" \/>\n<meta property=\"og:image\" content=\"https:\/\/www.institutodeengenharia.org.br\/site\/wp-content\/uploads\/2021\/01\/WhatsApp-Image-2021-01-06-at-17.54.51-e1610366607234.jpeg\" \/>\n\t<meta property=\"og:image:width\" content=\"719\" \/>\n\t<meta property=\"og:image:height\" content=\"494\" \/>\n\t<meta property=\"og:image:type\" content=\"image\/jpeg\" \/>\n<meta name=\"author\" content=\"Bianca\" \/>\n<meta name=\"twitter:card\" content=\"summary_large_image\" \/>\n<meta name=\"twitter:creator\" content=\"@iengenharia\" \/>\n<meta name=\"twitter:site\" content=\"@iengenharia\" \/>\n<meta name=\"twitter:label1\" content=\"Escrito por\" \/>\n\t<meta name=\"twitter:data1\" content=\"Bianca\" \/>\n\t<meta name=\"twitter:label2\" content=\"Est. tempo de leitura\" \/>\n\t<meta name=\"twitter:data2\" content=\"4 minutos\" \/>\n<script type=\"application\/ld+json\" class=\"yoast-schema-graph\">{\"@context\":\"https:\/\/schema.org\",\"@graph\":[{\"@type\":\"Article\",\"@id\":\"https:\/\/www.institutodeengenharia.org.br\/site\/2021\/12\/17\/o-voo-do-impossivel-a-historia-do-bandeirante-o-aviao-que-gerou-a-embraer\/#article\",\"isPartOf\":{\"@id\":\"https:\/\/www.institutodeengenharia.org.br\/site\/2021\/12\/17\/o-voo-do-impossivel-a-historia-do-bandeirante-o-aviao-que-gerou-a-embraer\/\"},\"author\":{\"name\":\"Bianca\",\"@id\":\"https:\/\/www.institutodeengenharia.org.br\/site\/#\/schema\/person\/aeb64951c405e100d26d30b033dd423f\"},\"headline\":\"A hist\u00f3ria do bandeirante, o avi\u00e3o que gerou a Embraer &#8211; O voo do imposs\u00edvel\",\"datePublished\":\"2021-12-17T19:00:01+00:00\",\"dateModified\":\"2021-12-17T19:40:27+00:00\",\"mainEntityOfPage\":{\"@id\":\"https:\/\/www.institutodeengenharia.org.br\/site\/2021\/12\/17\/o-voo-do-impossivel-a-historia-do-bandeirante-o-aviao-que-gerou-a-embraer\/\"},\"wordCount\":598,\"commentCount\":0,\"publisher\":{\"@id\":\"https:\/\/www.institutodeengenharia.org.br\/site\/#organization\"},\"image\":{\"@id\":\"https:\/\/www.institutodeengenharia.org.br\/site\/2021\/12\/17\/o-voo-do-impossivel-a-historia-do-bandeirante-o-aviao-que-gerou-a-embraer\/#primaryimage\"},\"thumbnailUrl\":\"https:\/\/www.institutodeengenharia.org.br\/site\/wp-content\/uploads\/2021\/01\/WhatsApp-Image-2021-01-06-at-17.54.51-e1610366607234.jpeg\",\"keywords\":[\"video-home\"],\"articleSection\":[\"Nova TV Engenharia\",\"Palestra\"],\"inLanguage\":\"pt-BR\",\"potentialAction\":[{\"@type\":\"CommentAction\",\"name\":\"Comment\",\"target\":[\"https:\/\/www.institutodeengenharia.org.br\/site\/2021\/12\/17\/o-voo-do-impossivel-a-historia-do-bandeirante-o-aviao-que-gerou-a-embraer\/#respond\"]}]},{\"@type\":\"WebPage\",\"@id\":\"https:\/\/www.institutodeengenharia.org.br\/site\/2021\/12\/17\/o-voo-do-impossivel-a-historia-do-bandeirante-o-aviao-que-gerou-a-embraer\/\",\"url\":\"https:\/\/www.institutodeengenharia.org.br\/site\/2021\/12\/17\/o-voo-do-impossivel-a-historia-do-bandeirante-o-aviao-que-gerou-a-embraer\/\",\"name\":\"A hist\u00f3ria do bandeirante, o avi\u00e3o que gerou a Embraer - O voo do imposs\u00edvel - Instituto de Engenharia\",\"isPartOf\":{\"@id\":\"https:\/\/www.institutodeengenharia.org.br\/site\/#website\"},\"primaryImageOfPage\":{\"@id\":\"https:\/\/www.institutodeengenharia.org.br\/site\/2021\/12\/17\/o-voo-do-impossivel-a-historia-do-bandeirante-o-aviao-que-gerou-a-embraer\/#primaryimage\"},\"image\":{\"@id\":\"https:\/\/www.institutodeengenharia.org.br\/site\/2021\/12\/17\/o-voo-do-impossivel-a-historia-do-bandeirante-o-aviao-que-gerou-a-embraer\/#primaryimage\"},\"thumbnailUrl\":\"https:\/\/www.institutodeengenharia.org.br\/site\/wp-content\/uploads\/2021\/01\/WhatsApp-Image-2021-01-06-at-17.54.51-e1610366607234.jpeg\",\"datePublished\":\"2021-12-17T19:00:01+00:00\",\"dateModified\":\"2021-12-17T19:40:27+00:00\",\"breadcrumb\":{\"@id\":\"https:\/\/www.institutodeengenharia.org.br\/site\/2021\/12\/17\/o-voo-do-impossivel-a-historia-do-bandeirante-o-aviao-que-gerou-a-embraer\/#breadcrumb\"},\"inLanguage\":\"pt-BR\",\"potentialAction\":[{\"@type\":\"ReadAction\",\"target\":[\"https:\/\/www.institutodeengenharia.org.br\/site\/2021\/12\/17\/o-voo-do-impossivel-a-historia-do-bandeirante-o-aviao-que-gerou-a-embraer\/\"]}]},{\"@type\":\"ImageObject\",\"inLanguage\":\"pt-BR\",\"@id\":\"https:\/\/www.institutodeengenharia.org.br\/site\/2021\/12\/17\/o-voo-do-impossivel-a-historia-do-bandeirante-o-aviao-que-gerou-a-embraer\/#primaryimage\",\"url\":\"https:\/\/www.institutodeengenharia.org.br\/site\/wp-content\/uploads\/2021\/01\/WhatsApp-Image-2021-01-06-at-17.54.51-e1610366607234.jpeg\",\"contentUrl\":\"https:\/\/www.institutodeengenharia.org.br\/site\/wp-content\/uploads\/2021\/01\/WhatsApp-Image-2021-01-06-at-17.54.51-e1610366607234.jpeg\",\"width\":719,\"height\":494},{\"@type\":\"BreadcrumbList\",\"@id\":\"https:\/\/www.institutodeengenharia.org.br\/site\/2021\/12\/17\/o-voo-do-impossivel-a-historia-do-bandeirante-o-aviao-que-gerou-a-embraer\/#breadcrumb\",\"itemListElement\":[{\"@type\":\"ListItem\",\"position\":1,\"name\":\"In\u00edcio\",\"item\":\"https:\/\/www.institutodeengenharia.org.br\/site\/\"},{\"@type\":\"ListItem\",\"position\":2,\"name\":\"A hist\u00f3ria do bandeirante, o avi\u00e3o que gerou a Embraer &#8211; O voo do imposs\u00edvel\"}]},{\"@type\":\"WebSite\",\"@id\":\"https:\/\/www.institutodeengenharia.org.br\/site\/#website\",\"url\":\"https:\/\/www.institutodeengenharia.org.br\/site\/\",\"name\":\"Instituto de Engenharia\",\"description\":\"O Instituto de Engenharia promove a Engenharia em benef\u00edcio do desenvolvimento e da qualidade de vida da sociedade.\",\"publisher\":{\"@id\":\"https:\/\/www.institutodeengenharia.org.br\/site\/#organization\"},\"potentialAction\":[{\"@type\":\"SearchAction\",\"target\":{\"@type\":\"EntryPoint\",\"urlTemplate\":\"https:\/\/www.institutodeengenharia.org.br\/site\/?s={search_term_string}\"},\"query-input\":{\"@type\":\"PropertyValueSpecification\",\"valueRequired\":true,\"valueName\":\"search_term_string\"}}],\"inLanguage\":\"pt-BR\"},{\"@type\":\"Organization\",\"@id\":\"https:\/\/www.institutodeengenharia.org.br\/site\/#organization\",\"name\":\"Instituto de Engenharia\",\"url\":\"https:\/\/www.institutodeengenharia.org.br\/site\/\",\"logo\":{\"@type\":\"ImageObject\",\"inLanguage\":\"pt-BR\",\"@id\":\"https:\/\/www.institutodeengenharia.org.br\/site\/#\/schema\/logo\/image\/\",\"url\":\"https:\/\/www.institutodeengenharia.org.br\/site\/wp-content\/uploads\/2019\/03\/logo-novo-IE2018-1.jpg\",\"contentUrl\":\"https:\/\/www.institutodeengenharia.org.br\/site\/wp-content\/uploads\/2019\/03\/logo-novo-IE2018-1.jpg\",\"width\":1486,\"height\":1879,\"caption\":\"Instituto de Engenharia\"},\"image\":{\"@id\":\"https:\/\/www.institutodeengenharia.org.br\/site\/#\/schema\/logo\/image\/\"},\"sameAs\":[\"https:\/\/www.facebook.com\/institutodeengenharia\",\"https:\/\/x.com\/iengenharia\",\"https:\/\/www.instagram.com\/institutodeengenharia\/\",\"https:\/\/www.linkedin.com\/company\/instituto-de-engenharia\/\",\"https:\/\/www.youtube.com\/channel\/UCXiCAlsSMe977vamW915HxA\"]},{\"@type\":\"Person\",\"@id\":\"https:\/\/www.institutodeengenharia.org.br\/site\/#\/schema\/person\/aeb64951c405e100d26d30b033dd423f\",\"name\":\"Bianca\",\"image\":{\"@type\":\"ImageObject\",\"inLanguage\":\"pt-BR\",\"@id\":\"https:\/\/secure.gravatar.com\/avatar\/a6fbe9bff57405baf4c1e2c5c1811e072b558253974a9f9508f4678900c97c2a?s=96&d=mm&r=g\",\"url\":\"https:\/\/secure.gravatar.com\/avatar\/a6fbe9bff57405baf4c1e2c5c1811e072b558253974a9f9508f4678900c97c2a?s=96&d=mm&r=g\",\"contentUrl\":\"https:\/\/secure.gravatar.com\/avatar\/a6fbe9bff57405baf4c1e2c5c1811e072b558253974a9f9508f4678900c97c2a?s=96&d=mm&r=g\",\"caption\":\"Bianca\"},\"url\":\"https:\/\/www.institutodeengenharia.org.br\/site\/author\/comunicacao1\/\"}]}<\/script>\n<!-- \/ Yoast SEO plugin. -->","yoast_head_json":{"title":"A hist\u00f3ria do bandeirante, o avi\u00e3o que gerou a Embraer - O voo do imposs\u00edvel - Instituto de Engenharia","robots":{"index":"index","follow":"follow","max-snippet":"max-snippet:-1","max-image-preview":"max-image-preview:large","max-video-preview":"max-video-preview:-1"},"canonical":"https:\/\/www.institutodeengenharia.org.br\/site\/2021\/12\/17\/o-voo-do-impossivel-a-historia-do-bandeirante-o-aviao-que-gerou-a-embraer\/","og_locale":"pt_BR","og_type":"article","og_title":"A hist\u00f3ria do bandeirante, o avi\u00e3o que gerou a Embraer - O voo do imposs\u00edvel - Instituto de Engenharia","og_description":"A palestra do livro O voo do imposs\u00edvel \u2013 a hist\u00f3ria do bandeirante, o avi\u00e3o que gerou a Embraer\u00a0faz parte da\u00a0S\u00e9rie Biblioteca \u2013 Informa\u00e7\u00e3o viva, conhecimento aplicado, uma realiza\u00e7\u00e3o do Instituto de Engenharia. Assista abaixo \u00e0 grava\u00e7\u00e3o: &nbsp; + Informa\u00e7\u00f5es: Abordagem: Em comemora\u00e7\u00e3o aos 90 anos o engenheiro Ozires Silva, fundador da Embraer, e Eminente [&hellip;]","og_url":"https:\/\/www.institutodeengenharia.org.br\/site\/2021\/12\/17\/o-voo-do-impossivel-a-historia-do-bandeirante-o-aviao-que-gerou-a-embraer\/","og_site_name":"Instituto de Engenharia","article_publisher":"https:\/\/www.facebook.com\/institutodeengenharia","article_published_time":"2021-12-17T19:00:01+00:00","article_modified_time":"2021-12-17T19:40:27+00:00","og_image":[{"width":719,"height":494,"url":"https:\/\/www.institutodeengenharia.org.br\/site\/wp-content\/uploads\/2021\/01\/WhatsApp-Image-2021-01-06-at-17.54.51-e1610366607234.jpeg","type":"image\/jpeg"}],"author":"Bianca","twitter_card":"summary_large_image","twitter_creator":"@iengenharia","twitter_site":"@iengenharia","twitter_misc":{"Escrito por":"Bianca","Est. tempo de leitura":"4 minutos"},"schema":{"@context":"https:\/\/schema.org","@graph":[{"@type":"Article","@id":"https:\/\/www.institutodeengenharia.org.br\/site\/2021\/12\/17\/o-voo-do-impossivel-a-historia-do-bandeirante-o-aviao-que-gerou-a-embraer\/#article","isPartOf":{"@id":"https:\/\/www.institutodeengenharia.org.br\/site\/2021\/12\/17\/o-voo-do-impossivel-a-historia-do-bandeirante-o-aviao-que-gerou-a-embraer\/"},"author":{"name":"Bianca","@id":"https:\/\/www.institutodeengenharia.org.br\/site\/#\/schema\/person\/aeb64951c405e100d26d30b033dd423f"},"headline":"A hist\u00f3ria do bandeirante, o avi\u00e3o que gerou a Embraer &#8211; O voo do imposs\u00edvel","datePublished":"2021-12-17T19:00:01+00:00","dateModified":"2021-12-17T19:40:27+00:00","mainEntityOfPage":{"@id":"https:\/\/www.institutodeengenharia.org.br\/site\/2021\/12\/17\/o-voo-do-impossivel-a-historia-do-bandeirante-o-aviao-que-gerou-a-embraer\/"},"wordCount":598,"commentCount":0,"publisher":{"@id":"https:\/\/www.institutodeengenharia.org.br\/site\/#organization"},"image":{"@id":"https:\/\/www.institutodeengenharia.org.br\/site\/2021\/12\/17\/o-voo-do-impossivel-a-historia-do-bandeirante-o-aviao-que-gerou-a-embraer\/#primaryimage"},"thumbnailUrl":"https:\/\/www.institutodeengenharia.org.br\/site\/wp-content\/uploads\/2021\/01\/WhatsApp-Image-2021-01-06-at-17.54.51-e1610366607234.jpeg","keywords":["video-home"],"articleSection":["Nova TV Engenharia","Palestra"],"inLanguage":"pt-BR","potentialAction":[{"@type":"CommentAction","name":"Comment","target":["https:\/\/www.institutodeengenharia.org.br\/site\/2021\/12\/17\/o-voo-do-impossivel-a-historia-do-bandeirante-o-aviao-que-gerou-a-embraer\/#respond"]}]},{"@type":"WebPage","@id":"https:\/\/www.institutodeengenharia.org.br\/site\/2021\/12\/17\/o-voo-do-impossivel-a-historia-do-bandeirante-o-aviao-que-gerou-a-embraer\/","url":"https:\/\/www.institutodeengenharia.org.br\/site\/2021\/12\/17\/o-voo-do-impossivel-a-historia-do-bandeirante-o-aviao-que-gerou-a-embraer\/","name":"A hist\u00f3ria do bandeirante, o avi\u00e3o que gerou a Embraer - O voo do imposs\u00edvel - Instituto de Engenharia","isPartOf":{"@id":"https:\/\/www.institutodeengenharia.org.br\/site\/#website"},"primaryImageOfPage":{"@id":"https:\/\/www.institutodeengenharia.org.br\/site\/2021\/12\/17\/o-voo-do-impossivel-a-historia-do-bandeirante-o-aviao-que-gerou-a-embraer\/#primaryimage"},"image":{"@id":"https:\/\/www.institutodeengenharia.org.br\/site\/2021\/12\/17\/o-voo-do-impossivel-a-historia-do-bandeirante-o-aviao-que-gerou-a-embraer\/#primaryimage"},"thumbnailUrl":"https:\/\/www.institutodeengenharia.org.br\/site\/wp-content\/uploads\/2021\/01\/WhatsApp-Image-2021-01-06-at-17.54.51-e1610366607234.jpeg","datePublished":"2021-12-17T19:00:01+00:00","dateModified":"2021-12-17T19:40:27+00:00","breadcrumb":{"@id":"https:\/\/www.institutodeengenharia.org.br\/site\/2021\/12\/17\/o-voo-do-impossivel-a-historia-do-bandeirante-o-aviao-que-gerou-a-embraer\/#breadcrumb"},"inLanguage":"pt-BR","potentialAction":[{"@type":"ReadAction","target":["https:\/\/www.institutodeengenharia.org.br\/site\/2021\/12\/17\/o-voo-do-impossivel-a-historia-do-bandeirante-o-aviao-que-gerou-a-embraer\/"]}]},{"@type":"ImageObject","inLanguage":"pt-BR","@id":"https:\/\/www.institutodeengenharia.org.br\/site\/2021\/12\/17\/o-voo-do-impossivel-a-historia-do-bandeirante-o-aviao-que-gerou-a-embraer\/#primaryimage","url":"https:\/\/www.institutodeengenharia.org.br\/site\/wp-content\/uploads\/2021\/01\/WhatsApp-Image-2021-01-06-at-17.54.51-e1610366607234.jpeg","contentUrl":"https:\/\/www.institutodeengenharia.org.br\/site\/wp-content\/uploads\/2021\/01\/WhatsApp-Image-2021-01-06-at-17.54.51-e1610366607234.jpeg","width":719,"height":494},{"@type":"BreadcrumbList","@id":"https:\/\/www.institutodeengenharia.org.br\/site\/2021\/12\/17\/o-voo-do-impossivel-a-historia-do-bandeirante-o-aviao-que-gerou-a-embraer\/#breadcrumb","itemListElement":[{"@type":"ListItem","position":1,"name":"In\u00edcio","item":"https:\/\/www.institutodeengenharia.org.br\/site\/"},{"@type":"ListItem","position":2,"name":"A hist\u00f3ria do bandeirante, o avi\u00e3o que gerou a Embraer &#8211; O voo do imposs\u00edvel"}]},{"@type":"WebSite","@id":"https:\/\/www.institutodeengenharia.org.br\/site\/#website","url":"https:\/\/www.institutodeengenharia.org.br\/site\/","name":"Instituto de Engenharia","description":"O Instituto de Engenharia promove a Engenharia em benef\u00edcio do desenvolvimento e da qualidade de vida da sociedade.","publisher":{"@id":"https:\/\/www.institutodeengenharia.org.br\/site\/#organization"},"potentialAction":[{"@type":"SearchAction","target":{"@type":"EntryPoint","urlTemplate":"https:\/\/www.institutodeengenharia.org.br\/site\/?s={search_term_string}"},"query-input":{"@type":"PropertyValueSpecification","valueRequired":true,"valueName":"search_term_string"}}],"inLanguage":"pt-BR"},{"@type":"Organization","@id":"https:\/\/www.institutodeengenharia.org.br\/site\/#organization","name":"Instituto de Engenharia","url":"https:\/\/www.institutodeengenharia.org.br\/site\/","logo":{"@type":"ImageObject","inLanguage":"pt-BR","@id":"https:\/\/www.institutodeengenharia.org.br\/site\/#\/schema\/logo\/image\/","url":"https:\/\/www.institutodeengenharia.org.br\/site\/wp-content\/uploads\/2019\/03\/logo-novo-IE2018-1.jpg","contentUrl":"https:\/\/www.institutodeengenharia.org.br\/site\/wp-content\/uploads\/2019\/03\/logo-novo-IE2018-1.jpg","width":1486,"height":1879,"caption":"Instituto de Engenharia"},"image":{"@id":"https:\/\/www.institutodeengenharia.org.br\/site\/#\/schema\/logo\/image\/"},"sameAs":["https:\/\/www.facebook.com\/institutodeengenharia","https:\/\/x.com\/iengenharia","https:\/\/www.instagram.com\/institutodeengenharia\/","https:\/\/www.linkedin.com\/company\/instituto-de-engenharia\/","https:\/\/www.youtube.com\/channel\/UCXiCAlsSMe977vamW915HxA"]},{"@type":"Person","@id":"https:\/\/www.institutodeengenharia.org.br\/site\/#\/schema\/person\/aeb64951c405e100d26d30b033dd423f","name":"Bianca","image":{"@type":"ImageObject","inLanguage":"pt-BR","@id":"https:\/\/secure.gravatar.com\/avatar\/a6fbe9bff57405baf4c1e2c5c1811e072b558253974a9f9508f4678900c97c2a?s=96&d=mm&r=g","url":"https:\/\/secure.gravatar.com\/avatar\/a6fbe9bff57405baf4c1e2c5c1811e072b558253974a9f9508f4678900c97c2a?s=96&d=mm&r=g","contentUrl":"https:\/\/secure.gravatar.com\/avatar\/a6fbe9bff57405baf4c1e2c5c1811e072b558253974a9f9508f4678900c97c2a?s=96&d=mm&r=g","caption":"Bianca"},"url":"https:\/\/www.institutodeengenharia.org.br\/site\/author\/comunicacao1\/"}]}},"_links":{"self":[{"href":"https:\/\/www.institutodeengenharia.org.br\/site\/wp-json\/wp\/v2\/posts\/74445","targetHints":{"allow":["GET"]}}],"collection":[{"href":"https:\/\/www.institutodeengenharia.org.br\/site\/wp-json\/wp\/v2\/posts"}],"about":[{"href":"https:\/\/www.institutodeengenharia.org.br\/site\/wp-json\/wp\/v2\/types\/post"}],"author":[{"embeddable":true,"href":"https:\/\/www.institutodeengenharia.org.br\/site\/wp-json\/wp\/v2\/users\/13"}],"replies":[{"embeddable":true,"href":"https:\/\/www.institutodeengenharia.org.br\/site\/wp-json\/wp\/v2\/comments?post=74445"}],"version-history":[{"count":3,"href":"https:\/\/www.institutodeengenharia.org.br\/site\/wp-json\/wp\/v2\/posts\/74445\/revisions"}],"predecessor-version":[{"id":88713,"href":"https:\/\/www.institutodeengenharia.org.br\/site\/wp-json\/wp\/v2\/posts\/74445\/revisions\/88713"}],"wp:featuredmedia":[{"embeddable":true,"href":"https:\/\/www.institutodeengenharia.org.br\/site\/wp-json\/wp\/v2\/media\/73956"}],"wp:attachment":[{"href":"https:\/\/www.institutodeengenharia.org.br\/site\/wp-json\/wp\/v2\/media?parent=74445"}],"wp:term":[{"taxonomy":"category","embeddable":true,"href":"https:\/\/www.institutodeengenharia.org.br\/site\/wp-json\/wp\/v2\/categories?post=74445"},{"taxonomy":"post_tag","embeddable":true,"href":"https:\/\/www.institutodeengenharia.org.br\/site\/wp-json\/wp\/v2\/tags?post=74445"}],"curies":[{"name":"wp","href":"https:\/\/api.w.org\/{rel}","templated":true}]}}