{"id":74086,"date":"2020-12-02T18:00:13","date_gmt":"2020-12-02T21:00:13","guid":{"rendered":"https:\/\/www.institutodeengenharia.org.br\/site\/?p=74086"},"modified":"2024-01-24T11:31:00","modified_gmt":"2024-01-24T14:31:00","slug":"conversando-sobre-desapropriacao","status":"publish","type":"post","link":"https:\/\/www.institutodeengenharia.org.br\/site\/2020\/12\/02\/conversando-sobre-desapropriacao\/","title":{"rendered":"Conversando sobre Desapropria\u00e7\u00e3o"},"content":{"rendered":"<p><strong>Assista abaixo \u00e0 grava\u00e7\u00e3o:<\/strong><\/p>\n<p><iframe loading=\"lazy\" src=\"https:\/\/player.vimeo.com\/video\/493342432\" width=\"640\" height=\"564\" frameborder=\"0\" allowfullscreen=\"allowfullscreen\"><\/iframe><\/p>\n<p>&nbsp;<\/p>\n<p><strong>+ Informa\u00e7\u00f5es:<\/strong><\/p>\n<p><strong>Abordagem:<\/strong><\/p>\n<ul>\n<li>Apresentar Procedimentos dos Processos de Desapropria\u00e7\u00e3o;<\/li>\n<li>O papel do PJ e AT nas Desapropria\u00e7\u00f5es;<\/li>\n<li>Vistorias;<\/li>\n<li>Metodologias e tipos de Laudos;<\/li>\n<li>Legisla\u00e7\u00e3o de Uso e Parcelamento do Solo;<\/li>\n<li>Procedimentos Periciais, M\u00e9todo Involutivo;<\/li>\n<li>Apresenta\u00e7\u00e3o de casos.<\/li>\n<\/ul>\n<p><strong>P\u00fablico-alvo:<\/strong><\/p>\n<p>Engenheiros e Arquitetos, Peritos e Assistentes T\u00e9cnicos.<\/p>\n<p><strong>Palestrantes:<\/strong><\/p>\n<p><img loading=\"lazy\" decoding=\"async\" class=\"alignnone wp-image-68769\" src=\"https:\/\/www.institutodeengenharia.org.br\/site\/wp-content\/uploads\/2020\/07\/jos\u00e9-fiker.jpg\" alt=\"\" width=\"123\" height=\"167\" \/><\/p>\n<p><strong>Prof. Dr. Jos\u00e9 Fiker<\/strong><\/p>\n<p>Assessor Especial da Divis\u00e3o T\u00e9cnica de Avalia\u00e7\u00f5es e Per\u00edcias<\/p>\n<p>Doutor em Semi\u00f3tica e Lingu\u00edstica Geral (com \u00eanfase em Laudos. Foi fundador e primeiro presidente da C\u00e2mara de Valores do IBAPE \u2013 Instituto Brasileiro de Avalia\u00e7\u00f5es e Per\u00edcias do Instituto de Engenharia, perito dos Tribunais de Al\u00e7ada e Justi\u00e7a. Coordenador da Divis\u00e3o de Avalia\u00e7\u00f5es e Per\u00edcias do Instituto de Engenharia, graduado em portugu\u00eas, latim e lingu\u00edstica, Assessor Jur\u00eddico da Diretoria do IBAPE Nacional e vice-presidente do IBAPE- SP. \u00c9 Diretor Presidente da EMBRAVAL \u2013 Empresa Brasileira de Avalia\u00e7\u00f5es S\/C Ltda.<br \/>\n\u00c9 autor dos livros Manual de Reda\u00e7\u00e3o de Laudos, Avalia\u00e7\u00e3o de Im\u00f3veis Urbanos e A Per\u00edcia Judicial (este \u00faltimo em coautoria com o Eng. Joaquim da Rocha Medeiros), Manual Pr\u00e1tico de Avalia\u00e7\u00f5es e Per\u00edcias de Engenharia, todos da Editora Pini. Manual Pr\u00e1tico de Direito das Constru\u00e7\u00f5es, Linguagem do Laudo Pericial, Per\u00edcias e Avalia\u00e7\u00f5es Fundamentos Pr\u00e1ticos e Contesta\u00e7\u00e3o na Per\u00edcia Judicial todos da Editora Leud \u2013 Livraria Editora Universit\u00e1ria de Direito. O livro Linguagem do Laudo Pericial \u00e9 origin\u00e1rio da tese de Doutorado e do Melhor Trabalho do ano em colabora\u00e7\u00e3o com a classe do Instituto de Engenharia de 2004 e 2011, Medalha de Ouro. Advogado formado pela USP. J\u00e1 deu aula nas principais entidades ligadas a avalia\u00e7\u00f5es e per\u00edcias em todo o Brasil.<\/p>\n<p><img loading=\"lazy\" decoding=\"async\" class=\"alignnone wp-image-64008\" src=\"https:\/\/www.institutodeengenharia.org.br\/site\/wp-content\/uploads\/2020\/05\/jeronimo-cabral.jpg\" alt=\"\" width=\"135\" height=\"188\" \/><\/p>\n<p><strong>Eng. Jer\u00f4nimo Cabral Pereira Fagundes Neto<\/strong><\/p>\n<p>Vice-Presidente de Atividades T\u00e9cnicas<\/p>\n<p>Engenheiro Civil pela Escola de Engenharia de Lins, em 1980; p\u00f3s-graduado em Avalia\u00e7\u00f5es e Per\u00edcias de Engenharia pela FAAP, em 2002; mestre em Habita\u00e7\u00e3o na \u00e1rea de Tecnologia das Edifica\u00e7\u00f5es pelo Instituto de Pesquisas Tecnol\u00f3gicas (IPT), em 2007; membro docente de cursos de p\u00f3s-gradua\u00e7\u00e3o em Engenharia Diagn\u00f3stica em Edifica\u00e7\u00f5es, Per\u00edcias de Engenharia e Avalia\u00e7\u00f5es em conv\u00eanios com entidades diversas. Autor e coautor de livros e artigos t\u00e9cnicos sobre Engenharia Diagn\u00f3stica em Edifica\u00e7\u00f5es, Inspe\u00e7\u00e3o Predial, Manuten\u00e7\u00e3o Predial, com premia\u00e7\u00e3o em alguns t\u00edtulos; perito judicial militante na capital de S\u00e3o Paulo e sua regi\u00e3o metropolitana, al\u00e9m de atuar como assistente t\u00e9cnico junto a renomados escrit\u00f3rios de advocacia na regi\u00e3o Sul e Sudeste. \u00c9 Vice-Presidente de Atividades T\u00e9cnicas do Instituto de Engenharia e diretor da J. Cabral Per\u00edcias de Engenharia e Avalia\u00e7\u00f5es.<\/p>\n<p><img loading=\"lazy\" decoding=\"async\" class=\"alignnone wp-image-66722\" src=\"https:\/\/www.institutodeengenharia.org.br\/site\/wp-content\/uploads\/2020\/06\/debora-marinello.jpg\" alt=\"\" width=\"153\" height=\"146\" \/><\/p>\n<p><strong>Eng.\u00aa D\u00e9bora Marinello<\/strong><\/p>\n<p>Diretora do Departamento de Engenharia de Produ\u00e7\u00e3o<\/p>\n<p>Engenheira Civil pela Universidade Presbiteriana Mackenzie e T\u00e9cnica em Edifica\u00e7\u00f5es \u2013 Liceu de Artes e Of\u00edcios de S\u00e3o Paulo. P\u00f3s-graduada pelo IDD\/SP, sendo Especialista em \u201cPatologia nas Obras Civis\u201d. P\u00f3s-graduada em Gerenciamento de Opera\u00e7\u00f5es na Constru\u00e7\u00e3o Civil pela Escola Polit\u00e9cnica da Universidade de S\u00e3o Paulo (Poli-USP). Aperfei\u00e7oamento em Avalia\u00e7\u00f5es de Im\u00f3veis Urbanos e Rurais e Avalia\u00e7\u00e3o de Alugu\u00e9is pelo IBAPE-SP. Atua na \u00e1rea da Engenharia Diagn\u00f3stica realizando vistorias, inspe\u00e7\u00f5es prediais, auditorias, per\u00edcias e consultorias t\u00e9cnicas de edifica\u00e7\u00f5es para Condom\u00ednios residenciais e comerciais, Construtoras e Incorporadoras e tamb\u00e9m na \u00e1rea de Avalia\u00e7\u00f5es de Im\u00f3veis residenciais e comerciais. Assistente t\u00e9cnica junto a escrit\u00f3rios de advocacia e empresas de Engenharia. No Instituto de Engenharia, atualmente est\u00e1 como Diretora do Departamento de Engenharia de Produ\u00e7\u00e3o e membro das Divis\u00f5es T\u00e9cnicas de Avalia\u00e7\u00f5es e Per\u00edcias e Patologia das Constru\u00e7\u00f5es. S\u00f3cia na empresa J. Cabral Per\u00edcias de Engenharia e Avalia\u00e7\u00f5es Ltda.<\/p>\n<p><img loading=\"lazy\" decoding=\"async\" class=\"alignnone wp-image-66350\" src=\"https:\/\/www.institutodeengenharia.org.br\/site\/wp-content\/uploads\/2020\/06\/paulo-magri.jpg\" alt=\"\" width=\"135\" height=\"153\" \/><\/p>\n<p><strong>Eng. Paulo Palmieri Magri<\/strong><\/p>\n<p>Membro da Divis\u00e3o T\u00e9cnica de Avalia\u00e7\u00f5es e Per\u00edcias e Diretor de Cursos do IBAPE-SP<\/p>\n<p>Engenheiro Civil, sspecialista em avalia\u00e7\u00f5es, per\u00edcias de engenharia e grafosc\u00f3picas. S\u00f3cio fundador da PPM Engenharia e Com\u00e9rcio Ltda. Perito Judicial em Avalia\u00e7\u00f5es e Per\u00edcias de Engenharia Civil, Seguran\u00e7a do Trabalho, Seguran\u00e7a contra Inc\u00eandios e Grafosc\u00f3picas de diversas Varas na capital e interior. Professor titular de Per\u00edcia Grafosc\u00f3pica do IBAPE\/SP. Membro titular do Instituto de Engenharia\/SP. Membro titular do IBAPE\/SP. Diretor do IBAPE\/SP \u2013 gest\u00e3o 20\/21, Membro da C\u00e2mara de Per\u00edcias ambientais do IBAPE \/SP. Membro Titular do Instituto de Engenharia. Membro fundador da APPJ \u2013 Associa\u00e7\u00e3o Parama\u00e7\u00f4nica de Peritos Judiciais. Engenheiro Civil (Escola de Engenharia Mau\u00e1), Engenheiro de Seguran\u00e7a do Trabalho (Universidade Presbiteriana Mackenzie), Administrador Industrial (Universidade de S\u00e3o Paulo), Media\u00e7\u00e3o e Arbitragem (Instituto Nacional de Media\u00e7\u00e3o e Arbitragem), Mestre pelo IPT-SP (Instituto de Pesquisas Tecnol\u00f3gicas de S\u00e3o Paulo) com tese em \u201cTecnologia da Constru\u00e7\u00e3o de Edif\u00edcios\u201d.<\/p>\n<p><img loading=\"lazy\" decoding=\"async\" class=\"alignnone wp-image-73139\" src=\"https:\/\/www.institutodeengenharia.org.br\/site\/wp-content\/uploads\/2020\/11\/jonas-mattos.jpg\" alt=\"\" width=\"126\" height=\"167\" \/><\/p>\n<p><strong>Eng. Jon<\/strong><strong>as Mat<\/strong><strong>tos<\/strong><\/p>\n<p>Membro da Divis\u00e3o T\u00e9cnica de Avalia\u00e7\u00f5es e Per\u00edcias<\/p>\n<p>Engenheiro civil, formado pela Faculdade de Engenharia S\u00e3o Paulo, tendo como \u00e1reas de atua\u00e7\u00e3o profissional: Engenharia Legal; Aprova\u00e7\u00f5es Edil\u00edcias; Per\u00edcias Judiciais e Extrajudiciais. Professor Universit\u00e1rio desde 1987, membro do Instituto Brasileiro de Avalia\u00e7\u00f5es e Per\u00edcias de S\u00e3o Paulo \u2013 IBAPE\/SP, do Instituto de Engenharia, do Comit\u00ea de Constru\u00e7\u00e3o Civil CE-02:012-01 \u2013 Comiss\u00e3o de Estudo de Periciais de Engenharia na Constru\u00e7\u00e3o Civil \u2013 Revis\u00e3o da NBR 13752 e professor Convidado na Universidade SECOVI, no Curso de Parcelamento do Solo, desde 1999.<\/p>\n<p><img loading=\"lazy\" decoding=\"async\" class=\"alignnone wp-image-73140\" src=\"https:\/\/www.institutodeengenharia.org.br\/site\/wp-content\/uploads\/2020\/11\/Horacio-Tanze-Filho.jpg\" alt=\"\" width=\"125\" height=\"167\" \/><\/p>\n<p><strong>Eng. Hor\u00e1cio Tanze Filho<\/strong><\/p>\n<p>Membro da Divis\u00e3o T\u00e9cnica de Avalia\u00e7\u00f5es e Per\u00edcias<\/p>\n<p>Engenheiro Civil, Sanitarista e Ambientalista. Curso Intensivo de Engenharia de Avalia\u00e7\u00f5es e Per\u00edcias. Tendo participado desde o tempo estudantil, at\u00e9 os atuais, inclusive como coordenador, de v\u00e1rios encontros profissionais, em audit\u00f3rios da Cetesb, Engenharia Mau\u00e1, e outros locais, tendo ministrado palestras e aulas para a Escola de Engenharia Mau\u00e1 e FAAP, em associa\u00e7\u00f5es de lojistas de shopping center, lojistas de Rua e de Bairro, Shopping Center Eldorado e outros, al\u00e9m de elaborado mat\u00e9rias para revistas pr\u00f3prias e livros, sobre laudos em a\u00e7\u00f5es renovat\u00f3rias e revisionais. \u00c9 membro titular do IBAPE, tendo trabalhado na CAJUFA e indicado para as Comiss\u00f5es da Fazenda P\u00fablica para Desapropria\u00e7\u00e3o como do Moinho Velho, Mini Anel Vi\u00e1rio Indicado, Prolongamento Roberto Marinho, Rodo Anel, Rodo Anel Guarulhos entre outras. Trabalha nestes \u00faltimos 37 anos como perito Judicial na \u00e1rea de Engenharia junto \u00e0 diversas Varas da Capital (Regionais e Central), Grande S\u00e3o Paulo e outras localidades. Atua na \u00c1rea Ambiental e Engenharia de Custos e Recomposi\u00e7\u00e3o de Reequil\u00edbrio Econ\u00f4mico-Financeiro de Contratos de Obras de Engenharia, em Diversos Laudos ao Longo dos Anos.<\/p>\n<p><strong>Moderadores:<\/strong><\/p>\n<p><img loading=\"lazy\" decoding=\"async\" class=\"alignnone wp-image-64007\" src=\"https:\/\/www.institutodeengenharia.org.br\/site\/wp-content\/uploads\/2020\/05\/ricardo-imamura.jpg\" alt=\"\" width=\"124\" height=\"138\" \/><\/p>\n<p><strong>Eng. Ricardo Henrique de A. Imamura<\/strong><\/p>\n<p>Coordenador da Divis\u00e3o T\u00e9cnica de Avalia\u00e7\u00f5es e Per\u00edcias<\/p>\n<p>Engenheiro Civil pela Escola de Engenharia de Lins, 1977. Engenheiro pela Empresa Consultora Hidroservice \u2013 Engenharia de Projetos Ltda.; Engenheiro pela S.A. Ind\u00fastrias Votorantim; Assessor da Diretoria pela Empresa Consultora Matricial Projetos e Consultoria Ltda.. S\u00f3cio Propriet\u00e1rio da R.H. Imamura Peritos Consultores e da Advisors Committee. Perito Judicial de diversas Varas C\u00edveis e da Fazenda no Estado de S\u00e3o Paulo, desde 1978. Dentre sua experi\u00eancia como Perito Judicial, encontram-se a Elabora\u00e7\u00e3o de mais de 4.300 Laudos de Engenharia Legal de naturezas diversas, se ressaltando Desapropria\u00e7\u00f5es e<br \/>\nEngenharia Econ\u00f4mica e Reequil\u00edbrio Econ\u00f4mico-Financeiro de Contratos de Obras de Engenharia. Membro Titular, coordenador da Divis\u00e3o T\u00e9cnica de Avalia\u00e7\u00f5es e Per\u00edcias, vice-coordenador da Divis\u00e3o T\u00e9cnica de Compliance, conselheiro e perito Especialista da CMA do Instituto de Engenharia \u2013 S\u00e3o Paulo. Membro Fundador e Ex-Presidente da Associa\u00e7\u00e3o Parama\u00e7\u00f4nica de Peritos Judiciais \u2013 APPJ. Presidente da AELINS \u2013 Associa\u00e7\u00e3o de Engenheiros de Lins \u2013 Lins\/SP. Membro da CBAr \u2013 Comit\u00ea Brasileiro de Arbitragem; Membro da ABCIP \u2013 Associa\u00e7\u00e3o Brasileira das Entidades de Cr\u00e9dito Imobili\u00e1rio e Poupan\u00e7a; Membro da CAM-CCBC \u2013 C\u00e2mara de Com\u00e9rcio Brasil-Canad\u00e1; Membro da Amcham Brasil; Membro da CAMARB \u2013 Camara de Arbitragem Empresarial Brasil; Membro do FIDIC. Membro de diversas Associa\u00e7\u00f5es em S\u00e3o Paulo. Ministra Cursos e Palestras e tem publica\u00e7\u00f5es t\u00e9cnicas diversas.<\/p>\n<p><img loading=\"lazy\" decoding=\"async\" class=\"alignnone wp-image-44183\" src=\"https:\/\/www.institutodeengenharia.org.br\/site\/wp-content\/uploads\/2019\/10\/WhatsApp-Image-2019-10-01-at-09.07.45-e1591635963571.jpeg\" alt=\"\" width=\"136\" height=\"136\" srcset=\"https:\/\/www.institutodeengenharia.org.br\/site\/wp-content\/uploads\/2019\/10\/WhatsApp-Image-2019-10-01-at-09.07.45-e1591635963571.jpeg 632w, https:\/\/www.institutodeengenharia.org.br\/site\/wp-content\/uploads\/2019\/10\/WhatsApp-Image-2019-10-01-at-09.07.45-e1591635963571-150x150.jpeg 150w, https:\/\/www.institutodeengenharia.org.br\/site\/wp-content\/uploads\/2019\/10\/WhatsApp-Image-2019-10-01-at-09.07.45-e1591635963571-300x300.jpeg 300w, https:\/\/www.institutodeengenharia.org.br\/site\/wp-content\/uploads\/2019\/10\/WhatsApp-Image-2019-10-01-at-09.07.45-e1591635963571-419x420.jpeg 419w, https:\/\/www.institutodeengenharia.org.br\/site\/wp-content\/uploads\/2019\/10\/WhatsApp-Image-2019-10-01-at-09.07.45-e1591635963571-600x602.jpeg 600w, https:\/\/www.institutodeengenharia.org.br\/site\/wp-content\/uploads\/2019\/10\/WhatsApp-Image-2019-10-01-at-09.07.45-e1591635963571-100x100.jpeg 100w\" sizes=\"auto, (max-width: 136px) 100vw, 136px\" \/><\/p>\n<p><strong>Eng.\u00aa Miriana Marques<\/strong><\/p>\n<p>Vice-Presidente de Assuntos Internos e Vice-Coordenadora da Divis\u00e3o T\u00e9cnica de Avalia\u00e7\u00f5es e Per\u00edcias<\/p>\n<p>Formada em Engenharia Civil pela FAAP, foi professora universit\u00e1ria de Maci\u00e7os e Obras de Terras, Transportes e Mec\u00e2nica dos Solos na mesma faculdade. Com 20 anos de atua\u00e7\u00e3o profissional dedicada \u00e0 \u00e1rea de Avalia\u00e7\u00f5es e Per\u00edcias, referente a bens patrimoniais e a im\u00f3veis urbanos, comerciais, residenciais, rurais e industriais, \u00e9 respons\u00e1vel t\u00e9cnica pela \u00e1rea de Avalia\u00e7\u00f5es e Per\u00edcias da Marques &amp; Marques Engenharia e assistente t\u00e9cnica do Metr\u00f4 e da Dersa. No Instituto de Engenharia, \u00e9 vice-presidente de Assuntos Internos, vice-coordenadora da Divis\u00e3o T\u00e9cnica de Inform\u00e1tica e da Divis\u00e3o de Avalia\u00e7\u00f5es e Per\u00edcias, membro do Conselho Consultivo e da C\u00e2mara de Media\u00e7\u00e3o e Arbitragem. Foi laureada com o Pr\u00eamio de Melhor Trabalho T\u00e9cnico do Ano analisando temas ligados ao exerc\u00edcio da profiss\u00e3o \u2013 \u201cVistoria Cautelar\u201d, \u201cIm\u00f3veis Tombados\u201d e \u201cCal\u00e7adas\u201d, pela mesma institui\u00e7\u00e3o.<\/p>\n<p><strong>Apoio Institucional:<\/strong><\/p>\n<p><strong>\u00a0<\/strong><strong> <img loading=\"lazy\" decoding=\"async\" class=\"alignnone size-full wp-image-34556\" src=\"https:\/\/www.institutodeengenharia.org.br\/site\/wp-content\/uploads\/2018\/04\/CREA-SP_vertical.jpg\" alt=\"\" width=\"150\" height=\"106\" srcset=\"https:\/\/www.institutodeengenharia.org.br\/site\/wp-content\/uploads\/2018\/04\/CREA-SP_vertical.jpg 150w, https:\/\/www.institutodeengenharia.org.br\/site\/wp-content\/uploads\/2018\/04\/CREA-SP_vertical-100x70.jpg 100w\" sizes=\"auto, (max-width: 150px) 100vw, 150px\" \/><\/strong><\/p>\n<p><strong>Realiza\u00e7\u00e3o:<\/strong><\/p>\n<p><strong>Eng. Jer\u00f4nimo Cabral Pereira Fagundes Neto<\/strong> \u2013 Vice-Presidente de Atividades T\u00e9cnicas<br \/>\n<strong>Eng.\u00aa D\u00e9bora Sanches de A. Marinello<\/strong> \u2013 Diretora do Departamento de Engenharia de Produ\u00e7\u00e3o<br \/>\n<strong>Eng. Ricardo Henrique de A. Imamura<\/strong> \u2013 Coordenador da Divis\u00e3o T\u00e9cnica de Avalia\u00e7\u00f5es e Per\u00edcias<\/p>\n","protected":false},"excerpt":{"rendered":"<p>Assista abaixo \u00e0 grava\u00e7\u00e3o: &nbsp; + Informa\u00e7\u00f5es: Abordagem: Apresentar Procedimentos dos Processos de Desapropria\u00e7\u00e3o; O papel do PJ e AT nas Desapropria\u00e7\u00f5es; Vistorias; Metodologias e tipos de Laudos; Legisla\u00e7\u00e3o de Uso e Parcelamento do Solo; Procedimentos Periciais, M\u00e9todo Involutivo; Apresenta\u00e7\u00e3o de casos. P\u00fablico-alvo: Engenheiros e Arquitetos, Peritos e Assistentes T\u00e9cnicos. Palestrantes: Prof. Dr. Jos\u00e9 Fiker [&hellip;]<\/p>\n","protected":false},"author":13,"featured_media":74089,"comment_status":"open","ping_status":"open","sticky":false,"template":"","format":"video","meta":{"footnotes":""},"categories":[46,67,968,969],"tags":[1176],"class_list":{"0":"post-74086","1":"post","2":"type-post","3":"status-publish","4":"format-video","5":"has-post-thumbnail","7":"category-departamento-desenvolvimento-de-gestao-e-objetivos","8":"category-divisao-de-avaliacoes-e-pericias","9":"category-nova-tv-engenharia","10":"category-palestra","11":"tag-video-home","12":"post_format-post-format-video"},"yoast_head":"<!-- This site is optimized with the Yoast SEO plugin v27.2 - https:\/\/yoast.com\/product\/yoast-seo-wordpress\/ -->\n<title>Conversando sobre Desapropria\u00e7\u00e3o - Instituto de Engenharia<\/title>\n<meta name=\"robots\" content=\"index, follow, max-snippet:-1, max-image-preview:large, max-video-preview:-1\" \/>\n<link rel=\"canonical\" href=\"https:\/\/www.institutodeengenharia.org.br\/site\/2020\/12\/02\/conversando-sobre-desapropriacao\/\" \/>\n<meta property=\"og:locale\" content=\"pt_BR\" \/>\n<meta property=\"og:type\" content=\"article\" \/>\n<meta property=\"og:title\" content=\"Conversando sobre Desapropria\u00e7\u00e3o - Instituto de Engenharia\" \/>\n<meta property=\"og:description\" content=\"Assista abaixo \u00e0 grava\u00e7\u00e3o: &nbsp; + Informa\u00e7\u00f5es: Abordagem: Apresentar Procedimentos dos Processos de Desapropria\u00e7\u00e3o; O papel do PJ e AT nas Desapropria\u00e7\u00f5es; Vistorias; Metodologias e tipos de Laudos; Legisla\u00e7\u00e3o de Uso e Parcelamento do Solo; Procedimentos Periciais, M\u00e9todo Involutivo; Apresenta\u00e7\u00e3o de casos. P\u00fablico-alvo: Engenheiros e Arquitetos, Peritos e Assistentes T\u00e9cnicos. Palestrantes: Prof. Dr. Jos\u00e9 Fiker [&hellip;]\" \/>\n<meta property=\"og:url\" content=\"https:\/\/www.institutodeengenharia.org.br\/site\/2020\/12\/02\/conversando-sobre-desapropriacao\/\" \/>\n<meta property=\"og:site_name\" content=\"Instituto de Engenharia\" \/>\n<meta property=\"article:publisher\" content=\"https:\/\/www.facebook.com\/institutodeengenharia\" \/>\n<meta property=\"article:published_time\" content=\"2020-12-02T21:00:13+00:00\" \/>\n<meta property=\"article:modified_time\" content=\"2024-01-24T14:31:00+00:00\" \/>\n<meta property=\"og:image\" content=\"https:\/\/www.institutodeengenharia.org.br\/site\/wp-content\/uploads\/2021\/01\/post_convencer_proprietario_alugar-825x510-1.jpg\" \/>\n\t<meta property=\"og:image:width\" content=\"825\" \/>\n\t<meta property=\"og:image:height\" content=\"510\" \/>\n\t<meta property=\"og:image:type\" content=\"image\/jpeg\" \/>\n<meta name=\"author\" content=\"Bianca\" \/>\n<meta name=\"twitter:card\" content=\"summary_large_image\" \/>\n<meta name=\"twitter:creator\" content=\"@iengenharia\" \/>\n<meta name=\"twitter:site\" content=\"@iengenharia\" \/>\n<meta name=\"twitter:label1\" content=\"Escrito por\" \/>\n\t<meta name=\"twitter:data1\" content=\"Bianca\" \/>\n\t<meta name=\"twitter:label2\" content=\"Est. tempo de leitura\" \/>\n\t<meta name=\"twitter:data2\" content=\"10 minutos\" \/>\n<script type=\"application\/ld+json\" class=\"yoast-schema-graph\">{\"@context\":\"https:\/\/schema.org\",\"@graph\":[{\"@type\":\"Article\",\"@id\":\"https:\/\/www.institutodeengenharia.org.br\/site\/2020\/12\/02\/conversando-sobre-desapropriacao\/#article\",\"isPartOf\":{\"@id\":\"https:\/\/www.institutodeengenharia.org.br\/site\/2020\/12\/02\/conversando-sobre-desapropriacao\/\"},\"author\":{\"name\":\"Bianca\",\"@id\":\"https:\/\/www.institutodeengenharia.org.br\/site\/#\/schema\/person\/aeb64951c405e100d26d30b033dd423f\"},\"headline\":\"Conversando sobre Desapropria\u00e7\u00e3o\",\"datePublished\":\"2020-12-02T21:00:13+00:00\",\"dateModified\":\"2024-01-24T14:31:00+00:00\",\"mainEntityOfPage\":{\"@id\":\"https:\/\/www.institutodeengenharia.org.br\/site\/2020\/12\/02\/conversando-sobre-desapropriacao\/\"},\"wordCount\":1639,\"commentCount\":0,\"publisher\":{\"@id\":\"https:\/\/www.institutodeengenharia.org.br\/site\/#organization\"},\"image\":{\"@id\":\"https:\/\/www.institutodeengenharia.org.br\/site\/2020\/12\/02\/conversando-sobre-desapropriacao\/#primaryimage\"},\"thumbnailUrl\":\"https:\/\/www.institutodeengenharia.org.br\/site\/wp-content\/uploads\/2021\/01\/post_convencer_proprietario_alugar-825x510-1.jpg\",\"keywords\":[\"video-home\"],\"articleSection\":[\"Departamento Desenvolvimento de Gest\u00e3o e Objetivos\",\"Divis\u00e3o T\u00e9cnica de Avalia\u00e7\u00f5es e Per\u00edcias\",\"Nova TV Engenharia\",\"Palestra\"],\"inLanguage\":\"pt-BR\",\"potentialAction\":[{\"@type\":\"CommentAction\",\"name\":\"Comment\",\"target\":[\"https:\/\/www.institutodeengenharia.org.br\/site\/2020\/12\/02\/conversando-sobre-desapropriacao\/#respond\"]}]},{\"@type\":\"WebPage\",\"@id\":\"https:\/\/www.institutodeengenharia.org.br\/site\/2020\/12\/02\/conversando-sobre-desapropriacao\/\",\"url\":\"https:\/\/www.institutodeengenharia.org.br\/site\/2020\/12\/02\/conversando-sobre-desapropriacao\/\",\"name\":\"Conversando sobre Desapropria\u00e7\u00e3o - Instituto de Engenharia\",\"isPartOf\":{\"@id\":\"https:\/\/www.institutodeengenharia.org.br\/site\/#website\"},\"primaryImageOfPage\":{\"@id\":\"https:\/\/www.institutodeengenharia.org.br\/site\/2020\/12\/02\/conversando-sobre-desapropriacao\/#primaryimage\"},\"image\":{\"@id\":\"https:\/\/www.institutodeengenharia.org.br\/site\/2020\/12\/02\/conversando-sobre-desapropriacao\/#primaryimage\"},\"thumbnailUrl\":\"https:\/\/www.institutodeengenharia.org.br\/site\/wp-content\/uploads\/2021\/01\/post_convencer_proprietario_alugar-825x510-1.jpg\",\"datePublished\":\"2020-12-02T21:00:13+00:00\",\"dateModified\":\"2024-01-24T14:31:00+00:00\",\"breadcrumb\":{\"@id\":\"https:\/\/www.institutodeengenharia.org.br\/site\/2020\/12\/02\/conversando-sobre-desapropriacao\/#breadcrumb\"},\"inLanguage\":\"pt-BR\",\"potentialAction\":[{\"@type\":\"ReadAction\",\"target\":[\"https:\/\/www.institutodeengenharia.org.br\/site\/2020\/12\/02\/conversando-sobre-desapropriacao\/\"]}]},{\"@type\":\"ImageObject\",\"inLanguage\":\"pt-BR\",\"@id\":\"https:\/\/www.institutodeengenharia.org.br\/site\/2020\/12\/02\/conversando-sobre-desapropriacao\/#primaryimage\",\"url\":\"https:\/\/www.institutodeengenharia.org.br\/site\/wp-content\/uploads\/2021\/01\/post_convencer_proprietario_alugar-825x510-1.jpg\",\"contentUrl\":\"https:\/\/www.institutodeengenharia.org.br\/site\/wp-content\/uploads\/2021\/01\/post_convencer_proprietario_alugar-825x510-1.jpg\",\"width\":825,\"height\":510},{\"@type\":\"BreadcrumbList\",\"@id\":\"https:\/\/www.institutodeengenharia.org.br\/site\/2020\/12\/02\/conversando-sobre-desapropriacao\/#breadcrumb\",\"itemListElement\":[{\"@type\":\"ListItem\",\"position\":1,\"name\":\"In\u00edcio\",\"item\":\"https:\/\/www.institutodeengenharia.org.br\/site\/\"},{\"@type\":\"ListItem\",\"position\":2,\"name\":\"Conversando sobre Desapropria\u00e7\u00e3o\"}]},{\"@type\":\"WebSite\",\"@id\":\"https:\/\/www.institutodeengenharia.org.br\/site\/#website\",\"url\":\"https:\/\/www.institutodeengenharia.org.br\/site\/\",\"name\":\"Instituto de Engenharia\",\"description\":\"O Instituto de Engenharia promove a Engenharia em benef\u00edcio do desenvolvimento e da qualidade de vida da sociedade.\",\"publisher\":{\"@id\":\"https:\/\/www.institutodeengenharia.org.br\/site\/#organization\"},\"potentialAction\":[{\"@type\":\"SearchAction\",\"target\":{\"@type\":\"EntryPoint\",\"urlTemplate\":\"https:\/\/www.institutodeengenharia.org.br\/site\/?s={search_term_string}\"},\"query-input\":{\"@type\":\"PropertyValueSpecification\",\"valueRequired\":true,\"valueName\":\"search_term_string\"}}],\"inLanguage\":\"pt-BR\"},{\"@type\":\"Organization\",\"@id\":\"https:\/\/www.institutodeengenharia.org.br\/site\/#organization\",\"name\":\"Instituto de Engenharia\",\"url\":\"https:\/\/www.institutodeengenharia.org.br\/site\/\",\"logo\":{\"@type\":\"ImageObject\",\"inLanguage\":\"pt-BR\",\"@id\":\"https:\/\/www.institutodeengenharia.org.br\/site\/#\/schema\/logo\/image\/\",\"url\":\"https:\/\/www.institutodeengenharia.org.br\/site\/wp-content\/uploads\/2019\/03\/logo-novo-IE2018-1.jpg\",\"contentUrl\":\"https:\/\/www.institutodeengenharia.org.br\/site\/wp-content\/uploads\/2019\/03\/logo-novo-IE2018-1.jpg\",\"width\":1486,\"height\":1879,\"caption\":\"Instituto de Engenharia\"},\"image\":{\"@id\":\"https:\/\/www.institutodeengenharia.org.br\/site\/#\/schema\/logo\/image\/\"},\"sameAs\":[\"https:\/\/www.facebook.com\/institutodeengenharia\",\"https:\/\/x.com\/iengenharia\",\"https:\/\/www.instagram.com\/institutodeengenharia\/\",\"https:\/\/www.linkedin.com\/company\/instituto-de-engenharia\/\",\"https:\/\/www.youtube.com\/channel\/UCXiCAlsSMe977vamW915HxA\"]},{\"@type\":\"Person\",\"@id\":\"https:\/\/www.institutodeengenharia.org.br\/site\/#\/schema\/person\/aeb64951c405e100d26d30b033dd423f\",\"name\":\"Bianca\",\"image\":{\"@type\":\"ImageObject\",\"inLanguage\":\"pt-BR\",\"@id\":\"https:\/\/secure.gravatar.com\/avatar\/a6fbe9bff57405baf4c1e2c5c1811e072b558253974a9f9508f4678900c97c2a?s=96&d=mm&r=g\",\"url\":\"https:\/\/secure.gravatar.com\/avatar\/a6fbe9bff57405baf4c1e2c5c1811e072b558253974a9f9508f4678900c97c2a?s=96&d=mm&r=g\",\"contentUrl\":\"https:\/\/secure.gravatar.com\/avatar\/a6fbe9bff57405baf4c1e2c5c1811e072b558253974a9f9508f4678900c97c2a?s=96&d=mm&r=g\",\"caption\":\"Bianca\"},\"url\":\"https:\/\/www.institutodeengenharia.org.br\/site\/author\/comunicacao1\/\"}]}<\/script>\n<!-- \/ Yoast SEO plugin. -->","yoast_head_json":{"title":"Conversando sobre Desapropria\u00e7\u00e3o - Instituto de Engenharia","robots":{"index":"index","follow":"follow","max-snippet":"max-snippet:-1","max-image-preview":"max-image-preview:large","max-video-preview":"max-video-preview:-1"},"canonical":"https:\/\/www.institutodeengenharia.org.br\/site\/2020\/12\/02\/conversando-sobre-desapropriacao\/","og_locale":"pt_BR","og_type":"article","og_title":"Conversando sobre Desapropria\u00e7\u00e3o - Instituto de Engenharia","og_description":"Assista abaixo \u00e0 grava\u00e7\u00e3o: &nbsp; + Informa\u00e7\u00f5es: Abordagem: Apresentar Procedimentos dos Processos de Desapropria\u00e7\u00e3o; O papel do PJ e AT nas Desapropria\u00e7\u00f5es; Vistorias; Metodologias e tipos de Laudos; Legisla\u00e7\u00e3o de Uso e Parcelamento do Solo; Procedimentos Periciais, M\u00e9todo Involutivo; Apresenta\u00e7\u00e3o de casos. P\u00fablico-alvo: Engenheiros e Arquitetos, Peritos e Assistentes T\u00e9cnicos. Palestrantes: Prof. Dr. Jos\u00e9 Fiker [&hellip;]","og_url":"https:\/\/www.institutodeengenharia.org.br\/site\/2020\/12\/02\/conversando-sobre-desapropriacao\/","og_site_name":"Instituto de Engenharia","article_publisher":"https:\/\/www.facebook.com\/institutodeengenharia","article_published_time":"2020-12-02T21:00:13+00:00","article_modified_time":"2024-01-24T14:31:00+00:00","og_image":[{"width":825,"height":510,"url":"https:\/\/www.institutodeengenharia.org.br\/site\/wp-content\/uploads\/2021\/01\/post_convencer_proprietario_alugar-825x510-1.jpg","type":"image\/jpeg"}],"author":"Bianca","twitter_card":"summary_large_image","twitter_creator":"@iengenharia","twitter_site":"@iengenharia","twitter_misc":{"Escrito por":"Bianca","Est. tempo de leitura":"10 minutos"},"schema":{"@context":"https:\/\/schema.org","@graph":[{"@type":"Article","@id":"https:\/\/www.institutodeengenharia.org.br\/site\/2020\/12\/02\/conversando-sobre-desapropriacao\/#article","isPartOf":{"@id":"https:\/\/www.institutodeengenharia.org.br\/site\/2020\/12\/02\/conversando-sobre-desapropriacao\/"},"author":{"name":"Bianca","@id":"https:\/\/www.institutodeengenharia.org.br\/site\/#\/schema\/person\/aeb64951c405e100d26d30b033dd423f"},"headline":"Conversando sobre Desapropria\u00e7\u00e3o","datePublished":"2020-12-02T21:00:13+00:00","dateModified":"2024-01-24T14:31:00+00:00","mainEntityOfPage":{"@id":"https:\/\/www.institutodeengenharia.org.br\/site\/2020\/12\/02\/conversando-sobre-desapropriacao\/"},"wordCount":1639,"commentCount":0,"publisher":{"@id":"https:\/\/www.institutodeengenharia.org.br\/site\/#organization"},"image":{"@id":"https:\/\/www.institutodeengenharia.org.br\/site\/2020\/12\/02\/conversando-sobre-desapropriacao\/#primaryimage"},"thumbnailUrl":"https:\/\/www.institutodeengenharia.org.br\/site\/wp-content\/uploads\/2021\/01\/post_convencer_proprietario_alugar-825x510-1.jpg","keywords":["video-home"],"articleSection":["Departamento Desenvolvimento de Gest\u00e3o e Objetivos","Divis\u00e3o T\u00e9cnica de Avalia\u00e7\u00f5es e Per\u00edcias","Nova TV Engenharia","Palestra"],"inLanguage":"pt-BR","potentialAction":[{"@type":"CommentAction","name":"Comment","target":["https:\/\/www.institutodeengenharia.org.br\/site\/2020\/12\/02\/conversando-sobre-desapropriacao\/#respond"]}]},{"@type":"WebPage","@id":"https:\/\/www.institutodeengenharia.org.br\/site\/2020\/12\/02\/conversando-sobre-desapropriacao\/","url":"https:\/\/www.institutodeengenharia.org.br\/site\/2020\/12\/02\/conversando-sobre-desapropriacao\/","name":"Conversando sobre Desapropria\u00e7\u00e3o - Instituto de Engenharia","isPartOf":{"@id":"https:\/\/www.institutodeengenharia.org.br\/site\/#website"},"primaryImageOfPage":{"@id":"https:\/\/www.institutodeengenharia.org.br\/site\/2020\/12\/02\/conversando-sobre-desapropriacao\/#primaryimage"},"image":{"@id":"https:\/\/www.institutodeengenharia.org.br\/site\/2020\/12\/02\/conversando-sobre-desapropriacao\/#primaryimage"},"thumbnailUrl":"https:\/\/www.institutodeengenharia.org.br\/site\/wp-content\/uploads\/2021\/01\/post_convencer_proprietario_alugar-825x510-1.jpg","datePublished":"2020-12-02T21:00:13+00:00","dateModified":"2024-01-24T14:31:00+00:00","breadcrumb":{"@id":"https:\/\/www.institutodeengenharia.org.br\/site\/2020\/12\/02\/conversando-sobre-desapropriacao\/#breadcrumb"},"inLanguage":"pt-BR","potentialAction":[{"@type":"ReadAction","target":["https:\/\/www.institutodeengenharia.org.br\/site\/2020\/12\/02\/conversando-sobre-desapropriacao\/"]}]},{"@type":"ImageObject","inLanguage":"pt-BR","@id":"https:\/\/www.institutodeengenharia.org.br\/site\/2020\/12\/02\/conversando-sobre-desapropriacao\/#primaryimage","url":"https:\/\/www.institutodeengenharia.org.br\/site\/wp-content\/uploads\/2021\/01\/post_convencer_proprietario_alugar-825x510-1.jpg","contentUrl":"https:\/\/www.institutodeengenharia.org.br\/site\/wp-content\/uploads\/2021\/01\/post_convencer_proprietario_alugar-825x510-1.jpg","width":825,"height":510},{"@type":"BreadcrumbList","@id":"https:\/\/www.institutodeengenharia.org.br\/site\/2020\/12\/02\/conversando-sobre-desapropriacao\/#breadcrumb","itemListElement":[{"@type":"ListItem","position":1,"name":"In\u00edcio","item":"https:\/\/www.institutodeengenharia.org.br\/site\/"},{"@type":"ListItem","position":2,"name":"Conversando sobre Desapropria\u00e7\u00e3o"}]},{"@type":"WebSite","@id":"https:\/\/www.institutodeengenharia.org.br\/site\/#website","url":"https:\/\/www.institutodeengenharia.org.br\/site\/","name":"Instituto de Engenharia","description":"O Instituto de Engenharia promove a Engenharia em benef\u00edcio do desenvolvimento e da qualidade de vida da sociedade.","publisher":{"@id":"https:\/\/www.institutodeengenharia.org.br\/site\/#organization"},"potentialAction":[{"@type":"SearchAction","target":{"@type":"EntryPoint","urlTemplate":"https:\/\/www.institutodeengenharia.org.br\/site\/?s={search_term_string}"},"query-input":{"@type":"PropertyValueSpecification","valueRequired":true,"valueName":"search_term_string"}}],"inLanguage":"pt-BR"},{"@type":"Organization","@id":"https:\/\/www.institutodeengenharia.org.br\/site\/#organization","name":"Instituto de Engenharia","url":"https:\/\/www.institutodeengenharia.org.br\/site\/","logo":{"@type":"ImageObject","inLanguage":"pt-BR","@id":"https:\/\/www.institutodeengenharia.org.br\/site\/#\/schema\/logo\/image\/","url":"https:\/\/www.institutodeengenharia.org.br\/site\/wp-content\/uploads\/2019\/03\/logo-novo-IE2018-1.jpg","contentUrl":"https:\/\/www.institutodeengenharia.org.br\/site\/wp-content\/uploads\/2019\/03\/logo-novo-IE2018-1.jpg","width":1486,"height":1879,"caption":"Instituto de Engenharia"},"image":{"@id":"https:\/\/www.institutodeengenharia.org.br\/site\/#\/schema\/logo\/image\/"},"sameAs":["https:\/\/www.facebook.com\/institutodeengenharia","https:\/\/x.com\/iengenharia","https:\/\/www.instagram.com\/institutodeengenharia\/","https:\/\/www.linkedin.com\/company\/instituto-de-engenharia\/","https:\/\/www.youtube.com\/channel\/UCXiCAlsSMe977vamW915HxA"]},{"@type":"Person","@id":"https:\/\/www.institutodeengenharia.org.br\/site\/#\/schema\/person\/aeb64951c405e100d26d30b033dd423f","name":"Bianca","image":{"@type":"ImageObject","inLanguage":"pt-BR","@id":"https:\/\/secure.gravatar.com\/avatar\/a6fbe9bff57405baf4c1e2c5c1811e072b558253974a9f9508f4678900c97c2a?s=96&d=mm&r=g","url":"https:\/\/secure.gravatar.com\/avatar\/a6fbe9bff57405baf4c1e2c5c1811e072b558253974a9f9508f4678900c97c2a?s=96&d=mm&r=g","contentUrl":"https:\/\/secure.gravatar.com\/avatar\/a6fbe9bff57405baf4c1e2c5c1811e072b558253974a9f9508f4678900c97c2a?s=96&d=mm&r=g","caption":"Bianca"},"url":"https:\/\/www.institutodeengenharia.org.br\/site\/author\/comunicacao1\/"}]}},"_links":{"self":[{"href":"https:\/\/www.institutodeengenharia.org.br\/site\/wp-json\/wp\/v2\/posts\/74086","targetHints":{"allow":["GET"]}}],"collection":[{"href":"https:\/\/www.institutodeengenharia.org.br\/site\/wp-json\/wp\/v2\/posts"}],"about":[{"href":"https:\/\/www.institutodeengenharia.org.br\/site\/wp-json\/wp\/v2\/types\/post"}],"author":[{"embeddable":true,"href":"https:\/\/www.institutodeengenharia.org.br\/site\/wp-json\/wp\/v2\/users\/13"}],"replies":[{"embeddable":true,"href":"https:\/\/www.institutodeengenharia.org.br\/site\/wp-json\/wp\/v2\/comments?post=74086"}],"version-history":[{"count":1,"href":"https:\/\/www.institutodeengenharia.org.br\/site\/wp-json\/wp\/v2\/posts\/74086\/revisions"}],"predecessor-version":[{"id":74090,"href":"https:\/\/www.institutodeengenharia.org.br\/site\/wp-json\/wp\/v2\/posts\/74086\/revisions\/74090"}],"wp:featuredmedia":[{"embeddable":true,"href":"https:\/\/www.institutodeengenharia.org.br\/site\/wp-json\/wp\/v2\/media\/74089"}],"wp:attachment":[{"href":"https:\/\/www.institutodeengenharia.org.br\/site\/wp-json\/wp\/v2\/media?parent=74086"}],"wp:term":[{"taxonomy":"category","embeddable":true,"href":"https:\/\/www.institutodeengenharia.org.br\/site\/wp-json\/wp\/v2\/categories?post=74086"},{"taxonomy":"post_tag","embeddable":true,"href":"https:\/\/www.institutodeengenharia.org.br\/site\/wp-json\/wp\/v2\/tags?post=74086"}],"curies":[{"name":"wp","href":"https:\/\/api.w.org\/{rel}","templated":true}]}}