{"id":74025,"date":"2020-11-20T10:00:50","date_gmt":"2020-11-20T13:00:50","guid":{"rendered":"https:\/\/www.institutodeengenharia.org.br\/site\/?p=74025"},"modified":"2021-01-12T14:31:14","modified_gmt":"2021-01-12T17:31:14","slug":"ie-talks-desafios-de-uma-sociedade-5-0-para-o-brasil","status":"publish","type":"post","link":"https:\/\/www.institutodeengenharia.org.br\/site\/2020\/11\/20\/ie-talks-desafios-de-uma-sociedade-5-0-para-o-brasil\/","title":{"rendered":"IE Talks: Desafios de uma Sociedade 5.0 para o Brasil"},"content":{"rendered":"<p><strong>Assista abaixo \u00e0 grava\u00e7\u00e3o:<\/strong><\/p>\n<p><iframe loading=\"lazy\" src=\"https:\/\/player.vimeo.com\/video\/497606157\" width=\"640\" height=\"360\" frameborder=\"0\" allowfullscreen=\"allowfullscreen\"><\/iframe><\/p>\n<p>&nbsp;<\/p>\n<p><strong>+ Informa\u00e7\u00f5es:<\/strong><\/p>\n<p><strong>Palestrantes:<\/strong><\/p>\n<p><img loading=\"lazy\" decoding=\"async\" class=\"alignnone wp-image-68628\" src=\"https:\/\/www.institutodeengenharia.org.br\/site\/wp-content\/uploads\/2020\/07\/Bruna-Losada.jpg\" alt=\"\" width=\"153\" height=\"156\" srcset=\"https:\/\/www.institutodeengenharia.org.br\/site\/wp-content\/uploads\/2020\/07\/Bruna-Losada.jpg 347w, https:\/\/www.institutodeengenharia.org.br\/site\/wp-content\/uploads\/2020\/07\/Bruna-Losada-294x300.jpg 294w\" sizes=\"auto, (max-width: 153px) 100vw, 153px\" \/><\/p>\n<p><strong>Bruna Losada<\/strong><\/p>\n<p>Graduada em Administra\u00e7\u00e3o pela Universidade de S\u00e3o Paulo (USP), mestre e doutora em Finan\u00e7as pela FEA-USP e p\u00f3s-doutora em Finan\u00e7as para Startups na Universidade de Columbia (NY-EUA). Foi consultora em finan\u00e7as corporativas e Equity Research no Investment Bank. Atualmente \u00e9 vice-reitora da Saint Paul Escola de Neg\u00f3cios nos cursos de educa\u00e7\u00e3o executiva, MBAs, p\u00f3s-MBAs e Programas de Educa\u00e7\u00e3o Executiva. Autora e co-autora de v\u00e1rios livros e artigos acad\u00eamicos. Comp\u00f5e equipes que focam e apoiam pesquisas e pr\u00eamios de mercado, como o iCFO (\u00cdndice de Confian\u00e7a de CFO de S\u00e3o Paulo | IBEF-SP), a Executive Women Research of Saint Paul, Pr\u00eamio L\u00e1pide de Ouro, entre outros. Autora do livro Finan\u00e7as para Startups.<\/p>\n<p><img loading=\"lazy\" decoding=\"async\" class=\"alignnone wp-image-67269\" src=\"https:\/\/www.institutodeengenharia.org.br\/site\/wp-content\/uploads\/2020\/06\/c\u00e9zar-taurion.jpg\" alt=\"\" width=\"158\" height=\"158\" srcset=\"https:\/\/www.institutodeengenharia.org.br\/site\/wp-content\/uploads\/2020\/06\/c\u00e9zar-taurion.jpg 309w, https:\/\/www.institutodeengenharia.org.br\/site\/wp-content\/uploads\/2020\/06\/c\u00e9zar-taurion-150x150.jpg 150w, https:\/\/www.institutodeengenharia.org.br\/site\/wp-content\/uploads\/2020\/06\/c\u00e9zar-taurion-300x300.jpg 300w, https:\/\/www.institutodeengenharia.org.br\/site\/wp-content\/uploads\/2020\/06\/c\u00e9zar-taurion-100x100.jpg 100w\" sizes=\"auto, (max-width: 158px) 100vw, 158px\" \/><\/p>\n<p><strong>C\u00e9zar Taurion<\/strong><\/p>\n<p>Vice-presidente de Inova\u00e7\u00e3o da Cia. T\u00e9cnica Consulting, Partner\/Head of Digital Transformation da Kick Corporate Ventures. Investidor e mentor de startups de IA e membro do conselho de inova\u00e7\u00e3o de diversas empresas. Na sua carreira foi diretor de Novas Tecnologias Aplicadas e Chief Evangelist da IBM Brasil, s\u00f3cio-diretor e l\u00edder da pr\u00e1tica de IT Strategy da PwC, executivo na Shell e Chase Manhatttan Bank. Possui educa\u00e7\u00e3o formal diversificada e mestrado em Ci\u00eancia da Computa\u00e7\u00e3o. Autor de artigos sobre IT em publica\u00e7\u00f5es digitais e f\u00edsicas como Neo Feed e palestrante em eventos e confer\u00eancias como IT Forum, IT Leaders, CIO Global Summit, TEDx, CIAB e FutureCom.\u00a0 \u00c9 autor de nove livros que abordam Transforma\u00e7\u00e3o Digital, Inova\u00e7\u00e3o, Big Data e Tecnologias Emergentes. \u00c9 professor convidado da Funda\u00e7\u00e3o Dom Cabral, da PUC-RJ e PUC-RS e editor da AI Magazine.<\/p>\n<p><img loading=\"lazy\" decoding=\"async\" class=\"alignnone wp-image-64965\" src=\"https:\/\/www.institutodeengenharia.org.br\/site\/wp-content\/uploads\/2020\/05\/eunezio-antonio.jpg\" alt=\"\" width=\"149\" height=\"151\" srcset=\"https:\/\/www.institutodeengenharia.org.br\/site\/wp-content\/uploads\/2020\/05\/eunezio-antonio.jpg 501w, https:\/\/www.institutodeengenharia.org.br\/site\/wp-content\/uploads\/2020\/05\/eunezio-antonio-294x300.jpg 294w, https:\/\/www.institutodeengenharia.org.br\/site\/wp-content\/uploads\/2020\/05\/eunezio-antonio-356x364.jpg 356w, https:\/\/www.institutodeengenharia.org.br\/site\/wp-content\/uploads\/2020\/05\/eunezio-antonio-412x420.jpg 412w, https:\/\/www.institutodeengenharia.org.br\/site\/wp-content\/uploads\/2020\/05\/eunezio-antonio-100x100.jpg 100w\" sizes=\"auto, (max-width: 149px) 100vw, 149px\" \/><\/p>\n<p><strong>Eunezio Antonio de Souza \u201cTHOROH\u201d<\/strong><\/p>\n<p>Graduado em F\u00edsica, doutorado pelo Instituto de F\u00edsica Gleb Wataghin da Universidade Estadual de Campinas. Foi pesquisador visitante da AT&amp;T Bell Laboratories no departamento de dispositivos optoeletr\u00f4nicos avan\u00e7ados, coordenador de p\u00f3s-gradua\u00e7\u00e3o e professor do Instituto de F\u00edsica da Universidade de Bras\u00edlia (UnB). \u00c9 professor titular da Universidade Presbiteriana Mackenzie e idealizador do MackGraphe (Centro de Pesquisas Avan\u00e7adas em Grafeno Nano-materiais e Nanotecnologias), conselheiro do CGIA (China Innovation Alliance of the Graphene Industry), membro do International Committee do RIDC (Research, Innovation and Dissemination Centers) da Fapesp,do Scientific Advisory Board do Quanta-Lab (INL &#8211; Iberian Nanotechnology Laboratory e Universidade do Minho), do Comit\u00ea de Inova\u00e7\u00e3o do CPqD, do CCFOTO (Comit\u00ea Consultivo de Fot\u00f4nica do MCTI), da OSA (Optical Society of America), do IEEE Photonics Society, da SBF (Sociedade Brasileira de F\u00edsica) e da SBMO (Sociedade Brasileira de Microondas e Optoeletr\u00f4nia) e atua na \u00e1rea de Fot\u00f4nica em dispositivos avan\u00e7ados baseados em materiais bi-dimensionais, como o grafeno.<\/p>\n<p><img loading=\"lazy\" decoding=\"async\" class=\"alignnone wp-image-69761\" src=\"https:\/\/www.institutodeengenharia.org.br\/site\/wp-content\/uploads\/2020\/08\/Jos\u00e9-Carlos-de-Souza-Jr-e1596808139448.jpg\" alt=\"\" width=\"143\" height=\"152\" \/><\/p>\n<p><strong>Jos\u00e9 Carlos de Souza Jr<\/strong>.<\/p>\n<p>Bacharel em Engenharia El\u00e9trica e Eletr\u00f4nica pela Escola de Engenharia Mau\u00e1, mestrado e doutorado em Engenharia El\u00e9trica pela USP. Foi s\u00f3cio-diretor do Grupo Mosaico, professor pela Universidade S\u00e3o Judas Tadeu e pelo Centro Universit\u00e1rio da FEI. Atualmente \u00e9 s\u00f3cio da Versor Inova\u00e7\u00e3o Tecnol\u00f3gica, da Motom e Reitor do Centro Universit\u00e1rio do Instituto Mau\u00e1 de Tecnologia.<\/p>\n<p><img loading=\"lazy\" decoding=\"async\" class=\"alignnone wp-image-72234\" src=\"https:\/\/www.institutodeengenharia.org.br\/site\/wp-content\/uploads\/2020\/10\/Mauricio-Pazini-Brandao.jpg\" alt=\"\" width=\"152\" height=\"152\" srcset=\"https:\/\/www.institutodeengenharia.org.br\/site\/wp-content\/uploads\/2020\/10\/Mauricio-Pazini-Brandao.jpg 200w, https:\/\/www.institutodeengenharia.org.br\/site\/wp-content\/uploads\/2020\/10\/Mauricio-Pazini-Brandao-150x150.jpg 150w, https:\/\/www.institutodeengenharia.org.br\/site\/wp-content\/uploads\/2020\/10\/Mauricio-Pazini-Brandao-100x100.jpg 100w\" sizes=\"auto, (max-width: 152px) 100vw, 152px\" \/><\/p>\n<p><strong>Mauricio Pazini Brand\u00e3o<\/strong><\/p>\n<p>Gradua\u00e7\u00e3o e Mestrado em Engenharia Aeron\u00e1utica pelo ITA, Doutorado em aeron\u00e1utica e astron\u00e1utica pela Stanford University, MBA pela Universidade Federal Fluminense, especialista em Pol\u00edtica e Estrat\u00e9gia Aeroespacial pela Escola de Comando e Estado Maior da Aeron\u00e1utica (ECEMAR\/FAB). Possui carreira militar como Oficial de Engenharia como General Brigadeiro da FAB. H\u00e1 mais de 40 anos docente da gradua\u00e7\u00e3o e p\u00f3s gradua\u00e7\u00e3o de engenharia aeron\u00e1utica e aeroespacial do ITA. Foi diretor na IEAv \u2013 Instituto de Estudos Avan\u00e7ados nas \u00e1reas de pesquisa de F\u00edsica Aplicada, Energia Nuclear, Fot\u00f4nica, Sensoriamento Remoto, TI, Din\u00e2mica Gasosa e Hipers\u00f4nica, sub diretor do DCTA \u2013 Departamento de Ci\u00eancia e Tecnologia Aeroespacial, consultor na ABDI \u2013 Ag\u00eancia Brasileira de Desenvolvimento Industrial, consultor de P&amp;D na HPUmatic na aplica\u00e7\u00e3o inovadora de tecnologia de energia hidr\u00e1ulica e no MCTIC\/MCTI foi Secret\u00e1rio de Tecnologias Aplicadas e Diretor da Regional Sul-Sudeste. Atualmente \u00e9 diretor de Defesa e Seguran\u00e7a da Secretaria Especial de Assuntos Estrat\u00e9gicos da Presid\u00eancia da Rep\u00fablica.<\/p>\n<p><img loading=\"lazy\" decoding=\"async\" class=\"alignnone wp-image-71340\" src=\"https:\/\/www.institutodeengenharia.org.br\/site\/wp-content\/uploads\/2020\/09\/Profa-Dra.-Talitha-Nicoletti.jpg\" alt=\"\" width=\"145\" height=\"179\" \/><\/p>\n<p><strong>Talitha Nicoletti<\/strong><\/p>\n<p>Graduada em Engenharia El\u00e9trica pelo Centro Universit\u00e1rio da FEI (2006), mestrado e doutorado em Engenharia El\u00e9trica, na \u00e1rea de micro-nanoeletr\u00f4nica, pela Escola Polit\u00e9cnica da Universidade de S\u00e3o Paulo. Parte de seu doutorado foi realizado no IMEC (Interuniversity Microelectronic Center) na Universidade Cat\u00f3lica de Leuven na B\u00e9lgica, onde foi poss\u00edvel desenvolver um estudo sobre dispositivos de mem\u00f3ria 1T-DRAM com \u00f3xido enterrado ultra fino. Foi coordenadora do curso de Engenharia Biom\u00e9dica (2017-2019) da Pontif\u00edcia Universidade Cat\u00f3lica de S\u00e3o Paulo e, desde 2013 \u00e9 uma das professoras do eixo tem\u00e1tico de Eletr\u00f4nica M\u00e9dica do mesmo curso. Atualmente, tamb\u00e9m atua como assistente especializada da Pr\u00f3-Reitoria de Educa\u00e7\u00e3o Continuada trabalhando no planejamento, curadoria e capta\u00e7\u00e3o de cursos de extens\u00e3o e especializa\u00e7\u00e3o da PUC-SP.<\/p>\n","protected":false},"excerpt":{"rendered":"<p>Assista abaixo \u00e0 grava\u00e7\u00e3o: &nbsp; + Informa\u00e7\u00f5es: Palestrantes: Bruna Losada Graduada em Administra\u00e7\u00e3o pela Universidade de S\u00e3o Paulo (USP), mestre e doutora em Finan\u00e7as pela FEA-USP e p\u00f3s-doutora em Finan\u00e7as para Startups na Universidade de Columbia (NY-EUA). Foi consultora em finan\u00e7as corporativas e Equity Research no Investment Bank. Atualmente \u00e9 vice-reitora da Saint Paul Escola [&hellip;]<\/p>\n","protected":false},"author":13,"featured_media":74026,"comment_status":"open","ping_status":"open","sticky":false,"template":"","format":"standard","meta":{"footnotes":""},"categories":[968,969],"tags":[],"class_list":{"0":"post-74025","1":"post","2":"type-post","3":"status-publish","4":"format-standard","5":"has-post-thumbnail","7":"category-nova-tv-engenharia","8":"category-palestra"},"yoast_head":"<!-- This site is optimized with the Yoast SEO plugin v27.2 - https:\/\/yoast.com\/product\/yoast-seo-wordpress\/ -->\n<title>IE Talks: Desafios de uma Sociedade 5.0 para o Brasil - Instituto de Engenharia<\/title>\n<meta name=\"robots\" content=\"index, follow, max-snippet:-1, max-image-preview:large, max-video-preview:-1\" \/>\n<link rel=\"canonical\" href=\"https:\/\/www.institutodeengenharia.org.br\/site\/2020\/11\/20\/ie-talks-desafios-de-uma-sociedade-5-0-para-o-brasil\/\" \/>\n<meta property=\"og:locale\" content=\"pt_BR\" \/>\n<meta property=\"og:type\" content=\"article\" \/>\n<meta property=\"og:title\" content=\"IE Talks: Desafios de uma Sociedade 5.0 para o Brasil - Instituto de Engenharia\" \/>\n<meta property=\"og:description\" content=\"Assista abaixo \u00e0 grava\u00e7\u00e3o: &nbsp; + Informa\u00e7\u00f5es: Palestrantes: Bruna Losada Graduada em Administra\u00e7\u00e3o pela Universidade de S\u00e3o Paulo (USP), mestre e doutora em Finan\u00e7as pela FEA-USP e p\u00f3s-doutora em Finan\u00e7as para Startups na Universidade de Columbia (NY-EUA). Foi consultora em finan\u00e7as corporativas e Equity Research no Investment Bank. Atualmente \u00e9 vice-reitora da Saint Paul Escola [&hellip;]\" \/>\n<meta property=\"og:url\" content=\"https:\/\/www.institutodeengenharia.org.br\/site\/2020\/11\/20\/ie-talks-desafios-de-uma-sociedade-5-0-para-o-brasil\/\" \/>\n<meta property=\"og:site_name\" content=\"Instituto de Engenharia\" \/>\n<meta property=\"article:publisher\" content=\"https:\/\/www.facebook.com\/institutodeengenharia\" \/>\n<meta property=\"article:published_time\" content=\"2020-11-20T13:00:50+00:00\" \/>\n<meta property=\"article:modified_time\" content=\"2021-01-12T17:31:14+00:00\" \/>\n<meta property=\"og:image\" content=\"https:\/\/www.institutodeengenharia.org.br\/site\/wp-content\/uploads\/2021\/01\/Sociedade5.0.jpeg\" \/>\n\t<meta property=\"og:image:width\" content=\"1600\" \/>\n\t<meta property=\"og:image:height\" content=\"750\" \/>\n\t<meta property=\"og:image:type\" content=\"image\/jpeg\" \/>\n<meta name=\"author\" content=\"Bianca\" \/>\n<meta name=\"twitter:card\" content=\"summary_large_image\" \/>\n<meta name=\"twitter:creator\" content=\"@iengenharia\" \/>\n<meta name=\"twitter:site\" content=\"@iengenharia\" \/>\n<meta name=\"twitter:label1\" content=\"Escrito por\" \/>\n\t<meta name=\"twitter:data1\" content=\"Bianca\" \/>\n\t<meta name=\"twitter:label2\" content=\"Est. tempo de leitura\" \/>\n\t<meta name=\"twitter:data2\" content=\"4 minutos\" \/>\n<script type=\"application\/ld+json\" class=\"yoast-schema-graph\">{\"@context\":\"https:\/\/schema.org\",\"@graph\":[{\"@type\":\"Article\",\"@id\":\"https:\/\/www.institutodeengenharia.org.br\/site\/2020\/11\/20\/ie-talks-desafios-de-uma-sociedade-5-0-para-o-brasil\/#article\",\"isPartOf\":{\"@id\":\"https:\/\/www.institutodeengenharia.org.br\/site\/2020\/11\/20\/ie-talks-desafios-de-uma-sociedade-5-0-para-o-brasil\/\"},\"author\":{\"name\":\"Bianca\",\"@id\":\"https:\/\/www.institutodeengenharia.org.br\/site\/#\/schema\/person\/aeb64951c405e100d26d30b033dd423f\"},\"headline\":\"IE Talks: Desafios de uma Sociedade 5.0 para o Brasil\",\"datePublished\":\"2020-11-20T13:00:50+00:00\",\"dateModified\":\"2021-01-12T17:31:14+00:00\",\"mainEntityOfPage\":{\"@id\":\"https:\/\/www.institutodeengenharia.org.br\/site\/2020\/11\/20\/ie-talks-desafios-de-uma-sociedade-5-0-para-o-brasil\/\"},\"wordCount\":868,\"commentCount\":0,\"publisher\":{\"@id\":\"https:\/\/www.institutodeengenharia.org.br\/site\/#organization\"},\"image\":{\"@id\":\"https:\/\/www.institutodeengenharia.org.br\/site\/2020\/11\/20\/ie-talks-desafios-de-uma-sociedade-5-0-para-o-brasil\/#primaryimage\"},\"thumbnailUrl\":\"https:\/\/www.institutodeengenharia.org.br\/site\/wp-content\/uploads\/2021\/01\/Sociedade5.0.jpeg\",\"articleSection\":[\"Nova TV Engenharia\",\"Palestra\"],\"inLanguage\":\"pt-BR\",\"potentialAction\":[{\"@type\":\"CommentAction\",\"name\":\"Comment\",\"target\":[\"https:\/\/www.institutodeengenharia.org.br\/site\/2020\/11\/20\/ie-talks-desafios-de-uma-sociedade-5-0-para-o-brasil\/#respond\"]}]},{\"@type\":\"WebPage\",\"@id\":\"https:\/\/www.institutodeengenharia.org.br\/site\/2020\/11\/20\/ie-talks-desafios-de-uma-sociedade-5-0-para-o-brasil\/\",\"url\":\"https:\/\/www.institutodeengenharia.org.br\/site\/2020\/11\/20\/ie-talks-desafios-de-uma-sociedade-5-0-para-o-brasil\/\",\"name\":\"IE Talks: Desafios de uma Sociedade 5.0 para o Brasil - Instituto de Engenharia\",\"isPartOf\":{\"@id\":\"https:\/\/www.institutodeengenharia.org.br\/site\/#website\"},\"primaryImageOfPage\":{\"@id\":\"https:\/\/www.institutodeengenharia.org.br\/site\/2020\/11\/20\/ie-talks-desafios-de-uma-sociedade-5-0-para-o-brasil\/#primaryimage\"},\"image\":{\"@id\":\"https:\/\/www.institutodeengenharia.org.br\/site\/2020\/11\/20\/ie-talks-desafios-de-uma-sociedade-5-0-para-o-brasil\/#primaryimage\"},\"thumbnailUrl\":\"https:\/\/www.institutodeengenharia.org.br\/site\/wp-content\/uploads\/2021\/01\/Sociedade5.0.jpeg\",\"datePublished\":\"2020-11-20T13:00:50+00:00\",\"dateModified\":\"2021-01-12T17:31:14+00:00\",\"breadcrumb\":{\"@id\":\"https:\/\/www.institutodeengenharia.org.br\/site\/2020\/11\/20\/ie-talks-desafios-de-uma-sociedade-5-0-para-o-brasil\/#breadcrumb\"},\"inLanguage\":\"pt-BR\",\"potentialAction\":[{\"@type\":\"ReadAction\",\"target\":[\"https:\/\/www.institutodeengenharia.org.br\/site\/2020\/11\/20\/ie-talks-desafios-de-uma-sociedade-5-0-para-o-brasil\/\"]}]},{\"@type\":\"ImageObject\",\"inLanguage\":\"pt-BR\",\"@id\":\"https:\/\/www.institutodeengenharia.org.br\/site\/2020\/11\/20\/ie-talks-desafios-de-uma-sociedade-5-0-para-o-brasil\/#primaryimage\",\"url\":\"https:\/\/www.institutodeengenharia.org.br\/site\/wp-content\/uploads\/2021\/01\/Sociedade5.0.jpeg\",\"contentUrl\":\"https:\/\/www.institutodeengenharia.org.br\/site\/wp-content\/uploads\/2021\/01\/Sociedade5.0.jpeg\",\"width\":1600,\"height\":750},{\"@type\":\"BreadcrumbList\",\"@id\":\"https:\/\/www.institutodeengenharia.org.br\/site\/2020\/11\/20\/ie-talks-desafios-de-uma-sociedade-5-0-para-o-brasil\/#breadcrumb\",\"itemListElement\":[{\"@type\":\"ListItem\",\"position\":1,\"name\":\"In\u00edcio\",\"item\":\"https:\/\/www.institutodeengenharia.org.br\/site\/\"},{\"@type\":\"ListItem\",\"position\":2,\"name\":\"IE Talks: Desafios de uma Sociedade 5.0 para o Brasil\"}]},{\"@type\":\"WebSite\",\"@id\":\"https:\/\/www.institutodeengenharia.org.br\/site\/#website\",\"url\":\"https:\/\/www.institutodeengenharia.org.br\/site\/\",\"name\":\"Instituto de Engenharia\",\"description\":\"O Instituto de Engenharia promove a Engenharia em benef\u00edcio do desenvolvimento e da qualidade de vida da sociedade.\",\"publisher\":{\"@id\":\"https:\/\/www.institutodeengenharia.org.br\/site\/#organization\"},\"potentialAction\":[{\"@type\":\"SearchAction\",\"target\":{\"@type\":\"EntryPoint\",\"urlTemplate\":\"https:\/\/www.institutodeengenharia.org.br\/site\/?s={search_term_string}\"},\"query-input\":{\"@type\":\"PropertyValueSpecification\",\"valueRequired\":true,\"valueName\":\"search_term_string\"}}],\"inLanguage\":\"pt-BR\"},{\"@type\":\"Organization\",\"@id\":\"https:\/\/www.institutodeengenharia.org.br\/site\/#organization\",\"name\":\"Instituto de Engenharia\",\"url\":\"https:\/\/www.institutodeengenharia.org.br\/site\/\",\"logo\":{\"@type\":\"ImageObject\",\"inLanguage\":\"pt-BR\",\"@id\":\"https:\/\/www.institutodeengenharia.org.br\/site\/#\/schema\/logo\/image\/\",\"url\":\"https:\/\/www.institutodeengenharia.org.br\/site\/wp-content\/uploads\/2019\/03\/logo-novo-IE2018-1.jpg\",\"contentUrl\":\"https:\/\/www.institutodeengenharia.org.br\/site\/wp-content\/uploads\/2019\/03\/logo-novo-IE2018-1.jpg\",\"width\":1486,\"height\":1879,\"caption\":\"Instituto de Engenharia\"},\"image\":{\"@id\":\"https:\/\/www.institutodeengenharia.org.br\/site\/#\/schema\/logo\/image\/\"},\"sameAs\":[\"https:\/\/www.facebook.com\/institutodeengenharia\",\"https:\/\/x.com\/iengenharia\",\"https:\/\/www.instagram.com\/institutodeengenharia\/\",\"https:\/\/www.linkedin.com\/company\/instituto-de-engenharia\/\",\"https:\/\/www.youtube.com\/channel\/UCXiCAlsSMe977vamW915HxA\"]},{\"@type\":\"Person\",\"@id\":\"https:\/\/www.institutodeengenharia.org.br\/site\/#\/schema\/person\/aeb64951c405e100d26d30b033dd423f\",\"name\":\"Bianca\",\"image\":{\"@type\":\"ImageObject\",\"inLanguage\":\"pt-BR\",\"@id\":\"https:\/\/secure.gravatar.com\/avatar\/a6fbe9bff57405baf4c1e2c5c1811e072b558253974a9f9508f4678900c97c2a?s=96&d=mm&r=g\",\"url\":\"https:\/\/secure.gravatar.com\/avatar\/a6fbe9bff57405baf4c1e2c5c1811e072b558253974a9f9508f4678900c97c2a?s=96&d=mm&r=g\",\"contentUrl\":\"https:\/\/secure.gravatar.com\/avatar\/a6fbe9bff57405baf4c1e2c5c1811e072b558253974a9f9508f4678900c97c2a?s=96&d=mm&r=g\",\"caption\":\"Bianca\"},\"url\":\"https:\/\/www.institutodeengenharia.org.br\/site\/author\/comunicacao1\/\"}]}<\/script>\n<!-- \/ Yoast SEO plugin. -->","yoast_head_json":{"title":"IE Talks: Desafios de uma Sociedade 5.0 para o Brasil - Instituto de Engenharia","robots":{"index":"index","follow":"follow","max-snippet":"max-snippet:-1","max-image-preview":"max-image-preview:large","max-video-preview":"max-video-preview:-1"},"canonical":"https:\/\/www.institutodeengenharia.org.br\/site\/2020\/11\/20\/ie-talks-desafios-de-uma-sociedade-5-0-para-o-brasil\/","og_locale":"pt_BR","og_type":"article","og_title":"IE Talks: Desafios de uma Sociedade 5.0 para o Brasil - Instituto de Engenharia","og_description":"Assista abaixo \u00e0 grava\u00e7\u00e3o: &nbsp; + Informa\u00e7\u00f5es: Palestrantes: Bruna Losada Graduada em Administra\u00e7\u00e3o pela Universidade de S\u00e3o Paulo (USP), mestre e doutora em Finan\u00e7as pela FEA-USP e p\u00f3s-doutora em Finan\u00e7as para Startups na Universidade de Columbia (NY-EUA). Foi consultora em finan\u00e7as corporativas e Equity Research no Investment Bank. Atualmente \u00e9 vice-reitora da Saint Paul Escola [&hellip;]","og_url":"https:\/\/www.institutodeengenharia.org.br\/site\/2020\/11\/20\/ie-talks-desafios-de-uma-sociedade-5-0-para-o-brasil\/","og_site_name":"Instituto de Engenharia","article_publisher":"https:\/\/www.facebook.com\/institutodeengenharia","article_published_time":"2020-11-20T13:00:50+00:00","article_modified_time":"2021-01-12T17:31:14+00:00","og_image":[{"width":1600,"height":750,"url":"https:\/\/www.institutodeengenharia.org.br\/site\/wp-content\/uploads\/2021\/01\/Sociedade5.0.jpeg","type":"image\/jpeg"}],"author":"Bianca","twitter_card":"summary_large_image","twitter_creator":"@iengenharia","twitter_site":"@iengenharia","twitter_misc":{"Escrito por":"Bianca","Est. tempo de leitura":"4 minutos"},"schema":{"@context":"https:\/\/schema.org","@graph":[{"@type":"Article","@id":"https:\/\/www.institutodeengenharia.org.br\/site\/2020\/11\/20\/ie-talks-desafios-de-uma-sociedade-5-0-para-o-brasil\/#article","isPartOf":{"@id":"https:\/\/www.institutodeengenharia.org.br\/site\/2020\/11\/20\/ie-talks-desafios-de-uma-sociedade-5-0-para-o-brasil\/"},"author":{"name":"Bianca","@id":"https:\/\/www.institutodeengenharia.org.br\/site\/#\/schema\/person\/aeb64951c405e100d26d30b033dd423f"},"headline":"IE Talks: Desafios de uma Sociedade 5.0 para o Brasil","datePublished":"2020-11-20T13:00:50+00:00","dateModified":"2021-01-12T17:31:14+00:00","mainEntityOfPage":{"@id":"https:\/\/www.institutodeengenharia.org.br\/site\/2020\/11\/20\/ie-talks-desafios-de-uma-sociedade-5-0-para-o-brasil\/"},"wordCount":868,"commentCount":0,"publisher":{"@id":"https:\/\/www.institutodeengenharia.org.br\/site\/#organization"},"image":{"@id":"https:\/\/www.institutodeengenharia.org.br\/site\/2020\/11\/20\/ie-talks-desafios-de-uma-sociedade-5-0-para-o-brasil\/#primaryimage"},"thumbnailUrl":"https:\/\/www.institutodeengenharia.org.br\/site\/wp-content\/uploads\/2021\/01\/Sociedade5.0.jpeg","articleSection":["Nova TV Engenharia","Palestra"],"inLanguage":"pt-BR","potentialAction":[{"@type":"CommentAction","name":"Comment","target":["https:\/\/www.institutodeengenharia.org.br\/site\/2020\/11\/20\/ie-talks-desafios-de-uma-sociedade-5-0-para-o-brasil\/#respond"]}]},{"@type":"WebPage","@id":"https:\/\/www.institutodeengenharia.org.br\/site\/2020\/11\/20\/ie-talks-desafios-de-uma-sociedade-5-0-para-o-brasil\/","url":"https:\/\/www.institutodeengenharia.org.br\/site\/2020\/11\/20\/ie-talks-desafios-de-uma-sociedade-5-0-para-o-brasil\/","name":"IE Talks: Desafios de uma Sociedade 5.0 para o Brasil - Instituto de Engenharia","isPartOf":{"@id":"https:\/\/www.institutodeengenharia.org.br\/site\/#website"},"primaryImageOfPage":{"@id":"https:\/\/www.institutodeengenharia.org.br\/site\/2020\/11\/20\/ie-talks-desafios-de-uma-sociedade-5-0-para-o-brasil\/#primaryimage"},"image":{"@id":"https:\/\/www.institutodeengenharia.org.br\/site\/2020\/11\/20\/ie-talks-desafios-de-uma-sociedade-5-0-para-o-brasil\/#primaryimage"},"thumbnailUrl":"https:\/\/www.institutodeengenharia.org.br\/site\/wp-content\/uploads\/2021\/01\/Sociedade5.0.jpeg","datePublished":"2020-11-20T13:00:50+00:00","dateModified":"2021-01-12T17:31:14+00:00","breadcrumb":{"@id":"https:\/\/www.institutodeengenharia.org.br\/site\/2020\/11\/20\/ie-talks-desafios-de-uma-sociedade-5-0-para-o-brasil\/#breadcrumb"},"inLanguage":"pt-BR","potentialAction":[{"@type":"ReadAction","target":["https:\/\/www.institutodeengenharia.org.br\/site\/2020\/11\/20\/ie-talks-desafios-de-uma-sociedade-5-0-para-o-brasil\/"]}]},{"@type":"ImageObject","inLanguage":"pt-BR","@id":"https:\/\/www.institutodeengenharia.org.br\/site\/2020\/11\/20\/ie-talks-desafios-de-uma-sociedade-5-0-para-o-brasil\/#primaryimage","url":"https:\/\/www.institutodeengenharia.org.br\/site\/wp-content\/uploads\/2021\/01\/Sociedade5.0.jpeg","contentUrl":"https:\/\/www.institutodeengenharia.org.br\/site\/wp-content\/uploads\/2021\/01\/Sociedade5.0.jpeg","width":1600,"height":750},{"@type":"BreadcrumbList","@id":"https:\/\/www.institutodeengenharia.org.br\/site\/2020\/11\/20\/ie-talks-desafios-de-uma-sociedade-5-0-para-o-brasil\/#breadcrumb","itemListElement":[{"@type":"ListItem","position":1,"name":"In\u00edcio","item":"https:\/\/www.institutodeengenharia.org.br\/site\/"},{"@type":"ListItem","position":2,"name":"IE Talks: Desafios de uma Sociedade 5.0 para o Brasil"}]},{"@type":"WebSite","@id":"https:\/\/www.institutodeengenharia.org.br\/site\/#website","url":"https:\/\/www.institutodeengenharia.org.br\/site\/","name":"Instituto de Engenharia","description":"O Instituto de Engenharia promove a Engenharia em benef\u00edcio do desenvolvimento e da qualidade de vida da sociedade.","publisher":{"@id":"https:\/\/www.institutodeengenharia.org.br\/site\/#organization"},"potentialAction":[{"@type":"SearchAction","target":{"@type":"EntryPoint","urlTemplate":"https:\/\/www.institutodeengenharia.org.br\/site\/?s={search_term_string}"},"query-input":{"@type":"PropertyValueSpecification","valueRequired":true,"valueName":"search_term_string"}}],"inLanguage":"pt-BR"},{"@type":"Organization","@id":"https:\/\/www.institutodeengenharia.org.br\/site\/#organization","name":"Instituto de Engenharia","url":"https:\/\/www.institutodeengenharia.org.br\/site\/","logo":{"@type":"ImageObject","inLanguage":"pt-BR","@id":"https:\/\/www.institutodeengenharia.org.br\/site\/#\/schema\/logo\/image\/","url":"https:\/\/www.institutodeengenharia.org.br\/site\/wp-content\/uploads\/2019\/03\/logo-novo-IE2018-1.jpg","contentUrl":"https:\/\/www.institutodeengenharia.org.br\/site\/wp-content\/uploads\/2019\/03\/logo-novo-IE2018-1.jpg","width":1486,"height":1879,"caption":"Instituto de Engenharia"},"image":{"@id":"https:\/\/www.institutodeengenharia.org.br\/site\/#\/schema\/logo\/image\/"},"sameAs":["https:\/\/www.facebook.com\/institutodeengenharia","https:\/\/x.com\/iengenharia","https:\/\/www.instagram.com\/institutodeengenharia\/","https:\/\/www.linkedin.com\/company\/instituto-de-engenharia\/","https:\/\/www.youtube.com\/channel\/UCXiCAlsSMe977vamW915HxA"]},{"@type":"Person","@id":"https:\/\/www.institutodeengenharia.org.br\/site\/#\/schema\/person\/aeb64951c405e100d26d30b033dd423f","name":"Bianca","image":{"@type":"ImageObject","inLanguage":"pt-BR","@id":"https:\/\/secure.gravatar.com\/avatar\/a6fbe9bff57405baf4c1e2c5c1811e072b558253974a9f9508f4678900c97c2a?s=96&d=mm&r=g","url":"https:\/\/secure.gravatar.com\/avatar\/a6fbe9bff57405baf4c1e2c5c1811e072b558253974a9f9508f4678900c97c2a?s=96&d=mm&r=g","contentUrl":"https:\/\/secure.gravatar.com\/avatar\/a6fbe9bff57405baf4c1e2c5c1811e072b558253974a9f9508f4678900c97c2a?s=96&d=mm&r=g","caption":"Bianca"},"url":"https:\/\/www.institutodeengenharia.org.br\/site\/author\/comunicacao1\/"}]}},"_links":{"self":[{"href":"https:\/\/www.institutodeengenharia.org.br\/site\/wp-json\/wp\/v2\/posts\/74025","targetHints":{"allow":["GET"]}}],"collection":[{"href":"https:\/\/www.institutodeengenharia.org.br\/site\/wp-json\/wp\/v2\/posts"}],"about":[{"href":"https:\/\/www.institutodeengenharia.org.br\/site\/wp-json\/wp\/v2\/types\/post"}],"author":[{"embeddable":true,"href":"https:\/\/www.institutodeengenharia.org.br\/site\/wp-json\/wp\/v2\/users\/13"}],"replies":[{"embeddable":true,"href":"https:\/\/www.institutodeengenharia.org.br\/site\/wp-json\/wp\/v2\/comments?post=74025"}],"version-history":[{"count":1,"href":"https:\/\/www.institutodeengenharia.org.br\/site\/wp-json\/wp\/v2\/posts\/74025\/revisions"}],"predecessor-version":[{"id":74027,"href":"https:\/\/www.institutodeengenharia.org.br\/site\/wp-json\/wp\/v2\/posts\/74025\/revisions\/74027"}],"wp:featuredmedia":[{"embeddable":true,"href":"https:\/\/www.institutodeengenharia.org.br\/site\/wp-json\/wp\/v2\/media\/74026"}],"wp:attachment":[{"href":"https:\/\/www.institutodeengenharia.org.br\/site\/wp-json\/wp\/v2\/media?parent=74025"}],"wp:term":[{"taxonomy":"category","embeddable":true,"href":"https:\/\/www.institutodeengenharia.org.br\/site\/wp-json\/wp\/v2\/categories?post=74025"},{"taxonomy":"post_tag","embeddable":true,"href":"https:\/\/www.institutodeengenharia.org.br\/site\/wp-json\/wp\/v2\/tags?post=74025"}],"curies":[{"name":"wp","href":"https:\/\/api.w.org\/{rel}","templated":true}]}}