{"id":73939,"date":"2020-11-06T10:00:21","date_gmt":"2020-11-06T13:00:21","guid":{"rendered":"https:\/\/www.institutodeengenharia.org.br\/site\/?p=73939"},"modified":"2021-01-12T14:27:58","modified_gmt":"2021-01-12T17:27:58","slug":"uma-visao-de-administracao-humanizada-de-negocios-inovadores-e-competitivos-para-os-engenheiros-e-administradores","status":"publish","type":"post","link":"https:\/\/www.institutodeengenharia.org.br\/site\/2020\/11\/06\/uma-visao-de-administracao-humanizada-de-negocios-inovadores-e-competitivos-para-os-engenheiros-e-administradores\/","title":{"rendered":"Uma Vis\u00e3o de Administra\u00e7\u00e3o Humanizada de Neg\u00f3cios Inovadores e Competitivos para os Engenheiros e Administradores"},"content":{"rendered":"<p>A palestra<strong>\u00a0Uma Vis\u00e3o de Administra\u00e7\u00e3o Humanizada de Neg\u00f3cios Inovadores e Competitivos para os Engenheiros e Administradores\u00a0<\/strong>faz parte da\u00a0<em>S\u00e9rie Webinar: Falando em Engenheirar<\/em>, uma realiza\u00e7\u00e3o do Instituto de Engenharia.<\/p>\n<p><strong>Assista abaixo \u00e0 grava\u00e7\u00e3o:<\/strong><\/p>\n<p><iframe loading=\"lazy\" src=\"https:\/\/player.vimeo.com\/video\/496144277\" width=\"640\" height=\"360\" frameborder=\"0\" allowfullscreen=\"allowfullscreen\"><\/iframe><\/p>\n<p>&nbsp;<\/p>\n<p><strong>+ Informa\u00e7\u00f5es:<\/strong><\/p>\n<p><strong>Palestrantes:<\/strong><\/p>\n<p><img loading=\"lazy\" decoding=\"async\" class=\"alignnone wp-image-72229 td-animation-stack-type0-2\" src=\"https:\/\/www.institutodeengenharia.org.br\/site\/wp-content\/uploads\/2020\/10\/Rogerio-Parente.jpg\" alt=\"\" width=\"147\" height=\"147\" srcset=\"https:\/\/www.institutodeengenharia.org.br\/site\/wp-content\/uploads\/2020\/10\/Rogerio-Parente.jpg 385w, https:\/\/www.institutodeengenharia.org.br\/site\/wp-content\/uploads\/2020\/10\/Rogerio-Parente-300x300.jpg 300w, https:\/\/www.institutodeengenharia.org.br\/site\/wp-content\/uploads\/2020\/10\/Rogerio-Parente-150x150.jpg 150w, https:\/\/www.institutodeengenharia.org.br\/site\/wp-content\/uploads\/2020\/10\/Rogerio-Parente-100x100.jpg 100w\" sizes=\"auto, (max-width: 147px) 100vw, 147px\" \/><\/p>\n<p><strong>Rog\u00e9rio Parente<\/strong><\/p>\n<p>Bacharel em Administra\u00e7\u00e3o, com especializa\u00e7\u00e3o em Doc\u00eancia no Ensino Superior \u2013 EAD e MBA executivo pela FGV. Atuou como docente na gradua\u00e7\u00e3o pela Universidade Ibirapuera no curso de Administra\u00e7\u00e3o de Empresas e durante mais de 25 anos em diversas posi\u00e7\u00f5es t\u00e9cnicas e executivas na Hewlett Packard Enterprise. \u00c9 professor na gradua\u00e7\u00e3o e MBA executivo na FGV, s\u00f3cio-diretor na Pdois Consultoria em Gest\u00e3o de Neg\u00f3cios e Desenvolvimento do Capital Humano, membro avaliador do pr\u00eamio PPQG e representante t\u00e9cnico, consultor e instrutor do IPEG \u2013 Instituto Paulista de Excel\u00eancia da Gest\u00e3o e atual Coordenador do GEAPE Tech \u2013 Grupo de Excel\u00eancia em Administra\u00e7\u00e3o de Pessoas e Tecnologias do Centro do Conhecimento \/CRA-SP.<\/p>\n<p><img loading=\"lazy\" decoding=\"async\" class=\"alignnone wp-image-71000 td-animation-stack-type0-2\" src=\"https:\/\/www.institutodeengenharia.org.br\/site\/wp-content\/uploads\/2020\/09\/Marcos-A.-Vasconcellos.jpg\" alt=\"\" width=\"132\" height=\"152\" \/><\/p>\n<p><strong>Marcos A. Vasconcellos<\/strong>.<\/p>\n<p>Engenheiro Industrial pela Universidade Presbiteriana Mackenzie, mestre e doutor pela FGV-EAESP. Foi professor titular do Departamento de Opera\u00e7\u00f5es da FGV-EAESP. Na GV, exerceu as fun\u00e7\u00f5es de Coordenador do CEAG, Chefe do POI, Vice-Coordenador do GVpec e Vice-Diretor Acad\u00eamico. \u00c9 membro, participou da cria\u00e7\u00e3o e coordenou o F\u00f3rum de Inova\u00e7\u00e3o da FGV-EAESP, de 2000 a 2017.<\/p>\n<p><strong>Moderador:<\/strong><\/p>\n<p><img loading=\"lazy\" decoding=\"async\" class=\"alignnone wp-image-60358 td-animation-stack-type0-2\" src=\"https:\/\/www.institutodeengenharia.org.br\/site\/wp-content\/uploads\/2020\/02\/Lawrence_koo-e1593796712420.jpg\" alt=\"\" width=\"136\" height=\"148\" srcset=\"https:\/\/www.institutodeengenharia.org.br\/site\/wp-content\/uploads\/2020\/02\/Lawrence_koo-e1593796712420.jpg 628w, https:\/\/www.institutodeengenharia.org.br\/site\/wp-content\/uploads\/2020\/02\/Lawrence_koo-e1593796712420-274x300.jpg 274w, https:\/\/www.institutodeengenharia.org.br\/site\/wp-content\/uploads\/2020\/02\/Lawrence_koo-e1593796712420-384x420.jpg 384w, https:\/\/www.institutodeengenharia.org.br\/site\/wp-content\/uploads\/2020\/02\/Lawrence_koo-e1593796712420-600x656.jpg 600w\" sizes=\"auto, (max-width: 136px) 100vw, 136px\" \/><\/p>\n<p><strong>Lawrence Chung Koo<\/strong><\/p>\n<p>Bacharel em Engenharia Mec\u00e2nica pelo ITA, com Mestrado e Doutorado em Comunica\u00e7\u00e3o e Semi\u00f3tica pela PUC-SP, p\u00f3s-doutorado em Publicidade e Propaganda pela ECA-USP, MBA pela FGV e Especializa\u00e7\u00e3o em Gest\u00e3o de Marketing pela Wharton School da Universidade da Pensilv\u00e2nia, p\u00f3s-doutorado em Intelig\u00eancia Artificial pela PUC, onde foi pr\u00f3-reitor de Planejamento, Desenvolvimento e Administra\u00e7\u00e3o. Atuou na IBM por mais de 35 anos como cientista de dados e consultor s\u00eanior. Atualmente \u00e9 professor de Marketing e Vendas na FGV\/PEC, diretor na Lawrence Consulting, professor de p\u00f3s-gradua\u00e7\u00e3o em pesquisa de mercado na ECA-USP, pesquisador doutor e s\u00f3cio fundador na Semiotista \u2013 peritagem e laudos, coordenador do curso de BI e Intelig\u00eancia Competitiva, professor PhD e pesquisador de IA, estudos semi\u00f3ticos em comunica\u00e7\u00e3o, cultura e consumo na PUC-SP e, como professor convidado pela MBA Atlantic (Angola\/Portugal\/Brasil). No Instituto de Engenharia \u00e9 do Conselho, diretor de opera\u00e7\u00f5es na SBCE\/A2DE (Sistema Brasileiro de Competitividade e Empreendedorismo) e integrante da iniciativa Engenharia do Futuro.<\/p>\n","protected":false},"excerpt":{"rendered":"<p>A palestra\u00a0Uma Vis\u00e3o de Administra\u00e7\u00e3o Humanizada de Neg\u00f3cios Inovadores e Competitivos para os Engenheiros e Administradores\u00a0faz parte da\u00a0S\u00e9rie Webinar: Falando em Engenheirar, uma realiza\u00e7\u00e3o do Instituto de Engenharia. Assista abaixo \u00e0 grava\u00e7\u00e3o: &nbsp; + Informa\u00e7\u00f5es: Palestrantes: Rog\u00e9rio Parente Bacharel em Administra\u00e7\u00e3o, com especializa\u00e7\u00e3o em Doc\u00eancia no Ensino Superior \u2013 EAD e MBA executivo pela FGV. [&hellip;]<\/p>\n","protected":false},"author":2,"featured_media":74078,"comment_status":"open","ping_status":"open","sticky":false,"template":"","format":"standard","meta":{"footnotes":""},"categories":[968,970],"tags":[],"class_list":{"0":"post-73939","1":"post","2":"type-post","3":"status-publish","4":"format-standard","5":"has-post-thumbnail","7":"category-nova-tv-engenharia","8":"category-seminario"},"yoast_head":"<!-- This site is optimized with the Yoast SEO plugin v27.2 - https:\/\/yoast.com\/product\/yoast-seo-wordpress\/ -->\n<title>Uma Vis\u00e3o de Administra\u00e7\u00e3o Humanizada de Neg\u00f3cios Inovadores e Competitivos para os Engenheiros e Administradores - Instituto de Engenharia<\/title>\n<meta name=\"robots\" content=\"index, follow, max-snippet:-1, max-image-preview:large, max-video-preview:-1\" \/>\n<link rel=\"canonical\" href=\"https:\/\/www.institutodeengenharia.org.br\/site\/2020\/11\/06\/uma-visao-de-administracao-humanizada-de-negocios-inovadores-e-competitivos-para-os-engenheiros-e-administradores\/\" \/>\n<meta property=\"og:locale\" content=\"pt_BR\" \/>\n<meta property=\"og:type\" content=\"article\" \/>\n<meta property=\"og:title\" content=\"Uma Vis\u00e3o de Administra\u00e7\u00e3o Humanizada de Neg\u00f3cios Inovadores e Competitivos para os Engenheiros e Administradores - Instituto de Engenharia\" \/>\n<meta property=\"og:description\" content=\"A palestra\u00a0Uma Vis\u00e3o de Administra\u00e7\u00e3o Humanizada de Neg\u00f3cios Inovadores e Competitivos para os Engenheiros e Administradores\u00a0faz parte da\u00a0S\u00e9rie Webinar: Falando em Engenheirar, uma realiza\u00e7\u00e3o do Instituto de Engenharia. Assista abaixo \u00e0 grava\u00e7\u00e3o: &nbsp; + Informa\u00e7\u00f5es: Palestrantes: Rog\u00e9rio Parente Bacharel em Administra\u00e7\u00e3o, com especializa\u00e7\u00e3o em Doc\u00eancia no Ensino Superior \u2013 EAD e MBA executivo pela FGV. [&hellip;]\" \/>\n<meta property=\"og:url\" content=\"https:\/\/www.institutodeengenharia.org.br\/site\/2020\/11\/06\/uma-visao-de-administracao-humanizada-de-negocios-inovadores-e-competitivos-para-os-engenheiros-e-administradores\/\" \/>\n<meta property=\"og:site_name\" content=\"Instituto de Engenharia\" \/>\n<meta property=\"article:publisher\" content=\"https:\/\/www.facebook.com\/institutodeengenharia\" \/>\n<meta property=\"article:published_time\" content=\"2020-11-06T13:00:21+00:00\" \/>\n<meta property=\"article:modified_time\" content=\"2021-01-12T17:27:58+00:00\" \/>\n<meta property=\"og:image\" content=\"https:\/\/www.institutodeengenharia.org.br\/site\/wp-content\/uploads\/2021\/01\/3.jpg\" \/>\n\t<meta property=\"og:image:width\" content=\"1698\" \/>\n\t<meta property=\"og:image:height\" content=\"944\" \/>\n\t<meta property=\"og:image:type\" content=\"image\/jpeg\" \/>\n<meta name=\"author\" content=\"Isabel\" \/>\n<meta name=\"twitter:card\" content=\"summary_large_image\" \/>\n<meta name=\"twitter:creator\" content=\"@iengenharia\" \/>\n<meta name=\"twitter:site\" content=\"@iengenharia\" \/>\n<meta name=\"twitter:label1\" content=\"Escrito por\" \/>\n\t<meta name=\"twitter:data1\" content=\"Isabel\" \/>\n\t<meta name=\"twitter:label2\" content=\"Est. tempo de leitura\" \/>\n\t<meta name=\"twitter:data2\" content=\"2 minutos\" \/>\n<script type=\"application\/ld+json\" class=\"yoast-schema-graph\">{\"@context\":\"https:\/\/schema.org\",\"@graph\":[{\"@type\":\"Article\",\"@id\":\"https:\/\/www.institutodeengenharia.org.br\/site\/2020\/11\/06\/uma-visao-de-administracao-humanizada-de-negocios-inovadores-e-competitivos-para-os-engenheiros-e-administradores\/#article\",\"isPartOf\":{\"@id\":\"https:\/\/www.institutodeengenharia.org.br\/site\/2020\/11\/06\/uma-visao-de-administracao-humanizada-de-negocios-inovadores-e-competitivos-para-os-engenheiros-e-administradores\/\"},\"author\":{\"name\":\"Isabel\",\"@id\":\"https:\/\/www.institutodeengenharia.org.br\/site\/#\/schema\/person\/d1764429c217aaa88954818c8f9a3036\"},\"headline\":\"Uma Vis\u00e3o de Administra\u00e7\u00e3o Humanizada de Neg\u00f3cios Inovadores e Competitivos para os Engenheiros e Administradores\",\"datePublished\":\"2020-11-06T13:00:21+00:00\",\"dateModified\":\"2021-01-12T17:27:58+00:00\",\"mainEntityOfPage\":{\"@id\":\"https:\/\/www.institutodeengenharia.org.br\/site\/2020\/11\/06\/uma-visao-de-administracao-humanizada-de-negocios-inovadores-e-competitivos-para-os-engenheiros-e-administradores\/\"},\"wordCount\":429,\"commentCount\":0,\"publisher\":{\"@id\":\"https:\/\/www.institutodeengenharia.org.br\/site\/#organization\"},\"image\":{\"@id\":\"https:\/\/www.institutodeengenharia.org.br\/site\/2020\/11\/06\/uma-visao-de-administracao-humanizada-de-negocios-inovadores-e-competitivos-para-os-engenheiros-e-administradores\/#primaryimage\"},\"thumbnailUrl\":\"https:\/\/www.institutodeengenharia.org.br\/site\/wp-content\/uploads\/2021\/01\/3.jpg\",\"articleSection\":[\"Nova TV Engenharia\",\"Semin\u00e1rio\"],\"inLanguage\":\"pt-BR\",\"potentialAction\":[{\"@type\":\"CommentAction\",\"name\":\"Comment\",\"target\":[\"https:\/\/www.institutodeengenharia.org.br\/site\/2020\/11\/06\/uma-visao-de-administracao-humanizada-de-negocios-inovadores-e-competitivos-para-os-engenheiros-e-administradores\/#respond\"]}]},{\"@type\":\"WebPage\",\"@id\":\"https:\/\/www.institutodeengenharia.org.br\/site\/2020\/11\/06\/uma-visao-de-administracao-humanizada-de-negocios-inovadores-e-competitivos-para-os-engenheiros-e-administradores\/\",\"url\":\"https:\/\/www.institutodeengenharia.org.br\/site\/2020\/11\/06\/uma-visao-de-administracao-humanizada-de-negocios-inovadores-e-competitivos-para-os-engenheiros-e-administradores\/\",\"name\":\"Uma Vis\u00e3o de Administra\u00e7\u00e3o Humanizada de Neg\u00f3cios Inovadores e Competitivos para os Engenheiros e Administradores - Instituto de Engenharia\",\"isPartOf\":{\"@id\":\"https:\/\/www.institutodeengenharia.org.br\/site\/#website\"},\"primaryImageOfPage\":{\"@id\":\"https:\/\/www.institutodeengenharia.org.br\/site\/2020\/11\/06\/uma-visao-de-administracao-humanizada-de-negocios-inovadores-e-competitivos-para-os-engenheiros-e-administradores\/#primaryimage\"},\"image\":{\"@id\":\"https:\/\/www.institutodeengenharia.org.br\/site\/2020\/11\/06\/uma-visao-de-administracao-humanizada-de-negocios-inovadores-e-competitivos-para-os-engenheiros-e-administradores\/#primaryimage\"},\"thumbnailUrl\":\"https:\/\/www.institutodeengenharia.org.br\/site\/wp-content\/uploads\/2021\/01\/3.jpg\",\"datePublished\":\"2020-11-06T13:00:21+00:00\",\"dateModified\":\"2021-01-12T17:27:58+00:00\",\"breadcrumb\":{\"@id\":\"https:\/\/www.institutodeengenharia.org.br\/site\/2020\/11\/06\/uma-visao-de-administracao-humanizada-de-negocios-inovadores-e-competitivos-para-os-engenheiros-e-administradores\/#breadcrumb\"},\"inLanguage\":\"pt-BR\",\"potentialAction\":[{\"@type\":\"ReadAction\",\"target\":[\"https:\/\/www.institutodeengenharia.org.br\/site\/2020\/11\/06\/uma-visao-de-administracao-humanizada-de-negocios-inovadores-e-competitivos-para-os-engenheiros-e-administradores\/\"]}]},{\"@type\":\"ImageObject\",\"inLanguage\":\"pt-BR\",\"@id\":\"https:\/\/www.institutodeengenharia.org.br\/site\/2020\/11\/06\/uma-visao-de-administracao-humanizada-de-negocios-inovadores-e-competitivos-para-os-engenheiros-e-administradores\/#primaryimage\",\"url\":\"https:\/\/www.institutodeengenharia.org.br\/site\/wp-content\/uploads\/2021\/01\/3.jpg\",\"contentUrl\":\"https:\/\/www.institutodeengenharia.org.br\/site\/wp-content\/uploads\/2021\/01\/3.jpg\",\"width\":1698,\"height\":944},{\"@type\":\"BreadcrumbList\",\"@id\":\"https:\/\/www.institutodeengenharia.org.br\/site\/2020\/11\/06\/uma-visao-de-administracao-humanizada-de-negocios-inovadores-e-competitivos-para-os-engenheiros-e-administradores\/#breadcrumb\",\"itemListElement\":[{\"@type\":\"ListItem\",\"position\":1,\"name\":\"In\u00edcio\",\"item\":\"https:\/\/www.institutodeengenharia.org.br\/site\/\"},{\"@type\":\"ListItem\",\"position\":2,\"name\":\"Uma Vis\u00e3o de Administra\u00e7\u00e3o Humanizada de Neg\u00f3cios Inovadores e Competitivos para os Engenheiros e Administradores\"}]},{\"@type\":\"WebSite\",\"@id\":\"https:\/\/www.institutodeengenharia.org.br\/site\/#website\",\"url\":\"https:\/\/www.institutodeengenharia.org.br\/site\/\",\"name\":\"Instituto de Engenharia\",\"description\":\"O Instituto de Engenharia promove a Engenharia em benef\u00edcio do desenvolvimento e da qualidade de vida da sociedade.\",\"publisher\":{\"@id\":\"https:\/\/www.institutodeengenharia.org.br\/site\/#organization\"},\"potentialAction\":[{\"@type\":\"SearchAction\",\"target\":{\"@type\":\"EntryPoint\",\"urlTemplate\":\"https:\/\/www.institutodeengenharia.org.br\/site\/?s={search_term_string}\"},\"query-input\":{\"@type\":\"PropertyValueSpecification\",\"valueRequired\":true,\"valueName\":\"search_term_string\"}}],\"inLanguage\":\"pt-BR\"},{\"@type\":\"Organization\",\"@id\":\"https:\/\/www.institutodeengenharia.org.br\/site\/#organization\",\"name\":\"Instituto de Engenharia\",\"url\":\"https:\/\/www.institutodeengenharia.org.br\/site\/\",\"logo\":{\"@type\":\"ImageObject\",\"inLanguage\":\"pt-BR\",\"@id\":\"https:\/\/www.institutodeengenharia.org.br\/site\/#\/schema\/logo\/image\/\",\"url\":\"https:\/\/www.institutodeengenharia.org.br\/site\/wp-content\/uploads\/2019\/03\/logo-novo-IE2018-1.jpg\",\"contentUrl\":\"https:\/\/www.institutodeengenharia.org.br\/site\/wp-content\/uploads\/2019\/03\/logo-novo-IE2018-1.jpg\",\"width\":1486,\"height\":1879,\"caption\":\"Instituto de Engenharia\"},\"image\":{\"@id\":\"https:\/\/www.institutodeengenharia.org.br\/site\/#\/schema\/logo\/image\/\"},\"sameAs\":[\"https:\/\/www.facebook.com\/institutodeengenharia\",\"https:\/\/x.com\/iengenharia\",\"https:\/\/www.instagram.com\/institutodeengenharia\/\",\"https:\/\/www.linkedin.com\/company\/instituto-de-engenharia\/\",\"https:\/\/www.youtube.com\/channel\/UCXiCAlsSMe977vamW915HxA\"]},{\"@type\":\"Person\",\"@id\":\"https:\/\/www.institutodeengenharia.org.br\/site\/#\/schema\/person\/d1764429c217aaa88954818c8f9a3036\",\"name\":\"Isabel\",\"image\":{\"@type\":\"ImageObject\",\"inLanguage\":\"pt-BR\",\"@id\":\"https:\/\/secure.gravatar.com\/avatar\/a91d60506c31a7cb05e69a21529f91908e538db3b21f58bfda4039be740fcb71?s=96&d=mm&r=g\",\"url\":\"https:\/\/secure.gravatar.com\/avatar\/a91d60506c31a7cb05e69a21529f91908e538db3b21f58bfda4039be740fcb71?s=96&d=mm&r=g\",\"contentUrl\":\"https:\/\/secure.gravatar.com\/avatar\/a91d60506c31a7cb05e69a21529f91908e538db3b21f58bfda4039be740fcb71?s=96&d=mm&r=g\",\"caption\":\"Isabel\"},\"url\":\"https:\/\/www.institutodeengenharia.org.br\/site\/author\/isabel\/\"}]}<\/script>\n<!-- \/ Yoast SEO plugin. -->","yoast_head_json":{"title":"Uma Vis\u00e3o de Administra\u00e7\u00e3o Humanizada de Neg\u00f3cios Inovadores e Competitivos para os Engenheiros e Administradores - Instituto de Engenharia","robots":{"index":"index","follow":"follow","max-snippet":"max-snippet:-1","max-image-preview":"max-image-preview:large","max-video-preview":"max-video-preview:-1"},"canonical":"https:\/\/www.institutodeengenharia.org.br\/site\/2020\/11\/06\/uma-visao-de-administracao-humanizada-de-negocios-inovadores-e-competitivos-para-os-engenheiros-e-administradores\/","og_locale":"pt_BR","og_type":"article","og_title":"Uma Vis\u00e3o de Administra\u00e7\u00e3o Humanizada de Neg\u00f3cios Inovadores e Competitivos para os Engenheiros e Administradores - Instituto de Engenharia","og_description":"A palestra\u00a0Uma Vis\u00e3o de Administra\u00e7\u00e3o Humanizada de Neg\u00f3cios Inovadores e Competitivos para os Engenheiros e Administradores\u00a0faz parte da\u00a0S\u00e9rie Webinar: Falando em Engenheirar, uma realiza\u00e7\u00e3o do Instituto de Engenharia. Assista abaixo \u00e0 grava\u00e7\u00e3o: &nbsp; + Informa\u00e7\u00f5es: Palestrantes: Rog\u00e9rio Parente Bacharel em Administra\u00e7\u00e3o, com especializa\u00e7\u00e3o em Doc\u00eancia no Ensino Superior \u2013 EAD e MBA executivo pela FGV. [&hellip;]","og_url":"https:\/\/www.institutodeengenharia.org.br\/site\/2020\/11\/06\/uma-visao-de-administracao-humanizada-de-negocios-inovadores-e-competitivos-para-os-engenheiros-e-administradores\/","og_site_name":"Instituto de Engenharia","article_publisher":"https:\/\/www.facebook.com\/institutodeengenharia","article_published_time":"2020-11-06T13:00:21+00:00","article_modified_time":"2021-01-12T17:27:58+00:00","og_image":[{"width":1698,"height":944,"url":"https:\/\/www.institutodeengenharia.org.br\/site\/wp-content\/uploads\/2021\/01\/3.jpg","type":"image\/jpeg"}],"author":"Isabel","twitter_card":"summary_large_image","twitter_creator":"@iengenharia","twitter_site":"@iengenharia","twitter_misc":{"Escrito por":"Isabel","Est. tempo de leitura":"2 minutos"},"schema":{"@context":"https:\/\/schema.org","@graph":[{"@type":"Article","@id":"https:\/\/www.institutodeengenharia.org.br\/site\/2020\/11\/06\/uma-visao-de-administracao-humanizada-de-negocios-inovadores-e-competitivos-para-os-engenheiros-e-administradores\/#article","isPartOf":{"@id":"https:\/\/www.institutodeengenharia.org.br\/site\/2020\/11\/06\/uma-visao-de-administracao-humanizada-de-negocios-inovadores-e-competitivos-para-os-engenheiros-e-administradores\/"},"author":{"name":"Isabel","@id":"https:\/\/www.institutodeengenharia.org.br\/site\/#\/schema\/person\/d1764429c217aaa88954818c8f9a3036"},"headline":"Uma Vis\u00e3o de Administra\u00e7\u00e3o Humanizada de Neg\u00f3cios Inovadores e Competitivos para os Engenheiros e Administradores","datePublished":"2020-11-06T13:00:21+00:00","dateModified":"2021-01-12T17:27:58+00:00","mainEntityOfPage":{"@id":"https:\/\/www.institutodeengenharia.org.br\/site\/2020\/11\/06\/uma-visao-de-administracao-humanizada-de-negocios-inovadores-e-competitivos-para-os-engenheiros-e-administradores\/"},"wordCount":429,"commentCount":0,"publisher":{"@id":"https:\/\/www.institutodeengenharia.org.br\/site\/#organization"},"image":{"@id":"https:\/\/www.institutodeengenharia.org.br\/site\/2020\/11\/06\/uma-visao-de-administracao-humanizada-de-negocios-inovadores-e-competitivos-para-os-engenheiros-e-administradores\/#primaryimage"},"thumbnailUrl":"https:\/\/www.institutodeengenharia.org.br\/site\/wp-content\/uploads\/2021\/01\/3.jpg","articleSection":["Nova TV Engenharia","Semin\u00e1rio"],"inLanguage":"pt-BR","potentialAction":[{"@type":"CommentAction","name":"Comment","target":["https:\/\/www.institutodeengenharia.org.br\/site\/2020\/11\/06\/uma-visao-de-administracao-humanizada-de-negocios-inovadores-e-competitivos-para-os-engenheiros-e-administradores\/#respond"]}]},{"@type":"WebPage","@id":"https:\/\/www.institutodeengenharia.org.br\/site\/2020\/11\/06\/uma-visao-de-administracao-humanizada-de-negocios-inovadores-e-competitivos-para-os-engenheiros-e-administradores\/","url":"https:\/\/www.institutodeengenharia.org.br\/site\/2020\/11\/06\/uma-visao-de-administracao-humanizada-de-negocios-inovadores-e-competitivos-para-os-engenheiros-e-administradores\/","name":"Uma Vis\u00e3o de Administra\u00e7\u00e3o Humanizada de Neg\u00f3cios Inovadores e Competitivos para os Engenheiros e Administradores - Instituto de Engenharia","isPartOf":{"@id":"https:\/\/www.institutodeengenharia.org.br\/site\/#website"},"primaryImageOfPage":{"@id":"https:\/\/www.institutodeengenharia.org.br\/site\/2020\/11\/06\/uma-visao-de-administracao-humanizada-de-negocios-inovadores-e-competitivos-para-os-engenheiros-e-administradores\/#primaryimage"},"image":{"@id":"https:\/\/www.institutodeengenharia.org.br\/site\/2020\/11\/06\/uma-visao-de-administracao-humanizada-de-negocios-inovadores-e-competitivos-para-os-engenheiros-e-administradores\/#primaryimage"},"thumbnailUrl":"https:\/\/www.institutodeengenharia.org.br\/site\/wp-content\/uploads\/2021\/01\/3.jpg","datePublished":"2020-11-06T13:00:21+00:00","dateModified":"2021-01-12T17:27:58+00:00","breadcrumb":{"@id":"https:\/\/www.institutodeengenharia.org.br\/site\/2020\/11\/06\/uma-visao-de-administracao-humanizada-de-negocios-inovadores-e-competitivos-para-os-engenheiros-e-administradores\/#breadcrumb"},"inLanguage":"pt-BR","potentialAction":[{"@type":"ReadAction","target":["https:\/\/www.institutodeengenharia.org.br\/site\/2020\/11\/06\/uma-visao-de-administracao-humanizada-de-negocios-inovadores-e-competitivos-para-os-engenheiros-e-administradores\/"]}]},{"@type":"ImageObject","inLanguage":"pt-BR","@id":"https:\/\/www.institutodeengenharia.org.br\/site\/2020\/11\/06\/uma-visao-de-administracao-humanizada-de-negocios-inovadores-e-competitivos-para-os-engenheiros-e-administradores\/#primaryimage","url":"https:\/\/www.institutodeengenharia.org.br\/site\/wp-content\/uploads\/2021\/01\/3.jpg","contentUrl":"https:\/\/www.institutodeengenharia.org.br\/site\/wp-content\/uploads\/2021\/01\/3.jpg","width":1698,"height":944},{"@type":"BreadcrumbList","@id":"https:\/\/www.institutodeengenharia.org.br\/site\/2020\/11\/06\/uma-visao-de-administracao-humanizada-de-negocios-inovadores-e-competitivos-para-os-engenheiros-e-administradores\/#breadcrumb","itemListElement":[{"@type":"ListItem","position":1,"name":"In\u00edcio","item":"https:\/\/www.institutodeengenharia.org.br\/site\/"},{"@type":"ListItem","position":2,"name":"Uma Vis\u00e3o de Administra\u00e7\u00e3o Humanizada de Neg\u00f3cios Inovadores e Competitivos para os Engenheiros e Administradores"}]},{"@type":"WebSite","@id":"https:\/\/www.institutodeengenharia.org.br\/site\/#website","url":"https:\/\/www.institutodeengenharia.org.br\/site\/","name":"Instituto de Engenharia","description":"O Instituto de Engenharia promove a Engenharia em benef\u00edcio do desenvolvimento e da qualidade de vida da sociedade.","publisher":{"@id":"https:\/\/www.institutodeengenharia.org.br\/site\/#organization"},"potentialAction":[{"@type":"SearchAction","target":{"@type":"EntryPoint","urlTemplate":"https:\/\/www.institutodeengenharia.org.br\/site\/?s={search_term_string}"},"query-input":{"@type":"PropertyValueSpecification","valueRequired":true,"valueName":"search_term_string"}}],"inLanguage":"pt-BR"},{"@type":"Organization","@id":"https:\/\/www.institutodeengenharia.org.br\/site\/#organization","name":"Instituto de Engenharia","url":"https:\/\/www.institutodeengenharia.org.br\/site\/","logo":{"@type":"ImageObject","inLanguage":"pt-BR","@id":"https:\/\/www.institutodeengenharia.org.br\/site\/#\/schema\/logo\/image\/","url":"https:\/\/www.institutodeengenharia.org.br\/site\/wp-content\/uploads\/2019\/03\/logo-novo-IE2018-1.jpg","contentUrl":"https:\/\/www.institutodeengenharia.org.br\/site\/wp-content\/uploads\/2019\/03\/logo-novo-IE2018-1.jpg","width":1486,"height":1879,"caption":"Instituto de Engenharia"},"image":{"@id":"https:\/\/www.institutodeengenharia.org.br\/site\/#\/schema\/logo\/image\/"},"sameAs":["https:\/\/www.facebook.com\/institutodeengenharia","https:\/\/x.com\/iengenharia","https:\/\/www.instagram.com\/institutodeengenharia\/","https:\/\/www.linkedin.com\/company\/instituto-de-engenharia\/","https:\/\/www.youtube.com\/channel\/UCXiCAlsSMe977vamW915HxA"]},{"@type":"Person","@id":"https:\/\/www.institutodeengenharia.org.br\/site\/#\/schema\/person\/d1764429c217aaa88954818c8f9a3036","name":"Isabel","image":{"@type":"ImageObject","inLanguage":"pt-BR","@id":"https:\/\/secure.gravatar.com\/avatar\/a91d60506c31a7cb05e69a21529f91908e538db3b21f58bfda4039be740fcb71?s=96&d=mm&r=g","url":"https:\/\/secure.gravatar.com\/avatar\/a91d60506c31a7cb05e69a21529f91908e538db3b21f58bfda4039be740fcb71?s=96&d=mm&r=g","contentUrl":"https:\/\/secure.gravatar.com\/avatar\/a91d60506c31a7cb05e69a21529f91908e538db3b21f58bfda4039be740fcb71?s=96&d=mm&r=g","caption":"Isabel"},"url":"https:\/\/www.institutodeengenharia.org.br\/site\/author\/isabel\/"}]}},"_links":{"self":[{"href":"https:\/\/www.institutodeengenharia.org.br\/site\/wp-json\/wp\/v2\/posts\/73939","targetHints":{"allow":["GET"]}}],"collection":[{"href":"https:\/\/www.institutodeengenharia.org.br\/site\/wp-json\/wp\/v2\/posts"}],"about":[{"href":"https:\/\/www.institutodeengenharia.org.br\/site\/wp-json\/wp\/v2\/types\/post"}],"author":[{"embeddable":true,"href":"https:\/\/www.institutodeengenharia.org.br\/site\/wp-json\/wp\/v2\/users\/2"}],"replies":[{"embeddable":true,"href":"https:\/\/www.institutodeengenharia.org.br\/site\/wp-json\/wp\/v2\/comments?post=73939"}],"version-history":[{"count":2,"href":"https:\/\/www.institutodeengenharia.org.br\/site\/wp-json\/wp\/v2\/posts\/73939\/revisions"}],"predecessor-version":[{"id":74079,"href":"https:\/\/www.institutodeengenharia.org.br\/site\/wp-json\/wp\/v2\/posts\/73939\/revisions\/74079"}],"wp:featuredmedia":[{"embeddable":true,"href":"https:\/\/www.institutodeengenharia.org.br\/site\/wp-json\/wp\/v2\/media\/74078"}],"wp:attachment":[{"href":"https:\/\/www.institutodeengenharia.org.br\/site\/wp-json\/wp\/v2\/media?parent=73939"}],"wp:term":[{"taxonomy":"category","embeddable":true,"href":"https:\/\/www.institutodeengenharia.org.br\/site\/wp-json\/wp\/v2\/categories?post=73939"},{"taxonomy":"post_tag","embeddable":true,"href":"https:\/\/www.institutodeengenharia.org.br\/site\/wp-json\/wp\/v2\/tags?post=73939"}],"curies":[{"name":"wp","href":"https:\/\/api.w.org\/{rel}","templated":true}]}}