{"id":73830,"date":"2020-12-03T18:00:51","date_gmt":"2020-12-03T21:00:51","guid":{"rendered":"https:\/\/www.institutodeengenharia.org.br\/site\/?p=73830"},"modified":"2020-12-18T12:05:17","modified_gmt":"2020-12-18T15:05:17","slug":"o-discurso-pericial-e-o-discurso-do-magistrado","status":"publish","type":"post","link":"https:\/\/www.institutodeengenharia.org.br\/site\/2020\/12\/03\/o-discurso-pericial-e-o-discurso-do-magistrado\/","title":{"rendered":"O discurso pericial e o discurso do magistrado"},"content":{"rendered":"<p><strong>Assista abaixo \u00e0 grava\u00e7\u00e3o:<\/strong><\/p>\n<p><iframe loading=\"lazy\" src=\"https:\/\/player.vimeo.com\/video\/489812091\" width=\"640\" height=\"564\" frameborder=\"0\" allowfullscreen=\"allowfullscreen\"><\/iframe><\/p>\n<p>&nbsp;<\/p>\n<p>&nbsp;<\/p>\n<p><strong>+ Informa\u00e7\u00f5es:<\/strong><\/p>\n<p><strong>Abordagem:<\/strong><\/p>\n<ul>\n<li>Apresentar aos peritos e assistentes t\u00e9cnicos o discurso Pericial e o discurso do Magistrado;<\/li>\n<li>Oposi\u00e7\u00f5es e complementaridade;<\/li>\n<li>Abordagem semi\u00f3tica.<\/li>\n<\/ul>\n<p><strong>P\u00fablico-alvo: <\/strong><\/p>\n<p>Engenheiros e Arquitetos, Peritos e Assistentes T\u00e9cnicos<\/p>\n<p><strong>Painelista:<\/strong><\/p>\n<p><img loading=\"lazy\" decoding=\"async\" class=\"alignnone wp-image-68769\" src=\"https:\/\/www.institutodeengenharia.org.br\/site\/wp-content\/uploads\/2020\/07\/jos\u00e9-fiker.jpg\" alt=\"\" width=\"132\" height=\"179\" \/><\/p>\n<p><strong>Prof. Dr. Jos\u00e9 Fiker<\/strong><\/p>\n<p>Assessor Especial da Divis\u00e3o T\u00e9cnica de Avalia\u00e7\u00f5es e Per\u00edcias<\/p>\n<p>Doutor em Semi\u00f3tica e Lingu\u00edstica Geral (com \u00eanfase em Laudos. Foi fundador e primeiro presidente da C\u00e2mara de Valores do IBAPE \u2013 Instituto Brasileiro de Avalia\u00e7\u00f5es e Per\u00edcias do Instituto de Engenharia, perito dos Tribunais de Al\u00e7ada e Justi\u00e7a. Coordenador da Divis\u00e3o de Avalia\u00e7\u00f5es e Per\u00edcias do Instituto de Engenharia, graduado em portugu\u00eas, latim e lingu\u00edstica, Assessor Jur\u00eddico da Diretoria do IBAPE NACIONAL e Vice-Presidente do IBAPE- SP. \u00c9 Diretor Presidente da EMBRAVAL \u2013 Empresa Brasileira de Avalia\u00e7\u00f5es S\/C Ltda. \u00c9 autor dos livros Manual de Reda\u00e7\u00e3o de Laudos, Avalia\u00e7\u00e3o de Im\u00f3veis Urbanos e A Per\u00edcia Judicial (este \u00faltimo em coautoria com o Eng\u00ba Joaquim da Rocha Medeiros), Manual Pr\u00e1tico de Avalia\u00e7\u00f5es e Per\u00edcias de Engenharia, todos da Editora Pini. Manual Pr\u00e1tico de Direito das Constru\u00e7\u00f5es, Linguagem do Laudo Pericial, Per\u00edcias e Avalia\u00e7\u00f5es Fundamentos Pr\u00e1ticos e Contesta\u00e7\u00e3o na Per\u00edcia Judicial todos da Editora Leud \u2013 Livraria Editora Universit\u00e1ria de Direito. O livro Linguagem do Laudo Pericial \u00e9 origin\u00e1rio da tese de Doutorado e do Melhor Trabalho do ano em colabora\u00e7\u00e3o com a classe do Instituto de Engenharia de 2004 e 2011, Medalha de Ouro. Advogado formado pela USP. J\u00e1 deu aula nas principais entidades ligadas a avalia\u00e7\u00f5es e per\u00edcias em todo o Brasil.<\/p>\n<p><strong>Moderador:<\/strong><\/p>\n<p><strong><img loading=\"lazy\" decoding=\"async\" class=\"alignnone wp-image-64007\" src=\"https:\/\/www.institutodeengenharia.org.br\/site\/wp-content\/uploads\/2020\/05\/ricardo-imamura.jpg\" alt=\"\" width=\"141\" height=\"158\" \/> <\/strong><\/p>\n<p><b>Ricardo Henrique de A. Imamura<\/b><\/p>\n<p>Coordenador da Divis\u00e3o T\u00e9cnica de Avalia\u00e7\u00f5es e Per\u00edcias<\/p>\n<div>\n<div data-tid=\"messageBodyContainer\">\n<div data-tid=\"messageBodyContent\">\n<div>\n<div>\n<div>\n<p>Engenheiro Civil pela Escola de Engenharia de Lins, 1977. Engenheiro pela Empresa Consultora Hidroservice \u2013 Engenharia de Projetos Ltda.; Engenheiro pela S.A. Ind\u00fastrias Votorantim; Assessor da Diretoria pela Empresa Consultora Matricial Projetos e Consultoria Ltda.. S\u00f3cio Propriet\u00e1rio da R.H. Imamura Peritos Consultores e da Advisors Committee. Perito Judicial de diversas Varas C\u00edveis e da Fazenda no Estado de S\u00e3o Paulo, desde 1978. Dentre sua experi\u00eancia como Perito Judicial, encontram-se a Elabora\u00e7\u00e3o de mais de 4.300 Laudos de Engenharia Legal de naturezas diversas. Membro Titular, Coordenador da Divis\u00e3o T\u00e9cnica de Avalia\u00e7\u00f5es e Per\u00edcias, Vice-Coordenador Divis\u00e3o T\u00e9cnica de Compliance, Conselheiro e Perito Especialista da C\u00e2mara de Media\u00e7\u00e3o e Arbitragem do Instituto de Engenharia \u2013 S\u00e3o Paulo. Membro Fundador e Ex-Presidente da Associa\u00e7\u00e3o Parama\u00e7\u00f4nica de Peritos Judiciais \u2013 APPJ. Presidente da AELINS \u2013 Associa\u00e7\u00e3o de Engenheiros de Lins \u2013 Lins\/SP. Membro da CBAr \u2013 Comit\u00ea Brasileiro de Arbitragem; Membro da ABCIP \u2013 Associa\u00e7\u00e3o Brasileira das Entidades de Cr\u00e9dito Imobili\u00e1rio e Poupan\u00e7a; Membro da CAM-CCBC \u2013 C\u00e2mara de Com\u00e9rcio Brasil-Canad\u00e1; Membro da Amcham Brasil; Membro da CAMARB \u2013 Camara de Arbitragem Empresarial Brasil; Membro do FIDIC. Membro de diversas Associa\u00e7\u00f5es em S\u00e3o Paulo. Ministra Cursos e Palestras e tem publica\u00e7\u00f5es t\u00e9cnicas diversas.<\/p>\n<\/div>\n<\/div>\n<\/div>\n<\/div>\n<\/div>\n<\/div>\n<p><strong>Apoio \u00e0 forma\u00e7\u00e3o:<\/strong><\/p>\n<p>A palestra conta com o apoio do Conselho Regional de Engenharia e Agronomia (Crea-SP) por promover a qualifica\u00e7\u00e3o e a atualiza\u00e7\u00e3o da categoria.<\/p>\n<p><strong>Apoio Institucional:<\/strong><\/p>\n<p><img loading=\"lazy\" decoding=\"async\" class=\"alignnone size-full wp-image-34556\" src=\"https:\/\/www.institutodeengenharia.org.br\/site\/wp-content\/uploads\/2018\/04\/CREA-SP_vertical.jpg\" alt=\"\" width=\"150\" height=\"106\" srcset=\"https:\/\/www.institutodeengenharia.org.br\/site\/wp-content\/uploads\/2018\/04\/CREA-SP_vertical.jpg 150w, https:\/\/www.institutodeengenharia.org.br\/site\/wp-content\/uploads\/2018\/04\/CREA-SP_vertical-100x70.jpg 100w\" sizes=\"auto, (max-width: 150px) 100vw, 150px\" \/><\/p>\n<p><strong>Realiza\u00e7\u00e3o:<\/strong><\/p>\n<p><strong>Eng. Jer\u00f4nimo Cabral Pereira Fagundes Neto <\/strong>\u2013 Vice-presidente de Atividades T\u00e9cnicas<\/p>\n<p><strong>Eng.\u00aa D\u00e9bora Sanches de A. Marinello <\/strong>\u2013 Diretora do Departamento de Engenharia de Produ\u00e7\u00e3o<\/p>\n<p><strong>Eng. Ricardo Henrique de A. Imamura <\/strong>\u2013 Coordenador da Divis\u00e3o T\u00e9cnica de Avalia\u00e7\u00f5es e Per\u00edcias<\/p>\n","protected":false},"excerpt":{"rendered":"<p>Assista abaixo \u00e0 grava\u00e7\u00e3o: &nbsp; &nbsp; + Informa\u00e7\u00f5es: Abordagem: Apresentar aos peritos e assistentes t\u00e9cnicos o discurso Pericial e o discurso do Magistrado; Oposi\u00e7\u00f5es e complementaridade; Abordagem semi\u00f3tica. P\u00fablico-alvo: Engenheiros e Arquitetos, Peritos e Assistentes T\u00e9cnicos Painelista: Prof. Dr. Jos\u00e9 Fiker Assessor Especial da Divis\u00e3o T\u00e9cnica de Avalia\u00e7\u00f5es e Per\u00edcias Doutor em Semi\u00f3tica e Lingu\u00edstica [&hellip;]<\/p>\n","protected":false},"author":13,"featured_media":73190,"comment_status":"open","ping_status":"open","sticky":false,"template":"","format":"standard","meta":{"footnotes":""},"categories":[46,67,968,969],"tags":[],"class_list":{"0":"post-73830","1":"post","2":"type-post","3":"status-publish","4":"format-standard","5":"has-post-thumbnail","7":"category-departamento-desenvolvimento-de-gestao-e-objetivos","8":"category-divisao-de-avaliacoes-e-pericias","9":"category-nova-tv-engenharia","10":"category-palestra"},"yoast_head":"<!-- This site is optimized with the Yoast SEO plugin v27.2 - https:\/\/yoast.com\/product\/yoast-seo-wordpress\/ -->\n<title>O discurso pericial e o discurso do magistrado - Instituto de Engenharia<\/title>\n<meta name=\"robots\" content=\"index, follow, max-snippet:-1, max-image-preview:large, max-video-preview:-1\" \/>\n<link rel=\"canonical\" href=\"https:\/\/www.institutodeengenharia.org.br\/site\/2020\/12\/03\/o-discurso-pericial-e-o-discurso-do-magistrado\/\" \/>\n<meta property=\"og:locale\" content=\"pt_BR\" \/>\n<meta property=\"og:type\" content=\"article\" \/>\n<meta property=\"og:title\" content=\"O discurso pericial e o discurso do magistrado - Instituto de Engenharia\" \/>\n<meta property=\"og:description\" content=\"Assista abaixo \u00e0 grava\u00e7\u00e3o: &nbsp; &nbsp; + Informa\u00e7\u00f5es: Abordagem: Apresentar aos peritos e assistentes t\u00e9cnicos o discurso Pericial e o discurso do Magistrado; Oposi\u00e7\u00f5es e complementaridade; Abordagem semi\u00f3tica. P\u00fablico-alvo: Engenheiros e Arquitetos, Peritos e Assistentes T\u00e9cnicos Painelista: Prof. Dr. Jos\u00e9 Fiker Assessor Especial da Divis\u00e3o T\u00e9cnica de Avalia\u00e7\u00f5es e Per\u00edcias Doutor em Semi\u00f3tica e Lingu\u00edstica [&hellip;]\" \/>\n<meta property=\"og:url\" content=\"https:\/\/www.institutodeengenharia.org.br\/site\/2020\/12\/03\/o-discurso-pericial-e-o-discurso-do-magistrado\/\" \/>\n<meta property=\"og:site_name\" content=\"Instituto de Engenharia\" \/>\n<meta property=\"article:publisher\" content=\"https:\/\/www.facebook.com\/institutodeengenharia\" \/>\n<meta property=\"article:published_time\" content=\"2020-12-03T21:00:51+00:00\" \/>\n<meta property=\"article:modified_time\" content=\"2020-12-18T15:05:17+00:00\" \/>\n<meta property=\"og:image\" content=\"https:\/\/www.institutodeengenharia.org.br\/site\/wp-content\/uploads\/2020\/11\/discurso-scaled-1-e1606402941485.jpg\" \/>\n\t<meta property=\"og:image:width\" content=\"2560\" \/>\n\t<meta property=\"og:image:height\" content=\"1459\" \/>\n\t<meta property=\"og:image:type\" content=\"image\/jpeg\" \/>\n<meta name=\"author\" content=\"Bianca\" \/>\n<meta name=\"twitter:card\" content=\"summary_large_image\" \/>\n<meta name=\"twitter:creator\" content=\"@iengenharia\" \/>\n<meta name=\"twitter:site\" content=\"@iengenharia\" \/>\n<meta name=\"twitter:label1\" content=\"Escrito por\" \/>\n\t<meta name=\"twitter:data1\" content=\"Bianca\" \/>\n\t<meta name=\"twitter:label2\" content=\"Est. tempo de leitura\" \/>\n\t<meta name=\"twitter:data2\" content=\"3 minutos\" \/>\n<script type=\"application\/ld+json\" class=\"yoast-schema-graph\">{\"@context\":\"https:\/\/schema.org\",\"@graph\":[{\"@type\":\"Article\",\"@id\":\"https:\/\/www.institutodeengenharia.org.br\/site\/2020\/12\/03\/o-discurso-pericial-e-o-discurso-do-magistrado\/#article\",\"isPartOf\":{\"@id\":\"https:\/\/www.institutodeengenharia.org.br\/site\/2020\/12\/03\/o-discurso-pericial-e-o-discurso-do-magistrado\/\"},\"author\":{\"name\":\"Bianca\",\"@id\":\"https:\/\/www.institutodeengenharia.org.br\/site\/#\/schema\/person\/aeb64951c405e100d26d30b033dd423f\"},\"headline\":\"O discurso pericial e o discurso do magistrado\",\"datePublished\":\"2020-12-03T21:00:51+00:00\",\"dateModified\":\"2020-12-18T15:05:17+00:00\",\"mainEntityOfPage\":{\"@id\":\"https:\/\/www.institutodeengenharia.org.br\/site\/2020\/12\/03\/o-discurso-pericial-e-o-discurso-do-magistrado\/\"},\"wordCount\":609,\"commentCount\":0,\"publisher\":{\"@id\":\"https:\/\/www.institutodeengenharia.org.br\/site\/#organization\"},\"image\":{\"@id\":\"https:\/\/www.institutodeengenharia.org.br\/site\/2020\/12\/03\/o-discurso-pericial-e-o-discurso-do-magistrado\/#primaryimage\"},\"thumbnailUrl\":\"https:\/\/www.institutodeengenharia.org.br\/site\/wp-content\/uploads\/2020\/11\/discurso-scaled-1-e1606402941485.jpg\",\"articleSection\":[\"Departamento Desenvolvimento de Gest\u00e3o e Objetivos\",\"Divis\u00e3o T\u00e9cnica de Avalia\u00e7\u00f5es e Per\u00edcias\",\"Nova TV Engenharia\",\"Palestra\"],\"inLanguage\":\"pt-BR\",\"potentialAction\":[{\"@type\":\"CommentAction\",\"name\":\"Comment\",\"target\":[\"https:\/\/www.institutodeengenharia.org.br\/site\/2020\/12\/03\/o-discurso-pericial-e-o-discurso-do-magistrado\/#respond\"]}]},{\"@type\":\"WebPage\",\"@id\":\"https:\/\/www.institutodeengenharia.org.br\/site\/2020\/12\/03\/o-discurso-pericial-e-o-discurso-do-magistrado\/\",\"url\":\"https:\/\/www.institutodeengenharia.org.br\/site\/2020\/12\/03\/o-discurso-pericial-e-o-discurso-do-magistrado\/\",\"name\":\"O discurso pericial e o discurso do magistrado - Instituto de Engenharia\",\"isPartOf\":{\"@id\":\"https:\/\/www.institutodeengenharia.org.br\/site\/#website\"},\"primaryImageOfPage\":{\"@id\":\"https:\/\/www.institutodeengenharia.org.br\/site\/2020\/12\/03\/o-discurso-pericial-e-o-discurso-do-magistrado\/#primaryimage\"},\"image\":{\"@id\":\"https:\/\/www.institutodeengenharia.org.br\/site\/2020\/12\/03\/o-discurso-pericial-e-o-discurso-do-magistrado\/#primaryimage\"},\"thumbnailUrl\":\"https:\/\/www.institutodeengenharia.org.br\/site\/wp-content\/uploads\/2020\/11\/discurso-scaled-1-e1606402941485.jpg\",\"datePublished\":\"2020-12-03T21:00:51+00:00\",\"dateModified\":\"2020-12-18T15:05:17+00:00\",\"breadcrumb\":{\"@id\":\"https:\/\/www.institutodeengenharia.org.br\/site\/2020\/12\/03\/o-discurso-pericial-e-o-discurso-do-magistrado\/#breadcrumb\"},\"inLanguage\":\"pt-BR\",\"potentialAction\":[{\"@type\":\"ReadAction\",\"target\":[\"https:\/\/www.institutodeengenharia.org.br\/site\/2020\/12\/03\/o-discurso-pericial-e-o-discurso-do-magistrado\/\"]}]},{\"@type\":\"ImageObject\",\"inLanguage\":\"pt-BR\",\"@id\":\"https:\/\/www.institutodeengenharia.org.br\/site\/2020\/12\/03\/o-discurso-pericial-e-o-discurso-do-magistrado\/#primaryimage\",\"url\":\"https:\/\/www.institutodeengenharia.org.br\/site\/wp-content\/uploads\/2020\/11\/discurso-scaled-1-e1606402941485.jpg\",\"contentUrl\":\"https:\/\/www.institutodeengenharia.org.br\/site\/wp-content\/uploads\/2020\/11\/discurso-scaled-1-e1606402941485.jpg\",\"width\":2560,\"height\":1459},{\"@type\":\"BreadcrumbList\",\"@id\":\"https:\/\/www.institutodeengenharia.org.br\/site\/2020\/12\/03\/o-discurso-pericial-e-o-discurso-do-magistrado\/#breadcrumb\",\"itemListElement\":[{\"@type\":\"ListItem\",\"position\":1,\"name\":\"In\u00edcio\",\"item\":\"https:\/\/www.institutodeengenharia.org.br\/site\/\"},{\"@type\":\"ListItem\",\"position\":2,\"name\":\"O discurso pericial e o discurso do magistrado\"}]},{\"@type\":\"WebSite\",\"@id\":\"https:\/\/www.institutodeengenharia.org.br\/site\/#website\",\"url\":\"https:\/\/www.institutodeengenharia.org.br\/site\/\",\"name\":\"Instituto de Engenharia\",\"description\":\"O Instituto de Engenharia promove a Engenharia em benef\u00edcio do desenvolvimento e da qualidade de vida da sociedade.\",\"publisher\":{\"@id\":\"https:\/\/www.institutodeengenharia.org.br\/site\/#organization\"},\"potentialAction\":[{\"@type\":\"SearchAction\",\"target\":{\"@type\":\"EntryPoint\",\"urlTemplate\":\"https:\/\/www.institutodeengenharia.org.br\/site\/?s={search_term_string}\"},\"query-input\":{\"@type\":\"PropertyValueSpecification\",\"valueRequired\":true,\"valueName\":\"search_term_string\"}}],\"inLanguage\":\"pt-BR\"},{\"@type\":\"Organization\",\"@id\":\"https:\/\/www.institutodeengenharia.org.br\/site\/#organization\",\"name\":\"Instituto de Engenharia\",\"url\":\"https:\/\/www.institutodeengenharia.org.br\/site\/\",\"logo\":{\"@type\":\"ImageObject\",\"inLanguage\":\"pt-BR\",\"@id\":\"https:\/\/www.institutodeengenharia.org.br\/site\/#\/schema\/logo\/image\/\",\"url\":\"https:\/\/www.institutodeengenharia.org.br\/site\/wp-content\/uploads\/2019\/03\/logo-novo-IE2018-1.jpg\",\"contentUrl\":\"https:\/\/www.institutodeengenharia.org.br\/site\/wp-content\/uploads\/2019\/03\/logo-novo-IE2018-1.jpg\",\"width\":1486,\"height\":1879,\"caption\":\"Instituto de Engenharia\"},\"image\":{\"@id\":\"https:\/\/www.institutodeengenharia.org.br\/site\/#\/schema\/logo\/image\/\"},\"sameAs\":[\"https:\/\/www.facebook.com\/institutodeengenharia\",\"https:\/\/x.com\/iengenharia\",\"https:\/\/www.instagram.com\/institutodeengenharia\/\",\"https:\/\/www.linkedin.com\/company\/instituto-de-engenharia\/\",\"https:\/\/www.youtube.com\/channel\/UCXiCAlsSMe977vamW915HxA\"]},{\"@type\":\"Person\",\"@id\":\"https:\/\/www.institutodeengenharia.org.br\/site\/#\/schema\/person\/aeb64951c405e100d26d30b033dd423f\",\"name\":\"Bianca\",\"image\":{\"@type\":\"ImageObject\",\"inLanguage\":\"pt-BR\",\"@id\":\"https:\/\/secure.gravatar.com\/avatar\/a6fbe9bff57405baf4c1e2c5c1811e072b558253974a9f9508f4678900c97c2a?s=96&d=mm&r=g\",\"url\":\"https:\/\/secure.gravatar.com\/avatar\/a6fbe9bff57405baf4c1e2c5c1811e072b558253974a9f9508f4678900c97c2a?s=96&d=mm&r=g\",\"contentUrl\":\"https:\/\/secure.gravatar.com\/avatar\/a6fbe9bff57405baf4c1e2c5c1811e072b558253974a9f9508f4678900c97c2a?s=96&d=mm&r=g\",\"caption\":\"Bianca\"},\"url\":\"https:\/\/www.institutodeengenharia.org.br\/site\/author\/comunicacao1\/\"}]}<\/script>\n<!-- \/ Yoast SEO plugin. -->","yoast_head_json":{"title":"O discurso pericial e o discurso do magistrado - Instituto de Engenharia","robots":{"index":"index","follow":"follow","max-snippet":"max-snippet:-1","max-image-preview":"max-image-preview:large","max-video-preview":"max-video-preview:-1"},"canonical":"https:\/\/www.institutodeengenharia.org.br\/site\/2020\/12\/03\/o-discurso-pericial-e-o-discurso-do-magistrado\/","og_locale":"pt_BR","og_type":"article","og_title":"O discurso pericial e o discurso do magistrado - Instituto de Engenharia","og_description":"Assista abaixo \u00e0 grava\u00e7\u00e3o: &nbsp; &nbsp; + Informa\u00e7\u00f5es: Abordagem: Apresentar aos peritos e assistentes t\u00e9cnicos o discurso Pericial e o discurso do Magistrado; Oposi\u00e7\u00f5es e complementaridade; Abordagem semi\u00f3tica. P\u00fablico-alvo: Engenheiros e Arquitetos, Peritos e Assistentes T\u00e9cnicos Painelista: Prof. Dr. Jos\u00e9 Fiker Assessor Especial da Divis\u00e3o T\u00e9cnica de Avalia\u00e7\u00f5es e Per\u00edcias Doutor em Semi\u00f3tica e Lingu\u00edstica [&hellip;]","og_url":"https:\/\/www.institutodeengenharia.org.br\/site\/2020\/12\/03\/o-discurso-pericial-e-o-discurso-do-magistrado\/","og_site_name":"Instituto de Engenharia","article_publisher":"https:\/\/www.facebook.com\/institutodeengenharia","article_published_time":"2020-12-03T21:00:51+00:00","article_modified_time":"2020-12-18T15:05:17+00:00","og_image":[{"width":2560,"height":1459,"url":"https:\/\/www.institutodeengenharia.org.br\/site\/wp-content\/uploads\/2020\/11\/discurso-scaled-1-e1606402941485.jpg","type":"image\/jpeg"}],"author":"Bianca","twitter_card":"summary_large_image","twitter_creator":"@iengenharia","twitter_site":"@iengenharia","twitter_misc":{"Escrito por":"Bianca","Est. tempo de leitura":"3 minutos"},"schema":{"@context":"https:\/\/schema.org","@graph":[{"@type":"Article","@id":"https:\/\/www.institutodeengenharia.org.br\/site\/2020\/12\/03\/o-discurso-pericial-e-o-discurso-do-magistrado\/#article","isPartOf":{"@id":"https:\/\/www.institutodeengenharia.org.br\/site\/2020\/12\/03\/o-discurso-pericial-e-o-discurso-do-magistrado\/"},"author":{"name":"Bianca","@id":"https:\/\/www.institutodeengenharia.org.br\/site\/#\/schema\/person\/aeb64951c405e100d26d30b033dd423f"},"headline":"O discurso pericial e o discurso do magistrado","datePublished":"2020-12-03T21:00:51+00:00","dateModified":"2020-12-18T15:05:17+00:00","mainEntityOfPage":{"@id":"https:\/\/www.institutodeengenharia.org.br\/site\/2020\/12\/03\/o-discurso-pericial-e-o-discurso-do-magistrado\/"},"wordCount":609,"commentCount":0,"publisher":{"@id":"https:\/\/www.institutodeengenharia.org.br\/site\/#organization"},"image":{"@id":"https:\/\/www.institutodeengenharia.org.br\/site\/2020\/12\/03\/o-discurso-pericial-e-o-discurso-do-magistrado\/#primaryimage"},"thumbnailUrl":"https:\/\/www.institutodeengenharia.org.br\/site\/wp-content\/uploads\/2020\/11\/discurso-scaled-1-e1606402941485.jpg","articleSection":["Departamento Desenvolvimento de Gest\u00e3o e Objetivos","Divis\u00e3o T\u00e9cnica de Avalia\u00e7\u00f5es e Per\u00edcias","Nova TV Engenharia","Palestra"],"inLanguage":"pt-BR","potentialAction":[{"@type":"CommentAction","name":"Comment","target":["https:\/\/www.institutodeengenharia.org.br\/site\/2020\/12\/03\/o-discurso-pericial-e-o-discurso-do-magistrado\/#respond"]}]},{"@type":"WebPage","@id":"https:\/\/www.institutodeengenharia.org.br\/site\/2020\/12\/03\/o-discurso-pericial-e-o-discurso-do-magistrado\/","url":"https:\/\/www.institutodeengenharia.org.br\/site\/2020\/12\/03\/o-discurso-pericial-e-o-discurso-do-magistrado\/","name":"O discurso pericial e o discurso do magistrado - Instituto de Engenharia","isPartOf":{"@id":"https:\/\/www.institutodeengenharia.org.br\/site\/#website"},"primaryImageOfPage":{"@id":"https:\/\/www.institutodeengenharia.org.br\/site\/2020\/12\/03\/o-discurso-pericial-e-o-discurso-do-magistrado\/#primaryimage"},"image":{"@id":"https:\/\/www.institutodeengenharia.org.br\/site\/2020\/12\/03\/o-discurso-pericial-e-o-discurso-do-magistrado\/#primaryimage"},"thumbnailUrl":"https:\/\/www.institutodeengenharia.org.br\/site\/wp-content\/uploads\/2020\/11\/discurso-scaled-1-e1606402941485.jpg","datePublished":"2020-12-03T21:00:51+00:00","dateModified":"2020-12-18T15:05:17+00:00","breadcrumb":{"@id":"https:\/\/www.institutodeengenharia.org.br\/site\/2020\/12\/03\/o-discurso-pericial-e-o-discurso-do-magistrado\/#breadcrumb"},"inLanguage":"pt-BR","potentialAction":[{"@type":"ReadAction","target":["https:\/\/www.institutodeengenharia.org.br\/site\/2020\/12\/03\/o-discurso-pericial-e-o-discurso-do-magistrado\/"]}]},{"@type":"ImageObject","inLanguage":"pt-BR","@id":"https:\/\/www.institutodeengenharia.org.br\/site\/2020\/12\/03\/o-discurso-pericial-e-o-discurso-do-magistrado\/#primaryimage","url":"https:\/\/www.institutodeengenharia.org.br\/site\/wp-content\/uploads\/2020\/11\/discurso-scaled-1-e1606402941485.jpg","contentUrl":"https:\/\/www.institutodeengenharia.org.br\/site\/wp-content\/uploads\/2020\/11\/discurso-scaled-1-e1606402941485.jpg","width":2560,"height":1459},{"@type":"BreadcrumbList","@id":"https:\/\/www.institutodeengenharia.org.br\/site\/2020\/12\/03\/o-discurso-pericial-e-o-discurso-do-magistrado\/#breadcrumb","itemListElement":[{"@type":"ListItem","position":1,"name":"In\u00edcio","item":"https:\/\/www.institutodeengenharia.org.br\/site\/"},{"@type":"ListItem","position":2,"name":"O discurso pericial e o discurso do magistrado"}]},{"@type":"WebSite","@id":"https:\/\/www.institutodeengenharia.org.br\/site\/#website","url":"https:\/\/www.institutodeengenharia.org.br\/site\/","name":"Instituto de Engenharia","description":"O Instituto de Engenharia promove a Engenharia em benef\u00edcio do desenvolvimento e da qualidade de vida da sociedade.","publisher":{"@id":"https:\/\/www.institutodeengenharia.org.br\/site\/#organization"},"potentialAction":[{"@type":"SearchAction","target":{"@type":"EntryPoint","urlTemplate":"https:\/\/www.institutodeengenharia.org.br\/site\/?s={search_term_string}"},"query-input":{"@type":"PropertyValueSpecification","valueRequired":true,"valueName":"search_term_string"}}],"inLanguage":"pt-BR"},{"@type":"Organization","@id":"https:\/\/www.institutodeengenharia.org.br\/site\/#organization","name":"Instituto de Engenharia","url":"https:\/\/www.institutodeengenharia.org.br\/site\/","logo":{"@type":"ImageObject","inLanguage":"pt-BR","@id":"https:\/\/www.institutodeengenharia.org.br\/site\/#\/schema\/logo\/image\/","url":"https:\/\/www.institutodeengenharia.org.br\/site\/wp-content\/uploads\/2019\/03\/logo-novo-IE2018-1.jpg","contentUrl":"https:\/\/www.institutodeengenharia.org.br\/site\/wp-content\/uploads\/2019\/03\/logo-novo-IE2018-1.jpg","width":1486,"height":1879,"caption":"Instituto de Engenharia"},"image":{"@id":"https:\/\/www.institutodeengenharia.org.br\/site\/#\/schema\/logo\/image\/"},"sameAs":["https:\/\/www.facebook.com\/institutodeengenharia","https:\/\/x.com\/iengenharia","https:\/\/www.instagram.com\/institutodeengenharia\/","https:\/\/www.linkedin.com\/company\/instituto-de-engenharia\/","https:\/\/www.youtube.com\/channel\/UCXiCAlsSMe977vamW915HxA"]},{"@type":"Person","@id":"https:\/\/www.institutodeengenharia.org.br\/site\/#\/schema\/person\/aeb64951c405e100d26d30b033dd423f","name":"Bianca","image":{"@type":"ImageObject","inLanguage":"pt-BR","@id":"https:\/\/secure.gravatar.com\/avatar\/a6fbe9bff57405baf4c1e2c5c1811e072b558253974a9f9508f4678900c97c2a?s=96&d=mm&r=g","url":"https:\/\/secure.gravatar.com\/avatar\/a6fbe9bff57405baf4c1e2c5c1811e072b558253974a9f9508f4678900c97c2a?s=96&d=mm&r=g","contentUrl":"https:\/\/secure.gravatar.com\/avatar\/a6fbe9bff57405baf4c1e2c5c1811e072b558253974a9f9508f4678900c97c2a?s=96&d=mm&r=g","caption":"Bianca"},"url":"https:\/\/www.institutodeengenharia.org.br\/site\/author\/comunicacao1\/"}]}},"_links":{"self":[{"href":"https:\/\/www.institutodeengenharia.org.br\/site\/wp-json\/wp\/v2\/posts\/73830","targetHints":{"allow":["GET"]}}],"collection":[{"href":"https:\/\/www.institutodeengenharia.org.br\/site\/wp-json\/wp\/v2\/posts"}],"about":[{"href":"https:\/\/www.institutodeengenharia.org.br\/site\/wp-json\/wp\/v2\/types\/post"}],"author":[{"embeddable":true,"href":"https:\/\/www.institutodeengenharia.org.br\/site\/wp-json\/wp\/v2\/users\/13"}],"replies":[{"embeddable":true,"href":"https:\/\/www.institutodeengenharia.org.br\/site\/wp-json\/wp\/v2\/comments?post=73830"}],"version-history":[{"count":1,"href":"https:\/\/www.institutodeengenharia.org.br\/site\/wp-json\/wp\/v2\/posts\/73830\/revisions"}],"predecessor-version":[{"id":73831,"href":"https:\/\/www.institutodeengenharia.org.br\/site\/wp-json\/wp\/v2\/posts\/73830\/revisions\/73831"}],"wp:featuredmedia":[{"embeddable":true,"href":"https:\/\/www.institutodeengenharia.org.br\/site\/wp-json\/wp\/v2\/media\/73190"}],"wp:attachment":[{"href":"https:\/\/www.institutodeengenharia.org.br\/site\/wp-json\/wp\/v2\/media?parent=73830"}],"wp:term":[{"taxonomy":"category","embeddable":true,"href":"https:\/\/www.institutodeengenharia.org.br\/site\/wp-json\/wp\/v2\/categories?post=73830"},{"taxonomy":"post_tag","embeddable":true,"href":"https:\/\/www.institutodeengenharia.org.br\/site\/wp-json\/wp\/v2\/tags?post=73830"}],"curies":[{"name":"wp","href":"https:\/\/api.w.org\/{rel}","templated":true}]}}