{"id":73759,"date":"2020-10-29T10:45:31","date_gmt":"2020-10-29T13:45:31","guid":{"rendered":"https:\/\/www.institutodeengenharia.org.br\/site\/?p=73759"},"modified":"2020-12-16T13:05:13","modified_gmt":"2020-12-16T16:05:13","slug":"3o-encontro-internacional-operacao-dos-meios-de-pagamento-em-transportes-europeus","status":"publish","type":"post","link":"https:\/\/www.institutodeengenharia.org.br\/site\/2020\/10\/29\/3o-encontro-internacional-operacao-dos-meios-de-pagamento-em-transportes-europeus\/","title":{"rendered":"3\u00ba Encontro Internacional \u2013 Opera\u00e7\u00e3o dos Meios de Pagamento em Transportes Europeus"},"content":{"rendered":"<p><strong>Assista abaixo \u00e0 grava\u00e7\u00e3o:<\/strong><\/p>\n<p><iframe loading=\"lazy\" src=\"https:\/\/player.vimeo.com\/video\/491579758\" width=\"640\" height=\"360\" frameborder=\"0\" allowfullscreen=\"allowfullscreen\"><\/iframe><\/p>\n<p>&nbsp;<\/p>\n<p>&nbsp;<\/p>\n<p><strong>+ Informa\u00e7\u00f5es:<\/strong><\/p>\n<p><strong>Abordagem:<\/strong><\/p>\n<p>Em tempos de pandemia, a Europa implementou importantes protocolos para assegurar o retorno das pessoas aos Transportes P\u00fablicos. In\u00fameras medidas de melhoria operacional foram adotadas em todos os modos de transporte, como cuidados com a higiene e seguran\u00e7a dos passageiros e tripula\u00e7\u00f5es, bem como a\u00e7\u00f5es concretas para sustentabilidade financeira dos operadores. Destacam-se, dentre as a\u00e7\u00f5es operacionais e econ\u00f4micas, os ganhos obtidos com as melhorias introduzidas na integra\u00e7\u00e3o da bilhetagem eletr\u00f4nica que propiciaram um sistema aberto e interoper\u00e1vel.<\/p>\n<p>O <strong>Instituto de Engenharia<\/strong>, preocupado com o desenvolvimento do Brasil, e com a sustentabilidade dos Transporte P\u00fablicos em nossas cidades, convidou Tiago Faria, Presidente da OTLIS \u2013 Operadores de Transportes da Regi\u00e3o de Lisboa, para descrever a implementa\u00e7\u00e3o do sistema de bilhetagem eletr\u00f4nica, sem contato, e interoper\u00e1vel na Regi\u00e3o Metropolitana de Lisboa. Com os mesmos objetivos, mas com foco na opera\u00e7\u00e3o, convidou Fausto Augusto Gon\u00e7alves de S\u00e1 Marques, Diretor-geral da OTLIS.<\/p>\n<p>Para troca de informa\u00e7\u00f5es, foram convidados representantes da sociedade civil envolvidos com Transportes P\u00fablicos em cidades brasileiras, quais sejam: Joubert Fortes Flores Filho, Presidente da ANPTrilhos \u2013 Associa\u00e7\u00e3o Nacional dos Transportadores de Passageiros sobre Trilhos; Eleonora Pazos, Diretora da UITP \u2013 Uni\u00e3o Internacional de Transportes P\u00fablicos; Ot\u00e1vio Vieira da Cunha Filho, Presidente da NTU \u2013 Associa\u00e7\u00e3o Brasileira de Transportes Urbanos; Silvia Cristina Silva, Presidente da AEAMESP \u2013 Associa\u00e7\u00e3o de Engenheiros e Arquitetos de Metr\u00f4. Durante o encontro, o p\u00fablico poder\u00e1 levantar quest\u00f5es ou pedir esclarecimentos.<\/p>\n<p>O evento ser\u00e1 em formato de webinar, em que os dois palestrantes ter\u00e3o, cada um, 20 minutos para exposi\u00e7\u00e3o das a\u00e7\u00f5es realizadas em Lisboa. Os Debatedores ter\u00e3o 20 minutos para colocarem as suas quest\u00f5es e os expositores ter\u00e3o 30 minutos para dar os esclarecimentos aos debatedores e \u00e0s perguntas do p\u00fablico.<\/p>\n<p><strong>P\u00fablico-alvo:<\/strong><\/p>\n<p>Engenheiros, t\u00e9cnicos, especialistas em mobilidade sustent\u00e1vel, bem como legisladores, em especial estudantes, e demais interessados.<\/p>\n<p><strong>Programa\u00e7\u00e3o:<\/strong><\/p>\n<p><strong><u>Abertura:<\/u><\/strong><\/p>\n<p><strong>Eduardo Lafraia<\/strong>\u00a0\u2013 Presidente do Instituto de Engenharia<\/p>\n<p><strong><u>Expositores:<\/u><\/strong><\/p>\n<p><strong>Tiago Farias<\/strong>\u00a0\u2013 Presidente da Operadores de Transportes da Regi\u00e3o de Lisboa (OTLIS)<\/p>\n<p><strong>Fausto Augusto Gon\u00e7alves de S\u00e1 Marques<\/strong> \u2013\u00a0Diretor-Geral da Operadores de Transportes da Regi\u00e3o de Lisboa (OTLIS)<\/p>\n<p><strong><u>Debatedores:<\/u><\/strong><\/p>\n<p><strong>Conrado Grava de Souza<\/strong> \u2013 Conselheiro da Associa\u00e7\u00e3o Nacional dos Transportadores de Passageiros sobre Trilhos (ANPTrilhos)<\/p>\n<p><strong>Eleonora Pazos<\/strong>\u00a0\u2013 Diretora da Uni\u00e3o Internacional de Transportes P\u00fablicos (UITP)<\/p>\n<p><strong>Ot\u00e1vio Vieira da Cunha Filho<\/strong> \u2013 Presidente da Associa\u00e7\u00e3o Brasileira de Transportes Urbanos (NTU)<\/p>\n<p><strong>Silvia Cristina Silva<\/strong> \u2013 Presidente da Associa\u00e7\u00e3o de Engenheiros e Arquitetos de Metr\u00f4 (AEAMESP)<\/p>\n<p><strong><u>Moderador:<\/u><\/strong><\/p>\n<p><strong>Ivan Metran Whately<\/strong>\u00a0\u2013 Diretor do Departamento de Engenharia de Mobilidade e Log\u00edstica do Instituto de Engenharia<\/p>\n<p><strong><u>Encerramento:<\/u><\/strong><\/p>\n<p><strong>Miriana Pereira Marques<\/strong>\u00a0\u2013 Vice-presidente de Assuntos Internos do Instituto de Engenharia<\/p>\n<p><strong>Convidados:<\/strong><\/p>\n<p><strong><u>Expositores:<\/u><\/strong><\/p>\n<p><img loading=\"lazy\" decoding=\"async\" class=\"wp-image-68587 alignnone\" src=\"https:\/\/www.institutodeengenharia.org.br\/site\/wp-content\/uploads\/2020\/07\/Tiago-Farias.jpg\" alt=\"\" width=\"157\" height=\"197\" srcset=\"https:\/\/www.institutodeengenharia.org.br\/site\/wp-content\/uploads\/2020\/07\/Tiago-Farias.jpg 632w, https:\/\/www.institutodeengenharia.org.br\/site\/wp-content\/uploads\/2020\/07\/Tiago-Farias-239x300.jpg 239w, https:\/\/www.institutodeengenharia.org.br\/site\/wp-content\/uploads\/2020\/07\/Tiago-Farias-335x420.jpg 335w, https:\/\/www.institutodeengenharia.org.br\/site\/wp-content\/uploads\/2020\/07\/Tiago-Farias-600x752.jpg 600w\" sizes=\"auto, (max-width: 157px) 100vw, 157px\" \/><\/p>\n<p><strong>Tiago Farias<\/strong><\/p>\n<p>Professor do Instituto Superior T\u00e9cnico da Universidade de Lisboa. Como gestor desempenhou ao longo da \u00faltima d\u00e9cada os cargos de membro do conselho de administra\u00e7\u00e3o da EMEL \u2013 Empresa Municipal de Mobilidade e Estacionamento de Lisboa, Diretor Municipal de Mobilidade e Transportes da C\u00e2mara Municipal de Lisboa, e Presidente do Conselho de Administra\u00e7\u00e3o das empresas CARRIS, Metropolitano de Lisboa, Transtejo e Soflusa. Desempenha atualmente os cargos de Presidente do Conselho de Administra\u00e7\u00e3o da CARRIS (Companhia Carris de Ferro de Lisboa, EM SA), operador de transporte p\u00fablico urbano de superf\u00edcie da cidade de Lisboa, e Presidente da OTLIS \u2013 Operadores de Transportes da Regi\u00e3o de Lisboa, ACE., entidade respons\u00e1vel por desenvolver, implementar e gerir o sistema de bilhetagem sem contato e interoper\u00e1vel da \u00e1rea metropolitana de Lisboa.<\/p>\n<p><img loading=\"lazy\" decoding=\"async\" class=\"alignnone wp-image-71923\" src=\"https:\/\/www.institutodeengenharia.org.br\/site\/wp-content\/uploads\/2020\/10\/fausto-sa-marques.png\" alt=\"\" width=\"157\" height=\"200\" srcset=\"https:\/\/www.institutodeengenharia.org.br\/site\/wp-content\/uploads\/2020\/10\/fausto-sa-marques.png 377w, https:\/\/www.institutodeengenharia.org.br\/site\/wp-content\/uploads\/2020\/10\/fausto-sa-marques-235x300.png 235w, https:\/\/www.institutodeengenharia.org.br\/site\/wp-content\/uploads\/2020\/10\/fausto-sa-marques-329x420.png 329w\" sizes=\"auto, (max-width: 157px) 100vw, 157px\" \/><\/p>\n<p><strong>Fausto S\u00e1-Marques <\/strong><\/p>\n<p>Diretor-Geral da OTLIS, ACE, desde Abril de 2018, membro do board of Directors do CNA (Calypso Network Association) Jurista de forma\u00e7\u00e3o, integra desde 1996 como T\u00e9cnico Superior, os quadros do Metropolitano de Lisboa, EPE. No Metropolitano de Lisboa desempenhou v\u00e1rias fun\u00e7\u00f5es, nomeadamente como T\u00e9cnico do Gabinete Jur\u00eddico e de Contencioso (1996), Assessor do Secret\u00e1rio-Geral (1997) Chefe do Departamento de Clientes e Fiscaliza\u00e7\u00e3o (1997 a 2004), Chefe do Departamento de Clientes (2004 a 2015), Chefe do Departamento de gest\u00e3o das esta\u00e7\u00f5es (2017 a 2018). De maio de 2015 a mar\u00e7o de 2017 foi respons\u00e1vel pela \u00e1rea de gest\u00e3o Comercial e Bilhetagem da \u201cTransportes de Lisboa\u201d, organiza\u00e7\u00e3o que, neste per\u00edodo, integrou as empresas: Metropolitano Lisboa, Carris (\u00d4nibus, Bondes e Elevadores) e Transtejo\/Soflusa (ferries).<\/p>\n<p><strong><u>Debatedores:<\/u><\/strong><\/p>\n<p><img loading=\"lazy\" decoding=\"async\" class=\"alignnone wp-image-72073\" src=\"https:\/\/www.institutodeengenharia.org.br\/site\/wp-content\/uploads\/2020\/10\/Conrado-Grava-de-Souza.jpg\" alt=\"\" width=\"154\" height=\"196\" srcset=\"https:\/\/www.institutodeengenharia.org.br\/site\/wp-content\/uploads\/2020\/10\/Conrado-Grava-de-Souza.jpg 269w, https:\/\/www.institutodeengenharia.org.br\/site\/wp-content\/uploads\/2020\/10\/Conrado-Grava-de-Souza-237x300.jpg 237w\" sizes=\"auto, (max-width: 154px) 100vw, 154px\" \/><\/p>\n<p><strong>Conrado Grava de Souza<\/strong><\/p>\n<p>Formado em Engenharia El\u00e9trica, modalidade Eletrot\u00e9cnica, pela Escola Polit\u00e9cnica da Universidade de S\u00e3o Paulo (Poli-USP), em 1973, com p\u00f3s-gradua\u00e7\u00e3o na mesma institui\u00e7\u00e3o nas disciplinas \u201cSistema de Pot\u00eancia\u201d e \u201cProte\u00e7\u00e3o por Rel\u00e9s\u201d, em 1974, curso de Especializa\u00e7\u00e3o em Administra\u00e7\u00e3o da Funda\u00e7\u00e3o Get\u00falio Vargas, em 1985 e curso de Total Quality Management (TQM), pela Association for Overseas Technical Scholarship (AOTS), em 1998, no Jap\u00e3o. Trabalhou no Metr\u00f4 de S\u00e3o Paulo, de 1984 a 2018. No per\u00edodo de 2007 a 2010 foi diretor de Opera\u00e7\u00f5es. De 1973 a 1974 trabalhou na TELESP como engenheiro de esta\u00e7\u00f5es telef\u00f4nicas, de 1974 a 1975 trabalhou na CESP como engenheiro de usinas e subesta\u00e7\u00f5es e de 1975 a 1984 trabalhou na Enerconsult como engenheiro de projeto do setor el\u00e9trico. Foi diretor de Planejamento da ANPTrilhos e participa dos grupos t\u00e9cnicos da Divis\u00e3o de Metr\u00f4s e Comiss\u00e3o de Seguran\u00e7a da Uni\u00e3o Internacional de Transportes P\u00fablicos (UITP), da Associa\u00e7\u00e3o Latinoamericana de Metr\u00f4s e Subterr\u00e2neos (Alamys) e da Associa\u00e7\u00e3o Nacional de Transportes P\u00fablicos (ANTP).<\/p>\n<p><img loading=\"lazy\" decoding=\"async\" class=\"alignnone wp-image-70925 td-animation-stack-type0-2\" src=\"https:\/\/www.institutodeengenharia.org.br\/site\/wp-content\/uploads\/2020\/09\/Eleonora-Pazos.jpg\" alt=\"\" width=\"168\" height=\"168\" srcset=\"https:\/\/www.institutodeengenharia.org.br\/site\/wp-content\/uploads\/2020\/09\/Eleonora-Pazos.jpg 500w, https:\/\/www.institutodeengenharia.org.br\/site\/wp-content\/uploads\/2020\/09\/Eleonora-Pazos-150x150.jpg 150w, https:\/\/www.institutodeengenharia.org.br\/site\/wp-content\/uploads\/2020\/09\/Eleonora-Pazos-300x300.jpg 300w, https:\/\/www.institutodeengenharia.org.br\/site\/wp-content\/uploads\/2020\/09\/Eleonora-Pazos-420x420.jpg 420w, https:\/\/www.institutodeengenharia.org.br\/site\/wp-content\/uploads\/2020\/09\/Eleonora-Pazos-100x100.jpg 100w\" sizes=\"auto, (max-width: 168px) 100vw, 168px\" \/><\/p>\n<p><strong>Eleonora Pazos<\/strong><\/p>\n<p>Atualmente \u00e9 diretora da Divis\u00e3o Latino-Americana da Uni\u00e3o Internacional de Transportes P\u00fablicos (UITP), sendo respons\u00e1vel pela expans\u00e3o da UITP na Am\u00e9rica Latina, a fim de integrar pol\u00edticas e estrat\u00e9gias locais no mercado mundial. Arquiteta e urbanista pela Universidade Presbiteriana Mackenzie, a posterior obteve o t\u00edtulo de p\u00f3s-gradua\u00e7\u00e3o pela Universidade Polit\u00e9cnica de Madrid em \u201cMeio Ambiente e Gest\u00e3o de Recursos Naturais\u201d.<\/p>\n<p><img loading=\"lazy\" decoding=\"async\" class=\"alignnone wp-image-68641\" src=\"https:\/\/www.institutodeengenharia.org.br\/site\/wp-content\/uploads\/2020\/07\/Ot\u00e1vio-Vieira-da-Cunha-Filho-.jpg\" alt=\"\" width=\"163\" height=\"194\" srcset=\"https:\/\/www.institutodeengenharia.org.br\/site\/wp-content\/uploads\/2020\/07\/Ot\u00e1vio-Vieira-da-Cunha-Filho-.jpg 456w, https:\/\/www.institutodeengenharia.org.br\/site\/wp-content\/uploads\/2020\/07\/Ot\u00e1vio-Vieira-da-Cunha-Filho--252x300.jpg 252w, https:\/\/www.institutodeengenharia.org.br\/site\/wp-content\/uploads\/2020\/07\/Ot\u00e1vio-Vieira-da-Cunha-Filho--353x420.jpg 353w\" sizes=\"auto, (max-width: 163px) 100vw, 163px\" \/><\/p>\n<p><strong>Ot\u00e1vio Vieira da Cunha Filho<\/strong><\/p>\n<p>Presidente executivo da Associa\u00e7\u00e3o Nacional das Empresas de Transportes Urbanos (NTU). Foi empres\u00e1rio de transporte urbano de passageiros por mais de 40 anos, atuando no setor de transportes desde 1965. \u00c9 membro do Conselho Diretor da Associa\u00e7\u00e3o Nacional de Transportes P\u00fablicos (ANTP). Foi diretor do Sindicato das Empresas de Transportes de Passageiros de Belo Horizonte (Setransp\/BH) e participou de Comiss\u00e3o Especial criada pela Presid\u00eancia da Rep\u00fablica para reduzir as tarifas e melhorar o servi\u00e7o de transporte coletivo nas cidades brasileiras.<\/p>\n<p><img loading=\"lazy\" decoding=\"async\" class=\"alignnone wp-image-71924\" src=\"https:\/\/www.institutodeengenharia.org.br\/site\/wp-content\/uploads\/2020\/10\/Silvia-Cristina-Silva.jpg\" alt=\"\" width=\"151\" height=\"207\" srcset=\"https:\/\/www.institutodeengenharia.org.br\/site\/wp-content\/uploads\/2020\/10\/Silvia-Cristina-Silva.jpg 544w, https:\/\/www.institutodeengenharia.org.br\/site\/wp-content\/uploads\/2020\/10\/Silvia-Cristina-Silva-218x300.jpg 218w, https:\/\/www.institutodeengenharia.org.br\/site\/wp-content\/uploads\/2020\/10\/Silvia-Cristina-Silva-305x420.jpg 305w\" sizes=\"auto, (max-width: 151px) 100vw, 151px\" \/><\/p>\n<p><strong>S\u00edlvia Cristina Silva<\/strong><\/p>\n<p>Engenheira Civil, cursando p\u00f3s-gradua\u00e7\u00e3o em Gerenciamento de Projetos na Funda\u00e7\u00e3o Get\u00falio Vargas (FGV). Atual presidente da AEAMESP, j\u00e1 atuou na entidade como Diretora Adjunta, foi membro do Conselho Deliberativo da Associa\u00e7\u00e3o por duas gest\u00f5es e foi membro da Comiss\u00e3o Organizadora da Semana de Tecnologia Metroferrovi\u00e1ria, por diversos anos. Atuou como assessora na Secretaria de Estado dos Transportes Metropolitanos na Coordenadoria de Planejamento e Gest\u00e3o. Atua como especialista na equipe do Escrit\u00f3rio de Projeto (PMO) da Ger\u00eancia de Planejamento e Meio Ambiente. Acumula experi\u00eancias na Ger\u00eancia de Meio Ambiente e Sustentabilidade, no Departamento de Licenciamento Ambiental e Mitiga\u00e7\u00e3o de Impactos Ambientais, na Assessoria da Diretoria de Planejamento e Expans\u00e3o dos Transportes Metropolitanos, entre outras atividades no Metr\u00f4 de S\u00e3o Paulo em 34 anos.<\/p>\n<p><strong><u>Moderador:<\/u><\/strong><\/p>\n<p><img loading=\"lazy\" decoding=\"async\" class=\"alignnone wp-image-37543 td-animation-stack-type0-2\" src=\"https:\/\/www.institutodeengenharia.org.br\/site\/wp-content\/uploads\/2018\/08\/WhatsApp-Image-2018-08-29-at-14.42.54.jpeg\" alt=\"\" width=\"148\" height=\"191\" srcset=\"https:\/\/www.institutodeengenharia.org.br\/site\/wp-content\/uploads\/2018\/08\/WhatsApp-Image-2018-08-29-at-14.42.54.jpeg 741w, https:\/\/www.institutodeengenharia.org.br\/site\/wp-content\/uploads\/2018\/08\/WhatsApp-Image-2018-08-29-at-14.42.54-233x300.jpeg 233w, https:\/\/www.institutodeengenharia.org.br\/site\/wp-content\/uploads\/2018\/08\/WhatsApp-Image-2018-08-29-at-14.42.54-696x897.jpeg 696w, https:\/\/www.institutodeengenharia.org.br\/site\/wp-content\/uploads\/2018\/08\/WhatsApp-Image-2018-08-29-at-14.42.54-326x420.jpeg 326w\" sizes=\"auto, (max-width: 148px) 100vw, 148px\" \/><\/p>\n<p><strong>Ivan Metran Whately<\/strong><\/p>\n<p>Graduado em Engenharia Civil e Arquitetura, especializado em Planejamento de Transporte. Trabalhou em empresas privadas e p\u00fablicas do setor, acumulando experi\u00eancia em projetos e gerenciamento de obras. J\u00e1 exerceu as fun\u00e7\u00f5es de assessor do presidente e assessor da Diretoria de Planejamento do Metr\u00f4-SP; assessor especial do secret\u00e1rio Municipal de Transporte; gerente de Projetos e Obras da EMTU; diretor de Projetos e Desenvolvimento T\u00e9cnico da CPOS e diretor presidente da CPOS. Ocupou outros cargos, como superintendente do DAEE, presidente da Comiss\u00e3o Pr\u00f3-Centro e diretor do Departamento de Transportes P\u00fablicos da PMSP. Al\u00e9m disso, foi consultor da OEA; diretor da Divis\u00e3o de Projetos de Engenharia do Fundo de Constru\u00e7\u00f5es da USP; dirigente da Assessoria T\u00e9cnica da Secretaria dos Neg\u00f3cios Metropolitanos; assessor t\u00e9cnico da Secretaria de Estado dos Transportes; diretor do Departamento de Projetos de Engenharia de Transportes da SEEBLA e coordenador de Projetos da CET. Conselheiro e diretor do Departamento de Mobilidade e Log\u00edstica do Instituto de Engenharia.<\/p>\n<p><strong>Realiza\u00e7\u00e3o:<\/strong><\/p>\n<p><strong>Eng. Jer\u00f4nimo Cabral Pereira Fagundes Neto\u00a0<\/strong>\u2013 Vice-Presidente de Atividades T\u00e9cnicas<\/p>\n<p><strong>Eng.\u00aa Miriana Pereira Marques<\/strong>\u00a0\u2013 Vice-presidente de Assuntos Internos<\/p>\n<p><strong>Eng. Ivan Metran Whately<\/strong>\u00a0\u2013 Diretor do Departamento de Engenharia de Mobilidade e Log\u00edstica<\/p>\n<p><strong>Eng. Fernando Portella<\/strong>\u00a0\u2013 Membro do Conselho Consultivo do Instituto de Engenharia<\/p>\n<p><strong>Arq. Flam\u00ednio Fichmann\u00a0<\/strong>\u2013 Coordenador da Divis\u00e3o T\u00e9cnica de Transportes Metropolitanos<\/p>\n<p><img loading=\"lazy\" decoding=\"async\" class=\"alignnone wp-image-69924 td-animation-stack-type0-2\" src=\"https:\/\/www.institutodeengenharia.org.br\/site\/wp-content\/uploads\/2020\/08\/logo-novo-IE2018-2.png\" alt=\"\" width=\"204\" height=\"62\" srcset=\"https:\/\/www.institutodeengenharia.org.br\/site\/wp-content\/uploads\/2020\/08\/logo-novo-IE2018-2.png 3040w, https:\/\/www.institutodeengenharia.org.br\/site\/wp-content\/uploads\/2020\/08\/logo-novo-IE2018-2-300x91.png 300w, https:\/\/www.institutodeengenharia.org.br\/site\/wp-content\/uploads\/2020\/08\/logo-novo-IE2018-2-768x234.png 768w, https:\/\/www.institutodeengenharia.org.br\/site\/wp-content\/uploads\/2020\/08\/logo-novo-IE2018-2-1024x312.png 1024w, https:\/\/www.institutodeengenharia.org.br\/site\/wp-content\/uploads\/2020\/08\/logo-novo-IE2018-2-696x212.png 696w, https:\/\/www.institutodeengenharia.org.br\/site\/wp-content\/uploads\/2020\/08\/logo-novo-IE2018-2-1068x325.png 1068w, https:\/\/www.institutodeengenharia.org.br\/site\/wp-content\/uploads\/2020\/08\/logo-novo-IE2018-2-1379x420.png 1379w, https:\/\/www.institutodeengenharia.org.br\/site\/wp-content\/uploads\/2020\/08\/logo-novo-IE2018-2-1920x585.png 1920w, https:\/\/www.institutodeengenharia.org.br\/site\/wp-content\/uploads\/2020\/08\/logo-novo-IE2018-2-600x183.png 600w\" sizes=\"auto, (max-width: 204px) 100vw, 204px\" \/><\/p>\n<p><strong>Apoio Institucional:<\/strong><\/p>\n<p><img loading=\"lazy\" decoding=\"async\" class=\"wp-image-71919 alignleft\" src=\"https:\/\/www.institutodeengenharia.org.br\/site\/wp-content\/uploads\/2020\/10\/ABIFER.jpg\" alt=\"\" width=\"216\" height=\"88\" srcset=\"https:\/\/www.institutodeengenharia.org.br\/site\/wp-content\/uploads\/2020\/10\/ABIFER.jpg 512w, https:\/\/www.institutodeengenharia.org.br\/site\/wp-content\/uploads\/2020\/10\/ABIFER-300x124.jpg 300w\" sizes=\"auto, (max-width: 216px) 100vw, 216px\" \/><\/p>\n<p><img loading=\"lazy\" decoding=\"async\" class=\" wp-image-71920 alignleft\" src=\"https:\/\/www.institutodeengenharia.org.br\/site\/wp-content\/uploads\/2020\/10\/ALAF.jpeg\" alt=\"\" width=\"127\" height=\"130\" \/> <img loading=\"lazy\" decoding=\"async\" class=\"wp-image-72072 alignleft\" src=\"https:\/\/www.institutodeengenharia.org.br\/site\/wp-content\/uploads\/2020\/10\/ANPTRILHOS-1.jpg\" alt=\"\" width=\"173\" height=\"104\" srcset=\"https:\/\/www.institutodeengenharia.org.br\/site\/wp-content\/uploads\/2020\/10\/ANPTRILHOS-1.jpg 469w, https:\/\/www.institutodeengenharia.org.br\/site\/wp-content\/uploads\/2020\/10\/ANPTRILHOS-1-300x180.jpg 300w\" sizes=\"auto, (max-width: 173px) 100vw, 173px\" \/><\/p>\n<p><img loading=\"lazy\" decoding=\"async\" class=\"wp-image-70929 alignleft td-animation-stack-type0-2\" src=\"https:\/\/www.institutodeengenharia.org.br\/site\/wp-content\/uploads\/2020\/09\/ANTP.jpg\" alt=\"\" width=\"284\" height=\"64\" srcset=\"https:\/\/www.institutodeengenharia.org.br\/site\/wp-content\/uploads\/2020\/09\/ANTP.jpg 514w, https:\/\/www.institutodeengenharia.org.br\/site\/wp-content\/uploads\/2020\/09\/ANTP-300x68.jpg 300w\" sizes=\"auto, (max-width: 284px) 100vw, 284px\" \/><img loading=\"lazy\" decoding=\"async\" class=\"size-full wp-image-34556 alignleft td-animation-stack-type0-2\" src=\"https:\/\/www.institutodeengenharia.org.br\/site\/wp-content\/uploads\/2018\/04\/CREA-SP_vertical.jpg\" alt=\"\" width=\"150\" height=\"106\" srcset=\"https:\/\/www.institutodeengenharia.org.br\/site\/wp-content\/uploads\/2018\/04\/CREA-SP_vertical.jpg 150w, https:\/\/www.institutodeengenharia.org.br\/site\/wp-content\/uploads\/2018\/04\/CREA-SP_vertical-100x70.jpg 100w\" sizes=\"auto, (max-width: 150px) 100vw, 150px\" \/><img loading=\"lazy\" decoding=\"async\" class=\"wp-image-36737 td-animation-stack-type0-2 alignleft\" src=\"https:\/\/www.institutodeengenharia.org.br\/site\/wp-content\/uploads\/2018\/07\/CANAL-AEAMESP-01.jpg\" alt=\"\" width=\"262\" height=\"59\" srcset=\"https:\/\/www.institutodeengenharia.org.br\/site\/wp-content\/uploads\/2018\/07\/CANAL-AEAMESP-01.jpg 2709w, https:\/\/www.institutodeengenharia.org.br\/site\/wp-content\/uploads\/2018\/07\/CANAL-AEAMESP-01-300x67.jpg 300w, https:\/\/www.institutodeengenharia.org.br\/site\/wp-content\/uploads\/2018\/07\/CANAL-AEAMESP-01-768x173.jpg 768w, https:\/\/www.institutodeengenharia.org.br\/site\/wp-content\/uploads\/2018\/07\/CANAL-AEAMESP-01-1024x230.jpg 1024w, https:\/\/www.institutodeengenharia.org.br\/site\/wp-content\/uploads\/2018\/07\/CANAL-AEAMESP-01-696x156.jpg 696w, https:\/\/www.institutodeengenharia.org.br\/site\/wp-content\/uploads\/2018\/07\/CANAL-AEAMESP-01-1068x240.jpg 1068w, https:\/\/www.institutodeengenharia.org.br\/site\/wp-content\/uploads\/2018\/07\/CANAL-AEAMESP-01-1868x420.jpg 1868w, https:\/\/www.institutodeengenharia.org.br\/site\/wp-content\/uploads\/2018\/07\/CANAL-AEAMESP-01-1920x432.jpg 1920w\" sizes=\"auto, (max-width: 262px) 100vw, 262px\" \/><img loading=\"lazy\" decoding=\"async\" class=\"wp-image-70928 alignleft td-animation-stack-type0-2\" src=\"https:\/\/www.institutodeengenharia.org.br\/site\/wp-content\/uploads\/2020\/09\/NTU.jpg\" alt=\"\" width=\"161\" height=\"94\" \/><img loading=\"lazy\" decoding=\"async\" class=\"wp-image-68590 alignleft td-animation-stack-type0-2\" src=\"https:\/\/www.institutodeengenharia.org.br\/site\/wp-content\/uploads\/2020\/07\/uitp.jpg\" alt=\"\" width=\"190\" height=\"100\" srcset=\"https:\/\/www.institutodeengenharia.org.br\/site\/wp-content\/uploads\/2020\/07\/uitp.jpg 740w, https:\/\/www.institutodeengenharia.org.br\/site\/wp-content\/uploads\/2020\/07\/uitp-300x157.jpg 300w, https:\/\/www.institutodeengenharia.org.br\/site\/wp-content\/uploads\/2020\/07\/uitp-696x365.jpg 696w, https:\/\/www.institutodeengenharia.org.br\/site\/wp-content\/uploads\/2020\/07\/uitp-600x315.jpg 600w\" sizes=\"auto, (max-width: 190px) 100vw, 190px\" \/><\/p>\n","protected":false},"excerpt":{"rendered":"<p>Assista abaixo \u00e0 grava\u00e7\u00e3o: &nbsp; &nbsp; + Informa\u00e7\u00f5es: Abordagem: Em tempos de pandemia, a Europa implementou importantes protocolos para assegurar o retorno das pessoas aos Transportes P\u00fablicos. In\u00fameras medidas de melhoria operacional foram adotadas em todos os modos de transporte, como cuidados com a higiene e seguran\u00e7a dos passageiros e tripula\u00e7\u00f5es, bem como a\u00e7\u00f5es concretas [&hellip;]<\/p>\n","protected":false},"author":13,"featured_media":72045,"comment_status":"open","ping_status":"open","sticky":false,"template":"","format":"standard","meta":{"footnotes":""},"categories":[48,64,968,970],"tags":[],"class_list":{"0":"post-73759","1":"post","2":"type-post","3":"status-publish","4":"format-standard","5":"has-post-thumbnail","7":"category-departamento-desenvolvimento-urbano-e-regional","8":"category-divisao-tecnica-mobilidade-e-logistica-urbana","9":"category-nova-tv-engenharia","10":"category-seminario"},"yoast_head":"<!-- This site is optimized with the Yoast SEO plugin v27.2 - https:\/\/yoast.com\/product\/yoast-seo-wordpress\/ -->\n<title>3\u00ba Encontro Internacional \u2013 Opera\u00e7\u00e3o dos Meios de Pagamento em Transportes Europeus - Instituto de Engenharia<\/title>\n<meta name=\"robots\" content=\"index, follow, max-snippet:-1, max-image-preview:large, max-video-preview:-1\" \/>\n<link rel=\"canonical\" href=\"https:\/\/www.institutodeengenharia.org.br\/site\/2020\/10\/29\/3o-encontro-internacional-operacao-dos-meios-de-pagamento-em-transportes-europeus\/\" \/>\n<meta property=\"og:locale\" content=\"pt_BR\" \/>\n<meta property=\"og:type\" content=\"article\" \/>\n<meta property=\"og:title\" content=\"3\u00ba Encontro Internacional \u2013 Opera\u00e7\u00e3o dos Meios de Pagamento em Transportes Europeus - Instituto de Engenharia\" \/>\n<meta property=\"og:description\" content=\"Assista abaixo \u00e0 grava\u00e7\u00e3o: &nbsp; &nbsp; + Informa\u00e7\u00f5es: Abordagem: Em tempos de pandemia, a Europa implementou importantes protocolos para assegurar o retorno das pessoas aos Transportes P\u00fablicos. In\u00fameras medidas de melhoria operacional foram adotadas em todos os modos de transporte, como cuidados com a higiene e seguran\u00e7a dos passageiros e tripula\u00e7\u00f5es, bem como a\u00e7\u00f5es concretas [&hellip;]\" \/>\n<meta property=\"og:url\" content=\"https:\/\/www.institutodeengenharia.org.br\/site\/2020\/10\/29\/3o-encontro-internacional-operacao-dos-meios-de-pagamento-em-transportes-europeus\/\" \/>\n<meta property=\"og:site_name\" content=\"Instituto de Engenharia\" \/>\n<meta property=\"article:publisher\" content=\"https:\/\/www.facebook.com\/institutodeengenharia\" \/>\n<meta property=\"article:published_time\" content=\"2020-10-29T13:45:31+00:00\" \/>\n<meta property=\"article:modified_time\" content=\"2020-12-16T16:05:13+00:00\" \/>\n<meta property=\"og:image\" content=\"https:\/\/www.institutodeengenharia.org.br\/site\/wp-content\/uploads\/2020\/10\/Como-Funcionam-os-Transportes-de-Lisboa.jpg\" \/>\n\t<meta property=\"og:image:width\" content=\"1060\" \/>\n\t<meta property=\"og:image:height\" content=\"594\" \/>\n\t<meta property=\"og:image:type\" content=\"image\/jpeg\" \/>\n<meta name=\"author\" content=\"Bianca\" \/>\n<meta name=\"twitter:card\" content=\"summary_large_image\" \/>\n<meta name=\"twitter:creator\" content=\"@iengenharia\" \/>\n<meta name=\"twitter:site\" content=\"@iengenharia\" \/>\n<meta name=\"twitter:label1\" content=\"Escrito por\" \/>\n\t<meta name=\"twitter:data1\" content=\"Bianca\" \/>\n\t<meta name=\"twitter:label2\" content=\"Est. tempo de leitura\" \/>\n\t<meta name=\"twitter:data2\" content=\"7 minutos\" \/>\n<script type=\"application\/ld+json\" class=\"yoast-schema-graph\">{\"@context\":\"https:\/\/schema.org\",\"@graph\":[{\"@type\":\"Article\",\"@id\":\"https:\/\/www.institutodeengenharia.org.br\/site\/2020\/10\/29\/3o-encontro-internacional-operacao-dos-meios-de-pagamento-em-transportes-europeus\/#article\",\"isPartOf\":{\"@id\":\"https:\/\/www.institutodeengenharia.org.br\/site\/2020\/10\/29\/3o-encontro-internacional-operacao-dos-meios-de-pagamento-em-transportes-europeus\/\"},\"author\":{\"name\":\"Bianca\",\"@id\":\"https:\/\/www.institutodeengenharia.org.br\/site\/#\/schema\/person\/aeb64951c405e100d26d30b033dd423f\"},\"headline\":\"3\u00ba Encontro Internacional \u2013 Opera\u00e7\u00e3o dos Meios de Pagamento em Transportes Europeus\",\"datePublished\":\"2020-10-29T13:45:31+00:00\",\"dateModified\":\"2020-12-16T16:05:13+00:00\",\"mainEntityOfPage\":{\"@id\":\"https:\/\/www.institutodeengenharia.org.br\/site\/2020\/10\/29\/3o-encontro-internacional-operacao-dos-meios-de-pagamento-em-transportes-europeus\/\"},\"wordCount\":1481,\"commentCount\":0,\"publisher\":{\"@id\":\"https:\/\/www.institutodeengenharia.org.br\/site\/#organization\"},\"image\":{\"@id\":\"https:\/\/www.institutodeengenharia.org.br\/site\/2020\/10\/29\/3o-encontro-internacional-operacao-dos-meios-de-pagamento-em-transportes-europeus\/#primaryimage\"},\"thumbnailUrl\":\"https:\/\/www.institutodeengenharia.org.br\/site\/wp-content\/uploads\/2020\/10\/Como-Funcionam-os-Transportes-de-Lisboa.jpg\",\"articleSection\":[\"Departamento de Desenvolvimento Urbano e Regional\",\"Divis\u00e3o T\u00e9cnica Mobilidade e Log\u00edstica Urbana\",\"Nova TV Engenharia\",\"Semin\u00e1rio\"],\"inLanguage\":\"pt-BR\",\"potentialAction\":[{\"@type\":\"CommentAction\",\"name\":\"Comment\",\"target\":[\"https:\/\/www.institutodeengenharia.org.br\/site\/2020\/10\/29\/3o-encontro-internacional-operacao-dos-meios-de-pagamento-em-transportes-europeus\/#respond\"]}]},{\"@type\":\"WebPage\",\"@id\":\"https:\/\/www.institutodeengenharia.org.br\/site\/2020\/10\/29\/3o-encontro-internacional-operacao-dos-meios-de-pagamento-em-transportes-europeus\/\",\"url\":\"https:\/\/www.institutodeengenharia.org.br\/site\/2020\/10\/29\/3o-encontro-internacional-operacao-dos-meios-de-pagamento-em-transportes-europeus\/\",\"name\":\"3\u00ba Encontro Internacional \u2013 Opera\u00e7\u00e3o dos Meios de Pagamento em Transportes Europeus - Instituto de Engenharia\",\"isPartOf\":{\"@id\":\"https:\/\/www.institutodeengenharia.org.br\/site\/#website\"},\"primaryImageOfPage\":{\"@id\":\"https:\/\/www.institutodeengenharia.org.br\/site\/2020\/10\/29\/3o-encontro-internacional-operacao-dos-meios-de-pagamento-em-transportes-europeus\/#primaryimage\"},\"image\":{\"@id\":\"https:\/\/www.institutodeengenharia.org.br\/site\/2020\/10\/29\/3o-encontro-internacional-operacao-dos-meios-de-pagamento-em-transportes-europeus\/#primaryimage\"},\"thumbnailUrl\":\"https:\/\/www.institutodeengenharia.org.br\/site\/wp-content\/uploads\/2020\/10\/Como-Funcionam-os-Transportes-de-Lisboa.jpg\",\"datePublished\":\"2020-10-29T13:45:31+00:00\",\"dateModified\":\"2020-12-16T16:05:13+00:00\",\"breadcrumb\":{\"@id\":\"https:\/\/www.institutodeengenharia.org.br\/site\/2020\/10\/29\/3o-encontro-internacional-operacao-dos-meios-de-pagamento-em-transportes-europeus\/#breadcrumb\"},\"inLanguage\":\"pt-BR\",\"potentialAction\":[{\"@type\":\"ReadAction\",\"target\":[\"https:\/\/www.institutodeengenharia.org.br\/site\/2020\/10\/29\/3o-encontro-internacional-operacao-dos-meios-de-pagamento-em-transportes-europeus\/\"]}]},{\"@type\":\"ImageObject\",\"inLanguage\":\"pt-BR\",\"@id\":\"https:\/\/www.institutodeengenharia.org.br\/site\/2020\/10\/29\/3o-encontro-internacional-operacao-dos-meios-de-pagamento-em-transportes-europeus\/#primaryimage\",\"url\":\"https:\/\/www.institutodeengenharia.org.br\/site\/wp-content\/uploads\/2020\/10\/Como-Funcionam-os-Transportes-de-Lisboa.jpg\",\"contentUrl\":\"https:\/\/www.institutodeengenharia.org.br\/site\/wp-content\/uploads\/2020\/10\/Como-Funcionam-os-Transportes-de-Lisboa.jpg\",\"width\":1060,\"height\":594},{\"@type\":\"BreadcrumbList\",\"@id\":\"https:\/\/www.institutodeengenharia.org.br\/site\/2020\/10\/29\/3o-encontro-internacional-operacao-dos-meios-de-pagamento-em-transportes-europeus\/#breadcrumb\",\"itemListElement\":[{\"@type\":\"ListItem\",\"position\":1,\"name\":\"In\u00edcio\",\"item\":\"https:\/\/www.institutodeengenharia.org.br\/site\/\"},{\"@type\":\"ListItem\",\"position\":2,\"name\":\"3\u00ba Encontro Internacional \u2013 Opera\u00e7\u00e3o dos Meios de Pagamento em Transportes Europeus\"}]},{\"@type\":\"WebSite\",\"@id\":\"https:\/\/www.institutodeengenharia.org.br\/site\/#website\",\"url\":\"https:\/\/www.institutodeengenharia.org.br\/site\/\",\"name\":\"Instituto de Engenharia\",\"description\":\"O Instituto de Engenharia promove a Engenharia em benef\u00edcio do desenvolvimento e da qualidade de vida da sociedade.\",\"publisher\":{\"@id\":\"https:\/\/www.institutodeengenharia.org.br\/site\/#organization\"},\"potentialAction\":[{\"@type\":\"SearchAction\",\"target\":{\"@type\":\"EntryPoint\",\"urlTemplate\":\"https:\/\/www.institutodeengenharia.org.br\/site\/?s={search_term_string}\"},\"query-input\":{\"@type\":\"PropertyValueSpecification\",\"valueRequired\":true,\"valueName\":\"search_term_string\"}}],\"inLanguage\":\"pt-BR\"},{\"@type\":\"Organization\",\"@id\":\"https:\/\/www.institutodeengenharia.org.br\/site\/#organization\",\"name\":\"Instituto de Engenharia\",\"url\":\"https:\/\/www.institutodeengenharia.org.br\/site\/\",\"logo\":{\"@type\":\"ImageObject\",\"inLanguage\":\"pt-BR\",\"@id\":\"https:\/\/www.institutodeengenharia.org.br\/site\/#\/schema\/logo\/image\/\",\"url\":\"https:\/\/www.institutodeengenharia.org.br\/site\/wp-content\/uploads\/2019\/03\/logo-novo-IE2018-1.jpg\",\"contentUrl\":\"https:\/\/www.institutodeengenharia.org.br\/site\/wp-content\/uploads\/2019\/03\/logo-novo-IE2018-1.jpg\",\"width\":1486,\"height\":1879,\"caption\":\"Instituto de Engenharia\"},\"image\":{\"@id\":\"https:\/\/www.institutodeengenharia.org.br\/site\/#\/schema\/logo\/image\/\"},\"sameAs\":[\"https:\/\/www.facebook.com\/institutodeengenharia\",\"https:\/\/x.com\/iengenharia\",\"https:\/\/www.instagram.com\/institutodeengenharia\/\",\"https:\/\/www.linkedin.com\/company\/instituto-de-engenharia\/\",\"https:\/\/www.youtube.com\/channel\/UCXiCAlsSMe977vamW915HxA\"]},{\"@type\":\"Person\",\"@id\":\"https:\/\/www.institutodeengenharia.org.br\/site\/#\/schema\/person\/aeb64951c405e100d26d30b033dd423f\",\"name\":\"Bianca\",\"image\":{\"@type\":\"ImageObject\",\"inLanguage\":\"pt-BR\",\"@id\":\"https:\/\/secure.gravatar.com\/avatar\/a6fbe9bff57405baf4c1e2c5c1811e072b558253974a9f9508f4678900c97c2a?s=96&d=mm&r=g\",\"url\":\"https:\/\/secure.gravatar.com\/avatar\/a6fbe9bff57405baf4c1e2c5c1811e072b558253974a9f9508f4678900c97c2a?s=96&d=mm&r=g\",\"contentUrl\":\"https:\/\/secure.gravatar.com\/avatar\/a6fbe9bff57405baf4c1e2c5c1811e072b558253974a9f9508f4678900c97c2a?s=96&d=mm&r=g\",\"caption\":\"Bianca\"},\"url\":\"https:\/\/www.institutodeengenharia.org.br\/site\/author\/comunicacao1\/\"}]}<\/script>\n<!-- \/ Yoast SEO plugin. -->","yoast_head_json":{"title":"3\u00ba Encontro Internacional \u2013 Opera\u00e7\u00e3o dos Meios de Pagamento em Transportes Europeus - Instituto de Engenharia","robots":{"index":"index","follow":"follow","max-snippet":"max-snippet:-1","max-image-preview":"max-image-preview:large","max-video-preview":"max-video-preview:-1"},"canonical":"https:\/\/www.institutodeengenharia.org.br\/site\/2020\/10\/29\/3o-encontro-internacional-operacao-dos-meios-de-pagamento-em-transportes-europeus\/","og_locale":"pt_BR","og_type":"article","og_title":"3\u00ba Encontro Internacional \u2013 Opera\u00e7\u00e3o dos Meios de Pagamento em Transportes Europeus - Instituto de Engenharia","og_description":"Assista abaixo \u00e0 grava\u00e7\u00e3o: &nbsp; &nbsp; + Informa\u00e7\u00f5es: Abordagem: Em tempos de pandemia, a Europa implementou importantes protocolos para assegurar o retorno das pessoas aos Transportes P\u00fablicos. In\u00fameras medidas de melhoria operacional foram adotadas em todos os modos de transporte, como cuidados com a higiene e seguran\u00e7a dos passageiros e tripula\u00e7\u00f5es, bem como a\u00e7\u00f5es concretas [&hellip;]","og_url":"https:\/\/www.institutodeengenharia.org.br\/site\/2020\/10\/29\/3o-encontro-internacional-operacao-dos-meios-de-pagamento-em-transportes-europeus\/","og_site_name":"Instituto de Engenharia","article_publisher":"https:\/\/www.facebook.com\/institutodeengenharia","article_published_time":"2020-10-29T13:45:31+00:00","article_modified_time":"2020-12-16T16:05:13+00:00","og_image":[{"width":1060,"height":594,"url":"https:\/\/www.institutodeengenharia.org.br\/site\/wp-content\/uploads\/2020\/10\/Como-Funcionam-os-Transportes-de-Lisboa.jpg","type":"image\/jpeg"}],"author":"Bianca","twitter_card":"summary_large_image","twitter_creator":"@iengenharia","twitter_site":"@iengenharia","twitter_misc":{"Escrito por":"Bianca","Est. tempo de leitura":"7 minutos"},"schema":{"@context":"https:\/\/schema.org","@graph":[{"@type":"Article","@id":"https:\/\/www.institutodeengenharia.org.br\/site\/2020\/10\/29\/3o-encontro-internacional-operacao-dos-meios-de-pagamento-em-transportes-europeus\/#article","isPartOf":{"@id":"https:\/\/www.institutodeengenharia.org.br\/site\/2020\/10\/29\/3o-encontro-internacional-operacao-dos-meios-de-pagamento-em-transportes-europeus\/"},"author":{"name":"Bianca","@id":"https:\/\/www.institutodeengenharia.org.br\/site\/#\/schema\/person\/aeb64951c405e100d26d30b033dd423f"},"headline":"3\u00ba Encontro Internacional \u2013 Opera\u00e7\u00e3o dos Meios de Pagamento em Transportes Europeus","datePublished":"2020-10-29T13:45:31+00:00","dateModified":"2020-12-16T16:05:13+00:00","mainEntityOfPage":{"@id":"https:\/\/www.institutodeengenharia.org.br\/site\/2020\/10\/29\/3o-encontro-internacional-operacao-dos-meios-de-pagamento-em-transportes-europeus\/"},"wordCount":1481,"commentCount":0,"publisher":{"@id":"https:\/\/www.institutodeengenharia.org.br\/site\/#organization"},"image":{"@id":"https:\/\/www.institutodeengenharia.org.br\/site\/2020\/10\/29\/3o-encontro-internacional-operacao-dos-meios-de-pagamento-em-transportes-europeus\/#primaryimage"},"thumbnailUrl":"https:\/\/www.institutodeengenharia.org.br\/site\/wp-content\/uploads\/2020\/10\/Como-Funcionam-os-Transportes-de-Lisboa.jpg","articleSection":["Departamento de Desenvolvimento Urbano e Regional","Divis\u00e3o T\u00e9cnica Mobilidade e Log\u00edstica Urbana","Nova TV Engenharia","Semin\u00e1rio"],"inLanguage":"pt-BR","potentialAction":[{"@type":"CommentAction","name":"Comment","target":["https:\/\/www.institutodeengenharia.org.br\/site\/2020\/10\/29\/3o-encontro-internacional-operacao-dos-meios-de-pagamento-em-transportes-europeus\/#respond"]}]},{"@type":"WebPage","@id":"https:\/\/www.institutodeengenharia.org.br\/site\/2020\/10\/29\/3o-encontro-internacional-operacao-dos-meios-de-pagamento-em-transportes-europeus\/","url":"https:\/\/www.institutodeengenharia.org.br\/site\/2020\/10\/29\/3o-encontro-internacional-operacao-dos-meios-de-pagamento-em-transportes-europeus\/","name":"3\u00ba Encontro Internacional \u2013 Opera\u00e7\u00e3o dos Meios de Pagamento em Transportes Europeus - Instituto de Engenharia","isPartOf":{"@id":"https:\/\/www.institutodeengenharia.org.br\/site\/#website"},"primaryImageOfPage":{"@id":"https:\/\/www.institutodeengenharia.org.br\/site\/2020\/10\/29\/3o-encontro-internacional-operacao-dos-meios-de-pagamento-em-transportes-europeus\/#primaryimage"},"image":{"@id":"https:\/\/www.institutodeengenharia.org.br\/site\/2020\/10\/29\/3o-encontro-internacional-operacao-dos-meios-de-pagamento-em-transportes-europeus\/#primaryimage"},"thumbnailUrl":"https:\/\/www.institutodeengenharia.org.br\/site\/wp-content\/uploads\/2020\/10\/Como-Funcionam-os-Transportes-de-Lisboa.jpg","datePublished":"2020-10-29T13:45:31+00:00","dateModified":"2020-12-16T16:05:13+00:00","breadcrumb":{"@id":"https:\/\/www.institutodeengenharia.org.br\/site\/2020\/10\/29\/3o-encontro-internacional-operacao-dos-meios-de-pagamento-em-transportes-europeus\/#breadcrumb"},"inLanguage":"pt-BR","potentialAction":[{"@type":"ReadAction","target":["https:\/\/www.institutodeengenharia.org.br\/site\/2020\/10\/29\/3o-encontro-internacional-operacao-dos-meios-de-pagamento-em-transportes-europeus\/"]}]},{"@type":"ImageObject","inLanguage":"pt-BR","@id":"https:\/\/www.institutodeengenharia.org.br\/site\/2020\/10\/29\/3o-encontro-internacional-operacao-dos-meios-de-pagamento-em-transportes-europeus\/#primaryimage","url":"https:\/\/www.institutodeengenharia.org.br\/site\/wp-content\/uploads\/2020\/10\/Como-Funcionam-os-Transportes-de-Lisboa.jpg","contentUrl":"https:\/\/www.institutodeengenharia.org.br\/site\/wp-content\/uploads\/2020\/10\/Como-Funcionam-os-Transportes-de-Lisboa.jpg","width":1060,"height":594},{"@type":"BreadcrumbList","@id":"https:\/\/www.institutodeengenharia.org.br\/site\/2020\/10\/29\/3o-encontro-internacional-operacao-dos-meios-de-pagamento-em-transportes-europeus\/#breadcrumb","itemListElement":[{"@type":"ListItem","position":1,"name":"In\u00edcio","item":"https:\/\/www.institutodeengenharia.org.br\/site\/"},{"@type":"ListItem","position":2,"name":"3\u00ba Encontro Internacional \u2013 Opera\u00e7\u00e3o dos Meios de Pagamento em Transportes Europeus"}]},{"@type":"WebSite","@id":"https:\/\/www.institutodeengenharia.org.br\/site\/#website","url":"https:\/\/www.institutodeengenharia.org.br\/site\/","name":"Instituto de Engenharia","description":"O Instituto de Engenharia promove a Engenharia em benef\u00edcio do desenvolvimento e da qualidade de vida da sociedade.","publisher":{"@id":"https:\/\/www.institutodeengenharia.org.br\/site\/#organization"},"potentialAction":[{"@type":"SearchAction","target":{"@type":"EntryPoint","urlTemplate":"https:\/\/www.institutodeengenharia.org.br\/site\/?s={search_term_string}"},"query-input":{"@type":"PropertyValueSpecification","valueRequired":true,"valueName":"search_term_string"}}],"inLanguage":"pt-BR"},{"@type":"Organization","@id":"https:\/\/www.institutodeengenharia.org.br\/site\/#organization","name":"Instituto de Engenharia","url":"https:\/\/www.institutodeengenharia.org.br\/site\/","logo":{"@type":"ImageObject","inLanguage":"pt-BR","@id":"https:\/\/www.institutodeengenharia.org.br\/site\/#\/schema\/logo\/image\/","url":"https:\/\/www.institutodeengenharia.org.br\/site\/wp-content\/uploads\/2019\/03\/logo-novo-IE2018-1.jpg","contentUrl":"https:\/\/www.institutodeengenharia.org.br\/site\/wp-content\/uploads\/2019\/03\/logo-novo-IE2018-1.jpg","width":1486,"height":1879,"caption":"Instituto de Engenharia"},"image":{"@id":"https:\/\/www.institutodeengenharia.org.br\/site\/#\/schema\/logo\/image\/"},"sameAs":["https:\/\/www.facebook.com\/institutodeengenharia","https:\/\/x.com\/iengenharia","https:\/\/www.instagram.com\/institutodeengenharia\/","https:\/\/www.linkedin.com\/company\/instituto-de-engenharia\/","https:\/\/www.youtube.com\/channel\/UCXiCAlsSMe977vamW915HxA"]},{"@type":"Person","@id":"https:\/\/www.institutodeengenharia.org.br\/site\/#\/schema\/person\/aeb64951c405e100d26d30b033dd423f","name":"Bianca","image":{"@type":"ImageObject","inLanguage":"pt-BR","@id":"https:\/\/secure.gravatar.com\/avatar\/a6fbe9bff57405baf4c1e2c5c1811e072b558253974a9f9508f4678900c97c2a?s=96&d=mm&r=g","url":"https:\/\/secure.gravatar.com\/avatar\/a6fbe9bff57405baf4c1e2c5c1811e072b558253974a9f9508f4678900c97c2a?s=96&d=mm&r=g","contentUrl":"https:\/\/secure.gravatar.com\/avatar\/a6fbe9bff57405baf4c1e2c5c1811e072b558253974a9f9508f4678900c97c2a?s=96&d=mm&r=g","caption":"Bianca"},"url":"https:\/\/www.institutodeengenharia.org.br\/site\/author\/comunicacao1\/"}]}},"_links":{"self":[{"href":"https:\/\/www.institutodeengenharia.org.br\/site\/wp-json\/wp\/v2\/posts\/73759","targetHints":{"allow":["GET"]}}],"collection":[{"href":"https:\/\/www.institutodeengenharia.org.br\/site\/wp-json\/wp\/v2\/posts"}],"about":[{"href":"https:\/\/www.institutodeengenharia.org.br\/site\/wp-json\/wp\/v2\/types\/post"}],"author":[{"embeddable":true,"href":"https:\/\/www.institutodeengenharia.org.br\/site\/wp-json\/wp\/v2\/users\/13"}],"replies":[{"embeddable":true,"href":"https:\/\/www.institutodeengenharia.org.br\/site\/wp-json\/wp\/v2\/comments?post=73759"}],"version-history":[{"count":1,"href":"https:\/\/www.institutodeengenharia.org.br\/site\/wp-json\/wp\/v2\/posts\/73759\/revisions"}],"predecessor-version":[{"id":73760,"href":"https:\/\/www.institutodeengenharia.org.br\/site\/wp-json\/wp\/v2\/posts\/73759\/revisions\/73760"}],"wp:featuredmedia":[{"embeddable":true,"href":"https:\/\/www.institutodeengenharia.org.br\/site\/wp-json\/wp\/v2\/media\/72045"}],"wp:attachment":[{"href":"https:\/\/www.institutodeengenharia.org.br\/site\/wp-json\/wp\/v2\/media?parent=73759"}],"wp:term":[{"taxonomy":"category","embeddable":true,"href":"https:\/\/www.institutodeengenharia.org.br\/site\/wp-json\/wp\/v2\/categories?post=73759"},{"taxonomy":"post_tag","embeddable":true,"href":"https:\/\/www.institutodeengenharia.org.br\/site\/wp-json\/wp\/v2\/tags?post=73759"}],"curies":[{"name":"wp","href":"https:\/\/api.w.org\/{rel}","templated":true}]}}