{"id":73166,"date":"2020-10-23T10:30:09","date_gmt":"2020-10-23T13:30:09","guid":{"rendered":"https:\/\/www.institutodeengenharia.org.br\/site\/?p=73166"},"modified":"2020-11-25T15:29:03","modified_gmt":"2020-11-25T18:29:03","slug":"desafios-profissionais-e-a-importancia-de-uma-visao-sistemica-no-mercado-de-trabalho","status":"publish","type":"post","link":"https:\/\/www.institutodeengenharia.org.br\/site\/2020\/10\/23\/desafios-profissionais-e-a-importancia-de-uma-visao-sistemica-no-mercado-de-trabalho\/","title":{"rendered":"Desafios profissionais e a import\u00e2ncia de uma vis\u00e3o sist\u00eamica no mercado de trabalho"},"content":{"rendered":"<p>A palestra<strong> Desafios profissionais e a import\u00e2ncia de uma vis\u00e3o sist\u00eamica no mercado de trabalho <\/strong>faz parte da\u00a0<em>S\u00e9rie Webinar: Falando em Engenheirar<\/em>, uma realiza\u00e7\u00e3o do Instituto de Engenharia.<\/p>\n<p><strong>Assista abaixo \u00e0 grava\u00e7\u00e3o:<\/strong><\/p>\n<p><iframe loading=\"lazy\" src=\"https:\/\/player.vimeo.com\/video\/483365027\" width=\"640\" height=\"360\" frameborder=\"0\" allowfullscreen=\"allowfullscreen\"><\/iframe><\/p>\n<p>&nbsp;<\/p>\n<p><strong>+ Informa\u00e7\u00f5es:<\/strong><\/p>\n<p><strong>Palestrantes:<\/strong><\/p>\n<p><img loading=\"lazy\" decoding=\"async\" class=\"alignnone wp-image-65460\" src=\"https:\/\/www.institutodeengenharia.org.br\/site\/wp-content\/uploads\/2020\/05\/maria-da-penha.jpg\" alt=\"\" width=\"154\" height=\"153\" srcset=\"https:\/\/www.institutodeengenharia.org.br\/site\/wp-content\/uploads\/2020\/05\/maria-da-penha.jpg 200w, https:\/\/www.institutodeengenharia.org.br\/site\/wp-content\/uploads\/2020\/05\/maria-da-penha-150x150.jpg 150w, https:\/\/www.institutodeengenharia.org.br\/site\/wp-content\/uploads\/2020\/05\/maria-da-penha-100x100.jpg 100w\" sizes=\"auto, (max-width: 154px) 100vw, 154px\" \/><\/p>\n<p><strong>Maria da Penha Pereira Nobre<\/strong><\/p>\n<p>Graduada em Arquitetura e Urbanismo, especialista em Tr\u00e2nsito, Mobilidade e Seguran\u00e7a. Psicopedagoga Cl\u00ednica e Institucional. Especializa\u00e7\u00e3o em transportes e tr\u00e2nsito na Fran\u00e7a Atuou mais de 25 anos na CET e no DSV de S\u00e3o Paulo. Integrou a Comiss\u00e3o do Minist\u00e9rio da Justi\u00e7a que elaborou o Projeto de Lei do C\u00f3digo de Tr\u00e2nsito Brasileiro. Em atividades internacionais foi consultora do Minist\u00e9rio de Transportes da Venezuela e do M\u00e9xico. No Departamento Nacional de Tr\u00e2nsito \u2013 DENATRAN atuou no Programa MONUMENTA (BID\/Unesco) do Minist\u00e9rio da Cultura e da Secretaria de Desenvolvimento Urbano da Presid\u00eancia da Rep\u00fablica \u2013 SEDU onde tamb\u00e9m foi coordenadora convidada em f\u00f3runs consultivos. Foi presidente da Comiss\u00e3o de Tr\u00e2nsito da Associa\u00e7\u00e3o Nacional de Transportes P\u00fablicos \u2013 ANTP, Conselheira do Conselho Estadual de Tr\u00e2nsito \u2013 CETRAN de S\u00e3o Paulo representando o Instituto de Engenharia e a Sociedade Civil. Ministrou e coordenou 92 cursos dentro do &#8220;Programa Nacional de Capacita\u00e7\u00e3o das Cidades&#8221; do DENATRAN\/Minist\u00e9rio das Cidades em todo territ\u00f3rio nacional. Atualmente \u00e9 Conselheira do Conselho Estadual para a Diminui\u00e7\u00e3o de Acidentes de Tr\u00e2nsito e Transportes \u2013 CEDATT do Estado de S\u00e3o Paulo, S\u00f3cia Diretora do Instituto Mobilidade e Educa\u00e7\u00e3o PLANO \u2013 IMEP\/PLANOTRAN onde \u00e9 coordenadora t\u00e9cnica e ministra cursos de p\u00f3s gradua\u00e7\u00e3o e MBA de temas relacionados a tr\u00e2nsito, j\u00e1 capacitado mais de dez mil profissionais entre engenheiros, arquitetos, pedagogos, psic\u00f3logos, administradores, advogados, agentes de tr\u00e2nsito, t\u00e9cnicos em geral do Brasil e do exterior coordenando nos \u00faltimos oito anos, seis cursos aplicados em v\u00e1rias regi\u00f5es do Brasil. Coordenadora da Divis\u00e3o T\u00e9cnica de Tr\u00e2nsito do Instituto de Engenharia.<\/p>\n<p><img loading=\"lazy\" decoding=\"async\" class=\"alignnone wp-image-68770\" src=\"https:\/\/www.institutodeengenharia.org.br\/site\/wp-content\/uploads\/2020\/07\/milene-facioli.jpg\" alt=\"\" width=\"140\" height=\"140\" srcset=\"https:\/\/www.institutodeengenharia.org.br\/site\/wp-content\/uploads\/2020\/07\/milene-facioli.jpg 119w, https:\/\/www.institutodeengenharia.org.br\/site\/wp-content\/uploads\/2020\/07\/milene-facioli-100x100.jpg 100w\" sizes=\"auto, (max-width: 140px) 100vw, 140px\" \/><\/p>\n<p><strong>Milene Facioli<\/strong><\/p>\n<p>Graduada em Arquitetura pela Universidade Presbiteriana Mackenzie, especializa\u00e7\u00e3o em Arquitetura e Urbanismo pela Universidade Polit\u00e9cnica da Catalunya, MBA com \u00eanfase em Real Estate pela EPUSP. Tem cursos de especializa\u00e7\u00e3o em Compliance, Gest\u00e3o de Risco de Fraude e Gerenciamento de Projetos pela Insper, Universidade da Calif\u00f3rnia em Berkeley, KPMG e FIA e p\u00f3s-gradua\u00e7\u00e3o em Gest\u00e3o de Fraude pela Porto Business School. Atuou como coordenadora de planejamento em projetos em diversas empresas do setor de constru\u00e7\u00e3o de infraestrutura e arquitetura com experi\u00eancia de mais de 12 anos em fun\u00e7\u00f5es executivas de coordena\u00e7\u00e3o e controle. Coordenou implanta\u00e7\u00e3o de modelos de compliance em empresas do setor de constru\u00e7\u00e3o civil e atualmente \u00e9 coordenadora da Divis\u00e3o T\u00e9cnica de Compliance do Instituto de Engenharia.<\/p>\n<p><img loading=\"lazy\" decoding=\"async\" class=\"alignnone wp-image-72002\" src=\"https:\/\/www.institutodeengenharia.org.br\/site\/wp-content\/uploads\/2020\/10\/Alda-Paulina-dos-Santos.jpg\" alt=\"\" width=\"133\" height=\"153\" \/><\/p>\n<p><strong>Alda Paulina dos Santos<\/strong><\/p>\n<p>Doutoranda em Arquitetura, Tecnologia e Cidade na Universidade Estadual de Campinas (Unicamp) e Mestre em Engenharia Urbana pela Universidade Federal de S\u00e3o Carlos (UFSCar). Especialista em Engenharia Urbana pela UFSCar. Especialista em Ergonomia pelo Instituto Mapfre da Espanha. Graduada em Arquitetura pela Universidade Cat\u00f3lica de Santos e em Desenho Industrial pela Universidade Santa Cecilia. Professora de Projeto Arquitet\u00f4nico, e de Desenho Universal e Acessibilidade da Faculdade de Arquitetura e Urbanismo da Universidade Santa Cec\u00edlia, e de Ergonomia do curso de p\u00f3s-gradua\u00e7\u00e3o em Engenharia de Seguran\u00e7a do Trabalho, da mesma universidade. \u00c9 tamb\u00e9m professora de Planejamento Urbano, e de Arquitetura e Desenho Civil, no curso de Engenharia Civil, do Centro Universit\u00e1rio FEI. Professora de EAD da Universidade Metropolitana de Santos, no curso de Arquitetura e Urbanismo. \u00c9 arquiteta s\u00f3cia, da ENGEPLAN, Engenharia e Arquitetura Ltda.<\/p>\n","protected":false},"excerpt":{"rendered":"<p>A palestra Desafios profissionais e a import\u00e2ncia de uma vis\u00e3o sist\u00eamica no mercado de trabalho faz parte da\u00a0S\u00e9rie Webinar: Falando em Engenheirar, uma realiza\u00e7\u00e3o do Instituto de Engenharia. Assista abaixo \u00e0 grava\u00e7\u00e3o: &nbsp; + Informa\u00e7\u00f5es: Palestrantes: Maria da Penha Pereira Nobre Graduada em Arquitetura e Urbanismo, especialista em Tr\u00e2nsito, Mobilidade e Seguran\u00e7a. Psicopedagoga Cl\u00ednica e [&hellip;]<\/p>\n","protected":false},"author":13,"featured_media":73167,"comment_status":"open","ping_status":"open","sticky":false,"template":"","format":"standard","meta":{"footnotes":""},"categories":[968,969],"tags":[],"class_list":{"0":"post-73166","1":"post","2":"type-post","3":"status-publish","4":"format-standard","5":"has-post-thumbnail","7":"category-nova-tv-engenharia","8":"category-palestra"},"yoast_head":"<!-- This site is optimized with the Yoast SEO plugin v27.2 - https:\/\/yoast.com\/product\/yoast-seo-wordpress\/ -->\n<title>Desafios profissionais e a import\u00e2ncia de uma vis\u00e3o sist\u00eamica no mercado de trabalho - Instituto de Engenharia<\/title>\n<meta name=\"robots\" content=\"index, follow, max-snippet:-1, max-image-preview:large, max-video-preview:-1\" \/>\n<link rel=\"canonical\" href=\"https:\/\/www.institutodeengenharia.org.br\/site\/2020\/10\/23\/desafios-profissionais-e-a-importancia-de-uma-visao-sistemica-no-mercado-de-trabalho\/\" \/>\n<meta property=\"og:locale\" content=\"pt_BR\" \/>\n<meta property=\"og:type\" content=\"article\" \/>\n<meta property=\"og:title\" content=\"Desafios profissionais e a import\u00e2ncia de uma vis\u00e3o sist\u00eamica no mercado de trabalho - Instituto de Engenharia\" \/>\n<meta property=\"og:description\" content=\"A palestra Desafios profissionais e a import\u00e2ncia de uma vis\u00e3o sist\u00eamica no mercado de trabalho faz parte da\u00a0S\u00e9rie Webinar: Falando em Engenheirar, uma realiza\u00e7\u00e3o do Instituto de Engenharia. Assista abaixo \u00e0 grava\u00e7\u00e3o: &nbsp; + Informa\u00e7\u00f5es: Palestrantes: Maria da Penha Pereira Nobre Graduada em Arquitetura e Urbanismo, especialista em Tr\u00e2nsito, Mobilidade e Seguran\u00e7a. Psicopedagoga Cl\u00ednica e [&hellip;]\" \/>\n<meta property=\"og:url\" content=\"https:\/\/www.institutodeengenharia.org.br\/site\/2020\/10\/23\/desafios-profissionais-e-a-importancia-de-uma-visao-sistemica-no-mercado-de-trabalho\/\" \/>\n<meta property=\"og:site_name\" content=\"Instituto de Engenharia\" \/>\n<meta property=\"article:publisher\" content=\"https:\/\/www.facebook.com\/institutodeengenharia\" \/>\n<meta property=\"article:published_time\" content=\"2020-10-23T13:30:09+00:00\" \/>\n<meta property=\"article:modified_time\" content=\"2020-11-25T18:29:03+00:00\" \/>\n<meta property=\"og:image\" content=\"https:\/\/www.institutodeengenharia.org.br\/site\/wp-content\/uploads\/2020\/11\/Desafios-profissionais-e-a-importancia-de-uma-visao-sistemica-no-mercado-de-trabalho.jpg\" \/>\n\t<meta property=\"og:image:width\" content=\"1035\" \/>\n\t<meta property=\"og:image:height\" content=\"646\" \/>\n\t<meta property=\"og:image:type\" content=\"image\/jpeg\" \/>\n<meta name=\"author\" content=\"Bianca\" \/>\n<meta name=\"twitter:card\" content=\"summary_large_image\" \/>\n<meta name=\"twitter:creator\" content=\"@iengenharia\" \/>\n<meta name=\"twitter:site\" content=\"@iengenharia\" \/>\n<meta name=\"twitter:label1\" content=\"Escrito por\" \/>\n\t<meta name=\"twitter:data1\" content=\"Bianca\" \/>\n\t<meta name=\"twitter:label2\" content=\"Est. tempo de leitura\" \/>\n\t<meta name=\"twitter:data2\" content=\"3 minutos\" \/>\n<script type=\"application\/ld+json\" class=\"yoast-schema-graph\">{\"@context\":\"https:\/\/schema.org\",\"@graph\":[{\"@type\":\"Article\",\"@id\":\"https:\/\/www.institutodeengenharia.org.br\/site\/2020\/10\/23\/desafios-profissionais-e-a-importancia-de-uma-visao-sistemica-no-mercado-de-trabalho\/#article\",\"isPartOf\":{\"@id\":\"https:\/\/www.institutodeengenharia.org.br\/site\/2020\/10\/23\/desafios-profissionais-e-a-importancia-de-uma-visao-sistemica-no-mercado-de-trabalho\/\"},\"author\":{\"name\":\"Bianca\",\"@id\":\"https:\/\/www.institutodeengenharia.org.br\/site\/#\/schema\/person\/aeb64951c405e100d26d30b033dd423f\"},\"headline\":\"Desafios profissionais e a import\u00e2ncia de uma vis\u00e3o sist\u00eamica no mercado de trabalho\",\"datePublished\":\"2020-10-23T13:30:09+00:00\",\"dateModified\":\"2020-11-25T18:29:03+00:00\",\"mainEntityOfPage\":{\"@id\":\"https:\/\/www.institutodeengenharia.org.br\/site\/2020\/10\/23\/desafios-profissionais-e-a-importancia-de-uma-visao-sistemica-no-mercado-de-trabalho\/\"},\"wordCount\":637,\"commentCount\":0,\"publisher\":{\"@id\":\"https:\/\/www.institutodeengenharia.org.br\/site\/#organization\"},\"image\":{\"@id\":\"https:\/\/www.institutodeengenharia.org.br\/site\/2020\/10\/23\/desafios-profissionais-e-a-importancia-de-uma-visao-sistemica-no-mercado-de-trabalho\/#primaryimage\"},\"thumbnailUrl\":\"https:\/\/www.institutodeengenharia.org.br\/site\/wp-content\/uploads\/2020\/11\/Desafios-profissionais-e-a-importancia-de-uma-visao-sistemica-no-mercado-de-trabalho.jpg\",\"articleSection\":[\"Nova TV Engenharia\",\"Palestra\"],\"inLanguage\":\"pt-BR\",\"potentialAction\":[{\"@type\":\"CommentAction\",\"name\":\"Comment\",\"target\":[\"https:\/\/www.institutodeengenharia.org.br\/site\/2020\/10\/23\/desafios-profissionais-e-a-importancia-de-uma-visao-sistemica-no-mercado-de-trabalho\/#respond\"]}]},{\"@type\":\"WebPage\",\"@id\":\"https:\/\/www.institutodeengenharia.org.br\/site\/2020\/10\/23\/desafios-profissionais-e-a-importancia-de-uma-visao-sistemica-no-mercado-de-trabalho\/\",\"url\":\"https:\/\/www.institutodeengenharia.org.br\/site\/2020\/10\/23\/desafios-profissionais-e-a-importancia-de-uma-visao-sistemica-no-mercado-de-trabalho\/\",\"name\":\"Desafios profissionais e a import\u00e2ncia de uma vis\u00e3o sist\u00eamica no mercado de trabalho - Instituto de Engenharia\",\"isPartOf\":{\"@id\":\"https:\/\/www.institutodeengenharia.org.br\/site\/#website\"},\"primaryImageOfPage\":{\"@id\":\"https:\/\/www.institutodeengenharia.org.br\/site\/2020\/10\/23\/desafios-profissionais-e-a-importancia-de-uma-visao-sistemica-no-mercado-de-trabalho\/#primaryimage\"},\"image\":{\"@id\":\"https:\/\/www.institutodeengenharia.org.br\/site\/2020\/10\/23\/desafios-profissionais-e-a-importancia-de-uma-visao-sistemica-no-mercado-de-trabalho\/#primaryimage\"},\"thumbnailUrl\":\"https:\/\/www.institutodeengenharia.org.br\/site\/wp-content\/uploads\/2020\/11\/Desafios-profissionais-e-a-importancia-de-uma-visao-sistemica-no-mercado-de-trabalho.jpg\",\"datePublished\":\"2020-10-23T13:30:09+00:00\",\"dateModified\":\"2020-11-25T18:29:03+00:00\",\"breadcrumb\":{\"@id\":\"https:\/\/www.institutodeengenharia.org.br\/site\/2020\/10\/23\/desafios-profissionais-e-a-importancia-de-uma-visao-sistemica-no-mercado-de-trabalho\/#breadcrumb\"},\"inLanguage\":\"pt-BR\",\"potentialAction\":[{\"@type\":\"ReadAction\",\"target\":[\"https:\/\/www.institutodeengenharia.org.br\/site\/2020\/10\/23\/desafios-profissionais-e-a-importancia-de-uma-visao-sistemica-no-mercado-de-trabalho\/\"]}]},{\"@type\":\"ImageObject\",\"inLanguage\":\"pt-BR\",\"@id\":\"https:\/\/www.institutodeengenharia.org.br\/site\/2020\/10\/23\/desafios-profissionais-e-a-importancia-de-uma-visao-sistemica-no-mercado-de-trabalho\/#primaryimage\",\"url\":\"https:\/\/www.institutodeengenharia.org.br\/site\/wp-content\/uploads\/2020\/11\/Desafios-profissionais-e-a-importancia-de-uma-visao-sistemica-no-mercado-de-trabalho.jpg\",\"contentUrl\":\"https:\/\/www.institutodeengenharia.org.br\/site\/wp-content\/uploads\/2020\/11\/Desafios-profissionais-e-a-importancia-de-uma-visao-sistemica-no-mercado-de-trabalho.jpg\",\"width\":1035,\"height\":646},{\"@type\":\"BreadcrumbList\",\"@id\":\"https:\/\/www.institutodeengenharia.org.br\/site\/2020\/10\/23\/desafios-profissionais-e-a-importancia-de-uma-visao-sistemica-no-mercado-de-trabalho\/#breadcrumb\",\"itemListElement\":[{\"@type\":\"ListItem\",\"position\":1,\"name\":\"In\u00edcio\",\"item\":\"https:\/\/www.institutodeengenharia.org.br\/site\/\"},{\"@type\":\"ListItem\",\"position\":2,\"name\":\"Desafios profissionais e a import\u00e2ncia de uma vis\u00e3o sist\u00eamica no mercado de trabalho\"}]},{\"@type\":\"WebSite\",\"@id\":\"https:\/\/www.institutodeengenharia.org.br\/site\/#website\",\"url\":\"https:\/\/www.institutodeengenharia.org.br\/site\/\",\"name\":\"Instituto de Engenharia\",\"description\":\"O Instituto de Engenharia promove a Engenharia em benef\u00edcio do desenvolvimento e da qualidade de vida da sociedade.\",\"publisher\":{\"@id\":\"https:\/\/www.institutodeengenharia.org.br\/site\/#organization\"},\"potentialAction\":[{\"@type\":\"SearchAction\",\"target\":{\"@type\":\"EntryPoint\",\"urlTemplate\":\"https:\/\/www.institutodeengenharia.org.br\/site\/?s={search_term_string}\"},\"query-input\":{\"@type\":\"PropertyValueSpecification\",\"valueRequired\":true,\"valueName\":\"search_term_string\"}}],\"inLanguage\":\"pt-BR\"},{\"@type\":\"Organization\",\"@id\":\"https:\/\/www.institutodeengenharia.org.br\/site\/#organization\",\"name\":\"Instituto de Engenharia\",\"url\":\"https:\/\/www.institutodeengenharia.org.br\/site\/\",\"logo\":{\"@type\":\"ImageObject\",\"inLanguage\":\"pt-BR\",\"@id\":\"https:\/\/www.institutodeengenharia.org.br\/site\/#\/schema\/logo\/image\/\",\"url\":\"https:\/\/www.institutodeengenharia.org.br\/site\/wp-content\/uploads\/2019\/03\/logo-novo-IE2018-1.jpg\",\"contentUrl\":\"https:\/\/www.institutodeengenharia.org.br\/site\/wp-content\/uploads\/2019\/03\/logo-novo-IE2018-1.jpg\",\"width\":1486,\"height\":1879,\"caption\":\"Instituto de Engenharia\"},\"image\":{\"@id\":\"https:\/\/www.institutodeengenharia.org.br\/site\/#\/schema\/logo\/image\/\"},\"sameAs\":[\"https:\/\/www.facebook.com\/institutodeengenharia\",\"https:\/\/x.com\/iengenharia\",\"https:\/\/www.instagram.com\/institutodeengenharia\/\",\"https:\/\/www.linkedin.com\/company\/instituto-de-engenharia\/\",\"https:\/\/www.youtube.com\/channel\/UCXiCAlsSMe977vamW915HxA\"]},{\"@type\":\"Person\",\"@id\":\"https:\/\/www.institutodeengenharia.org.br\/site\/#\/schema\/person\/aeb64951c405e100d26d30b033dd423f\",\"name\":\"Bianca\",\"image\":{\"@type\":\"ImageObject\",\"inLanguage\":\"pt-BR\",\"@id\":\"https:\/\/secure.gravatar.com\/avatar\/a6fbe9bff57405baf4c1e2c5c1811e072b558253974a9f9508f4678900c97c2a?s=96&d=mm&r=g\",\"url\":\"https:\/\/secure.gravatar.com\/avatar\/a6fbe9bff57405baf4c1e2c5c1811e072b558253974a9f9508f4678900c97c2a?s=96&d=mm&r=g\",\"contentUrl\":\"https:\/\/secure.gravatar.com\/avatar\/a6fbe9bff57405baf4c1e2c5c1811e072b558253974a9f9508f4678900c97c2a?s=96&d=mm&r=g\",\"caption\":\"Bianca\"},\"url\":\"https:\/\/www.institutodeengenharia.org.br\/site\/author\/comunicacao1\/\"}]}<\/script>\n<!-- \/ Yoast SEO plugin. -->","yoast_head_json":{"title":"Desafios profissionais e a import\u00e2ncia de uma vis\u00e3o sist\u00eamica no mercado de trabalho - Instituto de Engenharia","robots":{"index":"index","follow":"follow","max-snippet":"max-snippet:-1","max-image-preview":"max-image-preview:large","max-video-preview":"max-video-preview:-1"},"canonical":"https:\/\/www.institutodeengenharia.org.br\/site\/2020\/10\/23\/desafios-profissionais-e-a-importancia-de-uma-visao-sistemica-no-mercado-de-trabalho\/","og_locale":"pt_BR","og_type":"article","og_title":"Desafios profissionais e a import\u00e2ncia de uma vis\u00e3o sist\u00eamica no mercado de trabalho - Instituto de Engenharia","og_description":"A palestra Desafios profissionais e a import\u00e2ncia de uma vis\u00e3o sist\u00eamica no mercado de trabalho faz parte da\u00a0S\u00e9rie Webinar: Falando em Engenheirar, uma realiza\u00e7\u00e3o do Instituto de Engenharia. Assista abaixo \u00e0 grava\u00e7\u00e3o: &nbsp; + Informa\u00e7\u00f5es: Palestrantes: Maria da Penha Pereira Nobre Graduada em Arquitetura e Urbanismo, especialista em Tr\u00e2nsito, Mobilidade e Seguran\u00e7a. Psicopedagoga Cl\u00ednica e [&hellip;]","og_url":"https:\/\/www.institutodeengenharia.org.br\/site\/2020\/10\/23\/desafios-profissionais-e-a-importancia-de-uma-visao-sistemica-no-mercado-de-trabalho\/","og_site_name":"Instituto de Engenharia","article_publisher":"https:\/\/www.facebook.com\/institutodeengenharia","article_published_time":"2020-10-23T13:30:09+00:00","article_modified_time":"2020-11-25T18:29:03+00:00","og_image":[{"width":1035,"height":646,"url":"https:\/\/www.institutodeengenharia.org.br\/site\/wp-content\/uploads\/2020\/11\/Desafios-profissionais-e-a-importancia-de-uma-visao-sistemica-no-mercado-de-trabalho.jpg","type":"image\/jpeg"}],"author":"Bianca","twitter_card":"summary_large_image","twitter_creator":"@iengenharia","twitter_site":"@iengenharia","twitter_misc":{"Escrito por":"Bianca","Est. tempo de leitura":"3 minutos"},"schema":{"@context":"https:\/\/schema.org","@graph":[{"@type":"Article","@id":"https:\/\/www.institutodeengenharia.org.br\/site\/2020\/10\/23\/desafios-profissionais-e-a-importancia-de-uma-visao-sistemica-no-mercado-de-trabalho\/#article","isPartOf":{"@id":"https:\/\/www.institutodeengenharia.org.br\/site\/2020\/10\/23\/desafios-profissionais-e-a-importancia-de-uma-visao-sistemica-no-mercado-de-trabalho\/"},"author":{"name":"Bianca","@id":"https:\/\/www.institutodeengenharia.org.br\/site\/#\/schema\/person\/aeb64951c405e100d26d30b033dd423f"},"headline":"Desafios profissionais e a import\u00e2ncia de uma vis\u00e3o sist\u00eamica no mercado de trabalho","datePublished":"2020-10-23T13:30:09+00:00","dateModified":"2020-11-25T18:29:03+00:00","mainEntityOfPage":{"@id":"https:\/\/www.institutodeengenharia.org.br\/site\/2020\/10\/23\/desafios-profissionais-e-a-importancia-de-uma-visao-sistemica-no-mercado-de-trabalho\/"},"wordCount":637,"commentCount":0,"publisher":{"@id":"https:\/\/www.institutodeengenharia.org.br\/site\/#organization"},"image":{"@id":"https:\/\/www.institutodeengenharia.org.br\/site\/2020\/10\/23\/desafios-profissionais-e-a-importancia-de-uma-visao-sistemica-no-mercado-de-trabalho\/#primaryimage"},"thumbnailUrl":"https:\/\/www.institutodeengenharia.org.br\/site\/wp-content\/uploads\/2020\/11\/Desafios-profissionais-e-a-importancia-de-uma-visao-sistemica-no-mercado-de-trabalho.jpg","articleSection":["Nova TV Engenharia","Palestra"],"inLanguage":"pt-BR","potentialAction":[{"@type":"CommentAction","name":"Comment","target":["https:\/\/www.institutodeengenharia.org.br\/site\/2020\/10\/23\/desafios-profissionais-e-a-importancia-de-uma-visao-sistemica-no-mercado-de-trabalho\/#respond"]}]},{"@type":"WebPage","@id":"https:\/\/www.institutodeengenharia.org.br\/site\/2020\/10\/23\/desafios-profissionais-e-a-importancia-de-uma-visao-sistemica-no-mercado-de-trabalho\/","url":"https:\/\/www.institutodeengenharia.org.br\/site\/2020\/10\/23\/desafios-profissionais-e-a-importancia-de-uma-visao-sistemica-no-mercado-de-trabalho\/","name":"Desafios profissionais e a import\u00e2ncia de uma vis\u00e3o sist\u00eamica no mercado de trabalho - Instituto de Engenharia","isPartOf":{"@id":"https:\/\/www.institutodeengenharia.org.br\/site\/#website"},"primaryImageOfPage":{"@id":"https:\/\/www.institutodeengenharia.org.br\/site\/2020\/10\/23\/desafios-profissionais-e-a-importancia-de-uma-visao-sistemica-no-mercado-de-trabalho\/#primaryimage"},"image":{"@id":"https:\/\/www.institutodeengenharia.org.br\/site\/2020\/10\/23\/desafios-profissionais-e-a-importancia-de-uma-visao-sistemica-no-mercado-de-trabalho\/#primaryimage"},"thumbnailUrl":"https:\/\/www.institutodeengenharia.org.br\/site\/wp-content\/uploads\/2020\/11\/Desafios-profissionais-e-a-importancia-de-uma-visao-sistemica-no-mercado-de-trabalho.jpg","datePublished":"2020-10-23T13:30:09+00:00","dateModified":"2020-11-25T18:29:03+00:00","breadcrumb":{"@id":"https:\/\/www.institutodeengenharia.org.br\/site\/2020\/10\/23\/desafios-profissionais-e-a-importancia-de-uma-visao-sistemica-no-mercado-de-trabalho\/#breadcrumb"},"inLanguage":"pt-BR","potentialAction":[{"@type":"ReadAction","target":["https:\/\/www.institutodeengenharia.org.br\/site\/2020\/10\/23\/desafios-profissionais-e-a-importancia-de-uma-visao-sistemica-no-mercado-de-trabalho\/"]}]},{"@type":"ImageObject","inLanguage":"pt-BR","@id":"https:\/\/www.institutodeengenharia.org.br\/site\/2020\/10\/23\/desafios-profissionais-e-a-importancia-de-uma-visao-sistemica-no-mercado-de-trabalho\/#primaryimage","url":"https:\/\/www.institutodeengenharia.org.br\/site\/wp-content\/uploads\/2020\/11\/Desafios-profissionais-e-a-importancia-de-uma-visao-sistemica-no-mercado-de-trabalho.jpg","contentUrl":"https:\/\/www.institutodeengenharia.org.br\/site\/wp-content\/uploads\/2020\/11\/Desafios-profissionais-e-a-importancia-de-uma-visao-sistemica-no-mercado-de-trabalho.jpg","width":1035,"height":646},{"@type":"BreadcrumbList","@id":"https:\/\/www.institutodeengenharia.org.br\/site\/2020\/10\/23\/desafios-profissionais-e-a-importancia-de-uma-visao-sistemica-no-mercado-de-trabalho\/#breadcrumb","itemListElement":[{"@type":"ListItem","position":1,"name":"In\u00edcio","item":"https:\/\/www.institutodeengenharia.org.br\/site\/"},{"@type":"ListItem","position":2,"name":"Desafios profissionais e a import\u00e2ncia de uma vis\u00e3o sist\u00eamica no mercado de trabalho"}]},{"@type":"WebSite","@id":"https:\/\/www.institutodeengenharia.org.br\/site\/#website","url":"https:\/\/www.institutodeengenharia.org.br\/site\/","name":"Instituto de Engenharia","description":"O Instituto de Engenharia promove a Engenharia em benef\u00edcio do desenvolvimento e da qualidade de vida da sociedade.","publisher":{"@id":"https:\/\/www.institutodeengenharia.org.br\/site\/#organization"},"potentialAction":[{"@type":"SearchAction","target":{"@type":"EntryPoint","urlTemplate":"https:\/\/www.institutodeengenharia.org.br\/site\/?s={search_term_string}"},"query-input":{"@type":"PropertyValueSpecification","valueRequired":true,"valueName":"search_term_string"}}],"inLanguage":"pt-BR"},{"@type":"Organization","@id":"https:\/\/www.institutodeengenharia.org.br\/site\/#organization","name":"Instituto de Engenharia","url":"https:\/\/www.institutodeengenharia.org.br\/site\/","logo":{"@type":"ImageObject","inLanguage":"pt-BR","@id":"https:\/\/www.institutodeengenharia.org.br\/site\/#\/schema\/logo\/image\/","url":"https:\/\/www.institutodeengenharia.org.br\/site\/wp-content\/uploads\/2019\/03\/logo-novo-IE2018-1.jpg","contentUrl":"https:\/\/www.institutodeengenharia.org.br\/site\/wp-content\/uploads\/2019\/03\/logo-novo-IE2018-1.jpg","width":1486,"height":1879,"caption":"Instituto de Engenharia"},"image":{"@id":"https:\/\/www.institutodeengenharia.org.br\/site\/#\/schema\/logo\/image\/"},"sameAs":["https:\/\/www.facebook.com\/institutodeengenharia","https:\/\/x.com\/iengenharia","https:\/\/www.instagram.com\/institutodeengenharia\/","https:\/\/www.linkedin.com\/company\/instituto-de-engenharia\/","https:\/\/www.youtube.com\/channel\/UCXiCAlsSMe977vamW915HxA"]},{"@type":"Person","@id":"https:\/\/www.institutodeengenharia.org.br\/site\/#\/schema\/person\/aeb64951c405e100d26d30b033dd423f","name":"Bianca","image":{"@type":"ImageObject","inLanguage":"pt-BR","@id":"https:\/\/secure.gravatar.com\/avatar\/a6fbe9bff57405baf4c1e2c5c1811e072b558253974a9f9508f4678900c97c2a?s=96&d=mm&r=g","url":"https:\/\/secure.gravatar.com\/avatar\/a6fbe9bff57405baf4c1e2c5c1811e072b558253974a9f9508f4678900c97c2a?s=96&d=mm&r=g","contentUrl":"https:\/\/secure.gravatar.com\/avatar\/a6fbe9bff57405baf4c1e2c5c1811e072b558253974a9f9508f4678900c97c2a?s=96&d=mm&r=g","caption":"Bianca"},"url":"https:\/\/www.institutodeengenharia.org.br\/site\/author\/comunicacao1\/"}]}},"_links":{"self":[{"href":"https:\/\/www.institutodeengenharia.org.br\/site\/wp-json\/wp\/v2\/posts\/73166","targetHints":{"allow":["GET"]}}],"collection":[{"href":"https:\/\/www.institutodeengenharia.org.br\/site\/wp-json\/wp\/v2\/posts"}],"about":[{"href":"https:\/\/www.institutodeengenharia.org.br\/site\/wp-json\/wp\/v2\/types\/post"}],"author":[{"embeddable":true,"href":"https:\/\/www.institutodeengenharia.org.br\/site\/wp-json\/wp\/v2\/users\/13"}],"replies":[{"embeddable":true,"href":"https:\/\/www.institutodeengenharia.org.br\/site\/wp-json\/wp\/v2\/comments?post=73166"}],"version-history":[{"count":1,"href":"https:\/\/www.institutodeengenharia.org.br\/site\/wp-json\/wp\/v2\/posts\/73166\/revisions"}],"predecessor-version":[{"id":73168,"href":"https:\/\/www.institutodeengenharia.org.br\/site\/wp-json\/wp\/v2\/posts\/73166\/revisions\/73168"}],"wp:featuredmedia":[{"embeddable":true,"href":"https:\/\/www.institutodeengenharia.org.br\/site\/wp-json\/wp\/v2\/media\/73167"}],"wp:attachment":[{"href":"https:\/\/www.institutodeengenharia.org.br\/site\/wp-json\/wp\/v2\/media?parent=73166"}],"wp:term":[{"taxonomy":"category","embeddable":true,"href":"https:\/\/www.institutodeengenharia.org.br\/site\/wp-json\/wp\/v2\/categories?post=73166"},{"taxonomy":"post_tag","embeddable":true,"href":"https:\/\/www.institutodeengenharia.org.br\/site\/wp-json\/wp\/v2\/tags?post=73166"}],"curies":[{"name":"wp","href":"https:\/\/api.w.org\/{rel}","templated":true}]}}