{"id":72834,"date":"2020-10-09T10:00:35","date_gmt":"2020-10-09T13:00:35","guid":{"rendered":"https:\/\/www.institutodeengenharia.org.br\/site\/?p=72834"},"modified":"2020-11-11T14:51:29","modified_gmt":"2020-11-11T17:51:29","slug":"desmitificando-queimadas-e-incendios-nos-cenarios-ambientais-e-agricolas","status":"publish","type":"post","link":"https:\/\/www.institutodeengenharia.org.br\/site\/2020\/10\/09\/desmitificando-queimadas-e-incendios-nos-cenarios-ambientais-e-agricolas\/","title":{"rendered":"Desmitificando queimadas e inc\u00eandios nos cen\u00e1rios ambientais e agr\u00edcolas"},"content":{"rendered":"<p>A palestra<strong> Desmitificando queimadas e inc\u00eandios nos cen\u00e1rios ambientais e agr\u00edcolas <\/strong>faz parte da\u00a0<em>S\u00e9rie Webinar: Falando em Engenheirar<\/em>, uma realiza\u00e7\u00e3o do Instituto de Engenharia.<\/p>\n<p><strong>Assista abaixo \u00e0 grava\u00e7\u00e3o:<\/strong><\/p>\n<p><iframe loading=\"lazy\" src=\"https:\/\/player.vimeo.com\/video\/478029591\" width=\"640\" height=\"360\" frameborder=\"0\" allowfullscreen=\"allowfullscreen\"><\/iframe><br \/>\n&nbsp;<\/p>\n<p><strong>+ Informa\u00e7\u00f5es:<\/strong><\/p>\n<p><strong>Palestrantes:<\/strong><\/p>\n<p><img loading=\"lazy\" decoding=\"async\" class=\"alignnone wp-image-71426\" src=\"https:\/\/www.institutodeengenharia.org.br\/site\/wp-content\/uploads\/2020\/10\/Roberto-Rodrigues.jpg\" alt=\"\" width=\"137\" height=\"148\" srcset=\"https:\/\/www.institutodeengenharia.org.br\/site\/wp-content\/uploads\/2020\/10\/Roberto-Rodrigues.jpg 286w, https:\/\/www.institutodeengenharia.org.br\/site\/wp-content\/uploads\/2020\/10\/Roberto-Rodrigues-278x300.jpg 278w\" sizes=\"auto, (max-width: 137px) 100vw, 137px\" \/><\/p>\n<p><strong>Roberto Rodrigues<\/strong><\/p>\n<p>Graduado em Engenharia Agr\u00f4noma, agricultor, coordenador do Centro de Agroneg\u00f3cio na Escola de Economia de S\u00e3o Paulo da Funda\u00e7\u00e3o Get\u00falio Vargas (EESP\/FGV) e embaixador Especial da FAO para as Cooperativas. Atua em conselhos empresariais, institucionais e acad\u00eamicos. Foi professor do Departamento de Economia Rural da UNESP &#8211; Jaboticabal. Primeiro Titular da C\u00e1tedra de Agroneg\u00f3cios da ESALQ\/USP. Foi presidente do LIDE Agroneg\u00f3cios, do Conselho Superior do Agroneg\u00f3cio da FIESP &#8211; COSAG, da Organiza\u00e7\u00e3o das Cooperativas Brasileiras &#8211; OCB, da Sociedade Rural Brasileira &#8211; SRB, da Associa\u00e7\u00e3o Brasileira do Agroneg\u00f3cio &#8211; ABAG, da Academia Nacional de Agricultura da SNA e da Alian\u00e7a Cooperativa Internacional &#8211; ACI. Foi secret\u00e1rio de Agricultura do Estado de S\u00e3o Paulo e ministro da Agricultura, Pecu\u00e1ria e Abastecimento. Eminente Engenheiro do Ano em 2018 do Instituto de Engenharia.<\/p>\n<p><img loading=\"lazy\" decoding=\"async\" class=\"alignnone wp-image-68816\" src=\"https:\/\/www.institutodeengenharia.org.br\/site\/wp-content\/uploads\/2020\/07\/D\u00e9cio-Luiz-Gazzoni.jpg\" alt=\"\" width=\"128\" height=\"147\" \/><\/p>\n<p><strong>Prof. D\u00e9cio Luiz Gazzoni<\/strong><\/p>\n<p>Engenheiro Agr\u00f4nomo formado pela UFRGS, atualmente pesquisador da Embrapa, da qual foi chefe de Unidades e diretor T\u00e9cnico (Bras\u00edlia). Foi assessor da Secretaria de Assuntos Estrat\u00e9gicos da Presid\u00eancia da Rep\u00fablica e consultor internacional do BID, BIRD e FAO. Publicou 271 artigos em peri\u00f3dicos especializados, 128 em anais de eventos, 1.602 em revistas e jornais, 15 cap\u00edtulos de livros e sete livros. Organizou tr\u00eas Congressos Internacionais e orientou 134 estudantes tendo participado de 203 eventos cient\u00edficos nacionais e internacionais. Recebeu o Pr\u00eamio Frederico Menezes Veiga, a honraria mais graduada concedida a cientistas agr\u00edcolas no Brasil.<\/p>\n<p><strong>Moderador:<\/strong><\/p>\n<p><img loading=\"lazy\" decoding=\"async\" class=\"alignnone wp-image-71427\" src=\"https:\/\/www.institutodeengenharia.org.br\/site\/wp-content\/uploads\/2020\/10\/Cap.-Danilo-Augusto-Passaretti.jpg\" alt=\"\" width=\"127\" height=\"167\" \/><\/p>\n<p><strong>Cap. Danilo Augusto Passaretti<\/strong><\/p>\n<p>Bacharel em Ci\u00eancias Policiais de Seguran\u00e7a e Ordem P\u00fablica pela Academia de Pol\u00edcia Militar do Barro Branco, possui 14 anos de carreira policial militar, com mais de uma d\u00e9cada servindo no Corpo de Bombeiros do Estado de S\u00e3o Paulo. Atualmente \u00e9 Capit\u00e3o Chefe da cadeira do Laborat\u00f3rio de Inc\u00eandio da Escola Superior de Bombeiros do Estado de S\u00e3o Paulo.<\/p>\n","protected":false},"excerpt":{"rendered":"<p>A palestra Desmitificando queimadas e inc\u00eandios nos cen\u00e1rios ambientais e agr\u00edcolas faz parte da\u00a0S\u00e9rie Webinar: Falando em Engenheirar, uma realiza\u00e7\u00e3o do Instituto de Engenharia. Assista abaixo \u00e0 grava\u00e7\u00e3o: &nbsp; + Informa\u00e7\u00f5es: Palestrantes: Roberto Rodrigues Graduado em Engenharia Agr\u00f4noma, agricultor, coordenador do Centro de Agroneg\u00f3cio na Escola de Economia de S\u00e3o Paulo da Funda\u00e7\u00e3o Get\u00falio Vargas [&hellip;]<\/p>\n","protected":false},"author":13,"featured_media":71494,"comment_status":"open","ping_status":"open","sticky":false,"template":"","format":"standard","meta":{"footnotes":""},"categories":[968,969],"tags":[],"class_list":{"0":"post-72834","1":"post","2":"type-post","3":"status-publish","4":"format-standard","5":"has-post-thumbnail","7":"category-nova-tv-engenharia","8":"category-palestra"},"yoast_head":"<!-- This site is optimized with the Yoast SEO plugin v27.2 - https:\/\/yoast.com\/product\/yoast-seo-wordpress\/ -->\n<title>Desmitificando queimadas e inc\u00eandios nos cen\u00e1rios ambientais e agr\u00edcolas - Instituto de Engenharia<\/title>\n<meta name=\"robots\" content=\"index, follow, max-snippet:-1, max-image-preview:large, max-video-preview:-1\" \/>\n<link rel=\"canonical\" href=\"https:\/\/www.institutodeengenharia.org.br\/site\/2020\/10\/09\/desmitificando-queimadas-e-incendios-nos-cenarios-ambientais-e-agricolas\/\" \/>\n<meta property=\"og:locale\" content=\"pt_BR\" \/>\n<meta property=\"og:type\" content=\"article\" \/>\n<meta property=\"og:title\" content=\"Desmitificando queimadas e inc\u00eandios nos cen\u00e1rios ambientais e agr\u00edcolas - Instituto de Engenharia\" \/>\n<meta property=\"og:description\" content=\"A palestra Desmitificando queimadas e inc\u00eandios nos cen\u00e1rios ambientais e agr\u00edcolas faz parte da\u00a0S\u00e9rie Webinar: Falando em Engenheirar, uma realiza\u00e7\u00e3o do Instituto de Engenharia. Assista abaixo \u00e0 grava\u00e7\u00e3o: &nbsp; + Informa\u00e7\u00f5es: Palestrantes: Roberto Rodrigues Graduado em Engenharia Agr\u00f4noma, agricultor, coordenador do Centro de Agroneg\u00f3cio na Escola de Economia de S\u00e3o Paulo da Funda\u00e7\u00e3o Get\u00falio Vargas [&hellip;]\" \/>\n<meta property=\"og:url\" content=\"https:\/\/www.institutodeengenharia.org.br\/site\/2020\/10\/09\/desmitificando-queimadas-e-incendios-nos-cenarios-ambientais-e-agricolas\/\" \/>\n<meta property=\"og:site_name\" content=\"Instituto de Engenharia\" \/>\n<meta property=\"article:publisher\" content=\"https:\/\/www.facebook.com\/institutodeengenharia\" \/>\n<meta property=\"article:published_time\" content=\"2020-10-09T13:00:35+00:00\" \/>\n<meta property=\"article:modified_time\" content=\"2020-11-11T17:51:29+00:00\" \/>\n<meta property=\"og:image\" content=\"https:\/\/www.institutodeengenharia.org.br\/site\/wp-content\/uploads\/2020\/10\/auriane-50.jpg\" \/>\n\t<meta property=\"og:image:width\" content=\"800\" \/>\n\t<meta property=\"og:image:height\" content=\"533\" \/>\n\t<meta property=\"og:image:type\" content=\"image\/jpeg\" \/>\n<meta name=\"author\" content=\"Bianca\" \/>\n<meta name=\"twitter:card\" content=\"summary_large_image\" \/>\n<meta name=\"twitter:creator\" content=\"@iengenharia\" \/>\n<meta name=\"twitter:site\" content=\"@iengenharia\" \/>\n<meta name=\"twitter:label1\" content=\"Escrito por\" \/>\n\t<meta name=\"twitter:data1\" content=\"Bianca\" \/>\n\t<meta name=\"twitter:label2\" content=\"Est. tempo de leitura\" \/>\n\t<meta name=\"twitter:data2\" content=\"2 minutos\" \/>\n<script type=\"application\/ld+json\" class=\"yoast-schema-graph\">{\"@context\":\"https:\/\/schema.org\",\"@graph\":[{\"@type\":\"Article\",\"@id\":\"https:\/\/www.institutodeengenharia.org.br\/site\/2020\/10\/09\/desmitificando-queimadas-e-incendios-nos-cenarios-ambientais-e-agricolas\/#article\",\"isPartOf\":{\"@id\":\"https:\/\/www.institutodeengenharia.org.br\/site\/2020\/10\/09\/desmitificando-queimadas-e-incendios-nos-cenarios-ambientais-e-agricolas\/\"},\"author\":{\"name\":\"Bianca\",\"@id\":\"https:\/\/www.institutodeengenharia.org.br\/site\/#\/schema\/person\/aeb64951c405e100d26d30b033dd423f\"},\"headline\":\"Desmitificando queimadas e inc\u00eandios nos cen\u00e1rios ambientais e agr\u00edcolas\",\"datePublished\":\"2020-10-09T13:00:35+00:00\",\"dateModified\":\"2020-11-11T17:51:29+00:00\",\"mainEntityOfPage\":{\"@id\":\"https:\/\/www.institutodeengenharia.org.br\/site\/2020\/10\/09\/desmitificando-queimadas-e-incendios-nos-cenarios-ambientais-e-agricolas\/\"},\"wordCount\":377,\"commentCount\":0,\"publisher\":{\"@id\":\"https:\/\/www.institutodeengenharia.org.br\/site\/#organization\"},\"image\":{\"@id\":\"https:\/\/www.institutodeengenharia.org.br\/site\/2020\/10\/09\/desmitificando-queimadas-e-incendios-nos-cenarios-ambientais-e-agricolas\/#primaryimage\"},\"thumbnailUrl\":\"https:\/\/www.institutodeengenharia.org.br\/site\/wp-content\/uploads\/2020\/10\/auriane-50.jpg\",\"articleSection\":[\"Nova TV Engenharia\",\"Palestra\"],\"inLanguage\":\"pt-BR\",\"potentialAction\":[{\"@type\":\"CommentAction\",\"name\":\"Comment\",\"target\":[\"https:\/\/www.institutodeengenharia.org.br\/site\/2020\/10\/09\/desmitificando-queimadas-e-incendios-nos-cenarios-ambientais-e-agricolas\/#respond\"]}]},{\"@type\":\"WebPage\",\"@id\":\"https:\/\/www.institutodeengenharia.org.br\/site\/2020\/10\/09\/desmitificando-queimadas-e-incendios-nos-cenarios-ambientais-e-agricolas\/\",\"url\":\"https:\/\/www.institutodeengenharia.org.br\/site\/2020\/10\/09\/desmitificando-queimadas-e-incendios-nos-cenarios-ambientais-e-agricolas\/\",\"name\":\"Desmitificando queimadas e inc\u00eandios nos cen\u00e1rios ambientais e agr\u00edcolas - Instituto de Engenharia\",\"isPartOf\":{\"@id\":\"https:\/\/www.institutodeengenharia.org.br\/site\/#website\"},\"primaryImageOfPage\":{\"@id\":\"https:\/\/www.institutodeengenharia.org.br\/site\/2020\/10\/09\/desmitificando-queimadas-e-incendios-nos-cenarios-ambientais-e-agricolas\/#primaryimage\"},\"image\":{\"@id\":\"https:\/\/www.institutodeengenharia.org.br\/site\/2020\/10\/09\/desmitificando-queimadas-e-incendios-nos-cenarios-ambientais-e-agricolas\/#primaryimage\"},\"thumbnailUrl\":\"https:\/\/www.institutodeengenharia.org.br\/site\/wp-content\/uploads\/2020\/10\/auriane-50.jpg\",\"datePublished\":\"2020-10-09T13:00:35+00:00\",\"dateModified\":\"2020-11-11T17:51:29+00:00\",\"breadcrumb\":{\"@id\":\"https:\/\/www.institutodeengenharia.org.br\/site\/2020\/10\/09\/desmitificando-queimadas-e-incendios-nos-cenarios-ambientais-e-agricolas\/#breadcrumb\"},\"inLanguage\":\"pt-BR\",\"potentialAction\":[{\"@type\":\"ReadAction\",\"target\":[\"https:\/\/www.institutodeengenharia.org.br\/site\/2020\/10\/09\/desmitificando-queimadas-e-incendios-nos-cenarios-ambientais-e-agricolas\/\"]}]},{\"@type\":\"ImageObject\",\"inLanguage\":\"pt-BR\",\"@id\":\"https:\/\/www.institutodeengenharia.org.br\/site\/2020\/10\/09\/desmitificando-queimadas-e-incendios-nos-cenarios-ambientais-e-agricolas\/#primaryimage\",\"url\":\"https:\/\/www.institutodeengenharia.org.br\/site\/wp-content\/uploads\/2020\/10\/auriane-50.jpg\",\"contentUrl\":\"https:\/\/www.institutodeengenharia.org.br\/site\/wp-content\/uploads\/2020\/10\/auriane-50.jpg\",\"width\":800,\"height\":533},{\"@type\":\"BreadcrumbList\",\"@id\":\"https:\/\/www.institutodeengenharia.org.br\/site\/2020\/10\/09\/desmitificando-queimadas-e-incendios-nos-cenarios-ambientais-e-agricolas\/#breadcrumb\",\"itemListElement\":[{\"@type\":\"ListItem\",\"position\":1,\"name\":\"In\u00edcio\",\"item\":\"https:\/\/www.institutodeengenharia.org.br\/site\/\"},{\"@type\":\"ListItem\",\"position\":2,\"name\":\"Desmitificando queimadas e inc\u00eandios nos cen\u00e1rios ambientais e agr\u00edcolas\"}]},{\"@type\":\"WebSite\",\"@id\":\"https:\/\/www.institutodeengenharia.org.br\/site\/#website\",\"url\":\"https:\/\/www.institutodeengenharia.org.br\/site\/\",\"name\":\"Instituto de Engenharia\",\"description\":\"O Instituto de Engenharia promove a Engenharia em benef\u00edcio do desenvolvimento e da qualidade de vida da sociedade.\",\"publisher\":{\"@id\":\"https:\/\/www.institutodeengenharia.org.br\/site\/#organization\"},\"potentialAction\":[{\"@type\":\"SearchAction\",\"target\":{\"@type\":\"EntryPoint\",\"urlTemplate\":\"https:\/\/www.institutodeengenharia.org.br\/site\/?s={search_term_string}\"},\"query-input\":{\"@type\":\"PropertyValueSpecification\",\"valueRequired\":true,\"valueName\":\"search_term_string\"}}],\"inLanguage\":\"pt-BR\"},{\"@type\":\"Organization\",\"@id\":\"https:\/\/www.institutodeengenharia.org.br\/site\/#organization\",\"name\":\"Instituto de Engenharia\",\"url\":\"https:\/\/www.institutodeengenharia.org.br\/site\/\",\"logo\":{\"@type\":\"ImageObject\",\"inLanguage\":\"pt-BR\",\"@id\":\"https:\/\/www.institutodeengenharia.org.br\/site\/#\/schema\/logo\/image\/\",\"url\":\"https:\/\/www.institutodeengenharia.org.br\/site\/wp-content\/uploads\/2019\/03\/logo-novo-IE2018-1.jpg\",\"contentUrl\":\"https:\/\/www.institutodeengenharia.org.br\/site\/wp-content\/uploads\/2019\/03\/logo-novo-IE2018-1.jpg\",\"width\":1486,\"height\":1879,\"caption\":\"Instituto de Engenharia\"},\"image\":{\"@id\":\"https:\/\/www.institutodeengenharia.org.br\/site\/#\/schema\/logo\/image\/\"},\"sameAs\":[\"https:\/\/www.facebook.com\/institutodeengenharia\",\"https:\/\/x.com\/iengenharia\",\"https:\/\/www.instagram.com\/institutodeengenharia\/\",\"https:\/\/www.linkedin.com\/company\/instituto-de-engenharia\/\",\"https:\/\/www.youtube.com\/channel\/UCXiCAlsSMe977vamW915HxA\"]},{\"@type\":\"Person\",\"@id\":\"https:\/\/www.institutodeengenharia.org.br\/site\/#\/schema\/person\/aeb64951c405e100d26d30b033dd423f\",\"name\":\"Bianca\",\"image\":{\"@type\":\"ImageObject\",\"inLanguage\":\"pt-BR\",\"@id\":\"https:\/\/secure.gravatar.com\/avatar\/a6fbe9bff57405baf4c1e2c5c1811e072b558253974a9f9508f4678900c97c2a?s=96&d=mm&r=g\",\"url\":\"https:\/\/secure.gravatar.com\/avatar\/a6fbe9bff57405baf4c1e2c5c1811e072b558253974a9f9508f4678900c97c2a?s=96&d=mm&r=g\",\"contentUrl\":\"https:\/\/secure.gravatar.com\/avatar\/a6fbe9bff57405baf4c1e2c5c1811e072b558253974a9f9508f4678900c97c2a?s=96&d=mm&r=g\",\"caption\":\"Bianca\"},\"url\":\"https:\/\/www.institutodeengenharia.org.br\/site\/author\/comunicacao1\/\"}]}<\/script>\n<!-- \/ Yoast SEO plugin. -->","yoast_head_json":{"title":"Desmitificando queimadas e inc\u00eandios nos cen\u00e1rios ambientais e agr\u00edcolas - Instituto de Engenharia","robots":{"index":"index","follow":"follow","max-snippet":"max-snippet:-1","max-image-preview":"max-image-preview:large","max-video-preview":"max-video-preview:-1"},"canonical":"https:\/\/www.institutodeengenharia.org.br\/site\/2020\/10\/09\/desmitificando-queimadas-e-incendios-nos-cenarios-ambientais-e-agricolas\/","og_locale":"pt_BR","og_type":"article","og_title":"Desmitificando queimadas e inc\u00eandios nos cen\u00e1rios ambientais e agr\u00edcolas - Instituto de Engenharia","og_description":"A palestra Desmitificando queimadas e inc\u00eandios nos cen\u00e1rios ambientais e agr\u00edcolas faz parte da\u00a0S\u00e9rie Webinar: Falando em Engenheirar, uma realiza\u00e7\u00e3o do Instituto de Engenharia. Assista abaixo \u00e0 grava\u00e7\u00e3o: &nbsp; + Informa\u00e7\u00f5es: Palestrantes: Roberto Rodrigues Graduado em Engenharia Agr\u00f4noma, agricultor, coordenador do Centro de Agroneg\u00f3cio na Escola de Economia de S\u00e3o Paulo da Funda\u00e7\u00e3o Get\u00falio Vargas [&hellip;]","og_url":"https:\/\/www.institutodeengenharia.org.br\/site\/2020\/10\/09\/desmitificando-queimadas-e-incendios-nos-cenarios-ambientais-e-agricolas\/","og_site_name":"Instituto de Engenharia","article_publisher":"https:\/\/www.facebook.com\/institutodeengenharia","article_published_time":"2020-10-09T13:00:35+00:00","article_modified_time":"2020-11-11T17:51:29+00:00","og_image":[{"width":800,"height":533,"url":"https:\/\/www.institutodeengenharia.org.br\/site\/wp-content\/uploads\/2020\/10\/auriane-50.jpg","type":"image\/jpeg"}],"author":"Bianca","twitter_card":"summary_large_image","twitter_creator":"@iengenharia","twitter_site":"@iengenharia","twitter_misc":{"Escrito por":"Bianca","Est. tempo de leitura":"2 minutos"},"schema":{"@context":"https:\/\/schema.org","@graph":[{"@type":"Article","@id":"https:\/\/www.institutodeengenharia.org.br\/site\/2020\/10\/09\/desmitificando-queimadas-e-incendios-nos-cenarios-ambientais-e-agricolas\/#article","isPartOf":{"@id":"https:\/\/www.institutodeengenharia.org.br\/site\/2020\/10\/09\/desmitificando-queimadas-e-incendios-nos-cenarios-ambientais-e-agricolas\/"},"author":{"name":"Bianca","@id":"https:\/\/www.institutodeengenharia.org.br\/site\/#\/schema\/person\/aeb64951c405e100d26d30b033dd423f"},"headline":"Desmitificando queimadas e inc\u00eandios nos cen\u00e1rios ambientais e agr\u00edcolas","datePublished":"2020-10-09T13:00:35+00:00","dateModified":"2020-11-11T17:51:29+00:00","mainEntityOfPage":{"@id":"https:\/\/www.institutodeengenharia.org.br\/site\/2020\/10\/09\/desmitificando-queimadas-e-incendios-nos-cenarios-ambientais-e-agricolas\/"},"wordCount":377,"commentCount":0,"publisher":{"@id":"https:\/\/www.institutodeengenharia.org.br\/site\/#organization"},"image":{"@id":"https:\/\/www.institutodeengenharia.org.br\/site\/2020\/10\/09\/desmitificando-queimadas-e-incendios-nos-cenarios-ambientais-e-agricolas\/#primaryimage"},"thumbnailUrl":"https:\/\/www.institutodeengenharia.org.br\/site\/wp-content\/uploads\/2020\/10\/auriane-50.jpg","articleSection":["Nova TV Engenharia","Palestra"],"inLanguage":"pt-BR","potentialAction":[{"@type":"CommentAction","name":"Comment","target":["https:\/\/www.institutodeengenharia.org.br\/site\/2020\/10\/09\/desmitificando-queimadas-e-incendios-nos-cenarios-ambientais-e-agricolas\/#respond"]}]},{"@type":"WebPage","@id":"https:\/\/www.institutodeengenharia.org.br\/site\/2020\/10\/09\/desmitificando-queimadas-e-incendios-nos-cenarios-ambientais-e-agricolas\/","url":"https:\/\/www.institutodeengenharia.org.br\/site\/2020\/10\/09\/desmitificando-queimadas-e-incendios-nos-cenarios-ambientais-e-agricolas\/","name":"Desmitificando queimadas e inc\u00eandios nos cen\u00e1rios ambientais e agr\u00edcolas - Instituto de Engenharia","isPartOf":{"@id":"https:\/\/www.institutodeengenharia.org.br\/site\/#website"},"primaryImageOfPage":{"@id":"https:\/\/www.institutodeengenharia.org.br\/site\/2020\/10\/09\/desmitificando-queimadas-e-incendios-nos-cenarios-ambientais-e-agricolas\/#primaryimage"},"image":{"@id":"https:\/\/www.institutodeengenharia.org.br\/site\/2020\/10\/09\/desmitificando-queimadas-e-incendios-nos-cenarios-ambientais-e-agricolas\/#primaryimage"},"thumbnailUrl":"https:\/\/www.institutodeengenharia.org.br\/site\/wp-content\/uploads\/2020\/10\/auriane-50.jpg","datePublished":"2020-10-09T13:00:35+00:00","dateModified":"2020-11-11T17:51:29+00:00","breadcrumb":{"@id":"https:\/\/www.institutodeengenharia.org.br\/site\/2020\/10\/09\/desmitificando-queimadas-e-incendios-nos-cenarios-ambientais-e-agricolas\/#breadcrumb"},"inLanguage":"pt-BR","potentialAction":[{"@type":"ReadAction","target":["https:\/\/www.institutodeengenharia.org.br\/site\/2020\/10\/09\/desmitificando-queimadas-e-incendios-nos-cenarios-ambientais-e-agricolas\/"]}]},{"@type":"ImageObject","inLanguage":"pt-BR","@id":"https:\/\/www.institutodeengenharia.org.br\/site\/2020\/10\/09\/desmitificando-queimadas-e-incendios-nos-cenarios-ambientais-e-agricolas\/#primaryimage","url":"https:\/\/www.institutodeengenharia.org.br\/site\/wp-content\/uploads\/2020\/10\/auriane-50.jpg","contentUrl":"https:\/\/www.institutodeengenharia.org.br\/site\/wp-content\/uploads\/2020\/10\/auriane-50.jpg","width":800,"height":533},{"@type":"BreadcrumbList","@id":"https:\/\/www.institutodeengenharia.org.br\/site\/2020\/10\/09\/desmitificando-queimadas-e-incendios-nos-cenarios-ambientais-e-agricolas\/#breadcrumb","itemListElement":[{"@type":"ListItem","position":1,"name":"In\u00edcio","item":"https:\/\/www.institutodeengenharia.org.br\/site\/"},{"@type":"ListItem","position":2,"name":"Desmitificando queimadas e inc\u00eandios nos cen\u00e1rios ambientais e agr\u00edcolas"}]},{"@type":"WebSite","@id":"https:\/\/www.institutodeengenharia.org.br\/site\/#website","url":"https:\/\/www.institutodeengenharia.org.br\/site\/","name":"Instituto de Engenharia","description":"O Instituto de Engenharia promove a Engenharia em benef\u00edcio do desenvolvimento e da qualidade de vida da sociedade.","publisher":{"@id":"https:\/\/www.institutodeengenharia.org.br\/site\/#organization"},"potentialAction":[{"@type":"SearchAction","target":{"@type":"EntryPoint","urlTemplate":"https:\/\/www.institutodeengenharia.org.br\/site\/?s={search_term_string}"},"query-input":{"@type":"PropertyValueSpecification","valueRequired":true,"valueName":"search_term_string"}}],"inLanguage":"pt-BR"},{"@type":"Organization","@id":"https:\/\/www.institutodeengenharia.org.br\/site\/#organization","name":"Instituto de Engenharia","url":"https:\/\/www.institutodeengenharia.org.br\/site\/","logo":{"@type":"ImageObject","inLanguage":"pt-BR","@id":"https:\/\/www.institutodeengenharia.org.br\/site\/#\/schema\/logo\/image\/","url":"https:\/\/www.institutodeengenharia.org.br\/site\/wp-content\/uploads\/2019\/03\/logo-novo-IE2018-1.jpg","contentUrl":"https:\/\/www.institutodeengenharia.org.br\/site\/wp-content\/uploads\/2019\/03\/logo-novo-IE2018-1.jpg","width":1486,"height":1879,"caption":"Instituto de Engenharia"},"image":{"@id":"https:\/\/www.institutodeengenharia.org.br\/site\/#\/schema\/logo\/image\/"},"sameAs":["https:\/\/www.facebook.com\/institutodeengenharia","https:\/\/x.com\/iengenharia","https:\/\/www.instagram.com\/institutodeengenharia\/","https:\/\/www.linkedin.com\/company\/instituto-de-engenharia\/","https:\/\/www.youtube.com\/channel\/UCXiCAlsSMe977vamW915HxA"]},{"@type":"Person","@id":"https:\/\/www.institutodeengenharia.org.br\/site\/#\/schema\/person\/aeb64951c405e100d26d30b033dd423f","name":"Bianca","image":{"@type":"ImageObject","inLanguage":"pt-BR","@id":"https:\/\/secure.gravatar.com\/avatar\/a6fbe9bff57405baf4c1e2c5c1811e072b558253974a9f9508f4678900c97c2a?s=96&d=mm&r=g","url":"https:\/\/secure.gravatar.com\/avatar\/a6fbe9bff57405baf4c1e2c5c1811e072b558253974a9f9508f4678900c97c2a?s=96&d=mm&r=g","contentUrl":"https:\/\/secure.gravatar.com\/avatar\/a6fbe9bff57405baf4c1e2c5c1811e072b558253974a9f9508f4678900c97c2a?s=96&d=mm&r=g","caption":"Bianca"},"url":"https:\/\/www.institutodeengenharia.org.br\/site\/author\/comunicacao1\/"}]}},"_links":{"self":[{"href":"https:\/\/www.institutodeengenharia.org.br\/site\/wp-json\/wp\/v2\/posts\/72834","targetHints":{"allow":["GET"]}}],"collection":[{"href":"https:\/\/www.institutodeengenharia.org.br\/site\/wp-json\/wp\/v2\/posts"}],"about":[{"href":"https:\/\/www.institutodeengenharia.org.br\/site\/wp-json\/wp\/v2\/types\/post"}],"author":[{"embeddable":true,"href":"https:\/\/www.institutodeengenharia.org.br\/site\/wp-json\/wp\/v2\/users\/13"}],"replies":[{"embeddable":true,"href":"https:\/\/www.institutodeengenharia.org.br\/site\/wp-json\/wp\/v2\/comments?post=72834"}],"version-history":[{"count":1,"href":"https:\/\/www.institutodeengenharia.org.br\/site\/wp-json\/wp\/v2\/posts\/72834\/revisions"}],"predecessor-version":[{"id":72835,"href":"https:\/\/www.institutodeengenharia.org.br\/site\/wp-json\/wp\/v2\/posts\/72834\/revisions\/72835"}],"wp:featuredmedia":[{"embeddable":true,"href":"https:\/\/www.institutodeengenharia.org.br\/site\/wp-json\/wp\/v2\/media\/71494"}],"wp:attachment":[{"href":"https:\/\/www.institutodeengenharia.org.br\/site\/wp-json\/wp\/v2\/media?parent=72834"}],"wp:term":[{"taxonomy":"category","embeddable":true,"href":"https:\/\/www.institutodeengenharia.org.br\/site\/wp-json\/wp\/v2\/categories?post=72834"},{"taxonomy":"post_tag","embeddable":true,"href":"https:\/\/www.institutodeengenharia.org.br\/site\/wp-json\/wp\/v2\/tags?post=72834"}],"curies":[{"name":"wp","href":"https:\/\/api.w.org\/{rel}","templated":true}]}}