{"id":72533,"date":"2020-11-04T12:43:48","date_gmt":"2020-11-04T15:43:48","guid":{"rendered":"https:\/\/www.institutodeengenharia.org.br\/site\/?p=72533"},"modified":"2020-11-04T12:43:48","modified_gmt":"2020-11-04T15:43:48","slug":"discurso-eminente-engenheiro-do-ano-2020-carlos-nobre","status":"publish","type":"post","link":"https:\/\/www.institutodeengenharia.org.br\/site\/2020\/11\/04\/discurso-eminente-engenheiro-do-ano-2020-carlos-nobre\/","title":{"rendered":"Discurso Eminente Engenheiro do Ano 2020 \u2013 Carlos Nobre"},"content":{"rendered":"<p>Boa noite a todas e a todos.<\/p>\n<p>Engenheiro Lafraia, presidente do Instituto de Engenharia, engenheiro Vahan, meu amigo de muitos anos e magn\u00edfico reitor da USP, \u00e9 uma honra enorme que eu sinto por ter sido agraciado com esse pr\u00eamio de Eminente Engenheiro do Ano de 2020.<\/p>\n<p>Em primeiro lugar, quero de fato agradecer \u00e0 minha fam\u00edlia, porque eu n\u00e3o teria condi\u00e7\u00e3o de ter desenvolvido a minha carreira profissional se n\u00e3o fosse com o apoio muito expressivo da minha esposa, Ana Am\u00e9lia, que teve uma enorme paci\u00eancia de conviver com um profissional, pesquisador que passou grande parte de muitas d\u00e9cadas fazendo pesquisa na Amaz\u00f4nia. Ent\u00e3o, Ana Am\u00e9lia, meu amor total a voc\u00ea.<\/p>\n<p>Queria aproveitar a oportunidade, fiquei muito emocionado com as mensagens do Lafraia, do engenheiro Vahan, e tamb\u00e9m com as mensagens que ouvi, porque, de fato, at\u00e9 o senhor presidente do Instituto me ligar e falar que eu tinha sido selecionado para ser agraciado, aquilo jamais passou pela minha cabe\u00e7a. Porque, de fato, a minha carreira n\u00e3o foi aquela carreira centrada em engenharia, em quase toda minha vida.<\/p>\n<p>Quero contar um pouquinho da minha vida.<\/p>\n<p>Quando eu estudava, naquela \u00e9poca se chamava ensino cient\u00edfico, eu estudava em uma escola p\u00fablica ali no bairro que chamava Previd\u00eancia, perto do Butant\u00e3. Era uma escola p\u00fablica, n\u00e3o muito boa, mas eu era aluno muito bom em matem\u00e1tica e f\u00edsica.<\/p>\n<p>E se voc\u00ea se lembra, naquela \u00e9poca, se voc\u00ea era um bom aluno de matem\u00e1tica e f\u00edsica voc\u00ea era empurrado para fazer um vestibular de engenharia.<\/p>\n<p>N\u00e3o tinha essas discuss\u00f5es como t\u00eam hoje, os alunos t\u00eam in\u00fameras op\u00e7\u00f5es, e eu queria fazer Engenharia. Fiz o vestibular, ainda n\u00e3o muito bem preparado e passei na F\u00edsica da USP, mas na minha cabe\u00e7a queria ser engenheiro.<\/p>\n<p>Um dia, estava saindo l\u00e1 da F\u00edsica na USP, de noite, e tinha um olheiro do cursinho Anglo-Latino que estava oferecendo o cursinho de gra\u00e7a para os alunos da F\u00edsica. E foi o que eu pensei: \u2018bom, eu quero fazer Engenharia\u2019 e fui fazer o cursinho. Passei no vestibular na Escola Polit\u00e9cnica e no ITA.<\/p>\n<p>Naquela \u00e9poca, eu era apaixonado mais por futebol do que por estudar. Naquela \u00e9poca eu visitei o ITA e vi que a 300 metros do alojamento dos alunos do ITA tinha um campo de futebol maravilhoso, gramado, e aqui eu teria que estudar na USP e eu morava muito longe da USP. Tinha que pegar \u00f4nibus, ent\u00e3o eu falei: \u2018vou estudar no ITA, vou \u00e9 jogar futebol!\u2019 E n\u00e3o me arrependo da minha escolha, gostei muito de ter estudado. Mas a\u00ed, como j\u00e1 foi mencionado aqui, fiquei procurando emprego na Amaz\u00f4nia, porque em 1971 e 1972, isso foi um dos benef\u00edcios de estudar no ITA. Naquela \u00e9poca, o ITA tinha um programa de fazer os engenheiros, n\u00f3s, os estudantes, de conhecer o Brasil, porque o diretor do Centro T\u00e9cnico da \u00e1rea Espacial, ele estava muito preocupado, pois a maioria dos alunos do ITA ficava no Sudeste. Ele falou, voc\u00eas t\u00eam que conhecer o Brasil (ele era Paraense).<\/p>\n<p>Em 1971, eu fui at\u00e9 Macap\u00e1 passando por Bel\u00e9m, em 1972 fui at\u00e9 Cruzeiro do Sul no Acre passando por Cuiab\u00e1, Porto Velho, Rio Branco. Eram viagens nas f\u00e9rias dos alunos, de tr\u00eas semanas, e a gente parava, os avi\u00f5es eram DC3, n\u00e3o voavam muito, e eu me apaixonei pela Amaz\u00f4nia. Aquilo abriu os meus olhos e eu falei:\u00a0 \u2018\u00e9 aqui que eu quero trabalhar\u2019.<\/p>\n<p>E em 71 e 72, a Amaz\u00f4nia n\u00e3o estava praticamente perturbada, e eu falei: \u2018n\u00e3o, \u00e9 aqui\u2019. Em 75 eu fiquei procurando at\u00e9 que apareceu a oportunidade de trabalhar em Manaus. O diretor do INPA era o grande geneticista da USP, professor Warwick Kerr. Em 75 estava em uma fase fant\u00e1stica, naquele ano o INPA contratou 45 doutores de fora, fizeram uma constru\u00e7\u00e3o de uma capacidade cient\u00edfica. E o doutor Kerr tinha essa vis\u00e3o. Ele me levou para conhecer esse laborat\u00f3rio aqui do INPA para industrializar madeira, esse outro laborat\u00f3rio aqui para descobrir f\u00e1rmacos, e eu fiquei impressionado. L\u00f3gico, eu trabalhei ali como engenheiro, mas na minha cabe\u00e7a eu tinha o esp\u00edrito de cientista, queria estudar, e eu estava apaixonado pela floresta. Junto com um professor da USP\/Esalq, fomos os primeiros a medir a temperatura do Rio Negro at\u00e9 130 metros, fiquei apaixonado de entender a Amaz\u00f4nia, as florestas, os rios.<\/p>\n<p>Ent\u00e3o tive a oportunidade de fazer o doutorado no MIT. Depois voltei e, minha carreira inteira, at\u00e9 alguns anos atr\u00e1s, era como cientista da \u00e1rea clim\u00e1tica, da \u00e1rea ambiental, mas relacionado com clima e isso \u00e9 muito mais pr\u00f3ximo da f\u00edsica. Ent\u00e3o, sempre ficava na minha cabe\u00e7a porque eu n\u00e3o fiz a f\u00edsica, poxa, ganhei dois anos da f\u00edsica porque a base do que eu estudei no MIT \u00e9 a f\u00edsica, e sempre aquilo estava na minha cabe\u00e7a. Mas hoje eu tenho certeza de que fiz certo de fazer Engenharia porque quando eu entrei no ITA, em 1970, eu e o reitor Vahan entramos no mesmo ano, temos quase 46 anos de formados, a EMBRAER tinha sido fundada em 1969 e come\u00e7ou a funcionar em 70 e eu pude ver com meus colegas, alunos e professores do ITA, a EMBRAER ser fundada pelo ITA, ent\u00e3o eu pude ver o que uma boa escola de Engenharia faz para voc\u00ea ter uma mudan\u00e7a econ\u00f4mica.<\/p>\n<p>Come\u00e7ou a construir e hoje \u00e9 a terceira maior empresa de avia\u00e7\u00e3o do mundo. Ent\u00e3o eu comecei a ver o que a Engenharia fazia mesmo que tivesse uma vis\u00e3o muito clara, uma viv\u00eancia.. a\u00ed depois eu tive essa oportunidade de estudar no MIT, mesmo que estivesse fazendo doutorado em meteorologia, eu estava ali no meio de um ambiente fant\u00e1stico de inova\u00e7\u00e3o.<\/p>\n<p>Me lembro de uma professora que orientou uma brasileira de mestrado que tinha, em 1979, 1980, descoberto uma enzima que depois se tornou a principal enzima da convers\u00e3o da celulose em a\u00e7\u00facar e etanol. Ent\u00e3o, aquela pesquisa b\u00e1sica que modifica e melhora o mundo&#8230; isso tudo eu vi, ainda que estivesse ali me tornando uma pessoa para estudar a atmosfera, oceanos, eu tamb\u00e9m gostava muito de oceanografia.<\/p>\n<p>Ent\u00e3o, isso \u00e9 um pouco da minha hist\u00f3ria, como a minha carreira foi muito em clima, de mudan\u00e7as clim\u00e1ticas, desastres naturais, intera\u00e7\u00f5es floresta-atmosfera, eu imaginava: ser\u00e1 que eu deveria mesmo ter feito Engenharia? Mas hoje eu concluo que a Engenharia foi a melhor forma\u00e7\u00e3o para mim.<\/p>\n<p>Durante minha carreira toda eu estudei a Amaz\u00f4nia e como eu falei, em 1971 e 1972, eu vi a Amaz\u00f4nia n\u00e3o perturbada. E durante toda a minha carreira, eu ia praticamente todo ano, passava meses fazendo campo de pesquisa na Amaz\u00f4nia e o que esse modelo equivocado de desenvolvimento na Amaz\u00f4nia fez com a Amaz\u00f4nia. Eu vi os desmatamentos, eu fazia pesquisas em \u00e1reas desmatadas o experimento cient\u00edfico LBA que o reitor Vahan mencionou, ficamos mais de dez anos estudando tudo e eu vi tudo isso acontecendo com os meus olhos e cada vez mais preocupado.<\/p>\n<p>E em 1990 eu fiz um estudo com colegas da Universidade de Maryland e lancei a hip\u00f3tese de que se n\u00f3s continu\u00e1ssemos a destruir as florestas, ela iria virar uma savana degradada. Lan\u00e7amos um artigo na revista <em>Science<\/em> e em outra revista e aquilo parecia uma proje\u00e7\u00e3o distante, futura, te\u00f3rica, mas diante de tudo que eu participei e estudei dos experimentos cient\u00edficos, eu estava vendo aquela realidade se tornar cada vez mais uma realidade.<\/p>\n<p>Hoje, a Amaz\u00f4nia est\u00e1 muito pr\u00f3xima de uma savaniza\u00e7\u00e3o. Estamos vendo o sul da Amaz\u00f4nia mais quente, mais seco, esta\u00e7\u00f5es cerca de tr\u00eas semanas mais longas, estamos perdendo a capacidade de tirar g\u00e1s carb\u00f4nico da atmosfera, perdendo a capacidade de reciclar \u00e1gua e nisso estamos falando de mais de 2 milh\u00f5es de km quadrados. Ela est\u00e1 na imin\u00eancia, na beira do precip\u00edcio.<\/p>\n<p>E quando eu estava saindo da CAPS, em 2016, eu tomei uma decis\u00e3o. Falei: \u2018a vida inteira eu estudei a Amaz\u00f4nia e h\u00e1 d\u00e9cadas s\u00f3 anunciando o risco e nunca apresentei nada de solu\u00e7\u00e3o. E tomei a iniciativa de falar, n\u00e3o agora, mas eu visto o meu chap\u00e9u de engenheiro e eu vou buscar solu\u00e7\u00f5es porque sen\u00e3o eu acho que eu seria uma pessoa que poderia at\u00e9 fazer tratamento psicol\u00f3gico, psicanal\u00edtico, psiqui\u00e1trico o resto da minha vida na frustra\u00e7\u00e3o de ter estudado a Amaz\u00f4nia a minha vida inteira e ter que ficar vendo a destrui\u00e7\u00e3o da Amaz\u00f4nia.<\/p>\n<p>Ent\u00e3o eu bolei e conversei com muitos colegas e com muita ajuda esse projeto que \u00e9 chamado Amaz\u00f4nia 4.0, que \u00e9 como trazer essas modernas tecnologias, como capacitar as popula\u00e7\u00f5es amaz\u00f4nicas, rurais, urbanas, alunos universit\u00e1rios para que n\u00f3s possamos levar essas modernas tecnologias, gerar industrializa\u00e7\u00e3o na Amaz\u00f4nia, aproveitar o maior potencial que o Brasil tem. O Brasil tem a maior biodiversidade do planeta e n\u00f3s nunca olhamos essa biodiversidade do planeta. Os produtos da biodiversidade brasileira n\u00e3o correspondem nem 0,3% do PIB do Pa\u00eds. N\u00f3s falhamos, trouxemos a influ\u00eancia dos colonizadores europeus e nunca de fato enxergamos\/gostamos de muitos produtos da nossa biodiversidade brasileira, mas \u00e9 um valor econ\u00f4mico muito pequeno.<\/p>\n<p>No s\u00e9culo 21, cada vez mais, n\u00f3s valorizamos a biodiversidade, todo o tipo de diversidade, social, econ\u00f4mica, ambiental, e tamb\u00e9m da biodiversidade. Ent\u00e3o, esse tamb\u00e9m \u00e9 um grande potencial que temos, um dos pa\u00edses mais biodiversos do mundo, Mata Atl\u00e2ntica superbiodiversa, serrado muito biodiverso, caatinga, ent\u00e3o qual \u00e9 o caminho, n\u00e3o o \u00fanico de industrializa\u00e7\u00e3o no Brasil, mas \u00fanico no sentido de que n\u00e3o existe pa\u00eds tropical superdesenvolvido e todos n\u00f3s da Engenharia sabemos disso desde crian\u00e7as, que pa\u00eds desenvolvido \u00e9 pa\u00eds industrializado.<\/p>\n<p>N\u00e3o adianta querer aceitar passivamente essa diferen\u00e7a de que vamos ter 20, 25 pa\u00edses industrializados no mundo e 150 pa\u00edses fornecedores de mat\u00e9rias-primas. N\u00f3s temos que nos reindustrializar. Quando eu me formei, Vahan se formou, o Brasil estava em uma \u00e9poca crescente de industrializa\u00e7\u00e3o, como o Lafraia mencionou, a gente tinha 10 ofertas de emprego e essa situa\u00e7\u00e3o mudou muito no Brasil, porque n\u00f3s fomos nos desindustrializando, ent\u00e3o vamos inverter essa l\u00f3gica em todas as ind\u00fastrias.<\/p>\n<p>Mas o potencial da biodiversidade eu julgo muito importante. Ent\u00e3o, a partir de 2017 eu comecei a me dedicar, vestir o chap\u00e9u de engenheiro e essa minha experi\u00eancia no ITA no MIT foi muito v\u00e1lida para entender que engenheiro \u00e9 formado para achar solu\u00e7\u00f5es e o engenheiro do s\u00e9culo 21 para achar solu\u00e7\u00f5es sustent\u00e1veis.<\/p>\n<p>Eu fico muito satisfeito, muito honrado com esse pr\u00eamio porque mais do que premiar o indiv\u00edduo, o engenheiro, voc\u00eas est\u00e3o premiando a janela de oportunidades, essa luz que ainda temos no fim desse t\u00fanel da sustentabilidade e podemos expandi-la, podemos tornar o Brasil a primeira pot\u00eancia ambiental da sociobiodiversidade. Esse \u00e9 o grande potencial do Brasil: desenvolver a ind\u00fastria da biodiversidade e exportar esse conhecimento para todo o mundo tropical e salvar as florestas tropicais de todo o mundo e, principalmente, a floresta Amaz\u00f4nica.<\/p>\n<p>Muit\u00edssimo obrigado, me sinto enormemente honrado com esse pr\u00eamio e com o caminho que n\u00f3s, brasileiros, todos temos que buscar. E engenheiros e principalmente engenheiros jovens e engenheiras tamb\u00e9m &#8211; o Brasil \u00e9 um dos pa\u00edses que tem maior \u00edndice de mulheres em engenharia do mundo &#8211; engenheiros e engenheiras, aceitem esse desafio vamos tornar o nosso pa\u00eds a primeira pot\u00eancia mundial da sociobiodiversidade.<\/p>\n<p>Muit\u00edssimo obrigado.<\/p>\n<p>___<\/p>\n<p><em>Discurso proferido por<strong> Carlos Nobre<\/strong> por ocasi\u00e3o da outorga do t\u00edtulo de \u201cEminente Engenheiro do Ano de 2020\u201d pelo Instituto de Engenharia. <\/em><\/p>\n<p><em>S\u00e3o Paulo, 29 de outubro de 2020.<\/em><\/p>\n","protected":false},"excerpt":{"rendered":"<p>Boa noite a todas e a todos. Engenheiro Lafraia, presidente do Instituto de Engenharia, engenheiro Vahan, meu amigo de muitos anos e magn\u00edfico reitor da USP, \u00e9 uma honra enorme que eu sinto por ter sido agraciado com esse pr\u00eamio de Eminente Engenheiro do Ano de 2020. Em primeiro lugar, quero de fato agradecer \u00e0 [&hellip;]<\/p>\n","protected":false},"author":13,"featured_media":72534,"comment_status":"open","ping_status":"open","sticky":false,"template":"","format":"standard","meta":{"footnotes":""},"categories":[114],"tags":[],"class_list":{"0":"post-72533","1":"post","2":"type-post","3":"status-publish","4":"format-standard","5":"has-post-thumbnail","7":"category-artigos"},"yoast_head":"<!-- This site is optimized with the Yoast SEO plugin v27.2 - https:\/\/yoast.com\/product\/yoast-seo-wordpress\/ -->\n<title>Discurso Eminente Engenheiro do Ano 2020 \u2013 Carlos Nobre - Instituto de Engenharia<\/title>\n<meta name=\"robots\" content=\"index, follow, max-snippet:-1, max-image-preview:large, max-video-preview:-1\" \/>\n<link rel=\"canonical\" href=\"https:\/\/www.institutodeengenharia.org.br\/site\/2020\/11\/04\/discurso-eminente-engenheiro-do-ano-2020-carlos-nobre\/\" \/>\n<meta property=\"og:locale\" content=\"pt_BR\" \/>\n<meta property=\"og:type\" content=\"article\" \/>\n<meta property=\"og:title\" content=\"Discurso Eminente Engenheiro do Ano 2020 \u2013 Carlos Nobre - Instituto de Engenharia\" \/>\n<meta property=\"og:description\" content=\"Boa noite a todas e a todos. Engenheiro Lafraia, presidente do Instituto de Engenharia, engenheiro Vahan, meu amigo de muitos anos e magn\u00edfico reitor da USP, \u00e9 uma honra enorme que eu sinto por ter sido agraciado com esse pr\u00eamio de Eminente Engenheiro do Ano de 2020. Em primeiro lugar, quero de fato agradecer \u00e0 [&hellip;]\" \/>\n<meta property=\"og:url\" content=\"https:\/\/www.institutodeengenharia.org.br\/site\/2020\/11\/04\/discurso-eminente-engenheiro-do-ano-2020-carlos-nobre\/\" \/>\n<meta property=\"og:site_name\" content=\"Instituto de Engenharia\" \/>\n<meta property=\"article:publisher\" content=\"https:\/\/www.facebook.com\/institutodeengenharia\" \/>\n<meta property=\"article:published_time\" content=\"2020-11-04T15:43:48+00:00\" \/>\n<meta property=\"og:image\" content=\"https:\/\/www.institutodeengenharia.org.br\/site\/wp-content\/uploads\/2020\/11\/50563247177_1aeb9631dd_c.jpg\" \/>\n\t<meta property=\"og:image:width\" content=\"799\" \/>\n\t<meta property=\"og:image:height\" content=\"533\" \/>\n\t<meta property=\"og:image:type\" content=\"image\/jpeg\" \/>\n<meta name=\"author\" content=\"Bianca\" \/>\n<meta name=\"twitter:card\" content=\"summary_large_image\" \/>\n<meta name=\"twitter:creator\" content=\"@iengenharia\" \/>\n<meta name=\"twitter:site\" content=\"@iengenharia\" \/>\n<meta name=\"twitter:label1\" content=\"Escrito por\" \/>\n\t<meta name=\"twitter:data1\" content=\"Bianca\" \/>\n\t<meta name=\"twitter:label2\" content=\"Est. tempo de leitura\" \/>\n\t<meta name=\"twitter:data2\" content=\"10 minutos\" \/>\n<script type=\"application\/ld+json\" class=\"yoast-schema-graph\">{\"@context\":\"https:\/\/schema.org\",\"@graph\":[{\"@type\":\"Article\",\"@id\":\"https:\/\/www.institutodeengenharia.org.br\/site\/2020\/11\/04\/discurso-eminente-engenheiro-do-ano-2020-carlos-nobre\/#article\",\"isPartOf\":{\"@id\":\"https:\/\/www.institutodeengenharia.org.br\/site\/2020\/11\/04\/discurso-eminente-engenheiro-do-ano-2020-carlos-nobre\/\"},\"author\":{\"name\":\"Bianca\",\"@id\":\"https:\/\/www.institutodeengenharia.org.br\/site\/#\/schema\/person\/aeb64951c405e100d26d30b033dd423f\"},\"headline\":\"Discurso Eminente Engenheiro do Ano 2020 \u2013 Carlos Nobre\",\"datePublished\":\"2020-11-04T15:43:48+00:00\",\"mainEntityOfPage\":{\"@id\":\"https:\/\/www.institutodeengenharia.org.br\/site\/2020\/11\/04\/discurso-eminente-engenheiro-do-ano-2020-carlos-nobre\/\"},\"wordCount\":2052,\"commentCount\":0,\"publisher\":{\"@id\":\"https:\/\/www.institutodeengenharia.org.br\/site\/#organization\"},\"image\":{\"@id\":\"https:\/\/www.institutodeengenharia.org.br\/site\/2020\/11\/04\/discurso-eminente-engenheiro-do-ano-2020-carlos-nobre\/#primaryimage\"},\"thumbnailUrl\":\"https:\/\/www.institutodeengenharia.org.br\/site\/wp-content\/uploads\/2020\/11\/50563247177_1aeb9631dd_c.jpg\",\"articleSection\":[\"Artigos\"],\"inLanguage\":\"pt-BR\",\"potentialAction\":[{\"@type\":\"CommentAction\",\"name\":\"Comment\",\"target\":[\"https:\/\/www.institutodeengenharia.org.br\/site\/2020\/11\/04\/discurso-eminente-engenheiro-do-ano-2020-carlos-nobre\/#respond\"]}]},{\"@type\":\"WebPage\",\"@id\":\"https:\/\/www.institutodeengenharia.org.br\/site\/2020\/11\/04\/discurso-eminente-engenheiro-do-ano-2020-carlos-nobre\/\",\"url\":\"https:\/\/www.institutodeengenharia.org.br\/site\/2020\/11\/04\/discurso-eminente-engenheiro-do-ano-2020-carlos-nobre\/\",\"name\":\"Discurso Eminente Engenheiro do Ano 2020 \u2013 Carlos Nobre - Instituto de Engenharia\",\"isPartOf\":{\"@id\":\"https:\/\/www.institutodeengenharia.org.br\/site\/#website\"},\"primaryImageOfPage\":{\"@id\":\"https:\/\/www.institutodeengenharia.org.br\/site\/2020\/11\/04\/discurso-eminente-engenheiro-do-ano-2020-carlos-nobre\/#primaryimage\"},\"image\":{\"@id\":\"https:\/\/www.institutodeengenharia.org.br\/site\/2020\/11\/04\/discurso-eminente-engenheiro-do-ano-2020-carlos-nobre\/#primaryimage\"},\"thumbnailUrl\":\"https:\/\/www.institutodeengenharia.org.br\/site\/wp-content\/uploads\/2020\/11\/50563247177_1aeb9631dd_c.jpg\",\"datePublished\":\"2020-11-04T15:43:48+00:00\",\"breadcrumb\":{\"@id\":\"https:\/\/www.institutodeengenharia.org.br\/site\/2020\/11\/04\/discurso-eminente-engenheiro-do-ano-2020-carlos-nobre\/#breadcrumb\"},\"inLanguage\":\"pt-BR\",\"potentialAction\":[{\"@type\":\"ReadAction\",\"target\":[\"https:\/\/www.institutodeengenharia.org.br\/site\/2020\/11\/04\/discurso-eminente-engenheiro-do-ano-2020-carlos-nobre\/\"]}]},{\"@type\":\"ImageObject\",\"inLanguage\":\"pt-BR\",\"@id\":\"https:\/\/www.institutodeengenharia.org.br\/site\/2020\/11\/04\/discurso-eminente-engenheiro-do-ano-2020-carlos-nobre\/#primaryimage\",\"url\":\"https:\/\/www.institutodeengenharia.org.br\/site\/wp-content\/uploads\/2020\/11\/50563247177_1aeb9631dd_c.jpg\",\"contentUrl\":\"https:\/\/www.institutodeengenharia.org.br\/site\/wp-content\/uploads\/2020\/11\/50563247177_1aeb9631dd_c.jpg\",\"width\":799,\"height\":533,\"caption\":\"Pesquisador e cientista Carlos Nobre\"},{\"@type\":\"BreadcrumbList\",\"@id\":\"https:\/\/www.institutodeengenharia.org.br\/site\/2020\/11\/04\/discurso-eminente-engenheiro-do-ano-2020-carlos-nobre\/#breadcrumb\",\"itemListElement\":[{\"@type\":\"ListItem\",\"position\":1,\"name\":\"In\u00edcio\",\"item\":\"https:\/\/www.institutodeengenharia.org.br\/site\/\"},{\"@type\":\"ListItem\",\"position\":2,\"name\":\"Discurso Eminente Engenheiro do Ano 2020 \u2013 Carlos Nobre\"}]},{\"@type\":\"WebSite\",\"@id\":\"https:\/\/www.institutodeengenharia.org.br\/site\/#website\",\"url\":\"https:\/\/www.institutodeengenharia.org.br\/site\/\",\"name\":\"Instituto de Engenharia\",\"description\":\"O Instituto de Engenharia promove a Engenharia em benef\u00edcio do desenvolvimento e da qualidade de vida da sociedade.\",\"publisher\":{\"@id\":\"https:\/\/www.institutodeengenharia.org.br\/site\/#organization\"},\"potentialAction\":[{\"@type\":\"SearchAction\",\"target\":{\"@type\":\"EntryPoint\",\"urlTemplate\":\"https:\/\/www.institutodeengenharia.org.br\/site\/?s={search_term_string}\"},\"query-input\":{\"@type\":\"PropertyValueSpecification\",\"valueRequired\":true,\"valueName\":\"search_term_string\"}}],\"inLanguage\":\"pt-BR\"},{\"@type\":\"Organization\",\"@id\":\"https:\/\/www.institutodeengenharia.org.br\/site\/#organization\",\"name\":\"Instituto de Engenharia\",\"url\":\"https:\/\/www.institutodeengenharia.org.br\/site\/\",\"logo\":{\"@type\":\"ImageObject\",\"inLanguage\":\"pt-BR\",\"@id\":\"https:\/\/www.institutodeengenharia.org.br\/site\/#\/schema\/logo\/image\/\",\"url\":\"https:\/\/www.institutodeengenharia.org.br\/site\/wp-content\/uploads\/2019\/03\/logo-novo-IE2018-1.jpg\",\"contentUrl\":\"https:\/\/www.institutodeengenharia.org.br\/site\/wp-content\/uploads\/2019\/03\/logo-novo-IE2018-1.jpg\",\"width\":1486,\"height\":1879,\"caption\":\"Instituto de Engenharia\"},\"image\":{\"@id\":\"https:\/\/www.institutodeengenharia.org.br\/site\/#\/schema\/logo\/image\/\"},\"sameAs\":[\"https:\/\/www.facebook.com\/institutodeengenharia\",\"https:\/\/x.com\/iengenharia\",\"https:\/\/www.instagram.com\/institutodeengenharia\/\",\"https:\/\/www.linkedin.com\/company\/instituto-de-engenharia\/\",\"https:\/\/www.youtube.com\/channel\/UCXiCAlsSMe977vamW915HxA\"]},{\"@type\":\"Person\",\"@id\":\"https:\/\/www.institutodeengenharia.org.br\/site\/#\/schema\/person\/aeb64951c405e100d26d30b033dd423f\",\"name\":\"Bianca\",\"image\":{\"@type\":\"ImageObject\",\"inLanguage\":\"pt-BR\",\"@id\":\"https:\/\/secure.gravatar.com\/avatar\/a6fbe9bff57405baf4c1e2c5c1811e072b558253974a9f9508f4678900c97c2a?s=96&d=mm&r=g\",\"url\":\"https:\/\/secure.gravatar.com\/avatar\/a6fbe9bff57405baf4c1e2c5c1811e072b558253974a9f9508f4678900c97c2a?s=96&d=mm&r=g\",\"contentUrl\":\"https:\/\/secure.gravatar.com\/avatar\/a6fbe9bff57405baf4c1e2c5c1811e072b558253974a9f9508f4678900c97c2a?s=96&d=mm&r=g\",\"caption\":\"Bianca\"},\"url\":\"https:\/\/www.institutodeengenharia.org.br\/site\/author\/comunicacao1\/\"}]}<\/script>\n<!-- \/ Yoast SEO plugin. -->","yoast_head_json":{"title":"Discurso Eminente Engenheiro do Ano 2020 \u2013 Carlos Nobre - Instituto de Engenharia","robots":{"index":"index","follow":"follow","max-snippet":"max-snippet:-1","max-image-preview":"max-image-preview:large","max-video-preview":"max-video-preview:-1"},"canonical":"https:\/\/www.institutodeengenharia.org.br\/site\/2020\/11\/04\/discurso-eminente-engenheiro-do-ano-2020-carlos-nobre\/","og_locale":"pt_BR","og_type":"article","og_title":"Discurso Eminente Engenheiro do Ano 2020 \u2013 Carlos Nobre - Instituto de Engenharia","og_description":"Boa noite a todas e a todos. Engenheiro Lafraia, presidente do Instituto de Engenharia, engenheiro Vahan, meu amigo de muitos anos e magn\u00edfico reitor da USP, \u00e9 uma honra enorme que eu sinto por ter sido agraciado com esse pr\u00eamio de Eminente Engenheiro do Ano de 2020. Em primeiro lugar, quero de fato agradecer \u00e0 [&hellip;]","og_url":"https:\/\/www.institutodeengenharia.org.br\/site\/2020\/11\/04\/discurso-eminente-engenheiro-do-ano-2020-carlos-nobre\/","og_site_name":"Instituto de Engenharia","article_publisher":"https:\/\/www.facebook.com\/institutodeengenharia","article_published_time":"2020-11-04T15:43:48+00:00","og_image":[{"width":799,"height":533,"url":"https:\/\/www.institutodeengenharia.org.br\/site\/wp-content\/uploads\/2020\/11\/50563247177_1aeb9631dd_c.jpg","type":"image\/jpeg"}],"author":"Bianca","twitter_card":"summary_large_image","twitter_creator":"@iengenharia","twitter_site":"@iengenharia","twitter_misc":{"Escrito por":"Bianca","Est. tempo de leitura":"10 minutos"},"schema":{"@context":"https:\/\/schema.org","@graph":[{"@type":"Article","@id":"https:\/\/www.institutodeengenharia.org.br\/site\/2020\/11\/04\/discurso-eminente-engenheiro-do-ano-2020-carlos-nobre\/#article","isPartOf":{"@id":"https:\/\/www.institutodeengenharia.org.br\/site\/2020\/11\/04\/discurso-eminente-engenheiro-do-ano-2020-carlos-nobre\/"},"author":{"name":"Bianca","@id":"https:\/\/www.institutodeengenharia.org.br\/site\/#\/schema\/person\/aeb64951c405e100d26d30b033dd423f"},"headline":"Discurso Eminente Engenheiro do Ano 2020 \u2013 Carlos Nobre","datePublished":"2020-11-04T15:43:48+00:00","mainEntityOfPage":{"@id":"https:\/\/www.institutodeengenharia.org.br\/site\/2020\/11\/04\/discurso-eminente-engenheiro-do-ano-2020-carlos-nobre\/"},"wordCount":2052,"commentCount":0,"publisher":{"@id":"https:\/\/www.institutodeengenharia.org.br\/site\/#organization"},"image":{"@id":"https:\/\/www.institutodeengenharia.org.br\/site\/2020\/11\/04\/discurso-eminente-engenheiro-do-ano-2020-carlos-nobre\/#primaryimage"},"thumbnailUrl":"https:\/\/www.institutodeengenharia.org.br\/site\/wp-content\/uploads\/2020\/11\/50563247177_1aeb9631dd_c.jpg","articleSection":["Artigos"],"inLanguage":"pt-BR","potentialAction":[{"@type":"CommentAction","name":"Comment","target":["https:\/\/www.institutodeengenharia.org.br\/site\/2020\/11\/04\/discurso-eminente-engenheiro-do-ano-2020-carlos-nobre\/#respond"]}]},{"@type":"WebPage","@id":"https:\/\/www.institutodeengenharia.org.br\/site\/2020\/11\/04\/discurso-eminente-engenheiro-do-ano-2020-carlos-nobre\/","url":"https:\/\/www.institutodeengenharia.org.br\/site\/2020\/11\/04\/discurso-eminente-engenheiro-do-ano-2020-carlos-nobre\/","name":"Discurso Eminente Engenheiro do Ano 2020 \u2013 Carlos Nobre - Instituto de Engenharia","isPartOf":{"@id":"https:\/\/www.institutodeengenharia.org.br\/site\/#website"},"primaryImageOfPage":{"@id":"https:\/\/www.institutodeengenharia.org.br\/site\/2020\/11\/04\/discurso-eminente-engenheiro-do-ano-2020-carlos-nobre\/#primaryimage"},"image":{"@id":"https:\/\/www.institutodeengenharia.org.br\/site\/2020\/11\/04\/discurso-eminente-engenheiro-do-ano-2020-carlos-nobre\/#primaryimage"},"thumbnailUrl":"https:\/\/www.institutodeengenharia.org.br\/site\/wp-content\/uploads\/2020\/11\/50563247177_1aeb9631dd_c.jpg","datePublished":"2020-11-04T15:43:48+00:00","breadcrumb":{"@id":"https:\/\/www.institutodeengenharia.org.br\/site\/2020\/11\/04\/discurso-eminente-engenheiro-do-ano-2020-carlos-nobre\/#breadcrumb"},"inLanguage":"pt-BR","potentialAction":[{"@type":"ReadAction","target":["https:\/\/www.institutodeengenharia.org.br\/site\/2020\/11\/04\/discurso-eminente-engenheiro-do-ano-2020-carlos-nobre\/"]}]},{"@type":"ImageObject","inLanguage":"pt-BR","@id":"https:\/\/www.institutodeengenharia.org.br\/site\/2020\/11\/04\/discurso-eminente-engenheiro-do-ano-2020-carlos-nobre\/#primaryimage","url":"https:\/\/www.institutodeengenharia.org.br\/site\/wp-content\/uploads\/2020\/11\/50563247177_1aeb9631dd_c.jpg","contentUrl":"https:\/\/www.institutodeengenharia.org.br\/site\/wp-content\/uploads\/2020\/11\/50563247177_1aeb9631dd_c.jpg","width":799,"height":533,"caption":"Pesquisador e cientista Carlos Nobre"},{"@type":"BreadcrumbList","@id":"https:\/\/www.institutodeengenharia.org.br\/site\/2020\/11\/04\/discurso-eminente-engenheiro-do-ano-2020-carlos-nobre\/#breadcrumb","itemListElement":[{"@type":"ListItem","position":1,"name":"In\u00edcio","item":"https:\/\/www.institutodeengenharia.org.br\/site\/"},{"@type":"ListItem","position":2,"name":"Discurso Eminente Engenheiro do Ano 2020 \u2013 Carlos Nobre"}]},{"@type":"WebSite","@id":"https:\/\/www.institutodeengenharia.org.br\/site\/#website","url":"https:\/\/www.institutodeengenharia.org.br\/site\/","name":"Instituto de Engenharia","description":"O Instituto de Engenharia promove a Engenharia em benef\u00edcio do desenvolvimento e da qualidade de vida da sociedade.","publisher":{"@id":"https:\/\/www.institutodeengenharia.org.br\/site\/#organization"},"potentialAction":[{"@type":"SearchAction","target":{"@type":"EntryPoint","urlTemplate":"https:\/\/www.institutodeengenharia.org.br\/site\/?s={search_term_string}"},"query-input":{"@type":"PropertyValueSpecification","valueRequired":true,"valueName":"search_term_string"}}],"inLanguage":"pt-BR"},{"@type":"Organization","@id":"https:\/\/www.institutodeengenharia.org.br\/site\/#organization","name":"Instituto de Engenharia","url":"https:\/\/www.institutodeengenharia.org.br\/site\/","logo":{"@type":"ImageObject","inLanguage":"pt-BR","@id":"https:\/\/www.institutodeengenharia.org.br\/site\/#\/schema\/logo\/image\/","url":"https:\/\/www.institutodeengenharia.org.br\/site\/wp-content\/uploads\/2019\/03\/logo-novo-IE2018-1.jpg","contentUrl":"https:\/\/www.institutodeengenharia.org.br\/site\/wp-content\/uploads\/2019\/03\/logo-novo-IE2018-1.jpg","width":1486,"height":1879,"caption":"Instituto de Engenharia"},"image":{"@id":"https:\/\/www.institutodeengenharia.org.br\/site\/#\/schema\/logo\/image\/"},"sameAs":["https:\/\/www.facebook.com\/institutodeengenharia","https:\/\/x.com\/iengenharia","https:\/\/www.instagram.com\/institutodeengenharia\/","https:\/\/www.linkedin.com\/company\/instituto-de-engenharia\/","https:\/\/www.youtube.com\/channel\/UCXiCAlsSMe977vamW915HxA"]},{"@type":"Person","@id":"https:\/\/www.institutodeengenharia.org.br\/site\/#\/schema\/person\/aeb64951c405e100d26d30b033dd423f","name":"Bianca","image":{"@type":"ImageObject","inLanguage":"pt-BR","@id":"https:\/\/secure.gravatar.com\/avatar\/a6fbe9bff57405baf4c1e2c5c1811e072b558253974a9f9508f4678900c97c2a?s=96&d=mm&r=g","url":"https:\/\/secure.gravatar.com\/avatar\/a6fbe9bff57405baf4c1e2c5c1811e072b558253974a9f9508f4678900c97c2a?s=96&d=mm&r=g","contentUrl":"https:\/\/secure.gravatar.com\/avatar\/a6fbe9bff57405baf4c1e2c5c1811e072b558253974a9f9508f4678900c97c2a?s=96&d=mm&r=g","caption":"Bianca"},"url":"https:\/\/www.institutodeengenharia.org.br\/site\/author\/comunicacao1\/"}]}},"_links":{"self":[{"href":"https:\/\/www.institutodeengenharia.org.br\/site\/wp-json\/wp\/v2\/posts\/72533","targetHints":{"allow":["GET"]}}],"collection":[{"href":"https:\/\/www.institutodeengenharia.org.br\/site\/wp-json\/wp\/v2\/posts"}],"about":[{"href":"https:\/\/www.institutodeengenharia.org.br\/site\/wp-json\/wp\/v2\/types\/post"}],"author":[{"embeddable":true,"href":"https:\/\/www.institutodeengenharia.org.br\/site\/wp-json\/wp\/v2\/users\/13"}],"replies":[{"embeddable":true,"href":"https:\/\/www.institutodeengenharia.org.br\/site\/wp-json\/wp\/v2\/comments?post=72533"}],"version-history":[{"count":1,"href":"https:\/\/www.institutodeengenharia.org.br\/site\/wp-json\/wp\/v2\/posts\/72533\/revisions"}],"predecessor-version":[{"id":72535,"href":"https:\/\/www.institutodeengenharia.org.br\/site\/wp-json\/wp\/v2\/posts\/72533\/revisions\/72535"}],"wp:featuredmedia":[{"embeddable":true,"href":"https:\/\/www.institutodeengenharia.org.br\/site\/wp-json\/wp\/v2\/media\/72534"}],"wp:attachment":[{"href":"https:\/\/www.institutodeengenharia.org.br\/site\/wp-json\/wp\/v2\/media?parent=72533"}],"wp:term":[{"taxonomy":"category","embeddable":true,"href":"https:\/\/www.institutodeengenharia.org.br\/site\/wp-json\/wp\/v2\/categories?post=72533"},{"taxonomy":"post_tag","embeddable":true,"href":"https:\/\/www.institutodeengenharia.org.br\/site\/wp-json\/wp\/v2\/tags?post=72533"}],"curies":[{"name":"wp","href":"https:\/\/api.w.org\/{rel}","templated":true}]}}