{"id":72506,"date":"2020-10-21T18:00:34","date_gmt":"2020-10-21T21:00:34","guid":{"rendered":"https:\/\/www.institutodeengenharia.org.br\/site\/?p=72506"},"modified":"2020-11-03T16:58:56","modified_gmt":"2020-11-03T19:58:56","slug":"tecnicas-de-redacao-de-laudo","status":"publish","type":"post","link":"https:\/\/www.institutodeengenharia.org.br\/site\/2020\/10\/21\/tecnicas-de-redacao-de-laudo\/","title":{"rendered":"T\u00e9cnicas de Reda\u00e7\u00e3o de Laudo"},"content":{"rendered":"<p><strong>Assista abaixo \u00e0 grava\u00e7\u00e3o:<\/strong><\/p>\n<p><iframe loading=\"lazy\" src=\"https:\/\/player.vimeo.com\/video\/472215565\" width=\"640\" height=\"480\" frameborder=\"0\" allowfullscreen=\"allowfullscreen\"><\/iframe><br \/>\n&nbsp;<\/p>\n<p><strong>+ Informa\u00e7\u00f5es:<\/strong><\/p>\n<p><strong>Abordagem:<\/strong><\/p>\n<p>Apresentar aos peritos e assistentes t\u00e9cnicas de reda\u00e7\u00e3o de laudos e pareceres t\u00e9cnicos nos diversos tipos de a\u00e7\u00f5es judiciais e extrajudiciais.<\/p>\n<p><strong>P\u00fablico-alvo:\u00a0<\/strong><\/p>\n<p>Engenheiros e arquitetos, peritos e assistentes t\u00e9cnicos.<\/p>\n<p><strong>Painelista:<\/strong><\/p>\n<p><img loading=\"lazy\" decoding=\"async\" class=\"alignnone wp-image-68769\" src=\"https:\/\/www.institutodeengenharia.org.br\/site\/wp-content\/uploads\/2020\/07\/jos\u00e9-fiker.jpg\" alt=\"\" width=\"121\" height=\"165\" \/><\/p>\n<p><strong>Prof. Dr. Jos\u00e9 Fiker<\/strong><\/p>\n<p>Doutor em Semi\u00f3tica e Lingu\u00edstica Geral (com \u00eanfase em Laudos. Foi fundador e primeiro presidente da C\u00e2mara de Valores do IBAPE \u2013 Instituto Brasileiro de Avalia\u00e7\u00f5es e Per\u00edcias do Instituto de Engenharia, perito dos Tribunais de Al\u00e7ada e Justi\u00e7a. Coordenador da Divis\u00e3o de Avalia\u00e7\u00f5es e Per\u00edcias do Instituto de Engenharia, graduado em portugu\u00eas, latim e lingu\u00edstica, Assessor Jur\u00eddico da Diretoria do IBAPE NACIONAL e Vice Presidente do IBAPE- SP. \u00c9 Diretor Presidente da EMBRAVAL \u2013 Empresa Brasileira de Avalia\u00e7\u00f5es S\/C Ltda. \u00c9 autor dos livros Manual de Reda\u00e7\u00e3o de Laudos, Avalia\u00e7\u00e3o de Im\u00f3veis Urbanos e A Per\u00edcia Judicial (este \u00faltimo em coautoria com o Eng\u00ba Joaquim da Rocha Medeiros), Manual Pr\u00e1tico de Avalia\u00e7\u00f5es e Per\u00edcias de Engenharia, todos da Editora Pini. Manual Pr\u00e1tico de Direito das Constru\u00e7\u00f5es, Linguagem do Laudo Pericial, Per\u00edcias e Avalia\u00e7\u00f5es Fundamentos Pr\u00e1ticos e Contesta\u00e7\u00e3o na Per\u00edcia Judicial todos da Editora Leud \u2013 Livraria Editora Universit\u00e1ria de Direito. O livro Linguagem do Laudo Pericial \u00e9 origin\u00e1rio da tese de Doutorado e do Melhor Trabalho do ano em colabora\u00e7\u00e3o com a classe do Instituto de Engenharia de 2004 e 2011, Medalha de Ouro. Advogado formado pela USP. J\u00e1 deu aula nas principais entidades ligadas a avalia\u00e7\u00f5es e per\u00edcias em todo o Brasil.<\/p>\n<p><strong>Moderador e Painelista:<\/strong><\/p>\n<p><strong> <img loading=\"lazy\" decoding=\"async\" class=\"alignnone wp-image-64007\" src=\"https:\/\/www.institutodeengenharia.org.br\/site\/wp-content\/uploads\/2020\/05\/ricardo-imamura.jpg\" alt=\"\" width=\"133\" height=\"149\" \/><\/strong><\/p>\n<p><strong>Ricardo Henrique de A. Imamura<\/strong><\/p>\n<p>Engenheiro Civil pela Escola de Engenharia de Lins, 1977. Perito Judicial de diversas Varas C\u00edveis e da Fazenda no Estado de S\u00e3o Paulo, desde 1978. Dentre sua experi\u00eancia como Perito Judicial, encontram-se a Elabora\u00e7\u00e3o de mais de 4.300 Laudos de Engenharia Legal de naturezas diversas. Membro Titular, Coordenador da Divis\u00e3o de Avalia\u00e7\u00f5es e Per\u00edcias, Conselheiro e Perito Especialista da C\u00e2mara de Media\u00e7\u00e3o e Arbitragem do Instituto de Engenharia \u2013 S\u00e3o Paulo. Membro Fundador e Ex-Presidente da Associa\u00e7\u00e3o Parama\u00e7\u00f4nica de Peritos Judiciais \u2013 APPJ. Presidente da AELINS \u2013 Associa\u00e7\u00e3o de Engenheiros de Lins \u2013 Lins\/SP. Membro da CBAr \u2013 Comit\u00ea Brasileiro de Arbitragem; Membro da ABCIP \u2013 Associa\u00e7\u00e3o Brasileira das Entidades de Cr\u00e9dito Imobili\u00e1rio e Poupan\u00e7a; Membro da CAM-CCBC \u2013 C\u00e2mara de Com\u00e9rcio Brasil-Canad\u00e1; Membro da AMCHAM Brasil; Membro da CAMARB \u2013 Camara de Arbitragem Empresarial Brasil; Membro do FIDIC. Membro de diversas Associa\u00e7\u00f5es em S\u00e3o Paulo. Ministra Cursos e Palestras e tem publica\u00e7\u00f5es t\u00e9cnicas diversas. Engenheiro pela Empresa Consultora Hidroservice \u2013 Engenharia de Projetos Ltda., de 1978 a 1989. Engenheiro pela S.A. Ind\u00fastrias Votorantim, de 1989 a 1990; Assessor da Diretoria pela Empresa Consultora Matricial Projetos e Consultoria Ltda., de novembro de 1990 a 1991. S\u00f3cio Propriet\u00e1rio da R.H. Imamura Peritos Consultores e dos Advisors Committee.<\/p>\n<p><strong>Apoio Institucional:<\/strong><\/p>\n<p><img loading=\"lazy\" decoding=\"async\" class=\"alignnone size-full wp-image-34556\" src=\"https:\/\/www.institutodeengenharia.org.br\/site\/wp-content\/uploads\/2018\/04\/CREA-SP_vertical.jpg\" alt=\"\" width=\"150\" height=\"106\" srcset=\"https:\/\/www.institutodeengenharia.org.br\/site\/wp-content\/uploads\/2018\/04\/CREA-SP_vertical.jpg 150w, https:\/\/www.institutodeengenharia.org.br\/site\/wp-content\/uploads\/2018\/04\/CREA-SP_vertical-100x70.jpg 100w\" sizes=\"auto, (max-width: 150px) 100vw, 150px\" \/><\/p>\n<p><strong>Realiza\u00e7\u00e3o:<\/strong><\/p>\n<p><strong>Eng. Jer\u00f4nimo Cabral Pereira Fagundes Neto <\/strong>\u2013 Vice-presidente de Atividades T\u00e9cnicas<\/p>\n<p><strong>Eng.\u00aa D\u00e9bora Sanches de A. Marinello <\/strong>\u2013 Diretora do Departamento de Engenharia de Produ\u00e7\u00e3o<\/p>\n<p><strong>Eng. Ricardo Henrique de A. Imamura <\/strong>\u2013 Coordenador da Divis\u00e3o T\u00e9cnica de Avalia\u00e7\u00f5es e Per\u00edcias<\/p>\n","protected":false},"excerpt":{"rendered":"<p>Assista abaixo \u00e0 grava\u00e7\u00e3o: &nbsp; + Informa\u00e7\u00f5es: Abordagem: Apresentar aos peritos e assistentes t\u00e9cnicas de reda\u00e7\u00e3o de laudos e pareceres t\u00e9cnicos nos diversos tipos de a\u00e7\u00f5es judiciais e extrajudiciais. P\u00fablico-alvo:\u00a0 Engenheiros e arquitetos, peritos e assistentes t\u00e9cnicos. Painelista: Prof. Dr. Jos\u00e9 Fiker Doutor em Semi\u00f3tica e Lingu\u00edstica Geral (com \u00eanfase em Laudos. Foi fundador e [&hellip;]<\/p>\n","protected":false},"author":13,"featured_media":71591,"comment_status":"open","ping_status":"open","sticky":false,"template":"","format":"standard","meta":{"footnotes":""},"categories":[46,67,968,969],"tags":[],"class_list":{"0":"post-72506","1":"post","2":"type-post","3":"status-publish","4":"format-standard","5":"has-post-thumbnail","7":"category-departamento-desenvolvimento-de-gestao-e-objetivos","8":"category-divisao-de-avaliacoes-e-pericias","9":"category-nova-tv-engenharia","10":"category-palestra"},"yoast_head":"<!-- This site is optimized with the Yoast SEO plugin v27.2 - https:\/\/yoast.com\/product\/yoast-seo-wordpress\/ -->\n<title>T\u00e9cnicas de Reda\u00e7\u00e3o de Laudo - Instituto de Engenharia<\/title>\n<meta name=\"robots\" content=\"index, follow, max-snippet:-1, max-image-preview:large, max-video-preview:-1\" \/>\n<link rel=\"canonical\" href=\"https:\/\/www.institutodeengenharia.org.br\/site\/2020\/10\/21\/tecnicas-de-redacao-de-laudo\/\" \/>\n<meta property=\"og:locale\" content=\"pt_BR\" \/>\n<meta property=\"og:type\" content=\"article\" \/>\n<meta property=\"og:title\" content=\"T\u00e9cnicas de Reda\u00e7\u00e3o de Laudo - Instituto de Engenharia\" \/>\n<meta property=\"og:description\" content=\"Assista abaixo \u00e0 grava\u00e7\u00e3o: &nbsp; + Informa\u00e7\u00f5es: Abordagem: Apresentar aos peritos e assistentes t\u00e9cnicas de reda\u00e7\u00e3o de laudos e pareceres t\u00e9cnicos nos diversos tipos de a\u00e7\u00f5es judiciais e extrajudiciais. P\u00fablico-alvo:\u00a0 Engenheiros e arquitetos, peritos e assistentes t\u00e9cnicos. Painelista: Prof. Dr. Jos\u00e9 Fiker Doutor em Semi\u00f3tica e Lingu\u00edstica Geral (com \u00eanfase em Laudos. Foi fundador e [&hellip;]\" \/>\n<meta property=\"og:url\" content=\"https:\/\/www.institutodeengenharia.org.br\/site\/2020\/10\/21\/tecnicas-de-redacao-de-laudo\/\" \/>\n<meta property=\"og:site_name\" content=\"Instituto de Engenharia\" \/>\n<meta property=\"article:publisher\" content=\"https:\/\/www.facebook.com\/institutodeengenharia\" \/>\n<meta property=\"article:published_time\" content=\"2020-10-21T21:00:34+00:00\" \/>\n<meta property=\"article:modified_time\" content=\"2020-11-03T19:58:56+00:00\" \/>\n<meta property=\"og:image\" content=\"https:\/\/www.institutodeengenharia.org.br\/site\/wp-content\/uploads\/2020\/10\/Como-montar-um-Escritorio-de-Engenharia-e1602179934434.jpg\" \/>\n\t<meta property=\"og:image:width\" content=\"1197\" \/>\n\t<meta property=\"og:image:height\" content=\"681\" \/>\n\t<meta property=\"og:image:type\" content=\"image\/jpeg\" \/>\n<meta name=\"author\" content=\"Bianca\" \/>\n<meta name=\"twitter:card\" content=\"summary_large_image\" \/>\n<meta name=\"twitter:creator\" content=\"@iengenharia\" \/>\n<meta name=\"twitter:site\" content=\"@iengenharia\" \/>\n<meta name=\"twitter:label1\" content=\"Escrito por\" \/>\n\t<meta name=\"twitter:data1\" content=\"Bianca\" \/>\n\t<meta name=\"twitter:label2\" content=\"Est. tempo de leitura\" \/>\n\t<meta name=\"twitter:data2\" content=\"3 minutos\" \/>\n<script type=\"application\/ld+json\" class=\"yoast-schema-graph\">{\"@context\":\"https:\/\/schema.org\",\"@graph\":[{\"@type\":\"Article\",\"@id\":\"https:\/\/www.institutodeengenharia.org.br\/site\/2020\/10\/21\/tecnicas-de-redacao-de-laudo\/#article\",\"isPartOf\":{\"@id\":\"https:\/\/www.institutodeengenharia.org.br\/site\/2020\/10\/21\/tecnicas-de-redacao-de-laudo\/\"},\"author\":{\"name\":\"Bianca\",\"@id\":\"https:\/\/www.institutodeengenharia.org.br\/site\/#\/schema\/person\/aeb64951c405e100d26d30b033dd423f\"},\"headline\":\"T\u00e9cnicas de Reda\u00e7\u00e3o de Laudo\",\"datePublished\":\"2020-10-21T21:00:34+00:00\",\"dateModified\":\"2020-11-03T19:58:56+00:00\",\"mainEntityOfPage\":{\"@id\":\"https:\/\/www.institutodeengenharia.org.br\/site\/2020\/10\/21\/tecnicas-de-redacao-de-laudo\/\"},\"wordCount\":559,\"commentCount\":0,\"publisher\":{\"@id\":\"https:\/\/www.institutodeengenharia.org.br\/site\/#organization\"},\"image\":{\"@id\":\"https:\/\/www.institutodeengenharia.org.br\/site\/2020\/10\/21\/tecnicas-de-redacao-de-laudo\/#primaryimage\"},\"thumbnailUrl\":\"https:\/\/www.institutodeengenharia.org.br\/site\/wp-content\/uploads\/2020\/10\/Como-montar-um-Escritorio-de-Engenharia-e1602179934434.jpg\",\"articleSection\":[\"Departamento Desenvolvimento de Gest\u00e3o e Objetivos\",\"Divis\u00e3o T\u00e9cnica de Avalia\u00e7\u00f5es e Per\u00edcias\",\"Nova TV Engenharia\",\"Palestra\"],\"inLanguage\":\"pt-BR\",\"potentialAction\":[{\"@type\":\"CommentAction\",\"name\":\"Comment\",\"target\":[\"https:\/\/www.institutodeengenharia.org.br\/site\/2020\/10\/21\/tecnicas-de-redacao-de-laudo\/#respond\"]}]},{\"@type\":\"WebPage\",\"@id\":\"https:\/\/www.institutodeengenharia.org.br\/site\/2020\/10\/21\/tecnicas-de-redacao-de-laudo\/\",\"url\":\"https:\/\/www.institutodeengenharia.org.br\/site\/2020\/10\/21\/tecnicas-de-redacao-de-laudo\/\",\"name\":\"T\u00e9cnicas de Reda\u00e7\u00e3o de Laudo - Instituto de Engenharia\",\"isPartOf\":{\"@id\":\"https:\/\/www.institutodeengenharia.org.br\/site\/#website\"},\"primaryImageOfPage\":{\"@id\":\"https:\/\/www.institutodeengenharia.org.br\/site\/2020\/10\/21\/tecnicas-de-redacao-de-laudo\/#primaryimage\"},\"image\":{\"@id\":\"https:\/\/www.institutodeengenharia.org.br\/site\/2020\/10\/21\/tecnicas-de-redacao-de-laudo\/#primaryimage\"},\"thumbnailUrl\":\"https:\/\/www.institutodeengenharia.org.br\/site\/wp-content\/uploads\/2020\/10\/Como-montar-um-Escritorio-de-Engenharia-e1602179934434.jpg\",\"datePublished\":\"2020-10-21T21:00:34+00:00\",\"dateModified\":\"2020-11-03T19:58:56+00:00\",\"breadcrumb\":{\"@id\":\"https:\/\/www.institutodeengenharia.org.br\/site\/2020\/10\/21\/tecnicas-de-redacao-de-laudo\/#breadcrumb\"},\"inLanguage\":\"pt-BR\",\"potentialAction\":[{\"@type\":\"ReadAction\",\"target\":[\"https:\/\/www.institutodeengenharia.org.br\/site\/2020\/10\/21\/tecnicas-de-redacao-de-laudo\/\"]}]},{\"@type\":\"ImageObject\",\"inLanguage\":\"pt-BR\",\"@id\":\"https:\/\/www.institutodeengenharia.org.br\/site\/2020\/10\/21\/tecnicas-de-redacao-de-laudo\/#primaryimage\",\"url\":\"https:\/\/www.institutodeengenharia.org.br\/site\/wp-content\/uploads\/2020\/10\/Como-montar-um-Escritorio-de-Engenharia-e1602179934434.jpg\",\"contentUrl\":\"https:\/\/www.institutodeengenharia.org.br\/site\/wp-content\/uploads\/2020\/10\/Como-montar-um-Escritorio-de-Engenharia-e1602179934434.jpg\",\"width\":1197,\"height\":681},{\"@type\":\"BreadcrumbList\",\"@id\":\"https:\/\/www.institutodeengenharia.org.br\/site\/2020\/10\/21\/tecnicas-de-redacao-de-laudo\/#breadcrumb\",\"itemListElement\":[{\"@type\":\"ListItem\",\"position\":1,\"name\":\"In\u00edcio\",\"item\":\"https:\/\/www.institutodeengenharia.org.br\/site\/\"},{\"@type\":\"ListItem\",\"position\":2,\"name\":\"T\u00e9cnicas de Reda\u00e7\u00e3o de Laudo\"}]},{\"@type\":\"WebSite\",\"@id\":\"https:\/\/www.institutodeengenharia.org.br\/site\/#website\",\"url\":\"https:\/\/www.institutodeengenharia.org.br\/site\/\",\"name\":\"Instituto de Engenharia\",\"description\":\"O Instituto de Engenharia promove a Engenharia em benef\u00edcio do desenvolvimento e da qualidade de vida da sociedade.\",\"publisher\":{\"@id\":\"https:\/\/www.institutodeengenharia.org.br\/site\/#organization\"},\"potentialAction\":[{\"@type\":\"SearchAction\",\"target\":{\"@type\":\"EntryPoint\",\"urlTemplate\":\"https:\/\/www.institutodeengenharia.org.br\/site\/?s={search_term_string}\"},\"query-input\":{\"@type\":\"PropertyValueSpecification\",\"valueRequired\":true,\"valueName\":\"search_term_string\"}}],\"inLanguage\":\"pt-BR\"},{\"@type\":\"Organization\",\"@id\":\"https:\/\/www.institutodeengenharia.org.br\/site\/#organization\",\"name\":\"Instituto de Engenharia\",\"url\":\"https:\/\/www.institutodeengenharia.org.br\/site\/\",\"logo\":{\"@type\":\"ImageObject\",\"inLanguage\":\"pt-BR\",\"@id\":\"https:\/\/www.institutodeengenharia.org.br\/site\/#\/schema\/logo\/image\/\",\"url\":\"https:\/\/www.institutodeengenharia.org.br\/site\/wp-content\/uploads\/2019\/03\/logo-novo-IE2018-1.jpg\",\"contentUrl\":\"https:\/\/www.institutodeengenharia.org.br\/site\/wp-content\/uploads\/2019\/03\/logo-novo-IE2018-1.jpg\",\"width\":1486,\"height\":1879,\"caption\":\"Instituto de Engenharia\"},\"image\":{\"@id\":\"https:\/\/www.institutodeengenharia.org.br\/site\/#\/schema\/logo\/image\/\"},\"sameAs\":[\"https:\/\/www.facebook.com\/institutodeengenharia\",\"https:\/\/x.com\/iengenharia\",\"https:\/\/www.instagram.com\/institutodeengenharia\/\",\"https:\/\/www.linkedin.com\/company\/instituto-de-engenharia\/\",\"https:\/\/www.youtube.com\/channel\/UCXiCAlsSMe977vamW915HxA\"]},{\"@type\":\"Person\",\"@id\":\"https:\/\/www.institutodeengenharia.org.br\/site\/#\/schema\/person\/aeb64951c405e100d26d30b033dd423f\",\"name\":\"Bianca\",\"image\":{\"@type\":\"ImageObject\",\"inLanguage\":\"pt-BR\",\"@id\":\"https:\/\/secure.gravatar.com\/avatar\/a6fbe9bff57405baf4c1e2c5c1811e072b558253974a9f9508f4678900c97c2a?s=96&d=mm&r=g\",\"url\":\"https:\/\/secure.gravatar.com\/avatar\/a6fbe9bff57405baf4c1e2c5c1811e072b558253974a9f9508f4678900c97c2a?s=96&d=mm&r=g\",\"contentUrl\":\"https:\/\/secure.gravatar.com\/avatar\/a6fbe9bff57405baf4c1e2c5c1811e072b558253974a9f9508f4678900c97c2a?s=96&d=mm&r=g\",\"caption\":\"Bianca\"},\"url\":\"https:\/\/www.institutodeengenharia.org.br\/site\/author\/comunicacao1\/\"}]}<\/script>\n<!-- \/ Yoast SEO plugin. -->","yoast_head_json":{"title":"T\u00e9cnicas de Reda\u00e7\u00e3o de Laudo - Instituto de Engenharia","robots":{"index":"index","follow":"follow","max-snippet":"max-snippet:-1","max-image-preview":"max-image-preview:large","max-video-preview":"max-video-preview:-1"},"canonical":"https:\/\/www.institutodeengenharia.org.br\/site\/2020\/10\/21\/tecnicas-de-redacao-de-laudo\/","og_locale":"pt_BR","og_type":"article","og_title":"T\u00e9cnicas de Reda\u00e7\u00e3o de Laudo - Instituto de Engenharia","og_description":"Assista abaixo \u00e0 grava\u00e7\u00e3o: &nbsp; + Informa\u00e7\u00f5es: Abordagem: Apresentar aos peritos e assistentes t\u00e9cnicas de reda\u00e7\u00e3o de laudos e pareceres t\u00e9cnicos nos diversos tipos de a\u00e7\u00f5es judiciais e extrajudiciais. P\u00fablico-alvo:\u00a0 Engenheiros e arquitetos, peritos e assistentes t\u00e9cnicos. Painelista: Prof. Dr. Jos\u00e9 Fiker Doutor em Semi\u00f3tica e Lingu\u00edstica Geral (com \u00eanfase em Laudos. Foi fundador e [&hellip;]","og_url":"https:\/\/www.institutodeengenharia.org.br\/site\/2020\/10\/21\/tecnicas-de-redacao-de-laudo\/","og_site_name":"Instituto de Engenharia","article_publisher":"https:\/\/www.facebook.com\/institutodeengenharia","article_published_time":"2020-10-21T21:00:34+00:00","article_modified_time":"2020-11-03T19:58:56+00:00","og_image":[{"width":1197,"height":681,"url":"https:\/\/www.institutodeengenharia.org.br\/site\/wp-content\/uploads\/2020\/10\/Como-montar-um-Escritorio-de-Engenharia-e1602179934434.jpg","type":"image\/jpeg"}],"author":"Bianca","twitter_card":"summary_large_image","twitter_creator":"@iengenharia","twitter_site":"@iengenharia","twitter_misc":{"Escrito por":"Bianca","Est. tempo de leitura":"3 minutos"},"schema":{"@context":"https:\/\/schema.org","@graph":[{"@type":"Article","@id":"https:\/\/www.institutodeengenharia.org.br\/site\/2020\/10\/21\/tecnicas-de-redacao-de-laudo\/#article","isPartOf":{"@id":"https:\/\/www.institutodeengenharia.org.br\/site\/2020\/10\/21\/tecnicas-de-redacao-de-laudo\/"},"author":{"name":"Bianca","@id":"https:\/\/www.institutodeengenharia.org.br\/site\/#\/schema\/person\/aeb64951c405e100d26d30b033dd423f"},"headline":"T\u00e9cnicas de Reda\u00e7\u00e3o de Laudo","datePublished":"2020-10-21T21:00:34+00:00","dateModified":"2020-11-03T19:58:56+00:00","mainEntityOfPage":{"@id":"https:\/\/www.institutodeengenharia.org.br\/site\/2020\/10\/21\/tecnicas-de-redacao-de-laudo\/"},"wordCount":559,"commentCount":0,"publisher":{"@id":"https:\/\/www.institutodeengenharia.org.br\/site\/#organization"},"image":{"@id":"https:\/\/www.institutodeengenharia.org.br\/site\/2020\/10\/21\/tecnicas-de-redacao-de-laudo\/#primaryimage"},"thumbnailUrl":"https:\/\/www.institutodeengenharia.org.br\/site\/wp-content\/uploads\/2020\/10\/Como-montar-um-Escritorio-de-Engenharia-e1602179934434.jpg","articleSection":["Departamento Desenvolvimento de Gest\u00e3o e Objetivos","Divis\u00e3o T\u00e9cnica de Avalia\u00e7\u00f5es e Per\u00edcias","Nova TV Engenharia","Palestra"],"inLanguage":"pt-BR","potentialAction":[{"@type":"CommentAction","name":"Comment","target":["https:\/\/www.institutodeengenharia.org.br\/site\/2020\/10\/21\/tecnicas-de-redacao-de-laudo\/#respond"]}]},{"@type":"WebPage","@id":"https:\/\/www.institutodeengenharia.org.br\/site\/2020\/10\/21\/tecnicas-de-redacao-de-laudo\/","url":"https:\/\/www.institutodeengenharia.org.br\/site\/2020\/10\/21\/tecnicas-de-redacao-de-laudo\/","name":"T\u00e9cnicas de Reda\u00e7\u00e3o de Laudo - Instituto de Engenharia","isPartOf":{"@id":"https:\/\/www.institutodeengenharia.org.br\/site\/#website"},"primaryImageOfPage":{"@id":"https:\/\/www.institutodeengenharia.org.br\/site\/2020\/10\/21\/tecnicas-de-redacao-de-laudo\/#primaryimage"},"image":{"@id":"https:\/\/www.institutodeengenharia.org.br\/site\/2020\/10\/21\/tecnicas-de-redacao-de-laudo\/#primaryimage"},"thumbnailUrl":"https:\/\/www.institutodeengenharia.org.br\/site\/wp-content\/uploads\/2020\/10\/Como-montar-um-Escritorio-de-Engenharia-e1602179934434.jpg","datePublished":"2020-10-21T21:00:34+00:00","dateModified":"2020-11-03T19:58:56+00:00","breadcrumb":{"@id":"https:\/\/www.institutodeengenharia.org.br\/site\/2020\/10\/21\/tecnicas-de-redacao-de-laudo\/#breadcrumb"},"inLanguage":"pt-BR","potentialAction":[{"@type":"ReadAction","target":["https:\/\/www.institutodeengenharia.org.br\/site\/2020\/10\/21\/tecnicas-de-redacao-de-laudo\/"]}]},{"@type":"ImageObject","inLanguage":"pt-BR","@id":"https:\/\/www.institutodeengenharia.org.br\/site\/2020\/10\/21\/tecnicas-de-redacao-de-laudo\/#primaryimage","url":"https:\/\/www.institutodeengenharia.org.br\/site\/wp-content\/uploads\/2020\/10\/Como-montar-um-Escritorio-de-Engenharia-e1602179934434.jpg","contentUrl":"https:\/\/www.institutodeengenharia.org.br\/site\/wp-content\/uploads\/2020\/10\/Como-montar-um-Escritorio-de-Engenharia-e1602179934434.jpg","width":1197,"height":681},{"@type":"BreadcrumbList","@id":"https:\/\/www.institutodeengenharia.org.br\/site\/2020\/10\/21\/tecnicas-de-redacao-de-laudo\/#breadcrumb","itemListElement":[{"@type":"ListItem","position":1,"name":"In\u00edcio","item":"https:\/\/www.institutodeengenharia.org.br\/site\/"},{"@type":"ListItem","position":2,"name":"T\u00e9cnicas de Reda\u00e7\u00e3o de Laudo"}]},{"@type":"WebSite","@id":"https:\/\/www.institutodeengenharia.org.br\/site\/#website","url":"https:\/\/www.institutodeengenharia.org.br\/site\/","name":"Instituto de Engenharia","description":"O Instituto de Engenharia promove a Engenharia em benef\u00edcio do desenvolvimento e da qualidade de vida da sociedade.","publisher":{"@id":"https:\/\/www.institutodeengenharia.org.br\/site\/#organization"},"potentialAction":[{"@type":"SearchAction","target":{"@type":"EntryPoint","urlTemplate":"https:\/\/www.institutodeengenharia.org.br\/site\/?s={search_term_string}"},"query-input":{"@type":"PropertyValueSpecification","valueRequired":true,"valueName":"search_term_string"}}],"inLanguage":"pt-BR"},{"@type":"Organization","@id":"https:\/\/www.institutodeengenharia.org.br\/site\/#organization","name":"Instituto de Engenharia","url":"https:\/\/www.institutodeengenharia.org.br\/site\/","logo":{"@type":"ImageObject","inLanguage":"pt-BR","@id":"https:\/\/www.institutodeengenharia.org.br\/site\/#\/schema\/logo\/image\/","url":"https:\/\/www.institutodeengenharia.org.br\/site\/wp-content\/uploads\/2019\/03\/logo-novo-IE2018-1.jpg","contentUrl":"https:\/\/www.institutodeengenharia.org.br\/site\/wp-content\/uploads\/2019\/03\/logo-novo-IE2018-1.jpg","width":1486,"height":1879,"caption":"Instituto de Engenharia"},"image":{"@id":"https:\/\/www.institutodeengenharia.org.br\/site\/#\/schema\/logo\/image\/"},"sameAs":["https:\/\/www.facebook.com\/institutodeengenharia","https:\/\/x.com\/iengenharia","https:\/\/www.instagram.com\/institutodeengenharia\/","https:\/\/www.linkedin.com\/company\/instituto-de-engenharia\/","https:\/\/www.youtube.com\/channel\/UCXiCAlsSMe977vamW915HxA"]},{"@type":"Person","@id":"https:\/\/www.institutodeengenharia.org.br\/site\/#\/schema\/person\/aeb64951c405e100d26d30b033dd423f","name":"Bianca","image":{"@type":"ImageObject","inLanguage":"pt-BR","@id":"https:\/\/secure.gravatar.com\/avatar\/a6fbe9bff57405baf4c1e2c5c1811e072b558253974a9f9508f4678900c97c2a?s=96&d=mm&r=g","url":"https:\/\/secure.gravatar.com\/avatar\/a6fbe9bff57405baf4c1e2c5c1811e072b558253974a9f9508f4678900c97c2a?s=96&d=mm&r=g","contentUrl":"https:\/\/secure.gravatar.com\/avatar\/a6fbe9bff57405baf4c1e2c5c1811e072b558253974a9f9508f4678900c97c2a?s=96&d=mm&r=g","caption":"Bianca"},"url":"https:\/\/www.institutodeengenharia.org.br\/site\/author\/comunicacao1\/"}]}},"_links":{"self":[{"href":"https:\/\/www.institutodeengenharia.org.br\/site\/wp-json\/wp\/v2\/posts\/72506","targetHints":{"allow":["GET"]}}],"collection":[{"href":"https:\/\/www.institutodeengenharia.org.br\/site\/wp-json\/wp\/v2\/posts"}],"about":[{"href":"https:\/\/www.institutodeengenharia.org.br\/site\/wp-json\/wp\/v2\/types\/post"}],"author":[{"embeddable":true,"href":"https:\/\/www.institutodeengenharia.org.br\/site\/wp-json\/wp\/v2\/users\/13"}],"replies":[{"embeddable":true,"href":"https:\/\/www.institutodeengenharia.org.br\/site\/wp-json\/wp\/v2\/comments?post=72506"}],"version-history":[{"count":1,"href":"https:\/\/www.institutodeengenharia.org.br\/site\/wp-json\/wp\/v2\/posts\/72506\/revisions"}],"predecessor-version":[{"id":72507,"href":"https:\/\/www.institutodeengenharia.org.br\/site\/wp-json\/wp\/v2\/posts\/72506\/revisions\/72507"}],"wp:featuredmedia":[{"embeddable":true,"href":"https:\/\/www.institutodeengenharia.org.br\/site\/wp-json\/wp\/v2\/media\/71591"}],"wp:attachment":[{"href":"https:\/\/www.institutodeengenharia.org.br\/site\/wp-json\/wp\/v2\/media?parent=72506"}],"wp:term":[{"taxonomy":"category","embeddable":true,"href":"https:\/\/www.institutodeengenharia.org.br\/site\/wp-json\/wp\/v2\/categories?post=72506"},{"taxonomy":"post_tag","embeddable":true,"href":"https:\/\/www.institutodeengenharia.org.br\/site\/wp-json\/wp\/v2\/tags?post=72506"}],"curies":[{"name":"wp","href":"https:\/\/api.w.org\/{rel}","templated":true}]}}