{"id":72049,"date":"2020-09-16T10:00:40","date_gmt":"2020-09-16T13:00:40","guid":{"rendered":"https:\/\/www.institutodeengenharia.org.br\/site\/?p=72049"},"modified":"2020-10-20T16:36:31","modified_gmt":"2020-10-20T19:36:31","slug":"webinar-cma-ie-curador-especial-na-arbitragem-quando-a-requerida-nao-comparece","status":"publish","type":"post","link":"https:\/\/www.institutodeengenharia.org.br\/site\/2020\/09\/16\/webinar-cma-ie-curador-especial-na-arbitragem-quando-a-requerida-nao-comparece\/","title":{"rendered":"Webinar CMA-IE: Curador Especial na Arbitragem &#8211; Quando a requerida n\u00e3o comparece"},"content":{"rendered":"<p><strong>Assista abaixo \u00e0 grava\u00e7\u00e3o:<\/strong><\/p>\n<p><iframe loading=\"lazy\" src=\"https:\/\/player.vimeo.com\/video\/470218636\" width=\"640\" height=\"346\" frameborder=\"0\" allowfullscreen=\"allowfullscreen\"><\/iframe><br \/>\n&nbsp;<\/p>\n<p>&nbsp;<\/p>\n<p><strong>+ Informa\u00e7\u00f5es:<\/strong><\/p>\n<p><strong>P\u00fablico-alvo:<\/strong><\/p>\n<p>Mediadores, advogados, engenheiros, universit\u00e1rios e demais interessados.<\/p>\n<p><b>Palestrantes:<\/b><\/p>\n<p><img loading=\"lazy\" decoding=\"async\" class=\"alignnone wp-image-42480\" src=\"https:\/\/www.institutodeengenharia.org.br\/site\/wp-content\/uploads\/2019\/05\/Adriana-Sarra.jpg\" alt=\"\" width=\"131\" height=\"156\" srcset=\"https:\/\/www.institutodeengenharia.org.br\/site\/wp-content\/uploads\/2019\/05\/Adriana-Sarra.jpg 601w, https:\/\/www.institutodeengenharia.org.br\/site\/wp-content\/uploads\/2019\/05\/Adriana-Sarra-251x300.jpg 251w, https:\/\/www.institutodeengenharia.org.br\/site\/wp-content\/uploads\/2019\/05\/Adriana-Sarra-351x420.jpg 351w\" sizes=\"auto, (max-width: 131px) 100vw, 131px\" \/><\/p>\n<p><strong>Adriana Sarra<\/strong><br \/>\nAdvogada de Toledo Marchetti Advogados<\/p>\n<p>Doutoranda e mestre em Direito Civil pela USP. Advogada especializada em Direito da Constru\u00e7\u00e3o e em Arbitragem, integrante do escrit\u00f3rio Toledo Marchetti Advogados. Autora do livro &#8220;O Contrato de EPC:\u00a0<i>Engineering, Procurement and Construction<\/i>&#8221;\u00a0(Almedina, 2019). Coordenadora adjunta do Comit\u00ea de Media\u00e7\u00e3o e Arbitragem do Infra Women. Integrante da Diretoria de 2020 da se\u00e7\u00e3o brasileira da Associa\u00e7\u00e3o para o Desenvolvimento da Engenharia de Custos (AACE-Brasil) e da Diretoria da Iniciativa dos Novos Arbitralistas da AMCHAM (INOVARB-AMCHAM).<\/p>\n<p><img loading=\"lazy\" decoding=\"async\" class=\"alignnone wp-image-43727\" src=\"https:\/\/www.institutodeengenharia.org.br\/site\/wp-content\/uploads\/2019\/09\/Ane-1-e1598541748862.jpg\" alt=\"\" width=\"131\" height=\"147\" srcset=\"https:\/\/www.institutodeengenharia.org.br\/site\/wp-content\/uploads\/2019\/09\/Ane-1-e1598541748862.jpg 2149w, https:\/\/www.institutodeengenharia.org.br\/site\/wp-content\/uploads\/2019\/09\/Ane-1-e1598541748862-268x300.jpg 268w, https:\/\/www.institutodeengenharia.org.br\/site\/wp-content\/uploads\/2019\/09\/Ane-1-e1598541748862-768x859.jpg 768w, https:\/\/www.institutodeengenharia.org.br\/site\/wp-content\/uploads\/2019\/09\/Ane-1-e1598541748862-915x1024.jpg 915w, https:\/\/www.institutodeengenharia.org.br\/site\/wp-content\/uploads\/2019\/09\/Ane-1-e1598541748862-696x779.jpg 696w, https:\/\/www.institutodeengenharia.org.br\/site\/wp-content\/uploads\/2019\/09\/Ane-1-e1598541748862-1068x1195.jpg 1068w, https:\/\/www.institutodeengenharia.org.br\/site\/wp-content\/uploads\/2019\/09\/Ane-1-e1598541748862-375x420.jpg 375w, https:\/\/www.institutodeengenharia.org.br\/site\/wp-content\/uploads\/2019\/09\/Ane-1-e1598541748862-1920x2149.jpg 1920w, https:\/\/www.institutodeengenharia.org.br\/site\/wp-content\/uploads\/2019\/09\/Ane-1-e1598541748862-600x671.jpg 600w\" sizes=\"auto, (max-width: 131px) 100vw, 131px\" \/><\/p>\n<p><strong>Ane Elisa Perez<\/strong><br \/>\nS\u00f3cia na Manesco, Ramires, Perez, Azevedo Marques, Sociedade de Advogados.<\/p>\n<p>Graduada em Direito pela Pontif\u00edcia Universidade Cat\u00f3lica de S\u00e3o Paulo (PUC-SP), em 1994. Especialista em Direito Administrativo pela Funda\u00e7\u00e3o Get\u00falio Vargas (GVLaw). Com mestrado em Direito Constitucional pela PUC-SP em andamento. Pesquisadora na Facolt\u00e1 di Giurisprudenza de Lecce \u2013 Dezembro 2019 \u2013 Fevereiro 2020. Atua na \u00e1rea de Direito Administrativo, especialmente em Arbitragem e Media\u00e7\u00e3o, Lit\u00edgios e Contencioso; grandes contratos envolvendo a Administra\u00e7\u00e3o P\u00fablica e entidades privadas no setor de Infraestrutura. \u00c9 tamb\u00e9m vice-presidente da Comiss\u00e3o de Arbitragem da OAB\/SP; conselheira Seccional da OAB\/SP; membro da 5a. C\u00e2mara Recursal da OAB\/SP; integrante da Comiss\u00e3o de Arbitragem e Media\u00e7\u00e3o da ICC Brasil e membro do IBDIC.<\/p>\n<p><img loading=\"lazy\" decoding=\"async\" class=\"alignnone wp-image-70337\" src=\"https:\/\/www.institutodeengenharia.org.br\/site\/wp-content\/uploads\/2020\/08\/Ricardo-Arce.png\" alt=\"\" width=\"139\" height=\"172\" \/><\/p>\n<p><strong>Ricardo Arce<\/strong><br \/>\nAdvocacia Ricardo Arce<\/p>\n<p>Advogado especializado em resolu\u00e7\u00e3o de disputas com foco em arbitragem e contencioso pr\u00e9-arbitral. Graduado pela PUC-SP em 2005, p\u00f3s-graduado em Direito de Imigra\u00e7\u00e3o e Enforcement pela University of British Columbia (UBC) em 2008, (Vancouver, Canad\u00e1), e LL.M em Direito Tribut\u00e1rio Americano pela University of Washington (Seattle, EUA), em 2011. Membro da Lista de \u00c1rbitros da C\u00e2mara de Media\u00e7\u00e3o e Arbitragem das Euroc\u00e2maras\u00a0\u2013\u00a0CAE.<\/p>\n<p><img loading=\"lazy\" decoding=\"async\" class=\"alignnone wp-image-70338\" src=\"https:\/\/www.institutodeengenharia.org.br\/site\/wp-content\/uploads\/2020\/08\/Raphael-Jad\u00e3o.png\" alt=\"\" width=\"140\" height=\"153\" \/><\/p>\n<p><strong>Raphael Jad\u00e3o<\/strong><br \/>\nS\u00f3cio de Souto Correa Advogados<\/p>\n<p>Advogado com experi\u00eancia em Arbitragem Comercial Internacional, Resolu\u00e7\u00e3o Alternativa de Disputas bem como a \u00e1rea de Disputas Judiciais. Com mestrado na \u00e1rea de Resolu\u00e7\u00e3o de Disputas pela Queen Mary University of London, e doutorando na mesma \u00e1rea, possui s\u00f3lido<em> background<\/em> na condu\u00e7\u00e3o de arbitragens comerciais nacionais e internacionais, atendendo os mais diversos portes de clientes e segmentos. \u00c9 tamb\u00e9m certificado pela University of London para atuar como mediador nas mais diversas contendas.<\/p>\n<p><strong>Moderadora:<\/strong><\/p>\n<p><img loading=\"lazy\" decoding=\"async\" class=\"alignnone wp-image-65687\" src=\"https:\/\/www.institutodeengenharia.org.br\/site\/wp-content\/uploads\/2020\/05\/maria-roseli.jpg\" alt=\"\" width=\"141\" height=\"147\" \/><\/p>\n<p><strong>Maria Roseli Candido Costa <\/strong><br \/>\nS\u00f3cia de Candido Costa &amp; Cancio Advogados Associados<\/p>\n<p>Advogada graduada pela Universidade Federal de Uberl\u00e2ndia\/MG, especialista em Direito Societ\u00e1rio pelo IBMEC; Direito Tribut\u00e1rio pela PUC-SP; e Direito Empresarial pela FGV \u2013 GVLaw. MBA em Inicia\u00e7\u00e3o e Gest\u00e3o de EAD (Educa\u00e7\u00e3o a Dist\u00e2ncia) pela Universidade de S\u00e3o Paulo. Estudos continuados em arbitragem pela PUC-SP e pela AASP. Membro do conselho do Instituto Brasileiro de Direito da Constru\u00e7\u00e3o \u2013 IBDiC, da C\u00e2mara de Media\u00e7\u00e3o e Arbitragem do Instituto de Engenharia \u2013 CMA-IE e do Instituto Ibero-americano de Gest\u00e3o de Conflitos \u2013 IBGConf.<\/p>\n<p><strong>Realiza\u00e7\u00e3o:<\/strong><\/p>\n<p><img loading=\"lazy\" decoding=\"async\" class=\"wp-image-69924 alignleft\" src=\"https:\/\/www.institutodeengenharia.org.br\/site\/wp-content\/uploads\/2020\/08\/logo-novo-IE2018-2.png\" alt=\"\" width=\"236\" height=\"72\" srcset=\"https:\/\/www.institutodeengenharia.org.br\/site\/wp-content\/uploads\/2020\/08\/logo-novo-IE2018-2.png 3040w, https:\/\/www.institutodeengenharia.org.br\/site\/wp-content\/uploads\/2020\/08\/logo-novo-IE2018-2-300x91.png 300w, https:\/\/www.institutodeengenharia.org.br\/site\/wp-content\/uploads\/2020\/08\/logo-novo-IE2018-2-768x234.png 768w, https:\/\/www.institutodeengenharia.org.br\/site\/wp-content\/uploads\/2020\/08\/logo-novo-IE2018-2-1024x312.png 1024w, https:\/\/www.institutodeengenharia.org.br\/site\/wp-content\/uploads\/2020\/08\/logo-novo-IE2018-2-696x212.png 696w, https:\/\/www.institutodeengenharia.org.br\/site\/wp-content\/uploads\/2020\/08\/logo-novo-IE2018-2-1068x325.png 1068w, https:\/\/www.institutodeengenharia.org.br\/site\/wp-content\/uploads\/2020\/08\/logo-novo-IE2018-2-1379x420.png 1379w, https:\/\/www.institutodeengenharia.org.br\/site\/wp-content\/uploads\/2020\/08\/logo-novo-IE2018-2-1920x585.png 1920w, https:\/\/www.institutodeengenharia.org.br\/site\/wp-content\/uploads\/2020\/08\/logo-novo-IE2018-2-600x183.png 600w\" sizes=\"auto, (max-width: 236px) 100vw, 236px\" \/><img loading=\"lazy\" decoding=\"async\" class=\"wp-image-28170 alignleft\" src=\"https:\/\/www.institutodeengenharia.org.br\/site\/wp-content\/uploads\/2017\/09\/CMA-IE.jpg\" alt=\"\" width=\"114\" height=\"114\" srcset=\"https:\/\/www.institutodeengenharia.org.br\/site\/wp-content\/uploads\/2017\/09\/CMA-IE.jpg 177w, https:\/\/www.institutodeengenharia.org.br\/site\/wp-content\/uploads\/2017\/09\/CMA-IE-150x150.jpg 150w\" sizes=\"auto, (max-width: 114px) 100vw, 114px\" \/><img loading=\"lazy\" decoding=\"async\" class=\"wp-image-39122 alignleft\" src=\"https:\/\/www.institutodeengenharia.org.br\/site\/wp-content\/uploads\/2018\/11\/logo-conima-2018-e1598542162293.png\" alt=\"\" width=\"170\" height=\"105\" srcset=\"https:\/\/www.institutodeengenharia.org.br\/site\/wp-content\/uploads\/2018\/11\/logo-conima-2018-e1598542162293.png 632w, https:\/\/www.institutodeengenharia.org.br\/site\/wp-content\/uploads\/2018\/11\/logo-conima-2018-e1598542162293-300x186.png 300w, https:\/\/www.institutodeengenharia.org.br\/site\/wp-content\/uploads\/2018\/11\/logo-conima-2018-e1598542162293-356x220.png 356w, https:\/\/www.institutodeengenharia.org.br\/site\/wp-content\/uploads\/2018\/11\/logo-conima-2018-e1598542162293-600x371.png 600w\" sizes=\"auto, (max-width: 170px) 100vw, 170px\" \/><\/p>\n","protected":false},"excerpt":{"rendered":"<p>Assista abaixo \u00e0 grava\u00e7\u00e3o: &nbsp; &nbsp; + Informa\u00e7\u00f5es: P\u00fablico-alvo: Mediadores, advogados, engenheiros, universit\u00e1rios e demais interessados. Palestrantes: Adriana Sarra Advogada de Toledo Marchetti Advogados Doutoranda e mestre em Direito Civil pela USP. Advogada especializada em Direito da Constru\u00e7\u00e3o e em Arbitragem, integrante do escrit\u00f3rio Toledo Marchetti Advogados. Autora do livro &#8220;O Contrato de EPC:\u00a0Engineering, Procurement [&hellip;]<\/p>\n","protected":false},"author":13,"featured_media":70347,"comment_status":"open","ping_status":"open","sticky":false,"template":"","format":"standard","meta":{"footnotes":""},"categories":[968,969],"tags":[],"class_list":{"0":"post-72049","1":"post","2":"type-post","3":"status-publish","4":"format-standard","5":"has-post-thumbnail","7":"category-nova-tv-engenharia","8":"category-palestra"},"yoast_head":"<!-- This site is optimized with the Yoast SEO plugin v27.2 - https:\/\/yoast.com\/product\/yoast-seo-wordpress\/ -->\n<title>Webinar CMA-IE: Curador Especial na Arbitragem - Quando a requerida n\u00e3o comparece - Instituto de Engenharia<\/title>\n<meta name=\"robots\" content=\"index, follow, max-snippet:-1, max-image-preview:large, max-video-preview:-1\" \/>\n<link rel=\"canonical\" href=\"https:\/\/www.institutodeengenharia.org.br\/site\/2020\/09\/16\/webinar-cma-ie-curador-especial-na-arbitragem-quando-a-requerida-nao-comparece\/\" \/>\n<meta property=\"og:locale\" content=\"pt_BR\" \/>\n<meta property=\"og:type\" content=\"article\" \/>\n<meta property=\"og:title\" content=\"Webinar CMA-IE: Curador Especial na Arbitragem - Quando a requerida n\u00e3o comparece - Instituto de Engenharia\" \/>\n<meta property=\"og:description\" content=\"Assista abaixo \u00e0 grava\u00e7\u00e3o: &nbsp; &nbsp; + Informa\u00e7\u00f5es: P\u00fablico-alvo: Mediadores, advogados, engenheiros, universit\u00e1rios e demais interessados. Palestrantes: Adriana Sarra Advogada de Toledo Marchetti Advogados Doutoranda e mestre em Direito Civil pela USP. Advogada especializada em Direito da Constru\u00e7\u00e3o e em Arbitragem, integrante do escrit\u00f3rio Toledo Marchetti Advogados. Autora do livro &#8220;O Contrato de EPC:\u00a0Engineering, Procurement [&hellip;]\" \/>\n<meta property=\"og:url\" content=\"https:\/\/www.institutodeengenharia.org.br\/site\/2020\/09\/16\/webinar-cma-ie-curador-especial-na-arbitragem-quando-a-requerida-nao-comparece\/\" \/>\n<meta property=\"og:site_name\" content=\"Instituto de Engenharia\" \/>\n<meta property=\"article:publisher\" content=\"https:\/\/www.facebook.com\/institutodeengenharia\" \/>\n<meta property=\"article:published_time\" content=\"2020-09-16T13:00:40+00:00\" \/>\n<meta property=\"article:modified_time\" content=\"2020-10-20T19:36:31+00:00\" \/>\n<meta property=\"og:image\" content=\"https:\/\/www.institutodeengenharia.org.br\/site\/wp-content\/uploads\/2020\/08\/5804_3431.jpg\" \/>\n\t<meta property=\"og:image:width\" content=\"650\" \/>\n\t<meta property=\"og:image:height\" content=\"383\" \/>\n\t<meta property=\"og:image:type\" content=\"image\/jpeg\" \/>\n<meta name=\"author\" content=\"Bianca\" \/>\n<meta name=\"twitter:card\" content=\"summary_large_image\" \/>\n<meta name=\"twitter:creator\" content=\"@iengenharia\" \/>\n<meta name=\"twitter:site\" content=\"@iengenharia\" \/>\n<meta name=\"twitter:label1\" content=\"Escrito por\" \/>\n\t<meta name=\"twitter:data1\" content=\"Bianca\" \/>\n\t<meta name=\"twitter:label2\" content=\"Est. tempo de leitura\" \/>\n\t<meta name=\"twitter:data2\" content=\"3 minutos\" \/>\n<script type=\"application\/ld+json\" class=\"yoast-schema-graph\">{\"@context\":\"https:\/\/schema.org\",\"@graph\":[{\"@type\":\"Article\",\"@id\":\"https:\/\/www.institutodeengenharia.org.br\/site\/2020\/09\/16\/webinar-cma-ie-curador-especial-na-arbitragem-quando-a-requerida-nao-comparece\/#article\",\"isPartOf\":{\"@id\":\"https:\/\/www.institutodeengenharia.org.br\/site\/2020\/09\/16\/webinar-cma-ie-curador-especial-na-arbitragem-quando-a-requerida-nao-comparece\/\"},\"author\":{\"name\":\"Bianca\",\"@id\":\"https:\/\/www.institutodeengenharia.org.br\/site\/#\/schema\/person\/aeb64951c405e100d26d30b033dd423f\"},\"headline\":\"Webinar CMA-IE: Curador Especial na Arbitragem &#8211; Quando a requerida n\u00e3o comparece\",\"datePublished\":\"2020-09-16T13:00:40+00:00\",\"dateModified\":\"2020-10-20T19:36:31+00:00\",\"mainEntityOfPage\":{\"@id\":\"https:\/\/www.institutodeengenharia.org.br\/site\/2020\/09\/16\/webinar-cma-ie-curador-especial-na-arbitragem-quando-a-requerida-nao-comparece\/\"},\"wordCount\":515,\"commentCount\":0,\"publisher\":{\"@id\":\"https:\/\/www.institutodeengenharia.org.br\/site\/#organization\"},\"image\":{\"@id\":\"https:\/\/www.institutodeengenharia.org.br\/site\/2020\/09\/16\/webinar-cma-ie-curador-especial-na-arbitragem-quando-a-requerida-nao-comparece\/#primaryimage\"},\"thumbnailUrl\":\"https:\/\/www.institutodeengenharia.org.br\/site\/wp-content\/uploads\/2020\/08\/5804_3431.jpg\",\"articleSection\":[\"Nova TV Engenharia\",\"Palestra\"],\"inLanguage\":\"pt-BR\",\"potentialAction\":[{\"@type\":\"CommentAction\",\"name\":\"Comment\",\"target\":[\"https:\/\/www.institutodeengenharia.org.br\/site\/2020\/09\/16\/webinar-cma-ie-curador-especial-na-arbitragem-quando-a-requerida-nao-comparece\/#respond\"]}]},{\"@type\":\"WebPage\",\"@id\":\"https:\/\/www.institutodeengenharia.org.br\/site\/2020\/09\/16\/webinar-cma-ie-curador-especial-na-arbitragem-quando-a-requerida-nao-comparece\/\",\"url\":\"https:\/\/www.institutodeengenharia.org.br\/site\/2020\/09\/16\/webinar-cma-ie-curador-especial-na-arbitragem-quando-a-requerida-nao-comparece\/\",\"name\":\"Webinar CMA-IE: Curador Especial na Arbitragem - Quando a requerida n\u00e3o comparece - Instituto de Engenharia\",\"isPartOf\":{\"@id\":\"https:\/\/www.institutodeengenharia.org.br\/site\/#website\"},\"primaryImageOfPage\":{\"@id\":\"https:\/\/www.institutodeengenharia.org.br\/site\/2020\/09\/16\/webinar-cma-ie-curador-especial-na-arbitragem-quando-a-requerida-nao-comparece\/#primaryimage\"},\"image\":{\"@id\":\"https:\/\/www.institutodeengenharia.org.br\/site\/2020\/09\/16\/webinar-cma-ie-curador-especial-na-arbitragem-quando-a-requerida-nao-comparece\/#primaryimage\"},\"thumbnailUrl\":\"https:\/\/www.institutodeengenharia.org.br\/site\/wp-content\/uploads\/2020\/08\/5804_3431.jpg\",\"datePublished\":\"2020-09-16T13:00:40+00:00\",\"dateModified\":\"2020-10-20T19:36:31+00:00\",\"breadcrumb\":{\"@id\":\"https:\/\/www.institutodeengenharia.org.br\/site\/2020\/09\/16\/webinar-cma-ie-curador-especial-na-arbitragem-quando-a-requerida-nao-comparece\/#breadcrumb\"},\"inLanguage\":\"pt-BR\",\"potentialAction\":[{\"@type\":\"ReadAction\",\"target\":[\"https:\/\/www.institutodeengenharia.org.br\/site\/2020\/09\/16\/webinar-cma-ie-curador-especial-na-arbitragem-quando-a-requerida-nao-comparece\/\"]}]},{\"@type\":\"ImageObject\",\"inLanguage\":\"pt-BR\",\"@id\":\"https:\/\/www.institutodeengenharia.org.br\/site\/2020\/09\/16\/webinar-cma-ie-curador-especial-na-arbitragem-quando-a-requerida-nao-comparece\/#primaryimage\",\"url\":\"https:\/\/www.institutodeengenharia.org.br\/site\/wp-content\/uploads\/2020\/08\/5804_3431.jpg\",\"contentUrl\":\"https:\/\/www.institutodeengenharia.org.br\/site\/wp-content\/uploads\/2020\/08\/5804_3431.jpg\",\"width\":650,\"height\":383},{\"@type\":\"BreadcrumbList\",\"@id\":\"https:\/\/www.institutodeengenharia.org.br\/site\/2020\/09\/16\/webinar-cma-ie-curador-especial-na-arbitragem-quando-a-requerida-nao-comparece\/#breadcrumb\",\"itemListElement\":[{\"@type\":\"ListItem\",\"position\":1,\"name\":\"In\u00edcio\",\"item\":\"https:\/\/www.institutodeengenharia.org.br\/site\/\"},{\"@type\":\"ListItem\",\"position\":2,\"name\":\"Webinar CMA-IE: Curador Especial na Arbitragem &#8211; Quando a requerida n\u00e3o comparece\"}]},{\"@type\":\"WebSite\",\"@id\":\"https:\/\/www.institutodeengenharia.org.br\/site\/#website\",\"url\":\"https:\/\/www.institutodeengenharia.org.br\/site\/\",\"name\":\"Instituto de Engenharia\",\"description\":\"O Instituto de Engenharia promove a Engenharia em benef\u00edcio do desenvolvimento e da qualidade de vida da sociedade.\",\"publisher\":{\"@id\":\"https:\/\/www.institutodeengenharia.org.br\/site\/#organization\"},\"potentialAction\":[{\"@type\":\"SearchAction\",\"target\":{\"@type\":\"EntryPoint\",\"urlTemplate\":\"https:\/\/www.institutodeengenharia.org.br\/site\/?s={search_term_string}\"},\"query-input\":{\"@type\":\"PropertyValueSpecification\",\"valueRequired\":true,\"valueName\":\"search_term_string\"}}],\"inLanguage\":\"pt-BR\"},{\"@type\":\"Organization\",\"@id\":\"https:\/\/www.institutodeengenharia.org.br\/site\/#organization\",\"name\":\"Instituto de Engenharia\",\"url\":\"https:\/\/www.institutodeengenharia.org.br\/site\/\",\"logo\":{\"@type\":\"ImageObject\",\"inLanguage\":\"pt-BR\",\"@id\":\"https:\/\/www.institutodeengenharia.org.br\/site\/#\/schema\/logo\/image\/\",\"url\":\"https:\/\/www.institutodeengenharia.org.br\/site\/wp-content\/uploads\/2019\/03\/logo-novo-IE2018-1.jpg\",\"contentUrl\":\"https:\/\/www.institutodeengenharia.org.br\/site\/wp-content\/uploads\/2019\/03\/logo-novo-IE2018-1.jpg\",\"width\":1486,\"height\":1879,\"caption\":\"Instituto de Engenharia\"},\"image\":{\"@id\":\"https:\/\/www.institutodeengenharia.org.br\/site\/#\/schema\/logo\/image\/\"},\"sameAs\":[\"https:\/\/www.facebook.com\/institutodeengenharia\",\"https:\/\/x.com\/iengenharia\",\"https:\/\/www.instagram.com\/institutodeengenharia\/\",\"https:\/\/www.linkedin.com\/company\/instituto-de-engenharia\/\",\"https:\/\/www.youtube.com\/channel\/UCXiCAlsSMe977vamW915HxA\"]},{\"@type\":\"Person\",\"@id\":\"https:\/\/www.institutodeengenharia.org.br\/site\/#\/schema\/person\/aeb64951c405e100d26d30b033dd423f\",\"name\":\"Bianca\",\"image\":{\"@type\":\"ImageObject\",\"inLanguage\":\"pt-BR\",\"@id\":\"https:\/\/secure.gravatar.com\/avatar\/a6fbe9bff57405baf4c1e2c5c1811e072b558253974a9f9508f4678900c97c2a?s=96&d=mm&r=g\",\"url\":\"https:\/\/secure.gravatar.com\/avatar\/a6fbe9bff57405baf4c1e2c5c1811e072b558253974a9f9508f4678900c97c2a?s=96&d=mm&r=g\",\"contentUrl\":\"https:\/\/secure.gravatar.com\/avatar\/a6fbe9bff57405baf4c1e2c5c1811e072b558253974a9f9508f4678900c97c2a?s=96&d=mm&r=g\",\"caption\":\"Bianca\"},\"url\":\"https:\/\/www.institutodeengenharia.org.br\/site\/author\/comunicacao1\/\"}]}<\/script>\n<!-- \/ Yoast SEO plugin. -->","yoast_head_json":{"title":"Webinar CMA-IE: Curador Especial na Arbitragem - Quando a requerida n\u00e3o comparece - Instituto de Engenharia","robots":{"index":"index","follow":"follow","max-snippet":"max-snippet:-1","max-image-preview":"max-image-preview:large","max-video-preview":"max-video-preview:-1"},"canonical":"https:\/\/www.institutodeengenharia.org.br\/site\/2020\/09\/16\/webinar-cma-ie-curador-especial-na-arbitragem-quando-a-requerida-nao-comparece\/","og_locale":"pt_BR","og_type":"article","og_title":"Webinar CMA-IE: Curador Especial na Arbitragem - Quando a requerida n\u00e3o comparece - Instituto de Engenharia","og_description":"Assista abaixo \u00e0 grava\u00e7\u00e3o: &nbsp; &nbsp; + Informa\u00e7\u00f5es: P\u00fablico-alvo: Mediadores, advogados, engenheiros, universit\u00e1rios e demais interessados. Palestrantes: Adriana Sarra Advogada de Toledo Marchetti Advogados Doutoranda e mestre em Direito Civil pela USP. Advogada especializada em Direito da Constru\u00e7\u00e3o e em Arbitragem, integrante do escrit\u00f3rio Toledo Marchetti Advogados. Autora do livro &#8220;O Contrato de EPC:\u00a0Engineering, Procurement [&hellip;]","og_url":"https:\/\/www.institutodeengenharia.org.br\/site\/2020\/09\/16\/webinar-cma-ie-curador-especial-na-arbitragem-quando-a-requerida-nao-comparece\/","og_site_name":"Instituto de Engenharia","article_publisher":"https:\/\/www.facebook.com\/institutodeengenharia","article_published_time":"2020-09-16T13:00:40+00:00","article_modified_time":"2020-10-20T19:36:31+00:00","og_image":[{"width":650,"height":383,"url":"https:\/\/www.institutodeengenharia.org.br\/site\/wp-content\/uploads\/2020\/08\/5804_3431.jpg","type":"image\/jpeg"}],"author":"Bianca","twitter_card":"summary_large_image","twitter_creator":"@iengenharia","twitter_site":"@iengenharia","twitter_misc":{"Escrito por":"Bianca","Est. tempo de leitura":"3 minutos"},"schema":{"@context":"https:\/\/schema.org","@graph":[{"@type":"Article","@id":"https:\/\/www.institutodeengenharia.org.br\/site\/2020\/09\/16\/webinar-cma-ie-curador-especial-na-arbitragem-quando-a-requerida-nao-comparece\/#article","isPartOf":{"@id":"https:\/\/www.institutodeengenharia.org.br\/site\/2020\/09\/16\/webinar-cma-ie-curador-especial-na-arbitragem-quando-a-requerida-nao-comparece\/"},"author":{"name":"Bianca","@id":"https:\/\/www.institutodeengenharia.org.br\/site\/#\/schema\/person\/aeb64951c405e100d26d30b033dd423f"},"headline":"Webinar CMA-IE: Curador Especial na Arbitragem &#8211; Quando a requerida n\u00e3o comparece","datePublished":"2020-09-16T13:00:40+00:00","dateModified":"2020-10-20T19:36:31+00:00","mainEntityOfPage":{"@id":"https:\/\/www.institutodeengenharia.org.br\/site\/2020\/09\/16\/webinar-cma-ie-curador-especial-na-arbitragem-quando-a-requerida-nao-comparece\/"},"wordCount":515,"commentCount":0,"publisher":{"@id":"https:\/\/www.institutodeengenharia.org.br\/site\/#organization"},"image":{"@id":"https:\/\/www.institutodeengenharia.org.br\/site\/2020\/09\/16\/webinar-cma-ie-curador-especial-na-arbitragem-quando-a-requerida-nao-comparece\/#primaryimage"},"thumbnailUrl":"https:\/\/www.institutodeengenharia.org.br\/site\/wp-content\/uploads\/2020\/08\/5804_3431.jpg","articleSection":["Nova TV Engenharia","Palestra"],"inLanguage":"pt-BR","potentialAction":[{"@type":"CommentAction","name":"Comment","target":["https:\/\/www.institutodeengenharia.org.br\/site\/2020\/09\/16\/webinar-cma-ie-curador-especial-na-arbitragem-quando-a-requerida-nao-comparece\/#respond"]}]},{"@type":"WebPage","@id":"https:\/\/www.institutodeengenharia.org.br\/site\/2020\/09\/16\/webinar-cma-ie-curador-especial-na-arbitragem-quando-a-requerida-nao-comparece\/","url":"https:\/\/www.institutodeengenharia.org.br\/site\/2020\/09\/16\/webinar-cma-ie-curador-especial-na-arbitragem-quando-a-requerida-nao-comparece\/","name":"Webinar CMA-IE: Curador Especial na Arbitragem - Quando a requerida n\u00e3o comparece - Instituto de Engenharia","isPartOf":{"@id":"https:\/\/www.institutodeengenharia.org.br\/site\/#website"},"primaryImageOfPage":{"@id":"https:\/\/www.institutodeengenharia.org.br\/site\/2020\/09\/16\/webinar-cma-ie-curador-especial-na-arbitragem-quando-a-requerida-nao-comparece\/#primaryimage"},"image":{"@id":"https:\/\/www.institutodeengenharia.org.br\/site\/2020\/09\/16\/webinar-cma-ie-curador-especial-na-arbitragem-quando-a-requerida-nao-comparece\/#primaryimage"},"thumbnailUrl":"https:\/\/www.institutodeengenharia.org.br\/site\/wp-content\/uploads\/2020\/08\/5804_3431.jpg","datePublished":"2020-09-16T13:00:40+00:00","dateModified":"2020-10-20T19:36:31+00:00","breadcrumb":{"@id":"https:\/\/www.institutodeengenharia.org.br\/site\/2020\/09\/16\/webinar-cma-ie-curador-especial-na-arbitragem-quando-a-requerida-nao-comparece\/#breadcrumb"},"inLanguage":"pt-BR","potentialAction":[{"@type":"ReadAction","target":["https:\/\/www.institutodeengenharia.org.br\/site\/2020\/09\/16\/webinar-cma-ie-curador-especial-na-arbitragem-quando-a-requerida-nao-comparece\/"]}]},{"@type":"ImageObject","inLanguage":"pt-BR","@id":"https:\/\/www.institutodeengenharia.org.br\/site\/2020\/09\/16\/webinar-cma-ie-curador-especial-na-arbitragem-quando-a-requerida-nao-comparece\/#primaryimage","url":"https:\/\/www.institutodeengenharia.org.br\/site\/wp-content\/uploads\/2020\/08\/5804_3431.jpg","contentUrl":"https:\/\/www.institutodeengenharia.org.br\/site\/wp-content\/uploads\/2020\/08\/5804_3431.jpg","width":650,"height":383},{"@type":"BreadcrumbList","@id":"https:\/\/www.institutodeengenharia.org.br\/site\/2020\/09\/16\/webinar-cma-ie-curador-especial-na-arbitragem-quando-a-requerida-nao-comparece\/#breadcrumb","itemListElement":[{"@type":"ListItem","position":1,"name":"In\u00edcio","item":"https:\/\/www.institutodeengenharia.org.br\/site\/"},{"@type":"ListItem","position":2,"name":"Webinar CMA-IE: Curador Especial na Arbitragem &#8211; Quando a requerida n\u00e3o comparece"}]},{"@type":"WebSite","@id":"https:\/\/www.institutodeengenharia.org.br\/site\/#website","url":"https:\/\/www.institutodeengenharia.org.br\/site\/","name":"Instituto de Engenharia","description":"O Instituto de Engenharia promove a Engenharia em benef\u00edcio do desenvolvimento e da qualidade de vida da sociedade.","publisher":{"@id":"https:\/\/www.institutodeengenharia.org.br\/site\/#organization"},"potentialAction":[{"@type":"SearchAction","target":{"@type":"EntryPoint","urlTemplate":"https:\/\/www.institutodeengenharia.org.br\/site\/?s={search_term_string}"},"query-input":{"@type":"PropertyValueSpecification","valueRequired":true,"valueName":"search_term_string"}}],"inLanguage":"pt-BR"},{"@type":"Organization","@id":"https:\/\/www.institutodeengenharia.org.br\/site\/#organization","name":"Instituto de Engenharia","url":"https:\/\/www.institutodeengenharia.org.br\/site\/","logo":{"@type":"ImageObject","inLanguage":"pt-BR","@id":"https:\/\/www.institutodeengenharia.org.br\/site\/#\/schema\/logo\/image\/","url":"https:\/\/www.institutodeengenharia.org.br\/site\/wp-content\/uploads\/2019\/03\/logo-novo-IE2018-1.jpg","contentUrl":"https:\/\/www.institutodeengenharia.org.br\/site\/wp-content\/uploads\/2019\/03\/logo-novo-IE2018-1.jpg","width":1486,"height":1879,"caption":"Instituto de Engenharia"},"image":{"@id":"https:\/\/www.institutodeengenharia.org.br\/site\/#\/schema\/logo\/image\/"},"sameAs":["https:\/\/www.facebook.com\/institutodeengenharia","https:\/\/x.com\/iengenharia","https:\/\/www.instagram.com\/institutodeengenharia\/","https:\/\/www.linkedin.com\/company\/instituto-de-engenharia\/","https:\/\/www.youtube.com\/channel\/UCXiCAlsSMe977vamW915HxA"]},{"@type":"Person","@id":"https:\/\/www.institutodeengenharia.org.br\/site\/#\/schema\/person\/aeb64951c405e100d26d30b033dd423f","name":"Bianca","image":{"@type":"ImageObject","inLanguage":"pt-BR","@id":"https:\/\/secure.gravatar.com\/avatar\/a6fbe9bff57405baf4c1e2c5c1811e072b558253974a9f9508f4678900c97c2a?s=96&d=mm&r=g","url":"https:\/\/secure.gravatar.com\/avatar\/a6fbe9bff57405baf4c1e2c5c1811e072b558253974a9f9508f4678900c97c2a?s=96&d=mm&r=g","contentUrl":"https:\/\/secure.gravatar.com\/avatar\/a6fbe9bff57405baf4c1e2c5c1811e072b558253974a9f9508f4678900c97c2a?s=96&d=mm&r=g","caption":"Bianca"},"url":"https:\/\/www.institutodeengenharia.org.br\/site\/author\/comunicacao1\/"}]}},"_links":{"self":[{"href":"https:\/\/www.institutodeengenharia.org.br\/site\/wp-json\/wp\/v2\/posts\/72049","targetHints":{"allow":["GET"]}}],"collection":[{"href":"https:\/\/www.institutodeengenharia.org.br\/site\/wp-json\/wp\/v2\/posts"}],"about":[{"href":"https:\/\/www.institutodeengenharia.org.br\/site\/wp-json\/wp\/v2\/types\/post"}],"author":[{"embeddable":true,"href":"https:\/\/www.institutodeengenharia.org.br\/site\/wp-json\/wp\/v2\/users\/13"}],"replies":[{"embeddable":true,"href":"https:\/\/www.institutodeengenharia.org.br\/site\/wp-json\/wp\/v2\/comments?post=72049"}],"version-history":[{"count":1,"href":"https:\/\/www.institutodeengenharia.org.br\/site\/wp-json\/wp\/v2\/posts\/72049\/revisions"}],"predecessor-version":[{"id":72050,"href":"https:\/\/www.institutodeengenharia.org.br\/site\/wp-json\/wp\/v2\/posts\/72049\/revisions\/72050"}],"wp:featuredmedia":[{"embeddable":true,"href":"https:\/\/www.institutodeengenharia.org.br\/site\/wp-json\/wp\/v2\/media\/70347"}],"wp:attachment":[{"href":"https:\/\/www.institutodeengenharia.org.br\/site\/wp-json\/wp\/v2\/media?parent=72049"}],"wp:term":[{"taxonomy":"category","embeddable":true,"href":"https:\/\/www.institutodeengenharia.org.br\/site\/wp-json\/wp\/v2\/categories?post=72049"},{"taxonomy":"post_tag","embeddable":true,"href":"https:\/\/www.institutodeengenharia.org.br\/site\/wp-json\/wp\/v2\/tags?post=72049"}],"curies":[{"name":"wp","href":"https:\/\/api.w.org\/{rel}","templated":true}]}}