{"id":71887,"date":"2020-09-28T19:00:52","date_gmt":"2020-09-28T22:00:52","guid":{"rendered":"https:\/\/www.institutodeengenharia.org.br\/site\/?p=71887"},"modified":"2020-10-19T10:09:31","modified_gmt":"2020-10-19T13:09:31","slug":"diretrizes-para-o-saneamento-como-chegar-a-universalizacao-2","status":"publish","type":"post","link":"https:\/\/www.institutodeengenharia.org.br\/site\/2020\/09\/28\/diretrizes-para-o-saneamento-como-chegar-a-universalizacao-2\/","title":{"rendered":"Diretrizes para o saneamento \u2013 Como chegar \u00e0 universaliza\u00e7\u00e3o"},"content":{"rendered":"<p><strong>Assista abaixo \u00e0 grava\u00e7\u00e3o:<\/strong><\/p>\n<p><iframe loading=\"lazy\" src=\"https:\/\/player.vimeo.com\/video\/469259167\" width=\"640\" height=\"360\" frameborder=\"0\" allowfullscreen=\"allowfullscreen\"><\/iframe><br \/>\n&nbsp;<\/p>\n<p>&nbsp;<\/p>\n<p><strong>+ Informa\u00e7\u00f5es:<\/strong><\/p>\n<p><strong>Abordagem:<\/strong><\/p>\n<p>Este evento faz parte de uma s\u00e9rie de webinars cujo intuito \u00e9 discutir como transformar as medidas do novo Marco Legal do Saneamento em realidade, eliminando o\u00a0<em>d\u00e9ficit<\/em>\u00a0negativo que o Pa\u00eds tem hoje nos quatro aspectos:\u00a0distribui\u00e7\u00e3o de \u00e1gua, coleta e tratamento de esgotos, coleta e destina\u00e7\u00e3o do lixo e drenagem urbana.<\/p>\n<p>Os webinars do\u00a0<strong>Instituto de Engenharia<\/strong>\u00a0ir\u00e3o abordar, dentro da especialidade de cada palestrante, os meios financeiros, legais, pol\u00edticos e t\u00e9cnicos, e as dificuldades para se chegar \u00e0 universaliza\u00e7\u00e3o do saneamento no Brasil.<\/p>\n<p>O estudo\u00a0<a href=\"https:\/\/www.institutodeengenharia.org.br\/site\/diretrizesaneamentonobrasil\/\" target=\"_blank\" rel=\"noopener noreferrer\"><em>Diretrizes para Universaliza\u00e7\u00e3o do Saneamento no Brasil<\/em><\/a>, publicado pelo\u00a0IE em parceria com a\u00a0Divis\u00e3o T\u00e9cnica de Engenharia Sanit\u00e1ria, Recursos H\u00eddricos e Biotecnologia, servir\u00e1 de base para a formula\u00e7\u00e3o de perguntas, pelos moderadores, aos palestrantes convidados.<\/p>\n<p><strong>P\u00fablico-alvo: <\/strong><\/p>\n<p>Profissionais ligados \u00e0 \u00e1rea de saneamento e interessados no tema.<\/p>\n<p><strong>Abertura:<\/strong><\/p>\n<p><img loading=\"lazy\" decoding=\"async\" class=\"alignnone wp-image-37546\" src=\"https:\/\/www.institutodeengenharia.org.br\/site\/wp-content\/uploads\/2018\/08\/Eduardo-Lafraia-Presidente-do-Instituto-de-Engenharia-1-683x1024.jpg\" alt=\"\" width=\"151\" height=\"199\" srcset=\"https:\/\/www.institutodeengenharia.org.br\/site\/wp-content\/uploads\/2018\/08\/Eduardo-Lafraia-Presidente-do-Instituto-de-Engenharia-1-683x1024.jpg 516w, https:\/\/www.institutodeengenharia.org.br\/site\/wp-content\/uploads\/2018\/08\/Eduardo-Lafraia-Presidente-do-Instituto-de-Engenharia-1-683x1024-226x300.jpg 226w\" sizes=\"auto, (max-width: 151px) 100vw, 151px\" \/><\/p>\n<p><strong>Eduardo Lafraia<\/strong><\/p>\n<p>Presidente do Instituto de Engenharia.<\/p>\n<p><strong>Palestrantes:<\/strong><\/p>\n<p><img loading=\"lazy\" decoding=\"async\" class=\"alignnone wp-image-70990\" src=\"https:\/\/www.institutodeengenharia.org.br\/site\/wp-content\/uploads\/2020\/09\/Daniela-Sandova-e1600266271995.png\" alt=\"\" width=\"154\" height=\"168\" srcset=\"https:\/\/www.institutodeengenharia.org.br\/site\/wp-content\/uploads\/2020\/09\/Daniela-Sandova-e1600266271995.png 398w, https:\/\/www.institutodeengenharia.org.br\/site\/wp-content\/uploads\/2020\/09\/Daniela-Sandova-e1600266271995-275x300.png 275w, https:\/\/www.institutodeengenharia.org.br\/site\/wp-content\/uploads\/2020\/09\/Daniela-Sandova-e1600266271995-385x420.png 385w\" sizes=\"auto, (max-width: 154px) 100vw, 154px\" \/><\/p>\n<p><strong>Daniela Sandoval<\/strong><\/p>\n<p>Vice-presidente de Assuntos Corporativos e Regula\u00e7\u00e3o da BRK Ambiental, possui mais de 25 anos de experi\u00eancia com s\u00f3lida atua\u00e7\u00e3o em posi\u00e7\u00f5es de lideran\u00e7a e conselhos nos setores de saneamento, energia e petroqu\u00edmico. \u00c9 tamb\u00e9m VP da Associa\u00e7\u00e3o Brasileira das Concession\u00e1rias Privadas de Servi\u00e7os P\u00fablicos de \u00c1gua e Esgoto (ABCON), membro do Conselho de Orienta\u00e7\u00e3o de Saneamento B\u00e1sico (COSB) da Ag\u00eancia Reguladora de Saneamento e Energia do Estado de S\u00e3o Paulo (ARSESP) e membro do Conselho Consultivo da Associa\u00e7\u00e3o Brasileira de Infraestrutura e Ind\u00fastrias B\u00e1sicas (ABDIB). Forma\u00e7\u00e3o em Direito pela Universidade de S\u00e3o Paulo (USP), LL.M pela New York University, CORe (Credential of Readiness) em administra\u00e7\u00e3o pela HBX &#8211; Harvard Business School e Certifica\u00e7\u00e3o em Compliance (CCEP) da CCB \u2013 Compliance Certification Board.<\/p>\n<p><img loading=\"lazy\" decoding=\"async\" class=\"alignnone wp-image-70991\" src=\"https:\/\/www.institutodeengenharia.org.br\/site\/wp-content\/uploads\/2020\/09\/P\u00e9ricles-Weber.jpg\" alt=\"\" width=\"154\" height=\"156\" srcset=\"https:\/\/www.institutodeengenharia.org.br\/site\/wp-content\/uploads\/2020\/09\/P\u00e9ricles-Weber.jpg 234w, https:\/\/www.institutodeengenharia.org.br\/site\/wp-content\/uploads\/2020\/09\/P\u00e9ricles-Weber-100x100.jpg 100w\" sizes=\"auto, (max-width: 154px) 100vw, 154px\" \/><\/p>\n<p><strong>P\u00e9ricles Weber<\/strong><\/p>\n<p><a href=\"https:\/\/www.linkedin.com\/in\/periclesweber\/\" target=\"_blank\" rel=\"noopener noreferrer\"><img loading=\"lazy\" decoding=\"async\" class=\"alignnone wp-image-36844\" src=\"https:\/\/www.institutodeengenharia.org.br\/site\/wp-content\/uploads\/2018\/06\/2000px-Linkedin.svg_.png\" alt=\"\" width=\"25\" height=\"25\" srcset=\"https:\/\/www.institutodeengenharia.org.br\/site\/wp-content\/uploads\/2018\/06\/2000px-Linkedin.svg_.png 2000w, https:\/\/www.institutodeengenharia.org.br\/site\/wp-content\/uploads\/2018\/06\/2000px-Linkedin.svg_-150x150.png 150w, https:\/\/www.institutodeengenharia.org.br\/site\/wp-content\/uploads\/2018\/06\/2000px-Linkedin.svg_-300x300.png 300w, https:\/\/www.institutodeengenharia.org.br\/site\/wp-content\/uploads\/2018\/06\/2000px-Linkedin.svg_-768x768.png 768w, https:\/\/www.institutodeengenharia.org.br\/site\/wp-content\/uploads\/2018\/06\/2000px-Linkedin.svg_-1024x1024.png 1024w, https:\/\/www.institutodeengenharia.org.br\/site\/wp-content\/uploads\/2018\/06\/2000px-Linkedin.svg_-356x364.png 356w, https:\/\/www.institutodeengenharia.org.br\/site\/wp-content\/uploads\/2018\/06\/2000px-Linkedin.svg_-696x696.png 696w, https:\/\/www.institutodeengenharia.org.br\/site\/wp-content\/uploads\/2018\/06\/2000px-Linkedin.svg_-1068x1068.png 1068w, https:\/\/www.institutodeengenharia.org.br\/site\/wp-content\/uploads\/2018\/06\/2000px-Linkedin.svg_-420x420.png 420w, https:\/\/www.institutodeengenharia.org.br\/site\/wp-content\/uploads\/2018\/06\/2000px-Linkedin.svg_-1920x1920.png 1920w\" sizes=\"auto, (max-width: 25px) 100vw, 25px\" \/><\/a><br \/>\nDiretor de opera\u00e7\u00f5es da Igu\u00e1 Saneamento, onde \u00e9 respons\u00e1vel pelo programa de gest\u00e3o de clientes, inova\u00e7\u00e3o tecnol\u00f3gica e pela opera\u00e7\u00e3o das 18 empresas do Grupo Igu\u00e1. Engenheiro Qu\u00edmico pela Universidade Federal do Paran\u00e1 (UFPR), mestre em Engenharia Ambiental pelo Imperial College de Londres, participante do programa Humphrey Fellowship, programa para desenvolvimento de lideran\u00e7a estrat\u00e9gica na UCDavis, California. Atua no setor de saneamento h\u00e1 mais de 30 anos, na opera\u00e7\u00e3o de sistemas de \u00e1gua, esgoto, res\u00edduos s\u00f3lidos e na \u00e1rea ambiental. Atuou na Companhia de Saneamento do Paran\u00e1 (Sanepar) onde exerceu diversas fun\u00e7\u00f5es, entre elas a de diretor de meio ambiente.<\/p>\n<p><img loading=\"lazy\" decoding=\"async\" class=\"alignnone wp-image-71201\" src=\"https:\/\/www.institutodeengenharia.org.br\/site\/wp-content\/uploads\/2020\/09\/roberto-muniz-e1600951961150.jpg\" alt=\"\" width=\"160\" height=\"168\" \/><\/p>\n<p><strong>Roberto Muniz <\/strong><\/p>\n<p>Engenheiro Civil pela Universidade Federal da Bahia (UFBA), com p\u00f3s-gradua\u00e7\u00e3o em Engenharia Econ\u00f4mica pela Universidade Est\u00e1cio de S\u00e1. Em sua trajet\u00f3ria pol\u00edtica exerceu mandatos de prefeito, vice-prefeito, deputado Estadual e senador. Foi ainda secret\u00e1rio executivo do Minist\u00e9rio das Cidades e presidente executivo da Associa\u00e7\u00e3o Brasileira das Concession\u00e1rias Privadas de Servi\u00e7os P\u00fablicos de \u00c1gua e Esgoto (Abcon). Atualmente \u00e9 diretor de Rela\u00e7\u00f5es Institucionais e Sustentabilidade da GS Inima Brasil.<\/p>\n<p><strong>Moderadores:<\/strong><\/p>\n<p><img loading=\"lazy\" decoding=\"async\" class=\"alignnone wp-image-69054\" src=\"https:\/\/www.institutodeengenharia.org.br\/site\/wp-content\/uploads\/2020\/07\/Paula-2.jpeg\" alt=\"\" width=\"146\" height=\"169\" srcset=\"https:\/\/www.institutodeengenharia.org.br\/site\/wp-content\/uploads\/2020\/07\/Paula-2.jpeg 482w, https:\/\/www.institutodeengenharia.org.br\/site\/wp-content\/uploads\/2020\/07\/Paula-2-259x300.jpeg 259w, https:\/\/www.institutodeengenharia.org.br\/site\/wp-content\/uploads\/2020\/07\/Paula-2-362x420.jpeg 362w\" sizes=\"auto, (max-width: 146px) 100vw, 146px\" \/><\/p>\n<p><strong>Paula Fernanda Morais Andrade Rodrigues<\/strong><\/p>\n<p><a href=\"https:\/\/www.linkedin.com\/in\/rodriguespaula2018\/\" target=\"_blank\" rel=\"noopener noreferrer\"><img loading=\"lazy\" decoding=\"async\" class=\"alignnone wp-image-36844\" src=\"https:\/\/www.institutodeengenharia.org.br\/site\/wp-content\/uploads\/2018\/06\/2000px-Linkedin.svg_.png\" alt=\"\" width=\"24\" height=\"23\" srcset=\"https:\/\/www.institutodeengenharia.org.br\/site\/wp-content\/uploads\/2018\/06\/2000px-Linkedin.svg_.png 2000w, https:\/\/www.institutodeengenharia.org.br\/site\/wp-content\/uploads\/2018\/06\/2000px-Linkedin.svg_-150x150.png 150w, https:\/\/www.institutodeengenharia.org.br\/site\/wp-content\/uploads\/2018\/06\/2000px-Linkedin.svg_-300x300.png 300w, https:\/\/www.institutodeengenharia.org.br\/site\/wp-content\/uploads\/2018\/06\/2000px-Linkedin.svg_-768x768.png 768w, https:\/\/www.institutodeengenharia.org.br\/site\/wp-content\/uploads\/2018\/06\/2000px-Linkedin.svg_-1024x1024.png 1024w, https:\/\/www.institutodeengenharia.org.br\/site\/wp-content\/uploads\/2018\/06\/2000px-Linkedin.svg_-696x696.png 696w, https:\/\/www.institutodeengenharia.org.br\/site\/wp-content\/uploads\/2018\/06\/2000px-Linkedin.svg_-1068x1068.png 1068w, https:\/\/www.institutodeengenharia.org.br\/site\/wp-content\/uploads\/2018\/06\/2000px-Linkedin.svg_-420x420.png 420w, https:\/\/www.institutodeengenharia.org.br\/site\/wp-content\/uploads\/2018\/06\/2000px-Linkedin.svg_-1920x1920.png 1920w\" sizes=\"auto, (max-width: 24px) 100vw, 24px\" \/><\/a><br \/>\nMestre em Sustentabilidade e especialista em Engenharia de Seguran\u00e7a do Trabalho pela Universidade de S\u00e3o Paulo (USP), bi\u00f3loga pela Universidade Presbiteriana Mackenzie e engenheira Ambiental pela Universidade Federal de S\u00e3o Carlos (UFSCar). Atua em meio ambiente, seguran\u00e7a ocupacional e per\u00edcia judicial prestando servi\u00e7os nas \u00e1reas de licenciamento ambiental, avalia\u00e7\u00e3o de impactos ambientais, investiga\u00e7\u00e3o e gerenciamento de \u00e1reas contaminadas e preven\u00e7\u00e3o de inc\u00eandio. Consultora em Relat\u00f3rios de Sustentabilidade. Atuou como pesquisadora nas \u00e1reas de energia, mitiga\u00e7\u00e3o de emiss\u00f5es de gases do efeito estufa, efici\u00eancia energ\u00e9tica, mudan\u00e7as clim\u00e1ticas e economia ambiental para o Banco Interamericano de Desenvolvimento (BID). Ministrou aulas de Elementos Biol\u00f3gicos em Per\u00edcia Ambiental no IBAPE\/SP. Coordena a Divis\u00e3o T\u00e9cnica de Engenharia Sanit\u00e1ria, Recursos H\u00eddricos e Biotecnologia do Instituto de Engenharia.<\/p>\n<p><img loading=\"lazy\" decoding=\"async\" class=\"alignnone wp-image-68239\" src=\"https:\/\/www.institutodeengenharia.org.br\/site\/wp-content\/uploads\/2020\/06\/mario-ernesto-humberg.jpg\" alt=\"\" width=\"149\" height=\"171\" srcset=\"https:\/\/www.institutodeengenharia.org.br\/site\/wp-content\/uploads\/2020\/06\/mario-ernesto-humberg.jpg 1131w, https:\/\/www.institutodeengenharia.org.br\/site\/wp-content\/uploads\/2020\/06\/mario-ernesto-humberg-262x300.jpg 262w, https:\/\/www.institutodeengenharia.org.br\/site\/wp-content\/uploads\/2020\/06\/mario-ernesto-humberg-768x881.jpg 768w, https:\/\/www.institutodeengenharia.org.br\/site\/wp-content\/uploads\/2020\/06\/mario-ernesto-humberg-893x1024.jpg 893w, https:\/\/www.institutodeengenharia.org.br\/site\/wp-content\/uploads\/2020\/06\/mario-ernesto-humberg-696x798.jpg 696w, https:\/\/www.institutodeengenharia.org.br\/site\/wp-content\/uploads\/2020\/06\/mario-ernesto-humberg-1068x1225.jpg 1068w, https:\/\/www.institutodeengenharia.org.br\/site\/wp-content\/uploads\/2020\/06\/mario-ernesto-humberg-366x420.jpg 366w, https:\/\/www.institutodeengenharia.org.br\/site\/wp-content\/uploads\/2020\/06\/mario-ernesto-humberg-600x688.jpg 600w\" sizes=\"auto, (max-width: 149px) 100vw, 149px\" \/><\/p>\n<p><strong>Mario Ernesto Humberg<\/strong><\/p>\n<p>Formado em Qu\u00edmica pela Universidade de S\u00e3o Paulo (USP), com especializa\u00e7\u00e3o em Qu\u00edmica Industrial. Foi professor das escolas de Engenharia Mau\u00e1, Oswaldo Cruz e Tecnologia de Barretos e atuou em ind\u00fastrias do setor. Dirigiu a Revista Qu\u00edmica e Derivados, passando para a \u00e1rea Jornal\u00edstica, como diretor das revistas t\u00e9cnicas da Editora Abril, e depois do jornal Gazeta Mercantil. Dirigiu a \u00e1rea de Rela\u00e7\u00f5es Institucionais das empresas BASF e ap\u00f3s fundou sua empresa de consultoria, a CL-A Comunica\u00e7\u00f5es. Atua na prepara\u00e7\u00e3o de\u00a0<em>papers<\/em>,\u00a0estudos e outros conte\u00fados sobre neg\u00f3cios, meio ambiente e informa\u00e7\u00f5es sociais e econ\u00f4micas. \u00c9 tamb\u00e9m consultor e palestrante sobre \u00c9tica Organizacional e Gest\u00e3o de Crises, com v\u00e1rios livros publicados. \u00c9 atualmente coordenador Geral do PNBE \u2013 Pensamento Nacional das Bases Empresariais, conselheiro da ADVB \u2013 Associa\u00e7\u00e3o dos Dirigentes de Vendas e Marketing do Brasil, e membro do Conselho de Economia Empresarial e Pol\u00edtica \u2013 CEEP da Fecomercio-SP.<\/p>\n<p><strong>Apoio:<\/strong><\/p>\n<p><img loading=\"lazy\" decoding=\"async\" class=\"wp-image-71248 alignleft\" src=\"https:\/\/www.institutodeengenharia.org.br\/site\/wp-content\/uploads\/2020\/09\/Sindesam-300x93.png\" alt=\"\" width=\"219\" height=\"68\" srcset=\"https:\/\/www.institutodeengenharia.org.br\/site\/wp-content\/uploads\/2020\/09\/Sindesam-300x93.png 300w, https:\/\/www.institutodeengenharia.org.br\/site\/wp-content\/uploads\/2020\/09\/Sindesam.png 567w\" sizes=\"auto, (max-width: 219px) 100vw, 219px\" \/>\u00a0 \u00a0 <img loading=\"lazy\" decoding=\"async\" class=\"wp-image-71165 alignleft\" src=\"https:\/\/www.institutodeengenharia.org.br\/site\/wp-content\/uploads\/2020\/09\/PortalSB-LOGOWALTA-300x78.png\" alt=\"\" width=\"247\" height=\"64\" srcset=\"https:\/\/www.institutodeengenharia.org.br\/site\/wp-content\/uploads\/2020\/09\/PortalSB-LOGOWALTA-300x78.png 300w, https:\/\/www.institutodeengenharia.org.br\/site\/wp-content\/uploads\/2020\/09\/PortalSB-LOGOWALTA-768x198.png 768w, https:\/\/www.institutodeengenharia.org.br\/site\/wp-content\/uploads\/2020\/09\/PortalSB-LOGOWALTA-1024x265.png 1024w, https:\/\/www.institutodeengenharia.org.br\/site\/wp-content\/uploads\/2020\/09\/PortalSB-LOGOWALTA-696x180.png 696w, https:\/\/www.institutodeengenharia.org.br\/site\/wp-content\/uploads\/2020\/09\/PortalSB-LOGOWALTA-1068x276.png 1068w, https:\/\/www.institutodeengenharia.org.br\/site\/wp-content\/uploads\/2020\/09\/PortalSB-LOGOWALTA-1625x420.png 1625w, https:\/\/www.institutodeengenharia.org.br\/site\/wp-content\/uploads\/2020\/09\/PortalSB-LOGOWALTA-1920x496.png 1920w, https:\/\/www.institutodeengenharia.org.br\/site\/wp-content\/uploads\/2020\/09\/PortalSB-LOGOWALTA-600x155.png 600w\" sizes=\"auto, (max-width: 247px) 100vw, 247px\" \/><\/p>\n<p>&nbsp;<\/p>\n<p>&nbsp;<\/p>\n<p><strong>Apoio Institucional:<\/strong><\/p>\n<p><strong>\u00a0<img loading=\"lazy\" decoding=\"async\" class=\"alignnone size-full wp-image-34556\" src=\"https:\/\/www.institutodeengenharia.org.br\/site\/wp-content\/uploads\/2018\/04\/CREA-SP_vertical.jpg\" alt=\"\" width=\"150\" height=\"106\" srcset=\"https:\/\/www.institutodeengenharia.org.br\/site\/wp-content\/uploads\/2018\/04\/CREA-SP_vertical.jpg 150w, https:\/\/www.institutodeengenharia.org.br\/site\/wp-content\/uploads\/2018\/04\/CREA-SP_vertical-100x70.jpg 100w\" sizes=\"auto, (max-width: 150px) 100vw, 150px\" \/><\/strong><strong>\u00a0<\/strong><\/p>\n<p><strong>Realiza\u00e7\u00e3o:<\/strong><\/p>\n<p><strong>Eng. Jer\u00f4nimo Cabral Pereira Fagundes Neto <\/strong>\u2013 Vice-Presidente de Atividades T\u00e9cnicas<\/p>\n<p><strong>Eng. Roberto Kochen <\/strong>\u2013 Diretor do Departamento de Engenharia do Habitat e Infraestrutura<\/p>\n<p><strong>Eng.\u00aa Paula Fernanda Morais Andrade Rodrigues <\/strong>\u2013 Coordenadora da Divis\u00e3o T\u00e9cnica de Engenharia Sanit\u00e1ria, Recursos H\u00eddricos e Biotecnologia<\/p>\n","protected":false},"excerpt":{"rendered":"<p>Assista abaixo \u00e0 grava\u00e7\u00e3o: &nbsp; &nbsp; + Informa\u00e7\u00f5es: Abordagem: Este evento faz parte de uma s\u00e9rie de webinars cujo intuito \u00e9 discutir como transformar as medidas do novo Marco Legal do Saneamento em realidade, eliminando o\u00a0d\u00e9ficit\u00a0negativo que o Pa\u00eds tem hoje nos quatro aspectos:\u00a0distribui\u00e7\u00e3o de \u00e1gua, coleta e tratamento de esgotos, coleta e destina\u00e7\u00e3o do [&hellip;]<\/p>\n","protected":false},"author":13,"featured_media":71040,"comment_status":"open","ping_status":"open","sticky":false,"template":"","format":"standard","meta":{"footnotes":""},"categories":[15,75,968,970],"tags":[],"class_list":{"0":"post-71887","1":"post","2":"type-post","3":"status-publish","4":"format-standard","5":"has-post-thumbnail","7":"category-departamento-desenvolvimento-de-projetos-e-servicos-de-infraestrutura","8":"category-divisao-tecnica-aguas-e-saneamento","9":"category-nova-tv-engenharia","10":"category-seminario"},"yoast_head":"<!-- This site is optimized with the Yoast SEO plugin v27.2 - https:\/\/yoast.com\/product\/yoast-seo-wordpress\/ -->\n<title>Diretrizes para o saneamento \u2013 Como chegar \u00e0 universaliza\u00e7\u00e3o - Instituto de Engenharia<\/title>\n<meta name=\"robots\" content=\"index, follow, max-snippet:-1, max-image-preview:large, max-video-preview:-1\" \/>\n<link rel=\"canonical\" href=\"https:\/\/www.institutodeengenharia.org.br\/site\/2020\/09\/28\/diretrizes-para-o-saneamento-como-chegar-a-universalizacao-2\/\" \/>\n<meta property=\"og:locale\" content=\"pt_BR\" \/>\n<meta property=\"og:type\" content=\"article\" \/>\n<meta property=\"og:title\" content=\"Diretrizes para o saneamento \u2013 Como chegar \u00e0 universaliza\u00e7\u00e3o - Instituto de Engenharia\" \/>\n<meta property=\"og:description\" content=\"Assista abaixo \u00e0 grava\u00e7\u00e3o: &nbsp; &nbsp; + Informa\u00e7\u00f5es: Abordagem: Este evento faz parte de uma s\u00e9rie de webinars cujo intuito \u00e9 discutir como transformar as medidas do novo Marco Legal do Saneamento em realidade, eliminando o\u00a0d\u00e9ficit\u00a0negativo que o Pa\u00eds tem hoje nos quatro aspectos:\u00a0distribui\u00e7\u00e3o de \u00e1gua, coleta e tratamento de esgotos, coleta e destina\u00e7\u00e3o do [&hellip;]\" \/>\n<meta property=\"og:url\" content=\"https:\/\/www.institutodeengenharia.org.br\/site\/2020\/09\/28\/diretrizes-para-o-saneamento-como-chegar-a-universalizacao-2\/\" \/>\n<meta property=\"og:site_name\" content=\"Instituto de Engenharia\" \/>\n<meta property=\"article:publisher\" content=\"https:\/\/www.facebook.com\/institutodeengenharia\" \/>\n<meta property=\"article:published_time\" content=\"2020-09-28T22:00:52+00:00\" \/>\n<meta property=\"article:modified_time\" content=\"2020-10-19T13:09:31+00:00\" \/>\n<meta property=\"og:image\" content=\"https:\/\/www.institutodeengenharia.org.br\/site\/wp-content\/uploads\/2020\/09\/0coqf5nagzjl25fiyqtf1tg5l.jpg\" \/>\n\t<meta property=\"og:image:width\" content=\"652\" \/>\n\t<meta property=\"og:image:height\" content=\"408\" \/>\n\t<meta property=\"og:image:type\" content=\"image\/jpeg\" \/>\n<meta name=\"author\" content=\"Bianca\" \/>\n<meta name=\"twitter:card\" content=\"summary_large_image\" \/>\n<meta name=\"twitter:creator\" content=\"@iengenharia\" \/>\n<meta name=\"twitter:site\" content=\"@iengenharia\" \/>\n<meta name=\"twitter:label1\" content=\"Escrito por\" \/>\n\t<meta name=\"twitter:data1\" content=\"Bianca\" \/>\n\t<meta name=\"twitter:label2\" content=\"Est. tempo de leitura\" \/>\n\t<meta name=\"twitter:data2\" content=\"4 minutos\" \/>\n<script type=\"application\/ld+json\" class=\"yoast-schema-graph\">{\"@context\":\"https:\/\/schema.org\",\"@graph\":[{\"@type\":\"Article\",\"@id\":\"https:\/\/www.institutodeengenharia.org.br\/site\/2020\/09\/28\/diretrizes-para-o-saneamento-como-chegar-a-universalizacao-2\/#article\",\"isPartOf\":{\"@id\":\"https:\/\/www.institutodeengenharia.org.br\/site\/2020\/09\/28\/diretrizes-para-o-saneamento-como-chegar-a-universalizacao-2\/\"},\"author\":{\"name\":\"Bianca\",\"@id\":\"https:\/\/www.institutodeengenharia.org.br\/site\/#\/schema\/person\/aeb64951c405e100d26d30b033dd423f\"},\"headline\":\"Diretrizes para o saneamento \u2013 Como chegar \u00e0 universaliza\u00e7\u00e3o\",\"datePublished\":\"2020-09-28T22:00:52+00:00\",\"dateModified\":\"2020-10-19T13:09:31+00:00\",\"mainEntityOfPage\":{\"@id\":\"https:\/\/www.institutodeengenharia.org.br\/site\/2020\/09\/28\/diretrizes-para-o-saneamento-como-chegar-a-universalizacao-2\/\"},\"wordCount\":886,\"commentCount\":0,\"publisher\":{\"@id\":\"https:\/\/www.institutodeengenharia.org.br\/site\/#organization\"},\"image\":{\"@id\":\"https:\/\/www.institutodeengenharia.org.br\/site\/2020\/09\/28\/diretrizes-para-o-saneamento-como-chegar-a-universalizacao-2\/#primaryimage\"},\"thumbnailUrl\":\"https:\/\/www.institutodeengenharia.org.br\/site\/wp-content\/uploads\/2020\/09\/0coqf5nagzjl25fiyqtf1tg5l.jpg\",\"articleSection\":[\"Departamento Desenvolvimento de Projetos e Servi\u00e7os de Infraestrutura\",\"Divis\u00e3o T\u00e9cnica \u00c1guas e Saneamento\",\"Nova TV Engenharia\",\"Semin\u00e1rio\"],\"inLanguage\":\"pt-BR\",\"potentialAction\":[{\"@type\":\"CommentAction\",\"name\":\"Comment\",\"target\":[\"https:\/\/www.institutodeengenharia.org.br\/site\/2020\/09\/28\/diretrizes-para-o-saneamento-como-chegar-a-universalizacao-2\/#respond\"]}]},{\"@type\":\"WebPage\",\"@id\":\"https:\/\/www.institutodeengenharia.org.br\/site\/2020\/09\/28\/diretrizes-para-o-saneamento-como-chegar-a-universalizacao-2\/\",\"url\":\"https:\/\/www.institutodeengenharia.org.br\/site\/2020\/09\/28\/diretrizes-para-o-saneamento-como-chegar-a-universalizacao-2\/\",\"name\":\"Diretrizes para o saneamento \u2013 Como chegar \u00e0 universaliza\u00e7\u00e3o - Instituto de Engenharia\",\"isPartOf\":{\"@id\":\"https:\/\/www.institutodeengenharia.org.br\/site\/#website\"},\"primaryImageOfPage\":{\"@id\":\"https:\/\/www.institutodeengenharia.org.br\/site\/2020\/09\/28\/diretrizes-para-o-saneamento-como-chegar-a-universalizacao-2\/#primaryimage\"},\"image\":{\"@id\":\"https:\/\/www.institutodeengenharia.org.br\/site\/2020\/09\/28\/diretrizes-para-o-saneamento-como-chegar-a-universalizacao-2\/#primaryimage\"},\"thumbnailUrl\":\"https:\/\/www.institutodeengenharia.org.br\/site\/wp-content\/uploads\/2020\/09\/0coqf5nagzjl25fiyqtf1tg5l.jpg\",\"datePublished\":\"2020-09-28T22:00:52+00:00\",\"dateModified\":\"2020-10-19T13:09:31+00:00\",\"breadcrumb\":{\"@id\":\"https:\/\/www.institutodeengenharia.org.br\/site\/2020\/09\/28\/diretrizes-para-o-saneamento-como-chegar-a-universalizacao-2\/#breadcrumb\"},\"inLanguage\":\"pt-BR\",\"potentialAction\":[{\"@type\":\"ReadAction\",\"target\":[\"https:\/\/www.institutodeengenharia.org.br\/site\/2020\/09\/28\/diretrizes-para-o-saneamento-como-chegar-a-universalizacao-2\/\"]}]},{\"@type\":\"ImageObject\",\"inLanguage\":\"pt-BR\",\"@id\":\"https:\/\/www.institutodeengenharia.org.br\/site\/2020\/09\/28\/diretrizes-para-o-saneamento-como-chegar-a-universalizacao-2\/#primaryimage\",\"url\":\"https:\/\/www.institutodeengenharia.org.br\/site\/wp-content\/uploads\/2020\/09\/0coqf5nagzjl25fiyqtf1tg5l.jpg\",\"contentUrl\":\"https:\/\/www.institutodeengenharia.org.br\/site\/wp-content\/uploads\/2020\/09\/0coqf5nagzjl25fiyqtf1tg5l.jpg\",\"width\":652,\"height\":408},{\"@type\":\"BreadcrumbList\",\"@id\":\"https:\/\/www.institutodeengenharia.org.br\/site\/2020\/09\/28\/diretrizes-para-o-saneamento-como-chegar-a-universalizacao-2\/#breadcrumb\",\"itemListElement\":[{\"@type\":\"ListItem\",\"position\":1,\"name\":\"In\u00edcio\",\"item\":\"https:\/\/www.institutodeengenharia.org.br\/site\/\"},{\"@type\":\"ListItem\",\"position\":2,\"name\":\"Diretrizes para o saneamento \u2013 Como chegar \u00e0 universaliza\u00e7\u00e3o\"}]},{\"@type\":\"WebSite\",\"@id\":\"https:\/\/www.institutodeengenharia.org.br\/site\/#website\",\"url\":\"https:\/\/www.institutodeengenharia.org.br\/site\/\",\"name\":\"Instituto de Engenharia\",\"description\":\"O Instituto de Engenharia promove a Engenharia em benef\u00edcio do desenvolvimento e da qualidade de vida da sociedade.\",\"publisher\":{\"@id\":\"https:\/\/www.institutodeengenharia.org.br\/site\/#organization\"},\"potentialAction\":[{\"@type\":\"SearchAction\",\"target\":{\"@type\":\"EntryPoint\",\"urlTemplate\":\"https:\/\/www.institutodeengenharia.org.br\/site\/?s={search_term_string}\"},\"query-input\":{\"@type\":\"PropertyValueSpecification\",\"valueRequired\":true,\"valueName\":\"search_term_string\"}}],\"inLanguage\":\"pt-BR\"},{\"@type\":\"Organization\",\"@id\":\"https:\/\/www.institutodeengenharia.org.br\/site\/#organization\",\"name\":\"Instituto de Engenharia\",\"url\":\"https:\/\/www.institutodeengenharia.org.br\/site\/\",\"logo\":{\"@type\":\"ImageObject\",\"inLanguage\":\"pt-BR\",\"@id\":\"https:\/\/www.institutodeengenharia.org.br\/site\/#\/schema\/logo\/image\/\",\"url\":\"https:\/\/www.institutodeengenharia.org.br\/site\/wp-content\/uploads\/2019\/03\/logo-novo-IE2018-1.jpg\",\"contentUrl\":\"https:\/\/www.institutodeengenharia.org.br\/site\/wp-content\/uploads\/2019\/03\/logo-novo-IE2018-1.jpg\",\"width\":1486,\"height\":1879,\"caption\":\"Instituto de Engenharia\"},\"image\":{\"@id\":\"https:\/\/www.institutodeengenharia.org.br\/site\/#\/schema\/logo\/image\/\"},\"sameAs\":[\"https:\/\/www.facebook.com\/institutodeengenharia\",\"https:\/\/x.com\/iengenharia\",\"https:\/\/www.instagram.com\/institutodeengenharia\/\",\"https:\/\/www.linkedin.com\/company\/instituto-de-engenharia\/\",\"https:\/\/www.youtube.com\/channel\/UCXiCAlsSMe977vamW915HxA\"]},{\"@type\":\"Person\",\"@id\":\"https:\/\/www.institutodeengenharia.org.br\/site\/#\/schema\/person\/aeb64951c405e100d26d30b033dd423f\",\"name\":\"Bianca\",\"image\":{\"@type\":\"ImageObject\",\"inLanguage\":\"pt-BR\",\"@id\":\"https:\/\/secure.gravatar.com\/avatar\/a6fbe9bff57405baf4c1e2c5c1811e072b558253974a9f9508f4678900c97c2a?s=96&d=mm&r=g\",\"url\":\"https:\/\/secure.gravatar.com\/avatar\/a6fbe9bff57405baf4c1e2c5c1811e072b558253974a9f9508f4678900c97c2a?s=96&d=mm&r=g\",\"contentUrl\":\"https:\/\/secure.gravatar.com\/avatar\/a6fbe9bff57405baf4c1e2c5c1811e072b558253974a9f9508f4678900c97c2a?s=96&d=mm&r=g\",\"caption\":\"Bianca\"},\"url\":\"https:\/\/www.institutodeengenharia.org.br\/site\/author\/comunicacao1\/\"}]}<\/script>\n<!-- \/ Yoast SEO plugin. -->","yoast_head_json":{"title":"Diretrizes para o saneamento \u2013 Como chegar \u00e0 universaliza\u00e7\u00e3o - Instituto de Engenharia","robots":{"index":"index","follow":"follow","max-snippet":"max-snippet:-1","max-image-preview":"max-image-preview:large","max-video-preview":"max-video-preview:-1"},"canonical":"https:\/\/www.institutodeengenharia.org.br\/site\/2020\/09\/28\/diretrizes-para-o-saneamento-como-chegar-a-universalizacao-2\/","og_locale":"pt_BR","og_type":"article","og_title":"Diretrizes para o saneamento \u2013 Como chegar \u00e0 universaliza\u00e7\u00e3o - Instituto de Engenharia","og_description":"Assista abaixo \u00e0 grava\u00e7\u00e3o: &nbsp; &nbsp; + Informa\u00e7\u00f5es: Abordagem: Este evento faz parte de uma s\u00e9rie de webinars cujo intuito \u00e9 discutir como transformar as medidas do novo Marco Legal do Saneamento em realidade, eliminando o\u00a0d\u00e9ficit\u00a0negativo que o Pa\u00eds tem hoje nos quatro aspectos:\u00a0distribui\u00e7\u00e3o de \u00e1gua, coleta e tratamento de esgotos, coleta e destina\u00e7\u00e3o do [&hellip;]","og_url":"https:\/\/www.institutodeengenharia.org.br\/site\/2020\/09\/28\/diretrizes-para-o-saneamento-como-chegar-a-universalizacao-2\/","og_site_name":"Instituto de Engenharia","article_publisher":"https:\/\/www.facebook.com\/institutodeengenharia","article_published_time":"2020-09-28T22:00:52+00:00","article_modified_time":"2020-10-19T13:09:31+00:00","og_image":[{"width":652,"height":408,"url":"https:\/\/www.institutodeengenharia.org.br\/site\/wp-content\/uploads\/2020\/09\/0coqf5nagzjl25fiyqtf1tg5l.jpg","type":"image\/jpeg"}],"author":"Bianca","twitter_card":"summary_large_image","twitter_creator":"@iengenharia","twitter_site":"@iengenharia","twitter_misc":{"Escrito por":"Bianca","Est. tempo de leitura":"4 minutos"},"schema":{"@context":"https:\/\/schema.org","@graph":[{"@type":"Article","@id":"https:\/\/www.institutodeengenharia.org.br\/site\/2020\/09\/28\/diretrizes-para-o-saneamento-como-chegar-a-universalizacao-2\/#article","isPartOf":{"@id":"https:\/\/www.institutodeengenharia.org.br\/site\/2020\/09\/28\/diretrizes-para-o-saneamento-como-chegar-a-universalizacao-2\/"},"author":{"name":"Bianca","@id":"https:\/\/www.institutodeengenharia.org.br\/site\/#\/schema\/person\/aeb64951c405e100d26d30b033dd423f"},"headline":"Diretrizes para o saneamento \u2013 Como chegar \u00e0 universaliza\u00e7\u00e3o","datePublished":"2020-09-28T22:00:52+00:00","dateModified":"2020-10-19T13:09:31+00:00","mainEntityOfPage":{"@id":"https:\/\/www.institutodeengenharia.org.br\/site\/2020\/09\/28\/diretrizes-para-o-saneamento-como-chegar-a-universalizacao-2\/"},"wordCount":886,"commentCount":0,"publisher":{"@id":"https:\/\/www.institutodeengenharia.org.br\/site\/#organization"},"image":{"@id":"https:\/\/www.institutodeengenharia.org.br\/site\/2020\/09\/28\/diretrizes-para-o-saneamento-como-chegar-a-universalizacao-2\/#primaryimage"},"thumbnailUrl":"https:\/\/www.institutodeengenharia.org.br\/site\/wp-content\/uploads\/2020\/09\/0coqf5nagzjl25fiyqtf1tg5l.jpg","articleSection":["Departamento Desenvolvimento de Projetos e Servi\u00e7os de Infraestrutura","Divis\u00e3o T\u00e9cnica \u00c1guas e Saneamento","Nova TV Engenharia","Semin\u00e1rio"],"inLanguage":"pt-BR","potentialAction":[{"@type":"CommentAction","name":"Comment","target":["https:\/\/www.institutodeengenharia.org.br\/site\/2020\/09\/28\/diretrizes-para-o-saneamento-como-chegar-a-universalizacao-2\/#respond"]}]},{"@type":"WebPage","@id":"https:\/\/www.institutodeengenharia.org.br\/site\/2020\/09\/28\/diretrizes-para-o-saneamento-como-chegar-a-universalizacao-2\/","url":"https:\/\/www.institutodeengenharia.org.br\/site\/2020\/09\/28\/diretrizes-para-o-saneamento-como-chegar-a-universalizacao-2\/","name":"Diretrizes para o saneamento \u2013 Como chegar \u00e0 universaliza\u00e7\u00e3o - Instituto de Engenharia","isPartOf":{"@id":"https:\/\/www.institutodeengenharia.org.br\/site\/#website"},"primaryImageOfPage":{"@id":"https:\/\/www.institutodeengenharia.org.br\/site\/2020\/09\/28\/diretrizes-para-o-saneamento-como-chegar-a-universalizacao-2\/#primaryimage"},"image":{"@id":"https:\/\/www.institutodeengenharia.org.br\/site\/2020\/09\/28\/diretrizes-para-o-saneamento-como-chegar-a-universalizacao-2\/#primaryimage"},"thumbnailUrl":"https:\/\/www.institutodeengenharia.org.br\/site\/wp-content\/uploads\/2020\/09\/0coqf5nagzjl25fiyqtf1tg5l.jpg","datePublished":"2020-09-28T22:00:52+00:00","dateModified":"2020-10-19T13:09:31+00:00","breadcrumb":{"@id":"https:\/\/www.institutodeengenharia.org.br\/site\/2020\/09\/28\/diretrizes-para-o-saneamento-como-chegar-a-universalizacao-2\/#breadcrumb"},"inLanguage":"pt-BR","potentialAction":[{"@type":"ReadAction","target":["https:\/\/www.institutodeengenharia.org.br\/site\/2020\/09\/28\/diretrizes-para-o-saneamento-como-chegar-a-universalizacao-2\/"]}]},{"@type":"ImageObject","inLanguage":"pt-BR","@id":"https:\/\/www.institutodeengenharia.org.br\/site\/2020\/09\/28\/diretrizes-para-o-saneamento-como-chegar-a-universalizacao-2\/#primaryimage","url":"https:\/\/www.institutodeengenharia.org.br\/site\/wp-content\/uploads\/2020\/09\/0coqf5nagzjl25fiyqtf1tg5l.jpg","contentUrl":"https:\/\/www.institutodeengenharia.org.br\/site\/wp-content\/uploads\/2020\/09\/0coqf5nagzjl25fiyqtf1tg5l.jpg","width":652,"height":408},{"@type":"BreadcrumbList","@id":"https:\/\/www.institutodeengenharia.org.br\/site\/2020\/09\/28\/diretrizes-para-o-saneamento-como-chegar-a-universalizacao-2\/#breadcrumb","itemListElement":[{"@type":"ListItem","position":1,"name":"In\u00edcio","item":"https:\/\/www.institutodeengenharia.org.br\/site\/"},{"@type":"ListItem","position":2,"name":"Diretrizes para o saneamento \u2013 Como chegar \u00e0 universaliza\u00e7\u00e3o"}]},{"@type":"WebSite","@id":"https:\/\/www.institutodeengenharia.org.br\/site\/#website","url":"https:\/\/www.institutodeengenharia.org.br\/site\/","name":"Instituto de Engenharia","description":"O Instituto de Engenharia promove a Engenharia em benef\u00edcio do desenvolvimento e da qualidade de vida da sociedade.","publisher":{"@id":"https:\/\/www.institutodeengenharia.org.br\/site\/#organization"},"potentialAction":[{"@type":"SearchAction","target":{"@type":"EntryPoint","urlTemplate":"https:\/\/www.institutodeengenharia.org.br\/site\/?s={search_term_string}"},"query-input":{"@type":"PropertyValueSpecification","valueRequired":true,"valueName":"search_term_string"}}],"inLanguage":"pt-BR"},{"@type":"Organization","@id":"https:\/\/www.institutodeengenharia.org.br\/site\/#organization","name":"Instituto de Engenharia","url":"https:\/\/www.institutodeengenharia.org.br\/site\/","logo":{"@type":"ImageObject","inLanguage":"pt-BR","@id":"https:\/\/www.institutodeengenharia.org.br\/site\/#\/schema\/logo\/image\/","url":"https:\/\/www.institutodeengenharia.org.br\/site\/wp-content\/uploads\/2019\/03\/logo-novo-IE2018-1.jpg","contentUrl":"https:\/\/www.institutodeengenharia.org.br\/site\/wp-content\/uploads\/2019\/03\/logo-novo-IE2018-1.jpg","width":1486,"height":1879,"caption":"Instituto de Engenharia"},"image":{"@id":"https:\/\/www.institutodeengenharia.org.br\/site\/#\/schema\/logo\/image\/"},"sameAs":["https:\/\/www.facebook.com\/institutodeengenharia","https:\/\/x.com\/iengenharia","https:\/\/www.instagram.com\/institutodeengenharia\/","https:\/\/www.linkedin.com\/company\/instituto-de-engenharia\/","https:\/\/www.youtube.com\/channel\/UCXiCAlsSMe977vamW915HxA"]},{"@type":"Person","@id":"https:\/\/www.institutodeengenharia.org.br\/site\/#\/schema\/person\/aeb64951c405e100d26d30b033dd423f","name":"Bianca","image":{"@type":"ImageObject","inLanguage":"pt-BR","@id":"https:\/\/secure.gravatar.com\/avatar\/a6fbe9bff57405baf4c1e2c5c1811e072b558253974a9f9508f4678900c97c2a?s=96&d=mm&r=g","url":"https:\/\/secure.gravatar.com\/avatar\/a6fbe9bff57405baf4c1e2c5c1811e072b558253974a9f9508f4678900c97c2a?s=96&d=mm&r=g","contentUrl":"https:\/\/secure.gravatar.com\/avatar\/a6fbe9bff57405baf4c1e2c5c1811e072b558253974a9f9508f4678900c97c2a?s=96&d=mm&r=g","caption":"Bianca"},"url":"https:\/\/www.institutodeengenharia.org.br\/site\/author\/comunicacao1\/"}]}},"_links":{"self":[{"href":"https:\/\/www.institutodeengenharia.org.br\/site\/wp-json\/wp\/v2\/posts\/71887","targetHints":{"allow":["GET"]}}],"collection":[{"href":"https:\/\/www.institutodeengenharia.org.br\/site\/wp-json\/wp\/v2\/posts"}],"about":[{"href":"https:\/\/www.institutodeengenharia.org.br\/site\/wp-json\/wp\/v2\/types\/post"}],"author":[{"embeddable":true,"href":"https:\/\/www.institutodeengenharia.org.br\/site\/wp-json\/wp\/v2\/users\/13"}],"replies":[{"embeddable":true,"href":"https:\/\/www.institutodeengenharia.org.br\/site\/wp-json\/wp\/v2\/comments?post=71887"}],"version-history":[{"count":1,"href":"https:\/\/www.institutodeengenharia.org.br\/site\/wp-json\/wp\/v2\/posts\/71887\/revisions"}],"predecessor-version":[{"id":71889,"href":"https:\/\/www.institutodeengenharia.org.br\/site\/wp-json\/wp\/v2\/posts\/71887\/revisions\/71889"}],"wp:featuredmedia":[{"embeddable":true,"href":"https:\/\/www.institutodeengenharia.org.br\/site\/wp-json\/wp\/v2\/media\/71040"}],"wp:attachment":[{"href":"https:\/\/www.institutodeengenharia.org.br\/site\/wp-json\/wp\/v2\/media?parent=71887"}],"wp:term":[{"taxonomy":"category","embeddable":true,"href":"https:\/\/www.institutodeengenharia.org.br\/site\/wp-json\/wp\/v2\/categories?post=71887"},{"taxonomy":"post_tag","embeddable":true,"href":"https:\/\/www.institutodeengenharia.org.br\/site\/wp-json\/wp\/v2\/tags?post=71887"}],"curies":[{"name":"wp","href":"https:\/\/api.w.org\/{rel}","templated":true}]}}