{"id":71850,"date":"2020-09-15T19:00:04","date_gmt":"2020-09-15T22:00:04","guid":{"rendered":"https:\/\/www.institutodeengenharia.org.br\/site\/?p=71850"},"modified":"2020-10-16T13:36:37","modified_gmt":"2020-10-16T16:36:37","slug":"nosso-momento-bim-quantitativos-bim","status":"publish","type":"post","link":"https:\/\/www.institutodeengenharia.org.br\/site\/2020\/09\/15\/nosso-momento-bim-quantitativos-bim\/","title":{"rendered":"Nosso momento BIM \u2013 Quantitativos BIM"},"content":{"rendered":"<p><strong>Assista abaixo \u00e0 grava\u00e7\u00e3o:<\/strong><\/p>\n<p><iframe loading=\"lazy\" src=\"https:\/\/player.vimeo.com\/video\/468618690\" width=\"640\" height=\"480\" frameborder=\"0\" allowfullscreen=\"allowfullscreen\"><\/iframe><\/p>\n<p>&nbsp;<\/p>\n<p><strong>+ Informa\u00e7\u00f5es:<\/strong><\/p>\n<p><strong>Abordagem:<\/strong><\/p>\n<p><strong>Calcule e orce voc\u00ea mesmo os benef\u00edcios do uso da metodologia BIM.<\/strong><\/p>\n<p>Desenvolver modelos em BIM possibilita a comprova\u00e7\u00e3o e transpar\u00eancia nas proje\u00e7\u00f5es de custos de uma obra, isso porque durante todo o desenvolvimento de um projeto BIM \u00e9 poss\u00edvel obter medi\u00e7\u00f5es precisas e or\u00e7amentos pontuais da futura constru\u00e7\u00e3o.<\/p>\n<p>Extrair de forma autom\u00e1tica memorial de materiais, quantitativos e planilhas or\u00e7amentarias atrav\u00e9s de ferramentas especificas BIM \u00e9 um ganho de qualidade, tempo e transpar\u00eancia para o setor AEC (Arquitetura, Engenharia e Constru\u00e7\u00e3o).<\/p>\n<p>Para tal, a devida codifica\u00e7\u00e3o de objetos e uso de sistema de classifica\u00e7\u00e3o conforme trabalhos em desenvolvimento pela ABNT s\u00e3o tamb\u00e9m essenciais.<\/p>\n<p><strong>P\u00fablico-alvo: <\/strong><\/p>\n<p>Projetistas\/Construtoras\/Instaladoras e estudantes da \u00e1rea da constru\u00e7\u00e3o civil.<\/p>\n<p><strong>Palestrantes:<\/strong><\/p>\n<p><img loading=\"lazy\" decoding=\"async\" class=\"alignnone wp-image-70578\" src=\"https:\/\/www.institutodeengenharia.org.br\/site\/wp-content\/uploads\/2020\/09\/Paulo-Sena.jpg\" alt=\"\" width=\"141\" height=\"147\" \/><\/p>\n<p><strong>Paulo Sena<\/strong><\/p>\n<p>Mestre pelo Instituto de Arquitetura e Urbanismo (IAU\/USP S\u00e3o Carlos), com \u00eanfase em BIM &#8211; Automa\u00e7\u00e3o de Processos de Projeto e Programa\u00e7\u00e3o em BIM:Dynamo, Python e C#. Possui gradua\u00e7\u00e3o em Arquitetura e Urbanismo pela Universidade Federal da Bahia (UFB), em 1985, e p\u00f3s-gradua\u00e7\u00e3o em An\u00e1lise de Sistemas pela Est\u00e1cio de S\u00e1 e em Gerenciamento de Projetos pela Anhanguera. Relator da ABNT na Comiss\u00e3o de Estudo Especial da Modelagem de Informa\u00e7\u00e3o da Constru\u00e7\u00e3o CEE-134 GT de Classifica\u00e7\u00e3o da Informa\u00e7\u00e3o NBR 15965. Especialista em programa\u00e7\u00e3o nas linguagens Dynamo, Python e C#, desenvolvendo plugins na API do Revit. Mais de 500.000 m\u00b2 de projetos em BIM. Recentemente foi desenvolvedor de (1.200) objetos BIM para a plataforma BIMBR, que faz parte da Politica Nacional de Incentivo e Ado\u00e7\u00e3o do BIM pelo Governo Brasileiro, Decreto N\u00ba 9.377, de 17 de Maio de 2018.<\/p>\n<p><img loading=\"lazy\" decoding=\"async\" class=\"alignnone wp-image-70579\" src=\"https:\/\/www.institutodeengenharia.org.br\/site\/wp-content\/uploads\/2020\/09\/Vilberty-dos-Anjos-Vasconcelos.jpg\" alt=\"\" width=\"143\" height=\"142\" srcset=\"https:\/\/www.institutodeengenharia.org.br\/site\/wp-content\/uploads\/2020\/09\/Vilberty-dos-Anjos-Vasconcelos.jpg 393w, https:\/\/www.institutodeengenharia.org.br\/site\/wp-content\/uploads\/2020\/09\/Vilberty-dos-Anjos-Vasconcelos-150x150.jpg 150w, https:\/\/www.institutodeengenharia.org.br\/site\/wp-content\/uploads\/2020\/09\/Vilberty-dos-Anjos-Vasconcelos-300x300.jpg 300w, https:\/\/www.institutodeengenharia.org.br\/site\/wp-content\/uploads\/2020\/09\/Vilberty-dos-Anjos-Vasconcelos-100x100.jpg 100w\" sizes=\"auto, (max-width: 143px) 100vw, 143px\" \/><\/p>\n<p><strong>Vilberty dos Anjos Vasconcelos<\/strong><\/p>\n<p>Engenheiro Civil pela Universidade de Pernambuco. P\u00f3s-graduado em Administra\u00e7\u00e3o Financeira e com MBA em Gest\u00e3o de Projetos. Or\u00e7amentista e Planejador. Professor nas \u00e1reas de Or\u00e7amento de Obras P\u00fablicas e Privadas, Licita\u00e7\u00f5es e Ferramentas BIM 5D na INBEC, POS FIP, Grupo J e BrainBuilder, onde tamb\u00e9m \u00e9 fundador. S\u00f3cio da Plantech Engenharia Consultiva e Fundador da VVC Servi\u00e7os de Engenharia Ltda e da BrainBuilder.<\/p>\n<p><strong>Realiza\u00e7\u00e3o:<\/strong><\/p>\n<p><img loading=\"lazy\" decoding=\"async\" class=\"wp-image-69924 alignleft\" src=\"https:\/\/www.institutodeengenharia.org.br\/site\/wp-content\/uploads\/2020\/08\/logo-novo-IE2018-2.png\" alt=\"\" width=\"268\" height=\"82\" srcset=\"https:\/\/www.institutodeengenharia.org.br\/site\/wp-content\/uploads\/2020\/08\/logo-novo-IE2018-2.png 3040w, https:\/\/www.institutodeengenharia.org.br\/site\/wp-content\/uploads\/2020\/08\/logo-novo-IE2018-2-300x91.png 300w, https:\/\/www.institutodeengenharia.org.br\/site\/wp-content\/uploads\/2020\/08\/logo-novo-IE2018-2-768x234.png 768w, https:\/\/www.institutodeengenharia.org.br\/site\/wp-content\/uploads\/2020\/08\/logo-novo-IE2018-2-1024x312.png 1024w, https:\/\/www.institutodeengenharia.org.br\/site\/wp-content\/uploads\/2020\/08\/logo-novo-IE2018-2-696x212.png 696w, https:\/\/www.institutodeengenharia.org.br\/site\/wp-content\/uploads\/2020\/08\/logo-novo-IE2018-2-1068x325.png 1068w, https:\/\/www.institutodeengenharia.org.br\/site\/wp-content\/uploads\/2020\/08\/logo-novo-IE2018-2-1379x420.png 1379w, https:\/\/www.institutodeengenharia.org.br\/site\/wp-content\/uploads\/2020\/08\/logo-novo-IE2018-2-1920x585.png 1920w, https:\/\/www.institutodeengenharia.org.br\/site\/wp-content\/uploads\/2020\/08\/logo-novo-IE2018-2-600x183.png 600w\" sizes=\"auto, (max-width: 268px) 100vw, 268px\" \/><img loading=\"lazy\" decoding=\"async\" class=\"size-full wp-image-62655 alignleft\" src=\"https:\/\/www.institutodeengenharia.org.br\/site\/wp-content\/uploads\/2020\/03\/nosso-bim-3.jpg\" alt=\"\" width=\"221\" height=\"98\" srcset=\"https:\/\/www.institutodeengenharia.org.br\/site\/wp-content\/uploads\/2020\/03\/nosso-bim-3.jpg 221w, https:\/\/www.institutodeengenharia.org.br\/site\/wp-content\/uploads\/2020\/03\/nosso-bim-3-218x98.jpg 218w\" sizes=\"auto, (max-width: 221px) 100vw, 221px\" \/><\/p>\n<p>&nbsp;<\/p>\n<p>&nbsp;<\/p>\n<p>&nbsp;<\/p>\n<p><strong>Apoio Institucional:<\/strong><\/p>\n<p><img loading=\"lazy\" decoding=\"async\" class=\"alignnone size-full wp-image-34556\" src=\"https:\/\/www.institutodeengenharia.org.br\/site\/wp-content\/uploads\/2018\/04\/CREA-SP_vertical.jpg\" alt=\"\" width=\"150\" height=\"106\" srcset=\"https:\/\/www.institutodeengenharia.org.br\/site\/wp-content\/uploads\/2018\/04\/CREA-SP_vertical.jpg 150w, https:\/\/www.institutodeengenharia.org.br\/site\/wp-content\/uploads\/2018\/04\/CREA-SP_vertical-100x70.jpg 100w\" sizes=\"auto, (max-width: 150px) 100vw, 150px\" \/><\/p>\n<p><strong>Realiza\u00e7\u00e3o:<\/strong><\/p>\n<p><strong>Eng. Jer\u00f4nimo Cabral Pereira Fagundes Neto <\/strong>\u2013 Vice-presidente de Atividades T\u00e9cnicas<\/p>\n<p><strong>Eng.\u00aa D\u00e9bora Sanches de A. Marinello<\/strong> \u2013 Diretora do Departamento de Engenharia de Produ\u00e7\u00e3o<\/p>\n<p><strong>Eng. Marcelo Nonato Santos <\/strong>\u2013 Coordenador da Divis\u00e3o T\u00e9cnica de Inform\u00e1tica<\/p>\n","protected":false},"excerpt":{"rendered":"<p>Assista abaixo \u00e0 grava\u00e7\u00e3o: &nbsp; + Informa\u00e7\u00f5es: Abordagem: Calcule e orce voc\u00ea mesmo os benef\u00edcios do uso da metodologia BIM. Desenvolver modelos em BIM possibilita a comprova\u00e7\u00e3o e transpar\u00eancia nas proje\u00e7\u00f5es de custos de uma obra, isso porque durante todo o desenvolvimento de um projeto BIM \u00e9 poss\u00edvel obter medi\u00e7\u00f5es precisas e or\u00e7amentos pontuais da [&hellip;]<\/p>\n","protected":false},"author":13,"featured_media":71851,"comment_status":"open","ping_status":"open","sticky":false,"template":"","format":"standard","meta":{"footnotes":""},"categories":[46,72,968,969],"tags":[],"class_list":{"0":"post-71850","1":"post","2":"type-post","3":"status-publish","4":"format-standard","5":"has-post-thumbnail","7":"category-departamento-desenvolvimento-de-gestao-e-objetivos","8":"category-divisao-tecnica-de-tecnologias-digitais","9":"category-nova-tv-engenharia","10":"category-palestra"},"yoast_head":"<!-- This site is optimized with the Yoast SEO plugin v27.2 - https:\/\/yoast.com\/product\/yoast-seo-wordpress\/ -->\n<title>Nosso momento BIM \u2013 Quantitativos BIM - Instituto de Engenharia<\/title>\n<meta name=\"robots\" content=\"index, follow, max-snippet:-1, max-image-preview:large, max-video-preview:-1\" \/>\n<link rel=\"canonical\" href=\"https:\/\/www.institutodeengenharia.org.br\/site\/2020\/09\/15\/nosso-momento-bim-quantitativos-bim\/\" \/>\n<meta property=\"og:locale\" content=\"pt_BR\" \/>\n<meta property=\"og:type\" content=\"article\" \/>\n<meta property=\"og:title\" content=\"Nosso momento BIM \u2013 Quantitativos BIM - Instituto de Engenharia\" \/>\n<meta property=\"og:description\" content=\"Assista abaixo \u00e0 grava\u00e7\u00e3o: &nbsp; + Informa\u00e7\u00f5es: Abordagem: Calcule e orce voc\u00ea mesmo os benef\u00edcios do uso da metodologia BIM. Desenvolver modelos em BIM possibilita a comprova\u00e7\u00e3o e transpar\u00eancia nas proje\u00e7\u00f5es de custos de uma obra, isso porque durante todo o desenvolvimento de um projeto BIM \u00e9 poss\u00edvel obter medi\u00e7\u00f5es precisas e or\u00e7amentos pontuais da [&hellip;]\" \/>\n<meta property=\"og:url\" content=\"https:\/\/www.institutodeengenharia.org.br\/site\/2020\/09\/15\/nosso-momento-bim-quantitativos-bim\/\" \/>\n<meta property=\"og:site_name\" content=\"Instituto de Engenharia\" \/>\n<meta property=\"article:publisher\" content=\"https:\/\/www.facebook.com\/institutodeengenharia\" \/>\n<meta property=\"article:published_time\" content=\"2020-09-15T22:00:04+00:00\" \/>\n<meta property=\"article:modified_time\" content=\"2020-10-16T16:36:37+00:00\" \/>\n<meta property=\"og:image\" content=\"https:\/\/www.institutodeengenharia.org.br\/site\/wp-content\/uploads\/2020\/10\/Nosso-momento-BIM-\u2013-Quantitativos-BIM2.jpg\" \/>\n\t<meta property=\"og:image:width\" content=\"1025\" \/>\n\t<meta property=\"og:image:height\" content=\"769\" \/>\n\t<meta property=\"og:image:type\" content=\"image\/jpeg\" \/>\n<meta name=\"author\" content=\"Bianca\" \/>\n<meta name=\"twitter:card\" content=\"summary_large_image\" \/>\n<meta name=\"twitter:creator\" content=\"@iengenharia\" \/>\n<meta name=\"twitter:site\" content=\"@iengenharia\" \/>\n<meta name=\"twitter:label1\" content=\"Escrito por\" \/>\n\t<meta name=\"twitter:data1\" content=\"Bianca\" \/>\n\t<meta name=\"twitter:label2\" content=\"Est. tempo de leitura\" \/>\n\t<meta name=\"twitter:data2\" content=\"2 minutos\" \/>\n<script type=\"application\/ld+json\" class=\"yoast-schema-graph\">{\"@context\":\"https:\/\/schema.org\",\"@graph\":[{\"@type\":\"Article\",\"@id\":\"https:\/\/www.institutodeengenharia.org.br\/site\/2020\/09\/15\/nosso-momento-bim-quantitativos-bim\/#article\",\"isPartOf\":{\"@id\":\"https:\/\/www.institutodeengenharia.org.br\/site\/2020\/09\/15\/nosso-momento-bim-quantitativos-bim\/\"},\"author\":{\"name\":\"Bianca\",\"@id\":\"https:\/\/www.institutodeengenharia.org.br\/site\/#\/schema\/person\/aeb64951c405e100d26d30b033dd423f\"},\"headline\":\"Nosso momento BIM \u2013 Quantitativos BIM\",\"datePublished\":\"2020-09-15T22:00:04+00:00\",\"dateModified\":\"2020-10-16T16:36:37+00:00\",\"mainEntityOfPage\":{\"@id\":\"https:\/\/www.institutodeengenharia.org.br\/site\/2020\/09\/15\/nosso-momento-bim-quantitativos-bim\/\"},\"wordCount\":420,\"commentCount\":0,\"publisher\":{\"@id\":\"https:\/\/www.institutodeengenharia.org.br\/site\/#organization\"},\"image\":{\"@id\":\"https:\/\/www.institutodeengenharia.org.br\/site\/2020\/09\/15\/nosso-momento-bim-quantitativos-bim\/#primaryimage\"},\"thumbnailUrl\":\"https:\/\/www.institutodeengenharia.org.br\/site\/wp-content\/uploads\/2020\/10\/Nosso-momento-BIM-\u2013-Quantitativos-BIM2.jpg\",\"articleSection\":[\"Departamento Desenvolvimento de Gest\u00e3o e Objetivos\",\"Divis\u00e3o T\u00e9cnica de Tecnologias Digitais\",\"Nova TV Engenharia\",\"Palestra\"],\"inLanguage\":\"pt-BR\",\"potentialAction\":[{\"@type\":\"CommentAction\",\"name\":\"Comment\",\"target\":[\"https:\/\/www.institutodeengenharia.org.br\/site\/2020\/09\/15\/nosso-momento-bim-quantitativos-bim\/#respond\"]}]},{\"@type\":\"WebPage\",\"@id\":\"https:\/\/www.institutodeengenharia.org.br\/site\/2020\/09\/15\/nosso-momento-bim-quantitativos-bim\/\",\"url\":\"https:\/\/www.institutodeengenharia.org.br\/site\/2020\/09\/15\/nosso-momento-bim-quantitativos-bim\/\",\"name\":\"Nosso momento BIM \u2013 Quantitativos BIM - Instituto de Engenharia\",\"isPartOf\":{\"@id\":\"https:\/\/www.institutodeengenharia.org.br\/site\/#website\"},\"primaryImageOfPage\":{\"@id\":\"https:\/\/www.institutodeengenharia.org.br\/site\/2020\/09\/15\/nosso-momento-bim-quantitativos-bim\/#primaryimage\"},\"image\":{\"@id\":\"https:\/\/www.institutodeengenharia.org.br\/site\/2020\/09\/15\/nosso-momento-bim-quantitativos-bim\/#primaryimage\"},\"thumbnailUrl\":\"https:\/\/www.institutodeengenharia.org.br\/site\/wp-content\/uploads\/2020\/10\/Nosso-momento-BIM-\u2013-Quantitativos-BIM2.jpg\",\"datePublished\":\"2020-09-15T22:00:04+00:00\",\"dateModified\":\"2020-10-16T16:36:37+00:00\",\"breadcrumb\":{\"@id\":\"https:\/\/www.institutodeengenharia.org.br\/site\/2020\/09\/15\/nosso-momento-bim-quantitativos-bim\/#breadcrumb\"},\"inLanguage\":\"pt-BR\",\"potentialAction\":[{\"@type\":\"ReadAction\",\"target\":[\"https:\/\/www.institutodeengenharia.org.br\/site\/2020\/09\/15\/nosso-momento-bim-quantitativos-bim\/\"]}]},{\"@type\":\"ImageObject\",\"inLanguage\":\"pt-BR\",\"@id\":\"https:\/\/www.institutodeengenharia.org.br\/site\/2020\/09\/15\/nosso-momento-bim-quantitativos-bim\/#primaryimage\",\"url\":\"https:\/\/www.institutodeengenharia.org.br\/site\/wp-content\/uploads\/2020\/10\/Nosso-momento-BIM-\u2013-Quantitativos-BIM2.jpg\",\"contentUrl\":\"https:\/\/www.institutodeengenharia.org.br\/site\/wp-content\/uploads\/2020\/10\/Nosso-momento-BIM-\u2013-Quantitativos-BIM2.jpg\",\"width\":1025,\"height\":769},{\"@type\":\"BreadcrumbList\",\"@id\":\"https:\/\/www.institutodeengenharia.org.br\/site\/2020\/09\/15\/nosso-momento-bim-quantitativos-bim\/#breadcrumb\",\"itemListElement\":[{\"@type\":\"ListItem\",\"position\":1,\"name\":\"In\u00edcio\",\"item\":\"https:\/\/www.institutodeengenharia.org.br\/site\/\"},{\"@type\":\"ListItem\",\"position\":2,\"name\":\"Nosso momento BIM \u2013 Quantitativos BIM\"}]},{\"@type\":\"WebSite\",\"@id\":\"https:\/\/www.institutodeengenharia.org.br\/site\/#website\",\"url\":\"https:\/\/www.institutodeengenharia.org.br\/site\/\",\"name\":\"Instituto de Engenharia\",\"description\":\"O Instituto de Engenharia promove a Engenharia em benef\u00edcio do desenvolvimento e da qualidade de vida da sociedade.\",\"publisher\":{\"@id\":\"https:\/\/www.institutodeengenharia.org.br\/site\/#organization\"},\"potentialAction\":[{\"@type\":\"SearchAction\",\"target\":{\"@type\":\"EntryPoint\",\"urlTemplate\":\"https:\/\/www.institutodeengenharia.org.br\/site\/?s={search_term_string}\"},\"query-input\":{\"@type\":\"PropertyValueSpecification\",\"valueRequired\":true,\"valueName\":\"search_term_string\"}}],\"inLanguage\":\"pt-BR\"},{\"@type\":\"Organization\",\"@id\":\"https:\/\/www.institutodeengenharia.org.br\/site\/#organization\",\"name\":\"Instituto de Engenharia\",\"url\":\"https:\/\/www.institutodeengenharia.org.br\/site\/\",\"logo\":{\"@type\":\"ImageObject\",\"inLanguage\":\"pt-BR\",\"@id\":\"https:\/\/www.institutodeengenharia.org.br\/site\/#\/schema\/logo\/image\/\",\"url\":\"https:\/\/www.institutodeengenharia.org.br\/site\/wp-content\/uploads\/2019\/03\/logo-novo-IE2018-1.jpg\",\"contentUrl\":\"https:\/\/www.institutodeengenharia.org.br\/site\/wp-content\/uploads\/2019\/03\/logo-novo-IE2018-1.jpg\",\"width\":1486,\"height\":1879,\"caption\":\"Instituto de Engenharia\"},\"image\":{\"@id\":\"https:\/\/www.institutodeengenharia.org.br\/site\/#\/schema\/logo\/image\/\"},\"sameAs\":[\"https:\/\/www.facebook.com\/institutodeengenharia\",\"https:\/\/x.com\/iengenharia\",\"https:\/\/www.instagram.com\/institutodeengenharia\/\",\"https:\/\/www.linkedin.com\/company\/instituto-de-engenharia\/\",\"https:\/\/www.youtube.com\/channel\/UCXiCAlsSMe977vamW915HxA\"]},{\"@type\":\"Person\",\"@id\":\"https:\/\/www.institutodeengenharia.org.br\/site\/#\/schema\/person\/aeb64951c405e100d26d30b033dd423f\",\"name\":\"Bianca\",\"image\":{\"@type\":\"ImageObject\",\"inLanguage\":\"pt-BR\",\"@id\":\"https:\/\/secure.gravatar.com\/avatar\/a6fbe9bff57405baf4c1e2c5c1811e072b558253974a9f9508f4678900c97c2a?s=96&d=mm&r=g\",\"url\":\"https:\/\/secure.gravatar.com\/avatar\/a6fbe9bff57405baf4c1e2c5c1811e072b558253974a9f9508f4678900c97c2a?s=96&d=mm&r=g\",\"contentUrl\":\"https:\/\/secure.gravatar.com\/avatar\/a6fbe9bff57405baf4c1e2c5c1811e072b558253974a9f9508f4678900c97c2a?s=96&d=mm&r=g\",\"caption\":\"Bianca\"},\"url\":\"https:\/\/www.institutodeengenharia.org.br\/site\/author\/comunicacao1\/\"}]}<\/script>\n<!-- \/ Yoast SEO plugin. -->","yoast_head_json":{"title":"Nosso momento BIM \u2013 Quantitativos BIM - Instituto de Engenharia","robots":{"index":"index","follow":"follow","max-snippet":"max-snippet:-1","max-image-preview":"max-image-preview:large","max-video-preview":"max-video-preview:-1"},"canonical":"https:\/\/www.institutodeengenharia.org.br\/site\/2020\/09\/15\/nosso-momento-bim-quantitativos-bim\/","og_locale":"pt_BR","og_type":"article","og_title":"Nosso momento BIM \u2013 Quantitativos BIM - Instituto de Engenharia","og_description":"Assista abaixo \u00e0 grava\u00e7\u00e3o: &nbsp; + Informa\u00e7\u00f5es: Abordagem: Calcule e orce voc\u00ea mesmo os benef\u00edcios do uso da metodologia BIM. Desenvolver modelos em BIM possibilita a comprova\u00e7\u00e3o e transpar\u00eancia nas proje\u00e7\u00f5es de custos de uma obra, isso porque durante todo o desenvolvimento de um projeto BIM \u00e9 poss\u00edvel obter medi\u00e7\u00f5es precisas e or\u00e7amentos pontuais da [&hellip;]","og_url":"https:\/\/www.institutodeengenharia.org.br\/site\/2020\/09\/15\/nosso-momento-bim-quantitativos-bim\/","og_site_name":"Instituto de Engenharia","article_publisher":"https:\/\/www.facebook.com\/institutodeengenharia","article_published_time":"2020-09-15T22:00:04+00:00","article_modified_time":"2020-10-16T16:36:37+00:00","og_image":[{"width":1025,"height":769,"url":"https:\/\/www.institutodeengenharia.org.br\/site\/wp-content\/uploads\/2020\/10\/Nosso-momento-BIM-\u2013-Quantitativos-BIM2.jpg","type":"image\/jpeg"}],"author":"Bianca","twitter_card":"summary_large_image","twitter_creator":"@iengenharia","twitter_site":"@iengenharia","twitter_misc":{"Escrito por":"Bianca","Est. tempo de leitura":"2 minutos"},"schema":{"@context":"https:\/\/schema.org","@graph":[{"@type":"Article","@id":"https:\/\/www.institutodeengenharia.org.br\/site\/2020\/09\/15\/nosso-momento-bim-quantitativos-bim\/#article","isPartOf":{"@id":"https:\/\/www.institutodeengenharia.org.br\/site\/2020\/09\/15\/nosso-momento-bim-quantitativos-bim\/"},"author":{"name":"Bianca","@id":"https:\/\/www.institutodeengenharia.org.br\/site\/#\/schema\/person\/aeb64951c405e100d26d30b033dd423f"},"headline":"Nosso momento BIM \u2013 Quantitativos BIM","datePublished":"2020-09-15T22:00:04+00:00","dateModified":"2020-10-16T16:36:37+00:00","mainEntityOfPage":{"@id":"https:\/\/www.institutodeengenharia.org.br\/site\/2020\/09\/15\/nosso-momento-bim-quantitativos-bim\/"},"wordCount":420,"commentCount":0,"publisher":{"@id":"https:\/\/www.institutodeengenharia.org.br\/site\/#organization"},"image":{"@id":"https:\/\/www.institutodeengenharia.org.br\/site\/2020\/09\/15\/nosso-momento-bim-quantitativos-bim\/#primaryimage"},"thumbnailUrl":"https:\/\/www.institutodeengenharia.org.br\/site\/wp-content\/uploads\/2020\/10\/Nosso-momento-BIM-\u2013-Quantitativos-BIM2.jpg","articleSection":["Departamento Desenvolvimento de Gest\u00e3o e Objetivos","Divis\u00e3o T\u00e9cnica de Tecnologias Digitais","Nova TV Engenharia","Palestra"],"inLanguage":"pt-BR","potentialAction":[{"@type":"CommentAction","name":"Comment","target":["https:\/\/www.institutodeengenharia.org.br\/site\/2020\/09\/15\/nosso-momento-bim-quantitativos-bim\/#respond"]}]},{"@type":"WebPage","@id":"https:\/\/www.institutodeengenharia.org.br\/site\/2020\/09\/15\/nosso-momento-bim-quantitativos-bim\/","url":"https:\/\/www.institutodeengenharia.org.br\/site\/2020\/09\/15\/nosso-momento-bim-quantitativos-bim\/","name":"Nosso momento BIM \u2013 Quantitativos BIM - Instituto de Engenharia","isPartOf":{"@id":"https:\/\/www.institutodeengenharia.org.br\/site\/#website"},"primaryImageOfPage":{"@id":"https:\/\/www.institutodeengenharia.org.br\/site\/2020\/09\/15\/nosso-momento-bim-quantitativos-bim\/#primaryimage"},"image":{"@id":"https:\/\/www.institutodeengenharia.org.br\/site\/2020\/09\/15\/nosso-momento-bim-quantitativos-bim\/#primaryimage"},"thumbnailUrl":"https:\/\/www.institutodeengenharia.org.br\/site\/wp-content\/uploads\/2020\/10\/Nosso-momento-BIM-\u2013-Quantitativos-BIM2.jpg","datePublished":"2020-09-15T22:00:04+00:00","dateModified":"2020-10-16T16:36:37+00:00","breadcrumb":{"@id":"https:\/\/www.institutodeengenharia.org.br\/site\/2020\/09\/15\/nosso-momento-bim-quantitativos-bim\/#breadcrumb"},"inLanguage":"pt-BR","potentialAction":[{"@type":"ReadAction","target":["https:\/\/www.institutodeengenharia.org.br\/site\/2020\/09\/15\/nosso-momento-bim-quantitativos-bim\/"]}]},{"@type":"ImageObject","inLanguage":"pt-BR","@id":"https:\/\/www.institutodeengenharia.org.br\/site\/2020\/09\/15\/nosso-momento-bim-quantitativos-bim\/#primaryimage","url":"https:\/\/www.institutodeengenharia.org.br\/site\/wp-content\/uploads\/2020\/10\/Nosso-momento-BIM-\u2013-Quantitativos-BIM2.jpg","contentUrl":"https:\/\/www.institutodeengenharia.org.br\/site\/wp-content\/uploads\/2020\/10\/Nosso-momento-BIM-\u2013-Quantitativos-BIM2.jpg","width":1025,"height":769},{"@type":"BreadcrumbList","@id":"https:\/\/www.institutodeengenharia.org.br\/site\/2020\/09\/15\/nosso-momento-bim-quantitativos-bim\/#breadcrumb","itemListElement":[{"@type":"ListItem","position":1,"name":"In\u00edcio","item":"https:\/\/www.institutodeengenharia.org.br\/site\/"},{"@type":"ListItem","position":2,"name":"Nosso momento BIM \u2013 Quantitativos BIM"}]},{"@type":"WebSite","@id":"https:\/\/www.institutodeengenharia.org.br\/site\/#website","url":"https:\/\/www.institutodeengenharia.org.br\/site\/","name":"Instituto de Engenharia","description":"O Instituto de Engenharia promove a Engenharia em benef\u00edcio do desenvolvimento e da qualidade de vida da sociedade.","publisher":{"@id":"https:\/\/www.institutodeengenharia.org.br\/site\/#organization"},"potentialAction":[{"@type":"SearchAction","target":{"@type":"EntryPoint","urlTemplate":"https:\/\/www.institutodeengenharia.org.br\/site\/?s={search_term_string}"},"query-input":{"@type":"PropertyValueSpecification","valueRequired":true,"valueName":"search_term_string"}}],"inLanguage":"pt-BR"},{"@type":"Organization","@id":"https:\/\/www.institutodeengenharia.org.br\/site\/#organization","name":"Instituto de Engenharia","url":"https:\/\/www.institutodeengenharia.org.br\/site\/","logo":{"@type":"ImageObject","inLanguage":"pt-BR","@id":"https:\/\/www.institutodeengenharia.org.br\/site\/#\/schema\/logo\/image\/","url":"https:\/\/www.institutodeengenharia.org.br\/site\/wp-content\/uploads\/2019\/03\/logo-novo-IE2018-1.jpg","contentUrl":"https:\/\/www.institutodeengenharia.org.br\/site\/wp-content\/uploads\/2019\/03\/logo-novo-IE2018-1.jpg","width":1486,"height":1879,"caption":"Instituto de Engenharia"},"image":{"@id":"https:\/\/www.institutodeengenharia.org.br\/site\/#\/schema\/logo\/image\/"},"sameAs":["https:\/\/www.facebook.com\/institutodeengenharia","https:\/\/x.com\/iengenharia","https:\/\/www.instagram.com\/institutodeengenharia\/","https:\/\/www.linkedin.com\/company\/instituto-de-engenharia\/","https:\/\/www.youtube.com\/channel\/UCXiCAlsSMe977vamW915HxA"]},{"@type":"Person","@id":"https:\/\/www.institutodeengenharia.org.br\/site\/#\/schema\/person\/aeb64951c405e100d26d30b033dd423f","name":"Bianca","image":{"@type":"ImageObject","inLanguage":"pt-BR","@id":"https:\/\/secure.gravatar.com\/avatar\/a6fbe9bff57405baf4c1e2c5c1811e072b558253974a9f9508f4678900c97c2a?s=96&d=mm&r=g","url":"https:\/\/secure.gravatar.com\/avatar\/a6fbe9bff57405baf4c1e2c5c1811e072b558253974a9f9508f4678900c97c2a?s=96&d=mm&r=g","contentUrl":"https:\/\/secure.gravatar.com\/avatar\/a6fbe9bff57405baf4c1e2c5c1811e072b558253974a9f9508f4678900c97c2a?s=96&d=mm&r=g","caption":"Bianca"},"url":"https:\/\/www.institutodeengenharia.org.br\/site\/author\/comunicacao1\/"}]}},"_links":{"self":[{"href":"https:\/\/www.institutodeengenharia.org.br\/site\/wp-json\/wp\/v2\/posts\/71850","targetHints":{"allow":["GET"]}}],"collection":[{"href":"https:\/\/www.institutodeengenharia.org.br\/site\/wp-json\/wp\/v2\/posts"}],"about":[{"href":"https:\/\/www.institutodeengenharia.org.br\/site\/wp-json\/wp\/v2\/types\/post"}],"author":[{"embeddable":true,"href":"https:\/\/www.institutodeengenharia.org.br\/site\/wp-json\/wp\/v2\/users\/13"}],"replies":[{"embeddable":true,"href":"https:\/\/www.institutodeengenharia.org.br\/site\/wp-json\/wp\/v2\/comments?post=71850"}],"version-history":[{"count":2,"href":"https:\/\/www.institutodeengenharia.org.br\/site\/wp-json\/wp\/v2\/posts\/71850\/revisions"}],"predecessor-version":[{"id":71853,"href":"https:\/\/www.institutodeengenharia.org.br\/site\/wp-json\/wp\/v2\/posts\/71850\/revisions\/71853"}],"wp:featuredmedia":[{"embeddable":true,"href":"https:\/\/www.institutodeengenharia.org.br\/site\/wp-json\/wp\/v2\/media\/71851"}],"wp:attachment":[{"href":"https:\/\/www.institutodeengenharia.org.br\/site\/wp-json\/wp\/v2\/media?parent=71850"}],"wp:term":[{"taxonomy":"category","embeddable":true,"href":"https:\/\/www.institutodeengenharia.org.br\/site\/wp-json\/wp\/v2\/categories?post=71850"},{"taxonomy":"post_tag","embeddable":true,"href":"https:\/\/www.institutodeengenharia.org.br\/site\/wp-json\/wp\/v2\/tags?post=71850"}],"curies":[{"name":"wp","href":"https:\/\/api.w.org\/{rel}","templated":true}]}}