{"id":71848,"date":"2020-10-07T15:00:22","date_gmt":"2020-10-07T18:00:22","guid":{"rendered":"https:\/\/www.institutodeengenharia.org.br\/site\/?p=71848"},"modified":"2020-10-16T13:29:43","modified_gmt":"2020-10-16T16:29:43","slug":"planejamento-energetico-sinapse-insercao-da-variavel-ambiental-na-expansao-da-oferta-de-energia-eletrica","status":"publish","type":"post","link":"https:\/\/www.institutodeengenharia.org.br\/site\/2020\/10\/07\/planejamento-energetico-sinapse-insercao-da-variavel-ambiental-na-expansao-da-oferta-de-energia-eletrica\/","title":{"rendered":"Planejamento Energ\u00e9tico \u2013 SINAPSE: Inser\u00e7\u00e3o da vari\u00e1vel ambiental na expans\u00e3o da oferta de energia el\u00e9trica"},"content":{"rendered":"<p><strong>Assista abaixo \u00e0 grava\u00e7\u00e3o:<\/strong><\/p>\n<p><iframe loading=\"lazy\" src=\"https:\/\/player.vimeo.com\/video\/468911406\" width=\"640\" height=\"564\" frameborder=\"0\" allowfullscreen=\"allowfullscreen\"><\/iframe><br \/>\n<strong>+ Informa\u00e7\u00f5es:<\/strong><\/p>\n<p><strong>Abordagem:<\/strong><\/p>\n<p>Dando a continuidade da apresenta\u00e7\u00e3o do Projeto SINAPSE \u2013 Inclus\u00e3o da vari\u00e1vel ambiental no Planejamento El\u00e9trico apresentaremos com mais detalhes os m\u00f3dulos de desenvolvimentos do referido projeto.<\/p>\n<p><strong>P\u00fablico-alvo: <\/strong><\/p>\n<p>Engenheiros, t\u00e9cnicos e pessoas interessadas na \u00e1rea.<\/p>\n<p><strong>Palestrantes:<\/strong><\/p>\n<p><img loading=\"lazy\" decoding=\"async\" class=\"alignnone wp-image-71431\" src=\"https:\/\/www.institutodeengenharia.org.br\/site\/wp-content\/uploads\/2020\/09\/Prof.-Marciano-Morozowski-Filho.jpg\" alt=\"\" width=\"124\" height=\"184\" srcset=\"https:\/\/www.institutodeengenharia.org.br\/site\/wp-content\/uploads\/2020\/09\/Prof.-Marciano-Morozowski-Filho.jpg 378w, https:\/\/www.institutodeengenharia.org.br\/site\/wp-content\/uploads\/2020\/09\/Prof.-Marciano-Morozowski-Filho-203x300.jpg 203w, https:\/\/www.institutodeengenharia.org.br\/site\/wp-content\/uploads\/2020\/09\/Prof.-Marciano-Morozowski-Filho-284x420.jpg 284w\" sizes=\"auto, (max-width: 124px) 100vw, 124px\" \/><\/p>\n<p><strong>Prof. Marciano Morozowski Filho<\/strong><\/p>\n<p><strong>Tema: <\/strong>O Planejamento da Expans\u00e3o do Sistema Interligado Nacional (SIN)<\/p>\n<p>Tem gradua\u00e7\u00e3o (UFPR,1970) e mestrado (UFRJ,1975) em Engenharia El\u00e9trica e doutorado em Engenharia de Sistemas e Computa\u00e7\u00e3o (UFRJ, 1995). Foi professor Titular em Engenharia El\u00e9trica na UFSC e professor Titular no Mestrado em Regula\u00e7\u00e3o da Ind\u00fastria de Energia na Universidade Salvador (Unifacs). Foi pesquisador do Cepel e do Lactec, consultor do MME e do Banco Mundial e assessor da Presid\u00eancia da EPE. \u00c9 Senior Member do IEEE e da System Dynamics Society, onde exerceu a fun\u00e7\u00e3o de presidente do Cap\u00edtulo Brasileiro. \u00c9 s\u00f3cio Administrador da NTJ TEC Consultoria em Engenharia, onde presta servi\u00e7os de consultoria nas \u00e1reas de planejamento, regula\u00e7\u00e3o e comercializa\u00e7\u00e3o de energia el\u00e9trica e desenvolve projetos de P&amp;D na \u00e1rea de modelagem e simula\u00e7\u00e3o de sistemas e mercados de energia.<\/p>\n<p><img loading=\"lazy\" decoding=\"async\" class=\"alignnone wp-image-71432\" src=\"https:\/\/www.institutodeengenharia.org.br\/site\/wp-content\/uploads\/2020\/09\/Ricardo-Cavalcanti-Furtado.jpg\" alt=\"\" width=\"146\" height=\"144\" srcset=\"https:\/\/www.institutodeengenharia.org.br\/site\/wp-content\/uploads\/2020\/09\/Ricardo-Cavalcanti-Furtado.jpg 261w, https:\/\/www.institutodeengenharia.org.br\/site\/wp-content\/uploads\/2020\/09\/Ricardo-Cavalcanti-Furtado-100x100.jpg 100w\" sizes=\"auto, (max-width: 146px) 100vw, 146px\" \/><\/p>\n<p><strong>Ricardo Cavalcanti Furtado<\/strong><\/p>\n<p><strong>Tema: <\/strong>Quantificando a Sustentabilidade de Fontes de Gera\u00e7\u00e3o de Energia El\u00e9trica<\/p>\n<p>PhD pela Universidade de Londres. Especialista em planejamento energ\u00e9tico pelo Imperial College da Universidade de Londres e em sistemas el\u00e9tricos pela EFEI da UFMG. Engenheiro eletricista pela UFPE. Foi superintendente de Meio Ambiente da EPE. Foi adjunto da Diretoria de Engenharia e Constru\u00e7\u00e3o da CHESF. Foi secret\u00e1rio adjunto de Minas e Energia do estado de Pernambuco. \u00c9 s\u00f3cio-diretor da Diversa Consultoria em Sustentabilidade, atuando no desenvolvimento de estudos ambientais e energ\u00e9ticos, implanta\u00e7\u00e3o de programas socioambientais e elabora\u00e7\u00e3o de projetos de P&amp;D.<\/p>\n<p><img loading=\"lazy\" decoding=\"async\" class=\"alignnone wp-image-71433\" src=\"https:\/\/www.institutodeengenharia.org.br\/site\/wp-content\/uploads\/2020\/09\/Amaro-Pereira.jpg\" alt=\"\" width=\"157\" height=\"157\" srcset=\"https:\/\/www.institutodeengenharia.org.br\/site\/wp-content\/uploads\/2020\/09\/Amaro-Pereira.jpg 195w, https:\/\/www.institutodeengenharia.org.br\/site\/wp-content\/uploads\/2020\/09\/Amaro-Pereira-150x150.jpg 150w, https:\/\/www.institutodeengenharia.org.br\/site\/wp-content\/uploads\/2020\/09\/Amaro-Pereira-100x100.jpg 100w\" sizes=\"auto, (max-width: 157px) 100vw, 157px\" \/><\/p>\n<p><strong>Amaro Pereira<\/strong><\/p>\n<p><strong>Tema: <\/strong>Inser\u00e7\u00e3o de Vari\u00e1veis Socioambientais no Planejamento da Expans\u00e3o do Setor El\u00e9trico<\/p>\n<p>Economista formado pela Universidade Federal Fluminense (UFF), com mestrado e doutorado em Planejamento Energ\u00e9tico pela COPPE\/UFRJ. Atuou como consultor t\u00e9cnico da Empresa de Pesquisa Energ\u00e9tica (EPE) e como professor Visitante na Universidade Pierre Mend\u00e8s-France em Grenoble, na Fran\u00e7a e na Universidade do Texas em Austin, EUA. Atualmente \u00e9 professor Associado do Programa de Planejamento Energ\u00e9tico da COPPE\/UFRJ, pesquisador do CentroClima\/COPPE\/UFRJ e membro do Comit\u00ea T\u00e9cnico Permanente do Instituto LIFE (Lasting Initiative For Earth). Coordenador dos cursos de MBA em Gest\u00e3o Energ\u00e9tica &#8211; EUREM e de extens\u00e3o em Gest\u00e3o em Energias Renov\u00e1veis &#8211; GENRE, ambos da COPPE\/UFRJ em colabora\u00e7\u00e3o com a C\u00e2mara de Com\u00e9rcio e Ind\u00fastria Brasil-Alemanha &#8211; AHK-Rio. \u00c9 pesquisador de produtividade em pesquisa 2, pelo CNPq e Cientista do Nosso Estado, pela FAPERJ. Tem experi\u00eancia em modelagem energ\u00e9tica e ambiental, al\u00e9m de atuar nas \u00e1reas de regula\u00e7\u00e3o dos setores de energia, em an\u00e1lises da inser\u00e7\u00e3o de novas tecnologias das diferentes fontes de energia e nas quest\u00f5es relacionadas a mudan\u00e7as clim\u00e1ticas. \u00c9 autor de livros, cap\u00edtulos de livros e de dezenas de artigos em revistas internacionais indexadas.<strong>\u00a0<\/strong><\/p>\n<p><strong>Moderador:<\/strong><\/p>\n<p><img loading=\"lazy\" decoding=\"async\" class=\"alignnone wp-image-68920\" src=\"https:\/\/www.institutodeengenharia.org.br\/site\/wp-content\/uploads\/2020\/07\/Al\u00e9ssio-Bento-Borelli.png\" alt=\"\" width=\"147\" height=\"135\" \/><\/p>\n<p><strong>MSc. Alessio Bento Borelli<\/strong><\/p>\n<p>Engenheiro Industrial, modalidade El\u00e9trica formado pela Faculdade de Engenharia Industrial \u2013 FEI em 1973. Mestre em Energia pelo Instituto de Energia e Eletrot\u00e9cnica da Universidade de S\u00e3o Paulo (IEE\/USP). Fez os cr\u00e9ditos para Doutorado na EPUSP, engenheiro consultor, pesquisador com v\u00e1rios projetos junto ANEEL e foi professor de Curso de Extens\u00e3o junto ao CEDIS da Escola de Engenharia Mackenzie. Foi presidente da\u00a0 Se\u00e7\u00e3o Sul Brasil do IEEE e presidente do Conselho Brasil, e \u00e9 Life Senior Member do IEEE. Foi conselheiro do CREA-SP na C\u00e2mara de El\u00e9trica. Atualmente \u00e9 diretor do Departamento de Engenharia de Energia e Telecomunica\u00e7\u00f5es do Instituto de Engenharia de S\u00e3o Paulo, diretor do Deinfra da Fiesp e membro do Conselho Editorial da Revista Engenharia.<\/p>\n<p><strong>Apoio Institucional:<\/strong><\/p>\n<p><strong> <img loading=\"lazy\" decoding=\"async\" class=\"alignnone size-full wp-image-34556\" src=\"https:\/\/www.institutodeengenharia.org.br\/site\/wp-content\/uploads\/2018\/04\/CREA-SP_vertical.jpg\" alt=\"\" width=\"150\" height=\"106\" srcset=\"https:\/\/www.institutodeengenharia.org.br\/site\/wp-content\/uploads\/2018\/04\/CREA-SP_vertical.jpg 150w, https:\/\/www.institutodeengenharia.org.br\/site\/wp-content\/uploads\/2018\/04\/CREA-SP_vertical-100x70.jpg 100w\" sizes=\"auto, (max-width: 150px) 100vw, 150px\" \/><\/strong><\/p>\n<p><strong>Realiza\u00e7\u00e3o:<\/strong><\/p>\n<p><strong>Eng. Jer\u00f4nimo Cabral Pereira Fagundes Neto <\/strong>\u2013 Vice-Presidente de Atividades T\u00e9cnicas<\/p>\n<p><strong>Eng. Al\u00e9ssio Bento Borelli<\/strong> \u2013 Diretor do Departamento de Engenharia de Energia e Telecomunica\u00e7\u00f5es<\/p>\n","protected":false},"excerpt":{"rendered":"<p>Assista abaixo \u00e0 grava\u00e7\u00e3o: + Informa\u00e7\u00f5es: Abordagem: Dando a continuidade da apresenta\u00e7\u00e3o do Projeto SINAPSE \u2013 Inclus\u00e3o da vari\u00e1vel ambiental no Planejamento El\u00e9trico apresentaremos com mais detalhes os m\u00f3dulos de desenvolvimentos do referido projeto. P\u00fablico-alvo: Engenheiros, t\u00e9cnicos e pessoas interessadas na \u00e1rea. Palestrantes: Prof. Marciano Morozowski Filho Tema: O Planejamento da Expans\u00e3o do Sistema Interligado [&hellip;]<\/p>\n","protected":false},"author":13,"featured_media":71400,"comment_status":"open","ping_status":"open","sticky":false,"template":"","format":"standard","meta":{"footnotes":""},"categories":[16,968,969],"tags":[],"class_list":{"0":"post-71848","1":"post","2":"type-post","3":"status-publish","4":"format-standard","5":"has-post-thumbnail","7":"category-departamento-desenvolvimento-de-tecnologia-industria-energia-e-telecomunicacoes","8":"category-nova-tv-engenharia","9":"category-palestra"},"yoast_head":"<!-- This site is optimized with the Yoast SEO plugin v27.2 - https:\/\/yoast.com\/product\/yoast-seo-wordpress\/ -->\n<title>Planejamento Energ\u00e9tico \u2013 SINAPSE: Inser\u00e7\u00e3o da vari\u00e1vel ambiental na expans\u00e3o da oferta de energia el\u00e9trica - Instituto de Engenharia<\/title>\n<meta name=\"robots\" content=\"index, follow, max-snippet:-1, max-image-preview:large, max-video-preview:-1\" \/>\n<link rel=\"canonical\" href=\"https:\/\/www.institutodeengenharia.org.br\/site\/2020\/10\/07\/planejamento-energetico-sinapse-insercao-da-variavel-ambiental-na-expansao-da-oferta-de-energia-eletrica\/\" \/>\n<meta property=\"og:locale\" content=\"pt_BR\" \/>\n<meta property=\"og:type\" content=\"article\" \/>\n<meta property=\"og:title\" content=\"Planejamento Energ\u00e9tico \u2013 SINAPSE: Inser\u00e7\u00e3o da vari\u00e1vel ambiental na expans\u00e3o da oferta de energia el\u00e9trica - Instituto de Engenharia\" \/>\n<meta property=\"og:description\" content=\"Assista abaixo \u00e0 grava\u00e7\u00e3o: + Informa\u00e7\u00f5es: Abordagem: Dando a continuidade da apresenta\u00e7\u00e3o do Projeto SINAPSE \u2013 Inclus\u00e3o da vari\u00e1vel ambiental no Planejamento El\u00e9trico apresentaremos com mais detalhes os m\u00f3dulos de desenvolvimentos do referido projeto. P\u00fablico-alvo: Engenheiros, t\u00e9cnicos e pessoas interessadas na \u00e1rea. Palestrantes: Prof. Marciano Morozowski Filho Tema: O Planejamento da Expans\u00e3o do Sistema Interligado [&hellip;]\" \/>\n<meta property=\"og:url\" content=\"https:\/\/www.institutodeengenharia.org.br\/site\/2020\/10\/07\/planejamento-energetico-sinapse-insercao-da-variavel-ambiental-na-expansao-da-oferta-de-energia-eletrica\/\" \/>\n<meta property=\"og:site_name\" content=\"Instituto de Engenharia\" \/>\n<meta property=\"article:publisher\" content=\"https:\/\/www.facebook.com\/institutodeengenharia\" \/>\n<meta property=\"article:published_time\" content=\"2020-10-07T18:00:22+00:00\" \/>\n<meta property=\"article:modified_time\" content=\"2020-10-16T16:29:43+00:00\" \/>\n<meta property=\"og:image\" content=\"https:\/\/www.institutodeengenharia.org.br\/site\/wp-content\/uploads\/2020\/10\/09B60736FA4061BB7545F55786D9633A5AF4_energia.jpg\" \/>\n\t<meta property=\"og:image:width\" content=\"890\" \/>\n\t<meta property=\"og:image:height\" content=\"500\" \/>\n\t<meta property=\"og:image:type\" content=\"image\/jpeg\" \/>\n<meta name=\"author\" content=\"Bianca\" \/>\n<meta name=\"twitter:card\" content=\"summary_large_image\" \/>\n<meta name=\"twitter:creator\" content=\"@iengenharia\" \/>\n<meta name=\"twitter:site\" content=\"@iengenharia\" \/>\n<meta name=\"twitter:label1\" content=\"Escrito por\" \/>\n\t<meta name=\"twitter:data1\" content=\"Bianca\" \/>\n\t<meta name=\"twitter:label2\" content=\"Est. tempo de leitura\" \/>\n\t<meta name=\"twitter:data2\" content=\"3 minutos\" \/>\n<script type=\"application\/ld+json\" class=\"yoast-schema-graph\">{\"@context\":\"https:\/\/schema.org\",\"@graph\":[{\"@type\":\"Article\",\"@id\":\"https:\/\/www.institutodeengenharia.org.br\/site\/2020\/10\/07\/planejamento-energetico-sinapse-insercao-da-variavel-ambiental-na-expansao-da-oferta-de-energia-eletrica\/#article\",\"isPartOf\":{\"@id\":\"https:\/\/www.institutodeengenharia.org.br\/site\/2020\/10\/07\/planejamento-energetico-sinapse-insercao-da-variavel-ambiental-na-expansao-da-oferta-de-energia-eletrica\/\"},\"author\":{\"name\":\"Bianca\",\"@id\":\"https:\/\/www.institutodeengenharia.org.br\/site\/#\/schema\/person\/aeb64951c405e100d26d30b033dd423f\"},\"headline\":\"Planejamento Energ\u00e9tico \u2013 SINAPSE: Inser\u00e7\u00e3o da vari\u00e1vel ambiental na expans\u00e3o da oferta de energia el\u00e9trica\",\"datePublished\":\"2020-10-07T18:00:22+00:00\",\"dateModified\":\"2020-10-16T16:29:43+00:00\",\"mainEntityOfPage\":{\"@id\":\"https:\/\/www.institutodeengenharia.org.br\/site\/2020\/10\/07\/planejamento-energetico-sinapse-insercao-da-variavel-ambiental-na-expansao-da-oferta-de-energia-eletrica\/\"},\"wordCount\":709,\"commentCount\":0,\"publisher\":{\"@id\":\"https:\/\/www.institutodeengenharia.org.br\/site\/#organization\"},\"image\":{\"@id\":\"https:\/\/www.institutodeengenharia.org.br\/site\/2020\/10\/07\/planejamento-energetico-sinapse-insercao-da-variavel-ambiental-na-expansao-da-oferta-de-energia-eletrica\/#primaryimage\"},\"thumbnailUrl\":\"https:\/\/www.institutodeengenharia.org.br\/site\/wp-content\/uploads\/2020\/10\/09B60736FA4061BB7545F55786D9633A5AF4_energia.jpg\",\"articleSection\":[\"Departamento de Desenvolvimento de Tecnologia, Ind\u00fastria, Energia e Telecomunica\u00e7\u00f5es\",\"Nova TV Engenharia\",\"Palestra\"],\"inLanguage\":\"pt-BR\",\"potentialAction\":[{\"@type\":\"CommentAction\",\"name\":\"Comment\",\"target\":[\"https:\/\/www.institutodeengenharia.org.br\/site\/2020\/10\/07\/planejamento-energetico-sinapse-insercao-da-variavel-ambiental-na-expansao-da-oferta-de-energia-eletrica\/#respond\"]}]},{\"@type\":\"WebPage\",\"@id\":\"https:\/\/www.institutodeengenharia.org.br\/site\/2020\/10\/07\/planejamento-energetico-sinapse-insercao-da-variavel-ambiental-na-expansao-da-oferta-de-energia-eletrica\/\",\"url\":\"https:\/\/www.institutodeengenharia.org.br\/site\/2020\/10\/07\/planejamento-energetico-sinapse-insercao-da-variavel-ambiental-na-expansao-da-oferta-de-energia-eletrica\/\",\"name\":\"Planejamento Energ\u00e9tico \u2013 SINAPSE: Inser\u00e7\u00e3o da vari\u00e1vel ambiental na expans\u00e3o da oferta de energia el\u00e9trica - Instituto de Engenharia\",\"isPartOf\":{\"@id\":\"https:\/\/www.institutodeengenharia.org.br\/site\/#website\"},\"primaryImageOfPage\":{\"@id\":\"https:\/\/www.institutodeengenharia.org.br\/site\/2020\/10\/07\/planejamento-energetico-sinapse-insercao-da-variavel-ambiental-na-expansao-da-oferta-de-energia-eletrica\/#primaryimage\"},\"image\":{\"@id\":\"https:\/\/www.institutodeengenharia.org.br\/site\/2020\/10\/07\/planejamento-energetico-sinapse-insercao-da-variavel-ambiental-na-expansao-da-oferta-de-energia-eletrica\/#primaryimage\"},\"thumbnailUrl\":\"https:\/\/www.institutodeengenharia.org.br\/site\/wp-content\/uploads\/2020\/10\/09B60736FA4061BB7545F55786D9633A5AF4_energia.jpg\",\"datePublished\":\"2020-10-07T18:00:22+00:00\",\"dateModified\":\"2020-10-16T16:29:43+00:00\",\"breadcrumb\":{\"@id\":\"https:\/\/www.institutodeengenharia.org.br\/site\/2020\/10\/07\/planejamento-energetico-sinapse-insercao-da-variavel-ambiental-na-expansao-da-oferta-de-energia-eletrica\/#breadcrumb\"},\"inLanguage\":\"pt-BR\",\"potentialAction\":[{\"@type\":\"ReadAction\",\"target\":[\"https:\/\/www.institutodeengenharia.org.br\/site\/2020\/10\/07\/planejamento-energetico-sinapse-insercao-da-variavel-ambiental-na-expansao-da-oferta-de-energia-eletrica\/\"]}]},{\"@type\":\"ImageObject\",\"inLanguage\":\"pt-BR\",\"@id\":\"https:\/\/www.institutodeengenharia.org.br\/site\/2020\/10\/07\/planejamento-energetico-sinapse-insercao-da-variavel-ambiental-na-expansao-da-oferta-de-energia-eletrica\/#primaryimage\",\"url\":\"https:\/\/www.institutodeengenharia.org.br\/site\/wp-content\/uploads\/2020\/10\/09B60736FA4061BB7545F55786D9633A5AF4_energia.jpg\",\"contentUrl\":\"https:\/\/www.institutodeengenharia.org.br\/site\/wp-content\/uploads\/2020\/10\/09B60736FA4061BB7545F55786D9633A5AF4_energia.jpg\",\"width\":890,\"height\":500},{\"@type\":\"BreadcrumbList\",\"@id\":\"https:\/\/www.institutodeengenharia.org.br\/site\/2020\/10\/07\/planejamento-energetico-sinapse-insercao-da-variavel-ambiental-na-expansao-da-oferta-de-energia-eletrica\/#breadcrumb\",\"itemListElement\":[{\"@type\":\"ListItem\",\"position\":1,\"name\":\"In\u00edcio\",\"item\":\"https:\/\/www.institutodeengenharia.org.br\/site\/\"},{\"@type\":\"ListItem\",\"position\":2,\"name\":\"Planejamento Energ\u00e9tico \u2013 SINAPSE: Inser\u00e7\u00e3o da vari\u00e1vel ambiental na expans\u00e3o da oferta de energia el\u00e9trica\"}]},{\"@type\":\"WebSite\",\"@id\":\"https:\/\/www.institutodeengenharia.org.br\/site\/#website\",\"url\":\"https:\/\/www.institutodeengenharia.org.br\/site\/\",\"name\":\"Instituto de Engenharia\",\"description\":\"O Instituto de Engenharia promove a Engenharia em benef\u00edcio do desenvolvimento e da qualidade de vida da sociedade.\",\"publisher\":{\"@id\":\"https:\/\/www.institutodeengenharia.org.br\/site\/#organization\"},\"potentialAction\":[{\"@type\":\"SearchAction\",\"target\":{\"@type\":\"EntryPoint\",\"urlTemplate\":\"https:\/\/www.institutodeengenharia.org.br\/site\/?s={search_term_string}\"},\"query-input\":{\"@type\":\"PropertyValueSpecification\",\"valueRequired\":true,\"valueName\":\"search_term_string\"}}],\"inLanguage\":\"pt-BR\"},{\"@type\":\"Organization\",\"@id\":\"https:\/\/www.institutodeengenharia.org.br\/site\/#organization\",\"name\":\"Instituto de Engenharia\",\"url\":\"https:\/\/www.institutodeengenharia.org.br\/site\/\",\"logo\":{\"@type\":\"ImageObject\",\"inLanguage\":\"pt-BR\",\"@id\":\"https:\/\/www.institutodeengenharia.org.br\/site\/#\/schema\/logo\/image\/\",\"url\":\"https:\/\/www.institutodeengenharia.org.br\/site\/wp-content\/uploads\/2019\/03\/logo-novo-IE2018-1.jpg\",\"contentUrl\":\"https:\/\/www.institutodeengenharia.org.br\/site\/wp-content\/uploads\/2019\/03\/logo-novo-IE2018-1.jpg\",\"width\":1486,\"height\":1879,\"caption\":\"Instituto de Engenharia\"},\"image\":{\"@id\":\"https:\/\/www.institutodeengenharia.org.br\/site\/#\/schema\/logo\/image\/\"},\"sameAs\":[\"https:\/\/www.facebook.com\/institutodeengenharia\",\"https:\/\/x.com\/iengenharia\",\"https:\/\/www.instagram.com\/institutodeengenharia\/\",\"https:\/\/www.linkedin.com\/company\/instituto-de-engenharia\/\",\"https:\/\/www.youtube.com\/channel\/UCXiCAlsSMe977vamW915HxA\"]},{\"@type\":\"Person\",\"@id\":\"https:\/\/www.institutodeengenharia.org.br\/site\/#\/schema\/person\/aeb64951c405e100d26d30b033dd423f\",\"name\":\"Bianca\",\"image\":{\"@type\":\"ImageObject\",\"inLanguage\":\"pt-BR\",\"@id\":\"https:\/\/secure.gravatar.com\/avatar\/a6fbe9bff57405baf4c1e2c5c1811e072b558253974a9f9508f4678900c97c2a?s=96&d=mm&r=g\",\"url\":\"https:\/\/secure.gravatar.com\/avatar\/a6fbe9bff57405baf4c1e2c5c1811e072b558253974a9f9508f4678900c97c2a?s=96&d=mm&r=g\",\"contentUrl\":\"https:\/\/secure.gravatar.com\/avatar\/a6fbe9bff57405baf4c1e2c5c1811e072b558253974a9f9508f4678900c97c2a?s=96&d=mm&r=g\",\"caption\":\"Bianca\"},\"url\":\"https:\/\/www.institutodeengenharia.org.br\/site\/author\/comunicacao1\/\"}]}<\/script>\n<!-- \/ Yoast SEO plugin. -->","yoast_head_json":{"title":"Planejamento Energ\u00e9tico \u2013 SINAPSE: Inser\u00e7\u00e3o da vari\u00e1vel ambiental na expans\u00e3o da oferta de energia el\u00e9trica - Instituto de Engenharia","robots":{"index":"index","follow":"follow","max-snippet":"max-snippet:-1","max-image-preview":"max-image-preview:large","max-video-preview":"max-video-preview:-1"},"canonical":"https:\/\/www.institutodeengenharia.org.br\/site\/2020\/10\/07\/planejamento-energetico-sinapse-insercao-da-variavel-ambiental-na-expansao-da-oferta-de-energia-eletrica\/","og_locale":"pt_BR","og_type":"article","og_title":"Planejamento Energ\u00e9tico \u2013 SINAPSE: Inser\u00e7\u00e3o da vari\u00e1vel ambiental na expans\u00e3o da oferta de energia el\u00e9trica - Instituto de Engenharia","og_description":"Assista abaixo \u00e0 grava\u00e7\u00e3o: + Informa\u00e7\u00f5es: Abordagem: Dando a continuidade da apresenta\u00e7\u00e3o do Projeto SINAPSE \u2013 Inclus\u00e3o da vari\u00e1vel ambiental no Planejamento El\u00e9trico apresentaremos com mais detalhes os m\u00f3dulos de desenvolvimentos do referido projeto. P\u00fablico-alvo: Engenheiros, t\u00e9cnicos e pessoas interessadas na \u00e1rea. Palestrantes: Prof. Marciano Morozowski Filho Tema: O Planejamento da Expans\u00e3o do Sistema Interligado [&hellip;]","og_url":"https:\/\/www.institutodeengenharia.org.br\/site\/2020\/10\/07\/planejamento-energetico-sinapse-insercao-da-variavel-ambiental-na-expansao-da-oferta-de-energia-eletrica\/","og_site_name":"Instituto de Engenharia","article_publisher":"https:\/\/www.facebook.com\/institutodeengenharia","article_published_time":"2020-10-07T18:00:22+00:00","article_modified_time":"2020-10-16T16:29:43+00:00","og_image":[{"width":890,"height":500,"url":"https:\/\/www.institutodeengenharia.org.br\/site\/wp-content\/uploads\/2020\/10\/09B60736FA4061BB7545F55786D9633A5AF4_energia.jpg","type":"image\/jpeg"}],"author":"Bianca","twitter_card":"summary_large_image","twitter_creator":"@iengenharia","twitter_site":"@iengenharia","twitter_misc":{"Escrito por":"Bianca","Est. tempo de leitura":"3 minutos"},"schema":{"@context":"https:\/\/schema.org","@graph":[{"@type":"Article","@id":"https:\/\/www.institutodeengenharia.org.br\/site\/2020\/10\/07\/planejamento-energetico-sinapse-insercao-da-variavel-ambiental-na-expansao-da-oferta-de-energia-eletrica\/#article","isPartOf":{"@id":"https:\/\/www.institutodeengenharia.org.br\/site\/2020\/10\/07\/planejamento-energetico-sinapse-insercao-da-variavel-ambiental-na-expansao-da-oferta-de-energia-eletrica\/"},"author":{"name":"Bianca","@id":"https:\/\/www.institutodeengenharia.org.br\/site\/#\/schema\/person\/aeb64951c405e100d26d30b033dd423f"},"headline":"Planejamento Energ\u00e9tico \u2013 SINAPSE: Inser\u00e7\u00e3o da vari\u00e1vel ambiental na expans\u00e3o da oferta de energia el\u00e9trica","datePublished":"2020-10-07T18:00:22+00:00","dateModified":"2020-10-16T16:29:43+00:00","mainEntityOfPage":{"@id":"https:\/\/www.institutodeengenharia.org.br\/site\/2020\/10\/07\/planejamento-energetico-sinapse-insercao-da-variavel-ambiental-na-expansao-da-oferta-de-energia-eletrica\/"},"wordCount":709,"commentCount":0,"publisher":{"@id":"https:\/\/www.institutodeengenharia.org.br\/site\/#organization"},"image":{"@id":"https:\/\/www.institutodeengenharia.org.br\/site\/2020\/10\/07\/planejamento-energetico-sinapse-insercao-da-variavel-ambiental-na-expansao-da-oferta-de-energia-eletrica\/#primaryimage"},"thumbnailUrl":"https:\/\/www.institutodeengenharia.org.br\/site\/wp-content\/uploads\/2020\/10\/09B60736FA4061BB7545F55786D9633A5AF4_energia.jpg","articleSection":["Departamento de Desenvolvimento de Tecnologia, Ind\u00fastria, Energia e Telecomunica\u00e7\u00f5es","Nova TV Engenharia","Palestra"],"inLanguage":"pt-BR","potentialAction":[{"@type":"CommentAction","name":"Comment","target":["https:\/\/www.institutodeengenharia.org.br\/site\/2020\/10\/07\/planejamento-energetico-sinapse-insercao-da-variavel-ambiental-na-expansao-da-oferta-de-energia-eletrica\/#respond"]}]},{"@type":"WebPage","@id":"https:\/\/www.institutodeengenharia.org.br\/site\/2020\/10\/07\/planejamento-energetico-sinapse-insercao-da-variavel-ambiental-na-expansao-da-oferta-de-energia-eletrica\/","url":"https:\/\/www.institutodeengenharia.org.br\/site\/2020\/10\/07\/planejamento-energetico-sinapse-insercao-da-variavel-ambiental-na-expansao-da-oferta-de-energia-eletrica\/","name":"Planejamento Energ\u00e9tico \u2013 SINAPSE: Inser\u00e7\u00e3o da vari\u00e1vel ambiental na expans\u00e3o da oferta de energia el\u00e9trica - Instituto de Engenharia","isPartOf":{"@id":"https:\/\/www.institutodeengenharia.org.br\/site\/#website"},"primaryImageOfPage":{"@id":"https:\/\/www.institutodeengenharia.org.br\/site\/2020\/10\/07\/planejamento-energetico-sinapse-insercao-da-variavel-ambiental-na-expansao-da-oferta-de-energia-eletrica\/#primaryimage"},"image":{"@id":"https:\/\/www.institutodeengenharia.org.br\/site\/2020\/10\/07\/planejamento-energetico-sinapse-insercao-da-variavel-ambiental-na-expansao-da-oferta-de-energia-eletrica\/#primaryimage"},"thumbnailUrl":"https:\/\/www.institutodeengenharia.org.br\/site\/wp-content\/uploads\/2020\/10\/09B60736FA4061BB7545F55786D9633A5AF4_energia.jpg","datePublished":"2020-10-07T18:00:22+00:00","dateModified":"2020-10-16T16:29:43+00:00","breadcrumb":{"@id":"https:\/\/www.institutodeengenharia.org.br\/site\/2020\/10\/07\/planejamento-energetico-sinapse-insercao-da-variavel-ambiental-na-expansao-da-oferta-de-energia-eletrica\/#breadcrumb"},"inLanguage":"pt-BR","potentialAction":[{"@type":"ReadAction","target":["https:\/\/www.institutodeengenharia.org.br\/site\/2020\/10\/07\/planejamento-energetico-sinapse-insercao-da-variavel-ambiental-na-expansao-da-oferta-de-energia-eletrica\/"]}]},{"@type":"ImageObject","inLanguage":"pt-BR","@id":"https:\/\/www.institutodeengenharia.org.br\/site\/2020\/10\/07\/planejamento-energetico-sinapse-insercao-da-variavel-ambiental-na-expansao-da-oferta-de-energia-eletrica\/#primaryimage","url":"https:\/\/www.institutodeengenharia.org.br\/site\/wp-content\/uploads\/2020\/10\/09B60736FA4061BB7545F55786D9633A5AF4_energia.jpg","contentUrl":"https:\/\/www.institutodeengenharia.org.br\/site\/wp-content\/uploads\/2020\/10\/09B60736FA4061BB7545F55786D9633A5AF4_energia.jpg","width":890,"height":500},{"@type":"BreadcrumbList","@id":"https:\/\/www.institutodeengenharia.org.br\/site\/2020\/10\/07\/planejamento-energetico-sinapse-insercao-da-variavel-ambiental-na-expansao-da-oferta-de-energia-eletrica\/#breadcrumb","itemListElement":[{"@type":"ListItem","position":1,"name":"In\u00edcio","item":"https:\/\/www.institutodeengenharia.org.br\/site\/"},{"@type":"ListItem","position":2,"name":"Planejamento Energ\u00e9tico \u2013 SINAPSE: Inser\u00e7\u00e3o da vari\u00e1vel ambiental na expans\u00e3o da oferta de energia el\u00e9trica"}]},{"@type":"WebSite","@id":"https:\/\/www.institutodeengenharia.org.br\/site\/#website","url":"https:\/\/www.institutodeengenharia.org.br\/site\/","name":"Instituto de Engenharia","description":"O Instituto de Engenharia promove a Engenharia em benef\u00edcio do desenvolvimento e da qualidade de vida da sociedade.","publisher":{"@id":"https:\/\/www.institutodeengenharia.org.br\/site\/#organization"},"potentialAction":[{"@type":"SearchAction","target":{"@type":"EntryPoint","urlTemplate":"https:\/\/www.institutodeengenharia.org.br\/site\/?s={search_term_string}"},"query-input":{"@type":"PropertyValueSpecification","valueRequired":true,"valueName":"search_term_string"}}],"inLanguage":"pt-BR"},{"@type":"Organization","@id":"https:\/\/www.institutodeengenharia.org.br\/site\/#organization","name":"Instituto de Engenharia","url":"https:\/\/www.institutodeengenharia.org.br\/site\/","logo":{"@type":"ImageObject","inLanguage":"pt-BR","@id":"https:\/\/www.institutodeengenharia.org.br\/site\/#\/schema\/logo\/image\/","url":"https:\/\/www.institutodeengenharia.org.br\/site\/wp-content\/uploads\/2019\/03\/logo-novo-IE2018-1.jpg","contentUrl":"https:\/\/www.institutodeengenharia.org.br\/site\/wp-content\/uploads\/2019\/03\/logo-novo-IE2018-1.jpg","width":1486,"height":1879,"caption":"Instituto de Engenharia"},"image":{"@id":"https:\/\/www.institutodeengenharia.org.br\/site\/#\/schema\/logo\/image\/"},"sameAs":["https:\/\/www.facebook.com\/institutodeengenharia","https:\/\/x.com\/iengenharia","https:\/\/www.instagram.com\/institutodeengenharia\/","https:\/\/www.linkedin.com\/company\/instituto-de-engenharia\/","https:\/\/www.youtube.com\/channel\/UCXiCAlsSMe977vamW915HxA"]},{"@type":"Person","@id":"https:\/\/www.institutodeengenharia.org.br\/site\/#\/schema\/person\/aeb64951c405e100d26d30b033dd423f","name":"Bianca","image":{"@type":"ImageObject","inLanguage":"pt-BR","@id":"https:\/\/secure.gravatar.com\/avatar\/a6fbe9bff57405baf4c1e2c5c1811e072b558253974a9f9508f4678900c97c2a?s=96&d=mm&r=g","url":"https:\/\/secure.gravatar.com\/avatar\/a6fbe9bff57405baf4c1e2c5c1811e072b558253974a9f9508f4678900c97c2a?s=96&d=mm&r=g","contentUrl":"https:\/\/secure.gravatar.com\/avatar\/a6fbe9bff57405baf4c1e2c5c1811e072b558253974a9f9508f4678900c97c2a?s=96&d=mm&r=g","caption":"Bianca"},"url":"https:\/\/www.institutodeengenharia.org.br\/site\/author\/comunicacao1\/"}]}},"_links":{"self":[{"href":"https:\/\/www.institutodeengenharia.org.br\/site\/wp-json\/wp\/v2\/posts\/71848","targetHints":{"allow":["GET"]}}],"collection":[{"href":"https:\/\/www.institutodeengenharia.org.br\/site\/wp-json\/wp\/v2\/posts"}],"about":[{"href":"https:\/\/www.institutodeengenharia.org.br\/site\/wp-json\/wp\/v2\/types\/post"}],"author":[{"embeddable":true,"href":"https:\/\/www.institutodeengenharia.org.br\/site\/wp-json\/wp\/v2\/users\/13"}],"replies":[{"embeddable":true,"href":"https:\/\/www.institutodeengenharia.org.br\/site\/wp-json\/wp\/v2\/comments?post=71848"}],"version-history":[{"count":1,"href":"https:\/\/www.institutodeengenharia.org.br\/site\/wp-json\/wp\/v2\/posts\/71848\/revisions"}],"predecessor-version":[{"id":71849,"href":"https:\/\/www.institutodeengenharia.org.br\/site\/wp-json\/wp\/v2\/posts\/71848\/revisions\/71849"}],"wp:featuredmedia":[{"embeddable":true,"href":"https:\/\/www.institutodeengenharia.org.br\/site\/wp-json\/wp\/v2\/media\/71400"}],"wp:attachment":[{"href":"https:\/\/www.institutodeengenharia.org.br\/site\/wp-json\/wp\/v2\/media?parent=71848"}],"wp:term":[{"taxonomy":"category","embeddable":true,"href":"https:\/\/www.institutodeengenharia.org.br\/site\/wp-json\/wp\/v2\/categories?post=71848"},{"taxonomy":"post_tag","embeddable":true,"href":"https:\/\/www.institutodeengenharia.org.br\/site\/wp-json\/wp\/v2\/tags?post=71848"}],"curies":[{"name":"wp","href":"https:\/\/api.w.org\/{rel}","templated":true}]}}