{"id":71636,"date":"2020-09-24T09:00:26","date_gmt":"2020-09-24T12:00:26","guid":{"rendered":"https:\/\/www.institutodeengenharia.org.br\/site\/?p=71636"},"modified":"2020-10-13T09:45:16","modified_gmt":"2020-10-13T12:45:16","slug":"2o-encontro-internacional-lideranca-chilena-na-implantacao-de-transporte-limpo","status":"publish","type":"post","link":"https:\/\/www.institutodeengenharia.org.br\/site\/2020\/09\/24\/2o-encontro-internacional-lideranca-chilena-na-implantacao-de-transporte-limpo\/","title":{"rendered":"2\u00ba Encontro Internacional &#8211; Lideran\u00e7a Chilena na Implanta\u00e7\u00e3o de Transporte Limpo"},"content":{"rendered":"<p><strong>Assista abaixo \u00e0 grava\u00e7\u00e3o:<\/strong><\/p>\n<p><iframe loading=\"lazy\" src=\"https:\/\/player.vimeo.com\/video\/466811360\" width=\"640\" height=\"360\" frameborder=\"0\" allowfullscreen=\"allowfullscreen\"><\/iframe><\/p>\n<p>&nbsp;<\/p>\n<p><strong>+ Informa\u00e7\u00f5es:<\/strong><\/p>\n<p><strong>ABORDAGEM:<\/strong><\/p>\n<p>O pleno crescimento dos transportes limpos \u00e9 uma realidade em todas as cidades do mundo. Diversas tecnologias est\u00e3o sendo experimentadas, destacando-se as inova\u00e7\u00f5es com ve\u00edculos el\u00e9tricos, tais como: \u00f4nibus, carros, <em>scooters<\/em>, patinetes e bicicletas. Em nossa percep\u00e7\u00e3o, a cidade de Santiago do Chile come\u00e7a a assumir a lideran\u00e7a mundial na mobilidade el\u00e9trica, que at\u00e9 o atual momento estava em dom\u00ednio Chin\u00eas.<\/p>\n<p>O <strong>Instituto de Engenharia<\/strong>, preocupado com o desenvolvimento brasileiro, convida Juan Carlos Gonzalez, chefe da Assessoria da Ministra de Transporte e Telecomunica\u00e7\u00f5es do Chile, Sra. Gloria Hutt, e principal respons\u00e1vel pelo sucesso com a implanta\u00e7\u00e3o da nova tecnologia para expor e comentar, com entidades e especialistas brasileiros em transporte, o modelo de neg\u00f3cio e as circunst\u00e2ncias que possibilitaram a chegada de cem novos \u00f4nibus na capital chilena em dezembro de 2019, e os demais que ir\u00e3o completar a frota de 2000, promovendo ao Chile a\u00a0<a href=\"https:\/\/www.latercera.com\/nacional\/noticia\/plan-busca-convertir-chile-segundo-pais-mas-buses-electricos-del-mundo\/219064\/\" target=\"_blank\" rel=\"noopener noreferrer\">segunda maior frota de \u00f4nibus el\u00e9tricos do mundo<\/a> \u2013 depois da China.<\/p>\n<p>E, ainda, uma pergunta: como \u00e9 poss\u00edvel a realiza\u00e7\u00e3o de uma\u00a0<a href=\"https:\/\/www.transantiago.cl\/noticias\/presentan-contenido-esencial-de-bases-licitacion-del-transantiago\" target=\"_blank\" rel=\"noopener noreferrer\">nova licita\u00e7\u00e3o<\/a> que incentiva a implanta\u00e7\u00e3o de aproximadamente mais 500 \u00f4nibus p\u00fablicos el\u00e9tricos em Santiago?<\/p>\n<p>O evento ser\u00e1 realizado em formato webinar. O palestrante ter\u00e1 30 minutos para apresentar o sucesso chileno, os analistas ter\u00e3o 35 minutos para colocarem suas quest\u00f5es e o expositor ter\u00e1 25 minutos para dar os esclarecimentos aos analistas e \u00e0s perguntas do p\u00fablico.<\/p>\n<p><strong>P\u00daBLICO-ALVO:<\/strong><\/p>\n<p>Engenheiros, t\u00e9cnicos, especialistas em mobilidade sustent\u00e1vel, bem como legisladores, em especial estudantes, e demais interessados.<\/p>\n<p><strong>PROGRAMA\u00c7\u00c3O:<\/strong><\/p>\n<p><strong><u>Abertura:<\/u><\/strong><\/p>\n<p><strong>Eduardo Lafraia<\/strong>\u00a0\u2013 Presidente do Instituto de Engenharia<\/p>\n<p><strong><u>Palestrante:<\/u><\/strong><\/p>\n<p><strong>Juan Carlos Gonzalez<\/strong>\u00a0\u2013\u00a0Chefe de Gabinete do\u00a0Minist\u00e9rio dos Transportes e Telecomunica\u00e7\u00f5es do Chile<\/p>\n<p><strong><u>Debatedores:<\/u><\/strong><\/p>\n<p><strong>Adalberto Maluf\u00a0<\/strong>\u2013\u00a0Presidente da Associa\u00e7\u00e3o Brasileira do Ve\u00edculo El\u00e9trico (ABVE)<\/p>\n<p><strong>I\u00eada de Oliveira\u00a0<\/strong>\u2013 Diretora da Associa\u00e7\u00e3o Brasileira de Ve\u00edculos El\u00e9tricos (ABVE)<\/p>\n<p><strong>Andr\u00e9 Dantas<\/strong>\u00a0\u2013 Diretor T\u00e9cnico da Associa\u00e7\u00e3o Nacional das Empresas de Transportes Urbanos (NTU)<\/p>\n<p><strong>Luiz Fernando Portella<\/strong>\u00a0\u2013 Membro do Conselho Consultivo e assessor do Departamento de Engenharia de Mobilidade e Log\u00edstica do Instituto de Engenharia<\/p>\n<p><strong>Eleonora Pazos<\/strong>\u00a0\u2013 Diretora da Uni\u00e3o Internacional de Transportes P\u00fablicos (UITP)<\/p>\n<p><strong>Ayrton Camargo e Silva<\/strong>\u00a0\u2013 Diretor da Associa\u00e7\u00e3o de Engenheiros e Arquitetos de Metr\u00f4 (AEAMESP)<\/p>\n<p><strong>Ailton Brasiliense<\/strong> \u2013 Presidente da Associa\u00e7\u00e3o Brasileira de Transportes P\u00fablicos (ANTP)<\/p>\n<p><strong>Flam\u00ednio Fichmann<\/strong>\u00a0\u2013 Coordenador da Divis\u00e3o T\u00e9cnica de Transporte Metropolitano do Instituto de Engenharia<\/p>\n<p><strong><u>Moderador:<\/u><\/strong><\/p>\n<p><strong>Ivan Metran Whately<\/strong>\u00a0\u2013 Diretor do Departamento de Engenharia de Mobilidade e Log\u00edstica do Instituto de Engenharia<\/p>\n<p><strong><u>Encerramento:<\/u><\/strong><\/p>\n<p><strong>Miriana Pereira Marques<\/strong>\u00a0\u2013 Vice-presidente de Assuntos Internos do Instituto de Engenharia<\/p>\n<p><strong>CONVIDADOS:<\/strong><\/p>\n<p><strong><u>Palestrante:<\/u><\/strong><\/p>\n<p><img loading=\"lazy\" decoding=\"async\" class=\"alignnone wp-image-70923\" src=\"https:\/\/www.institutodeengenharia.org.br\/site\/wp-content\/uploads\/2020\/09\/Juan-Carlos-Gonzalez-e1600199071364.jpg\" alt=\"\" width=\"148\" height=\"177\" srcset=\"https:\/\/www.institutodeengenharia.org.br\/site\/wp-content\/uploads\/2020\/09\/Juan-Carlos-Gonzalez-e1600199071364.jpg 627w, https:\/\/www.institutodeengenharia.org.br\/site\/wp-content\/uploads\/2020\/09\/Juan-Carlos-Gonzalez-e1600199071364-251x300.jpg 251w, https:\/\/www.institutodeengenharia.org.br\/site\/wp-content\/uploads\/2020\/09\/Juan-Carlos-Gonzalez-e1600199071364-352x420.jpg 352w, https:\/\/www.institutodeengenharia.org.br\/site\/wp-content\/uploads\/2020\/09\/Juan-Carlos-Gonzalez-e1600199071364-600x716.jpg 600w\" sizes=\"auto, (max-width: 148px) 100vw, 148px\" \/><\/p>\n<p><strong>Juan Carlos Gonzalez<\/strong><\/p>\n<p>Graduado na Universidad de Chile e especialista em Regulamento de Transportes. Foi chefe Legislativo do Minist\u00e9rio dos Transportes do Chile entre 2010 e 2014; diretor Jur\u00eddico da Associa\u00e7\u00e3o dos Operadores de Transporte P\u00fablico de Santiago; e gerente da Funda\u00e7\u00e3o Transurbano<em>, <\/em>ONG\u00a0dedicada \u00e0 promo\u00e7\u00e3o do transporte p\u00fablico sustent\u00e1vel. Atualmente \u00e9 chefe da Assessoria da Ministra de Transporte e Telecomunica\u00e7\u00f5es do Chile, a Sra.\u00a0Gloria Hutt.\u00a0Al\u00e9m de seu cargo no Minist\u00e9rio, \u00e9 tamb\u00e9m assessor Jur\u00eddico do Instituto de Asuntos P\u00fablicos da Universidad de Chile e membro dos Comit\u00eas de Peritos do SIMUS e da UITP Am\u00e9rica Latina.<\/p>\n<p><strong><u>Debatedores:<\/u><\/strong><\/p>\n<p><img loading=\"lazy\" decoding=\"async\" class=\"alignnone wp-image-71181\" src=\"https:\/\/www.institutodeengenharia.org.br\/site\/wp-content\/uploads\/2020\/09\/Adalberto-Maluf.jpg\" alt=\"\" width=\"163\" height=\"163\" srcset=\"https:\/\/www.institutodeengenharia.org.br\/site\/wp-content\/uploads\/2020\/09\/Adalberto-Maluf.jpg 2120w, https:\/\/www.institutodeengenharia.org.br\/site\/wp-content\/uploads\/2020\/09\/Adalberto-Maluf-150x150.jpg 150w, https:\/\/www.institutodeengenharia.org.br\/site\/wp-content\/uploads\/2020\/09\/Adalberto-Maluf-300x300.jpg 300w, https:\/\/www.institutodeengenharia.org.br\/site\/wp-content\/uploads\/2020\/09\/Adalberto-Maluf-768x768.jpg 768w, https:\/\/www.institutodeengenharia.org.br\/site\/wp-content\/uploads\/2020\/09\/Adalberto-Maluf-1024x1024.jpg 1024w, https:\/\/www.institutodeengenharia.org.br\/site\/wp-content\/uploads\/2020\/09\/Adalberto-Maluf-696x696.jpg 696w, https:\/\/www.institutodeengenharia.org.br\/site\/wp-content\/uploads\/2020\/09\/Adalberto-Maluf-1068x1068.jpg 1068w, https:\/\/www.institutodeengenharia.org.br\/site\/wp-content\/uploads\/2020\/09\/Adalberto-Maluf-420x420.jpg 420w, https:\/\/www.institutodeengenharia.org.br\/site\/wp-content\/uploads\/2020\/09\/Adalberto-Maluf-1920x1920.jpg 1920w, https:\/\/www.institutodeengenharia.org.br\/site\/wp-content\/uploads\/2020\/09\/Adalberto-Maluf-600x600.jpg 600w, https:\/\/www.institutodeengenharia.org.br\/site\/wp-content\/uploads\/2020\/09\/Adalberto-Maluf-100x100.jpg 100w\" sizes=\"auto, (max-width: 163px) 100vw, 163px\" \/><\/p>\n<p><strong>Adalberto Maluf<\/strong><\/p>\n<p>Bacharel em Rela\u00e7\u00f5es Internacionais e mestre em Economia Pol\u00edtica Internacional pelo Instituto de Rela\u00e7\u00f5es Internacionais da Universidade de S\u00e3o Paulo (IRI\/USP). Trabalhou com temas e projetos relacionados \u00e0 mitiga\u00e7\u00e3o das mudan\u00e7as clim\u00e1ticas e pol\u00edticas p\u00fablicas, com foco em energia, sustentabilidade e mobilidade urbana. \u00c9 presidente da Associa\u00e7\u00e3o Brasileira do Ve\u00edculo El\u00e9trico (ABVE). Foi assessor\u00a0na Secretaria de Meio Ambiente da cidade de S\u00e3o Paulo entre 2006 e 2007 e diretor da Clinton Climate Initiative em parceria com a da Rede de Cidades C40 (Large Cities Climate Leadership Group) em S\u00e3o Paulo de 2007 a 2014.<\/p>\n<p><img loading=\"lazy\" decoding=\"async\" class=\"alignnone wp-image-70932\" src=\"https:\/\/www.institutodeengenharia.org.br\/site\/wp-content\/uploads\/2020\/09\/I\u00eada-de-Oliveira.jpg\" alt=\"\" width=\"173\" height=\"178\" \/><\/p>\n<p><b><span data-contrast=\"auto\">I\u00eada<\/span><\/b><b><span data-contrast=\"auto\">\u00a0de Oliveira<\/span><\/b><span data-ccp-props=\"{&quot;201341983&quot;:0,&quot;335551550&quot;:6,&quot;335551620&quot;:6,&quot;335559739&quot;:0,&quot;335559740&quot;:276}\">\u00a0<\/span><\/p>\n<p><span data-contrast=\"auto\">Diretora da\u00a0<\/span><span data-contrast=\"auto\">Eletra<\/span><span data-contrast=\"auto\">, empresa de \u00f4nibus el\u00e9tricos e h\u00edbridos com sede em S\u00e3o Bernardo do Campo (SP). Diretora de Ve\u00edculos Pesados da Associa\u00e7\u00e3o Brasileira do Ve\u00edculo El\u00e9trico (ABVE). Formada em Administra\u00e7\u00e3o pela Funda\u00e7\u00e3o Senador\u00a0<\/span><span data-contrast=\"auto\">Fl\u00e1quer, com p<\/span><span data-contrast=\"auto\">\u00f3s-gradua\u00e7\u00e3o em Gest\u00e3o de Neg\u00f3cios pelo Instituto Trevisan. Atua h\u00e1 18 anos no segmento de mobilidade sustent\u00e1vel. Foco em desenvolvimento tecnol\u00f3gico de \u00f4nibus el\u00e9tricos e h\u00edbridos e\u00a0<\/span><span data-contrast=\"auto\">retrofit<\/span><span data-contrast=\"auto\">\u00a0de caminh\u00f5es e \u00f4nibus.<\/span><span data-ccp-props=\"{&quot;201341983&quot;:0,&quot;335551550&quot;:6,&quot;335551620&quot;:6,&quot;335559739&quot;:0,&quot;335559740&quot;:276}\">\u00a0<\/span><\/p>\n<p><img loading=\"lazy\" decoding=\"async\" class=\"alignnone wp-image-70924\" src=\"https:\/\/www.institutodeengenharia.org.br\/site\/wp-content\/uploads\/2020\/09\/Andr\u00e9-Dantas.jpg\" alt=\"\" width=\"152\" height=\"156\" srcset=\"https:\/\/www.institutodeengenharia.org.br\/site\/wp-content\/uploads\/2020\/09\/Andr\u00e9-Dantas.jpg 490w, https:\/\/www.institutodeengenharia.org.br\/site\/wp-content\/uploads\/2020\/09\/Andr\u00e9-Dantas-290x300.jpg 290w, https:\/\/www.institutodeengenharia.org.br\/site\/wp-content\/uploads\/2020\/09\/Andr\u00e9-Dantas-356x364.jpg 356w, https:\/\/www.institutodeengenharia.org.br\/site\/wp-content\/uploads\/2020\/09\/Andr\u00e9-Dantas-406x420.jpg 406w\" sizes=\"auto, (max-width: 152px) 100vw, 152px\" \/><\/p>\n<p><strong>Andr\u00e9 Soares Dantas<\/strong><\/p>\n<p>Engenheiro Civil pela UFMG, mestre em Transportes pela UnB e doutor em Engenharia de Transportes pelo Instituto Tecnol\u00f3gico de Nag\u00f3ia, Jap\u00e3o. Foi professor visitante na Universidade Tecnol\u00f3gica de Queensland, Austr\u00e1lia; e professor de cursos de gradua\u00e7\u00e3o e p\u00f3s-gradua\u00e7\u00e3o da Universidade de Canterbury, Nova Zel\u00e2ndia. Possui mais de 27 anos de experi\u00eancia trabalhando em transportes em v\u00e1rios pa\u00edses do mundo. Atuou como conselheiro t\u00e9cnico em v\u00e1rios projetos como o \u201cUrban Transportation Network Reliability Assessment Techniques\u201d, que preparou Pequim para os Jogos Ol\u00edmpicos de 2008. Trabalhou na Austr\u00e1lia com a empresa de consultoria de engenharia MWH Global em v\u00e1rios projetos, tais como \u201cUpgrade of the Port of Brisbane Motorway\u201d, que analisou a viabilidade econ\u00f4mica do investimento de cerca de 300 milh\u00f5es de d\u00f3lares. Publicou mais de 100 artigos cient\u00edficos em revistas e confer\u00eancias especializadas. Recebeu o Pr\u00eamio Yasoshima pelo melhor artigo cient\u00edfico da 4\u00aa Confer\u00eancia Internacional da Associa\u00e7\u00e3o de Pesquisa do Sudeste Asi\u00e1tico, realizada em Hanoi, Vietn\u00e3. Foi agraciado com o pr\u00eamio de Pesquisador Revela\u00e7\u00e3o da Universidade de Canterbury, Nova Zel\u00e2ndia. Em 2010, retornou ao Brasil onde trabalhou inicialmente como consultor independente. Atualmente, lidera a equipe t\u00e9cnica da Associa\u00e7\u00e3o Nacional das Empresas de Transportes Urbanos (NTU) na assist\u00eancia de 600 empresas associadas, que s\u00e3o respons\u00e1veis por um bilh\u00e3o de viagens urbanas no transporte p\u00fablico por ano. Como diretor t\u00e9cnico da NTU, \u00e9 respons\u00e1vel pela produ\u00e7\u00e3o e apresenta\u00e7\u00e3o de material t\u00e9cnico que influencia a tomada de decis\u00f5es em todos os n\u00edveis governamentais e empresariais.<\/p>\n<p><img loading=\"lazy\" decoding=\"async\" class=\"wp-image-36879 alignnone td-animation-stack-type0-2\" src=\"https:\/\/www.institutodeengenharia.org.br\/site\/wp-content\/uploads\/2018\/06\/Foto-Portella-1.jpg\" alt=\"\" width=\"131\" height=\"188\" \/><\/p>\n<p><strong>Luiz Fernando Portella<\/strong><\/p>\n<p>Engenheiro Mec\u00e2nico pela FEI, p\u00f3s-gradua\u00e7\u00e3o em Administra\u00e7\u00e3o de Empresas pela FGV, em An\u00e1lise de Sistemas Digitais pela LTD-Datamec, em Marketing Industrial pela Escola de Engenharia Mau\u00e1 e em Industrial Marketing Strategy pela GE-Camp\/Stanford, dentre outros cursos extra curriculares. \u00c9 CEO da NBO Participa\u00e7\u00f5es &amp; Servi\u00e7os Ltda. Membro do Conselho Consultivo e assessor do Departamento de Mobilidade e Log\u00edstica do Instituto de Engenharia. Foi executivo das empresas Exxon, Alfa-Laval e GE, onde participou de projetos em infraestrutura, industriais e de transportes mar\u00edtimo e ferrovi\u00e1rio atendendo o mercado Latino Americano. Atualmente, sua\u00a0atividade esta focada na transfer\u00eancia de conhecimento das melhores praticas da bilhetagem eletr\u00f4nica interoper\u00e1vel, ITS, Plataformas MaaS, em projetos no Brasil, Chile, Paraguai, Peru, Equador, Col\u00f4mbia, M\u00e9xico e Portugal dentre outros. Desenvolve e coordena programas de Mentoria e Capacita\u00e7\u00e3o assistindo entidades afins.<\/p>\n<p><img loading=\"lazy\" decoding=\"async\" class=\"alignnone wp-image-70925\" src=\"https:\/\/www.institutodeengenharia.org.br\/site\/wp-content\/uploads\/2020\/09\/Eleonora-Pazos.jpg\" alt=\"\" width=\"168\" height=\"168\" srcset=\"https:\/\/www.institutodeengenharia.org.br\/site\/wp-content\/uploads\/2020\/09\/Eleonora-Pazos.jpg 500w, https:\/\/www.institutodeengenharia.org.br\/site\/wp-content\/uploads\/2020\/09\/Eleonora-Pazos-150x150.jpg 150w, https:\/\/www.institutodeengenharia.org.br\/site\/wp-content\/uploads\/2020\/09\/Eleonora-Pazos-300x300.jpg 300w, https:\/\/www.institutodeengenharia.org.br\/site\/wp-content\/uploads\/2020\/09\/Eleonora-Pazos-420x420.jpg 420w, https:\/\/www.institutodeengenharia.org.br\/site\/wp-content\/uploads\/2020\/09\/Eleonora-Pazos-100x100.jpg 100w\" sizes=\"auto, (max-width: 168px) 100vw, 168px\" \/><\/p>\n<p><strong>Eleonora Pazos<\/strong><\/p>\n<p>Atualmente \u00e9 diretora da Divis\u00e3o Latino-Americana da Uni\u00e3o Internacional de Transportes P\u00fablicos (UITP), sendo respons\u00e1vel pela expans\u00e3o da UITP na Am\u00e9rica Latina, a fim de integrar pol\u00edticas e estrat\u00e9gias locais no mercado mundial. Arquiteta e urbanista pela Universidade Presbiteriana Mackenzie, a posterior obteve o t\u00edtulo de p\u00f3s-gradua\u00e7\u00e3o pela Universidade Polit\u00e9cnica de Madrid em \u201cMeio Ambiente e Gest\u00e3o de Recursos Naturais\u201d.<\/p>\n<p><img loading=\"lazy\" decoding=\"async\" class=\"alignnone wp-image-70926\" src=\"https:\/\/www.institutodeengenharia.org.br\/site\/wp-content\/uploads\/2020\/09\/Ayrton-Camargo-e-Silva.jpg\" alt=\"\" width=\"153\" height=\"208\" srcset=\"https:\/\/www.institutodeengenharia.org.br\/site\/wp-content\/uploads\/2020\/09\/Ayrton-Camargo-e-Silva.jpg 653w, https:\/\/www.institutodeengenharia.org.br\/site\/wp-content\/uploads\/2020\/09\/Ayrton-Camargo-e-Silva-221x300.jpg 221w, https:\/\/www.institutodeengenharia.org.br\/site\/wp-content\/uploads\/2020\/09\/Ayrton-Camargo-e-Silva-310x420.jpg 310w, https:\/\/www.institutodeengenharia.org.br\/site\/wp-content\/uploads\/2020\/09\/Ayrton-Camargo-e-Silva-600x814.jpg 600w\" sizes=\"auto, (max-width: 153px) 100vw, 153px\" \/><\/p>\n<p><strong>Ayrton Camargo e Silva<\/strong><\/p>\n<p>Formado em Arquitetura e Urbanismo pela Faculdade de Arquitetura e Urbanismo da PUC-Campinas, com especializa\u00e7\u00e3o e mestrado em Planejamento Urbano na mesma institui\u00e7\u00e3o. Iniciou suas atividades profissionais no Metr\u00f4 de S\u00e3o Paulo em 1985, tendo atuado na \u00e1rea de Planejamento do Sistema Integrado metropolitano de \u00f4nibus, no N\u00facleo de Registro e Transfer\u00eancia de Tecnologia, na Assessoria da Diretoria de Planejamento e Expans\u00e3o de transportes e na Assessoria da Diretoria de Engenharia, cargo onde se encontra atualmente. Integrou a Diretoria Executiva da Associa\u00e7\u00e3o Nacional de Transportes P\u00fablicos (ANTP), onde exerceu o cargo de secret\u00e1rio executivo. Ocupou a Diretoria de Planejamento da Empresa Municipal de Desenvolvimento de Campinas, onde entre outras a\u00e7\u00f5es, desenvolveu o projeto da nova rodovi\u00e1ria do munic\u00edpio. Integrou a Assessoria T\u00e9cnica da Secretaria Municipal de Transportes de S\u00e3o Paulo, onde coordenou o Programa de Melhoria do Transporte e Qualidade do ar para S\u00e3o Paulo com apoio do Banco Mundial, tendo sito tamb\u00e9m consultor dessa institui\u00e7\u00e3o. Em 2008 assumiu a Ger\u00eancia de Projeto Funcional da Companhia Paulista de Trens Metropolitanos tendo sido tamb\u00e9m coordenador do projeto do Expresso Tur\u00edstico da empresa. Atuou na Estrada de Ferro Campos do Jord\u00e3o como seu diretor presidente entre 2012 e 2018. Foi diretor Adjunto de Planejamento de Transportes e \u00e9 diretor Tesoureiro da Associa\u00e7\u00e3o dos Engenheiros e Arquitetos de Metr\u00f4s (AEAMESP). Professor convidado da PUC-Campinas e assessor da presid\u00eancia da Associa\u00e7\u00e3o Nacional de Transportes P\u00fablicos (ANTP).<\/p>\n<p><img loading=\"lazy\" decoding=\"async\" class=\"alignnone wp-image-68642\" src=\"https:\/\/www.institutodeengenharia.org.br\/site\/wp-content\/uploads\/2020\/07\/Ailton-Brasiliense-Pires.jpg\" alt=\"\" width=\"144\" height=\"182\" srcset=\"https:\/\/www.institutodeengenharia.org.br\/site\/wp-content\/uploads\/2020\/07\/Ailton-Brasiliense-Pires.jpg 625w, https:\/\/www.institutodeengenharia.org.br\/site\/wp-content\/uploads\/2020\/07\/Ailton-Brasiliense-Pires-236x300.jpg 236w, https:\/\/www.institutodeengenharia.org.br\/site\/wp-content\/uploads\/2020\/07\/Ailton-Brasiliense-Pires-330x420.jpg 330w, https:\/\/www.institutodeengenharia.org.br\/site\/wp-content\/uploads\/2020\/07\/Ailton-Brasiliense-Pires-600x764.jpg 600w\" sizes=\"auto, (max-width: 144px) 100vw, 144px\" \/><\/p>\n<p><strong>Ailton Brasiliense Pires<\/strong><\/p>\n<p>Graduado em Engenharia El\u00e9trica, \u00e9 presidente da Associa\u00e7\u00e3o Nacional de Transportes P\u00fablicos (ANTP). J\u00e1 foi presidente da Companhia de Engenharia de Tr\u00e1fego (CET), diretor Geral do Departamento de Opera\u00e7\u00e3o do Sistema Vi\u00e1rio (DSV), diretor Geral do\u00a0Departamento Nacional de Tr\u00e2nsito (Denatran), assessor do secret\u00e1rio Estadual de Transportes e do secret\u00e1rio de Transportes Metropolitanos e assessor da Diretoria de Planejamento do Metr\u00f4 e da CPTM.<\/p>\n<p><img loading=\"lazy\" decoding=\"async\" class=\"wp-image-63206 alignnone td-animation-stack-type0-2\" src=\"https:\/\/www.institutodeengenharia.org.br\/site\/wp-content\/uploads\/2020\/04\/Flam%C3%ADnio-Fichmann.jpeg\" alt=\"\" width=\"139\" height=\"178\" \/><\/p>\n<p><strong>Flam\u00ednio Fichmann<\/strong><\/p>\n<p>Graduado em Arquitetura e Urbanismo pela Universidade Presbiteriana Mackenzie, com especializa\u00e7\u00e3o na FGV. Trabalhou na administra\u00e7\u00e3o p\u00fablica por 14 anos (CET e EMTU\/SP). \u00c9 consultor h\u00e1 28 anos, s\u00f3cio e diretor da Projeto 34 \u2013 Arquitetura e Engenharia desde 2004, empresa que executou in\u00fameros planos e projetos no Brasil e exterior, de rodovias, BRTs, metr\u00f4s, trens e atividades relacionadas \u00e0 mobilidade urbana junto a \u00f3rg\u00e3os p\u00fablicos e empresas particulares. \u00c9 coordenador da Divis\u00e3o T\u00e9cnica de Transporte Metropolitano do Instituto de Engenharia. Foi consultor da Socicam e do INST \u2013 Instituto Nacional de Seguran\u00e7a no Tr\u00e2nsito, diretor da ONG Bairro Vivo, presidente do Comit\u00ea de Tr\u00e2nsito da Ag\u00eancia Brasil de Seguran\u00e7a \u2013 ABS e professor do curso de p\u00f3s-gradua\u00e7\u00e3o \u201cGerente da Cidade\u201d da FAAP.<\/p>\n<p><strong><u>Moderador:<\/u><\/strong><\/p>\n<p><img loading=\"lazy\" decoding=\"async\" class=\"alignnone wp-image-37543\" src=\"https:\/\/www.institutodeengenharia.org.br\/site\/wp-content\/uploads\/2018\/08\/WhatsApp-Image-2018-08-29-at-14.42.54.jpeg\" alt=\"\" width=\"148\" height=\"191\" srcset=\"https:\/\/www.institutodeengenharia.org.br\/site\/wp-content\/uploads\/2018\/08\/WhatsApp-Image-2018-08-29-at-14.42.54.jpeg 741w, https:\/\/www.institutodeengenharia.org.br\/site\/wp-content\/uploads\/2018\/08\/WhatsApp-Image-2018-08-29-at-14.42.54-233x300.jpeg 233w, https:\/\/www.institutodeengenharia.org.br\/site\/wp-content\/uploads\/2018\/08\/WhatsApp-Image-2018-08-29-at-14.42.54-696x897.jpeg 696w, https:\/\/www.institutodeengenharia.org.br\/site\/wp-content\/uploads\/2018\/08\/WhatsApp-Image-2018-08-29-at-14.42.54-326x420.jpeg 326w\" sizes=\"auto, (max-width: 148px) 100vw, 148px\" \/><\/p>\n<p><strong>Ivan Metran Whately<\/strong><\/p>\n<p>Graduado em Engenharia Civil e Arquitetura, especializado em Planejamento de Transporte. Trabalhou em empresas privadas e p\u00fablicas do setor, acumulando experi\u00eancia em projetos e gerenciamento de obras. J\u00e1 exerceu as fun\u00e7\u00f5es de assessor do presidente e assessor da Diretoria de Planejamento do Metr\u00f4-SP; assessor especial do secret\u00e1rio Municipal de Transporte; gerente de Projetos e Obras da EMTU; diretor de Projetos e Desenvolvimento T\u00e9cnico da CPOS e diretor presidente da CPOS. Ocupou outros cargos, como superintendente do DAEE, presidente da Comiss\u00e3o Pr\u00f3-Centro e diretor do Departamento de Transportes P\u00fablicos da PMSP. Al\u00e9m disso, foi consultor da OEA; diretor da Divis\u00e3o de Projetos de Engenharia do Fundo de Constru\u00e7\u00f5es da USP; dirigente da Assessoria T\u00e9cnica da Secretaria dos Neg\u00f3cios Metropolitanos; assessor t\u00e9cnico da Secretaria de Estado dos Transportes; diretor do Departamento de Projetos de Engenharia de Transportes da SEEBLA e coordenador de Projetos da CET. Conselheiro e diretor do Departamento de Mobilidade e Log\u00edstica do Instituto de Engenharia.<\/p>\n<p><strong>REALIZA\u00c7\u00c3O:<\/strong><\/p>\n<p><strong>Eng. Jer\u00f4nimo Cabral Pereira Fagundes Neto <\/strong>\u2013 Vice-Presidente de Atividades T\u00e9cnicas<\/p>\n<p><strong>Eng.\u00aa Miriana Pereira Marques<\/strong> \u2013 Vice-presidente de Assuntos Internos<\/p>\n<p><strong>Eng. Ivan Metran Whately<\/strong> \u2013 Diretor do Departamento de Engenharia de Mobilidade e Log\u00edstica<\/p>\n<p><strong>Eng. Fernando Portella<\/strong> \u2013 Membro do Conselho Consultivo do Instituto de Engenharia<\/p>\n<p><strong>Arq. Flam\u00ednio Fichmann <\/strong>\u2013 Coordenador da Divis\u00e3o T\u00e9cnica de Transportes Metropolitanos<\/p>\n<p><img loading=\"lazy\" decoding=\"async\" class=\"alignnone wp-image-69924 td-animation-stack-type0-2\" src=\"https:\/\/www.institutodeengenharia.org.br\/site\/wp-content\/uploads\/2020\/08\/logo-novo-IE2018-2.png\" alt=\"\" width=\"230\" height=\"70\" srcset=\"https:\/\/www.institutodeengenharia.org.br\/site\/wp-content\/uploads\/2020\/08\/logo-novo-IE2018-2.png 3040w, https:\/\/www.institutodeengenharia.org.br\/site\/wp-content\/uploads\/2020\/08\/logo-novo-IE2018-2-300x91.png 300w, https:\/\/www.institutodeengenharia.org.br\/site\/wp-content\/uploads\/2020\/08\/logo-novo-IE2018-2-768x234.png 768w, https:\/\/www.institutodeengenharia.org.br\/site\/wp-content\/uploads\/2020\/08\/logo-novo-IE2018-2-1024x312.png 1024w, https:\/\/www.institutodeengenharia.org.br\/site\/wp-content\/uploads\/2020\/08\/logo-novo-IE2018-2-696x212.png 696w, https:\/\/www.institutodeengenharia.org.br\/site\/wp-content\/uploads\/2020\/08\/logo-novo-IE2018-2-1068x325.png 1068w, https:\/\/www.institutodeengenharia.org.br\/site\/wp-content\/uploads\/2020\/08\/logo-novo-IE2018-2-1379x420.png 1379w, https:\/\/www.institutodeengenharia.org.br\/site\/wp-content\/uploads\/2020\/08\/logo-novo-IE2018-2-1920x585.png 1920w, https:\/\/www.institutodeengenharia.org.br\/site\/wp-content\/uploads\/2020\/08\/logo-novo-IE2018-2-600x183.png 600w\" sizes=\"auto, (max-width: 230px) 100vw, 230px\" \/><\/p>\n<p><strong>APOIO INSTITUCIONAL:<\/strong><\/p>\n<p><img loading=\"lazy\" decoding=\"async\" class=\"wp-image-70927 alignleft\" src=\"https:\/\/www.institutodeengenharia.org.br\/site\/wp-content\/uploads\/2020\/09\/abve.png\" alt=\"\" width=\"167\" height=\"124\" srcset=\"https:\/\/www.institutodeengenharia.org.br\/site\/wp-content\/uploads\/2020\/09\/abve.png 790w, https:\/\/www.institutodeengenharia.org.br\/site\/wp-content\/uploads\/2020\/09\/abve-300x224.png 300w, https:\/\/www.institutodeengenharia.org.br\/site\/wp-content\/uploads\/2020\/09\/abve-768x575.png 768w, https:\/\/www.institutodeengenharia.org.br\/site\/wp-content\/uploads\/2020\/09\/abve-80x60.png 80w, https:\/\/www.institutodeengenharia.org.br\/site\/wp-content\/uploads\/2020\/09\/abve-265x198.png 265w, https:\/\/www.institutodeengenharia.org.br\/site\/wp-content\/uploads\/2020\/09\/abve-696x521.png 696w, https:\/\/www.institutodeengenharia.org.br\/site\/wp-content\/uploads\/2020\/09\/abve-561x420.png 561w, https:\/\/www.institutodeengenharia.org.br\/site\/wp-content\/uploads\/2020\/09\/abve-600x449.png 600w\" sizes=\"auto, (max-width: 167px) 100vw, 167px\" \/><img loading=\"lazy\" decoding=\"async\" class=\"size-full wp-image-34556 alignleft\" src=\"https:\/\/www.institutodeengenharia.org.br\/site\/wp-content\/uploads\/2018\/04\/CREA-SP_vertical.jpg\" alt=\"\" width=\"150\" height=\"106\" srcset=\"https:\/\/www.institutodeengenharia.org.br\/site\/wp-content\/uploads\/2018\/04\/CREA-SP_vertical.jpg 150w, https:\/\/www.institutodeengenharia.org.br\/site\/wp-content\/uploads\/2018\/04\/CREA-SP_vertical-100x70.jpg 100w\" sizes=\"auto, (max-width: 150px) 100vw, 150px\" \/><img loading=\"lazy\" decoding=\"async\" class=\"wp-image-36737 alignleft\" src=\"https:\/\/www.institutodeengenharia.org.br\/site\/wp-content\/uploads\/2018\/07\/CANAL-AEAMESP-01.jpg\" alt=\"\" width=\"262\" height=\"59\" srcset=\"https:\/\/www.institutodeengenharia.org.br\/site\/wp-content\/uploads\/2018\/07\/CANAL-AEAMESP-01.jpg 2709w, https:\/\/www.institutodeengenharia.org.br\/site\/wp-content\/uploads\/2018\/07\/CANAL-AEAMESP-01-300x67.jpg 300w, https:\/\/www.institutodeengenharia.org.br\/site\/wp-content\/uploads\/2018\/07\/CANAL-AEAMESP-01-768x173.jpg 768w, https:\/\/www.institutodeengenharia.org.br\/site\/wp-content\/uploads\/2018\/07\/CANAL-AEAMESP-01-1024x230.jpg 1024w, https:\/\/www.institutodeengenharia.org.br\/site\/wp-content\/uploads\/2018\/07\/CANAL-AEAMESP-01-696x156.jpg 696w, https:\/\/www.institutodeengenharia.org.br\/site\/wp-content\/uploads\/2018\/07\/CANAL-AEAMESP-01-1068x240.jpg 1068w, https:\/\/www.institutodeengenharia.org.br\/site\/wp-content\/uploads\/2018\/07\/CANAL-AEAMESP-01-1868x420.jpg 1868w, https:\/\/www.institutodeengenharia.org.br\/site\/wp-content\/uploads\/2018\/07\/CANAL-AEAMESP-01-1920x432.jpg 1920w\" sizes=\"auto, (max-width: 262px) 100vw, 262px\" \/><img loading=\"lazy\" decoding=\"async\" class=\"wp-image-70929 alignleft\" src=\"https:\/\/www.institutodeengenharia.org.br\/site\/wp-content\/uploads\/2020\/09\/ANTP.jpg\" alt=\"\" width=\"284\" height=\"64\" srcset=\"https:\/\/www.institutodeengenharia.org.br\/site\/wp-content\/uploads\/2020\/09\/ANTP.jpg 514w, https:\/\/www.institutodeengenharia.org.br\/site\/wp-content\/uploads\/2020\/09\/ANTP-300x68.jpg 300w\" sizes=\"auto, (max-width: 284px) 100vw, 284px\" \/><img loading=\"lazy\" decoding=\"async\" class=\"wp-image-70928 alignleft\" src=\"https:\/\/www.institutodeengenharia.org.br\/site\/wp-content\/uploads\/2020\/09\/NTU.jpg\" alt=\"\" width=\"161\" height=\"94\" \/><img loading=\"lazy\" decoding=\"async\" class=\"wp-image-68590 alignleft\" src=\"https:\/\/www.institutodeengenharia.org.br\/site\/wp-content\/uploads\/2020\/07\/uitp.jpg\" alt=\"\" width=\"190\" height=\"100\" srcset=\"https:\/\/www.institutodeengenharia.org.br\/site\/wp-content\/uploads\/2020\/07\/uitp.jpg 740w, https:\/\/www.institutodeengenharia.org.br\/site\/wp-content\/uploads\/2020\/07\/uitp-300x157.jpg 300w, https:\/\/www.institutodeengenharia.org.br\/site\/wp-content\/uploads\/2020\/07\/uitp-696x365.jpg 696w, https:\/\/www.institutodeengenharia.org.br\/site\/wp-content\/uploads\/2020\/07\/uitp-600x315.jpg 600w\" sizes=\"auto, (max-width: 190px) 100vw, 190px\" \/><\/p>\n","protected":false},"excerpt":{"rendered":"<p>Assista abaixo \u00e0 grava\u00e7\u00e3o: &nbsp; + Informa\u00e7\u00f5es: ABORDAGEM: O pleno crescimento dos transportes limpos \u00e9 uma realidade em todas as cidades do mundo. Diversas tecnologias est\u00e3o sendo experimentadas, destacando-se as inova\u00e7\u00f5es com ve\u00edculos el\u00e9tricos, tais como: \u00f4nibus, carros, scooters, patinetes e bicicletas. Em nossa percep\u00e7\u00e3o, a cidade de Santiago do Chile come\u00e7a a assumir a [&hellip;]<\/p>\n","protected":false},"author":13,"featured_media":70934,"comment_status":"open","ping_status":"open","sticky":false,"template":"","format":"standard","meta":{"footnotes":""},"categories":[48,64,968,970],"tags":[],"class_list":{"0":"post-71636","1":"post","2":"type-post","3":"status-publish","4":"format-standard","5":"has-post-thumbnail","7":"category-departamento-desenvolvimento-urbano-e-regional","8":"category-divisao-tecnica-mobilidade-e-logistica-urbana","9":"category-nova-tv-engenharia","10":"category-seminario"},"yoast_head":"<!-- This site is optimized with the Yoast SEO plugin v27.2 - https:\/\/yoast.com\/product\/yoast-seo-wordpress\/ -->\n<title>2\u00ba Encontro Internacional - Lideran\u00e7a Chilena na Implanta\u00e7\u00e3o de Transporte Limpo - Instituto de Engenharia<\/title>\n<meta name=\"robots\" content=\"index, follow, max-snippet:-1, max-image-preview:large, max-video-preview:-1\" \/>\n<link rel=\"canonical\" href=\"https:\/\/www.institutodeengenharia.org.br\/site\/2020\/09\/24\/2o-encontro-internacional-lideranca-chilena-na-implantacao-de-transporte-limpo\/\" \/>\n<meta property=\"og:locale\" content=\"pt_BR\" \/>\n<meta property=\"og:type\" content=\"article\" \/>\n<meta property=\"og:title\" content=\"2\u00ba Encontro Internacional - Lideran\u00e7a Chilena na Implanta\u00e7\u00e3o de Transporte Limpo - Instituto de Engenharia\" \/>\n<meta property=\"og:description\" content=\"Assista abaixo \u00e0 grava\u00e7\u00e3o: &nbsp; + Informa\u00e7\u00f5es: ABORDAGEM: O pleno crescimento dos transportes limpos \u00e9 uma realidade em todas as cidades do mundo. Diversas tecnologias est\u00e3o sendo experimentadas, destacando-se as inova\u00e7\u00f5es com ve\u00edculos el\u00e9tricos, tais como: \u00f4nibus, carros, scooters, patinetes e bicicletas. Em nossa percep\u00e7\u00e3o, a cidade de Santiago do Chile come\u00e7a a assumir a [&hellip;]\" \/>\n<meta property=\"og:url\" content=\"https:\/\/www.institutodeengenharia.org.br\/site\/2020\/09\/24\/2o-encontro-internacional-lideranca-chilena-na-implantacao-de-transporte-limpo\/\" \/>\n<meta property=\"og:site_name\" content=\"Instituto de Engenharia\" \/>\n<meta property=\"article:publisher\" content=\"https:\/\/www.facebook.com\/institutodeengenharia\" \/>\n<meta property=\"article:published_time\" content=\"2020-09-24T12:00:26+00:00\" \/>\n<meta property=\"article:modified_time\" content=\"2020-10-13T12:45:16+00:00\" \/>\n<meta property=\"og:image\" content=\"https:\/\/www.institutodeengenharia.org.br\/site\/wp-content\/uploads\/2020\/09\/caio-chile2.jpg\" \/>\n\t<meta property=\"og:image:width\" content=\"1024\" \/>\n\t<meta property=\"og:image:height\" content=\"671\" \/>\n\t<meta property=\"og:image:type\" content=\"image\/jpeg\" \/>\n<meta name=\"author\" content=\"Bianca\" \/>\n<meta name=\"twitter:card\" content=\"summary_large_image\" \/>\n<meta name=\"twitter:creator\" content=\"@iengenharia\" \/>\n<meta name=\"twitter:site\" content=\"@iengenharia\" \/>\n<meta name=\"twitter:label1\" content=\"Escrito por\" \/>\n\t<meta name=\"twitter:data1\" content=\"Bianca\" \/>\n\t<meta name=\"twitter:label2\" content=\"Est. tempo de leitura\" \/>\n\t<meta name=\"twitter:data2\" content=\"10 minutos\" \/>\n<script type=\"application\/ld+json\" class=\"yoast-schema-graph\">{\"@context\":\"https:\/\/schema.org\",\"@graph\":[{\"@type\":\"Article\",\"@id\":\"https:\/\/www.institutodeengenharia.org.br\/site\/2020\/09\/24\/2o-encontro-internacional-lideranca-chilena-na-implantacao-de-transporte-limpo\/#article\",\"isPartOf\":{\"@id\":\"https:\/\/www.institutodeengenharia.org.br\/site\/2020\/09\/24\/2o-encontro-internacional-lideranca-chilena-na-implantacao-de-transporte-limpo\/\"},\"author\":{\"name\":\"Bianca\",\"@id\":\"https:\/\/www.institutodeengenharia.org.br\/site\/#\/schema\/person\/aeb64951c405e100d26d30b033dd423f\"},\"headline\":\"2\u00ba Encontro Internacional &#8211; Lideran\u00e7a Chilena na Implanta\u00e7\u00e3o de Transporte Limpo\",\"datePublished\":\"2020-09-24T12:00:26+00:00\",\"dateModified\":\"2020-10-13T12:45:16+00:00\",\"mainEntityOfPage\":{\"@id\":\"https:\/\/www.institutodeengenharia.org.br\/site\/2020\/09\/24\/2o-encontro-internacional-lideranca-chilena-na-implantacao-de-transporte-limpo\/\"},\"wordCount\":1980,\"commentCount\":0,\"publisher\":{\"@id\":\"https:\/\/www.institutodeengenharia.org.br\/site\/#organization\"},\"image\":{\"@id\":\"https:\/\/www.institutodeengenharia.org.br\/site\/2020\/09\/24\/2o-encontro-internacional-lideranca-chilena-na-implantacao-de-transporte-limpo\/#primaryimage\"},\"thumbnailUrl\":\"https:\/\/www.institutodeengenharia.org.br\/site\/wp-content\/uploads\/2020\/09\/caio-chile2.jpg\",\"articleSection\":[\"Departamento de Desenvolvimento Urbano e Regional\",\"Divis\u00e3o T\u00e9cnica Mobilidade e Log\u00edstica Urbana\",\"Nova TV Engenharia\",\"Semin\u00e1rio\"],\"inLanguage\":\"pt-BR\",\"potentialAction\":[{\"@type\":\"CommentAction\",\"name\":\"Comment\",\"target\":[\"https:\/\/www.institutodeengenharia.org.br\/site\/2020\/09\/24\/2o-encontro-internacional-lideranca-chilena-na-implantacao-de-transporte-limpo\/#respond\"]}]},{\"@type\":\"WebPage\",\"@id\":\"https:\/\/www.institutodeengenharia.org.br\/site\/2020\/09\/24\/2o-encontro-internacional-lideranca-chilena-na-implantacao-de-transporte-limpo\/\",\"url\":\"https:\/\/www.institutodeengenharia.org.br\/site\/2020\/09\/24\/2o-encontro-internacional-lideranca-chilena-na-implantacao-de-transporte-limpo\/\",\"name\":\"2\u00ba Encontro Internacional - Lideran\u00e7a Chilena na Implanta\u00e7\u00e3o de Transporte Limpo - Instituto de Engenharia\",\"isPartOf\":{\"@id\":\"https:\/\/www.institutodeengenharia.org.br\/site\/#website\"},\"primaryImageOfPage\":{\"@id\":\"https:\/\/www.institutodeengenharia.org.br\/site\/2020\/09\/24\/2o-encontro-internacional-lideranca-chilena-na-implantacao-de-transporte-limpo\/#primaryimage\"},\"image\":{\"@id\":\"https:\/\/www.institutodeengenharia.org.br\/site\/2020\/09\/24\/2o-encontro-internacional-lideranca-chilena-na-implantacao-de-transporte-limpo\/#primaryimage\"},\"thumbnailUrl\":\"https:\/\/www.institutodeengenharia.org.br\/site\/wp-content\/uploads\/2020\/09\/caio-chile2.jpg\",\"datePublished\":\"2020-09-24T12:00:26+00:00\",\"dateModified\":\"2020-10-13T12:45:16+00:00\",\"breadcrumb\":{\"@id\":\"https:\/\/www.institutodeengenharia.org.br\/site\/2020\/09\/24\/2o-encontro-internacional-lideranca-chilena-na-implantacao-de-transporte-limpo\/#breadcrumb\"},\"inLanguage\":\"pt-BR\",\"potentialAction\":[{\"@type\":\"ReadAction\",\"target\":[\"https:\/\/www.institutodeengenharia.org.br\/site\/2020\/09\/24\/2o-encontro-internacional-lideranca-chilena-na-implantacao-de-transporte-limpo\/\"]}]},{\"@type\":\"ImageObject\",\"inLanguage\":\"pt-BR\",\"@id\":\"https:\/\/www.institutodeengenharia.org.br\/site\/2020\/09\/24\/2o-encontro-internacional-lideranca-chilena-na-implantacao-de-transporte-limpo\/#primaryimage\",\"url\":\"https:\/\/www.institutodeengenharia.org.br\/site\/wp-content\/uploads\/2020\/09\/caio-chile2.jpg\",\"contentUrl\":\"https:\/\/www.institutodeengenharia.org.br\/site\/wp-content\/uploads\/2020\/09\/caio-chile2.jpg\",\"width\":1024,\"height\":671},{\"@type\":\"BreadcrumbList\",\"@id\":\"https:\/\/www.institutodeengenharia.org.br\/site\/2020\/09\/24\/2o-encontro-internacional-lideranca-chilena-na-implantacao-de-transporte-limpo\/#breadcrumb\",\"itemListElement\":[{\"@type\":\"ListItem\",\"position\":1,\"name\":\"In\u00edcio\",\"item\":\"https:\/\/www.institutodeengenharia.org.br\/site\/\"},{\"@type\":\"ListItem\",\"position\":2,\"name\":\"2\u00ba Encontro Internacional &#8211; Lideran\u00e7a Chilena na Implanta\u00e7\u00e3o de Transporte Limpo\"}]},{\"@type\":\"WebSite\",\"@id\":\"https:\/\/www.institutodeengenharia.org.br\/site\/#website\",\"url\":\"https:\/\/www.institutodeengenharia.org.br\/site\/\",\"name\":\"Instituto de Engenharia\",\"description\":\"O Instituto de Engenharia promove a Engenharia em benef\u00edcio do desenvolvimento e da qualidade de vida da sociedade.\",\"publisher\":{\"@id\":\"https:\/\/www.institutodeengenharia.org.br\/site\/#organization\"},\"potentialAction\":[{\"@type\":\"SearchAction\",\"target\":{\"@type\":\"EntryPoint\",\"urlTemplate\":\"https:\/\/www.institutodeengenharia.org.br\/site\/?s={search_term_string}\"},\"query-input\":{\"@type\":\"PropertyValueSpecification\",\"valueRequired\":true,\"valueName\":\"search_term_string\"}}],\"inLanguage\":\"pt-BR\"},{\"@type\":\"Organization\",\"@id\":\"https:\/\/www.institutodeengenharia.org.br\/site\/#organization\",\"name\":\"Instituto de Engenharia\",\"url\":\"https:\/\/www.institutodeengenharia.org.br\/site\/\",\"logo\":{\"@type\":\"ImageObject\",\"inLanguage\":\"pt-BR\",\"@id\":\"https:\/\/www.institutodeengenharia.org.br\/site\/#\/schema\/logo\/image\/\",\"url\":\"https:\/\/www.institutodeengenharia.org.br\/site\/wp-content\/uploads\/2019\/03\/logo-novo-IE2018-1.jpg\",\"contentUrl\":\"https:\/\/www.institutodeengenharia.org.br\/site\/wp-content\/uploads\/2019\/03\/logo-novo-IE2018-1.jpg\",\"width\":1486,\"height\":1879,\"caption\":\"Instituto de Engenharia\"},\"image\":{\"@id\":\"https:\/\/www.institutodeengenharia.org.br\/site\/#\/schema\/logo\/image\/\"},\"sameAs\":[\"https:\/\/www.facebook.com\/institutodeengenharia\",\"https:\/\/x.com\/iengenharia\",\"https:\/\/www.instagram.com\/institutodeengenharia\/\",\"https:\/\/www.linkedin.com\/company\/instituto-de-engenharia\/\",\"https:\/\/www.youtube.com\/channel\/UCXiCAlsSMe977vamW915HxA\"]},{\"@type\":\"Person\",\"@id\":\"https:\/\/www.institutodeengenharia.org.br\/site\/#\/schema\/person\/aeb64951c405e100d26d30b033dd423f\",\"name\":\"Bianca\",\"image\":{\"@type\":\"ImageObject\",\"inLanguage\":\"pt-BR\",\"@id\":\"https:\/\/secure.gravatar.com\/avatar\/a6fbe9bff57405baf4c1e2c5c1811e072b558253974a9f9508f4678900c97c2a?s=96&d=mm&r=g\",\"url\":\"https:\/\/secure.gravatar.com\/avatar\/a6fbe9bff57405baf4c1e2c5c1811e072b558253974a9f9508f4678900c97c2a?s=96&d=mm&r=g\",\"contentUrl\":\"https:\/\/secure.gravatar.com\/avatar\/a6fbe9bff57405baf4c1e2c5c1811e072b558253974a9f9508f4678900c97c2a?s=96&d=mm&r=g\",\"caption\":\"Bianca\"},\"url\":\"https:\/\/www.institutodeengenharia.org.br\/site\/author\/comunicacao1\/\"}]}<\/script>\n<!-- \/ Yoast SEO plugin. -->","yoast_head_json":{"title":"2\u00ba Encontro Internacional - Lideran\u00e7a Chilena na Implanta\u00e7\u00e3o de Transporte Limpo - Instituto de Engenharia","robots":{"index":"index","follow":"follow","max-snippet":"max-snippet:-1","max-image-preview":"max-image-preview:large","max-video-preview":"max-video-preview:-1"},"canonical":"https:\/\/www.institutodeengenharia.org.br\/site\/2020\/09\/24\/2o-encontro-internacional-lideranca-chilena-na-implantacao-de-transporte-limpo\/","og_locale":"pt_BR","og_type":"article","og_title":"2\u00ba Encontro Internacional - Lideran\u00e7a Chilena na Implanta\u00e7\u00e3o de Transporte Limpo - Instituto de Engenharia","og_description":"Assista abaixo \u00e0 grava\u00e7\u00e3o: &nbsp; + Informa\u00e7\u00f5es: ABORDAGEM: O pleno crescimento dos transportes limpos \u00e9 uma realidade em todas as cidades do mundo. Diversas tecnologias est\u00e3o sendo experimentadas, destacando-se as inova\u00e7\u00f5es com ve\u00edculos el\u00e9tricos, tais como: \u00f4nibus, carros, scooters, patinetes e bicicletas. Em nossa percep\u00e7\u00e3o, a cidade de Santiago do Chile come\u00e7a a assumir a [&hellip;]","og_url":"https:\/\/www.institutodeengenharia.org.br\/site\/2020\/09\/24\/2o-encontro-internacional-lideranca-chilena-na-implantacao-de-transporte-limpo\/","og_site_name":"Instituto de Engenharia","article_publisher":"https:\/\/www.facebook.com\/institutodeengenharia","article_published_time":"2020-09-24T12:00:26+00:00","article_modified_time":"2020-10-13T12:45:16+00:00","og_image":[{"width":1024,"height":671,"url":"https:\/\/www.institutodeengenharia.org.br\/site\/wp-content\/uploads\/2020\/09\/caio-chile2.jpg","type":"image\/jpeg"}],"author":"Bianca","twitter_card":"summary_large_image","twitter_creator":"@iengenharia","twitter_site":"@iengenharia","twitter_misc":{"Escrito por":"Bianca","Est. tempo de leitura":"10 minutos"},"schema":{"@context":"https:\/\/schema.org","@graph":[{"@type":"Article","@id":"https:\/\/www.institutodeengenharia.org.br\/site\/2020\/09\/24\/2o-encontro-internacional-lideranca-chilena-na-implantacao-de-transporte-limpo\/#article","isPartOf":{"@id":"https:\/\/www.institutodeengenharia.org.br\/site\/2020\/09\/24\/2o-encontro-internacional-lideranca-chilena-na-implantacao-de-transporte-limpo\/"},"author":{"name":"Bianca","@id":"https:\/\/www.institutodeengenharia.org.br\/site\/#\/schema\/person\/aeb64951c405e100d26d30b033dd423f"},"headline":"2\u00ba Encontro Internacional &#8211; Lideran\u00e7a Chilena na Implanta\u00e7\u00e3o de Transporte Limpo","datePublished":"2020-09-24T12:00:26+00:00","dateModified":"2020-10-13T12:45:16+00:00","mainEntityOfPage":{"@id":"https:\/\/www.institutodeengenharia.org.br\/site\/2020\/09\/24\/2o-encontro-internacional-lideranca-chilena-na-implantacao-de-transporte-limpo\/"},"wordCount":1980,"commentCount":0,"publisher":{"@id":"https:\/\/www.institutodeengenharia.org.br\/site\/#organization"},"image":{"@id":"https:\/\/www.institutodeengenharia.org.br\/site\/2020\/09\/24\/2o-encontro-internacional-lideranca-chilena-na-implantacao-de-transporte-limpo\/#primaryimage"},"thumbnailUrl":"https:\/\/www.institutodeengenharia.org.br\/site\/wp-content\/uploads\/2020\/09\/caio-chile2.jpg","articleSection":["Departamento de Desenvolvimento Urbano e Regional","Divis\u00e3o T\u00e9cnica Mobilidade e Log\u00edstica Urbana","Nova TV Engenharia","Semin\u00e1rio"],"inLanguage":"pt-BR","potentialAction":[{"@type":"CommentAction","name":"Comment","target":["https:\/\/www.institutodeengenharia.org.br\/site\/2020\/09\/24\/2o-encontro-internacional-lideranca-chilena-na-implantacao-de-transporte-limpo\/#respond"]}]},{"@type":"WebPage","@id":"https:\/\/www.institutodeengenharia.org.br\/site\/2020\/09\/24\/2o-encontro-internacional-lideranca-chilena-na-implantacao-de-transporte-limpo\/","url":"https:\/\/www.institutodeengenharia.org.br\/site\/2020\/09\/24\/2o-encontro-internacional-lideranca-chilena-na-implantacao-de-transporte-limpo\/","name":"2\u00ba Encontro Internacional - Lideran\u00e7a Chilena na Implanta\u00e7\u00e3o de Transporte Limpo - Instituto de Engenharia","isPartOf":{"@id":"https:\/\/www.institutodeengenharia.org.br\/site\/#website"},"primaryImageOfPage":{"@id":"https:\/\/www.institutodeengenharia.org.br\/site\/2020\/09\/24\/2o-encontro-internacional-lideranca-chilena-na-implantacao-de-transporte-limpo\/#primaryimage"},"image":{"@id":"https:\/\/www.institutodeengenharia.org.br\/site\/2020\/09\/24\/2o-encontro-internacional-lideranca-chilena-na-implantacao-de-transporte-limpo\/#primaryimage"},"thumbnailUrl":"https:\/\/www.institutodeengenharia.org.br\/site\/wp-content\/uploads\/2020\/09\/caio-chile2.jpg","datePublished":"2020-09-24T12:00:26+00:00","dateModified":"2020-10-13T12:45:16+00:00","breadcrumb":{"@id":"https:\/\/www.institutodeengenharia.org.br\/site\/2020\/09\/24\/2o-encontro-internacional-lideranca-chilena-na-implantacao-de-transporte-limpo\/#breadcrumb"},"inLanguage":"pt-BR","potentialAction":[{"@type":"ReadAction","target":["https:\/\/www.institutodeengenharia.org.br\/site\/2020\/09\/24\/2o-encontro-internacional-lideranca-chilena-na-implantacao-de-transporte-limpo\/"]}]},{"@type":"ImageObject","inLanguage":"pt-BR","@id":"https:\/\/www.institutodeengenharia.org.br\/site\/2020\/09\/24\/2o-encontro-internacional-lideranca-chilena-na-implantacao-de-transporte-limpo\/#primaryimage","url":"https:\/\/www.institutodeengenharia.org.br\/site\/wp-content\/uploads\/2020\/09\/caio-chile2.jpg","contentUrl":"https:\/\/www.institutodeengenharia.org.br\/site\/wp-content\/uploads\/2020\/09\/caio-chile2.jpg","width":1024,"height":671},{"@type":"BreadcrumbList","@id":"https:\/\/www.institutodeengenharia.org.br\/site\/2020\/09\/24\/2o-encontro-internacional-lideranca-chilena-na-implantacao-de-transporte-limpo\/#breadcrumb","itemListElement":[{"@type":"ListItem","position":1,"name":"In\u00edcio","item":"https:\/\/www.institutodeengenharia.org.br\/site\/"},{"@type":"ListItem","position":2,"name":"2\u00ba Encontro Internacional &#8211; Lideran\u00e7a Chilena na Implanta\u00e7\u00e3o de Transporte Limpo"}]},{"@type":"WebSite","@id":"https:\/\/www.institutodeengenharia.org.br\/site\/#website","url":"https:\/\/www.institutodeengenharia.org.br\/site\/","name":"Instituto de Engenharia","description":"O Instituto de Engenharia promove a Engenharia em benef\u00edcio do desenvolvimento e da qualidade de vida da sociedade.","publisher":{"@id":"https:\/\/www.institutodeengenharia.org.br\/site\/#organization"},"potentialAction":[{"@type":"SearchAction","target":{"@type":"EntryPoint","urlTemplate":"https:\/\/www.institutodeengenharia.org.br\/site\/?s={search_term_string}"},"query-input":{"@type":"PropertyValueSpecification","valueRequired":true,"valueName":"search_term_string"}}],"inLanguage":"pt-BR"},{"@type":"Organization","@id":"https:\/\/www.institutodeengenharia.org.br\/site\/#organization","name":"Instituto de Engenharia","url":"https:\/\/www.institutodeengenharia.org.br\/site\/","logo":{"@type":"ImageObject","inLanguage":"pt-BR","@id":"https:\/\/www.institutodeengenharia.org.br\/site\/#\/schema\/logo\/image\/","url":"https:\/\/www.institutodeengenharia.org.br\/site\/wp-content\/uploads\/2019\/03\/logo-novo-IE2018-1.jpg","contentUrl":"https:\/\/www.institutodeengenharia.org.br\/site\/wp-content\/uploads\/2019\/03\/logo-novo-IE2018-1.jpg","width":1486,"height":1879,"caption":"Instituto de Engenharia"},"image":{"@id":"https:\/\/www.institutodeengenharia.org.br\/site\/#\/schema\/logo\/image\/"},"sameAs":["https:\/\/www.facebook.com\/institutodeengenharia","https:\/\/x.com\/iengenharia","https:\/\/www.instagram.com\/institutodeengenharia\/","https:\/\/www.linkedin.com\/company\/instituto-de-engenharia\/","https:\/\/www.youtube.com\/channel\/UCXiCAlsSMe977vamW915HxA"]},{"@type":"Person","@id":"https:\/\/www.institutodeengenharia.org.br\/site\/#\/schema\/person\/aeb64951c405e100d26d30b033dd423f","name":"Bianca","image":{"@type":"ImageObject","inLanguage":"pt-BR","@id":"https:\/\/secure.gravatar.com\/avatar\/a6fbe9bff57405baf4c1e2c5c1811e072b558253974a9f9508f4678900c97c2a?s=96&d=mm&r=g","url":"https:\/\/secure.gravatar.com\/avatar\/a6fbe9bff57405baf4c1e2c5c1811e072b558253974a9f9508f4678900c97c2a?s=96&d=mm&r=g","contentUrl":"https:\/\/secure.gravatar.com\/avatar\/a6fbe9bff57405baf4c1e2c5c1811e072b558253974a9f9508f4678900c97c2a?s=96&d=mm&r=g","caption":"Bianca"},"url":"https:\/\/www.institutodeengenharia.org.br\/site\/author\/comunicacao1\/"}]}},"_links":{"self":[{"href":"https:\/\/www.institutodeengenharia.org.br\/site\/wp-json\/wp\/v2\/posts\/71636","targetHints":{"allow":["GET"]}}],"collection":[{"href":"https:\/\/www.institutodeengenharia.org.br\/site\/wp-json\/wp\/v2\/posts"}],"about":[{"href":"https:\/\/www.institutodeengenharia.org.br\/site\/wp-json\/wp\/v2\/types\/post"}],"author":[{"embeddable":true,"href":"https:\/\/www.institutodeengenharia.org.br\/site\/wp-json\/wp\/v2\/users\/13"}],"replies":[{"embeddable":true,"href":"https:\/\/www.institutodeengenharia.org.br\/site\/wp-json\/wp\/v2\/comments?post=71636"}],"version-history":[{"count":2,"href":"https:\/\/www.institutodeengenharia.org.br\/site\/wp-json\/wp\/v2\/posts\/71636\/revisions"}],"predecessor-version":[{"id":71638,"href":"https:\/\/www.institutodeengenharia.org.br\/site\/wp-json\/wp\/v2\/posts\/71636\/revisions\/71638"}],"wp:featuredmedia":[{"embeddable":true,"href":"https:\/\/www.institutodeengenharia.org.br\/site\/wp-json\/wp\/v2\/media\/70934"}],"wp:attachment":[{"href":"https:\/\/www.institutodeengenharia.org.br\/site\/wp-json\/wp\/v2\/media?parent=71636"}],"wp:term":[{"taxonomy":"category","embeddable":true,"href":"https:\/\/www.institutodeengenharia.org.br\/site\/wp-json\/wp\/v2\/categories?post=71636"},{"taxonomy":"post_tag","embeddable":true,"href":"https:\/\/www.institutodeengenharia.org.br\/site\/wp-json\/wp\/v2\/tags?post=71636"}],"curies":[{"name":"wp","href":"https:\/\/api.w.org\/{rel}","templated":true}]}}