{"id":71291,"date":"2020-09-18T10:00:44","date_gmt":"2020-09-18T13:00:44","guid":{"rendered":"https:\/\/www.institutodeengenharia.org.br\/site\/?p=71291"},"modified":"2020-09-28T13:41:14","modified_gmt":"2020-09-28T16:41:14","slug":"amazonia-desafios-de-uma-engenharia-verde-potencial-hidroviario","status":"publish","type":"post","link":"https:\/\/www.institutodeengenharia.org.br\/site\/2020\/09\/18\/amazonia-desafios-de-uma-engenharia-verde-potencial-hidroviario\/","title":{"rendered":"Amaz\u00f4nia \u2013 desafios de uma Engenharia verde: Potencial Hidrovi\u00e1rio"},"content":{"rendered":"<p>A palestra<strong>\u00a0Amaz\u00f4nia \u2013 desafios de uma Engenharia verde: Potencial Hidrovi\u00e1rio <\/strong>faz parte da\u00a0<em>S\u00e9rie Webinar: Falando em Engenheirar<\/em>, uma realiza\u00e7\u00e3o do Instituto de Engenharia.<\/p>\n<p><strong>Assista abaixo \u00e0 grava\u00e7\u00e3o:<\/strong><\/p>\n<p><iframe loading=\"lazy\" src=\"https:\/\/player.vimeo.com\/video\/462523231\" width=\"640\" height=\"360\" frameborder=\"0\" allowfullscreen=\"allowfullscreen\"><\/iframe><br \/>\n<strong>+ Informa\u00e7\u00f5es:<\/strong><\/p>\n<p><strong>Palestrantes:<\/strong><\/p>\n<p><img loading=\"lazy\" decoding=\"async\" class=\"alignnone wp-image-66820\" src=\"https:\/\/www.institutodeengenharia.org.br\/site\/wp-content\/uploads\/2020\/06\/Jo\u00e3o-Carlos-Parkinson-de-Castro.jpg\" alt=\"\" width=\"140\" height=\"167\" srcset=\"https:\/\/www.institutodeengenharia.org.br\/site\/wp-content\/uploads\/2020\/06\/Jo\u00e3o-Carlos-Parkinson-de-Castro.jpg 504w, https:\/\/www.institutodeengenharia.org.br\/site\/wp-content\/uploads\/2020\/06\/Jo\u00e3o-Carlos-Parkinson-de-Castro-251x300.jpg 251w, https:\/\/www.institutodeengenharia.org.br\/site\/wp-content\/uploads\/2020\/06\/Jo\u00e3o-Carlos-Parkinson-de-Castro-351x420.jpg 351w\" sizes=\"auto, (max-width: 140px) 100vw, 140px\" \/><\/p>\n<p><strong>Ministro Jo\u00e3o Carlos\u00a0Parkinson\u00a0de Castro<\/strong><\/p>\n<p>Possui gradua\u00e7\u00e3o em Economia, condecorado com a Medalha do Pacificador Brasil Oficial e a Medalha do M\u00e9rito Naval &#8211; Grau de Comendador. Como diplomata, integrou a delega\u00e7\u00e3o do Brasil junto \u00e0 Organiza\u00e7\u00e3o Mundial do Com\u00e9rcio (Genebra). Em Moscou, chefiou o Setor Pol\u00edtico e o Setor Econ\u00f4mico\/Promo\u00e7\u00e3o Comercial. Em Lima, chefiou o Setor Econ\u00f4mico. Em Paris, chefiou o Setor Econ\u00f4mico e Financeiro (bilateral e multilateral), ocasi\u00e3o em que representou o Brasil junto \u00e0 OCDE, Clube de Paris. Em Dublin, chefiou o Setor Econ\u00f4mico e de Promo\u00e7\u00e3o Comercial. Integrou a representa\u00e7\u00e3o brasileira junto aos mecanismos de organiza\u00e7\u00e3o das reuni\u00f5es de C\u00fapula ALC-EU, Grupo do Rio, Ibero-Americana, MERCOSUL, Brasil-UE, UNASUL, entre outras. Foi chefe da delega\u00e7\u00e3o em v\u00e1rias inst\u00e2ncias do COSIPLAN (UNASUL) e Grupos de Trabalho na \u00e1rea de infraestrutura. Atualmente \u00e9 coordenador Nacional dos Corredores Rodovi\u00e1rio e Ferrovi\u00e1rio Bioce\u00e2nicos.<\/p>\n<p><img loading=\"lazy\" decoding=\"async\" class=\"alignnone wp-image-70678\" src=\"https:\/\/www.institutodeengenharia.org.br\/site\/wp-content\/uploads\/2020\/09\/Embaixador-Carlos-Alfredo-Lazary-Teixeira.jpg\" alt=\"\" width=\"147\" height=\"164\" \/><\/p>\n<p><strong>Embaixador Carlos Alfredo Lazary Teixeira<\/strong><\/p>\n<p>Possui gradua\u00e7\u00e3o em Ci\u00eancias Jur\u00eddicas e curso de Altos Estudos do Instituto Rio Branco, desempenhou fun\u00e7\u00f5es como a de conselheiro em Buenos Aires, na Argentina; c\u00f4nsul-geral adjunto em Miami, nos Estados Unidos; chefe da Divis\u00e3o de Opera\u00e7\u00f5es de Promo\u00e7\u00e3o Comercial do Minist\u00e9rio das Rela\u00e7\u00f5es Exteriores; ministro-conselheiro em Washington, nos Estados Unidos; assessor especial na Presid\u00eancia da Rep\u00fablica; numerosas condecora\u00e7\u00f5es de Ordem do M\u00e9rito, do Rio Branco, do M\u00e9rito Aeron\u00e1utico e medalha pacificador no Brasil, al\u00e9m da Ordem da \u00e1guia asteca no M\u00e9xico. Foi embaixador em Lima, no Peru, e atualmente em Quito, no Equador.<\/p>\n<p><img loading=\"lazy\" decoding=\"async\" class=\"alignnone wp-image-40679\" src=\"https:\/\/www.institutodeengenharia.org.br\/site\/wp-content\/uploads\/2019\/03\/WAGNErR-e1588597104413.jpg\" alt=\"\" width=\"133\" height=\"165\" srcset=\"https:\/\/www.institutodeengenharia.org.br\/site\/wp-content\/uploads\/2019\/03\/WAGNErR-e1588597104413.jpg 1439w, https:\/\/www.institutodeengenharia.org.br\/site\/wp-content\/uploads\/2019\/03\/WAGNErR-e1588597104413-241x300.jpg 241w, https:\/\/www.institutodeengenharia.org.br\/site\/wp-content\/uploads\/2019\/03\/WAGNErR-e1588597104413-768x957.jpg 768w, https:\/\/www.institutodeengenharia.org.br\/site\/wp-content\/uploads\/2019\/03\/WAGNErR-e1588597104413-821x1024.jpg 821w, https:\/\/www.institutodeengenharia.org.br\/site\/wp-content\/uploads\/2019\/03\/WAGNErR-e1588597104413-324x400.jpg 324w, https:\/\/www.institutodeengenharia.org.br\/site\/wp-content\/uploads\/2019\/03\/WAGNErR-e1588597104413-696x868.jpg 696w, https:\/\/www.institutodeengenharia.org.br\/site\/wp-content\/uploads\/2019\/03\/WAGNErR-e1588597104413-1068x1331.jpg 1068w, https:\/\/www.institutodeengenharia.org.br\/site\/wp-content\/uploads\/2019\/03\/WAGNErR-e1588597104413-337x420.jpg 337w, https:\/\/www.institutodeengenharia.org.br\/site\/wp-content\/uploads\/2019\/03\/WAGNErR-e1588597104413-600x748.jpg 600w\" sizes=\"auto, (max-width: 133px) 100vw, 133px\" \/><\/p>\n<p><strong>Jos\u00e9 Wagner Leite Ferreira<\/strong><\/p>\n<p>Arquiteto Urbanista formado pela Universidade Presbiteriana Mackenzie, com especializa\u00e7\u00e3o em Transporte Urbano pelo IPR\/IPT, em Gest\u00e3o do Transporte Fluvial pelo IFIT Namur, na B\u00e9lgica, em Portos e vias naveg\u00e1veis pela APEC \u2013 Antwerp, B\u00e9lgica. Com mais de 30 anos de experi\u00eancia em sistemas hidrovi\u00e1rios e portu\u00e1rios nos EUA, Am\u00e9rica Latina e Europa. Organizou, fundou e coordenou entidades do setor. Atuou como consultor da CODESP \u2013 Porto de Santos e coordenador do Conv\u00eanio Universidade de Li\u00e8ge\/Unimep \u2013 Navega\u00e7\u00e3o Interior. Atualmente coordena a Divis\u00e3o T\u00e9cnica de Log\u00edstica do Instituto de Engenharia, \u00e9 consultor associado da FIGUEIREDO FERRAZ ENGENHARIA DE PROJETOS e diretor do CEANI \u2013 Centro de Estudos Avan\u00e7ados de Navega\u00e7\u00e3o Interior.<\/p>\n","protected":false},"excerpt":{"rendered":"<p>A palestra\u00a0Amaz\u00f4nia \u2013 desafios de uma Engenharia verde: Potencial Hidrovi\u00e1rio faz parte da\u00a0S\u00e9rie Webinar: Falando em Engenheirar, uma realiza\u00e7\u00e3o do Instituto de Engenharia. Assista abaixo \u00e0 grava\u00e7\u00e3o: + Informa\u00e7\u00f5es: Palestrantes: Ministro Jo\u00e3o Carlos\u00a0Parkinson\u00a0de Castro Possui gradua\u00e7\u00e3o em Economia, condecorado com a Medalha do Pacificador Brasil Oficial e a Medalha do M\u00e9rito Naval &#8211; Grau de [&hellip;]<\/p>\n","protected":false},"author":13,"featured_media":71294,"comment_status":"open","ping_status":"open","sticky":false,"template":"","format":"standard","meta":{"footnotes":""},"categories":[968,969],"tags":[],"class_list":{"0":"post-71291","1":"post","2":"type-post","3":"status-publish","4":"format-standard","5":"has-post-thumbnail","7":"category-nova-tv-engenharia","8":"category-palestra"},"yoast_head":"<!-- This site is optimized with the Yoast SEO plugin v27.2 - https:\/\/yoast.com\/product\/yoast-seo-wordpress\/ -->\n<title>Amaz\u00f4nia \u2013 desafios de uma Engenharia verde: Potencial Hidrovi\u00e1rio - Instituto de Engenharia<\/title>\n<meta name=\"robots\" content=\"index, follow, max-snippet:-1, max-image-preview:large, max-video-preview:-1\" \/>\n<link rel=\"canonical\" href=\"https:\/\/www.institutodeengenharia.org.br\/site\/2020\/09\/18\/amazonia-desafios-de-uma-engenharia-verde-potencial-hidroviario\/\" \/>\n<meta property=\"og:locale\" content=\"pt_BR\" \/>\n<meta property=\"og:type\" content=\"article\" \/>\n<meta property=\"og:title\" content=\"Amaz\u00f4nia \u2013 desafios de uma Engenharia verde: Potencial Hidrovi\u00e1rio - Instituto de Engenharia\" \/>\n<meta property=\"og:description\" content=\"A palestra\u00a0Amaz\u00f4nia \u2013 desafios de uma Engenharia verde: Potencial Hidrovi\u00e1rio faz parte da\u00a0S\u00e9rie Webinar: Falando em Engenheirar, uma realiza\u00e7\u00e3o do Instituto de Engenharia. Assista abaixo \u00e0 grava\u00e7\u00e3o: + Informa\u00e7\u00f5es: Palestrantes: Ministro Jo\u00e3o Carlos\u00a0Parkinson\u00a0de Castro Possui gradua\u00e7\u00e3o em Economia, condecorado com a Medalha do Pacificador Brasil Oficial e a Medalha do M\u00e9rito Naval &#8211; Grau de [&hellip;]\" \/>\n<meta property=\"og:url\" content=\"https:\/\/www.institutodeengenharia.org.br\/site\/2020\/09\/18\/amazonia-desafios-de-uma-engenharia-verde-potencial-hidroviario\/\" \/>\n<meta property=\"og:site_name\" content=\"Instituto de Engenharia\" \/>\n<meta property=\"article:publisher\" content=\"https:\/\/www.facebook.com\/institutodeengenharia\" \/>\n<meta property=\"article:published_time\" content=\"2020-09-18T13:00:44+00:00\" \/>\n<meta property=\"article:modified_time\" content=\"2020-09-28T16:41:14+00:00\" \/>\n<meta property=\"og:image\" content=\"https:\/\/www.institutodeengenharia.org.br\/site\/wp-content\/uploads\/2020\/09\/amazonia.jpg\" \/>\n\t<meta property=\"og:image:width\" content=\"1036\" \/>\n\t<meta property=\"og:image:height\" content=\"646\" \/>\n\t<meta property=\"og:image:type\" content=\"image\/jpeg\" \/>\n<meta name=\"author\" content=\"Bianca\" \/>\n<meta name=\"twitter:card\" content=\"summary_large_image\" \/>\n<meta name=\"twitter:creator\" content=\"@iengenharia\" \/>\n<meta name=\"twitter:site\" content=\"@iengenharia\" \/>\n<meta name=\"twitter:label1\" content=\"Escrito por\" \/>\n\t<meta name=\"twitter:data1\" content=\"Bianca\" \/>\n\t<meta name=\"twitter:label2\" content=\"Est. tempo de leitura\" \/>\n\t<meta name=\"twitter:data2\" content=\"2 minutos\" \/>\n<script type=\"application\/ld+json\" class=\"yoast-schema-graph\">{\"@context\":\"https:\/\/schema.org\",\"@graph\":[{\"@type\":\"Article\",\"@id\":\"https:\/\/www.institutodeengenharia.org.br\/site\/2020\/09\/18\/amazonia-desafios-de-uma-engenharia-verde-potencial-hidroviario\/#article\",\"isPartOf\":{\"@id\":\"https:\/\/www.institutodeengenharia.org.br\/site\/2020\/09\/18\/amazonia-desafios-de-uma-engenharia-verde-potencial-hidroviario\/\"},\"author\":{\"name\":\"Bianca\",\"@id\":\"https:\/\/www.institutodeengenharia.org.br\/site\/#\/schema\/person\/aeb64951c405e100d26d30b033dd423f\"},\"headline\":\"Amaz\u00f4nia \u2013 desafios de uma Engenharia verde: Potencial Hidrovi\u00e1rio\",\"datePublished\":\"2020-09-18T13:00:44+00:00\",\"dateModified\":\"2020-09-28T16:41:14+00:00\",\"mainEntityOfPage\":{\"@id\":\"https:\/\/www.institutodeengenharia.org.br\/site\/2020\/09\/18\/amazonia-desafios-de-uma-engenharia-verde-potencial-hidroviario\/\"},\"wordCount\":454,\"commentCount\":0,\"publisher\":{\"@id\":\"https:\/\/www.institutodeengenharia.org.br\/site\/#organization\"},\"image\":{\"@id\":\"https:\/\/www.institutodeengenharia.org.br\/site\/2020\/09\/18\/amazonia-desafios-de-uma-engenharia-verde-potencial-hidroviario\/#primaryimage\"},\"thumbnailUrl\":\"https:\/\/www.institutodeengenharia.org.br\/site\/wp-content\/uploads\/2020\/09\/amazonia.jpg\",\"articleSection\":[\"Nova TV Engenharia\",\"Palestra\"],\"inLanguage\":\"pt-BR\",\"potentialAction\":[{\"@type\":\"CommentAction\",\"name\":\"Comment\",\"target\":[\"https:\/\/www.institutodeengenharia.org.br\/site\/2020\/09\/18\/amazonia-desafios-de-uma-engenharia-verde-potencial-hidroviario\/#respond\"]}]},{\"@type\":\"WebPage\",\"@id\":\"https:\/\/www.institutodeengenharia.org.br\/site\/2020\/09\/18\/amazonia-desafios-de-uma-engenharia-verde-potencial-hidroviario\/\",\"url\":\"https:\/\/www.institutodeengenharia.org.br\/site\/2020\/09\/18\/amazonia-desafios-de-uma-engenharia-verde-potencial-hidroviario\/\",\"name\":\"Amaz\u00f4nia \u2013 desafios de uma Engenharia verde: Potencial Hidrovi\u00e1rio - Instituto de Engenharia\",\"isPartOf\":{\"@id\":\"https:\/\/www.institutodeengenharia.org.br\/site\/#website\"},\"primaryImageOfPage\":{\"@id\":\"https:\/\/www.institutodeengenharia.org.br\/site\/2020\/09\/18\/amazonia-desafios-de-uma-engenharia-verde-potencial-hidroviario\/#primaryimage\"},\"image\":{\"@id\":\"https:\/\/www.institutodeengenharia.org.br\/site\/2020\/09\/18\/amazonia-desafios-de-uma-engenharia-verde-potencial-hidroviario\/#primaryimage\"},\"thumbnailUrl\":\"https:\/\/www.institutodeengenharia.org.br\/site\/wp-content\/uploads\/2020\/09\/amazonia.jpg\",\"datePublished\":\"2020-09-18T13:00:44+00:00\",\"dateModified\":\"2020-09-28T16:41:14+00:00\",\"breadcrumb\":{\"@id\":\"https:\/\/www.institutodeengenharia.org.br\/site\/2020\/09\/18\/amazonia-desafios-de-uma-engenharia-verde-potencial-hidroviario\/#breadcrumb\"},\"inLanguage\":\"pt-BR\",\"potentialAction\":[{\"@type\":\"ReadAction\",\"target\":[\"https:\/\/www.institutodeengenharia.org.br\/site\/2020\/09\/18\/amazonia-desafios-de-uma-engenharia-verde-potencial-hidroviario\/\"]}]},{\"@type\":\"ImageObject\",\"inLanguage\":\"pt-BR\",\"@id\":\"https:\/\/www.institutodeengenharia.org.br\/site\/2020\/09\/18\/amazonia-desafios-de-uma-engenharia-verde-potencial-hidroviario\/#primaryimage\",\"url\":\"https:\/\/www.institutodeengenharia.org.br\/site\/wp-content\/uploads\/2020\/09\/amazonia.jpg\",\"contentUrl\":\"https:\/\/www.institutodeengenharia.org.br\/site\/wp-content\/uploads\/2020\/09\/amazonia.jpg\",\"width\":1036,\"height\":646},{\"@type\":\"BreadcrumbList\",\"@id\":\"https:\/\/www.institutodeengenharia.org.br\/site\/2020\/09\/18\/amazonia-desafios-de-uma-engenharia-verde-potencial-hidroviario\/#breadcrumb\",\"itemListElement\":[{\"@type\":\"ListItem\",\"position\":1,\"name\":\"In\u00edcio\",\"item\":\"https:\/\/www.institutodeengenharia.org.br\/site\/\"},{\"@type\":\"ListItem\",\"position\":2,\"name\":\"Amaz\u00f4nia \u2013 desafios de uma Engenharia verde: Potencial Hidrovi\u00e1rio\"}]},{\"@type\":\"WebSite\",\"@id\":\"https:\/\/www.institutodeengenharia.org.br\/site\/#website\",\"url\":\"https:\/\/www.institutodeengenharia.org.br\/site\/\",\"name\":\"Instituto de Engenharia\",\"description\":\"O Instituto de Engenharia promove a Engenharia em benef\u00edcio do desenvolvimento e da qualidade de vida da sociedade.\",\"publisher\":{\"@id\":\"https:\/\/www.institutodeengenharia.org.br\/site\/#organization\"},\"potentialAction\":[{\"@type\":\"SearchAction\",\"target\":{\"@type\":\"EntryPoint\",\"urlTemplate\":\"https:\/\/www.institutodeengenharia.org.br\/site\/?s={search_term_string}\"},\"query-input\":{\"@type\":\"PropertyValueSpecification\",\"valueRequired\":true,\"valueName\":\"search_term_string\"}}],\"inLanguage\":\"pt-BR\"},{\"@type\":\"Organization\",\"@id\":\"https:\/\/www.institutodeengenharia.org.br\/site\/#organization\",\"name\":\"Instituto de Engenharia\",\"url\":\"https:\/\/www.institutodeengenharia.org.br\/site\/\",\"logo\":{\"@type\":\"ImageObject\",\"inLanguage\":\"pt-BR\",\"@id\":\"https:\/\/www.institutodeengenharia.org.br\/site\/#\/schema\/logo\/image\/\",\"url\":\"https:\/\/www.institutodeengenharia.org.br\/site\/wp-content\/uploads\/2019\/03\/logo-novo-IE2018-1.jpg\",\"contentUrl\":\"https:\/\/www.institutodeengenharia.org.br\/site\/wp-content\/uploads\/2019\/03\/logo-novo-IE2018-1.jpg\",\"width\":1486,\"height\":1879,\"caption\":\"Instituto de Engenharia\"},\"image\":{\"@id\":\"https:\/\/www.institutodeengenharia.org.br\/site\/#\/schema\/logo\/image\/\"},\"sameAs\":[\"https:\/\/www.facebook.com\/institutodeengenharia\",\"https:\/\/x.com\/iengenharia\",\"https:\/\/www.instagram.com\/institutodeengenharia\/\",\"https:\/\/www.linkedin.com\/company\/instituto-de-engenharia\/\",\"https:\/\/www.youtube.com\/channel\/UCXiCAlsSMe977vamW915HxA\"]},{\"@type\":\"Person\",\"@id\":\"https:\/\/www.institutodeengenharia.org.br\/site\/#\/schema\/person\/aeb64951c405e100d26d30b033dd423f\",\"name\":\"Bianca\",\"image\":{\"@type\":\"ImageObject\",\"inLanguage\":\"pt-BR\",\"@id\":\"https:\/\/secure.gravatar.com\/avatar\/a6fbe9bff57405baf4c1e2c5c1811e072b558253974a9f9508f4678900c97c2a?s=96&d=mm&r=g\",\"url\":\"https:\/\/secure.gravatar.com\/avatar\/a6fbe9bff57405baf4c1e2c5c1811e072b558253974a9f9508f4678900c97c2a?s=96&d=mm&r=g\",\"contentUrl\":\"https:\/\/secure.gravatar.com\/avatar\/a6fbe9bff57405baf4c1e2c5c1811e072b558253974a9f9508f4678900c97c2a?s=96&d=mm&r=g\",\"caption\":\"Bianca\"},\"url\":\"https:\/\/www.institutodeengenharia.org.br\/site\/author\/comunicacao1\/\"}]}<\/script>\n<!-- \/ Yoast SEO plugin. -->","yoast_head_json":{"title":"Amaz\u00f4nia \u2013 desafios de uma Engenharia verde: Potencial Hidrovi\u00e1rio - Instituto de Engenharia","robots":{"index":"index","follow":"follow","max-snippet":"max-snippet:-1","max-image-preview":"max-image-preview:large","max-video-preview":"max-video-preview:-1"},"canonical":"https:\/\/www.institutodeengenharia.org.br\/site\/2020\/09\/18\/amazonia-desafios-de-uma-engenharia-verde-potencial-hidroviario\/","og_locale":"pt_BR","og_type":"article","og_title":"Amaz\u00f4nia \u2013 desafios de uma Engenharia verde: Potencial Hidrovi\u00e1rio - Instituto de Engenharia","og_description":"A palestra\u00a0Amaz\u00f4nia \u2013 desafios de uma Engenharia verde: Potencial Hidrovi\u00e1rio faz parte da\u00a0S\u00e9rie Webinar: Falando em Engenheirar, uma realiza\u00e7\u00e3o do Instituto de Engenharia. Assista abaixo \u00e0 grava\u00e7\u00e3o: + Informa\u00e7\u00f5es: Palestrantes: Ministro Jo\u00e3o Carlos\u00a0Parkinson\u00a0de Castro Possui gradua\u00e7\u00e3o em Economia, condecorado com a Medalha do Pacificador Brasil Oficial e a Medalha do M\u00e9rito Naval &#8211; Grau de [&hellip;]","og_url":"https:\/\/www.institutodeengenharia.org.br\/site\/2020\/09\/18\/amazonia-desafios-de-uma-engenharia-verde-potencial-hidroviario\/","og_site_name":"Instituto de Engenharia","article_publisher":"https:\/\/www.facebook.com\/institutodeengenharia","article_published_time":"2020-09-18T13:00:44+00:00","article_modified_time":"2020-09-28T16:41:14+00:00","og_image":[{"width":1036,"height":646,"url":"https:\/\/www.institutodeengenharia.org.br\/site\/wp-content\/uploads\/2020\/09\/amazonia.jpg","type":"image\/jpeg"}],"author":"Bianca","twitter_card":"summary_large_image","twitter_creator":"@iengenharia","twitter_site":"@iengenharia","twitter_misc":{"Escrito por":"Bianca","Est. tempo de leitura":"2 minutos"},"schema":{"@context":"https:\/\/schema.org","@graph":[{"@type":"Article","@id":"https:\/\/www.institutodeengenharia.org.br\/site\/2020\/09\/18\/amazonia-desafios-de-uma-engenharia-verde-potencial-hidroviario\/#article","isPartOf":{"@id":"https:\/\/www.institutodeengenharia.org.br\/site\/2020\/09\/18\/amazonia-desafios-de-uma-engenharia-verde-potencial-hidroviario\/"},"author":{"name":"Bianca","@id":"https:\/\/www.institutodeengenharia.org.br\/site\/#\/schema\/person\/aeb64951c405e100d26d30b033dd423f"},"headline":"Amaz\u00f4nia \u2013 desafios de uma Engenharia verde: Potencial Hidrovi\u00e1rio","datePublished":"2020-09-18T13:00:44+00:00","dateModified":"2020-09-28T16:41:14+00:00","mainEntityOfPage":{"@id":"https:\/\/www.institutodeengenharia.org.br\/site\/2020\/09\/18\/amazonia-desafios-de-uma-engenharia-verde-potencial-hidroviario\/"},"wordCount":454,"commentCount":0,"publisher":{"@id":"https:\/\/www.institutodeengenharia.org.br\/site\/#organization"},"image":{"@id":"https:\/\/www.institutodeengenharia.org.br\/site\/2020\/09\/18\/amazonia-desafios-de-uma-engenharia-verde-potencial-hidroviario\/#primaryimage"},"thumbnailUrl":"https:\/\/www.institutodeengenharia.org.br\/site\/wp-content\/uploads\/2020\/09\/amazonia.jpg","articleSection":["Nova TV Engenharia","Palestra"],"inLanguage":"pt-BR","potentialAction":[{"@type":"CommentAction","name":"Comment","target":["https:\/\/www.institutodeengenharia.org.br\/site\/2020\/09\/18\/amazonia-desafios-de-uma-engenharia-verde-potencial-hidroviario\/#respond"]}]},{"@type":"WebPage","@id":"https:\/\/www.institutodeengenharia.org.br\/site\/2020\/09\/18\/amazonia-desafios-de-uma-engenharia-verde-potencial-hidroviario\/","url":"https:\/\/www.institutodeengenharia.org.br\/site\/2020\/09\/18\/amazonia-desafios-de-uma-engenharia-verde-potencial-hidroviario\/","name":"Amaz\u00f4nia \u2013 desafios de uma Engenharia verde: Potencial Hidrovi\u00e1rio - Instituto de Engenharia","isPartOf":{"@id":"https:\/\/www.institutodeengenharia.org.br\/site\/#website"},"primaryImageOfPage":{"@id":"https:\/\/www.institutodeengenharia.org.br\/site\/2020\/09\/18\/amazonia-desafios-de-uma-engenharia-verde-potencial-hidroviario\/#primaryimage"},"image":{"@id":"https:\/\/www.institutodeengenharia.org.br\/site\/2020\/09\/18\/amazonia-desafios-de-uma-engenharia-verde-potencial-hidroviario\/#primaryimage"},"thumbnailUrl":"https:\/\/www.institutodeengenharia.org.br\/site\/wp-content\/uploads\/2020\/09\/amazonia.jpg","datePublished":"2020-09-18T13:00:44+00:00","dateModified":"2020-09-28T16:41:14+00:00","breadcrumb":{"@id":"https:\/\/www.institutodeengenharia.org.br\/site\/2020\/09\/18\/amazonia-desafios-de-uma-engenharia-verde-potencial-hidroviario\/#breadcrumb"},"inLanguage":"pt-BR","potentialAction":[{"@type":"ReadAction","target":["https:\/\/www.institutodeengenharia.org.br\/site\/2020\/09\/18\/amazonia-desafios-de-uma-engenharia-verde-potencial-hidroviario\/"]}]},{"@type":"ImageObject","inLanguage":"pt-BR","@id":"https:\/\/www.institutodeengenharia.org.br\/site\/2020\/09\/18\/amazonia-desafios-de-uma-engenharia-verde-potencial-hidroviario\/#primaryimage","url":"https:\/\/www.institutodeengenharia.org.br\/site\/wp-content\/uploads\/2020\/09\/amazonia.jpg","contentUrl":"https:\/\/www.institutodeengenharia.org.br\/site\/wp-content\/uploads\/2020\/09\/amazonia.jpg","width":1036,"height":646},{"@type":"BreadcrumbList","@id":"https:\/\/www.institutodeengenharia.org.br\/site\/2020\/09\/18\/amazonia-desafios-de-uma-engenharia-verde-potencial-hidroviario\/#breadcrumb","itemListElement":[{"@type":"ListItem","position":1,"name":"In\u00edcio","item":"https:\/\/www.institutodeengenharia.org.br\/site\/"},{"@type":"ListItem","position":2,"name":"Amaz\u00f4nia \u2013 desafios de uma Engenharia verde: Potencial Hidrovi\u00e1rio"}]},{"@type":"WebSite","@id":"https:\/\/www.institutodeengenharia.org.br\/site\/#website","url":"https:\/\/www.institutodeengenharia.org.br\/site\/","name":"Instituto de Engenharia","description":"O Instituto de Engenharia promove a Engenharia em benef\u00edcio do desenvolvimento e da qualidade de vida da sociedade.","publisher":{"@id":"https:\/\/www.institutodeengenharia.org.br\/site\/#organization"},"potentialAction":[{"@type":"SearchAction","target":{"@type":"EntryPoint","urlTemplate":"https:\/\/www.institutodeengenharia.org.br\/site\/?s={search_term_string}"},"query-input":{"@type":"PropertyValueSpecification","valueRequired":true,"valueName":"search_term_string"}}],"inLanguage":"pt-BR"},{"@type":"Organization","@id":"https:\/\/www.institutodeengenharia.org.br\/site\/#organization","name":"Instituto de Engenharia","url":"https:\/\/www.institutodeengenharia.org.br\/site\/","logo":{"@type":"ImageObject","inLanguage":"pt-BR","@id":"https:\/\/www.institutodeengenharia.org.br\/site\/#\/schema\/logo\/image\/","url":"https:\/\/www.institutodeengenharia.org.br\/site\/wp-content\/uploads\/2019\/03\/logo-novo-IE2018-1.jpg","contentUrl":"https:\/\/www.institutodeengenharia.org.br\/site\/wp-content\/uploads\/2019\/03\/logo-novo-IE2018-1.jpg","width":1486,"height":1879,"caption":"Instituto de Engenharia"},"image":{"@id":"https:\/\/www.institutodeengenharia.org.br\/site\/#\/schema\/logo\/image\/"},"sameAs":["https:\/\/www.facebook.com\/institutodeengenharia","https:\/\/x.com\/iengenharia","https:\/\/www.instagram.com\/institutodeengenharia\/","https:\/\/www.linkedin.com\/company\/instituto-de-engenharia\/","https:\/\/www.youtube.com\/channel\/UCXiCAlsSMe977vamW915HxA"]},{"@type":"Person","@id":"https:\/\/www.institutodeengenharia.org.br\/site\/#\/schema\/person\/aeb64951c405e100d26d30b033dd423f","name":"Bianca","image":{"@type":"ImageObject","inLanguage":"pt-BR","@id":"https:\/\/secure.gravatar.com\/avatar\/a6fbe9bff57405baf4c1e2c5c1811e072b558253974a9f9508f4678900c97c2a?s=96&d=mm&r=g","url":"https:\/\/secure.gravatar.com\/avatar\/a6fbe9bff57405baf4c1e2c5c1811e072b558253974a9f9508f4678900c97c2a?s=96&d=mm&r=g","contentUrl":"https:\/\/secure.gravatar.com\/avatar\/a6fbe9bff57405baf4c1e2c5c1811e072b558253974a9f9508f4678900c97c2a?s=96&d=mm&r=g","caption":"Bianca"},"url":"https:\/\/www.institutodeengenharia.org.br\/site\/author\/comunicacao1\/"}]}},"_links":{"self":[{"href":"https:\/\/www.institutodeengenharia.org.br\/site\/wp-json\/wp\/v2\/posts\/71291","targetHints":{"allow":["GET"]}}],"collection":[{"href":"https:\/\/www.institutodeengenharia.org.br\/site\/wp-json\/wp\/v2\/posts"}],"about":[{"href":"https:\/\/www.institutodeengenharia.org.br\/site\/wp-json\/wp\/v2\/types\/post"}],"author":[{"embeddable":true,"href":"https:\/\/www.institutodeengenharia.org.br\/site\/wp-json\/wp\/v2\/users\/13"}],"replies":[{"embeddable":true,"href":"https:\/\/www.institutodeengenharia.org.br\/site\/wp-json\/wp\/v2\/comments?post=71291"}],"version-history":[{"count":1,"href":"https:\/\/www.institutodeengenharia.org.br\/site\/wp-json\/wp\/v2\/posts\/71291\/revisions"}],"predecessor-version":[{"id":71293,"href":"https:\/\/www.institutodeengenharia.org.br\/site\/wp-json\/wp\/v2\/posts\/71291\/revisions\/71293"}],"wp:featuredmedia":[{"embeddable":true,"href":"https:\/\/www.institutodeengenharia.org.br\/site\/wp-json\/wp\/v2\/media\/71294"}],"wp:attachment":[{"href":"https:\/\/www.institutodeengenharia.org.br\/site\/wp-json\/wp\/v2\/media?parent=71291"}],"wp:term":[{"taxonomy":"category","embeddable":true,"href":"https:\/\/www.institutodeengenharia.org.br\/site\/wp-json\/wp\/v2\/categories?post=71291"},{"taxonomy":"post_tag","embeddable":true,"href":"https:\/\/www.institutodeengenharia.org.br\/site\/wp-json\/wp\/v2\/tags?post=71291"}],"curies":[{"name":"wp","href":"https:\/\/api.w.org\/{rel}","templated":true}]}}