{"id":71289,"date":"2020-09-15T11:30:33","date_gmt":"2020-09-15T14:30:33","guid":{"rendered":"https:\/\/www.institutodeengenharia.org.br\/site\/?p=71289"},"modified":"2020-09-28T13:24:57","modified_gmt":"2020-09-28T16:24:57","slug":"hidrovia-retomada-do-crescimento","status":"publish","type":"post","link":"https:\/\/www.institutodeengenharia.org.br\/site\/2020\/09\/15\/hidrovia-retomada-do-crescimento\/","title":{"rendered":"Hidrovia &#8211; Retomada do Crescimento"},"content":{"rendered":"<p><strong>Assista abaixo \u00e0 grava\u00e7\u00e3o:<\/strong><\/p>\n<p><iframe loading=\"lazy\" src=\"https:\/\/player.vimeo.com\/video\/461655788\" width=\"640\" height=\"360\" frameborder=\"0\" allowfullscreen=\"allowfullscreen\"><\/iframe><br \/>\n&nbsp;<\/p>\n<p><strong>+ Informa\u00e7\u00f5es:<\/strong><\/p>\n<p><strong>Abordagem:<\/strong><\/p>\n<p>A retomada do crescimento na hidrovia.<\/p>\n<p><strong>P\u00fablico-alvo: <\/strong><\/p>\n<p>Engenheiros, arquitetos e outros interessados.<\/p>\n<p><strong>Palestrantes:<\/strong><\/p>\n<p><img loading=\"lazy\" decoding=\"async\" class=\"alignnone wp-image-70458\" src=\"https:\/\/www.institutodeengenharia.org.br\/site\/wp-content\/uploads\/2020\/09\/Jo\u00e3o-Octaviano-Machado-Neto.jpg\" alt=\"\" width=\"147\" height=\"163\" \/><\/p>\n<p><strong>Jo\u00e3o Octaviano Machado Neto<\/strong><\/p>\n<p>Formado em Engenheira Civil pela Escola de Engenharia Mau\u00e1. Atua na Gest\u00e3o P\u00fablica h\u00e1 34 anos, seu \u00faltimo cargo exercido foi de secret\u00e1rio Municipal de Mobilidade e Transportes. Foi presidente da CET &#8211; Companhia de Engenharia de Tr\u00e1fego e secret\u00e1rio executivo do Programa Estadual de Parcerias P\u00fablico-Privadas da Habita\u00e7\u00e3o. Tamb\u00e9m exerceu cargos como o de presidente da Prodam, secret\u00e1rio Municipal de Gest\u00e3o, secret\u00e1rio adjunto da Secretaria Municipal de Planejamento e secret\u00e1rio Municipal de Servi\u00e7os e Obras.<\/p>\n<p><img loading=\"lazy\" decoding=\"async\" class=\"alignnone wp-image-40679\" src=\"https:\/\/www.institutodeengenharia.org.br\/site\/wp-content\/uploads\/2019\/03\/WAGNErR-e1588597104413.jpg\" alt=\"\" width=\"141\" height=\"176\" srcset=\"https:\/\/www.institutodeengenharia.org.br\/site\/wp-content\/uploads\/2019\/03\/WAGNErR-e1588597104413.jpg 1439w, https:\/\/www.institutodeengenharia.org.br\/site\/wp-content\/uploads\/2019\/03\/WAGNErR-e1588597104413-241x300.jpg 241w, https:\/\/www.institutodeengenharia.org.br\/site\/wp-content\/uploads\/2019\/03\/WAGNErR-e1588597104413-768x957.jpg 768w, https:\/\/www.institutodeengenharia.org.br\/site\/wp-content\/uploads\/2019\/03\/WAGNErR-e1588597104413-821x1024.jpg 821w, https:\/\/www.institutodeengenharia.org.br\/site\/wp-content\/uploads\/2019\/03\/WAGNErR-e1588597104413-696x868.jpg 696w, https:\/\/www.institutodeengenharia.org.br\/site\/wp-content\/uploads\/2019\/03\/WAGNErR-e1588597104413-1068x1331.jpg 1068w, https:\/\/www.institutodeengenharia.org.br\/site\/wp-content\/uploads\/2019\/03\/WAGNErR-e1588597104413-337x420.jpg 337w, https:\/\/www.institutodeengenharia.org.br\/site\/wp-content\/uploads\/2019\/03\/WAGNErR-e1588597104413-600x748.jpg 600w\" sizes=\"auto, (max-width: 141px) 100vw, 141px\" \/><\/p>\n<p><strong>Jos\u00e9 Wagner Leite Ferreira\u00a0\u00a0\u00a0 <\/strong><\/p>\n<p>Arquiteto e Urbanista pela Universidade Presbiteriana Mackenzie, com especializa\u00e7\u00e3o em Transporte Urbano pelo IPR\/IPT. Atuou na \u00e1rea de Gest\u00e3o do Transporte Fluvial no IFIT \u2013 Institut de Formation Internationale aux Transports (Namur-B\u00e9lgica); e nos Portos e Vias Naveg\u00e1veis na APEC \u2013 Antwerp\/Flanders Port Training Center(Antwerp-B\u00e9lgica). Realizou visita de Estudos ao TVA \u2013 Tennessee Valey Authority (Tennessee-EUA) e \u00e0 CNR \u2013 Compagnie Nationaldu Rhone (Lyon, Fran\u00e7a). Atualmente \u00e9 coordenador da Divis\u00e3o T\u00e9cnica de Log\u00edstica do Instituto de Engenharia, consultor Associado da Figueiredo Ferraz Engenharia de Projetos, diretor do CEANI\u00a0\u2013 Centro de Estudos Avan\u00e7ados de Navega\u00e7\u00e3o Interior, consultor da CODESP-Porto de Santos e coordenador do Conv\u00eanio Universidade de Li\u00e8ge\/Unimep \u2013 Navega\u00e7\u00e3o Interior.<\/p>\n<p><strong>Mediadores:<\/strong><\/p>\n<p><img loading=\"lazy\" decoding=\"async\" class=\"alignnone wp-image-68765\" src=\"https:\/\/www.institutodeengenharia.org.br\/site\/wp-content\/uploads\/2020\/07\/Jos\u00e9-Manoel-de-Oliveira-Reis.jpg\" alt=\"\" width=\"154\" height=\"153\" srcset=\"https:\/\/www.institutodeengenharia.org.br\/site\/wp-content\/uploads\/2020\/07\/Jos\u00e9-Manoel-de-Oliveira-Reis.jpg 616w, https:\/\/www.institutodeengenharia.org.br\/site\/wp-content\/uploads\/2020\/07\/Jos\u00e9-Manoel-de-Oliveira-Reis-150x150.jpg 150w, https:\/\/www.institutodeengenharia.org.br\/site\/wp-content\/uploads\/2020\/07\/Jos\u00e9-Manoel-de-Oliveira-Reis-300x300.jpg 300w, https:\/\/www.institutodeengenharia.org.br\/site\/wp-content\/uploads\/2020\/07\/Jos\u00e9-Manoel-de-Oliveira-Reis-421x420.jpg 421w, https:\/\/www.institutodeengenharia.org.br\/site\/wp-content\/uploads\/2020\/07\/Jos\u00e9-Manoel-de-Oliveira-Reis-600x598.jpg 600w, https:\/\/www.institutodeengenharia.org.br\/site\/wp-content\/uploads\/2020\/07\/Jos\u00e9-Manoel-de-Oliveira-Reis-100x100.jpg 100w\" sizes=\"auto, (max-width: 154px) 100vw, 154px\" \/><\/p>\n<p><strong>Jos\u00e9 Manoel de Oliveira Reis<\/strong><\/p>\n<p>Administrador de Empresas, engenheiro Ambiental e de Seguran\u00e7a do Trabalho, com p\u00f3s-gradua\u00e7\u00e3o MBA em\u00a0 Tr\u00e2nsito, Mobilidade e Seguran\u00e7a e em Gest\u00e3o do Meio Ambiente e Sustentabilidade. Foi engenheiro coordenador de Projetos e Obras da Cidade de S\u00e3o Paulo, chefe de Departamento \u2013 DIGAM \u2013 Divis\u00e3o de Meio Ambiente e chefe do Departamento de Opera\u00e7\u00f5es do Rodoanel Mario Covas \u2013 Trecho Sul (DERSA), Chefe do OP\/DETRA \u2013 Departamento de Opera\u00e7\u00f5es de Tr\u00e1fego e do Departamento de Opera\u00e7\u00f5es das Rodovias: Rodovia Dom Pedro I \u2013 SP-065 e Rodovia Ayrton Senna\/Carvalho Pinto, diretor da Divis\u00e3o T\u00e9cnica e Educacional de Tr\u00e2nsito de Bragan\u00e7a Paulista e Gestor na CET \u2013 Cia. de Engenharia de Tr\u00e1fego de S\u00e3o Paulo. Atualmente \u00e9 diretor-geral do Departamento Hidrovi\u00e1rio do Estado de S\u00e3o Paulo (DH), professor de Inova\u00e7\u00e3o para a p\u00f3s-gradua\u00e7\u00e3o da FMU e coordenador da Divis\u00e3o T\u00e9cnica de Constru\u00e7\u00e3o Sustent\u00e1vel e Meio Ambiente do Instituto de Engenharia.<\/p>\n<p><img loading=\"lazy\" decoding=\"async\" class=\"alignnone wp-image-68766\" src=\"https:\/\/www.institutodeengenharia.org.br\/site\/wp-content\/uploads\/2020\/07\/Daniele-de-Andrade-Villarim-Lima.jpg\" alt=\"\" width=\"152\" height=\"188\" \/><\/p>\n<p><strong>Daniele de Andrade Villarim Lima<\/strong><\/p>\n<p>Engenheira Ambiental graduada em 2016 pelas Faculdades Oswaldo Cruz e perita ambiental extrajudicial. \u00c9 mestranda no Centro de Qu\u00edmica e Meio Ambiente (CQMA) do Instituto de Pesquisas Energ\u00e9ticas e Nucleares (IPEN), onde realiza pesquisa sobre a Avalia\u00e7\u00e3o da aplica\u00e7\u00e3o de biocarv\u00e3o no melhoramento das caracter\u00edsticas ambientais de telhado verde. Faz p\u00f3s-gradua\u00e7\u00e3o em Engenharia de Seguran\u00e7a do Trabalho pelo SENAC. Trabalhou na empresa Ambient Air Ar Condicionado como coordenadora de Planejamento e Gest\u00e3o de Obras, empresa do ramo de refrigera\u00e7\u00e3o, por 14 anos, onde, al\u00e9m de garantir a execu\u00e7\u00e3o dos processos para conclus\u00e3o das obras, atuou na implanta\u00e7\u00e3o de projetos internos de educa\u00e7\u00e3o e conscientiza\u00e7\u00e3o ambiental, criando campanhas de separa\u00e7\u00e3o e coleta seletiva de res\u00edduos, informativos para uso consciente de papel, copos pl\u00e1sticos, al\u00e9m do uso adequado de \u00e1gua e energia el\u00e9trica. Atualmente \u00e9 coordenadora de Planejamento e Gest\u00e3o de Obras na empresa Best Clima Engenharia e Instala\u00e7\u00f5es. Tamb\u00e9m atua como volunt\u00e1ria no Instituto de Engenharia como vice-coordenadora da Divis\u00e3o T\u00e9cnica de Constru\u00e7\u00e3o Sustent\u00e1vel e Meio Ambiente, e que recentemente est\u00e1 em parceria com a ABRAPS (Associa\u00e7\u00e3o Brasileira dos Profissionais pelo Desenvolvimento Sustent\u00e1vel) no Grupo de Trabalho de Constru\u00e7\u00f5es Sustent\u00e1veis.<\/p>\n<p><strong>Apoio Institucional:<\/strong><\/p>\n<p><strong>\u00a0<img loading=\"lazy\" decoding=\"async\" class=\"alignnone size-full wp-image-34556\" src=\"https:\/\/www.institutodeengenharia.org.br\/site\/wp-content\/uploads\/2018\/04\/CREA-SP_vertical.jpg\" alt=\"\" width=\"150\" height=\"106\" srcset=\"https:\/\/www.institutodeengenharia.org.br\/site\/wp-content\/uploads\/2018\/04\/CREA-SP_vertical.jpg 150w, https:\/\/www.institutodeengenharia.org.br\/site\/wp-content\/uploads\/2018\/04\/CREA-SP_vertical-100x70.jpg 100w\" sizes=\"auto, (max-width: 150px) 100vw, 150px\" \/><\/strong><\/p>\n<p><strong>Realiza\u00e7\u00e3o:<\/strong><\/p>\n<p><strong>Eng. Jer\u00f4nimo Cabral Pereira Fagundes Neto <\/strong>\u2013 Vice-Presidente de Atividades T\u00e9cnicas<\/p>\n<p><strong>Eng. Roberto Kochen <\/strong>\u2013 Diretor do Departamento de Engenharia do Habitat e Infraestrutura<\/p>\n<p><strong>Eng. Jos\u00e9 Manoel de O. Reis<\/strong> \u2013 Coordenador da Divis\u00e3o T\u00e9cnica de Constru\u00e7\u00e3o Sustent\u00e1vel e Meio Ambiente<\/p>\n","protected":false},"excerpt":{"rendered":"<p>Assista abaixo \u00e0 grava\u00e7\u00e3o: &nbsp; + Informa\u00e7\u00f5es: Abordagem: A retomada do crescimento na hidrovia. P\u00fablico-alvo: Engenheiros, arquitetos e outros interessados. Palestrantes: Jo\u00e3o Octaviano Machado Neto Formado em Engenheira Civil pela Escola de Engenharia Mau\u00e1. Atua na Gest\u00e3o P\u00fablica h\u00e1 34 anos, seu \u00faltimo cargo exercido foi de secret\u00e1rio Municipal de Mobilidade e Transportes. Foi presidente [&hellip;]<\/p>\n","protected":false},"author":13,"featured_media":70863,"comment_status":"open","ping_status":"open","sticky":false,"template":"","format":"standard","meta":{"footnotes":""},"categories":[15,74,968,969],"tags":[],"class_list":{"0":"post-71289","1":"post","2":"type-post","3":"status-publish","4":"format-standard","5":"has-post-thumbnail","7":"category-departamento-desenvolvimento-de-projetos-e-servicos-de-infraestrutura","8":"category-divisao-tecnica-meio-ambiente-e-sustentabilidade","9":"category-nova-tv-engenharia","10":"category-palestra"},"yoast_head":"<!-- This site is optimized with the Yoast SEO plugin v27.2 - https:\/\/yoast.com\/product\/yoast-seo-wordpress\/ -->\n<title>Hidrovia - Retomada do Crescimento - Instituto de Engenharia<\/title>\n<meta name=\"robots\" content=\"index, follow, max-snippet:-1, max-image-preview:large, max-video-preview:-1\" \/>\n<link rel=\"canonical\" href=\"https:\/\/www.institutodeengenharia.org.br\/site\/2020\/09\/15\/hidrovia-retomada-do-crescimento\/\" \/>\n<meta property=\"og:locale\" content=\"pt_BR\" \/>\n<meta property=\"og:type\" content=\"article\" \/>\n<meta property=\"og:title\" content=\"Hidrovia - Retomada do Crescimento - Instituto de Engenharia\" \/>\n<meta property=\"og:description\" content=\"Assista abaixo \u00e0 grava\u00e7\u00e3o: &nbsp; + Informa\u00e7\u00f5es: Abordagem: A retomada do crescimento na hidrovia. P\u00fablico-alvo: Engenheiros, arquitetos e outros interessados. Palestrantes: Jo\u00e3o Octaviano Machado Neto Formado em Engenheira Civil pela Escola de Engenharia Mau\u00e1. Atua na Gest\u00e3o P\u00fablica h\u00e1 34 anos, seu \u00faltimo cargo exercido foi de secret\u00e1rio Municipal de Mobilidade e Transportes. Foi presidente [&hellip;]\" \/>\n<meta property=\"og:url\" content=\"https:\/\/www.institutodeengenharia.org.br\/site\/2020\/09\/15\/hidrovia-retomada-do-crescimento\/\" \/>\n<meta property=\"og:site_name\" content=\"Instituto de Engenharia\" \/>\n<meta property=\"article:publisher\" content=\"https:\/\/www.facebook.com\/institutodeengenharia\" \/>\n<meta property=\"article:published_time\" content=\"2020-09-15T14:30:33+00:00\" \/>\n<meta property=\"article:modified_time\" content=\"2020-09-28T16:24:57+00:00\" \/>\n<meta property=\"og:image\" content=\"https:\/\/www.institutodeengenharia.org.br\/site\/wp-content\/uploads\/2020\/09\/Hidrovia-Retomada-do-Crescimentofoto-1.png\" \/>\n\t<meta property=\"og:image:width\" content=\"750\" \/>\n\t<meta property=\"og:image:height\" content=\"500\" \/>\n\t<meta property=\"og:image:type\" content=\"image\/png\" \/>\n<meta name=\"author\" content=\"Bianca\" \/>\n<meta name=\"twitter:card\" content=\"summary_large_image\" \/>\n<meta name=\"twitter:creator\" content=\"@iengenharia\" \/>\n<meta name=\"twitter:site\" content=\"@iengenharia\" \/>\n<meta name=\"twitter:label1\" content=\"Escrito por\" \/>\n\t<meta name=\"twitter:data1\" content=\"Bianca\" \/>\n\t<meta name=\"twitter:label2\" content=\"Est. tempo de leitura\" \/>\n\t<meta name=\"twitter:data2\" content=\"3 minutos\" \/>\n<script type=\"application\/ld+json\" class=\"yoast-schema-graph\">{\"@context\":\"https:\/\/schema.org\",\"@graph\":[{\"@type\":\"Article\",\"@id\":\"https:\/\/www.institutodeengenharia.org.br\/site\/2020\/09\/15\/hidrovia-retomada-do-crescimento\/#article\",\"isPartOf\":{\"@id\":\"https:\/\/www.institutodeengenharia.org.br\/site\/2020\/09\/15\/hidrovia-retomada-do-crescimento\/\"},\"author\":{\"name\":\"Bianca\",\"@id\":\"https:\/\/www.institutodeengenharia.org.br\/site\/#\/schema\/person\/aeb64951c405e100d26d30b033dd423f\"},\"headline\":\"Hidrovia &#8211; Retomada do Crescimento\",\"datePublished\":\"2020-09-15T14:30:33+00:00\",\"dateModified\":\"2020-09-28T16:24:57+00:00\",\"mainEntityOfPage\":{\"@id\":\"https:\/\/www.institutodeengenharia.org.br\/site\/2020\/09\/15\/hidrovia-retomada-do-crescimento\/\"},\"wordCount\":693,\"commentCount\":0,\"publisher\":{\"@id\":\"https:\/\/www.institutodeengenharia.org.br\/site\/#organization\"},\"image\":{\"@id\":\"https:\/\/www.institutodeengenharia.org.br\/site\/2020\/09\/15\/hidrovia-retomada-do-crescimento\/#primaryimage\"},\"thumbnailUrl\":\"https:\/\/www.institutodeengenharia.org.br\/site\/wp-content\/uploads\/2020\/09\/Hidrovia-Retomada-do-Crescimentofoto-1.png\",\"articleSection\":[\"Departamento Desenvolvimento de Projetos e Servi\u00e7os de Infraestrutura\",\"Divis\u00e3o T\u00e9cnica Meio Ambiente e Sustentabilidade\",\"Nova TV Engenharia\",\"Palestra\"],\"inLanguage\":\"pt-BR\",\"potentialAction\":[{\"@type\":\"CommentAction\",\"name\":\"Comment\",\"target\":[\"https:\/\/www.institutodeengenharia.org.br\/site\/2020\/09\/15\/hidrovia-retomada-do-crescimento\/#respond\"]}]},{\"@type\":\"WebPage\",\"@id\":\"https:\/\/www.institutodeengenharia.org.br\/site\/2020\/09\/15\/hidrovia-retomada-do-crescimento\/\",\"url\":\"https:\/\/www.institutodeengenharia.org.br\/site\/2020\/09\/15\/hidrovia-retomada-do-crescimento\/\",\"name\":\"Hidrovia - Retomada do Crescimento - Instituto de Engenharia\",\"isPartOf\":{\"@id\":\"https:\/\/www.institutodeengenharia.org.br\/site\/#website\"},\"primaryImageOfPage\":{\"@id\":\"https:\/\/www.institutodeengenharia.org.br\/site\/2020\/09\/15\/hidrovia-retomada-do-crescimento\/#primaryimage\"},\"image\":{\"@id\":\"https:\/\/www.institutodeengenharia.org.br\/site\/2020\/09\/15\/hidrovia-retomada-do-crescimento\/#primaryimage\"},\"thumbnailUrl\":\"https:\/\/www.institutodeengenharia.org.br\/site\/wp-content\/uploads\/2020\/09\/Hidrovia-Retomada-do-Crescimentofoto-1.png\",\"datePublished\":\"2020-09-15T14:30:33+00:00\",\"dateModified\":\"2020-09-28T16:24:57+00:00\",\"breadcrumb\":{\"@id\":\"https:\/\/www.institutodeengenharia.org.br\/site\/2020\/09\/15\/hidrovia-retomada-do-crescimento\/#breadcrumb\"},\"inLanguage\":\"pt-BR\",\"potentialAction\":[{\"@type\":\"ReadAction\",\"target\":[\"https:\/\/www.institutodeengenharia.org.br\/site\/2020\/09\/15\/hidrovia-retomada-do-crescimento\/\"]}]},{\"@type\":\"ImageObject\",\"inLanguage\":\"pt-BR\",\"@id\":\"https:\/\/www.institutodeengenharia.org.br\/site\/2020\/09\/15\/hidrovia-retomada-do-crescimento\/#primaryimage\",\"url\":\"https:\/\/www.institutodeengenharia.org.br\/site\/wp-content\/uploads\/2020\/09\/Hidrovia-Retomada-do-Crescimentofoto-1.png\",\"contentUrl\":\"https:\/\/www.institutodeengenharia.org.br\/site\/wp-content\/uploads\/2020\/09\/Hidrovia-Retomada-do-Crescimentofoto-1.png\",\"width\":750,\"height\":500},{\"@type\":\"BreadcrumbList\",\"@id\":\"https:\/\/www.institutodeengenharia.org.br\/site\/2020\/09\/15\/hidrovia-retomada-do-crescimento\/#breadcrumb\",\"itemListElement\":[{\"@type\":\"ListItem\",\"position\":1,\"name\":\"In\u00edcio\",\"item\":\"https:\/\/www.institutodeengenharia.org.br\/site\/\"},{\"@type\":\"ListItem\",\"position\":2,\"name\":\"Hidrovia &#8211; Retomada do Crescimento\"}]},{\"@type\":\"WebSite\",\"@id\":\"https:\/\/www.institutodeengenharia.org.br\/site\/#website\",\"url\":\"https:\/\/www.institutodeengenharia.org.br\/site\/\",\"name\":\"Instituto de Engenharia\",\"description\":\"O Instituto de Engenharia promove a Engenharia em benef\u00edcio do desenvolvimento e da qualidade de vida da sociedade.\",\"publisher\":{\"@id\":\"https:\/\/www.institutodeengenharia.org.br\/site\/#organization\"},\"potentialAction\":[{\"@type\":\"SearchAction\",\"target\":{\"@type\":\"EntryPoint\",\"urlTemplate\":\"https:\/\/www.institutodeengenharia.org.br\/site\/?s={search_term_string}\"},\"query-input\":{\"@type\":\"PropertyValueSpecification\",\"valueRequired\":true,\"valueName\":\"search_term_string\"}}],\"inLanguage\":\"pt-BR\"},{\"@type\":\"Organization\",\"@id\":\"https:\/\/www.institutodeengenharia.org.br\/site\/#organization\",\"name\":\"Instituto de Engenharia\",\"url\":\"https:\/\/www.institutodeengenharia.org.br\/site\/\",\"logo\":{\"@type\":\"ImageObject\",\"inLanguage\":\"pt-BR\",\"@id\":\"https:\/\/www.institutodeengenharia.org.br\/site\/#\/schema\/logo\/image\/\",\"url\":\"https:\/\/www.institutodeengenharia.org.br\/site\/wp-content\/uploads\/2019\/03\/logo-novo-IE2018-1.jpg\",\"contentUrl\":\"https:\/\/www.institutodeengenharia.org.br\/site\/wp-content\/uploads\/2019\/03\/logo-novo-IE2018-1.jpg\",\"width\":1486,\"height\":1879,\"caption\":\"Instituto de Engenharia\"},\"image\":{\"@id\":\"https:\/\/www.institutodeengenharia.org.br\/site\/#\/schema\/logo\/image\/\"},\"sameAs\":[\"https:\/\/www.facebook.com\/institutodeengenharia\",\"https:\/\/x.com\/iengenharia\",\"https:\/\/www.instagram.com\/institutodeengenharia\/\",\"https:\/\/www.linkedin.com\/company\/instituto-de-engenharia\/\",\"https:\/\/www.youtube.com\/channel\/UCXiCAlsSMe977vamW915HxA\"]},{\"@type\":\"Person\",\"@id\":\"https:\/\/www.institutodeengenharia.org.br\/site\/#\/schema\/person\/aeb64951c405e100d26d30b033dd423f\",\"name\":\"Bianca\",\"image\":{\"@type\":\"ImageObject\",\"inLanguage\":\"pt-BR\",\"@id\":\"https:\/\/secure.gravatar.com\/avatar\/a6fbe9bff57405baf4c1e2c5c1811e072b558253974a9f9508f4678900c97c2a?s=96&d=mm&r=g\",\"url\":\"https:\/\/secure.gravatar.com\/avatar\/a6fbe9bff57405baf4c1e2c5c1811e072b558253974a9f9508f4678900c97c2a?s=96&d=mm&r=g\",\"contentUrl\":\"https:\/\/secure.gravatar.com\/avatar\/a6fbe9bff57405baf4c1e2c5c1811e072b558253974a9f9508f4678900c97c2a?s=96&d=mm&r=g\",\"caption\":\"Bianca\"},\"url\":\"https:\/\/www.institutodeengenharia.org.br\/site\/author\/comunicacao1\/\"}]}<\/script>\n<!-- \/ Yoast SEO plugin. -->","yoast_head_json":{"title":"Hidrovia - Retomada do Crescimento - Instituto de Engenharia","robots":{"index":"index","follow":"follow","max-snippet":"max-snippet:-1","max-image-preview":"max-image-preview:large","max-video-preview":"max-video-preview:-1"},"canonical":"https:\/\/www.institutodeengenharia.org.br\/site\/2020\/09\/15\/hidrovia-retomada-do-crescimento\/","og_locale":"pt_BR","og_type":"article","og_title":"Hidrovia - Retomada do Crescimento - Instituto de Engenharia","og_description":"Assista abaixo \u00e0 grava\u00e7\u00e3o: &nbsp; + Informa\u00e7\u00f5es: Abordagem: A retomada do crescimento na hidrovia. P\u00fablico-alvo: Engenheiros, arquitetos e outros interessados. Palestrantes: Jo\u00e3o Octaviano Machado Neto Formado em Engenheira Civil pela Escola de Engenharia Mau\u00e1. Atua na Gest\u00e3o P\u00fablica h\u00e1 34 anos, seu \u00faltimo cargo exercido foi de secret\u00e1rio Municipal de Mobilidade e Transportes. Foi presidente [&hellip;]","og_url":"https:\/\/www.institutodeengenharia.org.br\/site\/2020\/09\/15\/hidrovia-retomada-do-crescimento\/","og_site_name":"Instituto de Engenharia","article_publisher":"https:\/\/www.facebook.com\/institutodeengenharia","article_published_time":"2020-09-15T14:30:33+00:00","article_modified_time":"2020-09-28T16:24:57+00:00","og_image":[{"width":750,"height":500,"url":"https:\/\/www.institutodeengenharia.org.br\/site\/wp-content\/uploads\/2020\/09\/Hidrovia-Retomada-do-Crescimentofoto-1.png","type":"image\/png"}],"author":"Bianca","twitter_card":"summary_large_image","twitter_creator":"@iengenharia","twitter_site":"@iengenharia","twitter_misc":{"Escrito por":"Bianca","Est. tempo de leitura":"3 minutos"},"schema":{"@context":"https:\/\/schema.org","@graph":[{"@type":"Article","@id":"https:\/\/www.institutodeengenharia.org.br\/site\/2020\/09\/15\/hidrovia-retomada-do-crescimento\/#article","isPartOf":{"@id":"https:\/\/www.institutodeengenharia.org.br\/site\/2020\/09\/15\/hidrovia-retomada-do-crescimento\/"},"author":{"name":"Bianca","@id":"https:\/\/www.institutodeengenharia.org.br\/site\/#\/schema\/person\/aeb64951c405e100d26d30b033dd423f"},"headline":"Hidrovia &#8211; Retomada do Crescimento","datePublished":"2020-09-15T14:30:33+00:00","dateModified":"2020-09-28T16:24:57+00:00","mainEntityOfPage":{"@id":"https:\/\/www.institutodeengenharia.org.br\/site\/2020\/09\/15\/hidrovia-retomada-do-crescimento\/"},"wordCount":693,"commentCount":0,"publisher":{"@id":"https:\/\/www.institutodeengenharia.org.br\/site\/#organization"},"image":{"@id":"https:\/\/www.institutodeengenharia.org.br\/site\/2020\/09\/15\/hidrovia-retomada-do-crescimento\/#primaryimage"},"thumbnailUrl":"https:\/\/www.institutodeengenharia.org.br\/site\/wp-content\/uploads\/2020\/09\/Hidrovia-Retomada-do-Crescimentofoto-1.png","articleSection":["Departamento Desenvolvimento de Projetos e Servi\u00e7os de Infraestrutura","Divis\u00e3o T\u00e9cnica Meio Ambiente e Sustentabilidade","Nova TV Engenharia","Palestra"],"inLanguage":"pt-BR","potentialAction":[{"@type":"CommentAction","name":"Comment","target":["https:\/\/www.institutodeengenharia.org.br\/site\/2020\/09\/15\/hidrovia-retomada-do-crescimento\/#respond"]}]},{"@type":"WebPage","@id":"https:\/\/www.institutodeengenharia.org.br\/site\/2020\/09\/15\/hidrovia-retomada-do-crescimento\/","url":"https:\/\/www.institutodeengenharia.org.br\/site\/2020\/09\/15\/hidrovia-retomada-do-crescimento\/","name":"Hidrovia - Retomada do Crescimento - Instituto de Engenharia","isPartOf":{"@id":"https:\/\/www.institutodeengenharia.org.br\/site\/#website"},"primaryImageOfPage":{"@id":"https:\/\/www.institutodeengenharia.org.br\/site\/2020\/09\/15\/hidrovia-retomada-do-crescimento\/#primaryimage"},"image":{"@id":"https:\/\/www.institutodeengenharia.org.br\/site\/2020\/09\/15\/hidrovia-retomada-do-crescimento\/#primaryimage"},"thumbnailUrl":"https:\/\/www.institutodeengenharia.org.br\/site\/wp-content\/uploads\/2020\/09\/Hidrovia-Retomada-do-Crescimentofoto-1.png","datePublished":"2020-09-15T14:30:33+00:00","dateModified":"2020-09-28T16:24:57+00:00","breadcrumb":{"@id":"https:\/\/www.institutodeengenharia.org.br\/site\/2020\/09\/15\/hidrovia-retomada-do-crescimento\/#breadcrumb"},"inLanguage":"pt-BR","potentialAction":[{"@type":"ReadAction","target":["https:\/\/www.institutodeengenharia.org.br\/site\/2020\/09\/15\/hidrovia-retomada-do-crescimento\/"]}]},{"@type":"ImageObject","inLanguage":"pt-BR","@id":"https:\/\/www.institutodeengenharia.org.br\/site\/2020\/09\/15\/hidrovia-retomada-do-crescimento\/#primaryimage","url":"https:\/\/www.institutodeengenharia.org.br\/site\/wp-content\/uploads\/2020\/09\/Hidrovia-Retomada-do-Crescimentofoto-1.png","contentUrl":"https:\/\/www.institutodeengenharia.org.br\/site\/wp-content\/uploads\/2020\/09\/Hidrovia-Retomada-do-Crescimentofoto-1.png","width":750,"height":500},{"@type":"BreadcrumbList","@id":"https:\/\/www.institutodeengenharia.org.br\/site\/2020\/09\/15\/hidrovia-retomada-do-crescimento\/#breadcrumb","itemListElement":[{"@type":"ListItem","position":1,"name":"In\u00edcio","item":"https:\/\/www.institutodeengenharia.org.br\/site\/"},{"@type":"ListItem","position":2,"name":"Hidrovia &#8211; Retomada do Crescimento"}]},{"@type":"WebSite","@id":"https:\/\/www.institutodeengenharia.org.br\/site\/#website","url":"https:\/\/www.institutodeengenharia.org.br\/site\/","name":"Instituto de Engenharia","description":"O Instituto de Engenharia promove a Engenharia em benef\u00edcio do desenvolvimento e da qualidade de vida da sociedade.","publisher":{"@id":"https:\/\/www.institutodeengenharia.org.br\/site\/#organization"},"potentialAction":[{"@type":"SearchAction","target":{"@type":"EntryPoint","urlTemplate":"https:\/\/www.institutodeengenharia.org.br\/site\/?s={search_term_string}"},"query-input":{"@type":"PropertyValueSpecification","valueRequired":true,"valueName":"search_term_string"}}],"inLanguage":"pt-BR"},{"@type":"Organization","@id":"https:\/\/www.institutodeengenharia.org.br\/site\/#organization","name":"Instituto de Engenharia","url":"https:\/\/www.institutodeengenharia.org.br\/site\/","logo":{"@type":"ImageObject","inLanguage":"pt-BR","@id":"https:\/\/www.institutodeengenharia.org.br\/site\/#\/schema\/logo\/image\/","url":"https:\/\/www.institutodeengenharia.org.br\/site\/wp-content\/uploads\/2019\/03\/logo-novo-IE2018-1.jpg","contentUrl":"https:\/\/www.institutodeengenharia.org.br\/site\/wp-content\/uploads\/2019\/03\/logo-novo-IE2018-1.jpg","width":1486,"height":1879,"caption":"Instituto de Engenharia"},"image":{"@id":"https:\/\/www.institutodeengenharia.org.br\/site\/#\/schema\/logo\/image\/"},"sameAs":["https:\/\/www.facebook.com\/institutodeengenharia","https:\/\/x.com\/iengenharia","https:\/\/www.instagram.com\/institutodeengenharia\/","https:\/\/www.linkedin.com\/company\/instituto-de-engenharia\/","https:\/\/www.youtube.com\/channel\/UCXiCAlsSMe977vamW915HxA"]},{"@type":"Person","@id":"https:\/\/www.institutodeengenharia.org.br\/site\/#\/schema\/person\/aeb64951c405e100d26d30b033dd423f","name":"Bianca","image":{"@type":"ImageObject","inLanguage":"pt-BR","@id":"https:\/\/secure.gravatar.com\/avatar\/a6fbe9bff57405baf4c1e2c5c1811e072b558253974a9f9508f4678900c97c2a?s=96&d=mm&r=g","url":"https:\/\/secure.gravatar.com\/avatar\/a6fbe9bff57405baf4c1e2c5c1811e072b558253974a9f9508f4678900c97c2a?s=96&d=mm&r=g","contentUrl":"https:\/\/secure.gravatar.com\/avatar\/a6fbe9bff57405baf4c1e2c5c1811e072b558253974a9f9508f4678900c97c2a?s=96&d=mm&r=g","caption":"Bianca"},"url":"https:\/\/www.institutodeengenharia.org.br\/site\/author\/comunicacao1\/"}]}},"_links":{"self":[{"href":"https:\/\/www.institutodeengenharia.org.br\/site\/wp-json\/wp\/v2\/posts\/71289","targetHints":{"allow":["GET"]}}],"collection":[{"href":"https:\/\/www.institutodeengenharia.org.br\/site\/wp-json\/wp\/v2\/posts"}],"about":[{"href":"https:\/\/www.institutodeengenharia.org.br\/site\/wp-json\/wp\/v2\/types\/post"}],"author":[{"embeddable":true,"href":"https:\/\/www.institutodeengenharia.org.br\/site\/wp-json\/wp\/v2\/users\/13"}],"replies":[{"embeddable":true,"href":"https:\/\/www.institutodeengenharia.org.br\/site\/wp-json\/wp\/v2\/comments?post=71289"}],"version-history":[{"count":1,"href":"https:\/\/www.institutodeengenharia.org.br\/site\/wp-json\/wp\/v2\/posts\/71289\/revisions"}],"predecessor-version":[{"id":71290,"href":"https:\/\/www.institutodeengenharia.org.br\/site\/wp-json\/wp\/v2\/posts\/71289\/revisions\/71290"}],"wp:featuredmedia":[{"embeddable":true,"href":"https:\/\/www.institutodeengenharia.org.br\/site\/wp-json\/wp\/v2\/media\/70863"}],"wp:attachment":[{"href":"https:\/\/www.institutodeengenharia.org.br\/site\/wp-json\/wp\/v2\/media?parent=71289"}],"wp:term":[{"taxonomy":"category","embeddable":true,"href":"https:\/\/www.institutodeengenharia.org.br\/site\/wp-json\/wp\/v2\/categories?post=71289"},{"taxonomy":"post_tag","embeddable":true,"href":"https:\/\/www.institutodeengenharia.org.br\/site\/wp-json\/wp\/v2\/tags?post=71289"}],"curies":[{"name":"wp","href":"https:\/\/api.w.org\/{rel}","templated":true}]}}